{"id":316441,"date":"2023-01-12T22:17:28","date_gmt":"2023-01-12T21:17:28","guid":{"rendered":"https:\/\/www.radiopiu.net\/wordpress\/?p=316441"},"modified":"2023-01-13T05:51:05","modified_gmt":"2023-01-13T04:51:05","slug":"quando-il-fisico-americano-wiegand-fece-visita-alla-capanna-dei-raggi-cosmici-ai-piedi-della-marmolada","status":"publish","type":"post","link":"https:\/\/www.radiopiu.net\/wordpress\/quando-il-fisico-americano-wiegand-fece-visita-alla-capanna-dei-raggi-cosmici-ai-piedi-della-marmolada\/","title":{"rendered":"QUANDO IL FISICO AMERICANO WIEGAND FECE VISITA ALLA CAPANNA DEI RAGGI COSMICI AI PIEDI DELLA MARMOLADA"},"content":{"rendered":"<p><strong><a class=\"dt-pswp-item\" href=\"https:\/\/www.radiopiu.net\/wordpress\/wp-content\/uploads\/2023\/01\/324146698_1173682693333678_7994734374348765068_n.jpg\" data-dt-img-description=\"\" data-large_image_width=\"340\" data-large_image_height=\"234\"><img loading=\"lazy\" decoding=\"async\" class=\" wp-image-316442 alignleft\" src=\"https:\/\/www.radiopiu.net\/wordpress\/wp-content\/uploads\/2023\/01\/324146698_1173682693333678_7994734374348765068_n-300x206.jpg\" alt=\"\" width=\"183\" height=\"126\" srcset=\"https:\/\/www.radiopiu.net\/wordpress\/wp-content\/uploads\/2023\/01\/324146698_1173682693333678_7994734374348765068_n-300x206.jpg 300w, https:\/\/www.radiopiu.net\/wordpress\/wp-content\/uploads\/2023\/01\/324146698_1173682693333678_7994734374348765068_n.jpg 340w\" sizes=\"auto, (max-width: 183px) 100vw, 183px\" \/><\/a>REDAZIONE<\/strong> Pubblichiamo un post interessante tratto dalla pagina Facebook Dolomitici! dove si parla della visita al Passo Fedaia di Clyde E. Wiegand, il fisico americano che contribu\u00ec allo sviluppo della bomba atomica. Wiegand fece visita alla capanna dei raggi cosmici ai piedi della Marmolada al passo Fedaia.<\/p>\n<p><strong>IL POST DI IVANO DE PELLEGRINI<\/strong><\/p>\n<p class=\"x1e56ztr\"><span class=\"x193iq5w xeuugli x13faqbe x1vvkbs xlh3980 xvmahel x1n0sxbx x6prxxf xvq8zen xo1l8bm xzsf02u\">Oggi al passo Fedaia resiste la capanna dei raggi cosmici, costruita negli anni \u201950, che ospit\u00f2 esperimenti rilevanti per studiare le particelle elementari.<br \/>\nQuesto laboratorio dell\u2019Universit\u00e0 di Padova fu visitato da scienziati famosi di tutto il mondo, a volte in incognito. Vi lavorarono alcune promesse della fisica italiana: Pietro Bassi, Marcello Cresti, futuro rettore dell\u2019Ateneo patavino, Luciano Guerriero, primo presidente dell\u2019Agenzia Spaziale Italiana, tanto per fare alcuni nomi. Fu frequentata anche da celebri premi Nobel: Blackett, Powell e Fermi, che amava passare le vacanze nelle Dolomiti come Edoardo Amaldi e altri grandi fisici di quei tempi. Tutti si innamorano di quella capanna che di l\u00ec a qualche anno, con la costruzione degli acceleratori, sarebbe stata abbandonata per sempre. E che oggi, nel pi\u00f9 solenne silenzio, viene solo sfiorata distrattamente dai turisti, ignari di trovarsi innanzi ad un luogo in cui la scienza si \u00e8 fatta storia. <\/span><span class=\"x193iq5w xeuugli x13faqbe x1vvkbs xlh3980 xvmahel x1n0sxbx x6prxxf xvq8zen xo1l8bm xzsf02u\">Autunno 1956. \u2013<a class=\"dt-pswp-item\" href=\"https:\/\/www.radiopiu.net\/wordpress\/wp-content\/uploads\/2023\/01\/324303183_3463732553861313_5965402141103564516_n.jpg\" data-dt-img-description=\"\" data-large_image_width=\"380\" data-large_image_height=\"542\"><img loading=\"lazy\" decoding=\"async\" class=\" wp-image-316443 alignright\" src=\"https:\/\/www.radiopiu.net\/wordpress\/wp-content\/uploads\/2023\/01\/324303183_3463732553861313_5965402141103564516_n-210x300.jpg\" alt=\"\" width=\"124\" height=\"177\" srcset=\"https:\/\/www.radiopiu.net\/wordpress\/wp-content\/uploads\/2023\/01\/324303183_3463732553861313_5965402141103564516_n-210x300.jpg 210w, https:\/\/www.radiopiu.net\/wordpress\/wp-content\/uploads\/2023\/01\/324303183_3463732553861313_5965402141103564516_n.jpg 380w\" sizes=\"auto, (max-width: 124px) 100vw, 124px\" \/><\/a>\u201c\u00c8 appena tramontato il sole. Un uomo intirizzito dal freddo, dopo aver risalito i ripidi tornanti da Malga Ciapela, costeggia a piedi, ansimando, il lago artificiale dominato dai ghiacci eterni della Marmolada, la cima pi\u00f9 alta delle Dolomiti. Supera la diga ed entra al Rifugio Castiglioni per chiedere al gestore dove si trovi una certa capanna. \u00abScenda nell\u2019altro versante solo qualche centinaio di metri. Non pu\u00f2 non vederla\u00bb risponde il gestore. \u00c8 questione di qualche minuto. La scorge al limitare del bosco. Si avvicina. Bussa. All\u2019interno prendono paura: \u201cCi allarm\u00f2 un frenetico bussare alla porta: a quell\u2019ora era insolita una visita. Ma questa apparve subito straordinaria: un giramondo, certamente, per la sua bardatura. Un cappellaccio copriva parte della zazzera arricciata, la barba incolta, l\u2019aspetto truce. Era rivestito da un sudicio impermeabile che copriva a malapena una zimarra indossata su un groviglio di maglie policrome. Ci salut\u00f2 in uno stentato italiano, con voce roca seppure giovanile, chiedendo ospitalit\u00e0 per la notte. Risposi che non avevamo letti; ma lui sogghign\u00f2, scaricando a terra un mostruoso sacco a pelo. Poi, e qui il viso gi\u00e0 grinzoso approfond\u00ec le sue rughe, alluse all\u2019incarico di aver partecipato al progetto del detonatore della bomba atomica ed alla sventurata spedizione a Nagasaki, il 9 agosto di cinque anni prima. Da allora non aveva pi\u00f9 avuto pace, n\u00e9 spiritualmente n\u00e9 fisicamente (nel corpo portava le conseguenze della deflagrazione radioattiva)\u201d. <\/span><span class=\"x193iq5w xeuugli x13faqbe x1vvkbs xlh3980 xvmahel x1n0sxbx x6prxxf xvq8zen xo1l8bm xzsf02u\">Quel curioso personaggio in cerca di riparo, non era un escursionista qualsiasi. Era infatti Clyde E. Wiegand nato a Long Beach, Washington il 23 maggio del 1915 grande fisico statunitense, tra i scopritori dell\u2019antiprotone, il cui contributo per la costruzione dell\u2019atomica di Nagasaki era stato tanto decisivo quanto sconvolgente per la sua coscienza. E nemmeno quella capanna era una capanna qualsiasi. Si trattava di un vero e proprio Cern dell\u2019epoca, un laboratorio dell\u2019Universit\u00e0 di <a class=\"dt-pswp-item\" href=\"https:\/\/www.radiopiu.net\/wordpress\/wp-content\/uploads\/2023\/01\/322211575_871804947249886_6203413400114801216_n.jpg\" data-dt-img-description=\"\" data-large_image_width=\"1257\" data-large_image_height=\"960\"><img loading=\"lazy\" decoding=\"async\" class=\" wp-image-316444 alignleft\" src=\"https:\/\/www.radiopiu.net\/wordpress\/wp-content\/uploads\/2023\/01\/322211575_871804947249886_6203413400114801216_n-300x229.jpg\" alt=\"\" width=\"242\" height=\"185\" srcset=\"https:\/\/www.radiopiu.net\/wordpress\/wp-content\/uploads\/2023\/01\/322211575_871804947249886_6203413400114801216_n-300x229.jpg 300w, https:\/\/www.radiopiu.net\/wordpress\/wp-content\/uploads\/2023\/01\/322211575_871804947249886_6203413400114801216_n-1024x782.jpg 1024w, https:\/\/www.radiopiu.net\/wordpress\/wp-content\/uploads\/2023\/01\/322211575_871804947249886_6203413400114801216_n-768x587.jpg 768w, https:\/\/www.radiopiu.net\/wordpress\/wp-content\/uploads\/2023\/01\/322211575_871804947249886_6203413400114801216_n.jpg 1257w\" sizes=\"auto, (max-width: 242px) 100vw, 242px\" \/><\/a>Padova allestito per studiare uno dei pi\u00f9 affascinanti misteri dell\u2019universo: i raggi cosmici. <\/span><span class=\"x193iq5w xeuugli x13faqbe x1vvkbs xlh3980 xvmahel x1n0sxbx x6prxxf xvq8zen xo1l8bm xzsf02u\">Tra coloro che aprirono la porta a Wiegand vi era anche un giovane laureando,<b>\u00a0<\/b>Claudio Manduchi, l\u2019autore del diario da cui \u00e8 stato tratto il racconto di quella notte. Per la cronaca Wiegand, dopo essersi presentato e dopo aver interrogato con nemmeno troppa discrezione i colleghi sui risultati dei loro esperimenti, scomparve all\u2019alba dell\u2019indomani, dopo aver lasciato un biglietto con un\u2019unica parola: \u00abCrazie!\u00bb. <\/span><span class=\"x193iq5w xeuugli x13faqbe x1vvkbs xlh3980 xvmahel x1n0sxbx x6prxxf xvq8zen xo1l8bm xzsf02u\">Il laboratorio del Fedaia, la \u00abcapanna dei fisici\u00bb, venne abbandonato. Ma ancora \u00e8 testimone di un pezzo importante di storia della scienza. Speriamo che i turisti che ci passano accanto conoscano questa storia.<\/span><\/p>\n<p class=\"x1e56ztr\"><strong><span class=\"x193iq5w xeuugli x13faqbe x1vvkbs xlh3980 xvmahel x1n0sxbx x6prxxf xvq8zen xo1l8bm xzsf02u\">Testo estrapolato da Corriere di Verona 19 Luglio 2020<\/span><\/strong><\/p>\n<p class=\"x1e56ztr\"><strong><span class=\"x193iq5w xeuugli x13faqbe x1vvkbs xlh3980 xvmahel x1n0sxbx x6prxxf xvq8zen xo1l8bm xzsf02u\">di Alessandro Tortato<\/span><\/strong><\/p>\n<p>&nbsp;<\/p>\n<p>&nbsp;<\/p>\n<p>******<\/p>\n","protected":false},"excerpt":{"rendered":"<p>REDAZIONE Pubblichiamo un post interessante tratto dalla pagina Facebook Dolomitici! dove si parla della visita al Passo Fedaia di Clyde E. Wiegand, il fisico americano che contribu\u00ec allo sviluppo della bomba atomica. Wiegand fece visita alla capanna dei raggi cosmici ai piedi della Marmolada al passo Fedaia. IL POST DI IVANO DE PELLEGRINI Oggi al&hellip;<\/p>\n","protected":false},"author":4,"featured_media":316442,"comment_status":"closed","ping_status":"closed","sticky":false,"template":"","format":"standard","meta":{"_monsterinsights_skip_tracking":false,"_monsterinsights_sitenote_active":false,"_monsterinsights_sitenote_note":"","_monsterinsights_sitenote_category":0,"footnotes":""},"categories":[51,49],"tags":[],"class_list":["post-316441","post","type-post","status-publish","format-standard","has-post-thumbnail","hentry","category-evidenza-top","category-news-18","category-51","category-49","description-off"],"img_url":"https:\/\/www.radiopiu.net\/wordpress\/wp-content\/uploads\/2023\/01\/324146698_1173682693333678_7994734374348765068_n.jpg","_links":{"self":[{"href":"https:\/\/www.radiopiu.net\/wordpress\/wp-json\/wp\/v2\/posts\/316441","targetHints":{"allow":["GET"]}}],"collection":[{"href":"https:\/\/www.radiopiu.net\/wordpress\/wp-json\/wp\/v2\/posts"}],"about":[{"href":"https:\/\/www.radiopiu.net\/wordpress\/wp-json\/wp\/v2\/types\/post"}],"author":[{"embeddable":true,"href":"https:\/\/www.radiopiu.net\/wordpress\/wp-json\/wp\/v2\/users\/4"}],"replies":[{"embeddable":true,"href":"https:\/\/www.radiopiu.net\/wordpress\/wp-json\/wp\/v2\/comments?post=316441"}],"version-history":[{"count":0,"href":"https:\/\/www.radiopiu.net\/wordpress\/wp-json\/wp\/v2\/posts\/316441\/revisions"}],"wp:featuredmedia":[{"embeddable":true,"href":"https:\/\/www.radiopiu.net\/wordpress\/wp-json\/wp\/v2\/media\/316442"}],"wp:attachment":[{"href":"https:\/\/www.radiopiu.net\/wordpress\/wp-json\/wp\/v2\/media?parent=316441"}],"wp:term":[{"taxonomy":"category","embeddable":true,"href":"https:\/\/www.radiopiu.net\/wordpress\/wp-json\/wp\/v2\/categories?post=316441"},{"taxonomy":"post_tag","embeddable":true,"href":"https:\/\/www.radiopiu.net\/wordpress\/wp-json\/wp\/v2\/tags?post=316441"}],"curies":[{"name":"wp","href":"https:\/\/api.w.org\/{rel}","templated":true}]}}