{"id":316482,"date":"2023-01-13T07:45:05","date_gmt":"2023-01-13T06:45:05","guid":{"rendered":"https:\/\/www.radiopiu.net\/wordpress\/?p=316482"},"modified":"2023-01-13T07:59:38","modified_gmt":"2023-01-13T06:59:38","slug":"ascolta-la-rassegna-stampa-dal-1983-di-mirko-mezzacasa","status":"publish","type":"post","link":"https:\/\/www.radiopiu.net\/wordpress\/ascolta-la-rassegna-stampa-dal-1983-di-mirko-mezzacasa\/","title":{"rendered":"ASCOLTA LA RASSEGNA STAMPA, DAL 1983 DI MIRKO MEZZACASA"},"content":{"rendered":"<p><strong>ADDIO GIULIA<\/strong> La maestra di sci a Cortina, veneziana d&#8217;origine di 34 anni, non ce l&#8217;ha fatta. Giulia Ramelli, travolta da una valanga mentre saliva con le pelli assieme all&#8217;amico Piero Paccagnella tra Ra Gusela e Nuvolau \u00e8 morta in ospedale dove era stata portata in emergenza dopo che i soccorritori l&#8217;avevano estratta dalla neve della valanga.<br \/>\n<strong>MARMOLADA<\/strong> Nessuno colpevole per la sciagura della scorsa estate, era imprevedibile. Lo dice la Procura di Trento.<br \/>\n<strong>ARSIE&#8217;<\/strong> Furto nella notte, rubati gratta vinci, sigarette e fondo cassa per almeno 7000 euro<br \/>\n<strong>PREFETTURA<\/strong> Accoglienza migranti, dopo gli avvisi a vuoto per alloggiare 19 migranti il Prefetto convoca i 14 comuni pi\u00f9 popolosi, nel prossimo vertice saranno chiamati tutti i sindaci della provincia.<br \/>\n<strong>E&#8217; MANCATO<\/strong> Frate Biagio Conte, il 4 luglio 2017 Biagio passo\u2019 nell\u2019Agordino, lo avevamo raggiunto lungo la regionale 203 agordina e accompagnato per un lungo tratto di strada. Fu un piacere immenso<br \/>\n<strong>BORGO VALBELLUNA<\/strong> Non ha subito conseguenze drammatiche il bambino di sei anni che ieri pomeriggio \u00e8 stato investito da una utilitaria davanti all\u2019ex municipio di Lentiai.<br \/>\n<strong>CONDANNATO<\/strong> Daniel Florian Dumbrava, cittadino romeno per il furto a Feltre \u00e8 stato incastrato dal suo Dna trovato in una macchia di sangue dal Ris di Parma<br \/>\n<strong>LUXOTTICA<\/strong> Il sito di Radiopi\u00f9 pubblica in anteprima la bozza del nuovo contratto, Milena Cesca critica per la fuga di notizie.<br \/>\n<strong>VENEZIA<\/strong> \u201cBacini d\u2019acqua per l\u2019innevamento? Le nostre montagne ne hanno bisogno, ogni investimento dev\u2019essere messo all\u2019interno di un programma strutturato di sviluppo\u201d. Sono le parole della consigliera regionale della Lega Silvia Cestaro in merito alla necessit\u00e0 di creare bacini d\u2019acqua nelle montagne bellunesi per l\u2019innevamento.<br \/>\n<strong>FERROVIA<\/strong> INTERROTTA A PONTE NELLE ALPI PER CALALZO, RFI rassicura che i lavori in atto dovrebbero permettere dalla met\u00e0 di febbraio di riattivare la tratta. \u00c8 gi\u00e0 partita intanto la fase di progettazione dell\u2019intervento che permetter\u00e0 il completo ripristino dell\u2019infrastruttura.<br \/>\n<strong>BELLUNO<\/strong> La polizia locale tira le somme di un anno di lavoro, scatta il piano per liberare i marciapiedi e aree pedonali e il controllo sull&#8217;uso dei permessi per disabili.<br \/>\n<strong>SAN VITO<\/strong> Il problema del conferimento rifiuti nella valle del Boite diventa un problema di immagine per la destinazione turistica Cassonetti che strabordano di sacchetti e di rifiuti, questa \u00e8 l\u2019immagine che gli ospiti di San Vito di Cadore hanno avuto durante le trascorse festivit\u00e0 natalizie.<br \/>\n<strong>SANTA GIUSTINA<\/strong> In merito al decreto di revoca dell\u2019incarico di Vicesindaco e Assessore alle Politiche sociali e Istruzione ad Angela Bortolin, la decisione non \u00e8 nella maniera pi\u00f9 assoluta legata ai nuovi orari scolastici dell\u2019Istituto \u201cG. Rodari\u201d di Santa Giustina. Lo assicura il sindaco Ivan Minella.<br \/>\n<strong>BELLUNO<\/strong> Per l\u2019osservatorio di Facile.it, sono quasi 71.000 gli automobilisti veneti che nel 2023 si vedranno costretti a pagare di pi\u00f9 per la propria assicurazione auto avendo causato un sinistro con colpa nei 12 mesi precedenti.<br \/>\n<strong>BELLUNO<\/strong> Tempo di primi bilanci per l\u2019iniziativa \u201cDiventa ricco in poche ore\u201d, promossa dal Comitato d\u2019Intesa di Belluno per reclutare nuovi volontari per le associazioni del territorio. A poco pi\u00f9 di un mese dall\u2019avvio della campagna, i risultati sono gi\u00e0 positivi.<br \/>\n<span style=\"color: #ff0000;\">SNOWBOARD<\/span> LUCIA DALMASSO: \u201cIN AUSTRIA POTEVA ANDARE MEGLIO\u201d<br \/>\n<span style=\"color: #ff0000;\">HOCKEY<\/span> SU GHIACCIO L\u2019ITALIA FEMMINILE UNDER 18 BATTE ANCHE LA FRANCIA<\/p>\n<p>&nbsp;<\/p>\n<p><iframe loading=\"lazy\" title=\"RASSEGNA STAMPA LOCALE\" width=\"1200\" height=\"675\" src=\"https:\/\/www.youtube.com\/embed\/HtkNSEi4AcY?feature=oembed\" frameborder=\"0\" allow=\"accelerometer; autoplay; clipboard-write; encrypted-media; gyroscope; picture-in-picture; web-share\" allowfullscreen><\/iframe><\/p>\n<p>&nbsp;<\/p>\n<p>&nbsp;<\/p>\n<hr \/>\n<p>&nbsp;<\/p>\n","protected":false},"excerpt":{"rendered":"<p>ADDIO GIULIA La maestra di sci a Cortina, veneziana d&#8217;origine di 34 anni, non ce l&#8217;ha fatta. Giulia Ramelli, travolta da una valanga mentre saliva con le pelli assieme all&#8217;amico Piero Paccagnella tra Ra Gusela e Nuvolau \u00e8 morta in ospedale dove era stata portata in emergenza dopo che i soccorritori l&#8217;avevano estratta dalla neve&hellip;<\/p>\n","protected":false},"author":4,"featured_media":316462,"comment_status":"closed","ping_status":"closed","sticky":false,"template":"","format":"standard","meta":{"_monsterinsights_skip_tracking":false,"_monsterinsights_sitenote_active":false,"_monsterinsights_sitenote_note":"","_monsterinsights_sitenote_category":0,"footnotes":""},"categories":[49,142],"tags":[],"class_list":["post-316482","post","type-post","status-publish","format-standard","has-post-thumbnail","hentry","category-news-18","category-rassegna-stampa","category-49","category-142","description-off"],"img_url":"https:\/\/www.radiopiu.net\/wordpress\/wp-content\/uploads\/2023\/01\/LUX.jpg","_links":{"self":[{"href":"https:\/\/www.radiopiu.net\/wordpress\/wp-json\/wp\/v2\/posts\/316482","targetHints":{"allow":["GET"]}}],"collection":[{"href":"https:\/\/www.radiopiu.net\/wordpress\/wp-json\/wp\/v2\/posts"}],"about":[{"href":"https:\/\/www.radiopiu.net\/wordpress\/wp-json\/wp\/v2\/types\/post"}],"author":[{"embeddable":true,"href":"https:\/\/www.radiopiu.net\/wordpress\/wp-json\/wp\/v2\/users\/4"}],"replies":[{"embeddable":true,"href":"https:\/\/www.radiopiu.net\/wordpress\/wp-json\/wp\/v2\/comments?post=316482"}],"version-history":[{"count":0,"href":"https:\/\/www.radiopiu.net\/wordpress\/wp-json\/wp\/v2\/posts\/316482\/revisions"}],"wp:featuredmedia":[{"embeddable":true,"href":"https:\/\/www.radiopiu.net\/wordpress\/wp-json\/wp\/v2\/media\/316462"}],"wp:attachment":[{"href":"https:\/\/www.radiopiu.net\/wordpress\/wp-json\/wp\/v2\/media?parent=316482"}],"wp:term":[{"taxonomy":"category","embeddable":true,"href":"https:\/\/www.radiopiu.net\/wordpress\/wp-json\/wp\/v2\/categories?post=316482"},{"taxonomy":"post_tag","embeddable":true,"href":"https:\/\/www.radiopiu.net\/wordpress\/wp-json\/wp\/v2\/tags?post=316482"}],"curies":[{"name":"wp","href":"https:\/\/api.w.org\/{rel}","templated":true}]}}