{"id":316611,"date":"2023-01-16T05:04:11","date_gmt":"2023-01-16T04:04:11","guid":{"rendered":"https:\/\/www.radiopiu.net\/wordpress\/?p=316611"},"modified":"2023-01-16T06:37:58","modified_gmt":"2023-01-16T05:37:58","slug":"giornale-radiopiu-16-gennaio-2023-direttore-mirko-mezzacasa-verso-i-40-anni-25-giugno-1983-25-giugno-2023","status":"publish","type":"post","link":"https:\/\/www.radiopiu.net\/wordpress\/giornale-radiopiu-16-gennaio-2023-direttore-mirko-mezzacasa-verso-i-40-anni-25-giugno-1983-25-giugno-2023\/","title":{"rendered":"GIORNALE RADIOPIU 16 GENNAIO 2023 DIRETTORE MIRKO MEZZACASA&#8230;verso i 40 anni 25 giugno 1983-25 giugno 2023"},"content":{"rendered":"<h3 class=\"kvgmc6g5 cxmmr5t8 oygrvhab hcukyx3x c1et5uql\"><span style=\"color: #0000ff;\"><strong>RADIO PIU INFORMAZIONE il canale su TELEGRAM informazione di prima\u00a0 <\/strong><strong>mano e in tempo reale. iscriviti ed aiutaci a farlo conoscere\u00a0<\/strong><\/span><\/h3>\n<h2 style=\"text-align: left;\"><span style=\"color: #ff0000;\">ISCRIVITI AL NOSTRO CANALE YOUTUBE PER SEGUIRE IN DIRETTA I PRINCIPALI PROGRAMMI DI RADIO PIU&#8217; E LE FUTURE DIRETTE IN ESTERNA. PER ISCRIVERTI <a style=\"color: #ff0000;\" href=\"https:\/\/youtube.com\/@radiopiu1527\">CLICCA QUI<\/a> E PREMI IL TASTO &#8220;Iscriviti&#8221;\u00a0<\/span><\/h2>\n<p>&nbsp;<\/p>\n<hr \/>\n<p>&nbsp;<\/p>\n<blockquote>\n<h3>UN PAESE SCOSSO PER LA MORTE DI KEVIN FONTANIVE<\/h3>\n<\/blockquote>\n<p><strong><a class=\"dt-pswp-item\" href=\"https:\/\/www.radiopiu.net\/wordpress\/wp-content\/uploads\/2023\/01\/acbc0f45-9c3c-475c-bf20-3f414cf129b4.jpg\" data-dt-img-description=\"\" data-large_image_width=\"487\" data-large_image_height=\"521\"><img loading=\"lazy\" decoding=\"async\" class=\"wp-image-316853 alignleft\" src=\"https:\/\/www.radiopiu.net\/wordpress\/wp-content\/uploads\/2023\/01\/acbc0f45-9c3c-475c-bf20-3f414cf129b4-280x300.jpg\" alt=\"\" width=\"119\" height=\"128\" srcset=\"https:\/\/www.radiopiu.net\/wordpress\/wp-content\/uploads\/2023\/01\/acbc0f45-9c3c-475c-bf20-3f414cf129b4-280x300.jpg 280w, https:\/\/www.radiopiu.net\/wordpress\/wp-content\/uploads\/2023\/01\/acbc0f45-9c3c-475c-bf20-3f414cf129b4.jpg 487w\" sizes=\"auto, (max-width: 119px) 100vw, 119px\" \/><\/a>VOLTAGO\u00a0 <\/strong>Un paese scosso, non potrebbe essere diversamente in una\u00a0 triste domenica di gennaio. Un lutto in un piccolo paese, come quello che ha coinvolto la famiglia Fontanive, rattrista e annienta una comunit\u00e0 dove la notizia corre di casa in casa, come \u00e8\u00a0 successo ieri pomeriggio. In\u00a0 frazione Bertoi nella casa paterna\u00a0 \u00e8 stato ritrovato privo di vita Kevin Fontanive, 27 anni,\u00a0 molto conosciuto sotto all&#8217;Agner, sabato sera era uscito con gli amici per trascorrere una serata spensierata, ieri mattina il triste epilogo tra le mura di casa. Il pap\u00e0 Francesco \u00e8 originario di Cencenighe, la mamma Carla di Frassen\u00e8 (dipendente della Luxottica). Un malore ha strappato alla vita Kevin, attoniti gli amici, soprattutto i coscritti\u00a0 del 1996 che hanno appreso la notizia nel pomeriggio, sono rimasti senza parole, chiusi in un grande dolore.<\/p>\n<p><em>&#8220;E&#8217; un lutto pesante per la nostra comunit\u00e0 &#8211; dice il sindaco Giuseppe Schena &#8211;\u00a0 questa\u00a0 mattina far\u00f2 visita alla famiglia per portare il messaggio di cordoglio e solidariet\u00e0 dell&#8217;intero paese&#8221;. <\/em>Nel suo profilo Instagram, il racconto\u00a0 di vita vissuta, dalle escursioni in montagna\u00a0 ai\u00a0 viaggi, il lavoro in Luxottica e\u00a0 in Germania dove ha trascorso parte della vita, le foto con la sorella Gloria che vive in trentino\u00a0 e gli amici. Rimane una comunit\u00e0 attonita e stretta nel dolore, per la perdita di un giovane strappato alla vita nel fiore degli anni, oggi sar\u00e0 decisa la data dei funerali.<\/p>\n<p>&nbsp;<\/p>\n<p>&nbsp;<\/p>\n<hr \/>\n<p>&nbsp;<\/p>\n<blockquote>\n<h3>TRE FERITI NELL&#8217;INCIDENTE LUNGO LA 251<\/h3>\n<\/blockquote>\n<p><strong>PECOL_ZOLDO<\/strong> Tre feriti, tutti portati in ospedale, nell&#8217;incidente di ieri pomeriggio lungo la 251. L&#8217;auto, una Bmw \u00e8 finita &#8211; capottata &#8211; oltre la sede stradale. Persa l&#8217;aderenza in curva l&#8217;auto \u00e8 finita nel prato, tutti gli occupanti sono usciti da soli dal mezzo ma doloranti e quindi si \u00e8 reso necessario il trasferimento in ospedale con l&#8217;ambulanza. La dinamica al vaglio della Polizia Stradale. Sul posto i pompieri volontari di Zoldo Alto per la messa in sicurezza dell&#8217;auto e della sede stradale. La 251 \u00e8 rimasta chiusa per oltre un&#8217;ora.\u00a0 Il recupero del mezzo con\u00a0 l\u2019autogr\u00f9 dei vigili del fuoco di Belluno.<\/p>\n\n\t\t\t<style type='text\/css'>\n\t\t\t\t#gallery-1 {\n\t\t\t\t\tmargin: auto;\n\t\t\t\t}\n\t\t\t\t#gallery-1 .gallery-item {\n\t\t\t\t\tfloat: left;\n\t\t\t\t\tmargin-top: 10px;\n\t\t\t\t\ttext-align: center;\n\t\t\t\t\twidth: 33%;\n\t\t\t\t}\n\t\t\t\t#gallery-1 img {\n\t\t\t\t\tborder: 2px solid #cfcfcf;\n\t\t\t\t}\n\t\t\t\t#gallery-1 .gallery-caption {\n\t\t\t\t\tmargin-left: 0;\n\t\t\t\t}\n\t\t\t\t\/* see gallery_shortcode() in wp-includes\/media.php *\/\n\t\t\t<\/style>\n\t\t<div id='gallery-1' class='dt-gallery-container gallery galleryid-316611 gallery-columns-3 gallery-size-thumbnail'><dl class='gallery-item'>\n\t\t\t\t<dt class='gallery-icon landscape'>\n\t\t\t\t\t<a class=\"rollover rollover-zoom dt-pswp-item\" title=\"7544f679-c7ca-4111-828c-1837cc87796b\" data-dt-img-description=\"\" data-large_image_width=\"960\" data-large_image_height=\"671\"href='https:\/\/www.radiopiu.net\/wordpress\/wp-content\/uploads\/2023\/01\/7544f679-c7ca-4111-828c-1837cc87796b.jpg'><img loading=\"lazy\" decoding=\"async\" width=\"150\" height=\"150\" src=\"https:\/\/www.radiopiu.net\/wordpress\/wp-content\/uploads\/2023\/01\/7544f679-c7ca-4111-828c-1837cc87796b-150x150.jpg\" class=\"attachment-thumbnail size-thumbnail\" alt=\"\" \/><\/a>\n\t\t\t\t<\/dt><\/dl><dl class='gallery-item'>\n\t\t\t\t<dt class='gallery-icon landscape'>\n\t\t\t\t\t<a class=\"rollover rollover-zoom dt-pswp-item\" title=\"30fa167b-ae88-41c6-9c20-8f86df8a46fc\" data-dt-img-description=\"\" data-large_image_width=\"960\" data-large_image_height=\"713\"href='https:\/\/www.radiopiu.net\/wordpress\/wp-content\/uploads\/2023\/01\/30fa167b-ae88-41c6-9c20-8f86df8a46fc.jpg'><img loading=\"lazy\" decoding=\"async\" width=\"150\" height=\"150\" src=\"https:\/\/www.radiopiu.net\/wordpress\/wp-content\/uploads\/2023\/01\/30fa167b-ae88-41c6-9c20-8f86df8a46fc-150x150.jpg\" class=\"attachment-thumbnail size-thumbnail\" alt=\"\" \/><\/a>\n\t\t\t\t<\/dt><\/dl><dl class='gallery-item'>\n\t\t\t\t<dt class='gallery-icon landscape'>\n\t\t\t\t\t<a class=\"rollover rollover-zoom dt-pswp-item\" title=\"d6298002-42cf-42b8-8594-74a485f2971a\" data-dt-img-description=\"\" data-large_image_width=\"960\" data-large_image_height=\"599\"href='https:\/\/www.radiopiu.net\/wordpress\/wp-content\/uploads\/2023\/01\/d6298002-42cf-42b8-8594-74a485f2971a.jpg'><img loading=\"lazy\" decoding=\"async\" width=\"150\" height=\"150\" src=\"https:\/\/www.radiopiu.net\/wordpress\/wp-content\/uploads\/2023\/01\/d6298002-42cf-42b8-8594-74a485f2971a-150x150.jpg\" class=\"attachment-thumbnail size-thumbnail\" alt=\"\" \/><\/a>\n\t\t\t\t<\/dt><\/dl><br style=\"clear: both\" \/><dl class='gallery-item'>\n\t\t\t\t<dt class='gallery-icon landscape'>\n\t\t\t\t\t<a class=\"rollover rollover-zoom dt-pswp-item\" title=\"1a728c82-b9da-49c9-8fbb-b4d9c74f6d0b\" data-dt-img-description=\"\" data-large_image_width=\"960\" data-large_image_height=\"647\"href='https:\/\/www.radiopiu.net\/wordpress\/wp-content\/uploads\/2023\/01\/1a728c82-b9da-49c9-8fbb-b4d9c74f6d0b.jpg'><img loading=\"lazy\" decoding=\"async\" width=\"150\" height=\"150\" src=\"https:\/\/www.radiopiu.net\/wordpress\/wp-content\/uploads\/2023\/01\/1a728c82-b9da-49c9-8fbb-b4d9c74f6d0b-150x150.jpg\" class=\"attachment-thumbnail size-thumbnail\" alt=\"\" \/><\/a>\n\t\t\t\t<\/dt><\/dl><dl class='gallery-item'>\n\t\t\t\t<dt class='gallery-icon landscape'>\n\t\t\t\t\t<a class=\"rollover rollover-zoom dt-pswp-item\" title=\"629cc754-3f15-4c44-bbfa-a13c0f8fa325\" data-dt-img-description=\"\" data-large_image_width=\"960\" data-large_image_height=\"584\"href='https:\/\/www.radiopiu.net\/wordpress\/wp-content\/uploads\/2023\/01\/629cc754-3f15-4c44-bbfa-a13c0f8fa325.jpg'><img loading=\"lazy\" decoding=\"async\" width=\"150\" height=\"150\" src=\"https:\/\/www.radiopiu.net\/wordpress\/wp-content\/uploads\/2023\/01\/629cc754-3f15-4c44-bbfa-a13c0f8fa325-150x150.jpg\" class=\"attachment-thumbnail size-thumbnail\" alt=\"\" \/><\/a>\n\t\t\t\t<\/dt><\/dl><dl class='gallery-item'>\n\t\t\t\t<dt class='gallery-icon portrait'>\n\t\t\t\t\t<a class=\"rollover rollover-zoom dt-pswp-item\" title=\"26eb0c8f-5636-49e5-8a44-4380bcdab5c1\" data-dt-img-description=\"\" data-large_image_width=\"960\" data-large_image_height=\"1280\"href='https:\/\/www.radiopiu.net\/wordpress\/wp-content\/uploads\/2023\/01\/26eb0c8f-5636-49e5-8a44-4380bcdab5c1.jpg'><img loading=\"lazy\" decoding=\"async\" width=\"150\" height=\"150\" src=\"https:\/\/www.radiopiu.net\/wordpress\/wp-content\/uploads\/2023\/01\/26eb0c8f-5636-49e5-8a44-4380bcdab5c1-150x150.jpg\" class=\"attachment-thumbnail size-thumbnail\" alt=\"\" \/><\/a>\n\t\t\t\t<\/dt><\/dl><br style=\"clear: both\" \/>\n\t\t\t<\/div>\n\n<p><strong>\u00a0<\/strong><\/p>\n<p><strong>LONGARONE<\/strong> A Igne, sempre sulla 251,\u00a0 un&#8217;auto e un pullman si sono &#8220;toccati&#8221;, solo danni ai mezzi.<\/p>\n<p>&nbsp;<\/p>\n<hr \/>\n<p>&nbsp;<\/p>\n<blockquote>\n<h3>SCIALPINISTA COLTO DA MALORE A MALGA PRENDERA<\/h3>\n<\/blockquote>\n<p><strong>SAN VITO DI CADORE<\/strong> Attorno alle 13.20 di sabato la Centrale del Suem \u00e8 stata allertata per uno scialpinista che si era sentito poco bene, durante un&#8217;uscita con due amici. Partiti dal Rifugio Citt\u00e0 di Fiume, i tre amici erano saliti fini a Malga Prendera, dove il 56enne di Prato aveva iniziato ad accusare un malore. Valutate le sue condizioni da parte dell&#8217;equipe medica, l&#8217;uomo \u00e8 stato recuperato dal Pelikan di Bressanone e trasportato all&#8217;ospedale di Bolzano per gli approfondimenti del caso.<\/p>\n<p>&nbsp;<\/p>\n<hr \/>\n<p>&nbsp;<\/p>\n<blockquote>\n<h3>LADRO D&#8217;APPARTAMENTO INSEGUITO E FERMATO DAI CARABINIERI<\/h3>\n<\/blockquote>\n<p>&nbsp;<\/p>\n<p><strong><img loading=\"lazy\" decoding=\"async\" class=\"alignleft\" src=\"https:\/\/www.radiopiu.net\/wordpress\/wp-content\/uploads\/2022\/11\/la-pattuglia-dei-Carabinieri-intervenuta-sul-luogo-del-tentato-furto-.jpg\" width=\"234\" height=\"159\" \/>SEREN DEL GRAPPA<\/strong> Il giovane, straniero ha trascorso parte della domenica in caserma in compagnia dei Carabinieri. Ha dovuto rispondere alle domande sul perch\u00e9 \u00e8 uscito da un&#8217;abitazione disabitata dandosi alla fuga quando i residenti lo hanno sgamato.\u00a0 Il ragazzo avrebbe trascorso la notte &#8211; forse anche con qualche amico &#8211;\u00a0 in quella casa lasciando le tracce del suo passaggio. I residenti hanno dato l&#8217;allarme, il giovane ha tentato la fuga a bordo di una Citroen condotta da un uomo di Alano contattato dal ragazzo. Ai carabinieri di Feltre che hanno fermato l&#8217;auto nel parcheggio del supermercato Conad,\u00a0 il compito di verificare eventuali responsabilit\u00e0 del giovane e dell&#8217;uomo di Alano di Piave.<\/p>\n<p>&nbsp;<\/p>\n<p><a class=\"dt-pswp-item\" href=\"https:\/\/www.radiopiu.net\/wordpress\/wp-content\/uploads\/2023\/01\/cope.jpg\" data-dt-img-description=\"\" data-large_image_width=\"476\" data-large_image_height=\"342\"><img loading=\"lazy\" decoding=\"async\" class=\"size-medium wp-image-316919 aligncenter\" src=\"https:\/\/www.radiopiu.net\/wordpress\/wp-content\/uploads\/2023\/01\/cope-300x216.jpg\" alt=\"\" width=\"300\" height=\"216\" srcset=\"https:\/\/www.radiopiu.net\/wordpress\/wp-content\/uploads\/2023\/01\/cope-300x216.jpg 300w, https:\/\/www.radiopiu.net\/wordpress\/wp-content\/uploads\/2023\/01\/cope.jpg 476w\" sizes=\"auto, (max-width: 300px) 100vw, 300px\" \/><\/a><\/p>\n<p>&nbsp;<\/p>\n<p>&nbsp;<\/p>\n<p>&nbsp;<\/p>\n<hr \/>\n<p>&nbsp;<\/p>\n<blockquote>\n<h3>SASSO IN STRADA DOVE LE GIUSTE RETI PARAMASSI MANCANO<\/h3>\n<\/blockquote>\n<p><img loading=\"lazy\" decoding=\"async\" class=\"alignleft\" src=\"https:\/\/www.radiopiu.net\/wordpress\/wp-content\/uploads\/2023\/01\/Senza-nome-41.jpg\" width=\"187\" height=\"114\" \/><strong>LONGARONE<\/strong> Andata! Anche questa volta si dir\u00e0 &#8220;Per fortuna che non ha centrato nessuno&#8221;. E&#8217; solo questione di fortuna, perch\u00e8 quel grande sasso poteva davvero fare danni. E&#8217; caduto ieri matina prima di mezzogiorno poco prima di Soffranco\u00a0 sulla 251. Tutto bene dunque, nessuna persona coinvolta, nessuna auto ammaccata. Camillo De Pellegrin, sindaco di Val di Zoldo rilancia <em>&#8220;Servono le reti paramassi lungo quella stada che \u00e8 diventata davvero una via crucis&#8221;<\/em>.\u00a0 Nella zona c&#8217;era stato l&#8217;incendio, ieri gli uomini di Veneto Strade hanno verificato la situazione. Se ci fossero state le giuste reti paramassi (non le semplici para schegge), il sasso non sarebbe arrivato in strada.<\/p>\n<p>&nbsp;<\/p>\n<hr \/>\n<p>&nbsp;<\/p>\n<blockquote>\n<h3>SENZA ASSICURAZIONE E SENZA TARGA ANTERIORE DELL&#8217;AUTO. MEZZO SEQUESTRATO E OLTRE 900 EURO DI MULTA<\/h3>\n<\/blockquote>\n<p><strong><a class=\"dt-pswp-item\" href=\"https:\/\/www.radiopiu.net\/wordpress\/wp-content\/uploads\/2022\/05\/POLIZIA-1.jpg\" data-dt-img-description=\"\" data-large_image_width=\"1920\" data-large_image_height=\"1080\"><img loading=\"lazy\" decoding=\"async\" class=\" wp-image-278032 alignleft\" src=\"https:\/\/www.radiopiu.net\/wordpress\/wp-content\/uploads\/2022\/05\/POLIZIA-1-300x169.jpg\" alt=\"\" width=\"192\" height=\"108\" srcset=\"https:\/\/www.radiopiu.net\/wordpress\/wp-content\/uploads\/2022\/05\/POLIZIA-1-300x169.jpg 300w, https:\/\/www.radiopiu.net\/wordpress\/wp-content\/uploads\/2022\/05\/POLIZIA-1-1024x576.jpg 1024w, https:\/\/www.radiopiu.net\/wordpress\/wp-content\/uploads\/2022\/05\/POLIZIA-1-768x432.jpg 768w, https:\/\/www.radiopiu.net\/wordpress\/wp-content\/uploads\/2022\/05\/POLIZIA-1-1536x864.jpg 1536w, https:\/\/www.radiopiu.net\/wordpress\/wp-content\/uploads\/2022\/05\/POLIZIA-1.jpg 1920w\" sizes=\"auto, (max-width: 192px) 100vw, 192px\" \/><\/a>BELLUNO <\/strong>Nel pomeriggio del 3 gennaio, durante il normale servizio di pattugliamento, una Volante della Questura grazie anche al sistema Mecurio (avanzato equipaggiamento tecnologico installato sulle pantere bellunesi munito di telecamera e software di lettura targhe che in tempo reale fornisce ai poliziotti tutte le informazioni sul veicolo inquadrato) ha individuato un veicolo privo della copertura assicurativa. Dai successivi accertamenti sul mezzo \u00e8 emerso che la targa anteriore risultava autocostruita. Il proprietario aveva s\u00ec presentato denuncia di smarrimento ma non aveva provveduto, entro il termine previsto dal Codice della Strada di 15 giorni (periodo consentito per la circolazione con targa \u201cdi cartone\u201d), a richiedere agli uffici della Motorizzazione Civile una nuova targa per il veicolo. Accertate le infrazioni, i poliziotti hanno posto sotto sequestro l&#8217;automobile con relativi verbali per oltre 900 euro.<\/p>\n<p>&nbsp;<\/p>\n<p>&nbsp;<\/p>\n<hr \/>\n<p>&nbsp;<\/p>\n<blockquote>\n<h3>AUMENTANO I CONTROLLI DELLA POLIZIA A BELLUNO<\/h3>\n<\/blockquote>\n<p><strong><a class=\"dt-pswp-item\" href=\"https:\/\/www.radiopiu.net\/wordpress\/wp-content\/uploads\/2018\/09\/POLIZIA-2.jpg\" data-dt-img-description=\"\" data-large_image_width=\"768\" data-large_image_height=\"512\"><img loading=\"lazy\" decoding=\"async\" class=\" wp-image-60259 alignleft\" src=\"https:\/\/www.radiopiu.net\/wordpress\/wp-content\/uploads\/2018\/09\/POLIZIA-2-300x200.jpg\" alt=\"\" width=\"183\" height=\"122\" srcset=\"https:\/\/www.radiopiu.net\/wordpress\/wp-content\/uploads\/2018\/09\/POLIZIA-2-300x200.jpg 300w, https:\/\/www.radiopiu.net\/wordpress\/wp-content\/uploads\/2018\/09\/POLIZIA-2.jpg 768w\" sizes=\"auto, (max-width: 183px) 100vw, 183px\" \/><\/a>BELLUNO <\/strong>Nel secondo semestre 2022, gli operatori della Polizia di Stato della Questura di Belluno hanno intensificato l\u2019attivit\u00e0 preventiva di controllo alle persone con un incremento di 2.000 accertamenti rispetto ai primi sei mesi dell\u2019anno. In aumento anche i posti di controllo, che superano di oltre 250 unit\u00e0 il primo periodo dell\u2019anno appena trascorso. Maggiori anche i veicoli controllati, che contano un\u2019aggiunta di circa 1.000 operazioni. Tali attivit\u00e0, fortemente volute dal Questore Giuseppe Maggese, sono orientate alla prevenzione e al contrasto dei fenomeni criminali della Provincia, con particolare attenzione per il Comune capoluogo provinciale.<\/p>\n<p>&nbsp;<\/p>\n<p>&nbsp;<\/p>\n<hr \/>\n<p>&nbsp;<\/p>\n<blockquote>\n<h3>FALCO DI NUOVO NEL NIDO<\/h3>\n<\/blockquote>\n<p><span style=\"font-size: medium;\"><strong>ALLEGHE<\/strong> Ieri mattina \u00e8 arrivata, direttamente sulla pista Fernazza, dove Falco ha trascorso la notte, la squadra specializzata di Babcock per un primo step di verifiche, che ha dato esito positivo. <\/span><span style=\"font-size: medium;\">Nel tardo pomeriggio, terminata l&#8217;attivit\u00e0 ispettiva, ENAC ha dato l&#8217;autorizzazione al volo verso Pieve. A causa del maltempo, Falco \u00e8 atterrato in Ospedale a Belluno. Stamane, tempo permettendo, sar\u00e0 trasferito a Pieve dove verr\u00e0 sottoposto alle ulteriori prove. La Societ\u00e0 esercente Babcock sta cercando di far arrivare da Colico alla base di Pieve di Cadore un elicottero sostitutivo, ma anche questo volo \u00e8 condizionato dal meteo.<\/span><\/p>\n\n\t\t\t<style type='text\/css'>\n\t\t\t\t#gallery-2 {\n\t\t\t\t\tmargin: auto;\n\t\t\t\t}\n\t\t\t\t#gallery-2 .gallery-item {\n\t\t\t\t\tfloat: left;\n\t\t\t\t\tmargin-top: 10px;\n\t\t\t\t\ttext-align: center;\n\t\t\t\t\twidth: 33%;\n\t\t\t\t}\n\t\t\t\t#gallery-2 img {\n\t\t\t\t\tborder: 2px solid #cfcfcf;\n\t\t\t\t}\n\t\t\t\t#gallery-2 .gallery-caption {\n\t\t\t\t\tmargin-left: 0;\n\t\t\t\t}\n\t\t\t\t\/* see gallery_shortcode() in wp-includes\/media.php *\/\n\t\t\t<\/style>\n\t\t<div id='gallery-2' class='dt-gallery-container gallery galleryid-316611 gallery-columns-3 gallery-size-thumbnail'><dl class='gallery-item'>\n\t\t\t\t<dt class='gallery-icon landscape'>\n\t\t\t\t\t<a class=\"rollover rollover-zoom dt-pswp-item\" title=\"SALT\" data-dt-img-description=\"\" data-large_image_width=\"762\" data-large_image_height=\"365\"href='https:\/\/www.radiopiu.net\/wordpress\/wp-content\/uploads\/2023\/01\/Senza-nome-38.jpg'><img loading=\"lazy\" decoding=\"async\" width=\"150\" height=\"150\" src=\"https:\/\/www.radiopiu.net\/wordpress\/wp-content\/uploads\/2023\/01\/Senza-nome-38-150x150.jpg\" class=\"attachment-thumbnail size-thumbnail\" alt=\"\" \/><\/a>\n\t\t\t\t<\/dt><\/dl><dl class='gallery-item'>\n\t\t\t\t<dt class='gallery-icon landscape'>\n\t\t\t\t\t<a class=\"rollover rollover-zoom dt-pswp-item\" title=\"SALT FALCO\" data-dt-img-description=\"\" data-large_image_width=\"1600\" data-large_image_height=\"1200\"href='https:\/\/www.radiopiu.net\/wordpress\/wp-content\/uploads\/2023\/01\/Falco-Belluno.jpeg'><img loading=\"lazy\" decoding=\"async\" width=\"150\" height=\"150\" src=\"https:\/\/www.radiopiu.net\/wordpress\/wp-content\/uploads\/2023\/01\/Falco-Belluno-150x150.jpeg\" class=\"attachment-thumbnail size-thumbnail\" alt=\"\" \/><\/a>\n\t\t\t\t<\/dt><\/dl><dl class='gallery-item'>\n\t\t\t\t<dt class='gallery-icon landscape'>\n\t\t\t\t\t<a class=\"rollover rollover-zoom dt-pswp-item\" title=\"849261d9-1235-42b9-b7cd-896e49a58ab6\" data-dt-img-description=\"\" data-large_image_width=\"2000\" data-large_image_height=\"1500\"href='https:\/\/www.radiopiu.net\/wordpress\/wp-content\/uploads\/2023\/01\/849261d9-1235-42b9-b7cd-896e49a58ab6.jpg'><img loading=\"lazy\" decoding=\"async\" width=\"150\" height=\"150\" src=\"https:\/\/www.radiopiu.net\/wordpress\/wp-content\/uploads\/2023\/01\/849261d9-1235-42b9-b7cd-896e49a58ab6-150x150.jpg\" class=\"attachment-thumbnail size-thumbnail\" alt=\"\" \/><\/a>\n\t\t\t\t<\/dt><\/dl><br style=\"clear: both\" \/>\n\t\t\t<\/div>\n\n<p>&nbsp;<\/p>\n<hr \/>\n<p>&nbsp;<\/p>\n<blockquote>\n<h1>ABBASSATO IL CANONE DI AFFITTO PER MALGA FRAMONT<\/h1>\n<\/blockquote>\n<h1><span style=\"color: #ff0000;\"><strong>SABATO ALLA RADIO\u00a0<\/strong><\/span><\/h1>\n<p>&nbsp;<\/p>\n<p><strong><a class=\"dt-pswp-item\" href=\"https:\/\/www.radiopiu.net\/wordpress\/wp-content\/uploads\/2020\/04\/framont.png\" data-dt-img-description=\"\" data-large_image_width=\"808\" data-large_image_height=\"808\"><img loading=\"lazy\" decoding=\"async\" class=\" wp-image-133938 alignleft\" src=\"https:\/\/www.radiopiu.net\/wordpress\/wp-content\/uploads\/2020\/04\/framont-300x300.png\" alt=\"\" width=\"153\" height=\"153\" srcset=\"https:\/\/www.radiopiu.net\/wordpress\/wp-content\/uploads\/2020\/04\/framont-300x300.png 300w, https:\/\/www.radiopiu.net\/wordpress\/wp-content\/uploads\/2020\/04\/framont-150x150.png 150w, https:\/\/www.radiopiu.net\/wordpress\/wp-content\/uploads\/2020\/04\/framont-768x768.png 768w, https:\/\/www.radiopiu.net\/wordpress\/wp-content\/uploads\/2020\/04\/framont.png 808w\" sizes=\"auto, (max-width: 153px) 100vw, 153px\" \/><\/a>AGORDO<\/strong><\/p>\n<p>di Gianni Santomaso<\/p>\n<audio class=\"wp-audio-shortcode\" id=\"audio-316611-1\" preload=\"none\" style=\"width: 100%;\" controls=\"controls\"><source type=\"audio\/mpeg\" src=\"https:\/\/www.radiopiu.net\/wordpress\/wp-content\/uploads\/2023\/01\/GIANNI-PUBBLICATO-UN-NUOVO-BANDO-PER-LA-GESTIONE-DI-MALGA-FRAMONT.mp3?_=1\" \/><a href=\"https:\/\/www.radiopiu.net\/wordpress\/wp-content\/uploads\/2023\/01\/GIANNI-PUBBLICATO-UN-NUOVO-BANDO-PER-LA-GESTIONE-DI-MALGA-FRAMONT.mp3\">https:\/\/www.radiopiu.net\/wordpress\/wp-content\/uploads\/2023\/01\/GIANNI-PUBBLICATO-UN-NUOVO-BANDO-PER-LA-GESTIONE-DI-MALGA-FRAMONT.mp3<\/a><\/audio>\n<p>&nbsp;<\/p>\n<p>&nbsp;<\/p>\n<p>&nbsp;<\/p>\n<hr \/>\n<p>&nbsp;<\/p>\n<blockquote>\n<h3>LA MINORANZA DI CANALE D&#8217;AGORDO RISPONDE ALLE ACCUSE DI NON AVER FATTO ABBASTANZA<\/h3>\n<\/blockquote>\n<p><strong><a class=\"dt-pswp-item\" href=\"https:\/\/www.radiopiu.net\/wordpress\/wp-content\/uploads\/2020\/06\/CANALE-DAGORDO-6.jpg\" data-dt-img-description=\"\" data-large_image_width=\"960\" data-large_image_height=\"720\"><img loading=\"lazy\" decoding=\"async\" class=\" wp-image-142143 alignleft\" src=\"https:\/\/www.radiopiu.net\/wordpress\/wp-content\/uploads\/2020\/06\/CANALE-DAGORDO-6-300x225.jpg\" alt=\"\" width=\"184\" height=\"138\" srcset=\"https:\/\/www.radiopiu.net\/wordpress\/wp-content\/uploads\/2020\/06\/CANALE-DAGORDO-6-300x225.jpg 300w, https:\/\/www.radiopiu.net\/wordpress\/wp-content\/uploads\/2020\/06\/CANALE-DAGORDO-6-768x576.jpg 768w, https:\/\/www.radiopiu.net\/wordpress\/wp-content\/uploads\/2020\/06\/CANALE-DAGORDO-6.jpg 960w\" sizes=\"auto, (max-width: 184px) 100vw, 184px\" \/><\/a>CANALE D&#8217;AGORDO<\/strong><\/p>\n<p>di Gianni Santomaso<\/p>\n<audio class=\"wp-audio-shortcode\" id=\"audio-316611-2\" preload=\"none\" style=\"width: 100%;\" controls=\"controls\"><source type=\"audio\/mpeg\" src=\"https:\/\/www.radiopiu.net\/wordpress\/wp-content\/uploads\/2023\/01\/GIANNI-MINORANZA-CANALE.mp3?_=2\" \/><a href=\"https:\/\/www.radiopiu.net\/wordpress\/wp-content\/uploads\/2023\/01\/GIANNI-MINORANZA-CANALE.mp3\">https:\/\/www.radiopiu.net\/wordpress\/wp-content\/uploads\/2023\/01\/GIANNI-MINORANZA-CANALE.mp3<\/a><\/audio>\n<p>&nbsp;<\/p>\n<p>&nbsp;<\/p>\n<hr \/>\n<p>&nbsp;<\/p>\n<blockquote>\n<h3>CONVITTI D&#8217;AREA: LA PROVINCIA DI BELLUNO SPINGE SULLA REALIZZAZIONE<\/h3>\n<\/blockquote>\n<p><strong><a class=\"dt-pswp-item\" href=\"https:\/\/www.radiopiu.net\/wordpress\/wp-content\/uploads\/2020\/06\/palazzo_piloni_belluno.jpg\" data-dt-img-description=\"\" data-large_image_width=\"1000\" data-large_image_height=\"667\"><img loading=\"lazy\" decoding=\"async\" class=\" wp-image-144771 alignleft\" src=\"https:\/\/www.radiopiu.net\/wordpress\/wp-content\/uploads\/2020\/06\/palazzo_piloni_belluno-300x200.jpg\" alt=\"\" width=\"242\" height=\"161\" srcset=\"https:\/\/www.radiopiu.net\/wordpress\/wp-content\/uploads\/2020\/06\/palazzo_piloni_belluno-300x200.jpg 300w, https:\/\/www.radiopiu.net\/wordpress\/wp-content\/uploads\/2020\/06\/palazzo_piloni_belluno-768x512.jpg 768w, https:\/\/www.radiopiu.net\/wordpress\/wp-content\/uploads\/2020\/06\/palazzo_piloni_belluno.jpg 1000w\" sizes=\"auto, (max-width: 242px) 100vw, 242px\" \/><\/a>BELLUNO<\/strong> La Provincia di Belluno spinge sulla realizzazione dei convitti d&#8217;area per contrastare lo spopolamento: a breve l&#8217;incontro a Roma per discutere di norme adeguate alle realt\u00e0 montane.<\/p>\n<p><strong>di Daniele Dalvit<\/strong><\/p>\n<audio class=\"wp-audio-shortcode\" id=\"audio-316611-3\" preload=\"none\" style=\"width: 100%;\" controls=\"controls\"><source type=\"audio\/mpeg\" src=\"https:\/\/www.radiopiu.net\/wordpress\/wp-content\/uploads\/2023\/01\/DALVIT-CONVITTI-PADRIN.mp3?_=3\" \/><a href=\"https:\/\/www.radiopiu.net\/wordpress\/wp-content\/uploads\/2023\/01\/DALVIT-CONVITTI-PADRIN.mp3\">https:\/\/www.radiopiu.net\/wordpress\/wp-content\/uploads\/2023\/01\/DALVIT-CONVITTI-PADRIN.mp3<\/a><\/audio>\n<p>&nbsp;<\/p>\n<hr \/>\n<p>&nbsp;<\/p>\n<blockquote>\n<h3>UNA PRESSA PRENDE FUOCO PER LA FUORIUSCITA DI OLIO ALLA FORGIALLUMINIO<\/h3>\n<\/blockquote>\n<p><strong>PEDAVENA\u00a0<\/strong>Tanta paura ma nessun ferito nell&#8217;incendio che ha interessato una pressa alla Forgialluminio di Pedavena nella notte scorsa. Un incidente causato dalla fuoriuscita di olio dal macchinario che con le alte temperature si \u00e8 incendiato. Il tutto a causa di un manicotto che si \u00e8 spezzato versando il materiale oleoso sul macchinario Richiesto subito l&#8217;intervento dei Vigili del Fuoco con il protocollo di sicurezza che \u00e8 stato subito messo in atto. I pompieri hanno spento l&#8217;incendio e messo in sicurezza l&#8217;area. Una volta constatato che la zona era di nuovo in sicurezza, i Vigili del Fuoco sono rientrati e le lavorazioni sono proseguite normalmente.<\/p>\n<div style=\"width: 848px;\" class=\"wp-video\"><video class=\"wp-video-shortcode\" id=\"video-316611-1\" width=\"848\" height=\"480\" preload=\"metadata\" controls=\"controls\"><source type=\"video\/mp4\" src=\"https:\/\/www.radiopiu.net\/wordpress\/wp-content\/uploads\/2023\/01\/WhatsApp-Video-2023-01-15-at-11.31.16.mp4?_=1\" \/><a href=\"https:\/\/www.radiopiu.net\/wordpress\/wp-content\/uploads\/2023\/01\/WhatsApp-Video-2023-01-15-at-11.31.16.mp4\">https:\/\/www.radiopiu.net\/wordpress\/wp-content\/uploads\/2023\/01\/WhatsApp-Video-2023-01-15-at-11.31.16.mp4<\/a><\/video><\/div>\n<p>&nbsp;<\/p>\n<p dir=\"auto\"><strong>\u00a0\u00a0<\/strong><\/p>\n<hr \/>\n<blockquote>\n<h3 class=\"entry-title\">ANCHE I LUPI SI UCCIDONO TRA DI LORO<\/h3>\n<\/blockquote>\n<p><strong><img loading=\"lazy\" decoding=\"async\" class=\"alignleft\" src=\"https:\/\/www.radiopiu.net\/wordpress\/wp-content\/uploads\/2023\/01\/Senza-nome-40.jpg\" width=\"154\" height=\"130\" \/>CANCIA\u00a0<\/strong>\u00a0E\u2019 stato ritrovato agonizzante sulle rive del Boite, il lupo ieri \u00e8 stato attaccato dal branco, un maschio di 38 chili morto per le ferite riportate nella lotta\u00a0 per il territorio.\u00a0 La polizia provinciale lo ha preso in carico e trasferito in una cella frigorifera per il futuro esame dell\u2019Istituto zooprofilattico .Differente il discorso per altri esemplari trovati morti nei giorni scorso, come quello nell\u2019Agordino aggredito dalla rogna: una selezione naturale che sembra stia facendo vittime tra la specie.<\/p>\n<p><em>\u00abPotrebbe aver incontrato un maschio alpha oppure essere stato aggredito da un intero branco\u00bb, spiega Franco De Bon, consigliere provinciale delegato alla gestione della fauna selvatica.\u00a0\u00a0<\/em>C\u2019\u00e8 sempre pi\u00f9 preoccupazione nei paesi, ma il consigliere provinciale rassicura \u201d\u00a0<em>Continuiamo a monitorare i branchi e gli esemplari, dall\u2019altra cerchiamo di fare informazione nelle comunit\u00e0 che si imbattono in quegli esemplari che girano per i paesi. La raccomandazione che ci sentiamo di fare \u00e8 quella di non abbandonare i rifiuti nelle vicinanze delle abitazioni o lungo le strade: il lupo\u00a0arriva\u00a0nei paesi perch\u00e8\u00a0spesso trova\u00a0cibo. Entra in citt\u00e0 perch\u00e9 se c\u2019\u00e8 qualcosa da mangiare la prende anche l\u00ec\u00bb.<\/em><\/p>\n<p dir=\"auto\"><strong>\u00a0<\/strong><\/p>\n<hr \/>\n<blockquote>\n<h3 dir=\"auto\">DILLO A RADIO PIU &#8220;QUELLA STRANA SCHIUMA AL PERON&#8221;<\/h3>\n<\/blockquote>\n<p>Riceviamo e volentieri pubblichiamo<\/p>\n<p>&nbsp;<\/p>\n<p><strong>SEDICO <\/strong>\u00a0Buongiorno, dalla passerella del Peron ho fotografato questi banchi di schiuma marroncina (torrente Cordevole). Sembrano Sassi,\u00a0 ma\u00a0 \u00e8\u00a0 schiuma color bincastra-marrone. La si nota \u00a0anche sulla superficie dell&#8217;acqua nei vasconi. Mi chiedo cosa sar\u00e0?<\/p>\n<p>&nbsp;<\/p>\n\n\t\t\t<style type='text\/css'>\n\t\t\t\t#gallery-3 {\n\t\t\t\t\tmargin: auto;\n\t\t\t\t}\n\t\t\t\t#gallery-3 .gallery-item {\n\t\t\t\t\tfloat: left;\n\t\t\t\t\tmargin-top: 10px;\n\t\t\t\t\ttext-align: center;\n\t\t\t\t\twidth: 50%;\n\t\t\t\t}\n\t\t\t\t#gallery-3 img {\n\t\t\t\t\tborder: 2px solid #cfcfcf;\n\t\t\t\t}\n\t\t\t\t#gallery-3 .gallery-caption {\n\t\t\t\t\tmargin-left: 0;\n\t\t\t\t}\n\t\t\t\t\/* see gallery_shortcode() in wp-includes\/media.php *\/\n\t\t\t<\/style>\n\t\t<div id='gallery-3' class='dt-gallery-container gallery galleryid-316611 gallery-columns-2 gallery-size-medium'><dl class='gallery-item'>\n\t\t\t\t<dt class='gallery-icon landscape'>\n\t\t\t\t\t<a class=\"rollover rollover-zoom dt-pswp-item\" title=\"5524136e-2ba9-4606-8840-e3f6b080d1a4\" data-dt-img-description=\"\" data-large_image_width=\"2048\" data-large_image_height=\"1536\"href='https:\/\/www.radiopiu.net\/wordpress\/wp-content\/uploads\/2023\/01\/5524136e-2ba9-4606-8840-e3f6b080d1a4.jpg'><img loading=\"lazy\" decoding=\"async\" width=\"300\" height=\"225\" src=\"https:\/\/www.radiopiu.net\/wordpress\/wp-content\/uploads\/2023\/01\/5524136e-2ba9-4606-8840-e3f6b080d1a4-300x225.jpg\" class=\"attachment-medium size-medium\" alt=\"\" srcset=\"https:\/\/www.radiopiu.net\/wordpress\/wp-content\/uploads\/2023\/01\/5524136e-2ba9-4606-8840-e3f6b080d1a4-300x225.jpg 300w, https:\/\/www.radiopiu.net\/wordpress\/wp-content\/uploads\/2023\/01\/5524136e-2ba9-4606-8840-e3f6b080d1a4-1024x768.jpg 1024w, https:\/\/www.radiopiu.net\/wordpress\/wp-content\/uploads\/2023\/01\/5524136e-2ba9-4606-8840-e3f6b080d1a4-768x576.jpg 768w, https:\/\/www.radiopiu.net\/wordpress\/wp-content\/uploads\/2023\/01\/5524136e-2ba9-4606-8840-e3f6b080d1a4-1536x1152.jpg 1536w, https:\/\/www.radiopiu.net\/wordpress\/wp-content\/uploads\/2023\/01\/5524136e-2ba9-4606-8840-e3f6b080d1a4.jpg 2048w\" sizes=\"auto, (max-width: 300px) 100vw, 300px\" \/><\/a>\n\t\t\t\t<\/dt><\/dl><dl class='gallery-item'>\n\t\t\t\t<dt class='gallery-icon landscape'>\n\t\t\t\t\t<a class=\"rollover rollover-zoom dt-pswp-item\" title=\"e2f614f1-82a5-4fda-aed6-7b7ab8b5f0a0\" data-dt-img-description=\"\" data-large_image_width=\"2000\" data-large_image_height=\"1500\"href='https:\/\/www.radiopiu.net\/wordpress\/wp-content\/uploads\/2023\/01\/e2f614f1-82a5-4fda-aed6-7b7ab8b5f0a0.jpg'><img loading=\"lazy\" decoding=\"async\" width=\"300\" height=\"225\" src=\"https:\/\/www.radiopiu.net\/wordpress\/wp-content\/uploads\/2023\/01\/e2f614f1-82a5-4fda-aed6-7b7ab8b5f0a0-300x225.jpg\" class=\"attachment-medium size-medium\" alt=\"\" srcset=\"https:\/\/www.radiopiu.net\/wordpress\/wp-content\/uploads\/2023\/01\/e2f614f1-82a5-4fda-aed6-7b7ab8b5f0a0-300x225.jpg 300w, https:\/\/www.radiopiu.net\/wordpress\/wp-content\/uploads\/2023\/01\/e2f614f1-82a5-4fda-aed6-7b7ab8b5f0a0-1024x768.jpg 1024w, https:\/\/www.radiopiu.net\/wordpress\/wp-content\/uploads\/2023\/01\/e2f614f1-82a5-4fda-aed6-7b7ab8b5f0a0-768x576.jpg 768w, https:\/\/www.radiopiu.net\/wordpress\/wp-content\/uploads\/2023\/01\/e2f614f1-82a5-4fda-aed6-7b7ab8b5f0a0-1536x1152.jpg 1536w, https:\/\/www.radiopiu.net\/wordpress\/wp-content\/uploads\/2023\/01\/e2f614f1-82a5-4fda-aed6-7b7ab8b5f0a0.jpg 2000w\" sizes=\"auto, (max-width: 300px) 100vw, 300px\" \/><\/a>\n\t\t\t\t<\/dt><\/dl><br style=\"clear: both\" \/>\n\t\t\t<\/div>\n\n<p>&nbsp;<\/p>\n<hr \/>\n<p>&nbsp;<\/p>\n<blockquote>\n<h3>DOMANI IL SANTO PATRONO DI CENCENIGHE MA SI FESTEGGERA&#8217; SABATO E DOMENICA<\/h3>\n<\/blockquote>\n<p><a class=\"dt-pswp-item\" href=\"https:\/\/www.radiopiu.net\/wordpress\/wp-content\/uploads\/2018\/05\/Mauro-Soppelsa-libero-professionista-perito-edile-56-anni.jpg\" data-dt-img-description=\"MAURO SOPPELSA\" data-large_image_width=\"1852\" data-large_image_height=\"2218\"><img loading=\"lazy\" decoding=\"async\" class=\"wp-image-48070 alignleft\" src=\"https:\/\/www.radiopiu.net\/wordpress\/wp-content\/uploads\/2018\/05\/Mauro-Soppelsa-libero-professionista-perito-edile-56-anni-250x300.jpg\" alt=\"\" width=\"133\" height=\"160\" srcset=\"https:\/\/www.radiopiu.net\/wordpress\/wp-content\/uploads\/2018\/05\/Mauro-Soppelsa-libero-professionista-perito-edile-56-anni-250x300.jpg 250w, https:\/\/www.radiopiu.net\/wordpress\/wp-content\/uploads\/2018\/05\/Mauro-Soppelsa-libero-professionista-perito-edile-56-anni-768x920.jpg 768w, https:\/\/www.radiopiu.net\/wordpress\/wp-content\/uploads\/2018\/05\/Mauro-Soppelsa-libero-professionista-perito-edile-56-anni-855x1024.jpg 855w, https:\/\/www.radiopiu.net\/wordpress\/wp-content\/uploads\/2018\/05\/Mauro-Soppelsa-libero-professionista-perito-edile-56-anni.jpg 1852w\" sizes=\"auto, (max-width: 133px) 100vw, 133px\" \/><\/a><strong>CENCENIGHE <\/strong>Domani a Cencenighe si festeggia Sant&#8217;Antonio, patrono del paese. L&#8217;usanza era quella di fare una festa per i nonni del paese con un pranzo al Nof Fil\u00f2 dopo la Santa Messa, ma anche quest&#8217;anno gli organizzatori, Comune e Pro Loco, hanno optato per una festa diversa. Sar\u00e0 sempre il Nof Fil\u00f2 la sede ma si far\u00e0 festa sabato e domenica con il Bal De Sant&#8217;Antone il 21 gennaio e la Santa Messa e il torneo di scarabocio il giorno successivo.<strong>\u00a0<\/strong><strong>\u00a0<\/strong><\/p>\n<p><strong>\u00a0<\/strong><\/p>\n<p><strong>IL SINDACO DI CENCENIGHE MAURO SOPPELSA<\/strong><\/p>\n<audio class=\"wp-audio-shortcode\" id=\"audio-316611-4\" preload=\"none\" style=\"width: 100%;\" controls=\"controls\"><source type=\"audio\/mpeg\" src=\"https:\/\/www.radiopiu.net\/wordpress\/wp-content\/uploads\/2023\/01\/MAURO-SOPPELSA-PATRONO.mp3?_=4\" \/><a href=\"https:\/\/www.radiopiu.net\/wordpress\/wp-content\/uploads\/2023\/01\/MAURO-SOPPELSA-PATRONO.mp3\">https:\/\/www.radiopiu.net\/wordpress\/wp-content\/uploads\/2023\/01\/MAURO-SOPPELSA-PATRONO.mp3<\/a><\/audio>\n<p>&nbsp;<\/p>\n\n\t\t\t<style type='text\/css'>\n\t\t\t\t#gallery-4 {\n\t\t\t\t\tmargin: auto;\n\t\t\t\t}\n\t\t\t\t#gallery-4 .gallery-item {\n\t\t\t\t\tfloat: left;\n\t\t\t\t\tmargin-top: 10px;\n\t\t\t\t\ttext-align: center;\n\t\t\t\t\twidth: 50%;\n\t\t\t\t}\n\t\t\t\t#gallery-4 img {\n\t\t\t\t\tborder: 2px solid #cfcfcf;\n\t\t\t\t}\n\t\t\t\t#gallery-4 .gallery-caption {\n\t\t\t\t\tmargin-left: 0;\n\t\t\t\t}\n\t\t\t\t\/* see gallery_shortcode() in wp-includes\/media.php *\/\n\t\t\t<\/style>\n\t\t<div id='gallery-4' class='dt-gallery-container gallery galleryid-316611 gallery-columns-2 gallery-size-medium'><dl class='gallery-item'>\n\t\t\t\t<dt class='gallery-icon portrait'>\n\t\t\t\t\t<a class=\"rollover rollover-zoom dt-pswp-item\" title=\"49598d1e-268d-4442-ba35-17b22ecdadf1\" data-dt-img-description=\"\" data-large_image_width=\"1131\" data-large_image_height=\"1600\"href='https:\/\/www.radiopiu.net\/wordpress\/wp-content\/uploads\/2023\/01\/49598d1e-268d-4442-ba35-17b22ecdadf1.jpg'><img loading=\"lazy\" decoding=\"async\" width=\"212\" height=\"300\" src=\"https:\/\/www.radiopiu.net\/wordpress\/wp-content\/uploads\/2023\/01\/49598d1e-268d-4442-ba35-17b22ecdadf1-212x300.jpg\" class=\"attachment-medium size-medium\" alt=\"\" aria-describedby=\"gallery-4-316573\" srcset=\"https:\/\/www.radiopiu.net\/wordpress\/wp-content\/uploads\/2023\/01\/49598d1e-268d-4442-ba35-17b22ecdadf1-212x300.jpg 212w, https:\/\/www.radiopiu.net\/wordpress\/wp-content\/uploads\/2023\/01\/49598d1e-268d-4442-ba35-17b22ecdadf1-724x1024.jpg 724w, https:\/\/www.radiopiu.net\/wordpress\/wp-content\/uploads\/2023\/01\/49598d1e-268d-4442-ba35-17b22ecdadf1-768x1086.jpg 768w, https:\/\/www.radiopiu.net\/wordpress\/wp-content\/uploads\/2023\/01\/49598d1e-268d-4442-ba35-17b22ecdadf1-1086x1536.jpg 1086w, https:\/\/www.radiopiu.net\/wordpress\/wp-content\/uploads\/2023\/01\/49598d1e-268d-4442-ba35-17b22ecdadf1.jpg 1131w\" sizes=\"auto, (max-width: 212px) 100vw, 212px\" \/><\/a>\n\t\t\t\t<\/dt>\n\t\t\t\t\t<dd class='wp-caption-text gallery-caption' id='gallery-4-316573'>\n\t\t\t\t\tSAGRA DE SANT&#8217;ANTONE\n\t\t\t\t\t<\/dd><\/dl><dl class='gallery-item'>\n\t\t\t\t<dt class='gallery-icon portrait'>\n\t\t\t\t\t<a class=\"rollover rollover-zoom dt-pswp-item\" title=\"3344b20c-8366-4e1c-8338-842c7c98739e\" data-dt-img-description=\"\" data-large_image_width=\"1131\" data-large_image_height=\"1600\"href='https:\/\/www.radiopiu.net\/wordpress\/wp-content\/uploads\/2023\/01\/3344b20c-8366-4e1c-8338-842c7c98739e.jpg'><img loading=\"lazy\" decoding=\"async\" width=\"212\" height=\"300\" src=\"https:\/\/www.radiopiu.net\/wordpress\/wp-content\/uploads\/2023\/01\/3344b20c-8366-4e1c-8338-842c7c98739e-212x300.jpg\" class=\"attachment-medium size-medium\" alt=\"\" aria-describedby=\"gallery-4-316574\" srcset=\"https:\/\/www.radiopiu.net\/wordpress\/wp-content\/uploads\/2023\/01\/3344b20c-8366-4e1c-8338-842c7c98739e-212x300.jpg 212w, https:\/\/www.radiopiu.net\/wordpress\/wp-content\/uploads\/2023\/01\/3344b20c-8366-4e1c-8338-842c7c98739e-724x1024.jpg 724w, https:\/\/www.radiopiu.net\/wordpress\/wp-content\/uploads\/2023\/01\/3344b20c-8366-4e1c-8338-842c7c98739e-768x1086.jpg 768w, https:\/\/www.radiopiu.net\/wordpress\/wp-content\/uploads\/2023\/01\/3344b20c-8366-4e1c-8338-842c7c98739e-1086x1536.jpg 1086w, https:\/\/www.radiopiu.net\/wordpress\/wp-content\/uploads\/2023\/01\/3344b20c-8366-4e1c-8338-842c7c98739e.jpg 1131w\" sizes=\"auto, (max-width: 212px) 100vw, 212px\" \/><\/a>\n\t\t\t\t<\/dt>\n\t\t\t\t\t<dd class='wp-caption-text gallery-caption' id='gallery-4-316574'>\n\t\t\t\t\tBAL DE SANT&#8217;ANTONE\n\t\t\t\t\t<\/dd><\/dl><br style=\"clear: both\" \/>\n\t\t\t<\/div>\n\n<p>&nbsp;<\/p>\n<p>&nbsp;<\/p>\n<p>&nbsp;<\/p>\n<hr \/>\n<p>&nbsp;<\/p>\n<p dir=\"auto\"><strong>DI TIZIANO DE COL<\/strong><\/p>\n\n\t\t\t<style type='text\/css'>\n\t\t\t\t#gallery-5 {\n\t\t\t\t\tmargin: auto;\n\t\t\t\t}\n\t\t\t\t#gallery-5 .gallery-item {\n\t\t\t\t\tfloat: left;\n\t\t\t\t\tmargin-top: 10px;\n\t\t\t\t\ttext-align: center;\n\t\t\t\t\twidth: 20%;\n\t\t\t\t}\n\t\t\t\t#gallery-5 img {\n\t\t\t\t\tborder: 2px solid #cfcfcf;\n\t\t\t\t}\n\t\t\t\t#gallery-5 .gallery-caption {\n\t\t\t\t\tmargin-left: 0;\n\t\t\t\t}\n\t\t\t\t\/* see gallery_shortcode() in wp-includes\/media.php *\/\n\t\t\t<\/style>\n\t\t<div id='gallery-5' class='dt-gallery-container gallery galleryid-316611 gallery-columns-5 gallery-size-medium'><dl class='gallery-item'>\n\t\t\t\t<dt class='gallery-icon landscape'>\n\t\t\t\t\t<a class=\"rollover rollover-zoom dt-pswp-item\" title=\"5b595928-4efb-4b7d-83ac-bd7d31f26cd1\" data-dt-img-description=\"\" data-large_image_width=\"616\" data-large_image_height=\"362\"href='https:\/\/www.radiopiu.net\/wordpress\/wp-content\/uploads\/2023\/01\/5b595928-4efb-4b7d-83ac-bd7d31f26cd1.jpg'><img loading=\"lazy\" decoding=\"async\" width=\"300\" height=\"176\" src=\"https:\/\/www.radiopiu.net\/wordpress\/wp-content\/uploads\/2023\/01\/5b595928-4efb-4b7d-83ac-bd7d31f26cd1-300x176.jpg\" class=\"attachment-medium size-medium\" alt=\"\" srcset=\"https:\/\/www.radiopiu.net\/wordpress\/wp-content\/uploads\/2023\/01\/5b595928-4efb-4b7d-83ac-bd7d31f26cd1-300x176.jpg 300w, https:\/\/www.radiopiu.net\/wordpress\/wp-content\/uploads\/2023\/01\/5b595928-4efb-4b7d-83ac-bd7d31f26cd1.jpg 616w\" sizes=\"auto, (max-width: 300px) 100vw, 300px\" \/><\/a>\n\t\t\t\t<\/dt><\/dl><dl class='gallery-item'>\n\t\t\t\t<dt class='gallery-icon landscape'>\n\t\t\t\t\t<a class=\"rollover rollover-zoom dt-pswp-item\" title=\"ba6bcac7-aff3-4572-8642-b821d67debb1\" data-dt-img-description=\"\" data-large_image_width=\"618\" data-large_image_height=\"365\"href='https:\/\/www.radiopiu.net\/wordpress\/wp-content\/uploads\/2023\/01\/ba6bcac7-aff3-4572-8642-b821d67debb1.jpg'><img loading=\"lazy\" decoding=\"async\" width=\"300\" height=\"177\" src=\"https:\/\/www.radiopiu.net\/wordpress\/wp-content\/uploads\/2023\/01\/ba6bcac7-aff3-4572-8642-b821d67debb1-300x177.jpg\" class=\"attachment-medium size-medium\" alt=\"\" srcset=\"https:\/\/www.radiopiu.net\/wordpress\/wp-content\/uploads\/2023\/01\/ba6bcac7-aff3-4572-8642-b821d67debb1-300x177.jpg 300w, https:\/\/www.radiopiu.net\/wordpress\/wp-content\/uploads\/2023\/01\/ba6bcac7-aff3-4572-8642-b821d67debb1.jpg 618w\" sizes=\"auto, (max-width: 300px) 100vw, 300px\" \/><\/a>\n\t\t\t\t<\/dt><\/dl><dl class='gallery-item'>\n\t\t\t\t<dt class='gallery-icon landscape'>\n\t\t\t\t\t<a class=\"rollover rollover-zoom dt-pswp-item\" title=\"2d0bea3c-e943-4c3a-a405-97c62283ab80\" data-dt-img-description=\"\" data-large_image_width=\"606\" data-large_image_height=\"349\"href='https:\/\/www.radiopiu.net\/wordpress\/wp-content\/uploads\/2023\/01\/2d0bea3c-e943-4c3a-a405-97c62283ab80.jpg'><img loading=\"lazy\" decoding=\"async\" width=\"300\" height=\"173\" src=\"https:\/\/www.radiopiu.net\/wordpress\/wp-content\/uploads\/2023\/01\/2d0bea3c-e943-4c3a-a405-97c62283ab80-300x173.jpg\" class=\"attachment-medium size-medium\" alt=\"\" srcset=\"https:\/\/www.radiopiu.net\/wordpress\/wp-content\/uploads\/2023\/01\/2d0bea3c-e943-4c3a-a405-97c62283ab80-300x173.jpg 300w, https:\/\/www.radiopiu.net\/wordpress\/wp-content\/uploads\/2023\/01\/2d0bea3c-e943-4c3a-a405-97c62283ab80.jpg 606w\" sizes=\"auto, (max-width: 300px) 100vw, 300px\" \/><\/a>\n\t\t\t\t<\/dt><\/dl><dl class='gallery-item'>\n\t\t\t\t<dt class='gallery-icon landscape'>\n\t\t\t\t\t<a class=\"rollover rollover-zoom dt-pswp-item\" title=\"d98f6152-480e-41e8-8128-aa064abf936e\" data-dt-img-description=\"\" data-large_image_width=\"612\" data-large_image_height=\"354\"href='https:\/\/www.radiopiu.net\/wordpress\/wp-content\/uploads\/2023\/01\/d98f6152-480e-41e8-8128-aa064abf936e.jpg'><img loading=\"lazy\" decoding=\"async\" width=\"300\" height=\"174\" src=\"https:\/\/www.radiopiu.net\/wordpress\/wp-content\/uploads\/2023\/01\/d98f6152-480e-41e8-8128-aa064abf936e-300x174.jpg\" class=\"attachment-medium size-medium\" alt=\"\" srcset=\"https:\/\/www.radiopiu.net\/wordpress\/wp-content\/uploads\/2023\/01\/d98f6152-480e-41e8-8128-aa064abf936e-300x174.jpg 300w, https:\/\/www.radiopiu.net\/wordpress\/wp-content\/uploads\/2023\/01\/d98f6152-480e-41e8-8128-aa064abf936e.jpg 612w\" sizes=\"auto, (max-width: 300px) 100vw, 300px\" \/><\/a>\n\t\t\t\t<\/dt><\/dl><dl class='gallery-item'>\n\t\t\t\t<dt class='gallery-icon landscape'>\n\t\t\t\t\t<a class=\"rollover rollover-zoom dt-pswp-item\" title=\"e21821dd-c6a0-4be6-ace4-6ebdc1bef34c\" data-dt-img-description=\"\" data-large_image_width=\"596\" data-large_image_height=\"363\"href='https:\/\/www.radiopiu.net\/wordpress\/wp-content\/uploads\/2023\/01\/e21821dd-c6a0-4be6-ace4-6ebdc1bef34c.jpg'><img loading=\"lazy\" decoding=\"async\" width=\"300\" height=\"183\" src=\"https:\/\/www.radiopiu.net\/wordpress\/wp-content\/uploads\/2023\/01\/e21821dd-c6a0-4be6-ace4-6ebdc1bef34c-300x183.jpg\" class=\"attachment-medium size-medium\" alt=\"\" srcset=\"https:\/\/www.radiopiu.net\/wordpress\/wp-content\/uploads\/2023\/01\/e21821dd-c6a0-4be6-ace4-6ebdc1bef34c-300x183.jpg 300w, https:\/\/www.radiopiu.net\/wordpress\/wp-content\/uploads\/2023\/01\/e21821dd-c6a0-4be6-ace4-6ebdc1bef34c.jpg 596w\" sizes=\"auto, (max-width: 300px) 100vw, 300px\" \/><\/a>\n\t\t\t\t<\/dt><\/dl><br style=\"clear: both\" \/>\n\t\t\t<\/div>\n\n<p>&nbsp;<\/p>\n<hr \/>\n<p>&nbsp;<\/p>\n<blockquote>\n<h3>IN OCCASIONE DELLA GIORNATA DELLA MEMORIA UNO SPETTACOLO A CANALE D&#8217;AGORDO<\/h3>\n<\/blockquote>\n<p><strong>CANALE D&#8217;AGORDO<\/strong><\/p>\n<p>di Gianni Santomaso<\/p>\n<audio class=\"wp-audio-shortcode\" id=\"audio-316611-5\" preload=\"none\" style=\"width: 100%;\" controls=\"controls\"><source type=\"audio\/mpeg\" src=\"https:\/\/www.radiopiu.net\/wordpress\/wp-content\/uploads\/2023\/01\/GIANNI-GIORNATA-MEMORIA-CANALE.mp3?_=5\" \/><a href=\"https:\/\/www.radiopiu.net\/wordpress\/wp-content\/uploads\/2023\/01\/GIANNI-GIORNATA-MEMORIA-CANALE.mp3\">https:\/\/www.radiopiu.net\/wordpress\/wp-content\/uploads\/2023\/01\/GIANNI-GIORNATA-MEMORIA-CANALE.mp3<\/a><\/audio>\n<p>&nbsp;<\/p>\n<p>&nbsp;<\/p>\n<p>&nbsp;<\/p>\n<hr \/>\n<blockquote>\n<h3><\/h3>\n<h3>L\u2019ULSS DOLOMITI RICORDA IL DOTTOR MICHELE DE BONI<\/h3>\n<\/blockquote>\n<p><strong><a class=\"dt-pswp-item\" href=\"https:\/\/www.radiopiu.net\/wordpress\/wp-content\/uploads\/2023\/01\/Schermata-2023-01-14-alle-14.26.42.png\" data-dt-img-description=\"\" data-large_image_width=\"1274\" data-large_image_height=\"1026\"><img loading=\"lazy\" decoding=\"async\" class=\" wp-image-316706 alignleft\" src=\"https:\/\/www.radiopiu.net\/wordpress\/wp-content\/uploads\/2023\/01\/Schermata-2023-01-14-alle-14.26.42-300x242.png\" alt=\"\" width=\"214\" height=\"173\" srcset=\"https:\/\/www.radiopiu.net\/wordpress\/wp-content\/uploads\/2023\/01\/Schermata-2023-01-14-alle-14.26.42-300x242.png 300w, https:\/\/www.radiopiu.net\/wordpress\/wp-content\/uploads\/2023\/01\/Schermata-2023-01-14-alle-14.26.42-1024x825.png 1024w, https:\/\/www.radiopiu.net\/wordpress\/wp-content\/uploads\/2023\/01\/Schermata-2023-01-14-alle-14.26.42-768x618.png 768w, https:\/\/www.radiopiu.net\/wordpress\/wp-content\/uploads\/2023\/01\/Schermata-2023-01-14-alle-14.26.42.png 1274w\" sizes=\"auto, (max-width: 214px) 100vw, 214px\" \/><\/a>FELTRE <\/strong>Sono gi\u00e0 passati tre anni da quella triste mattina del 15 gennaio 2020 in cui, circondato dall\u2019affetto della sua amatissima famiglia, \u00e8 morto il dottor Michele De Boni, gi\u00e0 direttore del dipartimento di chirurgia oncologica gastrointestinale a valenza regionale, in seguito a una malattia che aveva affrontato con grande coraggio e dignit\u00e0. La scomparsa del dottor\u00a0 Michele De Boni\u00a0 aveva toccato profondamente l\u2019Ulss Dolomiti e tutta la vallata. La sua capacit\u00e0 di associare una grande esperienza clinica maturata sempre nell\u2019ospedale di Feltre con una intensa attivit\u00e0 di ricerca, in connessione con i pi\u00f9 accreditati centri internazionali\u00a0 ha costituito un esempio per tutti: \u00e8 possibile diventare un centro di riferimento di prim\u2019ordine con l\u2019impegno, la professionalit\u00e0 e il quotidiano riscontro dei positivi risultati. Il 2022 \u00e8 stato un anno importante per il \u201cCentro di Riferimento Regionale per la chirurgia oncologica gastroenterologia\u201d\u00a0 intitolato proprio al compianto Michele De Boni. Pur con le difficolt\u00e0 legate al perdurare della pandemia, il Centro ha continuato a lavorare per essere un riferimento per i pazienti oncologici: alle attivit\u00e0 di cura, \u00e8 stato confermato l\u2019impegno nelle attivit\u00e0 di ricerca, nel potenziamento delle attrezzature e nel rafforzamento del legame con la comunit\u00e0 esterna e il volontariato. In modo instancabile e combattivo, come era il dottor De Boni. Tante le novit\u00e0 del 2022: prima fra tutte la nomina di due nuovi direttori di unit\u00e0 operativa complessa, in tempi rapidissimi, tra i reparti afferenti al Centro: il dr Nicodemo, direttore della Oncologia di Feltre e il dr Malavisi, direttore dell\u2019Anestesia di Feltre, da subito entrati in sintonia con la filosofia di un Ospedale che non si riduca a una \u00abofficina di riparazione\u00bb ma si qualifichi come \u00abfabbrica della salute\u00bb, come amava indicare il dr De Boni. Un altro importante \u201cpallino\u201d del dr De Boni era la tecnologia. In questo ambito, entrambe le unit\u00e0 operative aziendali di Gastroenterologia sono state dotate di sistemi di intelligenza artificiale a supporto dei professionisti, per diagnosi sempre pi\u00f9 precoci, che amplificano le capacit\u00e0 dell\u2019occhio umano di rilevazione delle lesioni, arrivate prima in ulss Dolomiti che nei maggiori centri regionali. \u00a0Nuovo anche l\u2019acceleratore lineare dell\u2019ospedale di Belluno, inaugurato a giugno 2022, che, grazie alle competenze del team di radioterapisti, offre cure sempre innovative anche per le patologie del tratto gastrointestinale. Inoltre, \u00e8 in fase di acquisto il robot chirurgico (4 milioni di euro di cui 1,6 Fondi Comune di Confine)\u00a0 ed \u00e8 in fase di progettazione la nuova piastra endoscopica (5,2 milioni di euro) finanziata dai Fondi Comune di Confine, \u00a0testimonianza del sostegno al Centro da parte di tutti gli stakeholders del territorio. Tra le innovazioni del 2022 l\u2019 Anatomia Patologica di Feltre, grazie alla definizione molecolare, che rappresenta un punto cardine nella medicina di precisione ha migliorato la diagnostica, soprattutto nelle malattie ereditarie del grosso intestino. I clinici, da parte loro, hanno proseguito sulla via tracciata dal Dr De Boni con i GOM, i Gruppi Oncologici Multidisciplinari dove tutti gli specialisti coinvolti si confrontano e personalizzano le cure per ciascun paziente a cui offrono una diagnosi clinico-strumentale ed un percorso terapeutico nel minor tempo possibile, concetti sintetizzati nel progetto \u201cOneDay care\u201d da lui fortemente voluto. La figura umana di De Boni \u00e8 ricordata anche per gli sforzi verso quel cambiamento di tipo culturale che porta al centro la persona assistita, che viene coinvolta attivamente nel percorso di cura, e nella collaborazione col Volontariato. Importante il volume dell\u2019attivit\u00e0 delle unit\u00e0 operative afferenti al Centro, tornato ai livelli pre- covid e in continua crescita.<\/p>\n<p>&nbsp;<\/p>\n<p>&nbsp;<\/p>\n<hr \/>\n<p>&nbsp;<\/p>\n<blockquote>\n<h3>SCREENING CERVICE UTERINA: ADESIONE AL 76%<\/h3>\n<\/blockquote>\n<p><strong><a class=\"dt-pswp-item\" href=\"https:\/\/www.radiopiu.net\/wordpress\/wp-content\/uploads\/2021\/03\/ULSS-1.jpg\" data-dt-img-description=\"\" data-large_image_width=\"776\" data-large_image_height=\"408\"><img loading=\"lazy\" decoding=\"async\" class=\" wp-image-198838 alignleft\" src=\"https:\/\/www.radiopiu.net\/wordpress\/wp-content\/uploads\/2021\/03\/ULSS-1-300x158.jpg\" alt=\"\" width=\"167\" height=\"88\" srcset=\"https:\/\/www.radiopiu.net\/wordpress\/wp-content\/uploads\/2021\/03\/ULSS-1-300x158.jpg 300w, https:\/\/www.radiopiu.net\/wordpress\/wp-content\/uploads\/2021\/03\/ULSS-1-768x404.jpg 768w, https:\/\/www.radiopiu.net\/wordpress\/wp-content\/uploads\/2021\/03\/ULSS-1.jpg 776w\" sizes=\"auto, (max-width: 167px) 100vw, 167px\" \/><\/a>BELLUNO <\/strong>Gennaio \u00e8 il mese dedicato alla prevenzione del tumore del collo dell\u2019utero. La prevenzione dei tumori del collo dell\u2019utero sta cambiando grazie alla diffusione del vaccino contro il virus dell\u2019HPV (Virus del Papilloma Umano) che ha modificato anche lo modalit\u00e0 di screening. Lo screening della cervice uterina \u00e8 un programma di prevenzione che ha l\u2019obiettivo di ridurre la mortalit\u00e0 per tumore della cervice uterina, permettendo una diagnosi precoce e l\u2019identificazione di particolari lesioni che hanno elevata probabilit\u00e0 di evolvere in tumore (lesioni precancerose). Nel 2022 \u00e8 stata registrata in Ulss Dolomiti una copertura del 76%, con 12593 aderenti tra donne che eseguono HPV test e quelle che eseguono PAP test, su una popolazione ISTAT interessata di 16493 donne. Al test di II\u00b0livello (colposcopia) sono state inviate 528 donne, di queste, solo 95 sono passate al III\u00b0 livello (terapeutico, quindi sono andate ad intervento). Rispetto al 2021, \u00e8 stata registrata una flessione sull\u2019adesione a questo screening, passata dal 79% al 76%.\u00a0Aderire allo screening, misura di sanit\u00e0 pubblica fortemente equa, \u00e8 un modo per prendersi cura di s\u00e8. Un appuntamento da non rimandare per individuare precocemente eventuali lesioni, migliorando le prospettive di cura e qualit\u00e0 di vita.<\/p>\n<p>&nbsp;<\/p>\n<p>&nbsp;<\/p>\n<hr \/>\n<p>&nbsp;<\/p>\n<blockquote>\n<h3>L&#8217;UFFICIO POSTALE DI CADOLA AMPLIA L&#8217;ORARIO<\/h3>\n<\/blockquote>\n<p><strong>PONTE NELLE ALPI <\/strong>A partire da oggi, l\u2019ufficio postale di Cadola amplier\u00e0 l\u2019orario di apertura: tutti i giorni, da luned\u00ec a sabato, dalle 8.30 alle 14.<span class=\"gmail-Apple-converted-space\"> \u00a0<\/span><\/p>\n<p>&nbsp;<\/p>\n<p>&nbsp;<\/p>\n<hr \/>\n<p>&nbsp;<\/p>\n<h2><a class=\"dt-pswp-item\" href=\"https:\/\/www.radiopiu.net\/wordpress\/wp-content\/uploads\/2023\/01\/0.png\" data-dt-img-description=\"\" data-large_image_width=\"1831\" data-large_image_height=\"1926\"><img loading=\"lazy\" decoding=\"async\" class=\" wp-image-316826 alignleft\" src=\"https:\/\/www.radiopiu.net\/wordpress\/wp-content\/uploads\/2023\/01\/0-285x300.png\" alt=\"\" width=\"145\" height=\"153\" srcset=\"https:\/\/www.radiopiu.net\/wordpress\/wp-content\/uploads\/2023\/01\/0-285x300.png 285w, https:\/\/www.radiopiu.net\/wordpress\/wp-content\/uploads\/2023\/01\/0-973x1024.png 973w, https:\/\/www.radiopiu.net\/wordpress\/wp-content\/uploads\/2023\/01\/0-768x808.png 768w, https:\/\/www.radiopiu.net\/wordpress\/wp-content\/uploads\/2023\/01\/0-1460x1536.png 1460w, https:\/\/www.radiopiu.net\/wordpress\/wp-content\/uploads\/2023\/01\/0.png 1831w\" sizes=\"auto, (max-width: 145px) 100vw, 145px\" \/><\/a><span style=\"color: #ff0000;\">DAL CORRIERE DELLE ALPI<\/span><\/h2>\n<h2><span style=\"color: #3366ff;\">VIVERE L&#8217;AGORDINO<\/span><\/h2>\n<h3>GIACOMO D&#8217;ANCONA E LA MOGLIE LUCIA. UNA VITA CON L&#8217;UOMO DELLE SEGRETERIE DEI COMUNI AGORDINI<\/h3>\n<p>di Gianni Santomaso<\/p>\n<p>&nbsp;<\/p>\n<p>&nbsp;<\/p>\n<hr \/>\n<p>&nbsp;<\/p>\n<blockquote>\n<h3>LO CHEF TEAM CORTINA PROTAGONISTA IN OCCASIONE DELLA COPPA DEL MONDO DI SCI<\/h3>\n<\/blockquote>\n<p><strong><a class=\"dt-pswp-item\" href=\"https:\/\/www.radiopiu.net\/wordpress\/wp-content\/uploads\/2022\/01\/220119-Olympia-CortinaSkiWorldCup-2022-3.jpg\" data-dt-img-description=\"\" data-large_image_width=\"2048\" data-large_image_height=\"1536\"><img loading=\"lazy\" decoding=\"async\" class=\" wp-image-255056 alignleft\" src=\"https:\/\/www.radiopiu.net\/wordpress\/wp-content\/uploads\/2022\/01\/220119-Olympia-CortinaSkiWorldCup-2022-3-300x225.jpg\" alt=\"\" width=\"193\" height=\"145\" \/><\/a>CORTINA<\/strong><\/p>\n<p>di Roberto Bona<\/p>\n<audio class=\"wp-audio-shortcode\" id=\"audio-316611-6\" preload=\"none\" style=\"width: 100%;\" controls=\"controls\"><source type=\"audio\/mpeg\" src=\"https:\/\/www.radiopiu.net\/wordpress\/wp-content\/uploads\/2023\/01\/BONA-CUOCHI-A-CORTINA.mp3?_=6\" \/><a href=\"https:\/\/www.radiopiu.net\/wordpress\/wp-content\/uploads\/2023\/01\/BONA-CUOCHI-A-CORTINA.mp3\">https:\/\/www.radiopiu.net\/wordpress\/wp-content\/uploads\/2023\/01\/BONA-CUOCHI-A-CORTINA.mp3<\/a><\/audio>\n<p>&nbsp;<\/p>\n<hr \/>\n<p>&nbsp;<\/p>\n<blockquote>\n<h3>FAMIGLIE VENETE: CRESCONO LE SPESE OBBLIGATE. CIBO, BENZINA E BOLLETTE SFIORANO IL 60% DEGLI ACQUISTI<\/h3>\n<\/blockquote>\n<p>Le spese obbligate delle famiglie venete continuano ad aumentare. Secondo una stima dell\u2019Ufficio studi della CGIA riferita al 2022, gli acquisti per gli alimentari\/bevande, per i trasporti e per la casa sono stati, sul totale della spesa mensile media di una famiglia veneta, pari al 58,4 per cento. In termini monetari vuol dire che, a fronte di una spesa mensile media pari a 2.153 euro, 1.257 euro l\u2019anno scorso sono stati \u201cassorbiti\u201d dagli acquisti obbligati: di cui 312 euro per benzina-gasolio e spese su mezzi pubblici; 453 euro per la manutenzione della casa e per le bollette di luce-gas-spese condominiali e, infine, 493 euro per il cibo e le bevande analcoliche. A causa del rincaro dei prezzi registrato l\u2019anno scorso, rispetto al 2021 si ipotizza che l\u2019incidenza di questa tipologia di spesa in Veneto sia cresciuta di 3,9 punti percentuali.<\/p>\n<p>Insomma, a causa dell\u2019inflazione spendiamo di pi\u00f9, portiamo a casa meno beni e la gran parte della spesa &#8211; per cibo, carburanti e bollette \u2013 la facciamo per \u201cvivere\u201d e per recarci\/tornare dal luogo di lavoro. Tra il 2021 e il 2022, infatti, le uscite per le spese obbligate della famiglia media veneta, sono incrementate di 185 euro (+17,2 per cento). Diversamente, quelle complementari (o consumi commercializzabili) languono. Nonostante nel 2022 l\u2019aumento medio dell\u2019inflazione si sia attestato attorno all\u20198 per cento, in termini assoluti l\u2019incremento di questa tipologia di spesa si stima nullo. In altre parole, si ipotizza che negli ultimi due anni per acquistare alcolici, abbigliamento\/calzature, mobili, tempo libero, ristorazione, ricettivo, istruzione, sanit\u00e0, cura della persona, etc., la famiglia media veneta abbia speso mensilmente 895 euro. Non solo. Ma se la grande distribuzione organizzata e le vendite on line hanno registrato risultati positivi, le attivit\u00e0 commerciali e artigianali di piccola dimensione dei settori appena richiamati hanno invece visto peggiorare la propria condizione economica.<\/p>\n\n\t\t\t<style type='text\/css'>\n\t\t\t\t#gallery-6 {\n\t\t\t\t\tmargin: auto;\n\t\t\t\t}\n\t\t\t\t#gallery-6 .gallery-item {\n\t\t\t\t\tfloat: left;\n\t\t\t\t\tmargin-top: 10px;\n\t\t\t\t\ttext-align: center;\n\t\t\t\t\twidth: 33%;\n\t\t\t\t}\n\t\t\t\t#gallery-6 img {\n\t\t\t\t\tborder: 2px solid #cfcfcf;\n\t\t\t\t}\n\t\t\t\t#gallery-6 .gallery-caption {\n\t\t\t\t\tmargin-left: 0;\n\t\t\t\t}\n\t\t\t\t\/* see gallery_shortcode() in wp-includes\/media.php *\/\n\t\t\t<\/style>\n\t\t<div id='gallery-6' class='dt-gallery-container gallery galleryid-316611 gallery-columns-3 gallery-size-medium'><dl class='gallery-item'>\n\t\t\t\t<dt class='gallery-icon landscape'>\n\t\t\t\t\t<a class=\"rollover rollover-zoom dt-pswp-item\" title=\"Schermata 2023-01-14 alle 09.51.52\" data-dt-img-description=\"\" data-large_image_width=\"1156\" data-large_image_height=\"694\"href='https:\/\/www.radiopiu.net\/wordpress\/wp-content\/uploads\/2023\/01\/Schermata-2023-01-14-alle-09.51.52.png'><img loading=\"lazy\" decoding=\"async\" width=\"300\" height=\"180\" src=\"https:\/\/www.radiopiu.net\/wordpress\/wp-content\/uploads\/2023\/01\/Schermata-2023-01-14-alle-09.51.52-300x180.png\" class=\"attachment-medium size-medium\" alt=\"\" srcset=\"https:\/\/www.radiopiu.net\/wordpress\/wp-content\/uploads\/2023\/01\/Schermata-2023-01-14-alle-09.51.52-300x180.png 300w, https:\/\/www.radiopiu.net\/wordpress\/wp-content\/uploads\/2023\/01\/Schermata-2023-01-14-alle-09.51.52-1024x615.png 1024w, https:\/\/www.radiopiu.net\/wordpress\/wp-content\/uploads\/2023\/01\/Schermata-2023-01-14-alle-09.51.52-768x461.png 768w, https:\/\/www.radiopiu.net\/wordpress\/wp-content\/uploads\/2023\/01\/Schermata-2023-01-14-alle-09.51.52.png 1156w\" sizes=\"auto, (max-width: 300px) 100vw, 300px\" \/><\/a>\n\t\t\t\t<\/dt><\/dl><dl class='gallery-item'>\n\t\t\t\t<dt class='gallery-icon landscape'>\n\t\t\t\t\t<a class=\"rollover rollover-zoom dt-pswp-item\" title=\"Schermata 2023-01-14 alle 09.52.05\" data-dt-img-description=\"\" data-large_image_width=\"1276\" data-large_image_height=\"822\"href='https:\/\/www.radiopiu.net\/wordpress\/wp-content\/uploads\/2023\/01\/Schermata-2023-01-14-alle-09.52.05.png'><img loading=\"lazy\" decoding=\"async\" width=\"300\" height=\"193\" src=\"https:\/\/www.radiopiu.net\/wordpress\/wp-content\/uploads\/2023\/01\/Schermata-2023-01-14-alle-09.52.05-300x193.png\" class=\"attachment-medium size-medium\" alt=\"\" srcset=\"https:\/\/www.radiopiu.net\/wordpress\/wp-content\/uploads\/2023\/01\/Schermata-2023-01-14-alle-09.52.05-300x193.png 300w, https:\/\/www.radiopiu.net\/wordpress\/wp-content\/uploads\/2023\/01\/Schermata-2023-01-14-alle-09.52.05-1024x660.png 1024w, https:\/\/www.radiopiu.net\/wordpress\/wp-content\/uploads\/2023\/01\/Schermata-2023-01-14-alle-09.52.05-768x495.png 768w, https:\/\/www.radiopiu.net\/wordpress\/wp-content\/uploads\/2023\/01\/Schermata-2023-01-14-alle-09.52.05.png 1276w\" sizes=\"auto, (max-width: 300px) 100vw, 300px\" \/><\/a>\n\t\t\t\t<\/dt><\/dl><dl class='gallery-item'>\n\t\t\t\t<dt class='gallery-icon landscape'>\n\t\t\t\t\t<a class=\"rollover rollover-zoom dt-pswp-item\" title=\"Schermata 2023-01-14 alle 09.52.22\" data-dt-img-description=\"\" data-large_image_width=\"1286\" data-large_image_height=\"636\"href='https:\/\/www.radiopiu.net\/wordpress\/wp-content\/uploads\/2023\/01\/Schermata-2023-01-14-alle-09.52.22.png'><img loading=\"lazy\" decoding=\"async\" width=\"300\" height=\"148\" src=\"https:\/\/www.radiopiu.net\/wordpress\/wp-content\/uploads\/2023\/01\/Schermata-2023-01-14-alle-09.52.22-300x148.png\" class=\"attachment-medium size-medium\" alt=\"\" srcset=\"https:\/\/www.radiopiu.net\/wordpress\/wp-content\/uploads\/2023\/01\/Schermata-2023-01-14-alle-09.52.22-300x148.png 300w, https:\/\/www.radiopiu.net\/wordpress\/wp-content\/uploads\/2023\/01\/Schermata-2023-01-14-alle-09.52.22-1024x506.png 1024w, https:\/\/www.radiopiu.net\/wordpress\/wp-content\/uploads\/2023\/01\/Schermata-2023-01-14-alle-09.52.22-768x380.png 768w, https:\/\/www.radiopiu.net\/wordpress\/wp-content\/uploads\/2023\/01\/Schermata-2023-01-14-alle-09.52.22.png 1286w\" sizes=\"auto, (max-width: 300px) 100vw, 300px\" \/><\/a>\n\t\t\t\t<\/dt><\/dl><br style=\"clear: both\" \/>\n\t\t\t<\/div>\n\n<p>&nbsp;<\/p>\n<hr \/>\n<p>&nbsp;<\/p>\n<blockquote>\n<h3>L\u2019ALBA A RA VALLES TINGE DI ROSA LA REGINA DELLE DOLOMITI<\/h3>\n<\/blockquote>\n<p><strong><a class=\"dt-pswp-item\" href=\"https:\/\/www.radiopiu.net\/wordpress\/wp-content\/uploads\/2023\/01\/ALBA-RA-VALLES.jpg\" data-dt-img-description=\"\" data-large_image_width=\"1108\" data-large_image_height=\"406\"><img loading=\"lazy\" decoding=\"async\" class=\" wp-image-316356 alignleft\" src=\"https:\/\/www.radiopiu.net\/wordpress\/wp-content\/uploads\/2023\/01\/ALBA-RA-VALLES-300x110.jpg\" alt=\"\" width=\"199\" height=\"73\" srcset=\"https:\/\/www.radiopiu.net\/wordpress\/wp-content\/uploads\/2023\/01\/ALBA-RA-VALLES-300x110.jpg 300w, https:\/\/www.radiopiu.net\/wordpress\/wp-content\/uploads\/2023\/01\/ALBA-RA-VALLES-1024x375.jpg 1024w, https:\/\/www.radiopiu.net\/wordpress\/wp-content\/uploads\/2023\/01\/ALBA-RA-VALLES-768x281.jpg 768w, https:\/\/www.radiopiu.net\/wordpress\/wp-content\/uploads\/2023\/01\/ALBA-RA-VALLES.jpg 1108w\" sizes=\"auto, (max-width: 199px) 100vw, 199px\" \/><\/a>CORTINA <\/strong>Il 27 gennaio, l\u201911 e il 18 febbraio 2023, il sogno di raggiungere le vette Ampezzane per primi e disegnare la propria traccia sulle piste battute, diventa realt\u00e0. In collaborazione con Tofana Freccia nel Cielo \u00e8 possibile vivere uno dei momenti pi\u00f9 magici delle Dolomiti: l\u2019alba.\u00a0 La prenotazione \u00e8 obbligatoria ed \u00e8 possibile riservare il proprio posto chiamando il numero presente sul sito Tofana Freccia nel Cielo o scrivendo a <a href=\"mailto:tofanacortina@freccianelcielo.com\">tofanacortina@freccianelcielo.com<\/a>.<\/p>\n<p>&nbsp;<\/p>\n<p>&nbsp;<\/p>\n<hr \/>\n<p>&nbsp;<\/p>\n<p><a class=\"dt-pswp-item\" href=\"https:\/\/www.radiopiu.net\/wordpress\/wp-content\/uploads\/2023\/01\/f357cc9c-828e-4d9b-9ff4-ec3efed24d74.jpg\" data-dt-img-description=\"\" data-large_image_width=\"724\" data-large_image_height=\"1024\"><img loading=\"lazy\" decoding=\"async\" class=\"wp-image-315069 alignleft\" src=\"https:\/\/www.radiopiu.net\/wordpress\/wp-content\/uploads\/2023\/01\/f357cc9c-828e-4d9b-9ff4-ec3efed24d74.jpg\" alt=\"\" width=\"140\" height=\"198\" srcset=\"https:\/\/www.radiopiu.net\/wordpress\/wp-content\/uploads\/2023\/01\/f357cc9c-828e-4d9b-9ff4-ec3efed24d74.jpg 724w, https:\/\/www.radiopiu.net\/wordpress\/wp-content\/uploads\/2023\/01\/f357cc9c-828e-4d9b-9ff4-ec3efed24d74-212x300.jpg 212w\" sizes=\"auto, (max-width: 140px) 100vw, 140px\" \/><\/a><\/p>\n<h1><span style=\"color: #ff00ff;\">AGORDINO IN FERMENTO&#8230;AGORDINO IN MOVIMENTO\u00a0<\/span><\/h1>\n<blockquote><p><span style=\"color: #ff0000;\"><strong>A CARNEVALE&#8230; EL CARNEVAL DE LE VAI&#8230;DA SELVA DI CADORE A CANALE D&#8217;AGORDO, DA RIVAMONTE A LASTE E SOTTOGUDA. TRADIZIONE, CULTURLA E SPETTACOLO\u00a0 L&#8217;INCONTRO ALLA RADIO CON GLI ORGANIZZATORI<\/strong><\/span><\/p><\/blockquote>\n<p>&nbsp;<\/p>\n<p>&nbsp;<\/p>\n<p><iframe loading=\"lazy\" title=\"CARNEVAI DE LE VAI L&#039;INTERVISTA AI PROTAGONISTI\" width=\"1200\" height=\"675\" src=\"https:\/\/www.youtube.com\/embed\/w-vtgGV1TuM?feature=oembed\" frameborder=\"0\" allow=\"accelerometer; autoplay; clipboard-write; encrypted-media; gyroscope; picture-in-picture; web-share\" allowfullscreen><\/iframe><\/p>\n<p>&nbsp;<\/p>\n<hr \/>\n<p>&nbsp;<\/p>\n<blockquote>\n<h3>L&#8217;INCONTRO CON PAOLA CARMIGNOLA DI EMERGENCY<\/h3>\n<\/blockquote>\n<p><strong><a class=\"dt-pswp-item\" href=\"https:\/\/www.radiopiu.net\/wordpress\/wp-content\/uploads\/2023\/01\/Paola-Carmignola.jpg\" data-dt-img-description=\"\" data-large_image_width=\"656\" data-large_image_height=\"1024\"><img loading=\"lazy\" decoding=\"async\" class=\" wp-image-316688 alignleft\" src=\"https:\/\/www.radiopiu.net\/wordpress\/wp-content\/uploads\/2023\/01\/Paola-Carmignola-192x300.jpg\" alt=\"\" width=\"99\" height=\"155\" srcset=\"https:\/\/www.radiopiu.net\/wordpress\/wp-content\/uploads\/2023\/01\/Paola-Carmignola-192x300.jpg 192w, https:\/\/www.radiopiu.net\/wordpress\/wp-content\/uploads\/2023\/01\/Paola-Carmignola.jpg 656w\" sizes=\"auto, (max-width: 99px) 100vw, 99px\" \/><\/a>BELLUNO<\/strong> Dopo il riuscito incontro dello scorso 14 dicembre con Nico Piro, giornalista inviato di guerra, prosegue la collaborazione del Coordinamento provinciale Pace e Disarmo con le realta\u0300 associative locali. Anche a seguito delle richieste di informazioni dirette sui conflitti in corso in tutto il mondo pervenute dai partecipanti alla serata, il Coordinamento Pace e Disarmo, il gruppo Emergency di Belluno e la Pro Loco Pieve Castionese hanno organizzato per sabato 21 gennaio l\u2019iniziativa \u201cEMissioni di pace. Incontro con Paola Carmignola, infermiera di Emergency in Afghanistan e Sierra Leone\u201d. Dalle 12.30 di sabato 21 gennaio alla Casa dei Beni Comuni (ex caserma Piave, via Tiziano Vecellio 82\/1) ci si potra\u0300 incontrare in modo conviviale approfondendo temi e questioni insieme all\u2019ospite (per prenotazioni contattare il numero 320 7661251, specificando se vegetariani o no ed eventuali allergie). Successivamente, alle ore 18 al Teatro San Gaetano di Castion, Paola Carmignola portera\u0300 la sua testimonianza diretta di infermiera di Emergency. L\u2019ingresso e\u0300 libero.<\/p>\n<p>&nbsp;<\/p>\n<p>&nbsp;<\/p>\n<hr \/>\n<p>&nbsp;<\/p>\n<blockquote>\n<h3>OPEN DAY ALLA SCUOLA DELL&#8217;INFANZIA<\/h3>\n<\/blockquote>\n<p><strong>AGORDO<\/strong> Venerdi 20 gennaio dalle 15.30 alle 17.30 sar\u00e0 possibile visitare la scuola dell&#8217;infanzia di Agordo. Info 0437 62261, www.scuolamaternaagordo.it<\/p>\n<p>&nbsp;<\/p>\n<hr \/>\n<blockquote>\n<h3><\/h3>\n<h3>BUZZATI E LIMANA<\/h3>\n<\/blockquote>\n<p><strong>LIMANA<\/strong> Domani alle 20 in sala Nocivelli (Biblioteca comunale saranno presentate la nuove indagini d&#8217;archivio &#8220;Buzzati e il territorio di Limana&#8221; con Orazio De Toffol e Isabella Pilo<\/p>\n<p>&nbsp;<\/p>\n<p>&nbsp;<\/p>\n<hr \/>\n<p>&nbsp;<\/p>\n<blockquote>\n<h3>LA SECONDA SERATA DEDICATA AI CICLOVIAGGI<\/h3>\n<\/blockquote>\n<p><strong>FELTRE <\/strong>Sabato 21 gennaio, alle ore 20.45 in Sala Bianchi a Belluno, ci sar\u00e0 la seconda serata che FIAB Belluno dedica ai cicloviaggi. Nostra ospite sar\u00e0 Raffaella Bonomi che, in solitaria e in tenda ha pedalato lungo tutta l&#8217;Italia, alla ricerca delle sue &#8220;Radici&#8221;. Oltre mille chilometri da superare in 18 giorni e tutti in bicicletta + tenda in solitaria, come se la sua due ruote fosse \u00abun pennarello\u00bb per tracciare un collegamento tra Nord e Sud, tra Lombardia e Basilicata, tra Lumezzane e Grumento Nova, in provincia di Potenza. \u00c8 la nuova avventura dalla cicloviaggiatrice Raffaella Bonomi, 32 anni, partita per raggiungere la citt\u00e0 Lucana che ha dato i natali alla madre, dove \u00e8 stata accolta con una grande festa.<\/p>\n<p>&nbsp;<\/p>\n<p>&nbsp;<\/p>\n<hr \/>\n<p>&nbsp;<\/p>\n<blockquote>\n<h3>IL CONCORSO ARTISTICO DI DOLOMITIHUB<\/h3>\n<\/blockquote>\n<p><strong>FONZASO<\/strong> Quante volte ci hanno detto: \u201cNon giudicare mai un libro dalla copertina\u201d? In effetti, quella prima facciata si limita a custodire una storia, a nascondere un viaggio che l\u2019autore vuole condividere con noi e la copertina non \u00e8 che un assaggio del meraviglioso mondo che scopriremo leggendo. Ma le copertine, realizzate con abilit\u00e0 sartoriali, sono chiamate a raccontare il libro con una sola immagine, capace di racchiudere lo spirito della storia e allo stesso tempo di attrarre la nostra attenzione, cos\u00ec da poterlo sollevare dal tavolo di una libreria o di una biblioteca anche solo per sfogliarlo. A partire da queste considerazioni, Dolomiti Hub, in collaborazione con il Comune di Fonzaso (Biblioteca Comunale), le Scuole in rete di Belluno per un Mondo di Solidariet\u00e0 e Pace e il Gruppo DBS (Libreria Quattro Sass), promuove il concorso \u201cCopertine di viaggio\u201d, rivolto a ragazzi e ragazze dagli 11 ai 14 anni, che sono invitati a mettersi in gioco con creativit\u00e0 per costruire delle nuove copertine per libri gi\u00e0 scritti. All\u2019iniziativa possono partecipare gli studenti e le studentesse delle scuole secondarie di primo grado del distretto feltrino, ovvero quelle di Feltre, Arsi\u00e8, Fonzaso, Lamon, Sovramonte, Mel, Lentiai, Pedavena, Seren del Grappa, Quero, Alano di Piave, Santa Giustina, Cesiomaggiore, Sedico, Sospirolo e Trichiana.<\/p>\n<p>&nbsp;<\/p>\n<p>&nbsp;<\/p>\n<hr \/>\n<p>&nbsp;<\/p>\n<blockquote>\n<blockquote>\n<h3>IL PROGETTO BIO COL ALP CON ORAZIO ANDRICH<\/h3>\n<\/blockquote>\n<p><strong><a class=\"dt-pswp-item\" href=\"https:\/\/www.radiopiu.net\/wordpress\/wp-content\/uploads\/2022\/12\/c0bf0125-b9c3-4d59-bfd9-bc6c56749478-1.jpg\" data-dt-img-description=\"\" data-large_image_width=\"1024\" data-large_image_height=\"577\"><img loading=\"lazy\" decoding=\"async\" class=\" wp-image-313764 alignleft\" src=\"https:\/\/www.radiopiu.net\/wordpress\/wp-content\/uploads\/2022\/12\/c0bf0125-b9c3-4d59-bfd9-bc6c56749478-1-300x169.jpg\" alt=\"\" width=\"181\" height=\"102\" srcset=\"https:\/\/www.radiopiu.net\/wordpress\/wp-content\/uploads\/2022\/12\/c0bf0125-b9c3-4d59-bfd9-bc6c56749478-1-300x169.jpg 300w, https:\/\/www.radiopiu.net\/wordpress\/wp-content\/uploads\/2022\/12\/c0bf0125-b9c3-4d59-bfd9-bc6c56749478-1-768x433.jpg 768w, https:\/\/www.radiopiu.net\/wordpress\/wp-content\/uploads\/2022\/12\/c0bf0125-b9c3-4d59-bfd9-bc6c56749478-1.jpg 1024w\" sizes=\"auto, (max-width: 181px) 100vw, 181px\" \/><\/a>di Mirko Mezzacasa<\/strong><\/p>\n<p>OSPITE: Orazio Andrich<\/p>\n<audio class=\"wp-audio-shortcode\" id=\"audio-316611-7\" preload=\"none\" style=\"width: 100%;\" controls=\"controls\"><source type=\"audio\/mpeg\" src=\"https:\/\/www.radiopiu.net\/wordpress\/wp-content\/uploads\/2022\/12\/orazio-andrich-anticipazione-servizio.mp3?_=7\" \/><a href=\"https:\/\/www.radiopiu.net\/wordpress\/wp-content\/uploads\/2022\/12\/orazio-andrich-anticipazione-servizio.mp3\">https:\/\/www.radiopiu.net\/wordpress\/wp-content\/uploads\/2022\/12\/orazio-andrich-anticipazione-servizio.mp3<\/a><\/audio>\n<p>&nbsp;<\/p>\n<p><iframe loading=\"lazy\" title=\"PREGETTO BIOCOLALP SAN TOMASO 2022\" width=\"1200\" height=\"675\" src=\"https:\/\/www.youtube.com\/embed\/4dSoaEttc7U?feature=oembed\" frameborder=\"0\" allow=\"accelerometer; autoplay; clipboard-write; encrypted-media; gyroscope; picture-in-picture; web-share\" allowfullscreen><\/iframe><\/p>\n<p>&nbsp;<\/p>\n<p>&nbsp;<\/p>\n<p>&nbsp;<\/p><\/blockquote>\n<hr \/>\n<div class=\"column\">\n<h1><span style=\"color: #ff00ff;\">\u00a0<\/span><\/h1>\n<h1><span style=\"color: #ff00ff;\">AGORDINO IN FERMENTO&#8230;AGORDINO IN MOVIMENTO\u00a0<\/span><\/h1>\n<div class=\"column\">\n<p style=\"text-align: left;\"><strong><a class=\"dt-pswp-item\" href=\"https:\/\/www.radiopiu.net\/wordpress\/wp-content\/uploads\/2023\/01\/CASPARETHA_page-0001.jpg\" data-dt-img-description=\"\" data-large_image_width=\"886\" data-large_image_height=\"632\"><img loading=\"lazy\" decoding=\"async\" class=\" wp-image-315112 alignleft\" src=\"https:\/\/www.radiopiu.net\/wordpress\/wp-content\/uploads\/2023\/01\/CASPARETHA_page-0001-300x214.jpg\" alt=\"\" width=\"243\" height=\"173\" srcset=\"https:\/\/www.radiopiu.net\/wordpress\/wp-content\/uploads\/2023\/01\/CASPARETHA_page-0001-300x214.jpg 300w, https:\/\/www.radiopiu.net\/wordpress\/wp-content\/uploads\/2023\/01\/CASPARETHA_page-0001-768x548.jpg 768w, https:\/\/www.radiopiu.net\/wordpress\/wp-content\/uploads\/2023\/01\/CASPARETHA_page-0001.jpg 886w\" sizes=\"auto, (max-width: 243px) 100vw, 243px\" \/><\/a>CANALE D&#8217;AGORDO<\/strong> Sabato 4 febbraio \u00e8 in programma la Casparetha 2023, camminata competitiva e non in notturna con racchette da neve su tracciato di circa 5 km.<\/p>\n<p><strong>di Gianni Santomaso<\/strong><\/p>\n<audio class=\"wp-audio-shortcode\" id=\"audio-316611-8\" preload=\"none\" style=\"width: 100%;\" controls=\"controls\"><source type=\"audio\/mpeg\" src=\"https:\/\/www.radiopiu.net\/wordpress\/wp-content\/uploads\/2023\/01\/GIANNI-CASPARETHA.mp3?_=8\" \/><a href=\"https:\/\/www.radiopiu.net\/wordpress\/wp-content\/uploads\/2023\/01\/GIANNI-CASPARETHA.mp3\">https:\/\/www.radiopiu.net\/wordpress\/wp-content\/uploads\/2023\/01\/GIANNI-CASPARETHA.mp3<\/a><\/audio>\n<p>&nbsp;<\/p>\n<hr \/>\n<\/div>\n<\/div>\n<p>&nbsp;<\/p>\n<p><iframe loading=\"lazy\" title=\"Radio Pi\u00f9 festeggia i suoi primi 40 anni di attivit\u00e0\" width=\"1200\" height=\"675\" src=\"https:\/\/www.youtube.com\/embed\/6ptB04FauBE?feature=oembed\" frameborder=\"0\" allow=\"accelerometer; autoplay; clipboard-write; encrypted-media; gyroscope; picture-in-picture; web-share\" allowfullscreen><\/iframe><\/p>\n<p>&nbsp;<\/p>\n<p>&nbsp;<\/p>\n<p>&nbsp;<\/p>\n<hr \/>\n<p>&nbsp;<\/p>\n<blockquote>\n<h3>CLAUDIA CAGNATI E IL SUO &#8220;L&#8217;UNIVERSO TRA LE DITA&#8221;<\/h3>\n<\/blockquote>\n<p><strong>REDAZIONE<\/strong> Negli studi di Radio Pi\u00f9 ospite Claudia Cagnati per presentare il suo album &#8220;L&#8217;Universo Tra Le Dita&#8221;<\/p>\n<p><strong>LA DIRETTA RADIO PIU&#8217;<\/strong><\/p>\n<p><iframe loading=\"lazy\" title=\"CLAUDIA CAGNATI E SIEGFRIED URSH (SIGO) A RADIO PIU&#039;\" width=\"1200\" height=\"675\" src=\"https:\/\/www.youtube.com\/embed\/7aT7_kbxSGo?feature=oembed\" frameborder=\"0\" allow=\"accelerometer; autoplay; clipboard-write; encrypted-media; gyroscope; picture-in-picture; web-share\" allowfullscreen><\/iframe><\/p>\n<p>&nbsp;<\/p>\n<hr \/>\n<p>&nbsp;<\/p>\n<blockquote>\n<h2>APPUNTAMENTI &#8211; EVENTI<\/h2>\n<\/blockquote>\n\n\t\t\t<style type='text\/css'>\n\t\t\t\t#gallery-7 {\n\t\t\t\t\tmargin: auto;\n\t\t\t\t}\n\t\t\t\t#gallery-7 .gallery-item {\n\t\t\t\t\tfloat: left;\n\t\t\t\t\tmargin-top: 10px;\n\t\t\t\t\ttext-align: center;\n\t\t\t\t\twidth: 20%;\n\t\t\t\t}\n\t\t\t\t#gallery-7 img {\n\t\t\t\t\tborder: 2px solid #cfcfcf;\n\t\t\t\t}\n\t\t\t\t#gallery-7 .gallery-caption {\n\t\t\t\t\tmargin-left: 0;\n\t\t\t\t}\n\t\t\t\t\/* see gallery_shortcode() in wp-includes\/media.php *\/\n\t\t\t<\/style>\n\t\t<div id='gallery-7' class='dt-gallery-container gallery galleryid-316611 gallery-columns-5 gallery-size-thumbnail'><dl class='gallery-item'>\n\t\t\t\t<dt class='gallery-icon portrait'>\n\t\t\t\t\t<a class=\"rollover rollover-zoom dt-pswp-item\" title=\"34712c4d-1310-4db5-a620-fe6ede9a0848\" data-dt-img-description=\"\" data-large_image_width=\"1131\" data-large_image_height=\"1600\"href='https:\/\/www.radiopiu.net\/wordpress\/wp-content\/uploads\/2023\/01\/34712c4d-1310-4db5-a620-fe6ede9a0848.jpg'><img loading=\"lazy\" decoding=\"async\" width=\"150\" height=\"150\" src=\"https:\/\/www.radiopiu.net\/wordpress\/wp-content\/uploads\/2023\/01\/34712c4d-1310-4db5-a620-fe6ede9a0848-150x150.jpg\" class=\"attachment-thumbnail size-thumbnail\" alt=\"\" aria-describedby=\"gallery-7-316092\" \/><\/a>\n\t\t\t\t<\/dt>\n\t\t\t\t\t<dd class='wp-caption-text gallery-caption' id='gallery-7-316092'>\n\t\t\t\t\tDAL FARRA E BAND IN CONCERTO A LONGARONE\n\t\t\t\t\t<\/dd><\/dl><dl class='gallery-item'>\n\t\t\t\t<dt class='gallery-icon portrait'>\n\t\t\t\t\t<a class=\"rollover rollover-zoom dt-pswp-item\" title=\"323229347_2844929715651064_3411250484413883413_n\" data-dt-img-description=\"\" data-large_image_width=\"724\" data-large_image_height=\"1024\"href='https:\/\/www.radiopiu.net\/wordpress\/wp-content\/uploads\/2023\/01\/323229347_2844929715651064_3411250484413883413_n.jpg'><img loading=\"lazy\" decoding=\"async\" width=\"150\" height=\"150\" src=\"https:\/\/www.radiopiu.net\/wordpress\/wp-content\/uploads\/2023\/01\/323229347_2844929715651064_3411250484413883413_n-150x150.jpg\" class=\"attachment-thumbnail size-thumbnail\" alt=\"\" aria-describedby=\"gallery-7-316095\" \/><\/a>\n\t\t\t\t<\/dt>\n\t\t\t\t\t<dd class='wp-caption-text gallery-caption' id='gallery-7-316095'>\n\t\t\t\t\tSAN BASTIAN, PATRONO DI FALCADE\n\t\t\t\t\t<\/dd><\/dl><dl class='gallery-item'>\n\t\t\t\t<dt class='gallery-icon portrait'>\n\t\t\t\t\t<a class=\"rollover rollover-zoom dt-pswp-item\" title=\"323705541_1631039457354113_1450674556092689641_n\" data-dt-img-description=\"\" data-large_image_width=\"1546\" data-large_image_height=\"2048\"href='https:\/\/www.radiopiu.net\/wordpress\/wp-content\/uploads\/2023\/01\/323705541_1631039457354113_1450674556092689641_n-1.jpg'><img loading=\"lazy\" decoding=\"async\" width=\"150\" height=\"150\" src=\"https:\/\/www.radiopiu.net\/wordpress\/wp-content\/uploads\/2023\/01\/323705541_1631039457354113_1450674556092689641_n-1-150x150.jpg\" class=\"attachment-thumbnail size-thumbnail\" alt=\"\" aria-describedby=\"gallery-7-316096\" \/><\/a>\n\t\t\t\t<\/dt>\n\t\t\t\t\t<dd class='wp-caption-text gallery-caption' id='gallery-7-316096'>\n\t\t\t\t\tLE IMMAGINI D&#8217;EPOCA\n\t\t\t\t\t<\/dd><\/dl><dl class='gallery-item'>\n\t\t\t\t<dt class='gallery-icon portrait'>\n\t\t\t\t\t<a class=\"rollover rollover-zoom dt-pswp-item\" title=\"49598d1e-268d-4442-ba35-17b22ecdadf1\" data-dt-img-description=\"\" data-large_image_width=\"1131\" data-large_image_height=\"1600\"href='https:\/\/www.radiopiu.net\/wordpress\/wp-content\/uploads\/2023\/01\/49598d1e-268d-4442-ba35-17b22ecdadf1.jpg'><img loading=\"lazy\" decoding=\"async\" width=\"150\" height=\"150\" src=\"https:\/\/www.radiopiu.net\/wordpress\/wp-content\/uploads\/2023\/01\/49598d1e-268d-4442-ba35-17b22ecdadf1-150x150.jpg\" class=\"attachment-thumbnail size-thumbnail\" alt=\"\" aria-describedby=\"gallery-7-316573\" \/><\/a>\n\t\t\t\t<\/dt>\n\t\t\t\t\t<dd class='wp-caption-text gallery-caption' id='gallery-7-316573'>\n\t\t\t\t\tSAGRA DE SANT&#8217;ANTONE\n\t\t\t\t\t<\/dd><\/dl><dl class='gallery-item'>\n\t\t\t\t<dt class='gallery-icon portrait'>\n\t\t\t\t\t<a class=\"rollover rollover-zoom dt-pswp-item\" title=\"3344b20c-8366-4e1c-8338-842c7c98739e\" data-dt-img-description=\"\" data-large_image_width=\"1131\" data-large_image_height=\"1600\"href='https:\/\/www.radiopiu.net\/wordpress\/wp-content\/uploads\/2023\/01\/3344b20c-8366-4e1c-8338-842c7c98739e.jpg'><img loading=\"lazy\" decoding=\"async\" width=\"150\" height=\"150\" src=\"https:\/\/www.radiopiu.net\/wordpress\/wp-content\/uploads\/2023\/01\/3344b20c-8366-4e1c-8338-842c7c98739e-150x150.jpg\" class=\"attachment-thumbnail size-thumbnail\" alt=\"\" aria-describedby=\"gallery-7-316574\" \/><\/a>\n\t\t\t\t<\/dt>\n\t\t\t\t\t<dd class='wp-caption-text gallery-caption' id='gallery-7-316574'>\n\t\t\t\t\tBAL DE SANT&#8217;ANTONE\n\t\t\t\t\t<\/dd><\/dl><br style=\"clear: both\" \/>\n\t\t\t<\/div>\n\n<p>&nbsp;<\/p>\n<hr \/>\n<p>&nbsp;<\/p>\n<blockquote>\n<h3>\u201cUNA STRADA LUNGA CENT\u2019ANNI\u201d (DA LONGARONE A CIMOLAIS) ILLUSTRATA (MAGGIO DEL 2015) NEL LIBRO DI ELDA DEON CARDIN<\/h3>\n<\/blockquote>\n<p><strong>di Renato Bona<\/strong><\/p>\n<p>Per la serie \u201cQuaderni Pulchra\u201d nel maggio del 2015 l\u2019amica ed ex compagna di scuola Elda Deon Cardin &#8211; appassionata fin da bambina di storia locale \u00e8 anche collezionista di cartoline antiche della Valle del Piave e della Valle del Vajont ed ha fondato la piccolissima casa editrice Pulchra con la quale ha realizzato varie pubblicazioni &#8211; dava alle stampe con Grafiche Longaronesi il libro \u201cUna strada lunga cent\u2019anni (da Longarone a Cimolais)\u201d arricchito da poesie di Eliana Olivotto e disegni di Angelo Olivotto. In copertina la foto \u201cstorica\u201d, concessa dalla famiglia Pontone, dei lavori per la costruzione della strada nella Valle del Vajont; in quarta di copertina (concessa dal Genio militare di Roma) quella della strada delle Prealpi Carniche con un punto caratteristico della Valle del Vajont. A proposito di fotografie va sottolineata la preziosa collaborazione dell\u2019Ufficio storico dello Stato maggiore Esercito che ha concesso, oltre ai testi, le immagini riprodotte dalla pagina 142 alla 176). Come in precedenti occasioni, la presentazione del pregevole lavoro (sul quale avremo occasione di tornare) di Elda Deon Cardin (longaronese di nascita vive a Belluno ma ha conservato forti legami col paese natio) \u00e8 stata curata dal prof. Gioacchino Bratti il quale scrive fra l\u2019altro che: \u201cElda ci consegna cos\u00ec un vero capolavoro, da ammirare e da ritenere, affinch\u00e9 il nostro sguardo, pure offuscato da un velo di mestizia nella memoria di quell\u2019ormai lontano autunno del 1963 &#8211; qui ricordato da testimonianze vive, sobrie ed eloquenti &#8211; allorch\u00e9 si rivolge a questi luoghi li guardi con l\u2019attenzione e l\u2019ammirazione con cui si guarda alle cose grandi e importanti. Elda ce lo dona non solo con il suo paziente, accurato e creativo lavoro di ricercatrice, ma anche e soprattutto con il cuore di chi verso questa terra nutre profondi affetti e intimi ricordi e con altrettanto cuore a noi viene suggerito di leggerlo e goderne e conservarne incanto e valori\u201d. Dopo l\u2019introduzione dell\u2019autrice, la quale spiega che \u201cla sua storia di una strada nasce dal ritrovamento in uno dei miei soliti giri per mercatini, di un album fotografico del 1910, relativo alla costruenda strada che da Longarone portava a Erto (immagini riprodotte nella pubblicazione)\u201d e aggiunge: \u201cDocumentandomi presso archivi storici e biblioteche ho potuto constatare che molte vicende si sono svolte nei luoghi delle Valli del Vajont e del Piave. In particolare nel 1281 abbiamo documenti di vendita del monte Embulon fatta da signori bellunesi ai villaggi di Dogna, Provagna e Soverzene. Allora, per salire fino ai villaggi di Erto e Casso, si poteva usufruire di un sentiero di montagna percorribile solo a piedi, che partiva da Codissago, oppure dal sentiero che da Dogna porta al monte Toc\u2026\u201d e conclude ricordando che: \u201cMolti avvenimenti storici sono accaduti in questa strada. In particolare il ponte Colomb\u00e8r \u00e8 stato fatto saltare dagli austriaci nella prima guerra mondiale e dopo dai partigiani nella seconda. Con la costruzione della diga del Vajont, dal 1960 la strada \u00e8 stata interrotta, portando la viabilit\u00e0 sulla zona dei Pascoli, alla destra del Vajonb ed \u00e8 tuttora il percorso verso il Friuli\u201d. Giovanni Larese dedica quindi alcune pagine alla riproduzione proprio del contratto di vendita di un \u2018monte\u2019 ubicato nel territorio della pieve di Lavazzo che confina con il corso del Vajont, il corso del Piave e la \u2018Garinam\u2019. Il \u2018monte\u2019 \u00e8 un terreno destinato al pascolo, compreso tra il bosco e le rocce, ma il testo parla anche del diritto di caccia &#8211; fatta di solito nel bosco &#8211; e di \u2018sapare\u2019 cio\u00e8 disboscare e ridurre ad uso agricolo. E spiega: \u201cL\u2019appezzamento viene venduto per 400 lire venete da due cittadini di Belluno (Saracino figlio del defunto Mambertino e Pandfolfino &#8211; detto \u2018Capella\u2019 &#8211; cio\u00e8 \u2018capretta\u2019 &#8211; figlio del defunto Giacomino Paoletti) ad alcuni abitanti della zona: i fratelli Dionisio e Gottardo da Soverzene, Lionello da Soverzene, Pietro da Provagn, Natale e Gerardino da Dogna\u201d.<\/p>\n\n\t\t\t<style type='text\/css'>\n\t\t\t\t#gallery-8 {\n\t\t\t\t\tmargin: auto;\n\t\t\t\t}\n\t\t\t\t#gallery-8 .gallery-item {\n\t\t\t\t\tfloat: left;\n\t\t\t\t\tmargin-top: 10px;\n\t\t\t\t\ttext-align: center;\n\t\t\t\t\twidth: 20%;\n\t\t\t\t}\n\t\t\t\t#gallery-8 img {\n\t\t\t\t\tborder: 2px solid #cfcfcf;\n\t\t\t\t}\n\t\t\t\t#gallery-8 .gallery-caption {\n\t\t\t\t\tmargin-left: 0;\n\t\t\t\t}\n\t\t\t\t\/* see gallery_shortcode() in wp-includes\/media.php *\/\n\t\t\t<\/style>\n\t\t<div id='gallery-8' class='dt-gallery-container gallery galleryid-316611 gallery-columns-5 gallery-size-thumbnail'><dl class='gallery-item'>\n\t\t\t\t<dt class='gallery-icon landscape'>\n\t\t\t\t\t<a class=\"rollover rollover-zoom dt-pswp-item\" title=\"321399481_508004878102659_2427988328003970196_n\" data-dt-img-description=\"\" data-large_image_width=\"414\" data-large_image_height=\"403\"href='https:\/\/www.radiopiu.net\/wordpress\/wp-content\/uploads\/2023\/01\/321399481_508004878102659_2427988328003970196_n.jpg'><img loading=\"lazy\" decoding=\"async\" width=\"150\" height=\"150\" src=\"https:\/\/www.radiopiu.net\/wordpress\/wp-content\/uploads\/2023\/01\/321399481_508004878102659_2427988328003970196_n-150x150.jpg\" class=\"attachment-thumbnail size-thumbnail\" alt=\"\" \/><\/a>\n\t\t\t\t<\/dt><\/dl><dl class='gallery-item'>\n\t\t\t\t<dt class='gallery-icon landscape'>\n\t\t\t\t\t<a class=\"rollover rollover-zoom dt-pswp-item\" title=\"321494177_506875814890127_975229521413673549_n\" data-dt-img-description=\"\" data-large_image_width=\"497\" data-large_image_height=\"403\"href='https:\/\/www.radiopiu.net\/wordpress\/wp-content\/uploads\/2023\/01\/321494177_506875814890127_975229521413673549_n.jpg'><img loading=\"lazy\" decoding=\"async\" width=\"150\" height=\"150\" src=\"https:\/\/www.radiopiu.net\/wordpress\/wp-content\/uploads\/2023\/01\/321494177_506875814890127_975229521413673549_n-150x150.jpg\" class=\"attachment-thumbnail size-thumbnail\" alt=\"\" \/><\/a>\n\t\t\t\t<\/dt><\/dl><dl class='gallery-item'>\n\t\t\t\t<dt class='gallery-icon landscape'>\n\t\t\t\t\t<a class=\"rollover rollover-zoom dt-pswp-item\" title=\"321589273_717157266644004_628052786871938702_n\" data-dt-img-description=\"\" data-large_image_width=\"492\" data-large_image_height=\"403\"href='https:\/\/www.radiopiu.net\/wordpress\/wp-content\/uploads\/2023\/01\/321589273_717157266644004_628052786871938702_n.jpg'><img loading=\"lazy\" decoding=\"async\" width=\"150\" height=\"150\" src=\"https:\/\/www.radiopiu.net\/wordpress\/wp-content\/uploads\/2023\/01\/321589273_717157266644004_628052786871938702_n-150x150.jpg\" class=\"attachment-thumbnail size-thumbnail\" alt=\"\" \/><\/a>\n\t\t\t\t<\/dt><\/dl><dl class='gallery-item'>\n\t\t\t\t<dt class='gallery-icon landscape'>\n\t\t\t\t\t<a class=\"rollover rollover-zoom dt-pswp-item\" title=\"321653659_549977580182590_7973425180863491688_n\" data-dt-img-description=\"\" data-large_image_width=\"658\" data-large_image_height=\"403\"href='https:\/\/www.radiopiu.net\/wordpress\/wp-content\/uploads\/2023\/01\/321653659_549977580182590_7973425180863491688_n.jpg'><img loading=\"lazy\" decoding=\"async\" width=\"150\" height=\"150\" src=\"https:\/\/www.radiopiu.net\/wordpress\/wp-content\/uploads\/2023\/01\/321653659_549977580182590_7973425180863491688_n-150x150.jpg\" class=\"attachment-thumbnail size-thumbnail\" alt=\"\" \/><\/a>\n\t\t\t\t<\/dt><\/dl><dl class='gallery-item'>\n\t\t\t\t<dt class='gallery-icon landscape'>\n\t\t\t\t\t<a class=\"rollover rollover-zoom dt-pswp-item\" title=\"321727173_1279090632659365_732051324777564106_n\" data-dt-img-description=\"\" data-large_image_width=\"509\" data-large_image_height=\"403\"href='https:\/\/www.radiopiu.net\/wordpress\/wp-content\/uploads\/2023\/01\/321727173_1279090632659365_732051324777564106_n.jpg'><img loading=\"lazy\" decoding=\"async\" width=\"150\" height=\"150\" src=\"https:\/\/www.radiopiu.net\/wordpress\/wp-content\/uploads\/2023\/01\/321727173_1279090632659365_732051324777564106_n-150x150.jpg\" class=\"attachment-thumbnail size-thumbnail\" alt=\"\" \/><\/a>\n\t\t\t\t<\/dt><\/dl><br style=\"clear: both\" \/><dl class='gallery-item'>\n\t\t\t\t<dt class='gallery-icon landscape'>\n\t\t\t\t\t<a class=\"rollover rollover-zoom dt-pswp-item\" title=\"321727173_1781746352199188_8555297270621411795_n\" data-dt-img-description=\"\" data-large_image_width=\"470\" data-large_image_height=\"403\"href='https:\/\/www.radiopiu.net\/wordpress\/wp-content\/uploads\/2023\/01\/321727173_1781746352199188_8555297270621411795_n.jpg'><img loading=\"lazy\" decoding=\"async\" width=\"150\" height=\"150\" src=\"https:\/\/www.radiopiu.net\/wordpress\/wp-content\/uploads\/2023\/01\/321727173_1781746352199188_8555297270621411795_n-150x150.jpg\" class=\"attachment-thumbnail size-thumbnail\" alt=\"\" \/><\/a>\n\t\t\t\t<\/dt><\/dl><dl class='gallery-item'>\n\t\t\t\t<dt class='gallery-icon portrait'>\n\t\t\t\t\t<a class=\"rollover rollover-zoom dt-pswp-item\" title=\"321968158_850164303058464_7346133087409278670_n\" data-dt-img-description=\"\" data-large_image_width=\"400\" data-large_image_height=\"403\"href='https:\/\/www.radiopiu.net\/wordpress\/wp-content\/uploads\/2023\/01\/321968158_850164303058464_7346133087409278670_n.jpg'><img loading=\"lazy\" decoding=\"async\" width=\"150\" height=\"150\" src=\"https:\/\/www.radiopiu.net\/wordpress\/wp-content\/uploads\/2023\/01\/321968158_850164303058464_7346133087409278670_n-150x150.jpg\" class=\"attachment-thumbnail size-thumbnail\" alt=\"\" srcset=\"https:\/\/www.radiopiu.net\/wordpress\/wp-content\/uploads\/2023\/01\/321968158_850164303058464_7346133087409278670_n-150x150.jpg 150w, https:\/\/www.radiopiu.net\/wordpress\/wp-content\/uploads\/2023\/01\/321968158_850164303058464_7346133087409278670_n-298x300.jpg 298w, https:\/\/www.radiopiu.net\/wordpress\/wp-content\/uploads\/2023\/01\/321968158_850164303058464_7346133087409278670_n.jpg 400w\" sizes=\"auto, (max-width: 150px) 100vw, 150px\" \/><\/a>\n\t\t\t\t<\/dt><\/dl><dl class='gallery-item'>\n\t\t\t\t<dt class='gallery-icon landscape'>\n\t\t\t\t\t<a class=\"rollover rollover-zoom dt-pswp-item\" title=\"322016508_3218477125109610_4608672808274811209_n\" data-dt-img-description=\"\" data-large_image_width=\"457\" data-large_image_height=\"403\"href='https:\/\/www.radiopiu.net\/wordpress\/wp-content\/uploads\/2023\/01\/322016508_3218477125109610_4608672808274811209_n.jpg'><img loading=\"lazy\" decoding=\"async\" width=\"150\" height=\"150\" src=\"https:\/\/www.radiopiu.net\/wordpress\/wp-content\/uploads\/2023\/01\/322016508_3218477125109610_4608672808274811209_n-150x150.jpg\" class=\"attachment-thumbnail size-thumbnail\" alt=\"\" \/><\/a>\n\t\t\t\t<\/dt><\/dl><dl class='gallery-item'>\n\t\t\t\t<dt class='gallery-icon landscape'>\n\t\t\t\t\t<a class=\"rollover rollover-zoom dt-pswp-item\" title=\"323103568_598370052099798_4844535567807602770_n\" data-dt-img-description=\"\" data-large_image_width=\"573\" data-large_image_height=\"403\"href='https:\/\/www.radiopiu.net\/wordpress\/wp-content\/uploads\/2023\/01\/323103568_598370052099798_4844535567807602770_n.jpg'><img loading=\"lazy\" decoding=\"async\" width=\"150\" height=\"150\" src=\"https:\/\/www.radiopiu.net\/wordpress\/wp-content\/uploads\/2023\/01\/323103568_598370052099798_4844535567807602770_n-150x150.jpg\" class=\"attachment-thumbnail size-thumbnail\" alt=\"\" \/><\/a>\n\t\t\t\t<\/dt><\/dl><dl class='gallery-item'>\n\t\t\t\t<dt class='gallery-icon landscape'>\n\t\t\t\t\t<a class=\"rollover rollover-zoom dt-pswp-item\" title=\"323588114_853269165904238_3293818005836595525_n\" data-dt-img-description=\"\" data-large_image_width=\"633\" data-large_image_height=\"403\"href='https:\/\/www.radiopiu.net\/wordpress\/wp-content\/uploads\/2023\/01\/323588114_853269165904238_3293818005836595525_n.jpg'><img loading=\"lazy\" decoding=\"async\" width=\"150\" height=\"150\" src=\"https:\/\/www.radiopiu.net\/wordpress\/wp-content\/uploads\/2023\/01\/323588114_853269165904238_3293818005836595525_n-150x150.jpg\" class=\"attachment-thumbnail size-thumbnail\" alt=\"\" \/><\/a>\n\t\t\t\t<\/dt><\/dl><br style=\"clear: both\" \/><dl class='gallery-item'>\n\t\t\t\t<dt class='gallery-icon portrait'>\n\t\t\t\t\t<a class=\"rollover rollover-zoom dt-pswp-item\" title=\"323804578_1184988485487688_2168049307147348380_n\" data-dt-img-description=\"\" data-large_image_width=\"343\" data-large_image_height=\"403\"href='https:\/\/www.radiopiu.net\/wordpress\/wp-content\/uploads\/2023\/01\/323804578_1184988485487688_2168049307147348380_n.jpg'><img loading=\"lazy\" decoding=\"async\" width=\"150\" height=\"150\" src=\"https:\/\/www.radiopiu.net\/wordpress\/wp-content\/uploads\/2023\/01\/323804578_1184988485487688_2168049307147348380_n-150x150.jpg\" class=\"attachment-thumbnail size-thumbnail\" alt=\"\" \/><\/a>\n\t\t\t\t<\/dt><\/dl><dl class='gallery-item'>\n\t\t\t\t<dt class='gallery-icon landscape'>\n\t\t\t\t\t<a class=\"rollover rollover-zoom dt-pswp-item\" title=\"324041728_726684995438450_6111106387857976390_n\" data-dt-img-description=\"\" data-large_image_width=\"647\" data-large_image_height=\"403\"href='https:\/\/www.radiopiu.net\/wordpress\/wp-content\/uploads\/2023\/01\/324041728_726684995438450_6111106387857976390_n.jpg'><img loading=\"lazy\" decoding=\"async\" width=\"150\" height=\"150\" src=\"https:\/\/www.radiopiu.net\/wordpress\/wp-content\/uploads\/2023\/01\/324041728_726684995438450_6111106387857976390_n-150x150.jpg\" class=\"attachment-thumbnail size-thumbnail\" alt=\"\" \/><\/a>\n\t\t\t\t<\/dt><\/dl><dl class='gallery-item'>\n\t\t\t\t<dt class='gallery-icon landscape'>\n\t\t\t\t\t<a class=\"rollover rollover-zoom dt-pswp-item\" title=\"324072718_3659186574312606_6462163383281694788_n\" data-dt-img-description=\"\" data-large_image_width=\"499\" data-large_image_height=\"403\"href='https:\/\/www.radiopiu.net\/wordpress\/wp-content\/uploads\/2023\/01\/324072718_3659186574312606_6462163383281694788_n.jpg'><img loading=\"lazy\" decoding=\"async\" width=\"150\" height=\"150\" src=\"https:\/\/www.radiopiu.net\/wordpress\/wp-content\/uploads\/2023\/01\/324072718_3659186574312606_6462163383281694788_n-150x150.jpg\" class=\"attachment-thumbnail size-thumbnail\" alt=\"\" \/><\/a>\n\t\t\t\t<\/dt><\/dl><dl class='gallery-item'>\n\t\t\t\t<dt class='gallery-icon landscape'>\n\t\t\t\t\t<a class=\"rollover rollover-zoom dt-pswp-item\" title=\"324978874_1225912531368319_6847240645050557142_n\" data-dt-img-description=\"\" data-large_image_width=\"600\" data-large_image_height=\"401\"href='https:\/\/www.radiopiu.net\/wordpress\/wp-content\/uploads\/2023\/01\/324978874_1225912531368319_6847240645050557142_n.jpg'><img loading=\"lazy\" decoding=\"async\" width=\"150\" height=\"150\" src=\"https:\/\/www.radiopiu.net\/wordpress\/wp-content\/uploads\/2023\/01\/324978874_1225912531368319_6847240645050557142_n-150x150.jpg\" class=\"attachment-thumbnail size-thumbnail\" alt=\"\" \/><\/a>\n\t\t\t\t<\/dt><\/dl><dl class='gallery-item'>\n\t\t\t\t<dt class='gallery-icon landscape'>\n\t\t\t\t\t<a class=\"rollover rollover-zoom dt-pswp-item\" title=\"325229043_868006317653628_8552283375261038234_n\" data-dt-img-description=\"\" data-large_image_width=\"572\" data-large_image_height=\"403\"href='https:\/\/www.radiopiu.net\/wordpress\/wp-content\/uploads\/2023\/01\/325229043_868006317653628_8552283375261038234_n.jpg'><img loading=\"lazy\" decoding=\"async\" width=\"150\" height=\"150\" src=\"https:\/\/www.radiopiu.net\/wordpress\/wp-content\/uploads\/2023\/01\/325229043_868006317653628_8552283375261038234_n-150x150.jpg\" class=\"attachment-thumbnail size-thumbnail\" alt=\"\" \/><\/a>\n\t\t\t\t<\/dt><\/dl><br style=\"clear: both\" \/>\n\t\t\t<\/div>\n\n<p>&nbsp;<\/p>\n<p>NELLE FOTO (riproduzioni dal libro di Elda Deon Cardin \u201cUna strada lunga cent\u2019anni (da Longarone a Cimolais)\u201d: la copertina dedicata ad una fase dei lavori di costruzione della strada; 1911-12: da Longarone a Meduno da un punto caratteristico della Valle del Vajont; il centro di Casso lambito dalla frana del 1674; vecchia strada sulle mensole sopra il torrente Cellina; la serie dei disegni di Angelo Olivotto; sul ponte Campelli di Longarone; sulla passerella, allo sbocco del Vajont sul Piave.<\/p>\n<p>&nbsp;<\/p>\n<p>&nbsp;<\/p>\n<hr \/>\n<p>&nbsp;<\/p>\n<blockquote class=\"wp-embedded-content\" data-secret=\"b13BGdfCWm\"><p><a href=\"https:\/\/www.radiopiu.net\/wordpress\/il-libro-sui-grandi-disastri-del-700-a-la-valle-agordina\/\">IL LIBRO SUI GRANDI DISASTRI DEL &#8216;700 A LA VALLE AGORDINA<\/a><\/p><\/blockquote>\n<p><iframe loading=\"lazy\" class=\"wp-embedded-content\" sandbox=\"allow-scripts\" security=\"restricted\" style=\"position: absolute; clip: rect(1px, 1px, 1px, 1px);\" title=\"&#8220;IL LIBRO SUI GRANDI DISASTRI DEL &#8216;700 A LA VALLE AGORDINA&#8221; &#8212; Radio Pi\u00f9\" src=\"https:\/\/www.radiopiu.net\/wordpress\/il-libro-sui-grandi-disastri-del-700-a-la-valle-agordina\/embed\/#?secret=lTtYa2fmAI#?secret=b13BGdfCWm\" data-secret=\"b13BGdfCWm\" width=\"600\" height=\"338\" frameborder=\"0\" marginwidth=\"0\" marginheight=\"0\" scrolling=\"no\"><\/iframe><\/p>\n<p>&nbsp;<\/p>\n<hr \/>\n<p>&nbsp;<\/p>\n<h2><strong><a class=\"dt-pswp-item\" href=\"https:\/\/www.radiopiu.net\/wordpress\/wp-content\/uploads\/2020\/12\/DON-GIORGIO-LISE.jpg\" data-dt-img-description=\"\" data-large_image_width=\"1600\" data-large_image_height=\"901\"><img loading=\"lazy\" decoding=\"async\" class=\" wp-image-177420 alignleft\" src=\"https:\/\/www.radiopiu.net\/wordpress\/wp-content\/uploads\/2020\/12\/DON-GIORGIO-LISE-300x169.jpg\" alt=\"\" width=\"241\" height=\"136\" srcset=\"https:\/\/www.radiopiu.net\/wordpress\/wp-content\/uploads\/2020\/12\/DON-GIORGIO-LISE-300x169.jpg 300w, https:\/\/www.radiopiu.net\/wordpress\/wp-content\/uploads\/2020\/12\/DON-GIORGIO-LISE-1024x577.jpg 1024w, https:\/\/www.radiopiu.net\/wordpress\/wp-content\/uploads\/2020\/12\/DON-GIORGIO-LISE-768x432.jpg 768w, https:\/\/www.radiopiu.net\/wordpress\/wp-content\/uploads\/2020\/12\/DON-GIORGIO-LISE-1536x865.jpg 1536w, https:\/\/www.radiopiu.net\/wordpress\/wp-content\/uploads\/2020\/12\/DON-GIORGIO-LISE.jpg 1600w\" sizes=\"auto, (max-width: 241px) 100vw, 241px\" \/><\/a><\/strong><span style=\"color: #33cccc;\">DUE MINUTI PER TE<\/span><\/h2>\n<p><strong>APPUNTAMENTO DOMENICALE CON MONSIGNOR GIORGIO LISE<\/strong><\/p>\n<audio class=\"wp-audio-shortcode\" id=\"audio-316611-9\" preload=\"none\" style=\"width: 100%;\" controls=\"controls\"><source type=\"audio\/mpeg\" src=\"https:\/\/www.radiopiu.net\/wordpress\/wp-content\/uploads\/2023\/01\/DON-GIORGIO-1.mp3?_=9\" \/><a href=\"https:\/\/www.radiopiu.net\/wordpress\/wp-content\/uploads\/2023\/01\/DON-GIORGIO-1.mp3\">https:\/\/www.radiopiu.net\/wordpress\/wp-content\/uploads\/2023\/01\/DON-GIORGIO-1.mp3<\/a><\/audio>\n<p>&nbsp;<\/p>\n<hr \/>\n<p>&nbsp;<\/p>\n<div>\n<div class=\"b654a4as d2edcug0\">\n<div class=\"rq0escxv hkbzh7o3 jwdofwj8 n8tt0mok r8blr3vg hyh9befq\">\n<p><a class=\"dt-pswp-item\" href=\"https:\/\/www.radiopiu.net\/wordpress\/wp-content\/uploads\/2020\/10\/pp.jpg\" data-dt-img-description=\"\" data-large_image_width=\"640\" data-large_image_height=\"640\"><img loading=\"lazy\" decoding=\"async\" class=\"wp-image-163678 alignleft\" src=\"https:\/\/www.radiopiu.net\/wordpress\/wp-content\/uploads\/2020\/10\/pp-300x300.jpg\" alt=\"\" width=\"106\" height=\"106\" srcset=\"https:\/\/www.radiopiu.net\/wordpress\/wp-content\/uploads\/2020\/10\/pp-300x300.jpg 300w, https:\/\/www.radiopiu.net\/wordpress\/wp-content\/uploads\/2020\/10\/pp-150x150.jpg 150w, https:\/\/www.radiopiu.net\/wordpress\/wp-content\/uploads\/2020\/10\/pp-125x125.jpg 125w, https:\/\/www.radiopiu.net\/wordpress\/wp-content\/uploads\/2020\/10\/pp-200x200.jpg 200w, https:\/\/www.radiopiu.net\/wordpress\/wp-content\/uploads\/2020\/10\/pp-80x80.jpg 80w, https:\/\/www.radiopiu.net\/wordpress\/wp-content\/uploads\/2020\/10\/pp-480x480.jpg 480w, https:\/\/www.radiopiu.net\/wordpress\/wp-content\/uploads\/2020\/10\/pp.jpg 640w\" sizes=\"auto, (max-width: 106px) 100vw, 106px\" \/><\/a><\/p>\n<\/div>\n<\/div>\n<\/div>\n<div>\n<div class=\"page-title-head hgroup\">\n<div class=\"page-title-head hgroup\">\n<div class=\"b654a4as d2edcug0\">\n<div class=\"j83agx80 btwxx1t3 lhclo0ds hop8lmos nkwizq5d scwd0bx6 roh60bw9\">\n<div class=\"rq0escxv hkbzh7o3 jwdofwj8 n8tt0mok r8blr3vg hyh9befq\">\n<div class=\"do00u71z l9j0dhe7 k4urcfbm\" style=\"text-align: left;\">\n<h2><span style=\"color: #000080;\">DON CESARE, IL PENSIERO DEL GIORNO. ALLA RADIO ALLE 7 DEL MATTINO E ALLE 19.30 DELLA SERA\u00a0<\/span><\/h2>\n<audio class=\"wp-audio-shortcode\" id=\"audio-316611-10\" preload=\"none\" style=\"width: 100%;\" controls=\"controls\"><source type=\"audio\/mpeg\" src=\"https:\/\/www.radiopiu.net\/wordpress\/wp-content\/uploads\/2023\/01\/CESARE-9.mp3?_=10\" \/><a href=\"https:\/\/www.radiopiu.net\/wordpress\/wp-content\/uploads\/2023\/01\/CESARE-9.mp3\">https:\/\/www.radiopiu.net\/wordpress\/wp-content\/uploads\/2023\/01\/CESARE-9.mp3<\/a><\/audio>\n<p>&nbsp;<\/p>\n<hr \/>\n<\/div>\n<\/div>\n<\/div>\n<\/div>\n<\/div>\n<\/div>\n<\/div>\n<p>&nbsp;<\/p>\n<h2><strong><a class=\"dt-pswp-item\" href=\"https:\/\/www.radiopiu.net\/wordpress\/wp-content\/uploads\/2023\/01\/b4ce5ab7-98ee-4e3f-bffb-efe8278706df.jpg\" data-dt-img-description=\"\" data-large_image_width=\"1280\" data-large_image_height=\"720\"><img loading=\"lazy\" decoding=\"async\" class=\" wp-image-316695 alignleft\" src=\"https:\/\/www.radiopiu.net\/wordpress\/wp-content\/uploads\/2023\/01\/b4ce5ab7-98ee-4e3f-bffb-efe8278706df-300x169.jpg\" alt=\"\" width=\"183\" height=\"103\" srcset=\"https:\/\/www.radiopiu.net\/wordpress\/wp-content\/uploads\/2023\/01\/b4ce5ab7-98ee-4e3f-bffb-efe8278706df-300x169.jpg 300w, https:\/\/www.radiopiu.net\/wordpress\/wp-content\/uploads\/2023\/01\/b4ce5ab7-98ee-4e3f-bffb-efe8278706df-1024x576.jpg 1024w, https:\/\/www.radiopiu.net\/wordpress\/wp-content\/uploads\/2023\/01\/b4ce5ab7-98ee-4e3f-bffb-efe8278706df-768x432.jpg 768w, https:\/\/www.radiopiu.net\/wordpress\/wp-content\/uploads\/2023\/01\/b4ce5ab7-98ee-4e3f-bffb-efe8278706df.jpg 1280w\" sizes=\"auto, (max-width: 183px) 100vw, 183px\" \/><\/a><\/strong><span style=\"color: #666699;\">LA RASSEGNA STAMPA DA L&#8217;AMICO DEL POPOLO<\/span><\/h2>\n<p><strong>di Gianni Santomaso<\/strong><\/p>\n<p>OSPITE: Don Angelo Balcon<\/p>\n<audio class=\"wp-audio-shortcode\" id=\"audio-316611-11\" preload=\"none\" style=\"width: 100%;\" controls=\"controls\"><source type=\"audio\/mpeg\" src=\"https:\/\/www.radiopiu.net\/wordpress\/wp-content\/uploads\/2023\/01\/RASSEGNA-GIANNI-1.mp3?_=11\" \/><a href=\"https:\/\/www.radiopiu.net\/wordpress\/wp-content\/uploads\/2023\/01\/RASSEGNA-GIANNI-1.mp3\">https:\/\/www.radiopiu.net\/wordpress\/wp-content\/uploads\/2023\/01\/RASSEGNA-GIANNI-1.mp3<\/a><\/audio>\n<p>&nbsp;<\/p>\n<hr \/>\n<p>&nbsp;<\/p>\n<h2><span style=\"color: #ff00ff;\">IN VIVO VERSO\u00a0<\/span><\/h2>\n<div dir=\"auto\">\n<div dir=\"auto\">\n<div dir=\"auto\">\n<p>LA RACCOLTA COMPLETA<\/p>\n<blockquote class=\"wp-embedded-content\" data-secret=\"wKLeEzvwWc\"><p><a href=\"https:\/\/www.radiopiu.net\/wordpress\/in-vivo-verso\/\">In Vivo Verso<\/a><\/p><\/blockquote>\n<p><iframe loading=\"lazy\" class=\"wp-embedded-content\" sandbox=\"allow-scripts\" security=\"restricted\" style=\"position: absolute; clip: rect(1px, 1px, 1px, 1px);\" title=\"&#8220;In Vivo Verso&#8221; &#8212; Radio Pi\u00f9\" src=\"https:\/\/www.radiopiu.net\/wordpress\/in-vivo-verso\/embed\/#?secret=V0SGcoVs3b#?secret=wKLeEzvwWc\" data-secret=\"wKLeEzvwWc\" width=\"600\" height=\"338\" frameborder=\"0\" marginwidth=\"0\" marginheight=\"0\" scrolling=\"no\"><\/iframe><\/p>\n<hr \/>\n<p>&nbsp;<\/p>\n<\/div>\n<\/div>\n<\/div>\n<blockquote>\n<h3>GOCCE DI FILOSOFIA<\/h3>\n<\/blockquote>\n<p>LA RACCOLTA COMPLETA<\/p>\n<blockquote class=\"wp-embedded-content\" data-secret=\"NBxSfcGpoi\"><p><a href=\"https:\/\/www.radiopiu.net\/wordpress\/gocce-filosofia\/\">Gocce di filosofia,  LA TERZA STAGIONE&#8230; 2023<\/a><\/p><\/blockquote>\n<p><iframe loading=\"lazy\" class=\"wp-embedded-content\" sandbox=\"allow-scripts\" security=\"restricted\" style=\"position: absolute; clip: rect(1px, 1px, 1px, 1px);\" title=\"&#8220;Gocce di filosofia,  LA TERZA STAGIONE&#8230; 2023&#8221; &#8212; Radio Pi\u00f9\" src=\"https:\/\/www.radiopiu.net\/wordpress\/gocce-filosofia\/embed\/#?secret=pkK22ybABZ#?secret=NBxSfcGpoi\" data-secret=\"NBxSfcGpoi\" width=\"600\" height=\"338\" frameborder=\"0\" marginwidth=\"0\" marginheight=\"0\" scrolling=\"no\"><\/iframe><\/p>\n<p>&nbsp;<\/p>\n<hr \/>\n<p>&nbsp;<\/p>\n<div class=\"column\">\n<p><img loading=\"lazy\" decoding=\"async\" class=\"aligncenter wp-image-61954 size-full\" src=\"https:\/\/www.radiopiu.net\/wordpress\/wp-content\/uploads\/2018\/09\/viabilita.jpeg\" sizes=\"auto, (max-width: 800px) 100vw, 800px\" srcset=\"https:\/\/www.radiopiu.net\/wordpress\/wp-content\/uploads\/2018\/09\/viabilita.jpeg 800w, https:\/\/www.radiopiu.net\/wordpress\/wp-content\/uploads\/2018\/09\/viabilita-300x38.jpeg 300w, https:\/\/www.radiopiu.net\/wordpress\/wp-content\/uploads\/2018\/09\/viabilita-768x96.jpeg 768w\" alt=\"\" width=\"800\" height=\"100\" \/><\/p>\n<p>&nbsp;<\/p>\n<p>&nbsp;<\/p>\n<p><strong>AGGIORNAMENTO VENETO STRADE, AGGIORNAMENTO CONTINUO H 24<\/strong><\/p>\n<blockquote class=\"wp-embedded-content\" data-secret=\"q77XohipJG\"><p><a href=\"https:\/\/www.radiopiu.net\/wordpress\/viabilita\/\">viabilita<\/a><\/p><\/blockquote>\n<p><iframe loading=\"lazy\" class=\"wp-embedded-content\" sandbox=\"allow-scripts\" security=\"restricted\" style=\"position: absolute; clip: rect(1px, 1px, 1px, 1px);\" title=\"&#8220;viabilita&#8221; &#8212; Radio Pi\u00f9\" src=\"https:\/\/www.radiopiu.net\/wordpress\/viabilita\/embed\/#?secret=UOlZhenaX4#?secret=q77XohipJG\" data-secret=\"q77XohipJG\" width=\"600\" height=\"338\" frameborder=\"0\" marginwidth=\"0\" marginheight=\"0\" scrolling=\"no\"><\/iframe><\/p>\n<p>&nbsp;<\/p>\n<p>&nbsp;<\/p>\n<hr \/>\n<p>&nbsp;<\/p>\n<p><a class=\"dt-pswp-item\" href=\"https:\/\/www.radiopiu.net\/wordpress\/wp-content\/uploads\/2018\/09\/WhatsApp-Image-2018-09-20-at-16.04.06.jpeg\" data-dt-img-description=\"\" data-large_image_width=\"800\" data-large_image_height=\"100\"><img loading=\"lazy\" decoding=\"async\" class=\"wp-image-61378 size-full aligncenter\" src=\"https:\/\/www.radiopiu.net\/wordpress\/wp-content\/uploads\/2018\/09\/WhatsApp-Image-2018-09-20-at-16.04.06.jpeg\" alt=\"\" width=\"800\" height=\"100\" srcset=\"https:\/\/www.radiopiu.net\/wordpress\/wp-content\/uploads\/2018\/09\/WhatsApp-Image-2018-09-20-at-16.04.06.jpeg 800w, https:\/\/www.radiopiu.net\/wordpress\/wp-content\/uploads\/2018\/09\/WhatsApp-Image-2018-09-20-at-16.04.06-300x38.jpeg 300w, https:\/\/www.radiopiu.net\/wordpress\/wp-content\/uploads\/2018\/09\/WhatsApp-Image-2018-09-20-at-16.04.06-768x96.jpeg 768w\" sizes=\"auto, (max-width: 800px) 100vw, 800px\" \/><\/a><\/p>\n<p>&nbsp;<\/p>\n<p><center><\/center><center><b>OGGI<\/b><\/center><b>Tempo atteso: <\/b>Nella notte residuo maltempo con possibili modesti fenomeni. In giornata variabile\/debolmente instabile, con molte nubi e qualche irregolare e breve schiarita, con qualche possibile sporadico fenomeno. Dal pomeriggio nuovo generale aumento della nuvolosit\u00e0 e probabili nuovi modesti fenomeni. Contesto termico freddo di stampo invernale a tutte le quote.<br \/>\n<b>Precipitazioni: <\/b>Fino al primo mattino residue e deboli (40\/50%) con quota neve in lieve calo rispetto a domenica, fino sui 700\/900 m; in giornata non escluse sporadiche e sparse (20\/40%), eventualmente molto deboli; al pomeriggio\/sera e nella notte nuove deboli precipitazioni (70\/90%), con limite neve fino a fondovalle sulle Dolomiti e in calo a 500\/700 m su Prealpi, localmente anche a fondovalle nella notte successiva in caso di prosecuzione dei fenomeni; possibili 2-10 mm nelle 24 ore e altrettanti cm oltre i 1000-1200 m.<br \/>\n<b>Temperature: <\/b>In generale calo, con minime in serata.<\/p>\n<hr \/>\n<p><center><b>DOMANI<\/b><\/center><b>Tempo atteso: <\/b>Dopo l&#8217;esaurimento delle deboli precipitazioni notturne, in giornata il tempo rimarr\u00e0 variabile, per peggiorare nuovamente al pomeriggio\/sera con nuovi fenomeni in estensione a tutto il territorio a partire dalle Prealpi occidentali verso nord-est.<br \/>\n<b>Precipitazioni: <\/b>Nella notte e al primo mattino generalmente assenti (0\/10%). In mattinata possibili prime deboli precipitazioni, in intensificazione al pomeriggio e in serata, fino a moderate diffuse (80\/90%). Limite delle nevicate a fondovalle sulle Dolomiti, localmente anche sulle Prealpi, o a quote prossime ai 400\/600 m. I fenomeni potrebbero risultare pi\u00f9 intensi dei giorni precedenti.<br \/>\n<b>Temperature: <\/b>In ulteriore lieve calo a tutte le quote.<\/p>\n<hr \/>\n<p><center><b>MERCOLEDI<\/b><\/center>Probabile maltempo notturno con nevicate possibili fino a tutti i fondovalle, o oltre i 400\/600 m sui settori aperti prealpini, seguito da un miglioramento in giornata, quando il tempo rimarr\u00e0 variabile, a tratti nuvoloso, ma senza ulteriori precipitazioni significative. Contesto termico invernale a tutte le quote.<\/p>\n<hr \/>\n<p><center><b>GIOVEDI<\/b><\/center>Evoluzione incerta: nuvolosit\u00e0 spesso estesa, ma senza fenomeni significativi associati; non saranno esclusi debolissimi fenomeni nel corso della giornata, eventualmente nevosi fino a tutti i fondovalle. Contesto termico di stampo prettamente invernale.<\/p>\n<p>&nbsp;<\/p>\n<hr \/>\n<p>&nbsp;<\/p>\n<p><a class=\"dt-pswp-item\" href=\"https:\/\/www.radiopiu.net\/wordpress\/wp-content\/uploads\/2018\/09\/sport.jpg\" data-dt-img-description=\"\" data-large_image_width=\"800\" data-large_image_height=\"100\"><img loading=\"lazy\" decoding=\"async\" class=\"aligncenter wp-image-60761 size-full\" src=\"https:\/\/www.radiopiu.net\/wordpress\/wp-content\/uploads\/2018\/09\/sport.jpg\" alt=\"\" width=\"800\" height=\"100\" srcset=\"https:\/\/www.radiopiu.net\/wordpress\/wp-content\/uploads\/2018\/09\/sport.jpg 800w, https:\/\/www.radiopiu.net\/wordpress\/wp-content\/uploads\/2018\/09\/sport-300x38.jpg 300w, https:\/\/www.radiopiu.net\/wordpress\/wp-content\/uploads\/2018\/09\/sport-768x96.jpg 768w\" sizes=\"auto, (max-width: 800px) 100vw, 800px\" \/><\/a><\/p>\n<p>&nbsp;<\/p>\n<p><span style=\"color: #0000ff;\"><strong>CALCIO<\/strong><\/span><\/p>\n<blockquote>\n<h3>L&#8217;AGORDINA CALA IL POKER CON L&#8217;ALPES CESIO<\/h3>\n<\/blockquote>\n<p><strong><a class=\"dt-pswp-item\" href=\"https:\/\/www.radiopiu.net\/wordpress\/wp-content\/uploads\/2022\/10\/CALCIO-2022-e1665937841126.jpg\" data-dt-img-description=\"\" data-large_image_width=\"400\" data-large_image_height=\"250\"><img loading=\"lazy\" decoding=\"async\" class=\" wp-image-301842 alignleft\" src=\"https:\/\/www.radiopiu.net\/wordpress\/wp-content\/uploads\/2022\/10\/CALCIO-2022-e1665937841126-300x188.jpg\" alt=\"\" width=\"196\" height=\"123\" srcset=\"https:\/\/www.radiopiu.net\/wordpress\/wp-content\/uploads\/2022\/10\/CALCIO-2022-e1665937841126-300x188.jpg 300w, https:\/\/www.radiopiu.net\/wordpress\/wp-content\/uploads\/2022\/10\/CALCIO-2022-e1665937841126.jpg 400w\" sizes=\"auto, (max-width: 196px) 100vw, 196px\" \/><\/a>di Marco Gaz<\/strong><\/p>\n<p><strong>SECONDA CATEGORIA GIR. T \/ ALPES CESIO \u2013 AGORDINA 2-4 (GOL AGORDINA: 2 Del Chin, Case, Mezzacasa)<\/strong><\/p>\n<p>Torna a vincere l\u2019Agordina di Marco Lorenzi e lo fa contro il fanalino di coda del campionato di Seconda Categoria girone T del Veneto, l\u2019Alpes Cesio. Una vittoria obbligata ma la compagine di Agordo ha dimostrato di essere disattenta in fase difensiva subendo due reti in fotocopia da rimessa laterale. Tre punti importanti per la classifica, agordini che si portano a 14 punti e affiancano la Fulgor Farra nella parte bassa della graduatoria. Domenica prossima i ragazzi di Lorenzi saranno ancora in trasferta per giocare contro l\u2019Itlas Santa Giustina Serravalle. Parte bene la squadra di Agordo che dopo 7\u2019 si porta in vantaggio. Prima vera occasione da gol che del Chin sfrutta egregiamente spingendo la sfera in fondo al sacco. La sfida viene giocata a centrocampo con le squadre che sembrano non volersi fare del male. Al 20\u2019 Francesco Case trova il gol del raddoppio ma pochi minuti dopo i padroni di casa accorciano le distanze da rimessa laterale su dormita della difesa. L\u2019Agordina inizia a spingere e Zannoni sfiora il gol da calcio piazzato. \u00c8 il preludio al terzo gol agordino che arriva poco dopo quando al 30\u2019 il portiere dell\u2019Alpes Cesio sbaglia un controllo, Mezzacasa ruba palla e insacca a porta vuota. Nel secondo tempo la squadra di Lorenzi ha l\u2019occasione di incrementare il vantaggio ma il pallone non vuole entrare. Cala il poker la squadra di Agordo e a colpire \u00e8 ancora Del Chin che mette la firma alla doppietta personale. Squadra di casa che accorcia le distanze subito dopo, un gol regalato dalla difesa avversaria. Finale di gara senza tante emozioni ed Agordina che torna a vincere.<\/p>\n<p>&nbsp;<\/p>\n<p><strong>GIOVANISSIMI PROVINCIALI \/ AGORDINA RIPOSO INVERNALE<\/strong><\/p>\n<p>&nbsp;<\/p>\n<p><strong>ALLIEVI REGIONALI \/ PONZANO \u2013 AGORDINA 6-1<\/strong><\/p>\n<p>Il ponzano vince con un punteggio tennistico la prima partita ufficiale del 2023 del campionato Allievi Regionali. Per l\u2019Agordina rimane solo il gol della bandiera dopo una partita a senso unico che ha visto i giovani di Orzetti soffrire per tutti i 90\u2019 del match. I trevigiani incamerano 3 punti importanti e gli agordini rimangono in fondo alla classifica. Per la squadra di Agordo a segno Ganz<\/p>\n<p>&nbsp;<\/p>\n<p><strong>JUNIORES PROVINCIALI \/ AGORDINA RIPOSO INVERNALE<\/strong><\/p>\n<p>&nbsp;<\/p>\n<p>&nbsp;<\/p>\n<hr \/>\n<p>&nbsp;<\/p>\n<p><strong><span style=\"color: #0000ff;\">HOCKEY SU GHIACCIO<\/span><\/strong><\/p>\n<blockquote>\n<h3 class=\"entry-title\">SCONFITTA A TESTA ALTA PER UN ALLEGHE A RANGHI RIDOTTI CONTRO IL VALPELLICE<\/h3>\n<\/blockquote>\n<p><strong class=\"photoswipe-wrapper\"><a class=\"dt-pswp-item pspw-wrap-ready\" href=\"https:\/\/www.radiopiu.net\/wordpress\/wp-content\/uploads\/2023\/01\/c0e42990-3d65-47ec-80a2-2cc17178b70f.jpg\" data-dt-img-description=\"\" data-large_image_width=\"1024\" data-large_image_height=\"768\"><img loading=\"lazy\" decoding=\"async\" class=\" wp-image-316754 alignleft\" src=\"https:\/\/www.radiopiu.net\/wordpress\/wp-content\/uploads\/2023\/01\/c0e42990-3d65-47ec-80a2-2cc17178b70f-300x225.jpg\" sizes=\"auto, (max-width: 208px) 100vw, 208px\" srcset=\"https:\/\/www.radiopiu.net\/wordpress\/wp-content\/uploads\/2023\/01\/c0e42990-3d65-47ec-80a2-2cc17178b70f-300x225.jpg 300w, https:\/\/www.radiopiu.net\/wordpress\/wp-content\/uploads\/2023\/01\/c0e42990-3d65-47ec-80a2-2cc17178b70f-768x576.jpg 768w, https:\/\/www.radiopiu.net\/wordpress\/wp-content\/uploads\/2023\/01\/c0e42990-3d65-47ec-80a2-2cc17178b70f.jpg 1024w\" alt=\"\" width=\"208\" height=\"156\" \/><\/a>di Marco Gaz<\/strong><\/p>\n<p><strong>VALPELLICE \u2013 ALLEGHE 7-2<\/strong><\/p>\n<p>PARZIALI: 3-0, 1-1, 3-1<\/p>\n<p>GOL: pt. 7\u201902\u201d F. Salvai, 14\u201949\u201d T. Salvai, 19\u201957\u201d Kobikov. st. 15\u201908\u201d Colton, 16\u201927\u201d F. Salvai. tt. 6\u201921\u201d Cordin, 6\u201950\u201d F. Salvai, 9\u201908\u201d Colton, 12\u201915\u201d Mondon-Marin<\/p>\n<p>Un Alleghe con i giocatori contati fa una bella figura al Cotta Morandini di Torre Pellice ma non riesce ad incamerare i primi punti del Qualification Round. Il Valpellice incamera 3 punti essenziali per la classifica. Per le civette una strada in salita con le speranze ridotte al minimo lumicino per afferrare i playoff. Ora 15 giorni di pausa poi di nuovo in campo. Al De Toni arriver\u00e0 il Como. Primi minuti di gara con le squadre che giocano a viso aperto. Mancano i tiri verso le porte e il risultato non si sblocca. Sono le civette che hanno l\u2019occasione pi\u00f9 ghiotta con Pyrzbyla che impegna il golie avversario. Alla prima vera zione dei padroni di casa il punteggio si sblocca. Ci pensa Filippo Salvai a battere Zanardi. Non si perdono d\u2019animo i giocatori di Fontana che provano a raddrizzare la partita ma senza trovare il gol. A 5\u2019 dal termine della prima frazione arriva il raddoppio del Valpellice. Contropiede in inferiorit\u00e0 numerica e rete a firma di Tommaso Salvai. A pochi secondi dal termine arriva la terza marcatura dei piemontesi. Nella seconda frazione il Valpellice preme e schiaccia in difesa gli alleghesi. Zanardi evita la quarta marcatura. Stentano gli agordini a farsi vivi dalle parti del portiere piemontese. \u00c8 un assedio della formazione di Torre Pellice con il portiere biancorosso costretto agli straordinari. Quando meno te l\u2019aspetti l\u2019Alleghe accorcia le distanze. Colton scappa alla difesa e fredda il golie avversario. De Val si avvicina alla seconda rete alleghese subito dopo ma la conclusione non \u00e8 precisa. Valpellice che cala il pocker a fine secondo tempo grazie alla doppietta di Filippo Salvai. Nella terza frazione l\u2019Alleghe prova ad usare tutte le forze a disposizione per cercare di accorciare le distanze ed evitare altri gol. Massimo sforzo per le civette che per\u00f2 non riescono a centrare l\u2019obbiettivo. Alla prima disattenzione il Valpellice trova la quinta marcatura della serata. A chiudere la sfida ci pensa Filippo Salvai che mette la firma alla tripletta personale. Colton accorcia le distanze per la seconda volta. Mondon-Marin riporta a cinque le lunghezze di vantaggio per i padroni di casa.<\/p>\n<p>&nbsp;<\/p>\n<blockquote>\n<h3>L&#8217;UNDER 17 DELL&#8217;ALLEGHE SI ARRENDE CONTRO L&#8217;APPIANO<\/h3>\n<\/blockquote>\n<p><strong><a class=\"dt-pswp-item\" href=\"https:\/\/www.radiopiu.net\/wordpress\/wp-content\/uploads\/2019\/08\/logo-alleghe-hockey.png\" data-dt-img-description=\"\" data-large_image_width=\"547\" data-large_image_height=\"512\"><img loading=\"lazy\" decoding=\"async\" class=\" wp-image-95699 alignleft\" src=\"https:\/\/www.radiopiu.net\/wordpress\/wp-content\/uploads\/2019\/08\/logo-alleghe-hockey-300x281.png\" alt=\"\" width=\"159\" height=\"149\" srcset=\"https:\/\/www.radiopiu.net\/wordpress\/wp-content\/uploads\/2019\/08\/logo-alleghe-hockey-300x281.png 300w, https:\/\/www.radiopiu.net\/wordpress\/wp-content\/uploads\/2019\/08\/logo-alleghe-hockey.png 547w\" sizes=\"auto, (max-width: 159px) 100vw, 159px\" \/><\/a>di Marco Gaz<\/strong><\/p>\n<p><strong>APPIANO &#8211; ALLEGHE\/CORTINA 4-1<\/strong><\/p>\n<p>GOL ALLEGHE\/CORTINA: Zandegiacomo<\/p>\n<p>Inizia con il piede sbagliato la seconda fase del campionato Under 17 per l&#8217;Alleghe\/Cortina. Nella prima partita del Master Round le civette crollano in terra altoatesina. L&#8217;Appiano cala il poker e i ragazzi di Paolo De Biasio si devono accontentare del gol della bandiera. Dopo un primo tempo a reti inviolate, i padroni di casa passano in vantaggio nel secondo drittel e raddoppiano pochi minuti dopo. La squadra mista bellunese prova la reazione ma nel terzo tempo l&#8217;Appiano chiude la sfida con altre due marcature. Nel finale di gara arriva la rete alleghese a firma di Zandegiacomo. Ora una lunga pausa di campionato con le civette che ritorneranno in campo venerd\u00ec 27 gennaio per la sfida casalinga, al De Toni arriveranno i Gladiators Aosta, che in questo momento si trovano in testa alla classifica.<\/p>\n<p>&nbsp;<\/p>\n<table width=\"100%\">\n<tbody>\n<tr>\n<td>\n<table width=\"100%\">\n<tbody>\n<tr>\n<td>\n<table width=\"100%\">\n<tbody>\n<tr>\n<td>\n<h2>HOCKEY<\/h2>\n<h1>Mondiali femminili U18 1^ Divisione, Italia sconfitta dall&#8217;Ungheria, ma arriva un prestigioso argento<\/h1>\n<h4><a class=\"dt-pswp-item\" href=\"https:\/\/www.radiopiu.net\/wordpress\/wp-content\/uploads\/2023\/01\/fd0d0803-faa7-656f-ff39-faacb11a8918.jpg\" data-dt-img-description=\"\" data-large_image_width=\"2000\" data-large_image_height=\"1117\"><img loading=\"lazy\" decoding=\"async\" class=\"size-medium wp-image-316938 aligncenter\" src=\"https:\/\/www.radiopiu.net\/wordpress\/wp-content\/uploads\/2023\/01\/fd0d0803-faa7-656f-ff39-faacb11a8918-300x168.jpg\" alt=\"\" width=\"300\" height=\"168\" srcset=\"https:\/\/www.radiopiu.net\/wordpress\/wp-content\/uploads\/2023\/01\/fd0d0803-faa7-656f-ff39-faacb11a8918-300x168.jpg 300w, https:\/\/www.radiopiu.net\/wordpress\/wp-content\/uploads\/2023\/01\/fd0d0803-faa7-656f-ff39-faacb11a8918-1024x572.jpg 1024w, https:\/\/www.radiopiu.net\/wordpress\/wp-content\/uploads\/2023\/01\/fd0d0803-faa7-656f-ff39-faacb11a8918-768x429.jpg 768w, https:\/\/www.radiopiu.net\/wordpress\/wp-content\/uploads\/2023\/01\/fd0d0803-faa7-656f-ff39-faacb11a8918-1536x858.jpg 1536w, https:\/\/www.radiopiu.net\/wordpress\/wp-content\/uploads\/2023\/01\/fd0d0803-faa7-656f-ff39-faacb11a8918.jpg 2000w\" sizes=\"auto, (max-width: 300px) 100vw, 300px\" \/><\/a><\/h4>\n<p>&nbsp;<\/td>\n<\/tr>\n<\/tbody>\n<\/table>\n<\/td>\n<\/tr>\n<\/tbody>\n<\/table>\n<\/td>\n<\/tr>\n<tr>\n<td>\n<table width=\"100%\">\n<tbody>\n<tr>\n<td>\n<table width=\"100%\">\n<tbody>\n<tr>\n<td>\n<h3><strong>Le Azzurrine vedono sfumare il sogno Top Division, ma conquistano una meravigliosa medaglia d&#8217;argento. Per la prima volta nella storia una Nazionale giovanile entra cos\u00ec nella &#8220;Top Ten&#8221; mondiale.\u00a0<\/strong><\/h3>\n<\/td>\n<\/tr>\n<\/tbody>\n<\/table>\n<\/td>\n<\/tr>\n<\/tbody>\n<\/table>\n<table width=\"100%\">\n<tbody>\n<tr>\n<td>\n<table width=\"100%\">\n<tbody>\n<tr>\n<td>\n<h4>Si chiude con una <strong>sconfitta per 3 a 1 contro l&#8217;Ungheria<\/strong> il <strong>Mondiale femminile U18 di 1^ Divisione Gruppo A<\/strong> per la <strong>Nazionale italiana<\/strong>. Le Azzurrine rinunciano quindi al sogno promozione, che non sarebbe comunque arrivata per via del punto conquistato dalla Germania nella sconfitta ai rigori contro la Francia: sono le tedesche quindi a guadagnare il passaggio in Top Division.<\/h4>\n<\/td>\n<\/tr>\n<\/tbody>\n<\/table>\n<\/td>\n<\/tr>\n<\/tbody>\n<\/table>\n<\/td>\n<\/tr>\n<\/tbody>\n<\/table>\n<p>&nbsp;<\/p>\n<p>&nbsp;<\/p>\n<p>&nbsp;<\/p>\n<p>&nbsp;<\/p>\n<hr \/>\n<p>&nbsp;<\/p>\n<p><span style=\"color: #0000ff;\"><strong>CALCIO A 5<\/strong><\/span><\/p>\n<blockquote>\n<h3>LA CANOTTIERI VINCE E CONVINCE CONTRO IL GRANGIORGIONE<\/h3>\n<\/blockquote>\n<p><strong><a class=\"dt-pswp-item\" href=\"https:\/\/www.radiopiu.net\/wordpress\/wp-content\/uploads\/2023\/01\/322678580_878581150123876_3495714514962988733_n.jpg\" data-dt-img-description=\"\" data-large_image_width=\"2048\" data-large_image_height=\"1366\"><img loading=\"lazy\" decoding=\"async\" class=\" wp-image-316779 alignleft\" src=\"https:\/\/www.radiopiu.net\/wordpress\/wp-content\/uploads\/2023\/01\/322678580_878581150123876_3495714514962988733_n-300x200.jpg\" alt=\"\" width=\"206\" height=\"137\" srcset=\"https:\/\/www.radiopiu.net\/wordpress\/wp-content\/uploads\/2023\/01\/322678580_878581150123876_3495714514962988733_n-300x200.jpg 300w, https:\/\/www.radiopiu.net\/wordpress\/wp-content\/uploads\/2023\/01\/322678580_878581150123876_3495714514962988733_n-1024x683.jpg 1024w, https:\/\/www.radiopiu.net\/wordpress\/wp-content\/uploads\/2023\/01\/322678580_878581150123876_3495714514962988733_n-768x512.jpg 768w, https:\/\/www.radiopiu.net\/wordpress\/wp-content\/uploads\/2023\/01\/322678580_878581150123876_3495714514962988733_n-1536x1025.jpg 1536w, https:\/\/www.radiopiu.net\/wordpress\/wp-content\/uploads\/2023\/01\/322678580_878581150123876_3495714514962988733_n.jpg 2048w\" sizes=\"auto, (max-width: 206px) 100vw, 206px\" \/><\/a>SERIE B &#8211; GIRONE B<\/strong><\/p>\n<p><strong>CANOTTIERI BELLUNO &#8211; GRANGIORGIONE 6-3<\/strong><\/p>\n<p>Avanti i Canottieri 2 a 0, primo tempo. Ripresa: 2 a 2. Avanti Canottieri 3 a 2. Ancora Tiemme, tre pari. Poi un grande Max, un grande Leo, il Dalfa, una grande Canottieri: finisce 6 a 3.<\/p>\n<p><strong>IL SERVIZIO DI ANTONIO FIABANE, PORTAVOCE DELLA CANOTTIERI BELLUNO<\/strong><\/p>\n<audio class=\"wp-audio-shortcode\" id=\"audio-316611-12\" preload=\"none\" style=\"width: 100%;\" controls=\"controls\"><source type=\"audio\/mpeg\" src=\"https:\/\/www.radiopiu.net\/wordpress\/wp-content\/uploads\/2023\/01\/CANOTTIERI-SITO-1.mp3?_=12\" \/><a href=\"https:\/\/www.radiopiu.net\/wordpress\/wp-content\/uploads\/2023\/01\/CANOTTIERI-SITO-1.mp3\">https:\/\/www.radiopiu.net\/wordpress\/wp-content\/uploads\/2023\/01\/CANOTTIERI-SITO-1.mp3<\/a><\/audio>\n<p>&nbsp;<\/p>\n<hr \/>\n<p>&nbsp;<\/p>\n<p><span style=\"color: #0000ff;\"><strong>SCI ALPINO<\/strong><\/span><\/p>\n<blockquote>\n<h3 class=\"entry-title\">NET INSURANCE A VAL DI ZOLDO. SKI COLLEGE VENETO VINCE LA CLASSIFICA A SQUADRE<\/h3>\n<\/blockquote>\n<p><strong class=\"photoswipe-wrapper\"><a class=\"dt-pswp-item pspw-wrap-ready\" href=\"https:\/\/www.radiopiu.net\/wordpress\/wp-content\/uploads\/2023\/01\/025da0da-5197-4387-b6da-9233867c786c.jpg\" data-dt-img-description=\"\" data-large_image_width=\"1527\" data-large_image_height=\"1020\"><img loading=\"lazy\" decoding=\"async\" class=\" wp-image-316813 alignleft\" src=\"https:\/\/www.radiopiu.net\/wordpress\/wp-content\/uploads\/2023\/01\/025da0da-5197-4387-b6da-9233867c786c-300x200.jpg\" sizes=\"auto, (max-width: 160px) 100vw, 160px\" srcset=\"https:\/\/www.radiopiu.net\/wordpress\/wp-content\/uploads\/2023\/01\/025da0da-5197-4387-b6da-9233867c786c-300x200.jpg 300w, https:\/\/www.radiopiu.net\/wordpress\/wp-content\/uploads\/2023\/01\/025da0da-5197-4387-b6da-9233867c786c-1024x684.jpg 1024w, https:\/\/www.radiopiu.net\/wordpress\/wp-content\/uploads\/2023\/01\/025da0da-5197-4387-b6da-9233867c786c-768x513.jpg 768w, https:\/\/www.radiopiu.net\/wordpress\/wp-content\/uploads\/2023\/01\/025da0da-5197-4387-b6da-9233867c786c.jpg 1527w\" alt=\"\" width=\"160\" height=\"106\" \/><\/a>VAL DI ZOLDO<\/strong>\u00a0Sulla pista Grava 2 di Val di Zoldo si \u00e8 svolto un gigante del Gran Prix Net Insurance delle circoscrizioni Belluno Bassa \/ Rovigo-Treviso-Venezia. Organizzazione a cura di Zoldo Ski Team. Davanti a tutti lo Ski College Veneto Falcade che ha conquistato anche la vittoria Allievi con Philip Ploner e Allieve con Giorgia Oprandi. Leonardo D\u2019Inc\u00e0 (Trichiana) e Francesca Zanotto (Pelmo ski team) sono i vincitori Ragazzi. (Fonte: fisiveneto.com)<\/p>\n<p><strong>PER LE CLASSIFICHE\u00a0<a href=\"https:\/\/www.fisiveneto.com\/2023\/01\/15\/net-insurance-belluno-bassa-rovigo-treviso-venezia-ski-college-davanti-a-tutti-in-zoldo\/\">CLICCA QUI<\/a><\/strong><\/p>\n<p>&nbsp;<\/p>\n<p>&nbsp;<\/p>\n<hr \/>\n<p>&nbsp;<\/p>\n<p><span style=\"color: #0000ff;\"><strong>SCI DI FONDO<\/strong><\/span><\/p>\n<blockquote>\n<h3>IRIS DE MARTIN CAMPIONESSA ITALIANA NELLA SPRINT JUNIORES<\/h3>\n<\/blockquote>\n<p><strong><a class=\"dt-pswp-item\" href=\"https:\/\/www.radiopiu.net\/wordpress\/wp-content\/uploads\/2023\/01\/iris-de-martin-pinter-vuokatti-eyof-marzo-2022-COVER.jpg\" data-dt-img-description=\"\" data-large_image_width=\"1486\" data-large_image_height=\"990\"><img loading=\"lazy\" decoding=\"async\" class=\" wp-image-316713 alignleft\" src=\"https:\/\/www.radiopiu.net\/wordpress\/wp-content\/uploads\/2023\/01\/iris-de-martin-pinter-vuokatti-eyof-marzo-2022-COVER-300x200.jpg\" alt=\"\" width=\"174\" height=\"116\" srcset=\"https:\/\/www.radiopiu.net\/wordpress\/wp-content\/uploads\/2023\/01\/iris-de-martin-pinter-vuokatti-eyof-marzo-2022-COVER-300x200.jpg 300w, https:\/\/www.radiopiu.net\/wordpress\/wp-content\/uploads\/2023\/01\/iris-de-martin-pinter-vuokatti-eyof-marzo-2022-COVER-1024x682.jpg 1024w, https:\/\/www.radiopiu.net\/wordpress\/wp-content\/uploads\/2023\/01\/iris-de-martin-pinter-vuokatti-eyof-marzo-2022-COVER-768x512.jpg 768w, https:\/\/www.radiopiu.net\/wordpress\/wp-content\/uploads\/2023\/01\/iris-de-martin-pinter-vuokatti-eyof-marzo-2022-COVER.jpg 1486w\" sizes=\"auto, (max-width: 174px) 100vw, 174px\" \/><\/a> <\/strong><\/p>\n<p><strong>TESERO (TN) <\/strong>Al Lago Di Tesero si \u00e8 svolta la prima giornata dei Campionati italiani giovanili di fondo. Nella categoria Juniores Femminile il titolo Italiano \u00e8 andato a Iris De Martin Pinter. La fondista di Padola classe 2004 si \u00e8 imposta nella Sprint a tecnica classica. (FONTE: fisiveneto.com)<\/p>\n<p><strong>PER CONSULTARE LE CLASSIFICHE <a href=\"https:\/\/www.fisiveneto.com\/2023\/01\/14\/titolo-italiano-sprint-per-iris-de-martin\/\">CLICCA QUI<\/a><\/strong><\/p>\n<p>&nbsp;<\/p>\n<p>&nbsp;<\/p>\n<blockquote>\n<h3 class=\"entry-title\">EMANUELE BUSIN SECONDO ALLA PUSTERTALER SKI MARATHON<\/h3>\n<\/blockquote>\n<p><strong class=\"photoswipe-wrapper\"><a class=\"dt-pswp-item pspw-wrap-ready\" href=\"https:\/\/www.radiopiu.net\/wordpress\/wp-content\/uploads\/2023\/01\/02a2fe21-1663-4aa7-b864-d133543943ad.jpg\" data-dt-img-description=\"\" data-large_image_width=\"275\" data-large_image_height=\"206\"><img loading=\"lazy\" decoding=\"async\" class=\" wp-image-316751 alignleft\" src=\"https:\/\/www.radiopiu.net\/wordpress\/wp-content\/uploads\/2023\/01\/02a2fe21-1663-4aa7-b864-d133543943ad.jpg\" alt=\"\" width=\"192\" height=\"144\" \/><\/a><\/strong><\/p>\n<p><strong>\u00a0<\/strong><\/p>\n<p><strong>VAL PUSTERIA<\/strong> Ancora un buon risultato per il giovane Emanele Busin che conquista il secondo gradino del podio alla Pustertaler Ski Maraton. L\u2019atleta della Valle del Biois ha sfiorato la vittoria nella 30km a tecnica classica. Solo 2\u2033 di ritardo per Busin che \u00e8 arrivato alle spalle del tedesco Max Olex. Una stagione iniziata nel migliore dei modi per Emanuele.<\/p>\n<p>&nbsp;<\/p>\n<p>&nbsp;<\/p>\n<p>&nbsp;<\/p>\n<hr \/>\n<p>&nbsp;<\/p>\n<p><span style=\"color: #0000ff;\"><strong>PALLAVOLO<\/strong><\/span><\/p>\n<blockquote>\n<h3>IL VOLLEY CLUB AGORDINO INIZIA IL 2023 CON UNA SCONFITTA<\/h3>\n<\/blockquote>\n<p><strong><a class=\"dt-pswp-item\" href=\"https:\/\/www.radiopiu.net\/wordpress\/wp-content\/uploads\/2022\/04\/VOLLEY-CLUB-AGORDINO.jpg\" data-dt-img-description=\"\" data-large_image_width=\"500\" data-large_image_height=\"512\"><img loading=\"lazy\" decoding=\"async\" class=\" wp-image-268787 alignleft\" src=\"https:\/\/www.radiopiu.net\/wordpress\/wp-content\/uploads\/2022\/04\/VOLLEY-CLUB-AGORDINO-293x300.jpg\" alt=\"\" width=\"155\" height=\"159\" srcset=\"https:\/\/www.radiopiu.net\/wordpress\/wp-content\/uploads\/2022\/04\/VOLLEY-CLUB-AGORDINO-293x300.jpg 293w, https:\/\/www.radiopiu.net\/wordpress\/wp-content\/uploads\/2022\/04\/VOLLEY-CLUB-AGORDINO.jpg 500w\" sizes=\"auto, (max-width: 155px) 100vw, 155px\" \/><\/a>di Marco Gaz<\/strong><\/p>\n<p><strong>CASTION &#8211; VOLLEY CLUB AGORDINO 3-0 (25-18, 25-21, 25-18)<\/strong><\/p>\n<p>Inizia con una brutta sconfitta il 2023 del Volley Club Agordino che nel derby bellunese di Prima Categoria non entra in partita e perde con un secco 3 a 0 con il Castion. Un inizio anno da dimenticare con le ragazze di De Nardin che non riescono a tenere il ritmo delle bellunesi. Il Castion fa la voce grossa e senza tanti sforzi porta a casa il punteggio pieno. Solo nel set centrale le agordine hanno fatto vedere qualcosa in pi\u00f9. Volley Club Agordino che perde una posizione in classifica dopo la sconfitta nel derby e sabato prossimo le ragazze di De Nardin giocheranno al Palarova contro il fanalino di coda Mogliano.<\/p>\n<p><strong>ALEXANDRA PUGLIA, GIOCATRICE DEL VOLLEY CLUB AGORDINO<\/strong><\/p>\n<audio class=\"wp-audio-shortcode\" id=\"audio-316611-13\" preload=\"none\" style=\"width: 100%;\" controls=\"controls\"><source type=\"audio\/mpeg\" src=\"https:\/\/www.radiopiu.net\/wordpress\/wp-content\/uploads\/2023\/01\/ALEXANDRA-PUGLIA.mp3?_=13\" \/><a href=\"https:\/\/www.radiopiu.net\/wordpress\/wp-content\/uploads\/2023\/01\/ALEXANDRA-PUGLIA.mp3\">https:\/\/www.radiopiu.net\/wordpress\/wp-content\/uploads\/2023\/01\/ALEXANDRA-PUGLIA.mp3<\/a><\/audio>\n<p>&nbsp;<\/p>\n<blockquote>\n<h3>LA PALLAVOLO MASCHILE BELLUNO A MONSELICE<\/h3>\n<\/blockquote>\n<p><b>TMB MONSELICE- BELLUNO 0-3 (<\/b><strong>25-27, 23-25, 22-25)<\/strong><\/p>\n<p>Finora, solo una squadra era riuscita a portare via il bottino pieno dalla tana del Monselice. E nessuna aveva chiuso i giochi in tre set. Poi, sono arrivati i rinoceronti. E la loro marcia si \u00e8 rivelata trionfale: al palasport di Schiavonia, \u00e8 festa grande per la pallavolo Belluno che, almeno per una notte, si addormenta sul quarto scalino della graduatoria. E, soprattutto, riporta in perfetto equilibrio il suo bilancio stagionale: otto erano le sconfitte, prima della doppia trasferta a Brugherio e Monselice. E otto diventano pure le vittorie. Il merito \u00e8 di un collettivo che non arretra di un centimetro, di un Novello che, pur debilitato dall\u2019influenza, risponde da fuoriclasse con 13 punti. Come da fuoriclasse \u00e8 la prova di Graziani, celestiale al servizio, e di Maccabruni in regia. Per non parlare di Guastamacchia al centro e dell\u2019impatto di chi \u00e8 entrato dalla panchina. Musica, maestro: la DRL suona all\u2019unisono lo stesso partito. E da vera orchestra.<span class=\"gmail-Apple-converted-space\">\u00a0<\/span><\/p>\n\n\t\t\t<style type='text\/css'>\n\t\t\t\t#gallery-9 {\n\t\t\t\t\tmargin: auto;\n\t\t\t\t}\n\t\t\t\t#gallery-9 .gallery-item {\n\t\t\t\t\tfloat: left;\n\t\t\t\t\tmargin-top: 10px;\n\t\t\t\t\ttext-align: center;\n\t\t\t\t\twidth: 33%;\n\t\t\t\t}\n\t\t\t\t#gallery-9 img {\n\t\t\t\t\tborder: 2px solid #cfcfcf;\n\t\t\t\t}\n\t\t\t\t#gallery-9 .gallery-caption {\n\t\t\t\t\tmargin-left: 0;\n\t\t\t\t}\n\t\t\t\t\/* see gallery_shortcode() in wp-includes\/media.php *\/\n\t\t\t<\/style>\n\t\t<div id='gallery-9' class='dt-gallery-container gallery galleryid-316611 gallery-columns-3 gallery-size-thumbnail'><dl class='gallery-item'>\n\t\t\t\t<dt class='gallery-icon landscape'>\n\t\t\t\t\t<a class=\"rollover rollover-zoom dt-pswp-item\" title=\"La_carica_dei_rinoceronti\" data-dt-img-description=\"\" data-large_image_width=\"1146\" data-large_image_height=\"762\"href='https:\/\/www.radiopiu.net\/wordpress\/wp-content\/uploads\/2023\/01\/La_carica_dei_rinoceronti.jpg'><img loading=\"lazy\" decoding=\"async\" width=\"150\" height=\"150\" src=\"https:\/\/www.radiopiu.net\/wordpress\/wp-content\/uploads\/2023\/01\/La_carica_dei_rinoceronti-150x150.jpg\" class=\"attachment-thumbnail size-thumbnail\" alt=\"\" \/><\/a>\n\t\t\t\t<\/dt><\/dl><dl class='gallery-item'>\n\t\t\t\t<dt class='gallery-icon landscape'>\n\t\t\t\t\t<a class=\"rollover rollover-zoom dt-pswp-item\" title=\"Novello_oltre_il_muro\" data-dt-img-description=\"\" data-large_image_width=\"1143\" data-large_image_height=\"762\"href='https:\/\/www.radiopiu.net\/wordpress\/wp-content\/uploads\/2023\/01\/Novello_oltre_il_muro.jpg'><img loading=\"lazy\" decoding=\"async\" width=\"150\" height=\"150\" src=\"https:\/\/www.radiopiu.net\/wordpress\/wp-content\/uploads\/2023\/01\/Novello_oltre_il_muro-150x150.jpg\" class=\"attachment-thumbnail size-thumbnail\" alt=\"\" \/><\/a>\n\t\t\t\t<\/dt><\/dl><dl class='gallery-item'>\n\t\t\t\t<dt class='gallery-icon portrait'>\n\t\t\t\t\t<a class=\"rollover rollover-zoom dt-pswp-item\" title=\"Maccabruni_a_una_mano\" data-dt-img-description=\"\" data-large_image_width=\"762\" data-large_image_height=\"1143\"href='https:\/\/www.radiopiu.net\/wordpress\/wp-content\/uploads\/2023\/01\/Maccabruni_a_una_mano.jpg'><img loading=\"lazy\" decoding=\"async\" width=\"150\" height=\"150\" src=\"https:\/\/www.radiopiu.net\/wordpress\/wp-content\/uploads\/2023\/01\/Maccabruni_a_una_mano-150x150.jpg\" class=\"attachment-thumbnail size-thumbnail\" alt=\"\" \/><\/a>\n\t\t\t\t<\/dt><\/dl><br style=\"clear: both\" \/>\n\t\t\t<\/div>\n\n<p>&nbsp;<\/p>\n<blockquote>\n<h3>LE LUPE PERDONO AL TIE BREAK<\/h3>\n<\/blockquote>\n<p><b><a class=\"dt-pswp-item\" href=\"https:\/\/www.radiopiu.net\/wordpress\/wp-content\/uploads\/2023\/01\/Fantinel_contro_il_muro_di_Vigonza.jpg\" data-dt-img-description=\"\" data-large_image_width=\"1555\" data-large_image_height=\"1037\"><img loading=\"lazy\" decoding=\"async\" class=\" wp-image-316766 alignleft\" src=\"https:\/\/www.radiopiu.net\/wordpress\/wp-content\/uploads\/2023\/01\/Fantinel_contro_il_muro_di_Vigonza-300x200.jpg\" alt=\"\" width=\"167\" height=\"111\" srcset=\"https:\/\/www.radiopiu.net\/wordpress\/wp-content\/uploads\/2023\/01\/Fantinel_contro_il_muro_di_Vigonza-300x200.jpg 300w, https:\/\/www.radiopiu.net\/wordpress\/wp-content\/uploads\/2023\/01\/Fantinel_contro_il_muro_di_Vigonza-1024x683.jpg 1024w, https:\/\/www.radiopiu.net\/wordpress\/wp-content\/uploads\/2023\/01\/Fantinel_contro_il_muro_di_Vigonza-768x512.jpg 768w, https:\/\/www.radiopiu.net\/wordpress\/wp-content\/uploads\/2023\/01\/Fantinel_contro_il_muro_di_Vigonza-1536x1024.jpg 1536w, https:\/\/www.radiopiu.net\/wordpress\/wp-content\/uploads\/2023\/01\/Fantinel_contro_il_muro_di_Vigonza.jpg 1555w\" sizes=\"auto, (max-width: 167px) 100vw, 167px\" \/><\/a> BELLUNO-POLISPORTIVA UNION VIGONZA 2-3 (<\/b><strong>25-15, 24-26, 24-26, 25-23, 11-15)<\/strong><\/p>\n<p>La Pallavolo Femminile Belluno\u00a0muove la classifica per la terza gara consecutiva, ma questa volta non riesce a condurre in porto la vittoria. Come era accaduto, invece, contro Imoco e Arena. Al De Mas, il tie-break sorride all\u2019Union Vigonza, anche se le atlete guidate da coach Nesello cadono in piedi, al termine di un confronto scandito da un lungo equilibrio. Inevitabile, infatti, l\u2019epilogo al quinto set: solo che, a quel punto, il serbatoio di energie era ormai asciutto. E il sestetto ospite ne ha approfittato. Le lupe chiudono quindi il girone d\u2019andata al penultimo posto. Ma la classifica \u00e8 cortissima e la sensazione, netta e incontrovertibile, \u00e8 che la compagine bellunese sia in crescita.<span class=\"gmail-Apple-converted-space\">\u00a0<\/span><\/p>\n<p>&nbsp;<\/p>\n<hr \/>\n<p>&nbsp;<\/p>\n<p><span style=\"color: #0000ff;\"><strong>MOTORI<\/strong><\/span><\/p>\n<blockquote>\n<h3>SI LAVORA PER LA PROSSIMA EDIZIONE DEL RALLY BELLUNESE<\/h3>\n<\/blockquote>\n<p><strong><a class=\"dt-pswp-item\" href=\"https:\/\/www.radiopiu.net\/wordpress\/wp-content\/uploads\/2023\/01\/4c3de236-c154-4a8b-bb7b-4eb1cee4b802.jpg\" data-dt-img-description=\"\" data-large_image_width=\"1600\" data-large_image_height=\"1059\"><img loading=\"lazy\" decoding=\"async\" class=\" wp-image-316842 alignleft\" src=\"https:\/\/www.radiopiu.net\/wordpress\/wp-content\/uploads\/2023\/01\/4c3de236-c154-4a8b-bb7b-4eb1cee4b802-300x199.jpg\" alt=\"\" width=\"188\" height=\"125\" srcset=\"https:\/\/www.radiopiu.net\/wordpress\/wp-content\/uploads\/2023\/01\/4c3de236-c154-4a8b-bb7b-4eb1cee4b802-300x199.jpg 300w, https:\/\/www.radiopiu.net\/wordpress\/wp-content\/uploads\/2023\/01\/4c3de236-c154-4a8b-bb7b-4eb1cee4b802-1024x678.jpg 1024w, https:\/\/www.radiopiu.net\/wordpress\/wp-content\/uploads\/2023\/01\/4c3de236-c154-4a8b-bb7b-4eb1cee4b802-768x508.jpg 768w, https:\/\/www.radiopiu.net\/wordpress\/wp-content\/uploads\/2023\/01\/4c3de236-c154-4a8b-bb7b-4eb1cee4b802-1536x1017.jpg 1536w, https:\/\/www.radiopiu.net\/wordpress\/wp-content\/uploads\/2023\/01\/4c3de236-c154-4a8b-bb7b-4eb1cee4b802.jpg 1600w\" sizes=\"auto, (max-width: 188px) 100vw, 188px\" \/><\/a>BELLUNO<\/strong><\/p>\n<p>di Roberto Bona<\/p>\n<audio class=\"wp-audio-shortcode\" id=\"audio-316611-14\" preload=\"none\" style=\"width: 100%;\" controls=\"controls\"><source type=\"audio\/mpeg\" src=\"https:\/\/www.radiopiu.net\/wordpress\/wp-content\/uploads\/2023\/01\/BONA-AL-LAVORO-PER-IL-RALLY-BELLUNESE.mp3?_=14\" \/><a href=\"https:\/\/www.radiopiu.net\/wordpress\/wp-content\/uploads\/2023\/01\/BONA-AL-LAVORO-PER-IL-RALLY-BELLUNESE.mp3\">https:\/\/www.radiopiu.net\/wordpress\/wp-content\/uploads\/2023\/01\/BONA-AL-LAVORO-PER-IL-RALLY-BELLUNESE.mp3<\/a><\/audio>\n<p>&nbsp;<\/p>\n<p>&nbsp;<\/p>\n<\/div>\n","protected":false},"excerpt":{"rendered":"<p>RADIO PIU INFORMAZIONE il canale su TELEGRAM informazione di prima\u00a0 mano e in tempo reale. iscriviti ed aiutaci a farlo conoscere\u00a0 ISCRIVITI AL NOSTRO CANALE YOUTUBE PER SEGUIRE IN DIRETTA I PRINCIPALI PROGRAMMI DI RADIO PIU&#8217; E LE FUTURE DIRETTE IN ESTERNA. PER ISCRIVERTI CLICCA QUI E PREMI IL TASTO &#8220;Iscriviti&#8221;\u00a0 &nbsp; &nbsp; UN PAESE&hellip;<\/p>\n","protected":false},"author":4,"featured_media":316879,"comment_status":"closed","ping_status":"closed","sticky":false,"template":"","format":"standard","meta":{"_monsterinsights_skip_tracking":false,"_monsterinsights_sitenote_active":false,"_monsterinsights_sitenote_note":"","_monsterinsights_sitenote_category":0,"footnotes":""},"categories":[51,86,49],"tags":[],"class_list":["post-316611","post","type-post","status-publish","format-standard","has-post-thumbnail","hentry","category-evidenza-top","category-gr","category-news-18","category-51","category-86","category-49","description-off"],"img_url":"https:\/\/www.radiopiu.net\/wordpress\/wp-content\/uploads\/2023\/01\/45ec55a6-3137-43d0-a28d-a7c931026ca4.jpg","_links":{"self":[{"href":"https:\/\/www.radiopiu.net\/wordpress\/wp-json\/wp\/v2\/posts\/316611","targetHints":{"allow":["GET"]}}],"collection":[{"href":"https:\/\/www.radiopiu.net\/wordpress\/wp-json\/wp\/v2\/posts"}],"about":[{"href":"https:\/\/www.radiopiu.net\/wordpress\/wp-json\/wp\/v2\/types\/post"}],"author":[{"embeddable":true,"href":"https:\/\/www.radiopiu.net\/wordpress\/wp-json\/wp\/v2\/users\/4"}],"replies":[{"embeddable":true,"href":"https:\/\/www.radiopiu.net\/wordpress\/wp-json\/wp\/v2\/comments?post=316611"}],"version-history":[{"count":0,"href":"https:\/\/www.radiopiu.net\/wordpress\/wp-json\/wp\/v2\/posts\/316611\/revisions"}],"wp:featuredmedia":[{"embeddable":true,"href":"https:\/\/www.radiopiu.net\/wordpress\/wp-json\/wp\/v2\/media\/316879"}],"wp:attachment":[{"href":"https:\/\/www.radiopiu.net\/wordpress\/wp-json\/wp\/v2\/media?parent=316611"}],"wp:term":[{"taxonomy":"category","embeddable":true,"href":"https:\/\/www.radiopiu.net\/wordpress\/wp-json\/wp\/v2\/categories?post=316611"},{"taxonomy":"post_tag","embeddable":true,"href":"https:\/\/www.radiopiu.net\/wordpress\/wp-json\/wp\/v2\/tags?post=316611"}],"curies":[{"name":"wp","href":"https:\/\/api.w.org\/{rel}","templated":true}]}}