{"id":316631,"date":"2023-01-14T05:59:29","date_gmt":"2023-01-14T04:59:29","guid":{"rendered":"https:\/\/www.radiopiu.net\/wordpress\/?p=316631"},"modified":"2023-01-14T06:00:33","modified_gmt":"2023-01-14T05:00:33","slug":"il-piccolo-davyd-non-ce-piu-ma-e-nel-cuore-dei-cittadini-di-sedico","status":"publish","type":"post","link":"https:\/\/www.radiopiu.net\/wordpress\/il-piccolo-davyd-non-ce-piu-ma-e-nel-cuore-dei-cittadini-di-sedico\/","title":{"rendered":"IL PICCOLO DAVYD  NON C&#8217;E&#8217; PIU&#8217;, MA E &#8216;NEL CUORE DEI CITTADINI DI SEDICO"},"content":{"rendered":"<div id=\"articleContent\" class=\"mercuryWrapper\">\n<div class=\"mercuryScroller\">\n<div class=\"mercuryElement\">\n<div class=\"mercuryBox\">\n<div id=\"articlePlain\">\n<div class=\"articlePlainText\"><strong><img decoding=\"async\" class=\"alignleft\" src=\"https:\/\/www.radiopiu.net\/wordpress\/wp-content\/uploads\/2023\/01\/Senza-nome-35.jpg\" \/>SEDICO\u00a0<\/strong> Davyd \u00e8 morto a soli 4 anni, il tumore ha avuto il sopravvento. Per tentare di\u00a0 salvarlo i genitori sono scappati da\u00a0 Leopoli bombardata dai russi, con un viaggio della speranza che li ha portati assieme agli altri tre figli a Sedico, per far curare il piccolo all&#8217;ospedale di Padova.\u00a0 Sedico si sta <a class=\"dt-pswp-item\" href=\"https:\/\/www.radiopiu.net\/wordpress\/wp-content\/uploads\/2023\/01\/d965dbef-c087-40a0-b4cd-1e21d112baa8.jpg\" data-dt-img-description=\"\" data-large_image_width=\"508\" data-large_image_height=\"720\"><img loading=\"lazy\" decoding=\"async\" class=\"size-medium wp-image-316633 alignright\" src=\"https:\/\/www.radiopiu.net\/wordpress\/wp-content\/uploads\/2023\/01\/d965dbef-c087-40a0-b4cd-1e21d112baa8-212x300.jpg\" alt=\"\" width=\"212\" height=\"300\" srcset=\"https:\/\/www.radiopiu.net\/wordpress\/wp-content\/uploads\/2023\/01\/d965dbef-c087-40a0-b4cd-1e21d112baa8-212x300.jpg 212w, https:\/\/www.radiopiu.net\/wordpress\/wp-content\/uploads\/2023\/01\/d965dbef-c087-40a0-b4cd-1e21d112baa8.jpg 508w\" sizes=\"auto, (max-width: 212px) 100vw, 212px\" \/><\/a>mobilitando\u00a0 per aiutare a sostenere le spese funebri. Dando una mano ad una famiglia che ha lasciato tutto da un giorno all&#8217;altro, partendo con in macchina solo un po&#8217; di vestiti, per cercare di salvare il bambino. Per i versamenti, conto corrente della famiglia:\u00a0 <strong>IT 71 G 02008 61310 00010 6446 243.\u00a0 <\/strong>Oggi alle 11, nella chiesa cristiana evangelica Mce di Sedico, gli dar\u00e0 invece l&#8217;estremo saluto. La macchina della solidariet\u00e0 non si \u00e8 comunque fermata: c&#8217;\u00e8 da dare ancora una mano alla famiglia, stremata dal dolore e da mesi di fatica per assistere il piccolo. Ci sono le questioni pratiche a cui far fronte: il trasporto funebre, la cremazione, le spese da coprire. \u00c8 partita cos\u00ec spontaneamente, dai volontari del Cantiere della Provvidenza, l&#8217;iniziativa di una sottoscrizione. Il Corriere delle Alpi con Stefano De Barba racconta oggi la storia della famiglia arrivata il 3 marzo, durante la notte.\u00a0 <em>\u00a0\u00abSiamo arrivati il 3 marzo, durante la notte\u00bb, ricorda pap\u00e0 Yuriy, \u00abla mattina dopo siamo andati direttamente all&#8217;ospedale di Padova\u00bb.\u00a0<\/em><\/div>\n<div><\/div>\n<div><a class=\"dt-pswp-item\" href=\"https:\/\/www.radiopiu.net\/wordpress\/wp-content\/uploads\/2023\/01\/Senza-nome-36.jpg\" data-dt-img-description=\"\" data-large_image_width=\"458\" data-large_image_height=\"339\"><img loading=\"lazy\" decoding=\"async\" class=\"size-medium wp-image-316635 aligncenter\" src=\"https:\/\/www.radiopiu.net\/wordpress\/wp-content\/uploads\/2023\/01\/Senza-nome-36-300x222.jpg\" alt=\"\" width=\"300\" height=\"222\" srcset=\"https:\/\/www.radiopiu.net\/wordpress\/wp-content\/uploads\/2023\/01\/Senza-nome-36-300x222.jpg 300w, https:\/\/www.radiopiu.net\/wordpress\/wp-content\/uploads\/2023\/01\/Senza-nome-36.jpg 458w\" sizes=\"auto, (max-width: 300px) 100vw, 300px\" \/><\/a><\/div>\n<div><\/div>\n<\/div>\n<\/div>\n<\/div>\n<\/div>\n<\/div>\n<div>__<\/div>\n","protected":false},"excerpt":{"rendered":"<p>SEDICO\u00a0 Davyd \u00e8 morto a soli 4 anni, il tumore ha avuto il sopravvento. Per tentare di\u00a0 salvarlo i genitori sono scappati da\u00a0 Leopoli bombardata dai russi, con un viaggio della speranza che li ha portati assieme agli altri tre figli a Sedico, per far curare il piccolo all&#8217;ospedale di Padova.\u00a0 Sedico si sta mobilitando\u00a0&hellip;<\/p>\n","protected":false},"author":4,"featured_media":316632,"comment_status":"closed","ping_status":"closed","sticky":false,"template":"","format":"standard","meta":{"_monsterinsights_skip_tracking":false,"_monsterinsights_sitenote_active":false,"_monsterinsights_sitenote_note":"","_monsterinsights_sitenote_category":0,"footnotes":""},"categories":[51,49],"tags":[],"class_list":["post-316631","post","type-post","status-publish","format-standard","has-post-thumbnail","hentry","category-evidenza-top","category-news-18","category-51","category-49","description-off"],"img_url":"https:\/\/www.radiopiu.net\/wordpress\/wp-content\/uploads\/2023\/01\/Senza-nome-35.jpg","_links":{"self":[{"href":"https:\/\/www.radiopiu.net\/wordpress\/wp-json\/wp\/v2\/posts\/316631","targetHints":{"allow":["GET"]}}],"collection":[{"href":"https:\/\/www.radiopiu.net\/wordpress\/wp-json\/wp\/v2\/posts"}],"about":[{"href":"https:\/\/www.radiopiu.net\/wordpress\/wp-json\/wp\/v2\/types\/post"}],"author":[{"embeddable":true,"href":"https:\/\/www.radiopiu.net\/wordpress\/wp-json\/wp\/v2\/users\/4"}],"replies":[{"embeddable":true,"href":"https:\/\/www.radiopiu.net\/wordpress\/wp-json\/wp\/v2\/comments?post=316631"}],"version-history":[{"count":0,"href":"https:\/\/www.radiopiu.net\/wordpress\/wp-json\/wp\/v2\/posts\/316631\/revisions"}],"wp:featuredmedia":[{"embeddable":true,"href":"https:\/\/www.radiopiu.net\/wordpress\/wp-json\/wp\/v2\/media\/316632"}],"wp:attachment":[{"href":"https:\/\/www.radiopiu.net\/wordpress\/wp-json\/wp\/v2\/media?parent=316631"}],"wp:term":[{"taxonomy":"category","embeddable":true,"href":"https:\/\/www.radiopiu.net\/wordpress\/wp-json\/wp\/v2\/categories?post=316631"},{"taxonomy":"post_tag","embeddable":true,"href":"https:\/\/www.radiopiu.net\/wordpress\/wp-json\/wp\/v2\/tags?post=316631"}],"curies":[{"name":"wp","href":"https:\/\/api.w.org\/{rel}","templated":true}]}}