{"id":316650,"date":"2023-01-14T11:15:02","date_gmt":"2023-01-14T10:15:02","guid":{"rendered":"https:\/\/www.radiopiu.net\/wordpress\/?p=316650"},"modified":"2023-01-14T11:16:10","modified_gmt":"2023-01-14T10:16:10","slug":"ascolta-la-rassegna-stampa-dal-1983-alle-otto-del-mattino-di-mirko-mezzacasa","status":"publish","type":"post","link":"https:\/\/www.radiopiu.net\/wordpress\/ascolta-la-rassegna-stampa-dal-1983-alle-otto-del-mattino-di-mirko-mezzacasa\/","title":{"rendered":"ASCOLTA LA RASSEGNA STAMPA, DAL 1983 ALLE OTTO DEL MATTINO di mirko mezzacasa"},"content":{"rendered":"<p><strong>SEDICO<\/strong> E&#8217; mancato il piccolo Davyd, 4 anni. A marzo dello scorso anno la famiglia era fuggita da Leopoli, il piccoo \u00e8 scampato alle bombe ma non al tumore che lo ha ucciso. Era in cura a Padova, il paese si mobilita per aiutare la famiglia. <strong>CESIOMAGGIORE<\/strong> Ennesimo incidente nel bosco, uomo soccorso in elicottero, non \u00e8 grave, il caschetto ha attutito il colpo <strong>VENEZIA<\/strong> Il funerale della maestra di sci a Cortina, Giulia Ramelli, morta mercoledi in seguito alla valanga del Nuvolau, sar\u00e0 celebrato a Venezia nella chiesa San Giovanni e Paolo, non \u00e8 ancora stata decisa la data dell&#8217;estremo saluto in attesa del nulla osta delle autorit\u00e0. <strong>BELLUNO<\/strong> Un&#8217;altra aggressione in carcere a Baldenich, due guardie medicate in infermeria. Il sindacalista Da Re della Cisl chiede la chiusura dell&#8217;area psichiatrica. <strong>SANTA GIUSTINA<\/strong> Assolto il pilota di rally che aveva investito ed ucciso Maria Cappello, per il giudice non era colpa sua. <strong>BELLUNO<\/strong> Maltrattata quando era in dolce attesa, abbandonata dopo aver partorito. Il marito F.A. \u00e8 stato condannato a due anni di reclusione per maltrattamenti in famiglia e al risarcimento danni di 8 mila euro. <strong>AGORDO<\/strong> Come gi\u00e0 anticipato ad inizio dicembre &#8211; ora in pi\u00f9\u00a0 c&#8217;\u00e8 la firma &#8211; il Comune di Agordo cede la Caserma dei vigili del fuoco e si prepara a recuperare l&#8217;area dell&#8217;ex poligono di Crostolin. <strong>BELLUNO<\/strong>\u00a0 Sar\u00e0 riattivata mercoled\u00ec la linea ferroviaria tra Ponte nelle Alpi e Longarone, La Longarone-Calalzo rimane chiusa almeno fino\u00a0 al 13 febbraio. <strong>BELLUNO<\/strong> E\u0300 passato invano quasi un mese dall\u2019ultimo infortunio occorso sul piazzale della stazione di Belluno ad un ragazzo, il cui piede e\u0300 finito sotto ad un pneumatico di un autobus. Da allora non vi e\u0300 stato alcun miglioramento della sicurezza, i pedoni continuano ad attraversare la strada in lungo e in largo, i passeggeri si accalcano sugli stalli dove gli autobus devono posteggiarsi, il traffico privato continua a mescolarsi imperterrito agli studenti e ai bus in transito <strong>FELTRE<\/strong> Nuovi stalli per il servizio di trasporto pubblico alla stazione Fs di Feltre. Da luned\u00ec 16 gennaio infatti sar\u00e0 attivo il nuovo piazzale autobus realizzato dal Comune di Feltre, che apporta alcune migliorie alle corsie di partenza dei mezzi. <strong>AGORDO<\/strong> Per malga Framont un canone d&#8217;affitto diverso: meno oneroso per eventuali futuri gestori. <strong>AGORDO<\/strong> Oggi al Follador-De Rossi di Agordo e Falcade &#8220;scuola aperta&#8221; sul sito di RADIOPIU presentiamo ampiamente l&#8217;offerta scolastica per l&#8217;Agordino, Provincia, Regione&#8230; <strong>PONTE NELLE ALPI<\/strong> Il Comune di Ponte nelle Alpi ha approvato il bilancio di previsione 2023: un bilancio che prevede molti interventi sul territorio <strong>BELLUNO<\/strong> Omologata dalla Fidal la pista di atletica del Polisportivo. Il rilascio risale agli ultimi giorni del 2022 e apre un nuovo capitolo per l\u2019impianto di Belluno, che d\u2019ora in avanti potr\u00e0 tornare ad ospitare competizioni regionali, nazionali ed internazionali.<br \/>\n<strong>FALCADE<\/strong> Incontro ravvicinato con il lupo giovedi sera a Caviola. L&#8217;animale circolava tranquillamente nel centro abitato appena sopra il Bar da Flora. A filmarlo e postarlo su instagram \u00e8 stata Gaia Ganz.<\/p>\n<p><span style=\"color: #ff0000;\">PROMOFALCADE<\/span> DOLOMITI RINNOVA IL SOSTEGNO AGLI ATLETI DALMASSO E BARP<br \/>\n<span style=\"color: #ff0000;\">HOCKEY<\/span> SU GHIACCIO ALLEGHE A TORRE PELLICE PER SFIDARE I BULLDOG<br \/>\nPRIMA SCONFITTA PER LE AZZURRINE<br \/>\n<span style=\"color: #ff0000;\">CALCIO<\/span> INIZIA IL GIRONE DI RITORNO PER L&#8217;AGORDINA CALCIO<br \/>\n<span style=\"color: #ff0000;\">PALLAVOLO<\/span> ULTIMO TURNO DI ANDATA PER LE LUPE<\/p>\n<p>&nbsp;<\/p>\n<p><iframe loading=\"lazy\" title=\"RASSEGNA STAMPA LOCALE\" width=\"1200\" height=\"675\" src=\"https:\/\/www.youtube.com\/embed\/-qIIQyEKkBo?feature=oembed\" frameborder=\"0\" allow=\"accelerometer; autoplay; clipboard-write; encrypted-media; gyroscope; picture-in-picture; web-share\" allowfullscreen><\/iframe><\/p>\n<p>&nbsp;<\/p>\n<hr \/>\n<p>&nbsp;<\/p>\n","protected":false},"excerpt":{"rendered":"<p>SEDICO E&#8217; mancato il piccolo Davyd, 4 anni. A marzo dello scorso anno la famiglia era fuggita da Leopoli, il piccoo \u00e8 scampato alle bombe ma non al tumore che lo ha ucciso. Era in cura a Padova, il paese si mobilita per aiutare la famiglia. CESIOMAGGIORE Ennesimo incidente nel bosco, uomo soccorso in elicottero,&hellip;<\/p>\n","protected":false},"author":4,"featured_media":316633,"comment_status":"closed","ping_status":"closed","sticky":false,"template":"","format":"standard","meta":{"_monsterinsights_skip_tracking":false,"_monsterinsights_sitenote_active":false,"_monsterinsights_sitenote_note":"","_monsterinsights_sitenote_category":0,"footnotes":""},"categories":[104,49,142],"tags":[],"class_list":["post-316650","post","type-post","status-publish","format-standard","has-post-thumbnail","hentry","category-evidenza_3","category-news-18","category-rassegna-stampa","category-104","category-49","category-142","description-off"],"img_url":"https:\/\/www.radiopiu.net\/wordpress\/wp-content\/uploads\/2023\/01\/d965dbef-c087-40a0-b4cd-1e21d112baa8.jpg","_links":{"self":[{"href":"https:\/\/www.radiopiu.net\/wordpress\/wp-json\/wp\/v2\/posts\/316650","targetHints":{"allow":["GET"]}}],"collection":[{"href":"https:\/\/www.radiopiu.net\/wordpress\/wp-json\/wp\/v2\/posts"}],"about":[{"href":"https:\/\/www.radiopiu.net\/wordpress\/wp-json\/wp\/v2\/types\/post"}],"author":[{"embeddable":true,"href":"https:\/\/www.radiopiu.net\/wordpress\/wp-json\/wp\/v2\/users\/4"}],"replies":[{"embeddable":true,"href":"https:\/\/www.radiopiu.net\/wordpress\/wp-json\/wp\/v2\/comments?post=316650"}],"version-history":[{"count":0,"href":"https:\/\/www.radiopiu.net\/wordpress\/wp-json\/wp\/v2\/posts\/316650\/revisions"}],"wp:featuredmedia":[{"embeddable":true,"href":"https:\/\/www.radiopiu.net\/wordpress\/wp-json\/wp\/v2\/media\/316633"}],"wp:attachment":[{"href":"https:\/\/www.radiopiu.net\/wordpress\/wp-json\/wp\/v2\/media?parent=316650"}],"wp:term":[{"taxonomy":"category","embeddable":true,"href":"https:\/\/www.radiopiu.net\/wordpress\/wp-json\/wp\/v2\/categories?post=316650"},{"taxonomy":"post_tag","embeddable":true,"href":"https:\/\/www.radiopiu.net\/wordpress\/wp-json\/wp\/v2\/tags?post=316650"}],"curies":[{"name":"wp","href":"https:\/\/api.w.org\/{rel}","templated":true}]}}