{"id":316652,"date":"2023-01-14T07:41:31","date_gmt":"2023-01-14T06:41:31","guid":{"rendered":"https:\/\/www.radiopiu.net\/wordpress\/?p=316652"},"modified":"2023-01-14T08:32:05","modified_gmt":"2023-01-14T07:32:05","slug":"e-mancato-claudio-costa-el-caregheta","status":"publish","type":"post","link":"https:\/\/www.radiopiu.net\/wordpress\/e-mancato-claudio-costa-el-caregheta\/","title":{"rendered":"E&#8217; MANCATO CLAUDIO COSTA  &#8220;EL CAREGHETA&#8221;"},"content":{"rendered":"<p><strong><img loading=\"lazy\" decoding=\"async\" class=\"alignleft\" src=\"https:\/\/www.radiopiu.net\/wordpress\/wp-content\/uploads\/2023\/01\/Senza-nome-37.jpg\" width=\"188\" height=\"226\" \/>TAIBON<\/strong> La notizia della morte di Claudio Costa ha colto di sopresa Taibon e la Conca Agordina. &#8220;El caregheta&#8221;:\u00a0 per il suo passato professionale, era conosciuto anche cos\u00ec l&#8217;uomo di 73 anni, fu uno dei primi sostenitori della RadioPi\u00f9 quando era in attivit\u00e0 nel suo paese. La foto dell&#8217;epigrafe ce lo ricorda tra l&#8217;altro sorridente durante la manifestazione &#8220;La Polenta pi\u00f9 grande del mondo&#8221; della Botol Group del settembre 2014 a Falcade. Claudio lascia nel dolore il figlio Mirco con Martina, Riccardo, Lorenzo e Nadia.\u00a0 Chi lo desidera potr\u00e0 fargli visita alla casa funeraria Donadel di via Marisiga oggi dalle 9 alle 12 e dalle 14 alle 15. Come da sua espressa volont\u00e0 la salma sar\u00e0 poi cremata.<\/p>\n<p>&nbsp;<\/p>\n<p>&nbsp;<\/p>\n<p>&nbsp;<\/p>\n<p>&nbsp;<\/p>\n<p>&nbsp;<\/p>\n<p>&#8212;<\/p>\n","protected":false},"excerpt":{"rendered":"<p>TAIBON La notizia della morte di Claudio Costa ha colto di sopresa Taibon e la Conca Agordina. &#8220;El caregheta&#8221;:\u00a0 per il suo passato professionale, era conosciuto anche cos\u00ec l&#8217;uomo di 73 anni, fu uno dei primi sostenitori della RadioPi\u00f9 quando era in attivit\u00e0 nel suo paese. La foto dell&#8217;epigrafe ce lo ricorda tra l&#8217;altro sorridente&hellip;<\/p>\n","protected":false},"author":4,"featured_media":316653,"comment_status":"closed","ping_status":"closed","sticky":false,"template":"","format":"standard","meta":{"_monsterinsights_skip_tracking":false,"_monsterinsights_sitenote_active":false,"_monsterinsights_sitenote_note":"","_monsterinsights_sitenote_category":0,"footnotes":""},"categories":[49],"tags":[],"class_list":["post-316652","post","type-post","status-publish","format-standard","has-post-thumbnail","hentry","category-news-18","category-49","description-off"],"img_url":"https:\/\/www.radiopiu.net\/wordpress\/wp-content\/uploads\/2023\/01\/Senza-nome-37.jpg","_links":{"self":[{"href":"https:\/\/www.radiopiu.net\/wordpress\/wp-json\/wp\/v2\/posts\/316652","targetHints":{"allow":["GET"]}}],"collection":[{"href":"https:\/\/www.radiopiu.net\/wordpress\/wp-json\/wp\/v2\/posts"}],"about":[{"href":"https:\/\/www.radiopiu.net\/wordpress\/wp-json\/wp\/v2\/types\/post"}],"author":[{"embeddable":true,"href":"https:\/\/www.radiopiu.net\/wordpress\/wp-json\/wp\/v2\/users\/4"}],"replies":[{"embeddable":true,"href":"https:\/\/www.radiopiu.net\/wordpress\/wp-json\/wp\/v2\/comments?post=316652"}],"version-history":[{"count":0,"href":"https:\/\/www.radiopiu.net\/wordpress\/wp-json\/wp\/v2\/posts\/316652\/revisions"}],"wp:featuredmedia":[{"embeddable":true,"href":"https:\/\/www.radiopiu.net\/wordpress\/wp-json\/wp\/v2\/media\/316653"}],"wp:attachment":[{"href":"https:\/\/www.radiopiu.net\/wordpress\/wp-json\/wp\/v2\/media?parent=316652"}],"wp:term":[{"taxonomy":"category","embeddable":true,"href":"https:\/\/www.radiopiu.net\/wordpress\/wp-json\/wp\/v2\/categories?post=316652"},{"taxonomy":"post_tag","embeddable":true,"href":"https:\/\/www.radiopiu.net\/wordpress\/wp-json\/wp\/v2\/tags?post=316652"}],"curies":[{"name":"wp","href":"https:\/\/api.w.org\/{rel}","templated":true}]}}