{"id":316656,"date":"2023-01-14T07:48:59","date_gmt":"2023-01-14T06:48:59","guid":{"rendered":"https:\/\/www.radiopiu.net\/wordpress\/?p=316656"},"modified":"2023-01-14T07:48:59","modified_gmt":"2023-01-14T06:48:59","slug":"dillo-a-radio-piu-treno-per-cortina-politica-romana-dove-sei","status":"publish","type":"post","link":"https:\/\/www.radiopiu.net\/wordpress\/dillo-a-radio-piu-treno-per-cortina-politica-romana-dove-sei\/","title":{"rendered":"DILLO A RADIO PIU&#8217;&#8230; TRENO PER CORTINA &#8220;POLITICA ROMANA DOVE SEI?&#8221;"},"content":{"rendered":"<div class=\"bubbles-group\">\n<div class=\"bubble hide-name is-in can-have-tail is-group-first is-group-last\" data-mid=\"5920784383\" data-peer-id=\"1029336920\" data-timestamp=\"1673676214\">\n<div class=\"bubble-content-wrapper\">\n<div class=\"bubble-content\">\n<div dir=\"auto\"><img loading=\"lazy\" decoding=\"async\" class=\"alignleft\" src=\"https:\/\/www.radiopiu.net\/wordpress\/wp-content\/uploads\/2019\/02\/treno-olimpiadi.jpg\" width=\"292\" height=\"243\" \/><strong>Riceviamo una riflessione che volentieri pubblichiamo, a proposito dei problemi della ferrovia del Cadore. La linea tra Ponte Alpi e Calalzo \u00e8 bloccata, da mercoledi per una frana (tra Ponte nelle Alpi e Longarone),\u00a0 se questo tratto a breve riaprir\u00e0 non \u00e8 cos\u00ec per il resto della tratta, almeno fino a met\u00e0 febbraio non \u00e8 prevista la ripresa del servizio.\u00a0<\/strong><\/div>\n<\/div>\n<\/div>\n<\/div>\n<\/div>\n<div dir=\"auto\"><\/div>\n<div dir=\"auto\"><strong>Lettera firmata.<\/strong><\/div>\n<div dir=\"auto\"><\/div>\n<div dir=\"auto\">&#8220;&#8230; che si muova la politica di Roma, per spingere la riapertura in tempi rapidi, potrebbe influire non poco. L&#8217;importante \u00e8 che l&#8217;obiettivo resti il prolungamento verso Cortina, diversamente, dopo le Olimpiadi, alla prima occasione,\u00a0 quella tratta potrebbe chiudere definitivamente cambiando le sorti di tutto il Cadore e degli spostamenti in Regione. Credo sia importante andare oltre, alla decisione di quale soluzione di tracciato sia stata presa in considerazione per l&#8217;eventuale prolungamento. Una connessione ferroviaria verso l&#8217;Alto Adige e quindi con l&#8217;Austria, porterebbe da noi una quantit\u00e0 inimmaginabile di turisti:\u00a0 escursionisti e ciclisti\u00a0 soprattutto, danarosi,\u00a0 che praticano un turismo lento, ma poi cenano e alloggiano senza badare a spese (li vedo in treno ogni estate e aumentano sempre pi\u00f9, nonostante per raggiungere con i mezzi pubblici da nord, la provincia di Belluno, sia attualmente impegnativo). Economia dal basso impatto per l&#8217;ambiente (meno delle auto sicuramente), ma dalla forte valenza economica.<\/div>\n<div dir=\"auto\"><\/div>\n<div dir=\"auto\"><\/div>\n<div dir=\"auto\"><\/div>\n<div dir=\"auto\">___<\/div>\n","protected":false},"excerpt":{"rendered":"<p>Riceviamo una riflessione che volentieri pubblichiamo, a proposito dei problemi della ferrovia del Cadore. La linea tra Ponte Alpi e Calalzo \u00e8 bloccata, da mercoledi per una frana (tra Ponte nelle Alpi e Longarone),\u00a0 se questo tratto a breve riaprir\u00e0 non \u00e8 cos\u00ec per il resto della tratta, almeno fino a met\u00e0 febbraio non \u00e8&hellip;<\/p>\n","protected":false},"author":4,"featured_media":75398,"comment_status":"closed","ping_status":"closed","sticky":false,"template":"","format":"standard","meta":{"_monsterinsights_skip_tracking":false,"_monsterinsights_sitenote_active":false,"_monsterinsights_sitenote_note":"","_monsterinsights_sitenote_category":0,"footnotes":""},"categories":[49],"tags":[],"class_list":["post-316656","post","type-post","status-publish","format-standard","has-post-thumbnail","hentry","category-news-18","category-49","description-off"],"img_url":"https:\/\/www.radiopiu.net\/wordpress\/wp-content\/uploads\/2019\/02\/treno-olimpiadi.jpg","_links":{"self":[{"href":"https:\/\/www.radiopiu.net\/wordpress\/wp-json\/wp\/v2\/posts\/316656","targetHints":{"allow":["GET"]}}],"collection":[{"href":"https:\/\/www.radiopiu.net\/wordpress\/wp-json\/wp\/v2\/posts"}],"about":[{"href":"https:\/\/www.radiopiu.net\/wordpress\/wp-json\/wp\/v2\/types\/post"}],"author":[{"embeddable":true,"href":"https:\/\/www.radiopiu.net\/wordpress\/wp-json\/wp\/v2\/users\/4"}],"replies":[{"embeddable":true,"href":"https:\/\/www.radiopiu.net\/wordpress\/wp-json\/wp\/v2\/comments?post=316656"}],"version-history":[{"count":0,"href":"https:\/\/www.radiopiu.net\/wordpress\/wp-json\/wp\/v2\/posts\/316656\/revisions"}],"wp:featuredmedia":[{"embeddable":true,"href":"https:\/\/www.radiopiu.net\/wordpress\/wp-json\/wp\/v2\/media\/75398"}],"wp:attachment":[{"href":"https:\/\/www.radiopiu.net\/wordpress\/wp-json\/wp\/v2\/media?parent=316656"}],"wp:term":[{"taxonomy":"category","embeddable":true,"href":"https:\/\/www.radiopiu.net\/wordpress\/wp-json\/wp\/v2\/categories?post=316656"},{"taxonomy":"post_tag","embeddable":true,"href":"https:\/\/www.radiopiu.net\/wordpress\/wp-json\/wp\/v2\/tags?post=316656"}],"curies":[{"name":"wp","href":"https:\/\/api.w.org\/{rel}","templated":true}]}}