{"id":316705,"date":"2023-01-16T04:54:22","date_gmt":"2023-01-16T03:54:22","guid":{"rendered":"https:\/\/www.radiopiu.net\/wordpress\/?p=316705"},"modified":"2023-01-16T05:17:50","modified_gmt":"2023-01-16T04:17:50","slug":"lulss-dolomiti-ricorda-il-dottor-michele-de-boni","status":"publish","type":"post","link":"https:\/\/www.radiopiu.net\/wordpress\/lulss-dolomiti-ricorda-il-dottor-michele-de-boni\/","title":{"rendered":"L\u2019ULSS DOLOMITI RICORDA IL DOTTOR MICHELE DE BONI"},"content":{"rendered":"<p><strong><a class=\"dt-pswp-item\" href=\"https:\/\/www.radiopiu.net\/wordpress\/wp-content\/uploads\/2023\/01\/Schermata-2023-01-14-alle-14.26.42.png\" data-dt-img-description=\"\" data-large_image_width=\"1274\" data-large_image_height=\"1026\"><img loading=\"lazy\" decoding=\"async\" class=\" wp-image-316706 alignleft\" src=\"https:\/\/www.radiopiu.net\/wordpress\/wp-content\/uploads\/2023\/01\/Schermata-2023-01-14-alle-14.26.42-300x242.png\" alt=\"\" width=\"214\" height=\"173\" srcset=\"https:\/\/www.radiopiu.net\/wordpress\/wp-content\/uploads\/2023\/01\/Schermata-2023-01-14-alle-14.26.42-300x242.png 300w, https:\/\/www.radiopiu.net\/wordpress\/wp-content\/uploads\/2023\/01\/Schermata-2023-01-14-alle-14.26.42-1024x825.png 1024w, https:\/\/www.radiopiu.net\/wordpress\/wp-content\/uploads\/2023\/01\/Schermata-2023-01-14-alle-14.26.42-768x618.png 768w, https:\/\/www.radiopiu.net\/wordpress\/wp-content\/uploads\/2023\/01\/Schermata-2023-01-14-alle-14.26.42.png 1274w\" sizes=\"auto, (max-width: 214px) 100vw, 214px\" \/><\/a>FELTRE <\/strong>Sono gi\u00e0 passati tre anni da quella triste mattina del 15 gennaio 2020 in cui, circondato dall\u2019affetto della sua amatissima famiglia, \u00e8 morto il dottor Michele De Boni, gi\u00e0 direttore del dipartimento di chirurgia oncologica gastrointestinale a valenza regionale, in seguito a una malattia che aveva affrontato con grande coraggio e dignit\u00e0. La scomparsa del dottor\u00a0 Michele De Boni\u00a0 aveva toccato profondamente l\u2019Ulss Dolomiti e tutta la vallata. La sua capacit\u00e0 di associare una grande esperienza clinica maturata sempre nell\u2019ospedale di Feltre con una intensa attivit\u00e0 di ricerca, in connessione con i pi\u00f9 accreditati centri internazionali\u00a0 ha costituito un esempio per tutti: \u00e8 possibile diventare un centro di riferimento di prim\u2019ordine con l\u2019impegno, la professionalit\u00e0 e il quotidiano riscontro dei positivi risultati. Il 2022 \u00e8 stato un anno importante per il \u201cCentro di Riferimento Regionale per la chirurgia oncologica gastroenterologia\u201d\u00a0 intitolato proprio al compianto Michele De Boni. Pur con le difficolt\u00e0 legate al perdurare della pandemia, il Centro ha continuato a lavorare per essere un riferimento per i pazienti oncologici: alle attivit\u00e0 di cura, \u00e8 stato confermato l\u2019impegno nelle attivit\u00e0 di ricerca, nel potenziamento delle attrezzature e nel rafforzamento del legame con la comunit\u00e0 esterna e il volontariato. In modo instancabile e combattivo, come era il dottor De Boni. Tante le novit\u00e0 del 2022: prima fra tutte la nomina di due nuovi direttori di unit\u00e0 operativa complessa, in tempi rapidissimi, tra i reparti afferenti al Centro: il dr Nicodemo, direttore della Oncologia di Feltre e il dr Malavisi, direttore dell\u2019Anestesia di Feltre, da subito entrati in sintonia con la filosofia di un Ospedale che non si riduca a una \u00abofficina di riparazione\u00bb ma si qualifichi come \u00abfabbrica della salute\u00bb, come amava indicare il dr De Boni. Un altro importante \u201cpallino\u201d del dr De Boni era la tecnologia. In questo ambito, entrambe le unit\u00e0 operative aziendali di Gastroenterologia sono state dotate di sistemi di intelligenza artificiale a supporto dei professionisti, per diagnosi sempre pi\u00f9 precoci, che amplificano le capacit\u00e0 dell\u2019occhio umano di rilevazione delle lesioni, arrivate prima in ulss Dolomiti che nei maggiori centri regionali. \u00a0Nuovo anche l\u2019acceleratore lineare dell\u2019ospedale di Belluno, inaugurato a giugno 2022, che, grazie alle competenze del team di radioterapisti, offre cure sempre innovative anche per le patologie del tratto gastrointestinale. Inoltre, \u00e8 in fase di acquisto il robot chirurgico (4 milioni di euro di cui 1,6 Fondi Comune di Confine)\u00a0 ed \u00e8 in fase di progettazione la nuova piastra endoscopica (5,2 milioni di euro) finanziata dai Fondi Comune di Confine, \u00a0testimonianza del sostegno al Centro da parte di tutti gli stakeholders del territorio. Tra le innovazioni del 2022 l\u2019 Anatomia Patologica di Feltre, grazie alla definizione molecolare, che rappresenta un punto cardine nella medicina di precisione ha migliorato la diagnostica, soprattutto nelle malattie ereditarie del grosso intestino. I clinici, da parte loro, hanno proseguito sulla via tracciata dal Dr De Boni con i GOM, i Gruppi Oncologici Multidisciplinari dove tutti gli specialisti coinvolti si confrontano e personalizzano le cure per ciascun paziente a cui offrono una diagnosi clinico-strumentale ed un percorso terapeutico nel minor tempo possibile, concetti sintetizzati nel progetto \u201cOneDay care\u201d da lui fortemente voluto. La figura umana di De Boni \u00e8 ricordata anche per gli sforzi verso quel cambiamento di tipo culturale che porta al centro la persona assistita, che viene coinvolta attivamente nel percorso di cura, e nella collaborazione col Volontariato. Importante il volume dell\u2019attivit\u00e0 delle unit\u00e0 operative afferenti al Centro, tornato ai livelli pre- covid e in continua crescita.<\/p>\n<p>&nbsp;<\/p>\n<p>&nbsp;<\/p>\n<p>******<\/p>\n","protected":false},"excerpt":{"rendered":"<p>FELTRE Sono gi\u00e0 passati tre anni da quella triste mattina del 15 gennaio 2020 in cui, circondato dall\u2019affetto della sua amatissima famiglia, \u00e8 morto il dottor Michele De Boni, gi\u00e0 direttore del dipartimento di chirurgia oncologica gastrointestinale a valenza regionale, in seguito a una malattia che aveva affrontato con grande coraggio e dignit\u00e0. La scomparsa&hellip;<\/p>\n","protected":false},"author":4,"featured_media":316706,"comment_status":"closed","ping_status":"closed","sticky":false,"template":"","format":"standard","meta":{"_monsterinsights_skip_tracking":false,"_monsterinsights_sitenote_active":false,"_monsterinsights_sitenote_note":"","_monsterinsights_sitenote_category":0,"footnotes":""},"categories":[51,49],"tags":[],"class_list":["post-316705","post","type-post","status-publish","format-standard","has-post-thumbnail","hentry","category-evidenza-top","category-news-18","category-51","category-49","description-off"],"img_url":"https:\/\/www.radiopiu.net\/wordpress\/wp-content\/uploads\/2023\/01\/Schermata-2023-01-14-alle-14.26.42.png","_links":{"self":[{"href":"https:\/\/www.radiopiu.net\/wordpress\/wp-json\/wp\/v2\/posts\/316705","targetHints":{"allow":["GET"]}}],"collection":[{"href":"https:\/\/www.radiopiu.net\/wordpress\/wp-json\/wp\/v2\/posts"}],"about":[{"href":"https:\/\/www.radiopiu.net\/wordpress\/wp-json\/wp\/v2\/types\/post"}],"author":[{"embeddable":true,"href":"https:\/\/www.radiopiu.net\/wordpress\/wp-json\/wp\/v2\/users\/4"}],"replies":[{"embeddable":true,"href":"https:\/\/www.radiopiu.net\/wordpress\/wp-json\/wp\/v2\/comments?post=316705"}],"version-history":[{"count":0,"href":"https:\/\/www.radiopiu.net\/wordpress\/wp-json\/wp\/v2\/posts\/316705\/revisions"}],"wp:featuredmedia":[{"embeddable":true,"href":"https:\/\/www.radiopiu.net\/wordpress\/wp-json\/wp\/v2\/media\/316706"}],"wp:attachment":[{"href":"https:\/\/www.radiopiu.net\/wordpress\/wp-json\/wp\/v2\/media?parent=316705"}],"wp:term":[{"taxonomy":"category","embeddable":true,"href":"https:\/\/www.radiopiu.net\/wordpress\/wp-json\/wp\/v2\/categories?post=316705"},{"taxonomy":"post_tag","embeddable":true,"href":"https:\/\/www.radiopiu.net\/wordpress\/wp-json\/wp\/v2\/tags?post=316705"}],"curies":[{"name":"wp","href":"https:\/\/api.w.org\/{rel}","templated":true}]}}