{"id":316733,"date":"2023-02-16T14:26:45","date_gmt":"2023-02-16T13:26:45","guid":{"rendered":"https:\/\/www.radiopiu.net\/wordpress\/?p=316733"},"modified":"2023-02-16T14:26:45","modified_gmt":"2023-02-16T13:26:45","slug":"falco-e-tornato-operativo","status":"publish","type":"post","link":"https:\/\/www.radiopiu.net\/wordpress\/falco-e-tornato-operativo\/","title":{"rendered":"FALCO, E&#8217; TORNATO OPERATIVO."},"content":{"rendered":"<p><strong><a class=\"dt-pswp-item\" href=\"https:\/\/www.radiopiu.net\/wordpress\/wp-content\/uploads\/2022\/08\/falco-.jpeg\" data-dt-img-description=\"\" data-large_image_width=\"1229\" data-large_image_height=\"1130\"><img loading=\"lazy\" decoding=\"async\" class=\" wp-image-294304 alignleft\" src=\"https:\/\/www.radiopiu.net\/wordpress\/wp-content\/uploads\/2022\/08\/falco--300x276.jpeg\" alt=\"\" width=\"154\" height=\"142\" srcset=\"https:\/\/www.radiopiu.net\/wordpress\/wp-content\/uploads\/2022\/08\/falco--300x276.jpeg 300w, https:\/\/www.radiopiu.net\/wordpress\/wp-content\/uploads\/2022\/08\/falco--1024x942.jpeg 1024w, https:\/\/www.radiopiu.net\/wordpress\/wp-content\/uploads\/2022\/08\/falco--768x706.jpeg 768w, https:\/\/www.radiopiu.net\/wordpress\/wp-content\/uploads\/2022\/08\/falco-.jpeg 1229w\" sizes=\"auto, (max-width: 154px) 100vw, 154px\" \/><\/a><\/strong><\/p>\n<p>Questa mattina \u00e8 stato ripristinato il sistema antincendio della base HEMS di Pieve di Cadore e, quindi, la base \u00e8 stata riattivata e Falco ha ripreso la piena operativit\u00e0 in sicurezza.<\/p>\n<p>L\u2019Azienda ha gi\u00e0 richiesto approfondimenti su quanto accaduto (rottura di una valvola del sistema antincendio) alle ditte coinvolte perch\u00e9 tali disservizi non si ripetano.<\/p>\n<h3><\/h3>\n<p>&nbsp;<\/p>\n<hr \/>\n<p><strong>\u00a0<\/strong><\/p>\n<p>&nbsp;<\/p>\n<p>&nbsp;<\/p>\n<p>******<\/p>\n","protected":false},"excerpt":{"rendered":"<p>Questa mattina \u00e8 stato ripristinato il sistema antincendio della base HEMS di Pieve di Cadore e, quindi, la base \u00e8 stata riattivata e Falco ha ripreso la piena operativit\u00e0 in sicurezza. L\u2019Azienda ha gi\u00e0 richiesto approfondimenti su quanto accaduto (rottura di una valvola del sistema antincendio) alle ditte coinvolte perch\u00e9 tali disservizi non si ripetano.&hellip;<\/p>\n","protected":false},"author":4,"featured_media":294304,"comment_status":"closed","ping_status":"closed","sticky":false,"template":"","format":"standard","meta":{"_monsterinsights_skip_tracking":false,"_monsterinsights_sitenote_active":false,"_monsterinsights_sitenote_note":"","_monsterinsights_sitenote_category":0,"footnotes":""},"categories":[51,49],"tags":[],"class_list":["post-316733","post","type-post","status-publish","format-standard","has-post-thumbnail","hentry","category-evidenza-top","category-news-18","category-51","category-49","description-off"],"img_url":"https:\/\/www.radiopiu.net\/wordpress\/wp-content\/uploads\/2022\/08\/falco-.jpeg","_links":{"self":[{"href":"https:\/\/www.radiopiu.net\/wordpress\/wp-json\/wp\/v2\/posts\/316733","targetHints":{"allow":["GET"]}}],"collection":[{"href":"https:\/\/www.radiopiu.net\/wordpress\/wp-json\/wp\/v2\/posts"}],"about":[{"href":"https:\/\/www.radiopiu.net\/wordpress\/wp-json\/wp\/v2\/types\/post"}],"author":[{"embeddable":true,"href":"https:\/\/www.radiopiu.net\/wordpress\/wp-json\/wp\/v2\/users\/4"}],"replies":[{"embeddable":true,"href":"https:\/\/www.radiopiu.net\/wordpress\/wp-json\/wp\/v2\/comments?post=316733"}],"version-history":[{"count":0,"href":"https:\/\/www.radiopiu.net\/wordpress\/wp-json\/wp\/v2\/posts\/316733\/revisions"}],"wp:featuredmedia":[{"embeddable":true,"href":"https:\/\/www.radiopiu.net\/wordpress\/wp-json\/wp\/v2\/media\/294304"}],"wp:attachment":[{"href":"https:\/\/www.radiopiu.net\/wordpress\/wp-json\/wp\/v2\/media?parent=316733"}],"wp:term":[{"taxonomy":"category","embeddable":true,"href":"https:\/\/www.radiopiu.net\/wordpress\/wp-json\/wp\/v2\/categories?post=316733"},{"taxonomy":"post_tag","embeddable":true,"href":"https:\/\/www.radiopiu.net\/wordpress\/wp-json\/wp\/v2\/tags?post=316733"}],"curies":[{"name":"wp","href":"https:\/\/api.w.org\/{rel}","templated":true}]}}