{"id":316845,"date":"2023-01-16T04:59:12","date_gmt":"2023-01-16T03:59:12","guid":{"rendered":"https:\/\/www.radiopiu.net\/wordpress\/?p=316845"},"modified":"2023-01-16T05:16:23","modified_gmt":"2023-01-16T04:16:23","slug":"falco-allospedale-di-belluno-in-arrivo-lelicottero-sostitutivo","status":"publish","type":"post","link":"https:\/\/www.radiopiu.net\/wordpress\/falco-allospedale-di-belluno-in-arrivo-lelicottero-sostitutivo\/","title":{"rendered":"FALCO ALL&#8217;OSPEDALE DI BELLUNO, IN ARRIVO L&#8217;ELICOTTERO SOSTITUTIVO"},"content":{"rendered":"<p align=\"CENTER\"><span style=\"color: #222222;\"><span style=\"font-family: Arial, serif;\"><span style=\"font-size: large;\"><b>Falco: aggiornamento<\/b><\/span><\/span><\/span><\/p>\n<p><span style=\"font-size: medium;\"><a class=\"dt-pswp-item\" href=\"https:\/\/www.radiopiu.net\/wordpress\/wp-content\/uploads\/2023\/01\/Falco-Belluno.jpeg\" data-dt-img-description=\"\" data-large_image_width=\"1600\" data-large_image_height=\"1200\"><img loading=\"lazy\" decoding=\"async\" class=\" wp-image-316846 alignleft\" src=\"https:\/\/www.radiopiu.net\/wordpress\/wp-content\/uploads\/2023\/01\/Falco-Belluno-300x225.jpeg\" alt=\"\" width=\"260\" height=\"195\" srcset=\"https:\/\/www.radiopiu.net\/wordpress\/wp-content\/uploads\/2023\/01\/Falco-Belluno-300x225.jpeg 300w, https:\/\/www.radiopiu.net\/wordpress\/wp-content\/uploads\/2023\/01\/Falco-Belluno-1024x768.jpeg 1024w, https:\/\/www.radiopiu.net\/wordpress\/wp-content\/uploads\/2023\/01\/Falco-Belluno-768x576.jpeg 768w, https:\/\/www.radiopiu.net\/wordpress\/wp-content\/uploads\/2023\/01\/Falco-Belluno-1536x1152.jpeg 1536w, https:\/\/www.radiopiu.net\/wordpress\/wp-content\/uploads\/2023\/01\/Falco-Belluno.jpeg 1600w\" sizes=\"auto, (max-width: 260px) 100vw, 260px\" \/><\/a>Questa mattina \u00e8 arrivata, direttamente sulla pista Fernazza, dove Falco ha trascorso la notte, la squadra specializzata di Babcock per un primo step di verifiche, che ha dato esito positivo. <\/span><\/p>\n<p><span style=\"font-size: medium;\">Nel tardo pomeriggio, terminata l&#8217;attivit\u00e0 ispettiva, ENAC ha dato l&#8217;autorizzazione al volo verso Pieve. A causa del maltempo, Falco \u00e8 atterrato in Ospedale a Belluno, dove rester\u00e0 per la notte. Domani mattina, tempo permettendo, sar\u00e0 trasferito a Pieve dove verr\u00e0 sottoposto alle ulteriori prove. La Societ\u00e0 esercente Babcock sta cercando di far arrivare da Colico alla base di Pieve di Cadore un elicottero sostitutivo, ma anche questo volo \u00e8 condizionato dal meteo.<\/span><\/p>\n<p><a class=\"dt-pswp-item\" href=\"https:\/\/www.radiopiu.net\/wordpress\/wp-content\/uploads\/2023\/01\/Senza-nome-38.jpg\" data-dt-img-description=\"\" data-large_image_width=\"762\" data-large_image_height=\"365\"><img loading=\"lazy\" decoding=\"async\" class=\"alignnone size-medium wp-image-316847\" src=\"https:\/\/www.radiopiu.net\/wordpress\/wp-content\/uploads\/2023\/01\/Senza-nome-38-300x144.jpg\" alt=\"\" width=\"300\" height=\"144\" srcset=\"https:\/\/www.radiopiu.net\/wordpress\/wp-content\/uploads\/2023\/01\/Senza-nome-38-300x144.jpg 300w, https:\/\/www.radiopiu.net\/wordpress\/wp-content\/uploads\/2023\/01\/Senza-nome-38.jpg 762w\" sizes=\"auto, (max-width: 300px) 100vw, 300px\" \/><\/a><\/p>\n<p>&nbsp;<\/p>\n<hr \/>\n<p>&nbsp;<\/p>\n","protected":false},"excerpt":{"rendered":"<p>Falco: aggiornamento Questa mattina \u00e8 arrivata, direttamente sulla pista Fernazza, dove Falco ha trascorso la notte, la squadra specializzata di Babcock per un primo step di verifiche, che ha dato esito positivo. Nel tardo pomeriggio, terminata l&#8217;attivit\u00e0 ispettiva, ENAC ha dato l&#8217;autorizzazione al volo verso Pieve. A causa del maltempo, Falco \u00e8 atterrato in Ospedale&hellip;<\/p>\n","protected":false},"author":4,"featured_media":316847,"comment_status":"closed","ping_status":"closed","sticky":false,"template":"","format":"standard","meta":{"_monsterinsights_skip_tracking":false,"_monsterinsights_sitenote_active":false,"_monsterinsights_sitenote_note":"","_monsterinsights_sitenote_category":0,"footnotes":""},"categories":[51,49],"tags":[],"class_list":["post-316845","post","type-post","status-publish","format-standard","has-post-thumbnail","hentry","category-evidenza-top","category-news-18","category-51","category-49","description-off"],"img_url":"https:\/\/www.radiopiu.net\/wordpress\/wp-content\/uploads\/2023\/01\/Senza-nome-38.jpg","_links":{"self":[{"href":"https:\/\/www.radiopiu.net\/wordpress\/wp-json\/wp\/v2\/posts\/316845","targetHints":{"allow":["GET"]}}],"collection":[{"href":"https:\/\/www.radiopiu.net\/wordpress\/wp-json\/wp\/v2\/posts"}],"about":[{"href":"https:\/\/www.radiopiu.net\/wordpress\/wp-json\/wp\/v2\/types\/post"}],"author":[{"embeddable":true,"href":"https:\/\/www.radiopiu.net\/wordpress\/wp-json\/wp\/v2\/users\/4"}],"replies":[{"embeddable":true,"href":"https:\/\/www.radiopiu.net\/wordpress\/wp-json\/wp\/v2\/comments?post=316845"}],"version-history":[{"count":0,"href":"https:\/\/www.radiopiu.net\/wordpress\/wp-json\/wp\/v2\/posts\/316845\/revisions"}],"wp:featuredmedia":[{"embeddable":true,"href":"https:\/\/www.radiopiu.net\/wordpress\/wp-json\/wp\/v2\/media\/316847"}],"wp:attachment":[{"href":"https:\/\/www.radiopiu.net\/wordpress\/wp-json\/wp\/v2\/media?parent=316845"}],"wp:term":[{"taxonomy":"category","embeddable":true,"href":"https:\/\/www.radiopiu.net\/wordpress\/wp-json\/wp\/v2\/categories?post=316845"},{"taxonomy":"post_tag","embeddable":true,"href":"https:\/\/www.radiopiu.net\/wordpress\/wp-json\/wp\/v2\/tags?post=316845"}],"curies":[{"name":"wp","href":"https:\/\/api.w.org\/{rel}","templated":true}]}}