{"id":316850,"date":"2023-01-16T05:03:40","date_gmt":"2023-01-16T04:03:40","guid":{"rendered":"https:\/\/www.radiopiu.net\/wordpress\/?p=316850"},"modified":"2023-01-16T11:01:28","modified_gmt":"2023-01-16T10:01:28","slug":"un-paese-scosso-per-la-morte-di-kevin-fontanive","status":"publish","type":"post","link":"https:\/\/www.radiopiu.net\/wordpress\/un-paese-scosso-per-la-morte-di-kevin-fontanive\/","title":{"rendered":"UN PAESE SCOSSO PER LA MORTE DI  KEVIN  FONTANIVE"},"content":{"rendered":"<p><strong><a class=\"dt-pswp-item\" href=\"https:\/\/www.radiopiu.net\/wordpress\/wp-content\/uploads\/2023\/01\/acbc0f45-9c3c-475c-bf20-3f414cf129b4.jpg\" data-dt-img-description=\"\" data-large_image_width=\"487\" data-large_image_height=\"521\"><img loading=\"lazy\" decoding=\"async\" class=\"wp-image-316853 alignleft\" src=\"https:\/\/www.radiopiu.net\/wordpress\/wp-content\/uploads\/2023\/01\/acbc0f45-9c3c-475c-bf20-3f414cf129b4-280x300.jpg\" alt=\"\" width=\"119\" height=\"128\" srcset=\"https:\/\/www.radiopiu.net\/wordpress\/wp-content\/uploads\/2023\/01\/acbc0f45-9c3c-475c-bf20-3f414cf129b4-280x300.jpg 280w, https:\/\/www.radiopiu.net\/wordpress\/wp-content\/uploads\/2023\/01\/acbc0f45-9c3c-475c-bf20-3f414cf129b4.jpg 487w\" sizes=\"auto, (max-width: 119px) 100vw, 119px\" \/><\/a>VOLTAGO\u00a0 <\/strong>Un paese scosso, non potrebbe essere diversamente in una\u00a0 triste domenica di gennaio. Un lutto in un piccolo paese, come quello che ha coinvolto la famiglia Fontanive, rattrista e annienta una comunit\u00e0 dove la notizia corre di casa in casa, come \u00e8\u00a0 successo ieri pomeriggio. In\u00a0 frazione Bertoi nella casa paterna\u00a0 \u00e8 stato ritrovato privo di vita Kevin Fontanive, 27 anni,\u00a0 molto conosciuto sotto all&#8217;Agner, sabato sera era uscito con gli amici per trascorrere una serata spensierata, ieri mattina il triste epilogo tra le mura di casa. Il pap\u00e0 Francesco \u00e8 originario di Cencenighe, la mamma Carla di Frassen\u00e8 (dipendente della Luxottica). Un malore ha strappato alla vita Kevin, attoniti gli amici, soprattutto i coscritti\u00a0 del 1996 che hanno appreso la notizia nel pomeriggio, sono rimasti senza parole, chiusi in un grande dolore.<em> &#8220;E&#8217; un lutto pesante per la nostra comunit\u00e0 &#8211; dice il sindaco Giuseppe Schena &#8211;\u00a0 questa\u00a0 mattina far\u00f2 visita alla famiglia per portare il messaggio di cordoglio e solidariet\u00e0 dell&#8217;intero paese&#8221;. <\/em>Nel suo profilo Instagram, il racconto\u00a0 di vita vissuta, dalle escursioni in montagna\u00a0 ai\u00a0 viaggi, il lavoro in Luxottica e\u00a0 in Germania dove ha trascorso parte della vita, le foto con la sorella Gloria che vive in trentino\u00a0 e gli amici. Rimane una comunit\u00e0 attonita e stretta nel dolore, per la perdita di un giovane strappato alla vita nel fiore degli anni, oggi sar\u00e0 decisa la data dei funerali. Kevin era gravemente malato e faceva la dialisi in attesa di trapianto.<\/p>\n<p><em><strong>Speriamo che dopo questa precisazione i leoni da tastiera e tuttologi si limitino a pregare e siano vicini alla famiglia di Kevin.<\/strong><\/em><\/p>\n<p>&nbsp;<\/p>\n<p>&nbsp;<\/p>\n<hr \/>\n<p>&nbsp;<\/p>\n","protected":false},"excerpt":{"rendered":"<p>VOLTAGO\u00a0 Un paese scosso, non potrebbe essere diversamente in una\u00a0 triste domenica di gennaio. Un lutto in un piccolo paese, come quello che ha coinvolto la famiglia Fontanive, rattrista e annienta una comunit\u00e0 dove la notizia corre di casa in casa, come \u00e8\u00a0 successo ieri pomeriggio. In\u00a0 frazione Bertoi nella casa paterna\u00a0 \u00e8 stato ritrovato&hellip;<\/p>\n","protected":false},"author":4,"featured_media":316851,"comment_status":"closed","ping_status":"closed","sticky":false,"template":"","format":"standard","meta":{"_monsterinsights_skip_tracking":false,"_monsterinsights_sitenote_active":false,"_monsterinsights_sitenote_note":"","_monsterinsights_sitenote_category":0,"footnotes":""},"categories":[51,49],"tags":[],"class_list":["post-316850","post","type-post","status-publish","format-standard","has-post-thumbnail","hentry","category-evidenza-top","category-news-18","category-51","category-49","description-off"],"img_url":"https:\/\/www.radiopiu.net\/wordpress\/wp-content\/uploads\/2023\/01\/Senza-nome-39.jpg","_links":{"self":[{"href":"https:\/\/www.radiopiu.net\/wordpress\/wp-json\/wp\/v2\/posts\/316850","targetHints":{"allow":["GET"]}}],"collection":[{"href":"https:\/\/www.radiopiu.net\/wordpress\/wp-json\/wp\/v2\/posts"}],"about":[{"href":"https:\/\/www.radiopiu.net\/wordpress\/wp-json\/wp\/v2\/types\/post"}],"author":[{"embeddable":true,"href":"https:\/\/www.radiopiu.net\/wordpress\/wp-json\/wp\/v2\/users\/4"}],"replies":[{"embeddable":true,"href":"https:\/\/www.radiopiu.net\/wordpress\/wp-json\/wp\/v2\/comments?post=316850"}],"version-history":[{"count":0,"href":"https:\/\/www.radiopiu.net\/wordpress\/wp-json\/wp\/v2\/posts\/316850\/revisions"}],"wp:featuredmedia":[{"embeddable":true,"href":"https:\/\/www.radiopiu.net\/wordpress\/wp-json\/wp\/v2\/media\/316851"}],"wp:attachment":[{"href":"https:\/\/www.radiopiu.net\/wordpress\/wp-json\/wp\/v2\/media?parent=316850"}],"wp:term":[{"taxonomy":"category","embeddable":true,"href":"https:\/\/www.radiopiu.net\/wordpress\/wp-json\/wp\/v2\/categories?post=316850"},{"taxonomy":"post_tag","embeddable":true,"href":"https:\/\/www.radiopiu.net\/wordpress\/wp-json\/wp\/v2\/tags?post=316850"}],"curies":[{"name":"wp","href":"https:\/\/api.w.org\/{rel}","templated":true}]}}