{"id":316946,"date":"2023-01-17T05:39:26","date_gmt":"2023-01-17T04:39:26","guid":{"rendered":"https:\/\/www.radiopiu.net\/wordpress\/?p=316946"},"modified":"2023-01-17T09:37:08","modified_gmt":"2023-01-17T08:37:08","slug":"giornale-radiopiu-17-gennaio-2023-direttore-mirko-mezzacasa-verso-i-40-anni-25-giugno-1983-25-giugno-2023","status":"publish","type":"post","link":"https:\/\/www.radiopiu.net\/wordpress\/giornale-radiopiu-17-gennaio-2023-direttore-mirko-mezzacasa-verso-i-40-anni-25-giugno-1983-25-giugno-2023\/","title":{"rendered":"GIORNALE RADIOPIU 17 GENNAIO 2023 DIRETTORE MIRKO MEZZACASA&#8230;verso i 40 anni 25 giugno 1983-25 giugno 2023"},"content":{"rendered":"<h3 class=\"kvgmc6g5 cxmmr5t8 oygrvhab hcukyx3x c1et5uql\"><span style=\"color: #0000ff;\"><strong>RADIO PIU INFORMAZIONE il canale su TELEGRAM informazione di prima\u00a0 <\/strong><strong>mano e in tempo reale. iscriviti ed aiutaci a farlo conoscere\u00a0<\/strong><\/span><\/h3>\n<h2 style=\"text-align: left;\"><span style=\"color: #ff0000;\">ISCRIVITI AL NOSTRO CANALE YOUTUBE PER SEGUIRE IN DIRETTA I PRINCIPALI PROGRAMMI DI RADIO PIU&#8217; E LE FUTURE DIRETTE IN ESTERNA. PER ISCRIVERTI <a style=\"color: #ff0000;\" href=\"https:\/\/youtube.com\/@radiopiu1527\">CLICCA QUI<\/a> E PREMI IL TASTO &#8220;Iscriviti&#8221;\u00a0<\/span><\/h2>\n<p>&nbsp;<\/p>\n<hr \/>\n<p>&nbsp;<\/p>\n<blockquote>\n<h3>DICHIARATO STATO DI ATTENZIONE PER NEVICATE PER I FONDOVALLE PREALPINI<\/h3>\n<\/blockquote>\n<p><strong><a class=\"dt-pswp-item\" href=\"https:\/\/www.radiopiu.net\/wordpress\/wp-content\/uploads\/2021\/12\/NEVE-STRADA.jpg\" data-dt-img-description=\"\" data-large_image_width=\"1920\" data-large_image_height=\"1280\"><img loading=\"lazy\" decoding=\"async\" class=\" wp-image-247467 alignleft\" src=\"https:\/\/www.radiopiu.net\/wordpress\/wp-content\/uploads\/2021\/12\/NEVE-STRADA-300x200.jpg\" alt=\"\" width=\"128\" height=\"85\" srcset=\"https:\/\/www.radiopiu.net\/wordpress\/wp-content\/uploads\/2021\/12\/NEVE-STRADA-300x200.jpg 300w, https:\/\/www.radiopiu.net\/wordpress\/wp-content\/uploads\/2021\/12\/NEVE-STRADA-1024x683.jpg 1024w, https:\/\/www.radiopiu.net\/wordpress\/wp-content\/uploads\/2021\/12\/NEVE-STRADA-768x512.jpg 768w, https:\/\/www.radiopiu.net\/wordpress\/wp-content\/uploads\/2021\/12\/NEVE-STRADA-1536x1024.jpg 1536w, https:\/\/www.radiopiu.net\/wordpress\/wp-content\/uploads\/2021\/12\/NEVE-STRADA.jpg 1920w\" sizes=\"auto, (max-width: 128px) 100vw, 128px\" \/><\/a>VENEZIA <\/strong>Il Centro Funzionale Decentrato della Protezione Civile regionale, alla luce delle previsioni meteo, ha dichiarato lo stato di attenzione per nevicate per i fondovalle prealpini (da riconfigurare a livello locale in fase di preallarme o allarme a seconda dell\u2019intensit\u00e0 dei fenomeni) dalle ore 12 di oggi e fino alla mezzanotte di domani. Oggi il limite della neve \u00e8 in abbassamento a quote collinari, mentre nella seconda parte della giornata saranno possibili accumuli di qualche centimetro anche nei fondovalle prealpini. Per il resto possibile qualche fiocco di neve sulle zone collinari, non escluso misto a pioggia anche su pianura centro occidentale in occasione di eventuali rovesci.<\/p>\n<p>&nbsp;<\/p>\n<p>&nbsp;<\/p>\n<hr \/>\n<p><a class=\"dt-pswp-item\" href=\"https:\/\/www.radiopiu.net\/wordpress\/wp-content\/uploads\/2023\/01\/Schermata-2023-01-16-alle-11.50.41.png\" data-dt-img-description=\"\" data-large_image_width=\"908\" data-large_image_height=\"1308\"><img loading=\"lazy\" decoding=\"async\" class=\"size-medium wp-image-316988 alignleft\" src=\"https:\/\/www.radiopiu.net\/wordpress\/wp-content\/uploads\/2023\/01\/Schermata-2023-01-16-alle-11.50.41-208x300.png\" alt=\"\" width=\"208\" height=\"300\" srcset=\"https:\/\/www.radiopiu.net\/wordpress\/wp-content\/uploads\/2023\/01\/Schermata-2023-01-16-alle-11.50.41-208x300.png 208w, https:\/\/www.radiopiu.net\/wordpress\/wp-content\/uploads\/2023\/01\/Schermata-2023-01-16-alle-11.50.41-711x1024.png 711w, https:\/\/www.radiopiu.net\/wordpress\/wp-content\/uploads\/2023\/01\/Schermata-2023-01-16-alle-11.50.41-768x1106.png 768w, https:\/\/www.radiopiu.net\/wordpress\/wp-content\/uploads\/2023\/01\/Schermata-2023-01-16-alle-11.50.41.png 908w\" sizes=\"auto, (max-width: 208px) 100vw, 208px\" \/><\/a><\/p>\n<blockquote>\n<h3>OGGI A FRASSENE&#8217; I FUNERALI DI KEVIN FONTANIVE<\/h3>\n<\/blockquote>\n<p><strong>VOLTAGO<\/strong> Verranno celebrati oggi\u00a0 i funerali di Kevin Fontanive. A darne il triste annuncio la mamma, il pap\u00e0, la sorella Gloria con Franco e i nipoti Bruno e Mia, gli zii e tutti i parenti. I funerali si svolgeranno oggi alle 14:30 nella Chiesa Parrocchiale di Frassen\u00e8 Agordino. Stasera alle 18 il Santo Rosario nella cripta della Chiesa di Frassen\u00e8. Kevin se n&#8217;\u00e8 andato per un malore, era gravemente malato e faceva la dialisi in attesa di trapianto.<\/p>\n<p>L&#8217;ultima annotazione, sulla malattia di Kevin, in redazione avevamo deciso di non pubblicarla, perch\u00e9 riservata, perch\u00e9 cullata nel dolore dei famigliari. Mai avremo pensato che i soliti &#8220;leoni da tastiera&#8221; sarebbero arrivati a strumentalizzare la morte di un giovane sui social con commenti al limite della denuncia, contro la medicina, con ipotesi strampalate,\u00a0 con commenti insensati. Per questo nel pomeriggio di ieri la scelta di pubblicare le cause che hanno portato alla scomparsa del giovane.\u00a0 <em>&#8220;Chi non ha rispetto per la morte, non merita il rispetto&#8221;<\/em>, questo avremo voluto scrivere a caratteri cubitali.\u00a0 Anche il dottor Spiridione Della Lucia ieri ha condannato gli ignoranti dei social in seguito alla indecorosa strumentalizzazione.<em> &#8220;Chiedo ha concluso il medico, dopo averci invitato a fare chiarezza sul triste episodio &#8211; che questa morte non debba finire in pasto alle delle iene, come sta avvenendo in queste ore\u00bb.<\/em><\/p>\n<p>&nbsp;<\/p>\n<blockquote>\n<h3>UNA RACCOLTA FONDI NEL RICORDO DI KEVIN<\/h3>\n<\/blockquote>\n<p>&nbsp;<\/p>\n<p><strong><img loading=\"lazy\" decoding=\"async\" class=\"alignleft\" src=\"https:\/\/www.radiopiu.net\/wordpress\/wp-content\/uploads\/2023\/01\/kevin.jpg\" width=\"188\" height=\"186\" \/>VOLTAGO<\/strong> Per iniziativa dei coscritti di Voltago del 1996, in collaborazione con il gruppo giovani di Voltago e Frassen\u00e8 \u00e8 stata avviata una raccolta fondi in memoria del loro amato coscritto Kevin Fontanive. <em>&#8220;Abbiamo deciso di raccogliere delle offerte, spiegano i ragazzi e le ragazze di Voltago, in memoria del nostro coscritto Kevin. L&#8217;intera somma sar\u00e0 devoluta per la ricerca, ovvero all&#8217;associazione che studia la malattia che ha portato alla scomparsa del nostro caro amico&#8221;. <\/em>La raccolta si terr\u00e0 durante le esequie ma \u00e8 \u00a0possibile donare anche attraverso \u00a0il link reperibile sulla pagina Facebook del Gruppo Giovani Voltago-Frassen\u00e8, oppure con\u00a0 \u00a0le cassettine predisposte a Frassen\u00e8 presso il Bar Alpino e a Voltago presso il Bar Stella Alpina<\/p>\n<a href=\"https:\/\/www.radiopiu.net\/wordpress\/wp-content\/uploads\/2023\/01\/Donazione-Kevin.pdf\" class=\"pdfemb-viewer\" style=\"\" data-width=\"max\" data-height=\"max\" data-toolbar=\"top\" data-toolbar-fixed=\"on\">Donazione Kevin<\/a>\n<p>&nbsp;<\/p>\n<p>&nbsp;<\/p>\n<hr \/>\n<p>&nbsp;<\/p>\n<div class=\"page-title-head hgroup\">\n<blockquote>\n<h3 class=\"entry-title\">CIAO KEVIN\u2026 CHE LA TERRA TI SIA LIEVE. E VOI, \u201cLEONI DA TASTIERA\u201d: VERGOGNATEVI<\/h3>\n<\/blockquote>\n<\/div>\n<div class=\"page-title-breadcrumbs\">\n<p><img decoding=\"async\" class=\"alignleft\" src=\"https:\/\/www.radiopiu.net\/wordpress\/wp-content\/uploads\/2023\/01\/download-2.jpg\" \/>Alla famiglia Fontanive, a Francesco &#8220;Checco&#8221;, Carla, Gloria vorrei far giungere il mio messaggio d&#8217;affetto, cordoglio, vicinanza, a nome di tutta la RADIO PIU&#8217;. A chi rimane nel dolore un abbraccio e poich\u00e9 nessuno lo far\u00e0,\u00a0 le scuse per quanto abbiamo letto sui social delle varie testate giornalistiche nelle ultime ore. Persone spregevoli, cio\u00e8 che meritano profondo disprezzo per le loro affermazioni, le loro strampalate conclusioni, il loro modo di volersi fare belli sulla pelle degli altri, peggio, sul dolore degli altri. Mi dissocio con forza, condanno con forza, coloro che probabilmente il dolore non lo hanno mai conosciuto.<\/p>\n<p>&nbsp;<\/p>\n<p>Quello che abbiamo letto ieri sulle pagine social, purtroppo anche dei nostri canali e che abbiamo cercato di cancellare all&#8217;istante \u00e8 stato devastante, per la famiglia, per gli amici, per i conoscenti, per chi ha un minimo di cuore e sensibilit\u00e0 che al contrario non dimostrano di avere i leoni da tastiera, i tuttologi, gli imbecilli di turno che non perdono occasione per scrivere commenti al limite della querela, offensivi. La nostra speranza \u00e8 di poter scrivere un giorno di loro, da un&#8217;aula di Tribunale dopo che un Giudice decider\u00e0 le giuste sanzioni e non solo,\u00a0 verso coloro che dimostrano totale mancanza di rispetto. Sono persone che personalmente disprezzo, ormai da qualche anno,\u00a0 perch\u00e9 sui drammi degli altri hanno voluto costruire le loro assurde, stupide opinioni. Il popolo dei social dimostra sempre pi\u00f9 come questo mondo sia malato, come loro siano malati, meriterebbero l&#8217;esilio mediatico, la costrizione ai lavori sociali. Ma purtroppo in questo Paese pare che tutto sia lecito. Noi che operiamo nell&#8217;informazione al minimo errore &#8211; anche in buona fede &#8211; siamo giustamente chiamati a rispondere delle nostre azioni, all&#8217;Ordine Professionale, alla Legge a volte rischiando sanzioni, la professione e il carcere. Questi invece possono fare tutto quello che vogliono, credono, pensano, alla cazzo ma pensano,\u00a0 ogni tanto qualcuno paga &#8211; sempre troppo pochi &#8211; ma solo ogni tanto. Questo ci costringer\u00e0 ad azioni anti democratiche, a chiudere ai commenti degli altri per non dover ogni giorno rimanere inchiodati al computer come ieri\u00a0 a cancellare le corbellerie di persone ormai affondate nella stupidit\u00e0, frustrati da una vita che non hanno saputo interpretare nel giusto modo. Cioe&#8217; in una parola: VERGOGNATEVI.<\/p>\n<p>Mirko Mezzacasa<\/p>\n<p>&nbsp;<\/p>\n<\/div>\n<p>&nbsp;<\/p>\n<p>&nbsp;<\/p>\n<hr \/>\n<p>&nbsp;<\/p>\n<blockquote>\n<h3>E&#8217; SCOMPARSO CESARE BRISTOT, PRESIDENTE ONORARIO DI APPIA CNA<\/h3>\n<\/blockquote>\n<p><strong><a class=\"dt-pswp-item\" href=\"https:\/\/www.radiopiu.net\/wordpress\/wp-content\/uploads\/2023\/01\/Cesare-Bristot.png\" data-dt-img-description=\"\" data-large_image_width=\"239\" data-large_image_height=\"361\"><img loading=\"lazy\" decoding=\"async\" class=\" wp-image-317034 alignleft\" src=\"https:\/\/www.radiopiu.net\/wordpress\/wp-content\/uploads\/2023\/01\/Cesare-Bristot-199x300.png\" alt=\"\" width=\"92\" height=\"139\" srcset=\"https:\/\/www.radiopiu.net\/wordpress\/wp-content\/uploads\/2023\/01\/Cesare-Bristot-199x300.png 199w, https:\/\/www.radiopiu.net\/wordpress\/wp-content\/uploads\/2023\/01\/Cesare-Bristot.png 239w\" sizes=\"auto, (max-width: 92px) 100vw, 92px\" \/><\/a>BELLUNO <\/strong>\u00c8 mancato, all\u2019et\u00e0 di 86 anni, Cesare Bristot, imprenditore bellunese che ha rappresentato una parte importante della storia dell\u2019APPIA CNA, rivestendo molte cariche di vertice nell\u2019Associazione.\u00a0 \u00a0La ditta che porta il suo nome opera nella progettazione, produzione, manutenzione e messa a punto di macchine per il legno. Le vetrine del suo negozio, che si affacciano su via Caffi nel centro di Belluno, sono da sempre un punto di riferimento per chi lavora il legno e hanno visto avvicendarsi negli anni tecnologie di lavorazione di ultima generazione affiancate alle macchine e agli utensili pi\u00f9 tradizionali. Fin dall\u2019inizio della sua attivit\u00e0 d\u2019impresa, Cesare Bristot si \u00e8 associato all\u2019APPIA CNA, divenendone ben presto protagonista. Nell\u2019Associazione ha infuso i suoi valori umani e professionali, dedicandosi con attento impegno alle problematiche e alle istanze delle aziende alle quali dava voce. Tra le molte cariche associative che ha ricoperto, si ricordano in primo luogo i due mandati come Presidente dell\u2019APPIA CNA, dal 1996 al 2004, che in seguito lo hanno portato ad essere insignito, primo e ad oggi unico nella storia dell\u2019Associazione, della carica di Presidente onorario. Cesare Bristot \u00e8 stato anche Presidente del Consorzio Fidi dell\u2019Associazione e ha fatto parte del collegio dei garanti. Quando ha lasciato ai figli la gestione della sua attivit\u00e0 d\u2019impresa, \u00e8 entrato nella CNA Pensionati, della quale \u00e8 stato Presidente per molti anni. L\u2019APPIA CNA di Belluno, nella persona del Presidente Massimo Sposato, si stringe dunque con affetto ai familiari di Cesare Bristot in questo momento doloroso.<\/p>\n<p>&nbsp;<\/p>\n<hr \/>\n<p>&nbsp;<\/p>\n<blockquote>\n<h3>E&#8217; MORTO PADRE GIUSEPPE DETOMASO, MISSIONARIO PER 50 ANNI<\/h3>\n<\/blockquote>\n<p><strong><a class=\"dt-pswp-item\" href=\"https:\/\/www.radiopiu.net\/wordpress\/wp-content\/uploads\/2023\/01\/9453bb51-6a81-4078-b473-623387d0a71e.jpg\" data-dt-img-description=\"\" data-large_image_width=\"800\" data-large_image_height=\"554\"><img loading=\"lazy\" decoding=\"async\" class=\" wp-image-317028 alignleft\" src=\"https:\/\/www.radiopiu.net\/wordpress\/wp-content\/uploads\/2023\/01\/9453bb51-6a81-4078-b473-623387d0a71e-300x208.jpg\" alt=\"\" width=\"173\" height=\"120\" srcset=\"https:\/\/www.radiopiu.net\/wordpress\/wp-content\/uploads\/2023\/01\/9453bb51-6a81-4078-b473-623387d0a71e-300x208.jpg 300w, https:\/\/www.radiopiu.net\/wordpress\/wp-content\/uploads\/2023\/01\/9453bb51-6a81-4078-b473-623387d0a71e-768x532.jpg 768w, https:\/\/www.radiopiu.net\/wordpress\/wp-content\/uploads\/2023\/01\/9453bb51-6a81-4078-b473-623387d0a71e.jpg 800w\" sizes=\"auto, (max-width: 173px) 100vw, 173px\" \/><\/a>LIVINALLONGO<\/strong><\/p>\n<p>di Lorenzo Soratroi<\/p>\n<audio class=\"wp-audio-shortcode\" id=\"audio-316946-1\" preload=\"none\" style=\"width: 100%;\" controls=\"controls\"><source type=\"audio\/mpeg\" src=\"https:\/\/www.radiopiu.net\/wordpress\/wp-content\/uploads\/2023\/01\/SORATROI-PADRE-GIUSEPPE-DE-TOMASO.mp3?_=1\" \/><a href=\"https:\/\/www.radiopiu.net\/wordpress\/wp-content\/uploads\/2023\/01\/SORATROI-PADRE-GIUSEPPE-DE-TOMASO.mp3\">https:\/\/www.radiopiu.net\/wordpress\/wp-content\/uploads\/2023\/01\/SORATROI-PADRE-GIUSEPPE-DE-TOMASO.mp3<\/a><\/audio>\n<p>&nbsp;<\/p>\n<p>&nbsp;<\/p>\n<p>&nbsp;<\/p>\n<hr \/>\n<p>&nbsp;<\/p>\n<p>&nbsp;<\/p>\n<blockquote>\n<h3>PROFONDO CORDOGLIO DELLA GENTE FODOMA PER LA MORTE DI PADRE GIUSEPPE DETOMASO<\/h3>\n<\/blockquote>\n<p><strong>di Renato Bona<\/strong><\/p>\n<p>Estimatore come sono, da sempre, del grande, infaticabile ed insostituibile \u201clavoro\u201d di quanti operano in terra di missione a favore dei popoli meno fortunati, e grazie alla disponibilit\u00e0 dell\u2019amico e direttore Mirko Mezzacasa, il 31 gennaio del 2019 postavo su Radio Pi\u00f9 e rilanciavo su alcuni Gruppi di Facebook, un servizio sui missionari della Diocesi di Belluno-Feltre. Che comprendeva anche la figura di Giuseppe Detomaso, missionario comboniano, nato in quel di Pieve di Livinallongo del Col di Lana il 31 gennaio del 1942, missionario in Etiopia dal 1972. E proprio dall\u2019Etiopia, come ho appreso dal sito diocesano \u201cchiesabellunofeltre\u201d \u00e8 rimbalzata, purtroppo, la notizia che venerd\u00ec 13 gennaio scorso il \u201cnostro\u201d missionario &#8211; voti temporanei risalenti al 9 settembre, voti perpetui il 9 settembre del 1967, data di ordinazione il 27 giugno 1868 &#8211; \u00e8 mancato ad Addis Abeba. Aveva operato nel vicariato di Awasa: nelle missioni di Dilla come direttore della scuola e coadiutore, Arramo, come superiore e parroco, Galcia, nella Scuola Combonio, ad Awasa, a Dongora, Tullo e Arosa nella nuova parrocchia. Proprio da quest\u2019ultima realt\u00e0 aveva avuto modo di dichiarare, fra l\u2019altro, per il notiziario \u201cdalle nostre Sorgenti\u201d del Centro missionario diocesano bellunese: \u201c&#8230;problemi di et\u00e0, di salute e di cultura diversa rendono la vita comunitaria e apostolica non sempre facile. C\u2019\u00e8 bisogno di tanto lavoro di lima e di pazienza&#8230; \u201c. Aggiungendo: \u201cA me sembra che manchi una politica che affronti i problemi endemici della fame, e che vada oltre alla semplice distribuzione di viveri\u201d. Ed aveva sottolineato: \u201cQui siamo infestati dalla malaria, che fa molte vittime, il pi\u00f9 delle volte per mancanza di medicine o di ricovero in ospedale. Purtroppo molti poveri, anche in caso di serie malattie, non possono fare altro che raccomandarsi alla volont\u00e0 di Dio. A loro, noi diamo aiuto\u2026\u201d. Parole quasi profetiche visto quanto si \u00e8 registrato anche negli ultimi giorni in danno della realt\u00e0 missionaria. Il ricordo dei Missionari Comboniani si concludeva con poche, significative parole: \u201cChe il Signore lo accolga nella sua pace\u201d. Ancora dal servizio &#8211; siglato \u201cEdieffe\u201d &#8211; ospitato nel sito della Diocesi bellunese guidata dal vescovo monsignor Renato Marangoni: \u201cUn confratello, padre Joe Vieira ricordava il 25 novembre scorso in occasione del cinquantesimo di attivit\u00e0 in terra di Etiopia svolta dal pastore originario dell\u2019alto Agordino: \u201cEra il 12 ottobre 1972 quando Abba (Padre) Giuseppe Detomaso sbarc\u00f2 per la prima volta in Etiopia. Aveva 30 anni. Ha trascorso i primi 4 anni dopo l\u2019ordinazione in Italia, facendo animazione missionaria e animazione vocazionale. E\u2019 arrivato pieno di sogni: \u201cI miei sogni? Volevo andare in missione, unirmi agli altri missionari, per guardare le cose buone che i Sidama avevano, per studiare la loro lingua e cultura e prendere parte alla loro vita\u201d. Ancora padre Vieira: \u201cDetomaso ha riassunto in poche parole anche il cammino missionario ed ho sempre avuto un compagno che in tutte le mie opere pastorali e sociali e in tutti i servizi che ho fatto \u00e8 stato la mia ispirazione e realizzazione\u201d. Ancora \u201cEdieffe\u201d nel sito: \u201cNel 2017 padre Giuseppe scriveva al nostro Ufficio Missionario: \u201cDurante questi anni di missione mi sono sempre tenuto in contatto con la mia Parrocchia e con la Diocesi di Belluno-Feltre, facendo arrivare mie notizie e accettando con riconoscenza aiuti e preghiere. Non rinuncio mai alla mia identit\u00e0 fodoma, anche se ormai sono diventato quasi etiopico. Ringrazio il Signore per la fede che mi ha dato: \u00e8 a nome di tutti i miei compaesani che sono partito per portare questa fede alle popolazioni Sidamo e se ho avuto successo \u00e8 stato principalmente per merito dello Spirito Santo. Fiorenti comunit\u00e0 cristiane, con belle chiese e scuole sono sorte in tanti villaggi e rappresentano il frutto di tanto lavoro di evangelizzazione\u201d.<\/p>\n\n\t\t\t<style type='text\/css'>\n\t\t\t\t#gallery-1 {\n\t\t\t\t\tmargin: auto;\n\t\t\t\t}\n\t\t\t\t#gallery-1 .gallery-item {\n\t\t\t\t\tfloat: left;\n\t\t\t\t\tmargin-top: 10px;\n\t\t\t\t\ttext-align: center;\n\t\t\t\t\twidth: 14%;\n\t\t\t\t}\n\t\t\t\t#gallery-1 img {\n\t\t\t\t\tborder: 2px solid #cfcfcf;\n\t\t\t\t}\n\t\t\t\t#gallery-1 .gallery-caption {\n\t\t\t\t\tmargin-left: 0;\n\t\t\t\t}\n\t\t\t\t\/* see gallery_shortcode() in wp-includes\/media.php *\/\n\t\t\t<\/style>\n\t\t<div id='gallery-1' class='dt-gallery-container gallery galleryid-316946 gallery-columns-7 gallery-size-thumbnail'><dl class='gallery-item'>\n\t\t\t\t<dt class='gallery-icon portrait'>\n\t\t\t\t\t<a class=\"rollover rollover-zoom dt-pswp-item\" title=\"321300652_1264744214073375_3018239643396750480_n\" data-dt-img-description=\"\" data-large_image_width=\"302\" data-large_image_height=\"403\"href='https:\/\/www.radiopiu.net\/wordpress\/wp-content\/uploads\/2023\/01\/321300652_1264744214073375_3018239643396750480_n.jpg'><img loading=\"lazy\" decoding=\"async\" width=\"150\" height=\"150\" src=\"https:\/\/www.radiopiu.net\/wordpress\/wp-content\/uploads\/2023\/01\/321300652_1264744214073375_3018239643396750480_n-150x150.jpg\" class=\"attachment-thumbnail size-thumbnail\" alt=\"\" \/><\/a>\n\t\t\t\t<\/dt><\/dl><dl class='gallery-item'>\n\t\t\t\t<dt class='gallery-icon landscape'>\n\t\t\t\t\t<a class=\"rollover rollover-zoom dt-pswp-item\" title=\"325063515_676925460837096_4583617534178812671_n\" data-dt-img-description=\"\" data-large_image_width=\"410\" data-large_image_height=\"403\"href='https:\/\/www.radiopiu.net\/wordpress\/wp-content\/uploads\/2023\/01\/325063515_676925460837096_4583617534178812671_n.jpg'><img loading=\"lazy\" decoding=\"async\" width=\"150\" height=\"150\" src=\"https:\/\/www.radiopiu.net\/wordpress\/wp-content\/uploads\/2023\/01\/325063515_676925460837096_4583617534178812671_n-150x150.jpg\" class=\"attachment-thumbnail size-thumbnail\" alt=\"\" \/><\/a>\n\t\t\t\t<\/dt><\/dl><dl class='gallery-item'>\n\t\t\t\t<dt class='gallery-icon portrait'>\n\t\t\t\t\t<a class=\"rollover rollover-zoom dt-pswp-item\" title=\"323104711_1572556249839322_3176744091434085864_n\" data-dt-img-description=\"\" data-large_image_width=\"388\" data-large_image_height=\"403\"href='https:\/\/www.radiopiu.net\/wordpress\/wp-content\/uploads\/2023\/01\/323104711_1572556249839322_3176744091434085864_n.jpg'><img loading=\"lazy\" decoding=\"async\" width=\"150\" height=\"150\" src=\"https:\/\/www.radiopiu.net\/wordpress\/wp-content\/uploads\/2023\/01\/323104711_1572556249839322_3176744091434085864_n-150x150.jpg\" class=\"attachment-thumbnail size-thumbnail\" alt=\"\" \/><\/a>\n\t\t\t\t<\/dt><\/dl><dl class='gallery-item'>\n\t\t\t\t<dt class='gallery-icon landscape'>\n\t\t\t\t\t<a class=\"rollover rollover-zoom dt-pswp-item\" title=\"324955122_1092543281549930_772819019277997196_n\" data-dt-img-description=\"\" data-large_image_width=\"573\" data-large_image_height=\"403\"href='https:\/\/www.radiopiu.net\/wordpress\/wp-content\/uploads\/2023\/01\/324955122_1092543281549930_772819019277997196_n.jpg'><img loading=\"lazy\" decoding=\"async\" width=\"150\" height=\"150\" src=\"https:\/\/www.radiopiu.net\/wordpress\/wp-content\/uploads\/2023\/01\/324955122_1092543281549930_772819019277997196_n-150x150.jpg\" class=\"attachment-thumbnail size-thumbnail\" alt=\"\" \/><\/a>\n\t\t\t\t<\/dt><\/dl><dl class='gallery-item'>\n\t\t\t\t<dt class='gallery-icon landscape'>\n\t\t\t\t\t<a class=\"rollover rollover-zoom dt-pswp-item\" title=\"322404161_1288251668662480_588980780347140246_n\" data-dt-img-description=\"\" data-large_image_width=\"658\" data-large_image_height=\"403\"href='https:\/\/www.radiopiu.net\/wordpress\/wp-content\/uploads\/2023\/01\/322404161_1288251668662480_588980780347140246_n.jpg'><img loading=\"lazy\" decoding=\"async\" width=\"150\" height=\"150\" src=\"https:\/\/www.radiopiu.net\/wordpress\/wp-content\/uploads\/2023\/01\/322404161_1288251668662480_588980780347140246_n-150x150.jpg\" class=\"attachment-thumbnail size-thumbnail\" alt=\"\" \/><\/a>\n\t\t\t\t<\/dt><\/dl><dl class='gallery-item'>\n\t\t\t\t<dt class='gallery-icon landscape'>\n\t\t\t\t\t<a class=\"rollover rollover-zoom dt-pswp-item\" title=\"322210295_767226931477045_4986865922926271763_n\" data-dt-img-description=\"\" data-large_image_width=\"600\" data-large_image_height=\"400\"href='https:\/\/www.radiopiu.net\/wordpress\/wp-content\/uploads\/2023\/01\/322210295_767226931477045_4986865922926271763_n.jpg'><img loading=\"lazy\" decoding=\"async\" width=\"150\" height=\"150\" src=\"https:\/\/www.radiopiu.net\/wordpress\/wp-content\/uploads\/2023\/01\/322210295_767226931477045_4986865922926271763_n-150x150.jpg\" class=\"attachment-thumbnail size-thumbnail\" alt=\"\" \/><\/a>\n\t\t\t\t<\/dt><\/dl><dl class='gallery-item'>\n\t\t\t\t<dt class='gallery-icon landscape'>\n\t\t\t\t\t<a class=\"rollover rollover-zoom dt-pswp-item\" title=\"325457373_1360040434823415_1770422332206575643_n\" data-dt-img-description=\"\" data-large_image_width=\"600\" data-large_image_height=\"397\"href='https:\/\/www.radiopiu.net\/wordpress\/wp-content\/uploads\/2023\/01\/325457373_1360040434823415_1770422332206575643_n.jpg'><img loading=\"lazy\" decoding=\"async\" width=\"150\" height=\"150\" src=\"https:\/\/www.radiopiu.net\/wordpress\/wp-content\/uploads\/2023\/01\/325457373_1360040434823415_1770422332206575643_n-150x150.jpg\" class=\"attachment-thumbnail size-thumbnail\" alt=\"\" \/><\/a>\n\t\t\t\t<\/dt><\/dl><br style=\"clear: both\" \/>\n\t\t\t<\/div>\n\n<p>&nbsp;<\/p>\n<p>NELLE FOTO (riproduzioni dal sito \u201cchiesabellunofeltre\u201d e da Google): padre Giuseppe Detomaso a Hawassa al monumento alla Sidana, sullo sfondo la cattedrale ortodossa; Detomaso in terra di missione; la copertina del periodico del Centro missionario di Belluno; il padre comboniano celebra con il collega padre Sisto Agostini ed il vicario apostolico di Awasa; bimbi alla mensa missionaria; una piccola chiesa intitolata a don Bosco in terra di missione.<\/p>\n<p>&nbsp;<\/p>\n<p>&nbsp;<\/p>\n<hr \/>\n<p>&nbsp;<\/p>\n<blockquote>\n<h3>PERDE IL CONTROLLO DELL&#8217;AUTO E FINISCE IN UNA SCARPATA. DUE FERITI A QUERO VAS<\/h3>\n<\/blockquote>\n<p><strong>QUERO VAS<\/strong> Intervento dei Vigili del Fuoco ieri alle 11 lungo la SR 348 dove un&#8217;auto \u00e8 uscita di strada terminando la sua corsa in una scarpata fermandosi nella vegetazione. Nell&#8217;incidente sono rimaste ferite 2 persone, mamma e figlio di Alano di Piave. I pompieri arrivati da Feltre, con i volontari del basso feltrino e l\u2019autogr\u00f9 del Comando di Treviso, hanno messo in sicurezza l\u2019auto, mentre i due feriti sono stati presi in cura dal personale sanitario del Suem, non hanno subito traumi gravi. Le squadre hanno provveduto al recupero dell\u2019auto portata via dal soccorso stradale. Le operazioni di soccorso dei vigili del fuoco sono terminate alle 14.<\/p>\n\n\t\t\t<style type='text\/css'>\n\t\t\t\t#gallery-2 {\n\t\t\t\t\tmargin: auto;\n\t\t\t\t}\n\t\t\t\t#gallery-2 .gallery-item {\n\t\t\t\t\tfloat: left;\n\t\t\t\t\tmargin-top: 10px;\n\t\t\t\t\ttext-align: center;\n\t\t\t\t\twidth: 20%;\n\t\t\t\t}\n\t\t\t\t#gallery-2 img {\n\t\t\t\t\tborder: 2px solid #cfcfcf;\n\t\t\t\t}\n\t\t\t\t#gallery-2 .gallery-caption {\n\t\t\t\t\tmargin-left: 0;\n\t\t\t\t}\n\t\t\t\t\/* see gallery_shortcode() in wp-includes\/media.php *\/\n\t\t\t<\/style>\n\t\t<div id='gallery-2' class='dt-gallery-container gallery galleryid-316946 gallery-columns-5 gallery-size-medium'><dl class='gallery-item'>\n\t\t\t\t<dt class='gallery-icon landscape'>\n\t\t\t\t\t<a class=\"rollover rollover-zoom dt-pswp-item\" title=\"dce60536-97ce-44f0-b7ad-4a3b3a427cf5\" data-dt-img-description=\"\" data-large_image_width=\"720\" data-large_image_height=\"539\"href='https:\/\/www.radiopiu.net\/wordpress\/wp-content\/uploads\/2023\/01\/dce60536-97ce-44f0-b7ad-4a3b3a427cf5.jpg'><img loading=\"lazy\" decoding=\"async\" width=\"300\" height=\"225\" src=\"https:\/\/www.radiopiu.net\/wordpress\/wp-content\/uploads\/2023\/01\/dce60536-97ce-44f0-b7ad-4a3b3a427cf5-300x225.jpg\" class=\"attachment-medium size-medium\" alt=\"\" srcset=\"https:\/\/www.radiopiu.net\/wordpress\/wp-content\/uploads\/2023\/01\/dce60536-97ce-44f0-b7ad-4a3b3a427cf5-300x225.jpg 300w, https:\/\/www.radiopiu.net\/wordpress\/wp-content\/uploads\/2023\/01\/dce60536-97ce-44f0-b7ad-4a3b3a427cf5.jpg 720w\" sizes=\"auto, (max-width: 300px) 100vw, 300px\" \/><\/a>\n\t\t\t\t<\/dt><\/dl><dl class='gallery-item'>\n\t\t\t\t<dt class='gallery-icon landscape'>\n\t\t\t\t\t<a class=\"rollover rollover-zoom dt-pswp-item\" title=\"dad32cb1-492c-4507-b438-c8c98e2d5ff1\" data-dt-img-description=\"\" data-large_image_width=\"720\" data-large_image_height=\"578\"href='https:\/\/www.radiopiu.net\/wordpress\/wp-content\/uploads\/2023\/01\/dad32cb1-492c-4507-b438-c8c98e2d5ff1.jpg'><img loading=\"lazy\" decoding=\"async\" width=\"300\" height=\"241\" src=\"https:\/\/www.radiopiu.net\/wordpress\/wp-content\/uploads\/2023\/01\/dad32cb1-492c-4507-b438-c8c98e2d5ff1-300x241.jpg\" class=\"attachment-medium size-medium\" alt=\"\" srcset=\"https:\/\/www.radiopiu.net\/wordpress\/wp-content\/uploads\/2023\/01\/dad32cb1-492c-4507-b438-c8c98e2d5ff1-300x241.jpg 300w, https:\/\/www.radiopiu.net\/wordpress\/wp-content\/uploads\/2023\/01\/dad32cb1-492c-4507-b438-c8c98e2d5ff1.jpg 720w\" sizes=\"auto, (max-width: 300px) 100vw, 300px\" \/><\/a>\n\t\t\t\t<\/dt><\/dl><dl class='gallery-item'>\n\t\t\t\t<dt class='gallery-icon landscape'>\n\t\t\t\t\t<a class=\"rollover rollover-zoom dt-pswp-item\" title=\"d0e11721-12fe-41a0-8c97-8174f5d017ce\" data-dt-img-description=\"\" data-large_image_width=\"720\" data-large_image_height=\"523\"href='https:\/\/www.radiopiu.net\/wordpress\/wp-content\/uploads\/2023\/01\/d0e11721-12fe-41a0-8c97-8174f5d017ce.jpg'><img loading=\"lazy\" decoding=\"async\" width=\"300\" height=\"218\" src=\"https:\/\/www.radiopiu.net\/wordpress\/wp-content\/uploads\/2023\/01\/d0e11721-12fe-41a0-8c97-8174f5d017ce-300x218.jpg\" class=\"attachment-medium size-medium\" alt=\"\" srcset=\"https:\/\/www.radiopiu.net\/wordpress\/wp-content\/uploads\/2023\/01\/d0e11721-12fe-41a0-8c97-8174f5d017ce-300x218.jpg 300w, https:\/\/www.radiopiu.net\/wordpress\/wp-content\/uploads\/2023\/01\/d0e11721-12fe-41a0-8c97-8174f5d017ce.jpg 720w\" sizes=\"auto, (max-width: 300px) 100vw, 300px\" \/><\/a>\n\t\t\t\t<\/dt><\/dl><dl class='gallery-item'>\n\t\t\t\t<dt class='gallery-icon landscape'>\n\t\t\t\t\t<a class=\"rollover rollover-zoom dt-pswp-item\" title=\"15b216c6-2838-4da7-b91b-6cfe712466ea\" data-dt-img-description=\"\" data-large_image_width=\"720\" data-large_image_height=\"519\"href='https:\/\/www.radiopiu.net\/wordpress\/wp-content\/uploads\/2023\/01\/15b216c6-2838-4da7-b91b-6cfe712466ea.jpg'><img loading=\"lazy\" decoding=\"async\" width=\"300\" height=\"216\" src=\"https:\/\/www.radiopiu.net\/wordpress\/wp-content\/uploads\/2023\/01\/15b216c6-2838-4da7-b91b-6cfe712466ea-300x216.jpg\" class=\"attachment-medium size-medium\" alt=\"\" srcset=\"https:\/\/www.radiopiu.net\/wordpress\/wp-content\/uploads\/2023\/01\/15b216c6-2838-4da7-b91b-6cfe712466ea-300x216.jpg 300w, https:\/\/www.radiopiu.net\/wordpress\/wp-content\/uploads\/2023\/01\/15b216c6-2838-4da7-b91b-6cfe712466ea.jpg 720w\" sizes=\"auto, (max-width: 300px) 100vw, 300px\" \/><\/a>\n\t\t\t\t<\/dt><\/dl><dl class='gallery-item'>\n\t\t\t\t<dt class='gallery-icon landscape'>\n\t\t\t\t\t<a class=\"rollover rollover-zoom dt-pswp-item\" title=\"72c6d77b-edb6-47ae-be86-65fc75e746ce\" data-dt-img-description=\"\" data-large_image_width=\"834\" data-large_image_height=\"521\"href='https:\/\/www.radiopiu.net\/wordpress\/wp-content\/uploads\/2023\/01\/72c6d77b-edb6-47ae-be86-65fc75e746ce.jpg'><img loading=\"lazy\" decoding=\"async\" width=\"300\" height=\"187\" src=\"https:\/\/www.radiopiu.net\/wordpress\/wp-content\/uploads\/2023\/01\/72c6d77b-edb6-47ae-be86-65fc75e746ce-300x187.jpg\" class=\"attachment-medium size-medium\" alt=\"\" srcset=\"https:\/\/www.radiopiu.net\/wordpress\/wp-content\/uploads\/2023\/01\/72c6d77b-edb6-47ae-be86-65fc75e746ce-300x187.jpg 300w, https:\/\/www.radiopiu.net\/wordpress\/wp-content\/uploads\/2023\/01\/72c6d77b-edb6-47ae-be86-65fc75e746ce-768x480.jpg 768w, https:\/\/www.radiopiu.net\/wordpress\/wp-content\/uploads\/2023\/01\/72c6d77b-edb6-47ae-be86-65fc75e746ce.jpg 834w\" sizes=\"auto, (max-width: 300px) 100vw, 300px\" \/><\/a>\n\t\t\t\t<\/dt><\/dl><br style=\"clear: both\" \/>\n\t\t\t<\/div>\n\n<p>&nbsp;<\/p>\n<hr \/>\n<p>&nbsp;<\/p>\n<blockquote>\n<h3>AUTOBOTTE DEGLI SPURGHI SI RIBALTA A TRICHIANA. UN FERITO<\/h3>\n<\/blockquote>\n<p><strong>BORGO VALBELLUNA<\/strong> Incidente a Trichiana nel pomeriggio di ieri. Un camion specializzato negli spurghisi\u00a0 si \u00e8 ribaltato perdendo il carico sulla strada. Inevitabili i disagi al traffico. Sul posto i Vigili del Fuoco arrivati da Belluno e Pieve di Cadore con l&#8217;autogru hanno messo in sicurezza l&#8217;autobotte e gli operai di Veneto Strade hanno provveduto alla pulizia delle carreggiate. Presente anche l&#8217;ambulanza per prestare le prime cure al conducente del camion rimasto ferito non gravemente. Sul posto anche i Carabinieri per deviare il traffico e per i rilievi del sinistro. La strada \u00e8 rimasta chiusa e il traffico deviato per il centro di Trichiana. (foto: Viabilit\u00e0 Provincia Belluno &#8211; Telegram e Vigili Del Fuoco)<\/p>\n\n\t\t\t<style type='text\/css'>\n\t\t\t\t#gallery-3 {\n\t\t\t\t\tmargin: auto;\n\t\t\t\t}\n\t\t\t\t#gallery-3 .gallery-item {\n\t\t\t\t\tfloat: left;\n\t\t\t\t\tmargin-top: 10px;\n\t\t\t\t\ttext-align: center;\n\t\t\t\t\twidth: 33%;\n\t\t\t\t}\n\t\t\t\t#gallery-3 img {\n\t\t\t\t\tborder: 2px solid #cfcfcf;\n\t\t\t\t}\n\t\t\t\t#gallery-3 .gallery-caption {\n\t\t\t\t\tmargin-left: 0;\n\t\t\t\t}\n\t\t\t\t\/* see gallery_shortcode() in wp-includes\/media.php *\/\n\t\t\t<\/style>\n\t\t<div id='gallery-3' class='dt-gallery-container gallery galleryid-316946 gallery-columns-3 gallery-size-medium'><dl class='gallery-item'>\n\t\t\t\t<dt class='gallery-icon landscape'>\n\t\t\t\t\t<a class=\"rollover rollover-zoom dt-pswp-item\" title=\"95778954-ead7-427b-b305-d17d5b45b95f\" data-dt-img-description=\"\" data-large_image_width=\"1024\" data-large_image_height=\"809\"href='https:\/\/www.radiopiu.net\/wordpress\/wp-content\/uploads\/2023\/01\/95778954-ead7-427b-b305-d17d5b45b95f.jpg'><img loading=\"lazy\" decoding=\"async\" width=\"300\" height=\"237\" src=\"https:\/\/www.radiopiu.net\/wordpress\/wp-content\/uploads\/2023\/01\/95778954-ead7-427b-b305-d17d5b45b95f-300x237.jpg\" class=\"attachment-medium size-medium\" alt=\"\" srcset=\"https:\/\/www.radiopiu.net\/wordpress\/wp-content\/uploads\/2023\/01\/95778954-ead7-427b-b305-d17d5b45b95f-300x237.jpg 300w, https:\/\/www.radiopiu.net\/wordpress\/wp-content\/uploads\/2023\/01\/95778954-ead7-427b-b305-d17d5b45b95f-768x607.jpg 768w, https:\/\/www.radiopiu.net\/wordpress\/wp-content\/uploads\/2023\/01\/95778954-ead7-427b-b305-d17d5b45b95f.jpg 1024w\" sizes=\"auto, (max-width: 300px) 100vw, 300px\" \/><\/a>\n\t\t\t\t<\/dt><\/dl><dl class='gallery-item'>\n\t\t\t\t<dt class='gallery-icon landscape'>\n\t\t\t\t\t<a class=\"rollover rollover-zoom dt-pswp-item\" title=\"photo_5922243745355512089_y\" data-dt-img-description=\"\" data-large_image_width=\"1280\" data-large_image_height=\"1280\"href='https:\/\/www.radiopiu.net\/wordpress\/wp-content\/uploads\/2023\/01\/photo_5922243745355512089_y.jpg'><img loading=\"lazy\" decoding=\"async\" width=\"300\" height=\"300\" src=\"https:\/\/www.radiopiu.net\/wordpress\/wp-content\/uploads\/2023\/01\/photo_5922243745355512089_y-300x300.jpg\" class=\"attachment-medium size-medium\" alt=\"\" srcset=\"https:\/\/www.radiopiu.net\/wordpress\/wp-content\/uploads\/2023\/01\/photo_5922243745355512089_y-300x300.jpg 300w, https:\/\/www.radiopiu.net\/wordpress\/wp-content\/uploads\/2023\/01\/photo_5922243745355512089_y-1024x1024.jpg 1024w, https:\/\/www.radiopiu.net\/wordpress\/wp-content\/uploads\/2023\/01\/photo_5922243745355512089_y-150x150.jpg 150w, https:\/\/www.radiopiu.net\/wordpress\/wp-content\/uploads\/2023\/01\/photo_5922243745355512089_y-768x768.jpg 768w, https:\/\/www.radiopiu.net\/wordpress\/wp-content\/uploads\/2023\/01\/photo_5922243745355512089_y.jpg 1280w\" sizes=\"auto, (max-width: 300px) 100vw, 300px\" \/><\/a>\n\t\t\t\t<\/dt><\/dl><dl class='gallery-item'>\n\t\t\t\t<dt class='gallery-icon landscape'>\n\t\t\t\t\t<a class=\"rollover rollover-zoom dt-pswp-item\" title=\"5A5B119E-CE51-4D81-936C-581CC65859FA\" data-dt-img-description=\"\" data-large_image_width=\"720\" data-large_image_height=\"464\"href='https:\/\/www.radiopiu.net\/wordpress\/wp-content\/uploads\/2023\/01\/5A5B119E-CE51-4D81-936C-581CC65859FA.jpeg'><img loading=\"lazy\" decoding=\"async\" width=\"300\" height=\"193\" src=\"https:\/\/www.radiopiu.net\/wordpress\/wp-content\/uploads\/2023\/01\/5A5B119E-CE51-4D81-936C-581CC65859FA-300x193.jpeg\" class=\"attachment-medium size-medium\" alt=\"\" srcset=\"https:\/\/www.radiopiu.net\/wordpress\/wp-content\/uploads\/2023\/01\/5A5B119E-CE51-4D81-936C-581CC65859FA-300x193.jpeg 300w, https:\/\/www.radiopiu.net\/wordpress\/wp-content\/uploads\/2023\/01\/5A5B119E-CE51-4D81-936C-581CC65859FA.jpeg 720w\" sizes=\"auto, (max-width: 300px) 100vw, 300px\" \/><\/a>\n\t\t\t\t<\/dt><\/dl><br style=\"clear: both\" \/><dl class='gallery-item'>\n\t\t\t\t<dt class='gallery-icon landscape'>\n\t\t\t\t\t<a class=\"rollover rollover-zoom dt-pswp-item\" title=\"A7A4EB92-D0A9-407E-955E-580E4CA6E556\" data-dt-img-description=\"\" data-large_image_width=\"1280\" data-large_image_height=\"720\"href='https:\/\/www.radiopiu.net\/wordpress\/wp-content\/uploads\/2023\/01\/A7A4EB92-D0A9-407E-955E-580E4CA6E556.jpeg'><img loading=\"lazy\" decoding=\"async\" width=\"300\" height=\"169\" src=\"https:\/\/www.radiopiu.net\/wordpress\/wp-content\/uploads\/2023\/01\/A7A4EB92-D0A9-407E-955E-580E4CA6E556-300x169.jpeg\" class=\"attachment-medium size-medium\" alt=\"\" srcset=\"https:\/\/www.radiopiu.net\/wordpress\/wp-content\/uploads\/2023\/01\/A7A4EB92-D0A9-407E-955E-580E4CA6E556-300x169.jpeg 300w, https:\/\/www.radiopiu.net\/wordpress\/wp-content\/uploads\/2023\/01\/A7A4EB92-D0A9-407E-955E-580E4CA6E556-1024x576.jpeg 1024w, https:\/\/www.radiopiu.net\/wordpress\/wp-content\/uploads\/2023\/01\/A7A4EB92-D0A9-407E-955E-580E4CA6E556-768x432.jpeg 768w, https:\/\/www.radiopiu.net\/wordpress\/wp-content\/uploads\/2023\/01\/A7A4EB92-D0A9-407E-955E-580E4CA6E556.jpeg 1280w\" sizes=\"auto, (max-width: 300px) 100vw, 300px\" \/><\/a>\n\t\t\t\t<\/dt><\/dl><dl class='gallery-item'>\n\t\t\t\t<dt class='gallery-icon landscape'>\n\t\t\t\t\t<a class=\"rollover rollover-zoom dt-pswp-item\" title=\"99561D23-52D7-4E99-ACDC-1CF3125DAEDF\" data-dt-img-description=\"\" data-large_image_width=\"470\" data-large_image_height=\"254\"href='https:\/\/www.radiopiu.net\/wordpress\/wp-content\/uploads\/2023\/01\/99561D23-52D7-4E99-ACDC-1CF3125DAEDF.jpeg'><img loading=\"lazy\" decoding=\"async\" width=\"300\" height=\"162\" src=\"https:\/\/www.radiopiu.net\/wordpress\/wp-content\/uploads\/2023\/01\/99561D23-52D7-4E99-ACDC-1CF3125DAEDF-300x162.jpeg\" class=\"attachment-medium size-medium\" alt=\"\" srcset=\"https:\/\/www.radiopiu.net\/wordpress\/wp-content\/uploads\/2023\/01\/99561D23-52D7-4E99-ACDC-1CF3125DAEDF-300x162.jpeg 300w, https:\/\/www.radiopiu.net\/wordpress\/wp-content\/uploads\/2023\/01\/99561D23-52D7-4E99-ACDC-1CF3125DAEDF.jpeg 470w\" sizes=\"auto, (max-width: 300px) 100vw, 300px\" \/><\/a>\n\t\t\t\t<\/dt><\/dl><dl class='gallery-item'>\n\t\t\t\t<dt class='gallery-icon landscape'>\n\t\t\t\t\t<a class=\"rollover rollover-zoom dt-pswp-item\" title=\"A1CF9364-A5DC-4ECD-8287-1C4F9F246BC2\" data-dt-img-description=\"\" data-large_image_width=\"1280\" data-large_image_height=\"720\"href='https:\/\/www.radiopiu.net\/wordpress\/wp-content\/uploads\/2023\/01\/A1CF9364-A5DC-4ECD-8287-1C4F9F246BC2.jpeg'><img loading=\"lazy\" decoding=\"async\" width=\"300\" height=\"169\" src=\"https:\/\/www.radiopiu.net\/wordpress\/wp-content\/uploads\/2023\/01\/A1CF9364-A5DC-4ECD-8287-1C4F9F246BC2-300x169.jpeg\" class=\"attachment-medium size-medium\" alt=\"\" srcset=\"https:\/\/www.radiopiu.net\/wordpress\/wp-content\/uploads\/2023\/01\/A1CF9364-A5DC-4ECD-8287-1C4F9F246BC2-300x169.jpeg 300w, https:\/\/www.radiopiu.net\/wordpress\/wp-content\/uploads\/2023\/01\/A1CF9364-A5DC-4ECD-8287-1C4F9F246BC2-1024x576.jpeg 1024w, https:\/\/www.radiopiu.net\/wordpress\/wp-content\/uploads\/2023\/01\/A1CF9364-A5DC-4ECD-8287-1C4F9F246BC2-768x432.jpeg 768w, https:\/\/www.radiopiu.net\/wordpress\/wp-content\/uploads\/2023\/01\/A1CF9364-A5DC-4ECD-8287-1C4F9F246BC2.jpeg 1280w\" sizes=\"auto, (max-width: 300px) 100vw, 300px\" \/><\/a>\n\t\t\t\t<\/dt><\/dl><br style=\"clear: both\" \/>\n\t\t\t<\/div>\n\n<p>&nbsp;<\/p>\n<hr \/>\n<p>&nbsp;<\/p>\n<blockquote>\n<h3>PAPA&#8217; SOCCORSO IN RITARDO, ESPOSTO AI CARABINIERI<\/h3>\n<\/blockquote>\n<h2><span style=\"color: #0000ff;\">OGGI SUL CORRIERE DELLE ALPI<\/span><\/h2>\n<p><strong><img loading=\"lazy\" decoding=\"async\" class=\"alignleft\" src=\"https:\/\/www.radiopiu.net\/wordpress\/wp-content\/uploads\/2021\/10\/a0c568f4-8fef-4e1e-b203-57f1d1d0c1e7.jpg\" width=\"186\" height=\"139\" \/>CESIOMAGGIORE<\/strong> Alle 10.12 di una domenica un anziano si sente male a casa ma tutti i mezzi di soccorso tra Feltre, Belluno e Pieve di Cadore sono impegnati e cos\u00ec deve attendere quasi un&#8217;ora per vedere un&#8217;ambulanza. Il figlio allora decide di presentare un esposto in Procura e ai carabinieri. Ad inizio gennaio\u00a0 chiamato il 118 il figlio si \u00e8 sentito rispondere che le due ambulanze in capo all&#8217;ospedale di Feltre erano fuori per altri interventi, che l&#8217;elicottero era impegnato e anche le ambulanze di Belluno non erano disponibili.\u00a0 Il cittadino nel suo esposto chiede che venga fatta luce. Cosa succederebbe in caso di un evento grave che coinvolga diverse persone simultaneamente?\u00a0 La &#8216;Ulss 1 Dolomiti spiega che le due ambulanze in capo sia all&#8217;ospedale di Belluno sia di Feltre sono stabilite dalle schede regionali in base ai bisogni. In realt\u00e0 dalla chiusura della chiamata tra la centrale operativa del Suem e il paziente avvenuta alle 10.20 l&#8217;ambulanza \u00e8 arrivata sul posto alle 11.05 per trattare un codice giallo. Il cittadino per\u00f2 lamenta anche\u00a0 il fatto che a novembre il medico di famiglia gli ha fatto pagare 30 euro la scheda di valutazione multidisciplinare detta Svama per suo pap\u00e0. Sulla vicenda dagli uffici dell&#8217;azienda sanitaria fanno sapere che la questione \u00e8 ancora in via di approfondimento<\/p>\n<p>(pda)<\/p>\n<p>&nbsp;<\/p>\n<hr \/>\n<p>&nbsp;<\/p>\n<blockquote>\n<h3>L&#8217;EX CANONICA DI SANTA FOSCA DIVENTERA&#8217; UN BABY PARKING E TRE APPARTAMENTI. APERTI I TERMINI PER LA MANIFESTAZIONE DI INTERESSI<\/h3>\n<\/blockquote>\n<p><strong><a class=\"dt-pswp-item\" href=\"https:\/\/www.radiopiu.net\/wordpress\/wp-content\/uploads\/2023\/01\/Schermata-2023-01-16-alle-20.23.19.png\" data-dt-img-description=\"\" data-large_image_width=\"1084\" data-large_image_height=\"606\"><img loading=\"lazy\" decoding=\"async\" class=\" wp-image-317108 alignleft\" src=\"https:\/\/www.radiopiu.net\/wordpress\/wp-content\/uploads\/2023\/01\/Schermata-2023-01-16-alle-20.23.19-300x168.png\" alt=\"\" width=\"225\" height=\"126\" srcset=\"https:\/\/www.radiopiu.net\/wordpress\/wp-content\/uploads\/2023\/01\/Schermata-2023-01-16-alle-20.23.19-300x168.png 300w, https:\/\/www.radiopiu.net\/wordpress\/wp-content\/uploads\/2023\/01\/Schermata-2023-01-16-alle-20.23.19-1024x572.png 1024w, https:\/\/www.radiopiu.net\/wordpress\/wp-content\/uploads\/2023\/01\/Schermata-2023-01-16-alle-20.23.19-768x429.png 768w, https:\/\/www.radiopiu.net\/wordpress\/wp-content\/uploads\/2023\/01\/Schermata-2023-01-16-alle-20.23.19.png 1084w\" sizes=\"auto, (max-width: 225px) 100vw, 225px\" \/><\/a>SELVA DI CADORE<\/strong><\/p>\n<p>di Gianni Santomaso<\/p>\n<audio class=\"wp-audio-shortcode\" id=\"audio-316946-2\" preload=\"none\" style=\"width: 100%;\" controls=\"controls\"><source type=\"audio\/mpeg\" src=\"https:\/\/www.radiopiu.net\/wordpress\/wp-content\/uploads\/2023\/01\/GIANNI-LEX-CANONICA-DI-SANTA-FOSCA-DIVENTERA-UN-BABY-PARKING.mp3?_=2\" \/><a href=\"https:\/\/www.radiopiu.net\/wordpress\/wp-content\/uploads\/2023\/01\/GIANNI-LEX-CANONICA-DI-SANTA-FOSCA-DIVENTERA-UN-BABY-PARKING.mp3\">https:\/\/www.radiopiu.net\/wordpress\/wp-content\/uploads\/2023\/01\/GIANNI-LEX-CANONICA-DI-SANTA-FOSCA-DIVENTERA-UN-BABY-PARKING.mp3<\/a><\/audio>\n<p>&nbsp;<\/p>\n<p>&nbsp;<\/p>\n<hr \/>\n<p>&nbsp;<\/p>\n<blockquote>\n<h3>I NUOVI PARCOMETRI IN TERRITORIO FODOM, AGEVOLAZIONI PER I RESIDENTI<\/h3>\n<\/blockquote>\n<p><strong><a class=\"dt-pswp-item\" href=\"https:\/\/www.radiopiu.net\/wordpress\/wp-content\/uploads\/2023\/01\/leandro-grones.png\" data-dt-img-description=\"\" data-large_image_width=\"854\" data-large_image_height=\"496\"><img loading=\"lazy\" decoding=\"async\" class=\"wp-image-315560 alignleft\" src=\"https:\/\/www.radiopiu.net\/wordpress\/wp-content\/uploads\/2023\/01\/leandro-grones-300x174.png\" alt=\"\" width=\"153\" height=\"89\" \/><\/a>LIVINALLONGO<\/strong> Installati i nuovi parcometri\u00a0 ad Arabba in sostituzione dei vecchi, anche in area camper. Sui 430 posti parcheggi pubblici: 190 liberi, altrettanti a pagamento e 50 a limitazione oraria. Tariffe ridotte rispetto al passato. Agevolazioni per residenti e attivit\u00e0 commerciali con i nuovi abbonamenti. La modulistica sul sito internet.<\/p>\n<p>&nbsp;<\/p>\n<p><strong>IL SINDACO LEANDRO GRONES, &#8220;CHIARIMENTI PER\u00a0 EVITARE I DISCORSI DA BAR&#8221;<\/strong><\/p>\n<audio class=\"wp-audio-shortcode\" id=\"audio-316946-3\" preload=\"none\" style=\"width: 100%;\" controls=\"controls\"><source type=\"audio\/mpeg\" src=\"https:\/\/www.radiopiu.net\/wordpress\/wp-content\/uploads\/2023\/01\/LEANDRO.mp3?_=3\" \/><a href=\"https:\/\/www.radiopiu.net\/wordpress\/wp-content\/uploads\/2023\/01\/LEANDRO.mp3\">https:\/\/www.radiopiu.net\/wordpress\/wp-content\/uploads\/2023\/01\/LEANDRO.mp3<\/a><\/audio>\n<p>&nbsp;<\/p>\n<p>&nbsp;<\/p>\n<p><span style=\"font-family: Times New Roman, serif;\"><span style=\"font-size: medium;\">NUOVA REGOLAMENTAZIONE DEI PARCHEGGI A PAGAMENTO DI ARABBA \/ PRECUMON<\/span><\/span><\/p>\n<p><span style=\"font-family: Times New Roman, serif;\"><span style=\"font-size: medium;\">1. area sotto la Chiesa, denominazione del parcheggio \u201cArabba centro\u201d; 2. area sopra la Casa cantoniera, denominazione del parcheggio \u201cMesd\u00ec\u201d; 3. area di Precumon,\u00a0 denominazione del parcheggio \u201cPrecumon\u201d; 4. area Via Piagn-Arabba, denominazione del parcheggio \u201cPiagn\u201d; <\/span><\/span><span style=\"font-family: Times New Roman, serif;\"><span style=\"font-size: medium;\">Le tariffe\u00a0 da riscuotere mediante parcometri comprendono la<b> <\/b><u><b>fascia oraria dalle ore 7:00 alle ore 21:00 tutti i giorni della settimana, compresi sabato, domenica e festivi<\/b><\/u><b>,<\/b> distinguendo tra <u><b>periodo estivo <\/b><\/u><b>(dal 01\/06 al 30\/09) e <\/b><u><b>periodo invernale (dal 01\/12 al 30\/04) <\/b><\/u>autoveicoli a) oraria estiva 01\/06-30\/09 \u20ac 1,00 b) oraria invernale 01\/12-30\/04 \u20ac 1,50 c) giornaliera estiva 01\/06-30\/09 \u20ac 5,00 d) giornaliera invernale 01\/12-30\/04 \u20ac 7,00 auto-caravan, pullman a) oraria estiva 01\/06-30\/09 \u20ac 1,50<br \/>\nb) oraria invernale 01\/12-30\/04 \u20ac 2,25 c) giornaliera estiva 01\/06-30\/09 \u20ac 7,50 d) giornaliera invernale 01\/12\/30\/04 \u20ac 10,50 <\/span><\/span><span style=\"font-family: Times New Roman, serif;\"><span style=\"font-size: medium;\"><b>La sosta di auto-caravan e pullman \u00e8 consentita esclusivamente nel parcheggio denominato &#8220;Piagn&#8221;<\/b> (quello vicino all&#8217;ex campo da ghiaccio e zona area camper) <\/span><\/span><span style=\"font-family: Times New Roman, serif;\"><span style=\"font-size: medium;\">Gli abbonamenti si distinguono in (gli interessati possono richiederlo solo per periodo estivo e\/o invernale oppure annuale 01\/06-30\/09 +01\/12-30\/04) <b>a) abbonamento con targa <\/b>&#8211; estivo 01\/06-30\/09 \u20ac 90,00 &#8211; invernale 01\/12-30\/04 \u20ac 110.00 &#8211; annuale 01\/06-30\/09 e 01\/12-30\/04 \u20ac 190,00 <b>b) abbonamento residenti con targa <\/b>&#8211; estivo 01\/06-30\/09 \u20ac 50,00 &#8211; invernale 01\/12-30\/04 \u20ac 60.00<br \/>\n&#8211; annuale 01\/06-30\/09 e 01\/12-30\/04 \u20ac 90,00 <b>c) abbonamento attivit\u00e0 commerciali<\/b><br \/>\n&#8211; estivo 01\/06-30\/09 \u20ac 70,00 &#8211; invernale 01\/12-30\/04 \u20ac 90.00 &#8211; annuale 01\/06-30\/09 e 01\/12-30\/04 \u20ac 150,00 <\/span><\/span><span style=\"font-family: Times New Roman, serif;\"><span style=\"font-size: medium;\"><b>Sono previste le seguenti deroghe al pagamento <\/b>&#8211; veicoli a servizio delle persone invalide con ridotta capacit\u00e0 deambulatoria che abbiano esposto sul parabrezza il permesso di cui all\u2019art. 381, 2\u00b0 comma del D.P.R. 16 dicembre 1992, n. 495;<br \/>\n&#8211; mezzi di soccorso e di emergenza in servizio; &#8211; mezzi del Comune di Livinallongo del Col di Lana, della Provincia di Belluno e della Regione del Veneto che siano chiaramente identificabili; &#8211; mezzi dello SCI CLUB Arabba; &#8211; mezzi per operazioni di scarico e carico di merci; &#8211; mezzi con esposto Baby Pass (durata periodo di gravidanza e fino al compimento del primo anno di et\u00e0 del baby); &#8211; dalla messa in funzione, i quattro stalli per ricarica elettrica autoveicoli situati nel parcheggio denominato &#8220;Arabba centro&#8221;<br \/>\n&#8211; dalla messa in funzione, i due stalli per ricarica elettrica autoveicoli situati nel parcheggio denominato &#8220;Precumon&#8221;; <\/span><\/span>Per ottenere gli abbonamenti gli interessati dovranno presentare domanda presso l&#8217;Ufficio di Polizia municipale utilizzando apposito modulo, anche scaricabile dal sito istituzionale del Comune di Livinallongo del Col di Lana, compilato in ogni sua parte e corredato della documentazione richiesta (copia documento identit\u00e0 proprietario auto + libretto circolazione).<\/p>\n<p>&nbsp;<\/p>\n<p>&nbsp;<\/p>\n<p>&nbsp;<\/p>\n<hr \/>\n<p>&nbsp;<\/p>\n<blockquote>\n<h3>&#8220;SICURI SULLA NEVE 2023&#8221; LO SI PUO&#8217; DEFINIRE UN SUCCESSO<\/h3>\n<\/blockquote>\n<p><strong>BELLUNO <\/strong>Hanno registrato grande affluenza, attenzione e soddisfazione i due eventi organizzati in Veneto in occasione della giornata Sicuri sulla Neve 2023, svoltasi in contemporanea ieri, domenica 15 gennaio, in tutte le montagne italiane. Per il Veneto gli appuntamenti erano a Belluno, con il Soccorso alpino di Pieve di Cadore e Centro Cadore, e a Vicenza, con il Soccorso alpino di Arsiero. Numerosi i presenti &#8211; molti al loro primo approccio con le operazioni di autosoccorso in valanga &#8211; sia per l&#8217;aumento di appassionati di uscite invernali, con pelli e sci d&#8217;alpinismo, ciaspe o scarponi, sia per la necessit\u00e0 per tanti di essere pi\u00f9 informati e sicuri, dati anche purtroppo i recenti lutti. Un suggerimento, oltre ai consigli abituali legati a buone pratiche e abbigliamento adeguato, \u00e8 quello di controllare periodicamente il regolare funzionamento di tutta la propria attrezzatura, a cominciare dall&#8217;Artva, e di esercitarsi spesso nell&#8217;utilizzo dei presidi di autosoccorso, per non trovarsi totalmente impreparati in caso di reale bisogno. In molte localit\u00e0 sciistiche \u00e8 possibile accedere a veri e propri campi Artva, Guide Alpine e Cai organizzano corsi e uscite, come \u00e8 possibile semplicemente dedicarsi qualche ora alle manovre di sicurezza con gli amici.<\/p>\n<div dir=\"auto\"><strong>Pieve di Cadore &#8211; Vigo di Cadore, Casera Razzo<\/strong><\/div>\n<p>In questa edizione il Soccorso alpino di Pieve di Cadore e del Centro Cadore hanno hanno previsto due momenti didattici, uno teorico venerd\u00ec 13 gennaio nella sede del Soccorso alpino di Pieve di Cadore &#8211; cui hanno preso parte una quarantina di persone in aula, pi\u00f9 160 in remoto seguendo la diretta Facebook e Instagram &#8211; e uno pratico a Casera Razzo ieri, con la partecipazione di 35 persone. Nella lezione tenuta in aula da un soccorritore, che \u00e8 anche guida alpina e tecnico di elisoccorso, si e parlato della preparazione all&#8217;uscita, condizioni della neve, vento, dei distacchi, visone del bollettino e dei gradi di pericoo, di tutto il materiale, della chiamata al 118 e successiva attivazione del Soccorso organizzato e della geoocalizzazione da parte del Tecnico di Centrale operativa e di come comportarsi durante le escursioni &#8216;evolute&#8217; (quelle non su pista battuta). A Casera Razzo sono stati predisposti due campi Arta, per provare ricerca con Artva, disseppellimento travolto e primo soccorso, ricerca vista udito, sondaggio dei materiali misteriosi per imparare a distinguere le varie consistenze. \u00c8 stato anche insegnato come effettuare il cancelletto alla partenza con artva tra i partecipanti dell&#8217;escursione\/scialpinistica.<\/p>\n\n\t\t\t<style type='text\/css'>\n\t\t\t\t#gallery-4 {\n\t\t\t\t\tmargin: auto;\n\t\t\t\t}\n\t\t\t\t#gallery-4 .gallery-item {\n\t\t\t\t\tfloat: left;\n\t\t\t\t\tmargin-top: 10px;\n\t\t\t\t\ttext-align: center;\n\t\t\t\t\twidth: 50%;\n\t\t\t\t}\n\t\t\t\t#gallery-4 img {\n\t\t\t\t\tborder: 2px solid #cfcfcf;\n\t\t\t\t}\n\t\t\t\t#gallery-4 .gallery-caption {\n\t\t\t\t\tmargin-left: 0;\n\t\t\t\t}\n\t\t\t\t\/* see gallery_shortcode() in wp-includes\/media.php *\/\n\t\t\t<\/style>\n\t\t<div id='gallery-4' class='dt-gallery-container gallery galleryid-316946 gallery-columns-2 gallery-size-medium'><dl class='gallery-item'>\n\t\t\t\t<dt class='gallery-icon landscape'>\n\t\t\t\t\t<a class=\"rollover rollover-zoom dt-pswp-item\" title=\"Watermark_20230116_120208_077\" data-dt-img-description=\"\" data-large_image_width=\"2560\" data-large_image_height=\"1440\"href='https:\/\/www.radiopiu.net\/wordpress\/wp-content\/uploads\/2023\/01\/Watermark_20230116_120208_077-scaled.jpg'><img loading=\"lazy\" decoding=\"async\" width=\"300\" height=\"169\" src=\"https:\/\/www.radiopiu.net\/wordpress\/wp-content\/uploads\/2023\/01\/Watermark_20230116_120208_077-300x169.jpg\" class=\"attachment-medium size-medium\" alt=\"\" srcset=\"https:\/\/www.radiopiu.net\/wordpress\/wp-content\/uploads\/2023\/01\/Watermark_20230116_120208_077-300x169.jpg 300w, https:\/\/www.radiopiu.net\/wordpress\/wp-content\/uploads\/2023\/01\/Watermark_20230116_120208_077-1024x576.jpg 1024w, https:\/\/www.radiopiu.net\/wordpress\/wp-content\/uploads\/2023\/01\/Watermark_20230116_120208_077-768x432.jpg 768w, https:\/\/www.radiopiu.net\/wordpress\/wp-content\/uploads\/2023\/01\/Watermark_20230116_120208_077-1536x864.jpg 1536w, https:\/\/www.radiopiu.net\/wordpress\/wp-content\/uploads\/2023\/01\/Watermark_20230116_120208_077-2048x1152.jpg 2048w\" sizes=\"auto, (max-width: 300px) 100vw, 300px\" \/><\/a>\n\t\t\t\t<\/dt><\/dl><dl class='gallery-item'>\n\t\t\t\t<dt class='gallery-icon landscape'>\n\t\t\t\t\t<a class=\"rollover rollover-zoom dt-pswp-item\" title=\"Watermark_20230116_120227_956\" data-dt-img-description=\"\" data-large_image_width=\"2560\" data-large_image_height=\"1440\"href='https:\/\/www.radiopiu.net\/wordpress\/wp-content\/uploads\/2023\/01\/Watermark_20230116_120227_956-scaled.jpg'><img loading=\"lazy\" decoding=\"async\" width=\"300\" height=\"169\" src=\"https:\/\/www.radiopiu.net\/wordpress\/wp-content\/uploads\/2023\/01\/Watermark_20230116_120227_956-300x169.jpg\" class=\"attachment-medium size-medium\" alt=\"\" srcset=\"https:\/\/www.radiopiu.net\/wordpress\/wp-content\/uploads\/2023\/01\/Watermark_20230116_120227_956-300x169.jpg 300w, https:\/\/www.radiopiu.net\/wordpress\/wp-content\/uploads\/2023\/01\/Watermark_20230116_120227_956-1024x576.jpg 1024w, https:\/\/www.radiopiu.net\/wordpress\/wp-content\/uploads\/2023\/01\/Watermark_20230116_120227_956-768x432.jpg 768w, https:\/\/www.radiopiu.net\/wordpress\/wp-content\/uploads\/2023\/01\/Watermark_20230116_120227_956-1536x864.jpg 1536w, https:\/\/www.radiopiu.net\/wordpress\/wp-content\/uploads\/2023\/01\/Watermark_20230116_120227_956-2048x1152.jpg 2048w\" sizes=\"auto, (max-width: 300px) 100vw, 300px\" \/><\/a>\n\t\t\t\t<\/dt><\/dl><br style=\"clear: both\" \/>\n\t\t\t<\/div>\n\n<p>&nbsp;<\/p>\n<hr \/>\n<p>&nbsp;<\/p>\n<blockquote>\n<h3>IN NEVEGAL LA PRIMA GIORNATA DI &#8220;OBIETTIVO SICUREZZA&#8221; CON IL CAI<\/h3>\n<\/blockquote>\n<p><strong><a class=\"dt-pswp-item\" href=\"https:\/\/www.radiopiu.net\/wordpress\/wp-content\/uploads\/2023\/01\/IMG-20230115-WA0030.jpg\" data-dt-img-description=\"\" data-large_image_width=\"2000\" data-large_image_height=\"900\"><img loading=\"lazy\" decoding=\"async\" class=\" wp-image-317023 alignleft\" src=\"https:\/\/www.radiopiu.net\/wordpress\/wp-content\/uploads\/2023\/01\/IMG-20230115-WA0030-300x135.jpg\" alt=\"\" width=\"202\" height=\"91\" srcset=\"https:\/\/www.radiopiu.net\/wordpress\/wp-content\/uploads\/2023\/01\/IMG-20230115-WA0030-300x135.jpg 300w, https:\/\/www.radiopiu.net\/wordpress\/wp-content\/uploads\/2023\/01\/IMG-20230115-WA0030-1024x461.jpg 1024w, https:\/\/www.radiopiu.net\/wordpress\/wp-content\/uploads\/2023\/01\/IMG-20230115-WA0030-768x346.jpg 768w, https:\/\/www.radiopiu.net\/wordpress\/wp-content\/uploads\/2023\/01\/IMG-20230115-WA0030-1536x691.jpg 1536w, https:\/\/www.radiopiu.net\/wordpress\/wp-content\/uploads\/2023\/01\/IMG-20230115-WA0030.jpg 2000w\" sizes=\"auto, (max-width: 202px) 100vw, 202px\" \/><\/a>BELLUNO <\/strong>Domenica 15 gennaio si \u00e8 svolto in Nevegal la prima giornata del corso Obbiettivo Sicurezza a cura della sezione CAI di Belluno in collaborazione con la stazione di Belluno del Socorso Alpino. Il corso \u00e8 rivolto a tutti coloro che praticano la montagna invernale, con lo scialpinismo, sci escursionismo, sci freeride, ciaspe ed escursionisti invernali in genere, che intendono affinare le capacit\u00e0 di valutazione e prevenzione del pericolo valanghivo, nonch\u00e8 le tecniche di autosoccorso in caso di travolgimento. I 21 partecipanti hanno da prima seguito le lezioni teoriche nelle quale sono stati trattati i fenomeni di trasformazione del manto nevoso, le varie tipologie di valanghe, le cause che provocano il distacco ed i comportamenti da adottare per evitare di esserne coinvolti. Sono state poi illustrate le tecniche di autosoccorso, ovvero le procedure necessarie perch\u00e9 il gruppo di amici che si trova coinvolto nell\u2019incidente possa soccorrere l\u2019infortunato in attesa che arrivi il Soccorso Alpino. In ambiente sono state eseguite dagli stessi allievi le prove pratiche di ricerca con l\u2019artva, i vari metodi di sondaggio e le modalit\u00e0 di scavo per il diseppelimento del travolto da valanga. Gli operatori del Soccorso Alpino hanno spiegato come fare ad allertare i soccorsi ed i comportamenti da tenere per una successiva collaborazione in fase di intervento. Alla fine sono state eseguite 2 simulazioni di incidente, dove gli allievi hanno potuto verificare nella pratica tutto quello che hanno acquisito durante il corso stesso. L\u2019intera giornata \u00e8 stata condotta da 8 istruttori del CAI e 4 operatori del Soccorso Alpino. Nel debriefing finale sono stati riscontrati vari apprezzamenti dei partecipanti che hanno trovato il corso particolarmente interessante ed utile per l\u2019acquisizione di una propria consapevolezza dei pericoli e come su come gestire gli incidenti. Si ricorda che il corso si ripete nelle stesse modalit\u00e0 anche sabato 21 gennaio, chi fosse interessato fa bene iscriversi quanto prima in quanto i posti sono limitati. (info: www.caibelluno.it ).<\/p>\n<p>&nbsp;<\/p>\n<p>&nbsp;<\/p>\n<hr \/>\n<p>&nbsp;<\/p>\n<blockquote>\n<h3>RECUPERATO A CELARDA DI FELTRE UNO SCIACALLO DORATO ANNEGATO IN UN CANALE<\/h3>\n<\/blockquote>\n<p><strong><a class=\"dt-pswp-item\" href=\"https:\/\/www.radiopiu.net\/wordpress\/wp-content\/uploads\/2023\/01\/3e5cdb18-22ec-4c31-bbd6-3768f31a3fb3.jpg\" data-dt-img-description=\"\" data-large_image_width=\"1024\" data-large_image_height=\"768\"><img loading=\"lazy\" decoding=\"async\" class=\" wp-image-317010 alignleft\" src=\"https:\/\/www.radiopiu.net\/wordpress\/wp-content\/uploads\/2023\/01\/3e5cdb18-22ec-4c31-bbd6-3768f31a3fb3-300x225.jpg\" alt=\"\" width=\"181\" height=\"136\" srcset=\"https:\/\/www.radiopiu.net\/wordpress\/wp-content\/uploads\/2023\/01\/3e5cdb18-22ec-4c31-bbd6-3768f31a3fb3-300x225.jpg 300w, https:\/\/www.radiopiu.net\/wordpress\/wp-content\/uploads\/2023\/01\/3e5cdb18-22ec-4c31-bbd6-3768f31a3fb3-768x576.jpg 768w, https:\/\/www.radiopiu.net\/wordpress\/wp-content\/uploads\/2023\/01\/3e5cdb18-22ec-4c31-bbd6-3768f31a3fb3.jpg 1024w\" sizes=\"auto, (max-width: 181px) 100vw, 181px\" \/><\/a>BELLUNO <\/strong>\u00c8 stato recuperato questa mattina, dalla Polizia Provinciale, uno sciacallo dorato, annegato in un canale nella zona di Celarda (Feltre). Si tratta di un esemplare maschio, che con ogni probabilit\u00e0 si trovava nell\u2019acqua gi\u00e0 da qualche giorno.\u00a0 \u00abAl momento, senza le analisi di laboratorio del veterinario, non \u00e8 possibile identificare l\u2019et\u00e0\u00bb spiega il consigliere provinciale delegato alla gestione faunistica, Franco De Bon. \u00abIl ritrovamento per\u00f2 conferma la presenza di questo animale sul territorio provinciale. Nel 2021 era stata certificata la presenza in Comelico di una coppia che si era riprodotta. In seguito, ci sono state segnalazioni in altre zone e alcune fototrappole avevano ripreso lo sciacallo anche sulla dorsale del Nevegal\u00bb.\u00a0 Questo ritrovamento \u00e8 il primo in provincia di Belluno, mentre a dicembre era stato segnalato un investimento di sciacallo in Friuli. L\u2019animale \u00e8 una specie nuova per il territorio bellunese e mostra un\u2019espansione cominciata tempo fa dai Balcani (zona in cui lo sciacallo \u00e8 specie endemica) verso nord-ovest. Il primo caso di avvistamento nel Bellunese risale agli anni Ottanta, quando per\u00f2 lo sciacallo era stato scambiato per una volpe. \u00abLa rinaturalizzazione della nostra montagna ha riportato diverse specie ad abitare le zone lasciate libere dalla presenza umana\u00bb sottolinea il consigliere De Bon. \u00abL\u2019aumento degli ungulati ha riportato in provincia i predatori, come il lupo. E tra le conseguenze possibili c\u2019\u00e8 anche l\u2019arrivo dello sciacallo, animale necrofago che si ciba anche delle carcasse lasciate dal lupo. In ogni caso, \u00e8 testimonianza di una grande biodiversit\u00e0, ricchezza per la natura delle Dolomiti Bellunesi\u00bb. Intanto \u00e8 stato portato all\u2019Istituto Zooprofilattico il lupo ritrovato morto domenica sul torrente Boite, a Cancia (Borca di Cadore). Le primissime analisi di laboratorio sembrano confermare che l\u2019animale sia morto in seguito ai morsi di altri lupi, probabilmente per un regolamento di conti del branco. La carcassa presenta infatti evidenti segni di morso al collo e al torace, ma saranno le analisi dell\u2019unit\u00e0 forense di Vicenza a confermare le prime indicazioni. \u00abIl lupo di Borca \u00e8 stato trovato morto dai nostri agenti, ma la situazione impone un ragionamento ad ampio raggio\u00bb continua il consigliere De Bon. \u00abPer gli ungulati feriti esiste un protocollo Ispra da seguire in modo che il veterinario valuti se l\u2019animale \u00e8 nelle condizioni di essere curato o \u00e8 necessario procedere con intervento di eutanasia. Sarebbe bene che questa prassi esistesse anche per i grandi carnivori\u00bb.<\/p>\n<p>&nbsp;<\/p>\n<p>&nbsp;<\/p>\n<hr \/>\n<p>&nbsp;<\/p>\n<blockquote>\n<h3>ELISOCCORSO DI NUOVO OPERATIVO. FALCO A PIEVE DI CADORE E ARRIVATO IL SOSTITUTO<\/h3>\n<\/blockquote>\n<p><strong><a class=\"dt-pswp-item\" href=\"https:\/\/www.radiopiu.net\/wordpress\/wp-content\/uploads\/2023\/01\/sostituto-falco.jpeg\" data-dt-img-description=\"\" data-large_image_width=\"1600\" data-large_image_height=\"1320\"><img loading=\"lazy\" decoding=\"async\" class=\" wp-image-317004 alignleft\" src=\"https:\/\/www.radiopiu.net\/wordpress\/wp-content\/uploads\/2023\/01\/sostituto-falco-300x248.jpeg\" alt=\"\" width=\"168\" height=\"139\" srcset=\"https:\/\/www.radiopiu.net\/wordpress\/wp-content\/uploads\/2023\/01\/sostituto-falco-300x248.jpeg 300w, https:\/\/www.radiopiu.net\/wordpress\/wp-content\/uploads\/2023\/01\/sostituto-falco-1024x845.jpeg 1024w, https:\/\/www.radiopiu.net\/wordpress\/wp-content\/uploads\/2023\/01\/sostituto-falco-768x634.jpeg 768w, https:\/\/www.radiopiu.net\/wordpress\/wp-content\/uploads\/2023\/01\/sostituto-falco-1536x1267.jpeg 1536w, https:\/\/www.radiopiu.net\/wordpress\/wp-content\/uploads\/2023\/01\/sostituto-falco.jpeg 1600w\" sizes=\"auto, (max-width: 168px) 100vw, 168px\" \/><\/a> <\/strong><\/p>\n<p><strong>\u00a0<\/strong><\/p>\n<p><strong>BELLUNO <\/strong>L&#8217;elisoccorso dell&#8217;Ulss Dolomiti \u00e8 tornato operativo con il mezzo sostitutivo &#8220;November Lima&#8221; fatto arrivare alla base di Pieve di Cadore da Babcock in mattinata. Nel frattempo ha fatto rientro a Pieve di Cadore l\u2019elicottero dell\u2019Ulss 1 Dolomiti. Il velivolo era a Belluno da domenica dopo aver passato la notte sulle piste di Alleghe a causa di un avviso ai sistemi di sicurezza. Il controllo dell\u2019elicottero continuer\u00e0 a Pieve di Cadore.<\/p>\n<p>&nbsp;<\/p>\n<p>&nbsp;<\/p>\n<p>&nbsp;<\/p>\n<hr \/>\n<p>&nbsp;<\/p>\n<blockquote>\n<h3><strong>616.200 ASSUNZIONI CON 29.500 POSTI DI LAVORO IN PIU\u2019 IN VENETO NEL 2022. ZAIA, \u201cSUPERATI I DATI PREPANDEMIA<\/strong><\/h3>\n<\/blockquote>\n<p><strong><a class=\"dt-pswp-item\" href=\"https:\/\/www.radiopiu.net\/wordpress\/wp-content\/uploads\/2022\/11\/ZAIA.jpg\" data-dt-img-description=\"\" data-large_image_width=\"1024\" data-large_image_height=\"761\"><img loading=\"lazy\" decoding=\"async\" class=\" wp-image-306973 alignleft\" src=\"https:\/\/www.radiopiu.net\/wordpress\/wp-content\/uploads\/2022\/11\/ZAIA-300x223.jpg\" alt=\"\" width=\"160\" height=\"119\" srcset=\"https:\/\/www.radiopiu.net\/wordpress\/wp-content\/uploads\/2022\/11\/ZAIA-300x223.jpg 300w, https:\/\/www.radiopiu.net\/wordpress\/wp-content\/uploads\/2022\/11\/ZAIA-768x571.jpg 768w, https:\/\/www.radiopiu.net\/wordpress\/wp-content\/uploads\/2022\/11\/ZAIA.jpg 1024w\" sizes=\"auto, (max-width: 160px) 100vw, 160px\" \/><\/a>VENEZIA <\/strong>\u201cI dati sull\u2019occupazione della nostra regione dimostrano che lo scorso anno il sistema economico del Veneto, nonostante le note difficolt\u00e0, ha reagito bene, fornendo occasioni importanti per i lavoratori. Anzi, guardando le cifre, la prima parte dell\u2019anno \u00e8 stata eccezionale per l\u2019occupazione con numeri record sostanziati da settori come il turismo e l\u2019industria, che hanno ripreso l\u2019attivit\u00e0 a livelli prepandemia, con ricadute positive a tutti i livelli\u201d. Cos\u00ec il Presidente della Regione Luca Zaia commenta i dati sull\u2019occupazione in Veneto relativi al mese di dicembre pubblicati oggi su \u201cLa Bussola\u201d di Veneto Lavoro che tracciano il bilancio del 2022. Le cifre su base annua indicando un aumento dei posti di lavoro nei dodici mesi pari a 29.500 in aumento rispetto ai pi\u00f9 26.900 del 2019 con 616.200 reclutamenti rispetto ai 542.500 del 2021 (pi\u00f9 14 per cento) e rispetto ai 591.200 del 2019 (pi\u00f9 4 per cento). \u201cI dati sull\u2019occupazione confermano le indicazioni sulla crescita del PIL annuale che, secondo le stime di Prometeia, nel 2022 \u00e8 stata del 4,2 per cento \u2013 sottolinea Zaia -. Numeri davvero importanti che dicono molto di come il Veneto e i veneti hanno saputo rimboccarsi le maniche e ripartire, macinando strada e risultati\u201d.<\/p>\n<p>&nbsp;<\/p>\n<p>&nbsp;<\/p>\n<hr \/>\n<p>&nbsp;<\/p>\n<blockquote>\n<h3>DIRETTIVA EUROPEA SULLE RISTRUTTURAZIONI OBBLIGATORIE DELLE ABITAZIONI PER L\u2019ADEGUAMENTO ENERGETICO, SCOPEL: \u201cFOLLIA CHE RISCHIA DI AFFOSSARE IL PATRIMONIO IMMOBILIARE DI INTERE COMUNITA&#8217;\u201d<\/h3>\n<\/blockquote>\n<p><strong><a class=\"dt-pswp-item\" href=\"https:\/\/www.radiopiu.net\/wordpress\/wp-content\/uploads\/2021\/08\/972ec435-fa04-49e8-bf1e-048263cab367.jpg\" data-dt-img-description=\"\" data-large_image_width=\"1024\" data-large_image_height=\"684\"><img loading=\"lazy\" decoding=\"async\" class=\" wp-image-226219 alignleft\" src=\"https:\/\/www.radiopiu.net\/wordpress\/wp-content\/uploads\/2021\/08\/972ec435-fa04-49e8-bf1e-048263cab367-300x200.jpg\" alt=\"\" width=\"140\" height=\"93\" srcset=\"https:\/\/www.radiopiu.net\/wordpress\/wp-content\/uploads\/2021\/08\/972ec435-fa04-49e8-bf1e-048263cab367-300x200.jpg 300w, https:\/\/www.radiopiu.net\/wordpress\/wp-content\/uploads\/2021\/08\/972ec435-fa04-49e8-bf1e-048263cab367-768x513.jpg 768w, https:\/\/www.radiopiu.net\/wordpress\/wp-content\/uploads\/2021\/08\/972ec435-fa04-49e8-bf1e-048263cab367.jpg 1024w\" sizes=\"auto, (max-width: 140px) 100vw, 140px\" \/><\/a>SEREN DEL GRAPPA <\/strong>\u201cQuella che si sta prospettando in sede europea \u00e8 una vera e propria follia, che rischia di mettere in ginocchio larga parte delle famiglie bellunesi, che si sono costruite la casa con anni di sacrifici e di lavoro, spesso dovendo anche emigrare!\u201d. Non usa mezzi termini Dario Scopel, sindaco di Seren del Grappa e membro del direttivo nazionale dell\u2019ANPCI, l\u2019Associazione dei Piccoli Comuni d\u2019Italia, nel commentare le anticipazioni che riguardano la direttiva europea in discussione in questi giorni che prevvederebbe, allo stato attuale, l\u2019obbligo di pesanti interventi strutturali di adeguamento energetico su tutto il patrimonio immobiliare esistente entro il 2030.<\/p>\n<p><strong>DARIO SCOPEL, SINDACO DI SEREN DEL GRAPPA<\/strong><\/p>\n<audio class=\"wp-audio-shortcode\" id=\"audio-316946-4\" preload=\"none\" style=\"width: 100%;\" controls=\"controls\"><source type=\"audio\/mpeg\" src=\"https:\/\/www.radiopiu.net\/wordpress\/wp-content\/uploads\/2023\/01\/SCOPEL-DIRETTIVA-EUROPEA.mp3?_=4\" \/><a href=\"https:\/\/www.radiopiu.net\/wordpress\/wp-content\/uploads\/2023\/01\/SCOPEL-DIRETTIVA-EUROPEA.mp3\">https:\/\/www.radiopiu.net\/wordpress\/wp-content\/uploads\/2023\/01\/SCOPEL-DIRETTIVA-EUROPEA.mp3<\/a><\/audio>\n<p>&nbsp;<\/p>\n<hr \/>\n<p>&nbsp;<\/p>\n<blockquote>\n<h3>COVID IN PROVINCIA: CALA L&#8217;INCIDENZA SETTIMANALE, 278 PERSONE ATTUALMENTE POSITIVE. QUATTRO DECESSI IN SETTE GIORNI<\/h3>\n<\/blockquote>\n<p><strong>BELLUNO<\/strong> Aggiornamento settimanale sull&#8217;andamento epidemiologico Covid-19 in provincia di Belluno a cura dell&#8217;Ulss 1 Dolomiti. Le persone attualmente positive sono 278. L\u2019incidenza settimanale \u00e8 scesa al di sotto dei 200 casi su 100 mila abitanti, raggiungendo il valore pi\u00f9 basso da gennaio 2022 ad oggi. Essa rimane, tuttavia, ancora superiore alla soglia epidemica di 50 casi su 100 mila abitanti. Nella settimana qui analizzata i nuovi casi si collocano, come di consueto, prevalentemente nella fascia d&#8217;et\u00e0 centrale 45-65 anni. Sono stati eseguiti dai team dell\u2019Ulss Dolomiti 5.040 tamponi (di cui 1.663 molecolari e 3.377 antigenici). A questi si aggiungono 691 tamponi antigenici eseguiti dalle Farmacie del territorio, 44 tamponi eseguiti dai Pediatri di Libera scelta e 94 tamponi eseguiti dai Medici di Medicina Generale. In media, ogni giorno vengono eseguiti circa 420 tamponi ogni 100 mila abitanti. Sono stati somministrati 2 trattamenti con anticorpi monoclonali dall\u2019Unit\u00e0 Operativa di Malattie Infettive di Belluno, per un totale di 543 dosi complessive; sono stati prescritti 4 trattamenti con farmaco antivirale orale per un totale di 572 trattamenti complessivi. Negli ospedali bellunesi sono ricoverate 38 persone in area non critica (di cui 10 non covid), una in terapia intensiva e 8 negli ospedali di comunit\u00e0. Quattro decessi covid negli ultimi 7 giorni. Un uomo di 80 anni, una donna di 86 anni, una donna di 82 anni e un uomo di 81 anni.<\/p>\n\n\t\t\t<style type='text\/css'>\n\t\t\t\t#gallery-5 {\n\t\t\t\t\tmargin: auto;\n\t\t\t\t}\n\t\t\t\t#gallery-5 .gallery-item {\n\t\t\t\t\tfloat: left;\n\t\t\t\t\tmargin-top: 10px;\n\t\t\t\t\ttext-align: center;\n\t\t\t\t\twidth: 33%;\n\t\t\t\t}\n\t\t\t\t#gallery-5 img {\n\t\t\t\t\tborder: 2px solid #cfcfcf;\n\t\t\t\t}\n\t\t\t\t#gallery-5 .gallery-caption {\n\t\t\t\t\tmargin-left: 0;\n\t\t\t\t}\n\t\t\t\t\/* see gallery_shortcode() in wp-includes\/media.php *\/\n\t\t\t<\/style>\n\t\t<div id='gallery-5' class='dt-gallery-container gallery galleryid-316946 gallery-columns-3 gallery-size-medium'><dl class='gallery-item'>\n\t\t\t\t<dt class='gallery-icon landscape'>\n\t\t\t\t\t<a class=\"rollover rollover-zoom dt-pswp-item\" title=\"cb81dbc5-6e38-4e9e-b838-55cd52295993\" data-dt-img-description=\"\" data-large_image_width=\"1716\" data-large_image_height=\"920\"href='https:\/\/www.radiopiu.net\/wordpress\/wp-content\/uploads\/2023\/01\/cb81dbc5-6e38-4e9e-b838-55cd52295993.jpg'><img loading=\"lazy\" decoding=\"async\" width=\"300\" height=\"161\" src=\"https:\/\/www.radiopiu.net\/wordpress\/wp-content\/uploads\/2023\/01\/cb81dbc5-6e38-4e9e-b838-55cd52295993-300x161.jpg\" class=\"attachment-medium size-medium\" alt=\"\" srcset=\"https:\/\/www.radiopiu.net\/wordpress\/wp-content\/uploads\/2023\/01\/cb81dbc5-6e38-4e9e-b838-55cd52295993-300x161.jpg 300w, https:\/\/www.radiopiu.net\/wordpress\/wp-content\/uploads\/2023\/01\/cb81dbc5-6e38-4e9e-b838-55cd52295993-1024x549.jpg 1024w, https:\/\/www.radiopiu.net\/wordpress\/wp-content\/uploads\/2023\/01\/cb81dbc5-6e38-4e9e-b838-55cd52295993-768x412.jpg 768w, https:\/\/www.radiopiu.net\/wordpress\/wp-content\/uploads\/2023\/01\/cb81dbc5-6e38-4e9e-b838-55cd52295993-1536x823.jpg 1536w, https:\/\/www.radiopiu.net\/wordpress\/wp-content\/uploads\/2023\/01\/cb81dbc5-6e38-4e9e-b838-55cd52295993.jpg 1716w\" sizes=\"auto, (max-width: 300px) 100vw, 300px\" \/><\/a>\n\t\t\t\t<\/dt><\/dl><dl class='gallery-item'>\n\t\t\t\t<dt class='gallery-icon landscape'>\n\t\t\t\t\t<a class=\"rollover rollover-zoom dt-pswp-item\" title=\"0114b43b-f602-446a-9d4d-1f218a016913\" data-dt-img-description=\"\" data-large_image_width=\"1649\" data-large_image_height=\"1037\"href='https:\/\/www.radiopiu.net\/wordpress\/wp-content\/uploads\/2023\/01\/0114b43b-f602-446a-9d4d-1f218a016913.jpg'><img loading=\"lazy\" decoding=\"async\" width=\"300\" height=\"189\" src=\"https:\/\/www.radiopiu.net\/wordpress\/wp-content\/uploads\/2023\/01\/0114b43b-f602-446a-9d4d-1f218a016913-300x189.jpg\" class=\"attachment-medium size-medium\" alt=\"\" srcset=\"https:\/\/www.radiopiu.net\/wordpress\/wp-content\/uploads\/2023\/01\/0114b43b-f602-446a-9d4d-1f218a016913-300x189.jpg 300w, https:\/\/www.radiopiu.net\/wordpress\/wp-content\/uploads\/2023\/01\/0114b43b-f602-446a-9d4d-1f218a016913-1024x644.jpg 1024w, https:\/\/www.radiopiu.net\/wordpress\/wp-content\/uploads\/2023\/01\/0114b43b-f602-446a-9d4d-1f218a016913-768x483.jpg 768w, https:\/\/www.radiopiu.net\/wordpress\/wp-content\/uploads\/2023\/01\/0114b43b-f602-446a-9d4d-1f218a016913-1536x966.jpg 1536w, https:\/\/www.radiopiu.net\/wordpress\/wp-content\/uploads\/2023\/01\/0114b43b-f602-446a-9d4d-1f218a016913.jpg 1649w\" sizes=\"auto, (max-width: 300px) 100vw, 300px\" \/><\/a>\n\t\t\t\t<\/dt><\/dl><dl class='gallery-item'>\n\t\t\t\t<dt class='gallery-icon portrait'>\n\t\t\t\t\t<a class=\"rollover rollover-zoom dt-pswp-item\" title=\"47135898-ff3d-411c-9fde-db5528d6fc6e\" data-dt-img-description=\"\" data-large_image_width=\"963\" data-large_image_height=\"1057\"href='https:\/\/www.radiopiu.net\/wordpress\/wp-content\/uploads\/2023\/01\/47135898-ff3d-411c-9fde-db5528d6fc6e.jpg'><img loading=\"lazy\" decoding=\"async\" width=\"273\" height=\"300\" src=\"https:\/\/www.radiopiu.net\/wordpress\/wp-content\/uploads\/2023\/01\/47135898-ff3d-411c-9fde-db5528d6fc6e-273x300.jpg\" class=\"attachment-medium size-medium\" alt=\"\" srcset=\"https:\/\/www.radiopiu.net\/wordpress\/wp-content\/uploads\/2023\/01\/47135898-ff3d-411c-9fde-db5528d6fc6e-273x300.jpg 273w, https:\/\/www.radiopiu.net\/wordpress\/wp-content\/uploads\/2023\/01\/47135898-ff3d-411c-9fde-db5528d6fc6e-933x1024.jpg 933w, https:\/\/www.radiopiu.net\/wordpress\/wp-content\/uploads\/2023\/01\/47135898-ff3d-411c-9fde-db5528d6fc6e-768x843.jpg 768w, https:\/\/www.radiopiu.net\/wordpress\/wp-content\/uploads\/2023\/01\/47135898-ff3d-411c-9fde-db5528d6fc6e.jpg 963w\" sizes=\"auto, (max-width: 273px) 100vw, 273px\" \/><\/a>\n\t\t\t\t<\/dt><\/dl><br style=\"clear: both\" \/>\n\t\t\t<\/div>\n\n<p>&nbsp;<\/p>\n<hr \/>\n<p>&nbsp;<\/p>\n<p><strong>DI TIZIANO DE COL<\/strong><\/p>\n\n\t\t\t<style type='text\/css'>\n\t\t\t\t#gallery-6 {\n\t\t\t\t\tmargin: auto;\n\t\t\t\t}\n\t\t\t\t#gallery-6 .gallery-item {\n\t\t\t\t\tfloat: left;\n\t\t\t\t\tmargin-top: 10px;\n\t\t\t\t\ttext-align: center;\n\t\t\t\t\twidth: 20%;\n\t\t\t\t}\n\t\t\t\t#gallery-6 img {\n\t\t\t\t\tborder: 2px solid #cfcfcf;\n\t\t\t\t}\n\t\t\t\t#gallery-6 .gallery-caption {\n\t\t\t\t\tmargin-left: 0;\n\t\t\t\t}\n\t\t\t\t\/* see gallery_shortcode() in wp-includes\/media.php *\/\n\t\t\t<\/style>\n\t\t<div id='gallery-6' class='dt-gallery-container gallery galleryid-316946 gallery-columns-5 gallery-size-medium'><dl class='gallery-item'>\n\t\t\t\t<dt class='gallery-icon landscape'>\n\t\t\t\t\t<a class=\"rollover rollover-zoom dt-pswp-item\" title=\"089e5071-34e0-4b8a-abba-a9c1a53909af\" data-dt-img-description=\"\" data-large_image_width=\"594\" data-large_image_height=\"359\"href='https:\/\/www.radiopiu.net\/wordpress\/wp-content\/uploads\/2023\/01\/089e5071-34e0-4b8a-abba-a9c1a53909af.jpg'><img loading=\"lazy\" decoding=\"async\" width=\"300\" height=\"181\" src=\"https:\/\/www.radiopiu.net\/wordpress\/wp-content\/uploads\/2023\/01\/089e5071-34e0-4b8a-abba-a9c1a53909af-300x181.jpg\" class=\"attachment-medium size-medium\" alt=\"\" srcset=\"https:\/\/www.radiopiu.net\/wordpress\/wp-content\/uploads\/2023\/01\/089e5071-34e0-4b8a-abba-a9c1a53909af-300x181.jpg 300w, https:\/\/www.radiopiu.net\/wordpress\/wp-content\/uploads\/2023\/01\/089e5071-34e0-4b8a-abba-a9c1a53909af.jpg 594w\" sizes=\"auto, (max-width: 300px) 100vw, 300px\" \/><\/a>\n\t\t\t\t<\/dt><\/dl><dl class='gallery-item'>\n\t\t\t\t<dt class='gallery-icon landscape'>\n\t\t\t\t\t<a class=\"rollover rollover-zoom dt-pswp-item\" title=\"63de5cef-1b86-433a-89f6-e465815d3f04\" data-dt-img-description=\"\" data-large_image_width=\"608\" data-large_image_height=\"358\"href='https:\/\/www.radiopiu.net\/wordpress\/wp-content\/uploads\/2023\/01\/63de5cef-1b86-433a-89f6-e465815d3f04.jpg'><img loading=\"lazy\" decoding=\"async\" width=\"300\" height=\"177\" src=\"https:\/\/www.radiopiu.net\/wordpress\/wp-content\/uploads\/2023\/01\/63de5cef-1b86-433a-89f6-e465815d3f04-300x177.jpg\" class=\"attachment-medium size-medium\" alt=\"\" srcset=\"https:\/\/www.radiopiu.net\/wordpress\/wp-content\/uploads\/2023\/01\/63de5cef-1b86-433a-89f6-e465815d3f04-300x177.jpg 300w, https:\/\/www.radiopiu.net\/wordpress\/wp-content\/uploads\/2023\/01\/63de5cef-1b86-433a-89f6-e465815d3f04.jpg 608w\" sizes=\"auto, (max-width: 300px) 100vw, 300px\" \/><\/a>\n\t\t\t\t<\/dt><\/dl><dl class='gallery-item'>\n\t\t\t\t<dt class='gallery-icon landscape'>\n\t\t\t\t\t<a class=\"rollover rollover-zoom dt-pswp-item\" title=\"50de5a17-37b3-403d-8f6c-99a70e320c59\" data-dt-img-description=\"\" data-large_image_width=\"610\" data-large_image_height=\"360\"href='https:\/\/www.radiopiu.net\/wordpress\/wp-content\/uploads\/2023\/01\/50de5a17-37b3-403d-8f6c-99a70e320c59.jpg'><img loading=\"lazy\" decoding=\"async\" width=\"300\" height=\"177\" src=\"https:\/\/www.radiopiu.net\/wordpress\/wp-content\/uploads\/2023\/01\/50de5a17-37b3-403d-8f6c-99a70e320c59-300x177.jpg\" class=\"attachment-medium size-medium\" alt=\"\" srcset=\"https:\/\/www.radiopiu.net\/wordpress\/wp-content\/uploads\/2023\/01\/50de5a17-37b3-403d-8f6c-99a70e320c59-300x177.jpg 300w, https:\/\/www.radiopiu.net\/wordpress\/wp-content\/uploads\/2023\/01\/50de5a17-37b3-403d-8f6c-99a70e320c59.jpg 610w\" sizes=\"auto, (max-width: 300px) 100vw, 300px\" \/><\/a>\n\t\t\t\t<\/dt><\/dl><dl class='gallery-item'>\n\t\t\t\t<dt class='gallery-icon landscape'>\n\t\t\t\t\t<a class=\"rollover rollover-zoom dt-pswp-item\" title=\"1700bafd-ba83-494e-9cb1-05f904492803\" data-dt-img-description=\"\" data-large_image_width=\"606\" data-large_image_height=\"355\"href='https:\/\/www.radiopiu.net\/wordpress\/wp-content\/uploads\/2023\/01\/1700bafd-ba83-494e-9cb1-05f904492803.jpg'><img loading=\"lazy\" decoding=\"async\" width=\"300\" height=\"176\" src=\"https:\/\/www.radiopiu.net\/wordpress\/wp-content\/uploads\/2023\/01\/1700bafd-ba83-494e-9cb1-05f904492803-300x176.jpg\" class=\"attachment-medium size-medium\" alt=\"\" srcset=\"https:\/\/www.radiopiu.net\/wordpress\/wp-content\/uploads\/2023\/01\/1700bafd-ba83-494e-9cb1-05f904492803-300x176.jpg 300w, https:\/\/www.radiopiu.net\/wordpress\/wp-content\/uploads\/2023\/01\/1700bafd-ba83-494e-9cb1-05f904492803.jpg 606w\" sizes=\"auto, (max-width: 300px) 100vw, 300px\" \/><\/a>\n\t\t\t\t<\/dt><\/dl><dl class='gallery-item'>\n\t\t\t\t<dt class='gallery-icon landscape'>\n\t\t\t\t\t<a class=\"rollover rollover-zoom dt-pswp-item\" title=\"d463bed2-c5ba-40fe-8df2-2c84a8013f16\" data-dt-img-description=\"\" data-large_image_width=\"598\" data-large_image_height=\"342\"href='https:\/\/www.radiopiu.net\/wordpress\/wp-content\/uploads\/2023\/01\/d463bed2-c5ba-40fe-8df2-2c84a8013f16.jpg'><img loading=\"lazy\" decoding=\"async\" width=\"300\" height=\"172\" src=\"https:\/\/www.radiopiu.net\/wordpress\/wp-content\/uploads\/2023\/01\/d463bed2-c5ba-40fe-8df2-2c84a8013f16-300x172.jpg\" class=\"attachment-medium size-medium\" alt=\"\" srcset=\"https:\/\/www.radiopiu.net\/wordpress\/wp-content\/uploads\/2023\/01\/d463bed2-c5ba-40fe-8df2-2c84a8013f16-300x172.jpg 300w, https:\/\/www.radiopiu.net\/wordpress\/wp-content\/uploads\/2023\/01\/d463bed2-c5ba-40fe-8df2-2c84a8013f16.jpg 598w\" sizes=\"auto, (max-width: 300px) 100vw, 300px\" \/><\/a>\n\t\t\t\t<\/dt><\/dl><br style=\"clear: both\" \/>\n\t\t\t<\/div>\n\n<p>&nbsp;<\/p>\n<hr \/>\n<p>&nbsp;<\/p>\n<blockquote>\n<h3>PULIZIA STRAORDINARIA DEI PORTICI IN CENTRO A BELLUNO<\/h3>\n<\/blockquote>\n<p><strong><a class=\"dt-pswp-item\" href=\"https:\/\/www.radiopiu.net\/wordpress\/wp-content\/uploads\/2023\/01\/image_50371329-scaled.jpg\" data-dt-img-description=\"\" data-large_image_width=\"2560\" data-large_image_height=\"1920\"><img loading=\"lazy\" decoding=\"async\" class=\" wp-image-317032 alignleft\" src=\"https:\/\/www.radiopiu.net\/wordpress\/wp-content\/uploads\/2023\/01\/image_50371329-300x225.jpg\" alt=\"\" width=\"149\" height=\"112\" srcset=\"https:\/\/www.radiopiu.net\/wordpress\/wp-content\/uploads\/2023\/01\/image_50371329-300x225.jpg 300w, https:\/\/www.radiopiu.net\/wordpress\/wp-content\/uploads\/2023\/01\/image_50371329-1024x768.jpg 1024w, https:\/\/www.radiopiu.net\/wordpress\/wp-content\/uploads\/2023\/01\/image_50371329-768x576.jpg 768w, https:\/\/www.radiopiu.net\/wordpress\/wp-content\/uploads\/2023\/01\/image_50371329-1536x1152.jpg 1536w, https:\/\/www.radiopiu.net\/wordpress\/wp-content\/uploads\/2023\/01\/image_50371329-2048x1536.jpg 2048w\" sizes=\"auto, (max-width: 149px) 100vw, 149px\" \/><\/a>BELLUNO <\/strong>Pulizia straordinaria sotto i portici del centro storico. Le operazioni si terranno il 19 e il 20 gennaio e coinvolgeranno la parte alta di colonne e muri, dove gli operatori incaricati da Bellunum effettueranno una deragnatura, primo step per le grandi pulizie previste a primavera. \u201cErano anni che non si interveniva in modo cos\u00ec completo sotto i nostri portici \u2013 commenta il sindaco, Oscar De Pellegrin -; l\u2019ordine, la pulizia e il decoro devono essere i primi biglietti da visita per la nostra citt\u00e0. In estate abbiamo lavato a fondo il ponte degli alpini, ora ci concentriamo nel cuore storico e poi ci allargheremo alle frazioni\u201d. Le operazioni si concentreranno in quattro ore, dalle 5.30 alle 7.30 delle due giornate stabilite, per non creare disagi e non intralciare il lavoro dei commercianti del centro. Il restyling dei portici sar\u00e0 diviso in due parti: una prima prevista in settimana e finalizzata a rimuovere ragnatele, guano e sporcizia dai muri e una seconda a primavera quando le temperature consentiranno di utilizzare l\u2019acqua sulla pavimentazione senza rischi per i pedoni.<\/p>\n<p><strong>di Daniele Dalvit<\/strong><\/p>\n<audio class=\"wp-audio-shortcode\" id=\"audio-316946-5\" preload=\"none\" style=\"width: 100%;\" controls=\"controls\"><source type=\"audio\/mpeg\" src=\"https:\/\/www.radiopiu.net\/wordpress\/wp-content\/uploads\/2023\/01\/DALVIT-PORTICI-PULITI.mp3?_=5\" \/><a href=\"https:\/\/www.radiopiu.net\/wordpress\/wp-content\/uploads\/2023\/01\/DALVIT-PORTICI-PULITI.mp3\">https:\/\/www.radiopiu.net\/wordpress\/wp-content\/uploads\/2023\/01\/DALVIT-PORTICI-PULITI.mp3<\/a><\/audio>\n<p>&nbsp;<\/p>\n<hr \/>\n<p>&nbsp;<\/p>\n<blockquote>\n<h3>LAVORO, WELFARE E SERVIZI SOCIALI: VENERD\u00cc 20 GENNAIO A FELTRE L&#8217;INCONTRO CON ALCUNI QUALIFICATI ESPERTI DEL SETTORE<\/h3>\n<\/blockquote>\n<p><strong><a class=\"dt-pswp-item\" href=\"https:\/\/www.radiopiu.net\/wordpress\/wp-content\/uploads\/2019\/03\/museodiocesano_feltre_tesori.jpg\" data-dt-img-description=\"\" data-large_image_width=\"790\" data-large_image_height=\"560\"><img loading=\"lazy\" decoding=\"async\" class=\" wp-image-80830 alignleft\" src=\"https:\/\/www.radiopiu.net\/wordpress\/wp-content\/uploads\/2019\/03\/museodiocesano_feltre_tesori-300x213.jpg\" alt=\"\" width=\"161\" height=\"114\" srcset=\"https:\/\/www.radiopiu.net\/wordpress\/wp-content\/uploads\/2019\/03\/museodiocesano_feltre_tesori-300x213.jpg 300w, https:\/\/www.radiopiu.net\/wordpress\/wp-content\/uploads\/2019\/03\/museodiocesano_feltre_tesori-768x544.jpg 768w, https:\/\/www.radiopiu.net\/wordpress\/wp-content\/uploads\/2019\/03\/museodiocesano_feltre_tesori.jpg 790w\" sizes=\"auto, (max-width: 161px) 100vw, 161px\" \/><\/a>FELTRE <\/strong>Si intitola \u201clavoro, welfare e servizi sociali: sfide ed opportunit\u00e0\u201d, l&#8217;incontro promosso dal Comune di Feltre e dall&#8217;Azienda Feltrina per i Servizi alla Persona in programma venerd\u00ec 20 gennaio dalle 09.30 alle 12.30 presso il Museo diocesano di Arte Sacra, a cui sono stati invitati i rappresentanti di tutti i principali attori del settore. Interverranno Mattia Losego, dirigente dell&#8217;Unit\u00e0 di Crisi e servizi alle imprese di Veneto Lavoro, Giuseppe Venier, Vicepresidente di ASSOLAVORO, Michele Dal Farra di Metal\u00f2gos e Raffaella Bordin, dirigente dell&#8217;unit\u00e0 organizzativa territoriale di Treviso e Belluno di Veneto Lavoro. <em>\u201cL&#8217;obiettivo dell&#8217;incontro, sottolinea l&#8217;assessore alle Politiche Sociali del Comune di Feltre Maurizio Zatta, \u00e8 quello di creare un momento di confronto che parta dall&#8217;analisi dello stato attuale delle cose, con una fotografia qualitativa\u00a0 e quantitativa dei livelli occupazionali nel nostro territorio, per provare poi a disegnare possibili scenari di collaborazione e intervento. Le politiche del lavoro fanno parte a pieno titolo delle politiche sociali che questa Amministrazione intende mettere in campo con la finalit\u00e0 di garantire a tutti, per quanto possibile, un&#8217;occupazione,\u00a0 in particolar modo a quei nostri concittadini che appartengono alle fasce pi\u00f9 deboli o a rischio di esclusione dal mondo del lavoro. Si tratta di una prima occasione di dialogo a cui ne faremo seguire certamente delle altre, conclude Zatta, per cercare di attivare tutti gli strumenti utili allo scopo<\/em>\u201d.<\/p>\n<p>&nbsp;<\/p>\n<p>&nbsp;<\/p>\n<hr \/>\n<p>&nbsp;<\/p>\n<blockquote>\n<h3><strong>\u201cIL FUTURO DEL DIRITTO DEL LAVORO\u201d <\/strong><strong>FOCUS SU TECNOLOGIA E SANITA&#8217;<\/strong><\/h3>\n<\/blockquote>\n<p><strong><a class=\"dt-pswp-item\" href=\"https:\/\/www.radiopiu.net\/wordpress\/wp-content\/uploads\/2023\/01\/Innocenzo-Megali-scaled.jpg\" data-dt-img-description=\"\" data-large_image_width=\"2560\" data-large_image_height=\"1707\"><img loading=\"lazy\" decoding=\"async\" class=\" wp-image-317009 alignleft\" src=\"https:\/\/www.radiopiu.net\/wordpress\/wp-content\/uploads\/2023\/01\/Innocenzo-Megali-300x200.jpg\" alt=\"\" width=\"170\" height=\"113\" srcset=\"https:\/\/www.radiopiu.net\/wordpress\/wp-content\/uploads\/2023\/01\/Innocenzo-Megali-300x200.jpg 300w, https:\/\/www.radiopiu.net\/wordpress\/wp-content\/uploads\/2023\/01\/Innocenzo-Megali-1024x683.jpg 1024w, https:\/\/www.radiopiu.net\/wordpress\/wp-content\/uploads\/2023\/01\/Innocenzo-Megali-768x512.jpg 768w, https:\/\/www.radiopiu.net\/wordpress\/wp-content\/uploads\/2023\/01\/Innocenzo-Megali-1536x1024.jpg 1536w, https:\/\/www.radiopiu.net\/wordpress\/wp-content\/uploads\/2023\/01\/Innocenzo-Megali-2048x1365.jpg 2048w\" sizes=\"auto, (max-width: 170px) 100vw, 170px\" \/><\/a>BELLUNO <\/strong>\u201cIl futuro del diritto del lavoro: un&#8217;analisi comparatistica\u201d: questo il titolo del convegno organizzato dal Comitato Unitario Permanente degli Ordini e Collegi Professionali della Provincia di Belluno con l&#8217;Ordine dei Consulenti del Lavoro di Treviso per gioved\u00ec a Palazzo Bembo, con inizio alle 15. Tanti i temi che saranno affrontati nel corso dell&#8217;incontro, da quelli del lavoro alle discriminazioni, dall&#8217;innovazione tecnologica ai suoi riflessi sulla gestione delle risorse umane e sulla sanit\u00e0, fino alla conciliazione famiglia-lavoro e la protezione dei dati personali. L&#8217;incontro sar\u00e0 anche l&#8217;occasione per presentare il volume \u201cDiritto del lavoro e techno-business law\u201d realizzato dal professore Pierre de Gioia Carabellese (avvocato, consulente per istituti bancari e docente internazionale in universit\u00e0 australiane, inglesi e italiane) e da Camilla Della Giustina (dottoressa in Giurisprudenza e dottoranda di ricerca all&#8217;Universit\u00e0 statale \u201cVanvitelli\u201d). \u00ab<em>Sar\u00e0 certamente un&#8217;occasione importante di approfondimento su temi che toccano i professionisti e i cittadini. &#8211; spiega il presidente del CUP di Belluno, l&#8217;avvocato Innocenzo Megali \u2013 La tecnologia negli ultimi decenni ha modificato significativamente il mondo del lavoro, ma la recente epidemia ha provocato una vera rivoluzione, sia dal punto di vista dell&#8217;innovazione che da quello delle modalit\u00e0 di lavoro: pensiamo ad esempio all&#8217;introduzione e incentivazione dello smart working e alle possibilit\u00e0 di operare in remoto, tanto in ambito sanitario che in quello impiegatizio, con ricadute sul piano della sicurezza, della gestione familiare, della sostenibilit\u00e0, della privacy e dei diritti, tanto per fare alcuni esempi<\/em>\u00bb.<\/p>\n<p>&nbsp;<\/p>\n<p>&nbsp;<\/p>\n<hr \/>\n<p>&nbsp;<\/p>\n<blockquote>\n<h3>L&#8217;UFFICIO POSTALE DI CADOLA FA DISCUTERE<\/h3>\n<\/blockquote>\n<p><strong>PONTE NELLE ALPI<\/strong>\u00a0 \u201cL\u2019ufficio postale di Cadola \u00e8 un risultato di cittadini e Lega, il sindaco Vendramini ha la memoria corta\u201d. Sono le parole del consigliere di minoranza e segretario della sezione di Ponte nelle Alpi della Lega Paolo De Vettor, in risposta alle dichiarazioni rilasciate nei giorni scorsi alla stampa dal primo cittadino di Ponte in merito ai nuovi orari della posta di Cadola, che torna all\u2019apertura pre Covid.\u00a0 Nessun merito all\u2019amministrazione, per questo risultato, De Vettor \u00e8 categorico quando, con il collega consigliere Angelo Levis, torna con la memoria al passato travagliato dell\u2019ufficio postale.<\/p>\n<p><strong>ANGELO LEVIS, CONSIGLIERE DELLA LEGA A PONTE NELLE ALPI<\/strong><\/p>\n<audio class=\"wp-audio-shortcode\" id=\"audio-316946-6\" preload=\"none\" style=\"width: 100%;\" controls=\"controls\"><source type=\"audio\/mpeg\" src=\"https:\/\/www.radiopiu.net\/wordpress\/wp-content\/uploads\/2023\/01\/Consigliere-Levis.mp3?_=6\" \/><a href=\"https:\/\/www.radiopiu.net\/wordpress\/wp-content\/uploads\/2023\/01\/Consigliere-Levis.mp3\">https:\/\/www.radiopiu.net\/wordpress\/wp-content\/uploads\/2023\/01\/Consigliere-Levis.mp3<\/a><\/audio>\n<p>&nbsp;<\/p>\n<hr \/>\n<p>&nbsp;<\/p>\n<blockquote>\n<h3>OGGI LA GIORNATA NAZIONALE DEL DIALETTO<\/h3>\n<\/blockquote>\n<p><strong>VENEZIA <\/strong>\u201cPer i veneti il dialetto non \u00e8 solo una lingua ma \u00e8 una parte fondamentale del vivere quotidiano, della nostra storia e delle nostre tradizioni. In veneto sette persone su dieci parlano veneto, un dato che non pu\u00f2 essere interpretato come mera statistica ma che rappresenta invece un sentimento ed un attaccamento verso la lingua madre, quella che viene dal cuore. Quella che riflette il modo stesso di pensare e di vedere il mondo. Ecco perch\u00e9 l\u2019affermazione e la tutela della nostra identit\u00e0 non possono prescindere dalla difesa e dalla valorizzazione della nostra lingua\u201d. Lo afferma il Presidente della Regione Veneto Luca Zaia alla vigilia della \u201cGiornata nazionale del dialetto e delle lingue locali\u201d, che ricorre oggi. La lingua veneta \u00e8 una lingua europea originata nella Venetia storica e parlata da 8 milioni di persone<\/p>\n<p>&nbsp;<\/p>\n<p>&nbsp;<\/p>\n<hr \/>\n<p>&nbsp;<\/p>\n<blockquote>\n<h3>LOTTERIA DI SAN MARCELLO: I BIGLIETTI VINCENTI<\/h3>\n<\/blockquote>\n<a href=\"https:\/\/www.radiopiu.net\/wordpress\/wp-content\/uploads\/2023\/01\/Premi-Lotteria-2023-con-numeri.pdf\" class=\"pdfemb-viewer\" style=\"\" data-width=\"max\" data-height=\"max\" data-toolbar=\"top\" data-toolbar-fixed=\"on\">Premi Lotteria 2023 con numeri<\/a>\n<p>&nbsp;<\/p>\n<hr \/>\n<p>&nbsp;<\/p>\n<blockquote>\n<h3>IN OCCASIONE DELLA GIORNATA DELLA MEMORIA UNO SPETTACOLO A CANALE D&#8217;AGORDO<\/h3>\n<\/blockquote>\n<p><strong><a class=\"dt-pswp-item\" href=\"https:\/\/www.radiopiu.net\/wordpress\/wp-content\/uploads\/2020\/06\/CANALE-DAGORDO-8.jpg\" data-dt-img-description=\"\" data-large_image_width=\"960\" data-large_image_height=\"720\"><img loading=\"lazy\" decoding=\"async\" class=\" wp-image-142137 alignleft\" src=\"https:\/\/www.radiopiu.net\/wordpress\/wp-content\/uploads\/2020\/06\/CANALE-DAGORDO-8-300x225.jpg\" alt=\"\" width=\"167\" height=\"125\" srcset=\"https:\/\/www.radiopiu.net\/wordpress\/wp-content\/uploads\/2020\/06\/CANALE-DAGORDO-8-300x225.jpg 300w, https:\/\/www.radiopiu.net\/wordpress\/wp-content\/uploads\/2020\/06\/CANALE-DAGORDO-8-768x576.jpg 768w, https:\/\/www.radiopiu.net\/wordpress\/wp-content\/uploads\/2020\/06\/CANALE-DAGORDO-8.jpg 960w\" sizes=\"auto, (max-width: 167px) 100vw, 167px\" \/><\/a>CANALE D&#8217;AGORDO<\/strong><\/p>\n<p>di Gianni Santomaso<\/p>\n<audio class=\"wp-audio-shortcode\" id=\"audio-316946-7\" preload=\"none\" style=\"width: 100%;\" controls=\"controls\"><source type=\"audio\/mpeg\" src=\"https:\/\/www.radiopiu.net\/wordpress\/wp-content\/uploads\/2023\/01\/GIANNI-GIORNATA-MEMORIA-CANALE.mp3?_=7\" \/><a href=\"https:\/\/www.radiopiu.net\/wordpress\/wp-content\/uploads\/2023\/01\/GIANNI-GIORNATA-MEMORIA-CANALE.mp3\">https:\/\/www.radiopiu.net\/wordpress\/wp-content\/uploads\/2023\/01\/GIANNI-GIORNATA-MEMORIA-CANALE.mp3<\/a><\/audio>\n<p>&nbsp;<\/p>\n<hr \/>\n<p>&nbsp;<\/p>\n<blockquote>\n<h3>AKTION T4, LA MOSTRA SULL&#8217;ECCIDIO DEI DISABILI A BORGO VALBELLUNA<\/h3>\n<\/blockquote>\n<p><strong><a class=\"dt-pswp-item\" href=\"https:\/\/www.radiopiu.net\/wordpress\/wp-content\/uploads\/2023\/01\/a61e6e80-3c51-4e70-9145-0e7495366a4d.jpg\" data-dt-img-description=\"\" data-large_image_width=\"1131\" data-large_image_height=\"1600\"><img loading=\"lazy\" decoding=\"async\" class=\" wp-image-317112 alignleft\" src=\"https:\/\/www.radiopiu.net\/wordpress\/wp-content\/uploads\/2023\/01\/a61e6e80-3c51-4e70-9145-0e7495366a4d-212x300.jpg\" alt=\"\" width=\"115\" height=\"163\" srcset=\"https:\/\/www.radiopiu.net\/wordpress\/wp-content\/uploads\/2023\/01\/a61e6e80-3c51-4e70-9145-0e7495366a4d-212x300.jpg 212w, https:\/\/www.radiopiu.net\/wordpress\/wp-content\/uploads\/2023\/01\/a61e6e80-3c51-4e70-9145-0e7495366a4d-724x1024.jpg 724w, https:\/\/www.radiopiu.net\/wordpress\/wp-content\/uploads\/2023\/01\/a61e6e80-3c51-4e70-9145-0e7495366a4d-768x1086.jpg 768w, https:\/\/www.radiopiu.net\/wordpress\/wp-content\/uploads\/2023\/01\/a61e6e80-3c51-4e70-9145-0e7495366a4d-1086x1536.jpg 1086w, https:\/\/www.radiopiu.net\/wordpress\/wp-content\/uploads\/2023\/01\/a61e6e80-3c51-4e70-9145-0e7495366a4d.jpg 1131w\" sizes=\"auto, (max-width: 115px) 100vw, 115px\" \/><\/a>BORGO VALBELLUNA<\/strong><\/p>\n<p>di Roberto Bona<\/p>\n<audio class=\"wp-audio-shortcode\" id=\"audio-316946-8\" preload=\"none\" style=\"width: 100%;\" controls=\"controls\"><source type=\"audio\/mpeg\" src=\"https:\/\/www.radiopiu.net\/wordpress\/wp-content\/uploads\/2023\/01\/BONA-AKTION-T4.mp3?_=8\" \/><a href=\"https:\/\/www.radiopiu.net\/wordpress\/wp-content\/uploads\/2023\/01\/BONA-AKTION-T4.mp3\">https:\/\/www.radiopiu.net\/wordpress\/wp-content\/uploads\/2023\/01\/BONA-AKTION-T4.mp3<\/a><\/audio>\n<p>&nbsp;<\/p>\n<hr \/>\n<p>&nbsp;<\/p>\n<p><a class=\"dt-pswp-item\" href=\"https:\/\/www.radiopiu.net\/wordpress\/wp-content\/uploads\/2023\/01\/f357cc9c-828e-4d9b-9ff4-ec3efed24d74.jpg\" data-dt-img-description=\"\" data-large_image_width=\"724\" data-large_image_height=\"1024\"><img loading=\"lazy\" decoding=\"async\" class=\"wp-image-315069 alignleft\" src=\"https:\/\/www.radiopiu.net\/wordpress\/wp-content\/uploads\/2023\/01\/f357cc9c-828e-4d9b-9ff4-ec3efed24d74.jpg\" alt=\"\" width=\"140\" height=\"198\" srcset=\"https:\/\/www.radiopiu.net\/wordpress\/wp-content\/uploads\/2023\/01\/f357cc9c-828e-4d9b-9ff4-ec3efed24d74.jpg 724w, https:\/\/www.radiopiu.net\/wordpress\/wp-content\/uploads\/2023\/01\/f357cc9c-828e-4d9b-9ff4-ec3efed24d74-212x300.jpg 212w\" sizes=\"auto, (max-width: 140px) 100vw, 140px\" \/><\/a><\/p>\n<h1><span style=\"color: #ff00ff;\">AGORDINO IN FERMENTO&#8230;AGORDINO IN MOVIMENTO\u00a0<\/span><\/h1>\n<blockquote><p><span style=\"color: #ff0000;\"><strong>A CARNEVALE&#8230; EL CARNEVAL DE LE VAI&#8230;DA SELVA DI CADORE A CANALE D&#8217;AGORDO, DA RIVAMONTE A LASTE E SOTTOGUDA. TRADIZIONE, CULTURLA E SPETTACOLO\u00a0 L&#8217;INCONTRO ALLA RADIO CON GLI ORGANIZZATORI<\/strong><\/span><\/p><\/blockquote>\n<p>&nbsp;<\/p>\n<p>&nbsp;<\/p>\n<p><iframe loading=\"lazy\" title=\"CARNEVAI DE LE VAI L&#039;INTERVISTA AI PROTAGONISTI\" width=\"1200\" height=\"675\" src=\"https:\/\/www.youtube.com\/embed\/w-vtgGV1TuM?feature=oembed\" frameborder=\"0\" allow=\"accelerometer; autoplay; clipboard-write; encrypted-media; gyroscope; picture-in-picture; web-share\" allowfullscreen><\/iframe><\/p>\n<p>&nbsp;<\/p>\n<hr \/>\n<p>&nbsp;<\/p>\n<h2><strong><a class=\"dt-pswp-item\" href=\"https:\/\/www.radiopiu.net\/wordpress\/wp-content\/uploads\/2020\/07\/Daniele-Galligani.jpg\" data-dt-img-description=\"\" data-large_image_width=\"2048\" data-large_image_height=\"1362\"><img loading=\"lazy\" decoding=\"async\" class=\" wp-image-149501 alignleft\" src=\"https:\/\/www.radiopiu.net\/wordpress\/wp-content\/uploads\/2020\/07\/Daniele-Galligani-300x200.jpg\" alt=\"\" width=\"228\" height=\"152\" srcset=\"https:\/\/www.radiopiu.net\/wordpress\/wp-content\/uploads\/2020\/07\/Daniele-Galligani-300x200.jpg 300w, https:\/\/www.radiopiu.net\/wordpress\/wp-content\/uploads\/2020\/07\/Daniele-Galligani-1024x681.jpg 1024w, https:\/\/www.radiopiu.net\/wordpress\/wp-content\/uploads\/2020\/07\/Daniele-Galligani-768x511.jpg 768w, https:\/\/www.radiopiu.net\/wordpress\/wp-content\/uploads\/2020\/07\/Daniele-Galligani-1536x1022.jpg 1536w, https:\/\/www.radiopiu.net\/wordpress\/wp-content\/uploads\/2020\/07\/Daniele-Galligani.jpg 2048w\" sizes=\"auto, (max-width: 228px) 100vw, 228px\" \/><\/a><\/strong><span style=\"color: #ff6600;\">AD AGORDO PRO LOCO. IL PUNTO CON IL PRESIDENTE DANIELE GALLIGANI<\/span><\/h2>\n<p><strong>di Mirko Mezzacasa<\/strong><\/p>\n<p>OSPITE: Daniele Galligani, presidente di Ad Agordo Pro Loco<\/p>\n<audio class=\"wp-audio-shortcode\" id=\"audio-316946-9\" preload=\"none\" style=\"width: 100%;\" controls=\"controls\"><source type=\"audio\/mpeg\" src=\"https:\/\/www.radiopiu.net\/wordpress\/wp-content\/uploads\/2023\/01\/DANIELE-GALLIGANI-PROLOCO-1.mp3?_=9\" \/><a href=\"https:\/\/www.radiopiu.net\/wordpress\/wp-content\/uploads\/2023\/01\/DANIELE-GALLIGANI-PROLOCO-1.mp3\">https:\/\/www.radiopiu.net\/wordpress\/wp-content\/uploads\/2023\/01\/DANIELE-GALLIGANI-PROLOCO-1.mp3<\/a><\/audio>\n<p>&nbsp;<\/p>\n<p>&nbsp;<\/p>\n<hr \/>\n<p>&nbsp;<\/p>\n<p><strong>IERI ALLA RADIO, SALUTE E SOCIETA&#8217; CON IL DOTTOR MARCO CARACCIOLO\u00a0<\/strong><\/p>\n<p>&nbsp;<\/p>\n<blockquote>\n<h1>Leucemia linfatica cronica<\/h1>\n<\/blockquote>\n<p>&nbsp;<\/p>\n<p><img loading=\"lazy\" decoding=\"async\" class=\"alignleft\" src=\"https:\/\/www.radiopiu.net\/wordpress\/wp-content\/uploads\/2023\/01\/aa18763e-a8d1-df96-29da-a46906117217.jpg\" width=\"226\" height=\"126\" \/>Come si arriva alla diagnosi di leucemia linfatica cronica e quali terapie abbiamo oggi a disposizione per questi pazienti? Ce ne parla il Prof. Antonio Cuneo, Professore di Ematologia dell\u2019Universit\u00e0 di Ferrara e Direttore Unit\u00e0 Operativa di ematologia Azienda ospedaliero Universitaria di Ferrara, in occasione della presentazione della Campagna AIL \u201cLa linea delle emozioni\u2019. Parkinson Si \u00e8 parlato anche di Parkinson a Milano in occasione del 52\u00b0 Congresso nazionale della Societ\u00e0 Italiana di Neurologia. In particolare \u00e8 stato presentato il primo test a livello salivare che consente la diagnosi della patologia.<\/p>\n<audio class=\"wp-audio-shortcode\" id=\"audio-316946-10\" preload=\"none\" style=\"width: 100%;\" controls=\"controls\"><source type=\"audio\/mpeg\" src=\"https:\/\/www.radiopiu.net\/wordpress\/wp-content\/uploads\/2023\/01\/SALUTE-2.mp3?_=10\" \/><a href=\"https:\/\/www.radiopiu.net\/wordpress\/wp-content\/uploads\/2023\/01\/SALUTE-2.mp3\">https:\/\/www.radiopiu.net\/wordpress\/wp-content\/uploads\/2023\/01\/SALUTE-2.mp3<\/a><\/audio>\n<p>&nbsp;<\/p>\n<hr \/>\n<p>&nbsp;<\/p>\n<blockquote>\n<h3>L&#8217;INCONTRO CON PAOLA CARMIGNOLA DI EMERGENCY<\/h3>\n<\/blockquote>\n<p><strong><a class=\"dt-pswp-item\" href=\"https:\/\/www.radiopiu.net\/wordpress\/wp-content\/uploads\/2023\/01\/Paola-Carmignola.jpg\" data-dt-img-description=\"\" data-large_image_width=\"656\" data-large_image_height=\"1024\"><img loading=\"lazy\" decoding=\"async\" class=\" wp-image-316688 alignleft\" src=\"https:\/\/www.radiopiu.net\/wordpress\/wp-content\/uploads\/2023\/01\/Paola-Carmignola-192x300.jpg\" alt=\"\" width=\"99\" height=\"155\" srcset=\"https:\/\/www.radiopiu.net\/wordpress\/wp-content\/uploads\/2023\/01\/Paola-Carmignola-192x300.jpg 192w, https:\/\/www.radiopiu.net\/wordpress\/wp-content\/uploads\/2023\/01\/Paola-Carmignola.jpg 656w\" sizes=\"auto, (max-width: 99px) 100vw, 99px\" \/><\/a>BELLUNO<\/strong> Dopo il riuscito incontro dello scorso 14 dicembre con Nico Piro, giornalista inviato di guerra, prosegue la collaborazione del Coordinamento provinciale Pace e Disarmo con le realta\u0300 associative locali. Anche a seguito delle richieste di informazioni dirette sui conflitti in corso in tutto il mondo pervenute dai partecipanti alla serata, il Coordinamento Pace e Disarmo, il gruppo Emergency di Belluno e la Pro Loco Pieve Castionese hanno organizzato per sabato 21 gennaio l\u2019iniziativa \u201cEMissioni di pace. Incontro con Paola Carmignola, infermiera di Emergency in Afghanistan e Sierra Leone\u201d. Dalle 12.30 di sabato 21 gennaio alla Casa dei Beni Comuni (ex caserma Piave, via Tiziano Vecellio 82\/1) ci si potra\u0300 incontrare in modo conviviale approfondendo temi e questioni insieme all\u2019ospite (per prenotazioni contattare il numero 320 7661251, specificando se vegetariani o no ed eventuali allergie). Successivamente, alle ore 18 al Teatro San Gaetano di Castion, Paola Carmignola portera\u0300 la sua testimonianza diretta di infermiera di Emergency. L\u2019ingresso e\u0300 libero.<\/p>\n<p>&nbsp;<\/p>\n<p>&nbsp;<\/p>\n<hr \/>\n<p>&nbsp;<\/p>\n<blockquote>\n<h3>GIOVEDI&#8217; L&#8217;INAUGURAZIONE DELLA MOSTRA FOTOGRAFICA IN PREFETTURA<\/h3>\n<\/blockquote>\n<p><strong>BELLUNO<\/strong> Gioved\u00ec alle 17:30 in Sala Zanardelli della Prefettura di Belluno si terr\u00e0 l&#8217;inaugurazione della mostra fotografica &#8220;Come le aquile in volo &#8211; Emozioni d&#8217;alta quota&#8221; dedicata alle nostre magnifiche Dolomiti fotografate dall&#8217;aereo. Ruolo centrale sar\u00e0 svolto dal CAI per il quale il Consigliere Nazionale Federico Bressan terr\u00e0 una relazione.<\/p>\n<a href=\"https:\/\/www.radiopiu.net\/wordpress\/wp-content\/uploads\/2023\/01\/Locandina.pdf\" class=\"pdfemb-viewer\" style=\"\" data-width=\"max\" data-height=\"max\" data-toolbar=\"top\" data-toolbar-fixed=\"on\">Locandina<\/a>\n<p>&nbsp;<\/p>\n<hr \/>\n<p>&nbsp;<\/p>\n<blockquote>\n<h3>FRANCESCA LOPRIENO E LE SU FOTOGRAFIE<\/h3>\n<\/blockquote>\n<p><strong>FONZASO<\/strong> Sabato alle 17:30 in Sala Visioni di Dolomiti Hub, l\u2019artista Francesca Loprieno incontrer\u00e0 la comunit\u00e0 fonzasina e presenter\u00e0 la restituzione della sua ricerca fotografica dal titolo \u201cNel paese dei gigli selvatici\u201d. Si tratta di una ricerca condotta dall\u2019artista nel luglio del 2022 nel contesto del progetto \u201cVOCI \u2013 fotografia partecipativa&#8221;<\/p>\n<p>&nbsp;<\/p>\n<p>&nbsp;<\/p>\n<hr \/>\n<p>&nbsp;<\/p>\n<blockquote>\n<h3>OPEN DAY ALLA SCUOLA DELL&#8217;INFANZIA<\/h3>\n<\/blockquote>\n<p><strong>AGORDO<\/strong> Venerdi 20 gennaio dalle 15.30 alle 17.30 sar\u00e0 possibile visitare la scuola dell&#8217;infanzia di Agordo. Info 0437 62261, www.scuolamaternaagordo.it<\/p>\n<p>&nbsp;<\/p>\n<hr \/>\n<blockquote>\n<h3><\/h3>\n<h3>BUZZATI E LIMANA<\/h3>\n<\/blockquote>\n<p><strong>LIMANA<\/strong> Oggi alle 20 in sala Nocivelli (Biblioteca comunale saranno presentate la nuove indagini d&#8217;archivio &#8220;Buzzati e il territorio di Limana&#8221; con Orazio De Toffol e Isabella Pilo<\/p>\n<p>&nbsp;<\/p>\n<p>&nbsp;<\/p>\n<hr \/>\n<p>&nbsp;<\/p>\n<blockquote>\n<h3>LA SECONDA SERATA DEDICATA AI CICLOVIAGGI<\/h3>\n<\/blockquote>\n<p><strong>FELTRE <\/strong>Sabato 21 gennaio, alle ore 20.45 in Sala Bianchi a Belluno, ci sar\u00e0 la seconda serata che FIAB Belluno dedica ai cicloviaggi. Nostra ospite sar\u00e0 Raffaella Bonomi che, in solitaria e in tenda ha pedalato lungo tutta l&#8217;Italia, alla ricerca delle sue &#8220;Radici&#8221;. Oltre mille chilometri da superare in 18 giorni e tutti in bicicletta + tenda in solitaria, come se la sua due ruote fosse \u00abun pennarello\u00bb per tracciare un collegamento tra Nord e Sud, tra Lombardia e Basilicata, tra Lumezzane e Grumento Nova, in provincia di Potenza. \u00c8 la nuova avventura dalla cicloviaggiatrice Raffaella Bonomi, 32 anni, partita per raggiungere la citt\u00e0 Lucana che ha dato i natali alla madre, dove \u00e8 stata accolta con una grande festa.<\/p>\n<p>&nbsp;<\/p>\n<p>&nbsp;<\/p>\n<hr \/>\n<p>&nbsp;<\/p>\n<blockquote>\n<h3>IL CONCORSO ARTISTICO DI DOLOMITIHUB<\/h3>\n<\/blockquote>\n<p><strong>FONZASO<\/strong> Quante volte ci hanno detto: \u201cNon giudicare mai un libro dalla copertina\u201d? In effetti, quella prima facciata si limita a custodire una storia, a nascondere un viaggio che l\u2019autore vuole condividere con noi e la copertina non \u00e8 che un assaggio del meraviglioso mondo che scopriremo leggendo. Ma le copertine, realizzate con abilit\u00e0 sartoriali, sono chiamate a raccontare il libro con una sola immagine, capace di racchiudere lo spirito della storia e allo stesso tempo di attrarre la nostra attenzione, cos\u00ec da poterlo sollevare dal tavolo di una libreria o di una biblioteca anche solo per sfogliarlo. A partire da queste considerazioni, Dolomiti Hub, in collaborazione con il Comune di Fonzaso (Biblioteca Comunale), le Scuole in rete di Belluno per un Mondo di Solidariet\u00e0 e Pace e il Gruppo DBS (Libreria Quattro Sass), promuove il concorso \u201cCopertine di viaggio\u201d, rivolto a ragazzi e ragazze dagli 11 ai 14 anni, che sono invitati a mettersi in gioco con creativit\u00e0 per costruire delle nuove copertine per libri gi\u00e0 scritti. All\u2019iniziativa possono partecipare gli studenti e le studentesse delle scuole secondarie di primo grado del distretto feltrino, ovvero quelle di Feltre, Arsi\u00e8, Fonzaso, Lamon, Sovramonte, Mel, Lentiai, Pedavena, Seren del Grappa, Quero, Alano di Piave, Santa Giustina, Cesiomaggiore, Sedico, Sospirolo e Trichiana.<\/p>\n<p>&nbsp;<\/p>\n<p>&nbsp;<\/p>\n<hr \/>\n<p>&nbsp;<\/p>\n<blockquote>\n<h3>IL SUONO TRASPARENTE CON VOCE MEA<\/h3>\n<\/blockquote>\n<p><strong>SANTA GIUSTINA <\/strong>Suggestivo seminario di vocalit\u00e0 e suono dal titolo \u201cIl suono trasparente\u201d, proposto dall\u2019Associazione Voce Mea di Santa Giustina il prossimo 28-29 gennaio. Rivolto a cantanti, coristi, strumentisti, direttori di coro, attori, operatori nelle tecniche corporee e fonatorie, oltre che a chiunque ami cantare, suonare e scoprire la natura profonda della voce, del corpo e del suono, il seminario, guidato da Maria silvia Roveri e Camilla da Vico, vuole stimolare corpo e\u00a0 suono a divenire pi\u00f9 trasparenti, a servizio della voce, della musica e della vita. Nei due giorni sono previste lezioni individuali di Funzionalit\u00e0 vocale e strumentale, suono d\u2019insieme ed esperienze collettive corporee e sensoriali. Per informazioni ed iscrizioni scrivere a <a href=\"mailto:info@vocemea.it\">info@vocemea.it<\/a> oppure telefonare allo 0437-859296.<\/p>\n<p>&nbsp;<\/p>\n<p>&nbsp;<\/p>\n<hr \/>\n<p>&nbsp;<\/p>\n<blockquote>\n<h3>PATTINAGGIO APERTO AL PUBBLICO AD ALLEGHE<\/h3>\n<\/blockquote>\n<p><strong>ALLEGHE<\/strong> Sabato e domenica lo stadio Alvise De Toni di Alleghe \u00e8 aperto al pubblico per il pattinaggio libero. Sabato dalle 16:30 alle 18:30 e dalle 21 alle 23. Domenica dalle 14:30 alle 16:30. Per informazioni 388 1866668<\/p>\n<p>&nbsp;<\/p>\n<p>&nbsp;<\/p>\n<hr \/>\n<p>&nbsp;<\/p>\n<blockquote>\n<blockquote>\n<h3>IL PROGETTO BIO COL ALP CON ORAZIO ANDRICH<\/h3>\n<\/blockquote>\n<p><strong><a class=\"dt-pswp-item\" href=\"https:\/\/www.radiopiu.net\/wordpress\/wp-content\/uploads\/2022\/12\/c0bf0125-b9c3-4d59-bfd9-bc6c56749478-1.jpg\" data-dt-img-description=\"\" data-large_image_width=\"1024\" data-large_image_height=\"577\"><img loading=\"lazy\" decoding=\"async\" class=\" wp-image-313764 alignleft\" src=\"https:\/\/www.radiopiu.net\/wordpress\/wp-content\/uploads\/2022\/12\/c0bf0125-b9c3-4d59-bfd9-bc6c56749478-1-300x169.jpg\" alt=\"\" width=\"181\" height=\"102\" srcset=\"https:\/\/www.radiopiu.net\/wordpress\/wp-content\/uploads\/2022\/12\/c0bf0125-b9c3-4d59-bfd9-bc6c56749478-1-300x169.jpg 300w, https:\/\/www.radiopiu.net\/wordpress\/wp-content\/uploads\/2022\/12\/c0bf0125-b9c3-4d59-bfd9-bc6c56749478-1-768x433.jpg 768w, https:\/\/www.radiopiu.net\/wordpress\/wp-content\/uploads\/2022\/12\/c0bf0125-b9c3-4d59-bfd9-bc6c56749478-1.jpg 1024w\" sizes=\"auto, (max-width: 181px) 100vw, 181px\" \/><\/a>di Mirko Mezzacasa<\/strong><\/p>\n<p>OSPITE: Orazio Andrich<\/p>\n<audio class=\"wp-audio-shortcode\" id=\"audio-316946-11\" preload=\"none\" style=\"width: 100%;\" controls=\"controls\"><source type=\"audio\/mpeg\" src=\"https:\/\/www.radiopiu.net\/wordpress\/wp-content\/uploads\/2022\/12\/orazio-andrich-anticipazione-servizio.mp3?_=11\" \/><a href=\"https:\/\/www.radiopiu.net\/wordpress\/wp-content\/uploads\/2022\/12\/orazio-andrich-anticipazione-servizio.mp3\">https:\/\/www.radiopiu.net\/wordpress\/wp-content\/uploads\/2022\/12\/orazio-andrich-anticipazione-servizio.mp3<\/a><\/audio>\n<p>&nbsp;<\/p>\n<p><iframe loading=\"lazy\" title=\"PREGETTO BIOCOLALP SAN TOMASO 2022\" width=\"1200\" height=\"675\" src=\"https:\/\/www.youtube.com\/embed\/4dSoaEttc7U?feature=oembed\" frameborder=\"0\" allow=\"accelerometer; autoplay; clipboard-write; encrypted-media; gyroscope; picture-in-picture; web-share\" allowfullscreen><\/iframe><\/p>\n<p>&nbsp;<\/p>\n<p>&nbsp;<\/p>\n<p>&nbsp;<\/p><\/blockquote>\n<hr \/>\n<div class=\"column\">\n<h1><span style=\"color: #ff00ff;\">\u00a0<\/span><\/h1>\n<h1><span style=\"color: #ff00ff;\">AGORDINO IN FERMENTO&#8230;AGORDINO IN MOVIMENTO\u00a0<\/span><\/h1>\n<div class=\"column\">\n<p style=\"text-align: left;\"><strong><a class=\"dt-pswp-item\" href=\"https:\/\/www.radiopiu.net\/wordpress\/wp-content\/uploads\/2023\/01\/CASPARETHA_page-0001.jpg\" data-dt-img-description=\"\" data-large_image_width=\"886\" data-large_image_height=\"632\"><img loading=\"lazy\" decoding=\"async\" class=\" wp-image-315112 alignleft\" src=\"https:\/\/www.radiopiu.net\/wordpress\/wp-content\/uploads\/2023\/01\/CASPARETHA_page-0001-300x214.jpg\" alt=\"\" width=\"243\" height=\"173\" srcset=\"https:\/\/www.radiopiu.net\/wordpress\/wp-content\/uploads\/2023\/01\/CASPARETHA_page-0001-300x214.jpg 300w, https:\/\/www.radiopiu.net\/wordpress\/wp-content\/uploads\/2023\/01\/CASPARETHA_page-0001-768x548.jpg 768w, https:\/\/www.radiopiu.net\/wordpress\/wp-content\/uploads\/2023\/01\/CASPARETHA_page-0001.jpg 886w\" sizes=\"auto, (max-width: 243px) 100vw, 243px\" \/><\/a>CANALE D&#8217;AGORDO<\/strong> Sabato 4 febbraio \u00e8 in programma la Casparetha 2023, camminata competitiva e non in notturna con racchette da neve su tracciato di circa 5 km.<\/p>\n<p><strong>di Gianni Santomaso<\/strong><\/p>\n<audio class=\"wp-audio-shortcode\" id=\"audio-316946-12\" preload=\"none\" style=\"width: 100%;\" controls=\"controls\"><source type=\"audio\/mpeg\" src=\"https:\/\/www.radiopiu.net\/wordpress\/wp-content\/uploads\/2023\/01\/GIANNI-CASPARETHA.mp3?_=12\" \/><a href=\"https:\/\/www.radiopiu.net\/wordpress\/wp-content\/uploads\/2023\/01\/GIANNI-CASPARETHA.mp3\">https:\/\/www.radiopiu.net\/wordpress\/wp-content\/uploads\/2023\/01\/GIANNI-CASPARETHA.mp3<\/a><\/audio>\n<p>&nbsp;<\/p>\n<hr \/>\n<\/div>\n<\/div>\n<p>&nbsp;<\/p>\n<p><iframe loading=\"lazy\" title=\"Radio Pi\u00f9 festeggia i suoi primi 40 anni di attivit\u00e0\" width=\"1200\" height=\"675\" src=\"https:\/\/www.youtube.com\/embed\/6ptB04FauBE?feature=oembed\" frameborder=\"0\" allow=\"accelerometer; autoplay; clipboard-write; encrypted-media; gyroscope; picture-in-picture; web-share\" allowfullscreen><\/iframe><\/p>\n<p>&nbsp;<\/p>\n<p>&nbsp;<\/p>\n<p>&nbsp;<\/p>\n<hr \/>\n<p>&nbsp;<\/p>\n<blockquote>\n<h3>CLAUDIA CAGNATI E IL SUO &#8220;L&#8217;UNIVERSO TRA LE DITA&#8221;<\/h3>\n<\/blockquote>\n<p><strong>REDAZIONE<\/strong> Negli studi di Radio Pi\u00f9 ospite Claudia Cagnati per presentare il suo album &#8220;L&#8217;Universo Tra Le Dita&#8221;<\/p>\n<p><strong>LA DIRETTA RADIO PIU&#8217;<\/strong><\/p>\n<p><iframe loading=\"lazy\" title=\"CLAUDIA CAGNATI E SIEGFRIED URSH (SIGO) A RADIO PIU&#039;\" width=\"1200\" height=\"675\" src=\"https:\/\/www.youtube.com\/embed\/7aT7_kbxSGo?feature=oembed\" frameborder=\"0\" allow=\"accelerometer; autoplay; clipboard-write; encrypted-media; gyroscope; picture-in-picture; web-share\" allowfullscreen><\/iframe><\/p>\n<p>&nbsp;<\/p>\n<hr \/>\n<p>&nbsp;<\/p>\n<blockquote>\n<h2>APPUNTAMENTI &#8211; EVENTI<\/h2>\n<\/blockquote>\n\n\t\t\t<style type='text\/css'>\n\t\t\t\t#gallery-7 {\n\t\t\t\t\tmargin: auto;\n\t\t\t\t}\n\t\t\t\t#gallery-7 .gallery-item {\n\t\t\t\t\tfloat: left;\n\t\t\t\t\tmargin-top: 10px;\n\t\t\t\t\ttext-align: center;\n\t\t\t\t\twidth: 33%;\n\t\t\t\t}\n\t\t\t\t#gallery-7 img {\n\t\t\t\t\tborder: 2px solid #cfcfcf;\n\t\t\t\t}\n\t\t\t\t#gallery-7 .gallery-caption {\n\t\t\t\t\tmargin-left: 0;\n\t\t\t\t}\n\t\t\t\t\/* see gallery_shortcode() in wp-includes\/media.php *\/\n\t\t\t<\/style>\n\t\t<div id='gallery-7' class='dt-gallery-container gallery galleryid-316946 gallery-columns-3 gallery-size-medium'><dl class='gallery-item'>\n\t\t\t\t<dt class='gallery-icon portrait'>\n\t\t\t\t\t<a class=\"rollover rollover-zoom dt-pswp-item\" title=\"34712c4d-1310-4db5-a620-fe6ede9a0848\" data-dt-img-description=\"\" data-large_image_width=\"1131\" data-large_image_height=\"1600\"href='https:\/\/www.radiopiu.net\/wordpress\/wp-content\/uploads\/2023\/01\/34712c4d-1310-4db5-a620-fe6ede9a0848.jpg'><img loading=\"lazy\" decoding=\"async\" width=\"212\" height=\"300\" src=\"https:\/\/www.radiopiu.net\/wordpress\/wp-content\/uploads\/2023\/01\/34712c4d-1310-4db5-a620-fe6ede9a0848-212x300.jpg\" class=\"attachment-medium size-medium\" alt=\"\" aria-describedby=\"gallery-7-316092\" srcset=\"https:\/\/www.radiopiu.net\/wordpress\/wp-content\/uploads\/2023\/01\/34712c4d-1310-4db5-a620-fe6ede9a0848-212x300.jpg 212w, https:\/\/www.radiopiu.net\/wordpress\/wp-content\/uploads\/2023\/01\/34712c4d-1310-4db5-a620-fe6ede9a0848-724x1024.jpg 724w, https:\/\/www.radiopiu.net\/wordpress\/wp-content\/uploads\/2023\/01\/34712c4d-1310-4db5-a620-fe6ede9a0848-768x1086.jpg 768w, https:\/\/www.radiopiu.net\/wordpress\/wp-content\/uploads\/2023\/01\/34712c4d-1310-4db5-a620-fe6ede9a0848-1086x1536.jpg 1086w, https:\/\/www.radiopiu.net\/wordpress\/wp-content\/uploads\/2023\/01\/34712c4d-1310-4db5-a620-fe6ede9a0848.jpg 1131w\" sizes=\"auto, (max-width: 212px) 100vw, 212px\" \/><\/a>\n\t\t\t\t<\/dt>\n\t\t\t\t\t<dd class='wp-caption-text gallery-caption' id='gallery-7-316092'>\n\t\t\t\t\tDAL FARRA E BAND IN CONCERTO A LONGARONE\n\t\t\t\t\t<\/dd><\/dl><dl class='gallery-item'>\n\t\t\t\t<dt class='gallery-icon portrait'>\n\t\t\t\t\t<a class=\"rollover rollover-zoom dt-pswp-item\" title=\"323229347_2844929715651064_3411250484413883413_n\" data-dt-img-description=\"\" data-large_image_width=\"724\" data-large_image_height=\"1024\"href='https:\/\/www.radiopiu.net\/wordpress\/wp-content\/uploads\/2023\/01\/323229347_2844929715651064_3411250484413883413_n.jpg'><img loading=\"lazy\" decoding=\"async\" width=\"212\" height=\"300\" src=\"https:\/\/www.radiopiu.net\/wordpress\/wp-content\/uploads\/2023\/01\/323229347_2844929715651064_3411250484413883413_n-212x300.jpg\" class=\"attachment-medium size-medium\" alt=\"\" aria-describedby=\"gallery-7-316095\" srcset=\"https:\/\/www.radiopiu.net\/wordpress\/wp-content\/uploads\/2023\/01\/323229347_2844929715651064_3411250484413883413_n-212x300.jpg 212w, https:\/\/www.radiopiu.net\/wordpress\/wp-content\/uploads\/2023\/01\/323229347_2844929715651064_3411250484413883413_n.jpg 724w\" sizes=\"auto, (max-width: 212px) 100vw, 212px\" \/><\/a>\n\t\t\t\t<\/dt>\n\t\t\t\t\t<dd class='wp-caption-text gallery-caption' id='gallery-7-316095'>\n\t\t\t\t\tSAN BASTIAN, PATRONO DI FALCADE\n\t\t\t\t\t<\/dd><\/dl><dl class='gallery-item'>\n\t\t\t\t<dt class='gallery-icon portrait'>\n\t\t\t\t\t<a class=\"rollover rollover-zoom dt-pswp-item\" title=\"323705541_1631039457354113_1450674556092689641_n\" data-dt-img-description=\"\" data-large_image_width=\"1546\" data-large_image_height=\"2048\"href='https:\/\/www.radiopiu.net\/wordpress\/wp-content\/uploads\/2023\/01\/323705541_1631039457354113_1450674556092689641_n-1.jpg'><img loading=\"lazy\" decoding=\"async\" width=\"226\" height=\"300\" src=\"https:\/\/www.radiopiu.net\/wordpress\/wp-content\/uploads\/2023\/01\/323705541_1631039457354113_1450674556092689641_n-1-226x300.jpg\" class=\"attachment-medium size-medium\" alt=\"\" aria-describedby=\"gallery-7-316096\" srcset=\"https:\/\/www.radiopiu.net\/wordpress\/wp-content\/uploads\/2023\/01\/323705541_1631039457354113_1450674556092689641_n-1-226x300.jpg 226w, https:\/\/www.radiopiu.net\/wordpress\/wp-content\/uploads\/2023\/01\/323705541_1631039457354113_1450674556092689641_n-1-773x1024.jpg 773w, https:\/\/www.radiopiu.net\/wordpress\/wp-content\/uploads\/2023\/01\/323705541_1631039457354113_1450674556092689641_n-1-768x1017.jpg 768w, https:\/\/www.radiopiu.net\/wordpress\/wp-content\/uploads\/2023\/01\/323705541_1631039457354113_1450674556092689641_n-1-1160x1536.jpg 1160w, https:\/\/www.radiopiu.net\/wordpress\/wp-content\/uploads\/2023\/01\/323705541_1631039457354113_1450674556092689641_n-1.jpg 1546w\" sizes=\"auto, (max-width: 226px) 100vw, 226px\" \/><\/a>\n\t\t\t\t<\/dt>\n\t\t\t\t\t<dd class='wp-caption-text gallery-caption' id='gallery-7-316096'>\n\t\t\t\t\tLE IMMAGINI D&#8217;EPOCA\n\t\t\t\t\t<\/dd><\/dl><br style=\"clear: both\" \/><dl class='gallery-item'>\n\t\t\t\t<dt class='gallery-icon portrait'>\n\t\t\t\t\t<a class=\"rollover rollover-zoom dt-pswp-item\" title=\"49598d1e-268d-4442-ba35-17b22ecdadf1\" data-dt-img-description=\"\" data-large_image_width=\"1131\" data-large_image_height=\"1600\"href='https:\/\/www.radiopiu.net\/wordpress\/wp-content\/uploads\/2023\/01\/49598d1e-268d-4442-ba35-17b22ecdadf1.jpg'><img loading=\"lazy\" decoding=\"async\" width=\"212\" height=\"300\" src=\"https:\/\/www.radiopiu.net\/wordpress\/wp-content\/uploads\/2023\/01\/49598d1e-268d-4442-ba35-17b22ecdadf1-212x300.jpg\" class=\"attachment-medium size-medium\" alt=\"\" aria-describedby=\"gallery-7-316573\" srcset=\"https:\/\/www.radiopiu.net\/wordpress\/wp-content\/uploads\/2023\/01\/49598d1e-268d-4442-ba35-17b22ecdadf1-212x300.jpg 212w, https:\/\/www.radiopiu.net\/wordpress\/wp-content\/uploads\/2023\/01\/49598d1e-268d-4442-ba35-17b22ecdadf1-724x1024.jpg 724w, https:\/\/www.radiopiu.net\/wordpress\/wp-content\/uploads\/2023\/01\/49598d1e-268d-4442-ba35-17b22ecdadf1-768x1086.jpg 768w, https:\/\/www.radiopiu.net\/wordpress\/wp-content\/uploads\/2023\/01\/49598d1e-268d-4442-ba35-17b22ecdadf1-1086x1536.jpg 1086w, https:\/\/www.radiopiu.net\/wordpress\/wp-content\/uploads\/2023\/01\/49598d1e-268d-4442-ba35-17b22ecdadf1.jpg 1131w\" sizes=\"auto, (max-width: 212px) 100vw, 212px\" \/><\/a>\n\t\t\t\t<\/dt>\n\t\t\t\t\t<dd class='wp-caption-text gallery-caption' id='gallery-7-316573'>\n\t\t\t\t\tSAGRA DE SANT&#8217;ANTONE\n\t\t\t\t\t<\/dd><\/dl><dl class='gallery-item'>\n\t\t\t\t<dt class='gallery-icon portrait'>\n\t\t\t\t\t<a class=\"rollover rollover-zoom dt-pswp-item\" title=\"3344b20c-8366-4e1c-8338-842c7c98739e\" data-dt-img-description=\"\" data-large_image_width=\"1131\" data-large_image_height=\"1600\"href='https:\/\/www.radiopiu.net\/wordpress\/wp-content\/uploads\/2023\/01\/3344b20c-8366-4e1c-8338-842c7c98739e.jpg'><img loading=\"lazy\" decoding=\"async\" width=\"212\" height=\"300\" src=\"https:\/\/www.radiopiu.net\/wordpress\/wp-content\/uploads\/2023\/01\/3344b20c-8366-4e1c-8338-842c7c98739e-212x300.jpg\" class=\"attachment-medium size-medium\" alt=\"\" aria-describedby=\"gallery-7-316574\" srcset=\"https:\/\/www.radiopiu.net\/wordpress\/wp-content\/uploads\/2023\/01\/3344b20c-8366-4e1c-8338-842c7c98739e-212x300.jpg 212w, https:\/\/www.radiopiu.net\/wordpress\/wp-content\/uploads\/2023\/01\/3344b20c-8366-4e1c-8338-842c7c98739e-724x1024.jpg 724w, https:\/\/www.radiopiu.net\/wordpress\/wp-content\/uploads\/2023\/01\/3344b20c-8366-4e1c-8338-842c7c98739e-768x1086.jpg 768w, https:\/\/www.radiopiu.net\/wordpress\/wp-content\/uploads\/2023\/01\/3344b20c-8366-4e1c-8338-842c7c98739e-1086x1536.jpg 1086w, https:\/\/www.radiopiu.net\/wordpress\/wp-content\/uploads\/2023\/01\/3344b20c-8366-4e1c-8338-842c7c98739e.jpg 1131w\" sizes=\"auto, (max-width: 212px) 100vw, 212px\" \/><\/a>\n\t\t\t\t<\/dt>\n\t\t\t\t\t<dd class='wp-caption-text gallery-caption' id='gallery-7-316574'>\n\t\t\t\t\tBAL DE SANT&#8217;ANTONE\n\t\t\t\t\t<\/dd><\/dl><dl class='gallery-item'>\n\t\t\t\t<dt class='gallery-icon portrait'>\n\t\t\t\t\t<a class=\"rollover rollover-zoom dt-pswp-item\" title=\"e77519b2-cab4-47fd-a5a3-8ecb7c6453ab\" data-dt-img-description=\"\" data-large_image_width=\"1080\" data-large_image_height=\"1350\"href='https:\/\/www.radiopiu.net\/wordpress\/wp-content\/uploads\/2023\/01\/e77519b2-cab4-47fd-a5a3-8ecb7c6453ab.jpg'><img loading=\"lazy\" decoding=\"async\" width=\"240\" height=\"300\" src=\"https:\/\/www.radiopiu.net\/wordpress\/wp-content\/uploads\/2023\/01\/e77519b2-cab4-47fd-a5a3-8ecb7c6453ab-240x300.jpg\" class=\"attachment-medium size-medium\" alt=\"\" aria-describedby=\"gallery-7-317089\" srcset=\"https:\/\/www.radiopiu.net\/wordpress\/wp-content\/uploads\/2023\/01\/e77519b2-cab4-47fd-a5a3-8ecb7c6453ab-240x300.jpg 240w, https:\/\/www.radiopiu.net\/wordpress\/wp-content\/uploads\/2023\/01\/e77519b2-cab4-47fd-a5a3-8ecb7c6453ab-819x1024.jpg 819w, https:\/\/www.radiopiu.net\/wordpress\/wp-content\/uploads\/2023\/01\/e77519b2-cab4-47fd-a5a3-8ecb7c6453ab-768x960.jpg 768w, https:\/\/www.radiopiu.net\/wordpress\/wp-content\/uploads\/2023\/01\/e77519b2-cab4-47fd-a5a3-8ecb7c6453ab.jpg 1080w\" sizes=\"auto, (max-width: 240px) 100vw, 240px\" \/><\/a>\n\t\t\t\t<\/dt>\n\t\t\t\t\t<dd class='wp-caption-text gallery-caption' id='gallery-7-317089'>\n\t\t\t\t\tLA MAMMA DI ARLECCHINO NON DORME MAI\n\t\t\t\t\t<\/dd><\/dl><br style=\"clear: both\" \/>\n\t\t\t<\/div>\n\n<p>&nbsp;<\/p>\n<hr \/>\n<p>&nbsp;<\/p>\n<p>&nbsp;<\/p>\n<hr \/>\n<p>&nbsp;<\/p>\n<div>\n<div class=\"b654a4as d2edcug0\">\n<div class=\"rq0escxv hkbzh7o3 jwdofwj8 n8tt0mok r8blr3vg hyh9befq\">\n<p><a class=\"dt-pswp-item\" href=\"https:\/\/www.radiopiu.net\/wordpress\/wp-content\/uploads\/2020\/10\/pp.jpg\" data-dt-img-description=\"\" data-large_image_width=\"640\" data-large_image_height=\"640\"><img loading=\"lazy\" decoding=\"async\" class=\"wp-image-163678 alignleft\" src=\"https:\/\/www.radiopiu.net\/wordpress\/wp-content\/uploads\/2020\/10\/pp-300x300.jpg\" alt=\"\" width=\"106\" height=\"106\" srcset=\"https:\/\/www.radiopiu.net\/wordpress\/wp-content\/uploads\/2020\/10\/pp-300x300.jpg 300w, https:\/\/www.radiopiu.net\/wordpress\/wp-content\/uploads\/2020\/10\/pp-150x150.jpg 150w, https:\/\/www.radiopiu.net\/wordpress\/wp-content\/uploads\/2020\/10\/pp-125x125.jpg 125w, https:\/\/www.radiopiu.net\/wordpress\/wp-content\/uploads\/2020\/10\/pp-200x200.jpg 200w, https:\/\/www.radiopiu.net\/wordpress\/wp-content\/uploads\/2020\/10\/pp-80x80.jpg 80w, https:\/\/www.radiopiu.net\/wordpress\/wp-content\/uploads\/2020\/10\/pp-480x480.jpg 480w, https:\/\/www.radiopiu.net\/wordpress\/wp-content\/uploads\/2020\/10\/pp.jpg 640w\" sizes=\"auto, (max-width: 106px) 100vw, 106px\" \/><\/a><\/p>\n<\/div>\n<\/div>\n<\/div>\n<div>\n<div class=\"page-title-head hgroup\">\n<div class=\"page-title-head hgroup\">\n<div class=\"b654a4as d2edcug0\">\n<div class=\"j83agx80 btwxx1t3 lhclo0ds hop8lmos nkwizq5d scwd0bx6 roh60bw9\">\n<div class=\"rq0escxv hkbzh7o3 jwdofwj8 n8tt0mok r8blr3vg hyh9befq\">\n<div class=\"do00u71z l9j0dhe7 k4urcfbm\" style=\"text-align: left;\">\n<h2><span style=\"color: #000080;\">DON CESARE, IL PENSIERO DEL GIORNO. ALLA RADIO ALLE 7 DEL MATTINO E ALLE 19.30 DELLA SERA\u00a0<\/span><\/h2>\n<audio class=\"wp-audio-shortcode\" id=\"audio-316946-13\" preload=\"none\" style=\"width: 100%;\" controls=\"controls\"><source type=\"audio\/mpeg\" src=\"https:\/\/www.radiopiu.net\/wordpress\/wp-content\/uploads\/2023\/01\/CESARE-10.mp3?_=13\" \/><a href=\"https:\/\/www.radiopiu.net\/wordpress\/wp-content\/uploads\/2023\/01\/CESARE-10.mp3\">https:\/\/www.radiopiu.net\/wordpress\/wp-content\/uploads\/2023\/01\/CESARE-10.mp3<\/a><\/audio>\n<p>&nbsp;<\/p>\n<\/div>\n<\/div>\n<\/div>\n<\/div>\n<\/div>\n<\/div>\n<\/div>\n<p>&nbsp;<\/p>\n<hr \/>\n<p>&nbsp;<\/p>\n<h2><strong><a class=\"dt-pswp-item\" href=\"https:\/\/www.radiopiu.net\/wordpress\/wp-content\/uploads\/2023\/01\/b4ce5ab7-98ee-4e3f-bffb-efe8278706df.jpg\" data-dt-img-description=\"\" data-large_image_width=\"1280\" data-large_image_height=\"720\"><img loading=\"lazy\" decoding=\"async\" class=\" wp-image-316695 alignleft\" src=\"https:\/\/www.radiopiu.net\/wordpress\/wp-content\/uploads\/2023\/01\/b4ce5ab7-98ee-4e3f-bffb-efe8278706df-300x169.jpg\" alt=\"\" width=\"183\" height=\"103\" srcset=\"https:\/\/www.radiopiu.net\/wordpress\/wp-content\/uploads\/2023\/01\/b4ce5ab7-98ee-4e3f-bffb-efe8278706df-300x169.jpg 300w, https:\/\/www.radiopiu.net\/wordpress\/wp-content\/uploads\/2023\/01\/b4ce5ab7-98ee-4e3f-bffb-efe8278706df-1024x576.jpg 1024w, https:\/\/www.radiopiu.net\/wordpress\/wp-content\/uploads\/2023\/01\/b4ce5ab7-98ee-4e3f-bffb-efe8278706df-768x432.jpg 768w, https:\/\/www.radiopiu.net\/wordpress\/wp-content\/uploads\/2023\/01\/b4ce5ab7-98ee-4e3f-bffb-efe8278706df.jpg 1280w\" sizes=\"auto, (max-width: 183px) 100vw, 183px\" \/><\/a><\/strong><span style=\"color: #666699;\">LA RASSEGNA STAMPA DA L&#8217;AMICO DEL POPOLO<\/span><\/h2>\n<p><strong>di Gianni Santomaso<\/strong><\/p>\n<p>OSPITE: Don Angelo Balcon<\/p>\n<audio class=\"wp-audio-shortcode\" id=\"audio-316946-14\" preload=\"none\" style=\"width: 100%;\" controls=\"controls\"><source type=\"audio\/mpeg\" src=\"https:\/\/www.radiopiu.net\/wordpress\/wp-content\/uploads\/2023\/01\/RASSEGNA-GIANNI-1.mp3?_=14\" \/><a href=\"https:\/\/www.radiopiu.net\/wordpress\/wp-content\/uploads\/2023\/01\/RASSEGNA-GIANNI-1.mp3\">https:\/\/www.radiopiu.net\/wordpress\/wp-content\/uploads\/2023\/01\/RASSEGNA-GIANNI-1.mp3<\/a><\/audio>\n<p>&nbsp;<\/p>\n<hr \/>\n<p>&nbsp;<\/p>\n<h2><span style=\"color: #ff00ff;\">IN VIVO VERSO\u00a0<\/span><\/h2>\n<blockquote>\n<h3>L&#8217;ALTRA PARTE DI ME di SERGIO VALACCHI<\/h3>\n<\/blockquote>\n<p><strong>AUDIO<\/strong><\/p>\n<audio class=\"wp-audio-shortcode\" id=\"audio-316946-15\" preload=\"none\" style=\"width: 100%;\" controls=\"controls\"><source type=\"audio\/mpeg\" src=\"https:\/\/www.radiopiu.net\/wordpress\/wp-content\/uploads\/2023\/01\/01-SERGIO-VALACCHI-LALTRA-PARTE-DI-ME-1.mp3?_=15\" \/><a href=\"https:\/\/www.radiopiu.net\/wordpress\/wp-content\/uploads\/2023\/01\/01-SERGIO-VALACCHI-LALTRA-PARTE-DI-ME-1.mp3\">https:\/\/www.radiopiu.net\/wordpress\/wp-content\/uploads\/2023\/01\/01-SERGIO-VALACCHI-LALTRA-PARTE-DI-ME-1.mp3<\/a><\/audio>\n<p><span style=\"color: #ff0000;\">SERGIO VALACCHI SARA&#8217; OSPITE DI RADIO PIU STASERA A &#8220;LA RADIO DI SERA COME 40 ANNI FA&#8221; CON MORENO TOCCHETTO E MIRKO MEZZACASA<\/span><\/p>\n<p>&nbsp;<\/p>\n<p><a class=\"dt-pswp-item\" href=\"https:\/\/www.radiopiu.net\/wordpress\/wp-content\/uploads\/2023\/01\/SERGIO-VALACCHI.jpg\" data-dt-img-description=\"\" data-large_image_width=\"1009\" data-large_image_height=\"1024\"><img loading=\"lazy\" decoding=\"async\" class=\" wp-image-316933 alignleft\" src=\"https:\/\/www.radiopiu.net\/wordpress\/wp-content\/uploads\/2023\/01\/SERGIO-VALACCHI-296x300.jpg\" alt=\"\" width=\"158\" height=\"160\" srcset=\"https:\/\/www.radiopiu.net\/wordpress\/wp-content\/uploads\/2023\/01\/SERGIO-VALACCHI-296x300.jpg 296w, https:\/\/www.radiopiu.net\/wordpress\/wp-content\/uploads\/2023\/01\/SERGIO-VALACCHI-768x779.jpg 768w, https:\/\/www.radiopiu.net\/wordpress\/wp-content\/uploads\/2023\/01\/SERGIO-VALACCHI.jpg 1009w\" sizes=\"auto, (max-width: 158px) 100vw, 158px\" \/><\/a><strong>Sergio Valacchi<\/strong><br \/>\n<strong>L&#8217;ALTRA PARTE DI ME<\/strong><\/p>\n<p>L&#8217; altra parte di me tiene i fili nel movimento<br \/>\nl&#8217;altra parte di me \u00e8 spietata e senza ritegno<\/p>\n<p>l&#8217;altra parte di me \u00e8 quel mostro che non<br \/>\nperdona<br \/>\nl&#8217;altra parte di me \u00e8 meretrice senza compenso<\/p>\n<p>l&#8217;altra parte di me ruba l&#8217;estasi del risveglio<br \/>\nl&#8217;altra parte di me non \u00e8 incline al pentimento<\/p>\n<p>L&#8217;altra parte di me gioca sporco con la<br \/>\nreazione<br \/>\nl&#8217;altra parte di me \u00e8 geniale nel dar tormento<\/p>\n<p>Nel deserto io trovo l&#8217;oasi del coraggio<br \/>\nle sabbie immobili saranno scalini per l&#8217;ascesa<br \/>\nle rughe del neonato nel viso dell&#8217;anziano<br \/>\nil fare e non provare ti portan alla costanza di<br \/>\nessere dalla parte giusta<\/p>\n<p>L&#8217;altra parte di me \u00e8 maestra del<br \/>\ncompromesso<br \/>\nl&#8217;altra parte di me non sa come fermarsi in<br \/>\ntempo<\/p>\n<p>l&#8217;altra parte di me vola alto nel sottosuolo<br \/>\nl&#8217;altra parte di me vuol potere sul sentimento.<\/p>\n<p>&nbsp;<\/p>\n<div dir=\"auto\">\n<div dir=\"auto\">\n<div dir=\"auto\">\n<p><strong>LA RACCOLTA COMPLETA<\/strong><\/p>\n<blockquote class=\"wp-embedded-content\" data-secret=\"PqA91rmSMz\"><p><a href=\"https:\/\/www.radiopiu.net\/wordpress\/in-vivo-verso\/\">In Vivo Verso<\/a><\/p><\/blockquote>\n<p><iframe loading=\"lazy\" class=\"wp-embedded-content\" sandbox=\"allow-scripts\" security=\"restricted\" style=\"position: absolute; clip: rect(1px, 1px, 1px, 1px);\" title=\"&#8220;In Vivo Verso&#8221; &#8212; Radio Pi\u00f9\" src=\"https:\/\/www.radiopiu.net\/wordpress\/in-vivo-verso\/embed\/#?secret=jihzMKDI0e#?secret=PqA91rmSMz\" data-secret=\"PqA91rmSMz\" width=\"600\" height=\"338\" frameborder=\"0\" marginwidth=\"0\" marginheight=\"0\" scrolling=\"no\"><\/iframe><\/p>\n<hr \/>\n<p>&nbsp;<\/p>\n<\/div>\n<\/div>\n<\/div>\n<blockquote>\n<h3>GOCCE DI FILOSOFIA &#8211; PUNTATA 226 &#8211; CHIARA CAU<\/h3>\n<\/blockquote>\n<audio class=\"wp-audio-shortcode\" id=\"audio-316946-16\" preload=\"none\" style=\"width: 100%;\" controls=\"controls\"><source type=\"audio\/mpeg\" src=\"https:\/\/www.radiopiu.net\/wordpress\/wp-content\/uploads\/2023\/01\/FI1-2.mp3?_=16\" \/><a href=\"https:\/\/www.radiopiu.net\/wordpress\/wp-content\/uploads\/2023\/01\/FI1-2.mp3\">https:\/\/www.radiopiu.net\/wordpress\/wp-content\/uploads\/2023\/01\/FI1-2.mp3<\/a><\/audio>\n<p>LA RACCOLTA COMPLETA<\/p>\n<blockquote class=\"wp-embedded-content\" data-secret=\"ZWWm3LDNN8\"><p><a href=\"https:\/\/www.radiopiu.net\/wordpress\/gocce-filosofia\/\">Gocce di filosofia,  LA TERZA STAGIONE&#8230; 2023<\/a><\/p><\/blockquote>\n<p><iframe loading=\"lazy\" class=\"wp-embedded-content\" sandbox=\"allow-scripts\" security=\"restricted\" style=\"position: absolute; clip: rect(1px, 1px, 1px, 1px);\" title=\"&#8220;Gocce di filosofia,  LA TERZA STAGIONE&#8230; 2023&#8221; &#8212; Radio Pi\u00f9\" src=\"https:\/\/www.radiopiu.net\/wordpress\/gocce-filosofia\/embed\/#?secret=A3iVT8ppjF#?secret=ZWWm3LDNN8\" data-secret=\"ZWWm3LDNN8\" width=\"600\" height=\"338\" frameborder=\"0\" marginwidth=\"0\" marginheight=\"0\" scrolling=\"no\"><\/iframe><\/p>\n<p>&nbsp;<\/p>\n<hr \/>\n<p>&nbsp;<\/p>\n<div class=\"column\">\n<p><img loading=\"lazy\" decoding=\"async\" class=\"aligncenter wp-image-61954 size-full\" src=\"https:\/\/www.radiopiu.net\/wordpress\/wp-content\/uploads\/2018\/09\/viabilita.jpeg\" sizes=\"auto, (max-width: 800px) 100vw, 800px\" srcset=\"https:\/\/www.radiopiu.net\/wordpress\/wp-content\/uploads\/2018\/09\/viabilita.jpeg 800w, https:\/\/www.radiopiu.net\/wordpress\/wp-content\/uploads\/2018\/09\/viabilita-300x38.jpeg 300w, https:\/\/www.radiopiu.net\/wordpress\/wp-content\/uploads\/2018\/09\/viabilita-768x96.jpeg 768w\" alt=\"\" width=\"800\" height=\"100\" \/><\/p>\n<p>&nbsp;<\/p>\n<p>&nbsp;<\/p>\n<p><strong>AGGIORNAMENTO VENETO STRADE, AGGIORNAMENTO CONTINUO H 24<\/strong><\/p>\n<blockquote class=\"wp-embedded-content\" data-secret=\"hLdTFCpQdo\"><p><a href=\"https:\/\/www.radiopiu.net\/wordpress\/viabilita\/\">viabilita<\/a><\/p><\/blockquote>\n<p><iframe loading=\"lazy\" class=\"wp-embedded-content\" sandbox=\"allow-scripts\" security=\"restricted\" style=\"position: absolute; clip: rect(1px, 1px, 1px, 1px);\" title=\"&#8220;viabilita&#8221; &#8212; Radio Pi\u00f9\" src=\"https:\/\/www.radiopiu.net\/wordpress\/viabilita\/embed\/#?secret=zom222qleu#?secret=hLdTFCpQdo\" data-secret=\"hLdTFCpQdo\" width=\"600\" height=\"338\" frameborder=\"0\" marginwidth=\"0\" marginheight=\"0\" scrolling=\"no\"><\/iframe><\/p>\n<p>&nbsp;<\/p>\n<p>&nbsp;<\/p>\n<hr \/>\n<p>&nbsp;<\/p>\n<p><a class=\"dt-pswp-item\" href=\"https:\/\/www.radiopiu.net\/wordpress\/wp-content\/uploads\/2018\/09\/WhatsApp-Image-2018-09-20-at-16.04.06.jpeg\" data-dt-img-description=\"\" data-large_image_width=\"800\" data-large_image_height=\"100\"><img loading=\"lazy\" decoding=\"async\" class=\"wp-image-61378 size-full aligncenter\" src=\"https:\/\/www.radiopiu.net\/wordpress\/wp-content\/uploads\/2018\/09\/WhatsApp-Image-2018-09-20-at-16.04.06.jpeg\" alt=\"\" width=\"800\" height=\"100\" srcset=\"https:\/\/www.radiopiu.net\/wordpress\/wp-content\/uploads\/2018\/09\/WhatsApp-Image-2018-09-20-at-16.04.06.jpeg 800w, https:\/\/www.radiopiu.net\/wordpress\/wp-content\/uploads\/2018\/09\/WhatsApp-Image-2018-09-20-at-16.04.06-300x38.jpeg 300w, https:\/\/www.radiopiu.net\/wordpress\/wp-content\/uploads\/2018\/09\/WhatsApp-Image-2018-09-20-at-16.04.06-768x96.jpeg 768w\" sizes=\"auto, (max-width: 800px) 100vw, 800px\" \/><\/a><\/p>\n<p>&nbsp;<\/p>\n<p><center><\/center><center><b>OGGI<\/b><\/center><b>Tempo atteso: <\/b>Dopo l&#8217;esaurimento delle deboli precipitazioni notturne, in giornata il tempo rimarr\u00e0 variabile, per peggiorare nuovamente al pomeriggio\/sera con nuovi fenomeni in estensione a tutto il territorio a partire dalle Prealpi occidentali verso nord-est.<br \/>\n<b>Precipitazioni: <\/b>In mattinata possibili prime deboli precipitazioni, specie nelle ore centrali (20-40%) a partire dalle Prealpi occidentali, in intensificazione al pomeriggio e in serata, fino a divenire diffuse e a tratti anche di moderata moderata intensit\u00e0 soprattutto sulle zone prealpine (80\/90%). Limite delle nevicate a fondovalle sulle Dolomiti, localmente anche sulle Prealpi. I fenomeni potrebbero risultare pi\u00f9 significativi rispetto ai giorni precedenti.<br \/>\n<b>Temperature: <\/b>In ulteriore lieve o contenuto calo a tutte le quote.<\/p>\n<hr \/>\n<p><center><b>DOMANI<\/b><\/center><b>Tempo atteso: <\/b>Nelle prime ore ancora cielo molto nuvoloso specie sulle Dolomiti con probabile residuo maltempo notturno; parziale miglioramento del tempo nel corso della mattinata giornata, con tempo ancora variabile, a tratti nuvoloso e a tratti parzialmente soleggiato, ma senza ulteriori precipitazioni significative.<br \/>\n<b>Precipitazioni: <\/b>Al mattino possibili ancora modeste precipitazioni, specie sulle Dolomiti (25-50%), nevose fino a fondovalle, in seguito variabilit\u00e0 associata a locali e deboli precipitazioni poco significative (10-20%), eventualmente nevose fino a fondovalle.<br \/>\n<b>Temperature: <\/b>Contesto termico invernale a tutte le quote, con minime in diminuzione e misurate a fine giornata, massime in temporaneo lieve o contenuto aumento, su valori inferiori alle medie del periodo, specie le massime.<\/p>\n<hr \/>\n<p><center><b>GIOVEDI<\/b><\/center>Tempo variabile con nuvolosit\u00e0 spesso estesa alternata a parziali e temporanee schiarite. Possibili modesti fenomeni nel corso della giornata, eventualmente nevosi fino a tutti i fondovalle. Temperature in ulteriore calo, specie le massime. Contesto termico di stampo prettamente invernale con valori termici inferiori alle medie del periodo, specie le massime.<\/p>\n<hr \/>\n<p><center><b>VENERDI<\/b><\/center>Al mattino cielo in prevalenza nuvoloso e non \u00e8 ancora del tutto escluso qualche locale fenomeno, eventualmente nevoso fino a fondovalle; nella seconda parte della giornata ampi tratti soleggiati con cielo poco o parzialmente nuvoloso. Temperature minime in lieve o contenuto calo, massime stazionarie o in lieve aumento con clima invernale a tutte le quote.<\/p>\n<p>&nbsp;<\/p>\n<blockquote class=\"wp-embedded-content\" data-secret=\"UdZATio5zW\"><p><a href=\"https:\/\/www.radiopiu.net\/wordpress\/nelle-ultime-24-ore-la-neve-e-scesa-piu-copiosa-sulle-prealpi-bellunesi\/\">NELLE ULTIME 24 ORE LA NEVE E&#8217; SCESA PIU&#8217; COPIOSA SULLE PREALPI BELLUNESI<\/a><\/p><\/blockquote>\n<p><iframe loading=\"lazy\" class=\"wp-embedded-content\" sandbox=\"allow-scripts\" security=\"restricted\" style=\"position: absolute; clip: rect(1px, 1px, 1px, 1px);\" title=\"&#8220;NELLE ULTIME 24 ORE LA NEVE E&#8217; SCESA PIU&#8217; COPIOSA SULLE PREALPI BELLUNESI&#8221; &#8212; Radio Pi\u00f9\" src=\"https:\/\/www.radiopiu.net\/wordpress\/nelle-ultime-24-ore-la-neve-e-scesa-piu-copiosa-sulle-prealpi-bellunesi\/embed\/#?secret=9ZngrXSX4d#?secret=UdZATio5zW\" data-secret=\"UdZATio5zW\" width=\"600\" height=\"338\" frameborder=\"0\" marginwidth=\"0\" marginheight=\"0\" scrolling=\"no\"><\/iframe><\/p>\n<p>&nbsp;<\/p>\n<hr \/>\n<p>&nbsp;<\/p>\n<p><a class=\"dt-pswp-item\" href=\"https:\/\/www.radiopiu.net\/wordpress\/wp-content\/uploads\/2018\/09\/sport.jpg\" data-dt-img-description=\"\" data-large_image_width=\"800\" data-large_image_height=\"100\"><img loading=\"lazy\" decoding=\"async\" class=\"aligncenter wp-image-60761 size-full\" src=\"https:\/\/www.radiopiu.net\/wordpress\/wp-content\/uploads\/2018\/09\/sport.jpg\" alt=\"\" width=\"800\" height=\"100\" srcset=\"https:\/\/www.radiopiu.net\/wordpress\/wp-content\/uploads\/2018\/09\/sport.jpg 800w, https:\/\/www.radiopiu.net\/wordpress\/wp-content\/uploads\/2018\/09\/sport-300x38.jpg 300w, https:\/\/www.radiopiu.net\/wordpress\/wp-content\/uploads\/2018\/09\/sport-768x96.jpg 768w\" sizes=\"auto, (max-width: 800px) 100vw, 800px\" \/><\/a><\/p>\n<p>&nbsp;<\/p>\n<p><span style=\"color: #0000ff;\"><strong>HOCKEY SU GHIACCIO<\/strong><\/span><\/p>\n<blockquote>\n<h3>LA QUALIFICAZIONE AI PLAYOFF PER L&#8217;ALLEGHE E&#8217; UNA MISSIONE IMPOSSIBILE<\/h3>\n<\/blockquote>\n<p><strong><a class=\"dt-pswp-item\" href=\"https:\/\/www.radiopiu.net\/wordpress\/wp-content\/uploads\/2023\/01\/86d3685c-6d28-4cfe-959e-5af4aaf21bd4.jpg\" data-dt-img-description=\"\" data-large_image_width=\"1024\" data-large_image_height=\"768\"><img loading=\"lazy\" decoding=\"async\" class=\" wp-image-316975 alignleft\" src=\"https:\/\/www.radiopiu.net\/wordpress\/wp-content\/uploads\/2023\/01\/86d3685c-6d28-4cfe-959e-5af4aaf21bd4-300x225.jpg\" alt=\"\" width=\"171\" height=\"128\" srcset=\"https:\/\/www.radiopiu.net\/wordpress\/wp-content\/uploads\/2023\/01\/86d3685c-6d28-4cfe-959e-5af4aaf21bd4-300x225.jpg 300w, https:\/\/www.radiopiu.net\/wordpress\/wp-content\/uploads\/2023\/01\/86d3685c-6d28-4cfe-959e-5af4aaf21bd4-768x576.jpg 768w, https:\/\/www.radiopiu.net\/wordpress\/wp-content\/uploads\/2023\/01\/86d3685c-6d28-4cfe-959e-5af4aaf21bd4.jpg 1024w\" sizes=\"auto, (max-width: 171px) 100vw, 171px\" \/><\/a>di Marco Gaz<\/strong><\/p>\n<p><strong>REDAZIONE\u00a0<\/strong>Tre sconfitte in altrettante giornate giocate per l&#8217;Alleghe Hockey nel Qualification Round della IHL. Non \u00e8 iniziata bene la seconda fase del campionato delle civette che si trovano in fondo alla classifica con solo un punto. Ma la matematica dice che la squadra di Fontana non ha perso ancora tutte le speranze di accedere ai quarti di finale del campionato. Mancano 6 partite alla fine del girone di qualificazione, 18 potenziali punti per agguantare la terza posizione che in questo momento \u00e8 occupata dal Como, prossimo avversario dei biancorossi. Il campionato riprender\u00e0 il 28 gennaio, 15 giorni di pausa per l&#8217;Alleghe per preparare al meglio il prossimo incontro con i lariani. Nel frattempo le altre squadre giocheranno oggi i quarti di finale della Coppa Italia mentre nel fine settimana sono in programma le semifinali e la finalissima allo stadio di Varese.<\/p>\n<p><strong>L&#8217;INTERVISTA DI ROBERTO MIANA AL GIOCATORE DELL&#8217;ALLEGHE MARWIN MARTINI<\/strong><\/p>\n<audio class=\"wp-audio-shortcode\" id=\"audio-316946-17\" preload=\"none\" style=\"width: 100%;\" controls=\"controls\"><source type=\"audio\/mpeg\" src=\"https:\/\/www.radiopiu.net\/wordpress\/wp-content\/uploads\/2023\/01\/MIANA-MARWIN-MARTINI.mp3?_=17\" \/><a href=\"https:\/\/www.radiopiu.net\/wordpress\/wp-content\/uploads\/2023\/01\/MIANA-MARWIN-MARTINI.mp3\">https:\/\/www.radiopiu.net\/wordpress\/wp-content\/uploads\/2023\/01\/MIANA-MARWIN-MARTINI.mp3<\/a><\/audio>\n<p>&nbsp;<\/p>\n<hr \/>\n<p>&nbsp;<\/p>\n<p><span style=\"color: #0000ff;\"><strong>PALLAVOLO<\/strong><\/span><\/p>\n<blockquote>\n<h3><a class=\"dt-pswp-item\" href=\"https:\/\/www.radiopiu.net\/wordpress\/wp-content\/uploads\/2023\/01\/Under_15_premiata.jpg\" data-dt-img-description=\"\" data-large_image_width=\"933\" data-large_image_height=\"622\"><img loading=\"lazy\" decoding=\"async\" class=\" wp-image-316993 alignleft\" src=\"https:\/\/www.radiopiu.net\/wordpress\/wp-content\/uploads\/2023\/01\/Under_15_premiata-300x200.jpg\" alt=\"\" width=\"221\" height=\"147\" srcset=\"https:\/\/www.radiopiu.net\/wordpress\/wp-content\/uploads\/2023\/01\/Under_15_premiata-300x200.jpg 300w, https:\/\/www.radiopiu.net\/wordpress\/wp-content\/uploads\/2023\/01\/Under_15_premiata-768x512.jpg 768w, https:\/\/www.radiopiu.net\/wordpress\/wp-content\/uploads\/2023\/01\/Under_15_premiata.jpg 933w\" sizes=\"auto, (max-width: 221px) 100vw, 221px\" \/><\/a>UN CAPOLAVORO NELLA FASE REGIONALE PER LA PALLAVOLO BELLUNO UNDER 15<\/h3>\n<\/blockquote>\n<p><strong>BELLUNO <\/strong>Un vero e proprio capolavoro: l\u2019Under 15 della Pallavolo Maschile Belluno si qualifica nella fase regionale. Decisiva, in questo senso, la terza piazza ottenuta in ambito interprovinciale: il nobile piazzamento \u00e8 figlio del successo nella finale per un posto sul podio, andata in scena ieri a Mogliano contro i pari et\u00e0 del Portogruaro.<span class=\"gmail-Apple-converted-space\"> \u00a0<\/span>La prova dei bellunesi? Ai limiti della perfezione, come testimonia il 3-0 rifilato agli avversari con i parziali di 25-18, 25-17, 25-19<\/p>\n<p>&nbsp;<\/p>\n<p>&nbsp;<\/p>\n<hr \/>\n<p>&nbsp;<\/p>\n<p><span style=\"color: #0000ff;\"><strong>CORSA CAMPESTRE<\/strong><\/span><\/p>\n<blockquote>\n<h3>LE SOCIETA&#8217; DEL CSI BELLUNO E FELTRE BRILLANO A TRISSINO<\/h3>\n<\/blockquote>\n<p><strong><a class=\"dt-pswp-item\" href=\"https:\/\/www.radiopiu.net\/wordpress\/wp-content\/uploads\/2023\/01\/polisportiva-santa-giustina.jpeg\" data-dt-img-description=\"\" data-large_image_width=\"1600\" data-large_image_height=\"738\"><img loading=\"lazy\" decoding=\"async\" class=\"size-medium wp-image-316961 alignleft\" src=\"https:\/\/www.radiopiu.net\/wordpress\/wp-content\/uploads\/2023\/01\/polisportiva-santa-giustina-300x138.jpeg\" alt=\"\" width=\"300\" height=\"138\" srcset=\"https:\/\/www.radiopiu.net\/wordpress\/wp-content\/uploads\/2023\/01\/polisportiva-santa-giustina-300x138.jpeg 300w, https:\/\/www.radiopiu.net\/wordpress\/wp-content\/uploads\/2023\/01\/polisportiva-santa-giustina-1024x472.jpeg 1024w, https:\/\/www.radiopiu.net\/wordpress\/wp-content\/uploads\/2023\/01\/polisportiva-santa-giustina-768x354.jpeg 768w, https:\/\/www.radiopiu.net\/wordpress\/wp-content\/uploads\/2023\/01\/polisportiva-santa-giustina-1536x708.jpeg 1536w, https:\/\/www.radiopiu.net\/wordpress\/wp-content\/uploads\/2023\/01\/polisportiva-santa-giustina.jpeg 1600w\" sizes=\"auto, (max-width: 300px) 100vw, 300px\" \/><\/a>BELLUNO <\/strong>Una grande partecipazione e ottimi risultati per le societ\u00e0 del comitato di Belluno e di quello di Feltre del Centro sportivo italiano, impegnate domenica a Trissino (Vicenza) nella prima prova del Campionato regionale di corsa campestre Csi. Ben dieci le formazioni di Csi Belluno in gara. Nelle parti altissime della classifica a squadre il Gs Astra Quero, che ha conquistato il quinto posto, e il Gs Castionese, in sesta posizione. A livello individuale sono arrivati otto primi posti, sei secondi e sette terzi.<\/p>\n<p><strong>I MIGLIORI RISULTATI<\/strong><\/p>\n<p>Primi posti: Nicol\u00f2 Maccagnan (La Piave, Esordienti); Mattia Simeoni (Astra Quero, Ragazzi); Alessia Miniutti (Astra, Allieve); Elisa Gullo (Castionese, Amatori A); Sabrina Viel (Castionese, Amatori B); Mihail Sirbu (Castionese, Seniores); Loris Minella (Virtus Nemeggio, Amatori A); Luigi Bortoluzzi (Castionese, Veterani B). Secondi posti: Gabriel Da Rold (Castionese, Ragazzi); Leila Colussi (Virtus Nemeggio, Allieve); Genny De Simoi (Virtus Nemeggio, Amatori B); Diego Viel (Castionese, Amatori B); Livio De Paoli (Atletica Trichiana, Amatori B); Adriano Sommariva (Atletica Lamon, Veterani B). Terzi posti: Nina Cima (La Piave, Ragazze); Giacomo Votta (Atletica Zoldo, Cadetti); Silvia Menegazzo (Virtus Nemeggio, Allieve); Matilde De Carli (Atletica Lamon, Juniores); Raffaele Teza (Atletica Zoldo, Seniores); Alvaro Zanoni (Virtus Nemeggio, Amatori A); Consuelo De Bortoli (Virtus Nemeggio, Veterani B). Classifica per societ\u00e0: 1. Polisportiva Dueville punti 857; 2. Union Creazzo 610; 3. Atletica Colli Berici 533; 5. Astra Quero 509; 6. Gs Castionese 506; 8. Virtus Nemeggio 403; 11. Atletica Lamon 310; 12. Polisportiva Santa Giustina 289; 14. La Piave 212; 16. Atletica Zoldo 190; 30. Atletica Trichiana 75; 31. Aquilotti Pelos 63; 34. Us Cesio 29; 35. As Pozzale 26; 41. Giocallena 13.<\/p>\n<p>&nbsp;<\/p>\n<p>&nbsp;<\/p>\n<\/div>\n","protected":false},"excerpt":{"rendered":"<p>RADIO PIU INFORMAZIONE il canale su TELEGRAM informazione di prima\u00a0 mano e in tempo reale. iscriviti ed aiutaci a farlo conoscere\u00a0 ISCRIVITI AL NOSTRO CANALE YOUTUBE PER SEGUIRE IN DIRETTA I PRINCIPALI PROGRAMMI DI RADIO PIU&#8217; E LE FUTURE DIRETTE IN ESTERNA. PER ISCRIVERTI CLICCA QUI E PREMI IL TASTO &#8220;Iscriviti&#8221;\u00a0 &nbsp; &nbsp; DICHIARATO STATO&hellip;<\/p>\n","protected":false},"author":4,"featured_media":317070,"comment_status":"closed","ping_status":"closed","sticky":false,"template":"","format":"standard","meta":{"_monsterinsights_skip_tracking":false,"_monsterinsights_sitenote_active":false,"_monsterinsights_sitenote_note":"","_monsterinsights_sitenote_category":0,"footnotes":""},"categories":[104,86,49],"tags":[],"class_list":["post-316946","post","type-post","status-publish","format-standard","has-post-thumbnail","hentry","category-evidenza_3","category-gr","category-news-18","category-104","category-86","category-49","description-off"],"img_url":"https:\/\/www.radiopiu.net\/wordpress\/wp-content\/uploads\/2023\/01\/photo_5922243745355512089_y.jpg","_links":{"self":[{"href":"https:\/\/www.radiopiu.net\/wordpress\/wp-json\/wp\/v2\/posts\/316946","targetHints":{"allow":["GET"]}}],"collection":[{"href":"https:\/\/www.radiopiu.net\/wordpress\/wp-json\/wp\/v2\/posts"}],"about":[{"href":"https:\/\/www.radiopiu.net\/wordpress\/wp-json\/wp\/v2\/types\/post"}],"author":[{"embeddable":true,"href":"https:\/\/www.radiopiu.net\/wordpress\/wp-json\/wp\/v2\/users\/4"}],"replies":[{"embeddable":true,"href":"https:\/\/www.radiopiu.net\/wordpress\/wp-json\/wp\/v2\/comments?post=316946"}],"version-history":[{"count":0,"href":"https:\/\/www.radiopiu.net\/wordpress\/wp-json\/wp\/v2\/posts\/316946\/revisions"}],"wp:featuredmedia":[{"embeddable":true,"href":"https:\/\/www.radiopiu.net\/wordpress\/wp-json\/wp\/v2\/media\/317070"}],"wp:attachment":[{"href":"https:\/\/www.radiopiu.net\/wordpress\/wp-json\/wp\/v2\/media?parent=316946"}],"wp:term":[{"taxonomy":"category","embeddable":true,"href":"https:\/\/www.radiopiu.net\/wordpress\/wp-json\/wp\/v2\/categories?post=316946"},{"taxonomy":"post_tag","embeddable":true,"href":"https:\/\/www.radiopiu.net\/wordpress\/wp-json\/wp\/v2\/tags?post=316946"}],"curies":[{"name":"wp","href":"https:\/\/api.w.org\/{rel}","templated":true}]}}