{"id":316987,"date":"2023-01-17T05:37:22","date_gmt":"2023-01-17T04:37:22","guid":{"rendered":"https:\/\/www.radiopiu.net\/wordpress\/?p=316987"},"modified":"2023-01-17T05:40:44","modified_gmt":"2023-01-17T04:40:44","slug":"domani-a-frassene-i-funerali-di-kevin-fontanive","status":"publish","type":"post","link":"https:\/\/www.radiopiu.net\/wordpress\/domani-a-frassene-i-funerali-di-kevin-fontanive\/","title":{"rendered":"OGGI A FRASSENE&#8217; I FUNERALI DI KEVIN FONTANIVE"},"content":{"rendered":"<p><strong>VOLTAGO<\/strong> Verranno celebrati oggi\u00a0 i funerali di Kevin Fontanive. A darne il triste annuncio la mamma, il pap\u00e0, la sorella Gloria con Franco e i nipoti Bruno e Mia, gli zii e tutti i parenti. I funerali si svolgeranno domani alle 14:30 nella Chiesa Parrocchiale di Frassen\u00e8 Agordino. Stasera alle 18 il Santo Rosario nella cripta della Chiesa di Frassen\u00e8. Kevin se n&#8217;\u00e8 andato per un malore, era gravemente malato e faceva la dialisi in attesa di trapianto.<\/p>\n<p>L&#8217;ultima annotazione, sulla malattia di Kevin, in redazione avevamo deciso di non pubblicarla, perch\u00e9 riservata, perch\u00e9 cullata nel dolore dei famigliari. Mai avremo pensato che i soliti &#8220;leoni da tastiera&#8221; sarebbero arrivati a strumentalizzare la morte di un giovane sui social con commenti al limite della denuncia, contro la medicina, con ipotesi strampalate,\u00a0 con commenti insensati. Per questo nel pomeriggio di ieri la scelta di pubblicare le cause che hanno portato alla scomparsa del giovane.\u00a0 <em>&#8220;Chi non ha rispetto per la morte, non merita il rispetto&#8221;<\/em>, questo avremo voluto scrivere a caratteri cubitali.\u00a0 Anche il dottor Spiridione Della Lucia ieri ha condannato gli ignoranti dei social in seguito alla indecorosa strumentalizzazione.<em> &#8220;Chiedo ha concluso il medico, dopo averci invitato a fare chiarezza sul triste episodio &#8211; che questa morte non debba finire in pasto alle delle iene, come sta avvenendo in queste ore\u00bb.<\/em><\/p>\n<p><a class=\"dt-pswp-item\" href=\"https:\/\/www.radiopiu.net\/wordpress\/wp-content\/uploads\/2023\/01\/Schermata-2023-01-16-alle-11.50.41.png\" data-dt-img-description=\"\" data-large_image_width=\"908\" data-large_image_height=\"1308\"><img loading=\"lazy\" decoding=\"async\" class=\"alignnone size-medium wp-image-316988\" src=\"https:\/\/www.radiopiu.net\/wordpress\/wp-content\/uploads\/2023\/01\/Schermata-2023-01-16-alle-11.50.41-208x300.png\" alt=\"\" width=\"208\" height=\"300\" srcset=\"https:\/\/www.radiopiu.net\/wordpress\/wp-content\/uploads\/2023\/01\/Schermata-2023-01-16-alle-11.50.41-208x300.png 208w, https:\/\/www.radiopiu.net\/wordpress\/wp-content\/uploads\/2023\/01\/Schermata-2023-01-16-alle-11.50.41-711x1024.png 711w, https:\/\/www.radiopiu.net\/wordpress\/wp-content\/uploads\/2023\/01\/Schermata-2023-01-16-alle-11.50.41-768x1106.png 768w, https:\/\/www.radiopiu.net\/wordpress\/wp-content\/uploads\/2023\/01\/Schermata-2023-01-16-alle-11.50.41.png 908w\" sizes=\"auto, (max-width: 208px) 100vw, 208px\" \/><\/a><\/p>\n<p>&nbsp;<\/p>\n<blockquote>\n<h3>UNA RACCOLTA FONDI NEL RICORDO DI KEVIN<\/h3>\n<\/blockquote>\n<p>&nbsp;<\/p>\n<p><strong><img loading=\"lazy\" decoding=\"async\" class=\"alignleft\" src=\"https:\/\/www.radiopiu.net\/wordpress\/wp-content\/uploads\/2023\/01\/kevin.jpg\" width=\"188\" height=\"186\" \/>VOLTAGO<\/strong> Per iniziativa dei coscritti di Voltago del 1996, in collaborazione con il gruppo giovani di Voltago e Frassen\u00e8 \u00e8 stata avviata una raccolta fondi in memoria del loro amato coscritto Kevin Fontanive. <em>&#8220;Abbiamo deciso di raccogliere delle offerte, spiegano i ragazzi e le ragazze di Voltago, in memoria del nostro coscritto Kevin. L&#8217;intera somma sar\u00e0 devoluta per la ricerca, ovvero all&#8217;associazione che studia la malattia che ha portato alla scomparsa del nostro caro amico&#8221;. <\/em>La raccolta si terr\u00e0 durante le esequie ma \u00e8 \u00a0possibile donare anche attraverso \u00a0il link reperibile sulla pagina Facebook del Gruppo Giovani Voltago-Frassen\u00e8, oppure con\u00a0 \u00a0le cassettine predisposte a Frassen\u00e8 presso il Bar Alpino e a Voltago presso il Bar Stella Alpina<\/p>\n<a href=\"https:\/\/www.radiopiu.net\/wordpress\/wp-content\/uploads\/2023\/01\/Donazione-Kevin.pdf\" class=\"pdfemb-viewer\" style=\"\" data-width=\"max\" data-height=\"max\" data-toolbar=\"top\" data-toolbar-fixed=\"on\">Donazione Kevin<\/a>\n<p>&nbsp;<\/p>\n<p>&nbsp;<\/p>\n<p>******<\/p>\n","protected":false},"excerpt":{"rendered":"<p>VOLTAGO Verranno celebrati oggi\u00a0 i funerali di Kevin Fontanive. A darne il triste annuncio la mamma, il pap\u00e0, la sorella Gloria con Franco e i nipoti Bruno e Mia, gli zii e tutti i parenti. I funerali si svolgeranno domani alle 14:30 nella Chiesa Parrocchiale di Frassen\u00e8 Agordino. Stasera alle 18 il Santo Rosario nella&hellip;<\/p>\n","protected":false},"author":4,"featured_media":316989,"comment_status":"closed","ping_status":"closed","sticky":false,"template":"","format":"standard","meta":{"_monsterinsights_skip_tracking":false,"_monsterinsights_sitenote_active":false,"_monsterinsights_sitenote_note":"","_monsterinsights_sitenote_category":0,"footnotes":""},"categories":[51,49],"tags":[],"class_list":["post-316987","post","type-post","status-publish","format-standard","has-post-thumbnail","hentry","category-evidenza-top","category-news-18","category-51","category-49","description-off"],"img_url":"https:\/\/www.radiopiu.net\/wordpress\/wp-content\/uploads\/2023\/01\/Schermata-2023-01-16-alle-11.55.51.png","_links":{"self":[{"href":"https:\/\/www.radiopiu.net\/wordpress\/wp-json\/wp\/v2\/posts\/316987","targetHints":{"allow":["GET"]}}],"collection":[{"href":"https:\/\/www.radiopiu.net\/wordpress\/wp-json\/wp\/v2\/posts"}],"about":[{"href":"https:\/\/www.radiopiu.net\/wordpress\/wp-json\/wp\/v2\/types\/post"}],"author":[{"embeddable":true,"href":"https:\/\/www.radiopiu.net\/wordpress\/wp-json\/wp\/v2\/users\/4"}],"replies":[{"embeddable":true,"href":"https:\/\/www.radiopiu.net\/wordpress\/wp-json\/wp\/v2\/comments?post=316987"}],"version-history":[{"count":0,"href":"https:\/\/www.radiopiu.net\/wordpress\/wp-json\/wp\/v2\/posts\/316987\/revisions"}],"wp:featuredmedia":[{"embeddable":true,"href":"https:\/\/www.radiopiu.net\/wordpress\/wp-json\/wp\/v2\/media\/316989"}],"wp:attachment":[{"href":"https:\/\/www.radiopiu.net\/wordpress\/wp-json\/wp\/v2\/media?parent=316987"}],"wp:term":[{"taxonomy":"category","embeddable":true,"href":"https:\/\/www.radiopiu.net\/wordpress\/wp-json\/wp\/v2\/categories?post=316987"},{"taxonomy":"post_tag","embeddable":true,"href":"https:\/\/www.radiopiu.net\/wordpress\/wp-json\/wp\/v2\/tags?post=316987"}],"curies":[{"name":"wp","href":"https:\/\/api.w.org\/{rel}","templated":true}]}}