{"id":317017,"date":"2023-01-17T05:28:58","date_gmt":"2023-01-17T04:28:58","guid":{"rendered":"https:\/\/www.radiopiu.net\/wordpress\/?p=317017"},"modified":"2023-01-17T05:45:03","modified_gmt":"2023-01-17T04:45:03","slug":"dichiarato-stato-di-attenzione-per-nevicate-per-i-fondovalle-prealpini","status":"publish","type":"post","link":"https:\/\/www.radiopiu.net\/wordpress\/dichiarato-stato-di-attenzione-per-nevicate-per-i-fondovalle-prealpini\/","title":{"rendered":"DICHIARATO STATO DI ATTENZIONE PER NEVICATE PER I FONDOVALLE PREALPINI"},"content":{"rendered":"<p><strong><a class=\"dt-pswp-item\" href=\"https:\/\/www.radiopiu.net\/wordpress\/wp-content\/uploads\/2021\/12\/NEVE-STRADA.jpg\" data-dt-img-description=\"\" data-large_image_width=\"1920\" data-large_image_height=\"1280\"><img loading=\"lazy\" decoding=\"async\" class=\" wp-image-247467 alignleft\" src=\"https:\/\/www.radiopiu.net\/wordpress\/wp-content\/uploads\/2021\/12\/NEVE-STRADA-300x200.jpg\" alt=\"\" width=\"128\" height=\"85\" srcset=\"https:\/\/www.radiopiu.net\/wordpress\/wp-content\/uploads\/2021\/12\/NEVE-STRADA-300x200.jpg 300w, https:\/\/www.radiopiu.net\/wordpress\/wp-content\/uploads\/2021\/12\/NEVE-STRADA-1024x683.jpg 1024w, https:\/\/www.radiopiu.net\/wordpress\/wp-content\/uploads\/2021\/12\/NEVE-STRADA-768x512.jpg 768w, https:\/\/www.radiopiu.net\/wordpress\/wp-content\/uploads\/2021\/12\/NEVE-STRADA-1536x1024.jpg 1536w, https:\/\/www.radiopiu.net\/wordpress\/wp-content\/uploads\/2021\/12\/NEVE-STRADA.jpg 1920w\" sizes=\"auto, (max-width: 128px) 100vw, 128px\" \/><\/a>VENEZIA <\/strong>Il Centro Funzionale Decentrato della Protezione Civile regionale, alla luce delle previsioni meteo, ha dichiarato lo stato di attenzione per nevicate per i fondovalle prealpini (da riconfigurare a livello locale in fase di preallarme o allarme a seconda dell\u2019intensit\u00e0 dei fenomeni) dalle ore 12 di domani, marted\u00ec 17 gennaio e fino alla mezzanotte di mercoled\u00ec 18. Oggi e domani il limite della neve \u00e8 in abbassamento a quote collinari, mentre nella seconda parte di marted\u00ec 17 saranno possibili accumuli di qualche centimetro anche nei fondovalle prealpini. Per il resto possibile qualche fiocco di neve sulle zone collinari, non escluso misto a pioggia anche su pianura centro occidentale in occasione di eventuali rovesci.<\/p>\n<p>&nbsp;<\/p>\n<p>&nbsp;<\/p>\n<p>*****<\/p>\n","protected":false},"excerpt":{"rendered":"<p>VENEZIA Il Centro Funzionale Decentrato della Protezione Civile regionale, alla luce delle previsioni meteo, ha dichiarato lo stato di attenzione per nevicate per i fondovalle prealpini (da riconfigurare a livello locale in fase di preallarme o allarme a seconda dell\u2019intensit\u00e0 dei fenomeni) dalle ore 12 di domani, marted\u00ec 17 gennaio e fino alla mezzanotte di&hellip;<\/p>\n","protected":false},"author":4,"featured_media":247467,"comment_status":"closed","ping_status":"closed","sticky":false,"template":"","format":"standard","meta":{"_monsterinsights_skip_tracking":false,"_monsterinsights_sitenote_active":false,"_monsterinsights_sitenote_note":"","_monsterinsights_sitenote_category":0,"footnotes":""},"categories":[104,49],"tags":[],"class_list":["post-317017","post","type-post","status-publish","format-standard","has-post-thumbnail","hentry","category-evidenza_3","category-news-18","category-104","category-49","description-off"],"img_url":"https:\/\/www.radiopiu.net\/wordpress\/wp-content\/uploads\/2021\/12\/NEVE-STRADA.jpg","_links":{"self":[{"href":"https:\/\/www.radiopiu.net\/wordpress\/wp-json\/wp\/v2\/posts\/317017","targetHints":{"allow":["GET"]}}],"collection":[{"href":"https:\/\/www.radiopiu.net\/wordpress\/wp-json\/wp\/v2\/posts"}],"about":[{"href":"https:\/\/www.radiopiu.net\/wordpress\/wp-json\/wp\/v2\/types\/post"}],"author":[{"embeddable":true,"href":"https:\/\/www.radiopiu.net\/wordpress\/wp-json\/wp\/v2\/users\/4"}],"replies":[{"embeddable":true,"href":"https:\/\/www.radiopiu.net\/wordpress\/wp-json\/wp\/v2\/comments?post=317017"}],"version-history":[{"count":0,"href":"https:\/\/www.radiopiu.net\/wordpress\/wp-json\/wp\/v2\/posts\/317017\/revisions"}],"wp:featuredmedia":[{"embeddable":true,"href":"https:\/\/www.radiopiu.net\/wordpress\/wp-json\/wp\/v2\/media\/247467"}],"wp:attachment":[{"href":"https:\/\/www.radiopiu.net\/wordpress\/wp-json\/wp\/v2\/media?parent=317017"}],"wp:term":[{"taxonomy":"category","embeddable":true,"href":"https:\/\/www.radiopiu.net\/wordpress\/wp-json\/wp\/v2\/categories?post=317017"},{"taxonomy":"post_tag","embeddable":true,"href":"https:\/\/www.radiopiu.net\/wordpress\/wp-json\/wp\/v2\/tags?post=317017"}],"curies":[{"name":"wp","href":"https:\/\/api.w.org\/{rel}","templated":true}]}}