{"id":317158,"date":"2023-01-18T05:30:13","date_gmt":"2023-01-18T04:30:13","guid":{"rendered":"https:\/\/www.radiopiu.net\/wordpress\/?p=317158"},"modified":"2023-01-18T15:44:30","modified_gmt":"2023-01-18T14:44:30","slug":"giornale-radiopiu-18-gennaio-2023-direttore-mirko-mezzacasa-verso-i-40-anni-25-giugno-1983-25-giugno-2023","status":"publish","type":"post","link":"https:\/\/www.radiopiu.net\/wordpress\/giornale-radiopiu-18-gennaio-2023-direttore-mirko-mezzacasa-verso-i-40-anni-25-giugno-1983-25-giugno-2023\/","title":{"rendered":"GIORNALE RADIOPIU 18 GENNAIO 2023 DIRETTORE MIRKO MEZZACASA&#8230;verso i 40 anni 25 giugno 1983-25 giugno 2023"},"content":{"rendered":"<h3 class=\"kvgmc6g5 cxmmr5t8 oygrvhab hcukyx3x c1et5uql\"><span style=\"color: #0000ff;\"><strong>RADIO PIU INFORMAZIONE il canale su TELEGRAM informazione di prima\u00a0 <\/strong><strong>mano e in tempo reale. iscriviti ed aiutaci a farlo conoscere\u00a0<\/strong><\/span><\/h3>\n<p>&nbsp;<\/p>\n<p><strong>IL RICORDO,Fratel Biagio con Davide a Canale d&#8217;Agordo il 5 luglio 2017<\/strong><\/p>\n\n\t\t\t<style type='text\/css'>\n\t\t\t\t#gallery-1 {\n\t\t\t\t\tmargin: auto;\n\t\t\t\t}\n\t\t\t\t#gallery-1 .gallery-item {\n\t\t\t\t\tfloat: left;\n\t\t\t\t\tmargin-top: 10px;\n\t\t\t\t\ttext-align: center;\n\t\t\t\t\twidth: 25%;\n\t\t\t\t}\n\t\t\t\t#gallery-1 img {\n\t\t\t\t\tborder: 2px solid #cfcfcf;\n\t\t\t\t}\n\t\t\t\t#gallery-1 .gallery-caption {\n\t\t\t\t\tmargin-left: 0;\n\t\t\t\t}\n\t\t\t\t\/* see gallery_shortcode() in wp-includes\/media.php *\/\n\t\t\t<\/style>\n\t\t<div id='gallery-1' class='dt-gallery-container gallery galleryid-317158 gallery-columns-4 gallery-size-thumbnail'><dl class='gallery-item'>\n\t\t\t\t<dt class='gallery-icon landscape'>\n\t\t\t\t\t<a class=\"rollover rollover-zoom dt-pswp-item\" title=\"88222ff6-91d1-4bb3-b5b0-78cd7bd8f036\" data-dt-img-description=\"\" data-large_image_width=\"1600\" data-large_image_height=\"1200\"href='https:\/\/www.radiopiu.net\/wordpress\/wp-content\/uploads\/2023\/01\/88222ff6-91d1-4bb3-b5b0-78cd7bd8f036.jpg'><img loading=\"lazy\" decoding=\"async\" width=\"150\" height=\"150\" src=\"https:\/\/www.radiopiu.net\/wordpress\/wp-content\/uploads\/2023\/01\/88222ff6-91d1-4bb3-b5b0-78cd7bd8f036-150x150.jpg\" class=\"attachment-thumbnail size-thumbnail\" alt=\"\" \/><\/a>\n\t\t\t\t<\/dt><\/dl><dl class='gallery-item'>\n\t\t\t\t<dt class='gallery-icon portrait'>\n\t\t\t\t\t<a class=\"rollover rollover-zoom dt-pswp-item\" title=\"15eb0b2d-2d32-476b-973b-3f78e2a8a811\" data-dt-img-description=\"\" data-large_image_width=\"1200\" data-large_image_height=\"1600\"href='https:\/\/www.radiopiu.net\/wordpress\/wp-content\/uploads\/2023\/01\/15eb0b2d-2d32-476b-973b-3f78e2a8a811.jpg'><img loading=\"lazy\" decoding=\"async\" width=\"150\" height=\"150\" src=\"https:\/\/www.radiopiu.net\/wordpress\/wp-content\/uploads\/2023\/01\/15eb0b2d-2d32-476b-973b-3f78e2a8a811-150x150.jpg\" class=\"attachment-thumbnail size-thumbnail\" alt=\"\" \/><\/a>\n\t\t\t\t<\/dt><\/dl><dl class='gallery-item'>\n\t\t\t\t<dt class='gallery-icon landscape'>\n\t\t\t\t\t<a class=\"rollover rollover-zoom dt-pswp-item\" title=\"134a1f9b-f447-4c37-84f5-5f4f73eb2d47\" data-dt-img-description=\"\" data-large_image_width=\"1600\" data-large_image_height=\"1200\"href='https:\/\/www.radiopiu.net\/wordpress\/wp-content\/uploads\/2023\/01\/134a1f9b-f447-4c37-84f5-5f4f73eb2d47.jpg'><img loading=\"lazy\" decoding=\"async\" width=\"150\" height=\"150\" src=\"https:\/\/www.radiopiu.net\/wordpress\/wp-content\/uploads\/2023\/01\/134a1f9b-f447-4c37-84f5-5f4f73eb2d47-150x150.jpg\" class=\"attachment-thumbnail size-thumbnail\" alt=\"\" \/><\/a>\n\t\t\t\t<\/dt><\/dl><dl class='gallery-item'>\n\t\t\t\t<dt class='gallery-icon landscape'>\n\t\t\t\t\t<a class=\"rollover rollover-zoom dt-pswp-item\" title=\"457267bb-ae46-40af-8e47-1ba7dd55518c\" data-dt-img-description=\"\" data-large_image_width=\"1600\" data-large_image_height=\"1200\"href='https:\/\/www.radiopiu.net\/wordpress\/wp-content\/uploads\/2023\/01\/457267bb-ae46-40af-8e47-1ba7dd55518c.jpg'><img loading=\"lazy\" decoding=\"async\" width=\"150\" height=\"150\" src=\"https:\/\/www.radiopiu.net\/wordpress\/wp-content\/uploads\/2023\/01\/457267bb-ae46-40af-8e47-1ba7dd55518c-150x150.jpg\" class=\"attachment-thumbnail size-thumbnail\" alt=\"\" \/><\/a>\n\t\t\t\t<\/dt><\/dl><br style=\"clear: both\" \/>\n\t\t\t<\/div>\n\n<div class=\"page-title-head hgroup\">\n<blockquote>\n<h3 class=\"entry-title\">ALL\u2019ALBA INCIDENTE MORTALE IN GALLERIA, STRADA RIAPERTA IN A MATTINATA<\/h3>\n<\/blockquote>\n<\/div>\n<div class=\"page-title-breadcrumbs\">\n<blockquote><p><em>Lo schianto di primo mattino nella galleria Pedesalto al km 50+10 a Fonzaso. Purtroppo nonostante i soccorsi il medico ha dovuto dichiarare la morte di un uomo 71enne. L\u2019incidente \u00e8 stato causato da una invasione di corsia sulla quale stanno eseguendo accertamenti i carabinieri della stazione di Arsi\u00e8.<\/em><\/p><\/blockquote>\n<p><strong>FONZASO<\/strong> Questa mattina poco dopo le 6:45 grave incidente\u00a0 lungo\u00a0 statale 50 nella galleria di Pedesalto. Due auto hanno colliso frontalmente. Nello scontro ha perso la vita un uomo,\u00a0 71 anni, Silvano Maccagnan di Feltre a bordo di una Focus che viaggiava in direzione di Lamon. I vigili del fuoco\u00a0 di Feltre hanno estratto di feriti dai mezzi. Purtroppo per l&#8217;uomo non c&#8217;\u00e8 stato nulla da fare nonostante le immediate operazioni di\u00a0 soccorso. Viaggiava in senso opposto Verso Fonzaso, un giovane di Sovramonte, al volante di una Nissan \u00e8 stato portato in ospedale al Santa Maria del Prato di\u00a0 Feltre, le sue condizioni non sono gravi.\u00a0 Nell&#8217;auto della\u00a0 vittima anche due cani presi in custodia dai militari. Sul posto per i rilievi\u00a0 i Carabinieri che hanno\u00a0 provveduto anche a deviare il traffico chiudendo la galleria. Intervenuti anche gli uomini di Veneto Strade (foto).<\/p>\n\n\t\t\t<style type='text\/css'>\n\t\t\t\t#gallery-2 {\n\t\t\t\t\tmargin: auto;\n\t\t\t\t}\n\t\t\t\t#gallery-2 .gallery-item {\n\t\t\t\t\tfloat: left;\n\t\t\t\t\tmargin-top: 10px;\n\t\t\t\t\ttext-align: center;\n\t\t\t\t\twidth: 50%;\n\t\t\t\t}\n\t\t\t\t#gallery-2 img {\n\t\t\t\t\tborder: 2px solid #cfcfcf;\n\t\t\t\t}\n\t\t\t\t#gallery-2 .gallery-caption {\n\t\t\t\t\tmargin-left: 0;\n\t\t\t\t}\n\t\t\t\t\/* see gallery_shortcode() in wp-includes\/media.php *\/\n\t\t\t<\/style>\n\t\t<div id='gallery-2' class='dt-gallery-container gallery galleryid-317158 gallery-columns-2 gallery-size-large'><dl class='gallery-item'>\n\t\t\t\t<dt class='gallery-icon landscape'>\n\t\t\t\t\t<a class=\"rollover\" href='https:\/\/www.radiopiu.net\/wordpress\/allalba-incidente-mortale-in-galleria-strada-riaperta-in-a-mattinata\/105babc3-218c-4ed6-bcf2-c17ea6115661\/'><img loading=\"lazy\" decoding=\"async\" width=\"960\" height=\"709\" src=\"https:\/\/www.radiopiu.net\/wordpress\/wp-content\/uploads\/2023\/01\/105babc3-218c-4ed6-bcf2-c17ea6115661.jpg\" class=\"attachment-large size-large\" alt=\"\" srcset=\"https:\/\/www.radiopiu.net\/wordpress\/wp-content\/uploads\/2023\/01\/105babc3-218c-4ed6-bcf2-c17ea6115661.jpg 960w, https:\/\/www.radiopiu.net\/wordpress\/wp-content\/uploads\/2023\/01\/105babc3-218c-4ed6-bcf2-c17ea6115661-300x222.jpg 300w, https:\/\/www.radiopiu.net\/wordpress\/wp-content\/uploads\/2023\/01\/105babc3-218c-4ed6-bcf2-c17ea6115661-768x567.jpg 768w\" sizes=\"auto, (max-width: 960px) 100vw, 960px\" \/><\/a>\n\t\t\t\t<\/dt><\/dl><dl class='gallery-item'>\n\t\t\t\t<dt class='gallery-icon landscape'>\n\t\t\t\t\t<a class=\"rollover\" href='https:\/\/www.radiopiu.net\/wordpress\/allalba-incidente-mortale-in-galleria-strada-riaperta-in-a-mattinata\/629531bc-bb5b-4c6a-b5ca-c5d214565115\/'><img loading=\"lazy\" decoding=\"async\" width=\"1024\" height=\"621\" src=\"https:\/\/www.radiopiu.net\/wordpress\/wp-content\/uploads\/2023\/01\/629531bc-bb5b-4c6a-b5ca-c5d214565115-1024x621.jpg\" class=\"attachment-large size-large\" alt=\"\" srcset=\"https:\/\/www.radiopiu.net\/wordpress\/wp-content\/uploads\/2023\/01\/629531bc-bb5b-4c6a-b5ca-c5d214565115-1024x621.jpg 1024w, https:\/\/www.radiopiu.net\/wordpress\/wp-content\/uploads\/2023\/01\/629531bc-bb5b-4c6a-b5ca-c5d214565115-300x182.jpg 300w, https:\/\/www.radiopiu.net\/wordpress\/wp-content\/uploads\/2023\/01\/629531bc-bb5b-4c6a-b5ca-c5d214565115-768x466.jpg 768w, https:\/\/www.radiopiu.net\/wordpress\/wp-content\/uploads\/2023\/01\/629531bc-bb5b-4c6a-b5ca-c5d214565115.jpg 1091w\" sizes=\"auto, (max-width: 1024px) 100vw, 1024px\" \/><\/a>\n\t\t\t\t<\/dt><\/dl><br style=\"clear: both\" \/>\n\t\t\t<\/div>\n\n<p>&nbsp;<\/p>\n<p>&nbsp;<\/p>\n<\/div>\n<p>&nbsp;<\/p>\n<h2 style=\"text-align: left;\"><span style=\"color: #ff0000;\">ISCRIVITI AL NOSTRO CANALE YOUTUBE PER SEGUIRE IN DIRETTA I PRINCIPALI PROGRAMMI DI RADIO PIU&#8217; E LE FUTURE DIRETTE IN ESTERNA. PER ISCRIVERTI <a style=\"color: #ff0000;\" href=\"https:\/\/youtube.com\/@radiopiu1527\">CLICCA QUI<\/a> E PREMI IL TASTO &#8220;Iscriviti&#8221;\u00a0<\/span><\/h2>\n<p>&nbsp;<\/p>\n<hr \/>\n<p>&nbsp;<\/p>\n<blockquote>\n<h3>L&#8217;ULTIMO SALUTO IN UNA GREMITA CHIESA DI FRASSENE&#8217; &#8220;KEVIN, SIAMO QUI SPIAZZATI, AMMUTOLITI&#8221;<\/h3>\n<\/blockquote>\n<p style=\"text-align: left;\"><strong>VOLTAGO<\/strong> La chiesa parrocchiale di Frassen\u00e8 Agordino era gremita, pi\u00f9 di 300 persone presenti, per dare l&#8217;ultimo saluto a Kevin Fontanive, il 26enne del paese morto improvvisamente domenica. Al rito, celebrato dal parroco don Fabiano Del Favero, hanno partecipato anche tanti giovani del posto, gli amici e i coscritti di Kevin che hanno deposto sulla bara il cappello della coscrizione. Gli stessi coscritti che ieri hanno lanciato la sottoscrizione per il progetto Alice onlus teso a raccogliere fondi in favore dell&#8217;associazione che si batte contro la sindrome emolitico uremica dalla quale era affetto Kevin.<\/p>\n<p>DI GIANNI SANTOMASO<\/p>\n<audio class=\"wp-audio-shortcode\" id=\"audio-317158-1\" preload=\"none\" style=\"width: 100%;\" controls=\"controls\"><source type=\"audio\/mpeg\" src=\"https:\/\/www.radiopiu.net\/wordpress\/wp-content\/uploads\/2023\/01\/GIANNI-FUNERALI.mp3?_=1\" \/><a href=\"https:\/\/www.radiopiu.net\/wordpress\/wp-content\/uploads\/2023\/01\/GIANNI-FUNERALI.mp3\">https:\/\/www.radiopiu.net\/wordpress\/wp-content\/uploads\/2023\/01\/GIANNI-FUNERALI.mp3<\/a><\/audio>\n<p>&nbsp;<\/p>\n<blockquote>\n<h3>L&#8217;OMELIA DI DON FABIANO DEL FAVERO<\/h3>\n<\/blockquote>\n<p><strong>Carissimo Kevin,<\/strong><br \/>\n<a class=\"dt-pswp-item\" href=\"https:\/\/www.radiopiu.net\/wordpress\/wp-content\/uploads\/2023\/01\/457cb23f-7372-4d5f-b7f4-d6aa55f22395.jpg\" data-dt-img-description=\"\" data-large_image_width=\"2000\" data-large_image_height=\"1500\"><img loading=\"lazy\" decoding=\"async\" class=\"size-medium wp-image-317250 alignleft\" src=\"https:\/\/www.radiopiu.net\/wordpress\/wp-content\/uploads\/2023\/01\/457cb23f-7372-4d5f-b7f4-d6aa55f22395-300x225.jpg\" alt=\"\" width=\"300\" height=\"225\" srcset=\"https:\/\/www.radiopiu.net\/wordpress\/wp-content\/uploads\/2023\/01\/457cb23f-7372-4d5f-b7f4-d6aa55f22395-300x225.jpg 300w, https:\/\/www.radiopiu.net\/wordpress\/wp-content\/uploads\/2023\/01\/457cb23f-7372-4d5f-b7f4-d6aa55f22395-1024x768.jpg 1024w, https:\/\/www.radiopiu.net\/wordpress\/wp-content\/uploads\/2023\/01\/457cb23f-7372-4d5f-b7f4-d6aa55f22395-768x576.jpg 768w, https:\/\/www.radiopiu.net\/wordpress\/wp-content\/uploads\/2023\/01\/457cb23f-7372-4d5f-b7f4-d6aa55f22395-1536x1152.jpg 1536w, https:\/\/www.radiopiu.net\/wordpress\/wp-content\/uploads\/2023\/01\/457cb23f-7372-4d5f-b7f4-d6aa55f22395.jpg 2000w\" sizes=\"auto, (max-width: 300px) 100vw, 300px\" \/><\/a>lo ricordi? Ne facevamo accenno, in quelle occasioni in cui ci trovavamo\u2026tu sei stato uno dei primi a correre quando, a fine del 2008, avevo avviato il gruppo delle medie in canonica proprio qui, a Frassen\u00e8. Il tuo entusiasmo per questa proposta era sempre alle stelle, la tua presenza costante, ci siamo adattati la soffitta perch\u00e9 potessimo sentirci a nostro agio\u2026tutto \u00e8 ancora l\u00ec, come l\u2019abbiamo lasciato\u2026tu eri il motore di varie idee per poter stare semplicemente insieme. Tu che ti stavi aprendo alla vita, io che stavo muovendo i primi passi decisivi verso il mio essere prete. Ed oggi sono ancora qui, Kevin. Proprio io\u2026inaspettatamente io. Insieme a questa nostra comunit\u00e0, raccogliamo il dolore di mamma Carla, pap\u00e0 Checco, di tua sorella Gloria insieme alla sua famiglia\u2026dei tuoi cari\u2026dei tuoi tanti amici e colleghi. Siamo qui, spiazzati. Siamo qui, ammutoliti. Siamo qui, anche un po\u2019 arrabbiati, non ce lo nascondiamo. Non con te, ci mancherebbe\u2026ma con Dio. Perch\u00e9 certi vuoti proprio non li riusciamo a comprendere, certe dipartite pesano sul cuore e chiudono lo stomaco. Perch\u00e9 ci pare che gi\u00e0 il tempo della prova fosse stato sufficiente per te. Dopo aver sostato presso di te, son tornato a casa. Non ti nascondo come una tristezza grande mi abbia avvolto. Ho chiesto a Dio ti farsi accanto ai tuoi. Perch\u00e9 questa\u2026\u00e8 grossa e pesante come croce da portare. Le parole che abbiamo appena ascoltato e che son risuonate nelle nostre chiese proprio domenica &#8211; quando hai chiuso gli occhi a questo mondo &#8211; mi hanno strattonato, smosso, rincuorato. Il Vangelo, in questo atto di fede cos\u00ec solenne da parte del Battista &#8211; che noi <a class=\"dt-pswp-item\" href=\"https:\/\/www.radiopiu.net\/wordpress\/wp-content\/uploads\/2023\/01\/e66fcedd-c4c6-4a9b-b725-24d9f93ae944.jpg\" data-dt-img-description=\"\" data-large_image_width=\"2000\" data-large_image_height=\"1500\"><img loading=\"lazy\" decoding=\"async\" class=\"size-medium wp-image-317251 alignright\" src=\"https:\/\/www.radiopiu.net\/wordpress\/wp-content\/uploads\/2023\/01\/e66fcedd-c4c6-4a9b-b725-24d9f93ae944-300x225.jpg\" alt=\"\" width=\"300\" height=\"225\" srcset=\"https:\/\/www.radiopiu.net\/wordpress\/wp-content\/uploads\/2023\/01\/e66fcedd-c4c6-4a9b-b725-24d9f93ae944-300x225.jpg 300w, https:\/\/www.radiopiu.net\/wordpress\/wp-content\/uploads\/2023\/01\/e66fcedd-c4c6-4a9b-b725-24d9f93ae944-1024x768.jpg 1024w, https:\/\/www.radiopiu.net\/wordpress\/wp-content\/uploads\/2023\/01\/e66fcedd-c4c6-4a9b-b725-24d9f93ae944-768x576.jpg 768w, https:\/\/www.radiopiu.net\/wordpress\/wp-content\/uploads\/2023\/01\/e66fcedd-c4c6-4a9b-b725-24d9f93ae944-1536x1152.jpg 1536w, https:\/\/www.radiopiu.net\/wordpress\/wp-content\/uploads\/2023\/01\/e66fcedd-c4c6-4a9b-b725-24d9f93ae944.jpg 2000w\" sizes=\"auto, (max-width: 300px) 100vw, 300px\" \/><\/a>oltretutto qui invochiamo &#8211; mi ha scaldato il cuore.\u00a0 Egli d\u00e0 testimonianza di ci\u00f2 che ha visto, rassicura che non si \u00e8 inventato nulla, si fida. Di un Dio i cui tratti non sono proprio cos\u00ec evidenti, di una missione ricevuta che umanamente ha un che di folle. Ma persevera, perch\u00e9 si riconosce coinvolto in un disegno pi\u00f9 grande di lui e del suo finito orizzonte. Lo stesso accade per noi. Non vi \u00e8 solo ci\u00f2 che vediamo e tocchiamo con mano, vi \u00e8 uno sguardo che si posa sul nostro vissuto e che pu\u00f2 renderlo pieno, purch\u00e8 noi siamo d\u2019accordo. Me l\u2019hai attestato tu stesso, quando ci siamo visti poco prima di Natale\u2026mi hai raccontato di te, del lavoro, di come ti gestivi\u2026eri contento della tua vita. Una vita vissuta ed <a class=\"dt-pswp-item\" href=\"https:\/\/www.radiopiu.net\/wordpress\/wp-content\/uploads\/2023\/01\/2ff0b6c3-6f01-4d1b-9ac8-38edee6316a4-1.jpg\" data-dt-img-description=\"\" data-large_image_width=\"2048\" data-large_image_height=\"1536\"><img loading=\"lazy\" decoding=\"async\" class=\"size-medium wp-image-317262 alignleft\" src=\"https:\/\/www.radiopiu.net\/wordpress\/wp-content\/uploads\/2023\/01\/2ff0b6c3-6f01-4d1b-9ac8-38edee6316a4-1-300x225.jpg\" alt=\"\" width=\"300\" height=\"225\" srcset=\"https:\/\/www.radiopiu.net\/wordpress\/wp-content\/uploads\/2023\/01\/2ff0b6c3-6f01-4d1b-9ac8-38edee6316a4-1-300x225.jpg 300w, https:\/\/www.radiopiu.net\/wordpress\/wp-content\/uploads\/2023\/01\/2ff0b6c3-6f01-4d1b-9ac8-38edee6316a4-1-1024x768.jpg 1024w, https:\/\/www.radiopiu.net\/wordpress\/wp-content\/uploads\/2023\/01\/2ff0b6c3-6f01-4d1b-9ac8-38edee6316a4-1-768x576.jpg 768w, https:\/\/www.radiopiu.net\/wordpress\/wp-content\/uploads\/2023\/01\/2ff0b6c3-6f01-4d1b-9ac8-38edee6316a4-1-1536x1152.jpg 1536w, https:\/\/www.radiopiu.net\/wordpress\/wp-content\/uploads\/2023\/01\/2ff0b6c3-6f01-4d1b-9ac8-38edee6316a4-1.jpg 2048w\" sizes=\"auto, (max-width: 300px) 100vw, 300px\" \/><\/a>intessuta di relazioni. Kevin, io proprio non lo so perch\u00e9 il tuo pellegrinaggio terreno si sia interrotto cos\u00ec presto. Ma so che in quella stanza poverina assai, su in soffitta di canonica, tu eri il nostro deejay, tu sceglievi la musica per il nostro stare insieme. L\u2019incontro con il Risorto, nella Gerusalemme del Cielo, spero proprio ti abbia dato l\u2019opportunit\u00e0 di arrivare e dire: adesso un po\u2019 di musica la scelgo io, per dare sapore al nostro stare insieme. Ti faccio una raccomandazione, per\u00f2: cerca di fare in modo che anche i tuoi cari la possano sentire, ogni tanto. Io ho visto e ho testimoniato che questi \u00e8 il Figlio di Dio: a te, san Giovanni, chiediamo una cosa soltanto. Nutri un poco la nostra fede, perch\u00e9 l\u00ec dove lo sguardo umano pare faticare, possiamo sentire sempre e continuamente risuonare in noi e nella nostra comunit\u00e0 quella promessa di eternit\u00e0 che non conosce n\u00e9 tempo, n\u00e9 spazio\u2026ma un volto soltanto. Quello del Cristo Risorto e vivente<\/p>\n<p>&nbsp;<\/p>\n<p>&nbsp;<\/p>\n<p>&nbsp;<\/p>\n<hr \/>\n<p>&nbsp;<\/p>\n<blockquote>\n<h3>PROFUGHI UCRAINI TRASFERITI DA MUSSOI ENTRO FINE MESE. PARLA JACOPO MASSARO<\/h3>\n<\/blockquote>\n<p><strong><a class=\"dt-pswp-item\" href=\"https:\/\/www.radiopiu.net\/wordpress\/wp-content\/uploads\/2020\/06\/jeZLuVOo.jpeg\" data-dt-img-description=\"\" data-large_image_width=\"178\" data-large_image_height=\"178\"><img loading=\"lazy\" decoding=\"async\" class=\"size-full wp-image-143659 alignleft\" src=\"https:\/\/www.radiopiu.net\/wordpress\/wp-content\/uploads\/2020\/06\/jeZLuVOo.jpeg\" alt=\"\" width=\"178\" height=\"178\" srcset=\"https:\/\/www.radiopiu.net\/wordpress\/wp-content\/uploads\/2020\/06\/jeZLuVOo.jpeg 178w, https:\/\/www.radiopiu.net\/wordpress\/wp-content\/uploads\/2020\/06\/jeZLuVOo-150x150.jpeg 150w\" sizes=\"auto, (max-width: 178px) 100vw, 178px\" \/><\/a><strong class=\"photoswipe-wrapper\">BELLUNO<\/strong><\/strong>L\u2019ex Sindaco di Belluno Jacopo Massaro sullo sgombero dei profughi ucraini da Mussoi. Gran parte dei profughi ospitati nell\u2019ex caserma dei Vigili Del Fuoco verranno trasferiti entro fine mese ad un centro di accoglienza della provincia di Vicenza. Il fabbricato che da marzo 2022 funge da centro di accoglienza per chi scappa dalla guerra in Ucraina, infatti, sar\u00e0 oggetto di interventi edilizi finanziati tramite il Pnrr per un valore di circa 4 milioni di euro.<\/p>\n<p>Parte dell\u2019edificio dovr\u00e0 essere demolito, per cui si \u00e8 reso necessario il trasferimento dei profughi presenti. Attualmente sono 64 gli ucraini ospitati: 48 hanno accettato la nuova destinazione, mentre 16 hanno scelto di restare a Belluno, dove hanno gi\u00e0 trovato un impiego. <strong>\u00a0<\/strong><\/p>\n<p><strong>JACOPO MASSARO<\/strong><\/p>\n<audio class=\"wp-audio-shortcode\" id=\"audio-317158-2\" preload=\"none\" style=\"width: 100%;\" controls=\"controls\"><source type=\"audio\/mpeg\" src=\"https:\/\/www.radiopiu.net\/wordpress\/wp-content\/uploads\/2023\/01\/MASSARO-UCRAINI.mp3?_=2\" \/><a href=\"https:\/\/www.radiopiu.net\/wordpress\/wp-content\/uploads\/2023\/01\/MASSARO-UCRAINI.mp3\">https:\/\/www.radiopiu.net\/wordpress\/wp-content\/uploads\/2023\/01\/MASSARO-UCRAINI.mp3<\/a><\/audio>\n<p>&nbsp;<\/p>\n<hr \/>\n<p>&nbsp;<\/p>\n<blockquote>\n<h3>AUTOVELOX DI QUERO VAS ED ARSIE&#8217;, ALTRE TRE SANZIONI ANNULLATE DAL GIUDICE DI PACE<\/h3>\n<\/blockquote>\n<p><strong><a class=\"dt-pswp-item\" href=\"https:\/\/www.radiopiu.net\/wordpress\/wp-content\/uploads\/2022\/12\/AUTOVELOX.jpg\" data-dt-img-description=\"\" data-large_image_width=\"1920\" data-large_image_height=\"1280\"><img loading=\"lazy\" decoding=\"async\" class=\" wp-image-310004 alignleft\" src=\"https:\/\/www.radiopiu.net\/wordpress\/wp-content\/uploads\/2022\/12\/AUTOVELOX-300x200.jpg\" alt=\"\" width=\"167\" height=\"111\" srcset=\"https:\/\/www.radiopiu.net\/wordpress\/wp-content\/uploads\/2022\/12\/AUTOVELOX-300x200.jpg 300w, https:\/\/www.radiopiu.net\/wordpress\/wp-content\/uploads\/2022\/12\/AUTOVELOX-1024x683.jpg 1024w, https:\/\/www.radiopiu.net\/wordpress\/wp-content\/uploads\/2022\/12\/AUTOVELOX-768x512.jpg 768w, https:\/\/www.radiopiu.net\/wordpress\/wp-content\/uploads\/2022\/12\/AUTOVELOX-1536x1024.jpg 1536w, https:\/\/www.radiopiu.net\/wordpress\/wp-content\/uploads\/2022\/12\/AUTOVELOX.jpg 1920w\" sizes=\"auto, (max-width: 167px) 100vw, 167px\" \/><\/a>BELLUNO <\/strong>Sono ben tre le sanzioni che il Giudice di Pace ha annullato oggi ad altrettanti utenti che si sono rivolti ad Altvelox che riguardano delle sanzioni sugli autovelox di Quero Vas ed Arsi\u00e8. \u00a0Uno strumento sanzionatorio per emettere una prova legale, prima di essere omologato dal mit, deve ottenere la verifica prima metrologica legale da parte degli Uffici Metrici del MiSE. La verifica, si conclude con un decreto ministeriale pubblicato in G.U.. Dopo puo\u0300 essere Omologato dal MIT, essendo l\u2019Omologazione, un mero atto amministrativo. E di tutto questo gli autovelox utilizzati dai comuni di Quero Vas e di Arsi\u00e8 sono assolutamente carenti, privi infatti di alcun provvedimento ritenuto obbligatorio dalla corte costituzionale in tal senso. <em>\u201cOvviamente dopo l&#8217;ennesimo ricorso accolto, non possiamo pi\u00f9 permettere che queste amministrazioni utilizzino illegalmente a spese dei contribuenti questi autovelox &#8220;in nome della sicurezza&#8221; senza per\u00f2 garantire la dovuta imparzialit\u00e0 e correttezza delle rilevazioni<\/em> \u2013 scrivono gli avvocati dell\u2019associazione Altvelox sul sito internet. Il Comune di Quero Vas\u00a0 ha dichiarato nel 2021 proventi per\u00a0 950.842,22 euro ed il Comune di Arsi\u00e8 per\u00a0 119.553,18 euro. <em>&#8220;Sulla base delle sentenze di annullamento, provvederemo ad attuare una immediata e netta ulteriore presa di posizione presentando un esposto alla Procura della Repubblica di Belluno&#8221; <\/em>conclude Altvelox<\/p>\n<p>&nbsp;<\/p>\n<hr \/>\n<p>&nbsp;<\/p>\n<blockquote>\n<h3>L&#8217;ANZIANO E L&#8217;ASCESSO AL GLUTEO: SBALLOTTATO COME UN PACCO<\/h3>\n<\/blockquote>\n<p><strong>OGGI SUL CORRIERE DELLE ALPI<\/strong><\/p>\n<p><strong>DI STEFANO VIETINA\u00a0<\/strong><\/p>\n<p><em><a class=\"dt-pswp-item\" href=\"https:\/\/www.radiopiu.net\/wordpress\/wp-content\/uploads\/2023\/01\/aaaa.jpg\" data-dt-img-description=\"\" data-large_image_width=\"254\" data-large_image_height=\"304\"><img loading=\"lazy\" decoding=\"async\" class=\"wp-image-317320 alignleft\" src=\"https:\/\/www.radiopiu.net\/wordpress\/wp-content\/uploads\/2023\/01\/aaaa-251x300.jpg\" alt=\"\" width=\"135\" height=\"161\" srcset=\"https:\/\/www.radiopiu.net\/wordpress\/wp-content\/uploads\/2023\/01\/aaaa-251x300.jpg 251w, https:\/\/www.radiopiu.net\/wordpress\/wp-content\/uploads\/2023\/01\/aaaa.jpg 254w\" sizes=\"auto, (max-width: 135px) 100vw, 135px\" \/><\/a>L&#8217;odissea di Luigi Vecellio, 77 anni. Dopo l&#8217;impegnativa urgente del\u00a0 medico al Pronto Soccorso di Belluno \u00e8 rimasto in attesa dalle 9 del mattino alle 16 circa, senza che nessuno si prendesse cura di lui. La figlia &#8220;Rattrista la scarsissima attenzione dedicata a mio padre, il disinteresse con cui l&#8217;hanno trattato. Siamo dovuti andare in Friuli per la risonanza magnetica&#8221;.\u00a0 <\/em><\/p>\n<p><strong>AURONZO <\/strong>Il 2 gennaio:\u00a0 Sballottato come un pacco postale da un reparto all&#8217;altro, rispedito a casa ad Auronzo in preda a dolori lancinanti, che gli impedivano anche di stare seduto. Il tutto per un semplice ascesso al gluteo destro, poi facilmente asportato in pronto soccorso ma solo l&#8217;11 gennaio. LA PRESA IN GIRO:\u00a0 il chirurgo che\u00a0 \u00a0lo ha operato ha detto:<em>\u00a0&#8220;Doveva farsi vedere prima&#8221;. <\/em>\u00a0 A Udine l&#8217;anziano ha trovato posto l&#8217; 11 gennaio:\u00a0 dopo un&#8217;ora\u00a0 aveva gi\u00e0 la risposta della risonanza, a Belluno ci sarebbe voluta una settimana. Gioved\u00ec 12 ennesimo viaggio a Belluno dal pronto soccorso alla chirurgia, poi all&#8217;ortopedia finch\u00e9 in pronto soccorso hanno fatto un piccolo taglio fino a far spurgare la materia infetta dal gluteo.<\/p>\n<p>&nbsp;<\/p>\n<hr \/>\n<p>&nbsp;<\/p>\n<blockquote>\n<h3>OLIMPIADI, FIRMATO IL NUOVO STATUTO DELLA FONDAZIONE<\/h3>\n<\/blockquote>\n<p><strong><a class=\"dt-pswp-item\" href=\"https:\/\/www.radiopiu.net\/wordpress\/wp-content\/uploads\/2023\/01\/FONDAZIONE-OLIMPIADI-FIRMA-ZAIA.jpg\" data-dt-img-description=\"\" data-large_image_width=\"2048\" data-large_image_height=\"1152\"><img loading=\"lazy\" decoding=\"async\" class=\"size-medium wp-image-317291 alignleft\" src=\"https:\/\/www.radiopiu.net\/wordpress\/wp-content\/uploads\/2023\/01\/FONDAZIONE-OLIMPIADI-FIRMA-ZAIA-300x169.jpg\" alt=\"\" width=\"300\" height=\"169\" srcset=\"https:\/\/www.radiopiu.net\/wordpress\/wp-content\/uploads\/2023\/01\/FONDAZIONE-OLIMPIADI-FIRMA-ZAIA-300x169.jpg 300w, https:\/\/www.radiopiu.net\/wordpress\/wp-content\/uploads\/2023\/01\/FONDAZIONE-OLIMPIADI-FIRMA-ZAIA-1024x576.jpg 1024w, https:\/\/www.radiopiu.net\/wordpress\/wp-content\/uploads\/2023\/01\/FONDAZIONE-OLIMPIADI-FIRMA-ZAIA-768x432.jpg 768w, https:\/\/www.radiopiu.net\/wordpress\/wp-content\/uploads\/2023\/01\/FONDAZIONE-OLIMPIADI-FIRMA-ZAIA-1536x864.jpg 1536w, https:\/\/www.radiopiu.net\/wordpress\/wp-content\/uploads\/2023\/01\/FONDAZIONE-OLIMPIADI-FIRMA-ZAIA.jpg 2048w\" sizes=\"auto, (max-width: 300px) 100vw, 300px\" \/><\/a>VENEZIA <\/strong><em>\u201cAnche quello odierno \u00e8 stato un incontro assolutamente proficuo; \u00e8 stato firmato il nuovo statuto della Fondazione, dai soci membri. Ora il percorso verso Milano Cortina 2026 vede allineati tutti gli elementi per arrivare pronti all\u2019appuntamento olimpico. Ho visto oggi una grande energia positiva: \u00e8 chiara la voglia di tutti i protagonisti di dare un contributo importante in questa fase progettuale, consapevoli che le Olimpiadi sono un\u2019occasione unica non solo per il mondo dello sport, ma anche per il turismo, l\u2019economia, le infrastrutture\u201d,<\/em> dichiara il Presidente del Veneto Luca Zaia. <em>\u201cMi aspetto che nel prossimo periodo, \u2018messi a terra\u2019 i primi cantieri, cresca ulteriormente l\u2019entusiasmo per le olimpiadi di Milano Cortina. La lunga rincorsa \u00e8 avviata: possiamo contare sulla capacit\u00e0 Veneta e Lombarda di trasformare le idee in progetti. Ed i progetti in opere concrete, che resteranno in eredit\u00e0 al termine dei Giochi\u201d.<\/em><\/p>\n<p>&nbsp;<\/p>\n<hr \/>\n<p>&nbsp;<\/p>\n<blockquote>\n<h3>GIOCHI OLIMPICI 2026, 14 E NON PIU&#8217; 26 I MEMBRI DELLA GOVERNANCE<\/h3>\n<\/blockquote>\n<p><img loading=\"lazy\" decoding=\"async\" class=\"alignleft\" src=\"https:\/\/www.radiopiu.net\/wordpress\/wp-content\/uploads\/2023\/01\/70e9eabc-604c-43b1-b601-feceacc4b867.jpg\" width=\"260\" height=\"180\" \/><\/p>\n<p>&nbsp;<\/p>\n<p>&nbsp;<\/p>\n<p>&nbsp;<\/p>\n<p>&nbsp;<\/p>\n<p>&nbsp;<\/p>\n<p>&nbsp;<\/p>\n<p><strong>DI ROBERTO BONA<\/strong><\/p>\n<audio class=\"wp-audio-shortcode\" id=\"audio-317158-3\" preload=\"none\" style=\"width: 100%;\" controls=\"controls\"><source type=\"audio\/mpeg\" src=\"https:\/\/www.radiopiu.net\/wordpress\/wp-content\/uploads\/2023\/01\/MEMBRI-GOVERNANCE-CORTINA-ROBERTO.mp3?_=3\" \/><a href=\"https:\/\/www.radiopiu.net\/wordpress\/wp-content\/uploads\/2023\/01\/MEMBRI-GOVERNANCE-CORTINA-ROBERTO.mp3\">https:\/\/www.radiopiu.net\/wordpress\/wp-content\/uploads\/2023\/01\/MEMBRI-GOVERNANCE-CORTINA-ROBERTO.mp3<\/a><\/audio>\n<p>&nbsp;<\/p>\n<hr \/>\n<p>&nbsp;<\/p>\n<blockquote>\n<h3>PISTA DI BOB A CORTINA. SIAMO SICURI SIA LA STRADA GIUSTA IN VISTA DELLE OLIMPIADI DI MILANO CORTINA 2026?<\/h3>\n<\/blockquote>\n<p><strong><a class=\"dt-pswp-item\" href=\"https:\/\/www.radiopiu.net\/wordpress\/wp-content\/uploads\/2021\/04\/cortina_guide_bob.jpg\" data-dt-img-description=\"\" data-large_image_width=\"600\" data-large_image_height=\"300\"><img loading=\"lazy\" decoding=\"async\" class=\"size-medium wp-image-204666 alignleft\" src=\"https:\/\/www.radiopiu.net\/wordpress\/wp-content\/uploads\/2021\/04\/cortina_guide_bob-300x150.jpg\" alt=\"\" width=\"300\" height=\"150\" srcset=\"https:\/\/www.radiopiu.net\/wordpress\/wp-content\/uploads\/2021\/04\/cortina_guide_bob-300x150.jpg 300w, https:\/\/www.radiopiu.net\/wordpress\/wp-content\/uploads\/2021\/04\/cortina_guide_bob.jpg 600w\" sizes=\"auto, (max-width: 300px) 100vw, 300px\" \/><\/a>REDAZIONE<\/strong> Riceviamo e\u00a0 pubblichiamo alcune considerazioni di Luigi Casanova, Presidente onorario di Mountain Wilderness Italia.<\/p>\n<p><em>Ora \u00e8 certo. Le gare delle Olimpiadi e Paralimpiadi di pattinaggio di velocit\u00e0 non si terranno a Baselga di Pin\u00e8. Le eccessive ambizioni del locale sindaco Alessandro Santuari e del Presidente della Provincia di Trento Maurizio Fugatti sono naufragate in presenza di costi eccessivi, della insostenibilit\u00e0 dei diversi progetti, a partire dalla follia dell\u2019idea partenariato pubblico privato avanzata da Finmeccanica (180 milioni di euro la proposta) per arrivare al progetto di rifacimento e copertura di oggi, 76 milioni di euro. Il ministro delle Infrastrutture ieri ha corretto la cifra, 100 milioni di euro. Da tempo nessuno riusciva a comprendere a cosa servissero delle tribune capaci di 5.900 spettatori in un altopiano che conta 5000 abitanti, aree parcheggio fuori contesto, ulteriore consumo di suolo. Come del resto nessuno ha mai compreso perch\u00e9 investire simile cifra in una disciplina sportiva che conta qualche centinaio di tesserati. Pur condividendo invece la necessit\u00e0 di ristrutturare in modo sobrio e sostenibile l\u2019attuale pista di pattinaggio di velocit\u00e0. Come scritto da pi\u00f9 commentatori lo straordinario\u00a0 altopiano ha bisogno di ben altro: servizi alla persona, innovazione nel lavoro e ovviamente anche un dignitoso stadio di pattinaggio. Se ne sono accorti perfino al CONI che il marchio delle Olimpiadi definite sostenibili non poteva reggere un simile spreco di risorse pubbliche. Affiancare la situazione di Baselga di Pin\u00e8 a Cortina d\u2019Ampezzo \u00e8 semplice. Anche nell\u2019ampezzano non si comprende la reiterata ostinazione del Presidente della Regione Veneto Luca Zaia, del locale sindaco Gianluca Lorenzi e della Fondazione Milano Cortina 2026 nel mantenere a Cortina le competizioni di bob e skeleton. Anche in questo caso, al danno ambientale e paesaggistico (va ricordato che verrebbe sacrificato un bosco di larici storico che oggi ospita il parco giochi pi\u00f9 frequentato di Cortina) la cittadina dovrebbe sostenere un impianto elitario (una decina gli atleti attivi in Italia?) del costo di oltre 100 milioni di euro. Senza poi valutarne i successivi annuali costi di gestione e il rischio, o meglio la certezza, di tornare a vedere la struttura fare la fine di quella di Cesana: l\u2019abbandono totale. Visto quanto accaduto a Baselga il Presidente del Veneto e la Fondazione Milano Cortina 2026 hanno fra le mani una occasione storica. Uscire con dignit\u00e0 da un impegno insostenibile, contattare subito l\u2019amministrazione comunale di Innsbruck e gli amministratori del Land Tirol per concordare la ristrutturazione della pista di Igls con impegni di spesa molto limitati. Proprio ieri a Trento il ministro delle Infrastrutture Matteo Salvini \u00e8 stato chiaro: ha parlato di Olimpiadi dell\u2019intero arco alpino, definendo quanto stava accedendo nella Provincia autonoma una scelta di buon senso.<\/em><\/p>\n<p><em>Luigi Casanova, Presidente onorario di Mountain Wilderness Italia<\/em><\/p>\n<p>&nbsp;<\/p>\n<p>&nbsp;<\/p>\n<p>&nbsp;<\/p>\n<p>&nbsp;<\/p>\n<hr \/>\n<p>&nbsp;<\/p>\n<blockquote>\n<h3>BOOOOM! GLI ARTIFICIERI RENDONO INOFFENSIVO L&#8217;ORDIGNO DI MALGA CIAPELA<\/h3>\n<\/blockquote>\n<p><strong><a class=\"dt-pswp-item\" href=\"https:\/\/www.radiopiu.net\/wordpress\/wp-content\/uploads\/2023\/01\/download-3.jpg\" data-dt-img-description=\"\" data-large_image_width=\"300\" data-large_image_height=\"168\"><img loading=\"lazy\" decoding=\"async\" class=\"wp-image-317315 alignleft\" src=\"https:\/\/www.radiopiu.net\/wordpress\/wp-content\/uploads\/2023\/01\/download-3.jpg\" alt=\"\" width=\"180\" height=\"101\" \/><\/a>ROCCA PIETORE<\/strong> Un altro episodio simile ai precedente, un ordigno che riaffiora e gli artificieri che intervengono per farlo brillare rendendolo inoffensivo. L&#8217;intervento ieri a Malga Ciapela. Sul posto gli artificieri del Terzo Reggimento Genio Guastatori.<\/p>\n<p><a class=\"dt-pswp-item\" href=\"https:\/\/www.radiopiu.net\/wordpress\/wp-content\/uploads\/2023\/01\/download-4.jpg\" data-dt-img-description=\"\" data-large_image_width=\"259\" data-large_image_height=\"194\"><img loading=\"lazy\" decoding=\"async\" class=\"wp-image-317316 alignright\" src=\"https:\/\/www.radiopiu.net\/wordpress\/wp-content\/uploads\/2023\/01\/download-4.jpg\" alt=\"\" width=\"202\" height=\"151\" \/><\/a>Il <a title=\"Cannone\" href=\"https:\/\/it.wikipedia.org\/wiki\/Cannone\">cannone<\/a>\u00a0<b>75\/27 Mod. 1911<\/b>\u00a0fu un pezzo utilizzato dal\u00a0<a title=\"Regio Esercito\" href=\"https:\/\/it.wikipedia.org\/wiki\/Regio_Esercito\">Regio Esercito<\/a>\u00a0nella\u00a0<a title=\"Prima guerra mondiale\" href=\"https:\/\/it.wikipedia.org\/wiki\/Prima_guerra_mondiale\">prima<\/a>\u00a0e nella\u00a0<a title=\"Seconda guerra mondiale\" href=\"https:\/\/it.wikipedia.org\/wiki\/Seconda_guerra_mondiale\">seconda guerra mondiale<\/a>. L&#8217;uso prevalente fu come artiglieria da campagna, anche se occasionalmente fu utilizzato anche in funzione\u00a0<a class=\"mw-redirect\" title=\"Armi controcarri\" href=\"https:\/\/it.wikipedia.org\/wiki\/Armi_controcarri\">controcarri<\/a>\u00a0usando proietti appositamente concepiti e\u00a0<a class=\"mw-redirect\" title=\"Armi contraerei\" href=\"https:\/\/it.wikipedia.org\/wiki\/Armi_contraerei\">contraerei<\/a>: inizialmente (prime fasi della\u00a0<a title=\"Prima guerra mondiale\" href=\"https:\/\/it.wikipedia.org\/wiki\/Prima_guerra_mondiale\">prima guerra mondiale<\/a>) lo stesso pezzo campale fu usato come contraerei con sistemazioni di emergenza (agli inizi il sistema di puntamento era lo stesso dell&#8217;artiglieria campale) adatte a fare aumentare l&#8217;angolo di tiro. (WIKIPIEDIA e doto archivio)<\/p>\n<p>&nbsp;<\/p>\n<p>&nbsp;<\/p>\n<p>&nbsp;<\/p>\n<hr \/>\n<p>&nbsp;<\/p>\n<blockquote>\n<h3>AZIENDA LZ: RINNOVATO L&#8217;ACCORDO CON LE ORGANIZZAZIONI SINDACALI SUL PREMIO PRODUTTIVITA&#8217;<\/h3>\n<\/blockquote>\n<p><strong><a class=\"dt-pswp-item\" href=\"https:\/\/www.radiopiu.net\/wordpress\/wp-content\/uploads\/2020\/11\/Schermata-2020-11-11-alle-12.25.13.png\" data-dt-img-description=\"\" data-large_image_width=\"594\" data-large_image_height=\"310\"><img loading=\"lazy\" decoding=\"async\" class=\" wp-image-172025 alignleft\" src=\"https:\/\/www.radiopiu.net\/wordpress\/wp-content\/uploads\/2020\/11\/Schermata-2020-11-11-alle-12.25.13-300x157.png\" alt=\"\" width=\"187\" height=\"98\" srcset=\"https:\/\/www.radiopiu.net\/wordpress\/wp-content\/uploads\/2020\/11\/Schermata-2020-11-11-alle-12.25.13-300x157.png 300w, https:\/\/www.radiopiu.net\/wordpress\/wp-content\/uploads\/2020\/11\/Schermata-2020-11-11-alle-12.25.13.png 594w\" sizes=\"auto, (max-width: 187px) 100vw, 187px\" \/><\/a>BELLUNO <\/strong>Fino a 2.200 euro di premio di produttivit\u00e0 per tutti dipendenti dell\u2019Azienda speciale consortile \u201cServizi alla Persona Longarone Zoldo a.s.c.\u201d che lavorano nelle case di riposo \u201cA. Santin\u201d nel Comune di Val di Zoldo, alla \u201cCav. L. Barzan\u201d di Longarone, all\u2019asilo nido \u201cGirotondo\u201d di Longarone, ma anche nella farmacia Monte Pelmo di Fusine e tutto il personale dei servizi sociali e domiciliari. Le organizzazioni sindacali Cisl Fp e Fisascat, Fp Cgil, Uil Fpl e la direzione dell\u2019Azienda LZ hanno infatti recentemente rinnovato anche per quest\u2019anno l\u2019accordo per il riconoscimento della produttivit\u00e0 ai dipendenti. Una firma che segue di appena tre mesi l\u2019accordo sottoscritto a ottobre 2022 con il quale era stata introdotta a favore dei dipendenti l\u2019erogazione del buono pasto da 8 euro per ogni giorno lavorato in presenza. La nuova intesa prevede un\u2019erogazione dai 1.800 ai 2.200 euro di premio per il 2022 in base al profilo e alla categoria di appartenenza del dipendente. Le somme, in denaro o welfare, verranno erogate nel mese di maggio al personale che risulti in forza all\u2019Azienda LZ in funzione dell\u2019anzianit\u00e0 maturata e della presenza in servizio. Circa una sessantina sui cento dipendenti dell\u2019azienda presentano i requisiti previsti dall\u2019accordo per ottenere il premio. La quota spettante verr\u00e0 suddivisa in due parti: la prima verr\u00e0 riconosciuta a seguito di una valutazione delle prestazioni rese dai dipendenti, la seconda parte sulla base delle ore di presenza.<\/p>\n<p><strong>ETTORE ZINGALES, CISL FP BELLUNO-TREVISO<\/strong><\/p>\n<audio class=\"wp-audio-shortcode\" id=\"audio-317158-4\" preload=\"none\" style=\"width: 100%;\" controls=\"controls\"><source type=\"audio\/mpeg\" src=\"https:\/\/www.radiopiu.net\/wordpress\/wp-content\/uploads\/2023\/01\/ETTORE-ZINGALES.mp3?_=4\" \/><a href=\"https:\/\/www.radiopiu.net\/wordpress\/wp-content\/uploads\/2023\/01\/ETTORE-ZINGALES.mp3\">https:\/\/www.radiopiu.net\/wordpress\/wp-content\/uploads\/2023\/01\/ETTORE-ZINGALES.mp3<\/a><\/audio>\n<p>&nbsp;<\/p>\n<p>&nbsp;<\/p>\n<hr \/>\n<p>&nbsp;<\/p>\n<blockquote>\n<h3>IMPRESE IN ROSA, LE DONNE VANNO FORTE<\/h3>\n<\/blockquote>\n<p><strong><img loading=\"lazy\" decoding=\"async\" class=\"alignleft\" src=\"https:\/\/www.radiopiu.net\/wordpress\/wp-content\/uploads\/2023\/01\/images-1.jpg\" width=\"249\" height=\"131\" \/>BELLUNO<\/strong><\/p>\n<p><strong>di\u00a0 MORENO GIOLI<\/strong><\/p>\n<p>&nbsp;<\/p>\n<audio class=\"wp-audio-shortcode\" id=\"audio-317158-5\" preload=\"none\" style=\"width: 100%;\" controls=\"controls\"><source type=\"audio\/mpeg\" src=\"https:\/\/www.radiopiu.net\/wordpress\/wp-content\/uploads\/2023\/01\/moreno-gioli.mp3?_=5\" \/><a href=\"https:\/\/www.radiopiu.net\/wordpress\/wp-content\/uploads\/2023\/01\/moreno-gioli.mp3\">https:\/\/www.radiopiu.net\/wordpress\/wp-content\/uploads\/2023\/01\/moreno-gioli.mp3<\/a><\/audio>\n<p>&nbsp;<\/p>\n<p>&nbsp;<\/p>\n<hr \/>\n<p>&nbsp;<\/p>\n<blockquote>\n<h3>ARABBA, STAGIONE COI FIOCCHI, GRIGOLETTO &#8220;PRIMO OBIETTIVO UN ECOSISTEMA PER GARANTIRE IL FUTURO&#8221;<\/h3>\n<\/blockquote>\n<p>&nbsp;<\/p>\n<p><a class=\"dt-pswp-item\" href=\"https:\/\/www.radiopiu.net\/wordpress\/wp-content\/uploads\/2021\/11\/foto_Marco_Grigoletto01.jpg\" data-dt-img-description=\"\" data-large_image_width=\"1600\" data-large_image_height=\"1064\"><img loading=\"lazy\" decoding=\"async\" class=\"wp-image-241599 alignleft\" src=\"https:\/\/www.radiopiu.net\/wordpress\/wp-content\/uploads\/2021\/11\/foto_Marco_Grigoletto01-300x200.jpg\" alt=\"\" width=\"158\" height=\"105\" srcset=\"https:\/\/www.radiopiu.net\/wordpress\/wp-content\/uploads\/2021\/11\/foto_Marco_Grigoletto01-300x200.jpg 300w, https:\/\/www.radiopiu.net\/wordpress\/wp-content\/uploads\/2021\/11\/foto_Marco_Grigoletto01-1024x681.jpg 1024w, https:\/\/www.radiopiu.net\/wordpress\/wp-content\/uploads\/2021\/11\/foto_Marco_Grigoletto01-768x511.jpg 768w, https:\/\/www.radiopiu.net\/wordpress\/wp-content\/uploads\/2021\/11\/foto_Marco_Grigoletto01-1536x1021.jpg 1536w, https:\/\/www.radiopiu.net\/wordpress\/wp-content\/uploads\/2021\/11\/foto_Marco_Grigoletto01.jpg 1600w\" sizes=\"auto, (max-width: 158px) 100vw, 158px\" \/><\/a><strong>LIVINALLONGO<\/strong><\/p>\n<p><strong>DI GIANNI SANTOMASO<\/strong><\/p>\n<audio class=\"wp-audio-shortcode\" id=\"audio-317158-6\" preload=\"none\" style=\"width: 100%;\" controls=\"controls\"><source type=\"audio\/mpeg\" src=\"https:\/\/www.radiopiu.net\/wordpress\/wp-content\/uploads\/2023\/01\/funivie-arabba.mp3?_=6\" \/><a href=\"https:\/\/www.radiopiu.net\/wordpress\/wp-content\/uploads\/2023\/01\/funivie-arabba.mp3\">https:\/\/www.radiopiu.net\/wordpress\/wp-content\/uploads\/2023\/01\/funivie-arabba.mp3<\/a><\/audio>\n<p>&nbsp;<\/p>\n<blockquote>\n<h3>AI MICROFONI DI RADIOPIU DIEGO DE BATTISTA<\/h3>\n<\/blockquote>\n<p><strong>DI MIRKO MEZZACASA\u00a0<\/strong><\/p>\n<p><strong><span style=\"color: #ff0000;\"><a class=\"dt-pswp-item\" href=\"https:\/\/www.radiopiu.net\/wordpress\/wp-content\/uploads\/2019\/12\/download-16.jpg\" data-dt-img-description=\"\" data-large_image_width=\"194\" data-large_image_height=\"259\"><img loading=\"lazy\" decoding=\"async\" class=\"wp-image-111002 alignleft\" src=\"https:\/\/www.radiopiu.net\/wordpress\/wp-content\/uploads\/2019\/12\/download-16.jpg\" alt=\"\" width=\"115\" height=\"154\" \/><\/a><\/span><\/strong><\/p>\n<p>&nbsp;<\/p>\n<p><strong><span style=\"color: #ff0000;\">DA ARABBA<\/span> L&#8217;AMMINISTRATORE DELEGATO DI FUNIVE ARABBA DIEGO DE BATTISTA<\/strong><\/p>\n<audio class=\"wp-audio-shortcode\" id=\"audio-317158-7\" preload=\"none\" style=\"width: 100%;\" controls=\"controls\"><source type=\"audio\/mpeg\" src=\"https:\/\/www.radiopiu.net\/wordpress\/wp-content\/uploads\/2023\/01\/DIEGO-DE-BATTISTA.mp3?_=7\" \/><a href=\"https:\/\/www.radiopiu.net\/wordpress\/wp-content\/uploads\/2023\/01\/DIEGO-DE-BATTISTA.mp3\">https:\/\/www.radiopiu.net\/wordpress\/wp-content\/uploads\/2023\/01\/DIEGO-DE-BATTISTA.mp3<\/a><\/audio>\n<p>&nbsp;<\/p>\n<p>&nbsp;<\/p>\n<hr \/>\n<p>&nbsp;<\/p>\n<blockquote>\n<h3>600MILA EURO IN PROVINCIA DI BELLUNO PER CONSOLIDARE IL SISTEMA DI PROTEZIONE CIVILE L\u2019ASSESSORE BOTTACIN: \u201cRAFFORZATO L&#8217;INTERO TERRITORIO&#8221;<\/h3>\n<\/blockquote>\n<p><strong>VENEZIA <\/strong>Per dare sempre maggior forza al sistema di Protezione Civile la Giunta regionale, su proposta dell\u2019assessore Gianpaolo Bottacin, nei mesi scorsi aveva avviato una serie di bandi espressamente dedicati a enti e associazioni di settore. Le risultanze di questi bandi hanno portato sul territorio provinciale di Belluno poco meno di 600mila euro, che saranno utilizzati per differenti acquisti. I contributi pi\u00f9 sostanziosi riguardano il bando collegato all&#8217;acquisto o al rinnovo delle sedi di Protezione Civile, che hanno visto premiati i Comuni di Cortina, di Quero-Vas e l&#8217;Unione Montana Alpago (con 100mila euro ciascuno), l&#8217;Unione Montana Centro Cadore (80mila euro), il Comune di San Vito di Cadore (78mila euro). Per il potenziamento di mezzi e atrezzature sono stati finanziati i Gruppi comunali di Voltago Agordino (20mila euro) e di Taibon Agordino (18mila euro), il Gruppo intercomunale di San Vito e Borca di Cadore di Cadore (9mila euro), la Squadra Feltrina Cinofili (4,5mila euro).<\/p>\n<p><strong>GIANPAOLO BOTTACIN, ASSESSORE ALLA PROTEZIONE CIVILE DEL VENETO<\/strong><\/p>\n<div style=\"width: 352px;\" class=\"wp-video\"><video class=\"wp-video-shortcode\" id=\"video-317158-1\" width=\"352\" height=\"640\" preload=\"metadata\" controls=\"controls\"><source type=\"video\/mp4\" src=\"https:\/\/www.radiopiu.net\/wordpress\/wp-content\/uploads\/2023\/01\/WhatsApp-Video-2023-01-17-at-11.01.05.mp4?_=1\" \/><a href=\"https:\/\/www.radiopiu.net\/wordpress\/wp-content\/uploads\/2023\/01\/WhatsApp-Video-2023-01-17-at-11.01.05.mp4\">https:\/\/www.radiopiu.net\/wordpress\/wp-content\/uploads\/2023\/01\/WhatsApp-Video-2023-01-17-at-11.01.05.mp4<\/a><\/video><\/div>\n<p>&nbsp;<\/p>\n<hr \/>\n<p>&nbsp;<\/p>\n<blockquote>\n<h3>L&#8217;EX CANONICA DI SANTA FOSCA DIVENTERA&#8217; UN BABY PARKING E TRE APPARTAMENTI. APERTI I TERMINI PER LA MANIFESTAZIONE DI INTERESSI<\/h3>\n<\/blockquote>\n<p><strong><a class=\"dt-pswp-item\" href=\"https:\/\/www.radiopiu.net\/wordpress\/wp-content\/uploads\/2023\/01\/Schermata-2023-01-16-alle-20.23.19.png\" data-dt-img-description=\"\" data-large_image_width=\"1084\" data-large_image_height=\"606\"><img loading=\"lazy\" decoding=\"async\" class=\" wp-image-317108 alignleft\" src=\"https:\/\/www.radiopiu.net\/wordpress\/wp-content\/uploads\/2023\/01\/Schermata-2023-01-16-alle-20.23.19-300x168.png\" alt=\"\" width=\"225\" height=\"126\" srcset=\"https:\/\/www.radiopiu.net\/wordpress\/wp-content\/uploads\/2023\/01\/Schermata-2023-01-16-alle-20.23.19-300x168.png 300w, https:\/\/www.radiopiu.net\/wordpress\/wp-content\/uploads\/2023\/01\/Schermata-2023-01-16-alle-20.23.19-1024x572.png 1024w, https:\/\/www.radiopiu.net\/wordpress\/wp-content\/uploads\/2023\/01\/Schermata-2023-01-16-alle-20.23.19-768x429.png 768w, https:\/\/www.radiopiu.net\/wordpress\/wp-content\/uploads\/2023\/01\/Schermata-2023-01-16-alle-20.23.19.png 1084w\" sizes=\"auto, (max-width: 225px) 100vw, 225px\" \/><\/a>SELVA DI CADORE<\/strong><\/p>\n<p>di Gianni Santomaso<\/p>\n<audio class=\"wp-audio-shortcode\" id=\"audio-317158-8\" preload=\"none\" style=\"width: 100%;\" controls=\"controls\"><source type=\"audio\/mpeg\" src=\"https:\/\/www.radiopiu.net\/wordpress\/wp-content\/uploads\/2023\/01\/GIANNI-LEX-CANONICA-DI-SANTA-FOSCA-DIVENTERA-UN-BABY-PARKING.mp3?_=8\" \/><a href=\"https:\/\/www.radiopiu.net\/wordpress\/wp-content\/uploads\/2023\/01\/GIANNI-LEX-CANONICA-DI-SANTA-FOSCA-DIVENTERA-UN-BABY-PARKING.mp3\">https:\/\/www.radiopiu.net\/wordpress\/wp-content\/uploads\/2023\/01\/GIANNI-LEX-CANONICA-DI-SANTA-FOSCA-DIVENTERA-UN-BABY-PARKING.mp3<\/a><\/audio>\n<p>&nbsp;<\/p>\n<hr \/>\n<p>&nbsp;<\/p>\n<blockquote>\n<h3>AL FESTIVAL DI SANREMO LO SPETTACOLO DOLOMITICO<\/h3>\n<\/blockquote>\n<p><strong><a class=\"dt-pswp-item\" href=\"https:\/\/www.radiopiu.net\/wordpress\/wp-content\/uploads\/2023\/01\/Casa-Sanremo-2022_2.jpg\" data-dt-img-description=\"\" data-large_image_width=\"640\" data-large_image_height=\"480\"><img loading=\"lazy\" decoding=\"async\" class=\"size-medium wp-image-317286 alignleft\" src=\"https:\/\/www.radiopiu.net\/wordpress\/wp-content\/uploads\/2023\/01\/Casa-Sanremo-2022_2-300x225.jpg\" alt=\"\" width=\"300\" height=\"225\" srcset=\"https:\/\/www.radiopiu.net\/wordpress\/wp-content\/uploads\/2023\/01\/Casa-Sanremo-2022_2-300x225.jpg 300w, https:\/\/www.radiopiu.net\/wordpress\/wp-content\/uploads\/2023\/01\/Casa-Sanremo-2022_2.jpg 640w\" sizes=\"auto, (max-width: 300px) 100vw, 300px\" \/><\/a>BELLUNO<\/strong>\u00a0 Le Dolomiti Bellunesi saranno protagoniste al Festival della Canzone italiana 2023. La Provincia di Belluno porta nella citt\u00e0 ligure le sue montagne, i suoi colori, i suoi sapori, le sue eccellenze per farle conoscere al grande pubblico. Lo spettacolo si accende a Casa Sanremo, con incontri, meeting, trasmissioni tv e radio, la sala stampa e il ristorante. \u00c8 qui che in un\u2019area di ben 250 metri quadrati il territorio bellunese si racconter\u00e0 agli ospiti che passeranno dallo sguardo sul mare alla vista del Pelmo e del Civetta, che potranno gustare un aperitivo o assaggiare i prodotti tipici del territorio. Diversi angoli confortevoli con vista Dolomiti permetteranno al personale bellunese di dialogare con ospiti d\u2019eccezione e invitati selezionati. Ci <a class=\"dt-pswp-item\" href=\"https:\/\/www.radiopiu.net\/wordpress\/wp-content\/uploads\/2023\/01\/Casa-Sanremo-Estate-Alleghe-2022-scaled.jpg\" data-dt-img-description=\"\" data-large_image_width=\"2560\" data-large_image_height=\"1920\"><img loading=\"lazy\" decoding=\"async\" class=\"size-medium wp-image-317287 alignright\" src=\"https:\/\/www.radiopiu.net\/wordpress\/wp-content\/uploads\/2023\/01\/Casa-Sanremo-Estate-Alleghe-2022-300x225.jpg\" alt=\"\" width=\"300\" height=\"225\" srcset=\"https:\/\/www.radiopiu.net\/wordpress\/wp-content\/uploads\/2023\/01\/Casa-Sanremo-Estate-Alleghe-2022-300x225.jpg 300w, https:\/\/www.radiopiu.net\/wordpress\/wp-content\/uploads\/2023\/01\/Casa-Sanremo-Estate-Alleghe-2022-1024x768.jpg 1024w, https:\/\/www.radiopiu.net\/wordpress\/wp-content\/uploads\/2023\/01\/Casa-Sanremo-Estate-Alleghe-2022-768x576.jpg 768w, https:\/\/www.radiopiu.net\/wordpress\/wp-content\/uploads\/2023\/01\/Casa-Sanremo-Estate-Alleghe-2022-1536x1152.jpg 1536w, https:\/\/www.radiopiu.net\/wordpress\/wp-content\/uploads\/2023\/01\/Casa-Sanremo-Estate-Alleghe-2022-2048x1536.jpg 2048w\" sizes=\"auto, (max-width: 300px) 100vw, 300px\" \/><\/a>sar\u00e0 anche un palco, con un\u2019area pubblico che ospiter\u00e0 diverse trasmissioni televisive fra le quali lo show cooking del mattino, dove uno chef stellato bellunese presenter\u00e0 le ricette migliori del territorio. Le Dolomiti Bellunesi saranno nella citt\u00e0 dei fiori dal 5 all\u201911 febbraio.<em> \u00abGrazie a un solido lavoro di squadra con associazioni di categoria, Camera di Commercio, imprese e Dmo Dolomiti per una settimana potremmo raccontare e far vedere il nostro territorio, con le sue peculiarit\u00e0 e le sue eccellenze, sfruttando il pi\u00f9 grande evento di spettacolo italiano\u00bb commenta il presidente della Provincia, Roberto Padrin. \u00abA Sanremo, la settimana del Festival, passa tutta la stampa nazionale, non solo del settore musica-cultura-spettacolo. Ci saranno dirette tv in cui spiegare i nostri prodotti tipici, possibilit\u00e0 di incontri, avremo una cucina in cui gli chef bellunesi cucineranno un centinaio di pasti al giorno per gli artisti e le personalit\u00e0; insomma, una grande vetrina promozionale. Stiamo preparando in questi giorni il palinsesto con i contenuti che vogliamo proporre di giorno in giorno, in sinergia con la Dmo Dolomiti\u00bb. \u00a0<\/em><\/p>\n<p>&nbsp;<\/p>\n<hr \/>\n<p>&nbsp;<\/p>\n<blockquote>\n<h3>FELTRE CELEBRA I 140 ANNI DI CARLO RIZZARDA<\/h3>\n<\/blockquote>\n<p><strong><img loading=\"lazy\" decoding=\"async\" class=\"alignleft\" src=\"https:\/\/www.radiopiu.net\/wordpress\/wp-content\/uploads\/2023\/01\/7e63d479-7cb4-40be-b1ea-5c23af4c479c.jpg\" width=\"226\" height=\"127\" \/>FELTRE<\/strong> Il prossimo 23 gennaio si celebrer\u00e0 il 140esimo compleanno di Carlo Rizzarda, grande artista feltrino protagonista della prima met\u00e0 del Novecento; una personalit\u00e0 fortemente legata a Feltre, dove nacque e dove \u00e8 sepolto; un legame rimarcato anche dalle ultime volont\u00e0 di Rizzarda, che lasci\u00f2 al Comune di Feltre il palazzo e la collezione che danno vita alla \u201cGalleria d&#8217;arte moderna Carlo Rizzarda\u201d di Via Paradiso.<\/p>\n<p><strong>DI DANIELE DALVIT<\/strong><\/p>\n<audio class=\"wp-audio-shortcode\" id=\"audio-317158-9\" preload=\"none\" style=\"width: 100%;\" controls=\"controls\"><source type=\"audio\/mpeg\" src=\"https:\/\/www.radiopiu.net\/wordpress\/wp-content\/uploads\/2023\/01\/DANIELE-FELTRE.mp3?_=9\" \/><a href=\"https:\/\/www.radiopiu.net\/wordpress\/wp-content\/uploads\/2023\/01\/DANIELE-FELTRE.mp3\">https:\/\/www.radiopiu.net\/wordpress\/wp-content\/uploads\/2023\/01\/DANIELE-FELTRE.mp3<\/a><\/audio>\n<p>&nbsp;<\/p>\n<p>&nbsp;<\/p>\n<hr \/>\n<p>&nbsp;<\/p>\n<blockquote>\n<h3>LA LONTRA IN VAL D&#8217;ANSIEI &#8211; VIDEO &#8211;<\/h3>\n<\/blockquote>\n<p><img loading=\"lazy\" decoding=\"async\" class=\"alignleft\" src=\"https:\/\/www.radiopiu.net\/wordpress\/wp-content\/uploads\/2023\/01\/PHOTO-2023-01-15-17-36-13-300x300.jpg\" width=\"251\" height=\"251\" \/><strong>BELLUNO<\/strong>\u00a0 Una lontra che sguazza nelle acque del torrente Ansiei \u00e8 stata fototrappolata nei giorni scorsi, il 14 gennaio, da parte degli agenti della Polizia Provinciale. Un video di pochi secondi riprende la scena dell\u2019animale mentre passa dai sassi della sponda alla pozza d\u2019acqua, in orario notturno. \u00c8 la conferma della presenza del mustelide in provincia di Belluno. O meglio, dell\u2019espansione nell\u2019alto Bellunese di questo animale, di cui non si aveva traccia da pi\u00f9 di mezzo secolo. A novembre infatti erano stati rinvenuti degli escrementi in Comelico, sulle sponde del torrente Digon. Si era trattato di una segnalazione diagnostica, in quanto le fatte della lontra sono ricoperte di una specie di gel, inequivocabilmente riconducibili a questo solo animale. Le analisi di laboratorio successive avevano confermato che si trattava di lontra europea. Ora le immagini della fototrappola &#8211; le prime immagini in assoluto di una lontra in provincia di Belluno &#8211; non fanno che certificare la presenza e l\u2019espansione.\u00a0 <em>\u00abDifficile dirlo dalle immagini della fototrappola, ma con buona probabilit\u00e0 si tratta di una femmina o di un individuo giovane\u00bb spiega Michele Cassol, esperto faunista che insieme a Gabriele De Nadai e Luca Lapini ha pubblicato lo studio sul rinvenimento degli escrementi in Comelico, poche settimane fa. \u00abE quasi sicuramente \u00e8 un altro esemplare rispetto a quello di cui abbiamo certificato la presenza sul torrente Digon. Lo possiamo ipotizzare con un certo grado di sicurezza, perch\u00e9 la distanza tra il fototrappolaggio e le evidenze degli escrementi \u00e8 di oltre 20 chilometri. Se questa ipotesi sar\u00e0 confermata, potremo dire che la specie si sta espandendo e colonizzando il territorio\u00bb. <\/em>L\u2019ufficio faunistico della Provincia ha installato diverse fototrappole, in tutta la zona dell\u2019Ansiei, del Comelico. \u00abIl monitoraggio continua, ma la scoperta, grazie a un\u2019intuizione del nostro agente Mirco Piccin che ha posizionato nei posti giusti le fototrappole, \u00e8 gi\u00e0 di per s\u00e9 eccezionale, perch\u00e9 certifica la qualit\u00e0 delle nostre acque e della gestione alieutica\u00bb commenta il consigliere provinciale delegato alla gestione faunistica, Franco De Bon. <em>\u00abLa cura dell\u2019ambiente passa anche da una corretta integrazione e dalla sinergia dei vari attori sul territorio, compresi pescatori, agricoltori e cacciatori\u00bb.<\/em><\/p>\n<div style=\"width: 640px;\" class=\"wp-video\"><video class=\"wp-video-shortcode\" id=\"video-317158-2\" width=\"640\" height=\"352\" preload=\"metadata\" controls=\"controls\"><source type=\"video\/mp4\" src=\"https:\/\/www.radiopiu.net\/wordpress\/wp-content\/uploads\/2023\/01\/VIDEO-2023-01-15-17-35-44.mp4?_=2\" \/><a href=\"https:\/\/www.radiopiu.net\/wordpress\/wp-content\/uploads\/2023\/01\/VIDEO-2023-01-15-17-35-44.mp4\">https:\/\/www.radiopiu.net\/wordpress\/wp-content\/uploads\/2023\/01\/VIDEO-2023-01-15-17-35-44.mp4<\/a><\/video><\/div>\n<p>&nbsp;<\/p>\n<p>&nbsp;<\/p>\n<p>&nbsp;<\/p>\n<p>&nbsp;<\/p>\n<hr \/>\n<p>&nbsp;<\/p>\n<p><strong>di Tiziano De Col<\/strong><\/p>\n\n\t\t\t<style type='text\/css'>\n\t\t\t\t#gallery-3 {\n\t\t\t\t\tmargin: auto;\n\t\t\t\t}\n\t\t\t\t#gallery-3 .gallery-item {\n\t\t\t\t\tfloat: left;\n\t\t\t\t\tmargin-top: 10px;\n\t\t\t\t\ttext-align: center;\n\t\t\t\t\twidth: 20%;\n\t\t\t\t}\n\t\t\t\t#gallery-3 img {\n\t\t\t\t\tborder: 2px solid #cfcfcf;\n\t\t\t\t}\n\t\t\t\t#gallery-3 .gallery-caption {\n\t\t\t\t\tmargin-left: 0;\n\t\t\t\t}\n\t\t\t\t\/* see gallery_shortcode() in wp-includes\/media.php *\/\n\t\t\t<\/style>\n\t\t<div id='gallery-3' class='dt-gallery-container gallery galleryid-317158 gallery-columns-5 gallery-size-thumbnail'><dl class='gallery-item'>\n\t\t\t\t<dt class='gallery-icon landscape'>\n\t\t\t\t\t<a class=\"rollover\" href='https:\/\/www.radiopiu.net\/wordpress\/giornale-radiopiu-18-gennaio-2023-direttore-mirko-mezzacasa-verso-i-40-anni-25-giugno-1983-25-giugno-2023\/5fbe3372-eac4-439e-b4fa-382c04b3975e\/'><img loading=\"lazy\" decoding=\"async\" width=\"150\" height=\"150\" src=\"https:\/\/www.radiopiu.net\/wordpress\/wp-content\/uploads\/2023\/01\/5fbe3372-eac4-439e-b4fa-382c04b3975e-150x150.jpg\" class=\"attachment-thumbnail size-thumbnail\" alt=\"\" \/><\/a>\n\t\t\t\t<\/dt><\/dl><dl class='gallery-item'>\n\t\t\t\t<dt class='gallery-icon landscape'>\n\t\t\t\t\t<a class=\"rollover\" href='https:\/\/www.radiopiu.net\/wordpress\/giornale-radiopiu-18-gennaio-2023-direttore-mirko-mezzacasa-verso-i-40-anni-25-giugno-1983-25-giugno-2023\/af94438d-63d0-4eda-8d42-a8ebac36d4ed\/'><img loading=\"lazy\" decoding=\"async\" width=\"150\" height=\"150\" src=\"https:\/\/www.radiopiu.net\/wordpress\/wp-content\/uploads\/2023\/01\/af94438d-63d0-4eda-8d42-a8ebac36d4ed-150x150.jpg\" class=\"attachment-thumbnail size-thumbnail\" alt=\"\" \/><\/a>\n\t\t\t\t<\/dt><\/dl><dl class='gallery-item'>\n\t\t\t\t<dt class='gallery-icon landscape'>\n\t\t\t\t\t<a class=\"rollover\" href='https:\/\/www.radiopiu.net\/wordpress\/giornale-radiopiu-18-gennaio-2023-direttore-mirko-mezzacasa-verso-i-40-anni-25-giugno-1983-25-giugno-2023\/78bb3295-cddd-45bc-bebc-ec9f9c6e518e\/'><img loading=\"lazy\" decoding=\"async\" width=\"150\" height=\"150\" src=\"https:\/\/www.radiopiu.net\/wordpress\/wp-content\/uploads\/2023\/01\/78bb3295-cddd-45bc-bebc-ec9f9c6e518e-150x150.jpg\" class=\"attachment-thumbnail size-thumbnail\" alt=\"\" \/><\/a>\n\t\t\t\t<\/dt><\/dl><dl class='gallery-item'>\n\t\t\t\t<dt class='gallery-icon landscape'>\n\t\t\t\t\t<a class=\"rollover\" href='https:\/\/www.radiopiu.net\/wordpress\/giornale-radiopiu-18-gennaio-2023-direttore-mirko-mezzacasa-verso-i-40-anni-25-giugno-1983-25-giugno-2023\/5f88d330-8d64-4aa4-bcdb-9dff7c0f7b36\/'><img loading=\"lazy\" decoding=\"async\" width=\"150\" height=\"150\" src=\"https:\/\/www.radiopiu.net\/wordpress\/wp-content\/uploads\/2023\/01\/5f88d330-8d64-4aa4-bcdb-9dff7c0f7b36-150x150.jpg\" class=\"attachment-thumbnail size-thumbnail\" alt=\"\" \/><\/a>\n\t\t\t\t<\/dt><\/dl><dl class='gallery-item'>\n\t\t\t\t<dt class='gallery-icon landscape'>\n\t\t\t\t\t<a class=\"rollover\" href='https:\/\/www.radiopiu.net\/wordpress\/giornale-radiopiu-18-gennaio-2023-direttore-mirko-mezzacasa-verso-i-40-anni-25-giugno-1983-25-giugno-2023\/afc099f0-7e6f-4d3c-ba15-0b920bae2c70\/'><img loading=\"lazy\" decoding=\"async\" width=\"150\" height=\"150\" src=\"https:\/\/www.radiopiu.net\/wordpress\/wp-content\/uploads\/2023\/01\/afc099f0-7e6f-4d3c-ba15-0b920bae2c70-150x150.jpg\" class=\"attachment-thumbnail size-thumbnail\" alt=\"\" \/><\/a>\n\t\t\t\t<\/dt><\/dl><br style=\"clear: both\" \/>\n\t\t\t<\/div>\n\n<p>&nbsp;<\/p>\n<p>&nbsp;<\/p>\n<hr \/>\n<p>&nbsp;<\/p>\n<blockquote>\n<h2>Urologia di Belluno: ha preso servizio il nuovo primario<\/h2>\n<\/blockquote>\n<p><strong><a class=\"dt-pswp-item\" href=\"https:\/\/www.radiopiu.net\/wordpress\/wp-content\/uploads\/2023\/01\/Repele.jpeg\" data-dt-img-description=\"\" data-large_image_width=\"2048\" data-large_image_height=\"2048\"><img loading=\"lazy\" decoding=\"async\" class=\" wp-image-317295 alignleft\" src=\"https:\/\/www.radiopiu.net\/wordpress\/wp-content\/uploads\/2023\/01\/Repele-300x300.jpeg\" alt=\"\" width=\"200\" height=\"200\" srcset=\"https:\/\/www.radiopiu.net\/wordpress\/wp-content\/uploads\/2023\/01\/Repele-300x300.jpeg 300w, https:\/\/www.radiopiu.net\/wordpress\/wp-content\/uploads\/2023\/01\/Repele-1024x1024.jpeg 1024w, https:\/\/www.radiopiu.net\/wordpress\/wp-content\/uploads\/2023\/01\/Repele-150x150.jpeg 150w, https:\/\/www.radiopiu.net\/wordpress\/wp-content\/uploads\/2023\/01\/Repele-768x768.jpeg 768w, https:\/\/www.radiopiu.net\/wordpress\/wp-content\/uploads\/2023\/01\/Repele-1536x1536.jpeg 1536w, https:\/\/www.radiopiu.net\/wordpress\/wp-content\/uploads\/2023\/01\/Repele.jpeg 2048w\" sizes=\"auto, (max-width: 200px) 100vw, 200px\" \/><\/a>BELLUNO <\/strong>Ha preso servizio all\u2019Ospedale San Martino di Belluno Marcello Repele, il nuovo Direttore dell\u2019U.O.C. di Urologia.\u00a0Proviene dall\u2019Azienda Ospedaliera Universitaria di Padova, dove ha ricoperto uno specifico incarico di specialit\u00e0 in chirurgia laparoscopica. E\u2019 stato, inoltre, responsabile del servizio di biopsie prostatiche ecoguidate e responsabile del servizio di Urodinamica presso l\u2019Urologia dell\u2019Ospedale Sant\u2019Antonio dell\u2019Ulss Euganea. Classe 1972, vicentino di nascita e padovano di adozione, Marcello Repele si \u00e8 laureato in Medicina e Chirurgia presso l\u2019Universit\u00e0 di Padova, dove ha conseguito, poi, la specializzazione in Urologia e un master universitario di secondo livello in Andrologia. Nel corso della sua esperienza, si \u00e8 specializzato nello sviluppo della chirurgia urologia mini-invasiva in diversi ambiti. Nello specifico, si \u00e8 occupato della chirurgia mini-invasiva dell\u2019incontinenza urinaria maschile e femminile, della chirurgia endoscopica e videolaparoscopica renale, cos\u00ec come della chirurgia videolaparoscopica e robot assistita prostatica. Ha al suo attivo numerose pubblicazioni scientifiche. In particolare, la sua produzione scientifica pi\u00f9 recente riguarda le neoplasie vescicali.<\/p>\n<p>&nbsp;<\/p>\n<hr \/>\n<blockquote>\n<h3><\/h3>\n<h3>IL 23 GENNAIO APRE A BELLUNO LA DECIMA FILIALE DELLA CASSA RURALE DOLOMITI IN PROVINCIA<\/h3>\n<\/blockquote>\n<p><strong><a class=\"dt-pswp-item\" href=\"https:\/\/www.radiopiu.net\/wordpress\/wp-content\/uploads\/2023\/01\/quadrato@3x.png\" data-dt-img-description=\"\" data-large_image_width=\"451\" data-large_image_height=\"451\"><img loading=\"lazy\" decoding=\"async\" class=\"wp-image-317457 alignleft\" src=\"https:\/\/www.radiopiu.net\/wordpress\/wp-content\/uploads\/2023\/01\/quadrato@3x-300x300.png\" alt=\"\" width=\"167\" height=\"167\" srcset=\"https:\/\/www.radiopiu.net\/wordpress\/wp-content\/uploads\/2023\/01\/quadrato@3x-300x300.png 300w, https:\/\/www.radiopiu.net\/wordpress\/wp-content\/uploads\/2023\/01\/quadrato@3x-150x150.png 150w, https:\/\/www.radiopiu.net\/wordpress\/wp-content\/uploads\/2023\/01\/quadrato@3x.png 451w\" sizes=\"auto, (max-width: 167px) 100vw, 167px\" \/><\/a>BELLUNO<\/strong> Dal prossimo 23 gennaio sar\u00e0 operativa la decima filiale della Cassa Rurale Dolomiti in Provincia. Trover\u00e0 spazio nei nuovi ampi locali di Via Fratelli Rosselli, 88 \u2013 Localit\u00e0 Mussoi. Si consolida quindi il processo di radicamento nel territorio bellunese da parte dell&#8217;istituto che ha sede a Moena (TN), e che fa parte del gruppo Cassa Centrale. Si tratta del ventitreesimo sportello operante nelle provincie di Trento e Belluno, a ulteriore conferma della mission della Cassa Rurale Dolomiti che si propone come banca del territorio. Quella di Belluno si aggiunge alle filiali gi\u00e0 operative in provincia ad Agordo, Alleghe, Bribano di Sedico, Canale d&#8217;Agordo, Falcade, Feltre, Lentiai, Mas di Sedico e Santa Giustina. La Cassa Rurale Dolomiti si avvale di 140 collaboratori, annovera pi\u00f9 di 35.000 clienti e oltre 8.700 sono invece i soci. \u00c8 una societ\u00e0 cooperativa,\u00a0 banca espressione del territorio. Le aperture degli sportelli nella provincia di Belluno, in special modo nei piccoli centri abitati, si colloca in controtendenza rispetto alla generale riduzione degli sportelli che si riscontra nel sistema bancario. L&#8217;apertura della nuova filiale testimonia la volont\u00e0 di rendere un servizio di fondamentale importanza alla clientela di media cultura digitale<\/p>\n<p>&nbsp;<\/p>\n<p>&nbsp;<\/p>\n<hr \/>\n<p>&nbsp;<\/p>\n<blockquote>\n<h3>MIG LONGARONE 2023: LE PRIME NOVITA\u2019<\/h3>\n<\/blockquote>\n<p><strong><a class=\"dt-pswp-item\" href=\"https:\/\/www.radiopiu.net\/wordpress\/wp-content\/uploads\/2023\/01\/Foto-MIG-2022-01.jpg\" data-dt-img-description=\"\" data-large_image_width=\"2000\" data-large_image_height=\"1252\"><img loading=\"lazy\" decoding=\"async\" class=\" wp-image-317232 alignleft\" src=\"https:\/\/www.radiopiu.net\/wordpress\/wp-content\/uploads\/2023\/01\/Foto-MIG-2022-01-300x188.jpg\" alt=\"\" width=\"187\" height=\"117\" srcset=\"https:\/\/www.radiopiu.net\/wordpress\/wp-content\/uploads\/2023\/01\/Foto-MIG-2022-01-300x188.jpg 300w, https:\/\/www.radiopiu.net\/wordpress\/wp-content\/uploads\/2023\/01\/Foto-MIG-2022-01-1024x641.jpg 1024w, https:\/\/www.radiopiu.net\/wordpress\/wp-content\/uploads\/2023\/01\/Foto-MIG-2022-01-768x481.jpg 768w, https:\/\/www.radiopiu.net\/wordpress\/wp-content\/uploads\/2023\/01\/Foto-MIG-2022-01-1536x962.jpg 1536w, https:\/\/www.radiopiu.net\/wordpress\/wp-content\/uploads\/2023\/01\/Foto-MIG-2022-01.jpg 2000w\" sizes=\"auto, (max-width: 187px) 100vw, 187px\" \/><\/a>LONGARONE <\/strong>A Longarone Fiere Dolomiti \u00e8 gi\u00e0 iniziato il percorso di avvicinamento alla prossima MIG &#8211; Mostra Internazionale del Gelato Artigianale la cui 63. edizione \u00e8 in programma da domenica 26 a mercoled\u00ec 29 novembre 2023. MIG 2023 sar\u00e0 una fiera solo per operatori. Per tutti i quattro giorni di apertura l\u2019ingresso sar\u00e0 consentito soltanto ai titolari di attivit\u00e0 di settore e loro collaboratori, in modo da favorire, in un ambiente tradizionalmente sobrio, lo svolgimento delle presentazioni e delle trattative. Il programma dei concorsi e degli eventi sar\u00e0 rivisto in funzione di supporto all\u2019esposizione, affrontando i temi di grande interesse e attualit\u00e0 individuati con la collaborazione delle Associazioni di categoria della filiera. Sara dato anche spazio ad iniziative di formazione. MIG vuole essere attrattiva, oltre che per il qualificato panorama espositivo, anche quale momento di aggiornamento professionale e manageriale, tanto necessario per operare nella situazione socio-economica che stiamo attraversando.<\/p>\n<hr \/>\n<p>&nbsp;<\/p>\n<blockquote>\n<h3>IN OCCASIONE DELLA GIORNATA DELLA MEMORIA UNO SPETTACOLO A CANALE D&#8217;AGORDO<\/h3>\n<\/blockquote>\n<p><strong><a class=\"dt-pswp-item\" href=\"https:\/\/www.radiopiu.net\/wordpress\/wp-content\/uploads\/2020\/06\/CANALE-DAGORDO-8.jpg\" data-dt-img-description=\"\" data-large_image_width=\"960\" data-large_image_height=\"720\"><img loading=\"lazy\" decoding=\"async\" class=\" wp-image-142137 alignleft\" src=\"https:\/\/www.radiopiu.net\/wordpress\/wp-content\/uploads\/2020\/06\/CANALE-DAGORDO-8-300x225.jpg\" alt=\"\" width=\"167\" height=\"125\" srcset=\"https:\/\/www.radiopiu.net\/wordpress\/wp-content\/uploads\/2020\/06\/CANALE-DAGORDO-8-300x225.jpg 300w, https:\/\/www.radiopiu.net\/wordpress\/wp-content\/uploads\/2020\/06\/CANALE-DAGORDO-8-768x576.jpg 768w, https:\/\/www.radiopiu.net\/wordpress\/wp-content\/uploads\/2020\/06\/CANALE-DAGORDO-8.jpg 960w\" sizes=\"auto, (max-width: 167px) 100vw, 167px\" \/><\/a>CANALE D&#8217;AGORDO <\/strong>&#8220;Ogni cosa \u00e8 illuminata&#8221; \u00e8 lo spettacolo in programma\u00a0gioved\u00ec 26 gennaio\u00a0alle 20.45\u00a0presso la Sala Emigranti di via Lotta, a Canale d&#8217;Agordo. L&#8217;evento, organizzato dalla Pro Loco di Canale d&#8217;Agordo, con il Comune, le Biblioteche della Valle del Biois e l&#8217;Associazione Libera Agordino, \u00e8 dedicato al tema della Shoa, ovvero allo sterminio del popolo ebraico durante il Secondo conflitto mondiale.<\/p>\n<p>di Gianni Santomaso<\/p>\n<audio class=\"wp-audio-shortcode\" id=\"audio-317158-10\" preload=\"none\" style=\"width: 100%;\" controls=\"controls\"><source type=\"audio\/mpeg\" src=\"https:\/\/www.radiopiu.net\/wordpress\/wp-content\/uploads\/2023\/01\/GIANNI-GIORNATA-MEMORIA-CANALE.mp3?_=10\" \/><a href=\"https:\/\/www.radiopiu.net\/wordpress\/wp-content\/uploads\/2023\/01\/GIANNI-GIORNATA-MEMORIA-CANALE.mp3\">https:\/\/www.radiopiu.net\/wordpress\/wp-content\/uploads\/2023\/01\/GIANNI-GIORNATA-MEMORIA-CANALE.mp3<\/a><\/audio>\n<p>&nbsp;<\/p>\n<p>&nbsp;<\/p>\n<p>&nbsp;<\/p>\n<hr \/>\n<p>&nbsp;<\/p>\n<blockquote>\n<h3>LA BELLUNESE ANNA DEFFERRARI CO-FONDATRICE E \u201cANIMA\u201d PER TRENT\u2019ANNI DEL LUMEN DI FALCADE<\/h3>\n<\/blockquote>\n<p><strong>di RENATO BONA<\/strong><\/p>\n<p>In \u201cDonne in prima linea\u201d (titolo del libro della dott. Milena Caldart, bellunese trapiantata nella Capitale realizzato nel maggio 2014 da Alessandro Tarantola Editore), giusto spazio \u00e8 stato dedicato ad Anna Defferrari, co-fondatrice (con Rosa Borghini) dell\u2019istituto scolastico \u201cLumen\u201d di Falcade, nella localit\u00e0 Canes della frazione Caviola. nella splendida Valle del Biois, provincia di Belluno. La Caldart definisce Defferrari \u201cfigura cardine dell\u2019Istituto: infatti ne conduce fin dall\u2019inizio l\u2019attivit\u00e0 affrontando quotidianamente difficolt\u00e0 e problemi; lei stessa \u00e8 anche insegnante di tutte le materie letterarie. Sorretta da una forte idealit\u00e0 morale e religiosa (ha stretti rapporti con Albino Luciani, allora Vicario a Belluno, e con mons. Angelo Secolini), di grande e fattiva esperienza didattica, dedica tutto il suo sapere e la sua forte volont\u00e0 all\u2019Istituto che dirige con rigore\u201d. Ricorda quindi che nel primo dopoguerra Falcade \u00e8 ancora un paese isolato, in cui la scuola pubblica \u00e8 solo quella elementare ed \u00e8 sprovvisto di adeguati mezzi di comunicazione per raggiungere i centri urbani dove hanno sede le scuole superiori. In questa realt\u00e0, l\u2019Istituto nasce nel 1933, \u201cinizialmente come campeggio estivo fra le Dolomiti bellunesi. E\u2019 infatti qui che Rosa Borghini, professoressa in materie letterarie fin dal 1910, acquista un terreno dove costruire una sede adatta a questo scopo. Tuttavia &#8211; rammenta l\u2019autrice &#8211; il suo lavoro la porta in varie citt\u00e0 dell\u2019Italia centrale e dal 1934 al 1953 insegna a Roma dove apre la \u201cCasa Lumen\u201d in una struttura offerta dalla Croce Rossa. Durante la guerra, mantiene ed educa nella \u2018Casa\u2019 venti bambine orfane, aiutata dalla prof. Defferrari; entrambe profondamente cattoliche, condividono gli stessi princ\u00ecpi e la stessa devozione per Santa Caterina e resteranno legate anche da profonda amicizia per tutta la vita\u201d. Alla conclusione del conflitto, le due docenti-amiche decidono di dare vita a Falcade all\u2019Istituto \u201cLumen\u201d col quale puntare alla realizzazione dei loro ideali educativi. Sar\u00e0 la bellunese Defferrari ad assumere in toto gestione ed amministrazione mentre la Borghini, chiamata \u201cMamma Rosa\u201d prosegue con l\u2019insegnamento a Roma, Istituto magistrale \u201cOriani\u201d e solo nel 1953, da pensionata si trasferir\u00e0 a Caviola per insegnare al \u201cLumen\u201d fino al 1954; sul finire dell\u2019anno si ammala e nel luglio 1956 passa a miglior vita. E veniamo al \u201cLumen\u201d: viene aperto nella localit\u00e0 Canes di Caviola il 28 novembre 1950 dapprima in una sede provvisoria e quindi nel nuovo edificio. Inizialmente &#8211; lo ha ricordato l\u2019ex allievo Gianni P. &#8211; era scuola privata, in seguito parificata; la sede era una villetta della localit\u00e0 Brustolade. Defferrari ne sar\u00e0 \u201cla figura cardine, non solo come docente di tutte le materie letterarie. Dopo l\u2019avvio di un corso di preparazione dei giovani agli esami di licenza media, rivolto in particolare a quanti hanno dovuto abbandonare gli studi per esigenze lavorative, l\u2019istituto assumer\u00e0 la denominazione di \u201cIstituto montano Lumen\u201d in virt\u00f9 di un decreto ministeriale del 20 giugno 1951. Nel 1952 entra in funzione la scuola media autorizzata e prendono il via i corsi preparatori al Ginnasio e al Liceo. Abbiamo fatto cenno alla numerose difficolt\u00e0 incontrare dalla Defferrari, anche di carattere economico. Erano tali da indurla il 15 dicembre 1951 a scrivere al nuovo sindaco di Falcade per sollecitare concreti aiuti dato che \u201cparecchi del Comune di Falcade hanno avuto benefici e sono oggi per essi in migliori condizioni sociali\u2026\u201d. Ancora l\u2019ex allievo Gianni P. per precisare: \u201cAnna Defferrari era un\u2019insegnante eccezionale di italiano, latino e greco, le classi avevano al massimo sette alunni,.,,\u201d. Avviandoci alla conclusione, non trascuriamo di dire che l\u2019Istituto aveva una sua piccola rivista bimestrale: \u201cLumen\u201d dove si illustravano le varie attivit\u00e0 e la vita scolastica. Che nel 1971 venne inaugurata al suo interno una biblioteca permanente con annessa sala di lettura aperta tutto l\u2019anno, dotata di 3500 volumi di carattere prevalentemente umanistico. Ancora: nei mesi estivi, dal 1. luglio al 15 settembre \u201cLumen\u201d diventa soggiorno per studenti. La Defferrari intanto ha ricoperto dal 1960 al 1964 la carica di consigliere comunale di Falcade e a fine anni \u201860 insegna per qualche tempo al minerario \u201cFollador\u201d di Agordo. Si ritirer\u00e0 a vita privata nella casa di riposo di Taibon Agordino dopo 30 anni di grande impegno, nel 1974 (l\u2019anno in cui cessa anche l\u2019attivit\u00e0 dell\u2019Istituto) e concluder\u00e0 la sua vita all\u2019ospedale di Feltre il 23 settembre 1980. Come riconoscimento ed apprezzamento per la sua opera indefessa le \u00e8 stata intitolata l\u2019aula degli insegnanti della scuola media di Canale d\u2019Agordo.<\/p>\n\n\t\t\t<style type='text\/css'>\n\t\t\t\t#gallery-4 {\n\t\t\t\t\tmargin: auto;\n\t\t\t\t}\n\t\t\t\t#gallery-4 .gallery-item {\n\t\t\t\t\tfloat: left;\n\t\t\t\t\tmargin-top: 10px;\n\t\t\t\t\ttext-align: center;\n\t\t\t\t\twidth: 20%;\n\t\t\t\t}\n\t\t\t\t#gallery-4 img {\n\t\t\t\t\tborder: 2px solid #cfcfcf;\n\t\t\t\t}\n\t\t\t\t#gallery-4 .gallery-caption {\n\t\t\t\t\tmargin-left: 0;\n\t\t\t\t}\n\t\t\t\t\/* see gallery_shortcode() in wp-includes\/media.php *\/\n\t\t\t<\/style>\n\t\t<div id='gallery-4' class='dt-gallery-container gallery galleryid-317158 gallery-columns-5 gallery-size-thumbnail'><dl class='gallery-item'>\n\t\t\t\t<dt class='gallery-icon portrait'>\n\t\t\t\t\t<a class=\"rollover rollover-zoom dt-pswp-item\" title=\"324158224_558340049297025_4553311334614426788_n\" data-dt-img-description=\"\" data-large_image_width=\"850\" data-large_image_height=\"1236\"href='https:\/\/www.radiopiu.net\/wordpress\/wp-content\/uploads\/2023\/01\/324158224_558340049297025_4553311334614426788_n.jpg'><img loading=\"lazy\" decoding=\"async\" width=\"150\" height=\"150\" src=\"https:\/\/www.radiopiu.net\/wordpress\/wp-content\/uploads\/2023\/01\/324158224_558340049297025_4553311334614426788_n-150x150.jpg\" class=\"attachment-thumbnail size-thumbnail\" alt=\"\" \/><\/a>\n\t\t\t\t<\/dt><\/dl><dl class='gallery-item'>\n\t\t\t\t<dt class='gallery-icon portrait'>\n\t\t\t\t\t<a class=\"rollover rollover-zoom dt-pswp-item\" title=\"325296935_859892765228847_5411250825310178033_n\" data-dt-img-description=\"\" data-large_image_width=\"1041\" data-large_image_height=\"1459\"href='https:\/\/www.radiopiu.net\/wordpress\/wp-content\/uploads\/2023\/01\/325296935_859892765228847_5411250825310178033_n.jpg'><img loading=\"lazy\" decoding=\"async\" width=\"150\" height=\"150\" src=\"https:\/\/www.radiopiu.net\/wordpress\/wp-content\/uploads\/2023\/01\/325296935_859892765228847_5411250825310178033_n-150x150.jpg\" class=\"attachment-thumbnail size-thumbnail\" alt=\"\" \/><\/a>\n\t\t\t\t<\/dt><\/dl><dl class='gallery-item'>\n\t\t\t\t<dt class='gallery-icon landscape'>\n\t\t\t\t\t<a class=\"rollover rollover-zoom dt-pswp-item\" title=\"322993923_876032706966514_1831282665575201096_n\" data-dt-img-description=\"\" data-large_image_width=\"1346\" data-large_image_height=\"956\"href='https:\/\/www.radiopiu.net\/wordpress\/wp-content\/uploads\/2023\/01\/322993923_876032706966514_1831282665575201096_n.jpg'><img loading=\"lazy\" decoding=\"async\" width=\"150\" height=\"150\" src=\"https:\/\/www.radiopiu.net\/wordpress\/wp-content\/uploads\/2023\/01\/322993923_876032706966514_1831282665575201096_n-150x150.jpg\" class=\"attachment-thumbnail size-thumbnail\" alt=\"\" \/><\/a>\n\t\t\t\t<\/dt><\/dl><dl class='gallery-item'>\n\t\t\t\t<dt class='gallery-icon landscape'>\n\t\t\t\t\t<a class=\"rollover rollover-zoom dt-pswp-item\" title=\"323315789_1196442957957189_32681043492868159_n\" data-dt-img-description=\"\" data-large_image_width=\"1197\" data-large_image_height=\"900\"href='https:\/\/www.radiopiu.net\/wordpress\/wp-content\/uploads\/2023\/01\/323315789_1196442957957189_32681043492868159_n.jpg'><img loading=\"lazy\" decoding=\"async\" width=\"150\" height=\"150\" src=\"https:\/\/www.radiopiu.net\/wordpress\/wp-content\/uploads\/2023\/01\/323315789_1196442957957189_32681043492868159_n-150x150.jpg\" class=\"attachment-thumbnail size-thumbnail\" alt=\"\" \/><\/a>\n\t\t\t\t<\/dt><\/dl><dl class='gallery-item'>\n\t\t\t\t<dt class='gallery-icon portrait'>\n\t\t\t\t\t<a class=\"rollover rollover-zoom dt-pswp-item\" title=\"325134682_1585805975226690_1527923094434035826_n\" data-dt-img-description=\"\" data-large_image_width=\"1190\" data-large_image_height=\"1765\"href='https:\/\/www.radiopiu.net\/wordpress\/wp-content\/uploads\/2023\/01\/325134682_1585805975226690_1527923094434035826_n.jpg'><img loading=\"lazy\" decoding=\"async\" width=\"150\" height=\"150\" src=\"https:\/\/www.radiopiu.net\/wordpress\/wp-content\/uploads\/2023\/01\/325134682_1585805975226690_1527923094434035826_n-150x150.jpg\" class=\"attachment-thumbnail size-thumbnail\" alt=\"\" \/><\/a>\n\t\t\t\t<\/dt><\/dl><br style=\"clear: both\" \/>\n\t\t\t<\/div>\n\n<p>NELLE FOTO (riproduzioni dal libro \u201cDonne in prima linea\u201d di Milena Caldart): la prof. Anna Defferrari nel 1980; la sede del glorioso Istituto; prima pagina del regolamento interno della scuola; il numero di luglio-agosto 1971 della pubblicazione \u201cLumen\u201d; studenti del in gita scolastica nel 1956 (per concessione di Amalia De Gasperi).<\/p>\n<p>&nbsp;<\/p>\n<p>&nbsp;<\/p>\n<hr \/>\n<p>&nbsp;<\/p>\n<blockquote>\n<h3>LOTTERIA DI SAN MARCELLO: I BIGLIETTI VINCENTI<\/h3>\n<\/blockquote>\n<a href=\"https:\/\/www.radiopiu.net\/wordpress\/wp-content\/uploads\/2023\/01\/Premi-Lotteria-2023-con-numeri.pdf\" class=\"pdfemb-viewer\" style=\"\" data-width=\"max\" data-height=\"max\" data-toolbar=\"top\" data-toolbar-fixed=\"on\">Premi Lotteria 2023 con numeri<\/a>\n<p>&nbsp;<\/p>\n<p>&nbsp;<\/p>\n<hr \/>\n<p>&nbsp;<\/p>\n<blockquote>\n<h3>AKTION T4, LA MOSTRA SULL&#8217;ECCIDIO DEI DISABILI A BORGO VALBELLUNA<\/h3>\n<\/blockquote>\n<p><strong><a class=\"dt-pswp-item\" href=\"https:\/\/www.radiopiu.net\/wordpress\/wp-content\/uploads\/2023\/01\/a61e6e80-3c51-4e70-9145-0e7495366a4d.jpg\" data-dt-img-description=\"\" data-large_image_width=\"1131\" data-large_image_height=\"1600\"><img loading=\"lazy\" decoding=\"async\" class=\" wp-image-317112 alignleft\" src=\"https:\/\/www.radiopiu.net\/wordpress\/wp-content\/uploads\/2023\/01\/a61e6e80-3c51-4e70-9145-0e7495366a4d-212x300.jpg\" alt=\"\" width=\"115\" height=\"163\" srcset=\"https:\/\/www.radiopiu.net\/wordpress\/wp-content\/uploads\/2023\/01\/a61e6e80-3c51-4e70-9145-0e7495366a4d-212x300.jpg 212w, https:\/\/www.radiopiu.net\/wordpress\/wp-content\/uploads\/2023\/01\/a61e6e80-3c51-4e70-9145-0e7495366a4d-724x1024.jpg 724w, https:\/\/www.radiopiu.net\/wordpress\/wp-content\/uploads\/2023\/01\/a61e6e80-3c51-4e70-9145-0e7495366a4d-768x1086.jpg 768w, https:\/\/www.radiopiu.net\/wordpress\/wp-content\/uploads\/2023\/01\/a61e6e80-3c51-4e70-9145-0e7495366a4d-1086x1536.jpg 1086w, https:\/\/www.radiopiu.net\/wordpress\/wp-content\/uploads\/2023\/01\/a61e6e80-3c51-4e70-9145-0e7495366a4d.jpg 1131w\" sizes=\"auto, (max-width: 115px) 100vw, 115px\" \/><\/a>BORGO VALBELLUNA<\/strong><\/p>\n<p>di Roberto Bona<\/p>\n<audio class=\"wp-audio-shortcode\" id=\"audio-317158-11\" preload=\"none\" style=\"width: 100%;\" controls=\"controls\"><source type=\"audio\/mpeg\" src=\"https:\/\/www.radiopiu.net\/wordpress\/wp-content\/uploads\/2023\/01\/BONA-AKTION-T4.mp3?_=11\" \/><a href=\"https:\/\/www.radiopiu.net\/wordpress\/wp-content\/uploads\/2023\/01\/BONA-AKTION-T4.mp3\">https:\/\/www.radiopiu.net\/wordpress\/wp-content\/uploads\/2023\/01\/BONA-AKTION-T4.mp3<\/a><\/audio>\n<p>&nbsp;<\/p>\n<hr \/>\n<p>&nbsp;<\/p>\n<blockquote>\n<h3>IL PRESIDENTE DELLO SCI CLUB VAL BIOIS FA IL PUNTO SULLA STAGIONE IN CORSO<\/h3>\n<\/blockquote>\n<p><strong><a class=\"dt-pswp-item\" href=\"https:\/\/www.radiopiu.net\/wordpress\/wp-content\/uploads\/2020\/02\/download-4.jpg\" data-dt-img-description=\"\" data-large_image_width=\"228\" data-large_image_height=\"221\"><img loading=\"lazy\" decoding=\"async\" class=\" wp-image-117199 alignleft\" src=\"https:\/\/www.radiopiu.net\/wordpress\/wp-content\/uploads\/2020\/02\/download-4.jpg\" alt=\"\" width=\"139\" height=\"135\" \/><\/a>di Mirko Mezzacasa<\/strong><\/p>\n<p>OSPITE: Matteo Cagnati, Presidente Sci Club Val Biois<\/p>\n<audio class=\"wp-audio-shortcode\" id=\"audio-317158-12\" preload=\"none\" style=\"width: 100%;\" controls=\"controls\"><source type=\"audio\/mpeg\" src=\"https:\/\/www.radiopiu.net\/wordpress\/wp-content\/uploads\/2023\/01\/matteo-cagnati-sci-club.mp3?_=12\" \/><a href=\"https:\/\/www.radiopiu.net\/wordpress\/wp-content\/uploads\/2023\/01\/matteo-cagnati-sci-club.mp3\">https:\/\/www.radiopiu.net\/wordpress\/wp-content\/uploads\/2023\/01\/matteo-cagnati-sci-club.mp3<\/a><\/audio>\n<p>&nbsp;<\/p>\n<hr \/>\n<p>&nbsp;<\/p>\n<blockquote>\n<h3>L&#8217;EVENTO: 11 MAGGIO AL TEATRO COMUNALE, ALICE CANTA BATTIATO<\/h3>\n<\/blockquote>\n<p><strong><a class=\"dt-pswp-item\" href=\"https:\/\/www.radiopiu.net\/wordpress\/wp-content\/uploads\/2023\/01\/16-1.jpg\" data-dt-img-description=\"\" data-large_image_width=\"365\" data-large_image_height=\"388\"><img loading=\"lazy\" decoding=\"async\" class=\"wp-image-317323 alignleft\" src=\"https:\/\/www.radiopiu.net\/wordpress\/wp-content\/uploads\/2023\/01\/16-1-282x300.jpg\" alt=\"\" width=\"131\" height=\"139\" srcset=\"https:\/\/www.radiopiu.net\/wordpress\/wp-content\/uploads\/2023\/01\/16-1-282x300.jpg 282w, https:\/\/www.radiopiu.net\/wordpress\/wp-content\/uploads\/2023\/01\/16-1.jpg 365w\" sizes=\"auto, (max-width: 131px) 100vw, 131px\" \/><\/a>BELLUNO<\/strong> \u00a0Scoppio Spettacoli ha comunicato l&#8217;aggiunta di un nuovo evento per l&#8217;11 maggio alle 21: &#8220;Eri con me&#8221;, un concerto nel quale la cantante di Forl\u00ec ancora una volta si fa strumento della musica del &#8220;maestro&#8221; e di ci\u00f2 che ha trasmesso.\u00a0 Il 29 gennaio sar\u00e0 il turno di &#8220;Situazione Rock&#8221;, mentre \u00e8 gi\u00e0 sold out lo spettacolo di Teresa Mannino del 26 febbraio. Due appuntamenti musicali a marzo: il 5 il tributo a Lucio Battisti eseguito da La Compagnia, il 26 I Musici di Francesco Guccini. Infine, aprile sar\u00e0 un mese di teatro e comicit\u00e0: il 6 con Andrea Pennacchi, il 15 con Angelo Pisani, il 20 con Giuseppe Giacobazzi.<\/p>\n<p>&nbsp;<\/p>\n<blockquote>\n<h3 style=\"text-align: left;\">IL 29 GENNAIO I 10 HERTZ AL TEATRO COMUNALE DI BELLUNO<\/h3>\n<\/blockquote>\n<p><strong>BELLUNO<\/strong> A 37 anni dall&#8217;ultimo concerto dei 10 Hertz e a 16 anni da una fugace reunion il feeling c&#8217;\u00e8 ancora&#8230; &#8220;per la ruggine faremo qualche trattamento&#8221;. Rieccoli i ragazzi degli anni Ottanta, che riempivano la sala della casa della Giovent\u00f9 di note e buon umore.\u00a0 Saliranno di nuovo sul palco di situazione Rock reload la sera del 29 gennaio. Tra pizza e brindisi del post ecco l&#8217;allenamento al concerto di Fiabane, De Bastiani, De Nardin e Cassisi.\u00a0 <em>&#8220;Non avrei mai pensato di fare un tuffo nel passato cos\u00ec! Forse l&#8217;amore per la musica, forse la nostalgia, forse perch\u00e9 la tua storia non la cancelli se porta un bel ricordo &#8211; dice Gianniantonio Cassisi &#8211;\u00a0 Certo l&#8217;incoscienza giovanile che ancora mi porto dentro, stavolta mi ha causato ansia quotidiana\u00a0Con le dita e le corde vocali un po&#8217; arrugginite, ma una sana voglia di rimettersi in gioco, perch\u00e9 l&#8217;emozione del palco, vi assicuro, \u00e8 unica per chi fa musica&#8221;\u00a0<\/em><\/p>\n<p><a class=\"dt-pswp-item\" href=\"https:\/\/www.radiopiu.net\/wordpress\/wp-content\/uploads\/2022\/12\/321956482_3347523318852943_6605847049812701151_n.jpg\" data-dt-img-description=\"\" data-large_image_width=\"1200\" data-large_image_height=\"540\"><img loading=\"lazy\" decoding=\"async\" class=\"alignnone wp-image-314138 size-full\" src=\"https:\/\/www.radiopiu.net\/wordpress\/wp-content\/uploads\/2022\/12\/321956482_3347523318852943_6605847049812701151_n.jpg\" alt=\"\" width=\"1200\" height=\"540\" srcset=\"https:\/\/www.radiopiu.net\/wordpress\/wp-content\/uploads\/2022\/12\/321956482_3347523318852943_6605847049812701151_n.jpg 1200w, https:\/\/www.radiopiu.net\/wordpress\/wp-content\/uploads\/2022\/12\/321956482_3347523318852943_6605847049812701151_n-300x135.jpg 300w, https:\/\/www.radiopiu.net\/wordpress\/wp-content\/uploads\/2022\/12\/321956482_3347523318852943_6605847049812701151_n-1024x461.jpg 1024w, https:\/\/www.radiopiu.net\/wordpress\/wp-content\/uploads\/2022\/12\/321956482_3347523318852943_6605847049812701151_n-768x346.jpg 768w\" sizes=\"auto, (max-width: 1200px) 100vw, 1200px\" \/><\/a><\/p>\n<p>&nbsp;<\/p>\n\n\t\t\t<style type='text\/css'>\n\t\t\t\t#gallery-5 {\n\t\t\t\t\tmargin: auto;\n\t\t\t\t}\n\t\t\t\t#gallery-5 .gallery-item {\n\t\t\t\t\tfloat: left;\n\t\t\t\t\tmargin-top: 10px;\n\t\t\t\t\ttext-align: center;\n\t\t\t\t\twidth: 33%;\n\t\t\t\t}\n\t\t\t\t#gallery-5 img {\n\t\t\t\t\tborder: 2px solid #cfcfcf;\n\t\t\t\t}\n\t\t\t\t#gallery-5 .gallery-caption {\n\t\t\t\t\tmargin-left: 0;\n\t\t\t\t}\n\t\t\t\t\/* see gallery_shortcode() in wp-includes\/media.php *\/\n\t\t\t<\/style>\n\t\t<div id='gallery-5' class='dt-gallery-container gallery galleryid-317158 gallery-columns-3 gallery-size-thumbnail'><dl class='gallery-item'>\n\t\t\t\t<dt class='gallery-icon landscape'>\n\t\t\t\t\t<a class=\"rollover rollover-zoom dt-pswp-item\" title=\"319546071_894039498305001_3568303703484066999_n\" data-dt-img-description=\"\" data-large_image_width=\"960\" data-large_image_height=\"540\"href='https:\/\/www.radiopiu.net\/wordpress\/wp-content\/uploads\/2022\/12\/319546071_894039498305001_3568303703484066999_n.jpg'><img loading=\"lazy\" decoding=\"async\" width=\"150\" height=\"150\" src=\"https:\/\/www.radiopiu.net\/wordpress\/wp-content\/uploads\/2022\/12\/319546071_894039498305001_3568303703484066999_n-150x150.jpg\" class=\"attachment-thumbnail size-thumbnail\" alt=\"\" \/><\/a>\n\t\t\t\t<\/dt><\/dl><dl class='gallery-item'>\n\t\t\t\t<dt class='gallery-icon landscape'>\n\t\t\t\t\t<a class=\"rollover rollover-zoom dt-pswp-item\" title=\"317903390_2389334531222054_6505307024322307370_n\" data-dt-img-description=\"\" data-large_image_width=\"1200\" data-large_image_height=\"540\"href='https:\/\/www.radiopiu.net\/wordpress\/wp-content\/uploads\/2022\/12\/317903390_2389334531222054_6505307024322307370_n.jpg'><img loading=\"lazy\" decoding=\"async\" width=\"150\" height=\"150\" src=\"https:\/\/www.radiopiu.net\/wordpress\/wp-content\/uploads\/2022\/12\/317903390_2389334531222054_6505307024322307370_n-150x150.jpg\" class=\"attachment-thumbnail size-thumbnail\" alt=\"\" \/><\/a>\n\t\t\t\t<\/dt><\/dl><dl class='gallery-item'>\n\t\t\t\t<dt class='gallery-icon landscape'>\n\t\t\t\t\t<a class=\"rollover rollover-zoom dt-pswp-item\" title=\"320535750_8610937168947882_936003585236348967_n\" data-dt-img-description=\"\" data-large_image_width=\"1200\" data-large_image_height=\"540\"href='https:\/\/www.radiopiu.net\/wordpress\/wp-content\/uploads\/2022\/12\/320535750_8610937168947882_936003585236348967_n.jpg'><img loading=\"lazy\" decoding=\"async\" width=\"150\" height=\"150\" src=\"https:\/\/www.radiopiu.net\/wordpress\/wp-content\/uploads\/2022\/12\/320535750_8610937168947882_936003585236348967_n-150x150.jpg\" class=\"attachment-thumbnail size-thumbnail\" alt=\"\" \/><\/a>\n\t\t\t\t<\/dt><\/dl><br style=\"clear: both\" \/>\n\t\t\t<\/div>\n\n<p>&nbsp;<\/p>\n<p>&nbsp;<\/p>\n<hr \/>\n<p>&nbsp;<\/p>\n<p><a class=\"dt-pswp-item\" href=\"https:\/\/www.radiopiu.net\/wordpress\/wp-content\/uploads\/2023\/01\/f357cc9c-828e-4d9b-9ff4-ec3efed24d74.jpg\" data-dt-img-description=\"\" data-large_image_width=\"724\" data-large_image_height=\"1024\"><img loading=\"lazy\" decoding=\"async\" class=\"wp-image-315069 alignleft\" src=\"https:\/\/www.radiopiu.net\/wordpress\/wp-content\/uploads\/2023\/01\/f357cc9c-828e-4d9b-9ff4-ec3efed24d74.jpg\" alt=\"\" width=\"140\" height=\"198\" srcset=\"https:\/\/www.radiopiu.net\/wordpress\/wp-content\/uploads\/2023\/01\/f357cc9c-828e-4d9b-9ff4-ec3efed24d74.jpg 724w, https:\/\/www.radiopiu.net\/wordpress\/wp-content\/uploads\/2023\/01\/f357cc9c-828e-4d9b-9ff4-ec3efed24d74-212x300.jpg 212w\" sizes=\"auto, (max-width: 140px) 100vw, 140px\" \/><\/a><\/p>\n<h1><span style=\"color: #ff00ff;\">AGORDINO IN FERMENTO&#8230;AGORDINO IN MOVIMENTO\u00a0<\/span><\/h1>\n<blockquote><p><span style=\"color: #ff0000;\"><strong>A CARNEVALE&#8230; EL CARNEVAL DE LE VAI&#8230;DA SELVA DI CADORE A CANALE D&#8217;AGORDO, DA RIVAMONTE A LASTE E SOTTOGUDA. TRADIZIONE, CULTURLA E SPETTACOLO\u00a0 L&#8217;INCONTRO ALLA RADIO CON GLI ORGANIZZATORI<\/strong><\/span><\/p><\/blockquote>\n<p>&nbsp;<\/p>\n<p>&nbsp;<\/p>\n<p><iframe loading=\"lazy\" title=\"CARNEVAI DE LE VAI L&#039;INTERVISTA AI PROTAGONISTI\" width=\"1200\" height=\"675\" src=\"https:\/\/www.youtube.com\/embed\/w-vtgGV1TuM?feature=oembed\" frameborder=\"0\" allow=\"accelerometer; autoplay; clipboard-write; encrypted-media; gyroscope; picture-in-picture; web-share\" allowfullscreen><\/iframe><\/p>\n<p>&nbsp;<\/p>\n<hr \/>\n<p>&nbsp;<\/p>\n<blockquote class=\"wp-embedded-content\" data-secret=\"xEmgQbQAq7\"><p><a href=\"https:\/\/www.radiopiu.net\/wordpress\/sccanda\/\">SCOPRI LA BELLEZZA DEI PARCHI NAZIONALI DEL CANADA<\/a><\/p><\/blockquote>\n<p><iframe loading=\"lazy\" class=\"wp-embedded-content\" sandbox=\"allow-scripts\" security=\"restricted\" style=\"position: absolute; clip: rect(1px, 1px, 1px, 1px);\" title=\"&#8220;SCOPRI LA BELLEZZA DEI PARCHI NAZIONALI DEL CANADA&#8221; &#8212; Radio Pi\u00f9\" src=\"https:\/\/www.radiopiu.net\/wordpress\/sccanda\/embed\/#?secret=DkxARmUtxq#?secret=xEmgQbQAq7\" data-secret=\"xEmgQbQAq7\" width=\"600\" height=\"338\" frameborder=\"0\" marginwidth=\"0\" marginheight=\"0\" scrolling=\"no\"><\/iframe><\/p>\n<p>&nbsp;<\/p>\n<hr \/>\n<p>&nbsp;<\/p>\n<blockquote>\n<h3>L&#8217;INCONTRO CON PAOLA CARMIGNOLA DI EMERGENCY<\/h3>\n<\/blockquote>\n<p><strong><a class=\"dt-pswp-item\" href=\"https:\/\/www.radiopiu.net\/wordpress\/wp-content\/uploads\/2023\/01\/Paola-Carmignola.jpg\" data-dt-img-description=\"\" data-large_image_width=\"656\" data-large_image_height=\"1024\"><img loading=\"lazy\" decoding=\"async\" class=\" wp-image-316688 alignleft\" src=\"https:\/\/www.radiopiu.net\/wordpress\/wp-content\/uploads\/2023\/01\/Paola-Carmignola-192x300.jpg\" alt=\"\" width=\"99\" height=\"155\" srcset=\"https:\/\/www.radiopiu.net\/wordpress\/wp-content\/uploads\/2023\/01\/Paola-Carmignola-192x300.jpg 192w, https:\/\/www.radiopiu.net\/wordpress\/wp-content\/uploads\/2023\/01\/Paola-Carmignola.jpg 656w\" sizes=\"auto, (max-width: 99px) 100vw, 99px\" \/><\/a>BELLUNO<\/strong> Dopo il riuscito incontro dello scorso 14 dicembre con Nico Piro, giornalista inviato di guerra, prosegue la collaborazione del Coordinamento provinciale Pace e Disarmo con le realta\u0300 associative locali. Anche a seguito delle richieste di informazioni dirette sui conflitti in corso in tutto il mondo pervenute dai partecipanti alla serata, il Coordinamento Pace e Disarmo, il gruppo Emergency di Belluno e la Pro Loco Pieve Castionese hanno organizzato per sabato 21 gennaio l\u2019iniziativa \u201cEMissioni di pace. Incontro con Paola Carmignola, infermiera di Emergency in Afghanistan e Sierra Leone\u201d. Dalle 12.30 di sabato 21 gennaio alla Casa dei Beni Comuni (ex caserma Piave, via Tiziano Vecellio 82\/1) ci si potra\u0300 incontrare in modo conviviale approfondendo temi e questioni insieme all\u2019ospite (per prenotazioni contattare il numero 320 7661251, specificando se vegetariani o no ed eventuali allergie). Successivamente, alle ore 18 al Teatro San Gaetano di Castion, Paola Carmignola portera\u0300 la sua testimonianza diretta di infermiera di Emergency. L\u2019ingresso e\u0300 libero.<\/p>\n<p>&nbsp;<\/p>\n<hr \/>\n<p>&nbsp;<\/p>\n<h3>SECONDA PUNTATA 2023<\/h3>\n<h3>DI MIRKO MEZZACASA<\/h3>\n<p>&nbsp;<\/p>\n<p><iframe loading=\"lazy\" title=\"EPCENTER CON FRANCESCO ZILLIO &quot;COMPETENZE NEI LAVORI ELETTRICI&quot;\" width=\"1200\" height=\"675\" src=\"https:\/\/www.youtube.com\/embed\/fHKMvME9MHc?feature=oembed\" frameborder=\"0\" allow=\"accelerometer; autoplay; clipboard-write; encrypted-media; gyroscope; picture-in-picture; web-share\" allowfullscreen><\/iframe><\/p>\n<p>&nbsp;<\/p>\n<hr \/>\n<p>&nbsp;<\/p>\n<blockquote>\n<h3>DOMANI L&#8217;INAUGURAZIONE DELLA MOSTRA FOTOGRAFICA IN PREFETTURA<\/h3>\n<\/blockquote>\n<p><strong>BELLUNO<\/strong> Domani alle 17:30 in Sala Zanardelli della Prefettura di Belluno si terr\u00e0 l&#8217;inaugurazione della mostra fotografica &#8220;Come le aquile in volo &#8211; Emozioni d&#8217;alta quota&#8221; dedicata alle nostre magnifiche Dolomiti fotografate dall&#8217;aereo. Ruolo centrale sar\u00e0 svolto dal CAI per il quale il Consigliere Nazionale Federico Bressan terr\u00e0 una relazione.<\/p>\n<a href=\"https:\/\/www.radiopiu.net\/wordpress\/wp-content\/uploads\/2023\/01\/Locandina.pdf\" class=\"pdfemb-viewer\" style=\"\" data-width=\"max\" data-height=\"max\" data-toolbar=\"top\" data-toolbar-fixed=\"on\">Locandina<\/a>\n<p>&nbsp;<\/p>\n<p>&nbsp;<\/p>\n<p>&nbsp;<\/p>\n<hr \/>\n<p>&nbsp;<\/p>\n<blockquote>\n<h3>OPEN DAY ALLA SCUOLA DELL&#8217;INFANZIA<\/h3>\n<\/blockquote>\n<p><strong>AGORDO<\/strong> Venerdi 20 gennaio dalle 15.30 alle 17.30 sar\u00e0 possibile visitare la scuola dell&#8217;infanzia di Agordo. Info 0437 62261, www.scuolamaternaagordo.it<\/p>\n<p>&nbsp;<\/p>\n<p>&nbsp;<\/p>\n<hr \/>\n<p>&nbsp;<\/p>\n<blockquote>\n<h3>LA SECONDA SERATA DEDICATA AI CICLOVIAGGI<\/h3>\n<\/blockquote>\n<p><strong>BELLUNO\u00a0 <\/strong>Sabato 21 gennaio, alle ore 20.45 in Sala Bianchi a Belluno, ci sar\u00e0 la seconda serata che FIAB Belluno dedica ai cicloviaggi. Nostra ospite sar\u00e0 Raffaella Bonomi che, in solitaria e in tenda ha pedalato lungo tutta l&#8217;Italia, alla ricerca delle sue &#8220;Radici&#8221;. Oltre mille chilometri da superare in 18 giorni e tutti in bicicletta + tenda in solitaria, come se la sua due ruote fosse \u00abun pennarello\u00bb per tracciare un collegamento tra Nord e Sud, tra Lombardia e Basilicata, tra Lumezzane e Grumento Nova, in provincia di Potenza. \u00c8 la nuova avventura dalla cicloviaggiatrice Raffaella Bonomi, 32 anni, partita per raggiungere la citt\u00e0 Lucana che ha dato i natali alla madre, dove \u00e8 stata accolta con una grande festa.<\/p>\n<p>&nbsp;<\/p>\n<p>&nbsp;<\/p>\n<hr \/>\n<p>&nbsp;<\/p>\n<blockquote>\n<h3>IL SUONO TRASPARENTE CON VOCE MEA<\/h3>\n<\/blockquote>\n<p><strong>SANTA GIUSTINA <\/strong>Suggestivo seminario di vocalit\u00e0 e suono dal titolo \u201cIl suono trasparente\u201d, proposto dall\u2019Associazione Voce Mea di Santa Giustina il prossimo 28-29 gennaio. Rivolto a cantanti, coristi, strumentisti, direttori di coro, attori, operatori nelle tecniche corporee e fonatorie, oltre che a chiunque ami cantare, suonare e scoprire la natura profonda della voce, del corpo e del suono, il seminario, guidato da Maria silvia Roveri e Camilla da Vico, vuole stimolare corpo e\u00a0 suono a divenire pi\u00f9 trasparenti, a servizio della voce, della musica e della vita. Nei due giorni sono previste lezioni individuali di Funzionalit\u00e0 vocale e strumentale, suono d\u2019insieme ed esperienze collettive corporee e sensoriali. Per informazioni ed iscrizioni scrivere a <a href=\"mailto:info@vocemea.it\">info@vocemea.it<\/a> oppure telefonare allo 0437-859296.<\/p>\n<p>&nbsp;<\/p>\n<p>&nbsp;<\/p>\n<hr \/>\n<p>&nbsp;<\/p>\n<blockquote>\n<h3>PATTINAGGIO APERTO AL PUBBLICO AD ALLEGHE<\/h3>\n<\/blockquote>\n<p><strong>ALLEGHE<\/strong> Sabato e domenica lo stadio Alvise De Toni di Alleghe \u00e8 aperto al pubblico per il pattinaggio libero. Sabato dalle 16:30 alle 18:30 e dalle 21 alle 23. Domenica dalle 14:30 alle 16:30. Per informazioni 388 1866668<\/p>\n<p>&nbsp;<\/p>\n<hr \/>\n<p>&nbsp;<\/p>\n<div class=\"column\">\n<h1><span style=\"color: #ff00ff;\">AGORDINO IN FERMENTO&#8230;AGORDINO IN MOVIMENTO\u00a0\u00a0<\/span><\/h1>\n<p>&nbsp;<\/p>\n<blockquote>\n<h3>4 FEBBRAIO 2023: LA CASPARETHA&#8230; IL CASPERITIVO. SPORT E FESTA.<\/h3>\n<\/blockquote>\n<p>&nbsp;<\/p>\n<p><strong>di Gianni Santomaso<\/strong><\/p>\n<audio class=\"wp-audio-shortcode\" id=\"audio-317158-13\" preload=\"none\" style=\"width: 100%;\" controls=\"controls\"><source type=\"audio\/mpeg\" src=\"https:\/\/www.radiopiu.net\/wordpress\/wp-content\/uploads\/2023\/01\/GIANNI-CASPARETHA.mp3?_=13\" \/><a href=\"https:\/\/www.radiopiu.net\/wordpress\/wp-content\/uploads\/2023\/01\/GIANNI-CASPARETHA.mp3\">https:\/\/www.radiopiu.net\/wordpress\/wp-content\/uploads\/2023\/01\/GIANNI-CASPARETHA.mp3<\/a><\/audio>\n<blockquote><p>&nbsp;<\/p>\n<p><strong><span style=\"color: #ff0000;\">ALLA RADIO, L&#8217;INTERVISTA A MIRCO E EMIL TANCON<\/span><\/strong><\/p><\/blockquote>\n<div class=\"column\">\n<p><strong><a class=\"dt-pswp-item\" href=\"https:\/\/www.radiopiu.net\/wordpress\/wp-content\/uploads\/2023\/01\/CASPARETHA_page-0001.jpg\" data-dt-img-description=\"\" data-large_image_width=\"886\" data-large_image_height=\"632\"><img loading=\"lazy\" decoding=\"async\" class=\" wp-image-315112 alignleft\" src=\"https:\/\/www.radiopiu.net\/wordpress\/wp-content\/uploads\/2023\/01\/CASPARETHA_page-0001-300x214.jpg\" alt=\"\" width=\"243\" height=\"173\" srcset=\"https:\/\/www.radiopiu.net\/wordpress\/wp-content\/uploads\/2023\/01\/CASPARETHA_page-0001-300x214.jpg 300w, https:\/\/www.radiopiu.net\/wordpress\/wp-content\/uploads\/2023\/01\/CASPARETHA_page-0001-768x548.jpg 768w, https:\/\/www.radiopiu.net\/wordpress\/wp-content\/uploads\/2023\/01\/CASPARETHA_page-0001.jpg 886w\" sizes=\"auto, (max-width: 243px) 100vw, 243px\" \/><\/a>CANALE D&#8217;AGORDO <\/strong>Sabato 4 febbraio \u00e8 in programma la Casparetha 2023, camminata competitiva e non in notturna con racchette da neve su tracciato di circa 5 km.<\/p>\n<p><strong>di Mirko Mezzacasa<\/strong><\/p>\n<p>OSPITI: Emil Tancon e Mirko Tancon<\/p>\n<audio class=\"wp-audio-shortcode\" id=\"audio-317158-14\" preload=\"none\" style=\"width: 100%;\" controls=\"controls\"><source type=\"audio\/mpeg\" src=\"https:\/\/www.radiopiu.net\/wordpress\/wp-content\/uploads\/2023\/01\/casparetha-mirco-emil.mp3?_=14\" \/><a href=\"https:\/\/www.radiopiu.net\/wordpress\/wp-content\/uploads\/2023\/01\/casparetha-mirco-emil.mp3\">https:\/\/www.radiopiu.net\/wordpress\/wp-content\/uploads\/2023\/01\/casparetha-mirco-emil.mp3<\/a><\/audio>\n<p>&nbsp;<\/p>\n<p>&nbsp;<\/p>\n<hr \/>\n<\/div>\n<\/div>\n<p>&nbsp;<\/p>\n<h2><span style=\"color: #008080;\">&#8220;DINTORN E FORA VIA&#8221;\u00a0<\/span><span style=\"color: #008080;\"> IL PROGRAMMA\u00a0 <\/span><span style=\"color: #008080;\">A CURA DEL MUSLA\u00a0\u00a0<\/span><\/h2>\n<h1 style=\"text-align: center;\"><strong><span style=\"color: #ff0000;\">SECONDO ANNO<\/span><\/strong><\/h1>\n<p>&nbsp;<\/p>\n<p><strong><a class=\"dt-pswp-item\" href=\"https:\/\/www.radiopiu.net\/wordpress\/wp-content\/uploads\/2023\/01\/bdc9373d-c2cc-44c0-a303-3e910342bc77.jpg\" data-dt-img-description=\"\" data-large_image_width=\"1001\" data-large_image_height=\"519\"><img loading=\"lazy\" decoding=\"async\" class=\" wp-image-317198 alignleft\" src=\"https:\/\/www.radiopiu.net\/wordpress\/wp-content\/uploads\/2023\/01\/bdc9373d-c2cc-44c0-a303-3e910342bc77-300x156.jpg\" alt=\"\" width=\"194\" height=\"101\" srcset=\"https:\/\/www.radiopiu.net\/wordpress\/wp-content\/uploads\/2023\/01\/bdc9373d-c2cc-44c0-a303-3e910342bc77-300x156.jpg 300w, https:\/\/www.radiopiu.net\/wordpress\/wp-content\/uploads\/2023\/01\/bdc9373d-c2cc-44c0-a303-3e910342bc77-768x398.jpg 768w, https:\/\/www.radiopiu.net\/wordpress\/wp-content\/uploads\/2023\/01\/bdc9373d-c2cc-44c0-a303-3e910342bc77.jpg 1001w\" sizes=\"auto, (max-width: 194px) 100vw, 194px\" \/><\/a>PUNTATA DEL 17 GENNAIO CHIARA FRENA<\/strong><\/p>\n<audio class=\"wp-audio-shortcode\" id=\"audio-317158-15\" preload=\"none\" style=\"width: 100%;\" controls=\"controls\"><source type=\"audio\/mpeg\" src=\"https:\/\/www.radiopiu.net\/wordpress\/wp-content\/uploads\/2023\/01\/MUSLA-2.mp3?_=15\" \/><a href=\"https:\/\/www.radiopiu.net\/wordpress\/wp-content\/uploads\/2023\/01\/MUSLA-2.mp3\">https:\/\/www.radiopiu.net\/wordpress\/wp-content\/uploads\/2023\/01\/MUSLA-2.mp3<\/a><\/audio>\n<p>&nbsp;<\/p>\n<p>&nbsp;<\/p>\n<hr \/>\n<p>&nbsp;<\/p>\n<p><iframe loading=\"lazy\" title=\"Radio Pi\u00f9 festeggia i suoi primi 40 anni di attivit\u00e0\" width=\"1200\" height=\"675\" src=\"https:\/\/www.youtube.com\/embed\/6ptB04FauBE?feature=oembed\" frameborder=\"0\" allow=\"accelerometer; autoplay; clipboard-write; encrypted-media; gyroscope; picture-in-picture; web-share\" allowfullscreen><\/iframe><\/p>\n<p>&nbsp;<\/p>\n<p>&nbsp;<\/p>\n<hr \/>\n<p>&nbsp;<\/p>\n<h1><span style=\"color: #ff0000;\">LA RADIO DI SERA<\/span><\/h1>\n<blockquote>\n<h3>CLAUDIA CAGNATI E IL SUO &#8220;L&#8217;UNIVERSO TRA LE DITA&#8221;<\/h3>\n<\/blockquote>\n<p><strong>REDAZIONE<\/strong> Negli studi di Radio Pi\u00f9 ospite Claudia Cagnati per presentare il suo album &#8220;L&#8217;Universo Tra Le Dita&#8221;<\/p>\n<p><strong>LA DIRETTA RADIO PIU&#8217;<\/strong><\/p>\n<p><iframe loading=\"lazy\" title=\"CLAUDIA CAGNATI E SIEGFRIED URSH (SIGO) A RADIO PIU&#039;\" width=\"1200\" height=\"675\" src=\"https:\/\/www.youtube.com\/embed\/7aT7_kbxSGo?feature=oembed\" frameborder=\"0\" allow=\"accelerometer; autoplay; clipboard-write; encrypted-media; gyroscope; picture-in-picture; web-share\" allowfullscreen><\/iframe><\/p>\n<p>&nbsp;<\/p>\n<hr \/>\n<div id=\"title\" class=\"style-scope ytd-watch-metadata\">\n<h1 class=\"style-scope ytd-watch-metadata\"><\/h1>\n<h1><span style=\"color: #ff0000;\">LA RADIO DI SERA<\/span><\/h1>\n<blockquote>\n<h3 class=\"style-scope ytd-watch-metadata\">12 PASSI INDIETRO&#8230;. CON SERGIO VALACCHI<\/h3>\n<\/blockquote>\n<\/div>\n<div id=\"top-row\" class=\"style-scope ytd-watch-metadata\">\n<div id=\"owner\" class=\"item style-scope ytd-watch-metadata\">12 brani&#8230;. 12 passi indietro. Perch\u00e8 la gente &#8220;sana&#8221;, genuina, preparata ce l&#8217;abbiamo in casa anche noi!!! Sergio Valacchi ha sfornato il disco &#8220;12 passi indietro&#8221;. Martedi sera alle 20.30 una grande serata in diretta alla RADIOPIU con Mirko Mezzacasa e Moreno Tocchetto&#8230; tutto made in Belluno. DIRETTA RADIO FM, STREAMING, FACEBOOK, TELEGRAM il disco di Sergio Valacchi con Roberto Mares, Piero Bolzan, Alvise Bortolini, Fabio Puletti, Ivano Battiston il grande fisamonicista, Mole, Andrea Da Corta, Chiara Donadel, Paolo Fornasier, Matteo D&#8217;Inc\u00e0, Steve De Biasi, Giovanni Zanon, Enrica Balzan, Capitan B, Fabio Trentini!!!!!! BELLUNO !!! SOPRATTUTTO&#8230; MARTEDI SERA DALLE 20.30<\/div>\n<\/div>\n<p>&nbsp;<\/p>\n<p><iframe loading=\"lazy\" title=\"12 PASSI INDIETRO.... CON SERGIO VALACCHI\" width=\"1200\" height=\"675\" src=\"https:\/\/www.youtube.com\/embed\/nFp4ltFcwnk?feature=oembed\" frameborder=\"0\" allow=\"accelerometer; autoplay; clipboard-write; encrypted-media; gyroscope; picture-in-picture; web-share\" allowfullscreen><\/iframe><\/p>\n<hr \/>\n<p>&nbsp;<\/p>\n<blockquote>\n<h2>APPUNTAMENTI &#8211; EVENTI<\/h2>\n<\/blockquote>\n\n\t\t\t<style type='text\/css'>\n\t\t\t\t#gallery-6 {\n\t\t\t\t\tmargin: auto;\n\t\t\t\t}\n\t\t\t\t#gallery-6 .gallery-item {\n\t\t\t\t\tfloat: left;\n\t\t\t\t\tmargin-top: 10px;\n\t\t\t\t\ttext-align: center;\n\t\t\t\t\twidth: 33%;\n\t\t\t\t}\n\t\t\t\t#gallery-6 img {\n\t\t\t\t\tborder: 2px solid #cfcfcf;\n\t\t\t\t}\n\t\t\t\t#gallery-6 .gallery-caption {\n\t\t\t\t\tmargin-left: 0;\n\t\t\t\t}\n\t\t\t\t\/* see gallery_shortcode() in wp-includes\/media.php *\/\n\t\t\t<\/style>\n\t\t<div id='gallery-6' class='dt-gallery-container gallery galleryid-317158 gallery-columns-3 gallery-size-medium'><dl class='gallery-item'>\n\t\t\t\t<dt class='gallery-icon portrait'>\n\t\t\t\t\t<a class=\"rollover rollover-zoom dt-pswp-item\" title=\"34712c4d-1310-4db5-a620-fe6ede9a0848\" data-dt-img-description=\"\" data-large_image_width=\"1131\" data-large_image_height=\"1600\"href='https:\/\/www.radiopiu.net\/wordpress\/wp-content\/uploads\/2023\/01\/34712c4d-1310-4db5-a620-fe6ede9a0848.jpg'><img loading=\"lazy\" decoding=\"async\" width=\"212\" height=\"300\" src=\"https:\/\/www.radiopiu.net\/wordpress\/wp-content\/uploads\/2023\/01\/34712c4d-1310-4db5-a620-fe6ede9a0848-212x300.jpg\" class=\"attachment-medium size-medium\" alt=\"\" aria-describedby=\"gallery-6-316092\" srcset=\"https:\/\/www.radiopiu.net\/wordpress\/wp-content\/uploads\/2023\/01\/34712c4d-1310-4db5-a620-fe6ede9a0848-212x300.jpg 212w, https:\/\/www.radiopiu.net\/wordpress\/wp-content\/uploads\/2023\/01\/34712c4d-1310-4db5-a620-fe6ede9a0848-724x1024.jpg 724w, https:\/\/www.radiopiu.net\/wordpress\/wp-content\/uploads\/2023\/01\/34712c4d-1310-4db5-a620-fe6ede9a0848-768x1086.jpg 768w, https:\/\/www.radiopiu.net\/wordpress\/wp-content\/uploads\/2023\/01\/34712c4d-1310-4db5-a620-fe6ede9a0848-1086x1536.jpg 1086w, https:\/\/www.radiopiu.net\/wordpress\/wp-content\/uploads\/2023\/01\/34712c4d-1310-4db5-a620-fe6ede9a0848.jpg 1131w\" sizes=\"auto, (max-width: 212px) 100vw, 212px\" \/><\/a>\n\t\t\t\t<\/dt>\n\t\t\t\t\t<dd class='wp-caption-text gallery-caption' id='gallery-6-316092'>\n\t\t\t\t\tDAL FARRA E BAND IN CONCERTO A LONGARONE\n\t\t\t\t\t<\/dd><\/dl><dl class='gallery-item'>\n\t\t\t\t<dt class='gallery-icon portrait'>\n\t\t\t\t\t<a class=\"rollover rollover-zoom dt-pswp-item\" title=\"323229347_2844929715651064_3411250484413883413_n\" data-dt-img-description=\"\" data-large_image_width=\"724\" data-large_image_height=\"1024\"href='https:\/\/www.radiopiu.net\/wordpress\/wp-content\/uploads\/2023\/01\/323229347_2844929715651064_3411250484413883413_n.jpg'><img loading=\"lazy\" decoding=\"async\" width=\"212\" height=\"300\" src=\"https:\/\/www.radiopiu.net\/wordpress\/wp-content\/uploads\/2023\/01\/323229347_2844929715651064_3411250484413883413_n-212x300.jpg\" class=\"attachment-medium size-medium\" alt=\"\" aria-describedby=\"gallery-6-316095\" srcset=\"https:\/\/www.radiopiu.net\/wordpress\/wp-content\/uploads\/2023\/01\/323229347_2844929715651064_3411250484413883413_n-212x300.jpg 212w, https:\/\/www.radiopiu.net\/wordpress\/wp-content\/uploads\/2023\/01\/323229347_2844929715651064_3411250484413883413_n.jpg 724w\" sizes=\"auto, (max-width: 212px) 100vw, 212px\" \/><\/a>\n\t\t\t\t<\/dt>\n\t\t\t\t\t<dd class='wp-caption-text gallery-caption' id='gallery-6-316095'>\n\t\t\t\t\tSAN BASTIAN, PATRONO DI FALCADE\n\t\t\t\t\t<\/dd><\/dl><dl class='gallery-item'>\n\t\t\t\t<dt class='gallery-icon portrait'>\n\t\t\t\t\t<a class=\"rollover rollover-zoom dt-pswp-item\" title=\"323705541_1631039457354113_1450674556092689641_n\" data-dt-img-description=\"\" data-large_image_width=\"1546\" data-large_image_height=\"2048\"href='https:\/\/www.radiopiu.net\/wordpress\/wp-content\/uploads\/2023\/01\/323705541_1631039457354113_1450674556092689641_n-1.jpg'><img loading=\"lazy\" decoding=\"async\" width=\"226\" height=\"300\" src=\"https:\/\/www.radiopiu.net\/wordpress\/wp-content\/uploads\/2023\/01\/323705541_1631039457354113_1450674556092689641_n-1-226x300.jpg\" class=\"attachment-medium size-medium\" alt=\"\" aria-describedby=\"gallery-6-316096\" srcset=\"https:\/\/www.radiopiu.net\/wordpress\/wp-content\/uploads\/2023\/01\/323705541_1631039457354113_1450674556092689641_n-1-226x300.jpg 226w, https:\/\/www.radiopiu.net\/wordpress\/wp-content\/uploads\/2023\/01\/323705541_1631039457354113_1450674556092689641_n-1-773x1024.jpg 773w, https:\/\/www.radiopiu.net\/wordpress\/wp-content\/uploads\/2023\/01\/323705541_1631039457354113_1450674556092689641_n-1-768x1017.jpg 768w, https:\/\/www.radiopiu.net\/wordpress\/wp-content\/uploads\/2023\/01\/323705541_1631039457354113_1450674556092689641_n-1-1160x1536.jpg 1160w, https:\/\/www.radiopiu.net\/wordpress\/wp-content\/uploads\/2023\/01\/323705541_1631039457354113_1450674556092689641_n-1.jpg 1546w\" sizes=\"auto, (max-width: 226px) 100vw, 226px\" \/><\/a>\n\t\t\t\t<\/dt>\n\t\t\t\t\t<dd class='wp-caption-text gallery-caption' id='gallery-6-316096'>\n\t\t\t\t\tLE IMMAGINI D&#8217;EPOCA\n\t\t\t\t\t<\/dd><\/dl><br style=\"clear: both\" \/><dl class='gallery-item'>\n\t\t\t\t<dt class='gallery-icon portrait'>\n\t\t\t\t\t<a class=\"rollover rollover-zoom dt-pswp-item\" title=\"49598d1e-268d-4442-ba35-17b22ecdadf1\" data-dt-img-description=\"\" data-large_image_width=\"1131\" data-large_image_height=\"1600\"href='https:\/\/www.radiopiu.net\/wordpress\/wp-content\/uploads\/2023\/01\/49598d1e-268d-4442-ba35-17b22ecdadf1.jpg'><img loading=\"lazy\" decoding=\"async\" width=\"212\" height=\"300\" src=\"https:\/\/www.radiopiu.net\/wordpress\/wp-content\/uploads\/2023\/01\/49598d1e-268d-4442-ba35-17b22ecdadf1-212x300.jpg\" class=\"attachment-medium size-medium\" alt=\"\" aria-describedby=\"gallery-6-316573\" srcset=\"https:\/\/www.radiopiu.net\/wordpress\/wp-content\/uploads\/2023\/01\/49598d1e-268d-4442-ba35-17b22ecdadf1-212x300.jpg 212w, https:\/\/www.radiopiu.net\/wordpress\/wp-content\/uploads\/2023\/01\/49598d1e-268d-4442-ba35-17b22ecdadf1-724x1024.jpg 724w, https:\/\/www.radiopiu.net\/wordpress\/wp-content\/uploads\/2023\/01\/49598d1e-268d-4442-ba35-17b22ecdadf1-768x1086.jpg 768w, https:\/\/www.radiopiu.net\/wordpress\/wp-content\/uploads\/2023\/01\/49598d1e-268d-4442-ba35-17b22ecdadf1-1086x1536.jpg 1086w, https:\/\/www.radiopiu.net\/wordpress\/wp-content\/uploads\/2023\/01\/49598d1e-268d-4442-ba35-17b22ecdadf1.jpg 1131w\" sizes=\"auto, (max-width: 212px) 100vw, 212px\" \/><\/a>\n\t\t\t\t<\/dt>\n\t\t\t\t\t<dd class='wp-caption-text gallery-caption' id='gallery-6-316573'>\n\t\t\t\t\tSAGRA DE SANT&#8217;ANTONE\n\t\t\t\t\t<\/dd><\/dl><dl class='gallery-item'>\n\t\t\t\t<dt class='gallery-icon portrait'>\n\t\t\t\t\t<a class=\"rollover rollover-zoom dt-pswp-item\" title=\"3344b20c-8366-4e1c-8338-842c7c98739e\" data-dt-img-description=\"\" data-large_image_width=\"1131\" data-large_image_height=\"1600\"href='https:\/\/www.radiopiu.net\/wordpress\/wp-content\/uploads\/2023\/01\/3344b20c-8366-4e1c-8338-842c7c98739e.jpg'><img loading=\"lazy\" decoding=\"async\" width=\"212\" height=\"300\" src=\"https:\/\/www.radiopiu.net\/wordpress\/wp-content\/uploads\/2023\/01\/3344b20c-8366-4e1c-8338-842c7c98739e-212x300.jpg\" class=\"attachment-medium size-medium\" alt=\"\" aria-describedby=\"gallery-6-316574\" srcset=\"https:\/\/www.radiopiu.net\/wordpress\/wp-content\/uploads\/2023\/01\/3344b20c-8366-4e1c-8338-842c7c98739e-212x300.jpg 212w, https:\/\/www.radiopiu.net\/wordpress\/wp-content\/uploads\/2023\/01\/3344b20c-8366-4e1c-8338-842c7c98739e-724x1024.jpg 724w, https:\/\/www.radiopiu.net\/wordpress\/wp-content\/uploads\/2023\/01\/3344b20c-8366-4e1c-8338-842c7c98739e-768x1086.jpg 768w, https:\/\/www.radiopiu.net\/wordpress\/wp-content\/uploads\/2023\/01\/3344b20c-8366-4e1c-8338-842c7c98739e-1086x1536.jpg 1086w, https:\/\/www.radiopiu.net\/wordpress\/wp-content\/uploads\/2023\/01\/3344b20c-8366-4e1c-8338-842c7c98739e.jpg 1131w\" sizes=\"auto, (max-width: 212px) 100vw, 212px\" \/><\/a>\n\t\t\t\t<\/dt>\n\t\t\t\t\t<dd class='wp-caption-text gallery-caption' id='gallery-6-316574'>\n\t\t\t\t\tBAL DE SANT&#8217;ANTONE\n\t\t\t\t\t<\/dd><\/dl><dl class='gallery-item'>\n\t\t\t\t<dt class='gallery-icon portrait'>\n\t\t\t\t\t<a class=\"rollover rollover-zoom dt-pswp-item\" title=\"e77519b2-cab4-47fd-a5a3-8ecb7c6453ab\" data-dt-img-description=\"\" data-large_image_width=\"1080\" data-large_image_height=\"1350\"href='https:\/\/www.radiopiu.net\/wordpress\/wp-content\/uploads\/2023\/01\/e77519b2-cab4-47fd-a5a3-8ecb7c6453ab.jpg'><img loading=\"lazy\" decoding=\"async\" width=\"240\" height=\"300\" src=\"https:\/\/www.radiopiu.net\/wordpress\/wp-content\/uploads\/2023\/01\/e77519b2-cab4-47fd-a5a3-8ecb7c6453ab-240x300.jpg\" class=\"attachment-medium size-medium\" alt=\"\" aria-describedby=\"gallery-6-317089\" srcset=\"https:\/\/www.radiopiu.net\/wordpress\/wp-content\/uploads\/2023\/01\/e77519b2-cab4-47fd-a5a3-8ecb7c6453ab-240x300.jpg 240w, https:\/\/www.radiopiu.net\/wordpress\/wp-content\/uploads\/2023\/01\/e77519b2-cab4-47fd-a5a3-8ecb7c6453ab-819x1024.jpg 819w, https:\/\/www.radiopiu.net\/wordpress\/wp-content\/uploads\/2023\/01\/e77519b2-cab4-47fd-a5a3-8ecb7c6453ab-768x960.jpg 768w, https:\/\/www.radiopiu.net\/wordpress\/wp-content\/uploads\/2023\/01\/e77519b2-cab4-47fd-a5a3-8ecb7c6453ab.jpg 1080w\" sizes=\"auto, (max-width: 240px) 100vw, 240px\" \/><\/a>\n\t\t\t\t<\/dt>\n\t\t\t\t\t<dd class='wp-caption-text gallery-caption' id='gallery-6-317089'>\n\t\t\t\t\tLA MAMMA DI ARLECCHINO NON DORME MAI\n\t\t\t\t\t<\/dd><\/dl><br style=\"clear: both\" \/>\n\t\t\t<\/div>\n\n<p>&nbsp;<\/p>\n<p>&nbsp;<\/p>\n<p>&nbsp;<\/p>\n<hr \/>\n<p>&nbsp;<\/p>\n<div>\n<div class=\"b654a4as d2edcug0\">\n<div class=\"rq0escxv hkbzh7o3 jwdofwj8 n8tt0mok r8blr3vg hyh9befq\">\n<p><a class=\"dt-pswp-item\" href=\"https:\/\/www.radiopiu.net\/wordpress\/wp-content\/uploads\/2020\/10\/pp.jpg\" data-dt-img-description=\"\" data-large_image_width=\"640\" data-large_image_height=\"640\"><img loading=\"lazy\" decoding=\"async\" class=\"wp-image-163678 alignleft\" src=\"https:\/\/www.radiopiu.net\/wordpress\/wp-content\/uploads\/2020\/10\/pp-300x300.jpg\" alt=\"\" width=\"106\" height=\"106\" srcset=\"https:\/\/www.radiopiu.net\/wordpress\/wp-content\/uploads\/2020\/10\/pp-300x300.jpg 300w, https:\/\/www.radiopiu.net\/wordpress\/wp-content\/uploads\/2020\/10\/pp-150x150.jpg 150w, https:\/\/www.radiopiu.net\/wordpress\/wp-content\/uploads\/2020\/10\/pp-125x125.jpg 125w, https:\/\/www.radiopiu.net\/wordpress\/wp-content\/uploads\/2020\/10\/pp-200x200.jpg 200w, https:\/\/www.radiopiu.net\/wordpress\/wp-content\/uploads\/2020\/10\/pp-80x80.jpg 80w, https:\/\/www.radiopiu.net\/wordpress\/wp-content\/uploads\/2020\/10\/pp-480x480.jpg 480w, https:\/\/www.radiopiu.net\/wordpress\/wp-content\/uploads\/2020\/10\/pp.jpg 640w\" sizes=\"auto, (max-width: 106px) 100vw, 106px\" \/><\/a><\/p>\n<\/div>\n<\/div>\n<\/div>\n<div>\n<div class=\"page-title-head hgroup\">\n<div class=\"page-title-head hgroup\">\n<div class=\"b654a4as d2edcug0\">\n<div class=\"j83agx80 btwxx1t3 lhclo0ds hop8lmos nkwizq5d scwd0bx6 roh60bw9\">\n<div class=\"rq0escxv hkbzh7o3 jwdofwj8 n8tt0mok r8blr3vg hyh9befq\">\n<div class=\"do00u71z l9j0dhe7 k4urcfbm\" style=\"text-align: left;\">\n<h2><span style=\"color: #000080;\">DON CESARE, IL PENSIERO DEL GIORNO. ALLA RADIO ALLE 7 DEL MATTINO E ALLE 19.30 DELLA SERA\u00a0<\/span><\/h2>\n<audio class=\"wp-audio-shortcode\" id=\"audio-317158-16\" preload=\"none\" style=\"width: 100%;\" controls=\"controls\"><source type=\"audio\/mpeg\" src=\"https:\/\/www.radiopiu.net\/wordpress\/wp-content\/uploads\/2023\/01\/CESARE-11.mp3?_=16\" \/><a href=\"https:\/\/www.radiopiu.net\/wordpress\/wp-content\/uploads\/2023\/01\/CESARE-11.mp3\">https:\/\/www.radiopiu.net\/wordpress\/wp-content\/uploads\/2023\/01\/CESARE-11.mp3<\/a><\/audio>\n<\/div>\n<\/div>\n<\/div>\n<\/div>\n<\/div>\n<\/div>\n<\/div>\n<p>&nbsp;<\/p>\n<hr \/>\n<p>&nbsp;<\/p>\n<h2><strong><a class=\"dt-pswp-item\" href=\"https:\/\/www.radiopiu.net\/wordpress\/wp-content\/uploads\/2023\/01\/b4ce5ab7-98ee-4e3f-bffb-efe8278706df.jpg\" data-dt-img-description=\"\" data-large_image_width=\"1280\" data-large_image_height=\"720\"><img loading=\"lazy\" decoding=\"async\" class=\" wp-image-316695 alignleft\" src=\"https:\/\/www.radiopiu.net\/wordpress\/wp-content\/uploads\/2023\/01\/b4ce5ab7-98ee-4e3f-bffb-efe8278706df-300x169.jpg\" alt=\"\" width=\"183\" height=\"103\" srcset=\"https:\/\/www.radiopiu.net\/wordpress\/wp-content\/uploads\/2023\/01\/b4ce5ab7-98ee-4e3f-bffb-efe8278706df-300x169.jpg 300w, https:\/\/www.radiopiu.net\/wordpress\/wp-content\/uploads\/2023\/01\/b4ce5ab7-98ee-4e3f-bffb-efe8278706df-1024x576.jpg 1024w, https:\/\/www.radiopiu.net\/wordpress\/wp-content\/uploads\/2023\/01\/b4ce5ab7-98ee-4e3f-bffb-efe8278706df-768x432.jpg 768w, https:\/\/www.radiopiu.net\/wordpress\/wp-content\/uploads\/2023\/01\/b4ce5ab7-98ee-4e3f-bffb-efe8278706df.jpg 1280w\" sizes=\"auto, (max-width: 183px) 100vw, 183px\" \/><\/a><\/strong><span style=\"color: #666699;\">LA RASSEGNA STAMPA DA L&#8217;AMICO DEL POPOLO<\/span><\/h2>\n<p><strong>di Gianni Santomaso<\/strong><\/p>\n<p>OSPITE: Don Angelo Balcon<\/p>\n<audio class=\"wp-audio-shortcode\" id=\"audio-317158-17\" preload=\"none\" style=\"width: 100%;\" controls=\"controls\"><source type=\"audio\/mpeg\" src=\"https:\/\/www.radiopiu.net\/wordpress\/wp-content\/uploads\/2023\/01\/RASSEGNA-GIANNI-1.mp3?_=17\" \/><a href=\"https:\/\/www.radiopiu.net\/wordpress\/wp-content\/uploads\/2023\/01\/RASSEGNA-GIANNI-1.mp3\">https:\/\/www.radiopiu.net\/wordpress\/wp-content\/uploads\/2023\/01\/RASSEGNA-GIANNI-1.mp3<\/a><\/audio>\n<p>&nbsp;<\/p>\n<hr \/>\n<p>&nbsp;<\/p>\n<h2><span style=\"color: #ff00ff;\">IN VIVO VERSO\u00a0<\/span><\/h2>\n<blockquote>\n<h2>ALLA MIA DOLCE VECCHIA FEMMINA di ALBERTO BARONI<\/h2>\n<\/blockquote>\n<p>AUDIO<\/p>\n<audio class=\"wp-audio-shortcode\" id=\"audio-317158-18\" preload=\"none\" style=\"width: 100%;\" controls=\"controls\"><source type=\"audio\/mpeg\" src=\"https:\/\/www.radiopiu.net\/wordpress\/wp-content\/uploads\/2023\/01\/02-ALBERTO-BARONI-ALLA-MIA-DOLCE-VECCHIA-FEMMINA-1.mp3?_=18\" \/><a href=\"https:\/\/www.radiopiu.net\/wordpress\/wp-content\/uploads\/2023\/01\/02-ALBERTO-BARONI-ALLA-MIA-DOLCE-VECCHIA-FEMMINA-1.mp3\">https:\/\/www.radiopiu.net\/wordpress\/wp-content\/uploads\/2023\/01\/02-ALBERTO-BARONI-ALLA-MIA-DOLCE-VECCHIA-FEMMINA-1.mp3<\/a><\/audio>\n<p>&nbsp;<\/p>\n<p>&nbsp;<\/p>\n<p><a class=\"dt-pswp-item\" href=\"https:\/\/www.radiopiu.net\/wordpress\/wp-content\/uploads\/2023\/01\/1-BARONI.jpg\" data-dt-img-description=\"\" data-large_image_width=\"959\" data-large_image_height=\"889\"><img loading=\"lazy\" decoding=\"async\" class=\"wp-image-317268 alignleft\" src=\"https:\/\/www.radiopiu.net\/wordpress\/wp-content\/uploads\/2023\/01\/1-BARONI-300x278.jpg\" alt=\"\" width=\"164\" height=\"152\" srcset=\"https:\/\/www.radiopiu.net\/wordpress\/wp-content\/uploads\/2023\/01\/1-BARONI-300x278.jpg 300w, https:\/\/www.radiopiu.net\/wordpress\/wp-content\/uploads\/2023\/01\/1-BARONI-768x712.jpg 768w, https:\/\/www.radiopiu.net\/wordpress\/wp-content\/uploads\/2023\/01\/1-BARONI.jpg 959w\" sizes=\"auto, (max-width: 164px) 100vw, 164px\" \/><\/a>Alberto Baroni<br \/>\nALLA MIA DOLCE VECCHIA FEMMINA<\/p>\n<p>Come un fior ti ho preso fra le dita<br \/>\ninsieme a te ho rincorso le stagioni,<br \/>\ne trasformata la passione in vita .<br \/>\nQuella vita del nostro amor l\u2019essenza<br \/>\nha percorso parte della nostra strada,<br \/>\npoi ne abbiam patito insieme la partenza.<br \/>\nPer comuni ideali abbiam lottato,<br \/>\ninsieme creduto alle nostre verit\u00e0<br \/>\ne tante ingiustizie sopportato.<br \/>\nInsieme abbiam curato le ferite<br \/>\ndal tempo inferte ai nostri corpi<br \/>\ne alleviato quelle nell\u2019anima patite.<br \/>\nOra compagna mia, cosa resta da fare?<br \/>\nTenerci ancor per mano e insieme<br \/>\nl\u2019ultima porta del tempo attraversare<\/p>\n<p>&nbsp;<\/p>\n<div dir=\"auto\">\n<div dir=\"auto\">\n<div dir=\"auto\">\n<p><strong>LA RACCOLTA COMPLETA<\/strong><\/p>\n<blockquote class=\"wp-embedded-content\" data-secret=\"kdHtaHRQqP\"><p><a href=\"https:\/\/www.radiopiu.net\/wordpress\/in-vivo-verso\/\">In Vivo Verso<\/a><\/p><\/blockquote>\n<p><iframe loading=\"lazy\" class=\"wp-embedded-content\" sandbox=\"allow-scripts\" security=\"restricted\" style=\"position: absolute; clip: rect(1px, 1px, 1px, 1px);\" title=\"&#8220;In Vivo Verso&#8221; &#8212; Radio Pi\u00f9\" src=\"https:\/\/www.radiopiu.net\/wordpress\/in-vivo-verso\/embed\/#?secret=PqgMIP70Fo#?secret=kdHtaHRQqP\" data-secret=\"kdHtaHRQqP\" width=\"600\" height=\"338\" frameborder=\"0\" marginwidth=\"0\" marginheight=\"0\" scrolling=\"no\"><\/iframe><\/p>\n<hr \/>\n<p>&nbsp;<\/p>\n<\/div>\n<\/div>\n<\/div>\n<blockquote>\n<h3>GOCCE DI FILOSOFIA &#8211; PUNTATA 227 &#8211; CHIARA CAU<\/h3>\n<\/blockquote>\n<audio class=\"wp-audio-shortcode\" id=\"audio-317158-19\" preload=\"none\" style=\"width: 100%;\" controls=\"controls\"><source type=\"audio\/mpeg\" src=\"https:\/\/www.radiopiu.net\/wordpress\/wp-content\/uploads\/2023\/01\/FI2-2.mp3?_=19\" \/><a href=\"https:\/\/www.radiopiu.net\/wordpress\/wp-content\/uploads\/2023\/01\/FI2-2.mp3\">https:\/\/www.radiopiu.net\/wordpress\/wp-content\/uploads\/2023\/01\/FI2-2.mp3<\/a><\/audio>\n<p>&nbsp;<\/p>\n<p>LA RACCOLTA COMPLETA<\/p>\n<blockquote class=\"wp-embedded-content\" data-secret=\"DfiHIyHGH0\"><p><a href=\"https:\/\/www.radiopiu.net\/wordpress\/gocce-filosofia\/\">Gocce di filosofia,  LA TERZA STAGIONE&#8230; 2023<\/a><\/p><\/blockquote>\n<p><iframe loading=\"lazy\" class=\"wp-embedded-content\" sandbox=\"allow-scripts\" security=\"restricted\" style=\"position: absolute; clip: rect(1px, 1px, 1px, 1px);\" title=\"&#8220;Gocce di filosofia,  LA TERZA STAGIONE&#8230; 2023&#8221; &#8212; Radio Pi\u00f9\" src=\"https:\/\/www.radiopiu.net\/wordpress\/gocce-filosofia\/embed\/#?secret=WtjT7trxre#?secret=DfiHIyHGH0\" data-secret=\"DfiHIyHGH0\" width=\"600\" height=\"338\" frameborder=\"0\" marginwidth=\"0\" marginheight=\"0\" scrolling=\"no\"><\/iframe><\/p>\n<p>&nbsp;<\/p>\n<hr \/>\n<p>&nbsp;<\/p>\n<div class=\"column\">\n<p><img loading=\"lazy\" decoding=\"async\" class=\"aligncenter wp-image-61954 size-full\" src=\"https:\/\/www.radiopiu.net\/wordpress\/wp-content\/uploads\/2018\/09\/viabilita.jpeg\" sizes=\"auto, (max-width: 800px) 100vw, 800px\" srcset=\"https:\/\/www.radiopiu.net\/wordpress\/wp-content\/uploads\/2018\/09\/viabilita.jpeg 800w, https:\/\/www.radiopiu.net\/wordpress\/wp-content\/uploads\/2018\/09\/viabilita-300x38.jpeg 300w, https:\/\/www.radiopiu.net\/wordpress\/wp-content\/uploads\/2018\/09\/viabilita-768x96.jpeg 768w\" alt=\"\" width=\"800\" height=\"100\" \/><\/p>\n<p>&nbsp;<\/p>\n<p>&nbsp;<\/p>\n<p><strong>AGGIORNAMENTO VENETO STRADE, AGGIORNAMENTO CONTINUO H 24<\/strong><\/p>\n<blockquote class=\"wp-embedded-content\" data-secret=\"M3fWm2OGMb\"><p><a href=\"https:\/\/www.radiopiu.net\/wordpress\/viabilita\/\">viabilita<\/a><\/p><\/blockquote>\n<p><iframe loading=\"lazy\" class=\"wp-embedded-content\" sandbox=\"allow-scripts\" security=\"restricted\" style=\"position: absolute; clip: rect(1px, 1px, 1px, 1px);\" title=\"&#8220;viabilita&#8221; &#8212; Radio Pi\u00f9\" src=\"https:\/\/www.radiopiu.net\/wordpress\/viabilita\/embed\/#?secret=6gWzRKX3L0#?secret=M3fWm2OGMb\" data-secret=\"M3fWm2OGMb\" width=\"600\" height=\"338\" frameborder=\"0\" marginwidth=\"0\" marginheight=\"0\" scrolling=\"no\"><\/iframe><\/p>\n<p>&nbsp;<\/p>\n<p>&nbsp;<\/p>\n<hr \/>\n<p>&nbsp;<\/p>\n<p><a class=\"dt-pswp-item\" href=\"https:\/\/www.radiopiu.net\/wordpress\/wp-content\/uploads\/2018\/09\/WhatsApp-Image-2018-09-20-at-16.04.06.jpeg\" data-dt-img-description=\"\" data-large_image_width=\"800\" data-large_image_height=\"100\"><img loading=\"lazy\" decoding=\"async\" class=\"wp-image-61378 size-full aligncenter\" src=\"https:\/\/www.radiopiu.net\/wordpress\/wp-content\/uploads\/2018\/09\/WhatsApp-Image-2018-09-20-at-16.04.06.jpeg\" alt=\"\" width=\"800\" height=\"100\" srcset=\"https:\/\/www.radiopiu.net\/wordpress\/wp-content\/uploads\/2018\/09\/WhatsApp-Image-2018-09-20-at-16.04.06.jpeg 800w, https:\/\/www.radiopiu.net\/wordpress\/wp-content\/uploads\/2018\/09\/WhatsApp-Image-2018-09-20-at-16.04.06-300x38.jpeg 300w, https:\/\/www.radiopiu.net\/wordpress\/wp-content\/uploads\/2018\/09\/WhatsApp-Image-2018-09-20-at-16.04.06-768x96.jpeg 768w\" sizes=\"auto, (max-width: 800px) 100vw, 800px\" \/><\/a><\/p>\n<p>&nbsp;<\/p>\n<p><center><\/center><center><b>OGGI<\/b><\/center><b>Tempo atteso: <\/b>Nelle prime ore ancora cielo molto nuvoloso specie sulle Dolomiti con probabile residuo maltempo notturno; parziale miglioramento nel corso della mattinata con tempo ancora variabile, a tratti nuvoloso e a tratti parzialmente soleggiato, ma senza ulteriori precipitazioni significative.<br \/>\n<b>Precipitazioni: <\/b>Al mattino possibili ancora modeste precipitazioni a carattere sparso, specie sulle Dolomiti (25-50%), nevose fino a fondovalle; in seguito variabilit\u00e0 associata eventualmente a qualche locale e debole precipitazione poco significativa (10-20%). Tra marted\u00ec e mercoled\u00ec mattina sono previsti quantitativi in media compresi tra i 10 e i 20 mm con punte di 25 mm e altrettanti cm di neve fresca oltre gli 800-1000 m.<br \/>\n<b>Temperature: <\/b>Contesto termico invernale a tutte le quote, con minime in diminuzione e misurate a fine giornata, massime in temporaneo lieve o contenuto aumento, su valori inferiori alle medie del periodo, specie le massime.<\/p>\n<hr \/>\n<p><center><b>DOMANI<\/b><\/center><b>Tempo atteso: <\/b>Tempo variabile con possibili nubi basse in molte valli nelle ore pi\u00f9 fredde e con parziali e temporanee schiarite durante la mattinata specie sulle Dolomiti; nel corso del pomeriggio nuvolosit\u00e0 spesso estesa e consistente soprattutto sulle Prealpi con fenomeni generalmente sparsi o diffusi.<br \/>\n<b>Precipitazioni: <\/b>Al mattino probabilit\u00e0 bassa (0-10%) sulle Dolomiti, medio bassa (25-50%) sulle Prealpi specie del Vicentino e del Veronese per fenomeni molto deboli da locali a sparsi; dal pomeriggio probabilit\u00e0 medio-alta (50-75%) di fenomeni diffusi, perlopi\u00f9 molto modesti sulle Dolomiti, modesti o moderati sulle zone prealpine, con nevicate fino nei fondovalle sia dolomitici che prealpini. Previsti quantitativi compresi tra i 5 e 10 mm sulle Dolomiti e tra i 10 e i 15 mm sulle Prealpi con altrettanti cm di neve fresca oltre i 600-800 m.<br \/>\n<b>Temperature: <\/b>In ulteriore calo, soprattutto le massime. Contesto termico di stampo prettamente invernale con valori termici inferiori alle medie del periodo, in modo particolare le massime.<\/p>\n<hr \/>\n<p><center><b>VENERDI<\/b><\/center>Al mattino cielo in prevalenza nuvoloso con parziali schiarite in alta montagna; nel corso della giornata arrivo di nubi medio-alte associate a qualche sporadico e locale fenomeno, eventualmente nevoso fino a fondovalle. Temperature minime in lieve o contenuto calo, massime stazionarie o in lieve aumento con clima invernale a tutte le quote.<\/p>\n<hr \/>\n<p><center><b>SABATO<\/b><\/center>Tempo variabile con annuvolamenti e parziali schiarite e fenomeni deboli e scarsi con eventuali fiocchi di neve fino a fondovalle. Temperature senza notevoli variazioni, salvo locali diminuzioni delle minime. Clima tipicamente invernale.<\/p>\n<p>&nbsp;<\/p>\n<blockquote class=\"wp-embedded-content\" data-secret=\"PjqfqpFk73\"><p><a href=\"https:\/\/www.radiopiu.net\/wordpress\/pochi-centimetri-di-neve-sulle-cime-dolomitiche\/\">POCHI CENTIMETRI DI NEVE SULLE CIME DOLOMITICHE<\/a><\/p><\/blockquote>\n<p><iframe loading=\"lazy\" class=\"wp-embedded-content\" sandbox=\"allow-scripts\" security=\"restricted\" style=\"position: absolute; clip: rect(1px, 1px, 1px, 1px);\" title=\"&#8220;POCHI CENTIMETRI DI NEVE SULLE CIME DOLOMITICHE&#8221; &#8212; Radio Pi\u00f9\" src=\"https:\/\/www.radiopiu.net\/wordpress\/pochi-centimetri-di-neve-sulle-cime-dolomitiche\/embed\/#?secret=2J2HKNA4QM#?secret=PjqfqpFk73\" data-secret=\"PjqfqpFk73\" width=\"600\" height=\"338\" frameborder=\"0\" marginwidth=\"0\" marginheight=\"0\" scrolling=\"no\"><\/iframe><\/p>\n<p>&nbsp;<\/p>\n<hr \/>\n<p>&nbsp;<\/p>\n<p><a class=\"dt-pswp-item\" href=\"https:\/\/www.radiopiu.net\/wordpress\/wp-content\/uploads\/2018\/09\/sport.jpg\" data-dt-img-description=\"\" data-large_image_width=\"800\" data-large_image_height=\"100\"><img loading=\"lazy\" decoding=\"async\" class=\"aligncenter wp-image-60761 size-full\" src=\"https:\/\/www.radiopiu.net\/wordpress\/wp-content\/uploads\/2018\/09\/sport.jpg\" alt=\"\" width=\"800\" height=\"100\" srcset=\"https:\/\/www.radiopiu.net\/wordpress\/wp-content\/uploads\/2018\/09\/sport.jpg 800w, https:\/\/www.radiopiu.net\/wordpress\/wp-content\/uploads\/2018\/09\/sport-300x38.jpg 300w, https:\/\/www.radiopiu.net\/wordpress\/wp-content\/uploads\/2018\/09\/sport-768x96.jpg 768w\" sizes=\"auto, (max-width: 800px) 100vw, 800px\" \/><\/a><\/p>\n<p>&nbsp;<\/p>\n<p><span style=\"color: #0000ff;\"><strong>CALCIO<\/strong><\/span><\/p>\n<blockquote>\n<h3>L&#8217;AGORDINA VUOLE LA SALVEZZA MATEMATICA IL PIU&#8217; PRESTO POSSIBILE<\/h3>\n<\/blockquote>\n<p><strong><a class=\"dt-pswp-item\" href=\"https:\/\/www.radiopiu.net\/wordpress\/wp-content\/uploads\/2022\/09\/PRIMA-SQUADRA-AGORDINA-2022.jpg\" data-dt-img-description=\"\" data-large_image_width=\"2040\" data-large_image_height=\"1530\"><img loading=\"lazy\" decoding=\"async\" class=\" wp-image-297690 alignleft\" src=\"https:\/\/www.radiopiu.net\/wordpress\/wp-content\/uploads\/2022\/09\/PRIMA-SQUADRA-AGORDINA-2022-300x225.jpg\" alt=\"\" width=\"196\" height=\"147\" srcset=\"https:\/\/www.radiopiu.net\/wordpress\/wp-content\/uploads\/2022\/09\/PRIMA-SQUADRA-AGORDINA-2022-300x225.jpg 300w, https:\/\/www.radiopiu.net\/wordpress\/wp-content\/uploads\/2022\/09\/PRIMA-SQUADRA-AGORDINA-2022-1024x768.jpg 1024w, https:\/\/www.radiopiu.net\/wordpress\/wp-content\/uploads\/2022\/09\/PRIMA-SQUADRA-AGORDINA-2022-768x576.jpg 768w, https:\/\/www.radiopiu.net\/wordpress\/wp-content\/uploads\/2022\/09\/PRIMA-SQUADRA-AGORDINA-2022-1536x1152.jpg 1536w, https:\/\/www.radiopiu.net\/wordpress\/wp-content\/uploads\/2022\/09\/PRIMA-SQUADRA-AGORDINA-2022.jpg 2040w\" sizes=\"auto, (max-width: 196px) 100vw, 196px\" \/><\/a>di Marco Gaz<\/strong><\/p>\n<p><strong>REDAZIONE<\/strong> Nel fine settimana l&#8217;Agordina di Marco Lorenzi \u00e8 tornata a vincere e lo ha fatto contro l&#8217;ultima della classe della Seconda Categoria girone T del Veneto, l&#8217;Alpes Cesio. Tre punti incamerati dopo una partita caratterizzata da alti e bassi per i giovani agordini che in fase difensiva hanno lasciato qualche spazio di troppo e in attacco \u00e8 mancata la precisione nonostante le quattro marcature messe a segno. La compagine di Agordo ha solo un pensiero in testa, la salvezza matematica. Con un girone di ritorno giocato bene e con qualche vittoria in pi\u00f9 l&#8217;obbiettivo stagionale dovrebbe essere raggiunto, ma tutto sta nella forma e nella concentrazione dei giocatori agordini. Domenica prossima il primo vero test con una squadra ostica. L&#8217;Agordina scender\u00e0 a Vittorio Veneto per affrontare l&#8217;Itlas Santa Giustina Serravalle.<\/p>\n<p><strong>FRANCESCO CASE, GIOCATORE DELL&#8217;AGORDINA<\/strong><\/p>\n<audio class=\"wp-audio-shortcode\" id=\"audio-317158-20\" preload=\"none\" style=\"width: 100%;\" controls=\"controls\"><source type=\"audio\/mpeg\" src=\"https:\/\/www.radiopiu.net\/wordpress\/wp-content\/uploads\/2023\/01\/FRANCESCO-CASE-ALPES.mp3?_=20\" \/><a href=\"https:\/\/www.radiopiu.net\/wordpress\/wp-content\/uploads\/2023\/01\/FRANCESCO-CASE-ALPES.mp3\">https:\/\/www.radiopiu.net\/wordpress\/wp-content\/uploads\/2023\/01\/FRANCESCO-CASE-ALPES.mp3<\/a><\/audio>\n<p>&nbsp;<\/p>\n<hr \/>\n<p>&nbsp;<\/p>\n<p>&nbsp;<\/p>\n<\/div>\n","protected":false},"excerpt":{"rendered":"<p>RADIO PIU INFORMAZIONE il canale su TELEGRAM informazione di prima\u00a0 mano e in tempo reale. iscriviti ed aiutaci a farlo conoscere\u00a0 &nbsp; IL RICORDO,Fratel Biagio con Davide a Canale d&#8217;Agordo il 5 luglio 2017 ALL\u2019ALBA INCIDENTE MORTALE IN GALLERIA, STRADA RIAPERTA IN A MATTINATA Lo schianto di primo mattino nella galleria Pedesalto al km 50+10&hellip;<\/p>\n","protected":false},"author":4,"featured_media":317262,"comment_status":"closed","ping_status":"closed","sticky":false,"template":"","format":"standard","meta":{"_monsterinsights_skip_tracking":false,"_monsterinsights_sitenote_active":false,"_monsterinsights_sitenote_note":"","_monsterinsights_sitenote_category":0,"footnotes":""},"categories":[86,49],"tags":[],"class_list":["post-317158","post","type-post","status-publish","format-standard","has-post-thumbnail","hentry","category-gr","category-news-18","category-86","category-49","description-off"],"img_url":"https:\/\/www.radiopiu.net\/wordpress\/wp-content\/uploads\/2023\/01\/2ff0b6c3-6f01-4d1b-9ac8-38edee6316a4-1.jpg","_links":{"self":[{"href":"https:\/\/www.radiopiu.net\/wordpress\/wp-json\/wp\/v2\/posts\/317158","targetHints":{"allow":["GET"]}}],"collection":[{"href":"https:\/\/www.radiopiu.net\/wordpress\/wp-json\/wp\/v2\/posts"}],"about":[{"href":"https:\/\/www.radiopiu.net\/wordpress\/wp-json\/wp\/v2\/types\/post"}],"author":[{"embeddable":true,"href":"https:\/\/www.radiopiu.net\/wordpress\/wp-json\/wp\/v2\/users\/4"}],"replies":[{"embeddable":true,"href":"https:\/\/www.radiopiu.net\/wordpress\/wp-json\/wp\/v2\/comments?post=317158"}],"version-history":[{"count":0,"href":"https:\/\/www.radiopiu.net\/wordpress\/wp-json\/wp\/v2\/posts\/317158\/revisions"}],"wp:featuredmedia":[{"embeddable":true,"href":"https:\/\/www.radiopiu.net\/wordpress\/wp-json\/wp\/v2\/media\/317262"}],"wp:attachment":[{"href":"https:\/\/www.radiopiu.net\/wordpress\/wp-json\/wp\/v2\/media?parent=317158"}],"wp:term":[{"taxonomy":"category","embeddable":true,"href":"https:\/\/www.radiopiu.net\/wordpress\/wp-json\/wp\/v2\/categories?post=317158"},{"taxonomy":"post_tag","embeddable":true,"href":"https:\/\/www.radiopiu.net\/wordpress\/wp-json\/wp\/v2\/tags?post=317158"}],"curies":[{"name":"wp","href":"https:\/\/api.w.org\/{rel}","templated":true}]}}