{"id":317237,"date":"2023-01-18T05:22:03","date_gmt":"2023-01-18T04:22:03","guid":{"rendered":"https:\/\/www.radiopiu.net\/wordpress\/?p=317237"},"modified":"2023-01-18T05:47:05","modified_gmt":"2023-01-18T04:47:05","slug":"la-lontra-in-val-dansiei-video","status":"publish","type":"post","link":"https:\/\/www.radiopiu.net\/wordpress\/la-lontra-in-val-dansiei-video\/","title":{"rendered":"LA LONTRA IN VAL D&#8217;ANSIEI   &#8211; VIDEO &#8211;"},"content":{"rendered":"<p><img loading=\"lazy\" decoding=\"async\" class=\"alignleft\" src=\"https:\/\/www.radiopiu.net\/wordpress\/wp-content\/uploads\/2023\/01\/PHOTO-2023-01-15-17-36-13-300x300.jpg\" width=\"251\" height=\"251\" \/><strong>BELLUNO<\/strong>\u00a0 Una lontra che sguazza nelle acque del torrente Ansiei \u00e8 stata fototrappolata nei giorni scorsi, il 14 gennaio, da parte degli agenti della Polizia Provinciale. Un video di pochi secondi riprende la scena dell\u2019animale mentre passa dai sassi della sponda alla pozza d\u2019acqua, in orario notturno. \u00c8 la conferma della presenza del mustelide in provincia di Belluno. O meglio, dell\u2019espansione nell\u2019alto Bellunese di questo animale, di cui non si aveva traccia da pi\u00f9 di mezzo secolo. A novembre infatti erano stati rinvenuti degli escrementi in Comelico, sulle sponde del torrente Digon. Si era trattato di una segnalazione diagnostica, in quanto le fatte della lontra sono ricoperte di una specie di gel, inequivocabilmente riconducibili a questo solo animale. Le analisi di laboratorio successive avevano confermato che si trattava di lontra europea. Ora le immagini della fototrappola &#8211; le prime immagini in assoluto di una lontra in provincia di Belluno &#8211; non fanno che certificare la presenza e l\u2019espansione.\u00a0 <em>\u00abDifficile dirlo dalle immagini della fototrappola, ma con buona probabilit\u00e0 si tratta di una femmina o di un individuo giovane\u00bb spiega Michele Cassol, esperto faunista che insieme a Gabriele De Nadai e Luca Lapini ha pubblicato lo studio sul rinvenimento degli escrementi in Comelico, poche settimane fa. \u00abE quasi sicuramente \u00e8 un altro esemplare rispetto a quello di cui abbiamo certificato la presenza sul torrente Digon. Lo possiamo ipotizzare con un certo grado di sicurezza, perch\u00e9 la distanza tra il fototrappolaggio e le evidenze degli escrementi \u00e8 di oltre 20 chilometri. Se questa ipotesi sar\u00e0 confermata, potremo dire che la specie si sta espandendo e colonizzando il territorio\u00bb. <\/em>L\u2019ufficio faunistico della Provincia ha installato diverse fototrappole, in tutta la zona dell\u2019Ansiei, del Comelico. \u00abIl monitoraggio continua, ma la scoperta, grazie a un\u2019intuizione del nostro agente Mirco Piccin che ha posizionato nei posti giusti le fototrappole, \u00e8 gi\u00e0 di per s\u00e9 eccezionale, perch\u00e9 certifica la qualit\u00e0 delle nostre acque e della gestione alieutica\u00bb commenta il consigliere provinciale delegato alla gestione faunistica, Franco De Bon. <em>\u00abLa cura dell\u2019ambiente passa anche da una corretta integrazione e dalla sinergia dei vari attori sul territorio, compresi pescatori, agricoltori e cacciatori\u00bb.<\/em><\/p>\n<div style=\"width: 640px;\" class=\"wp-video\"><video class=\"wp-video-shortcode\" id=\"video-317237-1\" width=\"640\" height=\"352\" preload=\"metadata\" controls=\"controls\"><source type=\"video\/mp4\" src=\"https:\/\/www.radiopiu.net\/wordpress\/wp-content\/uploads\/2023\/01\/VIDEO-2023-01-15-17-35-44.mp4?_=1\" \/><a href=\"https:\/\/www.radiopiu.net\/wordpress\/wp-content\/uploads\/2023\/01\/VIDEO-2023-01-15-17-35-44.mp4\">https:\/\/www.radiopiu.net\/wordpress\/wp-content\/uploads\/2023\/01\/VIDEO-2023-01-15-17-35-44.mp4<\/a><\/video><\/div>\n<p>&nbsp;<\/p>\n<p>&nbsp;<\/p>\n<hr \/>\n<p>&nbsp;<\/p>\n","protected":false},"excerpt":{"rendered":"<p>BELLUNO\u00a0 Una lontra che sguazza nelle acque del torrente Ansiei \u00e8 stata fototrappolata nei giorni scorsi, il 14 gennaio, da parte degli agenti della Polizia Provinciale. Un video di pochi secondi riprende la scena dell\u2019animale mentre passa dai sassi della sponda alla pozza d\u2019acqua, in orario notturno. \u00c8 la conferma della presenza del mustelide in&hellip;<\/p>\n","protected":false},"author":4,"featured_media":317238,"comment_status":"closed","ping_status":"closed","sticky":false,"template":"","format":"standard","meta":{"_monsterinsights_skip_tracking":false,"_monsterinsights_sitenote_active":false,"_monsterinsights_sitenote_note":"","_monsterinsights_sitenote_category":0,"footnotes":""},"categories":[51,49],"tags":[],"class_list":["post-317237","post","type-post","status-publish","format-standard","has-post-thumbnail","hentry","category-evidenza-top","category-news-18","category-51","category-49","description-off"],"img_url":"https:\/\/www.radiopiu.net\/wordpress\/wp-content\/uploads\/2023\/01\/PHOTO-2023-01-15-17-36-13.jpg","_links":{"self":[{"href":"https:\/\/www.radiopiu.net\/wordpress\/wp-json\/wp\/v2\/posts\/317237","targetHints":{"allow":["GET"]}}],"collection":[{"href":"https:\/\/www.radiopiu.net\/wordpress\/wp-json\/wp\/v2\/posts"}],"about":[{"href":"https:\/\/www.radiopiu.net\/wordpress\/wp-json\/wp\/v2\/types\/post"}],"author":[{"embeddable":true,"href":"https:\/\/www.radiopiu.net\/wordpress\/wp-json\/wp\/v2\/users\/4"}],"replies":[{"embeddable":true,"href":"https:\/\/www.radiopiu.net\/wordpress\/wp-json\/wp\/v2\/comments?post=317237"}],"version-history":[{"count":0,"href":"https:\/\/www.radiopiu.net\/wordpress\/wp-json\/wp\/v2\/posts\/317237\/revisions"}],"wp:featuredmedia":[{"embeddable":true,"href":"https:\/\/www.radiopiu.net\/wordpress\/wp-json\/wp\/v2\/media\/317238"}],"wp:attachment":[{"href":"https:\/\/www.radiopiu.net\/wordpress\/wp-json\/wp\/v2\/media?parent=317237"}],"wp:term":[{"taxonomy":"category","embeddable":true,"href":"https:\/\/www.radiopiu.net\/wordpress\/wp-json\/wp\/v2\/categories?post=317237"},{"taxonomy":"post_tag","embeddable":true,"href":"https:\/\/www.radiopiu.net\/wordpress\/wp-json\/wp\/v2\/tags?post=317237"}],"curies":[{"name":"wp","href":"https:\/\/api.w.org\/{rel}","templated":true}]}}