{"id":317241,"date":"2023-01-17T23:59:13","date_gmt":"2023-01-17T22:59:13","guid":{"rendered":"https:\/\/www.radiopiu.net\/wordpress\/?p=317241"},"modified":"2023-01-18T04:51:48","modified_gmt":"2023-01-18T03:51:48","slug":"la-bellunese-anna-defferrari-co-fondatrice-e-anima-per-trentanni-del-lumen-di-falcade","status":"publish","type":"post","link":"https:\/\/www.radiopiu.net\/wordpress\/la-bellunese-anna-defferrari-co-fondatrice-e-anima-per-trentanni-del-lumen-di-falcade\/","title":{"rendered":"LA BELLUNESE ANNA DEFFERRARI CO-FONDATRICE E \u201cANIMA\u201d PER TRENT\u2019ANNI DEL LUMEN DI FALCADE"},"content":{"rendered":"<p><strong>di RENATO BONA<\/strong><\/p>\n<p>&nbsp;<\/p>\n<p>In \u201cDonne in prima linea\u201d (titolo del libro della dott. Milena Caldart, bellunese trapiantata nella Capitale realizzato nel maggio 2014 da Alessandro Tarantola Editore), giusto spazio \u00e8 stato dedicato ad Anna Defferrari, co-fondatrice (con Rosa Borghini) dell\u2019istituto scolastico \u201cLumen\u201d di Falcade, nella localit\u00e0 Canes della frazione Caviola. nella splendida Valle del Biois, provincia di Belluno. La Caldart definisce Defferrari \u201cfigura cardine dell\u2019Istituto: infatti ne conduce fin dall\u2019inizio l\u2019attivit\u00e0 affrontando quotidianamente difficolt\u00e0 e problemi; lei stessa \u00e8 anche insegnante di tutte le materie letterarie. Sorretta da una forte idealit\u00e0 morale e religiosa (ha stretti rapporti con Albino Luciani, allora Vicario a Belluno, e con mons. Angelo Secolini), di grande e fattiva esperienza didattica, dedica tutto il suo sapere e la sua forte volont\u00e0 all\u2019Istituto che dirige con rigore\u201d. Ricorda quindi che nel primo dopoguerra Falcade \u00e8 ancora un paese isolato, in cui la scuola pubblica \u00e8 solo quella elementare ed \u00e8 sprovvisto di adeguati mezzi di comunicazione per raggiungere i centri urbani dove hanno sede le scuole superiori. In questa realt\u00e0, l\u2019Istituto nasce nel 1933, \u201cinizialmente come campeggio estivo fra le Dolomiti bellunesi. E\u2019 infatti qui che Rosa Borghini, professoressa in materie letterarie fin dal 1910, acquista un terreno dove costruire una sede adatta a questo scopo. Tuttavia &#8211; rammenta l\u2019autrice &#8211; il suo lavoro la porta in varie citt\u00e0 dell\u2019Italia centrale e dal 1934 al 1953 insegna a Roma dove apre la \u201cCasa Lumen\u201d in una struttura offerta dalla Croce Rossa. Durante la guerra, mantiene ed educa nella \u2018Casa\u2019 venti bambine orfane, aiutata dalla prof. Defferrari; entrambe profondamente cattoliche, condividono gli stessi princ\u00ecpi e la stessa devozione per Santa Caterina e resteranno legate anche da profonda amicizia per tutta la vita\u201d. Alla conclusione del conflitto, le due docenti-amiche decidono di dare vita a Falcade all\u2019Istituto \u201cLumen\u201d col quale puntare alla realizzazione dei loro ideali educativi. Sar\u00e0 la bellunese Defferrari ad assumere in toto gestione ed amministrazione mentre la Borghini, chiamata \u201cMamma Rosa\u201d prosegue con l\u2019insegnamento a Roma, Istituto magistrale \u201cOriani\u201d e solo nel 1953, da pensionata si trasferir\u00e0 a Caviola per insegnare al \u201cLumen\u201d fino al 1954; sul finire dell\u2019anno si ammala e nel luglio 1956 passa a miglior vita. E veniamo al \u201cLumen\u201d: viene aperto nella localit\u00e0 Canes di Caviola il 28 novembre 1950 dapprima in una sede provvisoria e quindi nel nuovo edificio. Inizialmente &#8211; lo ha ricordato l\u2019ex allievo Gianni P. &#8211; era scuola privata, in seguito parificata; la sede era una villetta della localit\u00e0 Brustolade. Defferrari ne sar\u00e0 \u201cla figura cardine, non solo come docente di tutte le materie letterarie. Dopo l\u2019avvio di un corso di preparazione dei giovani agli esami di licenza media, rivolto in particolare a quanti hanno dovuto abbandonare gli studi per esigenze lavorative, l\u2019istituto assumer\u00e0 la denominazione di \u201cIstituto montano Lumen\u201d in virt\u00f9 di un decreto ministeriale del 20 giugno 1951. Nel 1952 entra in funzione la scuola media autorizzata e prendono il via i corsi preparatori al Ginnasio e al Liceo. Abbiamo fatto cenno alla numerose difficolt\u00e0 incontrare dalla Defferrari, anche di carattere economico. Erano tali da indurla il 15 dicembre 1951 a scrivere al nuovo sindaco di Falcade per sollecitare concreti aiuti dato che \u201cparecchi del Comune di Falcade hanno avuto benefici e sono oggi per essi in migliori condizioni sociali\u2026\u201d. Ancora l\u2019ex allievo Gianni P. per precisare: \u201cAnna Defferrari era un\u2019insegnante eccezionale di italiano, latino e greco, le classi avevano al massimo sette alunni,.,,\u201d. Avviandoci alla conclusione, non trascuriamo di dire che l\u2019Istituto aveva una sua piccola rivista bimestrale: \u201cLumen\u201d dove si illustravano le varie attivit\u00e0 e la vita scolastica. Che nel 1971 venne inaugurata al suo interno una biblioteca permanente con annessa sala di lettura aperta tutto l\u2019anno, dotata di 3500 volumi di carattere prevalentemente umanistico. Ancora: nei mesi estivi, dal 1. luglio al 15 settembre \u201cLumen\u201d diventa soggiorno per studenti. La Defferrari intanto ha ricoperto dal 1960 al 1964 la carica di consigliere comunale di Falcade e a fine anni \u201860 insegna per qualche tempo al minerario \u201cFollador\u201d di Agordo. Si ritirer\u00e0 a vita privata nella casa di riposo di Taibon Agordino dopo 30 anni di grande impegno, nel 1974 (l\u2019anno in cui cessa anche l\u2019attivit\u00e0 dell\u2019Istituto) e concluder\u00e0 la sua vita all\u2019ospedale di Feltre il 23 settembre 1980. Come riconoscimento ed apprezzamento per la sua opera indefessa le \u00e8 stata intitolata l\u2019aula degli insegnanti della scuola media di Canale d\u2019Agordo.<\/p>\n\n\t\t\t<style type='text\/css'>\n\t\t\t\t#gallery-1 {\n\t\t\t\t\tmargin: auto;\n\t\t\t\t}\n\t\t\t\t#gallery-1 .gallery-item {\n\t\t\t\t\tfloat: left;\n\t\t\t\t\tmargin-top: 10px;\n\t\t\t\t\ttext-align: center;\n\t\t\t\t\twidth: 20%;\n\t\t\t\t}\n\t\t\t\t#gallery-1 img {\n\t\t\t\t\tborder: 2px solid #cfcfcf;\n\t\t\t\t}\n\t\t\t\t#gallery-1 .gallery-caption {\n\t\t\t\t\tmargin-left: 0;\n\t\t\t\t}\n\t\t\t\t\/* see gallery_shortcode() in wp-includes\/media.php *\/\n\t\t\t<\/style>\n\t\t<div id='gallery-1' class='dt-gallery-container gallery galleryid-317241 gallery-columns-5 gallery-size-thumbnail'><dl class='gallery-item'>\n\t\t\t\t<dt class='gallery-icon portrait'>\n\t\t\t\t\t<a class=\"rollover rollover-zoom dt-pswp-item\" title=\"324158224_558340049297025_4553311334614426788_n\" data-dt-img-description=\"\" data-large_image_width=\"850\" data-large_image_height=\"1236\"href='https:\/\/www.radiopiu.net\/wordpress\/wp-content\/uploads\/2023\/01\/324158224_558340049297025_4553311334614426788_n.jpg'><img loading=\"lazy\" decoding=\"async\" width=\"150\" height=\"150\" src=\"https:\/\/www.radiopiu.net\/wordpress\/wp-content\/uploads\/2023\/01\/324158224_558340049297025_4553311334614426788_n-150x150.jpg\" class=\"attachment-thumbnail size-thumbnail\" alt=\"\" \/><\/a>\n\t\t\t\t<\/dt><\/dl><dl class='gallery-item'>\n\t\t\t\t<dt class='gallery-icon portrait'>\n\t\t\t\t\t<a class=\"rollover rollover-zoom dt-pswp-item\" title=\"325296935_859892765228847_5411250825310178033_n\" data-dt-img-description=\"\" data-large_image_width=\"1041\" data-large_image_height=\"1459\"href='https:\/\/www.radiopiu.net\/wordpress\/wp-content\/uploads\/2023\/01\/325296935_859892765228847_5411250825310178033_n.jpg'><img loading=\"lazy\" decoding=\"async\" width=\"150\" height=\"150\" src=\"https:\/\/www.radiopiu.net\/wordpress\/wp-content\/uploads\/2023\/01\/325296935_859892765228847_5411250825310178033_n-150x150.jpg\" class=\"attachment-thumbnail size-thumbnail\" alt=\"\" \/><\/a>\n\t\t\t\t<\/dt><\/dl><dl class='gallery-item'>\n\t\t\t\t<dt class='gallery-icon landscape'>\n\t\t\t\t\t<a class=\"rollover rollover-zoom dt-pswp-item\" title=\"322993923_876032706966514_1831282665575201096_n\" data-dt-img-description=\"\" data-large_image_width=\"1346\" data-large_image_height=\"956\"href='https:\/\/www.radiopiu.net\/wordpress\/wp-content\/uploads\/2023\/01\/322993923_876032706966514_1831282665575201096_n.jpg'><img loading=\"lazy\" decoding=\"async\" width=\"150\" height=\"150\" src=\"https:\/\/www.radiopiu.net\/wordpress\/wp-content\/uploads\/2023\/01\/322993923_876032706966514_1831282665575201096_n-150x150.jpg\" class=\"attachment-thumbnail size-thumbnail\" alt=\"\" \/><\/a>\n\t\t\t\t<\/dt><\/dl><dl class='gallery-item'>\n\t\t\t\t<dt class='gallery-icon landscape'>\n\t\t\t\t\t<a class=\"rollover rollover-zoom dt-pswp-item\" title=\"323315789_1196442957957189_32681043492868159_n\" data-dt-img-description=\"\" data-large_image_width=\"1197\" data-large_image_height=\"900\"href='https:\/\/www.radiopiu.net\/wordpress\/wp-content\/uploads\/2023\/01\/323315789_1196442957957189_32681043492868159_n.jpg'><img loading=\"lazy\" decoding=\"async\" width=\"150\" height=\"150\" src=\"https:\/\/www.radiopiu.net\/wordpress\/wp-content\/uploads\/2023\/01\/323315789_1196442957957189_32681043492868159_n-150x150.jpg\" class=\"attachment-thumbnail size-thumbnail\" alt=\"\" \/><\/a>\n\t\t\t\t<\/dt><\/dl><dl class='gallery-item'>\n\t\t\t\t<dt class='gallery-icon portrait'>\n\t\t\t\t\t<a class=\"rollover rollover-zoom dt-pswp-item\" title=\"325134682_1585805975226690_1527923094434035826_n\" data-dt-img-description=\"\" data-large_image_width=\"1190\" data-large_image_height=\"1765\"href='https:\/\/www.radiopiu.net\/wordpress\/wp-content\/uploads\/2023\/01\/325134682_1585805975226690_1527923094434035826_n.jpg'><img loading=\"lazy\" decoding=\"async\" width=\"150\" height=\"150\" src=\"https:\/\/www.radiopiu.net\/wordpress\/wp-content\/uploads\/2023\/01\/325134682_1585805975226690_1527923094434035826_n-150x150.jpg\" class=\"attachment-thumbnail size-thumbnail\" alt=\"\" \/><\/a>\n\t\t\t\t<\/dt><\/dl><br style=\"clear: both\" \/>\n\t\t\t<\/div>\n\n<p>&nbsp;<\/p>\n<p>NELLE FOTO (riproduzioni dal libro \u201cDonne in prima linea\u201d di Milena Caldart): la prof. Anna Defferrari nel 1980; la sede del glorioso Istituto; prima pagina del regolamento interno della scuola; il numero di luglio-agosto 1971 della pubblicazione \u201cLumen\u201d; studenti del in gita scolastica nel 1956 (per concessione di Amalia De Gasperi).<\/p>\n","protected":false},"excerpt":{"rendered":"<p>di RENATO BONA &nbsp; In \u201cDonne in prima linea\u201d (titolo del libro della dott. Milena Caldart, bellunese trapiantata nella Capitale realizzato nel maggio 2014 da Alessandro Tarantola Editore), giusto spazio \u00e8 stato dedicato ad Anna Defferrari, co-fondatrice (con Rosa Borghini) dell\u2019istituto scolastico \u201cLumen\u201d di Falcade, nella localit\u00e0 Canes della frazione Caviola. nella splendida Valle del&hellip;<\/p>\n","protected":false},"author":4,"featured_media":317242,"comment_status":"closed","ping_status":"closed","sticky":false,"template":"","format":"standard","meta":{"_monsterinsights_skip_tracking":false,"_monsterinsights_sitenote_active":false,"_monsterinsights_sitenote_note":"","_monsterinsights_sitenote_category":0,"footnotes":""},"categories":[104,49],"tags":[],"class_list":["post-317241","post","type-post","status-publish","format-standard","has-post-thumbnail","hentry","category-evidenza_3","category-news-18","category-104","category-49","description-off"],"img_url":"https:\/\/www.radiopiu.net\/wordpress\/wp-content\/uploads\/2023\/01\/322993923_876032706966514_1831282665575201096_n.jpg","_links":{"self":[{"href":"https:\/\/www.radiopiu.net\/wordpress\/wp-json\/wp\/v2\/posts\/317241","targetHints":{"allow":["GET"]}}],"collection":[{"href":"https:\/\/www.radiopiu.net\/wordpress\/wp-json\/wp\/v2\/posts"}],"about":[{"href":"https:\/\/www.radiopiu.net\/wordpress\/wp-json\/wp\/v2\/types\/post"}],"author":[{"embeddable":true,"href":"https:\/\/www.radiopiu.net\/wordpress\/wp-json\/wp\/v2\/users\/4"}],"replies":[{"embeddable":true,"href":"https:\/\/www.radiopiu.net\/wordpress\/wp-json\/wp\/v2\/comments?post=317241"}],"version-history":[{"count":0,"href":"https:\/\/www.radiopiu.net\/wordpress\/wp-json\/wp\/v2\/posts\/317241\/revisions"}],"wp:featuredmedia":[{"embeddable":true,"href":"https:\/\/www.radiopiu.net\/wordpress\/wp-json\/wp\/v2\/media\/317242"}],"wp:attachment":[{"href":"https:\/\/www.radiopiu.net\/wordpress\/wp-json\/wp\/v2\/media?parent=317241"}],"wp:term":[{"taxonomy":"category","embeddable":true,"href":"https:\/\/www.radiopiu.net\/wordpress\/wp-json\/wp\/v2\/categories?post=317241"},{"taxonomy":"post_tag","embeddable":true,"href":"https:\/\/www.radiopiu.net\/wordpress\/wp-json\/wp\/v2\/tags?post=317241"}],"curies":[{"name":"wp","href":"https:\/\/api.w.org\/{rel}","templated":true}]}}