{"id":317248,"date":"2023-01-18T05:28:59","date_gmt":"2023-01-18T04:28:59","guid":{"rendered":"https:\/\/www.radiopiu.net\/wordpress\/?p=317248"},"modified":"2023-01-18T05:38:38","modified_gmt":"2023-01-18T04:38:38","slug":"lultimo-saluto-in-una-gremita-chiesa-di-frassene-kevin-siamo-qui-spiazzati-ammutoliti","status":"publish","type":"post","link":"https:\/\/www.radiopiu.net\/wordpress\/lultimo-saluto-in-una-gremita-chiesa-di-frassene-kevin-siamo-qui-spiazzati-ammutoliti\/","title":{"rendered":"L&#8217;ULTIMO SALUTO IN UNA GREMITA CHIESA DI FRASSENE&#8217; &#8220;KEVIN, SIAMO QUI SPIAZZATI, AMMUTOLITI&#8221;"},"content":{"rendered":"<p style=\"text-align: right;\"><strong><a class=\"dt-pswp-item\" href=\"https:\/\/www.radiopiu.net\/wordpress\/wp-content\/uploads\/2023\/01\/288f9e47-7925-4e5c-8f00-c965e84b1ac7.jpg\" data-dt-img-description=\"\" data-large_image_width=\"1500\" data-large_image_height=\"2000\"><img loading=\"lazy\" decoding=\"async\" class=\"size-medium wp-image-317249 alignleft\" src=\"https:\/\/www.radiopiu.net\/wordpress\/wp-content\/uploads\/2023\/01\/288f9e47-7925-4e5c-8f00-c965e84b1ac7-225x300.jpg\" alt=\"\" width=\"225\" height=\"300\" srcset=\"https:\/\/www.radiopiu.net\/wordpress\/wp-content\/uploads\/2023\/01\/288f9e47-7925-4e5c-8f00-c965e84b1ac7-225x300.jpg 225w, https:\/\/www.radiopiu.net\/wordpress\/wp-content\/uploads\/2023\/01\/288f9e47-7925-4e5c-8f00-c965e84b1ac7-768x1024.jpg 768w, https:\/\/www.radiopiu.net\/wordpress\/wp-content\/uploads\/2023\/01\/288f9e47-7925-4e5c-8f00-c965e84b1ac7-1152x1536.jpg 1152w, https:\/\/www.radiopiu.net\/wordpress\/wp-content\/uploads\/2023\/01\/288f9e47-7925-4e5c-8f00-c965e84b1ac7.jpg 1500w\" sizes=\"auto, (max-width: 225px) 100vw, 225px\" \/><\/a>VOLTAGO<\/strong> La chiesa parrocchiale di Frassen\u00e8 Agordino era gremita, pi\u00f9 di 300 persone presenti, per dare l&#8217;ultimo saluto a Kevin Fontanive, il 26enne del paese morto improvvisamente domenica. Al rito, celebrato dal parroco don Fabiano Del Favero, hanno partecipato anche tanti giovani del posto, gli amici e i coscritti di Kevin che hanno deposto sulla bara il cappello della coscrizione. Gli stessi coscritti che ieri hanno lanciato la sottoscrizione per il progetto Alice onlus teso a raccogliere fondi in favore dell&#8217;associazione che si batte contro la sindrome emolitico uremica dalla quale era affetto Kevin. E fra i banchi della chiesa di Frassen\u00e8, attorno ai genitori, c&#8217;erano pure alcuni medici e infermieri che avevano seguito il giovane nel suo percorso di cure. I funerali sono stati aperti dalle parole di don Fabiano Del Favero. &#8220;Questo &#8211; ha detto il parroco &#8211; \u00e8 il momento in cui non <a class=\"dt-pswp-item\" href=\"https:\/\/www.radiopiu.net\/wordpress\/wp-content\/uploads\/2023\/01\/b1d7d76a-e2df-402a-9fe0-c07d396fafb3-1.jpg\" data-dt-img-description=\"\" data-large_image_width=\"2048\" data-large_image_height=\"1536\"><img loading=\"lazy\" decoding=\"async\" class=\"size-medium wp-image-317263 alignright\" src=\"https:\/\/www.radiopiu.net\/wordpress\/wp-content\/uploads\/2023\/01\/b1d7d76a-e2df-402a-9fe0-c07d396fafb3-1-300x225.jpg\" alt=\"\" width=\"300\" height=\"225\" srcset=\"https:\/\/www.radiopiu.net\/wordpress\/wp-content\/uploads\/2023\/01\/b1d7d76a-e2df-402a-9fe0-c07d396fafb3-1-300x225.jpg 300w, https:\/\/www.radiopiu.net\/wordpress\/wp-content\/uploads\/2023\/01\/b1d7d76a-e2df-402a-9fe0-c07d396fafb3-1-1024x768.jpg 1024w, https:\/\/www.radiopiu.net\/wordpress\/wp-content\/uploads\/2023\/01\/b1d7d76a-e2df-402a-9fe0-c07d396fafb3-1-768x576.jpg 768w, https:\/\/www.radiopiu.net\/wordpress\/wp-content\/uploads\/2023\/01\/b1d7d76a-e2df-402a-9fe0-c07d396fafb3-1-1536x1152.jpg 1536w, https:\/\/www.radiopiu.net\/wordpress\/wp-content\/uploads\/2023\/01\/b1d7d76a-e2df-402a-9fe0-c07d396fafb3-1.jpg 2048w\" sizes=\"auto, (max-width: 300px) 100vw, 300px\" \/><\/a>si hanno parole, ma anche quello in cui a volte ci si scalda il cuore a vicenda con parole buone che nascondono parole meno opportune&#8221;.<\/p>\n<p>Il riferimento \u00e8 ai tanti commenti inopportuni e per nulla rispettosi della morte e del dolore dellle persone che sono apparsi in questi giorni sui social. &#8220;I genitori &#8211; ha detto don Fabiano dopo la messa &#8211; sono molto grati per l&#8217;affetto e la vicinanza che hanno sentito da parte di tante persone, ma anche molto infastiditi per le inopportune parole che sono state pubblicate in rete&#8221;. Il rito funebre \u00e8 stato accompagnato dai canti del coro parrocchiale di Frassen\u00e8 a cui si sono aggiunte le voci di alcuni membri dei cori dei paesi limitrofi (Gosaldo, Voltago, Rivamonte).<\/p>\n<p>&nbsp;<\/p>\n<p>&nbsp;<\/p>\n<blockquote>\n<h3>L&#8217;OMELIA DI DON FABIANO DEL FAVERO<\/h3>\n<\/blockquote>\n<p><strong>Carissimo Kevin,<\/strong><br \/>\n<a class=\"dt-pswp-item\" href=\"https:\/\/www.radiopiu.net\/wordpress\/wp-content\/uploads\/2023\/01\/457cb23f-7372-4d5f-b7f4-d6aa55f22395.jpg\" data-dt-img-description=\"\" data-large_image_width=\"2000\" data-large_image_height=\"1500\"><img loading=\"lazy\" decoding=\"async\" class=\"size-medium wp-image-317250 alignleft\" src=\"https:\/\/www.radiopiu.net\/wordpress\/wp-content\/uploads\/2023\/01\/457cb23f-7372-4d5f-b7f4-d6aa55f22395-300x225.jpg\" alt=\"\" width=\"300\" height=\"225\" srcset=\"https:\/\/www.radiopiu.net\/wordpress\/wp-content\/uploads\/2023\/01\/457cb23f-7372-4d5f-b7f4-d6aa55f22395-300x225.jpg 300w, https:\/\/www.radiopiu.net\/wordpress\/wp-content\/uploads\/2023\/01\/457cb23f-7372-4d5f-b7f4-d6aa55f22395-1024x768.jpg 1024w, https:\/\/www.radiopiu.net\/wordpress\/wp-content\/uploads\/2023\/01\/457cb23f-7372-4d5f-b7f4-d6aa55f22395-768x576.jpg 768w, https:\/\/www.radiopiu.net\/wordpress\/wp-content\/uploads\/2023\/01\/457cb23f-7372-4d5f-b7f4-d6aa55f22395-1536x1152.jpg 1536w, https:\/\/www.radiopiu.net\/wordpress\/wp-content\/uploads\/2023\/01\/457cb23f-7372-4d5f-b7f4-d6aa55f22395.jpg 2000w\" sizes=\"auto, (max-width: 300px) 100vw, 300px\" \/><\/a>lo ricordi? Ne facevamo accenno, in quelle occasioni in cui ci trovavamo\u2026tu sei stato uno dei primi a correre quando, a fine del 2008, avevo avviato il gruppo delle medie in canonica proprio qui, a Frassen\u00e8. Il tuo entusiasmo per questa proposta era sempre alle stelle, la tua presenza costante, ci siamo adattati la soffitta perch\u00e9 potessimo sentirci a nostro agio\u2026tutto \u00e8 ancora l\u00ec, come l\u2019abbiamo lasciato\u2026tu eri il motore di varie idee per poter stare semplicemente insieme. Tu che ti stavi aprendo alla vita, io che stavo muovendo i primi passi decisivi verso il mio essere prete. Ed oggi sono ancora qui, Kevin. Proprio io\u2026inaspettatamente io. Insieme a questa nostra comunit\u00e0, raccogliamo il dolore di mamma Carla, pap\u00e0 Checco, di tua sorella Gloria insieme alla sua famiglia\u2026dei tuoi cari\u2026dei tuoi tanti amici e colleghi. Siamo qui, spiazzati. Siamo qui, ammutoliti. Siamo qui, anche un po\u2019 arrabbiati, non ce lo nascondiamo. Non con te, ci mancherebbe\u2026ma con Dio. Perch\u00e9 certi vuoti proprio non li riusciamo a comprendere, certe dipartite pesano sul cuore e chiudono lo stomaco. Perch\u00e9 ci pare che gi\u00e0 il tempo della prova fosse stato sufficiente per te. Dopo aver sostato presso di te, son tornato a casa. Non ti nascondo come una tristezza grande mi abbia avvolto. Ho chiesto a Dio ti farsi accanto ai tuoi. Perch\u00e9 questa\u2026\u00e8 grossa e pesante come croce da portare. Le parole che abbiamo appena ascoltato e che son risuonate nelle nostre chiese proprio domenica &#8211; quando hai chiuso gli occhi a questo mondo &#8211; mi hanno strattonato, smosso, rincuorato. Il Vangelo, in questo atto di fede cos\u00ec solenne da parte del Battista &#8211; che noi <a class=\"dt-pswp-item\" href=\"https:\/\/www.radiopiu.net\/wordpress\/wp-content\/uploads\/2023\/01\/e66fcedd-c4c6-4a9b-b725-24d9f93ae944.jpg\" data-dt-img-description=\"\" data-large_image_width=\"2000\" data-large_image_height=\"1500\"><img loading=\"lazy\" decoding=\"async\" class=\"size-medium wp-image-317251 alignright\" src=\"https:\/\/www.radiopiu.net\/wordpress\/wp-content\/uploads\/2023\/01\/e66fcedd-c4c6-4a9b-b725-24d9f93ae944-300x225.jpg\" alt=\"\" width=\"300\" height=\"225\" srcset=\"https:\/\/www.radiopiu.net\/wordpress\/wp-content\/uploads\/2023\/01\/e66fcedd-c4c6-4a9b-b725-24d9f93ae944-300x225.jpg 300w, https:\/\/www.radiopiu.net\/wordpress\/wp-content\/uploads\/2023\/01\/e66fcedd-c4c6-4a9b-b725-24d9f93ae944-1024x768.jpg 1024w, https:\/\/www.radiopiu.net\/wordpress\/wp-content\/uploads\/2023\/01\/e66fcedd-c4c6-4a9b-b725-24d9f93ae944-768x576.jpg 768w, https:\/\/www.radiopiu.net\/wordpress\/wp-content\/uploads\/2023\/01\/e66fcedd-c4c6-4a9b-b725-24d9f93ae944-1536x1152.jpg 1536w, https:\/\/www.radiopiu.net\/wordpress\/wp-content\/uploads\/2023\/01\/e66fcedd-c4c6-4a9b-b725-24d9f93ae944.jpg 2000w\" sizes=\"auto, (max-width: 300px) 100vw, 300px\" \/><\/a>oltretutto qui invochiamo &#8211; mi ha scaldato il cuore.\u00a0 Egli d\u00e0 testimonianza di ci\u00f2 che ha visto, rassicura che non si \u00e8 inventato nulla, si fida. Di un Dio i cui tratti non sono proprio cos\u00ec evidenti, di una missione ricevuta che umanamente ha un che di folle. Ma persevera, perch\u00e9 si riconosce coinvolto in un disegno pi\u00f9 grande di lui e del suo finito orizzonte. Lo stesso accade per noi. Non vi \u00e8 solo ci\u00f2 che vediamo e tocchiamo con mano, vi \u00e8 uno sguardo che si posa sul nostro vissuto e che pu\u00f2 renderlo pieno, purch\u00e8 noi siamo d\u2019accordo. Me l\u2019hai attestato tu stesso, quando ci siamo visti poco prima di Natale\u2026mi hai raccontato di te, del lavoro, di come ti gestivi\u2026eri contento della tua vita. Una vita vissuta ed <a class=\"dt-pswp-item\" href=\"https:\/\/www.radiopiu.net\/wordpress\/wp-content\/uploads\/2023\/01\/2ff0b6c3-6f01-4d1b-9ac8-38edee6316a4-1.jpg\" data-dt-img-description=\"\" data-large_image_width=\"2048\" data-large_image_height=\"1536\"><img loading=\"lazy\" decoding=\"async\" class=\"size-medium wp-image-317262 alignleft\" src=\"https:\/\/www.radiopiu.net\/wordpress\/wp-content\/uploads\/2023\/01\/2ff0b6c3-6f01-4d1b-9ac8-38edee6316a4-1-300x225.jpg\" alt=\"\" width=\"300\" height=\"225\" srcset=\"https:\/\/www.radiopiu.net\/wordpress\/wp-content\/uploads\/2023\/01\/2ff0b6c3-6f01-4d1b-9ac8-38edee6316a4-1-300x225.jpg 300w, https:\/\/www.radiopiu.net\/wordpress\/wp-content\/uploads\/2023\/01\/2ff0b6c3-6f01-4d1b-9ac8-38edee6316a4-1-1024x768.jpg 1024w, https:\/\/www.radiopiu.net\/wordpress\/wp-content\/uploads\/2023\/01\/2ff0b6c3-6f01-4d1b-9ac8-38edee6316a4-1-768x576.jpg 768w, https:\/\/www.radiopiu.net\/wordpress\/wp-content\/uploads\/2023\/01\/2ff0b6c3-6f01-4d1b-9ac8-38edee6316a4-1-1536x1152.jpg 1536w, https:\/\/www.radiopiu.net\/wordpress\/wp-content\/uploads\/2023\/01\/2ff0b6c3-6f01-4d1b-9ac8-38edee6316a4-1.jpg 2048w\" sizes=\"auto, (max-width: 300px) 100vw, 300px\" \/><\/a>intessuta di relazioni. Kevin, io proprio non lo so perch\u00e9 il tuo pellegrinaggio terreno si sia interrotto cos\u00ec presto. Ma so che in quella stanza poverina assai, su in soffitta di canonica, tu eri il nostro deejay, tu sceglievi la musica per il nostro stare insieme. L\u2019incontro con il Risorto, nella Gerusalemme del Cielo, spero proprio ti abbia dato l\u2019opportunit\u00e0 di arrivare e dire: adesso un po\u2019 di musica la scelgo io, per dare sapore al nostro stare insieme. Ti faccio una raccomandazione, per\u00f2: cerca di fare in modo che anche i tuoi cari la possano sentire, ogni tanto. Io ho visto e ho testimoniato che questi \u00e8 il Figlio di Dio: a te, san Giovanni, chiediamo una cosa soltanto. Nutri un poco la nostra fede, perch\u00e9 l\u00ec dove lo sguardo umano pare faticare, possiamo sentire sempre e continuamente risuonare in noi e nella nostra comunit\u00e0 quella promessa di eternit\u00e0 che non conosce n\u00e9 tempo, n\u00e9 spazio\u2026ma un volto soltanto. Quello del Cristo Risorto e vivente<\/p>\n<p>&nbsp;<\/p>\n<p>&nbsp;<\/p>\n<p>____<\/p>\n","protected":false},"excerpt":{"rendered":"<p>VOLTAGO La chiesa parrocchiale di Frassen\u00e8 Agordino era gremita, pi\u00f9 di 300 persone presenti, per dare l&#8217;ultimo saluto a Kevin Fontanive, il 26enne del paese morto improvvisamente domenica. Al rito, celebrato dal parroco don Fabiano Del Favero, hanno partecipato anche tanti giovani del posto, gli amici e i coscritti di Kevin che hanno deposto sulla&hellip;<\/p>\n","protected":false},"author":4,"featured_media":317251,"comment_status":"closed","ping_status":"closed","sticky":false,"template":"","format":"standard","meta":{"_monsterinsights_skip_tracking":false,"_monsterinsights_sitenote_active":false,"_monsterinsights_sitenote_note":"","_monsterinsights_sitenote_category":0,"footnotes":""},"categories":[51,49],"tags":[],"class_list":["post-317248","post","type-post","status-publish","format-standard","has-post-thumbnail","hentry","category-evidenza-top","category-news-18","category-51","category-49","description-off"],"img_url":"https:\/\/www.radiopiu.net\/wordpress\/wp-content\/uploads\/2023\/01\/e66fcedd-c4c6-4a9b-b725-24d9f93ae944.jpg","_links":{"self":[{"href":"https:\/\/www.radiopiu.net\/wordpress\/wp-json\/wp\/v2\/posts\/317248","targetHints":{"allow":["GET"]}}],"collection":[{"href":"https:\/\/www.radiopiu.net\/wordpress\/wp-json\/wp\/v2\/posts"}],"about":[{"href":"https:\/\/www.radiopiu.net\/wordpress\/wp-json\/wp\/v2\/types\/post"}],"author":[{"embeddable":true,"href":"https:\/\/www.radiopiu.net\/wordpress\/wp-json\/wp\/v2\/users\/4"}],"replies":[{"embeddable":true,"href":"https:\/\/www.radiopiu.net\/wordpress\/wp-json\/wp\/v2\/comments?post=317248"}],"version-history":[{"count":0,"href":"https:\/\/www.radiopiu.net\/wordpress\/wp-json\/wp\/v2\/posts\/317248\/revisions"}],"wp:featuredmedia":[{"embeddable":true,"href":"https:\/\/www.radiopiu.net\/wordpress\/wp-json\/wp\/v2\/media\/317251"}],"wp:attachment":[{"href":"https:\/\/www.radiopiu.net\/wordpress\/wp-json\/wp\/v2\/media?parent=317248"}],"wp:term":[{"taxonomy":"category","embeddable":true,"href":"https:\/\/www.radiopiu.net\/wordpress\/wp-json\/wp\/v2\/categories?post=317248"},{"taxonomy":"post_tag","embeddable":true,"href":"https:\/\/www.radiopiu.net\/wordpress\/wp-json\/wp\/v2\/tags?post=317248"}],"curies":[{"name":"wp","href":"https:\/\/api.w.org\/{rel}","templated":true}]}}