{"id":317255,"date":"2023-01-17T17:05:46","date_gmt":"2023-01-17T16:05:46","guid":{"rendered":"https:\/\/www.radiopiu.net\/wordpress\/?p=317255"},"modified":"2023-01-17T17:05:46","modified_gmt":"2023-01-17T16:05:46","slug":"feltre-celebra-i-140-anni-di-carlo-rizzarda","status":"publish","type":"post","link":"https:\/\/www.radiopiu.net\/wordpress\/feltre-celebra-i-140-anni-di-carlo-rizzarda\/","title":{"rendered":"FELTRE CELEBRA I 140 ANNI DI CARLO RIZZARDA"},"content":{"rendered":"<p><strong><img loading=\"lazy\" decoding=\"async\" class=\"alignleft\" src=\"https:\/\/www.radiopiu.net\/wordpress\/wp-content\/uploads\/2023\/01\/7e63d479-7cb4-40be-b1ea-5c23af4c479c.jpg\" width=\"226\" height=\"127\" \/>FELTRE<\/strong> Il prossimo 23 gennaio si celebrer\u00e0 il 140esimo compleanno di Carlo Rizzarda, grande artista feltrino protagonista della prima met\u00e0 del Novecento; una personalit\u00e0 fortemente legata a Feltre, dove nacque e dove \u00e8 sepolto; un legame rimarcato anche dalle ultime volont\u00e0 di Rizzarda, che lasci\u00f2 al Comune di Feltre il palazzo e la collezione che danno vita alla \u201cGalleria d&#8217;arte moderna Carlo Rizzarda\u201d di Via Paradiso.<\/p>\n<p><strong>DI DANIELE DALVIT<\/strong><\/p>\n<audio class=\"wp-audio-shortcode\" id=\"audio-317255-1\" preload=\"none\" style=\"width: 100%;\" controls=\"controls\"><source type=\"audio\/mpeg\" src=\"https:\/\/www.radiopiu.net\/wordpress\/wp-content\/uploads\/2023\/01\/DANIELE-FELTRE.mp3?_=1\" \/><a href=\"https:\/\/www.radiopiu.net\/wordpress\/wp-content\/uploads\/2023\/01\/DANIELE-FELTRE.mp3\">https:\/\/www.radiopiu.net\/wordpress\/wp-content\/uploads\/2023\/01\/DANIELE-FELTRE.mp3<\/a><\/audio>\n<p>&nbsp;<\/p>\n<p>&nbsp;<\/p>\n<p>&nbsp;<\/p>\n<hr \/>\n<p>&nbsp;<\/p>\n","protected":false},"excerpt":{"rendered":"<p>FELTRE Il prossimo 23 gennaio si celebrer\u00e0 il 140esimo compleanno di Carlo Rizzarda, grande artista feltrino protagonista della prima met\u00e0 del Novecento; una personalit\u00e0 fortemente legata a Feltre, dove nacque e dove \u00e8 sepolto; un legame rimarcato anche dalle ultime volont\u00e0 di Rizzarda, che lasci\u00f2 al Comune di Feltre il palazzo e la collezione che&hellip;<\/p>\n","protected":false},"author":4,"featured_media":317257,"comment_status":"closed","ping_status":"closed","sticky":false,"template":"","format":"standard","meta":{"_monsterinsights_skip_tracking":false,"_monsterinsights_sitenote_active":false,"_monsterinsights_sitenote_note":"","_monsterinsights_sitenote_category":0,"footnotes":""},"categories":[49],"tags":[],"class_list":["post-317255","post","type-post","status-publish","format-standard","has-post-thumbnail","hentry","category-news-18","category-49","description-off"],"img_url":"https:\/\/www.radiopiu.net\/wordpress\/wp-content\/uploads\/2023\/01\/7e63d479-7cb4-40be-b1ea-5c23af4c479c.jpg","_links":{"self":[{"href":"https:\/\/www.radiopiu.net\/wordpress\/wp-json\/wp\/v2\/posts\/317255","targetHints":{"allow":["GET"]}}],"collection":[{"href":"https:\/\/www.radiopiu.net\/wordpress\/wp-json\/wp\/v2\/posts"}],"about":[{"href":"https:\/\/www.radiopiu.net\/wordpress\/wp-json\/wp\/v2\/types\/post"}],"author":[{"embeddable":true,"href":"https:\/\/www.radiopiu.net\/wordpress\/wp-json\/wp\/v2\/users\/4"}],"replies":[{"embeddable":true,"href":"https:\/\/www.radiopiu.net\/wordpress\/wp-json\/wp\/v2\/comments?post=317255"}],"version-history":[{"count":0,"href":"https:\/\/www.radiopiu.net\/wordpress\/wp-json\/wp\/v2\/posts\/317255\/revisions"}],"wp:featuredmedia":[{"embeddable":true,"href":"https:\/\/www.radiopiu.net\/wordpress\/wp-json\/wp\/v2\/media\/317257"}],"wp:attachment":[{"href":"https:\/\/www.radiopiu.net\/wordpress\/wp-json\/wp\/v2\/media?parent=317255"}],"wp:term":[{"taxonomy":"category","embeddable":true,"href":"https:\/\/www.radiopiu.net\/wordpress\/wp-json\/wp\/v2\/categories?post=317255"},{"taxonomy":"post_tag","embeddable":true,"href":"https:\/\/www.radiopiu.net\/wordpress\/wp-json\/wp\/v2\/tags?post=317255"}],"curies":[{"name":"wp","href":"https:\/\/api.w.org\/{rel}","templated":true}]}}