{"id":317289,"date":"2023-01-17T18:02:03","date_gmt":"2023-01-17T17:02:03","guid":{"rendered":"https:\/\/www.radiopiu.net\/wordpress\/?p=317289"},"modified":"2023-01-18T05:51:13","modified_gmt":"2023-01-18T04:51:13","slug":"https-www-radiopiu-net-wordpress-al-festival-di-sanremo-lo-spettacolo-dolomitico","status":"publish","type":"post","link":"https:\/\/www.radiopiu.net\/wordpress\/https-www-radiopiu-net-wordpress-al-festival-di-sanremo-lo-spettacolo-dolomitico\/","title":{"rendered":"OLIMPIADI, FIRMATO IL NUOVO STATUTO DELLA FONDAZIONE"},"content":{"rendered":"<p><strong><a class=\"dt-pswp-item\" href=\"https:\/\/www.radiopiu.net\/wordpress\/wp-content\/uploads\/2023\/01\/FONDAZIONE-OLIMPIADI-FIRMA-ZAIA.jpg\" data-dt-img-description=\"\" data-large_image_width=\"2048\" data-large_image_height=\"1152\"><img loading=\"lazy\" decoding=\"async\" class=\"size-medium wp-image-317291 alignleft\" src=\"https:\/\/www.radiopiu.net\/wordpress\/wp-content\/uploads\/2023\/01\/FONDAZIONE-OLIMPIADI-FIRMA-ZAIA-300x169.jpg\" alt=\"\" width=\"300\" height=\"169\" srcset=\"https:\/\/www.radiopiu.net\/wordpress\/wp-content\/uploads\/2023\/01\/FONDAZIONE-OLIMPIADI-FIRMA-ZAIA-300x169.jpg 300w, https:\/\/www.radiopiu.net\/wordpress\/wp-content\/uploads\/2023\/01\/FONDAZIONE-OLIMPIADI-FIRMA-ZAIA-1024x576.jpg 1024w, https:\/\/www.radiopiu.net\/wordpress\/wp-content\/uploads\/2023\/01\/FONDAZIONE-OLIMPIADI-FIRMA-ZAIA-768x432.jpg 768w, https:\/\/www.radiopiu.net\/wordpress\/wp-content\/uploads\/2023\/01\/FONDAZIONE-OLIMPIADI-FIRMA-ZAIA-1536x864.jpg 1536w, https:\/\/www.radiopiu.net\/wordpress\/wp-content\/uploads\/2023\/01\/FONDAZIONE-OLIMPIADI-FIRMA-ZAIA.jpg 2048w\" sizes=\"auto, (max-width: 300px) 100vw, 300px\" \/><\/a>VENEZIA <\/strong><em>\u201cAnche quello odierno \u00e8 stato un incontro assolutamente proficuo; \u00e8 stato firmato il nuovo statuto della Fondazione, dai soci membri. Ora il percorso verso Milano Cortina 2026 vede allineati tutti gli elementi per arrivare pronti all\u2019appuntamento olimpico. Ho visto oggi una grande energia positiva: \u00e8 chiara la voglia di tutti i protagonisti di dare un contributo importante in questa fase progettuale, consapevoli che le Olimpiadi sono un\u2019occasione unica non solo per il mondo dello sport, ma anche per il turismo, l\u2019economia, le infrastrutture\u201d,<\/em> dichiara il Presidente del Veneto Luca Zaia. <em>\u201cMi aspetto che nel prossimo periodo, \u2018messi a terra\u2019 i primi cantieri, cresca ulteriormente l\u2019entusiasmo per le olimpiadi di Milano Cortina. La lunga rincorsa \u00e8 avviata: possiamo contare sulla capacit\u00e0 Veneta e Lombarda di trasformare le idee in progetti. Ed i progetti in opere concrete, che resteranno in eredit\u00e0 al termine dei Giochi\u201d.<\/em><\/p>\n<p>&nbsp;<\/p>\n","protected":false},"excerpt":{"rendered":"<p>VENEZIA \u201cAnche quello odierno \u00e8 stato un incontro assolutamente proficuo; \u00e8 stato firmato il nuovo statuto della Fondazione, dai soci membri. Ora il percorso verso Milano Cortina 2026 vede allineati tutti gli elementi per arrivare pronti all\u2019appuntamento olimpico. Ho visto oggi una grande energia positiva: \u00e8 chiara la voglia di tutti i protagonisti di dare&hellip;<\/p>\n","protected":false},"author":4,"featured_media":317291,"comment_status":"closed","ping_status":"closed","sticky":false,"template":"","format":"standard","meta":{"_monsterinsights_skip_tracking":false,"_monsterinsights_sitenote_active":false,"_monsterinsights_sitenote_note":"","_monsterinsights_sitenote_category":0,"footnotes":""},"categories":[104,49],"tags":[],"class_list":["post-317289","post","type-post","status-publish","format-standard","has-post-thumbnail","hentry","category-evidenza_3","category-news-18","category-104","category-49","description-off"],"img_url":"https:\/\/www.radiopiu.net\/wordpress\/wp-content\/uploads\/2023\/01\/FONDAZIONE-OLIMPIADI-FIRMA-ZAIA.jpg","_links":{"self":[{"href":"https:\/\/www.radiopiu.net\/wordpress\/wp-json\/wp\/v2\/posts\/317289","targetHints":{"allow":["GET"]}}],"collection":[{"href":"https:\/\/www.radiopiu.net\/wordpress\/wp-json\/wp\/v2\/posts"}],"about":[{"href":"https:\/\/www.radiopiu.net\/wordpress\/wp-json\/wp\/v2\/types\/post"}],"author":[{"embeddable":true,"href":"https:\/\/www.radiopiu.net\/wordpress\/wp-json\/wp\/v2\/users\/4"}],"replies":[{"embeddable":true,"href":"https:\/\/www.radiopiu.net\/wordpress\/wp-json\/wp\/v2\/comments?post=317289"}],"version-history":[{"count":0,"href":"https:\/\/www.radiopiu.net\/wordpress\/wp-json\/wp\/v2\/posts\/317289\/revisions"}],"wp:featuredmedia":[{"embeddable":true,"href":"https:\/\/www.radiopiu.net\/wordpress\/wp-json\/wp\/v2\/media\/317291"}],"wp:attachment":[{"href":"https:\/\/www.radiopiu.net\/wordpress\/wp-json\/wp\/v2\/media?parent=317289"}],"wp:term":[{"taxonomy":"category","embeddable":true,"href":"https:\/\/www.radiopiu.net\/wordpress\/wp-json\/wp\/v2\/categories?post=317289"},{"taxonomy":"post_tag","embeddable":true,"href":"https:\/\/www.radiopiu.net\/wordpress\/wp-json\/wp\/v2\/tags?post=317289"}],"curies":[{"name":"wp","href":"https:\/\/api.w.org\/{rel}","templated":true}]}}