{"id":317319,"date":"2023-01-18T05:29:45","date_gmt":"2023-01-18T04:29:45","guid":{"rendered":"https:\/\/www.radiopiu.net\/wordpress\/?p=317319"},"modified":"2023-01-18T05:38:17","modified_gmt":"2023-01-18T04:38:17","slug":"lanziano-e-lascesso-al-gluteo-sballottato-come-un-pacco","status":"publish","type":"post","link":"https:\/\/www.radiopiu.net\/wordpress\/lanziano-e-lascesso-al-gluteo-sballottato-come-un-pacco\/","title":{"rendered":"L&#8217;ANZIANO E L&#8217;ASCESSO AL GLUTEO: SBALLOTTATO COME UN PACCO"},"content":{"rendered":"<p><strong>OGGI SUL CORRIERE DELLE ALPI<\/strong><\/p>\n<p><strong>DI STEFANO VIETINA\u00a0<\/strong><\/p>\n<p><em><a class=\"dt-pswp-item\" href=\"https:\/\/www.radiopiu.net\/wordpress\/wp-content\/uploads\/2023\/01\/aaaa.jpg\" data-dt-img-description=\"\" data-large_image_width=\"254\" data-large_image_height=\"304\"><img loading=\"lazy\" decoding=\"async\" class=\"wp-image-317320 alignleft\" src=\"https:\/\/www.radiopiu.net\/wordpress\/wp-content\/uploads\/2023\/01\/aaaa-251x300.jpg\" alt=\"\" width=\"135\" height=\"161\" srcset=\"https:\/\/www.radiopiu.net\/wordpress\/wp-content\/uploads\/2023\/01\/aaaa-251x300.jpg 251w, https:\/\/www.radiopiu.net\/wordpress\/wp-content\/uploads\/2023\/01\/aaaa.jpg 254w\" sizes=\"auto, (max-width: 135px) 100vw, 135px\" \/><\/a>L&#8217;odissea di Luigi Vecellio, 77 anni. Dopo l&#8217;impegnativa urgente del\u00a0 medico al Pronto Soccorso di Belluno \u00e8 rimasto in attesa dalle 9 del mattino alle 16 circa, senza che nessuno si prendesse cura di lui. La figlia &#8220;Rattrista la scarsissima attenzione dedicata a mio padre, il disinteresse con cui l&#8217;hanno trattato. Siamo dovuti andare in Friuli per la risonanza magnetica&#8221;.\u00a0 <\/em><\/p>\n<p><strong>AURONZO <\/strong>Il 2 gennaio:\u00a0 Sballottato come un pacco postale da un reparto all&#8217;altro, rispedito a casa ad Auronzo in preda a dolori lancinanti, che gli impedivano anche di stare seduto. Il tutto per un semplice ascesso al gluteo destro, poi facilmente asportato in pronto soccorso ma solo l&#8217;11 gennaio. LA PRESA IN GIRO:\u00a0 il chirurgo che\u00a0 \u00a0lo ha operato ha detto:<em>\u00a0&#8220;Doveva farsi vedere prima&#8221;. <\/em>\u00a0 A Udine l&#8217;anziano ha trovato posto l&#8217; 11 gennaio:\u00a0 dopo un&#8217;ora\u00a0 aveva gi\u00e0 la risposta della risonanza, a Belluno ci sarebbe voluta una settimana. Gioved\u00ec 12 ennesimo viaggio a Belluno dal pronto soccorso alla chirurgia, poi all&#8217;ortopedia finch\u00e9 in pronto soccorso hanno fatto un piccolo taglio fino a far spurgare la materia infetta dal gluteo.<\/p>\n<p>&nbsp;<\/p>\n<p>&nbsp;<\/p>\n<p>&nbsp;<\/p>\n<p>__<\/p>\n","protected":false},"excerpt":{"rendered":"<p>OGGI SUL CORRIERE DELLE ALPI DI STEFANO VIETINA\u00a0 L&#8217;odissea di Luigi Vecellio, 77 anni. Dopo l&#8217;impegnativa urgente del\u00a0 medico al Pronto Soccorso di Belluno \u00e8 rimasto in attesa dalle 9 del mattino alle 16 circa, senza che nessuno si prendesse cura di lui. La figlia &#8220;Rattrista la scarsissima attenzione dedicata a mio padre, il disinteresse&hellip;<\/p>\n","protected":false},"author":4,"featured_media":317320,"comment_status":"closed","ping_status":"closed","sticky":false,"template":"","format":"standard","meta":{"_monsterinsights_skip_tracking":false,"_monsterinsights_sitenote_active":false,"_monsterinsights_sitenote_note":"","_monsterinsights_sitenote_category":0,"footnotes":""},"categories":[51,49],"tags":[],"class_list":["post-317319","post","type-post","status-publish","format-standard","has-post-thumbnail","hentry","category-evidenza-top","category-news-18","category-51","category-49","description-off"],"img_url":"https:\/\/www.radiopiu.net\/wordpress\/wp-content\/uploads\/2023\/01\/aaaa.jpg","_links":{"self":[{"href":"https:\/\/www.radiopiu.net\/wordpress\/wp-json\/wp\/v2\/posts\/317319","targetHints":{"allow":["GET"]}}],"collection":[{"href":"https:\/\/www.radiopiu.net\/wordpress\/wp-json\/wp\/v2\/posts"}],"about":[{"href":"https:\/\/www.radiopiu.net\/wordpress\/wp-json\/wp\/v2\/types\/post"}],"author":[{"embeddable":true,"href":"https:\/\/www.radiopiu.net\/wordpress\/wp-json\/wp\/v2\/users\/4"}],"replies":[{"embeddable":true,"href":"https:\/\/www.radiopiu.net\/wordpress\/wp-json\/wp\/v2\/comments?post=317319"}],"version-history":[{"count":0,"href":"https:\/\/www.radiopiu.net\/wordpress\/wp-json\/wp\/v2\/posts\/317319\/revisions"}],"wp:featuredmedia":[{"embeddable":true,"href":"https:\/\/www.radiopiu.net\/wordpress\/wp-json\/wp\/v2\/media\/317320"}],"wp:attachment":[{"href":"https:\/\/www.radiopiu.net\/wordpress\/wp-json\/wp\/v2\/media?parent=317319"}],"wp:term":[{"taxonomy":"category","embeddable":true,"href":"https:\/\/www.radiopiu.net\/wordpress\/wp-json\/wp\/v2\/categories?post=317319"},{"taxonomy":"post_tag","embeddable":true,"href":"https:\/\/www.radiopiu.net\/wordpress\/wp-json\/wp\/v2\/tags?post=317319"}],"curies":[{"name":"wp","href":"https:\/\/api.w.org\/{rel}","templated":true}]}}