{"id":317340,"date":"2023-01-18T08:00:46","date_gmt":"2023-01-18T07:00:46","guid":{"rendered":"https:\/\/www.radiopiu.net\/wordpress\/?p=317340"},"modified":"2023-01-18T08:51:13","modified_gmt":"2023-01-18T07:51:13","slug":"la-rassegna-stampa-dal-1983-di-mirko-mezzacasa","status":"publish","type":"post","link":"https:\/\/www.radiopiu.net\/wordpress\/la-rassegna-stampa-dal-1983-di-mirko-mezzacasa\/","title":{"rendered":"LA RASSEGNA STAMPA DAL 1983, DI MIRKO MEZZACASA"},"content":{"rendered":"<p><strong>BELLUNO<\/strong> Profughi Ucraini sfrattati,\u00a0 i 49 ospiti bellunesi fuori dalla ex caserma dei vigili del fuoco, hanno trovato ospitalit\u00e0 nel rifugio scout sull&#8217;Altopiano di Asiago, via anche gli studenti che interrompono il ciclo di studi nelle scuole bellunesi. Critico l&#8217;ex sindaco Jacopo Massaro. <strong>ARSIE&#8217;<\/strong> Altre tre multe annullate ad Arsi\u00e8. Chiaro il giudice di pace di Belluno <em>&#8220;manca la verifica di prima metrologia legale&#8221;<\/em>. Minaccia di esposto in Procura se non sar\u00e0 spento il marchingegno. Il Comune far\u00e0 di nuovo ricorso con i soldi dei cittadini? <strong>VOLTAGO<\/strong> Centinaia a Frassen\u00e8 per l&#8217;ultimo saluto a Kevin Fontanive, l&#8217;abbraccio dei coscritti e una raccolta fondi.<strong> AURONZO<\/strong> Anziano sballottato da Auronzo all&#8217;ospedale di Belluno a quello di Udine e poi di nuovo a Belluno. Disarmante il commento del chirurgo: <em>&#8220;doveva venire prima&#8221;.<\/em><strong> LIVINALLONGO<\/strong> Stagione con i fiocchi ad Arabba, la societ\u00e0 \u00e8 la prima &#8220;benefit&#8221; fornir\u00e0 servizi alla comunit\u00e0. <strong>CANCIA<\/strong> Il ritorno della lontra europea, dopo 60 anni torna a stabilirsi in Val d&#8217;Ansiei. <strong>OLIMPIADI<\/strong> Firmato il nuovo statuto della Fondazione, dai soci membri. Ora il percorso verso Milano Cortina 2026 vede allineati tutti gli elementi per arrivare pronti all\u2019appuntamento olimpico; nella governance 14 membri e non pi\u00f9 26. <strong>ROCCA PIETORE<\/strong> Un altro episodio simile ai precedenti, un ordigno che riaffiora e gli artificieri che intervengono per farlo brillare rendendolo inoffensivo. L&#8217;intervento ieri a Malga Ciapela. Sul posto gli artificieri del Terzo Reggimento Genio Guastatori. <strong>BELLUNO<\/strong> Fino a 2.200 euro di premio di produttivit\u00e0 per tutti dipendenti dell\u2019Azienda speciale consortile \u201cServizi alla Persona Longarone Zoldo a.s.c.\u201d. Le organizzazioni sindacali hanno rinnovato l\u2019accordo per il riconoscimento della produttivit\u00e0 ai dipendenti. <strong>VENEZIA<\/strong> Per dare sempre maggior forza al sistema di Protezione Civile la Giunta regionale porta sul territorio provinciale poco meno di 600mila euro, che saranno utilizzati per differenti acquisti. <strong>BELLUNO<\/strong> Le Dolomiti Bellunesi saranno protagoniste al Festival della Canzone italiana 2023. La Provincia di Belluno porta nella citt\u00e0 ligure le sue montagne, i suoi colori, i suoi sapori, le sue eccellenze per farle conoscere al grande pubblico. Lo spettacolo si accende a Casa Sanremo, con incontri, meeting, trasmissioni tv e radio, la sala stampa e il ristorante. <strong>FELTRE<\/strong> Il prossimo 23 gennaio si celebrer\u00e0 il 140esimo compleanno di Carlo Rizzarda, grande artista feltrino protagonista della prima met\u00e0 del Novecento; una personalit\u00e0 fortemente legata a Feltre, dove nacque e dove \u00e8 sepolto; un legame rimarcato anche dalle ultime volont\u00e0 di Rizzarda <strong>AGORDO<\/strong> Venerdi 20 gennaio dalle 15.30 alle 17.30 sar\u00e0 possibile visitare la scuola dell&#8217;infanzia di Agordo. Info 0437 62261, www.scuolamaternaagordo.it <strong>CALCIO<\/strong> L&#8217;AGORDINA VUOLE LA SALVEZZA MATEMATICA IL PIU&#8217; PRESTO POSSIBILE<\/p>\n<p>&nbsp;<\/p>\n<p><iframe loading=\"lazy\" title=\"RASSEGNA STAMPA LOCALE\" width=\"1200\" height=\"675\" src=\"https:\/\/www.youtube.com\/embed\/rOZStehU2hQ?feature=oembed\" frameborder=\"0\" allow=\"accelerometer; autoplay; clipboard-write; encrypted-media; gyroscope; picture-in-picture; web-share\" allowfullscreen><\/iframe><\/p>\n<p>&nbsp;<\/p>\n<p>&nbsp;<\/p>\n<p>&nbsp;<\/p>\n<hr \/>\n<p>&nbsp;<\/p>\n","protected":false},"excerpt":{"rendered":"<p>BELLUNO Profughi Ucraini sfrattati,\u00a0 i 49 ospiti bellunesi fuori dalla ex caserma dei vigili del fuoco, hanno trovato ospitalit\u00e0 nel rifugio scout sull&#8217;Altopiano di Asiago, via anche gli studenti che interrompono il ciclo di studi nelle scuole bellunesi. Critico l&#8217;ex sindaco Jacopo Massaro. ARSIE&#8217; Altre tre multe annullate ad Arsi\u00e8. Chiaro il giudice di pace&hellip;<\/p>\n","protected":false},"author":4,"featured_media":317318,"comment_status":"closed","ping_status":"closed","sticky":false,"template":"","format":"standard","meta":{"_monsterinsights_skip_tracking":false,"_monsterinsights_sitenote_active":false,"_monsterinsights_sitenote_note":"","_monsterinsights_sitenote_category":0,"footnotes":""},"categories":[104,49,142],"tags":[],"class_list":["post-317340","post","type-post","status-publish","format-standard","has-post-thumbnail","hentry","category-evidenza_3","category-news-18","category-rassegna-stampa","category-104","category-49","category-142","description-off"],"img_url":"https:\/\/www.radiopiu.net\/wordpress\/wp-content\/uploads\/2023\/01\/coperta.jpg","_links":{"self":[{"href":"https:\/\/www.radiopiu.net\/wordpress\/wp-json\/wp\/v2\/posts\/317340","targetHints":{"allow":["GET"]}}],"collection":[{"href":"https:\/\/www.radiopiu.net\/wordpress\/wp-json\/wp\/v2\/posts"}],"about":[{"href":"https:\/\/www.radiopiu.net\/wordpress\/wp-json\/wp\/v2\/types\/post"}],"author":[{"embeddable":true,"href":"https:\/\/www.radiopiu.net\/wordpress\/wp-json\/wp\/v2\/users\/4"}],"replies":[{"embeddable":true,"href":"https:\/\/www.radiopiu.net\/wordpress\/wp-json\/wp\/v2\/comments?post=317340"}],"version-history":[{"count":0,"href":"https:\/\/www.radiopiu.net\/wordpress\/wp-json\/wp\/v2\/posts\/317340\/revisions"}],"wp:featuredmedia":[{"embeddable":true,"href":"https:\/\/www.radiopiu.net\/wordpress\/wp-json\/wp\/v2\/media\/317318"}],"wp:attachment":[{"href":"https:\/\/www.radiopiu.net\/wordpress\/wp-json\/wp\/v2\/media?parent=317340"}],"wp:term":[{"taxonomy":"category","embeddable":true,"href":"https:\/\/www.radiopiu.net\/wordpress\/wp-json\/wp\/v2\/categories?post=317340"},{"taxonomy":"post_tag","embeddable":true,"href":"https:\/\/www.radiopiu.net\/wordpress\/wp-json\/wp\/v2\/tags?post=317340"}],"curies":[{"name":"wp","href":"https:\/\/api.w.org\/{rel}","templated":true}]}}