{"id":317343,"date":"2023-01-19T05:43:33","date_gmt":"2023-01-19T04:43:33","guid":{"rendered":"https:\/\/www.radiopiu.net\/wordpress\/?p=317343"},"modified":"2023-01-19T09:45:04","modified_gmt":"2023-01-19T08:45:04","slug":"allalba-incidente-mortale-in-galleria-strada-riaperta-in-a-mattinata","status":"publish","type":"post","link":"https:\/\/www.radiopiu.net\/wordpress\/allalba-incidente-mortale-in-galleria-strada-riaperta-in-a-mattinata\/","title":{"rendered":"INCIDENTE A FONZASO. SILVANO, UN GRANDE LAVORATORE. LASCIA LA MOGLIE E DUE FIGLIE"},"content":{"rendered":"<blockquote><p><em>Lo schianto di primo mattino nella galleria Pedesalto al km 50+10 a Fonzaso. Purtroppo nonostante i soccorsi il medico ha dovuto dichiarare la morte di un uomo 71enne. Stanno eseguendo accertamenti i carabinieri della stazione di Arsi\u00e8.<\/em><\/p><\/blockquote>\n<p><strong>FONZASO<\/strong> Ieri mattina poco dopo le 6:45 grave incidente\u00a0 lungo\u00a0 statale 50 nella galleria di Pedesalto. Due auto hanno colliso frontalmente. Nello scontro ha perso la vita un uomo, 71 anni, Silvano Maccagnan di Feltre a bordo di una Focus che viaggiava in direzione di Lamon. I vigili del fuoco\u00a0 di Feltre hanno estratto i feriti dai mezzi. Purtroppo per l&#8217;uomo non c&#8217;\u00e8 stato nulla da fare nonostante le immediate operazioni di\u00a0 soccorso. Viaggiava in senso opposto, un giovane di Sovramonte, P.F. al volante di una Nissan \u00e8 stato portato <em><a class=\"dt-pswp-item\" href=\"https:\/\/www.radiopiu.net\/wordpress\/wp-content\/uploads\/2023\/01\/Senza-nome-44.jpg\" data-dt-img-description=\"\" data-large_image_width=\"403\" data-large_image_height=\"396\"><img loading=\"lazy\" decoding=\"async\" class=\" wp-image-317537 alignleft\" src=\"https:\/\/www.radiopiu.net\/wordpress\/wp-content\/uploads\/2023\/01\/Senza-nome-44-300x295.jpg\" alt=\"\" width=\"145\" height=\"142\" srcset=\"https:\/\/www.radiopiu.net\/wordpress\/wp-content\/uploads\/2023\/01\/Senza-nome-44-300x295.jpg 300w, https:\/\/www.radiopiu.net\/wordpress\/wp-content\/uploads\/2023\/01\/Senza-nome-44.jpg 403w\" sizes=\"auto, (max-width: 145px) 100vw, 145px\" \/><\/a><\/em>in ospedale al Santa Maria del Prato di\u00a0 Feltre, le sue condizioni non sono gravi.\u00a0 Nell&#8217;auto della\u00a0 vittima anche due cani presi in custodia dai militari. Sul posto per i rilievi\u00a0 i Carabinieri che hanno\u00a0 provveduto anche a deviare il traffico chiudendo la galleria. Intervenuti anche gli uomini di Veneto Strade.<\/p>\n<p><em>L\u2019 incidente si \u00e8 verificato subito dopo l\u2019entrata nord della galleria Pedesalto che \u00e8 in curva. Silvano Maccagnan ((foto corriere delle alpi) a bordo della Ford Focus proveniva dalla localit\u00e0 Fontane (Sovramonte) dove era solito prendere il caff\u00e8. L\u2019 altra auto Nissan Qahsqai proveniva in senso inverso, alla guida un ventottenne che aveva terminato il suo turno notturno di lavoro e stava tornando a Sorriva . C&#8217;e&#8217; stata un&#8217;invasione di corsia,\u00a0 sulla quale indagano le Forze dell&#8217;Ordine circa le cause: malore, colpo di sonno o forse distrazione. Da una prima ricostruzione, ma anche dalla posizione delle auto, la Nissan avrebbe invaso l&#8217;opposta corsia. Silvano Maccagnan ha lavorato come operaio per il comune di Fonzaso, era responsabile della squadra. In pensione ha continuato a lavorare\u00a0 all&#8217;ecocentro comunale per la cooperativa La Via di Agordo. Lascia la moglie Loredana\u00a0 e due figlie, Sara e Cristina\u00a0 .Il sindaco\u00a0 ha inviato alla famiglia un telegramma per esprimere il cordoglio di tutto il consiglio comunale e del personale del Comune, dove Maccagnan aveva lasciato un ottimo ricordo<\/em><\/p>\n<p>&nbsp;<\/p>\n\n\t\t\t<style type='text\/css'>\n\t\t\t\t#gallery-1 {\n\t\t\t\t\tmargin: auto;\n\t\t\t\t}\n\t\t\t\t#gallery-1 .gallery-item {\n\t\t\t\t\tfloat: left;\n\t\t\t\t\tmargin-top: 10px;\n\t\t\t\t\ttext-align: center;\n\t\t\t\t\twidth: 50%;\n\t\t\t\t}\n\t\t\t\t#gallery-1 img {\n\t\t\t\t\tborder: 2px solid #cfcfcf;\n\t\t\t\t}\n\t\t\t\t#gallery-1 .gallery-caption {\n\t\t\t\t\tmargin-left: 0;\n\t\t\t\t}\n\t\t\t\t\/* see gallery_shortcode() in wp-includes\/media.php *\/\n\t\t\t<\/style>\n\t\t<div id='gallery-1' class='dt-gallery-container gallery galleryid-317343 gallery-columns-2 gallery-size-large'><dl class='gallery-item'>\n\t\t\t\t<dt class='gallery-icon landscape'>\n\t\t\t\t\t<a class=\"rollover rollover-zoom dt-pswp-item\" title=\"105babc3-218c-4ed6-bcf2-c17ea6115661\" data-dt-img-description=\"\" data-large_image_width=\"960\" data-large_image_height=\"709\"href='https:\/\/www.radiopiu.net\/wordpress\/wp-content\/uploads\/2023\/01\/105babc3-218c-4ed6-bcf2-c17ea6115661.jpg'><img loading=\"lazy\" decoding=\"async\" width=\"960\" height=\"709\" src=\"https:\/\/www.radiopiu.net\/wordpress\/wp-content\/uploads\/2023\/01\/105babc3-218c-4ed6-bcf2-c17ea6115661.jpg\" class=\"attachment-large size-large\" alt=\"\" srcset=\"https:\/\/www.radiopiu.net\/wordpress\/wp-content\/uploads\/2023\/01\/105babc3-218c-4ed6-bcf2-c17ea6115661.jpg 960w, https:\/\/www.radiopiu.net\/wordpress\/wp-content\/uploads\/2023\/01\/105babc3-218c-4ed6-bcf2-c17ea6115661-300x222.jpg 300w, https:\/\/www.radiopiu.net\/wordpress\/wp-content\/uploads\/2023\/01\/105babc3-218c-4ed6-bcf2-c17ea6115661-768x567.jpg 768w\" sizes=\"auto, (max-width: 960px) 100vw, 960px\" \/><\/a>\n\t\t\t\t<\/dt><\/dl><dl class='gallery-item'>\n\t\t\t\t<dt class='gallery-icon landscape'>\n\t\t\t\t\t<a class=\"rollover rollover-zoom dt-pswp-item\" title=\"629531bc-bb5b-4c6a-b5ca-c5d214565115\" data-dt-img-description=\"\" data-large_image_width=\"1091\" data-large_image_height=\"662\"href='https:\/\/www.radiopiu.net\/wordpress\/wp-content\/uploads\/2023\/01\/629531bc-bb5b-4c6a-b5ca-c5d214565115.jpg'><img loading=\"lazy\" decoding=\"async\" width=\"1024\" height=\"621\" src=\"https:\/\/www.radiopiu.net\/wordpress\/wp-content\/uploads\/2023\/01\/629531bc-bb5b-4c6a-b5ca-c5d214565115-1024x621.jpg\" class=\"attachment-large size-large\" alt=\"\" srcset=\"https:\/\/www.radiopiu.net\/wordpress\/wp-content\/uploads\/2023\/01\/629531bc-bb5b-4c6a-b5ca-c5d214565115-1024x621.jpg 1024w, https:\/\/www.radiopiu.net\/wordpress\/wp-content\/uploads\/2023\/01\/629531bc-bb5b-4c6a-b5ca-c5d214565115-300x182.jpg 300w, https:\/\/www.radiopiu.net\/wordpress\/wp-content\/uploads\/2023\/01\/629531bc-bb5b-4c6a-b5ca-c5d214565115-768x466.jpg 768w, https:\/\/www.radiopiu.net\/wordpress\/wp-content\/uploads\/2023\/01\/629531bc-bb5b-4c6a-b5ca-c5d214565115.jpg 1091w\" sizes=\"auto, (max-width: 1024px) 100vw, 1024px\" \/><\/a>\n\t\t\t\t<\/dt><\/dl><br style=\"clear: both\" \/>\n\t\t\t<\/div>\n\n<p>&nbsp;<\/p>\n<p>&nbsp;<\/p>\n<p>*****<\/p>\n","protected":false},"excerpt":{"rendered":"<p>Lo schianto di primo mattino nella galleria Pedesalto al km 50+10 a Fonzaso. Purtroppo nonostante i soccorsi il medico ha dovuto dichiarare la morte di un uomo 71enne. Stanno eseguendo accertamenti i carabinieri della stazione di Arsi\u00e8. FONZASO Ieri mattina poco dopo le 6:45 grave incidente\u00a0 lungo\u00a0 statale 50 nella galleria di Pedesalto. Due auto&hellip;<\/p>\n","protected":false},"author":4,"featured_media":317537,"comment_status":"closed","ping_status":"closed","sticky":false,"template":"","format":"standard","meta":{"_monsterinsights_skip_tracking":false,"_monsterinsights_sitenote_active":false,"_monsterinsights_sitenote_note":"","_monsterinsights_sitenote_category":0,"footnotes":""},"categories":[51,49],"tags":[],"class_list":["post-317343","post","type-post","status-publish","format-standard","has-post-thumbnail","hentry","category-evidenza-top","category-news-18","category-51","category-49","description-off"],"img_url":"https:\/\/www.radiopiu.net\/wordpress\/wp-content\/uploads\/2023\/01\/Senza-nome-44.jpg","_links":{"self":[{"href":"https:\/\/www.radiopiu.net\/wordpress\/wp-json\/wp\/v2\/posts\/317343","targetHints":{"allow":["GET"]}}],"collection":[{"href":"https:\/\/www.radiopiu.net\/wordpress\/wp-json\/wp\/v2\/posts"}],"about":[{"href":"https:\/\/www.radiopiu.net\/wordpress\/wp-json\/wp\/v2\/types\/post"}],"author":[{"embeddable":true,"href":"https:\/\/www.radiopiu.net\/wordpress\/wp-json\/wp\/v2\/users\/4"}],"replies":[{"embeddable":true,"href":"https:\/\/www.radiopiu.net\/wordpress\/wp-json\/wp\/v2\/comments?post=317343"}],"version-history":[{"count":0,"href":"https:\/\/www.radiopiu.net\/wordpress\/wp-json\/wp\/v2\/posts\/317343\/revisions"}],"wp:featuredmedia":[{"embeddable":true,"href":"https:\/\/www.radiopiu.net\/wordpress\/wp-json\/wp\/v2\/media\/317537"}],"wp:attachment":[{"href":"https:\/\/www.radiopiu.net\/wordpress\/wp-json\/wp\/v2\/media?parent=317343"}],"wp:term":[{"taxonomy":"category","embeddable":true,"href":"https:\/\/www.radiopiu.net\/wordpress\/wp-json\/wp\/v2\/categories?post=317343"},{"taxonomy":"post_tag","embeddable":true,"href":"https:\/\/www.radiopiu.net\/wordpress\/wp-json\/wp\/v2\/tags?post=317343"}],"curies":[{"name":"wp","href":"https:\/\/api.w.org\/{rel}","templated":true}]}}