{"id":317363,"date":"2023-01-19T05:45:13","date_gmt":"2023-01-19T04:45:13","guid":{"rendered":"https:\/\/www.radiopiu.net\/wordpress\/?p=317363"},"modified":"2023-01-28T08:35:17","modified_gmt":"2023-01-28T07:35:17","slug":"giornale-radiopiu-19-gennaio-2023-direttore-mirko-mezzacasa-verso-i-40-anni-25-giugno-1983-25-giugno-2023","status":"publish","type":"post","link":"https:\/\/www.radiopiu.net\/wordpress\/giornale-radiopiu-19-gennaio-2023-direttore-mirko-mezzacasa-verso-i-40-anni-25-giugno-1983-25-giugno-2023\/","title":{"rendered":"GIORNALE RADIOPIU 19 GENNAIO 2023 DIRETTORE MIRKO MEZZACASA&#8230;verso i 40 anni 25 giugno 1983-25 giugno 2023"},"content":{"rendered":"<h3 class=\"kvgmc6g5 cxmmr5t8 oygrvhab hcukyx3x c1et5uql\"><span style=\"color: #0000ff;\"><strong>RADIO PIU INFORMAZIONE il canale su TELEGRAM informazione di prima\u00a0 <\/strong><strong>mano e in tempo reale. iscriviti ed aiutaci a farlo conoscere\u00a0<\/strong><\/span><\/h3>\n<h2 style=\"text-align: left;\"><span style=\"color: #ff0000;\">ISCRIVITI AL NOSTRO CANALE YOUTUBE PER SEGUIRE IN DIRETTA I PRINCIPALI PROGRAMMI DI RADIO PIU&#8217; E LE FUTURE DIRETTE IN ESTERNA. PER ISCRIVERTI <a style=\"color: #ff0000;\" href=\"https:\/\/youtube.com\/@radiopiu1527\">CLICCA QUI<\/a> E PREMI IL TASTO &#8220;Iscriviti&#8221;\u00a0<\/span><\/h2>\n<p>&nbsp;<\/p>\n<p>&nbsp;<\/p>\n<hr \/>\n<p>&nbsp;<\/p>\n<blockquote>\n<h3>NELL&#8217;INCIDENTE MORTALE IN GALLERIA DI PEDESALTO MUORE UN UOMO DI 71 ANNI<\/h3>\n<\/blockquote>\n<blockquote><p><em>Lo schianto ieri,\u00a0 di primo mattino nella galleria Pedesalto al km 50+10 a Fonzaso. Purtroppo nonostante i soccorsi il medico ha dovuto dichiarare la morte di un uomo 71anni. Stanno eseguendo accertamenti i carabinieri della stazione di Arsi\u00e8.<\/em><\/p><\/blockquote>\n<p><strong>FONZASO<\/strong> Ieri mattina poco dopo le 6:45 grave incidente\u00a0 lungo\u00a0 statale 50 nella galleria di Pedesalto. Due auto hanno colliso frontalmente. Nello scontro ha perso la vita un uomo, 71 anni, Silvano Maccagnan di Feltre a bordo di una Focus partita dalla localit\u00e0 Fontane di Sovramonte. I vigili del fuoco\u00a0 di Feltre hanno estratto i feriti dai mezzi. Purtroppo per l&#8217;uomo non c&#8217;\u00e8 stato nulla da fare nonostante le immediate operazioni di\u00a0 soccorso. Viaggiava in senso opposto, un giovane di Sovramonte, P.F. al volante di una Nissan \u00e8 stato portato <em><a class=\"dt-pswp-item\" href=\"https:\/\/www.radiopiu.net\/wordpress\/wp-content\/uploads\/2023\/01\/Senza-nome-44.jpg\" data-dt-img-description=\"\" data-large_image_width=\"403\" data-large_image_height=\"396\"><img loading=\"lazy\" decoding=\"async\" class=\" wp-image-317537 alignleft\" src=\"https:\/\/www.radiopiu.net\/wordpress\/wp-content\/uploads\/2023\/01\/Senza-nome-44-300x295.jpg\" alt=\"\" width=\"145\" height=\"142\" srcset=\"https:\/\/www.radiopiu.net\/wordpress\/wp-content\/uploads\/2023\/01\/Senza-nome-44-300x295.jpg 300w, https:\/\/www.radiopiu.net\/wordpress\/wp-content\/uploads\/2023\/01\/Senza-nome-44.jpg 403w\" sizes=\"auto, (max-width: 145px) 100vw, 145px\" \/><\/a><\/em>in ospedale al Santa Maria del Prato di\u00a0 Feltre, le sue condizioni non sono gravi.\u00a0 Nell&#8217;auto della\u00a0 vittima anche due cani presi in custodia dai militari. Sul posto per i rilievi\u00a0 i Carabinieri che hanno\u00a0 provveduto anche a deviare il traffico chiudendo la galleria. Intervenuti anche gli uomini di Veneto Strade.<\/p>\n<p><em>L\u2019 incidente si \u00e8 verificato subito dopo l\u2019entrata nord della galleria Pedesalto che \u00e8 in curva. Silvano Maccagnan ((foto corriere delle alpi) a bordo della Ford Focus proveniva dalla localit\u00e0 Fontane (Sovramonte) dove era solito prendere il caff\u00e8. L\u2019 altra auto Nissan Qahsqai proveniva in senso inverso, alla guida un ventottenne che aveva terminato il suo turno notturno di lavoro e stava tornando a Sorriva . <\/em><\/p>\n<p>&nbsp;<\/p>\n\n\t\t\t<style type='text\/css'>\n\t\t\t\t#gallery-1 {\n\t\t\t\t\tmargin: auto;\n\t\t\t\t}\n\t\t\t\t#gallery-1 .gallery-item {\n\t\t\t\t\tfloat: left;\n\t\t\t\t\tmargin-top: 10px;\n\t\t\t\t\ttext-align: center;\n\t\t\t\t\twidth: 50%;\n\t\t\t\t}\n\t\t\t\t#gallery-1 img {\n\t\t\t\t\tborder: 2px solid #cfcfcf;\n\t\t\t\t}\n\t\t\t\t#gallery-1 .gallery-caption {\n\t\t\t\t\tmargin-left: 0;\n\t\t\t\t}\n\t\t\t\t\/* see gallery_shortcode() in wp-includes\/media.php *\/\n\t\t\t<\/style>\n\t\t<div id='gallery-1' class='dt-gallery-container gallery galleryid-317363 gallery-columns-2 gallery-size-large'><dl class='gallery-item'>\n\t\t\t\t<dt class='gallery-icon landscape'>\n\t\t\t\t\t<a class=\"rollover rollover-zoom dt-pswp-item\" title=\"105babc3-218c-4ed6-bcf2-c17ea6115661\" data-dt-img-description=\"\" data-large_image_width=\"960\" data-large_image_height=\"709\"href='https:\/\/www.radiopiu.net\/wordpress\/wp-content\/uploads\/2023\/01\/105babc3-218c-4ed6-bcf2-c17ea6115661.jpg'><img loading=\"lazy\" decoding=\"async\" width=\"960\" height=\"709\" src=\"https:\/\/www.radiopiu.net\/wordpress\/wp-content\/uploads\/2023\/01\/105babc3-218c-4ed6-bcf2-c17ea6115661.jpg\" class=\"attachment-large size-large\" alt=\"\" srcset=\"https:\/\/www.radiopiu.net\/wordpress\/wp-content\/uploads\/2023\/01\/105babc3-218c-4ed6-bcf2-c17ea6115661.jpg 960w, https:\/\/www.radiopiu.net\/wordpress\/wp-content\/uploads\/2023\/01\/105babc3-218c-4ed6-bcf2-c17ea6115661-300x222.jpg 300w, https:\/\/www.radiopiu.net\/wordpress\/wp-content\/uploads\/2023\/01\/105babc3-218c-4ed6-bcf2-c17ea6115661-768x567.jpg 768w\" sizes=\"auto, (max-width: 960px) 100vw, 960px\" \/><\/a>\n\t\t\t\t<\/dt><\/dl><dl class='gallery-item'>\n\t\t\t\t<dt class='gallery-icon landscape'>\n\t\t\t\t\t<a class=\"rollover rollover-zoom dt-pswp-item\" title=\"629531bc-bb5b-4c6a-b5ca-c5d214565115\" data-dt-img-description=\"\" data-large_image_width=\"1091\" data-large_image_height=\"662\"href='https:\/\/www.radiopiu.net\/wordpress\/wp-content\/uploads\/2023\/01\/629531bc-bb5b-4c6a-b5ca-c5d214565115.jpg'><img loading=\"lazy\" decoding=\"async\" width=\"1024\" height=\"621\" src=\"https:\/\/www.radiopiu.net\/wordpress\/wp-content\/uploads\/2023\/01\/629531bc-bb5b-4c6a-b5ca-c5d214565115-1024x621.jpg\" class=\"attachment-large size-large\" alt=\"\" srcset=\"https:\/\/www.radiopiu.net\/wordpress\/wp-content\/uploads\/2023\/01\/629531bc-bb5b-4c6a-b5ca-c5d214565115-1024x621.jpg 1024w, https:\/\/www.radiopiu.net\/wordpress\/wp-content\/uploads\/2023\/01\/629531bc-bb5b-4c6a-b5ca-c5d214565115-300x182.jpg 300w, https:\/\/www.radiopiu.net\/wordpress\/wp-content\/uploads\/2023\/01\/629531bc-bb5b-4c6a-b5ca-c5d214565115-768x466.jpg 768w, https:\/\/www.radiopiu.net\/wordpress\/wp-content\/uploads\/2023\/01\/629531bc-bb5b-4c6a-b5ca-c5d214565115.jpg 1091w\" sizes=\"auto, (max-width: 1024px) 100vw, 1024px\" \/><\/a>\n\t\t\t\t<\/dt><\/dl><br style=\"clear: both\" \/>\n\t\t\t<\/div>\n\n<p>&nbsp;<\/p>\n<hr \/>\n<p>&nbsp;<\/p>\n<p>&nbsp;<\/p>\n<p>&nbsp;<\/p>\n<blockquote>\n<h3>SPAVENTOSO INCIDENTE IN ALPAGO<\/h3>\n<\/blockquote>\n<div id=\"article_content\">\n<p><strong>FARRA D&#8217;ALPAGO<\/strong> Ieri, lungo la provinciale 28: il conducente di un&#8217;auto ha perso il controllo della vettura che si \u00e8 infilzata nella cuspide di un guard-rail. L&#8217;autista \u00e8 stato soccorso dal Suem 118 e dai Vigili del fuoco. Sul posto i Carabinieri e gli uomini di Veneto Strade. Tragedia fortunatamente solo sfiorata, il settantenne che era al volante della Panda non \u00e8 in pericolo di vita, pur portato in ospedale in gravi condizioni, i sanitari lo hanno trovato cosciente. L&#8217;incidente alle 13.30\u00a0 di ieri, a Costa di Farra d&#8217;Alpago, lungo la strada provinciale 28.\u00a0 Sono stati i vigili del fuoco ad estrarre l&#8217;anziano dall&#8217;abitacolo, affidato poi al personale del Suem 118 arrivato con una ambulanza dei volontari dell&#8217;Alpago.\u00a0 La cuspide del guard rail ha sfondato la parte passeggero della Panda, sfiorando\u00a0 il conducente<\/p>\n<p>&nbsp;<\/p>\n\n\t\t\t<style type='text\/css'>\n\t\t\t\t#gallery-2 {\n\t\t\t\t\tmargin: auto;\n\t\t\t\t}\n\t\t\t\t#gallery-2 .gallery-item {\n\t\t\t\t\tfloat: left;\n\t\t\t\t\tmargin-top: 10px;\n\t\t\t\t\ttext-align: center;\n\t\t\t\t\twidth: 50%;\n\t\t\t\t}\n\t\t\t\t#gallery-2 img {\n\t\t\t\t\tborder: 2px solid #cfcfcf;\n\t\t\t\t}\n\t\t\t\t#gallery-2 .gallery-caption {\n\t\t\t\t\tmargin-left: 0;\n\t\t\t\t}\n\t\t\t\t\/* see gallery_shortcode() in wp-includes\/media.php *\/\n\t\t\t<\/style>\n\t\t<div id='gallery-2' class='dt-gallery-container gallery galleryid-317363 gallery-columns-2 gallery-size-thumbnail'><dl class='gallery-item'>\n\t\t\t\t<dt class='gallery-icon landscape'>\n\t\t\t\t\t<a class=\"rollover rollover-zoom dt-pswp-item\" title=\"cc84d799-6595-476c-a67d-e9101449892f\" data-dt-img-description=\"\" data-large_image_width=\"960\" data-large_image_height=\"761\"href='https:\/\/www.radiopiu.net\/wordpress\/wp-content\/uploads\/2023\/01\/cc84d799-6595-476c-a67d-e9101449892f.jpg'><img loading=\"lazy\" decoding=\"async\" width=\"150\" height=\"150\" src=\"https:\/\/www.radiopiu.net\/wordpress\/wp-content\/uploads\/2023\/01\/cc84d799-6595-476c-a67d-e9101449892f-150x150.jpg\" class=\"attachment-thumbnail size-thumbnail\" alt=\"\" \/><\/a>\n\t\t\t\t<\/dt><\/dl><dl class='gallery-item'>\n\t\t\t\t<dt class='gallery-icon landscape'>\n\t\t\t\t\t<a class=\"rollover rollover-zoom dt-pswp-item\" title=\"1d9acc55-c247-489e-84a8-16a0088974c1\" data-dt-img-description=\"\" data-large_image_width=\"960\" data-large_image_height=\"688\"href='https:\/\/www.radiopiu.net\/wordpress\/wp-content\/uploads\/2023\/01\/1d9acc55-c247-489e-84a8-16a0088974c1.jpg'><img loading=\"lazy\" decoding=\"async\" width=\"150\" height=\"150\" src=\"https:\/\/www.radiopiu.net\/wordpress\/wp-content\/uploads\/2023\/01\/1d9acc55-c247-489e-84a8-16a0088974c1-150x150.jpg\" class=\"attachment-thumbnail size-thumbnail\" alt=\"\" \/><\/a>\n\t\t\t\t<\/dt><\/dl><br style=\"clear: both\" \/>\n\t\t\t<\/div>\n\n<\/div>\n<p>&nbsp;<\/p>\n<hr \/>\n<p>&nbsp;<\/p>\n<p>&nbsp;<\/p>\n<blockquote>\n<h3>VENERDI I FUNERALI DI SEVERINO, IL PUSTERESE DI SOSPIROLO<\/h3>\n<\/blockquote>\n<p><a href=\"https:\/\/www.radiopiu.net\/wordpress\/wp-content\/uploads\/2023\/01\/203835281-a3c7e963-d211-4889-ab98-2ceb8d9486af.webp\"><img loading=\"lazy\" decoding=\"async\" class=\" wp-image-317517 alignleft\" src=\"https:\/\/www.radiopiu.net\/wordpress\/wp-content\/uploads\/2023\/01\/203835281-a3c7e963-d211-4889-ab98-2ceb8d9486af-300x169.webp\" alt=\"\" width=\"231\" height=\"130\" srcset=\"https:\/\/www.radiopiu.net\/wordpress\/wp-content\/uploads\/2023\/01\/203835281-a3c7e963-d211-4889-ab98-2ceb8d9486af-300x169.webp 300w, https:\/\/www.radiopiu.net\/wordpress\/wp-content\/uploads\/2023\/01\/203835281-a3c7e963-d211-4889-ab98-2ceb8d9486af-768x432.webp 768w, https:\/\/www.radiopiu.net\/wordpress\/wp-content\/uploads\/2023\/01\/203835281-a3c7e963-d211-4889-ab98-2ceb8d9486af.webp 800w\" sizes=\"auto, (max-width: 231px) 100vw, 231px\" \/><\/a><strong>SOSPIROLO<\/strong> E&#8217; mancato\u00a0 Severino Rungger membro attivo del Centro studi della montagna sospiroles. Ha trascorso l\u2019ultimo periodo di malattia all&#8217;hospice di Feltre. Nato a Brunico nel 1952, vantava collaborazioni attive con varie sezioni del Cai e con\u00a0 la Federazione italiana escursionismo. Severino Rungger lascia la moglie e due figlie. Venerd\u00ec\u00a0 dalle 8.30 alle 9.15 sar\u00e0 possibile portargli un saluto nell\u2019apposita sala dell\u2019obitorio di Feltre.<\/p>\n<p>&nbsp;<\/p>\n<p>&nbsp;<\/p>\n<p>&nbsp;<\/p>\n<hr \/>\n<p>&nbsp;<\/p>\n<blockquote>\n<h3>LA PREMATURA SCOMPARSA DI STEFANO<\/h3>\n<\/blockquote>\n<p><a class=\"dt-pswp-item\" href=\"https:\/\/www.radiopiu.net\/wordpress\/wp-content\/uploads\/2023\/01\/Senza-nome-47.jpg\" data-dt-img-description=\"\" data-large_image_width=\"412\" data-large_image_height=\"216\"><img loading=\"lazy\" decoding=\"async\" class=\" wp-image-317548 alignleft\" src=\"https:\/\/www.radiopiu.net\/wordpress\/wp-content\/uploads\/2023\/01\/Senza-nome-47-300x157.jpg\" alt=\"\" width=\"206\" height=\"108\" srcset=\"https:\/\/www.radiopiu.net\/wordpress\/wp-content\/uploads\/2023\/01\/Senza-nome-47-300x157.jpg 300w, https:\/\/www.radiopiu.net\/wordpress\/wp-content\/uploads\/2023\/01\/Senza-nome-47.jpg 412w\" sizes=\"auto, (max-width: 206px) 100vw, 206px\" \/><\/a><br \/>\n<strong>VIGO<\/strong> Lacrime in Cadore per la morte di Stefano Pedevilla, 58 anni, dipendente di Veneto Strade, era uno dei pi\u00f9 anziani dipendenti della societ\u00e0 regionale che si occupa di strade della provincia di Belluno, rispettato dai colleghi tanto da essere risultato anche uno dei pi\u00f9 votati alle elezioni delle rsu nella lista Uiltrasporti.. Una malattia incurabile e improvvisa lo ha strappato all&#8217;affetto delle sorelle Carla e Maria Grazia, nipoti, parenti ed amici. Era un Uomo impegnato nel volontariato, \u00a0appassionato di sport invernali e in particolare di bob, Pedevilla aveva anche vinto una medaglia di bronzo nel 2003 nella specialit\u00e0 a due su pista naturale alle gare europee.\u00a0 Oggi, alle 14,30 si svolgeranno i funerali nella chiesa San Martino di Laggio di Cadore.<\/p>\n<p>&nbsp;<\/p>\n<hr \/>\n<p>&nbsp;<\/p>\n<blockquote>\n<h3>DOMANI L&#8217;ADDIO A GIULIA RAMELLI<\/h3>\n<\/blockquote>\n<p><a class=\"dt-pswp-item\" href=\"https:\/\/www.radiopiu.net\/wordpress\/wp-content\/uploads\/2023\/01\/12535856802754025331.jpg\" data-dt-img-description=\"\" data-large_image_width=\"500\" data-large_image_height=\"261\"><img loading=\"lazy\" decoding=\"async\" class=\"wp-image-316328 alignleft\" src=\"https:\/\/www.radiopiu.net\/wordpress\/wp-content\/uploads\/2023\/01\/12535856802754025331-300x157.jpg\" alt=\"\" width=\"248\" height=\"130\" srcset=\"https:\/\/www.radiopiu.net\/wordpress\/wp-content\/uploads\/2023\/01\/12535856802754025331-300x157.jpg 300w, https:\/\/www.radiopiu.net\/wordpress\/wp-content\/uploads\/2023\/01\/12535856802754025331.jpg 500w\" sizes=\"auto, (max-width: 248px) 100vw, 248px\" \/><\/a><br \/>\n<strong>VENEZIA<\/strong>\u00a0 I funerali della maestra di sci a Cortina, Giulia Ramelli si svolgeranno domani a Venezia, a una settimana dalla valanga del Nuvolau. La cerimonia di commiato\u00a0 alle 11, nella chiesa veneziana di San Giovanni e Paolo. Tantissime le manifestazioni d&#8217;affetto degli amici nei confronti di mamma Michela, pap\u00e0 Lucio e della sorella. Giulia Ramelli, 34 anni,\u00a0 si divideva tra Cortina e Venezia.<\/p>\n<p>&nbsp;<\/p>\n<p>&nbsp;<\/p>\n<hr \/>\n<p>&nbsp;<\/p>\n<blockquote>\n<h3>METEO. STATO DI ATTENZIONE IN VENETO PER NEVICATE TRA<\/h3>\n<\/blockquote>\n<p><strong><img loading=\"lazy\" decoding=\"async\" class=\"alignleft\" src=\"https:\/\/www.radiopiu.net\/wordpress\/wp-content\/uploads\/2022\/12\/emanuele-aloia-meteo-300x300.jpg\" width=\"145\" height=\"145\" \/>VENEZIA<\/strong> Il Centro Funzionale Decentrato della Protezione Civile della Regione del Veneto ha emesso\u00a0 un avviso in cui si dichiara lo stato di attenzione, tra oggi\u00a0 e le prime ore di domani, per nevicate fino a quote collinari, con probabili accumuli di qualche centimetro anche nei fondovalle prealpini e sui colli. In pianura le precipitazioni potranno assumere carattere di neve mista a pioggia o a tratti neve, con possibili accumuli fino a qualche centimetro in alcune zone in corrispondenza dei fenomeni pi\u00f9 intensi.<\/p>\n<p>&nbsp;<\/p>\n<p>&nbsp;<\/p>\n<p>&nbsp;<\/p>\n<hr \/>\n<p>&nbsp;<\/p>\n<blockquote>\n<h3>ANAS: PROGRAMMATA LA DEMOLIZIONE DEL FABBRICATO A VALLE DI CADORE<\/h3>\n<\/blockquote>\n<p><strong><img decoding=\"async\" class=\"alignleft\" src=\"https:\/\/www.radiopiu.net\/wordpress\/wp-content\/uploads\/2021\/06\/anas.png\" \/>VENEZIA\u00a0<\/strong> Anas ha riprogrammato l\u2019intervento di demolizione del fabbricato situato a ridosso della sede stradale della statale 51 \u201cdi Alemagna\u201d nel centro abitato di Valle di Cadore. La demolizione dell\u2019edificio adiacente alla carreggiata si rende necessaria per garantire il transito in sicurezza, in particolare per i mezzi pesanti. Su richiesta del Comitato Operativo Viabilit\u00e0 (COV) attivato presso la Prefettura di Belluno l\u2019avvio dell\u2019intervento \u00e8 stato rinviato a\u00a0<strong>domenica\u00a029 gennaio<\/strong> a\u00a0partire dalle ore 21:30\u00a0per tener conto del prolungamento della Coppa del Mondo di Sci su Cortina d&#8217;Ampezzo. Il completamento\u00a0dei lavori \u00e8 previsto entro\u00a0<strong>venerd\u00ec 3 febbraio<\/strong> alle ore 6:00. Per consentire l\u2019esecuzione delle attivit\u00e0 in piena sicurezza la statale sar\u00e0 chiusa al traffico dei veicoli\u00a0con\u00a0massa a pieno carico superiore\u00a0a\u00a03,5 tonnellate, per un tratto di circa 1 chilometro all\u2019altezza del km 75. Al fine di mitigare il pi\u00f9 possibile i disagi alla circolazione locale <strong>la limitazione sar\u00e0 in vigore nella sola fascia oraria notturna 21:30 \u2013 6:00 e non riguarder\u00e0 i servizi di emergenza<\/strong>. I mezzi di <a class=\"dt-pswp-item\" href=\"https:\/\/www.radiopiu.net\/wordpress\/wp-content\/uploads\/2023\/01\/download-5.jpg\" data-dt-img-description=\"\" data-large_image_width=\"298\" data-large_image_height=\"169\"><img loading=\"lazy\" decoding=\"async\" class=\"size-full wp-image-317532 alignleft\" src=\"https:\/\/www.radiopiu.net\/wordpress\/wp-content\/uploads\/2023\/01\/download-5.jpg\" alt=\"\" width=\"298\" height=\"169\" \/><\/a>massa fino alle 3,5 tonnellate percorreranno una deviazione su viabilit\u00e0 comunale segnalata in loco; il percorso alternativo per i mezzi di massa eccedente le 3,5 tonnellate \u00e8 costituito dalla direttrice SS 51bis &#8211; SR 48 &#8211; SR 48bis &#8211; SS 51.<\/p>\n<p>&nbsp;<\/p>\n<blockquote>\n<h3>GALLERIA DI SEGUSINO, RIAPERTURA A FINE FEBBRAIO<\/h3>\n<\/blockquote>\n<p><strong>SEGUSINO<\/strong> \u00a0Dopo i rallentamenti dello scorso autunno procedono a pieno ritmo i lavori in galleria. E&#8217; prevista la riapertura per fine febbraio quindi mettendo fine ai notevoli disagi, soprattutto tra i lavoratori pendolari costretti a lunghe deviazioni lungo la trafficata feltrina .<\/p>\n<p>&nbsp;<\/p>\n<p>&nbsp;<\/p>\n<p>&nbsp;<\/p>\n<p>&nbsp;<\/p>\n<p>&nbsp;<\/p>\n<p>&nbsp;<\/p>\n<hr \/>\n<p>&nbsp;<\/p>\n<blockquote>\n<h3>PER IL PREFETTO DUE GIORNATE CON I SINDACI DELLA PROVINCIA<\/h3>\n<\/blockquote>\n<p><strong>BELLUNO<\/strong> Due giornate per incontrare i sindaci della provincia e parlare di rischio idrogeologico. Ieri e oggi il Prefetto al comando dei Vigili del Fuoco di Belluno per fare un punto con i primi cittadini al fine di individuare le aree maggiormente pericolose, ovverossia quei dissesti e quelle frane che rischiano di coinvolgere centri abitati o infrastrutture primarie e conseguentemente verificare lo stato di attuazione dei progetti di messa in sicurezza. Verranno esaminate anche le tematiche concernenti l\u2019accoglienza dei migranti presso le comunit\u00e0 dell\u2019intera provincia al fine di garantire un\u2019accoglienza diffusa e sostenibile.<\/p>\n<p>&nbsp;<\/p>\n<p>&nbsp;<\/p>\n<hr \/>\n<p>&nbsp;<\/p>\n<blockquote>\n<h3>BUONE NOTIZIE PER GLI ACQUEDOTTI BELLUNESI<\/h3>\n<\/blockquote>\n<p><strong><img loading=\"lazy\" decoding=\"async\" class=\"alignleft\" src=\"https:\/\/www.radiopiu.net\/wordpress\/wp-content\/uploads\/2021\/06\/th-12.jpg\" width=\"150\" height=\"100\" \/>BELLUNO<\/strong><\/p>\n<p><strong>MORENO GIOLI<\/strong><\/p>\n<audio class=\"wp-audio-shortcode\" id=\"audio-317363-1\" preload=\"none\" style=\"width: 100%;\" controls=\"controls\"><source type=\"audio\/mpeg\" src=\"https:\/\/www.radiopiu.net\/wordpress\/wp-content\/uploads\/2023\/01\/bim-gsp.mp3?_=1\" \/><a href=\"https:\/\/www.radiopiu.net\/wordpress\/wp-content\/uploads\/2023\/01\/bim-gsp.mp3\">https:\/\/www.radiopiu.net\/wordpress\/wp-content\/uploads\/2023\/01\/bim-gsp.mp3<\/a><\/audio>\n<p>&nbsp;<\/p>\n<p>&nbsp;<\/p>\n<hr \/>\n<p>&nbsp;<\/p>\n<blockquote>\n<h3>ANDREA DE BERNARDIN SI CANDIDA ALLA SEGRETERIA PROVINCIALE DELLA LEGA NORD. LA SFIDA CON LUCIANO DA PIAN. DOMENICA LE ELEZIONI DOPO TRE ANNI DI COMMISSARIAMENTO<\/h3>\n<\/blockquote>\n<p><strong><img loading=\"lazy\" decoding=\"async\" class=\"alignleft\" src=\"https:\/\/www.radiopiu.net\/wordpress\/wp-content\/uploads\/2021\/03\/ANDREA-DE-BERNARDIN.jpg\" width=\"241\" height=\"136\" \/>ROCCA PIETORE<\/strong> E&#8217; ufficiale, Andrea De Bernardin gi\u00e0 segretario di sezione (dal 2021) \u00e8 il candidato per la\u00a0 Segretaria Provinciale della Liga Veneta Sezione di Belluno. Il sindaco di Rocca Pietore \u00e8 iscritto alla Lega dal 1993 e non ha mai cambiato &#8220;bandiera&#8221;.\u00a0 Per la segreteria la partita \u00e8 a due, si confronta infatti con il sindaco agordino Luciano Da Pian,\u00a0 58 anni, nella lega da 12 anni.,\u00a0 capogruppo del partito in consiglio comunale a Belluno dal 2017 al 2022, amministratore della Nis, della Sit, segretario provinciale dell&#8217;Adico (associazione di tutela dei consumatori), candidato alle ultime regionali con Luca Zaia.<\/p>\n<p><strong>IL CANDIDATO, ANDREA DE BERNARDIN AI MICROFONI DI RADIO PIU<\/strong><\/p>\n<audio class=\"wp-audio-shortcode\" id=\"audio-317363-2\" preload=\"none\" style=\"width: 100%;\" controls=\"controls\"><source type=\"audio\/mpeg\" src=\"https:\/\/www.radiopiu.net\/wordpress\/wp-content\/uploads\/2023\/01\/andrea-de-b.mp3?_=2\" \/><a href=\"https:\/\/www.radiopiu.net\/wordpress\/wp-content\/uploads\/2023\/01\/andrea-de-b.mp3\">https:\/\/www.radiopiu.net\/wordpress\/wp-content\/uploads\/2023\/01\/andrea-de-b.mp3<\/a><\/audio>\n<p>&nbsp;<\/p>\n<hr \/>\n<p>&nbsp;<\/p>\n<div class=\"page-title-head hgroup\">\n<blockquote>\n<h3 class=\"entry-title\">AMMINISTRATORI IN CAMPO PER IL PROGETTO STACCO<\/h3>\n<\/blockquote>\n<\/div>\n<div class=\"page-title-breadcrumbs\">\n<p><img loading=\"lazy\" decoding=\"async\" class=\"alignleft\" src=\"https:\/\/www.radiopiu.net\/wordpress\/wp-content\/uploads\/2023\/01\/17038275-ad6b-4cfd-a2ee-b59bdfff73cf.jpg\" width=\"175\" height=\"131\" \/><strong>BELLUNO<\/strong><\/p>\n<p><strong>DI\u00a0 DANIELE DALVIT<\/strong><\/p>\n<p>&nbsp;<\/p>\n<audio class=\"wp-audio-shortcode\" id=\"audio-317363-3\" preload=\"none\" style=\"width: 100%;\" controls=\"controls\"><source type=\"audio\/mpeg\" src=\"https:\/\/www.radiopiu.net\/wordpress\/wp-content\/uploads\/2023\/01\/DANIELE-DAL-VIT-PARITA.mp3?_=3\" \/><a href=\"https:\/\/www.radiopiu.net\/wordpress\/wp-content\/uploads\/2023\/01\/DANIELE-DAL-VIT-PARITA.mp3\">https:\/\/www.radiopiu.net\/wordpress\/wp-content\/uploads\/2023\/01\/DANIELE-DAL-VIT-PARITA.mp3<\/a><\/audio>\n<p>&nbsp;<\/p>\n<hr \/>\n<p>&nbsp;<\/p>\n<blockquote>\n<h3>L&#8217;EX CANONICA DI SANTA FOSCA DIVENTERA&#8217; UN BABY PARKING E TRE APPARTAMENTI. APERTI I TERMINI PER LA MANIFESTAZIONE DI INTERESSI<\/h3>\n<\/blockquote>\n<p><strong><a class=\"dt-pswp-item\" href=\"https:\/\/www.radiopiu.net\/wordpress\/wp-content\/uploads\/2023\/01\/Schermata-2023-01-16-alle-20.23.19.png\" data-dt-img-description=\"\" data-large_image_width=\"1084\" data-large_image_height=\"606\"><img loading=\"lazy\" decoding=\"async\" class=\" wp-image-317108 alignleft\" src=\"https:\/\/www.radiopiu.net\/wordpress\/wp-content\/uploads\/2023\/01\/Schermata-2023-01-16-alle-20.23.19-300x168.png\" alt=\"\" width=\"225\" height=\"126\" srcset=\"https:\/\/www.radiopiu.net\/wordpress\/wp-content\/uploads\/2023\/01\/Schermata-2023-01-16-alle-20.23.19-300x168.png 300w, https:\/\/www.radiopiu.net\/wordpress\/wp-content\/uploads\/2023\/01\/Schermata-2023-01-16-alle-20.23.19-1024x572.png 1024w, https:\/\/www.radiopiu.net\/wordpress\/wp-content\/uploads\/2023\/01\/Schermata-2023-01-16-alle-20.23.19-768x429.png 768w, https:\/\/www.radiopiu.net\/wordpress\/wp-content\/uploads\/2023\/01\/Schermata-2023-01-16-alle-20.23.19.png 1084w\" sizes=\"auto, (max-width: 225px) 100vw, 225px\" \/><\/a>SELVA DI CADORE<\/strong><\/p>\n<p>di Gianni Santomaso<\/p>\n<audio class=\"wp-audio-shortcode\" id=\"audio-317363-4\" preload=\"none\" style=\"width: 100%;\" controls=\"controls\"><source type=\"audio\/mpeg\" src=\"https:\/\/www.radiopiu.net\/wordpress\/wp-content\/uploads\/2023\/01\/GIANNI-LEX-CANONICA-DI-SANTA-FOSCA-DIVENTERA-UN-BABY-PARKING.mp3?_=4\" \/><a href=\"https:\/\/www.radiopiu.net\/wordpress\/wp-content\/uploads\/2023\/01\/GIANNI-LEX-CANONICA-DI-SANTA-FOSCA-DIVENTERA-UN-BABY-PARKING.mp3\">https:\/\/www.radiopiu.net\/wordpress\/wp-content\/uploads\/2023\/01\/GIANNI-LEX-CANONICA-DI-SANTA-FOSCA-DIVENTERA-UN-BABY-PARKING.mp3<\/a><\/audio>\n<p>&nbsp;<\/p>\n<p>&nbsp;<\/p>\n<\/div>\n<p>&nbsp;<\/p>\n<hr \/>\n<p>&nbsp;<\/p>\n<blockquote>\n<h3>MERCATO IMMOBILIARE VENETO: LA PROVINCIA DI BELLUNO LA PIU&#8217; CARA DI TUTTE CON 3489 EURO AL METRO QUADRO<\/h3>\n<\/blockquote>\n<p><strong><a class=\"dt-pswp-item\" href=\"https:\/\/www.radiopiu.net\/wordpress\/wp-content\/uploads\/2023\/01\/CHIAVI-CASA.jpg\" data-dt-img-description=\"\" data-large_image_width=\"1920\" data-large_image_height=\"1280\"><img loading=\"lazy\" decoding=\"async\" class=\" wp-image-317397 alignleft\" src=\"https:\/\/www.radiopiu.net\/wordpress\/wp-content\/uploads\/2023\/01\/CHIAVI-CASA-300x200.jpg\" alt=\"\" width=\"201\" height=\"134\" srcset=\"https:\/\/www.radiopiu.net\/wordpress\/wp-content\/uploads\/2023\/01\/CHIAVI-CASA-300x200.jpg 300w, https:\/\/www.radiopiu.net\/wordpress\/wp-content\/uploads\/2023\/01\/CHIAVI-CASA-1024x683.jpg 1024w, https:\/\/www.radiopiu.net\/wordpress\/wp-content\/uploads\/2023\/01\/CHIAVI-CASA-768x512.jpg 768w, https:\/\/www.radiopiu.net\/wordpress\/wp-content\/uploads\/2023\/01\/CHIAVI-CASA-1536x1024.jpg 1536w, https:\/\/www.radiopiu.net\/wordpress\/wp-content\/uploads\/2023\/01\/CHIAVI-CASA.jpg 1920w\" sizes=\"auto, (max-width: 201px) 100vw, 201px\" \/><\/a>MILANO <\/strong>Il mercato immobiliare del Veneto chiude un 2022 in crescita, con i prezzi delle compravendite che sfiorano il +4% rispetto al 2021 e le locazioni vicine al +6%. Comprare casa in regione costa, in media, 2.031 euro al metro quadro, affittarla 10,6 euro\/mq. Questo \u00e8 quanto rilevato da Immobiliare.it.\u00a0 La provincia di Belluno \u00e8 il territorio pi\u00f9 caro di tutto il Veneto, con 3.489 euro al metro quadro richiesti per l\u2019acquisto. Costa invece molto meno Rovigo, che rappresenta la citt\u00e0 e la provincia dal mattone pi\u00f9 economico della regione, rispettivamente con 1.016 euro\/mq per il comune e 998 euro\/mq per la provincia. Il comune che si \u00e8 apprezzato di pi\u00f9, invece, \u00e8 quello di Vicenza, che con i suoi 1.543 euro\/mq si afferma al +8,1% rispetto al 2021. Sia rispetto al 2022, sia rispetto al 2021, sono molti i territori che vedono i prezzi di vendita crescere, con poche eccezioni. Il caso pi\u00f9 importante \u00e8 quello del comune di Belluno, che nell\u2019ultimo anno si attesta su un -4% circa. Il comune di Belluno si distingue inoltre, in questo caso positivamente, per la domanda di immobili in vendita che cresce, rispetto al 2021, quasi del 45%, trainando l\u2019ottimo risultato regionale. Tuttavia, la provincia di Belluno \u00e8 quella che decresce di pi\u00f9 sia nel 2022 (-4%), sia su base trimestrale, -16,8%.<\/p>\n<p>&nbsp;<\/p>\n<p>&nbsp;<\/p>\n<hr \/>\n<p>&nbsp;<\/p>\n<p><strong>DI TIZIANO DE COL<\/strong><\/p>\n\n\t\t\t<style type='text\/css'>\n\t\t\t\t#gallery-3 {\n\t\t\t\t\tmargin: auto;\n\t\t\t\t}\n\t\t\t\t#gallery-3 .gallery-item {\n\t\t\t\t\tfloat: left;\n\t\t\t\t\tmargin-top: 10px;\n\t\t\t\t\ttext-align: center;\n\t\t\t\t\twidth: 20%;\n\t\t\t\t}\n\t\t\t\t#gallery-3 img {\n\t\t\t\t\tborder: 2px solid #cfcfcf;\n\t\t\t\t}\n\t\t\t\t#gallery-3 .gallery-caption {\n\t\t\t\t\tmargin-left: 0;\n\t\t\t\t}\n\t\t\t\t\/* see gallery_shortcode() in wp-includes\/media.php *\/\n\t\t\t<\/style>\n\t\t<div id='gallery-3' class='dt-gallery-container gallery galleryid-317363 gallery-columns-5 gallery-size-medium'><dl class='gallery-item'>\n\t\t\t\t<dt class='gallery-icon landscape'>\n\t\t\t\t\t<a class=\"rollover rollover-zoom dt-pswp-item\" title=\"34ac3fe7-3155-48a7-8d5c-2b5577b7bfe6\" data-dt-img-description=\"\" data-large_image_width=\"610\" data-large_image_height=\"358\"href='https:\/\/www.radiopiu.net\/wordpress\/wp-content\/uploads\/2023\/01\/34ac3fe7-3155-48a7-8d5c-2b5577b7bfe6.jpg'><img loading=\"lazy\" decoding=\"async\" width=\"300\" height=\"176\" src=\"https:\/\/www.radiopiu.net\/wordpress\/wp-content\/uploads\/2023\/01\/34ac3fe7-3155-48a7-8d5c-2b5577b7bfe6-300x176.jpg\" class=\"attachment-medium size-medium\" alt=\"\" srcset=\"https:\/\/www.radiopiu.net\/wordpress\/wp-content\/uploads\/2023\/01\/34ac3fe7-3155-48a7-8d5c-2b5577b7bfe6-300x176.jpg 300w, https:\/\/www.radiopiu.net\/wordpress\/wp-content\/uploads\/2023\/01\/34ac3fe7-3155-48a7-8d5c-2b5577b7bfe6.jpg 610w\" sizes=\"auto, (max-width: 300px) 100vw, 300px\" \/><\/a>\n\t\t\t\t<\/dt><\/dl><dl class='gallery-item'>\n\t\t\t\t<dt class='gallery-icon landscape'>\n\t\t\t\t\t<a class=\"rollover rollover-zoom dt-pswp-item\" title=\"8d277fd7-b585-4b18-b2da-163aaeb39a3e\" data-dt-img-description=\"\" data-large_image_width=\"616\" data-large_image_height=\"357\"href='https:\/\/www.radiopiu.net\/wordpress\/wp-content\/uploads\/2023\/01\/8d277fd7-b585-4b18-b2da-163aaeb39a3e.jpg'><img loading=\"lazy\" decoding=\"async\" width=\"300\" height=\"174\" src=\"https:\/\/www.radiopiu.net\/wordpress\/wp-content\/uploads\/2023\/01\/8d277fd7-b585-4b18-b2da-163aaeb39a3e-300x174.jpg\" class=\"attachment-medium size-medium\" alt=\"\" srcset=\"https:\/\/www.radiopiu.net\/wordpress\/wp-content\/uploads\/2023\/01\/8d277fd7-b585-4b18-b2da-163aaeb39a3e-300x174.jpg 300w, https:\/\/www.radiopiu.net\/wordpress\/wp-content\/uploads\/2023\/01\/8d277fd7-b585-4b18-b2da-163aaeb39a3e.jpg 616w\" sizes=\"auto, (max-width: 300px) 100vw, 300px\" \/><\/a>\n\t\t\t\t<\/dt><\/dl><dl class='gallery-item'>\n\t\t\t\t<dt class='gallery-icon landscape'>\n\t\t\t\t\t<a class=\"rollover rollover-zoom dt-pswp-item\" title=\"064888da-a8ef-496c-b7eb-0fa91b28b07b\" data-dt-img-description=\"\" data-large_image_width=\"606\" data-large_image_height=\"364\"href='https:\/\/www.radiopiu.net\/wordpress\/wp-content\/uploads\/2023\/01\/064888da-a8ef-496c-b7eb-0fa91b28b07b.jpg'><img loading=\"lazy\" decoding=\"async\" width=\"300\" height=\"180\" src=\"https:\/\/www.radiopiu.net\/wordpress\/wp-content\/uploads\/2023\/01\/064888da-a8ef-496c-b7eb-0fa91b28b07b-300x180.jpg\" class=\"attachment-medium size-medium\" alt=\"\" srcset=\"https:\/\/www.radiopiu.net\/wordpress\/wp-content\/uploads\/2023\/01\/064888da-a8ef-496c-b7eb-0fa91b28b07b-300x180.jpg 300w, https:\/\/www.radiopiu.net\/wordpress\/wp-content\/uploads\/2023\/01\/064888da-a8ef-496c-b7eb-0fa91b28b07b.jpg 606w\" sizes=\"auto, (max-width: 300px) 100vw, 300px\" \/><\/a>\n\t\t\t\t<\/dt><\/dl><dl class='gallery-item'>\n\t\t\t\t<dt class='gallery-icon landscape'>\n\t\t\t\t\t<a class=\"rollover rollover-zoom dt-pswp-item\" title=\"995f3187-d8d2-48cf-a7b9-b8c6f21a4c0e\" data-dt-img-description=\"\" data-large_image_width=\"594\" data-large_image_height=\"353\"href='https:\/\/www.radiopiu.net\/wordpress\/wp-content\/uploads\/2023\/01\/995f3187-d8d2-48cf-a7b9-b8c6f21a4c0e.jpg'><img loading=\"lazy\" decoding=\"async\" width=\"300\" height=\"178\" src=\"https:\/\/www.radiopiu.net\/wordpress\/wp-content\/uploads\/2023\/01\/995f3187-d8d2-48cf-a7b9-b8c6f21a4c0e-300x178.jpg\" class=\"attachment-medium size-medium\" alt=\"\" srcset=\"https:\/\/www.radiopiu.net\/wordpress\/wp-content\/uploads\/2023\/01\/995f3187-d8d2-48cf-a7b9-b8c6f21a4c0e-300x178.jpg 300w, https:\/\/www.radiopiu.net\/wordpress\/wp-content\/uploads\/2023\/01\/995f3187-d8d2-48cf-a7b9-b8c6f21a4c0e.jpg 594w\" sizes=\"auto, (max-width: 300px) 100vw, 300px\" \/><\/a>\n\t\t\t\t<\/dt><\/dl><dl class='gallery-item'>\n\t\t\t\t<dt class='gallery-icon landscape'>\n\t\t\t\t\t<a class=\"rollover rollover-zoom dt-pswp-item\" title=\"6466051c-0a12-4828-b9e2-46c37d362989\" data-dt-img-description=\"\" data-large_image_width=\"596\" data-large_image_height=\"355\"href='https:\/\/www.radiopiu.net\/wordpress\/wp-content\/uploads\/2023\/01\/6466051c-0a12-4828-b9e2-46c37d362989.jpg'><img loading=\"lazy\" decoding=\"async\" width=\"300\" height=\"179\" src=\"https:\/\/www.radiopiu.net\/wordpress\/wp-content\/uploads\/2023\/01\/6466051c-0a12-4828-b9e2-46c37d362989-300x179.jpg\" class=\"attachment-medium size-medium\" alt=\"\" srcset=\"https:\/\/www.radiopiu.net\/wordpress\/wp-content\/uploads\/2023\/01\/6466051c-0a12-4828-b9e2-46c37d362989-300x179.jpg 300w, https:\/\/www.radiopiu.net\/wordpress\/wp-content\/uploads\/2023\/01\/6466051c-0a12-4828-b9e2-46c37d362989.jpg 596w\" sizes=\"auto, (max-width: 300px) 100vw, 300px\" \/><\/a>\n\t\t\t\t<\/dt><\/dl><br style=\"clear: both\" \/>\n\t\t\t<\/div>\n\n<p>&nbsp;<\/p>\n<hr \/>\n<p>&nbsp;<\/p>\n<p>&nbsp;<\/p>\n<blockquote>\n<h2><strong>Punti Tamponi: nuovi orari dal 1 febbraio 2023<\/strong><\/h2>\n<\/blockquote>\n<p><strong>BELLUNO<\/strong> In relazione al consistente rallentamento epidemico covid registrato nelle ultime settimane, l\u2019operativit\u00e0 dei Covid point (drive in tamponi) sar\u00e0 riorganizzata a partire da mercoled\u00ec 1 febbraio 2023.<\/p>\n<table>\n<tbody>\n<tr>\n<td width=\"106\"><strong>PALUDI<\/strong><\/td>\n<td width=\"309\">marted\u00ec, gioved\u00ec, sabato, domenica\/festivi<\/td>\n<td width=\"184\">dalle 8.30 alle 12.30<\/td>\n<\/tr>\n<tr>\n<td width=\"106\"><strong>FELTRE<\/strong><\/td>\n<td width=\"309\">luned\u00ec e venerd\u00ec (festivi esclusi)<\/td>\n<td width=\"184\">dalle 8.30 alle 12.30<\/td>\n<\/tr>\n<tr>\n<td width=\"106\"><strong>AGORDO<\/strong><\/td>\n<td width=\"309\">mercoled\u00ec (festivi esclusi)<\/td>\n<td width=\"184\">dalle 8.30 alle 10.00<\/td>\n<\/tr>\n<tr>\n<td width=\"106\"><strong>TAI DI CADORE<\/strong><\/td>\n<td width=\"309\">mercoled\u00ec (festivi esclusi)<\/td>\n<td width=\"184\">dalle 13.30 alle 15.30<\/td>\n<\/tr>\n<\/tbody>\n<\/table>\n<p>&nbsp;<\/p>\n<p>L\u2019accesso ai drive in rimane su prenotazione con prescrizione del curante accedendo al sito <a href=\"http:\/\/www.aulss1.veneto.it\/\">www.aulss1.veneto.it<\/a> &gt; \u201cCOVID-19: tutte le info\u201d &gt; \u201c<a href=\"https:\/\/www.aulss1.veneto.it\/drive-in-tamponi-accesso-libero-con-prescrizione-nuovi-orari-dall11-gennaio-2021\/\">Tamponi: sedi e orari<\/a>\u201d Si ricorda che nelle giornate festive \u00e8 previsto l\u2019accesso libero al covid point di Paludi (senza appuntamento, senza prescrizione) per soggetti sintomatici.<\/p>\n<p>&nbsp;<\/p>\n<hr \/>\n<p>&nbsp;<\/p>\n<blockquote>\n<h3>CANE VAGANTE A BELLUNO, CHIEDESI COLLABORAZIONE-CONDIVISIONE<\/h3>\n<\/blockquote>\n<p><strong><img loading=\"lazy\" decoding=\"async\" class=\"alignleft\" src=\"https:\/\/www.radiopiu.net\/wordpress\/wp-content\/uploads\/2023\/01\/Senza-nome-42.jpg\" width=\"213\" height=\"150\" \/>BELLUNO<\/strong> I Servizi Veterinari dell\u2019Ulss Dolomiti segnalaNO la presenza di un cane di media taglia, bianco \u2013 nero con qualche macchia marrone, con collare e medaglietta, in zona stazione \u2013 parco Citt\u00e0 di Bologna- via Feltre- centro citt\u00e0 \u2013 Piazza Duomo a Belluno (vedi foto). L\u2019animale non si lascia avvicinare ed \u00e8 molto impaurito. I Servizi Veterinari sono a conoscenza della situazione, lo stanno monitorando e si stanno adoperando per catturarlo. SI CHIEDE DI NON PROVARE AD AVVICINARLO E DI NON ALIMENTARLO (evitando anche di lasciare all\u2019esterno cibo per altri animali) poich\u00e9 \u00e8 stato istituito un punto alimentazione con \u201cgabbia cattura\u201d, che altrimenti sarebbe vano. L\u2019Ulss invita a segnalare ai Servizi Veterinari allo 0437\/940183 ogni avvistamento.<\/p>\n<p>&nbsp;<\/p>\n<hr \/>\n<p>&nbsp;<\/p>\n<blockquote>\n<h3><a class=\"dt-pswp-item\" href=\"https:\/\/www.radiopiu.net\/wordpress\/wp-content\/uploads\/2023\/01\/81-2023_Zaia_Pennacchini_tris.jpeg\" data-dt-img-description=\"\" data-large_image_width=\"1600\" data-large_image_height=\"1200\"><img loading=\"lazy\" decoding=\"async\" class=\"wp-image-317385 alignleft\" src=\"https:\/\/www.radiopiu.net\/wordpress\/wp-content\/uploads\/2023\/01\/81-2023_Zaia_Pennacchini_tris-300x225.jpeg\" alt=\"\" width=\"172\" height=\"129\" srcset=\"https:\/\/www.radiopiu.net\/wordpress\/wp-content\/uploads\/2023\/01\/81-2023_Zaia_Pennacchini_tris-300x225.jpeg 300w, https:\/\/www.radiopiu.net\/wordpress\/wp-content\/uploads\/2023\/01\/81-2023_Zaia_Pennacchini_tris-1024x768.jpeg 1024w, https:\/\/www.radiopiu.net\/wordpress\/wp-content\/uploads\/2023\/01\/81-2023_Zaia_Pennacchini_tris-768x576.jpeg 768w, https:\/\/www.radiopiu.net\/wordpress\/wp-content\/uploads\/2023\/01\/81-2023_Zaia_Pennacchini_tris-1536x1152.jpeg 1536w, https:\/\/www.radiopiu.net\/wordpress\/wp-content\/uploads\/2023\/01\/81-2023_Zaia_Pennacchini_tris.jpeg 1600w\" sizes=\"auto, (max-width: 172px) 100vw, 172px\" \/><\/a>IL PRESIDENTE DELLA REGIONE VENETO INCONTRA IL GENERALE PENNACCHINI, COMANDANTE DEI CARABINIERI FORESTALI DEL VENETO<\/h3>\n<\/blockquote>\n<p><strong>VENEZIA <\/strong>Ieri a Venezia, a Palazzo Balbi, il Presidente della Regione del Veneto, Luca Zaia, ha ricevuto il Generale Francesco Pennacchini, nuovo comandante dei Carabinieri Forestali del Veneto. Nell\u2019incontro sono stati trattati temi di comune interesse e il Presidente Zaia ha espresso il suo apprezzamento per il lavoro di tutte le donne e gli uomini in forza al Comando, sempre in prima linea contro i reati ambientali.<\/p>\n<p>&nbsp;<\/p>\n<p>&nbsp;<\/p>\n<hr \/>\n<p>&nbsp;<\/p>\n<blockquote>\n<h3>LA PARTITA DEL SORRISO A BELLUNO<\/h3>\n<\/blockquote>\n<p><strong>BELLUNO<\/strong> \u00c8 stata presentata ieri la partita del sorriso. Si giocher\u00e0 sabato 28 al De Mas di Belluno. Una partita di beneficenza tra gli amministratori del Comune di Belluno e le Forze dell&#8217;Ordine.<\/p>\n<p><iframe loading=\"lazy\" title=\"PARTITA BELLUNO\" width=\"1200\" height=\"675\" src=\"https:\/\/www.youtube.com\/embed\/ek5Ysekp0w8?feature=oembed\" frameborder=\"0\" allow=\"accelerometer; autoplay; clipboard-write; encrypted-media; gyroscope; picture-in-picture; web-share\" allowfullscreen><\/iframe><\/p>\n<p>&nbsp;<\/p>\n<hr \/>\n<p>&nbsp;<\/p>\n<blockquote>\n<h3>E&#8217; MADDALOZZO IL NUOVO RESPONSABILE COMUNALE PER LA PROTEZIONE CIVILE<\/h3>\n<\/blockquote>\n<p><strong><a class=\"dt-pswp-item\" href=\"https:\/\/www.radiopiu.net\/wordpress\/wp-content\/uploads\/2023\/01\/Maddalozzo_nuovo_responsabile.jpg\" data-dt-img-description=\"\" data-large_image_width=\"1591\" data-large_image_height=\"963\"><img loading=\"lazy\" decoding=\"async\" class=\"wp-image-317427 alignleft\" src=\"https:\/\/www.radiopiu.net\/wordpress\/wp-content\/uploads\/2023\/01\/Maddalozzo_nuovo_responsabile-300x182.jpg\" alt=\"\" width=\"186\" height=\"113\" srcset=\"https:\/\/www.radiopiu.net\/wordpress\/wp-content\/uploads\/2023\/01\/Maddalozzo_nuovo_responsabile-300x182.jpg 300w, https:\/\/www.radiopiu.net\/wordpress\/wp-content\/uploads\/2023\/01\/Maddalozzo_nuovo_responsabile-1024x620.jpg 1024w, https:\/\/www.radiopiu.net\/wordpress\/wp-content\/uploads\/2023\/01\/Maddalozzo_nuovo_responsabile-768x465.jpg 768w, https:\/\/www.radiopiu.net\/wordpress\/wp-content\/uploads\/2023\/01\/Maddalozzo_nuovo_responsabile-1536x930.jpg 1536w, https:\/\/www.radiopiu.net\/wordpress\/wp-content\/uploads\/2023\/01\/Maddalozzo_nuovo_responsabile.jpg 1591w\" sizes=\"auto, (max-width: 186px) 100vw, 186px\" \/><\/a>PONTE NELLE ALPI\u00a0<\/strong>Luciano Maddalozzo \u00e8 il nuovo responsabile della Protezione civile, gruppo che conta pi\u00f9 di 60 persone, prende il posto di \u00a0Omar De Fina. Nel recente incontro nella sede di Criol,\u00a0 \u00e8 stato valutato il piano di Protezione civile comunale, ma anche di\u00a0 formazione e informazione degli operatori di volontariato e della popolazione.\u00a0 A\u00a0fine aprile saranno promosse alcune giornate di esercitazione, mirate alla pulizia dei sentieri, degli alvei e torrenti, alla manutenzione del territorio e alla salvaguardia dell\u2019ambiente.<\/p>\n<p>&nbsp;<\/p>\n<hr \/>\n<blockquote>\n<h3><\/h3>\n<h3>COPPA DEL MONDO DI SCI, LA PROVINCIA NEL SISTEMA INTEGRATO DI INFOMOBILITA&#8217;<\/h3>\n<\/blockquote>\n<p><strong>BELLUNO<\/strong> La Regione Veneto ha condiviso con tutti gli enti gestori della rete stradale e autostradale di adottare un sistema integrato di infomobilit\u00e0, utile alla gestione delle informazioni sul traffico in condizioni ordinarie e di emergenza. Un sistema in cui rientra anche la Provincia di Belluno. Il piano operativo infatti prevede l\u2019aggiornamento costante di una piattaforma ideata appositamente per informare l\u2019utenza delle strade da e per Cortina. La piattaforma sar\u00e0 raggiungibile\u00a0 anche dal\u00a0 sito\u00a0 della Provincia.<\/p>\n<p>&nbsp;<\/p>\n<p>&nbsp;<\/p>\n<hr \/>\n<p>&nbsp;<\/p>\n<blockquote>\n<h3>APPUNTAMENTI CON LA SEZIONE AGORDINA DEL CAI<\/h3>\n<\/blockquote>\n<h3><strong style=\"font-size: 14px;\">AGORDO<\/strong><span style=\"font-size: 14px; font-weight: normal;\"> Sabato escursione con le racchette sul Col Visentin a 1763 metri.\u00a0 Camminata verso il tramonto e rientro suggestivo con l&#8217;ausilio della frontale. Tempo, 4 ore, prevista la cena, dislivello 360 metri. Ritrovo alle 13.45 presso la sede di Piazzale Marconi. Informazioni entro oggi al 380 6983040. Il giorno successivo, domenica, \u00e8 invece prevista un&#8217;escursione sci-alpinistica sulla Cima Valgrande, gruppo Alpago-Monte Cavallo. iscrizioni\u00a0 al 347.9812340.\u00a0\u00a0<\/span><\/h3>\n<p>&nbsp;<\/p>\n<p><strong><a class=\"dt-pswp-item\" href=\"https:\/\/www.radiopiu.net\/wordpress\/wp-content\/uploads\/2023\/01\/fb804fab-f7d6-3ac8-051e-f33434958041.jpg\" data-dt-img-description=\"\" data-large_image_width=\"1600\" data-large_image_height=\"1200\"><img loading=\"lazy\" decoding=\"async\" class=\"size-medium wp-image-317428 alignleft\" src=\"https:\/\/www.radiopiu.net\/wordpress\/wp-content\/uploads\/2023\/01\/fb804fab-f7d6-3ac8-051e-f33434958041-300x225.jpg\" alt=\"\" width=\"300\" height=\"225\" srcset=\"https:\/\/www.radiopiu.net\/wordpress\/wp-content\/uploads\/2023\/01\/fb804fab-f7d6-3ac8-051e-f33434958041-300x225.jpg 300w, https:\/\/www.radiopiu.net\/wordpress\/wp-content\/uploads\/2023\/01\/fb804fab-f7d6-3ac8-051e-f33434958041-1024x768.jpg 1024w, https:\/\/www.radiopiu.net\/wordpress\/wp-content\/uploads\/2023\/01\/fb804fab-f7d6-3ac8-051e-f33434958041-768x576.jpg 768w, https:\/\/www.radiopiu.net\/wordpress\/wp-content\/uploads\/2023\/01\/fb804fab-f7d6-3ac8-051e-f33434958041-1536x1152.jpg 1536w, https:\/\/www.radiopiu.net\/wordpress\/wp-content\/uploads\/2023\/01\/fb804fab-f7d6-3ac8-051e-f33434958041.jpg 1600w\" sizes=\"auto, (max-width: 300px) 100vw, 300px\" \/><\/a>GIORNATA DEDICATA\u00a0 AI\u00a0 MATERIALI E ALL\u2019AUTOSOCCORSO IN VALANGA<\/strong><\/p>\n<p>&nbsp;<\/p>\n<p><strong>AGORDO<\/strong> Si \u00e8 svolta con molta partecipazione (22 iscritti), la giornata organizzata dalla Commissione di Escursionismo Sezionale, dedicata\u00a0 alla conoscenza del materiale di autosoccorso in valanga e alle successive prove sul campo per la ricerca di sepolti.\u00a0 Gli argomenti trattati:\u00a0 i materiali\u00a0 e le problematiche dell\u2019approccio in ambiente innevato e dell\u2019autosoccorso.\u00a0 La giornata \u00e8 poi proseguita nella zona del Pian di Caleda nei pressi del Passo Duran, dove una discreta presenza di neve ha permesso di trasformare la teoria in pratica.<em> &#8220;Bravi i partecipanti &#8211; dice Antonello Cibien &#8211;\u00a0 attenti e motivati nelle prove sul campo dimostrando capacit\u00e0 e bravura anche nelle esercitazioni individuali. Alla fine, tutti concordi nell\u2019affermare che bisognerebbe organizzare pi\u00f9 spesso queste giornate didattiche, ne va della sicurezza di tutti, una giornata costruttiva che spero abbia soddisfatto le aspettative dei partecipanti.<\/em><\/p>\n<p>&nbsp;<\/p>\n<p>&nbsp;<\/p>\n<p>&nbsp;<\/p>\n<hr \/>\n<p>&nbsp;<\/p>\n<blockquote>\n<h3>ATTIVITA&#8217; FISICA: A TAMBRE UN VENTAGLIO DI PROPOSTE PER TUTTI<\/h3>\n<\/blockquote>\n<p><strong><a class=\"dt-pswp-item\" href=\"https:\/\/www.radiopiu.net\/wordpress\/wp-content\/uploads\/2023\/01\/PILATES.jpg\" data-dt-img-description=\"\" data-large_image_width=\"1024\" data-large_image_height=\"768\"><img loading=\"lazy\" decoding=\"async\" class=\" wp-image-317400 alignleft\" src=\"https:\/\/www.radiopiu.net\/wordpress\/wp-content\/uploads\/2023\/01\/PILATES-300x225.jpg\" alt=\"\" width=\"147\" height=\"110\" srcset=\"https:\/\/www.radiopiu.net\/wordpress\/wp-content\/uploads\/2023\/01\/PILATES-300x225.jpg 300w, https:\/\/www.radiopiu.net\/wordpress\/wp-content\/uploads\/2023\/01\/PILATES-768x576.jpg 768w, https:\/\/www.radiopiu.net\/wordpress\/wp-content\/uploads\/2023\/01\/PILATES.jpg 1024w\" sizes=\"auto, (max-width: 147px) 100vw, 147px\" \/><\/a>TAMBRE <\/strong>\u00a0Per i pi\u00f9 piccoli, due appuntamenti organizzati dallo Sci Club Tambre: il marted\u00ec pomeriggio fino a maggio, attivit\u00e0 motoria\u00a0 e il sabato mattina, il corso di sci in Neveg\u00e0l. Per persone con patologie come lombalgia, artrosi, osteoporosi, sono iniziati tre diversi corsi di Attivit\u00e0 Fisica. Per chi ama la tecnica Pilates, l&#8217;impegno iniziato a novembre\u00a0 da febbraio raddoppier\u00e0 gli appuntamenti nella Palestra di Tambre, si terranno le lezioni anche il gioved\u00ec.<\/p>\n<p>&nbsp;<\/p>\n<p>&nbsp;<\/p>\n<hr \/>\n<blockquote>\n<h3 style=\"text-align: left;\"><\/h3>\n<\/blockquote>\n<p>&nbsp;<\/p>\n<p><a class=\"dt-pswp-item\" href=\"https:\/\/www.radiopiu.net\/wordpress\/wp-content\/uploads\/2023\/01\/f357cc9c-828e-4d9b-9ff4-ec3efed24d74.jpg\" data-dt-img-description=\"\" data-large_image_width=\"724\" data-large_image_height=\"1024\"><img loading=\"lazy\" decoding=\"async\" class=\"wp-image-315069 alignleft\" src=\"https:\/\/www.radiopiu.net\/wordpress\/wp-content\/uploads\/2023\/01\/f357cc9c-828e-4d9b-9ff4-ec3efed24d74.jpg\" alt=\"\" width=\"140\" height=\"198\" srcset=\"https:\/\/www.radiopiu.net\/wordpress\/wp-content\/uploads\/2023\/01\/f357cc9c-828e-4d9b-9ff4-ec3efed24d74.jpg 724w, https:\/\/www.radiopiu.net\/wordpress\/wp-content\/uploads\/2023\/01\/f357cc9c-828e-4d9b-9ff4-ec3efed24d74-212x300.jpg 212w\" sizes=\"auto, (max-width: 140px) 100vw, 140px\" \/><\/a><\/p>\n<h1><span style=\"color: #ff00ff;\">AGORDINO IN FERMENTO&#8230;AGORDINO IN MOVIMENTO\u00a0<\/span><\/h1>\n<blockquote><p><span style=\"color: #ff0000;\"><strong>A CARNEVALE&#8230; EL CARNEVAL DE LE VAI&#8230;DA SELVA DI CADORE A CANALE D&#8217;AGORDO, DA RIVAMONTE A LASTE E SOTTOGUDA. TRADIZIONE, CULTURLA E SPETTACOLO\u00a0 L&#8217;INCONTRO ALLA RADIO CON GLI ORGANIZZATORI<\/strong><\/span><\/p><\/blockquote>\n<p>&nbsp;<\/p>\n<p>&nbsp;<\/p>\n<p><iframe loading=\"lazy\" title=\"CARNEVAI DE LE VAI L&#039;INTERVISTA AI PROTAGONISTI\" width=\"1200\" height=\"675\" src=\"https:\/\/www.youtube.com\/embed\/w-vtgGV1TuM?feature=oembed\" frameborder=\"0\" allow=\"accelerometer; autoplay; clipboard-write; encrypted-media; gyroscope; picture-in-picture; web-share\" allowfullscreen><\/iframe><\/p>\n<p>&nbsp;<\/p>\n<p>&nbsp;<\/p>\n<hr \/>\n<p>&nbsp;<\/p>\n<blockquote class=\"wp-embedded-content\" data-secret=\"lmxlA2ymgh\"><p><a href=\"https:\/\/www.radiopiu.net\/wordpress\/sccanda\/\">SCOPRI LA BELLEZZA DEI PARCHI NAZIONALI DEL CANADA<\/a><\/p><\/blockquote>\n<p><iframe loading=\"lazy\" class=\"wp-embedded-content\" sandbox=\"allow-scripts\" security=\"restricted\" style=\"position: absolute; clip: rect(1px, 1px, 1px, 1px);\" title=\"&#8220;SCOPRI LA BELLEZZA DEI PARCHI NAZIONALI DEL CANADA&#8221; &#8212; Radio Pi\u00f9\" src=\"https:\/\/www.radiopiu.net\/wordpress\/sccanda\/embed\/#?secret=vAl068rCaa#?secret=lmxlA2ymgh\" data-secret=\"lmxlA2ymgh\" width=\"600\" height=\"338\" frameborder=\"0\" marginwidth=\"0\" marginheight=\"0\" scrolling=\"no\"><\/iframe><\/p>\n<p>&nbsp;<\/p>\n<hr \/>\n<p>&nbsp;<\/p>\n<blockquote>\n<h3>L&#8217;INCONTRO CON PAOLA CARMIGNOLA DI EMERGENCY<\/h3>\n<\/blockquote>\n<p><strong>BELLUNO<\/strong> Il Coordinamento Pace e Disarmo, il gruppo Emergency di Belluno e la Pro Loco Pieve Castionese hanno organizzato per sabato 21 gennaio l\u2019iniziativa \u201cEMissioni di pace. Incontro con Paola Carmignola, infermiera di Emergency in Afghanistan e Sierra Leone\u201d. Dalle 12.30 di sabato 21 gennaio alla Casa dei Beni Comuni (ex caserma Piave, via Tiziano Vecellio 82\/1)L\u2019ingresso e\u0300 libero.<\/p>\n<p>&nbsp;<\/p>\n<hr \/>\n<p>&nbsp;<\/p>\n<blockquote>\n<h3>E SONO DIECI! IL 23 GENNAIO LA NUOVA FILIALE DELLA CASSA RURALE IN PROVINCIA<\/h3>\n<\/blockquote>\n<p><strong><a class=\"dt-pswp-item\" href=\"https:\/\/www.radiopiu.net\/wordpress\/wp-content\/uploads\/2023\/01\/quadrato@3x.png\" data-dt-img-description=\"\" data-large_image_width=\"451\" data-large_image_height=\"451\"><img loading=\"lazy\" decoding=\"async\" class=\"wp-image-317457 alignleft\" src=\"https:\/\/www.radiopiu.net\/wordpress\/wp-content\/uploads\/2023\/01\/quadrato@3x-300x300.png\" alt=\"\" width=\"167\" height=\"167\" srcset=\"https:\/\/www.radiopiu.net\/wordpress\/wp-content\/uploads\/2023\/01\/quadrato@3x-300x300.png 300w, https:\/\/www.radiopiu.net\/wordpress\/wp-content\/uploads\/2023\/01\/quadrato@3x-150x150.png 150w, https:\/\/www.radiopiu.net\/wordpress\/wp-content\/uploads\/2023\/01\/quadrato@3x.png 451w\" sizes=\"auto, (max-width: 167px) 100vw, 167px\" \/><\/a>BELLUNO<\/strong> Dal prossimo 23 gennaio sar\u00e0 operativa la decima filiale della Cassa Rurale Dolomiti in Provincia. Trover\u00e0 spazio nei nuovi ampi locali di Via Fratelli Rosselli, 88 \u2013 Localit\u00e0 Mussoi. Si consolida quindi il processo di radicamento nel territorio bellunese da parte dell&#8217;istituto che ha sede a Moena (TN), e che fa parte del gruppo Cassa Centrale. Si tratta del ventitreesimo sportello operante nelle provincie di Trento e Belluno, a ulteriore conferma della mission della Cassa Rurale Dolomiti che si propone come banca del territorio. Quella di Belluno si aggiunge alle filiali gi\u00e0 operative in provincia ad Agordo, Alleghe, Bribano di Sedico, Canale d&#8217;Agordo, Falcade, Feltre, Lentiai, Mas di Sedico e Santa Giustina. La Cassa Rurale Dolomiti si avvale di 140 collaboratori, annovera pi\u00f9 di 35.000 clienti e oltre 8.700 sono invece i soci. \u00c8 una societ\u00e0 cooperativa,\u00a0 banca espressione del territorio. Le aperture degli sportelli nella provincia di Belluno, in special modo nei piccoli centri abitati, si colloca in controtendenza rispetto alla generale riduzione degli sportelli che si riscontra nel sistema bancario. L&#8217;apertura della nuova filiale testimonia la volont\u00e0 di rendere un servizio di fondamentale importanza alla clientela di media cultura digitale<\/p>\n<p>&nbsp;<\/p>\n<hr \/>\n<p>&nbsp;<\/p>\n<h3>SECONDA PUNTATA 2023<\/h3>\n<h3>DI MIRKO MEZZACASA<\/h3>\n<p>&nbsp;<\/p>\n<p><iframe loading=\"lazy\" title=\"EPCENTER CON FRANCESCO ZILLIO &quot;COMPETENZE NEI LAVORI ELETTRICI&quot;\" width=\"1200\" height=\"675\" src=\"https:\/\/www.youtube.com\/embed\/fHKMvME9MHc?feature=oembed\" frameborder=\"0\" allow=\"accelerometer; autoplay; clipboard-write; encrypted-media; gyroscope; picture-in-picture; web-share\" allowfullscreen><\/iframe><\/p>\n<p>&nbsp;<\/p>\n<hr \/>\n<p>&nbsp;<\/p>\n<blockquote>\n<h3>LUNEDI&#8217; LA PRESENTAZIONE DEL PROGETTO RIGENERA MONTAGNA<\/h3>\n<\/blockquote>\n<p><strong>BELLUNO <\/strong>Sar\u00e0 presentato luned\u00ec alle 12:15 nella sede della Fondazione Giovanni Angelini in P.za Mercato 26 a Belluno il progetto &#8220;Rigenera Montagna&#8221;. Il progetto Rigenera Montagna ha l\u2019obettivo di intercettare lo sguardo delle giovani generazioni sui temi dell\u2019ambiente della montagna bellunese.<\/p>\n<p>&nbsp;<\/p>\n<hr \/>\n<p>&nbsp;<\/p>\n<blockquote>\n<h3>OGGI L&#8217;INAUGURAZIONE DELLA MOSTRA FOTOGRAFICA IN PREFETTURA<\/h3>\n<\/blockquote>\n<p><strong>BELLUNO<\/strong> Oggi alle 17:30 in Sala Zanardelli della Prefettura di Belluno si terr\u00e0 l&#8217;inaugurazione della mostra fotografica &#8220;Come le aquile in volo &#8211; Emozioni d&#8217;alta quota&#8221; dedicata alle nostre magnifiche Dolomiti fotografate dall&#8217;aereo. Ruolo centrale sar\u00e0 svolto dal CAI per il quale il Consigliere Nazionale Federico Bressan terr\u00e0 una relazione.<\/p>\n<p>&nbsp;<\/p>\n<p>&nbsp;<\/p>\n<hr \/>\n<p>&nbsp;<\/p>\n<blockquote>\n<h3>OPEN DAY ALLA SCUOLA DELL&#8217;INFANZIA<\/h3>\n<\/blockquote>\n<p><strong>AGORDO<\/strong> Domanii dalle 15.30 alle 17.30 sar\u00e0 possibile visitare la scuola dell&#8217;infanzia di Agordo. Info 0437 62261, www.scuolamaternaagordo.it<\/p>\n<p>&nbsp;<\/p>\n<p>&nbsp;<\/p>\n<hr \/>\n<p>&nbsp;<\/p>\n<blockquote>\n<h3>LA SECONDA SERATA DEDICATA AI CICLOVIAGGI<\/h3>\n<\/blockquote>\n<p><strong>BELLUNO\u00a0 <\/strong>Sabato 21 gennaio, alle ore 20.45 in Sala Bianchi a Belluno, ci sar\u00e0 la seconda serata che FIAB Belluno dedica ai cicloviaggi. Ospite Raffaella Bonomi che, in solitaria e in tenda ha pedalato lungo tutta l&#8217;Italia, alla ricerca delle sue &#8220;Radici&#8221;.<\/p>\n<p>&nbsp;<\/p>\n<p>&nbsp;<\/p>\n<p>&nbsp;<\/p>\n<hr \/>\n<p>&nbsp;<\/p>\n<blockquote>\n<h3>&#8220;L&#8217;OMBRA DEL SILENZIO&#8221; IN OCCASIONE DELLA GIONATA DELLA MEMORIA<\/h3>\n<\/blockquote>\n<p><strong>LIMANA <\/strong>E&#8217; in programma per gioved\u00ec 26 gennaio alle 20:30 in sala Luigi Nocivelli di Limana &#8220;L&#8217;Ombra Del Silenzio&#8221;. Una serata dedicata a parole, immagini, suoni e riflessioni sulla Shoah. In collaborazione con il comune di Limana, la biblioteca civica e Gruppo Panta Rei<\/p>\n<p>&nbsp;<\/p>\n<hr \/>\n<p>&nbsp;<\/p>\n<blockquote>\n<h3>SANTA CATERINA E SANT\u2019ANDREA IN MONTE NEL LIBRO DI VIZZUTTI SULLE CHIESE DELL\u2019ANTICA PIEVE DI CADOLA<\/h3>\n<\/blockquote>\n<p><strong>di RENATO BONA<\/strong><\/p>\n<p>Ci avviamo alla conclusione della rilettura per quanti ci seguono su Fb, del preziosissimo volume curato dallo storico prof. Flavio Vizzutti \u201cLe Chiese dell\u2019antica Pieve di Cadola\u201d, edito nel settembre 1999 (stampa tipografia Piave di Belluno) a cura delle parrocchie di Cadola, Polpet-Ponte nelle Alpi, Col di Cugnan e Quantin oltre che della Diocesi di Belluno-Feltre, con presentazione dell\u2019arciprete di Cadola, don Cesare Vazza, e dei parroci don Pietro Bez, don Paolo Cavallini, don Natale Trevisan, fotografie di Giancarlo De Santi e d\u2019archivio delle stesse parrocchie. In questa occasione, proponendo una serie di immagini riprodotte dal libro, ci occupiamo di documenti di storia e d\u2019arte della Chiesa di santa Caterina di Ponte nelle Alpi e quella di Sant\u2019Andrea in Monte. Per quanto riguarda la prima, l\u2019autore esordisce ricordando che: \u201cIl 7 novembre 1370 \u2018S. Caterina di Capodiponte\u2019 (dal 1867 Ponte nelle Alpi) \u00e8 citata per il lascito testamentario di una \u2018libbra d\u2019oglio\u2019 da parte di donna Fenis, figlia del nobiluomo Adalgerio de Nossadani e vedova di ser Saracino, da Casteono\u201d. Ancora: \u201cDa una sentenza datata 22 agosto 1397 \u00e8 chiaramente attestato che la chiesa \u00e8 officiata almeno sin dai primi tempi dl XIV secolo. Viene frequentata sia dagli abitanti del luogo sia dai forestieri di passaggio, le offerte sono abbondanti, possiede beni immobili e la messa si celebra puntualmente ogni quindici giorni\u2026\u201d. Nel 1570 l\u2019edificio, che si eleva sopra uno strapiombo sul Piave appare bisognoso di restauri, dispone di un proprio cimitero funzionante, ubicato sull\u2019attiguo sagrato, dell\u2019altare e del campanile a cavaliere. Un balzo in avanti per leggere che restaurata a seguito dei terremoti del 1873 e 1937 e risarcita dalle offese subite durante le due guerre mondiali, nel 1950 e poi nel 1971 \u201c\u00e8 oggetto di attenzioni conservative. Altri interventi nel 1988 e collocazione sopra l\u2019ingresso principale di \u201cun raffinato ovulo in vetro rappresentante la colomba stilizzata &#8211; di pregnante forza simbolica realizzata su bozzetto, donato dal sig. Girolamo Collarin, dall\u2019artista bellunese Franco Fiabane\u201d. Anche ai giorni nostri &#8211; conclude Vizzutti &#8211; la chiesetta di santa Caterina \u201c\u00e8 gelosamente custodita dai frazionisti consci della straordinaria importanza ricoperta dall\u2019antichissimo centro culturale che dal 25 dicembre 1948 rientra nel comprensorio della parrocchia di Polpet-Ponte nelle Alpi\u201d. Opere d\u2019arte, a volo d\u2019uccello: di anonimi della prima met\u00e0 del XIV secolo: affreschi sulla parete di destra dell\u2019aula: \u201cSan Martino e il povero\u201d quindi: \u201cCrocifissione\u201d; \u201cSanto Vescovo e Santo con libro\u201d, \u201cMelchisedek (?) e l\u2019Angelo\u201d; \u201cSan Francesco d\u2019Asssi\u201d; \u201cCristo alla colonna\u201d; \u201cSanto reggente un libro\u201d; \u201cSanto monaco con bastone\u201d; \u201cFigura evanescente\u201d; \u201cSanta reggiteca\u201d; \u201cSanto con mantello e sacro reggilibro\u201d; \u201cSanti Pietro e Paolo con figura frammentaria\u201d, \u201cSan Bartolomeo, due Santi con mantello e spada\u201d. Ancora: \u201cdi anonimo del XVI-XVII secolo: \u201cPiet\u00e0\u201d, olio su tela sulla parete destra del presbiterio;\u201dSant\u2019Agata\u201d e \u201cSant\u2019Apollonia\u201d, sculture lignee policrome (custodite in altra sede); \u201cSanta Giuliana in nicchia\u201d, scultura lignea policroma della scuola degli Auregne del secolo XVII; \u201cCroce e processionale\u201d, legno scolpito, intagliato e policromo, di artista locale del XVIII secolo; infine: \u201cAlzata\u201d della scuola di Jacopo Costantini, tardo secolo XVI, legno intagliato, scolpito e dipinto, dell\u2019altare maggiore. Ed eccoci a Sant\u2019Andrea in Monte (vedi l\u2019ultima immagine che qui proponiamo \u2013 ndr.) che Flavio Vizzutti definisce \u201calpestre tempio, solitaria costruzione in un contesto paesaggistico-ambientale di indubbia suggestione, ricordato per la prima volta documentalmente il 29 luglio 1371 quando il canonico Nicol\u00f2 Azzoni con testamento olografo dona \u2018soldi 40 al monastero di S. Andrea in Monte\u2019\u201d. Rammenta quindi che \u201cNei pressi della piccola chiesa edificata sulle pendici del Frusseda esisteva anche un cenobio retto, nell\u2019anno 1397, da fra Andrea da Mantova con il titolo di priore\u201d. E cita lo storico ottocentesco Florio Miari il quale attesta: \u201cdipendeva dall\u2019Ordinario di Belluno; aveva monaci e monache dell\u2019Ordine di S. Benedetto. Fu trasformato in semplice beneficio, e dur\u00f2 cos\u00ec per pi\u00f9 di un secolo\u2026\u201d. Di nuovo l\u2019autore del libro che conclude citando l\u2019encomiabile collaborazione dell\u2019Amministrazione comunale di Ponte nelle Alpi e di altri enti che hanno aderito all\u2019impresa, dei fedeli e dell\u2019architetto Maurizio Pison autore degli studi per uno scientifico intervento, ultimato nel 1992, per salvare l\u2019edificio.<\/p>\n\n\t\t\t<style type='text\/css'>\n\t\t\t\t#gallery-4 {\n\t\t\t\t\tmargin: auto;\n\t\t\t\t}\n\t\t\t\t#gallery-4 .gallery-item {\n\t\t\t\t\tfloat: left;\n\t\t\t\t\tmargin-top: 10px;\n\t\t\t\t\ttext-align: center;\n\t\t\t\t\twidth: 20%;\n\t\t\t\t}\n\t\t\t\t#gallery-4 img {\n\t\t\t\t\tborder: 2px solid #cfcfcf;\n\t\t\t\t}\n\t\t\t\t#gallery-4 .gallery-caption {\n\t\t\t\t\tmargin-left: 0;\n\t\t\t\t}\n\t\t\t\t\/* see gallery_shortcode() in wp-includes\/media.php *\/\n\t\t\t<\/style>\n\t\t<div id='gallery-4' class='dt-gallery-container gallery galleryid-317363 gallery-columns-5 gallery-size-thumbnail'><dl class='gallery-item'>\n\t\t\t\t<dt class='gallery-icon portrait'>\n\t\t\t\t\t<a class=\"rollover rollover-zoom dt-pswp-item\" title=\"325029474_910747273673111_6167207150397677563_n\" data-dt-img-description=\"\" data-large_image_width=\"160\" data-large_image_height=\"199\"href='https:\/\/www.radiopiu.net\/wordpress\/wp-content\/uploads\/2023\/01\/325029474_910747273673111_6167207150397677563_n.jpg'><img loading=\"lazy\" decoding=\"async\" width=\"150\" height=\"150\" src=\"https:\/\/www.radiopiu.net\/wordpress\/wp-content\/uploads\/2023\/01\/325029474_910747273673111_6167207150397677563_n-150x150.jpg\" class=\"attachment-thumbnail size-thumbnail\" alt=\"\" \/><\/a>\n\t\t\t\t<\/dt><\/dl><dl class='gallery-item'>\n\t\t\t\t<dt class='gallery-icon portrait'>\n\t\t\t\t\t<a class=\"rollover rollover-zoom dt-pswp-item\" title=\"324990757_860739338531943_8337957090516656525_n\" data-dt-img-description=\"\" data-large_image_width=\"180\" data-large_image_height=\"200\"href='https:\/\/www.radiopiu.net\/wordpress\/wp-content\/uploads\/2023\/01\/324990757_860739338531943_8337957090516656525_n.jpg'><img loading=\"lazy\" decoding=\"async\" width=\"150\" height=\"150\" src=\"https:\/\/www.radiopiu.net\/wordpress\/wp-content\/uploads\/2023\/01\/324990757_860739338531943_8337957090516656525_n-150x150.jpg\" class=\"attachment-thumbnail size-thumbnail\" alt=\"\" \/><\/a>\n\t\t\t\t<\/dt><\/dl><dl class='gallery-item'>\n\t\t\t\t<dt class='gallery-icon portrait'>\n\t\t\t\t\t<a class=\"rollover rollover-zoom dt-pswp-item\" title=\"322829159_907197170723183_6782836324309346468_n\" data-dt-img-description=\"\" data-large_image_width=\"157\" data-large_image_height=\"206\"href='https:\/\/www.radiopiu.net\/wordpress\/wp-content\/uploads\/2023\/01\/322829159_907197170723183_6782836324309346468_n.jpg'><img loading=\"lazy\" decoding=\"async\" width=\"150\" height=\"150\" src=\"https:\/\/www.radiopiu.net\/wordpress\/wp-content\/uploads\/2023\/01\/322829159_907197170723183_6782836324309346468_n-150x150.jpg\" class=\"attachment-thumbnail size-thumbnail\" alt=\"\" \/><\/a>\n\t\t\t\t<\/dt><\/dl><dl class='gallery-item'>\n\t\t\t\t<dt class='gallery-icon portrait'>\n\t\t\t\t\t<a class=\"rollover rollover-zoom dt-pswp-item\" title=\"323685895_700649251805362_5038051186986999125_n\" data-dt-img-description=\"\" data-large_image_width=\"160\" data-large_image_height=\"224\"href='https:\/\/www.radiopiu.net\/wordpress\/wp-content\/uploads\/2023\/01\/323685895_700649251805362_5038051186986999125_n.jpg'><img loading=\"lazy\" decoding=\"async\" width=\"150\" height=\"150\" src=\"https:\/\/www.radiopiu.net\/wordpress\/wp-content\/uploads\/2023\/01\/323685895_700649251805362_5038051186986999125_n-150x150.jpg\" class=\"attachment-thumbnail size-thumbnail\" alt=\"\" \/><\/a>\n\t\t\t\t<\/dt><\/dl><dl class='gallery-item'>\n\t\t\t\t<dt class='gallery-icon portrait'>\n\t\t\t\t\t<a class=\"rollover rollover-zoom dt-pswp-item\" title=\"326003371_717258209800838_5928945987862270945_n\" data-dt-img-description=\"\" data-large_image_width=\"150\" data-large_image_height=\"280\"href='https:\/\/www.radiopiu.net\/wordpress\/wp-content\/uploads\/2023\/01\/326003371_717258209800838_5928945987862270945_n.jpg'><img loading=\"lazy\" decoding=\"async\" width=\"150\" height=\"150\" src=\"https:\/\/www.radiopiu.net\/wordpress\/wp-content\/uploads\/2023\/01\/326003371_717258209800838_5928945987862270945_n-150x150.jpg\" class=\"attachment-thumbnail size-thumbnail\" alt=\"\" \/><\/a>\n\t\t\t\t<\/dt><\/dl><br style=\"clear: both\" \/><dl class='gallery-item'>\n\t\t\t\t<dt class='gallery-icon landscape'>\n\t\t\t\t\t<a class=\"rollover rollover-zoom dt-pswp-item\" title=\"321961882_576880687203381_2731647972807289797_n\" data-dt-img-description=\"\" data-large_image_width=\"335\" data-large_image_height=\"206\"href='https:\/\/www.radiopiu.net\/wordpress\/wp-content\/uploads\/2023\/01\/321961882_576880687203381_2731647972807289797_n.jpg'><img loading=\"lazy\" decoding=\"async\" width=\"150\" height=\"150\" src=\"https:\/\/www.radiopiu.net\/wordpress\/wp-content\/uploads\/2023\/01\/321961882_576880687203381_2731647972807289797_n-150x150.jpg\" class=\"attachment-thumbnail size-thumbnail\" alt=\"\" \/><\/a>\n\t\t\t\t<\/dt><\/dl><dl class='gallery-item'>\n\t\t\t\t<dt class='gallery-icon landscape'>\n\t\t\t\t\t<a class=\"rollover rollover-zoom dt-pswp-item\" title=\"324218058_3322618708067544_2120487286732978676_n\" data-dt-img-description=\"\" data-large_image_width=\"290\" data-large_image_height=\"206\"href='https:\/\/www.radiopiu.net\/wordpress\/wp-content\/uploads\/2023\/01\/324218058_3322618708067544_2120487286732978676_n.jpg'><img loading=\"lazy\" decoding=\"async\" width=\"150\" height=\"150\" src=\"https:\/\/www.radiopiu.net\/wordpress\/wp-content\/uploads\/2023\/01\/324218058_3322618708067544_2120487286732978676_n-150x150.jpg\" class=\"attachment-thumbnail size-thumbnail\" alt=\"\" \/><\/a>\n\t\t\t\t<\/dt><\/dl><dl class='gallery-item'>\n\t\t\t\t<dt class='gallery-icon landscape'>\n\t\t\t\t\t<a class=\"rollover rollover-zoom dt-pswp-item\" title=\"323528608_772764930873099_4567586117965654473_n\" data-dt-img-description=\"\" data-large_image_width=\"276\" data-large_image_height=\"206\"href='https:\/\/www.radiopiu.net\/wordpress\/wp-content\/uploads\/2023\/01\/323528608_772764930873099_4567586117965654473_n.jpg'><img loading=\"lazy\" decoding=\"async\" width=\"150\" height=\"150\" src=\"https:\/\/www.radiopiu.net\/wordpress\/wp-content\/uploads\/2023\/01\/323528608_772764930873099_4567586117965654473_n-150x150.jpg\" class=\"attachment-thumbnail size-thumbnail\" alt=\"\" \/><\/a>\n\t\t\t\t<\/dt><\/dl><dl class='gallery-item'>\n\t\t\t\t<dt class='gallery-icon portrait'>\n\t\t\t\t\t<a class=\"rollover rollover-zoom dt-pswp-item\" title=\"324414740_878326076708493_811366311999567865_n\" data-dt-img-description=\"\" data-large_image_width=\"156\" data-large_image_height=\"260\"href='https:\/\/www.radiopiu.net\/wordpress\/wp-content\/uploads\/2023\/01\/324414740_878326076708493_811366311999567865_n.jpg'><img loading=\"lazy\" decoding=\"async\" width=\"150\" height=\"150\" src=\"https:\/\/www.radiopiu.net\/wordpress\/wp-content\/uploads\/2023\/01\/324414740_878326076708493_811366311999567865_n-150x150.jpg\" class=\"attachment-thumbnail size-thumbnail\" alt=\"\" \/><\/a>\n\t\t\t\t<\/dt><\/dl><dl class='gallery-item'>\n\t\t\t\t<dt class='gallery-icon landscape'>\n\t\t\t\t\t<a class=\"rollover rollover-zoom dt-pswp-item\" title=\"324462399_6116796705010998_1901828441147578679_n\" data-dt-img-description=\"\" data-large_image_width=\"221\" data-large_image_height=\"206\"href='https:\/\/www.radiopiu.net\/wordpress\/wp-content\/uploads\/2023\/01\/324462399_6116796705010998_1901828441147578679_n.jpg'><img loading=\"lazy\" decoding=\"async\" width=\"150\" height=\"150\" src=\"https:\/\/www.radiopiu.net\/wordpress\/wp-content\/uploads\/2023\/01\/324462399_6116796705010998_1901828441147578679_n-150x150.jpg\" class=\"attachment-thumbnail size-thumbnail\" alt=\"\" \/><\/a>\n\t\t\t\t<\/dt><\/dl><br style=\"clear: both\" \/>\n\t\t\t<\/div>\n\n<p>&nbsp;<\/p>\n<p>&nbsp;<\/p>\n<p>&nbsp;<\/p>\n<p>&nbsp;<\/p>\n<hr \/>\n<p>&nbsp;<\/p>\n<div class=\"column\">\n<h1><span style=\"color: #ff00ff;\">AGORDINO IN FERMENTO&#8230;AGORDINO IN MOVIMENTO\u00a0\u00a0<\/span><\/h1>\n<p>&nbsp;<\/p>\n<blockquote>\n<h3>4 FEBBRAIO 2023: LA CASPARETHA&#8230; IL CASPERITIVO. SPORT E FESTA.<\/h3>\n<\/blockquote>\n<p><strong>di Gianni Santomaso<\/strong><\/p>\n<audio class=\"wp-audio-shortcode\" id=\"audio-317363-5\" preload=\"none\" style=\"width: 100%;\" controls=\"controls\"><source type=\"audio\/mpeg\" src=\"https:\/\/www.radiopiu.net\/wordpress\/wp-content\/uploads\/2023\/01\/GIANNI-CASPARETHA.mp3?_=5\" \/><a href=\"https:\/\/www.radiopiu.net\/wordpress\/wp-content\/uploads\/2023\/01\/GIANNI-CASPARETHA.mp3\">https:\/\/www.radiopiu.net\/wordpress\/wp-content\/uploads\/2023\/01\/GIANNI-CASPARETHA.mp3<\/a><\/audio>\n<blockquote><p>&nbsp;<\/p>\n<p><strong><span style=\"color: #ff0000;\">ALLA RADIO, L&#8217;INTERVISTA A MIRCO E EMIL TANCON<\/span><\/strong><\/p><\/blockquote>\n<div class=\"column\">\n<p><strong><a class=\"dt-pswp-item\" href=\"https:\/\/www.radiopiu.net\/wordpress\/wp-content\/uploads\/2023\/01\/CASPARETHA_page-0001.jpg\" data-dt-img-description=\"\" data-large_image_width=\"886\" data-large_image_height=\"632\"><img loading=\"lazy\" decoding=\"async\" class=\" wp-image-315112 alignleft\" src=\"https:\/\/www.radiopiu.net\/wordpress\/wp-content\/uploads\/2023\/01\/CASPARETHA_page-0001-300x214.jpg\" alt=\"\" width=\"243\" height=\"173\" srcset=\"https:\/\/www.radiopiu.net\/wordpress\/wp-content\/uploads\/2023\/01\/CASPARETHA_page-0001-300x214.jpg 300w, https:\/\/www.radiopiu.net\/wordpress\/wp-content\/uploads\/2023\/01\/CASPARETHA_page-0001-768x548.jpg 768w, https:\/\/www.radiopiu.net\/wordpress\/wp-content\/uploads\/2023\/01\/CASPARETHA_page-0001.jpg 886w\" sizes=\"auto, (max-width: 243px) 100vw, 243px\" \/><\/a>CANALE D&#8217;AGORDO <\/strong>Sabato 4 febbraio \u00e8 in programma la Casparetha 2023, camminata competitiva e non in notturna con racchette da neve su tracciato di circa 5 km.<\/p>\n<p><strong>di Mirko Mezzacasa<\/strong><\/p>\n<p>OSPITI: Emil Tancon e Mirko Tancon<\/p>\n<audio class=\"wp-audio-shortcode\" id=\"audio-317363-6\" preload=\"none\" style=\"width: 100%;\" controls=\"controls\"><source type=\"audio\/mpeg\" src=\"https:\/\/www.radiopiu.net\/wordpress\/wp-content\/uploads\/2023\/01\/casparetha-mirco-emil.mp3?_=6\" \/><a href=\"https:\/\/www.radiopiu.net\/wordpress\/wp-content\/uploads\/2023\/01\/casparetha-mirco-emil.mp3\">https:\/\/www.radiopiu.net\/wordpress\/wp-content\/uploads\/2023\/01\/casparetha-mirco-emil.mp3<\/a><\/audio>\n<p>&nbsp;<\/p>\n<p>&nbsp;<\/p>\n<hr \/>\n<\/div>\n<\/div>\n<p>&nbsp;<\/p>\n<hr \/>\n<p>&nbsp;<\/p>\n<p><iframe loading=\"lazy\" title=\"Radio Pi\u00f9 festeggia i suoi primi 40 anni di attivit\u00e0\" width=\"1200\" height=\"675\" src=\"https:\/\/www.youtube.com\/embed\/6ptB04FauBE?feature=oembed\" frameborder=\"0\" allow=\"accelerometer; autoplay; clipboard-write; encrypted-media; gyroscope; picture-in-picture; web-share\" allowfullscreen><\/iframe><\/p>\n<p>&nbsp;<\/p>\n<p>&nbsp;<\/p>\n<hr \/>\n<p>&nbsp;<\/p>\n<h1><span style=\"color: #ff0000;\">LA RADIO DI SERA<\/span><\/h1>\n<blockquote>\n<h3>CLAUDIA CAGNATI E IL SUO &#8220;L&#8217;UNIVERSO TRA LE DITA&#8221;<\/h3>\n<\/blockquote>\n<p><strong>REDAZIONE<\/strong> Negli studi di Radio Pi\u00f9 ospite Claudia Cagnati per presentare il suo album &#8220;L&#8217;Universo Tra Le Dita&#8221;<\/p>\n<p><strong>LA DIRETTA RADIO PIU&#8217;<\/strong><\/p>\n<p><iframe loading=\"lazy\" title=\"CLAUDIA CAGNATI E SIEGFRIED URSH (SIGO) A RADIO PIU&#039;\" width=\"1200\" height=\"675\" src=\"https:\/\/www.youtube.com\/embed\/7aT7_kbxSGo?feature=oembed\" frameborder=\"0\" allow=\"accelerometer; autoplay; clipboard-write; encrypted-media; gyroscope; picture-in-picture; web-share\" allowfullscreen><\/iframe><\/p>\n<p>&nbsp;<\/p>\n<hr \/>\n<div id=\"title\" class=\"style-scope ytd-watch-metadata\">\n<h1 class=\"style-scope ytd-watch-metadata\"><\/h1>\n<h1><span style=\"color: #ff0000;\">LA RADIO DI SERA<\/span><\/h1>\n<blockquote>\n<h3 class=\"style-scope ytd-watch-metadata\">12 PASSI INDIETRO&#8230;. CON SERGIO VALACCHI<\/h3>\n<\/blockquote>\n<\/div>\n<div id=\"top-row\" class=\"style-scope ytd-watch-metadata\">\n<div id=\"owner\" class=\"item style-scope ytd-watch-metadata\">12 brani&#8230;. 12 passi indietro. Perch\u00e8 la gente &#8220;sana&#8221;, genuina, preparata ce l&#8217;abbiamo in casa anche noi!!! Sergio Valacchi ha sfornato il disco &#8220;12 passi indietro&#8221;. Martedi sera alle 20.30 una grande serata in diretta alla RADIOPIU con Mirko Mezzacasa e Moreno Tocchetto&#8230; tutto made in Belluno. DIRETTA RADIO FM, STREAMING, FACEBOOK, TELEGRAM il disco di Sergio Valacchi con Roberto Mares, Piero Bolzan, Alvise Bortolini, Fabio Puletti, Ivano Battiston il grande fisamonicista, Mole, Andrea Da Corta, Chiara Donadel, Paolo Fornasier, Matteo D&#8217;Inc\u00e0, Steve De Biasi, Giovanni Zanon, Enrica Balzan, Capitan B, Fabio Trentini!!!!!! BELLUNO !!! SOPRATTUTTO&#8230; MARTEDI SERA DALLE 20.30<\/div>\n<\/div>\n<p>&nbsp;<\/p>\n<p><iframe loading=\"lazy\" title=\"12 PASSI INDIETRO.... CON SERGIO VALACCHI\" width=\"1200\" height=\"675\" src=\"https:\/\/www.youtube.com\/embed\/nFp4ltFcwnk?feature=oembed\" frameborder=\"0\" allow=\"accelerometer; autoplay; clipboard-write; encrypted-media; gyroscope; picture-in-picture; web-share\" allowfullscreen><\/iframe><\/p>\n<hr \/>\n<p>&nbsp;<\/p>\n<blockquote>\n<h2>APPUNTAMENTI &#8211; EVENTI<\/h2>\n<\/blockquote>\n\n\t\t\t<style type='text\/css'>\n\t\t\t\t#gallery-5 {\n\t\t\t\t\tmargin: auto;\n\t\t\t\t}\n\t\t\t\t#gallery-5 .gallery-item {\n\t\t\t\t\tfloat: left;\n\t\t\t\t\tmargin-top: 10px;\n\t\t\t\t\ttext-align: center;\n\t\t\t\t\twidth: 33%;\n\t\t\t\t}\n\t\t\t\t#gallery-5 img {\n\t\t\t\t\tborder: 2px solid #cfcfcf;\n\t\t\t\t}\n\t\t\t\t#gallery-5 .gallery-caption {\n\t\t\t\t\tmargin-left: 0;\n\t\t\t\t}\n\t\t\t\t\/* see gallery_shortcode() in wp-includes\/media.php *\/\n\t\t\t<\/style>\n\t\t<div id='gallery-5' class='dt-gallery-container gallery galleryid-317363 gallery-columns-3 gallery-size-medium'><dl class='gallery-item'>\n\t\t\t\t<dt class='gallery-icon portrait'>\n\t\t\t\t\t<a class=\"rollover rollover-zoom dt-pswp-item\" title=\"34712c4d-1310-4db5-a620-fe6ede9a0848\" data-dt-img-description=\"\" data-large_image_width=\"1131\" data-large_image_height=\"1600\"href='https:\/\/www.radiopiu.net\/wordpress\/wp-content\/uploads\/2023\/01\/34712c4d-1310-4db5-a620-fe6ede9a0848.jpg'><img loading=\"lazy\" decoding=\"async\" width=\"212\" height=\"300\" src=\"https:\/\/www.radiopiu.net\/wordpress\/wp-content\/uploads\/2023\/01\/34712c4d-1310-4db5-a620-fe6ede9a0848-212x300.jpg\" class=\"attachment-medium size-medium\" alt=\"\" aria-describedby=\"gallery-5-316092\" srcset=\"https:\/\/www.radiopiu.net\/wordpress\/wp-content\/uploads\/2023\/01\/34712c4d-1310-4db5-a620-fe6ede9a0848-212x300.jpg 212w, https:\/\/www.radiopiu.net\/wordpress\/wp-content\/uploads\/2023\/01\/34712c4d-1310-4db5-a620-fe6ede9a0848-724x1024.jpg 724w, https:\/\/www.radiopiu.net\/wordpress\/wp-content\/uploads\/2023\/01\/34712c4d-1310-4db5-a620-fe6ede9a0848-768x1086.jpg 768w, https:\/\/www.radiopiu.net\/wordpress\/wp-content\/uploads\/2023\/01\/34712c4d-1310-4db5-a620-fe6ede9a0848-1086x1536.jpg 1086w, https:\/\/www.radiopiu.net\/wordpress\/wp-content\/uploads\/2023\/01\/34712c4d-1310-4db5-a620-fe6ede9a0848.jpg 1131w\" sizes=\"auto, (max-width: 212px) 100vw, 212px\" \/><\/a>\n\t\t\t\t<\/dt>\n\t\t\t\t\t<dd class='wp-caption-text gallery-caption' id='gallery-5-316092'>\n\t\t\t\t\tDAL FARRA E BAND IN CONCERTO A LONGARONE\n\t\t\t\t\t<\/dd><\/dl><dl class='gallery-item'>\n\t\t\t\t<dt class='gallery-icon portrait'>\n\t\t\t\t\t<a class=\"rollover rollover-zoom dt-pswp-item\" title=\"323229347_2844929715651064_3411250484413883413_n\" data-dt-img-description=\"\" data-large_image_width=\"724\" data-large_image_height=\"1024\"href='https:\/\/www.radiopiu.net\/wordpress\/wp-content\/uploads\/2023\/01\/323229347_2844929715651064_3411250484413883413_n.jpg'><img loading=\"lazy\" decoding=\"async\" width=\"212\" height=\"300\" src=\"https:\/\/www.radiopiu.net\/wordpress\/wp-content\/uploads\/2023\/01\/323229347_2844929715651064_3411250484413883413_n-212x300.jpg\" class=\"attachment-medium size-medium\" alt=\"\" aria-describedby=\"gallery-5-316095\" srcset=\"https:\/\/www.radiopiu.net\/wordpress\/wp-content\/uploads\/2023\/01\/323229347_2844929715651064_3411250484413883413_n-212x300.jpg 212w, https:\/\/www.radiopiu.net\/wordpress\/wp-content\/uploads\/2023\/01\/323229347_2844929715651064_3411250484413883413_n.jpg 724w\" sizes=\"auto, (max-width: 212px) 100vw, 212px\" \/><\/a>\n\t\t\t\t<\/dt>\n\t\t\t\t\t<dd class='wp-caption-text gallery-caption' id='gallery-5-316095'>\n\t\t\t\t\tSAN BASTIAN, PATRONO DI FALCADE\n\t\t\t\t\t<\/dd><\/dl><dl class='gallery-item'>\n\t\t\t\t<dt class='gallery-icon portrait'>\n\t\t\t\t\t<a class=\"rollover rollover-zoom dt-pswp-item\" title=\"323705541_1631039457354113_1450674556092689641_n\" data-dt-img-description=\"\" data-large_image_width=\"1546\" data-large_image_height=\"2048\"href='https:\/\/www.radiopiu.net\/wordpress\/wp-content\/uploads\/2023\/01\/323705541_1631039457354113_1450674556092689641_n-1.jpg'><img loading=\"lazy\" decoding=\"async\" width=\"226\" height=\"300\" src=\"https:\/\/www.radiopiu.net\/wordpress\/wp-content\/uploads\/2023\/01\/323705541_1631039457354113_1450674556092689641_n-1-226x300.jpg\" class=\"attachment-medium size-medium\" alt=\"\" aria-describedby=\"gallery-5-316096\" srcset=\"https:\/\/www.radiopiu.net\/wordpress\/wp-content\/uploads\/2023\/01\/323705541_1631039457354113_1450674556092689641_n-1-226x300.jpg 226w, https:\/\/www.radiopiu.net\/wordpress\/wp-content\/uploads\/2023\/01\/323705541_1631039457354113_1450674556092689641_n-1-773x1024.jpg 773w, https:\/\/www.radiopiu.net\/wordpress\/wp-content\/uploads\/2023\/01\/323705541_1631039457354113_1450674556092689641_n-1-768x1017.jpg 768w, https:\/\/www.radiopiu.net\/wordpress\/wp-content\/uploads\/2023\/01\/323705541_1631039457354113_1450674556092689641_n-1-1160x1536.jpg 1160w, https:\/\/www.radiopiu.net\/wordpress\/wp-content\/uploads\/2023\/01\/323705541_1631039457354113_1450674556092689641_n-1.jpg 1546w\" sizes=\"auto, (max-width: 226px) 100vw, 226px\" \/><\/a>\n\t\t\t\t<\/dt>\n\t\t\t\t\t<dd class='wp-caption-text gallery-caption' id='gallery-5-316096'>\n\t\t\t\t\tLE IMMAGINI D&#8217;EPOCA\n\t\t\t\t\t<\/dd><\/dl><br style=\"clear: both\" \/><dl class='gallery-item'>\n\t\t\t\t<dt class='gallery-icon portrait'>\n\t\t\t\t\t<a class=\"rollover rollover-zoom dt-pswp-item\" title=\"49598d1e-268d-4442-ba35-17b22ecdadf1\" data-dt-img-description=\"\" data-large_image_width=\"1131\" data-large_image_height=\"1600\"href='https:\/\/www.radiopiu.net\/wordpress\/wp-content\/uploads\/2023\/01\/49598d1e-268d-4442-ba35-17b22ecdadf1.jpg'><img loading=\"lazy\" decoding=\"async\" width=\"212\" height=\"300\" src=\"https:\/\/www.radiopiu.net\/wordpress\/wp-content\/uploads\/2023\/01\/49598d1e-268d-4442-ba35-17b22ecdadf1-212x300.jpg\" class=\"attachment-medium size-medium\" alt=\"\" aria-describedby=\"gallery-5-316573\" srcset=\"https:\/\/www.radiopiu.net\/wordpress\/wp-content\/uploads\/2023\/01\/49598d1e-268d-4442-ba35-17b22ecdadf1-212x300.jpg 212w, https:\/\/www.radiopiu.net\/wordpress\/wp-content\/uploads\/2023\/01\/49598d1e-268d-4442-ba35-17b22ecdadf1-724x1024.jpg 724w, https:\/\/www.radiopiu.net\/wordpress\/wp-content\/uploads\/2023\/01\/49598d1e-268d-4442-ba35-17b22ecdadf1-768x1086.jpg 768w, https:\/\/www.radiopiu.net\/wordpress\/wp-content\/uploads\/2023\/01\/49598d1e-268d-4442-ba35-17b22ecdadf1-1086x1536.jpg 1086w, https:\/\/www.radiopiu.net\/wordpress\/wp-content\/uploads\/2023\/01\/49598d1e-268d-4442-ba35-17b22ecdadf1.jpg 1131w\" sizes=\"auto, (max-width: 212px) 100vw, 212px\" \/><\/a>\n\t\t\t\t<\/dt>\n\t\t\t\t\t<dd class='wp-caption-text gallery-caption' id='gallery-5-316573'>\n\t\t\t\t\tSAGRA DE SANT&#8217;ANTONE\n\t\t\t\t\t<\/dd><\/dl><dl class='gallery-item'>\n\t\t\t\t<dt class='gallery-icon portrait'>\n\t\t\t\t\t<a class=\"rollover rollover-zoom dt-pswp-item\" title=\"3344b20c-8366-4e1c-8338-842c7c98739e\" data-dt-img-description=\"\" data-large_image_width=\"1131\" data-large_image_height=\"1600\"href='https:\/\/www.radiopiu.net\/wordpress\/wp-content\/uploads\/2023\/01\/3344b20c-8366-4e1c-8338-842c7c98739e.jpg'><img loading=\"lazy\" decoding=\"async\" width=\"212\" height=\"300\" src=\"https:\/\/www.radiopiu.net\/wordpress\/wp-content\/uploads\/2023\/01\/3344b20c-8366-4e1c-8338-842c7c98739e-212x300.jpg\" class=\"attachment-medium size-medium\" alt=\"\" aria-describedby=\"gallery-5-316574\" srcset=\"https:\/\/www.radiopiu.net\/wordpress\/wp-content\/uploads\/2023\/01\/3344b20c-8366-4e1c-8338-842c7c98739e-212x300.jpg 212w, https:\/\/www.radiopiu.net\/wordpress\/wp-content\/uploads\/2023\/01\/3344b20c-8366-4e1c-8338-842c7c98739e-724x1024.jpg 724w, https:\/\/www.radiopiu.net\/wordpress\/wp-content\/uploads\/2023\/01\/3344b20c-8366-4e1c-8338-842c7c98739e-768x1086.jpg 768w, https:\/\/www.radiopiu.net\/wordpress\/wp-content\/uploads\/2023\/01\/3344b20c-8366-4e1c-8338-842c7c98739e-1086x1536.jpg 1086w, https:\/\/www.radiopiu.net\/wordpress\/wp-content\/uploads\/2023\/01\/3344b20c-8366-4e1c-8338-842c7c98739e.jpg 1131w\" sizes=\"auto, (max-width: 212px) 100vw, 212px\" \/><\/a>\n\t\t\t\t<\/dt>\n\t\t\t\t\t<dd class='wp-caption-text gallery-caption' id='gallery-5-316574'>\n\t\t\t\t\tBAL DE SANT&#8217;ANTONE\n\t\t\t\t\t<\/dd><\/dl><dl class='gallery-item'>\n\t\t\t\t<dt class='gallery-icon portrait'>\n\t\t\t\t\t<a class=\"rollover rollover-zoom dt-pswp-item\" title=\"e77519b2-cab4-47fd-a5a3-8ecb7c6453ab\" data-dt-img-description=\"\" data-large_image_width=\"1080\" data-large_image_height=\"1350\"href='https:\/\/www.radiopiu.net\/wordpress\/wp-content\/uploads\/2023\/01\/e77519b2-cab4-47fd-a5a3-8ecb7c6453ab.jpg'><img loading=\"lazy\" decoding=\"async\" width=\"240\" height=\"300\" src=\"https:\/\/www.radiopiu.net\/wordpress\/wp-content\/uploads\/2023\/01\/e77519b2-cab4-47fd-a5a3-8ecb7c6453ab-240x300.jpg\" class=\"attachment-medium size-medium\" alt=\"\" aria-describedby=\"gallery-5-317089\" srcset=\"https:\/\/www.radiopiu.net\/wordpress\/wp-content\/uploads\/2023\/01\/e77519b2-cab4-47fd-a5a3-8ecb7c6453ab-240x300.jpg 240w, https:\/\/www.radiopiu.net\/wordpress\/wp-content\/uploads\/2023\/01\/e77519b2-cab4-47fd-a5a3-8ecb7c6453ab-819x1024.jpg 819w, https:\/\/www.radiopiu.net\/wordpress\/wp-content\/uploads\/2023\/01\/e77519b2-cab4-47fd-a5a3-8ecb7c6453ab-768x960.jpg 768w, https:\/\/www.radiopiu.net\/wordpress\/wp-content\/uploads\/2023\/01\/e77519b2-cab4-47fd-a5a3-8ecb7c6453ab.jpg 1080w\" sizes=\"auto, (max-width: 240px) 100vw, 240px\" \/><\/a>\n\t\t\t\t<\/dt>\n\t\t\t\t\t<dd class='wp-caption-text gallery-caption' id='gallery-5-317089'>\n\t\t\t\t\tLA MAMMA DI ARLECCHINO NON DORME MAI\n\t\t\t\t\t<\/dd><\/dl><br style=\"clear: both\" \/>\n\t\t\t<\/div>\n\n<p>&nbsp;<\/p>\n<p>&nbsp;<\/p>\n<p>&nbsp;<\/p>\n<hr \/>\n<p>&nbsp;<\/p>\n<h2><span style=\"color: #ff0000;\">IERI ALLA RADIO<\/span><\/h2>\n<h3><a class=\"dt-pswp-item\" href=\"https:\/\/www.radiopiu.net\/wordpress\/wp-content\/uploads\/2022\/11\/scuola-zaino.jpeg\" data-dt-img-description=\"\" data-large_image_width=\"626\" data-large_image_height=\"417\"><img loading=\"lazy\" decoding=\"async\" class=\" wp-image-306830 alignleft\" src=\"https:\/\/www.radiopiu.net\/wordpress\/wp-content\/uploads\/2022\/11\/scuola-zaino-300x200.jpeg\" alt=\"\" width=\"142\" height=\"94\" srcset=\"https:\/\/www.radiopiu.net\/wordpress\/wp-content\/uploads\/2022\/11\/scuola-zaino-300x200.jpeg 300w, https:\/\/www.radiopiu.net\/wordpress\/wp-content\/uploads\/2022\/11\/scuola-zaino.jpeg 626w\" sizes=\"auto, (max-width: 142px) 100vw, 142px\" \/><\/a><span style=\"color: #008080;\">SE NON LA SMETTI TI MANDO DAL PRESIDE<\/span><\/h3>\n<p>di Mirko Mezzacasa<\/p>\n<p>Con Maria Rosa Salmazo<\/p>\n<audio class=\"wp-audio-shortcode\" id=\"audio-317363-7\" preload=\"none\" style=\"width: 100%;\" controls=\"controls\"><source type=\"audio\/mpeg\" src=\"https:\/\/www.radiopiu.net\/wordpress\/wp-content\/uploads\/2023\/01\/SE-NON-LA-SMETTI-12-PUNTATA.mp3?_=7\" \/><a href=\"https:\/\/www.radiopiu.net\/wordpress\/wp-content\/uploads\/2023\/01\/SE-NON-LA-SMETTI-12-PUNTATA.mp3\">https:\/\/www.radiopiu.net\/wordpress\/wp-content\/uploads\/2023\/01\/SE-NON-LA-SMETTI-12-PUNTATA.mp3<\/a><\/audio>\n<p>&nbsp;<\/p>\n<hr \/>\n<p>&nbsp;<\/p>\n<h3><strong><a class=\"dt-pswp-item\" href=\"https:\/\/www.radiopiu.net\/wordpress\/wp-content\/uploads\/2020\/04\/FEMCA-CISL.png\" data-dt-img-description=\"\" data-large_image_width=\"225\" data-large_image_height=\"225\"><img loading=\"lazy\" decoding=\"async\" class=\" wp-image-127312 alignleft\" src=\"https:\/\/www.radiopiu.net\/wordpress\/wp-content\/uploads\/2020\/04\/FEMCA-CISL.png\" alt=\"\" width=\"127\" height=\"127\" srcset=\"https:\/\/www.radiopiu.net\/wordpress\/wp-content\/uploads\/2020\/04\/FEMCA-CISL.png 225w, https:\/\/www.radiopiu.net\/wordpress\/wp-content\/uploads\/2020\/04\/FEMCA-CISL-150x150.png 150w\" sizes=\"auto, (max-width: 127px) 100vw, 127px\" \/><\/a><span style=\"color: #008000;\">CISL LA VOCE PER I LAVORATORI<\/span><\/strong><\/h3>\n<p><strong>di Mirko Mezzacasa<\/strong><\/p>\n<p>OSPITE: Alessio Piccoli<\/p>\n<audio class=\"wp-audio-shortcode\" id=\"audio-317363-8\" preload=\"none\" style=\"width: 100%;\" controls=\"controls\"><source type=\"audio\/mpeg\" src=\"https:\/\/www.radiopiu.net\/wordpress\/wp-content\/uploads\/2023\/01\/FEMCA-CISL.mp3?_=8\" \/><a href=\"https:\/\/www.radiopiu.net\/wordpress\/wp-content\/uploads\/2023\/01\/FEMCA-CISL.mp3\">https:\/\/www.radiopiu.net\/wordpress\/wp-content\/uploads\/2023\/01\/FEMCA-CISL.mp3<\/a><\/audio>\n<p>&nbsp;<\/p>\n<hr \/>\n<p>&nbsp;<\/p>\n<div>\n<div class=\"b654a4as d2edcug0\">\n<div class=\"rq0escxv hkbzh7o3 jwdofwj8 n8tt0mok r8blr3vg hyh9befq\">\n<p><a class=\"dt-pswp-item\" href=\"https:\/\/www.radiopiu.net\/wordpress\/wp-content\/uploads\/2020\/10\/pp.jpg\" data-dt-img-description=\"\" data-large_image_width=\"640\" data-large_image_height=\"640\"><img loading=\"lazy\" decoding=\"async\" class=\"wp-image-163678 alignleft\" src=\"https:\/\/www.radiopiu.net\/wordpress\/wp-content\/uploads\/2020\/10\/pp-300x300.jpg\" alt=\"\" width=\"106\" height=\"106\" srcset=\"https:\/\/www.radiopiu.net\/wordpress\/wp-content\/uploads\/2020\/10\/pp-300x300.jpg 300w, https:\/\/www.radiopiu.net\/wordpress\/wp-content\/uploads\/2020\/10\/pp-150x150.jpg 150w, https:\/\/www.radiopiu.net\/wordpress\/wp-content\/uploads\/2020\/10\/pp-125x125.jpg 125w, https:\/\/www.radiopiu.net\/wordpress\/wp-content\/uploads\/2020\/10\/pp-200x200.jpg 200w, https:\/\/www.radiopiu.net\/wordpress\/wp-content\/uploads\/2020\/10\/pp-80x80.jpg 80w, https:\/\/www.radiopiu.net\/wordpress\/wp-content\/uploads\/2020\/10\/pp-480x480.jpg 480w, https:\/\/www.radiopiu.net\/wordpress\/wp-content\/uploads\/2020\/10\/pp.jpg 640w\" sizes=\"auto, (max-width: 106px) 100vw, 106px\" \/><\/a><\/p>\n<\/div>\n<\/div>\n<\/div>\n<div>\n<div class=\"page-title-head hgroup\">\n<div class=\"page-title-head hgroup\">\n<div class=\"b654a4as d2edcug0\">\n<div class=\"j83agx80 btwxx1t3 lhclo0ds hop8lmos nkwizq5d scwd0bx6 roh60bw9\">\n<div class=\"rq0escxv hkbzh7o3 jwdofwj8 n8tt0mok r8blr3vg hyh9befq\">\n<div class=\"do00u71z l9j0dhe7 k4urcfbm\" style=\"text-align: left;\">\n<h2><span style=\"color: #000080;\">DON CESARE, IL PENSIERO DEL GIORNO. ALLA RADIO ALLE 7 DEL MATTINO E ALLE 19.30 DELLA SERA\u00a0<\/span><\/h2>\n<audio class=\"wp-audio-shortcode\" id=\"audio-317363-9\" preload=\"none\" style=\"width: 100%;\" controls=\"controls\"><source type=\"audio\/mpeg\" src=\"https:\/\/www.radiopiu.net\/wordpress\/wp-content\/uploads\/2023\/01\/CESARE-12.mp3?_=9\" \/><a href=\"https:\/\/www.radiopiu.net\/wordpress\/wp-content\/uploads\/2023\/01\/CESARE-12.mp3\">https:\/\/www.radiopiu.net\/wordpress\/wp-content\/uploads\/2023\/01\/CESARE-12.mp3<\/a><\/audio>\n<\/div>\n<\/div>\n<\/div>\n<\/div>\n<\/div>\n<\/div>\n<\/div>\n<p>&nbsp;<\/p>\n<hr \/>\n<p>&nbsp;<\/p>\n<h2><strong><a class=\"dt-pswp-item\" href=\"https:\/\/www.radiopiu.net\/wordpress\/wp-content\/uploads\/2023\/01\/b4ce5ab7-98ee-4e3f-bffb-efe8278706df.jpg\" data-dt-img-description=\"\" data-large_image_width=\"1280\" data-large_image_height=\"720\"><img loading=\"lazy\" decoding=\"async\" class=\" wp-image-316695 alignleft\" src=\"https:\/\/www.radiopiu.net\/wordpress\/wp-content\/uploads\/2023\/01\/b4ce5ab7-98ee-4e3f-bffb-efe8278706df-300x169.jpg\" alt=\"\" width=\"183\" height=\"103\" srcset=\"https:\/\/www.radiopiu.net\/wordpress\/wp-content\/uploads\/2023\/01\/b4ce5ab7-98ee-4e3f-bffb-efe8278706df-300x169.jpg 300w, https:\/\/www.radiopiu.net\/wordpress\/wp-content\/uploads\/2023\/01\/b4ce5ab7-98ee-4e3f-bffb-efe8278706df-1024x576.jpg 1024w, https:\/\/www.radiopiu.net\/wordpress\/wp-content\/uploads\/2023\/01\/b4ce5ab7-98ee-4e3f-bffb-efe8278706df-768x432.jpg 768w, https:\/\/www.radiopiu.net\/wordpress\/wp-content\/uploads\/2023\/01\/b4ce5ab7-98ee-4e3f-bffb-efe8278706df.jpg 1280w\" sizes=\"auto, (max-width: 183px) 100vw, 183px\" \/><\/a><\/strong><span style=\"color: #666699;\">LA RASSEGNA STAMPA DA L&#8217;AMICO DEL POPOLO<\/span><\/h2>\n<p><strong>di Gianni Santomaso<\/strong><\/p>\n<p>OSPITE: Don Angelo Balcon<\/p>\n<audio class=\"wp-audio-shortcode\" id=\"audio-317363-10\" preload=\"none\" style=\"width: 100%;\" controls=\"controls\"><source type=\"audio\/mpeg\" src=\"https:\/\/www.radiopiu.net\/wordpress\/wp-content\/uploads\/2023\/01\/RASSEGNA-GIANNI-1.mp3?_=10\" \/><a href=\"https:\/\/www.radiopiu.net\/wordpress\/wp-content\/uploads\/2023\/01\/RASSEGNA-GIANNI-1.mp3\">https:\/\/www.radiopiu.net\/wordpress\/wp-content\/uploads\/2023\/01\/RASSEGNA-GIANNI-1.mp3<\/a><\/audio>\n<p>&nbsp;<\/p>\n<hr \/>\n<p>&nbsp;<\/p>\n<h2><span style=\"color: #ff00ff;\">IN VIVO VERSO\u00a0<\/span><\/h2>\n<blockquote>\n<h3>PERSA di FERNANDA FILIPPO<\/h3>\n<\/blockquote>\n<p><strong>AUDIO<\/strong><\/p>\n<audio class=\"wp-audio-shortcode\" id=\"audio-317363-11\" preload=\"none\" style=\"width: 100%;\" controls=\"controls\"><source type=\"audio\/mpeg\" src=\"https:\/\/www.radiopiu.net\/wordpress\/wp-content\/uploads\/2023\/01\/03-PERSA-DI-FERNANZA-FILIPPO.mp3?_=11\" \/><a href=\"https:\/\/www.radiopiu.net\/wordpress\/wp-content\/uploads\/2023\/01\/03-PERSA-DI-FERNANZA-FILIPPO.mp3\">https:\/\/www.radiopiu.net\/wordpress\/wp-content\/uploads\/2023\/01\/03-PERSA-DI-FERNANZA-FILIPPO.mp3<\/a><\/audio>\n<p>&nbsp;<\/p>\n<p>Fernanda Filippo<br \/>\nPERSA&#8230;<\/p>\n<p>In intrecci contorti di teorie<br \/>\nCammino&#8230;<br \/>\nLe mie scarpe vanno<br \/>\nPer strade nuove<br \/>\nUn&#8217; orma dopo l&#8217;altra<br \/>\nIl mio incedere \u00e8 sicuro nei passi<br \/>\nMa incerto nei pensieri.<br \/>\nImmagino prati in fiore<br \/>\nE citt\u00e0 colorate di gentilezza<br \/>\nVedo natura sfregiata<br \/>\nE degrado di pensiero.<br \/>\nImmagino abbracci colmi di sorrisi<br \/>\nVedo frustate e dignit\u00e0 calpestata.<br \/>\nMa l&#8217; indomita speranza<br \/>\nIntrepida prosegue il viaggio<br \/>\nDentro di me<br \/>\nFacendosi condottiera<br \/>\nDella nobilt\u00e0 d&#8217;animo.<\/p>\n<p>&nbsp;<\/p>\n<div dir=\"auto\">\n<div dir=\"auto\">\n<div dir=\"auto\">\n<p><strong>LA RACCOLTA COMPLETA<\/strong><\/p>\n<blockquote class=\"wp-embedded-content\" data-secret=\"zrEUDsGpWu\"><p><a href=\"https:\/\/www.radiopiu.net\/wordpress\/in-vivo-verso\/\">In Vivo Verso<\/a><\/p><\/blockquote>\n<p><iframe loading=\"lazy\" class=\"wp-embedded-content\" sandbox=\"allow-scripts\" security=\"restricted\" style=\"position: absolute; clip: rect(1px, 1px, 1px, 1px);\" title=\"&#8220;In Vivo Verso&#8221; &#8212; Radio Pi\u00f9\" src=\"https:\/\/www.radiopiu.net\/wordpress\/in-vivo-verso\/embed\/#?secret=HNUGMEtFBF#?secret=zrEUDsGpWu\" data-secret=\"zrEUDsGpWu\" width=\"600\" height=\"338\" frameborder=\"0\" marginwidth=\"0\" marginheight=\"0\" scrolling=\"no\"><\/iframe><\/p>\n<hr \/>\n<p>65<\/p>\n<\/div>\n<\/div>\n<\/div>\n<blockquote>\n<h3>GOCCE DI FILOSOFIA &#8211; PUNTATA 228 &#8211; CHIARA CAU<\/h3>\n<\/blockquote>\n<audio class=\"wp-audio-shortcode\" id=\"audio-317363-12\" preload=\"none\" style=\"width: 100%;\" controls=\"controls\"><source type=\"audio\/mpeg\" src=\"https:\/\/www.radiopiu.net\/wordpress\/wp-content\/uploads\/2023\/01\/FI3-2.mp3?_=12\" \/><a href=\"https:\/\/www.radiopiu.net\/wordpress\/wp-content\/uploads\/2023\/01\/FI3-2.mp3\">https:\/\/www.radiopiu.net\/wordpress\/wp-content\/uploads\/2023\/01\/FI3-2.mp3<\/a><\/audio>\n<p>&nbsp;<\/p>\n<p>LA RACCOLTA COMPLETA<\/p>\n<blockquote class=\"wp-embedded-content\" data-secret=\"3FC717gusa\"><p><a href=\"https:\/\/www.radiopiu.net\/wordpress\/gocce-filosofia\/\">Gocce di filosofia,  LA TERZA STAGIONE&#8230; 2023<\/a><\/p><\/blockquote>\n<p><iframe loading=\"lazy\" class=\"wp-embedded-content\" sandbox=\"allow-scripts\" security=\"restricted\" style=\"position: absolute; clip: rect(1px, 1px, 1px, 1px);\" title=\"&#8220;Gocce di filosofia,  LA TERZA STAGIONE&#8230; 2023&#8221; &#8212; Radio Pi\u00f9\" src=\"https:\/\/www.radiopiu.net\/wordpress\/gocce-filosofia\/embed\/#?secret=YeLtuEpHn0#?secret=3FC717gusa\" data-secret=\"3FC717gusa\" width=\"600\" height=\"338\" frameborder=\"0\" marginwidth=\"0\" marginheight=\"0\" scrolling=\"no\"><\/iframe><\/p>\n<p>&nbsp;<\/p>\n<hr \/>\n<p>&nbsp;<\/p>\n<div class=\"column\">\n<p><img loading=\"lazy\" decoding=\"async\" class=\"aligncenter wp-image-61954 size-full\" src=\"https:\/\/www.radiopiu.net\/wordpress\/wp-content\/uploads\/2018\/09\/viabilita.jpeg\" sizes=\"auto, (max-width: 800px) 100vw, 800px\" srcset=\"https:\/\/www.radiopiu.net\/wordpress\/wp-content\/uploads\/2018\/09\/viabilita.jpeg 800w, https:\/\/www.radiopiu.net\/wordpress\/wp-content\/uploads\/2018\/09\/viabilita-300x38.jpeg 300w, https:\/\/www.radiopiu.net\/wordpress\/wp-content\/uploads\/2018\/09\/viabilita-768x96.jpeg 768w\" alt=\"\" width=\"800\" height=\"100\" \/><\/p>\n<p>&nbsp;<\/p>\n<p>&nbsp;<\/p>\n<p><strong>AGGIORNAMENTO VENETO STRADE, AGGIORNAMENTO CONTINUO H 24<\/strong><\/p>\n<blockquote class=\"wp-embedded-content\" data-secret=\"mXXSvPrO8v\"><p><a href=\"https:\/\/www.radiopiu.net\/wordpress\/viabilita\/\">viabilita<\/a><\/p><\/blockquote>\n<p><iframe loading=\"lazy\" class=\"wp-embedded-content\" sandbox=\"allow-scripts\" security=\"restricted\" style=\"position: absolute; clip: rect(1px, 1px, 1px, 1px);\" title=\"&#8220;viabilita&#8221; &#8212; Radio Pi\u00f9\" src=\"https:\/\/www.radiopiu.net\/wordpress\/viabilita\/embed\/#?secret=Pq2O3vbIqa#?secret=mXXSvPrO8v\" data-secret=\"mXXSvPrO8v\" width=\"600\" height=\"338\" frameborder=\"0\" marginwidth=\"0\" marginheight=\"0\" scrolling=\"no\"><\/iframe><\/p>\n<p>&nbsp;<\/p>\n<p>&nbsp;<\/p>\n<hr \/>\n<p>&nbsp;<\/p>\n<p><a class=\"dt-pswp-item\" href=\"https:\/\/www.radiopiu.net\/wordpress\/wp-content\/uploads\/2018\/09\/WhatsApp-Image-2018-09-20-at-16.04.06.jpeg\" data-dt-img-description=\"\" data-large_image_width=\"800\" data-large_image_height=\"100\"><img loading=\"lazy\" decoding=\"async\" class=\"wp-image-61378 size-full aligncenter\" src=\"https:\/\/www.radiopiu.net\/wordpress\/wp-content\/uploads\/2018\/09\/WhatsApp-Image-2018-09-20-at-16.04.06.jpeg\" alt=\"\" width=\"800\" height=\"100\" srcset=\"https:\/\/www.radiopiu.net\/wordpress\/wp-content\/uploads\/2018\/09\/WhatsApp-Image-2018-09-20-at-16.04.06.jpeg 800w, https:\/\/www.radiopiu.net\/wordpress\/wp-content\/uploads\/2018\/09\/WhatsApp-Image-2018-09-20-at-16.04.06-300x38.jpeg 300w, https:\/\/www.radiopiu.net\/wordpress\/wp-content\/uploads\/2018\/09\/WhatsApp-Image-2018-09-20-at-16.04.06-768x96.jpeg 768w\" sizes=\"auto, (max-width: 800px) 100vw, 800px\" \/><\/a><\/p>\n<p>&nbsp;<\/p>\n<p><center><\/center><center><b>OGGI<\/b><\/center><b>Tempo atteso: <\/b>Tempo variabile con possibili nubi basse in molte valli nelle ore pi\u00f9 fredde e con parziali e temporanee schiarite durante la mattinata specie sulle Dolomiti; nel corso del pomeriggio nuvolosit\u00e0 spesso estesa e consistente soprattutto sulle Prealpi, con modesti fenomeni generalmente sparsi o diffusi.<br \/>\n<b>Precipitazioni: <\/b>Al mattino probabilit\u00e0 bassa (0-10%) di fenomeni molto deboli da locali a sparsi; dal pomeriggio probabilit\u00e0 medio-alta (50-75%) di fenomeni diffusi e perlopi\u00f9 molto modesti specie sulle Dolomiti, con nevicate fino nei fondovalle; possibili alcuni fiocchi di neve a tratti in Valbelluna senza accumuli significativi. Sono previsti quantitativi in media compresi tra i 3 e i 10 mm, con altrettanti cm di neve fresca oltre i 600-800 m.<br \/>\n<b>Temperature: <\/b>In ulteriore calo, soprattutto le massime, con le minime in alta montagna misurate a fine giornata. Contesto termico di stampo prettamente invernale con valori termici inferiori alle medie del periodo; nei fondovalle dolomitici possibili temperature massime prossime o inferiori allo zero.<\/p>\n<hr \/>\n<p><center><b>DOMANI<\/b><\/center><b>Tempo atteso: <\/b>Al mattino cielo in prevalenza poco nuvoloso, specie in alta montagna, salvo risultare parzialmente nuvoloso o nuvoloso per possibili nubi basse nelle ore pi\u00f9 fredde in molte valli; nel corso della giornata possibili locali addensamenti nuvolosi in un contesto parzialmente soleggiato per nubi medio-alte.<br \/>\n<b>Precipitazioni: <\/b>Assenti(0%).<br \/>\n<b>Temperature: <\/b>Minime in lieve o contenuto calo, massime stazionarie o in lieve aumento con clima invernale a tutte le quote.<\/p>\n<hr \/>\n<p><center><b>SABATO<\/b><\/center>Tempo pi\u00f9 soleggiato rispetto a venerd\u00ec, con qualche annuvolamento per nubi medio-basse nelle ore pi\u00f9 fredde in alcune valli e per il transito di velature nel corso della giornata. Fenomeni pressoch\u00e9 assenti. Temperature senza notevoli variazioni, salvo locali lievi diminuzioni delle minime. Clima tipicamente invernale con valori termici inferiori alla norma.<\/p>\n<hr \/>\n<p><center><b>DOMENICA<\/b><\/center>Tempo ancora in prevalenza soleggiato, con soleggiamento in parte attenuato dal transito di nubi alte o per formazioni di nubi basse nelle ore pi\u00f9 fredde in graduale dissolvimento dopo l&#8217;alba; fenomeni assenti. Temperature senza notevoli variazioni. Clima tipicamente invernale.<\/p>\n<p>&nbsp;<\/p>\n<blockquote class=\"wp-embedded-content\" data-secret=\"EpT1ChD1kn\"><p><a href=\"https:\/\/www.radiopiu.net\/wordpress\/ra-vales-e-col-dei-baldi-le-due-localita-dove-e-scesa-piu-neve\/\">RA VALES E COL DEI BALDI LE DUE LOCALITA&#8217; DOVE E&#8217; SCESA PIU&#8217; NEVE<\/a><\/p><\/blockquote>\n<p><iframe loading=\"lazy\" class=\"wp-embedded-content\" sandbox=\"allow-scripts\" security=\"restricted\" style=\"position: absolute; clip: rect(1px, 1px, 1px, 1px);\" title=\"&#8220;RA VALES E COL DEI BALDI LE DUE LOCALITA&#8217; DOVE E&#8217; SCESA PIU&#8217; NEVE&#8221; &#8212; Radio Pi\u00f9\" src=\"https:\/\/www.radiopiu.net\/wordpress\/ra-vales-e-col-dei-baldi-le-due-localita-dove-e-scesa-piu-neve\/embed\/#?secret=gPP1OEgYhl#?secret=EpT1ChD1kn\" data-secret=\"EpT1ChD1kn\" width=\"600\" height=\"338\" frameborder=\"0\" marginwidth=\"0\" marginheight=\"0\" scrolling=\"no\"><\/iframe><\/p>\n<p>&nbsp;<\/p>\n<hr \/>\n<p>&nbsp;<\/p>\n<p><a class=\"dt-pswp-item\" href=\"https:\/\/www.radiopiu.net\/wordpress\/wp-content\/uploads\/2018\/09\/sport.jpg\" data-dt-img-description=\"\" data-large_image_width=\"800\" data-large_image_height=\"100\"><img loading=\"lazy\" decoding=\"async\" class=\"aligncenter wp-image-60761 size-full\" src=\"https:\/\/www.radiopiu.net\/wordpress\/wp-content\/uploads\/2018\/09\/sport.jpg\" alt=\"\" width=\"800\" height=\"100\" srcset=\"https:\/\/www.radiopiu.net\/wordpress\/wp-content\/uploads\/2018\/09\/sport.jpg 800w, https:\/\/www.radiopiu.net\/wordpress\/wp-content\/uploads\/2018\/09\/sport-300x38.jpg 300w, https:\/\/www.radiopiu.net\/wordpress\/wp-content\/uploads\/2018\/09\/sport-768x96.jpg 768w\" sizes=\"auto, (max-width: 800px) 100vw, 800px\" \/><\/a><\/p>\n<p>&nbsp;<\/p>\n<p><span style=\"color: #0000ff;\"><strong>SCI DI FONDO<\/strong><\/span><\/p>\n<blockquote>\n<h3>INIZIA IL MOMENTO CLOU DELLA STAGIONE PER LORENZO BUSIN<\/h3>\n<\/blockquote>\n<p><strong><a class=\"dt-pswp-item\" href=\"https:\/\/www.radiopiu.net\/wordpress\/wp-content\/uploads\/2022\/01\/LORENZO-BUSIN-2022.png\" data-dt-img-description=\"\" data-large_image_width=\"1488\" data-large_image_height=\"1090\"><img loading=\"lazy\" decoding=\"async\" class=\" wp-image-255677 alignleft\" src=\"https:\/\/www.radiopiu.net\/wordpress\/wp-content\/uploads\/2022\/01\/LORENZO-BUSIN-2022-300x220.png\" alt=\"\" width=\"179\" height=\"131\" srcset=\"https:\/\/www.radiopiu.net\/wordpress\/wp-content\/uploads\/2022\/01\/LORENZO-BUSIN-2022-300x220.png 300w, https:\/\/www.radiopiu.net\/wordpress\/wp-content\/uploads\/2022\/01\/LORENZO-BUSIN-2022-1024x750.png 1024w, https:\/\/www.radiopiu.net\/wordpress\/wp-content\/uploads\/2022\/01\/LORENZO-BUSIN-2022-768x563.png 768w, https:\/\/www.radiopiu.net\/wordpress\/wp-content\/uploads\/2022\/01\/LORENZO-BUSIN-2022.png 1488w\" sizes=\"auto, (max-width: 179px) 100vw, 179px\" \/><\/a>di Marco Gaz<\/strong><\/p>\n<p><strong>REDAZIONE<\/strong> Lorenzo Busin sta continuando la sua stagione sugli sci stretti e le lunghe distanze. Dopo gli ottimi risultati in Francia di 15 giorni fa, nello scorso fine settimana Lorenzo ha partecipato a due gare sprint raccogliendo un quarto posto in Val Pusteria e una seconda posizione a Prato Piazza. Ora la testa va alla prossime tappe in Svizzera e Austria.<\/p>\n<p><strong>LORENZO BUSIN<\/strong><\/p>\n<audio class=\"wp-audio-shortcode\" id=\"audio-317363-13\" preload=\"none\" style=\"width: 100%;\" controls=\"controls\"><source type=\"audio\/mpeg\" src=\"https:\/\/www.radiopiu.net\/wordpress\/wp-content\/uploads\/2023\/01\/BUSIN.mp3?_=13\" \/><a href=\"https:\/\/www.radiopiu.net\/wordpress\/wp-content\/uploads\/2023\/01\/BUSIN.mp3\">https:\/\/www.radiopiu.net\/wordpress\/wp-content\/uploads\/2023\/01\/BUSIN.mp3<\/a><\/audio>\n<p>&nbsp;<\/p>\n<hr \/>\n<p>&nbsp;<\/p>\n<p><span style=\"color: #0000ff;\"><strong>SCI ALPINO\u00a0<\/strong><\/span><\/p>\n<div class=\"page-title-head hgroup\">\n<blockquote>\n<h3 class=\"entry-title\">TRE GIORNI DI COPPA DEL MONDO A CORTINA: CI SIAMO!<\/h3>\n<\/blockquote>\n<\/div>\n<div class=\"page-title-breadcrumbs\">\n<p><strong><img loading=\"lazy\" decoding=\"async\" class=\"alignleft\" src=\"https:\/\/www.radiopiu.net\/wordpress\/wp-content\/uploads\/2023\/01\/d3760807-6c0b-4dd4-a55f-704c5b57cc3a.jpg\" width=\"180\" height=\"120\" \/>AUDIO<\/strong><\/p>\n<p><strong>ROBERTO BONA<\/strong><\/p>\n<audio class=\"wp-audio-shortcode\" id=\"audio-317363-14\" preload=\"none\" style=\"width: 100%;\" controls=\"controls\"><source type=\"audio\/mpeg\" src=\"https:\/\/www.radiopiu.net\/wordpress\/wp-content\/uploads\/2023\/01\/ProveCoppaCortina.mp3?_=14\" \/><a href=\"https:\/\/www.radiopiu.net\/wordpress\/wp-content\/uploads\/2023\/01\/ProveCoppaCortina.mp3\">https:\/\/www.radiopiu.net\/wordpress\/wp-content\/uploads\/2023\/01\/ProveCoppaCortina.mp3<\/a><\/audio>\n<p>&nbsp;<\/p>\n<\/div>\n<p>&nbsp;<\/p>\n<hr \/>\n<p>&nbsp;<\/p>\n<p><span style=\"color: #0000ff;\"><strong>PALLAVOLO<\/strong><\/span><\/p>\n<blockquote>\n<h3>I MILLE PUNTI IN A DI GRAZIANI<\/h3>\n<\/blockquote>\n<p><strong><a class=\"dt-pswp-item\" href=\"https:\/\/www.radiopiu.net\/wordpress\/wp-content\/uploads\/2023\/01\/Graziani_a_quota_1000_punti.jpg\" data-dt-img-description=\"\" data-large_image_width=\"2101\" data-large_image_height=\"1401\"><img loading=\"lazy\" decoding=\"async\" class=\" wp-image-317370 alignleft\" src=\"https:\/\/www.radiopiu.net\/wordpress\/wp-content\/uploads\/2023\/01\/Graziani_a_quota_1000_punti-300x200.jpg\" alt=\"\" width=\"165\" height=\"110\" srcset=\"https:\/\/www.radiopiu.net\/wordpress\/wp-content\/uploads\/2023\/01\/Graziani_a_quota_1000_punti-300x200.jpg 300w, https:\/\/www.radiopiu.net\/wordpress\/wp-content\/uploads\/2023\/01\/Graziani_a_quota_1000_punti-1024x683.jpg 1024w, https:\/\/www.radiopiu.net\/wordpress\/wp-content\/uploads\/2023\/01\/Graziani_a_quota_1000_punti-768x512.jpg 768w, https:\/\/www.radiopiu.net\/wordpress\/wp-content\/uploads\/2023\/01\/Graziani_a_quota_1000_punti-1536x1024.jpg 1536w, https:\/\/www.radiopiu.net\/wordpress\/wp-content\/uploads\/2023\/01\/Graziani_a_quota_1000_punti-2048x1366.jpg 2048w\" sizes=\"auto, (max-width: 165px) 100vw, 165px\" \/><\/a>BELLUNO <\/strong>E poi gliene restano mille. Parafrasando un tormentone estivo, sono i punti che Alessandro Graziani ha totalizzato in Serie A, all\u2019interno di una carriera da incorniciare. Lo schiacciatore della Pallavolo Maschile Belluno ha tagliato il prestigioso traguardo sabato scorso, in occasione del derby vinto a Monselice.<span class=\"gmail-Apple-converted-space\">\u00a0<\/span>Ora che la quadrupla cifra \u00e8 realt\u00e0, la domanda sgorga quasi spontanea: di questi mille, quale punto, in assoluto, rimane scolpito nella memoria? Graziani non ha alcun dubbio: \u00abIl primo, all\u2019esordio in A2. Giocavo nella \u201cmia\u201d Liguria, con Siena e nel giorno del compleanno. In realt\u00e0, ogni punto ha il suo peso, soprattutto nei finali di set, ma in quella partita ho realizzato la mia ambizione personale\u00bb.<span class=\"gmail-Apple-converted-space\"> Dopo aver raggiunto le cento partite, ecco un altro step di rilievo nel cammino del trentunenne originario di Genova: \u00abMa a contare \u00e8 la qualit\u00e0, non la quantit\u00e0. Si possono avere molti meno punti dei miei, per\u00f2 se sono stati realizzati in momenti e campionati decisivi hanno un valore superiore. Per quanto mi riguarda, i traguardi ottenuti in serie B hanno la stessa importanza: fanno parte del mio percorso e non sono da meno rispetto a quanto ho ottenuto in Serie A. Quei campionati mi hanno formato\u00bb.\u00a0<\/span><\/p>\n<\/div>\n","protected":false},"excerpt":{"rendered":"<p>RADIO PIU INFORMAZIONE il canale su TELEGRAM informazione di prima\u00a0 mano e in tempo reale. iscriviti ed aiutaci a farlo conoscere\u00a0 ISCRIVITI AL NOSTRO CANALE YOUTUBE PER SEGUIRE IN DIRETTA I PRINCIPALI PROGRAMMI DI RADIO PIU&#8217; E LE FUTURE DIRETTE IN ESTERNA. PER ISCRIVERTI CLICCA QUI E PREMI IL TASTO &#8220;Iscriviti&#8221;\u00a0 &nbsp; &nbsp; &nbsp; NELL&#8217;INCIDENTE&hellip;<\/p>\n","protected":false},"author":4,"featured_media":317515,"comment_status":"closed","ping_status":"closed","sticky":false,"template":"","format":"standard","meta":{"_monsterinsights_skip_tracking":false,"_monsterinsights_sitenote_active":false,"_monsterinsights_sitenote_note":"","_monsterinsights_sitenote_category":0,"footnotes":""},"categories":[104,86,49],"tags":[],"class_list":["post-317363","post","type-post","status-publish","format-standard","has-post-thumbnail","hentry","category-evidenza_3","category-gr","category-news-18","category-104","category-86","category-49","description-off"],"img_url":"https:\/\/www.radiopiu.net\/wordpress\/wp-content\/uploads\/2023\/01\/9ffa791c-577c-46f7-bd80-abaef40e13f3.jpg","_links":{"self":[{"href":"https:\/\/www.radiopiu.net\/wordpress\/wp-json\/wp\/v2\/posts\/317363","targetHints":{"allow":["GET"]}}],"collection":[{"href":"https:\/\/www.radiopiu.net\/wordpress\/wp-json\/wp\/v2\/posts"}],"about":[{"href":"https:\/\/www.radiopiu.net\/wordpress\/wp-json\/wp\/v2\/types\/post"}],"author":[{"embeddable":true,"href":"https:\/\/www.radiopiu.net\/wordpress\/wp-json\/wp\/v2\/users\/4"}],"replies":[{"embeddable":true,"href":"https:\/\/www.radiopiu.net\/wordpress\/wp-json\/wp\/v2\/comments?post=317363"}],"version-history":[{"count":0,"href":"https:\/\/www.radiopiu.net\/wordpress\/wp-json\/wp\/v2\/posts\/317363\/revisions"}],"wp:featuredmedia":[{"embeddable":true,"href":"https:\/\/www.radiopiu.net\/wordpress\/wp-json\/wp\/v2\/media\/317515"}],"wp:attachment":[{"href":"https:\/\/www.radiopiu.net\/wordpress\/wp-json\/wp\/v2\/media?parent=317363"}],"wp:term":[{"taxonomy":"category","embeddable":true,"href":"https:\/\/www.radiopiu.net\/wordpress\/wp-json\/wp\/v2\/categories?post=317363"},{"taxonomy":"post_tag","embeddable":true,"href":"https:\/\/www.radiopiu.net\/wordpress\/wp-json\/wp\/v2\/tags?post=317363"}],"curies":[{"name":"wp","href":"https:\/\/api.w.org\/{rel}","templated":true}]}}