{"id":317365,"date":"2023-01-18T09:29:06","date_gmt":"2023-01-18T08:29:06","guid":{"rendered":"https:\/\/www.radiopiu.net\/wordpress\/?p=317365"},"modified":"2023-01-18T09:29:06","modified_gmt":"2023-01-18T08:29:06","slug":"ra-vales-e-col-dei-baldi-le-due-localita-dove-e-scesa-piu-neve","status":"publish","type":"post","link":"https:\/\/www.radiopiu.net\/wordpress\/ra-vales-e-col-dei-baldi-le-due-localita-dove-e-scesa-piu-neve\/","title":{"rendered":"RA VALES E COL DEI BALDI LE DUE LOCALITA&#8217; DOVE E&#8217; SCESA PIU&#8217; NEVE"},"content":{"rendered":"<p><strong>LIVINALLONGO<\/strong> Continua la perturbazione sulle cime dolomitiche e sulle prealpi venete. Dal bollettino neve al suolo del Centro Valanghe Arpav di Arabba si evince che le due localit\u00e0 sulle Dolomiti in cui \u00e8 scesa pi\u00f9 neve nelle ultime 24 ore sono Ra Vales (Cortina) e Col Dei Baldi (Alleghe) con 15 cm misurati. Il cumulo maggiore di neve si registra a Col Dei Baldi con 92 cm.<\/p>\n<p><strong>IL BOLLETTINO NEVE AL SUOLO<\/strong><\/p>\n<a href=\"https:\/\/www.radiopiu.net\/wordpress\/wp-content\/uploads\/2023\/01\/2023_01_18_Dolomiti-Neve-al-Suolo.pdf\" class=\"pdfemb-viewer\" style=\"\" data-width=\"max\" data-height=\"max\" data-toolbar=\"top\" data-toolbar-fixed=\"on\">2023_01_18_Dolomiti Neve al Suolo<\/a>\n<p>&nbsp;<\/p>\n<p>&nbsp;<\/p>\n<p>*****<\/p>\n","protected":false},"excerpt":{"rendered":"<p>LIVINALLONGO Continua la perturbazione sulle cime dolomitiche e sulle prealpi venete. Dal bollettino neve al suolo del Centro Valanghe Arpav di Arabba si evince che le due localit\u00e0 sulle Dolomiti in cui \u00e8 scesa pi\u00f9 neve nelle ultime 24 ore sono Ra Vales (Cortina) e Col Dei Baldi (Alleghe) con 15 cm misurati. Il cumulo&hellip;<\/p>\n","protected":false},"author":4,"featured_media":249371,"comment_status":"closed","ping_status":"closed","sticky":false,"template":"","format":"standard","meta":{"_monsterinsights_skip_tracking":false,"_monsterinsights_sitenote_active":false,"_monsterinsights_sitenote_note":"","_monsterinsights_sitenote_category":0,"footnotes":""},"categories":[49],"tags":[],"class_list":["post-317365","post","type-post","status-publish","format-standard","has-post-thumbnail","hentry","category-news-18","category-49","description-off"],"img_url":"https:\/\/www.radiopiu.net\/wordpress\/wp-content\/uploads\/2021\/12\/neve.jpeg","_links":{"self":[{"href":"https:\/\/www.radiopiu.net\/wordpress\/wp-json\/wp\/v2\/posts\/317365","targetHints":{"allow":["GET"]}}],"collection":[{"href":"https:\/\/www.radiopiu.net\/wordpress\/wp-json\/wp\/v2\/posts"}],"about":[{"href":"https:\/\/www.radiopiu.net\/wordpress\/wp-json\/wp\/v2\/types\/post"}],"author":[{"embeddable":true,"href":"https:\/\/www.radiopiu.net\/wordpress\/wp-json\/wp\/v2\/users\/4"}],"replies":[{"embeddable":true,"href":"https:\/\/www.radiopiu.net\/wordpress\/wp-json\/wp\/v2\/comments?post=317365"}],"version-history":[{"count":0,"href":"https:\/\/www.radiopiu.net\/wordpress\/wp-json\/wp\/v2\/posts\/317365\/revisions"}],"wp:featuredmedia":[{"embeddable":true,"href":"https:\/\/www.radiopiu.net\/wordpress\/wp-json\/wp\/v2\/media\/249371"}],"wp:attachment":[{"href":"https:\/\/www.radiopiu.net\/wordpress\/wp-json\/wp\/v2\/media?parent=317365"}],"wp:term":[{"taxonomy":"category","embeddable":true,"href":"https:\/\/www.radiopiu.net\/wordpress\/wp-json\/wp\/v2\/categories?post=317365"},{"taxonomy":"post_tag","embeddable":true,"href":"https:\/\/www.radiopiu.net\/wordpress\/wp-json\/wp\/v2\/tags?post=317365"}],"curies":[{"name":"wp","href":"https:\/\/api.w.org\/{rel}","templated":true}]}}