{"id":317396,"date":"2023-01-19T05:35:14","date_gmt":"2023-01-19T04:35:14","guid":{"rendered":"https:\/\/www.radiopiu.net\/wordpress\/?p=317396"},"modified":"2023-01-19T05:52:46","modified_gmt":"2023-01-19T04:52:46","slug":"mercato-immobiliare-veneto-la-provincia-di-belluno-la-piu-cara-di-tutte-con-3489-euro-al-metro-quadro","status":"publish","type":"post","link":"https:\/\/www.radiopiu.net\/wordpress\/mercato-immobiliare-veneto-la-provincia-di-belluno-la-piu-cara-di-tutte-con-3489-euro-al-metro-quadro\/","title":{"rendered":"MERCATO IMMOBILIARE VENETO: LA PROVINCIA DI BELLUNO LA PIU&#8217; CARA DI TUTTE CON 3489 EURO AL METRO QUADRO"},"content":{"rendered":"<p><strong><a class=\"dt-pswp-item\" href=\"https:\/\/www.radiopiu.net\/wordpress\/wp-content\/uploads\/2023\/01\/CHIAVI-CASA.jpg\" data-dt-img-description=\"\" data-large_image_width=\"1920\" data-large_image_height=\"1280\"><img loading=\"lazy\" decoding=\"async\" class=\" wp-image-317397 alignleft\" src=\"https:\/\/www.radiopiu.net\/wordpress\/wp-content\/uploads\/2023\/01\/CHIAVI-CASA-300x200.jpg\" alt=\"\" width=\"201\" height=\"134\" srcset=\"https:\/\/www.radiopiu.net\/wordpress\/wp-content\/uploads\/2023\/01\/CHIAVI-CASA-300x200.jpg 300w, https:\/\/www.radiopiu.net\/wordpress\/wp-content\/uploads\/2023\/01\/CHIAVI-CASA-1024x683.jpg 1024w, https:\/\/www.radiopiu.net\/wordpress\/wp-content\/uploads\/2023\/01\/CHIAVI-CASA-768x512.jpg 768w, https:\/\/www.radiopiu.net\/wordpress\/wp-content\/uploads\/2023\/01\/CHIAVI-CASA-1536x1024.jpg 1536w, https:\/\/www.radiopiu.net\/wordpress\/wp-content\/uploads\/2023\/01\/CHIAVI-CASA.jpg 1920w\" sizes=\"auto, (max-width: 201px) 100vw, 201px\" \/><\/a>MILANO <\/strong>Il mercato immobiliare del Veneto chiude un 2022 in crescita, con i prezzi delle compravendite che sfiorano il +4% rispetto al 2021 e le locazioni vicine al +6%. Comprare casa in regione costa, in media, 2.031 euro al metro quadro, affittarla 10,6 euro\/mq. Questo \u00e8 quanto rilevato da Immobiliare.it, il portale immobiliare leader in Italia, nell\u2019Osservatorio annuale sul settore residenziale curato da Immobiliare.it Insights. Il quarto trimestre presenta per\u00f2 tassi di crescita pi\u00f9 contenuti per entrambi i comparti del mercato immobiliare: i prezzi di vendita si fermano a +1,3%, mentre le locazioni toccano il +2,0%. Anche in questo lasso di tempo, quindi, il mercato degli affitti si rivela essere pi\u00f9 dinamico di quello delle compravendite. Questo rapporto tra i due settori del mercato si evince anche dall\u2019analisi della domanda, che nel corso del 2022 cresce di quasi il 9% per gli immobili in vendita, ma ben del 56% per quelli in locazione. In entrambi i casi si osserva nuovamente una frenata nell\u2019ultimo trimestre, che nel caso della domanda rappresenta una vera e propria contrazione: -4,1% relativamente alle vendite, -11,6% per gli affitti. La provincia di Belluno \u00e8 il territorio pi\u00f9 caro di tutto il Veneto, con 3.489 euro al metro quadro richiesti per l\u2019acquisto. Costa invece molto meno Rovigo, che rappresenta la citt\u00e0 e la provincia dal mattone pi\u00f9 economico della regione, rispettivamente con 1.016 euro\/mq per il comune e 998 euro\/mq per la provincia. Il comune che si \u00e8 apprezzato di pi\u00f9, invece, \u00e8 quello di Vicenza, che con i suoi 1.543 euro\/mq si afferma al +8,1% rispetto al 2021. Sia rispetto al 2022, sia rispetto al 2021, sono molti i territori che vedono i prezzi di vendita crescere, con poche eccezioni. Il caso pi\u00f9 importante \u00e8 quello del comune di Belluno, che nell\u2019ultimo anno si attesta su un -4% circa. Il comune di Belluno si distingue inoltre, in questo caso positivamente, per la domanda di immobili in vendita che cresce, rispetto al 2021, quasi del 45%, trainando l\u2019ottimo risultato regionale. Tuttavia, la provincia di Belluno \u00e8 quella che decresce di pi\u00f9 sia nel 2022 (-4%), sia su base trimestrale, -16,8%. Situazione simile per quanto riguarda gli stock di immobili invenduti, che vedono una riduzione generalizzata in tutti i territori veneti su base annua. Pi\u00f9 differenziato, invece, l\u2019andamento di questa grandezza nell\u2019ultimo trimestre.<\/p>\n<p>&nbsp;<\/p>\n<p>&nbsp;<\/p>\n<p>******<\/p>\n","protected":false},"excerpt":{"rendered":"<p>MILANO Il mercato immobiliare del Veneto chiude un 2022 in crescita, con i prezzi delle compravendite che sfiorano il +4% rispetto al 2021 e le locazioni vicine al +6%. Comprare casa in regione costa, in media, 2.031 euro al metro quadro, affittarla 10,6 euro\/mq. Questo \u00e8 quanto rilevato da Immobiliare.it, il portale immobiliare leader in&hellip;<\/p>\n","protected":false},"author":4,"featured_media":317397,"comment_status":"closed","ping_status":"closed","sticky":false,"template":"","format":"standard","meta":{"_monsterinsights_skip_tracking":false,"_monsterinsights_sitenote_active":false,"_monsterinsights_sitenote_note":"","_monsterinsights_sitenote_category":0,"footnotes":""},"categories":[51,49],"tags":[],"class_list":["post-317396","post","type-post","status-publish","format-standard","has-post-thumbnail","hentry","category-evidenza-top","category-news-18","category-51","category-49","description-off"],"img_url":"https:\/\/www.radiopiu.net\/wordpress\/wp-content\/uploads\/2023\/01\/CHIAVI-CASA.jpg","_links":{"self":[{"href":"https:\/\/www.radiopiu.net\/wordpress\/wp-json\/wp\/v2\/posts\/317396","targetHints":{"allow":["GET"]}}],"collection":[{"href":"https:\/\/www.radiopiu.net\/wordpress\/wp-json\/wp\/v2\/posts"}],"about":[{"href":"https:\/\/www.radiopiu.net\/wordpress\/wp-json\/wp\/v2\/types\/post"}],"author":[{"embeddable":true,"href":"https:\/\/www.radiopiu.net\/wordpress\/wp-json\/wp\/v2\/users\/4"}],"replies":[{"embeddable":true,"href":"https:\/\/www.radiopiu.net\/wordpress\/wp-json\/wp\/v2\/comments?post=317396"}],"version-history":[{"count":0,"href":"https:\/\/www.radiopiu.net\/wordpress\/wp-json\/wp\/v2\/posts\/317396\/revisions"}],"wp:featuredmedia":[{"embeddable":true,"href":"https:\/\/www.radiopiu.net\/wordpress\/wp-json\/wp\/v2\/media\/317397"}],"wp:attachment":[{"href":"https:\/\/www.radiopiu.net\/wordpress\/wp-json\/wp\/v2\/media?parent=317396"}],"wp:term":[{"taxonomy":"category","embeddable":true,"href":"https:\/\/www.radiopiu.net\/wordpress\/wp-json\/wp\/v2\/categories?post=317396"},{"taxonomy":"post_tag","embeddable":true,"href":"https:\/\/www.radiopiu.net\/wordpress\/wp-json\/wp\/v2\/tags?post=317396"}],"curies":[{"name":"wp","href":"https:\/\/api.w.org\/{rel}","templated":true}]}}