{"id":317541,"date":"2023-01-19T05:44:14","date_gmt":"2023-01-19T04:44:14","guid":{"rendered":"https:\/\/www.radiopiu.net\/wordpress\/?p=317541"},"modified":"2023-01-19T05:47:19","modified_gmt":"2023-01-19T04:47:19","slug":"effetti-della-gelosia-gli-strappa-i-vestiti-e-lo-manda-in-ospedale","status":"publish","type":"post","link":"https:\/\/www.radiopiu.net\/wordpress\/effetti-della-gelosia-gli-strappa-i-vestiti-e-lo-manda-in-ospedale\/","title":{"rendered":"EFFETTI DELLA GELOSIA, GLI STRAPPA I VESTITI E LO MANDA IN OSPEDALE"},"content":{"rendered":"<p><strong>OGGI SUL CORRIERE DELLE ALPI<\/strong><\/p>\n<p><strong>DI GIGI SOSSO<\/strong><\/p>\n<p><strong><img loading=\"lazy\" decoding=\"async\" class=\"alignleft\" src=\"https:\/\/www.radiopiu.net\/wordpress\/wp-content\/uploads\/2023\/01\/download-6.jpg\" width=\"131\" height=\"98\" \/>FELTRE<\/strong> Picchia l&#8217;ex moroso per gelosia e arriva a strappargli i vestiti di dosso davanti a tutti. L&#8217;uomo, che stava passeggiando nel centro di Feltre in compagnia di un&#8217;altra ragazza, scappa e va alla caserma dei carabinieri a denunciarla. La Procura di Belluno ha chiesto e ottenuto il rinvio a giudizio della donna per atti persecutori e non ha contestato percosse o lesioni, perch\u00e9 in precedenza l&#8217;imputata aveva molestato per settimane la controparte, provocandogli uno stato di ansia e preoccupazione tali da cambiare le proprie abitudini di vita e a non frequentare pi\u00f9, almeno pubblicamente, la nuova fidanzata&#8230;. Non risultano querele da parte della donna, che \u00e8 difesa di fiducia dall&#8217;avvocato Paolo Serrangeli. L&#8217;uomo, invece, si costituir\u00e0 parte civile con Liuba D&#8217;Agstini e avrebbe avanzato una richiesta di risarcimento danni, che per\u00f2 \u00e8 stata respinta.\u00a0 Il processo\u00a0 a febbraio .<\/p>\n<p>&nbsp;<\/p>\n<p>&nbsp;<\/p>\n<p>&nbsp;<\/p>\n<p>___<\/p>\n","protected":false},"excerpt":{"rendered":"<p>OGGI SUL CORRIERE DELLE ALPI DI GIGI SOSSO FELTRE Picchia l&#8217;ex moroso per gelosia e arriva a strappargli i vestiti di dosso davanti a tutti. L&#8217;uomo, che stava passeggiando nel centro di Feltre in compagnia di un&#8217;altra ragazza, scappa e va alla caserma dei carabinieri a denunciarla. La Procura di Belluno ha chiesto e ottenuto&hellip;<\/p>\n","protected":false},"author":4,"featured_media":317542,"comment_status":"closed","ping_status":"closed","sticky":false,"template":"","format":"standard","meta":{"_monsterinsights_skip_tracking":false,"_monsterinsights_sitenote_active":false,"_monsterinsights_sitenote_note":"","_monsterinsights_sitenote_category":0,"footnotes":""},"categories":[51,49],"tags":[],"class_list":["post-317541","post","type-post","status-publish","format-standard","has-post-thumbnail","hentry","category-evidenza-top","category-news-18","category-51","category-49","description-off"],"img_url":"https:\/\/www.radiopiu.net\/wordpress\/wp-content\/uploads\/2023\/01\/download-6.jpg","_links":{"self":[{"href":"https:\/\/www.radiopiu.net\/wordpress\/wp-json\/wp\/v2\/posts\/317541","targetHints":{"allow":["GET"]}}],"collection":[{"href":"https:\/\/www.radiopiu.net\/wordpress\/wp-json\/wp\/v2\/posts"}],"about":[{"href":"https:\/\/www.radiopiu.net\/wordpress\/wp-json\/wp\/v2\/types\/post"}],"author":[{"embeddable":true,"href":"https:\/\/www.radiopiu.net\/wordpress\/wp-json\/wp\/v2\/users\/4"}],"replies":[{"embeddable":true,"href":"https:\/\/www.radiopiu.net\/wordpress\/wp-json\/wp\/v2\/comments?post=317541"}],"version-history":[{"count":0,"href":"https:\/\/www.radiopiu.net\/wordpress\/wp-json\/wp\/v2\/posts\/317541\/revisions"}],"wp:featuredmedia":[{"embeddable":true,"href":"https:\/\/www.radiopiu.net\/wordpress\/wp-json\/wp\/v2\/media\/317542"}],"wp:attachment":[{"href":"https:\/\/www.radiopiu.net\/wordpress\/wp-json\/wp\/v2\/media?parent=317541"}],"wp:term":[{"taxonomy":"category","embeddable":true,"href":"https:\/\/www.radiopiu.net\/wordpress\/wp-json\/wp\/v2\/categories?post=317541"},{"taxonomy":"post_tag","embeddable":true,"href":"https:\/\/www.radiopiu.net\/wordpress\/wp-json\/wp\/v2\/tags?post=317541"}],"curies":[{"name":"wp","href":"https:\/\/api.w.org\/{rel}","templated":true}]}}