{"id":317558,"date":"2023-01-19T07:45:54","date_gmt":"2023-01-19T06:45:54","guid":{"rendered":"https:\/\/www.radiopiu.net\/wordpress\/?p=317558"},"modified":"2023-01-28T08:34:43","modified_gmt":"2023-01-28T07:34:43","slug":"dal-1983-da-40-anni-la-rassegna-stampa-locale-alle-otto-del-mattino-di-mirko-mezzacasa","status":"publish","type":"post","link":"https:\/\/www.radiopiu.net\/wordpress\/dal-1983-da-40-anni-la-rassegna-stampa-locale-alle-otto-del-mattino-di-mirko-mezzacasa\/","title":{"rendered":"dal 1983, da 40 anni la rassegna stampa locale alle otto del mattino di mirko mezzacasa"},"content":{"rendered":"<p><strong>FONZASO<\/strong> Un grande dolore nel fonzasino per la morte di Silvano Maccagnan, ex dipendente comunale, centrato sulla sua corsia dall&#8217;auto di un operaio che rincasava dopo il turno di notte.<br \/>\n<strong>ALPAGO<\/strong> Tragedia sfiorata a Tambre, la Panda s&#8217;infilza nella cuspide del guardrail, sfiorato il conducente.<br \/>\n<strong>SOSPIROLO<\/strong> Domani i funerali di Severino Rungger del Centro Studi montagna di Sospirolo.<br \/>\n<strong>VENEZIA<\/strong> Domani l&#8217;addio a Giulia Ramelli, la 34enne maestra di sci vittima una settimana fa della valanta tra Cinque Torri e Nuvolau.<\/p>\n<p><strong>VIGO\u00a0<\/strong> Lacrime in Cadore per la morte di Stefano Pedevilla, 58 anni, dipendente di Veneto Strade, era uno dei pi\u00f9 anziani dipendenti della societ\u00e0 regionale che si occupa di strade della provincia di Belluno, rispettato dai colleghi tanto da essere risultato anche uno dei pi\u00f9 votati alle elezioni delle rsu nella lista Uiltrasporti..<br \/>\n<strong>LIVINALLONGO<\/strong> Ladini separati, oggi Bolzano ricorda l&#8217;annessione forzata al bellunese, partecipano le tre comunit\u00e0 ladina del Souramont: Cortina, Livinallongo e Colle Santa Lucia.<br \/>\n<strong>ANAS<\/strong> Cantiere di Valle rinviato di sette giorni, la galleria di Segusino riapre a fine febbraio.<br \/>\n<strong>METEO<\/strong> Stato di attenzione per le nevicate previste tra oggi e domani.<br \/>\n<strong>ROCCA PIETORE<\/strong> E\u2019 ufficiale, Andrea De Bernardin gi\u00e0 segretario di sezione (dal 2021) \u00e8 il candidato per la Segretaria Provinciale della Liga Veneta Sezione di Belluno. Il sindaco di Rocca Pietore \u00e8 iscritto alla Lega dal 1993 e non ha mai cambiato \u201cbandiera\u201d. La sfida con il collega di partito Luciano Da Pian capogruppo del partito in consiglio comunale a Belluno dal 2017 al 2022<br \/>\n<strong>MILANO<\/strong> Il mercato immobiliare del Veneto chiude un 2022 in crescita, con i prezzi delle compravendite che sfiorano il +4% rispetto al 2021 e le locazioni vicine al +6%.<br \/>\n<strong>BELLUNO<\/strong> I Servizi Veterinari dell\u2019Ulss Dolomiti segnalaNO la presenza di un cane di media taglia, bianco \u2013 nero con qualche macchia marrone, con collare e medaglietta. L\u2019Ulss invita a segnalare ai Servizi Veterinari allo 0437\/940183 ogni avvistamento.<br \/>\n<strong>PONTE NELLE ALPI<\/strong> Luciano Maddalozzo \u00e8 il nuovo responsabile della Protezione civile, gruppo che conta pi\u00f9 di 60 persone<br \/>\n<span style=\"color: #ff0000;\"><strong>SCI DI FONDO<\/strong> <\/span>INIZIA IL MOMENTO CLOU DELLA STAGIONE PER LORENZO BUSIN<br \/>\n<strong><span style=\"color: #ff0000;\">SCI ALPINO <\/span><\/strong>TRE GIORNI DI COPPA DEL MONDO A CORTINA: CI SIAMO!<br \/>\n<span style=\"color: #ff0000;\"><strong>PALLAVOLO<\/strong><\/span> I MILLE PUNTI IN A DI GRAZIANI<\/p>\n<p>&nbsp;<\/p>\n<p><iframe loading=\"lazy\" title=\"RASSEGNA STAMPA LOCALE\" width=\"1200\" height=\"675\" src=\"https:\/\/www.youtube.com\/embed\/hFsLMmmhG3c?feature=oembed\" frameborder=\"0\" allow=\"accelerometer; autoplay; clipboard-write; encrypted-media; gyroscope; picture-in-picture; web-share\" allowfullscreen><\/iframe><\/p>\n<p>&nbsp;<\/p>\n<p>&nbsp;<\/p>\n<hr \/>\n<p>&nbsp;<\/p>\n","protected":false},"excerpt":{"rendered":"<p>FONZASO Un grande dolore nel fonzasino per la morte di Silvano Maccagnan, ex dipendente comunale, centrato sulla sua corsia dall&#8217;auto di un operaio che rincasava dopo il turno di notte. ALPAGO Tragedia sfiorata a Tambre, la Panda s&#8217;infilza nella cuspide del guardrail, sfiorato il conducente. SOSPIROLO Domani i funerali di Severino Rungger del Centro Studi&hellip;<\/p>\n","protected":false},"author":4,"featured_media":317546,"comment_status":"closed","ping_status":"closed","sticky":false,"template":"","format":"standard","meta":{"_monsterinsights_skip_tracking":false,"_monsterinsights_sitenote_active":false,"_monsterinsights_sitenote_note":"","_monsterinsights_sitenote_category":0,"footnotes":""},"categories":[49,142],"tags":[],"class_list":["post-317558","post","type-post","status-publish","format-standard","has-post-thumbnail","hentry","category-news-18","category-rassegna-stampa","category-49","category-142","description-off"],"img_url":"https:\/\/www.radiopiu.net\/wordpress\/wp-content\/uploads\/2023\/01\/Senza-nome-45.jpg","_links":{"self":[{"href":"https:\/\/www.radiopiu.net\/wordpress\/wp-json\/wp\/v2\/posts\/317558","targetHints":{"allow":["GET"]}}],"collection":[{"href":"https:\/\/www.radiopiu.net\/wordpress\/wp-json\/wp\/v2\/posts"}],"about":[{"href":"https:\/\/www.radiopiu.net\/wordpress\/wp-json\/wp\/v2\/types\/post"}],"author":[{"embeddable":true,"href":"https:\/\/www.radiopiu.net\/wordpress\/wp-json\/wp\/v2\/users\/4"}],"replies":[{"embeddable":true,"href":"https:\/\/www.radiopiu.net\/wordpress\/wp-json\/wp\/v2\/comments?post=317558"}],"version-history":[{"count":0,"href":"https:\/\/www.radiopiu.net\/wordpress\/wp-json\/wp\/v2\/posts\/317558\/revisions"}],"wp:featuredmedia":[{"embeddable":true,"href":"https:\/\/www.radiopiu.net\/wordpress\/wp-json\/wp\/v2\/media\/317546"}],"wp:attachment":[{"href":"https:\/\/www.radiopiu.net\/wordpress\/wp-json\/wp\/v2\/media?parent=317558"}],"wp:term":[{"taxonomy":"category","embeddable":true,"href":"https:\/\/www.radiopiu.net\/wordpress\/wp-json\/wp\/v2\/categories?post=317558"},{"taxonomy":"post_tag","embeddable":true,"href":"https:\/\/www.radiopiu.net\/wordpress\/wp-json\/wp\/v2\/tags?post=317558"}],"curies":[{"name":"wp","href":"https:\/\/api.w.org\/{rel}","templated":true}]}}