{"id":317573,"date":"2023-01-20T05:37:15","date_gmt":"2023-01-20T04:37:15","guid":{"rendered":"https:\/\/www.radiopiu.net\/wordpress\/?p=317573"},"modified":"2023-01-20T06:56:54","modified_gmt":"2023-01-20T05:56:54","slug":"giornale-radiopiu-20-gennaio-2023-direttore-mirko-mezzacasa-verso-i-40-anni-25-giugno-1983-25-giugno-2023","status":"publish","type":"post","link":"https:\/\/www.radiopiu.net\/wordpress\/giornale-radiopiu-20-gennaio-2023-direttore-mirko-mezzacasa-verso-i-40-anni-25-giugno-1983-25-giugno-2023\/","title":{"rendered":"GIORNALE RADIOPIU 20 GENNAIO 2023 DIRETTORE MIRKO MEZZACASA&#8230;verso i 40 anni 25 giugno 1983-25 giugno 2023"},"content":{"rendered":"<h3 class=\"kvgmc6g5 cxmmr5t8 oygrvhab hcukyx3x c1et5uql\"><span style=\"color: #0000ff;\"><strong>RADIO PIU INFORMAZIONE il canale su TELEGRAM informazione di prima\u00a0 <\/strong><strong>mano e in tempo reale. iscriviti ed aiutaci a farlo conoscere\u00a0<\/strong><\/span><\/h3>\n<h2 style=\"text-align: left;\"><span style=\"color: #ff0000;\">ISCRIVITI AL NOSTRO CANALE YOUTUBE PER SEGUIRE IN DIRETTA I PRINCIPALI PROGRAMMI DI RADIO PIU&#8217; E LE FUTURE DIRETTE IN ESTERNA. PER ISCRIVERTI <a style=\"color: #ff0000;\" href=\"https:\/\/youtube.com\/@radiopiu1527\">CLICCA QUI<\/a> E PREMI IL TASTO &#8220;Iscriviti&#8221;\u00a0<\/span><\/h2>\n<p>&nbsp;<\/p>\n<hr \/>\n<p>&nbsp;<\/p>\n<blockquote>\n<h3><a class=\"dt-pswp-item\" href=\"https:\/\/www.radiopiu.net\/wordpress\/wp-content\/uploads\/2023\/01\/Senza-nome-48.jpg\" data-dt-img-description=\"\" data-large_image_width=\"496\" data-large_image_height=\"276\"><img loading=\"lazy\" decoding=\"async\" class=\"size-medium wp-image-317692 alignleft\" src=\"https:\/\/www.radiopiu.net\/wordpress\/wp-content\/uploads\/2023\/01\/Senza-nome-48-300x167.jpg\" alt=\"\" width=\"300\" height=\"167\" srcset=\"https:\/\/www.radiopiu.net\/wordpress\/wp-content\/uploads\/2023\/01\/Senza-nome-48-300x167.jpg 300w, https:\/\/www.radiopiu.net\/wordpress\/wp-content\/uploads\/2023\/01\/Senza-nome-48.jpg 496w\" sizes=\"auto, (max-width: 300px) 100vw, 300px\" \/><\/a>POMERIGGIO DI FUOCO IN CADORE, DEVASTATA UN&#8217;ABITAZIONE DI QUATTRO PIANI<\/h3>\n<\/blockquote>\n<p><strong>VIGO DI CADORE<\/strong> Nessun ferito nell&#8217;incendio di ieri pomeriggio (alle 17.30) che ha interessato un&#8217;abitazione di Laggio di Cadore. Le fiamme hanno intaccato le parti lignee. La causa si presume sia da addebitare al\u00a0 surriscaldamento della canna fumaria. Sul posto\u00a0 i vigili del fuoco dei distaccamenti di Santo Stefano e Pieve di Cadore e i volontari di Lozzo, Valle e Calalzo. Ci sono volute tre ore di lavoro per spegnere fiamme e focolai ancora attivi.<\/p>\n<p>&nbsp;<\/p>\n<hr \/>\n<p>&nbsp;<\/p>\n<blockquote>\n<h3>CONDANNE DEFINITIVE PER I LADRI NELLE ABITAZIONI DEL VENETO E FRIULI, BELLUNO COMPRESO\u00a0 <em style=\"font-size: 14px; font-weight: normal;\">\u00a0<\/em><\/h3>\n<\/blockquote>\n<p><em>Una buona parte del bottino milionario (gioielli, contanti, in alcuni casi anche armi) era stata recuperata nel covo della banda a Conegliano o fatta ritrovare in seguito dagli indagati.<\/em><\/p>\n<p><strong><a class=\"dt-pswp-item\" href=\"https:\/\/www.radiopiu.net\/wordpress\/wp-content\/uploads\/2022\/06\/TRIBUNALE-2.jpg\" data-dt-img-description=\"\" data-large_image_width=\"960\" data-large_image_height=\"720\"><img loading=\"lazy\" decoding=\"async\" class=\"wp-image-282908 alignleft\" src=\"https:\/\/www.radiopiu.net\/wordpress\/wp-content\/uploads\/2022\/06\/TRIBUNALE-2-300x225.jpg\" alt=\"\" width=\"163\" height=\"122\" srcset=\"https:\/\/www.radiopiu.net\/wordpress\/wp-content\/uploads\/2022\/06\/TRIBUNALE-2-300x225.jpg 300w, https:\/\/www.radiopiu.net\/wordpress\/wp-content\/uploads\/2022\/06\/TRIBUNALE-2-768x576.jpg 768w, https:\/\/www.radiopiu.net\/wordpress\/wp-content\/uploads\/2022\/06\/TRIBUNALE-2.jpg 960w\" sizes=\"auto, (max-width: 163px) 100vw, 163px\" \/><\/a>BELLUNO<\/strong>\u00a0 Nikoll Dobrozi, 30 anni, e Edmond Et Hemaj, 38 anni, responsabili insieme a una terza persona di almeno 66 colpi in quattro mesi tra il 2018 e il 2019 commessi in ville e abitazioni nelle province di Pordenone, ma anche di Belluno sono stati definitivamente condannati ma \u00e8 arrivato lo sconto di pena. Infatti in primo grado erano 17 in totale gli anni di reclusione, ma dopo la sentenza di appello e di CassazioneIn\u00a0 le condanne sono state ridotte a 5 anni e 2 mesi (anzich\u00e9 5 anni e 7 mesi). Quella di Nikoll Dobrozi, 30 anni, era stata ridotta a 5 anni e 10 giorni di reclusione (anzich\u00e9 5 anni e 3 mesi).<\/p>\n<p>&nbsp;<\/p>\n<p>&nbsp;<\/p>\n<p>&nbsp;<\/p>\n<blockquote>\n<h3>IMMORALI\u00a0 LADRI DEL CIMITERO<\/h3>\n<\/blockquote>\n<p><strong><a class=\"dt-pswp-item\" href=\"https:\/\/www.radiopiu.net\/wordpress\/wp-content\/uploads\/2023\/01\/cementerio-948048__340.jpg\" data-dt-img-description=\"\" data-large_image_width=\"510\" data-large_image_height=\"340\"><img loading=\"lazy\" decoding=\"async\" class=\"wp-image-317695 alignleft\" src=\"https:\/\/www.radiopiu.net\/wordpress\/wp-content\/uploads\/2023\/01\/cementerio-948048__340-300x200.jpg\" alt=\"\" width=\"182\" height=\"121\" srcset=\"https:\/\/www.radiopiu.net\/wordpress\/wp-content\/uploads\/2023\/01\/cementerio-948048__340-300x200.jpg 300w, https:\/\/www.radiopiu.net\/wordpress\/wp-content\/uploads\/2023\/01\/cementerio-948048__340.jpg 510w\" sizes=\"auto, (max-width: 182px) 100vw, 182px\" \/><\/a>CESIOMAGGIORE<\/strong>. Nei campisanti di Cesiomaggiore, Pez e Soranzen, vengono segnalate con una certa insistenza le sparizioni di vasi, fiori e ornamenti vari. L&#8217;amministrazione comunale ha scritto un post Facebook\u00a0<em> \u00ab\u00c8 veramente difficile trovare le parole per un gesto cos\u00ec di cattivo gusto, in un luogo che dovrebbe essere di raccolta e di pace\u00bb.<\/em> Da qui l&#8217;invito alla cittadinanza ad effettuare le opportune segnalazioni alle autorit\u00e0 competenti &#8211; ossia le forze dell&#8217;ordine &#8211; nel caso venga notato qualcosa di sospetto e fuori dall&#8217;ordinario nei predetti luoghi.<\/p>\n<p>&nbsp;<\/p>\n<p>&nbsp;<\/p>\n<hr \/>\n<p>&nbsp;<\/p>\n<blockquote>\n<h3>INCIDENTE DI PEDESALTO, FASCICOLO IN PROCURA PER OMICIDIO STRADALE<\/h3>\n<\/blockquote>\n<p><a class=\"dt-pswp-item\" href=\"https:\/\/www.radiopiu.net\/wordpress\/wp-content\/uploads\/2023\/01\/629531bc-bb5b-4c6a-b5ca-c5d214565115.jpg\" data-dt-img-description=\"\" data-large_image_width=\"1091\" data-large_image_height=\"662\"><img loading=\"lazy\" decoding=\"async\" class=\"wp-image-317392 alignleft\" src=\"https:\/\/www.radiopiu.net\/wordpress\/wp-content\/uploads\/2023\/01\/629531bc-bb5b-4c6a-b5ca-c5d214565115-300x182.jpg\" alt=\"\" width=\"180\" height=\"109\" srcset=\"https:\/\/www.radiopiu.net\/wordpress\/wp-content\/uploads\/2023\/01\/629531bc-bb5b-4c6a-b5ca-c5d214565115-300x182.jpg 300w, https:\/\/www.radiopiu.net\/wordpress\/wp-content\/uploads\/2023\/01\/629531bc-bb5b-4c6a-b5ca-c5d214565115-1024x621.jpg 1024w, https:\/\/www.radiopiu.net\/wordpress\/wp-content\/uploads\/2023\/01\/629531bc-bb5b-4c6a-b5ca-c5d214565115-768x466.jpg 768w, https:\/\/www.radiopiu.net\/wordpress\/wp-content\/uploads\/2023\/01\/629531bc-bb5b-4c6a-b5ca-c5d214565115.jpg 1091w\" sizes=\"auto, (max-width: 180px) 100vw, 180px\" \/><\/a><br \/>\n<strong>BELLUNO<\/strong>\u00a0 \u00a0L&#8217;incidente nella galleria di \u00a0Pedesalto \u00e8 costato la vita a Silvano Maccagnan, il 71 enne ex dipendente comunale che stava rientrando a Fonzaso dopo avere fatto tappa al bar Alle Fontane per la colazione.\u00a0 P.F., il 28 enne di Sorriva di Sovramonte, che era al volante della Nissan Qashqai che ha invaso la corsia di marcia dove Maccagnan stava viaggiando a bordo della sua Ford Focus\u00a0 \u00e8 indagato per il reato di omicidio stradale, procedura scontata. I veicoli sono ancora sotto sequestro. A Sovramonte c&#8217;\u00e8 grande attenzione nei confronti del ventottenne\u00a0 prostrato dal dolore.<\/p>\n<p>&nbsp;<\/p>\n<p>&nbsp;<\/p>\n<hr \/>\n<p>&nbsp;<\/p>\n<blockquote>\n<h3>I PROFUGHI UCRAINI NON VOGLIONO LASCIARE BELLUNO, 27 RIMANGONO IN CITTA&#8217;<\/h3>\n<\/blockquote>\n<p><strong><img loading=\"lazy\" decoding=\"async\" class=\"alignleft\" src=\"https:\/\/www.radiopiu.net\/wordpress\/wp-content\/uploads\/2022\/11\/oscar.jpg\" width=\"122\" height=\"131\" \/>BELLUNO<\/strong><\/p>\n<p><strong>DI MORENO GIOLI<\/strong><\/p>\n<audio class=\"wp-audio-shortcode\" id=\"audio-317573-1\" preload=\"none\" style=\"width: 100%;\" controls=\"controls\"><source type=\"audio\/mpeg\" src=\"https:\/\/www.radiopiu.net\/wordpress\/wp-content\/uploads\/2023\/01\/servizio-profughi-ucraini.mp3?_=1\" \/><a href=\"https:\/\/www.radiopiu.net\/wordpress\/wp-content\/uploads\/2023\/01\/servizio-profughi-ucraini.mp3\">https:\/\/www.radiopiu.net\/wordpress\/wp-content\/uploads\/2023\/01\/servizio-profughi-ucraini.mp3<\/a><\/audio>\n<p>&nbsp;<\/p>\n<p><span style=\"color: #ff0000;\"><strong>IERI ALLA RADIO<\/strong><\/span><\/p>\n<blockquote>\n<h3>PROFUGHI UCRAINI TRASFERITI DA MUSSOI ENTRO FINE MESE. PARLA JACOPO MASSARO<\/h3>\n<\/blockquote>\n<p><strong><a class=\"dt-pswp-item\" href=\"https:\/\/www.radiopiu.net\/wordpress\/wp-content\/uploads\/2020\/06\/jeZLuVOo.jpeg\" data-dt-img-description=\"\" data-large_image_width=\"178\" data-large_image_height=\"178\"><img loading=\"lazy\" decoding=\"async\" class=\"size-full wp-image-143659 alignleft\" src=\"https:\/\/www.radiopiu.net\/wordpress\/wp-content\/uploads\/2020\/06\/jeZLuVOo.jpeg\" alt=\"\" width=\"178\" height=\"178\" srcset=\"https:\/\/www.radiopiu.net\/wordpress\/wp-content\/uploads\/2020\/06\/jeZLuVOo.jpeg 178w, https:\/\/www.radiopiu.net\/wordpress\/wp-content\/uploads\/2020\/06\/jeZLuVOo-150x150.jpeg 150w\" sizes=\"auto, (max-width: 178px) 100vw, 178px\" \/><\/a><strong class=\"photoswipe-wrapper\">BELLUNO<\/strong><\/strong>L\u2019ex Sindaco di Belluno Jacopo Massaro sullo sgombero dei profughi ucraini da Mussoi. Gran parte dei profughi ospitati nell\u2019ex caserma dei Vigili Del Fuoco verranno trasferiti entro fine mese ad un centro di accoglienza della provincia di Vicenza. Il fabbricato che da marzo 2022 funge da centro di accoglienza per chi scappa dalla guerra in Ucraina, infatti, sar\u00e0 oggetto di interventi edilizi finanziati tramite il Pnrr per un valore di circa 4 milioni di euro.<\/p>\n<p>Parte dell\u2019edificio dovr\u00e0 essere demolito, per cui si \u00e8 reso necessario il trasferimento dei profughi presenti. Attualmente sono 64 gli ucraini ospitati: 48 hanno accettato la nuova destinazione, mentre 16 hanno scelto di restare a Belluno, dove hanno gi\u00e0 trovato un impiego. <strong>\u00a0<\/strong><\/p>\n<p><strong>JACOPO MASSARO<\/strong><\/p>\n<audio class=\"wp-audio-shortcode\" id=\"audio-317573-2\" preload=\"none\" style=\"width: 100%;\" controls=\"controls\"><source type=\"audio\/mpeg\" src=\"https:\/\/www.radiopiu.net\/wordpress\/wp-content\/uploads\/2023\/01\/MASSARO-UCRAINI.mp3?_=2\" \/><a href=\"https:\/\/www.radiopiu.net\/wordpress\/wp-content\/uploads\/2023\/01\/MASSARO-UCRAINI.mp3\">https:\/\/www.radiopiu.net\/wordpress\/wp-content\/uploads\/2023\/01\/MASSARO-UCRAINI.mp3<\/a><\/audio>\n<p>&nbsp;<\/p>\n<p>&nbsp;<\/p>\n<hr \/>\n<p>&nbsp;<\/p>\n<blockquote>\n<h3>MANCANO POCHE SETTIMANE ALLA RIAPERTURA DELLA GALLERIA MADONNA DEL PIAVE<\/h3>\n<\/blockquote>\n<p><strong><a class=\"dt-pswp-item\" href=\"https:\/\/www.radiopiu.net\/wordpress\/wp-content\/uploads\/2023\/01\/d7fcb538-3980-4bfe-9581-ebc6c8cf2cfa.jpg\" data-dt-img-description=\"\" data-large_image_width=\"1600\" data-large_image_height=\"900\"><img loading=\"lazy\" decoding=\"async\" class=\" wp-image-317601 alignleft\" src=\"https:\/\/www.radiopiu.net\/wordpress\/wp-content\/uploads\/2023\/01\/d7fcb538-3980-4bfe-9581-ebc6c8cf2cfa-300x169.jpg\" alt=\"\" width=\"170\" height=\"96\" srcset=\"https:\/\/www.radiopiu.net\/wordpress\/wp-content\/uploads\/2023\/01\/d7fcb538-3980-4bfe-9581-ebc6c8cf2cfa-300x169.jpg 300w, https:\/\/www.radiopiu.net\/wordpress\/wp-content\/uploads\/2023\/01\/d7fcb538-3980-4bfe-9581-ebc6c8cf2cfa-1024x576.jpg 1024w, https:\/\/www.radiopiu.net\/wordpress\/wp-content\/uploads\/2023\/01\/d7fcb538-3980-4bfe-9581-ebc6c8cf2cfa-768x432.jpg 768w, https:\/\/www.radiopiu.net\/wordpress\/wp-content\/uploads\/2023\/01\/d7fcb538-3980-4bfe-9581-ebc6c8cf2cfa-1536x864.jpg 1536w, https:\/\/www.radiopiu.net\/wordpress\/wp-content\/uploads\/2023\/01\/d7fcb538-3980-4bfe-9581-ebc6c8cf2cfa.jpg 1600w\" sizes=\"auto, (max-width: 170px) 100vw, 170px\" \/><\/a>QUERO <\/strong>Ancora poche settimane per la riapertura della Galleria \u201cMadonna del Piave\u201d tra Quero Vas e Segusino: entro fine febbraio si torner\u00e0 a circolare.<\/p>\n<p><strong>di Daniele Dalvit<\/strong><\/p>\n<audio class=\"wp-audio-shortcode\" id=\"audio-317573-3\" preload=\"none\" style=\"width: 100%;\" controls=\"controls\"><source type=\"audio\/mpeg\" src=\"https:\/\/www.radiopiu.net\/wordpress\/wp-content\/uploads\/2023\/01\/DALVIT-GALLERIA-QUERO.mp3?_=3\" \/><a href=\"https:\/\/www.radiopiu.net\/wordpress\/wp-content\/uploads\/2023\/01\/DALVIT-GALLERIA-QUERO.mp3\">https:\/\/www.radiopiu.net\/wordpress\/wp-content\/uploads\/2023\/01\/DALVIT-GALLERIA-QUERO.mp3<\/a><\/audio>\n<p>&nbsp;<\/p>\n<hr \/>\n<p>&nbsp;<\/p>\n<blockquote>\n<h3>UN TERRITORIO FRAGILE, LE CRITICITA&#8217; IDROGEOLOGICHE DA MAPPARE<\/h3>\n<\/blockquote>\n<p><a class=\"dt-pswp-item\" href=\"https:\/\/www.radiopiu.net\/wordpress\/wp-content\/uploads\/2023\/01\/8ffbe246-e5cf-4693-b14b-c1e6a86eb581.jpg\" data-dt-img-description=\"\" data-large_image_width=\"1600\" data-large_image_height=\"1200\"><img loading=\"lazy\" decoding=\"async\" class=\"wp-image-317684 alignleft\" src=\"https:\/\/www.radiopiu.net\/wordpress\/wp-content\/uploads\/2023\/01\/8ffbe246-e5cf-4693-b14b-c1e6a86eb581-300x225.jpg\" alt=\"\" width=\"179\" height=\"134\" srcset=\"https:\/\/www.radiopiu.net\/wordpress\/wp-content\/uploads\/2023\/01\/8ffbe246-e5cf-4693-b14b-c1e6a86eb581-300x225.jpg 300w, https:\/\/www.radiopiu.net\/wordpress\/wp-content\/uploads\/2023\/01\/8ffbe246-e5cf-4693-b14b-c1e6a86eb581-1024x768.jpg 1024w, https:\/\/www.radiopiu.net\/wordpress\/wp-content\/uploads\/2023\/01\/8ffbe246-e5cf-4693-b14b-c1e6a86eb581-768x576.jpg 768w, https:\/\/www.radiopiu.net\/wordpress\/wp-content\/uploads\/2023\/01\/8ffbe246-e5cf-4693-b14b-c1e6a86eb581-1536x1152.jpg 1536w, https:\/\/www.radiopiu.net\/wordpress\/wp-content\/uploads\/2023\/01\/8ffbe246-e5cf-4693-b14b-c1e6a86eb581.jpg 1600w\" sizes=\"auto, (max-width: 179px) 100vw, 179px\" \/><\/a><strong>BELLUNO<\/strong><\/p>\n<p><strong>MORENO GIOLI<\/strong><\/p>\n<audio class=\"wp-audio-shortcode\" id=\"audio-317573-4\" preload=\"none\" style=\"width: 100%;\" controls=\"controls\"><source type=\"audio\/mpeg\" src=\"https:\/\/www.radiopiu.net\/wordpress\/wp-content\/uploads\/2023\/01\/moreno-dissesto.mp3?_=4\" \/><a href=\"https:\/\/www.radiopiu.net\/wordpress\/wp-content\/uploads\/2023\/01\/moreno-dissesto.mp3\">https:\/\/www.radiopiu.net\/wordpress\/wp-content\/uploads\/2023\/01\/moreno-dissesto.mp3<\/a><\/audio>\n<p>&nbsp;<\/p>\n<p>&nbsp;<\/p>\n<p>&nbsp;<\/p>\n<hr \/>\n<p>&nbsp;<\/p>\n<blockquote>\n<h3>TORNANO I VECCHI ORARI NEGLI ECOCENTRI DI LA VALLE E CENCENIGHE<\/h3>\n<\/blockquote>\n<p><strong><a class=\"dt-pswp-item\" href=\"https:\/\/www.radiopiu.net\/wordpress\/wp-content\/uploads\/2021\/10\/VALPE.png\" data-dt-img-description=\"\" data-large_image_width=\"800\" data-large_image_height=\"400\"><img loading=\"lazy\" decoding=\"async\" class=\" wp-image-236977 alignleft\" src=\"https:\/\/www.radiopiu.net\/wordpress\/wp-content\/uploads\/2021\/10\/VALPE-300x150.png\" alt=\"\" width=\"222\" height=\"111\" srcset=\"https:\/\/www.radiopiu.net\/wordpress\/wp-content\/uploads\/2021\/10\/VALPE-300x150.png 300w, https:\/\/www.radiopiu.net\/wordpress\/wp-content\/uploads\/2021\/10\/VALPE-768x384.png 768w, https:\/\/www.radiopiu.net\/wordpress\/wp-content\/uploads\/2021\/10\/VALPE.png 800w\" sizes=\"auto, (max-width: 222px) 100vw, 222px\" \/><\/a>AGORDO <\/strong>Si avvisano i cittadini che, a seguito della riapertura al pubblico dell\u2019Ecocentro sovracomunale di Agordo-Taibon, da mercoled\u00ec 25 gennaio presso gli Ecocentri di La Valle Agordina e di Cencenighe Agordino verranno ripristinati i consueti orari di apertura come di seguito indicati. Cencenighe Agordino &#8211; Loc. Morbiach: marted\u00ec 14.00-17.00, gioved\u00ec 9.00-12.00, sabato 9.00-12.00. La Valle Agordina &#8211; Loc. Conaggia: gioved\u00ec 14.00-17.00, sabato 8.00-12.00 Presso tali strutture, infatti, l\u2019affluenza dei cittadini si \u00e8 progressivamente ridotta dopo la fine dei lavori che hanno visto il completo rinnovo e l\u2019apertura al pubblico dell\u2019Ecocentro di Agordo-Taibon; risulta dunque cessata la necessit\u00e0 di mantenere il potenziamento delle aperture attivato durante la chiusura dell\u2019Ecocentro di Agordo. Per ulteriori informazioni \u00e8 possibile contattare il numero verde 800.94.76.73 o scrivere a info@valpeambiente.it Si ricorda che le utenze possono accedere a qualsiasi Ecocentro del territorio dell\u2019Unione Montana Agordina, verificando sedi e orari di apertura su\u00a0 <a href=\"https:\/\/valpeambiente.it\/p\/gestione-rifiuti\/servizi-per-i-cittadini-non-residenti-ae-unione-montana-agordina\">valpeambiente.it\u00a0<\/a><\/p>\n<p>&nbsp;<\/p>\n<p>&nbsp;<\/p>\n<hr \/>\n<p>&nbsp;<\/p>\n<blockquote>\n<h3>DILLO A RADIO PIU&#8217;&#8230; &#8220;CARA VALPE LA SVEGLIA ALLE 4.30 DEL MATTINO? ANCHE NO!&#8221;<\/h3>\n<\/blockquote>\n<p><strong>RICEVIAMO<\/strong> e volentieri pubblichiamo una lettera firmata inviata alla radio da chi abita sulla stessa via, la strada comunale verso la frazione San Cipriano dove il giorno dedicato alla raccolta della plastica corrisponde ad un rumoroso quanto indesiderato risveglio, alle 4,30 del mattino. Il problema non \u00e8 limitato alla frazione, di qui l&#8217;invito ad una raccolta di pareri, se non di firme, per invitare Valpe ad avvicinarsi alle esigenze del contribuente che ha diritto di dormire, non di essere svegliato prima del canto del gallo.<\/p>\n<p><img loading=\"lazy\" decoding=\"async\" class=\"alignleft\" src=\"https:\/\/www.radiopiu.net\/wordpress\/wp-content\/uploads\/2023\/01\/garbage-4879968_960_720.jpg\" width=\"407\" height=\"229\" \/><\/p>\n<p>Scrivo questa lettera per segnalare una situazione che da tempo io e molti altri miei vicini di casa pazientemente tolleriamo ma che ormai necessit\u00e0 di una soluzione. Il problema che si vuol portare all\u2019attenzione \u00e8 quello della raccolta dei rifiuti da parte della Ditta Valpe Ambiente e del disagio che ne deriva dal momento che questa raccolta, nella frazione di S.Cipriano in Comune di Taibon Agordino e pi\u00f9 precisamente su via Paris Bordone e su via Valentino Besarel (e forse in altre zone del nostro Comune e per questo si invita eventualmente a segnalarlo),inizia alle 4.30 del mattino quando \u00e8 ancora buio. Lo svuotamento dei bidoni di carta ,secco e soprattutto plastica e vetro comporta, inevitabilmente, un\u2019azione molto rumorosa e di disturbo e per questo motivo si sollecita una tempestiva soluzione. Il problema potrebbe facilmente essere risolto se solo la raccolta fosse invertita, come orario, con quella dei bidoncini dell\u2019umido che viene eseguita, di norma, sempre dopo le ore 8.00 del mattino. Cos\u00ec come \u00e8 noto a molti anche ad Agordo, su richiesta degli utenti che si lamentavano di ci\u00f2, la situazione \u00e8 stata risolta posticipando il giro di raccolta, cos\u00ec ci si aspetta che la stessa cosa avvenga anche in questo caso, perch\u00e9 non si ritiene giusto che solo alcuni debbano essere svegliati, sistematicamente per due volte ogni settimana, nel cuore della notte.\u00a0 Pur sottolineando l\u2019importanza e l\u2019accuratezza con cui questo fondamentale servizio di raccolta viene quotidianamente svolto, si auspica che la Ditta Valpe Ambiente tenga in dovuta considerazione questa segnalazione da parte di tanti utenti che regolarmente pagano questo servizio e che si aspettano, quanto prima, una soluzione definitiva a questo problema.<\/p>\n<p>&nbsp;<\/p>\n<p>&nbsp;<\/p>\n<hr \/>\n<p>&nbsp;<\/p>\n<blockquote>\n<h3>LUXOTTICA, PARCHEGGI A CONTEGGIO. IL SISTEMA INTELLIGENTE<\/h3>\n<\/blockquote>\n<p><strong>AGORDO<\/strong> Da luned\u00ec, i parcheggi adiacenti lo stabilimento (A, B e C in figura) saranno dotati di un sistema intelligente di conteggio dei posti auto. Attraverso tre monitor visibili all\u2019ingresso di ciascun parcheggio, troverai indicato in tempo reale il numero dei posti disponibili. Il parcheggio A \u00e8 inoltre dotato di sbarra che rimarr\u00e0 chiusa in caso di raggiungimento della capienza massima dei posti mentre, in caso di posti auto ancora disponibili, baster\u00e0 avvicinarsi all\u2019ingresso e la sbarra si alzer\u00e0 permettendo il transito. <strong>Parcheggi Riservati <\/strong>L\u2019ingresso principale, con accesso dalla portineria, sar\u00e0 utilizzato esclusivamente dalle auto autorizzate munite di pass rilasciato dall\u2019azienda. Eventuali passeggeri di queste autovetture, salvo particolari autorizzazioni, dovranno scendere dall\u2019auto ed effettuare l\u2019accesso a piedi tramite i tornelli.<strong> L&#8217;invito dell&#8217;azienda<\/strong> per migliorare la circolazioneposteggiare sempre in modo corretto. Meglio ancora l&#8217;utilizzo del servizio gratuito di navetta, messo a disposizione dall\u2019azienda, che collega lo stabilimento alle principali fermate di Agordo (ad esempio, parcheggio Polane in Via Tissi, parcheggio Tamonich e Agordo Centro).<\/p>\n<p><a class=\"dt-pswp-item\" href=\"https:\/\/www.radiopiu.net\/wordpress\/wp-content\/uploads\/2023\/01\/image003.png\" data-dt-img-description=\"\" data-large_image_width=\"716\" data-large_image_height=\"378\"><img loading=\"lazy\" decoding=\"async\" class=\"wp-image-317628 aligncenter\" src=\"https:\/\/www.radiopiu.net\/wordpress\/wp-content\/uploads\/2023\/01\/image003.png\" alt=\"\" width=\"364\" height=\"192\" srcset=\"https:\/\/www.radiopiu.net\/wordpress\/wp-content\/uploads\/2023\/01\/image003.png 716w, https:\/\/www.radiopiu.net\/wordpress\/wp-content\/uploads\/2023\/01\/image003-300x158.png 300w\" sizes=\"auto, (max-width: 364px) 100vw, 364px\" \/><\/a><\/p>\n<p>&nbsp;<\/p>\n<p>&nbsp;<\/p>\n<p>&nbsp;<\/p>\n<hr \/>\n<p>&nbsp;<\/p>\n<blockquote>\n<h3>I BUONI PROPOSITI DELLA GIUNTA COMUNALE DI TAIBON AGORDINO<\/h3>\n<\/blockquote>\n<p><strong><img loading=\"lazy\" decoding=\"async\" class=\"alignleft\" src=\"https:\/\/www.radiopiu.net\/wordpress\/wp-content\/uploads\/2023\/01\/5844c948-109f-4114-9a5e-597828310097.jpg\" width=\"243\" height=\"182\" \/>TAIBON<\/strong><\/p>\n<p><strong>GIANNI SANTOMASO<\/strong><\/p>\n<audio class=\"wp-audio-shortcode\" id=\"audio-317573-5\" preload=\"none\" style=\"width: 100%;\" controls=\"controls\"><source type=\"audio\/mpeg\" src=\"https:\/\/www.radiopiu.net\/wordpress\/wp-content\/uploads\/2023\/01\/taibon-gianni.mp3?_=5\" \/><a href=\"https:\/\/www.radiopiu.net\/wordpress\/wp-content\/uploads\/2023\/01\/taibon-gianni.mp3\">https:\/\/www.radiopiu.net\/wordpress\/wp-content\/uploads\/2023\/01\/taibon-gianni.mp3<\/a><\/audio>\n<p>&nbsp;<\/p>\n<p>&nbsp;<\/p>\n<hr \/>\n<p>&nbsp;<\/p>\n<blockquote>\n<h3>LEGHISTI &#8220;CONTRO&#8221;, DOMENICA SI VOTA<\/h3>\n<\/blockquote>\n<p><img loading=\"lazy\" decoding=\"async\" class=\"aligncenter\" src=\"https:\/\/www.radiopiu.net\/wordpress\/wp-content\/uploads\/2020\/05\/LEGA-CITTA-BELLUNO.png\" width=\"303\" height=\"70\" \/><\/p>\n<p><strong>REDAZIONE<\/strong> Il titolo non piacer\u00e0, Andrea De Bernadin e Luciano Da Pian sono amici e portano la stessa bandiera, ma lo scontro \u00e8 inevitabile, quello dell&#8217;urna s&#8217;intende dove domenica verr\u00e0 scelto dalla base il nuovo segretario di sezione per la Provincia dopo tre anni di commissariamento. La par condicio ci invita ad ascoltare l&#8217;appello al voto di entrambi i candidati<\/p>\n<p>&nbsp;<\/p>\n<p><strong>ANDREA DE BERNARDIN<\/strong><\/p>\n<audio class=\"wp-audio-shortcode\" id=\"audio-317573-6\" preload=\"none\" style=\"width: 100%;\" controls=\"controls\"><source type=\"audio\/mpeg\" src=\"https:\/\/www.radiopiu.net\/wordpress\/wp-content\/uploads\/2023\/01\/andrea-de-b.mp3?_=6\" \/><a href=\"https:\/\/www.radiopiu.net\/wordpress\/wp-content\/uploads\/2023\/01\/andrea-de-b.mp3\">https:\/\/www.radiopiu.net\/wordpress\/wp-content\/uploads\/2023\/01\/andrea-de-b.mp3<\/a><\/audio>\n<p>&nbsp;<\/p>\n<p><strong>LUCIANO DA PIAN<\/strong><\/p>\n<audio class=\"wp-audio-shortcode\" id=\"audio-317573-7\" preload=\"none\" style=\"width: 100%;\" controls=\"controls\"><source type=\"audio\/mpeg\" src=\"https:\/\/www.radiopiu.net\/wordpress\/wp-content\/uploads\/2023\/01\/LUCIANO-DA-PIAN.mp3?_=7\" \/><a href=\"https:\/\/www.radiopiu.net\/wordpress\/wp-content\/uploads\/2023\/01\/LUCIANO-DA-PIAN.mp3\">https:\/\/www.radiopiu.net\/wordpress\/wp-content\/uploads\/2023\/01\/LUCIANO-DA-PIAN.mp3<\/a><\/audio>\n<p>&nbsp;<\/p>\n<p>&nbsp;<\/p>\n<hr \/>\n<p>&nbsp;<\/p>\n<blockquote>\n<h3>INFLUENZA. GIA\u2019 COLPITE 600.948 PERSONE. INCIDENZA IN CALO IN TUTTE LE FASCE D\u2019ETA\u2019<\/h3>\n<\/blockquote>\n<p><strong><a class=\"dt-pswp-item\" href=\"https:\/\/www.radiopiu.net\/wordpress\/wp-content\/uploads\/2022\/12\/influenza.jpg\" data-dt-img-description=\"\" data-large_image_width=\"1718\" data-large_image_height=\"1190\"><img loading=\"lazy\" decoding=\"async\" class=\" wp-image-311722 alignleft\" src=\"https:\/\/www.radiopiu.net\/wordpress\/wp-content\/uploads\/2022\/12\/influenza-300x208.jpg\" alt=\"\" width=\"163\" height=\"113\" srcset=\"https:\/\/www.radiopiu.net\/wordpress\/wp-content\/uploads\/2022\/12\/influenza-300x208.jpg 300w, https:\/\/www.radiopiu.net\/wordpress\/wp-content\/uploads\/2022\/12\/influenza-1024x709.jpg 1024w, https:\/\/www.radiopiu.net\/wordpress\/wp-content\/uploads\/2022\/12\/influenza-768x532.jpg 768w, https:\/\/www.radiopiu.net\/wordpress\/wp-content\/uploads\/2022\/12\/influenza-1536x1064.jpg 1536w, https:\/\/www.radiopiu.net\/wordpress\/wp-content\/uploads\/2022\/12\/influenza.jpg 1718w\" sizes=\"auto, (max-width: 163px) 100vw, 163px\" \/><\/a>VENEZIA <\/strong>Nell\u2019ultima settimana in Veneto sono 37.623 (contro i 42.769 della scorsa) i casi stimati di influenza stagionale per un totale complessivo da inizio stagione di 600.948. Il dato \u00e8 riportato nel report del sistema di sorveglianza epidemiologica del contagio nell\u2019ambito della rete Influnet. L\u2019incidenza generale \u00e8 pari a 7,75 casi per mille abitanti, contro gli 8,81 casi per mille abitanti della scorsa settimana. La fascia di et\u00e0 pi\u00f9 colpita \u00e8 quella dei bambini da 0 a 4 anni con 15,9 casi per mille, seguita da quella tra i 5 e i 14 anni con 5,94 casi per mille.\u00a0 I cittadini tra i 15 e i 64 anni fanno registrare 8,63 casi per mille; inferiore in quelli con pi\u00f9 di 65 anni con 4,34 per mille. Tutte le fasce d\u2019et\u00e0 sono in calo rispetto alla scorsa settimana<\/p>\n<p>&nbsp;<\/p>\n<p>&nbsp;<\/p>\n<hr \/>\n<p>&nbsp;<\/p>\n<p align=\"CENTER\"><span style=\"font-family: Times New Roman, serif;\"><span style=\"font-size: medium;\"><b>OLTRE 400 POSTI DI SERVIZIO CIVILE UNIVERSALE\u00a0<\/b><\/span><\/span><\/p>\n<p style=\"text-align: left;\" align=\"CENTER\"><strong><a class=\"dt-pswp-item\" href=\"https:\/\/www.radiopiu.net\/wordpress\/wp-content\/uploads\/2018\/04\/Csv_2017.png\" data-dt-img-description=\"\" data-large_image_width=\"1599\" data-large_image_height=\"918\"><img loading=\"lazy\" decoding=\"async\" class=\"wp-image-46393 alignleft\" src=\"https:\/\/www.radiopiu.net\/wordpress\/wp-content\/uploads\/2018\/04\/Csv_2017-300x172.png\" alt=\"\" width=\"147\" height=\"84\" srcset=\"https:\/\/www.radiopiu.net\/wordpress\/wp-content\/uploads\/2018\/04\/Csv_2017-300x172.png 300w, https:\/\/www.radiopiu.net\/wordpress\/wp-content\/uploads\/2018\/04\/Csv_2017-768x441.png 768w, https:\/\/www.radiopiu.net\/wordpress\/wp-content\/uploads\/2018\/04\/Csv_2017-1024x588.png 1024w, https:\/\/www.radiopiu.net\/wordpress\/wp-content\/uploads\/2018\/04\/Csv_2017.png 1599w\" sizes=\"auto, (max-width: 147px) 100vw, 147px\" \/><\/a>BELLUNO<\/strong> <span style=\"font-family: Times New Roman, serif;\"><span style=\"font-size: medium;\">C\u2019\u00e8 tempo fino a <\/span><\/span><span style=\"font-family: Times New Roman, serif;\"><span style=\"font-size: medium;\">venerd\u00ec 10 febbraio alle ore 14<\/span><\/span><span style=\"font-family: Times New Roman, serif;\"><span style=\"font-size: medium;\"> per aderire al bando per la selezione di nuovi operatori volontari <\/span><\/span><span style=\"font-family: Times New Roman, serif;\"><span style=\"font-size: medium;\">di Servizio civile universale<\/span><\/span><span style=\"font-family: Times New Roman, serif;\"><span style=\"font-size: medium;\"> sui territori di Belluno e Treviso.<\/span><\/span><span style=\"font-family: 'Times New Roman', serif;\"><span style=\"font-size: medium;\">Possono presentare domanda di partecipazione i giovani tra i 18 e i 29 anni non compiuti per uno dei progetti che si realizzeranno tra il 2023 e il 2024 su tutto il territorio nazionale e all\u2019estero. I progetti hanno una durata di 12 mesi, con un orario di servizio pari a 25 ore settimanali. <\/span><\/span><span style=\"font-family: 'Times New Roman', serif;\">Si tratta di un servizio incentivato per il quale il Dipartimento per le politiche giovanili e il servizio civile corrisponde un rimborso economico mensile di 444,30 euro. <\/span><span style=\"font-family: Times New Roman, serif;\"><span style=\"font-size: medium;\">Per poter partecipare alla selezione occorre individuare il progetto seguendo le indicazioni disponibili su <a href=\"https:\/\/www.politichegiovanili.gov.it\/comunicazione\/news\/2022\/12\/bando-ordinario-2022\/\">https:\/\/www.politichegiovanili.gov.it\/comunicazione\/news\/2022\/12\/bando-ordinario-2022\/<\/a><\/span><\/span><\/p>\n<p style=\"text-align: left;\" align=\"CENTER\"><strong>AI MICROFONI DI RADIOPIU Elisa Corr\u00e0<\/strong><\/p>\n<audio class=\"wp-audio-shortcode\" id=\"audio-317573-8\" preload=\"none\" style=\"width: 100%;\" controls=\"controls\"><source type=\"audio\/mpeg\" src=\"https:\/\/www.radiopiu.net\/wordpress\/wp-content\/uploads\/2023\/01\/elisa-corra.mp3?_=8\" \/><a href=\"https:\/\/www.radiopiu.net\/wordpress\/wp-content\/uploads\/2023\/01\/elisa-corra.mp3\">https:\/\/www.radiopiu.net\/wordpress\/wp-content\/uploads\/2023\/01\/elisa-corra.mp3<\/a><\/audio>\n<p>&nbsp;<\/p>\n<p>&nbsp;<\/p>\n<p>&nbsp;<\/p>\n<hr \/>\n<h3 align=\"CENTER\"><\/h3>\n<h3 align=\"CENTER\">AUMENTANO I TRATTAMENTI AL CENTRO PMA PRESSO L&#8217;OSPEDALE GIOVANNI PAOLO II<\/h3>\n<p><strong>PIEVE DI CADORE\u00a0<\/strong> L\u2019anno scorso l\u2019equipe del Centro di Procreazione Medicalmente Assistita ha aumentato il numero di trattamenti offerti, migliorando la qualit\u00e0 e il numero di gravidanze ottenuto: la cicogna, passando per Pieve di Cadore, ha portato un incremento del numero di mamme in dolce attesa.\u00a0 Nel 2022 sono stati effettuati 198 trattamenti di II\u00b0 livello di PMA (+40% rispetto al 2019 pre-covid); 120 interventi di prelievo ovocitario; 143 trasferimenti embrionari in utero. <em>\u00abIl 2023 si prospetta ancor pi\u00f9 ricco: stiamo lavorando per ridurre ulteriormente la lista di attesa per i trattamenti, fattore chiave ed anche fonte di ansia per le coppie che desiderano una gravidanza. Grazie all\u2019utilizzo della telemedicina, l\u2019arrivo di nuove apparecchiature ed alla creazione della \u201crete della PMA\u201d che, coprendo tutto il territorio della provincia di Belluno, aiuta le coppie riducendo il discomfort\u00bb,<\/em> spiega il Dott. Eugenio La Verde del Centro PMA<em> \u00abIl Centro PMA di Pieve di Cadore \u00e8 un centro di III\u00b0 livello, di alta specializzazione medica, uno dei centri HUB della Regione Veneto, ma soprattutto siamo orgogliosi di caratterizzarlo con tanta umanit\u00e0, perch\u00e9 aiutare la cicogna \u00e8 un lavoro che amiamo\u00bb. <\/em>L\u2019Equipe del Centro di Pieve ha inoltre curato un opuscolo informativo sulla fertilit\u00e0 con consigli e raccomandazioni utili alle coppie, disponibile sul sito <a href=\"http:\/\/www.aulss1.veneto.it\">www.aulss1.veneto.it<\/a><\/p>\n<p><img loading=\"lazy\" decoding=\"async\" class=\"aligncenter\" src=\"https:\/\/www.radiopiu.net\/wordpress\/wp-content\/uploads\/2023\/01\/PMA-Pieve.jpeg\" width=\"436\" height=\"346\" \/><\/p>\n<p>&nbsp;<\/p>\n<hr \/>\n<p>&nbsp;<\/p>\n<blockquote>\n<h3>AL LIBRO DI EBHARDT LA SECONDA EDIZIONE DEL PREMIO &#8220;VALORI D&#8217;IMPRESA&#8221;<\/h3>\n<\/blockquote>\n<div dir=\"auto\"><strong>\u00a0PADOVA\u00a0 <\/strong>La biografia &#8220;Leonardo Del Vecchio&#8221; (Sperling&amp;Kupfer), scritta dal giornalista Tommaso Ebhardt, si \u00e8 aggiudicata\u00a0 la seconda edizione del premio &#8220;Valori d&#8217;Impresa&#8221;, il premio letterario di Confindustria Veneto Est. Numerosi gli studenti che hanno partecipato all&#8217;evento al Teatro Verdi di Padova <em>\u00abLa vita di Leonardo Del Vecchio andava raccontata\u00bb,<\/em> ha detto Ebhardt dopo aver ricevuto il premio dalle mani di Leopoldo Destro, <em>\u00abha cambiato il destino di una vallata dolomitica, di migliaia di famiglie, di un intero comparto industriale, racchiude in se una fetta di storia del nostro paese. A me ha insegnato che fare le cose per bene \u00e8 giusto, che conta quello che si fa\u00bb.<\/em><strong>\u00a0<\/strong><strong>\u00a0<\/strong><\/div>\n<div dir=\"auto\"><span style=\"color: #ff0000;\"><strong>\u00a0<\/strong><\/span><\/div>\n<div dir=\"auto\"><span style=\"color: #ff0000;\"><strong>IN LIBRERIA.<\/strong><\/span><\/div>\n<div dir=\"auto\"><\/div>\n<div dir=\"auto\"><strong>di TOMMASO EBHARDT<\/strong><\/div>\n<div dir=\"auto\"><\/div>\n<div dir=\"auto\"><a class=\"dt-pswp-item\" href=\"https:\/\/www.radiopiu.net\/wordpress\/wp-content\/uploads\/2022\/05\/272621694_3230672527219953_4267658433327826454_n.jpg\" data-dt-img-description=\"\" data-large_image_width=\"960\" data-large_image_height=\"960\"><img loading=\"lazy\" decoding=\"async\" class=\"size-thumbnail wp-image-273608 alignleft\" src=\"https:\/\/www.radiopiu.net\/wordpress\/wp-content\/uploads\/2022\/05\/272621694_3230672527219953_4267658433327826454_n-150x150.jpg\" alt=\"\" width=\"150\" height=\"150\" srcset=\"https:\/\/www.radiopiu.net\/wordpress\/wp-content\/uploads\/2022\/05\/272621694_3230672527219953_4267658433327826454_n-150x150.jpg 150w, https:\/\/www.radiopiu.net\/wordpress\/wp-content\/uploads\/2022\/05\/272621694_3230672527219953_4267658433327826454_n-300x300.jpg 300w, https:\/\/www.radiopiu.net\/wordpress\/wp-content\/uploads\/2022\/05\/272621694_3230672527219953_4267658433327826454_n-768x768.jpg 768w, https:\/\/www.radiopiu.net\/wordpress\/wp-content\/uploads\/2022\/05\/272621694_3230672527219953_4267658433327826454_n.jpg 960w\" sizes=\"auto, (max-width: 150px) 100vw, 150px\" \/><\/a>Ci sono storie che vanno raccontate fino in fondo, quella di Leonardo Del Vecchio \u00e8 una di queste: Dalla povert\u00e0 delle case popolari all\u2019orfanotrofio, da una bottega in periferia a una fabbrica nelle Dolomiti, fino a diventare il numero uno. Con un\u2019idea fissa in testa: \u00abessere il pi\u00f9 bravo\u00bb. Negli ultimi tre anni ho seguito passo dopo passo le sue tracce, dalla casa \u201cminima\u201d dove \u00e8 nato, alla sua prima villetta nel profondo Nordest. Ho setacciato fonti e documenti, scovato il suo fascicolo impolverato negli archivi dell\u2019orfanotrofio Martinitt.\u00a0 \u00a0Sono andato a cercare tra i boschi del Cadore i resti del primo laboratorio da cui \u00e8 nata a fine Ottocento l\u2019industria dell\u2019occhiale, ho raccolto le testimonianze dei suoi primi operai, di estimatori e detrattori, di chi \u2013 come Giorgio Armani \u2013 ha fatto un pezzo di strada con lui. Ho visitato stabilimenti, musei, osterie e showroom, fino a incontrare Leonardo: un uomo schivo e timido che ha sempre in testa il destino della sua \u201cfabbrica,&#8221; che, parla sempre di futuro. Dal 17 maggio in libreria, da oggi in pre-order sugli store digitali:<\/div>\n<div dir=\"auto\"><a class=\"oajrlxb2 g5ia77u1 qu0x051f esr5mh6w e9989ue4 r7d6kgcz rq0escxv nhd2j8a9 nc684nl6 p7hjln8o kvgmc6g5 cxmmr5t8 oygrvhab hcukyx3x jb3vyjys rz4wbd8a qt6c0cv9 a8nywdso i1ao9s8h esuyzwwr f1sip0of lzcic4wl gpro0wi8 py34i1dx\" tabindex=\"0\" role=\"link\" href=\"https:\/\/l.facebook.com\/l.php?u=https%3A%2F%2Famzn.to%2F3MIk5qu%3Ffbclid%3DIwAR0LG-SCtDez15mh8VlJaTYcI-xmfgmakrtOFwO-5vodgLsGpTshopUYbzk&amp;h=AT0xUEi8y7wvoIO-mJNUI-la7u_1tcnw4b59xnBzB8x9jI6FE3k0k4V4TSnKJWSvxaEBugJCzWedGMeZQIyQo8AD9m76F5_z5sGAKoZl7FiLz5AilyA-nnhspkUTMR-6&amp;__tn__=-UK-R&amp;c[0]=AT2lGuNMZi1tKqD3kW0fmwFWYxd71lff9jNfN0gAYnYfK1Cx6GyGBZh9sdJOPOk-kNyPIrxbVzuwFCXixToaoaDoACj3ju97fgso9KjB3m3yFPeicT5JcpFbtXWy1-GPlvty9rgxW3KFg9zXNfeK6zQ9PseZ_6Idy5Ugb73PjaHxd_s\" target=\"_blank\" rel=\"nofollow noopener\">https:\/\/amzn.to\/3MIk5qu<\/a> <a class=\"oajrlxb2 g5ia77u1 qu0x051f esr5mh6w e9989ue4 r7d6kgcz rq0escxv nhd2j8a9 nc684nl6 p7hjln8o kvgmc6g5 cxmmr5t8 oygrvhab hcukyx3x jb3vyjys rz4wbd8a qt6c0cv9 a8nywdso i1ao9s8h esuyzwwr f1sip0of lzcic4wl gpro0wi8 q66pz984 b1v8xokw\" tabindex=\"0\" role=\"link\" href=\"https:\/\/www.facebook.com\/sperling.kupfer\/?__cft__[0]=AZXsYYv_mU1OyAsqKXGOctj7mF6mAEGsIgzT1FgeWhU_ku3uDGIbRLHpoq6X0eSMVJHbEn0JwicbXAvoDBC3iTXIWdTdeiqIiNkPnZ0hPaPMqwnQZLL3YnLLEpYOnpoQiyY4PZBygvUoPexn8FObLg51&amp;__tn__=kK-R\"><span class=\"nc684nl6\">Sperling &amp; Kupfer\u00a0<\/span><\/a><\/div>\n<div dir=\"auto\"><a class=\"dt-pswp-item\" href=\"https:\/\/www.radiopiu.net\/wordpress\/wp-content\/uploads\/2022\/05\/279688811_3306550126298859_8940785299552999877_n.jpg\" data-dt-img-description=\"\" data-large_image_width=\"521\" data-large_image_height=\"720\"><img loading=\"lazy\" decoding=\"async\" class=\"alignnone size-thumbnail wp-image-273607\" src=\"https:\/\/www.radiopiu.net\/wordpress\/wp-content\/uploads\/2022\/05\/279688811_3306550126298859_8940785299552999877_n-150x150.jpg\" alt=\"\" width=\"150\" height=\"150\" \/><\/a><\/div>\n<div dir=\"auto\"><\/div>\n<div dir=\"auto\"><\/div>\n<p>&nbsp;<\/p>\n<p>&nbsp;<\/p>\n<hr \/>\n<p>&nbsp;<\/p>\n<p><strong>DI TIZIANO DE COL<\/strong><\/p>\n\n\t\t\t<style type='text\/css'>\n\t\t\t\t#gallery-1 {\n\t\t\t\t\tmargin: auto;\n\t\t\t\t}\n\t\t\t\t#gallery-1 .gallery-item {\n\t\t\t\t\tfloat: left;\n\t\t\t\t\tmargin-top: 10px;\n\t\t\t\t\ttext-align: center;\n\t\t\t\t\twidth: 20%;\n\t\t\t\t}\n\t\t\t\t#gallery-1 img {\n\t\t\t\t\tborder: 2px solid #cfcfcf;\n\t\t\t\t}\n\t\t\t\t#gallery-1 .gallery-caption {\n\t\t\t\t\tmargin-left: 0;\n\t\t\t\t}\n\t\t\t\t\/* see gallery_shortcode() in wp-includes\/media.php *\/\n\t\t\t<\/style>\n\t\t<div id='gallery-1' class='dt-gallery-container gallery galleryid-317573 gallery-columns-5 gallery-size-medium'><dl class='gallery-item'>\n\t\t\t\t<dt class='gallery-icon landscape'>\n\t\t\t\t\t<a class=\"rollover rollover-zoom dt-pswp-item\" title=\"75aa776c-c4d1-4ec4-95fb-5218a2955f9f\" data-dt-img-description=\"\" data-large_image_width=\"608\" data-large_image_height=\"364\"href='https:\/\/www.radiopiu.net\/wordpress\/wp-content\/uploads\/2023\/01\/75aa776c-c4d1-4ec4-95fb-5218a2955f9f.jpg'><img loading=\"lazy\" decoding=\"async\" width=\"300\" height=\"180\" src=\"https:\/\/www.radiopiu.net\/wordpress\/wp-content\/uploads\/2023\/01\/75aa776c-c4d1-4ec4-95fb-5218a2955f9f-300x180.jpg\" class=\"attachment-medium size-medium\" alt=\"\" srcset=\"https:\/\/www.radiopiu.net\/wordpress\/wp-content\/uploads\/2023\/01\/75aa776c-c4d1-4ec4-95fb-5218a2955f9f-300x180.jpg 300w, https:\/\/www.radiopiu.net\/wordpress\/wp-content\/uploads\/2023\/01\/75aa776c-c4d1-4ec4-95fb-5218a2955f9f.jpg 608w\" sizes=\"auto, (max-width: 300px) 100vw, 300px\" \/><\/a>\n\t\t\t\t<\/dt><\/dl><dl class='gallery-item'>\n\t\t\t\t<dt class='gallery-icon landscape'>\n\t\t\t\t\t<a class=\"rollover rollover-zoom dt-pswp-item\" title=\"6a352b66-1a5f-4281-9e67-3c5e3a4f2664\" data-dt-img-description=\"\" data-large_image_width=\"596\" data-large_image_height=\"359\"href='https:\/\/www.radiopiu.net\/wordpress\/wp-content\/uploads\/2023\/01\/6a352b66-1a5f-4281-9e67-3c5e3a4f2664.jpg'><img loading=\"lazy\" decoding=\"async\" width=\"300\" height=\"181\" src=\"https:\/\/www.radiopiu.net\/wordpress\/wp-content\/uploads\/2023\/01\/6a352b66-1a5f-4281-9e67-3c5e3a4f2664-300x181.jpg\" class=\"attachment-medium size-medium\" alt=\"\" srcset=\"https:\/\/www.radiopiu.net\/wordpress\/wp-content\/uploads\/2023\/01\/6a352b66-1a5f-4281-9e67-3c5e3a4f2664-300x181.jpg 300w, https:\/\/www.radiopiu.net\/wordpress\/wp-content\/uploads\/2023\/01\/6a352b66-1a5f-4281-9e67-3c5e3a4f2664.jpg 596w\" sizes=\"auto, (max-width: 300px) 100vw, 300px\" \/><\/a>\n\t\t\t\t<\/dt><\/dl><dl class='gallery-item'>\n\t\t\t\t<dt class='gallery-icon landscape'>\n\t\t\t\t\t<a class=\"rollover rollover-zoom dt-pswp-item\" title=\"d4f282a3-7e8d-4677-bd39-03b9f90c72ad\" data-dt-img-description=\"\" data-large_image_width=\"600\" data-large_image_height=\"355\"href='https:\/\/www.radiopiu.net\/wordpress\/wp-content\/uploads\/2023\/01\/d4f282a3-7e8d-4677-bd39-03b9f90c72ad.jpg'><img loading=\"lazy\" decoding=\"async\" width=\"300\" height=\"178\" src=\"https:\/\/www.radiopiu.net\/wordpress\/wp-content\/uploads\/2023\/01\/d4f282a3-7e8d-4677-bd39-03b9f90c72ad-300x178.jpg\" class=\"attachment-medium size-medium\" alt=\"\" srcset=\"https:\/\/www.radiopiu.net\/wordpress\/wp-content\/uploads\/2023\/01\/d4f282a3-7e8d-4677-bd39-03b9f90c72ad-300x178.jpg 300w, https:\/\/www.radiopiu.net\/wordpress\/wp-content\/uploads\/2023\/01\/d4f282a3-7e8d-4677-bd39-03b9f90c72ad.jpg 600w\" sizes=\"auto, (max-width: 300px) 100vw, 300px\" \/><\/a>\n\t\t\t\t<\/dt><\/dl><dl class='gallery-item'>\n\t\t\t\t<dt class='gallery-icon landscape'>\n\t\t\t\t\t<a class=\"rollover rollover-zoom dt-pswp-item\" title=\"1097ea09-cd01-4f57-af8b-99afafcf6d32\" data-dt-img-description=\"\" data-large_image_width=\"606\" data-large_image_height=\"354\"href='https:\/\/www.radiopiu.net\/wordpress\/wp-content\/uploads\/2023\/01\/1097ea09-cd01-4f57-af8b-99afafcf6d32.jpg'><img loading=\"lazy\" decoding=\"async\" width=\"300\" height=\"175\" src=\"https:\/\/www.radiopiu.net\/wordpress\/wp-content\/uploads\/2023\/01\/1097ea09-cd01-4f57-af8b-99afafcf6d32-300x175.jpg\" class=\"attachment-medium size-medium\" alt=\"\" srcset=\"https:\/\/www.radiopiu.net\/wordpress\/wp-content\/uploads\/2023\/01\/1097ea09-cd01-4f57-af8b-99afafcf6d32-300x175.jpg 300w, https:\/\/www.radiopiu.net\/wordpress\/wp-content\/uploads\/2023\/01\/1097ea09-cd01-4f57-af8b-99afafcf6d32.jpg 606w\" sizes=\"auto, (max-width: 300px) 100vw, 300px\" \/><\/a>\n\t\t\t\t<\/dt><\/dl><dl class='gallery-item'>\n\t\t\t\t<dt class='gallery-icon landscape'>\n\t\t\t\t\t<a class=\"rollover rollover-zoom dt-pswp-item\" title=\"107187d1-dbbc-42c3-ab7b-247b1bdcf88c\" data-dt-img-description=\"\" data-large_image_width=\"618\" data-large_image_height=\"364\"href='https:\/\/www.radiopiu.net\/wordpress\/wp-content\/uploads\/2023\/01\/107187d1-dbbc-42c3-ab7b-247b1bdcf88c.jpg'><img loading=\"lazy\" decoding=\"async\" width=\"300\" height=\"177\" src=\"https:\/\/www.radiopiu.net\/wordpress\/wp-content\/uploads\/2023\/01\/107187d1-dbbc-42c3-ab7b-247b1bdcf88c-300x177.jpg\" class=\"attachment-medium size-medium\" alt=\"\" srcset=\"https:\/\/www.radiopiu.net\/wordpress\/wp-content\/uploads\/2023\/01\/107187d1-dbbc-42c3-ab7b-247b1bdcf88c-300x177.jpg 300w, https:\/\/www.radiopiu.net\/wordpress\/wp-content\/uploads\/2023\/01\/107187d1-dbbc-42c3-ab7b-247b1bdcf88c.jpg 618w\" sizes=\"auto, (max-width: 300px) 100vw, 300px\" \/><\/a>\n\t\t\t\t<\/dt><\/dl><br style=\"clear: both\" \/>\n\t\t\t<\/div>\n\n<p>&nbsp;<\/p>\n<p>&nbsp;<\/p>\n<hr \/>\n<p>&nbsp;<\/p>\n<blockquote>\n<h2>DILLO A RADIO PIU&#8217;&#8230;. &#8220;SALVIAMO LA FARMACIA DI SANT&#8217;ANTONIO IN TORTAL&#8221;<\/h2>\n<\/blockquote>\n<p><strong><img loading=\"lazy\" decoding=\"async\" class=\"alignleft\" src=\"https:\/\/www.radiopiu.net\/wordpress\/wp-content\/uploads\/2023\/01\/thermometer-1539191__340.jpg\" width=\"290\" height=\"193\" \/>REDAZIONE<\/strong> Il consigliere comunale Dario Dal Magro ricorda come nell&#8217;ultimo consiglio comunale di Borgo Valbelluna\u00a0 siano emerse le difficolt\u00e0 di carattere economico che colpiscono la farmacia di S.\u2018Antonio Tortal di Trichiana, presidio e servizio importante per il territorio. La farmacia \u00e8 gestita dalla Valbelluna Servizi Srl, societ\u00e0 interamente controllata dal Comune, aiuta a favorire la residenza dei cittadini in zone disagiate, ove i \u00a0maggiori \u00a0costi della vita debbono almeno parzialmente essere riequilibrati da servizi minimali.<\/p>\n<p>Scrive Dal Magro: &#8221; Finch\u00e9 poteva fornire i presidi sanitari alle tre case di riposo gestite dalla medesima societ\u00e0, \u00a0i conti erano in equilibrio. Ora, causa una norma regionale poco comprensibile, le case di riposo debbono rifornirsi tramite la farmacia dell\u2019Ulss. Risultato: sono notevolmente diminuiti gli introiti della farmacia (-40%) mentre i costi fissi, fra i quali quelli del personale, sono aumentati. Oltretutto le attuali dinamiche di mercato, che favoriscono \u00a0i grossi gruppi di acquisto, creano qualche difficolt\u00e0 di approvvigionamento, con prodotti base che alle volte non si trovano subito. <strong>Cosa fare? <\/strong>Non ci sono facili soluzioni. Ma la peggior cosa \u00e8 rimanere inermi senza affrontare il problema. Cii vuole una sinergia fra i cittadini e l\u2019amministrazione comunale. I primi, se incentivati da una adeguata politica commerciale di servizi e scontistica, debbono privilegiare gli acquisti presso la \u201cloro\u201d farmacia. L\u2019Amministrazione, oltre a quanto sopra, deve valutare eventuali partnership di collaborazione che permetta di mantenere in equilibrio i conti garantendo il prezioso presidio della farmacia a S. Antonio Tortal.<\/p>\n<p>&nbsp;<\/p>\n<p>&nbsp;<\/p>\n<hr \/>\n<blockquote>\n<h3><\/h3>\n<h3>DILLO A RADIO PIU&#8217;&#8230;&#8221;IMBARAZZATO PER GLI INGIUSTIFICABILI RITARDI DEL BIM GSP&#8221;<\/h3>\n<\/blockquote>\n<p><strong>REDAZIONE<\/strong> Ci scrive Fabio Rufus Bristot, persona\u00a0 interessata, per quota parte, alla vicenda che lo stesso illustra, mette in evidenza totale disappunto manifestando una marcata critica sui metodi di lavoro<\/p>\n<p><em><a class=\"dt-pswp-item\" href=\"https:\/\/www.radiopiu.net\/wordpress\/wp-content\/uploads\/2023\/01\/appointment-15979__340.jpg\" data-dt-img-description=\"\" data-large_image_width=\"227\" data-large_image_height=\"340\"><img loading=\"lazy\" decoding=\"async\" class=\" wp-image-317645 alignleft\" src=\"https:\/\/www.radiopiu.net\/wordpress\/wp-content\/uploads\/2023\/01\/appointment-15979__340-200x300.jpg\" alt=\"\" width=\"145\" height=\"218\" srcset=\"https:\/\/www.radiopiu.net\/wordpress\/wp-content\/uploads\/2023\/01\/appointment-15979__340-200x300.jpg 200w, https:\/\/www.radiopiu.net\/wordpress\/wp-content\/uploads\/2023\/01\/appointment-15979__340.jpg 227w\" sizes=\"auto, (max-width: 145px) 100vw, 145px\" \/><\/a>Il 3 dicembre del 2021, scadevano i termini previsti da una manifestazione di interesse promossa pubblicamente dal Bim per la realizzazione della nuova sede delle aziende collegate a GSP e\u00a0 Consorzio dei Comuni Bim Piave Belluno, che intelligentemente vuole evitare pagamenti con causale \u201caffitti proprie sedi&#8221; per oltre 200.000 all&#8217;anno. Concorrevano allora vari soggetti, tra i quali anche un consorzio di cui faceva parte mio padre, per quota parte, di qui il mio intervento. Sino a quando ho rivestito il ruolo di Consigliere comunale, ritenendo incompatibile e inopportuno qualsiasi mio interessamento diretto alla questione, ho evitato di chiedere qualsiasi genere di informazione. Alla fine del mio mandato mi sono interessato scoprendo che dopo 9 mesi non c&#8217;\u00e8 stata risposta. Un anno dopo l&#8217;invio della posta certificata\u00a0 che risulta ancora inevasa dopo 30 giorni. Ad oggi non \u00e8 pervenuta risposta alcuna. Ricordo che tutte le offerte prodotte sono vincolate sino a che questa risposta del Bim non venga formulata ed ufficializzata. Traducendo, vuol dire che se uno dei soggetti proponenti avesse trovato nel frattempo un altro acquirente, non avrebbe potuto dar seguito ad alcun atto di compravendita. Io al contrario domani la bolletta\u00a0 la pagher\u00f2 nei termini, come \u00e8 giusto che sia.\u00a0 Auspico che l&#8217;onest\u00e0 intellettuale prevalga e si dica senza tentennamenti \u201cci scusiamo con tutti\u201d, evitando quindi comunicati di replica che sarebbero inutili e goffe graffiate sugli specchi.\u00a0<\/em><\/p>\n<p>&nbsp;<\/p>\n<p>&nbsp;<\/p>\n<hr \/>\n<blockquote>\n<h3><\/h3>\n<h3>DAL CIELO DI VALLADA A QUELLI DELL&#8217;EUROPA. IL SOGNO DI EMILIO VITTORIO DE DEA SI AVVERA<\/h3>\n<\/blockquote>\n<p><strong>di Luisa Manfroi<\/strong><\/p>\n<audio class=\"wp-audio-shortcode\" id=\"audio-317573-9\" preload=\"none\" style=\"width: 100%;\" controls=\"controls\"><source type=\"audio\/mpeg\" src=\"https:\/\/www.radiopiu.net\/wordpress\/wp-content\/uploads\/2023\/01\/Emilio-V.De-Dea.mp3?_=9\" \/><a href=\"https:\/\/www.radiopiu.net\/wordpress\/wp-content\/uploads\/2023\/01\/Emilio-V.De-Dea.mp3\">https:\/\/www.radiopiu.net\/wordpress\/wp-content\/uploads\/2023\/01\/Emilio-V.De-Dea.mp3<\/a><\/audio>\n<p>&nbsp;<\/p>\n\n\t\t\t<style type='text\/css'>\n\t\t\t\t#gallery-2 {\n\t\t\t\t\tmargin: auto;\n\t\t\t\t}\n\t\t\t\t#gallery-2 .gallery-item {\n\t\t\t\t\tfloat: left;\n\t\t\t\t\tmargin-top: 10px;\n\t\t\t\t\ttext-align: center;\n\t\t\t\t\twidth: 50%;\n\t\t\t\t}\n\t\t\t\t#gallery-2 img {\n\t\t\t\t\tborder: 2px solid #cfcfcf;\n\t\t\t\t}\n\t\t\t\t#gallery-2 .gallery-caption {\n\t\t\t\t\tmargin-left: 0;\n\t\t\t\t}\n\t\t\t\t\/* see gallery_shortcode() in wp-includes\/media.php *\/\n\t\t\t<\/style>\n\t\t<div id='gallery-2' class='dt-gallery-container gallery galleryid-317573 gallery-columns-2 gallery-size-thumbnail'><dl class='gallery-item'>\n\t\t\t\t<dt class='gallery-icon portrait'>\n\t\t\t\t\t<a class=\"rollover rollover-zoom dt-pswp-item\" title=\"Emilio V. De Dea nella cabina di pilotaggio di un Boing 737\" data-dt-img-description=\"\" data-large_image_width=\"1536\" data-large_image_height=\"2048\"href='https:\/\/www.radiopiu.net\/wordpress\/wp-content\/uploads\/2023\/01\/Emilio-V.-De-Dea-nella-cabina-di-pilotaggio-di-un-Boing-737-1.jpeg'><img loading=\"lazy\" decoding=\"async\" width=\"150\" height=\"150\" src=\"https:\/\/www.radiopiu.net\/wordpress\/wp-content\/uploads\/2023\/01\/Emilio-V.-De-Dea-nella-cabina-di-pilotaggio-di-un-Boing-737-1-150x150.jpeg\" class=\"attachment-thumbnail size-thumbnail\" alt=\"\" \/><\/a>\n\t\t\t\t<\/dt><\/dl><dl class='gallery-item'>\n\t\t\t\t<dt class='gallery-icon landscape'>\n\t\t\t\t\t<a class=\"rollover rollover-zoom dt-pswp-item\" title=\"Emilio V. De Dea alla guida di un Boing 737\" data-dt-img-description=\"\" data-large_image_width=\"1148\" data-large_image_height=\"861\"href='https:\/\/www.radiopiu.net\/wordpress\/wp-content\/uploads\/2023\/01\/Emilio-V.-De-Dea-alla-guida-di-un-Boing-737-1.jpeg'><img loading=\"lazy\" decoding=\"async\" width=\"150\" height=\"150\" src=\"https:\/\/www.radiopiu.net\/wordpress\/wp-content\/uploads\/2023\/01\/Emilio-V.-De-Dea-alla-guida-di-un-Boing-737-1-150x150.jpeg\" class=\"attachment-thumbnail size-thumbnail\" alt=\"\" \/><\/a>\n\t\t\t\t<\/dt><\/dl><br style=\"clear: both\" \/>\n\t\t\t<\/div>\n\n<p>&nbsp;<\/p>\n<hr \/>\n<p>&nbsp;<\/p>\n<blockquote>\n<h3>RIUNITO IL NUOVO DIRETTIVO DEL COMITATO ORGANIZZATORE DELLA MOSTRA DELL\u2019ARTIGIANATO DI FELTRE<\/h3>\n<\/blockquote>\n<p><strong><a class=\"dt-pswp-item\" href=\"https:\/\/www.radiopiu.net\/wordpress\/wp-content\/uploads\/2022\/04\/FELTRE.jpg\" data-dt-img-description=\"\" data-large_image_width=\"1920\" data-large_image_height=\"1080\"><img loading=\"lazy\" decoding=\"async\" class=\" wp-image-269866 alignleft\" src=\"https:\/\/www.radiopiu.net\/wordpress\/wp-content\/uploads\/2022\/04\/FELTRE-300x169.jpg\" alt=\"\" width=\"192\" height=\"108\" srcset=\"https:\/\/www.radiopiu.net\/wordpress\/wp-content\/uploads\/2022\/04\/FELTRE-300x169.jpg 300w, https:\/\/www.radiopiu.net\/wordpress\/wp-content\/uploads\/2022\/04\/FELTRE-1024x576.jpg 1024w, https:\/\/www.radiopiu.net\/wordpress\/wp-content\/uploads\/2022\/04\/FELTRE-768x432.jpg 768w, https:\/\/www.radiopiu.net\/wordpress\/wp-content\/uploads\/2022\/04\/FELTRE-1536x864.jpg 1536w, https:\/\/www.radiopiu.net\/wordpress\/wp-content\/uploads\/2022\/04\/FELTRE.jpg 1920w\" sizes=\"auto, (max-width: 192px) 100vw, 192px\" \/><\/a>FELTRE <\/strong>Si \u00e8 riunito luned\u00ec scorso il direttivo del Comitato Organizzatore della Mostra dell\u2019Artigianato Artistico e Tradizionale Citt\u00e0 di Feltre, dopo la riconferma del presidente Luciano Gesiot da parte dei soci dell\u2019ente, avvenuta nei giorni scorsi. L\u2019incontro \u00e8 stato propizio per una prima ricognizione di idee e programmi in vista dell\u2019edizione 2023, per la quale il comitato si \u00e8 gi\u00e0 messo al lavoro. Nel corso dell\u2019incontro \u00e8 stata anche disegnata la squadra che comporr\u00e0 il comitato organizzativo di questa edizione della mostra: il presidente Luciano Gesiot sar\u00e0 affiancato da due vice, Massimo Riva e Matteo Scanavacca; Dino Cossalter si occuper\u00e0 della direzione amministrativa, mentre Fabio Giudice \u00e8 stato riconfermato nel ruolo di direttore artistico. Emma Cossalter coordiner\u00e0 la segreteria organizzativa, Alessandro Palerai curer\u00e0 la parte grafica e il marketing, Nicola Maccagnan si occuper\u00e0 dell\u2019ufficio stampa e delle relazioni con i media.<\/p>\n<p>&nbsp;<\/p>\n<hr \/>\n<p>&nbsp;<\/p>\n<blockquote>\n<h3>. \u201cSITUATION ROOM\u201d PER INFOMOBILIT\u00c0. VICEPRESIDENTE DE BERTI \u201cGARANTIRE ALL\u2019UTENZA INFORMAZIONI TEMPESTIVE SUL TRAFFICO<\/h3>\n<\/blockquote>\n<p><strong>VENEZIA<\/strong> <em>\u201cLa Coppa del mondo femminile di sci alpino a Cortina \u00e8 un evento che sottoporr\u00e0 la rete autostradale del Veneto ad una prova importante in termini di viabilit\u00e0 e sicurezza. Per questo l\u2019adozione di un sistema integrato di infomobilit\u00e0, in grado di gestire in modo coordinato le informazioni sul traffico \u00e8 fondamentale. La \u2018Situation Room\u2019, gi\u00e0 adottata in occasione di altri eventi, si \u00e8 rivelata uno strumento assai efficace <\/em>Con queste parole la Vicepresidente e Assessore regionale alle Infrastrutture e Trasporti Elisa De Berti ha presentato la \u201cSituation Room\u201d, sala operativa allestita presso la sede di Cav a Mestre (VE), destinata al monitoraggio della mobilit\u00e0 in concomitanza con i Campionati del Mondo di Sci Alpino Femminile che si terranno dal 20 al 22 gennaio a Cortina d\u2019Ampezzo. Grazie al piano operativo cos\u00ec predisposto, gli utenti avranno la possibilit\u00e0 di visionare la situazione del traffico ed eventuali criticit\u00e0 in tempo reale su una mappa dinamica sempre aggiornata. Il link a cui accedere \u00e8 https:\/\/cortinaskiworldcup.flexymob.com\/,<\/p>\n<p>&nbsp;<\/p>\n<hr \/>\n<p>&nbsp;<\/p>\n<blockquote>\n<h3>MIG LONGARONE 2023: LE PRIME NOVITA\u2019<\/h3>\n<\/blockquote>\n<p><strong class=\"photoswipe-wrapper\"><a class=\"dt-pswp-item pspw-wrap-ready\" href=\"https:\/\/www.radiopiu.net\/wordpress\/wp-content\/uploads\/2023\/01\/Foto-MIG-2022-01.jpg\" data-dt-img-description=\"\" data-large_image_width=\"2000\" data-large_image_height=\"1252\"><img loading=\"lazy\" decoding=\"async\" class=\" wp-image-317232 alignleft\" src=\"https:\/\/www.radiopiu.net\/wordpress\/wp-content\/uploads\/2023\/01\/Foto-MIG-2022-01-300x188.jpg\" sizes=\"auto, (max-width: 187px) 100vw, 187px\" srcset=\"https:\/\/www.radiopiu.net\/wordpress\/wp-content\/uploads\/2023\/01\/Foto-MIG-2022-01-300x188.jpg 300w, https:\/\/www.radiopiu.net\/wordpress\/wp-content\/uploads\/2023\/01\/Foto-MIG-2022-01-1024x641.jpg 1024w, https:\/\/www.radiopiu.net\/wordpress\/wp-content\/uploads\/2023\/01\/Foto-MIG-2022-01-768x481.jpg 768w, https:\/\/www.radiopiu.net\/wordpress\/wp-content\/uploads\/2023\/01\/Foto-MIG-2022-01-1536x962.jpg 1536w, https:\/\/www.radiopiu.net\/wordpress\/wp-content\/uploads\/2023\/01\/Foto-MIG-2022-01.jpg 2000w\" alt=\"\" width=\"187\" height=\"117\" \/><\/a>LONGARONE\u00a0<\/strong>A Longarone Fiere Dolomiti \u00e8 gi\u00e0 iniziato il percorso di avvicinamento alla prossima MIG \u2013 Mostra Internazionale del Gelato Artigianale la cui 63. edizione \u00e8 in programma da domenica 26 a mercoled\u00ec 29 novembre 2023. MIG 2023 sar\u00e0 una fiera solo per operatori. Per tutti i quattro giorni di apertura l\u2019ingresso sar\u00e0 consentito soltanto ai titolari di attivit\u00e0 di settore e loro collaboratori, in modo da favorire, in un ambiente tradizionalmente sobrio, lo svolgimento delle presentazioni e delle trattative. Il programma dei concorsi e degli eventi sar\u00e0 rivisto in funzione di supporto all\u2019esposizione, affrontando i temi di grande interesse e attualit\u00e0 individuati con la collaborazione delle Associazioni di categoria della filiera. Sara dato anche spazio ad iniziative di formazione. MIG vuole essere attrattiva, oltre che per il qualificato panorama espositivo, anche quale momento di aggiornamento professionale e manageriale, tanto necessario per operare nella situazione socio-economica che stiamo attraversando.<\/p>\n<p>&nbsp;<\/p>\n<p>&nbsp;<\/p>\n<hr \/>\n<p>&nbsp;<\/p>\n<blockquote>\n<h3>UNA STAGIONE INIZIATA MOLTO BENE A FORCELLA AURINE. MORGAN GNECH FA IL PUNTO<\/h3>\n<\/blockquote>\n<p><strong><a class=\"dt-pswp-item\" href=\"https:\/\/www.radiopiu.net\/wordpress\/wp-content\/uploads\/2021\/11\/FORCELLA-AURINE.jpg\" data-dt-img-description=\"\" data-large_image_width=\"960\" data-large_image_height=\"720\"><img loading=\"lazy\" decoding=\"async\" class=\" wp-image-241538 alignleft\" src=\"https:\/\/www.radiopiu.net\/wordpress\/wp-content\/uploads\/2021\/11\/FORCELLA-AURINE-300x225.jpg\" alt=\"\" width=\"155\" height=\"116\" srcset=\"https:\/\/www.radiopiu.net\/wordpress\/wp-content\/uploads\/2021\/11\/FORCELLA-AURINE-300x225.jpg 300w, https:\/\/www.radiopiu.net\/wordpress\/wp-content\/uploads\/2021\/11\/FORCELLA-AURINE-768x576.jpg 768w, https:\/\/www.radiopiu.net\/wordpress\/wp-content\/uploads\/2021\/11\/FORCELLA-AURINE.jpg 960w\" sizes=\"auto, (max-width: 155px) 100vw, 155px\" \/><\/a>di Mirko Mezzacasa<\/strong><\/p>\n<p>OSPITE: Morgan Gnech<\/p>\n<audio class=\"wp-audio-shortcode\" id=\"audio-317573-10\" preload=\"none\" style=\"width: 100%;\" controls=\"controls\"><source type=\"audio\/mpeg\" src=\"https:\/\/www.radiopiu.net\/wordpress\/wp-content\/uploads\/2023\/01\/MORGAN-FORCELLA.mp3?_=10\" \/><a href=\"https:\/\/www.radiopiu.net\/wordpress\/wp-content\/uploads\/2023\/01\/MORGAN-FORCELLA.mp3\">https:\/\/www.radiopiu.net\/wordpress\/wp-content\/uploads\/2023\/01\/MORGAN-FORCELLA.mp3<\/a><\/audio>\n<p>&nbsp;<\/p>\n<p>&nbsp;<\/p>\n<hr \/>\n<p>&nbsp;<\/p>\n<blockquote>\n<h3>FINE SETTIMANA DI FESTA A CENCENIGHE, SCARABOCIO, PIATTI TIPICI E BALLO AL NOF FILO&#8217;<\/h3>\n<\/blockquote>\n<p>&nbsp;<\/p>\n<p><a class=\"dt-pswp-item\" href=\"https:\/\/www.radiopiu.net\/wordpress\/wp-content\/uploads\/2018\/05\/Mauro-Soppelsa-libero-professionista-perito-edile-56-anni.jpg\" data-dt-img-description=\"MAURO SOPPELSA\" data-large_image_width=\"1852\" data-large_image_height=\"2218\"><img loading=\"lazy\" decoding=\"async\" class=\"wp-image-48070 alignleft\" src=\"https:\/\/www.radiopiu.net\/wordpress\/wp-content\/uploads\/2018\/05\/Mauro-Soppelsa-libero-professionista-perito-edile-56-anni-250x300.jpg\" alt=\"\" width=\"133\" height=\"160\" srcset=\"https:\/\/www.radiopiu.net\/wordpress\/wp-content\/uploads\/2018\/05\/Mauro-Soppelsa-libero-professionista-perito-edile-56-anni-250x300.jpg 250w, https:\/\/www.radiopiu.net\/wordpress\/wp-content\/uploads\/2018\/05\/Mauro-Soppelsa-libero-professionista-perito-edile-56-anni-768x920.jpg 768w, https:\/\/www.radiopiu.net\/wordpress\/wp-content\/uploads\/2018\/05\/Mauro-Soppelsa-libero-professionista-perito-edile-56-anni-855x1024.jpg 855w, https:\/\/www.radiopiu.net\/wordpress\/wp-content\/uploads\/2018\/05\/Mauro-Soppelsa-libero-professionista-perito-edile-56-anni.jpg 1852w\" sizes=\"auto, (max-width: 133px) 100vw, 133px\" \/><\/a><strong>CENCENIGHE<\/strong>Marted\u00ec a Cencenighe festeggiato Sant\u2019Antonio, patrono del paese. L\u2019usanza era quella di fare una festa per i nonni del paese con un pranzo al Nof Fil\u00f2 dopo la Santa Messa, ma anche quest\u2019anno gli organizzatori, Comune e Pro Loco, hanno optato per una festa diversa. Sar\u00e0 sempre il Nof Fil\u00f2 la sede ma si far\u00e0 festa domani e domenica con il Bal De Sant\u2019Antone il 21 gennaio e la Santa Messa e il torneo di scarabocio il giorno successivo.<strong>\u00a0<\/strong><\/p>\n<p><strong>IL SINDACO DI CENCENIGHE MAURO SOPPELSA<\/strong><\/p>\n<audio class=\"wp-audio-shortcode\" id=\"audio-317573-11\" preload=\"none\" style=\"width: 100%;\" controls=\"controls\"><source type=\"audio\/mpeg\" src=\"https:\/\/www.radiopiu.net\/wordpress\/wp-content\/uploads\/2023\/01\/MAURO-SOPPELSA-PATRONO.mp3?_=11\" \/><a href=\"https:\/\/www.radiopiu.net\/wordpress\/wp-content\/uploads\/2023\/01\/MAURO-SOPPELSA-PATRONO.mp3\">https:\/\/www.radiopiu.net\/wordpress\/wp-content\/uploads\/2023\/01\/MAURO-SOPPELSA-PATRONO.mp3<\/a><\/audio>\n<p>&nbsp;<\/p>\n<p>&nbsp;<\/p>\n\n\t\t\t<style type='text\/css'>\n\t\t\t\t#gallery-3 {\n\t\t\t\t\tmargin: auto;\n\t\t\t\t}\n\t\t\t\t#gallery-3 .gallery-item {\n\t\t\t\t\tfloat: left;\n\t\t\t\t\tmargin-top: 10px;\n\t\t\t\t\ttext-align: center;\n\t\t\t\t\twidth: 50%;\n\t\t\t\t}\n\t\t\t\t#gallery-3 img {\n\t\t\t\t\tborder: 2px solid #cfcfcf;\n\t\t\t\t}\n\t\t\t\t#gallery-3 .gallery-caption {\n\t\t\t\t\tmargin-left: 0;\n\t\t\t\t}\n\t\t\t\t\/* see gallery_shortcode() in wp-includes\/media.php *\/\n\t\t\t<\/style>\n\t\t<div id='gallery-3' class='dt-gallery-container gallery galleryid-317573 gallery-columns-2 gallery-size-thumbnail'><dl class='gallery-item'>\n\t\t\t\t<dt class='gallery-icon portrait'>\n\t\t\t\t\t<a class=\"rollover rollover-zoom dt-pswp-item\" title=\"49598d1e-268d-4442-ba35-17b22ecdadf1\" data-dt-img-description=\"\" data-large_image_width=\"1131\" data-large_image_height=\"1600\"href='https:\/\/www.radiopiu.net\/wordpress\/wp-content\/uploads\/2023\/01\/49598d1e-268d-4442-ba35-17b22ecdadf1.jpg'><img loading=\"lazy\" decoding=\"async\" width=\"150\" height=\"150\" src=\"https:\/\/www.radiopiu.net\/wordpress\/wp-content\/uploads\/2023\/01\/49598d1e-268d-4442-ba35-17b22ecdadf1-150x150.jpg\" class=\"attachment-thumbnail size-thumbnail\" alt=\"\" aria-describedby=\"gallery-3-316573\" \/><\/a>\n\t\t\t\t<\/dt>\n\t\t\t\t\t<dd class='wp-caption-text gallery-caption' id='gallery-3-316573'>\n\t\t\t\t\tSAGRA DE SANT&#8217;ANTONE\n\t\t\t\t\t<\/dd><\/dl><dl class='gallery-item'>\n\t\t\t\t<dt class='gallery-icon portrait'>\n\t\t\t\t\t<a class=\"rollover rollover-zoom dt-pswp-item\" title=\"3344b20c-8366-4e1c-8338-842c7c98739e\" data-dt-img-description=\"\" data-large_image_width=\"1131\" data-large_image_height=\"1600\"href='https:\/\/www.radiopiu.net\/wordpress\/wp-content\/uploads\/2023\/01\/3344b20c-8366-4e1c-8338-842c7c98739e.jpg'><img loading=\"lazy\" decoding=\"async\" width=\"150\" height=\"150\" src=\"https:\/\/www.radiopiu.net\/wordpress\/wp-content\/uploads\/2023\/01\/3344b20c-8366-4e1c-8338-842c7c98739e-150x150.jpg\" class=\"attachment-thumbnail size-thumbnail\" alt=\"\" aria-describedby=\"gallery-3-316574\" \/><\/a>\n\t\t\t\t<\/dt>\n\t\t\t\t\t<dd class='wp-caption-text gallery-caption' id='gallery-3-316574'>\n\t\t\t\t\tBAL DE SANT&#8217;ANTONE\n\t\t\t\t\t<\/dd><\/dl><br style=\"clear: both\" \/>\n\t\t\t<\/div>\n\n<p>&nbsp;<\/p>\n<hr \/>\n<p>&nbsp;<\/p>\n<blockquote>\n<h3><a class=\"dt-pswp-item\" href=\"https:\/\/www.radiopiu.net\/wordpress\/wp-content\/uploads\/2023\/01\/323229347_2844929715651064_3411250484413883413_n-212x300-1.jpg\" data-dt-img-description=\"\" data-large_image_width=\"212\" data-large_image_height=\"300\"><img loading=\"lazy\" decoding=\"async\" class=\"wp-image-317689 alignleft\" src=\"https:\/\/www.radiopiu.net\/wordpress\/wp-content\/uploads\/2023\/01\/323229347_2844929715651064_3411250484413883413_n-212x300-1.jpg\" alt=\"\" width=\"119\" height=\"168\" \/><\/a>SAN BASTIAN, QUESTA SERA LA COMMEDIA DELLA FILODRAMMATICA<\/h3>\n<\/blockquote>\n<p><span style=\"color: #ff0000;\"><strong>SAN BASTIAN 2023 il patrono della parrocchia di falcade.<\/strong><\/span><\/p>\n<p><strong>LA FILODRAMMATICA DI FALCADE ALTO PRESENTA <\/strong><strong>CHEL BENEDETO SECIO! COMMEDIA BRILLANTE- COMICA, IN DUE ATTI DI GIUSEPPINA CATTANEO,\u00a0 QUESTA SERA <\/strong><strong>\u00a0ALLA CASA DEL POPOLO DI FALCADE ALTO. REPLICA SABATO 28 GENNAIO ALLE 20.30 ALLA CASA DELLA GIOVENTU&#8217; DI CAVIOLA. E PER SAN BASTIAN CON LA PARROCCHIA, A FALCADE ALTO LA MESSA, ALLE 10.30 E ALLE 15. <\/strong><br \/>\n<strong>SAN BASTIAN&#8230;CON LA FILODRAMMATICA DI FALCADE, TRADIZIONI D&#8217;INVERNO, PUNTO DI INCONTRO PER LE COMUNITA&#8217;.<\/strong><\/p>\n<p>&nbsp;<\/p>\n<p>&nbsp;<\/p>\n<hr \/>\n<p>&nbsp;<\/p>\n<p><a class=\"dt-pswp-item\" href=\"https:\/\/www.radiopiu.net\/wordpress\/wp-content\/uploads\/2023\/01\/f357cc9c-828e-4d9b-9ff4-ec3efed24d74.jpg\" data-dt-img-description=\"\" data-large_image_width=\"724\" data-large_image_height=\"1024\"><img loading=\"lazy\" decoding=\"async\" class=\"wp-image-315069 alignleft\" src=\"https:\/\/www.radiopiu.net\/wordpress\/wp-content\/uploads\/2023\/01\/f357cc9c-828e-4d9b-9ff4-ec3efed24d74.jpg\" alt=\"\" width=\"140\" height=\"198\" srcset=\"https:\/\/www.radiopiu.net\/wordpress\/wp-content\/uploads\/2023\/01\/f357cc9c-828e-4d9b-9ff4-ec3efed24d74.jpg 724w, https:\/\/www.radiopiu.net\/wordpress\/wp-content\/uploads\/2023\/01\/f357cc9c-828e-4d9b-9ff4-ec3efed24d74-212x300.jpg 212w\" sizes=\"auto, (max-width: 140px) 100vw, 140px\" \/><\/a><\/p>\n<h1><span style=\"color: #ff00ff;\">AGORDINO IN FERMENTO&#8230;AGORDINO IN MOVIMENTO\u00a0<\/span><\/h1>\n<blockquote><p><span style=\"color: #ff0000;\"><strong>A CARNEVALE&#8230; EL CARNEVAL DE LE VAI&#8230;DA SELVA DI CADORE A CANALE D&#8217;AGORDO, DA RIVAMONTE A LASTE E SOTTOGUDA. TRADIZIONE, CULTURLA E SPETTACOLO\u00a0 L&#8217;INCONTRO ALLA RADIO CON GLI ORGANIZZATORI<\/strong><\/span><\/p><\/blockquote>\n<p>&nbsp;<\/p>\n<p>&nbsp;<\/p>\n<p><iframe loading=\"lazy\" title=\"CARNEVAI DE LE VAI L&#039;INTERVISTA AI PROTAGONISTI\" width=\"1200\" height=\"675\" src=\"https:\/\/www.youtube.com\/embed\/w-vtgGV1TuM?feature=oembed\" frameborder=\"0\" allow=\"accelerometer; autoplay; clipboard-write; encrypted-media; gyroscope; picture-in-picture; web-share\" allowfullscreen><\/iframe><\/p>\n<p>&nbsp;<\/p>\n<p>&nbsp;<\/p>\n<hr \/>\n<p>&nbsp;<\/p>\n<blockquote class=\"wp-embedded-content\" data-secret=\"SlX3pQ163N\"><p><a href=\"https:\/\/www.radiopiu.net\/wordpress\/sccanda\/\">SCOPRI LA BELLEZZA DEI PARCHI NAZIONALI DEL CANADA<\/a><\/p><\/blockquote>\n<p><iframe loading=\"lazy\" class=\"wp-embedded-content\" sandbox=\"allow-scripts\" security=\"restricted\" style=\"position: absolute; clip: rect(1px, 1px, 1px, 1px);\" title=\"&#8220;SCOPRI LA BELLEZZA DEI PARCHI NAZIONALI DEL CANADA&#8221; &#8212; Radio Pi\u00f9\" src=\"https:\/\/www.radiopiu.net\/wordpress\/sccanda\/embed\/#?secret=TKE9L1Re9T#?secret=SlX3pQ163N\" data-secret=\"SlX3pQ163N\" width=\"600\" height=\"338\" frameborder=\"0\" marginwidth=\"0\" marginheight=\"0\" scrolling=\"no\"><\/iframe><\/p>\n<p>&nbsp;<\/p>\n<hr \/>\n<p>&nbsp;<\/p>\n<blockquote>\n<h3>L&#8217;INCONTRO CON PAOLA CARMIGNOLA DI EMERGENCY<\/h3>\n<\/blockquote>\n<p><strong>BELLUNO<\/strong> Il Coordinamento Pace e Disarmo, il gruppo Emergency di Belluno e la Pro Loco Pieve Castionese hanno organizzato per domani l\u2019iniziativa \u201cEMissioni di pace. Incontro con Paola Carmignola, infermiera di Emergency in Afghanistan e Sierra Leone\u201d. Dalle 12.30\u00a0 alla Casa dei Beni Comuni (ex caserma Piave, via Tiziano Vecellio 82\/1). L\u2019ingresso e\u0300 libero.<\/p>\n<p>&nbsp;<\/p>\n<hr \/>\n<p>&nbsp;<\/p>\n<blockquote>\n<h3>E SONO DIECI! IL 23 GENNAIO LA NUOVA FILIALE DELLA CASSA RURALE IN PROVINCIA<\/h3>\n<\/blockquote>\n<p><strong><a class=\"dt-pswp-item\" href=\"https:\/\/www.radiopiu.net\/wordpress\/wp-content\/uploads\/2023\/01\/quadrato@3x.png\" data-dt-img-description=\"\" data-large_image_width=\"451\" data-large_image_height=\"451\"><img loading=\"lazy\" decoding=\"async\" class=\"wp-image-317457 alignleft\" src=\"https:\/\/www.radiopiu.net\/wordpress\/wp-content\/uploads\/2023\/01\/quadrato@3x-300x300.png\" alt=\"\" width=\"167\" height=\"167\" srcset=\"https:\/\/www.radiopiu.net\/wordpress\/wp-content\/uploads\/2023\/01\/quadrato@3x-300x300.png 300w, https:\/\/www.radiopiu.net\/wordpress\/wp-content\/uploads\/2023\/01\/quadrato@3x-150x150.png 150w, https:\/\/www.radiopiu.net\/wordpress\/wp-content\/uploads\/2023\/01\/quadrato@3x.png 451w\" sizes=\"auto, (max-width: 167px) 100vw, 167px\" \/><\/a>BELLUNO<\/strong> Dal prossimo 23 gennaio sar\u00e0 operativa la decima filiale della Cassa Rurale Dolomiti in Provincia. Trover\u00e0 spazio nei nuovi ampi locali di Via Fratelli Rosselli, 88 \u2013 Localit\u00e0 Mussoi. Si consolida quindi il processo di radicamento nel territorio bellunese da parte dell&#8217;istituto che ha sede a Moena (TN), e che fa parte del gruppo Cassa Centrale. Si tratta del ventitreesimo sportello operante nelle provincie di Trento e Belluno, a ulteriore conferma della mission della Cassa Rurale Dolomiti che si propone come banca del territorio. Quella di Belluno si aggiunge alle filiali gi\u00e0 operative in provincia ad Agordo, Alleghe, Bribano di Sedico, Canale d&#8217;Agordo, Falcade, Feltre, Lentiai, Mas di Sedico e Santa Giustina. La Cassa Rurale Dolomiti si avvale di 140 collaboratori, annovera pi\u00f9 di 35.000 clienti e oltre 8.700 sono invece i soci. \u00c8 una societ\u00e0 cooperativa,\u00a0 banca espressione del territorio. Le aperture degli sportelli nella provincia di Belluno, in special modo nei piccoli centri abitati, si colloca in controtendenza rispetto alla generale riduzione degli sportelli che si riscontra nel sistema bancario. L&#8217;apertura della nuova filiale testimonia la volont\u00e0 di rendere un servizio di fondamentale importanza alla clientela di media cultura digitale<\/p>\n<p>&nbsp;<\/p>\n<p>&nbsp;<\/p>\n<hr \/>\n<p>&nbsp;<\/p>\n<h3>SECONDA PUNTATA 2023<\/h3>\n<h3>DI MIRKO MEZZACASA<\/h3>\n<p>&nbsp;<\/p>\n<p><iframe loading=\"lazy\" title=\"EPCENTER CON FRANCESCO ZILLIO &quot;COMPETENZE NEI LAVORI ELETTRICI&quot;\" width=\"1200\" height=\"675\" src=\"https:\/\/www.youtube.com\/embed\/fHKMvME9MHc?feature=oembed\" frameborder=\"0\" allow=\"accelerometer; autoplay; clipboard-write; encrypted-media; gyroscope; picture-in-picture; web-share\" allowfullscreen><\/iframe><\/p>\n<p>&nbsp;<\/p>\n<p>&nbsp;<\/p>\n<hr \/>\n<p>&nbsp;<\/p>\n<blockquote>\n<h3>LUNEDI&#8217; LA PRESENTAZIONE DEL PROGETTO RIGENERA MONTAGNA<\/h3>\n<\/blockquote>\n<p><strong>BELLUNO <\/strong>Sar\u00e0 presentato luned\u00ec alle 12:15 nella sede della Fondazione Giovanni Angelini in P.za Mercato 26 a Belluno il progetto &#8220;Rigenera Montagna&#8221;. Il progetto Rigenera Montagna ha l\u2019obettivo di intercettare lo sguardo delle giovani generazioni sui temi dell\u2019ambiente della montagna bellunese.<\/p>\n<p>&nbsp;<\/p>\n<p>&nbsp;<\/p>\n<hr \/>\n<p>&nbsp;<\/p>\n<blockquote>\n<h3>OPEN DAY ALLA SCUOLA DELL&#8217;INFANZIA<\/h3>\n<\/blockquote>\n<p><strong>AGORDO<\/strong> Oggi dalle 15.30 alle 17.30 sar\u00e0 possibile visitare la scuola dell&#8217;infanzia di Agordo. Info 0437 62261, www.scuolamaternaagordo.it<\/p>\n<p>&nbsp;<\/p>\n<p>&nbsp;<\/p>\n<hr \/>\n<p>&nbsp;<\/p>\n<blockquote>\n<h3>LA SECONDA SERATA DEDICATA AI CICLOVIAGGI<\/h3>\n<\/blockquote>\n<p><strong>BELLUNO <\/strong>Domani, alle ore 20.45 in Sala Bianchi a Belluno, ci sar\u00e0 la seconda serata che FIAB Belluno dedica ai cicloviaggi. Ospite Raffaella Bonomi che, in solitaria e in tenda ha pedalato lungo tutta l&#8217;Italia, alla ricerca delle sue &#8220;Radici&#8221;.<\/p>\n<p>&nbsp;<\/p>\n<p>&nbsp;<\/p>\n<p>&nbsp;<\/p>\n<hr \/>\n<p>&nbsp;<\/p>\n<blockquote>\n<h3>&#8220;L&#8217;OMBRA DEL SILENZIO&#8221; IN OCCASIONE DELLA GIONATA DELLA MEMORIA<\/h3>\n<\/blockquote>\n<p><strong>LIMANA <\/strong>E&#8217; in programma per gioved\u00ec 26 gennaio alle 20:30 in sala Luigi Nocivelli di Limana &#8220;L&#8217;Ombra Del Silenzio&#8221;. Una serata dedicata a parole, immagini, suoni e riflessioni sulla Shoah. In collaborazione con il comune di Limana, la biblioteca civica e Gruppo Panta Rei<\/p>\n<p>&nbsp;<\/p>\n<p>&nbsp;<\/p>\n<hr \/>\n<p>&nbsp;<\/p>\n<div class=\"column\">\n<h1><span style=\"color: #ff00ff;\">AGORDINO IN FERMENTO&#8230;AGORDINO IN MOVIMENTO\u00a0\u00a0<\/span><\/h1>\n<blockquote>\n<h3>4 FEBBRAIO 2023: LA CASPARETHA&#8230; IL CASPERITIVO. SPORT E FESTA.<\/h3>\n<\/blockquote>\n<p><strong>di Gianni Santomaso<\/strong><\/p>\n<audio class=\"wp-audio-shortcode\" id=\"audio-317573-12\" preload=\"none\" style=\"width: 100%;\" controls=\"controls\"><source type=\"audio\/mpeg\" src=\"https:\/\/www.radiopiu.net\/wordpress\/wp-content\/uploads\/2023\/01\/GIANNI-CASPARETHA.mp3?_=12\" \/><a href=\"https:\/\/www.radiopiu.net\/wordpress\/wp-content\/uploads\/2023\/01\/GIANNI-CASPARETHA.mp3\">https:\/\/www.radiopiu.net\/wordpress\/wp-content\/uploads\/2023\/01\/GIANNI-CASPARETHA.mp3<\/a><\/audio>\n<blockquote><p>&nbsp;<\/p>\n<p><strong><span style=\"color: #ff0000;\">ALLA RADIO, L&#8217;INTERVISTA A MIRCO E EMIL TANCON<\/span><\/strong><\/p><\/blockquote>\n<div class=\"column\">\n<p><strong><a class=\"dt-pswp-item\" href=\"https:\/\/www.radiopiu.net\/wordpress\/wp-content\/uploads\/2023\/01\/CASPARETHA_page-0001.jpg\" data-dt-img-description=\"\" data-large_image_width=\"886\" data-large_image_height=\"632\"><img loading=\"lazy\" decoding=\"async\" class=\" wp-image-315112 alignleft\" src=\"https:\/\/www.radiopiu.net\/wordpress\/wp-content\/uploads\/2023\/01\/CASPARETHA_page-0001-300x214.jpg\" alt=\"\" width=\"243\" height=\"173\" srcset=\"https:\/\/www.radiopiu.net\/wordpress\/wp-content\/uploads\/2023\/01\/CASPARETHA_page-0001-300x214.jpg 300w, https:\/\/www.radiopiu.net\/wordpress\/wp-content\/uploads\/2023\/01\/CASPARETHA_page-0001-768x548.jpg 768w, https:\/\/www.radiopiu.net\/wordpress\/wp-content\/uploads\/2023\/01\/CASPARETHA_page-0001.jpg 886w\" sizes=\"auto, (max-width: 243px) 100vw, 243px\" \/><\/a>CANALE D&#8217;AGORDO <\/strong>Sabato 4 febbraio \u00e8 in programma la Casparetha 2023, camminata competitiva e non in notturna con racchette da neve su tracciato di circa 5 km.<\/p>\n<p><strong>di Mirko Mezzacasa<\/strong><\/p>\n<p>OSPITI: Emil Tancon e Mirko Tancon<\/p>\n<audio class=\"wp-audio-shortcode\" id=\"audio-317573-13\" preload=\"none\" style=\"width: 100%;\" controls=\"controls\"><source type=\"audio\/mpeg\" src=\"https:\/\/www.radiopiu.net\/wordpress\/wp-content\/uploads\/2023\/01\/casparetha-mirco-emil.mp3?_=13\" \/><a href=\"https:\/\/www.radiopiu.net\/wordpress\/wp-content\/uploads\/2023\/01\/casparetha-mirco-emil.mp3\">https:\/\/www.radiopiu.net\/wordpress\/wp-content\/uploads\/2023\/01\/casparetha-mirco-emil.mp3<\/a><\/audio>\n<\/div>\n<\/div>\n<p>&nbsp;<\/p>\n<p>&nbsp;<\/p>\n<hr \/>\n<p>&nbsp;<\/p>\n<p><iframe loading=\"lazy\" title=\"Radio Pi\u00f9 festeggia i suoi primi 40 anni di attivit\u00e0\" width=\"1200\" height=\"675\" src=\"https:\/\/www.youtube.com\/embed\/6ptB04FauBE?feature=oembed\" frameborder=\"0\" allow=\"accelerometer; autoplay; clipboard-write; encrypted-media; gyroscope; picture-in-picture; web-share\" allowfullscreen><\/iframe><\/p>\n<p>&nbsp;<\/p>\n<p>&nbsp;<\/p>\n<hr \/>\n<p>&nbsp;<\/p>\n<h1><span style=\"color: #ff0000;\">LA RADIO DI SERA<\/span><\/h1>\n<blockquote>\n<h3>CLAUDIA CAGNATI E IL SUO &#8220;L&#8217;UNIVERSO TRA LE DITA&#8221;<\/h3>\n<\/blockquote>\n<p><strong>REDAZIONE<\/strong> Negli studi di Radio Pi\u00f9 ospite Claudia Cagnati per presentare il suo album &#8220;L&#8217;Universo Tra Le Dita&#8221;<\/p>\n<p><strong>LA DIRETTA RADIO PIU&#8217;<\/strong><\/p>\n<p><iframe loading=\"lazy\" title=\"CLAUDIA CAGNATI E SIEGFRIED URSH (SIGO) A RADIO PIU&#039;\" width=\"1200\" height=\"675\" src=\"https:\/\/www.youtube.com\/embed\/7aT7_kbxSGo?feature=oembed\" frameborder=\"0\" allow=\"accelerometer; autoplay; clipboard-write; encrypted-media; gyroscope; picture-in-picture; web-share\" allowfullscreen><\/iframe><\/p>\n<p>&nbsp;<\/p>\n<hr \/>\n<div id=\"title\" class=\"style-scope ytd-watch-metadata\">\n<h1 class=\"style-scope ytd-watch-metadata\"><\/h1>\n<h1><span style=\"color: #ff0000;\">LA RADIO DI SERA<\/span><\/h1>\n<blockquote>\n<h3 class=\"style-scope ytd-watch-metadata\">12 PASSI INDIETRO&#8230;. CON SERGIO VALACCHI<\/h3>\n<\/blockquote>\n<\/div>\n<div id=\"top-row\" class=\"style-scope ytd-watch-metadata\">\n<div id=\"owner\" class=\"item style-scope ytd-watch-metadata\">12 brani&#8230;. 12 passi indietro. Perch\u00e8 la gente &#8220;sana&#8221;, genuina, preparata ce l&#8217;abbiamo in casa anche noi!!! Sergio Valacchi ha sfornato il disco &#8220;12 passi indietro&#8221;. Martedi sera alle 20.30 una grande serata in diretta alla RADIOPIU con Mirko Mezzacasa e Moreno Tocchetto&#8230; tutto made in Belluno. DIRETTA RADIO FM, STREAMING, FACEBOOK, TELEGRAM il disco di Sergio Valacchi con Roberto Mares, Piero Bolzan, Alvise Bortolini, Fabio Puletti, Ivano Battiston il grande fisamonicista, Mole, Andrea Da Corta, Chiara Donadel, Paolo Fornasier, Matteo D&#8217;Inc\u00e0, Steve De Biasi, Giovanni Zanon, Enrica Balzan, Capitan B, Fabio Trentini!!!!!! BELLUNO !!! SOPRATTUTTO&#8230; MARTEDI SERA DALLE 20.30<\/div>\n<\/div>\n<p>&nbsp;<\/p>\n<p><iframe loading=\"lazy\" title=\"12 PASSI INDIETRO.... CON SERGIO VALACCHI\" width=\"1200\" height=\"675\" src=\"https:\/\/www.youtube.com\/embed\/nFp4ltFcwnk?feature=oembed\" frameborder=\"0\" allow=\"accelerometer; autoplay; clipboard-write; encrypted-media; gyroscope; picture-in-picture; web-share\" allowfullscreen><\/iframe><\/p>\n<hr \/>\n<p>&nbsp;<\/p>\n<blockquote>\n<h2>APPUNTAMENTI &#8211; EVENTI<\/h2>\n<\/blockquote>\n\n\t\t\t<style type='text\/css'>\n\t\t\t\t#gallery-4 {\n\t\t\t\t\tmargin: auto;\n\t\t\t\t}\n\t\t\t\t#gallery-4 .gallery-item {\n\t\t\t\t\tfloat: left;\n\t\t\t\t\tmargin-top: 10px;\n\t\t\t\t\ttext-align: center;\n\t\t\t\t\twidth: 33%;\n\t\t\t\t}\n\t\t\t\t#gallery-4 img {\n\t\t\t\t\tborder: 2px solid #cfcfcf;\n\t\t\t\t}\n\t\t\t\t#gallery-4 .gallery-caption {\n\t\t\t\t\tmargin-left: 0;\n\t\t\t\t}\n\t\t\t\t\/* see gallery_shortcode() in wp-includes\/media.php *\/\n\t\t\t<\/style>\n\t\t<div id='gallery-4' class='dt-gallery-container gallery galleryid-317573 gallery-columns-3 gallery-size-medium'><dl class='gallery-item'>\n\t\t\t\t<dt class='gallery-icon portrait'>\n\t\t\t\t\t<a class=\"rollover rollover-zoom dt-pswp-item\" title=\"34712c4d-1310-4db5-a620-fe6ede9a0848\" data-dt-img-description=\"\" data-large_image_width=\"1131\" data-large_image_height=\"1600\"href='https:\/\/www.radiopiu.net\/wordpress\/wp-content\/uploads\/2023\/01\/34712c4d-1310-4db5-a620-fe6ede9a0848.jpg'><img loading=\"lazy\" decoding=\"async\" width=\"212\" height=\"300\" src=\"https:\/\/www.radiopiu.net\/wordpress\/wp-content\/uploads\/2023\/01\/34712c4d-1310-4db5-a620-fe6ede9a0848-212x300.jpg\" class=\"attachment-medium size-medium\" alt=\"\" aria-describedby=\"gallery-4-316092\" srcset=\"https:\/\/www.radiopiu.net\/wordpress\/wp-content\/uploads\/2023\/01\/34712c4d-1310-4db5-a620-fe6ede9a0848-212x300.jpg 212w, https:\/\/www.radiopiu.net\/wordpress\/wp-content\/uploads\/2023\/01\/34712c4d-1310-4db5-a620-fe6ede9a0848-724x1024.jpg 724w, https:\/\/www.radiopiu.net\/wordpress\/wp-content\/uploads\/2023\/01\/34712c4d-1310-4db5-a620-fe6ede9a0848-768x1086.jpg 768w, https:\/\/www.radiopiu.net\/wordpress\/wp-content\/uploads\/2023\/01\/34712c4d-1310-4db5-a620-fe6ede9a0848-1086x1536.jpg 1086w, https:\/\/www.radiopiu.net\/wordpress\/wp-content\/uploads\/2023\/01\/34712c4d-1310-4db5-a620-fe6ede9a0848.jpg 1131w\" sizes=\"auto, (max-width: 212px) 100vw, 212px\" \/><\/a>\n\t\t\t\t<\/dt>\n\t\t\t\t\t<dd class='wp-caption-text gallery-caption' id='gallery-4-316092'>\n\t\t\t\t\tDAL FARRA E BAND IN CONCERTO A LONGARONE\n\t\t\t\t\t<\/dd><\/dl><dl class='gallery-item'>\n\t\t\t\t<dt class='gallery-icon portrait'>\n\t\t\t\t\t<a class=\"rollover rollover-zoom dt-pswp-item\" title=\"323229347_2844929715651064_3411250484413883413_n\" data-dt-img-description=\"\" data-large_image_width=\"724\" data-large_image_height=\"1024\"href='https:\/\/www.radiopiu.net\/wordpress\/wp-content\/uploads\/2023\/01\/323229347_2844929715651064_3411250484413883413_n.jpg'><img loading=\"lazy\" decoding=\"async\" width=\"212\" height=\"300\" src=\"https:\/\/www.radiopiu.net\/wordpress\/wp-content\/uploads\/2023\/01\/323229347_2844929715651064_3411250484413883413_n-212x300.jpg\" class=\"attachment-medium size-medium\" alt=\"\" aria-describedby=\"gallery-4-316095\" srcset=\"https:\/\/www.radiopiu.net\/wordpress\/wp-content\/uploads\/2023\/01\/323229347_2844929715651064_3411250484413883413_n-212x300.jpg 212w, https:\/\/www.radiopiu.net\/wordpress\/wp-content\/uploads\/2023\/01\/323229347_2844929715651064_3411250484413883413_n.jpg 724w\" sizes=\"auto, (max-width: 212px) 100vw, 212px\" \/><\/a>\n\t\t\t\t<\/dt>\n\t\t\t\t\t<dd class='wp-caption-text gallery-caption' id='gallery-4-316095'>\n\t\t\t\t\tSAN BASTIAN, PATRONO DI FALCADE\n\t\t\t\t\t<\/dd><\/dl><dl class='gallery-item'>\n\t\t\t\t<dt class='gallery-icon portrait'>\n\t\t\t\t\t<a class=\"rollover rollover-zoom dt-pswp-item\" title=\"323705541_1631039457354113_1450674556092689641_n\" data-dt-img-description=\"\" data-large_image_width=\"1546\" data-large_image_height=\"2048\"href='https:\/\/www.radiopiu.net\/wordpress\/wp-content\/uploads\/2023\/01\/323705541_1631039457354113_1450674556092689641_n-1.jpg'><img loading=\"lazy\" decoding=\"async\" width=\"226\" height=\"300\" src=\"https:\/\/www.radiopiu.net\/wordpress\/wp-content\/uploads\/2023\/01\/323705541_1631039457354113_1450674556092689641_n-1-226x300.jpg\" class=\"attachment-medium size-medium\" alt=\"\" aria-describedby=\"gallery-4-316096\" srcset=\"https:\/\/www.radiopiu.net\/wordpress\/wp-content\/uploads\/2023\/01\/323705541_1631039457354113_1450674556092689641_n-1-226x300.jpg 226w, https:\/\/www.radiopiu.net\/wordpress\/wp-content\/uploads\/2023\/01\/323705541_1631039457354113_1450674556092689641_n-1-773x1024.jpg 773w, https:\/\/www.radiopiu.net\/wordpress\/wp-content\/uploads\/2023\/01\/323705541_1631039457354113_1450674556092689641_n-1-768x1017.jpg 768w, https:\/\/www.radiopiu.net\/wordpress\/wp-content\/uploads\/2023\/01\/323705541_1631039457354113_1450674556092689641_n-1-1160x1536.jpg 1160w, https:\/\/www.radiopiu.net\/wordpress\/wp-content\/uploads\/2023\/01\/323705541_1631039457354113_1450674556092689641_n-1.jpg 1546w\" sizes=\"auto, (max-width: 226px) 100vw, 226px\" \/><\/a>\n\t\t\t\t<\/dt>\n\t\t\t\t\t<dd class='wp-caption-text gallery-caption' id='gallery-4-316096'>\n\t\t\t\t\tLE IMMAGINI D&#8217;EPOCA\n\t\t\t\t\t<\/dd><\/dl><br style=\"clear: both\" \/><dl class='gallery-item'>\n\t\t\t\t<dt class='gallery-icon portrait'>\n\t\t\t\t\t<a class=\"rollover rollover-zoom dt-pswp-item\" title=\"49598d1e-268d-4442-ba35-17b22ecdadf1\" data-dt-img-description=\"\" data-large_image_width=\"1131\" data-large_image_height=\"1600\"href='https:\/\/www.radiopiu.net\/wordpress\/wp-content\/uploads\/2023\/01\/49598d1e-268d-4442-ba35-17b22ecdadf1.jpg'><img loading=\"lazy\" decoding=\"async\" width=\"212\" height=\"300\" src=\"https:\/\/www.radiopiu.net\/wordpress\/wp-content\/uploads\/2023\/01\/49598d1e-268d-4442-ba35-17b22ecdadf1-212x300.jpg\" class=\"attachment-medium size-medium\" alt=\"\" aria-describedby=\"gallery-4-316573\" srcset=\"https:\/\/www.radiopiu.net\/wordpress\/wp-content\/uploads\/2023\/01\/49598d1e-268d-4442-ba35-17b22ecdadf1-212x300.jpg 212w, https:\/\/www.radiopiu.net\/wordpress\/wp-content\/uploads\/2023\/01\/49598d1e-268d-4442-ba35-17b22ecdadf1-724x1024.jpg 724w, https:\/\/www.radiopiu.net\/wordpress\/wp-content\/uploads\/2023\/01\/49598d1e-268d-4442-ba35-17b22ecdadf1-768x1086.jpg 768w, https:\/\/www.radiopiu.net\/wordpress\/wp-content\/uploads\/2023\/01\/49598d1e-268d-4442-ba35-17b22ecdadf1-1086x1536.jpg 1086w, https:\/\/www.radiopiu.net\/wordpress\/wp-content\/uploads\/2023\/01\/49598d1e-268d-4442-ba35-17b22ecdadf1.jpg 1131w\" sizes=\"auto, (max-width: 212px) 100vw, 212px\" \/><\/a>\n\t\t\t\t<\/dt>\n\t\t\t\t\t<dd class='wp-caption-text gallery-caption' id='gallery-4-316573'>\n\t\t\t\t\tSAGRA DE SANT&#8217;ANTONE\n\t\t\t\t\t<\/dd><\/dl><dl class='gallery-item'>\n\t\t\t\t<dt class='gallery-icon portrait'>\n\t\t\t\t\t<a class=\"rollover rollover-zoom dt-pswp-item\" title=\"3344b20c-8366-4e1c-8338-842c7c98739e\" data-dt-img-description=\"\" data-large_image_width=\"1131\" data-large_image_height=\"1600\"href='https:\/\/www.radiopiu.net\/wordpress\/wp-content\/uploads\/2023\/01\/3344b20c-8366-4e1c-8338-842c7c98739e.jpg'><img loading=\"lazy\" decoding=\"async\" width=\"212\" height=\"300\" src=\"https:\/\/www.radiopiu.net\/wordpress\/wp-content\/uploads\/2023\/01\/3344b20c-8366-4e1c-8338-842c7c98739e-212x300.jpg\" class=\"attachment-medium size-medium\" alt=\"\" aria-describedby=\"gallery-4-316574\" srcset=\"https:\/\/www.radiopiu.net\/wordpress\/wp-content\/uploads\/2023\/01\/3344b20c-8366-4e1c-8338-842c7c98739e-212x300.jpg 212w, https:\/\/www.radiopiu.net\/wordpress\/wp-content\/uploads\/2023\/01\/3344b20c-8366-4e1c-8338-842c7c98739e-724x1024.jpg 724w, https:\/\/www.radiopiu.net\/wordpress\/wp-content\/uploads\/2023\/01\/3344b20c-8366-4e1c-8338-842c7c98739e-768x1086.jpg 768w, https:\/\/www.radiopiu.net\/wordpress\/wp-content\/uploads\/2023\/01\/3344b20c-8366-4e1c-8338-842c7c98739e-1086x1536.jpg 1086w, https:\/\/www.radiopiu.net\/wordpress\/wp-content\/uploads\/2023\/01\/3344b20c-8366-4e1c-8338-842c7c98739e.jpg 1131w\" sizes=\"auto, (max-width: 212px) 100vw, 212px\" \/><\/a>\n\t\t\t\t<\/dt>\n\t\t\t\t\t<dd class='wp-caption-text gallery-caption' id='gallery-4-316574'>\n\t\t\t\t\tBAL DE SANT&#8217;ANTONE\n\t\t\t\t\t<\/dd><\/dl><dl class='gallery-item'>\n\t\t\t\t<dt class='gallery-icon portrait'>\n\t\t\t\t\t<a class=\"rollover rollover-zoom dt-pswp-item\" title=\"e77519b2-cab4-47fd-a5a3-8ecb7c6453ab\" data-dt-img-description=\"\" data-large_image_width=\"1080\" data-large_image_height=\"1350\"href='https:\/\/www.radiopiu.net\/wordpress\/wp-content\/uploads\/2023\/01\/e77519b2-cab4-47fd-a5a3-8ecb7c6453ab.jpg'><img loading=\"lazy\" decoding=\"async\" width=\"240\" height=\"300\" src=\"https:\/\/www.radiopiu.net\/wordpress\/wp-content\/uploads\/2023\/01\/e77519b2-cab4-47fd-a5a3-8ecb7c6453ab-240x300.jpg\" class=\"attachment-medium size-medium\" alt=\"\" aria-describedby=\"gallery-4-317089\" srcset=\"https:\/\/www.radiopiu.net\/wordpress\/wp-content\/uploads\/2023\/01\/e77519b2-cab4-47fd-a5a3-8ecb7c6453ab-240x300.jpg 240w, https:\/\/www.radiopiu.net\/wordpress\/wp-content\/uploads\/2023\/01\/e77519b2-cab4-47fd-a5a3-8ecb7c6453ab-819x1024.jpg 819w, https:\/\/www.radiopiu.net\/wordpress\/wp-content\/uploads\/2023\/01\/e77519b2-cab4-47fd-a5a3-8ecb7c6453ab-768x960.jpg 768w, https:\/\/www.radiopiu.net\/wordpress\/wp-content\/uploads\/2023\/01\/e77519b2-cab4-47fd-a5a3-8ecb7c6453ab.jpg 1080w\" sizes=\"auto, (max-width: 240px) 100vw, 240px\" \/><\/a>\n\t\t\t\t<\/dt>\n\t\t\t\t\t<dd class='wp-caption-text gallery-caption' id='gallery-4-317089'>\n\t\t\t\t\tLA MAMMA DI ARLECCHINO NON DORME MAI\n\t\t\t\t\t<\/dd><\/dl><br style=\"clear: both\" \/>\n\t\t\t<\/div>\n\n<p>&nbsp;<\/p>\n<p>&nbsp;<\/p>\n<p>&nbsp;<\/p>\n<hr \/>\n<p>&nbsp;<\/p>\n<h2><span style=\"color: #ff6600;\">L&#8217;OPINIONE DI FRANCO PIACENTINI&#8230;IL GOVERNO AFFRONTI LE EMERGENZE SOCIALI<\/span><\/h2>\n<p><em>Per il bene del Paese, il Governo, invece di dedicare il proprio (troppo) tempo politico alla (opinabile) modifica della Carta Costituzionale, deve attivare i tavoli di confronto e di concertazione con le parti sociali ed economiche (soprattutto\u00a0con Cgil Cisl Uil &#8211; Terzo Settore &#8211; Associazioni Imprenditoriali &#8211; Fondazioni Bancarie) per dare concrete ed esigibili risposte ai problemi dei pensionati, dei lavoratori, dei giovani e delle persone povere, disoccupate e disabili. Le emergenze sociali sono: riforma previdenziale intergenerazionale; welfare generativo; reddito di cittadinanza intrecciato ai lavori socialmente utili; invecchiamento attivo e fondo nazionale per la non autosufficienza; sanit\u00e0 pubblica; assistenza residenziale e domiciliare integrata; riduzione pressione fiscale; prevenzione infortuni nei luoghi di lavoro; tutela ambientale; salvaguardia e valorizzazione del patrimonio storico-culturale. Queste sono alcune priorit\u00e0 programmatorie alle quali dovranno essere responsabilizzate (anche) le amministrazioni pubbliche territoriali: regioni, province e comuni, non dimenticando il coinvolgimento della straordinaria e fondamentale sussidiariet\u00e0\u00a0 del volontariato.\u00a0\u00a0<\/em><\/p>\n<p><em>Franco Piacentini\u00a0<\/em><\/p>\n<p>&nbsp;<\/p>\n<p>&nbsp;<\/p>\n<hr \/>\n<p>&nbsp;<\/p>\n<h2><span style=\"color: #ff0000;\">IERI ALLA RADIO<\/span><\/h2>\n<h2><a class=\"dt-pswp-item\" href=\"https:\/\/www.radiopiu.net\/wordpress\/wp-content\/uploads\/2023\/01\/f0082943-b2cb-43f8-8c9d-7f2ae8cc9034.jpg\" data-dt-img-description=\"\" data-large_image_width=\"1600\" data-large_image_height=\"1200\"><img loading=\"lazy\" decoding=\"async\" class=\" wp-image-317577 alignleft\" src=\"https:\/\/www.radiopiu.net\/wordpress\/wp-content\/uploads\/2023\/01\/f0082943-b2cb-43f8-8c9d-7f2ae8cc9034-300x225.jpg\" alt=\"\" width=\"168\" height=\"126\" srcset=\"https:\/\/www.radiopiu.net\/wordpress\/wp-content\/uploads\/2023\/01\/f0082943-b2cb-43f8-8c9d-7f2ae8cc9034-300x225.jpg 300w, https:\/\/www.radiopiu.net\/wordpress\/wp-content\/uploads\/2023\/01\/f0082943-b2cb-43f8-8c9d-7f2ae8cc9034-1024x768.jpg 1024w, https:\/\/www.radiopiu.net\/wordpress\/wp-content\/uploads\/2023\/01\/f0082943-b2cb-43f8-8c9d-7f2ae8cc9034-768x576.jpg 768w, https:\/\/www.radiopiu.net\/wordpress\/wp-content\/uploads\/2023\/01\/f0082943-b2cb-43f8-8c9d-7f2ae8cc9034-1536x1152.jpg 1536w, https:\/\/www.radiopiu.net\/wordpress\/wp-content\/uploads\/2023\/01\/f0082943-b2cb-43f8-8c9d-7f2ae8cc9034.jpg 1600w\" sizes=\"auto, (max-width: 168px) 100vw, 168px\" \/><\/a><span style=\"color: #800080;\">WALKING AROUND THE MUSIC&#8230;IL PROGRAMMA DI MORENO TOCCHETTO E SIRO LENA<\/span><\/h2>\n<p>Da un&#8217;idea di Moreno Tocchetto e Siro Lena il programma &#8220;Walking Around The Music&#8221;. I Police visti da un&#8217;atra prospettiva.<\/p>\n<audio class=\"wp-audio-shortcode\" id=\"audio-317573-14\" preload=\"none\" style=\"width: 100%;\" controls=\"controls\"><source type=\"audio\/mpeg\" src=\"https:\/\/www.radiopiu.net\/wordpress\/wp-content\/uploads\/2023\/01\/Special-Police-ver-0.mp3?_=14\" \/><a href=\"https:\/\/www.radiopiu.net\/wordpress\/wp-content\/uploads\/2023\/01\/Special-Police-ver-0.mp3\">https:\/\/www.radiopiu.net\/wordpress\/wp-content\/uploads\/2023\/01\/Special-Police-ver-0.mp3<\/a><\/audio>\n<p>&nbsp;<\/p>\n<p>&nbsp;<\/p>\n<hr \/>\n<p>&nbsp;<\/p>\n<div>\n<div class=\"b654a4as d2edcug0\">\n<div class=\"rq0escxv hkbzh7o3 jwdofwj8 n8tt0mok r8blr3vg hyh9befq\">\n<p><a class=\"dt-pswp-item\" href=\"https:\/\/www.radiopiu.net\/wordpress\/wp-content\/uploads\/2020\/10\/pp.jpg\" data-dt-img-description=\"\" data-large_image_width=\"640\" data-large_image_height=\"640\"><img loading=\"lazy\" decoding=\"async\" class=\"wp-image-163678 alignleft\" src=\"https:\/\/www.radiopiu.net\/wordpress\/wp-content\/uploads\/2020\/10\/pp-300x300.jpg\" alt=\"\" width=\"106\" height=\"106\" srcset=\"https:\/\/www.radiopiu.net\/wordpress\/wp-content\/uploads\/2020\/10\/pp-300x300.jpg 300w, https:\/\/www.radiopiu.net\/wordpress\/wp-content\/uploads\/2020\/10\/pp-150x150.jpg 150w, https:\/\/www.radiopiu.net\/wordpress\/wp-content\/uploads\/2020\/10\/pp-125x125.jpg 125w, https:\/\/www.radiopiu.net\/wordpress\/wp-content\/uploads\/2020\/10\/pp-200x200.jpg 200w, https:\/\/www.radiopiu.net\/wordpress\/wp-content\/uploads\/2020\/10\/pp-80x80.jpg 80w, https:\/\/www.radiopiu.net\/wordpress\/wp-content\/uploads\/2020\/10\/pp-480x480.jpg 480w, https:\/\/www.radiopiu.net\/wordpress\/wp-content\/uploads\/2020\/10\/pp.jpg 640w\" sizes=\"auto, (max-width: 106px) 100vw, 106px\" \/><\/a><\/p>\n<\/div>\n<\/div>\n<\/div>\n<div>\n<div class=\"page-title-head hgroup\">\n<div class=\"page-title-head hgroup\">\n<div class=\"b654a4as d2edcug0\">\n<div class=\"j83agx80 btwxx1t3 lhclo0ds hop8lmos nkwizq5d scwd0bx6 roh60bw9\">\n<div class=\"rq0escxv hkbzh7o3 jwdofwj8 n8tt0mok r8blr3vg hyh9befq\">\n<div class=\"do00u71z l9j0dhe7 k4urcfbm\" style=\"text-align: left;\">\n<h2><span style=\"color: #000080;\">DON CESARE, IL PENSIERO DEL GIORNO. ALLA RADIO ALLE 7 DEL MATTINO E ALLE 19.30 DELLA SERA\u00a0<\/span><\/h2>\n<\/div>\n<\/div>\n<\/div>\n<\/div>\n<\/div>\n<\/div>\n<\/div>\n<audio class=\"wp-audio-shortcode\" id=\"audio-317573-15\" preload=\"none\" style=\"width: 100%;\" controls=\"controls\"><source type=\"audio\/mpeg\" src=\"https:\/\/www.radiopiu.net\/wordpress\/wp-content\/uploads\/2023\/01\/CESARE-13.mp3?_=15\" \/><a href=\"https:\/\/www.radiopiu.net\/wordpress\/wp-content\/uploads\/2023\/01\/CESARE-13.mp3\">https:\/\/www.radiopiu.net\/wordpress\/wp-content\/uploads\/2023\/01\/CESARE-13.mp3<\/a><\/audio>\n<p>&nbsp;<\/p>\n<p>&nbsp;<\/p>\n<hr \/>\n<p>&nbsp;<\/p>\n<h2><span style=\"color: #ff00ff;\">IN VIVO VERSO\u00a0<\/span><\/h2>\n<blockquote>\n<h3>TOGLIETEMI LA POESIA E DI ME RESTER\u00c0 SOLO CENERE di PAOLO CAIANIELLO<\/h3>\n<\/blockquote>\n<p>AUDIO<\/p>\n<audio class=\"wp-audio-shortcode\" id=\"audio-317573-16\" preload=\"none\" style=\"width: 100%;\" controls=\"controls\"><source type=\"audio\/mpeg\" src=\"https:\/\/www.radiopiu.net\/wordpress\/wp-content\/uploads\/2023\/01\/04-Paolo-Caianiello-toglietemi-la-poesiA.mp3?_=16\" \/><a href=\"https:\/\/www.radiopiu.net\/wordpress\/wp-content\/uploads\/2023\/01\/04-Paolo-Caianiello-toglietemi-la-poesiA.mp3\">https:\/\/www.radiopiu.net\/wordpress\/wp-content\/uploads\/2023\/01\/04-Paolo-Caianiello-toglietemi-la-poesiA.mp3<\/a><\/audio>\n<p>&nbsp;<\/p>\n<p>Paolo Caianiello<br \/>\n<a class=\"dt-pswp-item\" href=\"https:\/\/www.radiopiu.net\/wordpress\/wp-content\/uploads\/2023\/01\/3-PAOLO-CAIANIELLO.jpg\" data-dt-img-description=\"\" data-large_image_width=\"720\" data-large_image_height=\"720\"><img loading=\"lazy\" decoding=\"async\" class=\"wp-image-317669 alignleft\" src=\"https:\/\/www.radiopiu.net\/wordpress\/wp-content\/uploads\/2023\/01\/3-PAOLO-CAIANIELLO-300x300.jpg\" alt=\"\" width=\"138\" height=\"138\" srcset=\"https:\/\/www.radiopiu.net\/wordpress\/wp-content\/uploads\/2023\/01\/3-PAOLO-CAIANIELLO-300x300.jpg 300w, https:\/\/www.radiopiu.net\/wordpress\/wp-content\/uploads\/2023\/01\/3-PAOLO-CAIANIELLO-150x150.jpg 150w, https:\/\/www.radiopiu.net\/wordpress\/wp-content\/uploads\/2023\/01\/3-PAOLO-CAIANIELLO.jpg 720w\" sizes=\"auto, (max-width: 138px) 100vw, 138px\" \/><\/a>Controvento<br \/>\nC\u2019\u00e8 un vento l\u00ec fuori<br \/>\nche non lascia riposare<br \/>\ngli alberi.<br \/>\nIl mio corpo \u00e8 un viavai di silenzi<br \/>\nche di tanto in tanto<br \/>\nsi affaccia alla finestra<br \/>\nimmaginando voli<br \/>\ncome gli innamorati di Chagall.<br \/>\nC\u2019\u00e8 un vento in giro per questa stanza<br \/>\nche soffia su questa scialuppa<br \/>\ndi carne e ossa.<br \/>\nRovescia il cuore,<br \/>\nStraripa tra le vene.<br \/>\nPenetra tra gli atomi di carbonio.<br \/>\nPiange con le mie lacrime.<br \/>\nE allora ogni giorno mi scatto foto<br \/>\nper ricordarmi chi sono<br \/>\nE allora ogni giorno invento<br \/>\nun amore<br \/>\nper dimenticare chi sei.<br \/>\nHo sentito dire dagli alberi<br \/>\nche esiste una via d\u2019uscita senza uscita<br \/>\nche sta al di l\u00e0 delle colonne d\u2019Ercole.<br \/>\nNavigandomi dentro.<br \/>\nControvento.<\/p>\n<p>&nbsp;<\/p>\n<div dir=\"auto\">\n<div dir=\"auto\">\n<div dir=\"auto\">\n<p><strong>LA RACCOLTA COMPLETA<\/strong><\/p>\n<blockquote class=\"wp-embedded-content\" data-secret=\"zt4UknqF8s\"><p><a href=\"https:\/\/www.radiopiu.net\/wordpress\/in-vivo-verso\/\">In Vivo Verso<\/a><\/p><\/blockquote>\n<p><iframe loading=\"lazy\" class=\"wp-embedded-content\" sandbox=\"allow-scripts\" security=\"restricted\" style=\"position: absolute; clip: rect(1px, 1px, 1px, 1px);\" title=\"&#8220;In Vivo Verso&#8221; &#8212; Radio Pi\u00f9\" src=\"https:\/\/www.radiopiu.net\/wordpress\/in-vivo-verso\/embed\/#?secret=EFR4sWgs5p#?secret=zt4UknqF8s\" data-secret=\"zt4UknqF8s\" width=\"600\" height=\"338\" frameborder=\"0\" marginwidth=\"0\" marginheight=\"0\" scrolling=\"no\"><\/iframe><\/p>\n<\/div>\n<div dir=\"auto\"><\/div>\n<div dir=\"auto\">\n<hr \/>\n<\/div>\n<\/div>\n<\/div>\n<p>&nbsp;<\/p>\n<blockquote>\n<h3>GOCCE DI FILOSOFIA &#8211; PUNTATA 229 &#8211; CHIARA CAU<\/h3>\n<\/blockquote>\n<audio class=\"wp-audio-shortcode\" id=\"audio-317573-17\" preload=\"none\" style=\"width: 100%;\" controls=\"controls\"><source type=\"audio\/mpeg\" src=\"https:\/\/www.radiopiu.net\/wordpress\/wp-content\/uploads\/2023\/01\/FI4-2.mp3?_=17\" \/><a href=\"https:\/\/www.radiopiu.net\/wordpress\/wp-content\/uploads\/2023\/01\/FI4-2.mp3\">https:\/\/www.radiopiu.net\/wordpress\/wp-content\/uploads\/2023\/01\/FI4-2.mp3<\/a><\/audio>\n<p>&nbsp;<\/p>\n<p>LA RACCOLTA COMPLETA<\/p>\n<blockquote class=\"wp-embedded-content\" data-secret=\"wZwzxQMp7E\"><p><a href=\"https:\/\/www.radiopiu.net\/wordpress\/gocce-filosofia\/\">Gocce di filosofia,  LA TERZA STAGIONE&#8230; 2023<\/a><\/p><\/blockquote>\n<p><iframe loading=\"lazy\" class=\"wp-embedded-content\" sandbox=\"allow-scripts\" security=\"restricted\" style=\"position: absolute; clip: rect(1px, 1px, 1px, 1px);\" title=\"&#8220;Gocce di filosofia,  LA TERZA STAGIONE&#8230; 2023&#8221; &#8212; Radio Pi\u00f9\" src=\"https:\/\/www.radiopiu.net\/wordpress\/gocce-filosofia\/embed\/#?secret=bLq6MpjfLO#?secret=wZwzxQMp7E\" data-secret=\"wZwzxQMp7E\" width=\"600\" height=\"338\" frameborder=\"0\" marginwidth=\"0\" marginheight=\"0\" scrolling=\"no\"><\/iframe><\/p>\n<p>&nbsp;<\/p>\n<hr \/>\n<p>&nbsp;<\/p>\n<div class=\"column\">\n<p><img loading=\"lazy\" decoding=\"async\" class=\"aligncenter wp-image-61954 size-full\" src=\"https:\/\/www.radiopiu.net\/wordpress\/wp-content\/uploads\/2018\/09\/viabilita.jpeg\" sizes=\"auto, (max-width: 800px) 100vw, 800px\" srcset=\"https:\/\/www.radiopiu.net\/wordpress\/wp-content\/uploads\/2018\/09\/viabilita.jpeg 800w, https:\/\/www.radiopiu.net\/wordpress\/wp-content\/uploads\/2018\/09\/viabilita-300x38.jpeg 300w, https:\/\/www.radiopiu.net\/wordpress\/wp-content\/uploads\/2018\/09\/viabilita-768x96.jpeg 768w\" alt=\"\" width=\"800\" height=\"100\" \/><\/p>\n<p>&nbsp;<\/p>\n<p>&nbsp;<\/p>\n<p><strong>AGGIORNAMENTO VENETO STRADE, AGGIORNAMENTO CONTINUO H 24<\/strong><\/p>\n<blockquote class=\"wp-embedded-content\" data-secret=\"bUZDwXxkw7\"><p><a href=\"https:\/\/www.radiopiu.net\/wordpress\/viabilita\/\">viabilita<\/a><\/p><\/blockquote>\n<p><iframe loading=\"lazy\" class=\"wp-embedded-content\" sandbox=\"allow-scripts\" security=\"restricted\" style=\"position: absolute; clip: rect(1px, 1px, 1px, 1px);\" title=\"&#8220;viabilita&#8221; &#8212; Radio Pi\u00f9\" src=\"https:\/\/www.radiopiu.net\/wordpress\/viabilita\/embed\/#?secret=05p5HmOXc8#?secret=bUZDwXxkw7\" data-secret=\"bUZDwXxkw7\" width=\"600\" height=\"338\" frameborder=\"0\" marginwidth=\"0\" marginheight=\"0\" scrolling=\"no\"><\/iframe><\/p>\n<p>&nbsp;<\/p>\n<p>&nbsp;<\/p>\n<hr \/>\n<p>&nbsp;<\/p>\n<p><a class=\"dt-pswp-item\" href=\"https:\/\/www.radiopiu.net\/wordpress\/wp-content\/uploads\/2018\/09\/WhatsApp-Image-2018-09-20-at-16.04.06.jpeg\" data-dt-img-description=\"\" data-large_image_width=\"800\" data-large_image_height=\"100\"><img loading=\"lazy\" decoding=\"async\" class=\"wp-image-61378 size-full aligncenter\" src=\"https:\/\/www.radiopiu.net\/wordpress\/wp-content\/uploads\/2018\/09\/WhatsApp-Image-2018-09-20-at-16.04.06.jpeg\" alt=\"\" width=\"800\" height=\"100\" srcset=\"https:\/\/www.radiopiu.net\/wordpress\/wp-content\/uploads\/2018\/09\/WhatsApp-Image-2018-09-20-at-16.04.06.jpeg 800w, https:\/\/www.radiopiu.net\/wordpress\/wp-content\/uploads\/2018\/09\/WhatsApp-Image-2018-09-20-at-16.04.06-300x38.jpeg 300w, https:\/\/www.radiopiu.net\/wordpress\/wp-content\/uploads\/2018\/09\/WhatsApp-Image-2018-09-20-at-16.04.06-768x96.jpeg 768w\" sizes=\"auto, (max-width: 800px) 100vw, 800px\" \/><\/a><\/p>\n<p>&nbsp;<\/p>\n<p><center><\/center><center><b>OGGI<\/b><\/center><b>Tempo atteso: <\/b>Al mattino cielo in prevalenza poco nuvoloso, specie in alta montagna, salvo risultare parzialmente nuvoloso o nuvoloso per possibili nubi basse nelle ore pi\u00f9 fredde in molte valli e per passaggi di nubi alte; nel corso della giornata possibili locali addensamenti nuvolosi in un contesto parzialmente soleggiato per nubi medio-alte.<br \/>\n<b>Precipitazioni: <\/b>Assenti(0%), anche se localmente non sar\u00e0 del tutto escluso qualche sporadico fiocco di neve in occasione dei locali addensamenti.<br \/>\n<b>Temperature: <\/b>Minime in calo anche sensibile e misurate a fine giornata e inferiori alla norma, massime stazionarie o in lieve aumento, specie nelle valli, con clima invernale a tutte le quote.<\/p>\n<hr \/>\n<p><center><b>DOMANI<\/b><\/center><b>Tempo atteso: <\/b>Tempo soleggiato o parzialmente soleggiato, con qualche annuvolamento per nubi medio-basse nelle ore pi\u00f9 fredde in alcune valli e per il transito di velature nel corso della giornata.<br \/>\n<b>Precipitazioni: <\/b>Assenti (0%).<br \/>\n<b>Temperature: <\/b>In ulteriore contenuta diminuzione specie nelle valli, salvo risultare in leggero aumento le massime in alta montagna. Clima tipicamente invernale con valori massimi al di sotto dello zero in molti fondovalle specie in quelli poco esposti al soleggiamento diurno.<\/p>\n<hr \/>\n<p><center><b>DOMENICA<\/b><\/center>Tempo ancora in prevalenza soleggiato, con soleggiamento in parte attenuato per il transito di nubi alte o per formazioni di nubi basse nelle ore pi\u00f9 fredde in alcune valli in graduale dissolvimento dopo l&#8217;alba; fenomeni assenti. Temperature senza notevoli variazioni. Clima tipicamente invernale.<\/p>\n<hr \/>\n<p><center><b>LUNEDI<\/b><\/center>Al mattino sereno o poco nuvoloso, salvo nubi basse in alcune valli; nel corso della giornata intensificazione della nuvolosit\u00e0 con tempo perturbato e precipitazioni diffuse e a carattere nevoso fino a fondovalle. Temperature senza apprezzabili variazioni.<\/p>\n<p>&nbsp;<\/p>\n<p>&nbsp;<\/p>\n<hr \/>\n<p>&nbsp;<\/p>\n<p><a class=\"dt-pswp-item\" href=\"https:\/\/www.radiopiu.net\/wordpress\/wp-content\/uploads\/2018\/09\/sport.jpg\" data-dt-img-description=\"\" data-large_image_width=\"800\" data-large_image_height=\"100\"><img loading=\"lazy\" decoding=\"async\" class=\"aligncenter wp-image-60761 size-full\" src=\"https:\/\/www.radiopiu.net\/wordpress\/wp-content\/uploads\/2018\/09\/sport.jpg\" alt=\"\" width=\"800\" height=\"100\" srcset=\"https:\/\/www.radiopiu.net\/wordpress\/wp-content\/uploads\/2018\/09\/sport.jpg 800w, https:\/\/www.radiopiu.net\/wordpress\/wp-content\/uploads\/2018\/09\/sport-300x38.jpg 300w, https:\/\/www.radiopiu.net\/wordpress\/wp-content\/uploads\/2018\/09\/sport-768x96.jpg 768w\" sizes=\"auto, (max-width: 800px) 100vw, 800px\" \/><\/a><\/p>\n<p>&nbsp;<\/p>\n<p><span style=\"color: #0000ff;\"><strong>SPORT INVERNALI<\/strong><\/span><\/p>\n<blockquote>\n<h3>MARTINA SCOLA ED AALYSON DONO&#8217; IN AZZURRO PER L&#8217;EUROPEAN YOUTH OLYMPIC FESTIVAL<\/h3>\n<\/blockquote>\n<p><strong><a class=\"dt-pswp-item\" href=\"https:\/\/www.radiopiu.net\/wordpress\/wp-content\/uploads\/2023\/01\/5490bef7-0dae-4e8e-a204-3e4b222d4147.jpg\" data-dt-img-description=\"\" data-large_image_width=\"999\" data-large_image_height=\"648\"><img loading=\"lazy\" decoding=\"async\" class=\" wp-image-317604 alignleft\" src=\"https:\/\/www.radiopiu.net\/wordpress\/wp-content\/uploads\/2023\/01\/5490bef7-0dae-4e8e-a204-3e4b222d4147-300x195.jpg\" alt=\"\" width=\"163\" height=\"106\" srcset=\"https:\/\/www.radiopiu.net\/wordpress\/wp-content\/uploads\/2023\/01\/5490bef7-0dae-4e8e-a204-3e4b222d4147-300x195.jpg 300w, https:\/\/www.radiopiu.net\/wordpress\/wp-content\/uploads\/2023\/01\/5490bef7-0dae-4e8e-a204-3e4b222d4147-768x498.jpg 768w, https:\/\/www.radiopiu.net\/wordpress\/wp-content\/uploads\/2023\/01\/5490bef7-0dae-4e8e-a204-3e4b222d4147.jpg 999w\" sizes=\"auto, (max-width: 163px) 100vw, 163px\" \/><\/a>REDAZIONE<\/strong> Ci saranno anche Martina Scola ed Aalyson Don\u00f2 agli European Youth Olympic Festival, la manifestazione dedicata agli atleti di et\u00e0 compresa tra i 14 e i 18 anni che si terr\u00e0 in Friuli Venezia Giulia dal 21 al 28 gennaio. La falcadina Martina Scola, tesserata per lo Sci Nordico Marmolada, \u00e8 stata selezionata per le gare di sci alpinismo. Allyson Don\u00f2 \u00e8 un\u2019atleta dello snowboard che rappresenta una delle promesse pi\u00f9 importanti a livello italiano e fa parte dello Ski College Falcade. In campo maschile far\u00e0 parte degli EYOF anche Mattia Beccari. Il sanmarinese dello Ski College Falcade garegger\u00e0 nello sci alpino (fonte: skicollegeveneto.it)<\/p>\n<p>&nbsp;<\/p>\n<p>&nbsp;<\/p>\n<p>&nbsp;<\/p>\n<blockquote>\n<h3>SULLA OLIMPIA GOGGIA PRIMA NEL SECONDO GIORNO DI PROVE<\/h3>\n<\/blockquote>\n<p>&nbsp;<\/p>\n<blockquote><p><img loading=\"lazy\" decoding=\"async\" class=\"alignleft\" src=\"https:\/\/www.radiopiu.net\/wordpress\/wp-content\/uploads\/2023\/01\/468a9211-abbd-43af-8b6e-65ac915a0fe6.jpg\" width=\"165\" height=\"110\" \/><strong>CORTINA<\/strong><\/p>\n<p><strong>ROBERTO BONA<\/strong><\/p><\/blockquote>\n<audio class=\"wp-audio-shortcode\" id=\"audio-317573-18\" preload=\"none\" style=\"width: 100%;\" controls=\"controls\"><source type=\"audio\/mpeg\" src=\"https:\/\/www.radiopiu.net\/wordpress\/wp-content\/uploads\/2023\/01\/GoggiaDominaProveLibera.mp3?_=18\" \/><a href=\"https:\/\/www.radiopiu.net\/wordpress\/wp-content\/uploads\/2023\/01\/GoggiaDominaProveLibera.mp3\">https:\/\/www.radiopiu.net\/wordpress\/wp-content\/uploads\/2023\/01\/GoggiaDominaProveLibera.mp3<\/a><\/audio>\n<p>&nbsp;<\/p>\n<p>&nbsp;<\/p>\n<hr \/>\n<p>&nbsp;<\/p>\n<\/div>\n","protected":false},"excerpt":{"rendered":"<p>RADIO PIU INFORMAZIONE il canale su TELEGRAM informazione di prima\u00a0 mano e in tempo reale. iscriviti ed aiutaci a farlo conoscere\u00a0 ISCRIVITI AL NOSTRO CANALE YOUTUBE PER SEGUIRE IN DIRETTA I PRINCIPALI PROGRAMMI DI RADIO PIU&#8217; E LE FUTURE DIRETTE IN ESTERNA. PER ISCRIVERTI CLICCA QUI E PREMI IL TASTO &#8220;Iscriviti&#8221;\u00a0 &nbsp; &nbsp; POMERIGGIO DI&hellip;<\/p>\n","protected":false},"author":4,"featured_media":317692,"comment_status":"closed","ping_status":"closed","sticky":false,"template":"","format":"standard","meta":{"_monsterinsights_skip_tracking":false,"_monsterinsights_sitenote_active":false,"_monsterinsights_sitenote_note":"","_monsterinsights_sitenote_category":0,"footnotes":""},"categories":[51,86,49],"tags":[],"class_list":["post-317573","post","type-post","status-publish","format-standard","has-post-thumbnail","hentry","category-evidenza-top","category-gr","category-news-18","category-51","category-86","category-49","description-off"],"img_url":"https:\/\/www.radiopiu.net\/wordpress\/wp-content\/uploads\/2023\/01\/Senza-nome-48.jpg","_links":{"self":[{"href":"https:\/\/www.radiopiu.net\/wordpress\/wp-json\/wp\/v2\/posts\/317573","targetHints":{"allow":["GET"]}}],"collection":[{"href":"https:\/\/www.radiopiu.net\/wordpress\/wp-json\/wp\/v2\/posts"}],"about":[{"href":"https:\/\/www.radiopiu.net\/wordpress\/wp-json\/wp\/v2\/types\/post"}],"author":[{"embeddable":true,"href":"https:\/\/www.radiopiu.net\/wordpress\/wp-json\/wp\/v2\/users\/4"}],"replies":[{"embeddable":true,"href":"https:\/\/www.radiopiu.net\/wordpress\/wp-json\/wp\/v2\/comments?post=317573"}],"version-history":[{"count":0,"href":"https:\/\/www.radiopiu.net\/wordpress\/wp-json\/wp\/v2\/posts\/317573\/revisions"}],"wp:featuredmedia":[{"embeddable":true,"href":"https:\/\/www.radiopiu.net\/wordpress\/wp-json\/wp\/v2\/media\/317692"}],"wp:attachment":[{"href":"https:\/\/www.radiopiu.net\/wordpress\/wp-json\/wp\/v2\/media?parent=317573"}],"wp:term":[{"taxonomy":"category","embeddable":true,"href":"https:\/\/www.radiopiu.net\/wordpress\/wp-json\/wp\/v2\/categories?post=317573"},{"taxonomy":"post_tag","embeddable":true,"href":"https:\/\/www.radiopiu.net\/wordpress\/wp-json\/wp\/v2\/tags?post=317573"}],"curies":[{"name":"wp","href":"https:\/\/api.w.org\/{rel}","templated":true}]}}