{"id":317596,"date":"2023-01-19T10:37:57","date_gmt":"2023-01-19T09:37:57","guid":{"rendered":"https:\/\/www.radiopiu.net\/wordpress\/?p=317596"},"modified":"2023-01-19T10:47:30","modified_gmt":"2023-01-19T09:47:30","slug":"martina-scola-ed-aalyson-dono-in-azzurro-per-leuropean-youth-olympic-festival","status":"publish","type":"post","link":"https:\/\/www.radiopiu.net\/wordpress\/martina-scola-ed-aalyson-dono-in-azzurro-per-leuropean-youth-olympic-festival\/","title":{"rendered":"MARTINA SCOLA ED AALYSON DONO&#8217; IN AZZURRO PER L&#8217;EUROPEAN YOUTH OLYMPIC FESTIVAL"},"content":{"rendered":"<p><strong><a class=\"dt-pswp-item\" href=\"https:\/\/www.radiopiu.net\/wordpress\/wp-content\/uploads\/2023\/01\/5490bef7-0dae-4e8e-a204-3e4b222d4147.jpg\" data-dt-img-description=\"\" data-large_image_width=\"999\" data-large_image_height=\"648\"><img loading=\"lazy\" decoding=\"async\" class=\" wp-image-317604 alignleft\" src=\"https:\/\/www.radiopiu.net\/wordpress\/wp-content\/uploads\/2023\/01\/5490bef7-0dae-4e8e-a204-3e4b222d4147-300x195.jpg\" alt=\"\" width=\"163\" height=\"106\" srcset=\"https:\/\/www.radiopiu.net\/wordpress\/wp-content\/uploads\/2023\/01\/5490bef7-0dae-4e8e-a204-3e4b222d4147-300x195.jpg 300w, https:\/\/www.radiopiu.net\/wordpress\/wp-content\/uploads\/2023\/01\/5490bef7-0dae-4e8e-a204-3e4b222d4147-768x498.jpg 768w, https:\/\/www.radiopiu.net\/wordpress\/wp-content\/uploads\/2023\/01\/5490bef7-0dae-4e8e-a204-3e4b222d4147.jpg 999w\" sizes=\"auto, (max-width: 163px) 100vw, 163px\" \/><\/a>REDAZIONE<\/strong>Ci saranno anche Martina Scola ed Aalyson Don\u00f2 agli European Youth Olympic Festival, la manifestazione dedicata agli atleti di et\u00e0 compresa tra i 14 e i 18 anni che si terr\u00e0 in Friuli Venezia Giulia dal 21 al 28 gennaio. La falcadina Martina Scola, tesserata per lo Sci Nordico Marmolada, \u00e8 stata selezionata per le gare di sci alpinismo. Allyson Don\u00f2 \u00e8 un\u2019atleta dello snowboard che rappresenta una delle promesse pi\u00f9 importanti a livello italiano e fa parte dello Ski College Falcade. In campo maschile far\u00e0 parte degli EYOF anche Mattia Beccari. Il sanmarinese dello Ski College Falcade garegger\u00e0 nello sci alpino (fonte: skicollegeveneto.it)<strong><br \/>\n<\/strong><\/p>\n<p>&nbsp;<\/p>\n<p>&nbsp;<\/p>\n<p>*******<\/p>\n","protected":false},"excerpt":{"rendered":"<p>REDAZIONECi saranno anche Martina Scola ed Aalyson Don\u00f2 agli European Youth Olympic Festival, la manifestazione dedicata agli atleti di et\u00e0 compresa tra i 14 e i 18 anni che si terr\u00e0 in Friuli Venezia Giulia dal 21 al 28 gennaio. La falcadina Martina Scola, tesserata per lo Sci Nordico Marmolada, \u00e8 stata selezionata per le&hellip;<\/p>\n","protected":false},"author":4,"featured_media":317604,"comment_status":"closed","ping_status":"closed","sticky":false,"template":"","format":"standard","meta":{"_monsterinsights_skip_tracking":false,"_monsterinsights_sitenote_active":false,"_monsterinsights_sitenote_note":"","_monsterinsights_sitenote_category":0,"footnotes":""},"categories":[49],"tags":[],"class_list":["post-317596","post","type-post","status-publish","format-standard","has-post-thumbnail","hentry","category-news-18","category-49","description-off"],"img_url":"https:\/\/www.radiopiu.net\/wordpress\/wp-content\/uploads\/2023\/01\/5490bef7-0dae-4e8e-a204-3e4b222d4147.jpg","_links":{"self":[{"href":"https:\/\/www.radiopiu.net\/wordpress\/wp-json\/wp\/v2\/posts\/317596","targetHints":{"allow":["GET"]}}],"collection":[{"href":"https:\/\/www.radiopiu.net\/wordpress\/wp-json\/wp\/v2\/posts"}],"about":[{"href":"https:\/\/www.radiopiu.net\/wordpress\/wp-json\/wp\/v2\/types\/post"}],"author":[{"embeddable":true,"href":"https:\/\/www.radiopiu.net\/wordpress\/wp-json\/wp\/v2\/users\/4"}],"replies":[{"embeddable":true,"href":"https:\/\/www.radiopiu.net\/wordpress\/wp-json\/wp\/v2\/comments?post=317596"}],"version-history":[{"count":0,"href":"https:\/\/www.radiopiu.net\/wordpress\/wp-json\/wp\/v2\/posts\/317596\/revisions"}],"wp:featuredmedia":[{"embeddable":true,"href":"https:\/\/www.radiopiu.net\/wordpress\/wp-json\/wp\/v2\/media\/317604"}],"wp:attachment":[{"href":"https:\/\/www.radiopiu.net\/wordpress\/wp-json\/wp\/v2\/media?parent=317596"}],"wp:term":[{"taxonomy":"category","embeddable":true,"href":"https:\/\/www.radiopiu.net\/wordpress\/wp-json\/wp\/v2\/categories?post=317596"},{"taxonomy":"post_tag","embeddable":true,"href":"https:\/\/www.radiopiu.net\/wordpress\/wp-json\/wp\/v2\/tags?post=317596"}],"curies":[{"name":"wp","href":"https:\/\/api.w.org\/{rel}","templated":true}]}}