{"id":317614,"date":"2023-01-20T05:30:18","date_gmt":"2023-01-20T04:30:18","guid":{"rendered":"https:\/\/www.radiopiu.net\/wordpress\/?p=317614"},"modified":"2023-01-20T05:50:54","modified_gmt":"2023-01-20T04:50:54","slug":"tornano-i-vecchi-orari-negli-ecocentri-di-la-valle-e-cencenighe","status":"publish","type":"post","link":"https:\/\/www.radiopiu.net\/wordpress\/tornano-i-vecchi-orari-negli-ecocentri-di-la-valle-e-cencenighe\/","title":{"rendered":"TORNANO I VECCHI ORARI NEGLI ECOCENTRI DI LA VALLE E CENCENIGHE"},"content":{"rendered":"<p><strong><a class=\"dt-pswp-item\" href=\"https:\/\/www.radiopiu.net\/wordpress\/wp-content\/uploads\/2021\/10\/VALPE.png\" data-dt-img-description=\"\" data-large_image_width=\"800\" data-large_image_height=\"400\"><img loading=\"lazy\" decoding=\"async\" class=\" wp-image-236977 alignleft\" src=\"https:\/\/www.radiopiu.net\/wordpress\/wp-content\/uploads\/2021\/10\/VALPE-300x150.png\" alt=\"\" width=\"222\" height=\"111\" srcset=\"https:\/\/www.radiopiu.net\/wordpress\/wp-content\/uploads\/2021\/10\/VALPE-300x150.png 300w, https:\/\/www.radiopiu.net\/wordpress\/wp-content\/uploads\/2021\/10\/VALPE-768x384.png 768w, https:\/\/www.radiopiu.net\/wordpress\/wp-content\/uploads\/2021\/10\/VALPE.png 800w\" sizes=\"auto, (max-width: 222px) 100vw, 222px\" \/><\/a>AGORDO <\/strong>Si avvisano i cittadini che, a seguito della riapertura al pubblico dell\u2019Ecocentro sovracomunale di Agordo-Taibon, da mercoled\u00ec 25 gennaio presso gli Ecocentri di La Valle Agordina e di Cencenighe Agordino verranno ripristinati i consueti orari di apertura come di seguito indicati. Cencenighe Agordino &#8211; Loc. Morbiach: marted\u00ec 14.00-17.00, gioved\u00ec 9.00-12.00, sabato 9.00-12.00. La Valle Agordina &#8211; Loc. Conaggia: gioved\u00ec 14.00-17.00, sabato 8.00-12.00 Presso tali strutture, infatti, l\u2019affluenza dei cittadini si \u00e8 progressivamente ridotta dopo la fine dei lavori che hanno visto il completo rinnovo e l\u2019apertura al pubblico dell\u2019Ecocentro di Agordo-Taibon; risulta dunque cessata la necessit\u00e0 di mantenere il potenziamento delle aperture attivato durante la chiusura dell\u2019Ecocentro di Agordo. Per ulteriori informazioni \u00e8 possibile contattare il numero verde 800.94.76.73 o scrivere a info@valpeambiente.it Si ricorda che le utenze possono accedere a qualsiasi Ecocentro del territorio dell\u2019Unione Montana Agordina, verificando sedi e orari di apertura su\u00a0 <a href=\"https:\/\/valpeambiente.it\/p\/gestione-rifiuti\/servizi-per-i-cittadini-non-residenti-ae-unione-montana-agordina\">valpeambiente.it<\/a><\/p>\n<p>&nbsp;<\/p>\n<p>&nbsp;<\/p>\n<p>********<\/p>\n<p>&nbsp;<\/p>\n","protected":false},"excerpt":{"rendered":"<p>AGORDO Si avvisano i cittadini che, a seguito della riapertura al pubblico dell\u2019Ecocentro sovracomunale di Agordo-Taibon, da mercoled\u00ec 25 gennaio presso gli Ecocentri di La Valle Agordina e di Cencenighe Agordino verranno ripristinati i consueti orari di apertura come di seguito indicati. Cencenighe Agordino &#8211; Loc. Morbiach: marted\u00ec 14.00-17.00, gioved\u00ec 9.00-12.00, sabato 9.00-12.00. La Valle&hellip;<\/p>\n","protected":false},"author":4,"featured_media":236977,"comment_status":"closed","ping_status":"closed","sticky":false,"template":"","format":"standard","meta":{"_monsterinsights_skip_tracking":false,"_monsterinsights_sitenote_active":false,"_monsterinsights_sitenote_note":"","_monsterinsights_sitenote_category":0,"footnotes":""},"categories":[49],"tags":[],"class_list":["post-317614","post","type-post","status-publish","format-standard","has-post-thumbnail","hentry","category-news-18","category-49","description-off"],"img_url":"https:\/\/www.radiopiu.net\/wordpress\/wp-content\/uploads\/2021\/10\/VALPE.png","_links":{"self":[{"href":"https:\/\/www.radiopiu.net\/wordpress\/wp-json\/wp\/v2\/posts\/317614","targetHints":{"allow":["GET"]}}],"collection":[{"href":"https:\/\/www.radiopiu.net\/wordpress\/wp-json\/wp\/v2\/posts"}],"about":[{"href":"https:\/\/www.radiopiu.net\/wordpress\/wp-json\/wp\/v2\/types\/post"}],"author":[{"embeddable":true,"href":"https:\/\/www.radiopiu.net\/wordpress\/wp-json\/wp\/v2\/users\/4"}],"replies":[{"embeddable":true,"href":"https:\/\/www.radiopiu.net\/wordpress\/wp-json\/wp\/v2\/comments?post=317614"}],"version-history":[{"count":0,"href":"https:\/\/www.radiopiu.net\/wordpress\/wp-json\/wp\/v2\/posts\/317614\/revisions"}],"wp:featuredmedia":[{"embeddable":true,"href":"https:\/\/www.radiopiu.net\/wordpress\/wp-json\/wp\/v2\/media\/236977"}],"wp:attachment":[{"href":"https:\/\/www.radiopiu.net\/wordpress\/wp-json\/wp\/v2\/media?parent=317614"}],"wp:term":[{"taxonomy":"category","embeddable":true,"href":"https:\/\/www.radiopiu.net\/wordpress\/wp-json\/wp\/v2\/categories?post=317614"},{"taxonomy":"post_tag","embeddable":true,"href":"https:\/\/www.radiopiu.net\/wordpress\/wp-json\/wp\/v2\/tags?post=317614"}],"curies":[{"name":"wp","href":"https:\/\/api.w.org\/{rel}","templated":true}]}}