{"id":317630,"date":"2023-02-25T05:00:08","date_gmt":"2023-02-25T04:00:08","guid":{"rendered":"https:\/\/www.radiopiu.net\/wordpress\/?p=317630"},"modified":"2023-02-26T09:28:47","modified_gmt":"2023-02-26T08:28:47","slug":"mirko-ma-crozza","status":"publish","type":"post","link":"https:\/\/www.radiopiu.net\/wordpress\/mirko-ma-crozza\/","title":{"rendered":"MIRKO&#8230; MA CROZZA?"},"content":{"rendered":"<blockquote>\n<h3>VERSO I 40 ANNI&#8230; DOPO &#8220;ODIO LA RADIOI&#8221;<\/h3>\n<\/blockquote>\n<p><strong>Un articolo al mese che racconta gli episodi pi\u00f9 divertenti, importanti, ricorda fatti e persone che hanno fatto la storia di Radio Pi\u00f9.<\/strong><\/p>\n<p>Il 25 giugno saranno 40 anni di informazione, musica, storia. In quattro decenni di storie ne abbiamo raccontate tante, e in attesa del taglio della torta abbiamo pensato \u201cPerch\u00e9 non ricordarle come abbiamo fatto 10 anni fa con \u201cOdio La Radio\u201d. Ma abbiamo anche pensato\u2026 \u201cE se ne raccontassimo qualcuna anche degli ultimi 10 anni? Ogni 25 del mese un nuovo articolo, vi aspettiamo!<\/p>\n<p>&nbsp;<\/p>\n<p><a class=\"dt-pswp-item\" href=\"https:\/\/www.radiopiu.net\/wordpress\/wp-content\/uploads\/2021\/03\/CROZZA-ZAIA-MIRKO.jpg\" data-dt-img-description=\"\" data-large_image_width=\"1600\" data-large_image_height=\"1600\"><img loading=\"lazy\" decoding=\"async\" class=\"alignleft size-medium wp-image-196875\" src=\"https:\/\/www.radiopiu.net\/wordpress\/wp-content\/uploads\/2021\/03\/CROZZA-ZAIA-MIRKO-300x300.jpg\" alt=\"\" width=\"300\" height=\"300\" srcset=\"https:\/\/www.radiopiu.net\/wordpress\/wp-content\/uploads\/2021\/03\/CROZZA-ZAIA-MIRKO-300x300.jpg 300w, https:\/\/www.radiopiu.net\/wordpress\/wp-content\/uploads\/2021\/03\/CROZZA-ZAIA-MIRKO-1024x1024.jpg 1024w, https:\/\/www.radiopiu.net\/wordpress\/wp-content\/uploads\/2021\/03\/CROZZA-ZAIA-MIRKO-150x150.jpg 150w, https:\/\/www.radiopiu.net\/wordpress\/wp-content\/uploads\/2021\/03\/CROZZA-ZAIA-MIRKO-768x768.jpg 768w, https:\/\/www.radiopiu.net\/wordpress\/wp-content\/uploads\/2021\/03\/CROZZA-ZAIA-MIRKO-1536x1536.jpg 1536w, https:\/\/www.radiopiu.net\/wordpress\/wp-content\/uploads\/2021\/03\/CROZZA-ZAIA-MIRKO.jpg 1600w\" sizes=\"auto, (max-width: 300px) 100vw, 300px\" \/><\/a>E&#8217; stata una sorpresa, inaspettata, per nulla cercata. Stavo dormendo quella sera, quel venerdi sera.<br \/>\nCotto dopo una settimana piuttosto impegnativa, come la Radio Pi\u00f9 richiede. Ho iniziato a sentire il telefono suonare, l&#8217;ho spento. Ha iniziato a suonare il telefono di Brunella e mi \u00e8 venuto il dubbio che fosse successo qualche cosa, non rimaneva che rispondere.<br \/>\n<strong><em>&#8220;Uhe&#8217; Mirko, Crozza ti sta co..nando&#8221;.<\/em><\/strong><br \/>\nNon mi era molto chiaro che cosa intendeva, ma ho acceso la televisione&#8230;Era la serata in cui diventavo l&#8217;esperto della carne congelata, da non ricongelare. L&#8217;inizio. Poi ogni venerdi sera, da tre anni, il &#8220;Mirko de Radio Pi\u00f9&#8221; \u00e8 diventata costante. Certo che \u00e8 stato piacevole, per rispondere alla domanda che spesso mi fanno. Come \u00e8 stato piacevole l&#8217;interesse dei miei colleghi del Corriere delle Alpi, del Gazzettino, di una testata dell&#8217;Altopiano di Asiago, di altri siti internet.<br \/>\nDa allora, mi capita spesso di sentire la stessa domanda.<br \/>\n&#8220;Mirko, ma Crozza? Come \u00e8 successo? Lo conosci? Lo paghi?&#8221;&#8230;<br \/>\nNiente di tutto questo. Mai avuto contatti -purtroppo- con Maurizio Crozza, difficile avvicinarlo. Quindi? Molto semplice. Per anni ho interrotto il pranzo alle 12.30 per seguire le conferenze stampa &#8220;covid&#8221; del Presidente della Regione, Luca Zaia. Appuntamento quotidiano, spesso sabato e domenica compresi, importanti per conoscere le novit\u00e0 della pandemia, anche perch\u00e9 ogni giorno, al Centro della Protezione Civile di Mestre, sede della conferenza stampa, non sono mancati gli ospiti indispensabili per un&#8217;informazione precisa. Nel corso di questi appuntamenti non sono mai mancati simpatici siparietti, quello dell&#8217;incubatrice, dei pulcini, delle uova che si schiudono rimane nella storia. Tra i vari siparietti anche quello dedicato agli auguri dei centenari. Per questo, nel febbraio del 2021 ho inviato un messaggio a Zaia segnalandogli un compleanno importante, di una centenaria dell&#8217;Agordino. Poich\u00e9 il Presidente \u00e8 molto attento e molto &#8220;social&#8221; non ha mancato di inviare il messaggio nella diretta facebook che stavamo trasmettendo. &#8220;Tanti auguri a&#8230; per il centesimo compleanno. E grazie a Mirko di Radio Pi\u00f9 sempre attento e pronto ad informarci&#8221;. Tanto \u00e8 bastato, era un martedi. Il venerdi successivo \u00e8 iniziata la per me felice telenovela. Non posso che ringraziare Maurizio Crozza per l&#8217;inaspettata notoriet\u00e0 che mi ha fatto raggiungere sul territorio locale e nazionale, ma anche i tanti che con l&#8217;occasione ho potuto sentire e incontrare di nuovo. Amici di naja, di scuola, compagni di merende del passato, con i quali non mi sentivo da decenni.<\/p>\n<p><strong>LA RACCOLTA COMPLETA<\/strong><\/p>\n<blockquote class=\"wp-embedded-content\" data-secret=\"PaiEuQHLqe\"><p><a href=\"https:\/\/www.radiopiu.net\/wordpress\/negli-ultimi-10anni\/\">NEGLI ULTIMI 10 ANNI<\/a><\/p><\/blockquote>\n<p><iframe loading=\"lazy\" class=\"wp-embedded-content\" sandbox=\"allow-scripts\" security=\"restricted\" style=\"position: absolute; clip: rect(1px, 1px, 1px, 1px);\" title=\"&#8220;NEGLI ULTIMI 10 ANNI&#8221; &#8212; Radio Pi\u00f9\" src=\"https:\/\/www.radiopiu.net\/wordpress\/negli-ultimi-10anni\/embed\/#?secret=jdfrkGOavC#?secret=PaiEuQHLqe\" data-secret=\"PaiEuQHLqe\" width=\"600\" height=\"338\" frameborder=\"0\" marginwidth=\"0\" marginheight=\"0\" scrolling=\"no\"><\/iframe><\/p>\n<p>&nbsp;<\/p>\n<hr \/>\n<p>&nbsp;<\/p>\n","protected":false},"excerpt":{"rendered":"<p>VERSO I 40 ANNI&#8230; DOPO &#8220;ODIO LA RADIOI&#8221; Un articolo al mese che racconta gli episodi pi\u00f9 divertenti, importanti, ricorda fatti e persone che hanno fatto la storia di Radio Pi\u00f9. Il 25 giugno saranno 40 anni di informazione, musica, storia. In quattro decenni di storie ne abbiamo raccontate tante, e in attesa del taglio&hellip;<\/p>\n","protected":false},"author":2,"featured_media":196875,"comment_status":"closed","ping_status":"closed","sticky":false,"template":"","format":"standard","meta":{"_monsterinsights_skip_tracking":false,"_monsterinsights_sitenote_active":false,"_monsterinsights_sitenote_note":"","_monsterinsights_sitenote_category":0,"footnotes":""},"categories":[143,104,49],"tags":[],"class_list":["post-317630","post","type-post","status-publish","format-standard","has-post-thumbnail","hentry","category-40-anni","category-evidenza_3","category-news-18","category-143","category-104","category-49","description-off"],"img_url":"https:\/\/www.radiopiu.net\/wordpress\/wp-content\/uploads\/2021\/03\/CROZZA-ZAIA-MIRKO.jpg","_links":{"self":[{"href":"https:\/\/www.radiopiu.net\/wordpress\/wp-json\/wp\/v2\/posts\/317630","targetHints":{"allow":["GET"]}}],"collection":[{"href":"https:\/\/www.radiopiu.net\/wordpress\/wp-json\/wp\/v2\/posts"}],"about":[{"href":"https:\/\/www.radiopiu.net\/wordpress\/wp-json\/wp\/v2\/types\/post"}],"author":[{"embeddable":true,"href":"https:\/\/www.radiopiu.net\/wordpress\/wp-json\/wp\/v2\/users\/2"}],"replies":[{"embeddable":true,"href":"https:\/\/www.radiopiu.net\/wordpress\/wp-json\/wp\/v2\/comments?post=317630"}],"version-history":[{"count":0,"href":"https:\/\/www.radiopiu.net\/wordpress\/wp-json\/wp\/v2\/posts\/317630\/revisions"}],"wp:featuredmedia":[{"embeddable":true,"href":"https:\/\/www.radiopiu.net\/wordpress\/wp-json\/wp\/v2\/media\/196875"}],"wp:attachment":[{"href":"https:\/\/www.radiopiu.net\/wordpress\/wp-json\/wp\/v2\/media?parent=317630"}],"wp:term":[{"taxonomy":"category","embeddable":true,"href":"https:\/\/www.radiopiu.net\/wordpress\/wp-json\/wp\/v2\/categories?post=317630"},{"taxonomy":"post_tag","embeddable":true,"href":"https:\/\/www.radiopiu.net\/wordpress\/wp-json\/wp\/v2\/tags?post=317630"}],"curies":[{"name":"wp","href":"https:\/\/api.w.org\/{rel}","templated":true}]}}