{"id":317652,"date":"2023-01-20T14:29:09","date_gmt":"2023-01-20T13:29:09","guid":{"rendered":"https:\/\/www.radiopiu.net\/wordpress\/?p=317652"},"modified":"2023-01-20T14:29:43","modified_gmt":"2023-01-20T13:29:43","slug":"valpe-risponde-una-variazione-alla-programmazione-e-complessa-ma-valuteremo-possibili-modifiche","status":"publish","type":"post","link":"https:\/\/www.radiopiu.net\/wordpress\/valpe-risponde-una-variazione-alla-programmazione-e-complessa-ma-valuteremo-possibili-modifiche\/","title":{"rendered":"VALPE RISPONDE &#8220;UNA VARIAZIONE ALLA PROGRAMMAZIONE E&#8217; COMPLESSA, MA VALUTEREMO POSSIBILI MODIFICHE&#8221;"},"content":{"rendered":"<p>&nbsp;<\/p>\n<p><strong>In merito alla segnalazione di ieri Valpe Ambiente risponde con immediatezza cogliendo\u00a0 l\u2019occasione per evidenziare alcune dinamiche connesse al servizio di raccolta rifiuti.<\/strong><\/p>\n<p>&nbsp;<\/p>\n<p><strong>AGORDO<\/strong> Questo servizio inizia in orario mattutino, ovvero nelle fasce orarie in cui il traffico pedonale e veicolare \u00e8 ridotto. Comprendiamo che eseguire la raccolta dei rifiuti sin dalle prime ore del mattino \u00e8 causa di un disagio, come giustamente evidenziato. D\u2019altro canto, tale programmazione permette di ridurre gli ostacoli e i rallentamenti alla circolazione stradale, con l\u2019obiettivo di liberare in primis le vie a pi\u00f9 elevato traffico, come le strade statali e le direttive principali. Basti pensare che, qualora la raccolta venisse eseguita nel corso della giornata, il traffico urbano risulterebbe oltremodo appesantito dal transito e dalle operazioni di raccolta dei nostri mezzi. Nondimeno la pianificazione in essere consente agli utenti, sui percorsi ove il servizio sia stato gi\u00e0 eseguito, di ritirare i contenitori all\u2019interno, gi\u00e0 nella prima mattinata, contribuendo a mantenere il decoro urbano e limitando gli impedimenti che insistono sulle aree riservate ai pedoni a vantaggio di tutta la collettivit\u00e0. Segnaliamo inoltre che Valpe Ambiente utilizza gi\u00e0 strumenti e macchinari dotati di tutti gli accorgimenti tecnici rivolti a contenere il pi\u00f9 possibile il disagio segnalato.Terremo comunque in considerazione la problematica sollevata per sensibilizzare ulteriormente il personale operativo, affinch\u00e9 siano poste in essere tutte le cautele possibili per alleggerire il fenomeno evidenziato. Evidenziamo che una eventuale variazione alla programmazione operativa per questa zona risulta particolarmente complessa, in quanto deve tener fede a obiettivi di ottimizzazione, efficienza ed economicit\u00e0 del servizio. Ad ogni modo, sar\u00e0 nostra cura valutare possibili modifiche.<\/p>\n<p>&nbsp;<\/p>\n<p>&nbsp;<\/p>\n<hr \/>\n<blockquote>\n<h3><\/h3>\n<h3>DILLO A RADIO PIU&#8217;&#8230; &#8220;CARA VALPE LA SVEGLIA ALLE 4.30 DEL MATTINO? ANCHE NO!&#8221;<\/h3>\n<\/blockquote>\n<p><strong>RICEVIAMO<\/strong> e volentieri pubblichiamo una lettera firmata inviata alla radio da chi abita sulla stessa via, la strada comunale verso la frazione San Cipriano dove il giorno dedicato alla raccolta della plastica corrisponde ad un rumoroso quanto indesiderato risveglio, alle 4,30 del mattino. Il problema non \u00e8 limitato alla frazione, di qui l&#8217;invito ad una raccolta di pareri, se non di firme, per invitare Valpe ad avvicinarsi alle esigenze del contribuente che ha diritto di dormire, non di essere svegliato prima del canto del gallo.<\/p>\n<p><img loading=\"lazy\" decoding=\"async\" class=\"alignleft\" src=\"https:\/\/www.radiopiu.net\/wordpress\/wp-content\/uploads\/2023\/01\/garbage-4879968_960_720.jpg\" width=\"407\" height=\"229\" \/><\/p>\n<p>Buongiorno scrivo questa lettera per segnalare una situazione che da tempo io e molti altri miei vicini di casa pazientemente tolleriamo ma che ormai necessit\u00e0 di una soluzione. Il problema che si vuol portare all\u2019attenzione \u00e8 quello della raccolta dei rifiuti da parte della Ditta Valpe Ambiente e del disagio che ne deriva dal momento che questa raccolta, nella frazione di S.Cipriano in Comune di Taibon Agordino e pi\u00f9 precisamente su via Paris Bordone e su via Valentino Besarel (e forse in altre zone del nostro Comune e per questo si invita eventualmente a segnalarlo),inizia alle 4.30 del mattino quando \u00e8 ancora buio. Lo svuotamento dei bidoni di carta ,secco e soprattutto plastica e vetro comporta, inevitabilmente, un\u2019azione molto rumorosa e di disturbo e per questo motivo si sollecita una tempestiva soluzione. Il problema potrebbe facilmente essere risolto se solo la raccolta fosse invertita, come orario, con quella dei bidoncini dell\u2019umido che viene eseguita, di norma, sempre dopo le ore 8.00 del mattino. Cos\u00ec come \u00e8 noto a molti anche ad Agordo, su richiesta degli utenti che si lamentavano di ci\u00f2, la situazione \u00e8 stata risolta posticipando il giro di raccolta, cos\u00ec ci si aspetta che la stessa cosa avvenga anche in questo caso, perch\u00e9 non si ritiene giusto che solo alcuni debbano essere svegliati, sistematicamente per due volte ogni settimana, nel cuore della notte.\u00a0 Pur sottolineando l\u2019importanza e l\u2019accuratezza con cui questo fondamentale servizio di raccolta viene quotidianamente svolto, si auspica che la Ditta Valpe Ambiente tenga in dovuta considerazione questa segnalazione da parte di tanti utenti che regolarmente pagano questo servizio e che si aspettano, quanto prima, una soluzione definitiva a questo problema.<\/p>\n<p>&nbsp;<\/p>\n<p>&nbsp;<\/p>\n<p>&nbsp;<\/p>\n<p>&nbsp;<\/p>\n<p>&nbsp;<\/p>\n","protected":false},"excerpt":{"rendered":"<p>&nbsp; In merito alla segnalazione di ieri Valpe Ambiente risponde con immediatezza cogliendo\u00a0 l\u2019occasione per evidenziare alcune dinamiche connesse al servizio di raccolta rifiuti. &nbsp; AGORDO Questo servizio inizia in orario mattutino, ovvero nelle fasce orarie in cui il traffico pedonale e veicolare \u00e8 ridotto. Comprendiamo che eseguire la raccolta dei rifiuti sin dalle prime&hellip;<\/p>\n","protected":false},"author":4,"featured_media":233382,"comment_status":"closed","ping_status":"closed","sticky":false,"template":"","format":"standard","meta":{"_monsterinsights_skip_tracking":false,"_monsterinsights_sitenote_active":false,"_monsterinsights_sitenote_note":"","_monsterinsights_sitenote_category":0,"footnotes":""},"categories":[51,49],"tags":[],"class_list":["post-317652","post","type-post","status-publish","format-standard","has-post-thumbnail","hentry","category-evidenza-top","category-news-18","category-51","category-49","description-off"],"img_url":"https:\/\/www.radiopiu.net\/wordpress\/wp-content\/uploads\/2021\/09\/Ecosportello_Agordo_1-scaled.jpg","_links":{"self":[{"href":"https:\/\/www.radiopiu.net\/wordpress\/wp-json\/wp\/v2\/posts\/317652","targetHints":{"allow":["GET"]}}],"collection":[{"href":"https:\/\/www.radiopiu.net\/wordpress\/wp-json\/wp\/v2\/posts"}],"about":[{"href":"https:\/\/www.radiopiu.net\/wordpress\/wp-json\/wp\/v2\/types\/post"}],"author":[{"embeddable":true,"href":"https:\/\/www.radiopiu.net\/wordpress\/wp-json\/wp\/v2\/users\/4"}],"replies":[{"embeddable":true,"href":"https:\/\/www.radiopiu.net\/wordpress\/wp-json\/wp\/v2\/comments?post=317652"}],"version-history":[{"count":0,"href":"https:\/\/www.radiopiu.net\/wordpress\/wp-json\/wp\/v2\/posts\/317652\/revisions"}],"wp:featuredmedia":[{"embeddable":true,"href":"https:\/\/www.radiopiu.net\/wordpress\/wp-json\/wp\/v2\/media\/233382"}],"wp:attachment":[{"href":"https:\/\/www.radiopiu.net\/wordpress\/wp-json\/wp\/v2\/media?parent=317652"}],"wp:term":[{"taxonomy":"category","embeddable":true,"href":"https:\/\/www.radiopiu.net\/wordpress\/wp-json\/wp\/v2\/categories?post=317652"},{"taxonomy":"post_tag","embeddable":true,"href":"https:\/\/www.radiopiu.net\/wordpress\/wp-json\/wp\/v2\/tags?post=317652"}],"curies":[{"name":"wp","href":"https:\/\/api.w.org\/{rel}","templated":true}]}}