{"id":317719,"date":"2023-01-20T10:05:16","date_gmt":"2023-01-20T09:05:16","guid":{"rendered":"https:\/\/www.radiopiu.net\/wordpress\/?p=317719"},"modified":"2023-01-20T10:05:16","modified_gmt":"2023-01-20T09:05:16","slug":"addio-crosby-colonna-nella-storia-della-musica-internazionale","status":"publish","type":"post","link":"https:\/\/www.radiopiu.net\/wordpress\/addio-crosby-colonna-nella-storia-della-musica-internazionale\/","title":{"rendered":"Addio Crosby, colonna nella storia della musica internazionale"},"content":{"rendered":"<blockquote>\n<h3>Grazie per il viaggio&#8230; indimenticabile.<\/h3>\n<\/blockquote>\n<p>E buon viaggio tra i palchi dell&#8217;eternit\u00e0. Il veterano del rock statunitense David Crosby \u00e8 morto all&#8217;et\u00e0 di 81 anni. Lo riporta la Bbc. Il cantautore \u00e8 stato fondatore di due delle pi\u00f9 grandi band degli anni Sessanta: The Byrds e Crosby, Stills and Nash.<\/p>\n<p><a class=\"dt-pswp-item\" href=\"https:\/\/www.radiopiu.net\/wordpress\/wp-content\/uploads\/2023\/01\/f3dd198d078c6fbd18b58883c9c7e64b.jpg\" data-dt-img-description=\"epa02627006 US musicians David Crosby (R) and  Graham Nash (L) perform at a benefit concert in Tucson, USA, on 10 March 2011, to honor those in the wake of the shooting, which killed six people and wounded 13 others, including Democratic US Representative Gabrielle Giffords, on 08 January 2011. The  funds raised will go to a new  community foundation to promote civility, respect and understanding.  EPA\/GARY WILLIAMS\" data-large_image_width=\"457\" data-large_image_height=\"333\"><img loading=\"lazy\" decoding=\"async\" class=\"size-medium wp-image-317720\" src=\"https:\/\/www.radiopiu.net\/wordpress\/wp-content\/uploads\/2023\/01\/f3dd198d078c6fbd18b58883c9c7e64b-300x219.jpg\" alt=\"\" width=\"300\" height=\"219\" srcset=\"https:\/\/www.radiopiu.net\/wordpress\/wp-content\/uploads\/2023\/01\/f3dd198d078c6fbd18b58883c9c7e64b-300x219.jpg 300w, https:\/\/www.radiopiu.net\/wordpress\/wp-content\/uploads\/2023\/01\/f3dd198d078c6fbd18b58883c9c7e64b.jpg 457w\" sizes=\"auto, (max-width: 300px) 100vw, 300px\" \/><\/a><\/p>\n","protected":false},"excerpt":{"rendered":"<p>Grazie per il viaggio&#8230; indimenticabile. E buon viaggio tra i palchi dell&#8217;eternit\u00e0. Il veterano del rock statunitense David Crosby \u00e8 morto all&#8217;et\u00e0 di 81 anni. Lo riporta la Bbc. Il cantautore \u00e8 stato fondatore di due delle pi\u00f9 grandi band degli anni Sessanta: The Byrds e Crosby, Stills and Nash.<\/p>\n","protected":false},"author":4,"featured_media":317720,"comment_status":"closed","ping_status":"closed","sticky":false,"template":"","format":"standard","meta":{"_monsterinsights_skip_tracking":false,"_monsterinsights_sitenote_active":false,"_monsterinsights_sitenote_note":"","_monsterinsights_sitenote_category":0,"footnotes":""},"categories":[104,49],"tags":[],"class_list":["post-317719","post","type-post","status-publish","format-standard","has-post-thumbnail","hentry","category-evidenza_3","category-news-18","category-104","category-49","description-off"],"img_url":"https:\/\/www.radiopiu.net\/wordpress\/wp-content\/uploads\/2023\/01\/f3dd198d078c6fbd18b58883c9c7e64b.jpg","_links":{"self":[{"href":"https:\/\/www.radiopiu.net\/wordpress\/wp-json\/wp\/v2\/posts\/317719","targetHints":{"allow":["GET"]}}],"collection":[{"href":"https:\/\/www.radiopiu.net\/wordpress\/wp-json\/wp\/v2\/posts"}],"about":[{"href":"https:\/\/www.radiopiu.net\/wordpress\/wp-json\/wp\/v2\/types\/post"}],"author":[{"embeddable":true,"href":"https:\/\/www.radiopiu.net\/wordpress\/wp-json\/wp\/v2\/users\/4"}],"replies":[{"embeddable":true,"href":"https:\/\/www.radiopiu.net\/wordpress\/wp-json\/wp\/v2\/comments?post=317719"}],"version-history":[{"count":0,"href":"https:\/\/www.radiopiu.net\/wordpress\/wp-json\/wp\/v2\/posts\/317719\/revisions"}],"wp:featuredmedia":[{"embeddable":true,"href":"https:\/\/www.radiopiu.net\/wordpress\/wp-json\/wp\/v2\/media\/317720"}],"wp:attachment":[{"href":"https:\/\/www.radiopiu.net\/wordpress\/wp-json\/wp\/v2\/media?parent=317719"}],"wp:term":[{"taxonomy":"category","embeddable":true,"href":"https:\/\/www.radiopiu.net\/wordpress\/wp-json\/wp\/v2\/categories?post=317719"},{"taxonomy":"post_tag","embeddable":true,"href":"https:\/\/www.radiopiu.net\/wordpress\/wp-json\/wp\/v2\/tags?post=317719"}],"curies":[{"name":"wp","href":"https:\/\/api.w.org\/{rel}","templated":true}]}}