{"id":317801,"date":"2023-01-20T15:17:05","date_gmt":"2023-01-20T14:17:05","guid":{"rendered":"https:\/\/www.radiopiu.net\/wordpress\/?p=317801"},"modified":"2023-01-21T05:59:39","modified_gmt":"2023-01-21T04:59:39","slug":"i-misteri-di-alleghe-trasformati-in-goliardia-tra-errori-di-pronunce-e-banalita-forse-dimenticando-le-vittime","status":"publish","type":"post","link":"https:\/\/www.radiopiu.net\/wordpress\/i-misteri-di-alleghe-trasformati-in-goliardia-tra-errori-di-pronunce-e-banalita-forse-dimenticando-le-vittime\/","title":{"rendered":"I MISTERI DI ALLEGHE TRASFORMATI IN GOLIARDIA TRA ERRORI DI PRONUNCE E BANALITA&#8217; DIMENTICANDO LE VITTIME"},"content":{"rendered":"<p><strong>di Marco Gaz\u00a0<\/strong><\/p>\n<audio class=\"wp-audio-shortcode\" id=\"audio-317801-1\" preload=\"none\" style=\"width: 100%;\" controls=\"controls\"><source type=\"audio\/mpeg\" src=\"https:\/\/www.radiopiu.net\/wordpress\/wp-content\/uploads\/2023\/01\/gr-21-i-misteri-di-alleghe-stralcio-podcast.mp3?_=1\" \/><a href=\"https:\/\/www.radiopiu.net\/wordpress\/wp-content\/uploads\/2023\/01\/gr-21-i-misteri-di-alleghe-stralcio-podcast.mp3\">https:\/\/www.radiopiu.net\/wordpress\/wp-content\/uploads\/2023\/01\/gr-21-i-misteri-di-alleghe-stralcio-podcast.mp3<\/a><\/audio>\n<p>&nbsp;<\/p>\n<p>&nbsp;<\/p>\n<p><strong><img loading=\"lazy\" decoding=\"async\" class=\"alignleft\" src=\"https:\/\/www.radiopiu.net\/wordpress\/wp-content\/uploads\/2023\/01\/39B5DC8F-A65B-4F77-BDA4-C5CECA56502E.jpeg\" width=\"208\" height=\"182\" \/>REDAZIONE<\/strong> Da alcune ore \u00e8 disponibile su Spotify la nuova puntata di \u201cNon Aprite Quella Podcast\u201d, il programma condotto da J Ax assieme a Matteo Leonardon e Pedar. Un podcast della durata di circa un\u2019ora dove ogni settimana vengono trattati dei crimini del passato. In questo appuntamento appena pubblicato sulla piattaforma streaming si parla dei \u201cMisteri di Alleghe\u201d con riferimenti al racconto di Sergio Saviane. Come avviene anche negli altri episodi del programma, i temi vengono trattati in maniera goliardica, scherzando sui luoghi e sui protagonisti della storia. L\u2019episodio comincia con una descrizione del paese di Alleghe e del monte Civetta parlando delle frane che hanno colpito l\u2019abitato del paese. Il linguaggio che viene utilizzato \u00e8 molto schietto, a volte scurrile, con i conduttori che scherzano un po&#8217; su tutto. Il racconto prosegue facendo riferimento a protagonisti del caso e soprattutto al libro di Saviane. Il programma sarebbe piacevole da ascoltare se non fosse che per tutto l\u2019episodio le pronunce lasciano a desiderare. Alleghe diventa Allegh\u00e8, anzich\u00e9 Da Tos il cognome diventa De Tos come Rudatis diventa Rudat\u00ecs e Finazzer trasformato in\u00a0 Finazz\u00e8r. Si scherza su tutto ma qualcuno, ascoltando l\u2019episodio in questione, non sar\u00e0 contento di come \u00e8 stato trattato l\u2019argomento<\/p>\n<p>PER ASCOLTARE LA PUNTATA <a href=\"https:\/\/open.spotify.com\/episode\/5J4ZGq0Ppn5NokAeZMZXfK?si=jn6kto-xR-63vdqOPOhmMQ&amp;context=spotify%3Ashow%3A2wpbJ0TmiPerI4xDaV4L9m\">CLICCA QUI<\/a><\/p>\n<p>&nbsp;<\/p>\n<p>&nbsp;<\/p>\n<p>&nbsp;<\/p>\n<hr \/>\n<p><strong><img loading=\"lazy\" decoding=\"async\" class=\"alignleft\" src=\"https:\/\/www.radiopiu.net\/wordpress\/wp-content\/uploads\/2020\/08\/misteri-alleghe.jpg\" width=\"354\" height=\"59\" \/><\/strong><\/p>\n<blockquote>\n<h3><\/h3>\n<h3><\/h3>\n<h3>QUESTO E&#8217; INVECE\u00a0 IL PODCAST DI RADIO PIU&#8217;, DAL NOSTRO ARCHIVIO I RACCONTI A PUNTATE CON L&#8217;ATTORE ROBERTO FAORO<\/h3>\n<\/blockquote>\n<blockquote class=\"wp-embedded-content\" data-secret=\"TZJ9JZNPQv\"><p><a href=\"https:\/\/www.radiopiu.net\/wordpress\/i-misteri-di-alleghe\/\">I misteri di Alleghe<\/a><\/p><\/blockquote>\n<p><iframe loading=\"lazy\" class=\"wp-embedded-content\" sandbox=\"allow-scripts\" security=\"restricted\" style=\"position: absolute; clip: rect(1px, 1px, 1px, 1px);\" title=\"&#8220;I misteri di Alleghe&#8221; &#8212; Radio Pi\u00f9\" src=\"https:\/\/www.radiopiu.net\/wordpress\/i-misteri-di-alleghe\/embed\/#?secret=POE8Mqa85w#?secret=TZJ9JZNPQv\" data-secret=\"TZJ9JZNPQv\" width=\"600\" height=\"338\" frameborder=\"0\" marginwidth=\"0\" marginheight=\"0\" scrolling=\"no\"><\/iframe><\/p>\n<p>&nbsp;<\/p>\n<hr \/>\n<p>&nbsp;<\/p>\n","protected":false},"excerpt":{"rendered":"<p>di Marco Gaz\u00a0 &nbsp; &nbsp; REDAZIONE Da alcune ore \u00e8 disponibile su Spotify la nuova puntata di \u201cNon Aprite Quella Podcast\u201d, il programma condotto da J Ax assieme a Matteo Leonardon e Pedar. Un podcast della durata di circa un\u2019ora dove ogni settimana vengono trattati dei crimini del passato. In questo appuntamento appena pubblicato sulla&hellip;<\/p>\n","protected":false},"author":4,"featured_media":317804,"comment_status":"closed","ping_status":"closed","sticky":false,"template":"","format":"standard","meta":{"_monsterinsights_skip_tracking":false,"_monsterinsights_sitenote_active":false,"_monsterinsights_sitenote_note":"","_monsterinsights_sitenote_category":0,"footnotes":""},"categories":[51,49],"tags":[],"class_list":["post-317801","post","type-post","status-publish","format-standard","has-post-thumbnail","hentry","category-evidenza-top","category-news-18","category-51","category-49","description-off"],"img_url":"https:\/\/www.radiopiu.net\/wordpress\/wp-content\/uploads\/2023\/01\/39B5DC8F-A65B-4F77-BDA4-C5CECA56502E.jpeg","_links":{"self":[{"href":"https:\/\/www.radiopiu.net\/wordpress\/wp-json\/wp\/v2\/posts\/317801","targetHints":{"allow":["GET"]}}],"collection":[{"href":"https:\/\/www.radiopiu.net\/wordpress\/wp-json\/wp\/v2\/posts"}],"about":[{"href":"https:\/\/www.radiopiu.net\/wordpress\/wp-json\/wp\/v2\/types\/post"}],"author":[{"embeddable":true,"href":"https:\/\/www.radiopiu.net\/wordpress\/wp-json\/wp\/v2\/users\/4"}],"replies":[{"embeddable":true,"href":"https:\/\/www.radiopiu.net\/wordpress\/wp-json\/wp\/v2\/comments?post=317801"}],"version-history":[{"count":0,"href":"https:\/\/www.radiopiu.net\/wordpress\/wp-json\/wp\/v2\/posts\/317801\/revisions"}],"wp:featuredmedia":[{"embeddable":true,"href":"https:\/\/www.radiopiu.net\/wordpress\/wp-json\/wp\/v2\/media\/317804"}],"wp:attachment":[{"href":"https:\/\/www.radiopiu.net\/wordpress\/wp-json\/wp\/v2\/media?parent=317801"}],"wp:term":[{"taxonomy":"category","embeddable":true,"href":"https:\/\/www.radiopiu.net\/wordpress\/wp-json\/wp\/v2\/categories?post=317801"},{"taxonomy":"post_tag","embeddable":true,"href":"https:\/\/www.radiopiu.net\/wordpress\/wp-json\/wp\/v2\/tags?post=317801"}],"curies":[{"name":"wp","href":"https:\/\/api.w.org\/{rel}","templated":true}]}}