{"id":317866,"date":"2023-01-21T05:20:35","date_gmt":"2023-01-21T04:20:35","guid":{"rendered":"https:\/\/www.radiopiu.net\/wordpress\/?p=317866"},"modified":"2023-01-21T05:21:23","modified_gmt":"2023-01-21T04:21:23","slug":"picchia-lex-dipendente","status":"publish","type":"post","link":"https:\/\/www.radiopiu.net\/wordpress\/picchia-lex-dipendente\/","title":{"rendered":"PICCHIA L&#8217;EX DIPENDENTE E LO MANDA IN OSPEDALE. LA PROGNOSI E&#8217; MATERIA DA PROCURA"},"content":{"rendered":"<p><strong>OGGI SUL CORRIERE DELLE ALPI<\/strong><\/p>\n<p><strong>DI GIGI SOSSO<\/strong><\/p>\n<p style=\"text-align: left;\"><strong><a class=\"dt-pswp-item\" href=\"https:\/\/www.radiopiu.net\/wordpress\/wp-content\/uploads\/2023\/01\/Senza-nome-52.jpg\" data-dt-img-description=\"\" data-large_image_width=\"462\" data-large_image_height=\"260\"><img loading=\"lazy\" decoding=\"async\" class=\"size-medium wp-image-317867 alignleft\" src=\"https:\/\/www.radiopiu.net\/wordpress\/wp-content\/uploads\/2023\/01\/Senza-nome-52-300x169.jpg\" alt=\"\" width=\"300\" height=\"169\" srcset=\"https:\/\/www.radiopiu.net\/wordpress\/wp-content\/uploads\/2023\/01\/Senza-nome-52-300x169.jpg 300w, https:\/\/www.radiopiu.net\/wordpress\/wp-content\/uploads\/2023\/01\/Senza-nome-52.jpg 462w\" sizes=\"auto, (max-width: 300px) 100vw, 300px\" \/><\/a>SEREN <\/strong>Dieci giorni di malattia o 105? C&#8217;\u00e8 una bella differenza. Dopo essere approdate in tribunale, le lesioni contestate a un commerciante sono diventate di competenza del giudice di pace, mentre per l&#8217;ex dipendente erano aggravate, proprio dalla prognosi. Il giudice Velo ha rinviato gli atti al pubblico ministero, affinch\u00e9 decida se scrivere un nuovo capo d&#8217;imputazione o lasciare tutto com&#8217;\u00e8. I fatti sono del 7 ottobre 2020, in una piazza di Seren del Grappa. L&#8217;imputato \u00e8 il titolare di un negozio di biciclette a Feltre , la vittima della presunta aggressione si \u00e8 costituita parte civile&#8230;. Nel certificato dell&#8217;ospedale Santa Maria del Prato, si legge \u00abpolicontusioni e trauma cranico non commotivo in esiti di aggressione\u00bb per una prognosi di dieci giorni. E oltre alle lesioni, ci sarebbe anche il danneggiamento della felpa, che peraltro non era nemmeno di propriet\u00e0 della persona offesa, ma di un amico. Dei due reati si \u00e8 cominciato a discutere davanti al giudice del tribunale, che per\u00f2 ha manifestato la propria incompetenza, di fronte ai dieci giorni, rinviando il fascicolo alla Procura.<\/p>\n<p>&nbsp;<\/p>\n<p>&nbsp;<\/p>\n<p>&nbsp;<\/p>\n<p>___<\/p>\n","protected":false},"excerpt":{"rendered":"<p>OGGI SUL CORRIERE DELLE ALPI DI GIGI SOSSO SEREN Dieci giorni di malattia o 105? C&#8217;\u00e8 una bella differenza. Dopo essere approdate in tribunale, le lesioni contestate a un commerciante sono diventate di competenza del giudice di pace, mentre per l&#8217;ex dipendente erano aggravate, proprio dalla prognosi. Il giudice Velo ha rinviato gli atti al&hellip;<\/p>\n","protected":false},"author":4,"featured_media":317867,"comment_status":"closed","ping_status":"closed","sticky":false,"template":"","format":"standard","meta":{"_monsterinsights_skip_tracking":false,"_monsterinsights_sitenote_active":false,"_monsterinsights_sitenote_note":"","_monsterinsights_sitenote_category":0,"footnotes":""},"categories":[51,49],"tags":[],"class_list":["post-317866","post","type-post","status-publish","format-standard","has-post-thumbnail","hentry","category-evidenza-top","category-news-18","category-51","category-49","description-off"],"img_url":"https:\/\/www.radiopiu.net\/wordpress\/wp-content\/uploads\/2023\/01\/Senza-nome-52.jpg","_links":{"self":[{"href":"https:\/\/www.radiopiu.net\/wordpress\/wp-json\/wp\/v2\/posts\/317866","targetHints":{"allow":["GET"]}}],"collection":[{"href":"https:\/\/www.radiopiu.net\/wordpress\/wp-json\/wp\/v2\/posts"}],"about":[{"href":"https:\/\/www.radiopiu.net\/wordpress\/wp-json\/wp\/v2\/types\/post"}],"author":[{"embeddable":true,"href":"https:\/\/www.radiopiu.net\/wordpress\/wp-json\/wp\/v2\/users\/4"}],"replies":[{"embeddable":true,"href":"https:\/\/www.radiopiu.net\/wordpress\/wp-json\/wp\/v2\/comments?post=317866"}],"version-history":[{"count":0,"href":"https:\/\/www.radiopiu.net\/wordpress\/wp-json\/wp\/v2\/posts\/317866\/revisions"}],"wp:featuredmedia":[{"embeddable":true,"href":"https:\/\/www.radiopiu.net\/wordpress\/wp-json\/wp\/v2\/media\/317867"}],"wp:attachment":[{"href":"https:\/\/www.radiopiu.net\/wordpress\/wp-json\/wp\/v2\/media?parent=317866"}],"wp:term":[{"taxonomy":"category","embeddable":true,"href":"https:\/\/www.radiopiu.net\/wordpress\/wp-json\/wp\/v2\/categories?post=317866"},{"taxonomy":"post_tag","embeddable":true,"href":"https:\/\/www.radiopiu.net\/wordpress\/wp-json\/wp\/v2\/tags?post=317866"}],"curies":[{"name":"wp","href":"https:\/\/api.w.org\/{rel}","templated":true}]}}