{"id":317870,"date":"2023-01-21T05:27:56","date_gmt":"2023-01-21T04:27:56","guid":{"rendered":"https:\/\/www.radiopiu.net\/wordpress\/?p=317870"},"modified":"2023-01-21T09:53:48","modified_gmt":"2023-01-21T08:53:48","slug":"il-ritorno-del-lupo-in-provincia-quando-i-relatori-sono-gli-esperti","status":"publish","type":"post","link":"https:\/\/www.radiopiu.net\/wordpress\/il-ritorno-del-lupo-in-provincia-quando-i-relatori-sono-gli-esperti\/","title":{"rendered":"IL RITORNO DEL LUPO IN PROVINCIA, QUANDO I RELATORI SONO GLI ESPERTI"},"content":{"rendered":"<blockquote>\n<h3>\u00a0A FALCADE PARLANO GLI ESPERTI NON IL CONVINTO ANIMALISTA CON I PARAOCCHI<\/h3>\n<p><em><a class=\"dt-pswp-item\" href=\"https:\/\/www.radiopiu.net\/wordpress\/wp-content\/uploads\/2023\/01\/Senza-nome-53.jpg\" data-dt-img-description=\"\" data-large_image_width=\"267\" data-large_image_height=\"228\"><img loading=\"lazy\" decoding=\"async\" class=\"wp-image-317869 alignleft\" src=\"https:\/\/www.radiopiu.net\/wordpress\/wp-content\/uploads\/2023\/01\/Senza-nome-53.jpg\" alt=\"\" width=\"157\" height=\"134\" \/><\/a>Implicazioni sociali e sulle attivit\u00e0 agricole<\/em><\/p><\/blockquote>\n<p><strong>FALCADE<\/strong> Finalmente un incontro con gli esperti. Infatti, martedi alle 21 alla Casa della Giovent\u00f9 di Caviola sono attesi gli interventi di Christian Losso, ispettore di Polizia Provinciale che parler\u00e0 del &#8220;Ritorno del lupo de sua espansione&#8221;; Michele Nenz &#8220;Quali problematiche e soluzioni per gli allevatori&#8221;. L&#8217;incontro sar\u00e0 introdotto dal sindaco di Falcade Mauro Salvaterra, dal consigliere provinciale Franco De Bon e dal Presidente della Coldiretti Alessandro De Rocco.<\/p>\n<div>\n<div class=\"x1cy8zhl x78zum5 x1q0g3np xod5an3 x1pi30zi x1swvt13 xz9dl7a\">\n<div class=\"x1iyjqo2\">\n<div class=\"x78zum5 xdt5ytf xz62fqu x16ldp7u\">\n<div class=\"xu06os2 x1ok221b\"><span class=\"x193iq5w xeuugli x13faqbe x1vvkbs x1xmvt09 x1lliihq x1s928wv xhkezso x1gmr53x x1cpjm7i x1fgarty x1943h6x x4zkp8e x676frb x1nxh6w3 x1sibtaa xo1l8bm xi81zsa x1yc453h\" dir=\"auto\"><span id=\"jsc_c_4x\"><span class=\"\"><span class=\"xt0psk2\"><a class=\"x1i10hfl xjbqb8w x6umtig x1b1mbwd xaqea5y xav7gou x9f619 x1ypdohk xt0psk2 xe8uvvx xdj266r x11i5rnm xat24cr x1mh8g0r xexx8yu x4uap5 x18d9i69 xkhd6sd x16tdsg8 x1hl2dhg xggy1nq x1a2a7pz x1heor9g xt0b8zv xo1l8bm\" tabindex=\"0\" role=\"link\" href=\"https:\/\/www.facebook.com\/groups\/1436553189911658\/user\/100007219380176\/?__cft__[0]=AZXuhkOdY0qlI8buc1GlpqR4zEdWnjURnOgdafD04OUYliCKsDpDYo35DQ12DTVFyWsEhpTrFOS0XaaHfm3tAe290-v11mr4A1w7OiR8lTRqMuGGHokUh6xkOokC6hWC7rd3ilvhn7lw_tZfHOQTjhxaUsNckYp9J-DmXowZREju7LjRvOcUi5A53MRoTl4Wse8&amp;__tn__=%2CP-R\"><b>Walter Cemin<\/b><\/a><\/span><\/span><span class=\"xh99ass\"><span class=\"xzpqnlu xjm9jq1 x6ikm8r x10wlt62 x10l6tqk x1i1rx1s\">\u00a0<\/span> <\/span><\/span><\/span>Lo scopo dell&#8217;incontro \u00e8 quello di far conoscere il comportamento e le abitudini di questo predatore che mancava da anni nelle nostre zone. Non \u00e8 un un&#8217;incontro pro o contro lupo, ma un&#8217;incontro per informare la popolazione non abituata alla sua presenza. Tutta la popolazione \u00e8 invitata.<\/div>\n<div><\/div>\n<\/div>\n<\/div>\n<\/div>\n<\/div>\n<p>___<\/p>\n","protected":false},"excerpt":{"rendered":"<p>\u00a0A FALCADE PARLANO GLI ESPERTI NON IL CONVINTO ANIMALISTA CON I PARAOCCHI Implicazioni sociali e sulle attivit\u00e0 agricole FALCADE Finalmente un incontro con gli esperti. Infatti, martedi alle 21 alla Casa della Giovent\u00f9 di Caviola sono attesi gli interventi di Christian Losso, ispettore di Polizia Provinciale che parler\u00e0 del &#8220;Ritorno del lupo de sua espansione&#8221;;&hellip;<\/p>\n","protected":false},"author":4,"featured_media":317869,"comment_status":"closed","ping_status":"closed","sticky":false,"template":"","format":"standard","meta":{"_monsterinsights_skip_tracking":false,"_monsterinsights_sitenote_active":false,"_monsterinsights_sitenote_note":"","_monsterinsights_sitenote_category":0,"footnotes":""},"categories":[104,49],"tags":[],"class_list":["post-317870","post","type-post","status-publish","format-standard","has-post-thumbnail","hentry","category-evidenza_3","category-news-18","category-104","category-49","description-off"],"img_url":"https:\/\/www.radiopiu.net\/wordpress\/wp-content\/uploads\/2023\/01\/Senza-nome-53.jpg","_links":{"self":[{"href":"https:\/\/www.radiopiu.net\/wordpress\/wp-json\/wp\/v2\/posts\/317870","targetHints":{"allow":["GET"]}}],"collection":[{"href":"https:\/\/www.radiopiu.net\/wordpress\/wp-json\/wp\/v2\/posts"}],"about":[{"href":"https:\/\/www.radiopiu.net\/wordpress\/wp-json\/wp\/v2\/types\/post"}],"author":[{"embeddable":true,"href":"https:\/\/www.radiopiu.net\/wordpress\/wp-json\/wp\/v2\/users\/4"}],"replies":[{"embeddable":true,"href":"https:\/\/www.radiopiu.net\/wordpress\/wp-json\/wp\/v2\/comments?post=317870"}],"version-history":[{"count":0,"href":"https:\/\/www.radiopiu.net\/wordpress\/wp-json\/wp\/v2\/posts\/317870\/revisions"}],"wp:featuredmedia":[{"embeddable":true,"href":"https:\/\/www.radiopiu.net\/wordpress\/wp-json\/wp\/v2\/media\/317869"}],"wp:attachment":[{"href":"https:\/\/www.radiopiu.net\/wordpress\/wp-json\/wp\/v2\/media?parent=317870"}],"wp:term":[{"taxonomy":"category","embeddable":true,"href":"https:\/\/www.radiopiu.net\/wordpress\/wp-json\/wp\/v2\/categories?post=317870"},{"taxonomy":"post_tag","embeddable":true,"href":"https:\/\/www.radiopiu.net\/wordpress\/wp-json\/wp\/v2\/tags?post=317870"}],"curies":[{"name":"wp","href":"https:\/\/api.w.org\/{rel}","templated":true}]}}