{"id":317875,"date":"2023-01-21T05:47:59","date_gmt":"2023-01-21T04:47:59","guid":{"rendered":"https:\/\/www.radiopiu.net\/wordpress\/?p=317875"},"modified":"2023-01-21T06:04:53","modified_gmt":"2023-01-21T05:04:53","slug":"tragedia-dalvera-dopo","status":"publish","type":"post","link":"https:\/\/www.radiopiu.net\/wordpress\/tragedia-dalvera-dopo\/","title":{"rendered":"TRAGEDIA D&#8217;ALVERA&#8217;.  DOPO SEI ANNI ASSOLTO IL DIRIGENTE DI VENETO STRADE"},"content":{"rendered":"<p>&nbsp;<\/p>\n<blockquote>\n<h2>ASSOLTO D&#8217;AGOSTINI. IL PROCESSO PER LA MORTE DELLA DOTTORESSA SOTTO LA FRANA DI ALVERA&#8217;<\/h2>\n<\/blockquote>\n<p><strong><a class=\"dt-pswp-item\" href=\"https:\/\/www.radiopiu.net\/wordpress\/wp-content\/uploads\/2023\/01\/Senza-nome-55.jpg\" data-dt-img-description=\"\" data-large_image_width=\"268\" data-large_image_height=\"192\"><img loading=\"lazy\" decoding=\"async\" class=\"wp-image-317877 alignleft\" src=\"https:\/\/www.radiopiu.net\/wordpress\/wp-content\/uploads\/2023\/01\/Senza-nome-55.jpg\" alt=\"\" width=\"200\" height=\"143\" \/><\/a>CORTINA<\/strong> Carla Catturani, 61 anni,\u00a0 la sera del 4 agosto 2017 mor\u00ec sotto la frana di Alver\u00e0, l&#8217;ex dirigente di Veneto Strade, Sandro D&#8217;Agostini (foto), \u00e8 stato assolto con la formula pi\u00f9 ampia per non aver commesso il fatto dal giudice Coniglio.\u00a0 Il pubblico ministero Pesco aveva chiesto una condanna a quattro anni di reclusione,\u00a0 gli avvocati un\u00a0 risarcimento danni da un milione di euro. L&#8217;accusa: D&#8217;Agostini non aveva fatto nulla per prevenire la colata di fango e detriti che scese dal Cristallo e travolse la 61enne ex anestesista in pensione all&#8217;Istituto Codivilla Putti di Cortina, uccidendola.\u00a0 Il giudice Antonella Coniglio ha assolto D&#8217;Agostini per non aver commesso il fatto: novanta giorni per le motivazioni, sulla base delle quali ci potrebbe essere appello. Nella stessa vicenda, erano stati prosciolti l&#8217;ex sindaco ampezzano Andrea Franceschi, l&#8217;ex assessore Stefano Verocai e l&#8217;allora responsabile dell&#8217;Ufficio Lavori pubblici Stefano Zardini Lacedelli.<\/p>\n<p>&nbsp;<\/p>\n<p style=\"text-align: center;\"><strong>CORRIERE DELLE ALPI DI OGGI<\/strong><\/p>\n<p><a class=\"dt-pswp-item\" href=\"https:\/\/www.radiopiu.net\/wordpress\/wp-content\/uploads\/2023\/01\/Senza-nome-54.jpg\" data-dt-img-description=\"\" data-large_image_width=\"469\" data-large_image_height=\"286\"><img loading=\"lazy\" decoding=\"async\" class=\"size-medium wp-image-317874 aligncenter\" src=\"https:\/\/www.radiopiu.net\/wordpress\/wp-content\/uploads\/2023\/01\/Senza-nome-54-300x183.jpg\" alt=\"\" width=\"300\" height=\"183\" srcset=\"https:\/\/www.radiopiu.net\/wordpress\/wp-content\/uploads\/2023\/01\/Senza-nome-54-300x183.jpg 300w, https:\/\/www.radiopiu.net\/wordpress\/wp-content\/uploads\/2023\/01\/Senza-nome-54.jpg 469w\" sizes=\"auto, (max-width: 300px) 100vw, 300px\" \/><\/a><\/p>\n<p>&nbsp;<\/p>\n<hr \/>\n<blockquote>\n<h2><img loading=\"lazy\" decoding=\"async\" class=\"alignleft\" src=\"https:\/\/www.radiopiu.net\/wordpress\/wp-content\/uploads\/2023\/01\/Senza-nome-56.jpg\" width=\"284\" height=\"164\" \/>DAL GIORNALE RADIOPIU DEL 4 AGOSTO 2017<\/h2>\n<\/blockquote>\n<p><strong>FRANA DI ALVER\u00c0, UNA PERSONA MORTA E VERIFICHE IN CORSO<\/strong> Questa notte all&#8217;1.40 il Soccorso alpino di Cortina \u00e8 stato allertato dal Suem per intervenire i \u00a0supporto dei Vigili del fuoco per una frana caduta nella zona di Alver\u00e0. Dalle prime informazioni non si sapevano l&#8217;entit\u00e0 del fenomeno, n\u00e9 le conseguenze. Sul posto &#8211; si era appena svolta una festa campestre &#8211; uno dei volontari della Stazione aveva informato che la strada era interrotta. I soccorritori sono quindi partiti dalle prime case dell&#8217;abitato di Alver\u00e0, dove era esondato il torrente Bigontina, e dove i Vigili del fuoco stavano verificando la presenza, poi esclusa, di persone all&#8217;interno di una prima vettura trascinata dai sassi. I soccorritori con un&#8217;unit\u00e0 cinofila hanno quindi iniziato a risalire il greto sommerso da massi e detriti, finch\u00e9 il cane non ha ritrovato il corpo semissommerso di Carla Catturani, 61 anni, all&#8217;altezza del bivio per il Brite di Larieto, e 200 metri pi\u00f9 sopra un&#8217;auto sepolta. La salma \u00e8 stata quindi liberata e con i mezzi si \u00e8 provveduto subito a togliere il materiale per guardare all&#8217;interno della macchina, risultata vuota.<\/p>\n","protected":false},"excerpt":{"rendered":"<p>&nbsp; ASSOLTO D&#8217;AGOSTINI. IL PROCESSO PER LA MORTE DELLA DOTTORESSA SOTTO LA FRANA DI ALVERA&#8217; CORTINA Carla Catturani, 61 anni,\u00a0 la sera del 4 agosto 2017 mor\u00ec sotto la frana di Alver\u00e0, l&#8217;ex dirigente di Veneto Strade, Sandro D&#8217;Agostini (foto), \u00e8 stato assolto con la formula pi\u00f9 ampia per non aver commesso il fatto dal&hellip;<\/p>\n","protected":false},"author":4,"featured_media":317878,"comment_status":"closed","ping_status":"closed","sticky":false,"template":"","format":"standard","meta":{"_monsterinsights_skip_tracking":false,"_monsterinsights_sitenote_active":false,"_monsterinsights_sitenote_note":"","_monsterinsights_sitenote_category":0,"footnotes":""},"categories":[51,49],"tags":[],"class_list":["post-317875","post","type-post","status-publish","format-standard","has-post-thumbnail","hentry","category-evidenza-top","category-news-18","category-51","category-49","description-off"],"img_url":"https:\/\/www.radiopiu.net\/wordpress\/wp-content\/uploads\/2023\/01\/Senza-nome-56.jpg","_links":{"self":[{"href":"https:\/\/www.radiopiu.net\/wordpress\/wp-json\/wp\/v2\/posts\/317875","targetHints":{"allow":["GET"]}}],"collection":[{"href":"https:\/\/www.radiopiu.net\/wordpress\/wp-json\/wp\/v2\/posts"}],"about":[{"href":"https:\/\/www.radiopiu.net\/wordpress\/wp-json\/wp\/v2\/types\/post"}],"author":[{"embeddable":true,"href":"https:\/\/www.radiopiu.net\/wordpress\/wp-json\/wp\/v2\/users\/4"}],"replies":[{"embeddable":true,"href":"https:\/\/www.radiopiu.net\/wordpress\/wp-json\/wp\/v2\/comments?post=317875"}],"version-history":[{"count":0,"href":"https:\/\/www.radiopiu.net\/wordpress\/wp-json\/wp\/v2\/posts\/317875\/revisions"}],"wp:featuredmedia":[{"embeddable":true,"href":"https:\/\/www.radiopiu.net\/wordpress\/wp-json\/wp\/v2\/media\/317878"}],"wp:attachment":[{"href":"https:\/\/www.radiopiu.net\/wordpress\/wp-json\/wp\/v2\/media?parent=317875"}],"wp:term":[{"taxonomy":"category","embeddable":true,"href":"https:\/\/www.radiopiu.net\/wordpress\/wp-json\/wp\/v2\/categories?post=317875"},{"taxonomy":"post_tag","embeddable":true,"href":"https:\/\/www.radiopiu.net\/wordpress\/wp-json\/wp\/v2\/tags?post=317875"}],"curies":[{"name":"wp","href":"https:\/\/api.w.org\/{rel}","templated":true}]}}