{"id":317904,"date":"2023-01-21T07:50:24","date_gmt":"2023-01-21T06:50:24","guid":{"rendered":"https:\/\/www.radiopiu.net\/wordpress\/?p=317904"},"modified":"2023-01-28T08:34:03","modified_gmt":"2023-01-28T07:34:03","slug":"ascolta-la-rassegna-stampa-locale-dal-1983-alle-otto-del-mattino-di-mirko-mezzacasa","status":"publish","type":"post","link":"https:\/\/www.radiopiu.net\/wordpress\/ascolta-la-rassegna-stampa-locale-dal-1983-alle-otto-del-mattino-di-mirko-mezzacasa\/","title":{"rendered":"ASCOLTA LA RASSEGNA STAMPA LOCALE, DAL 1983 ALLE OTTO DEL MATTINO DI MIRKO MEZZACASA"},"content":{"rendered":"<p><strong>CORTINA<\/strong> Nel processo di primo grado assoluzione per Sandro d&#8217;Agostini gi\u00e0 dirigente di Veneto Strade per la morte della dottoressa Carla Catturani, vittima della frana di Alver\u00e0 durante la notte dei maltempo del 4 agosto 2017<br \/>\n<strong>CORTINA<\/strong> I legali dell&#8217;Hotel Miramonti pronti per la contro offensiva, lunedi porteranno la documentazione in Prefettura, verificate le componenti strutturali, specie i solai. La propriet\u00e0 <em>&#8220;Certi che ci verr\u00e0 riconosciuto quanto fatto di buono&#8221;.<\/em><br \/>\n<strong>VENEZIA<\/strong> Chiesa gremita per l&#8217;ultimo saluto a Giulia Ramelli, la maestra di sci a Cortina morta sotto la valanga del Nuvolau. Per lei l&#8217;omaggio dei maestri di sci e dei gondolieri con l&#8217;alzata di remi.<br \/>\n<strong>SOSPIROLO<\/strong> A San Gottardo bruciano due mezzi dell&#8217;azienda agricola di Alfonsino Barp, presidente della latteria di Camolino, rogo alle 4 del mattino. Almeno 150mila euro di danni, nessun ferito, quattro ore di lavoro per circoscrivere le fiamme;<br \/>\n<strong>CADORE<\/strong> Danni enormi a Laggio per l&#8217;incendio di giovedi, bruciato il tetto di un&#8217;abitazione di quattro piani.<br \/>\n<strong>FONZASO<\/strong> L&#8217;autorit\u00e0 giudiziaria ha dato il nullaosta per la sepoltura: luned\u00ec alle 15 in chiesa Arcipretale, l&#8217;ultimo saluto a Silvano Maccagnan il 71enne morto mercoled\u00ec in un tragico incidente stradale nella galleria di Pedesalto.<br \/>\n<strong>OLIMPIADI<\/strong> Trento rinuncia definitivamente al pattinaggio olimpico, Longarone si candida per ospitare i giochi in Fiera, l&#8217;ipotesi di costruire la pista ovale.<br \/>\n<strong>AGORDO<\/strong> Con in fondi di confine il campo sintetico in localit\u00e0 Polane, ma non solo, attesa per le tribune coperte del Dorigo e il recupero delle ex officine dei congeniatori. Sul sito di RADIOPIU gli ampi resoconti di Gianni Santomaso, gli interventi di Giulio Favretti, Cristina Bien e del sindaco Roberto Chissal\u00e8 in consiglio comunale.<br \/>\n<strong>ALLEGHE<\/strong> I misteri di Alleghe in un podcast tra errori di pronuncia e battute fuori luogo nel ricordo delle vittime.<br \/>\n<strong>TAIBON<\/strong> Valpe risponde agli utenti che protestano per la sveglia alle 4 e trenta del mattino. &#8220;Una variazione al programma \u00e8 complessa, ma valuteremo le modifiche&#8221;.<br \/>\n<strong>BELLUNO<\/strong> Anche Gsp risponde a Fabio Rufus Bristot che critica i ritardi anche solo per ottenere una risposta. Giustificazioni e scuse del Presidente.<br \/>\n<strong>LIVINALLONGO<\/strong> Il sogno del popolo ladino, unito in una sola Regione. Giovedi dell&#8217;Euregio a Bolzano. Denni Dorigo &#8220;Una questione nata da un decreto fascista che lo Stato non ha mai risolto&#8221;.<br \/>\n<strong>SELVA DI CADORE E CENCENIGHE<\/strong> Fine settimana di divertimento al Nof Filo&#8217; con Sant&#8217;Antonio e il ballo, domani a Selva di Cadore la prima tappa (delle cinque) dei Carnevai de le vai.<br \/>\n<strong>FALCADE<\/strong> Martedi alla casa della gioventu&#8217; parlano gli esperti, Non un incontro pro o contro lupo con il solito animalista con paraocchi, ma per informare la popolazione non abituata alla sua presenza. Tutta la popolazione \u00e8 invitata.<br \/>\n<strong>AGORDO<\/strong> Da lunedi parcheggi intelligenti in Luxottica, sul sito da RADIOPIU da due giorni tra gli articoli piu&#8217; cliccati. Attraverso tre monitor visibili all\u2019ingresso in tempo reale il numero dei posti disponibili.<br \/>\n<strong>SEDICO<\/strong> Le arance della salute, sabato e domenica prossima la raccolta fondi per L&#8217;Airc con i ragazzi della seconda media di Sedico, <span style=\"color: #ff0000;\">RADIOPIU<\/span> appoggia l&#8217;iniziativa, da oggi la campagna promozionale radiofonica.<br \/>\n<strong>BELLUNO<\/strong> \u00c8 in programma il 14\u00b0 Congresso dello Spi Cgil Veneto, che si terr\u00e0\u00a0luned\u00ec 23 dalle 9:30 e marted\u00ec 24 gennaio dalle 9:00 a Quinto di Treviso.<br \/>\n<span style=\"color: #0000ff;\">SCI ALPINO<\/span> UNA SUPER SOFIA GOGGIA VINCE LA DISCESA LIBERA A CORTINA<br \/>\n<span style=\"color: #0000ff;\">CALCIO<\/span> AGORDINA IN CAMPO DOMANI POMERIGGIO. SI GIOCANO I CAMPIONATI REGIONALI LND<br \/>\n<span style=\"color: #0000ff;\">PALLAVOLO<\/span> DOMANI ARRIVA MIRANDOLA ALLA SPES ARENA<\/p>\n<p>&nbsp;<\/p>\n<p><iframe loading=\"lazy\" title=\"RASSEGNA STAMPA LOCALE\" width=\"1200\" height=\"675\" src=\"https:\/\/www.youtube.com\/embed\/32LzAjrECkY?feature=oembed\" frameborder=\"0\" allow=\"accelerometer; autoplay; clipboard-write; encrypted-media; gyroscope; picture-in-picture; web-share\" allowfullscreen><\/iframe><\/p>\n<p>&nbsp;<\/p>\n<p>&nbsp;<\/p>\n<p>&nbsp;<\/p>\n<p>&nbsp;<\/p>\n<hr \/>\n<p>&nbsp;<\/p>\n","protected":false},"excerpt":{"rendered":"<p>CORTINA Nel processo di primo grado assoluzione per Sandro d&#8217;Agostini gi\u00e0 dirigente di Veneto Strade per la morte della dottoressa Carla Catturani, vittima della frana di Alver\u00e0 durante la notte dei maltempo del 4 agosto 2017 CORTINA I legali dell&#8217;Hotel Miramonti pronti per la contro offensiva, lunedi porteranno la documentazione in Prefettura, verificate le componenti&hellip;<\/p>\n","protected":false},"author":4,"featured_media":317874,"comment_status":"closed","ping_status":"closed","sticky":false,"template":"","format":"standard","meta":{"_monsterinsights_skip_tracking":false,"_monsterinsights_sitenote_active":false,"_monsterinsights_sitenote_note":"","_monsterinsights_sitenote_category":0,"footnotes":""},"categories":[104,49,142],"tags":[],"class_list":["post-317904","post","type-post","status-publish","format-standard","has-post-thumbnail","hentry","category-evidenza_3","category-news-18","category-rassegna-stampa","category-104","category-49","category-142","description-off"],"img_url":"https:\/\/www.radiopiu.net\/wordpress\/wp-content\/uploads\/2023\/01\/Senza-nome-54.jpg","_links":{"self":[{"href":"https:\/\/www.radiopiu.net\/wordpress\/wp-json\/wp\/v2\/posts\/317904","targetHints":{"allow":["GET"]}}],"collection":[{"href":"https:\/\/www.radiopiu.net\/wordpress\/wp-json\/wp\/v2\/posts"}],"about":[{"href":"https:\/\/www.radiopiu.net\/wordpress\/wp-json\/wp\/v2\/types\/post"}],"author":[{"embeddable":true,"href":"https:\/\/www.radiopiu.net\/wordpress\/wp-json\/wp\/v2\/users\/4"}],"replies":[{"embeddable":true,"href":"https:\/\/www.radiopiu.net\/wordpress\/wp-json\/wp\/v2\/comments?post=317904"}],"version-history":[{"count":0,"href":"https:\/\/www.radiopiu.net\/wordpress\/wp-json\/wp\/v2\/posts\/317904\/revisions"}],"wp:featuredmedia":[{"embeddable":true,"href":"https:\/\/www.radiopiu.net\/wordpress\/wp-json\/wp\/v2\/media\/317874"}],"wp:attachment":[{"href":"https:\/\/www.radiopiu.net\/wordpress\/wp-json\/wp\/v2\/media?parent=317904"}],"wp:term":[{"taxonomy":"category","embeddable":true,"href":"https:\/\/www.radiopiu.net\/wordpress\/wp-json\/wp\/v2\/categories?post=317904"},{"taxonomy":"post_tag","embeddable":true,"href":"https:\/\/www.radiopiu.net\/wordpress\/wp-json\/wp\/v2\/tags?post=317904"}],"curies":[{"name":"wp","href":"https:\/\/api.w.org\/{rel}","templated":true}]}}