{"id":317917,"date":"2023-01-23T06:20:38","date_gmt":"2023-01-23T05:20:38","guid":{"rendered":"https:\/\/www.radiopiu.net\/wordpress\/?p=317917"},"modified":"2023-01-23T09:32:07","modified_gmt":"2023-01-23T08:32:07","slug":"giornale-radiopiu-23-gennaio-2023-direttore-mirko-mezzacasa-verso-i-40-anni-25-giugno-1983-25-giugno-2023","status":"publish","type":"post","link":"https:\/\/www.radiopiu.net\/wordpress\/giornale-radiopiu-23-gennaio-2023-direttore-mirko-mezzacasa-verso-i-40-anni-25-giugno-1983-25-giugno-2023\/","title":{"rendered":"GIORNALE RADIOPIU 23 GENNAIO 2023 DIRETTORE MIRKO MEZZACASA&#8230;verso i 40 anni 25 giugno 1983-25 giugno 2023"},"content":{"rendered":"<h3 class=\"kvgmc6g5 cxmmr5t8 oygrvhab hcukyx3x c1et5uql\"><span style=\"color: #0000ff;\"><strong>RADIO PIU INFORMAZIONE il canale su TELEGRAM informazione di prima\u00a0 <\/strong><strong>mano e in tempo reale. iscriviti ed aiutaci a farlo conoscere\u00a0<\/strong><\/span><\/h3>\n<h2 style=\"text-align: left;\"><span style=\"color: #ff0000;\">ISCRIVITI AL NOSTRO CANALE YOUTUBE PER SEGUIRE IN DIRETTA I PRINCIPALI PROGRAMMI DI RADIO PIU&#8217; E LE FUTURE DIRETTE IN ESTERNA. PER ISCRIVERTI <a style=\"color: #ff0000;\" href=\"https:\/\/youtube.com\/@radiopiu1527\">CLICCA QUI<\/a> E PREMI IL TASTO &#8220;Iscriviti&#8221;\u00a0<\/span><\/h2>\n<hr \/>\n<p>&nbsp;<\/p>\n<div class=\"page-title-head hgroup\">\n<blockquote>\n<h3 class=\"entry-title\">PRUDENZA IN PROSSIMITA\u2019 DI PONTE NELLE ALPI<\/h3>\n<\/blockquote>\n<\/div>\n<div class=\"page-title-breadcrumbs\">\n<p>ultim&#8217;ora, 7.20 TELEGRAM VIABILITA&#8217; PROVINCIA DI BELLUNO<\/p>\n<p>INVESTIMENTO DI PEDONE A PONTE NELLE ALPI, VIALE DOLOMITI<\/p>\n<p>TRAFFICO RALLENTATO<\/p>\n<audio class=\"wp-audio-shortcode\" id=\"audio-317917-1\" preload=\"none\" style=\"width: 100%;\" controls=\"controls\"><source type=\"audio\/mpeg\" src=\"https:\/\/www.radiopiu.net\/wordpress\/wp-content\/uploads\/2023\/01\/VIABILITA.mp3?_=1\" \/><a href=\"https:\/\/www.radiopiu.net\/wordpress\/wp-content\/uploads\/2023\/01\/VIABILITA.mp3\">https:\/\/www.radiopiu.net\/wordpress\/wp-content\/uploads\/2023\/01\/VIABILITA.mp3<\/a><\/audio>\n<p>&nbsp;<\/p>\n<p><a class=\"dt-pswp-item\" href=\"https:\/\/www.radiopiu.net\/wordpress\/wp-content\/uploads\/2023\/01\/986d042f-dc21-4b3d-9fd0-d87ddd9b369a.jpg\" data-dt-img-description=\"\" data-large_image_width=\"450\" data-large_image_height=\"800\"><img loading=\"lazy\" decoding=\"async\" class=\"alignnone size-medium wp-image-318193\" src=\"https:\/\/www.radiopiu.net\/wordpress\/wp-content\/uploads\/2023\/01\/986d042f-dc21-4b3d-9fd0-d87ddd9b369a-169x300.jpg\" alt=\"\" width=\"169\" height=\"300\" srcset=\"https:\/\/www.radiopiu.net\/wordpress\/wp-content\/uploads\/2023\/01\/986d042f-dc21-4b3d-9fd0-d87ddd9b369a-169x300.jpg 169w, https:\/\/www.radiopiu.net\/wordpress\/wp-content\/uploads\/2023\/01\/986d042f-dc21-4b3d-9fd0-d87ddd9b369a.jpg 450w\" sizes=\"auto, (max-width: 169px) 100vw, 169px\" \/><\/a><\/p>\n<p>&nbsp;<\/p>\n<\/div>\n<p>&nbsp;<\/p>\n<p>&nbsp;<\/p>\n<hr \/>\n<p>&nbsp;<\/p>\n<blockquote>\n<h3 class=\"entry-title\">STATO DI ATTENZIONE IN VENETO PER NEVICATE E VALANGHE A PARTIRE DA OGGI<\/h3>\n<\/blockquote>\n<p><strong class=\"photoswipe-wrapper\"><a class=\"dt-pswp-item pspw-wrap-ready\" href=\"https:\/\/www.radiopiu.net\/wordpress\/wp-content\/uploads\/2021\/12\/NEVE-STRADA.jpg\" data-dt-img-description=\"\" data-large_image_width=\"1920\" data-large_image_height=\"1280\"><img loading=\"lazy\" decoding=\"async\" class=\" wp-image-247467 alignleft\" src=\"https:\/\/www.radiopiu.net\/wordpress\/wp-content\/uploads\/2021\/12\/NEVE-STRADA-300x200.jpg\" sizes=\"auto, (max-width: 189px) 100vw, 189px\" srcset=\"https:\/\/www.radiopiu.net\/wordpress\/wp-content\/uploads\/2021\/12\/NEVE-STRADA-300x200.jpg 300w, https:\/\/www.radiopiu.net\/wordpress\/wp-content\/uploads\/2021\/12\/NEVE-STRADA-1024x683.jpg 1024w, https:\/\/www.radiopiu.net\/wordpress\/wp-content\/uploads\/2021\/12\/NEVE-STRADA-768x512.jpg 768w, https:\/\/www.radiopiu.net\/wordpress\/wp-content\/uploads\/2021\/12\/NEVE-STRADA-1536x1024.jpg 1536w, https:\/\/www.radiopiu.net\/wordpress\/wp-content\/uploads\/2021\/12\/NEVE-STRADA.jpg 1920w\" alt=\"\" width=\"189\" height=\"126\" \/><\/a>VENEZIA\u00a0<\/strong>Il Centro Funzionale Decentrato della Protezione Civile della Regione del Veneto ha emesso oggi un avviso in cui dichiara uno stato di attenzione per oggi e domani per nevicate. Sono previste precipitazioni nevose fino a quote collinari, con probabili accumuli anche consistenti sulle Prealpi e di qualche centimetro in alcuni fondovalle prealpini e sui colli. In pianura le precipitazioni potranno assumere carattere di neve mista a pioggia o a tratti neve, specie nelle prime ore e sulle zone pi\u00f9 interne. Rinforzo dei venti da nordest in quota, sulla costa meridionale e sulla pianura limitrofa. Nel corso della giornata di oggi, nelle situazioni pi\u00f9 esposte non si esclude che singole valanghe (criticit\u00e0 gialla) possano interessare le vie di comunicazione in quota e le piste da sci.<\/p>\n<p>&nbsp;<\/p>\n<p>&nbsp;<\/p>\n<hr \/>\n<p>&nbsp;<\/p>\n<blockquote>\n<h3>TROVATA MORTA UNA RAGAZZA DI 19 ANNI IN CENTRO A BELLUNO<\/h3>\n<\/blockquote>\n<p><strong><a class=\"dt-pswp-item\" href=\"https:\/\/www.radiopiu.net\/wordpress\/wp-content\/uploads\/2023\/01\/Schermata-2023-01-22-alle-11.42.50.png\" data-dt-img-description=\"\" data-large_image_width=\"1414\" data-large_image_height=\"794\"><img loading=\"lazy\" decoding=\"async\" class=\" wp-image-318023 alignleft\" src=\"https:\/\/www.radiopiu.net\/wordpress\/wp-content\/uploads\/2023\/01\/Schermata-2023-01-22-alle-11.42.50-300x168.png\" alt=\"\" width=\"193\" height=\"108\" srcset=\"https:\/\/www.radiopiu.net\/wordpress\/wp-content\/uploads\/2023\/01\/Schermata-2023-01-22-alle-11.42.50-300x168.png 300w, https:\/\/www.radiopiu.net\/wordpress\/wp-content\/uploads\/2023\/01\/Schermata-2023-01-22-alle-11.42.50-1024x575.png 1024w, https:\/\/www.radiopiu.net\/wordpress\/wp-content\/uploads\/2023\/01\/Schermata-2023-01-22-alle-11.42.50-768x431.png 768w, https:\/\/www.radiopiu.net\/wordpress\/wp-content\/uploads\/2023\/01\/Schermata-2023-01-22-alle-11.42.50.png 1414w\" sizes=\"auto, (max-width: 193px) 100vw, 193px\" \/><\/a>BELLUNO<\/strong> Il corpo senza vita di una ragazza di 19 anni originaria del Comelico, studentessa all&#8217;Istituto Catullo, \u00e8 stato ritrovato ieri mattina alle 8 in pieno centro a Belluno, in Via del Cansiglio vicino al ristorante Al Moretto, a pochi metri da Piazza delle Erbe. La vittima abitava al terzo piano del palazzo che si affaccia sulla via, potrebbe trattarsi di una caduta volontaria. Sul posto la Squadra Volante della Polizia che ha rinvenuto un cellulare e una cuffietta per ascoltare musica. Per i rilievi di legge \u00e8 intervenuta anche la Polizia Scentifica. Verso mezzogiorno state rimosse le transenne sul luogo del ritrovamento in seguito al termine delle prime operazioni.\u00a0 La giovane G.P. frequentava l&#8217;ultimo anno all&#8217;istituto Catullo di Belluno. La notizia della sua scomparsa ha lasciato sgomenti preside e insegnanti: \u00abEra una brava ragazza, ben inserita nella classe e studiosa. I docenti hanno interpellato lo psicologo della scuola per capire come spiegare la tragica vicenda ai compagni di classe\u00bb<\/p>\n<p><strong>RAFFAELE ADDAMIANO, ASSESSORE DEL COMUNE DI BELLUNO<\/strong><\/p>\n<audio class=\"wp-audio-shortcode\" id=\"audio-317917-2\" preload=\"none\" style=\"width: 100%;\" controls=\"controls\"><source type=\"audio\/mpeg\" src=\"https:\/\/www.radiopiu.net\/wordpress\/wp-content\/uploads\/2023\/01\/addamiano-ragazza-morta.mp3?_=2\" \/><a href=\"https:\/\/www.radiopiu.net\/wordpress\/wp-content\/uploads\/2023\/01\/addamiano-ragazza-morta.mp3\">https:\/\/www.radiopiu.net\/wordpress\/wp-content\/uploads\/2023\/01\/addamiano-ragazza-morta.mp3<\/a><\/audio>\n<p>&nbsp;<\/p>\n<hr \/>\n<p>&nbsp;<\/p>\n<blockquote>\n<h3>A SOLI 48 ANNI E&#8217; MORTO GIANPAOLO, AVEVA SPOSATO UN&#8217;AGORDINA<\/h3>\n<\/blockquote>\n<p><strong><a class=\"dt-pswp-item\" href=\"https:\/\/www.radiopiu.net\/wordpress\/wp-content\/uploads\/2019\/02\/lutto-fiore.jpg\" data-dt-img-description=\"\" data-large_image_width=\"1920\" data-large_image_height=\"1280\"><img loading=\"lazy\" decoding=\"async\" class=\" wp-image-75491 alignleft\" src=\"https:\/\/www.radiopiu.net\/wordpress\/wp-content\/uploads\/2019\/02\/lutto-fiore-300x200.jpg\" alt=\"\" width=\"152\" height=\"101\" srcset=\"https:\/\/www.radiopiu.net\/wordpress\/wp-content\/uploads\/2019\/02\/lutto-fiore-300x200.jpg 300w, https:\/\/www.radiopiu.net\/wordpress\/wp-content\/uploads\/2019\/02\/lutto-fiore-768x512.jpg 768w, https:\/\/www.radiopiu.net\/wordpress\/wp-content\/uploads\/2019\/02\/lutto-fiore-1024x683.jpg 1024w, https:\/\/www.radiopiu.net\/wordpress\/wp-content\/uploads\/2019\/02\/lutto-fiore.jpg 1920w\" sizes=\"auto, (max-width: 152px) 100vw, 152px\" \/><\/a>REDAZIONE<\/strong> Dopo una lunga malattia se n&#8217;\u00e8 andato Gianpaolo Ardizzon, originario di Pieve Di Soligo in provincia di Treviso ma sposato con un&#8217;agordina. Gianpaolo aveva 48 anni, abitava in provincia di Venezia, e da un anno stava lottando per un tumoreo. Sposato con Erica Pollazzon lascia due bambini. I funerali sono stati celebrati luned\u00ec scorso. Era appassionato di montagna e di motori e con la moglie condivideva la passione per le due ruote. Amava le passeggiate in alta quota con tutta la famiglia.<\/p>\n<p>&nbsp;<\/p>\n<p>&nbsp;<\/p>\n<hr \/>\n<p>&nbsp;<\/p>\n<blockquote>\n<h3>FURTO AL BAR LA TORREFAZIONE DI FELTRE<\/h3>\n<\/blockquote>\n<p><strong><a class=\"dt-pswp-item\" href=\"https:\/\/www.radiopiu.net\/wordpress\/wp-content\/uploads\/2023\/01\/Schermata-2023-01-21-alle-16.38.53.png\" data-dt-img-description=\"\" data-large_image_width=\"1436\" data-large_image_height=\"856\"><img loading=\"lazy\" decoding=\"async\" class=\" wp-image-317954 alignleft\" src=\"https:\/\/www.radiopiu.net\/wordpress\/wp-content\/uploads\/2023\/01\/Schermata-2023-01-21-alle-16.38.53-300x179.png\" alt=\"\" width=\"203\" height=\"121\" srcset=\"https:\/\/www.radiopiu.net\/wordpress\/wp-content\/uploads\/2023\/01\/Schermata-2023-01-21-alle-16.38.53-300x179.png 300w, https:\/\/www.radiopiu.net\/wordpress\/wp-content\/uploads\/2023\/01\/Schermata-2023-01-21-alle-16.38.53-1024x610.png 1024w, https:\/\/www.radiopiu.net\/wordpress\/wp-content\/uploads\/2023\/01\/Schermata-2023-01-21-alle-16.38.53-768x458.png 768w, https:\/\/www.radiopiu.net\/wordpress\/wp-content\/uploads\/2023\/01\/Schermata-2023-01-21-alle-16.38.53.png 1436w\" sizes=\"auto, (max-width: 203px) 100vw, 203px\" \/><\/a>FELTRE<\/strong><\/p>\n<p>di Moreno Gioli<\/p>\n<p>(FOTO: Google Maps)<\/p>\n<audio class=\"wp-audio-shortcode\" id=\"audio-317917-3\" preload=\"none\" style=\"width: 100%;\" controls=\"controls\"><source type=\"audio\/mpeg\" src=\"https:\/\/www.radiopiu.net\/wordpress\/wp-content\/uploads\/2023\/01\/GIOLI-FURTO-BAR-FELTRE.mp3?_=3\" \/><a href=\"https:\/\/www.radiopiu.net\/wordpress\/wp-content\/uploads\/2023\/01\/GIOLI-FURTO-BAR-FELTRE.mp3\">https:\/\/www.radiopiu.net\/wordpress\/wp-content\/uploads\/2023\/01\/GIOLI-FURTO-BAR-FELTRE.mp3<\/a><\/audio>\n<p>&nbsp;<\/p>\n<hr \/>\n<p>&nbsp;<\/p>\n<blockquote>\n<h3>LUXOTTICA: DETTO&#8230; FATTO. COME PREANNUNCIATO DA QUESTA MATTINA PARCHEGGI INTELLIGENTI<\/h3>\n<\/blockquote>\n<p><strong><img loading=\"lazy\" decoding=\"async\" class=\"aligncenter\" src=\"https:\/\/www.radiopiu.net\/wordpress\/wp-content\/uploads\/2023\/01\/018d91e9-513b-4652-bdc1-c4979a29c6a5.jpg\" width=\"236\" height=\"177\" \/>AGORDO<\/strong> Ci siamo, da questa mattina\u00a0 i parcheggi adiacenti lo stabilimento (A, B e C in figura) saranno dotati di un sistema intelligente di conteggio dei posti auto visibili sui\u00a0 tre monitor\u00a0 all\u2019ingresso di ciascun parcheggio. Il parcheggio A \u00e8\u00a0 dotato di sbarra che rimarr\u00e0 chiusa in caso di raggiungimento della capienza massima dei posti mentre, in caso di posti auto ancora disponibili, baster\u00e0 avvicinarsi all\u2019ingresso e la sbarra si alzer\u00e0 permettendo il transito.<\/p>\n<p><a class=\"dt-pswp-item\" href=\"https:\/\/www.radiopiu.net\/wordpress\/wp-content\/uploads\/2023\/01\/image003.png\" data-dt-img-description=\"\" data-large_image_width=\"716\" data-large_image_height=\"378\"><img loading=\"lazy\" decoding=\"async\" class=\"wp-image-317628 aligncenter\" src=\"https:\/\/www.radiopiu.net\/wordpress\/wp-content\/uploads\/2023\/01\/image003.png\" alt=\"\" width=\"379\" height=\"200\" srcset=\"https:\/\/www.radiopiu.net\/wordpress\/wp-content\/uploads\/2023\/01\/image003.png 716w, https:\/\/www.radiopiu.net\/wordpress\/wp-content\/uploads\/2023\/01\/image003-300x158.png 300w\" sizes=\"auto, (max-width: 379px) 100vw, 379px\" \/><\/a><\/p>\n<p>&nbsp;<\/p>\n<p>&nbsp;<\/p>\n<hr \/>\n<p>&nbsp;<\/p>\n<blockquote>\n<h3 class=\"entry-title\">PER UN PUGNO DI VOTI DE BERNARDIN ALLA GUIDA DELLA LEGA NORD<\/h3>\n<\/blockquote>\n<p><strong>BELLUNO <\/strong>Eletti il segretario provinciale e l\u2019organo direttivo della Lega per Salvini Premier. A guidare il partito per i prossimi tre anni sar\u00e0 Andrea De Bernardin e non Luciano Da Pian escluso per soli 5 voti (57 a 52). Ad affiancarlo, un direttivo di 10 persone cos\u00ec composto:\u00a0 Lara Frescura, Marzio Sovilla, Marianna Hofer, Cesare Rizzi, Tatiana Conte, Giuliana Minello, Tiziana Penco, Luca Strapazzon, Beatrice Saviane, Paolo Luciani. Il congresso ha votato anche i delegati al congresso nazionale, che saranno: Oreste Cugnach, Lara Frescura, Beatrice Saviane, Tiziana Penco, Roberto Ferro, Paolo Luciani, Franco Gidoni, Alberto Vettoretto, Herrison Prest, Luca Strapazzon, Bortoluzzi, Giuliana Minello e Stefano Scardanzan.<\/p>\n<p>&nbsp;<\/p>\n<p>&nbsp;<\/p>\n<hr \/>\n<p>&nbsp;<\/p>\n<blockquote>\n<h3>OSPITI UCRAINI ALLA CASERMA PIAVE DI BELLUNO. LE MAMME DELL&#8217;ISTITUTO COMPRENSIVO DI BELLUNO SCRIVONO UNA LETTERA<\/h3>\n<\/blockquote>\n<p><strong><a class=\"dt-pswp-item\" href=\"https:\/\/www.radiopiu.net\/wordpress\/wp-content\/uploads\/2023\/01\/EX-CASERMA-PIAVE.png\" data-dt-img-description=\"\" data-large_image_width=\"2412\" data-large_image_height=\"1308\"><img loading=\"lazy\" decoding=\"async\" class=\" wp-image-317932 alignleft\" src=\"https:\/\/www.radiopiu.net\/wordpress\/wp-content\/uploads\/2023\/01\/EX-CASERMA-PIAVE-300x163.png\" alt=\"\" width=\"195\" height=\"106\" srcset=\"https:\/\/www.radiopiu.net\/wordpress\/wp-content\/uploads\/2023\/01\/EX-CASERMA-PIAVE-300x163.png 300w, https:\/\/www.radiopiu.net\/wordpress\/wp-content\/uploads\/2023\/01\/EX-CASERMA-PIAVE-1024x555.png 1024w, https:\/\/www.radiopiu.net\/wordpress\/wp-content\/uploads\/2023\/01\/EX-CASERMA-PIAVE-768x416.png 768w, https:\/\/www.radiopiu.net\/wordpress\/wp-content\/uploads\/2023\/01\/EX-CASERMA-PIAVE-1536x833.png 1536w, https:\/\/www.radiopiu.net\/wordpress\/wp-content\/uploads\/2023\/01\/EX-CASERMA-PIAVE-2048x1111.png 2048w\" sizes=\"auto, (max-width: 195px) 100vw, 195px\" \/><\/a>BELLUNO<\/strong> Le mamme dell&#8217;istituto comprensivo 1 di Belluno hanno scritto al Prefetto di Belluno Mariano Savastano, al Sindaco di Belluno Oscar De Pellegrin, Il presidente della Provincia Roberto Padrin, al Governatore del Veneto Luca Zaia e al Vescovo di Belluno e Feltre Monsignor Renato Marangoni, oltre che all&#8217;ufficio scolastico, Protezione Civile, Scuole in rete e Unicef. Con un lettera aperta hanno voluto raccontare la storia di una bambina ucraina arrivata in citt\u00e0 lo scorso anno quando \u00e8 iniziata la guerra in Ucraina. Una lettera in cui si fa riferimento allo &#8220;sfratto&#8221; dalla caserma Piave per gli ospiti che hanno dovuto abbandonare il loro paese dopo il conflitto iniziato il febbraio del 2022. Le mamme raccontano che la bambina in classe si \u00e8 messa a piangere ed ha raccontato che presto deve lasciare la scuola. Dovr\u00e0 lasciare l&#8217;alloggio in cui oggi vive perch\u00e9 presto inizieranno dei lavori, far\u00e0 freddo e sar\u00e0 trasferita in provincia di Vicenza assieme alla famiglia. Ma lei vuole rimanere con le sue compagne di classe. &#8220;<em>Stavolta facciamo davvero fatica a spiegare alle nostre figlie, ai nostri figli perche\u0301 tra una settimana la bambina e il suo fratellino dovranno andarsene. Non resistiamo al loro sguardo deluso per quello che rappresenterebbe un assurdo fallimento dei grandi &#8211; scrivono le mamme nella lettera &#8211; Ci uniamo all\u2019appello delle \u201cnostre\u201d insegnanti perche\u0301 si trovi una soluzione con urgenza che possa permettere ai due bambini di continuare a frequentare le nostre scuole e ai nostri figli ad essere i cittadini di domani, quelli che davvero ripudiano la guerra e che garantiranno a tutti, ma davvero a tutti, il diritto all\u2019istruzione<\/em>&#8220;. Il fabbricato che da marzo 2022 funge da centro di accoglienza per chi scappa dalla guerra in Ucraina, infatti, sar\u00e0 oggetto di interventi edilizi finanziati tramite il Pnrr per un valore di circa 4 milioni di euro. Parte dell\u2019edificio dovr\u00e0 essere demolito, per cui si \u00e8 reso necessario il trasferimento dei profughi presenti. Attualmente sono 64 gli ucraini ospitati.<\/p>\n<p>&nbsp;<\/p>\n<p>&nbsp;<\/p>\n<hr \/>\n<p>&nbsp;<\/p>\n<blockquote>\n<h3>IL PD CHIEDE UN CONTRIBUTO REGIONALE PER SCONGIURARE LA CHIUSURA DELL&#8217;ASSOCIAZIONE STELLA ALPINA DI LAMON<\/h3>\n<\/blockquote>\n<p><strong><a class=\"dt-pswp-item\" href=\"https:\/\/www.radiopiu.net\/wordpress\/wp-content\/uploads\/2018\/11\/PD.png\" data-dt-img-description=\"\" data-large_image_width=\"226\" data-large_image_height=\"182\"><img loading=\"lazy\" decoding=\"async\" class=\" wp-image-67744 alignleft\" src=\"https:\/\/www.radiopiu.net\/wordpress\/wp-content\/uploads\/2018\/11\/PD.png\" alt=\"\" width=\"115\" height=\"93\" \/><\/a>VENEZIA<\/strong> \u201cPorter\u00f2 all&#8217;attenzione della Giunta regionale il caso dell\u2019Associazione di volontariato Stella Alpina di Lamon: il suo scioglimento definitivo, per oggettivi problemi legati all\u2019obsolescenza dell\u2019ambulanza utilizzata e per una generale carenza di risorse che impedisce una formazione continua dei suoi operatori, non pu\u00f2 trovare la Regione spettatrice passiva\u201d. La presa di posizione viene dal consigliere regionale del PD Veneto, Andrea Zanoni. \u201cChieder\u00f2 uno stanziamento straordinario per comprare innanzitutto una nuova ambulanza e garantire una struttura adeguata, perch\u00e9 in una realt\u00e0 molto difficile come montana e pedemontana i servizi di assistenza sanitaria forniti dal mondo del volontariato assumono un\u2019importanza cruciale, spesso sostitutivo di quello che le istituzioni dovrebbero garantire. Il crescente invecchiamento della popolazione rende queste attivit\u00e0 ancora pi\u00f9 irrinunciabili&#8221;.<\/p>\n<p>&nbsp;<\/p>\n<p>&nbsp;<\/p>\n<hr \/>\n<p>&nbsp;<\/p>\n<blockquote>\n<h3>DANNI AD UN&#8217;AUTO PARCHEGGIATA A VOLTAGO<\/h3>\n<\/blockquote>\n<p><strong>VOLTAGO<\/strong> Danni pesanti ad una vettura parcheggiata in Via Trento Trieste. La sorpresa ieri mattina quando i proprietari dell&#8217;auto si sono trovati la portiera lato guidatore ammaccata. A denunciare il fatto sulla pagina Facebook &#8220;Sei di Voltago se&#8221; \u00e8 stata Karin Schena che ha postato le foto del danno. &#8220;La macchina era correttamente parcheggiata, lato strada comunale, dove \u00e8 consuetudine dei residenti parcheggiare &#8211; scrive sul social &#8211; non \u00e8 stato lasciato nemmeno un contatto o un biglietto per rispondere del danno creato&#8221;. Si cercano i responsabili del danno.<\/p>\n\n\t\t\t<style type='text\/css'>\n\t\t\t\t#gallery-1 {\n\t\t\t\t\tmargin: auto;\n\t\t\t\t}\n\t\t\t\t#gallery-1 .gallery-item {\n\t\t\t\t\tfloat: left;\n\t\t\t\t\tmargin-top: 10px;\n\t\t\t\t\ttext-align: center;\n\t\t\t\t\twidth: 50%;\n\t\t\t\t}\n\t\t\t\t#gallery-1 img {\n\t\t\t\t\tborder: 2px solid #cfcfcf;\n\t\t\t\t}\n\t\t\t\t#gallery-1 .gallery-caption {\n\t\t\t\t\tmargin-left: 0;\n\t\t\t\t}\n\t\t\t\t\/* see gallery_shortcode() in wp-includes\/media.php *\/\n\t\t\t<\/style>\n\t\t<div id='gallery-1' class='dt-gallery-container gallery galleryid-317917 gallery-columns-2 gallery-size-medium'><dl class='gallery-item'>\n\t\t\t\t<dt class='gallery-icon landscape'>\n\t\t\t\t\t<a class=\"rollover rollover-zoom dt-pswp-item\" title=\"326974645_557427746303554_861383039712313126_n\" data-dt-img-description=\"\" data-large_image_width=\"1280\" data-large_image_height=\"720\"href='https:\/\/www.radiopiu.net\/wordpress\/wp-content\/uploads\/2023\/01\/326974645_557427746303554_861383039712313126_n.jpg'><img loading=\"lazy\" decoding=\"async\" width=\"300\" height=\"169\" src=\"https:\/\/www.radiopiu.net\/wordpress\/wp-content\/uploads\/2023\/01\/326974645_557427746303554_861383039712313126_n-300x169.jpg\" class=\"attachment-medium size-medium\" alt=\"\" srcset=\"https:\/\/www.radiopiu.net\/wordpress\/wp-content\/uploads\/2023\/01\/326974645_557427746303554_861383039712313126_n-300x169.jpg 300w, https:\/\/www.radiopiu.net\/wordpress\/wp-content\/uploads\/2023\/01\/326974645_557427746303554_861383039712313126_n-1024x576.jpg 1024w, https:\/\/www.radiopiu.net\/wordpress\/wp-content\/uploads\/2023\/01\/326974645_557427746303554_861383039712313126_n-768x432.jpg 768w, https:\/\/www.radiopiu.net\/wordpress\/wp-content\/uploads\/2023\/01\/326974645_557427746303554_861383039712313126_n.jpg 1280w\" sizes=\"auto, (max-width: 300px) 100vw, 300px\" \/><\/a>\n\t\t\t\t<\/dt><\/dl><dl class='gallery-item'>\n\t\t\t\t<dt class='gallery-icon landscape'>\n\t\t\t\t\t<a class=\"rollover rollover-zoom dt-pswp-item\" title=\"326943703_731402635266412_5232438088959026056_n\" data-dt-img-description=\"\" data-large_image_width=\"2048\" data-large_image_height=\"1152\"href='https:\/\/www.radiopiu.net\/wordpress\/wp-content\/uploads\/2023\/01\/326943703_731402635266412_5232438088959026056_n.jpg'><img loading=\"lazy\" decoding=\"async\" width=\"300\" height=\"169\" src=\"https:\/\/www.radiopiu.net\/wordpress\/wp-content\/uploads\/2023\/01\/326943703_731402635266412_5232438088959026056_n-300x169.jpg\" class=\"attachment-medium size-medium\" alt=\"\" srcset=\"https:\/\/www.radiopiu.net\/wordpress\/wp-content\/uploads\/2023\/01\/326943703_731402635266412_5232438088959026056_n-300x169.jpg 300w, https:\/\/www.radiopiu.net\/wordpress\/wp-content\/uploads\/2023\/01\/326943703_731402635266412_5232438088959026056_n-1024x576.jpg 1024w, https:\/\/www.radiopiu.net\/wordpress\/wp-content\/uploads\/2023\/01\/326943703_731402635266412_5232438088959026056_n-768x432.jpg 768w, https:\/\/www.radiopiu.net\/wordpress\/wp-content\/uploads\/2023\/01\/326943703_731402635266412_5232438088959026056_n-1536x864.jpg 1536w, https:\/\/www.radiopiu.net\/wordpress\/wp-content\/uploads\/2023\/01\/326943703_731402635266412_5232438088959026056_n.jpg 2048w\" sizes=\"auto, (max-width: 300px) 100vw, 300px\" \/><\/a>\n\t\t\t\t<\/dt><\/dl><br style=\"clear: both\" \/>\n\t\t\t<\/div>\n\n<p>&nbsp;<\/p>\n<p>&nbsp;<\/p>\n<hr \/>\n<p>&nbsp;<\/p>\n<blockquote>\n<h3>UN&#8217;AULA STUDIO AL CENTRO PARROCHIALE MONSIGNOR VINCENZO SAVIO DI AGORDO<\/h3>\n<\/blockquote>\n<p><strong><a class=\"dt-pswp-item\" href=\"https:\/\/www.radiopiu.net\/wordpress\/wp-content\/uploads\/2023\/01\/Schermata-2023-01-21-alle-10.26.29.png\" data-dt-img-description=\"\" data-large_image_width=\"1012\" data-large_image_height=\"548\"><img loading=\"lazy\" decoding=\"async\" class=\" wp-image-317920 alignleft\" src=\"https:\/\/www.radiopiu.net\/wordpress\/wp-content\/uploads\/2023\/01\/Schermata-2023-01-21-alle-10.26.29-300x162.png\" alt=\"\" width=\"183\" height=\"99\" srcset=\"https:\/\/www.radiopiu.net\/wordpress\/wp-content\/uploads\/2023\/01\/Schermata-2023-01-21-alle-10.26.29-300x162.png 300w, https:\/\/www.radiopiu.net\/wordpress\/wp-content\/uploads\/2023\/01\/Schermata-2023-01-21-alle-10.26.29-768x416.png 768w, https:\/\/www.radiopiu.net\/wordpress\/wp-content\/uploads\/2023\/01\/Schermata-2023-01-21-alle-10.26.29.png 1012w\" sizes=\"auto, (max-width: 183px) 100vw, 183px\" \/><\/a>AGORDO<\/strong><\/p>\n<p>di Gianni Santomaso<\/p>\n<audio class=\"wp-audio-shortcode\" id=\"audio-317917-4\" preload=\"none\" style=\"width: 100%;\" controls=\"controls\"><source type=\"audio\/mpeg\" src=\"https:\/\/www.radiopiu.net\/wordpress\/wp-content\/uploads\/2023\/01\/GIANNI-UNAULA-STUDIO-AL-CENTRO-PARROCHIALE-MONSIGNOR-VINCENZO-SAVIO-DI-AGORDO.mp3?_=4\" \/><a href=\"https:\/\/www.radiopiu.net\/wordpress\/wp-content\/uploads\/2023\/01\/GIANNI-UNAULA-STUDIO-AL-CENTRO-PARROCHIALE-MONSIGNOR-VINCENZO-SAVIO-DI-AGORDO.mp3\">https:\/\/www.radiopiu.net\/wordpress\/wp-content\/uploads\/2023\/01\/GIANNI-UNAULA-STUDIO-AL-CENTRO-PARROCHIALE-MONSIGNOR-VINCENZO-SAVIO-DI-AGORDO.mp3<\/a><\/audio>\n<p>&nbsp;<\/p>\n<p>&nbsp;<\/p>\n<h2><strong><span style=\"color: #ff00ff;\">LA RASSEGNA STAMPA DA L&#8217;AMICO DEL POPOLO<\/span><\/strong><\/h2>\n<p><strong>di Gianni Santomaso<\/strong><\/p>\n<p>OSPITE: Gloria Casot<\/p>\n<audio class=\"wp-audio-shortcode\" id=\"audio-317917-5\" preload=\"none\" style=\"width: 100%;\" controls=\"controls\"><source type=\"audio\/mpeg\" src=\"https:\/\/www.radiopiu.net\/wordpress\/wp-content\/uploads\/2023\/01\/rassegna-gianni.mp3?_=5\" \/><a href=\"https:\/\/www.radiopiu.net\/wordpress\/wp-content\/uploads\/2023\/01\/rassegna-gianni.mp3\">https:\/\/www.radiopiu.net\/wordpress\/wp-content\/uploads\/2023\/01\/rassegna-gianni.mp3<\/a><\/audio>\n<p>&nbsp;<\/p>\n<p>&nbsp;<\/p>\n<p>&nbsp;<\/p>\n<hr \/>\n<p>&nbsp;<\/p>\n<blockquote>\n<h3>VIGILI DEL FUOCO VOLONTARI DI CAPRILE SUL PASSO FEDAIA PER UN&#8217;AUTO IN DIFFICOLTA&#8217;<\/h3>\n<\/blockquote>\n<p><strong>PASSO FEDAIA<\/strong> Nella serata di gioved\u00ec i Vigili del Fuoco volontari di Caprile sono stati chiamati al Passo Fedaia per soccorrere un automobilista in difficolt\u00e0. I pompieri sono saliti sul passo dopo che l&#8217;auto era rimasta bloccata a causa del manto nevoso accumulatosi sulla sede stradale.<\/p>\n<p><a class=\"dt-pswp-item\" href=\"https:\/\/www.radiopiu.net\/wordpress\/wp-content\/uploads\/2023\/01\/326566132_890981702325600_4913034394584732070_n.jpg\" data-dt-img-description=\"\" data-large_image_width=\"2000\" data-large_image_height=\"1500\"><img loading=\"lazy\" decoding=\"async\" class=\"alignnone size-medium wp-image-317985\" src=\"https:\/\/www.radiopiu.net\/wordpress\/wp-content\/uploads\/2023\/01\/326566132_890981702325600_4913034394584732070_n-300x225.jpg\" alt=\"\" width=\"300\" height=\"225\" srcset=\"https:\/\/www.radiopiu.net\/wordpress\/wp-content\/uploads\/2023\/01\/326566132_890981702325600_4913034394584732070_n-300x225.jpg 300w, https:\/\/www.radiopiu.net\/wordpress\/wp-content\/uploads\/2023\/01\/326566132_890981702325600_4913034394584732070_n-1024x768.jpg 1024w, https:\/\/www.radiopiu.net\/wordpress\/wp-content\/uploads\/2023\/01\/326566132_890981702325600_4913034394584732070_n-768x576.jpg 768w, https:\/\/www.radiopiu.net\/wordpress\/wp-content\/uploads\/2023\/01\/326566132_890981702325600_4913034394584732070_n-1536x1152.jpg 1536w, https:\/\/www.radiopiu.net\/wordpress\/wp-content\/uploads\/2023\/01\/326566132_890981702325600_4913034394584732070_n.jpg 2000w\" sizes=\"auto, (max-width: 300px) 100vw, 300px\" \/><\/a><\/p>\n<p>&nbsp;<\/p>\n<hr \/>\n<p>&nbsp;<\/p>\n<p><strong>DI TIZIANO DE COL<\/strong><\/p>\n\n\t\t\t<style type='text\/css'>\n\t\t\t\t#gallery-2 {\n\t\t\t\t\tmargin: auto;\n\t\t\t\t}\n\t\t\t\t#gallery-2 .gallery-item {\n\t\t\t\t\tfloat: left;\n\t\t\t\t\tmargin-top: 10px;\n\t\t\t\t\ttext-align: center;\n\t\t\t\t\twidth: 20%;\n\t\t\t\t}\n\t\t\t\t#gallery-2 img {\n\t\t\t\t\tborder: 2px solid #cfcfcf;\n\t\t\t\t}\n\t\t\t\t#gallery-2 .gallery-caption {\n\t\t\t\t\tmargin-left: 0;\n\t\t\t\t}\n\t\t\t\t\/* see gallery_shortcode() in wp-includes\/media.php *\/\n\t\t\t<\/style>\n\t\t<div id='gallery-2' class='dt-gallery-container gallery galleryid-317917 gallery-columns-5 gallery-size-medium'><dl class='gallery-item'>\n\t\t\t\t<dt class='gallery-icon landscape'>\n\t\t\t\t\t<a class=\"rollover rollover-zoom dt-pswp-item\" title=\"ad7bcc96-6c0f-4c65-bcdb-15a5d5e12555\" data-dt-img-description=\"\" data-large_image_width=\"604\" data-large_image_height=\"365\"href='https:\/\/www.radiopiu.net\/wordpress\/wp-content\/uploads\/2023\/01\/ad7bcc96-6c0f-4c65-bcdb-15a5d5e12555.jpg'><img loading=\"lazy\" decoding=\"async\" width=\"300\" height=\"181\" src=\"https:\/\/www.radiopiu.net\/wordpress\/wp-content\/uploads\/2023\/01\/ad7bcc96-6c0f-4c65-bcdb-15a5d5e12555-300x181.jpg\" class=\"attachment-medium size-medium\" alt=\"\" srcset=\"https:\/\/www.radiopiu.net\/wordpress\/wp-content\/uploads\/2023\/01\/ad7bcc96-6c0f-4c65-bcdb-15a5d5e12555-300x181.jpg 300w, https:\/\/www.radiopiu.net\/wordpress\/wp-content\/uploads\/2023\/01\/ad7bcc96-6c0f-4c65-bcdb-15a5d5e12555.jpg 604w\" sizes=\"auto, (max-width: 300px) 100vw, 300px\" \/><\/a>\n\t\t\t\t<\/dt><\/dl><dl class='gallery-item'>\n\t\t\t\t<dt class='gallery-icon landscape'>\n\t\t\t\t\t<a class=\"rollover rollover-zoom dt-pswp-item\" title=\"48be6792-c64f-4105-b029-75dba7250c5b\" data-dt-img-description=\"\" data-large_image_width=\"618\" data-large_image_height=\"355\"href='https:\/\/www.radiopiu.net\/wordpress\/wp-content\/uploads\/2023\/01\/48be6792-c64f-4105-b029-75dba7250c5b.jpg'><img loading=\"lazy\" decoding=\"async\" width=\"300\" height=\"172\" src=\"https:\/\/www.radiopiu.net\/wordpress\/wp-content\/uploads\/2023\/01\/48be6792-c64f-4105-b029-75dba7250c5b-300x172.jpg\" class=\"attachment-medium size-medium\" alt=\"\" srcset=\"https:\/\/www.radiopiu.net\/wordpress\/wp-content\/uploads\/2023\/01\/48be6792-c64f-4105-b029-75dba7250c5b-300x172.jpg 300w, https:\/\/www.radiopiu.net\/wordpress\/wp-content\/uploads\/2023\/01\/48be6792-c64f-4105-b029-75dba7250c5b.jpg 618w\" sizes=\"auto, (max-width: 300px) 100vw, 300px\" \/><\/a>\n\t\t\t\t<\/dt><\/dl><dl class='gallery-item'>\n\t\t\t\t<dt class='gallery-icon landscape'>\n\t\t\t\t\t<a class=\"rollover rollover-zoom dt-pswp-item\" title=\"5c56e52e-2dca-4ba4-a586-932c52074282\" data-dt-img-description=\"\" data-large_image_width=\"614\" data-large_image_height=\"353\"href='https:\/\/www.radiopiu.net\/wordpress\/wp-content\/uploads\/2023\/01\/5c56e52e-2dca-4ba4-a586-932c52074282.jpg'><img loading=\"lazy\" decoding=\"async\" width=\"300\" height=\"172\" src=\"https:\/\/www.radiopiu.net\/wordpress\/wp-content\/uploads\/2023\/01\/5c56e52e-2dca-4ba4-a586-932c52074282-300x172.jpg\" class=\"attachment-medium size-medium\" alt=\"\" srcset=\"https:\/\/www.radiopiu.net\/wordpress\/wp-content\/uploads\/2023\/01\/5c56e52e-2dca-4ba4-a586-932c52074282-300x172.jpg 300w, https:\/\/www.radiopiu.net\/wordpress\/wp-content\/uploads\/2023\/01\/5c56e52e-2dca-4ba4-a586-932c52074282.jpg 614w\" sizes=\"auto, (max-width: 300px) 100vw, 300px\" \/><\/a>\n\t\t\t\t<\/dt><\/dl><dl class='gallery-item'>\n\t\t\t\t<dt class='gallery-icon landscape'>\n\t\t\t\t\t<a class=\"rollover rollover-zoom dt-pswp-item\" title=\"2260d7bb-3af2-4dbd-b82a-cc61ffcfd259\" data-dt-img-description=\"\" data-large_image_width=\"614\" data-large_image_height=\"354\"href='https:\/\/www.radiopiu.net\/wordpress\/wp-content\/uploads\/2023\/01\/2260d7bb-3af2-4dbd-b82a-cc61ffcfd259.jpg'><img loading=\"lazy\" decoding=\"async\" width=\"300\" height=\"173\" src=\"https:\/\/www.radiopiu.net\/wordpress\/wp-content\/uploads\/2023\/01\/2260d7bb-3af2-4dbd-b82a-cc61ffcfd259-300x173.jpg\" class=\"attachment-medium size-medium\" alt=\"\" srcset=\"https:\/\/www.radiopiu.net\/wordpress\/wp-content\/uploads\/2023\/01\/2260d7bb-3af2-4dbd-b82a-cc61ffcfd259-300x173.jpg 300w, https:\/\/www.radiopiu.net\/wordpress\/wp-content\/uploads\/2023\/01\/2260d7bb-3af2-4dbd-b82a-cc61ffcfd259.jpg 614w\" sizes=\"auto, (max-width: 300px) 100vw, 300px\" \/><\/a>\n\t\t\t\t<\/dt><\/dl><dl class='gallery-item'>\n\t\t\t\t<dt class='gallery-icon landscape'>\n\t\t\t\t\t<a class=\"rollover rollover-zoom dt-pswp-item\" title=\"f94a0bdc-c4cd-4aa8-b5bc-a1d7efaf3668\" data-dt-img-description=\"\" data-large_image_width=\"610\" data-large_image_height=\"358\"href='https:\/\/www.radiopiu.net\/wordpress\/wp-content\/uploads\/2023\/01\/f94a0bdc-c4cd-4aa8-b5bc-a1d7efaf3668.jpg'><img loading=\"lazy\" decoding=\"async\" width=\"300\" height=\"176\" src=\"https:\/\/www.radiopiu.net\/wordpress\/wp-content\/uploads\/2023\/01\/f94a0bdc-c4cd-4aa8-b5bc-a1d7efaf3668-300x176.jpg\" class=\"attachment-medium size-medium\" alt=\"\" srcset=\"https:\/\/www.radiopiu.net\/wordpress\/wp-content\/uploads\/2023\/01\/f94a0bdc-c4cd-4aa8-b5bc-a1d7efaf3668-300x176.jpg 300w, https:\/\/www.radiopiu.net\/wordpress\/wp-content\/uploads\/2023\/01\/f94a0bdc-c4cd-4aa8-b5bc-a1d7efaf3668.jpg 610w\" sizes=\"auto, (max-width: 300px) 100vw, 300px\" \/><\/a>\n\t\t\t\t<\/dt><\/dl><br style=\"clear: both\" \/>\n\t\t\t<\/div>\n\n<p>&nbsp;<\/p>\n<hr \/>\n<p>&nbsp;<\/p>\n<blockquote>\n<h3>SI AMPLIA LA RETE DEI CENTRI SOLLIEVO PER PERSONE CON DEMENZA<\/h3>\n<\/blockquote>\n<p><strong><a class=\"dt-pswp-item\" href=\"https:\/\/www.radiopiu.net\/wordpress\/wp-content\/uploads\/2021\/03\/ULSS-1.jpg\" data-dt-img-description=\"\" data-large_image_width=\"776\" data-large_image_height=\"408\"><img loading=\"lazy\" decoding=\"async\" class=\" wp-image-198838 alignleft\" src=\"https:\/\/www.radiopiu.net\/wordpress\/wp-content\/uploads\/2021\/03\/ULSS-1-300x158.jpg\" alt=\"\" width=\"186\" height=\"98\" srcset=\"https:\/\/www.radiopiu.net\/wordpress\/wp-content\/uploads\/2021\/03\/ULSS-1-300x158.jpg 300w, https:\/\/www.radiopiu.net\/wordpress\/wp-content\/uploads\/2021\/03\/ULSS-1-768x404.jpg 768w, https:\/\/www.radiopiu.net\/wordpress\/wp-content\/uploads\/2021\/03\/ULSS-1.jpg 776w\" sizes=\"auto, (max-width: 186px) 100vw, 186px\" \/><\/a>BELLUNO <\/strong>Nel 2023, i Centri Sollievo saranno 13, diffusi in tutti il territorio provinciale. Sono stati finanziati, infatti, anche per il 2023 i \u201c Centri Sollievo\u201d a favore delle persone affette da decadimento cognitivo e malattia di Parkinson, per un importo complessivo di 93.000 euro: rispetto all\u2019anno precedente, sono aumentati i Centri che hanno presentato progettualit\u00e0. Il progetto \u201cSollievo\u201d si propone di fornire supporto alle famiglie che assistono a domicilio un familiare affetto da deterioramento cognitivo attraverso l\u2019attivit\u00e0 svolta in appositi Centri. I Centri, infatti, attraverso propri volontari appositamente formati e affiancati da figure professionali dedicate, accolgono per qualche ora o qualche giorno alla settimana le persone affette da decadimento cognitivo negli stadi iniziali della malattia, a seguito della richiesta effettuata da un familiare al Centro Decadimento Cognitivo o presso la sede del Centro Sollievo. L\u2019attivit\u00e0 dei Centri Sollievo si propone di favorire un clima di socializzazione, promuovendo uno spazio di benessere per la persona accolta e offrendo supporto alla famiglia, con l\u2019obiettivo sia di alleggerire il carico assistenziale sia di fornire conoscenze utili sulla rete dei servizi e acquistare maggiore competenza nella relazione con la persona affetta da decadimento cognitivo. In particolare, per il 2023 il finanziamento sosterr\u00e0 i progetti svolti dai seguenti Centri Sollievo dell\u2019Ulss Dolomiti: centro sollievo di Cencenighe (Ente gestore ASCA), centro sollievo di Agordo (Ente gestore ASCA), centro sollievo di Gosaldo (Ente gestore ASCA), centro sollievo di Rocca Pietore (Ente gestore ASCA), centro sollievo di Ponte nelle Alpi (Ente gestore Comune di Ponte nelle Alpi), centro sollievo di Santo Stefano di Cadore (Ente gestore Comune di Santo Stefano di Cadore), centro sollievo di Alpago (Ente gestore Unione Montana Alpago), centro sollievo di Val di Zoldo (Ente gestore Servizi alla Persona Longarone Zoldo), centro sollievo di Pedavena (Ente gestore Centro Servizi Casa Padre Kolbe), centro sollievo Auronzo di Cadore (Ente gestore Comune di Auronzo di Cadore), centro sollievo di Borca di Cadore (Ente gestore Unione Montana Valle del Boite), centro sollievo di Cesiomaggiore (Ente gestore circolo ANTEAS MONTEPERINA), centro sollievo di Borgo Valbelluna (Ente gestore Circolo AUSER \u201cIl Narciso\u201d).<\/p>\n<p>&nbsp;<\/p>\n<p>&nbsp;<\/p>\n<hr \/>\n<p>&nbsp;<\/p>\n<blockquote>\n<h3>ARRIVATI A DESTINAZIONE GLI AIUTI RACCOLTI DAGLI ALPINI PER IL POPOLO UCRAINO<\/h3>\n<\/blockquote>\n<p><strong>LAMON <\/strong>E\u2019 andata a buon fine l\u2019operazione di raccolta, trasporto e consegna dei beni raccolti in favore delle popolazioni dell\u2019Ucraina martoriate della guerra e dalle conseguenze che comporta. Iniziativa congiunta dai volontari di Lamon, Santa Giustina, San Gregorio delle Alpi e Milano. La partenza dei mezzi \u00e8 stata dai rispettivi comuni. I vati gruppi si sono raggruppati a Tarvisio con destinazione Leopoli citt\u00e0 a nord ovest dell\u2019Ucraina. Una colonna di mezzi composta da 6 furgoni con 14 volontari alla guida e un carico di circa 70 quintali tra vestiario, alimentari e farmaci raccolti. In aggiunta apparecchiature medicali, giocattoli per bambini, una carrozzina e altri beni di prima necessit\u00e0 per un valore di circa 6000 euro frutto di donazioni di cittadini. La consegna \u00e8 avvenuta al \u201cSeminary of the Holy Spirit\u201d \u00a0di Leopoli diretto dal rettore Padre Ihor Boyko che si occupa della distribuzione alle popolazioni colpite e in difficolt\u00e0. Doveroso un caloroso grazie alle comunit\u00e0 di Milano, Lamon, Santa Giustina e San Gregorio nelle Alpi e alle persone coinvolte nell\u2019operazione di selezione e imballaggio dei beni raccolti nonch\u00e9 alla Ulss 1 Dolomiti che ha fornito 22 apparecchiature elettromedicali e relativi consumabili, dando vita a un bell\u2019esempio di integrazione solidale tra pubblico e privato. Da sottolineare inoltre la disponibilit\u00e0 e collaborazione da parte delle ditte e le associazioni che hanno concesso l\u2019uso gratuito dei mezzi di trasporto per\u00a0 gestire il viaggio di ben 3000 km.<\/p>\n\n\t\t\t<style type='text\/css'>\n\t\t\t\t#gallery-3 {\n\t\t\t\t\tmargin: auto;\n\t\t\t\t}\n\t\t\t\t#gallery-3 .gallery-item {\n\t\t\t\t\tfloat: left;\n\t\t\t\t\tmargin-top: 10px;\n\t\t\t\t\ttext-align: center;\n\t\t\t\t\twidth: 50%;\n\t\t\t\t}\n\t\t\t\t#gallery-3 img {\n\t\t\t\t\tborder: 2px solid #cfcfcf;\n\t\t\t\t}\n\t\t\t\t#gallery-3 .gallery-caption {\n\t\t\t\t\tmargin-left: 0;\n\t\t\t\t}\n\t\t\t\t\/* see gallery_shortcode() in wp-includes\/media.php *\/\n\t\t\t<\/style>\n\t\t<div id='gallery-3' class='dt-gallery-container gallery galleryid-317917 gallery-columns-2 gallery-size-medium'><dl class='gallery-item'>\n\t\t\t\t<dt class='gallery-icon landscape'>\n\t\t\t\t\t<a class=\"rollover rollover-zoom dt-pswp-item\" title=\"1\" data-dt-img-description=\"\" data-large_image_width=\"1600\" data-large_image_height=\"1005\"href='https:\/\/www.radiopiu.net\/wordpress\/wp-content\/uploads\/2023\/01\/1.jpeg'><img loading=\"lazy\" decoding=\"async\" width=\"300\" height=\"188\" src=\"https:\/\/www.radiopiu.net\/wordpress\/wp-content\/uploads\/2023\/01\/1-300x188.jpeg\" class=\"attachment-medium size-medium\" alt=\"\" srcset=\"https:\/\/www.radiopiu.net\/wordpress\/wp-content\/uploads\/2023\/01\/1-300x188.jpeg 300w, https:\/\/www.radiopiu.net\/wordpress\/wp-content\/uploads\/2023\/01\/1-1024x643.jpeg 1024w, https:\/\/www.radiopiu.net\/wordpress\/wp-content\/uploads\/2023\/01\/1-768x482.jpeg 768w, https:\/\/www.radiopiu.net\/wordpress\/wp-content\/uploads\/2023\/01\/1-1536x965.jpeg 1536w, https:\/\/www.radiopiu.net\/wordpress\/wp-content\/uploads\/2023\/01\/1.jpeg 1600w\" sizes=\"auto, (max-width: 300px) 100vw, 300px\" \/><\/a>\n\t\t\t\t<\/dt><\/dl><dl class='gallery-item'>\n\t\t\t\t<dt class='gallery-icon landscape'>\n\t\t\t\t\t<a class=\"rollover rollover-zoom dt-pswp-item\" title=\"2\" data-dt-img-description=\"\" data-large_image_width=\"2048\" data-large_image_height=\"1215\"href='https:\/\/www.radiopiu.net\/wordpress\/wp-content\/uploads\/2023\/01\/2.jpeg'><img loading=\"lazy\" decoding=\"async\" width=\"300\" height=\"178\" src=\"https:\/\/www.radiopiu.net\/wordpress\/wp-content\/uploads\/2023\/01\/2-300x178.jpeg\" class=\"attachment-medium size-medium\" alt=\"\" srcset=\"https:\/\/www.radiopiu.net\/wordpress\/wp-content\/uploads\/2023\/01\/2-300x178.jpeg 300w, https:\/\/www.radiopiu.net\/wordpress\/wp-content\/uploads\/2023\/01\/2-1024x608.jpeg 1024w, https:\/\/www.radiopiu.net\/wordpress\/wp-content\/uploads\/2023\/01\/2-768x456.jpeg 768w, https:\/\/www.radiopiu.net\/wordpress\/wp-content\/uploads\/2023\/01\/2-1536x911.jpeg 1536w, https:\/\/www.radiopiu.net\/wordpress\/wp-content\/uploads\/2023\/01\/2.jpeg 2048w\" sizes=\"auto, (max-width: 300px) 100vw, 300px\" \/><\/a>\n\t\t\t\t<\/dt><\/dl><br style=\"clear: both\" \/>\n\t\t\t<\/div>\n\n<p>&nbsp;<\/p>\n<hr \/>\n<p>&nbsp;<\/p>\n<blockquote>\n<h3>IL FELTRINO CONFERMATO CENTRO D\u2019ECCELLENZA PER L\u2019ITTICOLTURA ED IMPIANTI ITTIOGENICI<\/h3>\n<\/blockquote>\n<p><strong><a class=\"dt-pswp-item\" href=\"https:\/\/www.radiopiu.net\/wordpress\/wp-content\/uploads\/2023\/01\/ITTICOLTURA.jpg\" data-dt-img-description=\"\" data-large_image_width=\"220\" data-large_image_height=\"165\"><img loading=\"lazy\" decoding=\"async\" class=\" wp-image-317989 alignleft\" src=\"https:\/\/www.radiopiu.net\/wordpress\/wp-content\/uploads\/2023\/01\/ITTICOLTURA.jpg\" alt=\"\" width=\"137\" height=\"103\" \/><\/a>FELTRE <\/strong>Importante riconoscimento per i centri di Tomo e Celarda che ottengono complessivamente circa 500.000 euro, lo comunica Gianvittore Vaccari, \u201cVeneto Acque sta operando per la Regione per Individuare e realizzare forme di supporto dell\u2019incremento della produzione della trota marmorata da parte degli incubatoi di valle ed allevamenti ittici esistenti\u201d. L\u2019intervento rientra nel progetto di ricostituzione dei popolamenti ittici che sono stati fortemente colpiti e diminuiti dagli effetti disastrosi della Tempesta Vaia. In termini complessivi \u00e8 stato possibile valutare come la tempesta abbia comportato nelle acque salmonicole del Veneto una perdita di oltre 364.000 Kg di biomassa di specie pregiate. Vaccari continua \u201c\u00e8 anche prevista la realizzazione di attivit\u00e0 mirate di ripopolamento dei corpi idrici alpini colpiti dall\u2019evento Vaia mediante l\u2019immissione di materiale ittico autoctono\u201d. In provincia di Belluno saranno anche finanziati i Centri di Alpago, Bolzano Bellunese, Ponte nelle Alpi e Sottocastello. Interessanti sono gli interventi pilota, di carattere sperimentale, da svolgersi direttamente negli alvei fluviali e destinati ad azioni di ripristino ittico-ambientale dei corsi d\u2019acqua: interventi straordinari di manutenzione delle scale di rimonta eventualmente danneggiate dall\u2019evento, recupero dell\u2019idoneit\u00e0 ittica per specie di rilevante interesse alieutico in tratti fluviali oggetto di forte inghiaiamento.<\/p>\n<p>&nbsp;<\/p>\n<p>&nbsp;<\/p>\n<hr \/>\n<p>&nbsp;<\/p>\n<blockquote>\n<h3 class=\"entry-title\">LA MAFIA SPA FATTURA 40 MILIARDI L\u2019ANNO<\/h3>\n<\/blockquote>\n<p class=\"p1\"><b>\u00a0INACCETTABILE CHE LE ORGANIZZAZIONI CRIMINALI CONCORRANO AD AUMENTARE IL PIL<br \/>\n<\/b><\/p>\n<p>In massima parte \u00e8 gestita dalle organizzazioni mafiose e conta un volume d\u2019affari annuo stimato in 40 miliardi di euro, pari a oltre il 2 per cento del nostro Pil. Stiamo parlando dell\u2019economia criminale riconducibile alla\u00a0<strong>Mafia Spa che, a titolo puramente statistico, presenta in Italia un \u201cgiro d\u2019affari\u201d inferiore solo al fatturato di GSE (Gestore dei Servizi Energetici), di ENI e di ENEL.<\/strong>\u00a0Sono dati, quelli relativi alle attivit\u00e0 economiche criminali, che sono certamente sottostimati, in quanto non siamo in grado di dimensionare anche i proventi ascrivibili all\u2019infiltrazione di queste organizzazioni malavitose nell\u2019economia legale. A dirlo \u00e8 l\u2019Ufficio studi della CGIA.<\/p>\n<p><strong>No all\u2019economia illegale dentro il Pil<\/strong><br \/>\nSe a parole tutti siamo contro le mafie, nelle azioni concrete non sempre \u00e8 cos\u00ec. Infatti, \u00e8 quanto meno \u201cimbarazzante\u201d che dal 2014, l\u2019Unione Europea, con apposito provvedimento legislativo consenta a tutti i paesi membri di conteggiare nel Pil alcune attivit\u00e0 economiche illegali: come la prostituzione, il traffico di stupefacenti e il contrabbando di sigarette. \u201cGrazie\u201d a questa opportunit\u00e0, nel 2020 (ultimo dato disponibile) abbiamo \u201cgonfiato\u201d la nostra ricchezza nazionale di 17,4 miliardi di euro (quasi un punto di Pil). Una decisione eticamente inaccettabile: da un lato lo Stato combatte e contrasta le mafie, dall\u2019altro riconosce a queste organizzazioni criminali un ruolo attivo di \u201cportatori di benessere economico\u201d. In buona sostanza \u00e8 come se sul piano statistico ammettessimo che anche una parte dell\u2019economia illegale riconducibile a Mafia Spa \u00e8 \u201cbuona e accettabile\u201d; insomma, una componente \u201cpositiva\u201d della nostra ricchezza nazionale.<\/p>\n<p><strong>Spesa pubblica e corruzione terreno fertile per Mafia Spa<\/strong><br \/>\nCome dimostrano gli studi citati precedentemente, a livello territoriale la presenza pi\u00f9 diffusa delle organizzazioni economiche criminali si registra nel Mezzogiorno, anche se ormai molte evidenze altrettanto inquietanti segnalano la presenza di queste realt\u00e0 illegali nelle aree economicamente pi\u00f9 avanzate del Centro-Nord. La letteratura specializzata evidenzia che, storicamente, i territori dove l\u2019economia locale \u00e8 fortemente condizionata dalla spesa pubblica e il livello di corruzione della pubblica amministrazione \u00e8 molto elevato sono pi\u00f9 vulnerabili dal potere corruttivo delle mafie. Induttivamente \u00e8 possibile riconoscere un\u2019area geografica pi\u00f9 a rischio di un\u2019altra, anche dal riscontro di una elevata presenza di reati spia. Nei territori dove il numero di denunce all\u2019autorit\u00e0 giudiziaria per estorsione\/racket, usura, contraffazione, lavoro nero, gestione illecita del ciclo dei rifiuti, scommesse clandestine, gioco d\u2019azzardo, etc. \u00e8 molto alto, la probabilit\u00e0 che vi sia una presenza radicata e diffusa di una o pi\u00f9 organizzazioni criminali di stampo mafioso \u00e8 molto elevata.<\/p>\n<p><strong>Buona parte del Sud, Roma, Latina, Genova, Imperia e Ravenna sono le aree pi\u00f9 a rischio<\/strong><br \/>\nSecondo la Banca d\u2019Italia la penetrazione territoriale della Mafia Spa non riguarda solo il Sud; purtroppo presentano un indice di presenza mafiosa molto preoccupante anche realt\u00e0 del Centro-Nord, in particolar modo le province di Roma, Latina, Genova, Imperia e Ravenna. Meno colpite delle precedenti, ma comunque con forti criticit\u00e0 si segnalano, sempre nella ripartizione centrosettentrionale, anche le provincie di Torino, Novara, Verbano-Cusio-Ossola, Varese, Milano, Lodi, Brescia, Savona, La Spezia, Bologna, Ferrara, Rimini, Pistoia, Prato, Firenze, Livorno, Arezzo, Viterbo, Ancona e Macerata. Meno investite da questo triste fenomeno sarebbero, invece, le province del Triveneto (con leggeri segnali in controtendenza a Venezia, Padova, Trento e, in particolar modo, Trieste). Anche la Valle d\u2019Aosta e l\u2019Umbria presentano un livello di rischio molto basso. Nel Mezzogiorno, infine, secondo i ricercatori di via Nazionale gli unici territori completamente \u201cimmuni\u201d dalla presenza del fenomeno mafioso sarebbero le province di Matera, Chieti, Campobasso e le realt\u00e0 sarde di Olbia-Tempio, Sassari e Oristano. Per vedere la geografia provinciale del fenomeno, apri la pagina web della Banca d\u2019Italia del seguente link: pag. 11 (Figura 2: mappa della presenza mafiosa).<\/p>\n<p><strong>Oltre all\u2019economia illecita nel Pil c\u2019\u00e8 anche il sommerso<\/strong><br \/>\nOltre ai 17,4 miliardi di euro \u201cprodotti\u201d dalle attivit\u00e0 illegali (attraverso il traffico di droga, contrabbando di sigarette e prostituzione), il nostro Pil nazionale \u201cassorbe\u201d altri 157 miliardi di euro: di cui 79,7 sono \u201cnascosti\u201d dalla sottodichiarazione, 62,4 miliardi dal lavoro irregolare e 15,2 miliardi dalla voce Altro (ovvero, mance, affitti in nero, etc.).<br \/>\nI 174,4 miliardi di euro complessivi (17,4 pi\u00f9 157), compongono la cosiddetta economia non osservata che \u00e8 interamente conteggiata nel nostro Pil nazionale. Ancorch\u00e9 non sia possibile quantificarne la dimensione, \u00e8 evidente che anche una parte importante di questo stock (157 miliardi) sia riconducibile alle organizzazioni criminali di stampo mafioso, a dimostrazione che i 40 miliardi di volume d\u2019affari richiamati all\u2019inizio di questo documento addebitati a Mafia Spa sono, purtroppo, sottostimati.<\/p>\n<p>&nbsp;<\/p>\n<p>&nbsp;<\/p>\n<hr \/>\n<p>&nbsp;<\/p>\n<blockquote>\n<h3>I 12 PASSI IN DIETRO DI SERGIO VALACCHI. LA PRESENTAZIONE DEL DISCO<\/h3>\n<\/blockquote>\n<p><strong>BELLUNO\u00a0<\/strong>Sergio Valacchi presenta il suo nuovo cd dal titolo &#8220;12 Passi In Dietro&#8221; a Belluno, Spazio Ex, Casa delle Arti.<\/p>\n<p><strong><a class=\"dt-pswp-item\" href=\"https:\/\/www.radiopiu.net\/wordpress\/wp-content\/uploads\/2023\/01\/c8718acc-346b-4b57-a1f6-00405750cfa5.jpg\" data-dt-img-description=\"\" data-large_image_width=\"1024\" data-large_image_height=\"768\"><img loading=\"lazy\" decoding=\"async\" class=\"size-medium wp-image-318144 aligncenter\" src=\"https:\/\/www.radiopiu.net\/wordpress\/wp-content\/uploads\/2023\/01\/c8718acc-346b-4b57-a1f6-00405750cfa5-300x225.jpg\" alt=\"\" width=\"300\" height=\"225\" srcset=\"https:\/\/www.radiopiu.net\/wordpress\/wp-content\/uploads\/2023\/01\/c8718acc-346b-4b57-a1f6-00405750cfa5-300x225.jpg 300w, https:\/\/www.radiopiu.net\/wordpress\/wp-content\/uploads\/2023\/01\/c8718acc-346b-4b57-a1f6-00405750cfa5-768x576.jpg 768w, https:\/\/www.radiopiu.net\/wordpress\/wp-content\/uploads\/2023\/01\/c8718acc-346b-4b57-a1f6-00405750cfa5.jpg 1024w\" sizes=\"auto, (max-width: 300px) 100vw, 300px\" \/><\/a><\/strong><\/p>\n<p><strong>LA DIRETTA RADIO PIU&#8217;<\/strong><\/p>\n<p>https:\/\/www.facebook.com\/marco.baghy.1\/videos\/719739563101752<\/p>\n<p>&nbsp;<\/p>\n<hr \/>\n<p>&nbsp;<\/p>\n<blockquote>\n<h3>CARNEVAL INTE SELVA<\/h3>\n<\/blockquote>\n<p><strong>SELVA DI CADORE<\/strong> Primo appuntamento con i Carnevai De Le Vai 2023. Carneval Inte Selva a Selva di Cadore con la sfilata lungo il borgo di l&#8217;Andria con l&#8217;arrivo in Piazza a Santa Fosca<\/p>\n\n\t\t\t<style type='text\/css'>\n\t\t\t\t#gallery-4 {\n\t\t\t\t\tmargin: auto;\n\t\t\t\t}\n\t\t\t\t#gallery-4 .gallery-item {\n\t\t\t\t\tfloat: left;\n\t\t\t\t\tmargin-top: 10px;\n\t\t\t\t\ttext-align: center;\n\t\t\t\t\twidth: 16%;\n\t\t\t\t}\n\t\t\t\t#gallery-4 img {\n\t\t\t\t\tborder: 2px solid #cfcfcf;\n\t\t\t\t}\n\t\t\t\t#gallery-4 .gallery-caption {\n\t\t\t\t\tmargin-left: 0;\n\t\t\t\t}\n\t\t\t\t\/* see gallery_shortcode() in wp-includes\/media.php *\/\n\t\t\t<\/style>\n\t\t<div id='gallery-4' class='dt-gallery-container gallery galleryid-317917 gallery-columns-6 gallery-size-thumbnail'><dl class='gallery-item'>\n\t\t\t\t<dt class='gallery-icon landscape'>\n\t\t\t\t\t<a class=\"rollover rollover-zoom dt-pswp-item\" title=\"0b052d37-59c3-4a06-ba97-c8ecf9456545\" data-dt-img-description=\"\" data-large_image_width=\"1024\" data-large_image_height=\"768\"href='https:\/\/www.radiopiu.net\/wordpress\/wp-content\/uploads\/2023\/01\/0b052d37-59c3-4a06-ba97-c8ecf9456545.jpg'><img loading=\"lazy\" decoding=\"async\" width=\"150\" height=\"150\" src=\"https:\/\/www.radiopiu.net\/wordpress\/wp-content\/uploads\/2023\/01\/0b052d37-59c3-4a06-ba97-c8ecf9456545-150x150.jpg\" class=\"attachment-thumbnail size-thumbnail\" alt=\"\" \/><\/a>\n\t\t\t\t<\/dt><\/dl><dl class='gallery-item'>\n\t\t\t\t<dt class='gallery-icon portrait'>\n\t\t\t\t\t<a class=\"rollover rollover-zoom dt-pswp-item\" title=\"2ed0a5cc-23d2-4b26-a5d1-8cf59223e935\" data-dt-img-description=\"\" data-large_image_width=\"797\" data-large_image_height=\"1024\"href='https:\/\/www.radiopiu.net\/wordpress\/wp-content\/uploads\/2023\/01\/2ed0a5cc-23d2-4b26-a5d1-8cf59223e935.jpg'><img loading=\"lazy\" decoding=\"async\" width=\"150\" height=\"150\" src=\"https:\/\/www.radiopiu.net\/wordpress\/wp-content\/uploads\/2023\/01\/2ed0a5cc-23d2-4b26-a5d1-8cf59223e935-150x150.jpg\" class=\"attachment-thumbnail size-thumbnail\" alt=\"\" \/><\/a>\n\t\t\t\t<\/dt><\/dl><dl class='gallery-item'>\n\t\t\t\t<dt class='gallery-icon portrait'>\n\t\t\t\t\t<a class=\"rollover rollover-zoom dt-pswp-item\" title=\"2ed94ce8-70cd-486e-8c2c-7d28135ecb25\" data-dt-img-description=\"\" data-large_image_width=\"743\" data-large_image_height=\"902\"href='https:\/\/www.radiopiu.net\/wordpress\/wp-content\/uploads\/2023\/01\/2ed94ce8-70cd-486e-8c2c-7d28135ecb25.jpg'><img loading=\"lazy\" decoding=\"async\" width=\"150\" height=\"150\" src=\"https:\/\/www.radiopiu.net\/wordpress\/wp-content\/uploads\/2023\/01\/2ed94ce8-70cd-486e-8c2c-7d28135ecb25-150x150.jpg\" class=\"attachment-thumbnail size-thumbnail\" alt=\"\" \/><\/a>\n\t\t\t\t<\/dt><\/dl><dl class='gallery-item'>\n\t\t\t\t<dt class='gallery-icon landscape'>\n\t\t\t\t\t<a class=\"rollover rollover-zoom dt-pswp-item\" title=\"78cc9036-0f8e-4cbe-bf14-8bedb981d44a\" data-dt-img-description=\"\" data-large_image_width=\"1024\" data-large_image_height=\"768\"href='https:\/\/www.radiopiu.net\/wordpress\/wp-content\/uploads\/2023\/01\/78cc9036-0f8e-4cbe-bf14-8bedb981d44a.jpg'><img loading=\"lazy\" decoding=\"async\" width=\"150\" height=\"150\" src=\"https:\/\/www.radiopiu.net\/wordpress\/wp-content\/uploads\/2023\/01\/78cc9036-0f8e-4cbe-bf14-8bedb981d44a-150x150.jpg\" class=\"attachment-thumbnail size-thumbnail\" alt=\"\" \/><\/a>\n\t\t\t\t<\/dt><\/dl><dl class='gallery-item'>\n\t\t\t\t<dt class='gallery-icon landscape'>\n\t\t\t\t\t<a class=\"rollover rollover-zoom dt-pswp-item\" title=\"98e67495-d05e-4761-ab25-c7056097c98c\" data-dt-img-description=\"\" data-large_image_width=\"1024\" data-large_image_height=\"1018\"href='https:\/\/www.radiopiu.net\/wordpress\/wp-content\/uploads\/2023\/01\/98e67495-d05e-4761-ab25-c7056097c98c.jpg'><img loading=\"lazy\" decoding=\"async\" width=\"150\" height=\"150\" src=\"https:\/\/www.radiopiu.net\/wordpress\/wp-content\/uploads\/2023\/01\/98e67495-d05e-4761-ab25-c7056097c98c-150x150.jpg\" class=\"attachment-thumbnail size-thumbnail\" alt=\"\" srcset=\"https:\/\/www.radiopiu.net\/wordpress\/wp-content\/uploads\/2023\/01\/98e67495-d05e-4761-ab25-c7056097c98c-150x150.jpg 150w, https:\/\/www.radiopiu.net\/wordpress\/wp-content\/uploads\/2023\/01\/98e67495-d05e-4761-ab25-c7056097c98c-300x298.jpg 300w, https:\/\/www.radiopiu.net\/wordpress\/wp-content\/uploads\/2023\/01\/98e67495-d05e-4761-ab25-c7056097c98c-768x764.jpg 768w, https:\/\/www.radiopiu.net\/wordpress\/wp-content\/uploads\/2023\/01\/98e67495-d05e-4761-ab25-c7056097c98c.jpg 1024w\" sizes=\"auto, (max-width: 150px) 100vw, 150px\" \/><\/a>\n\t\t\t\t<\/dt><\/dl><dl class='gallery-item'>\n\t\t\t\t<dt class='gallery-icon landscape'>\n\t\t\t\t\t<a class=\"rollover rollover-zoom dt-pswp-item\" title=\"1354c919-c3fb-44f7-b174-1f9387a002c4\" data-dt-img-description=\"\" data-large_image_width=\"1024\" data-large_image_height=\"768\"href='https:\/\/www.radiopiu.net\/wordpress\/wp-content\/uploads\/2023\/01\/1354c919-c3fb-44f7-b174-1f9387a002c4.jpg'><img loading=\"lazy\" decoding=\"async\" width=\"150\" height=\"150\" src=\"https:\/\/www.radiopiu.net\/wordpress\/wp-content\/uploads\/2023\/01\/1354c919-c3fb-44f7-b174-1f9387a002c4-150x150.jpg\" class=\"attachment-thumbnail size-thumbnail\" alt=\"\" \/><\/a>\n\t\t\t\t<\/dt><\/dl><br style=\"clear: both\" \/><dl class='gallery-item'>\n\t\t\t\t<dt class='gallery-icon portrait'>\n\t\t\t\t\t<a class=\"rollover rollover-zoom dt-pswp-item\" title=\"07220a93-8be7-4a03-ba75-0e1facf1b82a\" data-dt-img-description=\"\" data-large_image_width=\"708\" data-large_image_height=\"1024\"href='https:\/\/www.radiopiu.net\/wordpress\/wp-content\/uploads\/2023\/01\/07220a93-8be7-4a03-ba75-0e1facf1b82a.jpg'><img loading=\"lazy\" decoding=\"async\" width=\"150\" height=\"150\" src=\"https:\/\/www.radiopiu.net\/wordpress\/wp-content\/uploads\/2023\/01\/07220a93-8be7-4a03-ba75-0e1facf1b82a-150x150.jpg\" class=\"attachment-thumbnail size-thumbnail\" alt=\"\" \/><\/a>\n\t\t\t\t<\/dt><\/dl><dl class='gallery-item'>\n\t\t\t\t<dt class='gallery-icon landscape'>\n\t\t\t\t\t<a class=\"rollover rollover-zoom dt-pswp-item\" title=\"9394a52c-7343-4fb2-bb87-67395ac35816\" data-dt-img-description=\"\" data-large_image_width=\"1024\" data-large_image_height=\"928\"href='https:\/\/www.radiopiu.net\/wordpress\/wp-content\/uploads\/2023\/01\/9394a52c-7343-4fb2-bb87-67395ac35816.jpg'><img loading=\"lazy\" decoding=\"async\" width=\"150\" height=\"150\" src=\"https:\/\/www.radiopiu.net\/wordpress\/wp-content\/uploads\/2023\/01\/9394a52c-7343-4fb2-bb87-67395ac35816-150x150.jpg\" class=\"attachment-thumbnail size-thumbnail\" alt=\"\" \/><\/a>\n\t\t\t\t<\/dt><\/dl><dl class='gallery-item'>\n\t\t\t\t<dt class='gallery-icon portrait'>\n\t\t\t\t\t<a class=\"rollover rollover-zoom dt-pswp-item\" title=\"77607432-fef9-40bb-9bbe-df8291bf4428\" data-dt-img-description=\"\" data-large_image_width=\"750\" data-large_image_height=\"914\"href='https:\/\/www.radiopiu.net\/wordpress\/wp-content\/uploads\/2023\/01\/77607432-fef9-40bb-9bbe-df8291bf4428.jpg'><img loading=\"lazy\" decoding=\"async\" width=\"150\" height=\"150\" src=\"https:\/\/www.radiopiu.net\/wordpress\/wp-content\/uploads\/2023\/01\/77607432-fef9-40bb-9bbe-df8291bf4428-150x150.jpg\" class=\"attachment-thumbnail size-thumbnail\" alt=\"\" \/><\/a>\n\t\t\t\t<\/dt><\/dl><dl class='gallery-item'>\n\t\t\t\t<dt class='gallery-icon landscape'>\n\t\t\t\t\t<a class=\"rollover rollover-zoom dt-pswp-item\" title=\"a362e9d5-7c10-44e2-98af-bb0eb44eb73f\" data-dt-img-description=\"\" data-large_image_width=\"1024\" data-large_image_height=\"768\"href='https:\/\/www.radiopiu.net\/wordpress\/wp-content\/uploads\/2023\/01\/a362e9d5-7c10-44e2-98af-bb0eb44eb73f.jpg'><img loading=\"lazy\" decoding=\"async\" width=\"150\" height=\"150\" src=\"https:\/\/www.radiopiu.net\/wordpress\/wp-content\/uploads\/2023\/01\/a362e9d5-7c10-44e2-98af-bb0eb44eb73f-150x150.jpg\" class=\"attachment-thumbnail size-thumbnail\" alt=\"\" \/><\/a>\n\t\t\t\t<\/dt><\/dl><dl class='gallery-item'>\n\t\t\t\t<dt class='gallery-icon portrait'>\n\t\t\t\t\t<a class=\"rollover rollover-zoom dt-pswp-item\" title=\"a0470c21-9fc0-4f5d-8745-49886f370dd2\" data-dt-img-description=\"\" data-large_image_width=\"768\" data-large_image_height=\"1024\"href='https:\/\/www.radiopiu.net\/wordpress\/wp-content\/uploads\/2023\/01\/a0470c21-9fc0-4f5d-8745-49886f370dd2.jpg'><img loading=\"lazy\" decoding=\"async\" width=\"150\" height=\"150\" src=\"https:\/\/www.radiopiu.net\/wordpress\/wp-content\/uploads\/2023\/01\/a0470c21-9fc0-4f5d-8745-49886f370dd2-150x150.jpg\" class=\"attachment-thumbnail size-thumbnail\" alt=\"\" \/><\/a>\n\t\t\t\t<\/dt><\/dl><dl class='gallery-item'>\n\t\t\t\t<dt class='gallery-icon landscape'>\n\t\t\t\t\t<a class=\"rollover rollover-zoom dt-pswp-item\" title=\"ac073e8d-790b-4db2-a1e3-a50fa96d88ea\" data-dt-img-description=\"\" data-large_image_width=\"1024\" data-large_image_height=\"768\"href='https:\/\/www.radiopiu.net\/wordpress\/wp-content\/uploads\/2023\/01\/ac073e8d-790b-4db2-a1e3-a50fa96d88ea.jpg'><img loading=\"lazy\" decoding=\"async\" width=\"150\" height=\"150\" src=\"https:\/\/www.radiopiu.net\/wordpress\/wp-content\/uploads\/2023\/01\/ac073e8d-790b-4db2-a1e3-a50fa96d88ea-150x150.jpg\" class=\"attachment-thumbnail size-thumbnail\" alt=\"\" \/><\/a>\n\t\t\t\t<\/dt><\/dl><br style=\"clear: both\" \/><dl class='gallery-item'>\n\t\t\t\t<dt class='gallery-icon landscape'>\n\t\t\t\t\t<a class=\"rollover rollover-zoom dt-pswp-item\" title=\"c8c29094-191e-4e9f-9d81-5ad711492b95\" data-dt-img-description=\"\" data-large_image_width=\"1024\" data-large_image_height=\"768\"href='https:\/\/www.radiopiu.net\/wordpress\/wp-content\/uploads\/2023\/01\/c8c29094-191e-4e9f-9d81-5ad711492b95.jpg'><img loading=\"lazy\" decoding=\"async\" width=\"150\" height=\"150\" src=\"https:\/\/www.radiopiu.net\/wordpress\/wp-content\/uploads\/2023\/01\/c8c29094-191e-4e9f-9d81-5ad711492b95-150x150.jpg\" class=\"attachment-thumbnail size-thumbnail\" alt=\"\" \/><\/a>\n\t\t\t\t<\/dt><\/dl><dl class='gallery-item'>\n\t\t\t\t<dt class='gallery-icon portrait'>\n\t\t\t\t\t<a class=\"rollover rollover-zoom dt-pswp-item\" title=\"cd0abcf2-0c71-4ddf-9ceb-a0c02ce7e426\" data-dt-img-description=\"\" data-large_image_width=\"648\" data-large_image_height=\"1024\"href='https:\/\/www.radiopiu.net\/wordpress\/wp-content\/uploads\/2023\/01\/cd0abcf2-0c71-4ddf-9ceb-a0c02ce7e426.jpg'><img loading=\"lazy\" decoding=\"async\" width=\"150\" height=\"150\" src=\"https:\/\/www.radiopiu.net\/wordpress\/wp-content\/uploads\/2023\/01\/cd0abcf2-0c71-4ddf-9ceb-a0c02ce7e426-150x150.jpg\" class=\"attachment-thumbnail size-thumbnail\" alt=\"\" \/><\/a>\n\t\t\t\t<\/dt><\/dl><dl class='gallery-item'>\n\t\t\t\t<dt class='gallery-icon landscape'>\n\t\t\t\t\t<a class=\"rollover rollover-zoom dt-pswp-item\" title=\"ea372346-8487-4a25-9780-7e8cc948b032\" data-dt-img-description=\"\" data-large_image_width=\"1024\" data-large_image_height=\"768\"href='https:\/\/www.radiopiu.net\/wordpress\/wp-content\/uploads\/2023\/01\/ea372346-8487-4a25-9780-7e8cc948b032.jpg'><img loading=\"lazy\" decoding=\"async\" width=\"150\" height=\"150\" src=\"https:\/\/www.radiopiu.net\/wordpress\/wp-content\/uploads\/2023\/01\/ea372346-8487-4a25-9780-7e8cc948b032-150x150.jpg\" class=\"attachment-thumbnail size-thumbnail\" alt=\"\" \/><\/a>\n\t\t\t\t<\/dt><\/dl><dl class='gallery-item'>\n\t\t\t\t<dt class='gallery-icon landscape'>\n\t\t\t\t\t<a class=\"rollover rollover-zoom dt-pswp-item\" title=\"f0d62916-1591-440f-a19c-a7b308e9d210\" data-dt-img-description=\"\" data-large_image_width=\"1024\" data-large_image_height=\"768\"href='https:\/\/www.radiopiu.net\/wordpress\/wp-content\/uploads\/2023\/01\/f0d62916-1591-440f-a19c-a7b308e9d210.jpg'><img loading=\"lazy\" decoding=\"async\" width=\"150\" height=\"150\" src=\"https:\/\/www.radiopiu.net\/wordpress\/wp-content\/uploads\/2023\/01\/f0d62916-1591-440f-a19c-a7b308e9d210-150x150.jpg\" class=\"attachment-thumbnail size-thumbnail\" alt=\"\" \/><\/a>\n\t\t\t\t<\/dt><\/dl><dl class='gallery-item'>\n\t\t\t\t<dt class='gallery-icon portrait'>\n\t\t\t\t\t<a class=\"rollover rollover-zoom dt-pswp-item\" title=\"f435a0dc-f17e-4164-8bbd-33cb1cb33ff2\" data-dt-img-description=\"\" data-large_image_width=\"571\" data-large_image_height=\"1024\"href='https:\/\/www.radiopiu.net\/wordpress\/wp-content\/uploads\/2023\/01\/f435a0dc-f17e-4164-8bbd-33cb1cb33ff2.jpg'><img loading=\"lazy\" decoding=\"async\" width=\"150\" height=\"150\" src=\"https:\/\/www.radiopiu.net\/wordpress\/wp-content\/uploads\/2023\/01\/f435a0dc-f17e-4164-8bbd-33cb1cb33ff2-150x150.jpg\" class=\"attachment-thumbnail size-thumbnail\" alt=\"\" \/><\/a>\n\t\t\t\t<\/dt><\/dl><dl class='gallery-item'>\n\t\t\t\t<dt class='gallery-icon portrait'>\n\t\t\t\t\t<a class=\"rollover rollover-zoom dt-pswp-item\" title=\"ff03c361-cc17-457f-a98d-ab5827e04976\" data-dt-img-description=\"\" data-large_image_width=\"624\" data-large_image_height=\"1024\"href='https:\/\/www.radiopiu.net\/wordpress\/wp-content\/uploads\/2023\/01\/ff03c361-cc17-457f-a98d-ab5827e04976.jpg'><img loading=\"lazy\" decoding=\"async\" width=\"150\" height=\"150\" src=\"https:\/\/www.radiopiu.net\/wordpress\/wp-content\/uploads\/2023\/01\/ff03c361-cc17-457f-a98d-ab5827e04976-150x150.jpg\" class=\"attachment-thumbnail size-thumbnail\" alt=\"\" \/><\/a>\n\t\t\t\t<\/dt><\/dl><br style=\"clear: both\" \/>\n\t\t\t<\/div>\n\n<p>&nbsp;<\/p>\n<p><strong>LA DIRETTA RADIO PIU&#8217;<\/strong><\/p>\n<p>https:\/\/www.facebook.com\/marco.baghy.1\/videos\/1165981470948467<\/p>\n<p>&nbsp;<\/p>\n<hr \/>\n<p>&nbsp;<\/p>\n<p class=\"photoswipe-wrapper\"><a class=\"dt-pswp-item pspw-wrap-ready\" href=\"https:\/\/www.radiopiu.net\/wordpress\/wp-content\/uploads\/2023\/01\/f357cc9c-828e-4d9b-9ff4-ec3efed24d74.jpg\" data-dt-img-description=\"\" data-large_image_width=\"724\" data-large_image_height=\"1024\"><img loading=\"lazy\" decoding=\"async\" class=\"wp-image-315069 alignleft\" src=\"https:\/\/www.radiopiu.net\/wordpress\/wp-content\/uploads\/2023\/01\/f357cc9c-828e-4d9b-9ff4-ec3efed24d74.jpg\" sizes=\"auto, (max-width: 140px) 100vw, 140px\" srcset=\"https:\/\/www.radiopiu.net\/wordpress\/wp-content\/uploads\/2023\/01\/f357cc9c-828e-4d9b-9ff4-ec3efed24d74.jpg 724w, https:\/\/www.radiopiu.net\/wordpress\/wp-content\/uploads\/2023\/01\/f357cc9c-828e-4d9b-9ff4-ec3efed24d74-212x300.jpg 212w\" alt=\"\" width=\"79\" height=\"112\" \/><\/a><\/p>\n<h1><span style=\"color: #ff00ff;\">AGORDINO IN FERMENTO\u2026AGORDINO IN MOVIMENTO<\/span><\/h1>\n<blockquote><p><strong>A CARNEVALE\u2026 EL CARNEVAL DE LE VAI\u2026DA SELVA DI CADORE A CANALE D\u2019AGORDO, DA RIVAMONTE A LASTE E SOTTOGUDA. TRADIZIONE, CULTUR E SPETTACOLO\u00a0\u00a0<\/strong><\/p><\/blockquote>\n<p><iframe loading=\"lazy\" title=\"CARNEVAI DE LE VAI L&#039;INTERVISTA AI PROTAGONISTI\" width=\"1200\" height=\"675\" src=\"https:\/\/www.youtube.com\/embed\/w-vtgGV1TuM?start=198&#038;feature=oembed\" frameborder=\"0\" allow=\"accelerometer; autoplay; clipboard-write; encrypted-media; gyroscope; picture-in-picture; web-share\" allowfullscreen><\/iframe><\/p>\n<p>&nbsp;<\/p>\n<hr \/>\n<p>&nbsp;<\/p>\n<blockquote>\n<h3>IL RITORNO DEL LUPO IN PROVINCIA, A FALCADE PARLANO GLI ESPERTI NON IL CONVINTO ANIMALISTA CON I PARAOCCHI<\/h3>\n<p><em class=\"photoswipe-wrapper\"><a class=\"dt-pswp-item pspw-wrap-ready\" href=\"https:\/\/www.radiopiu.net\/wordpress\/wp-content\/uploads\/2023\/01\/Senza-nome-53.jpg\" data-dt-img-description=\"\" data-large_image_width=\"267\" data-large_image_height=\"228\"><img loading=\"lazy\" decoding=\"async\" class=\"wp-image-317869 alignleft\" src=\"https:\/\/www.radiopiu.net\/wordpress\/wp-content\/uploads\/2023\/01\/Senza-nome-53.jpg\" alt=\"\" width=\"157\" height=\"134\" \/><\/a>Implicazioni sociali e sulle attivit\u00e0 agricole<\/em><\/p><\/blockquote>\n<p>Finalmente un incontro con gli esperti . Infatti, domani alle 20 alla Casa della Giovent\u00f9 di Caviola sono attesi gli interventi di Christian Losso, ispettore di Polizia Provinciale che parler\u00e0 del \u201cRitorno del lupo e della sua espansione\u201d; Michele Nenz \u201cQuali problematiche e soluzioni per gli allevatori\u201d. L\u2019incontro sar\u00e0 introdotto dal sindaco di Falcade Mauro Salvaterra, dal consigliere provinciale Franco De Bon e dal Presidente della Coldiretti Alessandro De Rocco.<\/p>\n<p><span class=\"x193iq5w xeuugli x13faqbe x1vvkbs x1xmvt09 x1lliihq x1s928wv xhkezso x1gmr53x x1cpjm7i x1fgarty x1943h6x x4zkp8e x676frb x1nxh6w3 x1sibtaa xo1l8bm xi81zsa x1yc453h\" dir=\"auto\"><span id=\"jsc_c_4x\"><span class=\"\"><span class=\"xt0psk2\"><a class=\"x1i10hfl xjbqb8w x6umtig x1b1mbwd xaqea5y xav7gou x9f619 x1ypdohk xt0psk2 xe8uvvx xdj266r x11i5rnm xat24cr x1mh8g0r xexx8yu x4uap5 x18d9i69 xkhd6sd x16tdsg8 x1hl2dhg xggy1nq x1a2a7pz x1heor9g xt0b8zv xo1l8bm\" tabindex=\"0\" role=\"link\" href=\"https:\/\/www.facebook.com\/groups\/1436553189911658\/user\/100007219380176\/?__cft__[0]=AZXuhkOdY0qlI8buc1GlpqR4zEdWnjURnOgdafD04OUYliCKsDpDYo35DQ12DTVFyWsEhpTrFOS0XaaHfm3tAe290-v11mr4A1w7OiR8lTRqMuGGHokUh6xkOokC6hWC7rd3ilvhn7lw_tZfHOQTjhxaUsNckYp9J-DmXowZREju7LjRvOcUi5A53MRoTl4Wse8&amp;__tn__=%2CP-R\"><b>Walter Cemin<\/b><\/a><\/span><\/span><span class=\"xh99ass\"><span class=\"xzpqnlu xjm9jq1 x6ikm8r x10wlt62 x10l6tqk x1i1rx1s\">\u00a0<\/span>\u00a0<\/span><\/span><\/span>Lo scopo dell\u2019incontro \u00e8 quello di far conoscere il comportamento e le abitudini di questo predatore che mancava da anni nelle nostre zone. Non \u00e8 un un\u2019incontro pro o contro lupo, ma un\u2019incontro per informare la popolazione non abituata alla sua presenza. Tutta la popolazione \u00e8 invitata.<\/p>\n<p>&nbsp;<\/p>\n<p>&nbsp;<\/p>\n<hr \/>\n<p>&nbsp;<\/p>\n<blockquote>\n<h3>IL CONGRESSO DELLA SPI CGIL<\/h3>\n<\/blockquote>\n<p><strong>BELLUNO<\/strong> \u00c8 in programma il 14\u00b0 Congresso dello Spi Cgil Veneto, che si terr\u00e0\u00a0<span class=\"ContentPasted2\">oggi dalle 9:30 e marted\u00ec 24 gennaio dalle 9:00 a Quinto di Treviso. Durante la due giorni verranno presentate due ricerche su base veneta con declinazioni provinciali: <span class=\"ContentPasted4\">una demografica e una sulla violenza contro le donne anziane.\u00a0Sar\u00e0 inoltre consegnato un report demo-socio-previdenziale sul Veneto.<\/span><\/span><\/p>\n<p>&nbsp;<\/p>\n<p>&nbsp;<\/p>\n<hr \/>\n<p>&nbsp;<\/p>\n<blockquote>\n<h3>OGGI LA PRESENTAZIONE DEL PROGETTO RIGENERA MONTAGNA<\/h3>\n<\/blockquote>\n<p><strong>BELLUNO <\/strong>Sar\u00e0 presentato oggi alle 12:15 nella sede della Fondazione Giovanni Angelini in P.za Mercato 26 a Belluno il progetto &#8220;Rigenera Montagna&#8221;. Il progetto Rigenera Montagna ha l\u2019obettivo di intercettare lo sguardo delle giovani generazioni sui temi dell\u2019ambiente della montagna bellunese.<\/p>\n<p>&nbsp;<\/p>\n<p>&nbsp;<\/p>\n<p>&nbsp;<\/p>\n<hr \/>\n<p>&nbsp;<\/p>\n<blockquote>\n<h3>&#8220;L&#8217;OMBRA DEL SILENZIO&#8221; IN OCCASIONE DELLA GIORNATA DELLA MEMORIA<\/h3>\n<\/blockquote>\n<p><strong>LIMANA <\/strong>E&#8217; in programma per gioved\u00ec 26 gennaio alle 20:30 in sala Luigi Nocivelli di Limana &#8220;L&#8217;Ombra Del Silenzio&#8221;. Una serata dedicata a parole, immagini, suoni e riflessioni sulla Shoah. In collaborazione con il comune di Limana, la biblioteca civica e Gruppo Panta Rei<\/p>\n<p>&nbsp;<\/p>\n<hr \/>\n<p>&nbsp;<\/p>\n<blockquote>\n<h3>OGNI COSA E&#8217; ILLUMINATA, CANALE D&#8217;AGORDO RICORDA<\/h3>\n<\/blockquote>\n<p><strong>CANALE D&#8217;AGORDO <\/strong>In occasione della Giornata della Memoria le Biblioteche della Valle del Biois, con il patrocinio del Comune di Canale d\u2019Agordo e del Presidio Agordino di Libera e con il supporto della Pro Loco di Canale organizzano per il 26 gennaio, alle ore 20,45, nella sala Emigranti di via Lotta a Canale, lo spettacolo \u201cOGNI COSA E\u2019 ILLUMINATA\u201d. Il racconto \u00e8 tratto dal libro di Jonathan Safran Foer, libro da cui \u00e8 stato tratto anche l\u2019omonimo film. La riduzione, ad opera dell\u2019attore, regista e drammaturgo Marco Artusi, \u00e8 attenta a collegare tutti i fili narrativi e di memoria, permettendo alla storia di svolgersi nei suoi aspettio esilaranti e a tratti strazianti. Le musiche del compositore Giovanni Frison, eseguite dal vivo, tra sonorit\u00e0 acustiche popolari e sperimentali, accompagnano gli spettatori in un viagggio sonoro immersivo ed evocativo. Jonathan, giovane studente ebreo americano, intraprende un viaggio in Ucraina alla ricerca di una donna che, forse, ha salvato suo nonno dai nazisti, un viaggio aggrappato ai fili della memoria che fa capire come il passato non \u00e8 tutto passato e fa emergere la consapevolezza delle proprie radici. Un\u2019idea del tempo per la quale \u201cogni cosa \u00e8 illuminata dalla luce del passato\u201d. Ingresso libero, spettacolo adatto a tutti. Ingresso libero, spettacolo adatto a tutti.<\/p>\n<p>&nbsp;<\/p>\n<hr \/>\n<p>&nbsp;<\/p>\n<blockquote>\n<h3><a class=\"dt-pswp-item\" href=\"https:\/\/www.radiopiu.net\/wordpress\/wp-content\/uploads\/2023\/01\/Senza-nome-50.jpg\" data-dt-img-description=\"\" data-large_image_width=\"300\" data-large_image_height=\"279\"><img loading=\"lazy\" decoding=\"async\" class=\"wp-image-317797 alignleft\" src=\"https:\/\/www.radiopiu.net\/wordpress\/wp-content\/uploads\/2023\/01\/Senza-nome-50.jpg\" alt=\"\" width=\"116\" height=\"108\" \/><\/a>LA PARTITA DEL SORRISO<\/h3>\n<\/blockquote>\n<p><strong>BELLUNO<\/strong>\u00a0 Sabato 28 gennaio alle 17.30 al Palasport De Mas partita di calcio a 5 tra amministratori comunali e forze dell&#8217;ordine. Ingresso ad offerta libera, devoluto al Comitato d&#8217;Intesa per il progetto Stacco.<\/p>\n<p>&nbsp;<\/p>\n<p>&nbsp;<\/p>\n<hr \/>\n<p>&nbsp;<\/p>\n<blockquote>\n<h3>TORNA LA GARA DI SLITTINO A COLMEAN<\/h3>\n<\/blockquote>\n<p><strong>CANALE D&#8217;AGORDO <\/strong>Domenica 29 gennaio lungo la pista di Colmean di Canale d&#8217;Agordo ritorna la gara di slittino aperta a tutti per bambini e adulti con il gruppo Crodaioli dell&#8217;Auta. Categorie maschili e femminili (per et\u00e0), ma anche accompagnati maschili e femminili, per i pi\u00f9 piccoli anche due per slitta. Iscrizioni al Bar Colmean il giorno della gara al traguardo fino alle 13.30. Premi per tutti. Informazioni allo 0437 592078.<\/p>\n<p><strong>FOTO D&#8217;ARCHIVIO<\/strong><\/p>\n\n\t\t\t<style type='text\/css'>\n\t\t\t\t#gallery-5 {\n\t\t\t\t\tmargin: auto;\n\t\t\t\t}\n\t\t\t\t#gallery-5 .gallery-item {\n\t\t\t\t\tfloat: left;\n\t\t\t\t\tmargin-top: 10px;\n\t\t\t\t\ttext-align: center;\n\t\t\t\t\twidth: 50%;\n\t\t\t\t}\n\t\t\t\t#gallery-5 img {\n\t\t\t\t\tborder: 2px solid #cfcfcf;\n\t\t\t\t}\n\t\t\t\t#gallery-5 .gallery-caption {\n\t\t\t\t\tmargin-left: 0;\n\t\t\t\t}\n\t\t\t\t\/* see gallery_shortcode() in wp-includes\/media.php *\/\n\t\t\t<\/style>\n\t\t<div id='gallery-5' class='dt-gallery-container gallery galleryid-317917 gallery-columns-2 gallery-size-medium'><dl class='gallery-item'>\n\t\t\t\t<dt class='gallery-icon landscape'>\n\t\t\t\t\t<a class=\"rollover rollover-zoom dt-pswp-item\" title=\"Schermata 2023-01-22 alle 17.11.30\" data-dt-img-description=\"\" data-large_image_width=\"1368\" data-large_image_height=\"930\"href='https:\/\/www.radiopiu.net\/wordpress\/wp-content\/uploads\/2023\/01\/Schermata-2023-01-22-alle-17.11.30.png'><img loading=\"lazy\" decoding=\"async\" width=\"300\" height=\"204\" src=\"https:\/\/www.radiopiu.net\/wordpress\/wp-content\/uploads\/2023\/01\/Schermata-2023-01-22-alle-17.11.30-300x204.png\" class=\"attachment-medium size-medium\" alt=\"\" srcset=\"https:\/\/www.radiopiu.net\/wordpress\/wp-content\/uploads\/2023\/01\/Schermata-2023-01-22-alle-17.11.30-300x204.png 300w, https:\/\/www.radiopiu.net\/wordpress\/wp-content\/uploads\/2023\/01\/Schermata-2023-01-22-alle-17.11.30-1024x696.png 1024w, https:\/\/www.radiopiu.net\/wordpress\/wp-content\/uploads\/2023\/01\/Schermata-2023-01-22-alle-17.11.30-768x522.png 768w, https:\/\/www.radiopiu.net\/wordpress\/wp-content\/uploads\/2023\/01\/Schermata-2023-01-22-alle-17.11.30.png 1368w\" sizes=\"auto, (max-width: 300px) 100vw, 300px\" \/><\/a>\n\t\t\t\t<\/dt><\/dl><dl class='gallery-item'>\n\t\t\t\t<dt class='gallery-icon landscape'>\n\t\t\t\t\t<a class=\"rollover rollover-zoom dt-pswp-item\" title=\"Schermata 2023-01-22 alle 17.11.46\" data-dt-img-description=\"\" data-large_image_width=\"1442\" data-large_image_height=\"1064\"href='https:\/\/www.radiopiu.net\/wordpress\/wp-content\/uploads\/2023\/01\/Schermata-2023-01-22-alle-17.11.46.png'><img loading=\"lazy\" decoding=\"async\" width=\"300\" height=\"221\" src=\"https:\/\/www.radiopiu.net\/wordpress\/wp-content\/uploads\/2023\/01\/Schermata-2023-01-22-alle-17.11.46-300x221.png\" class=\"attachment-medium size-medium\" alt=\"\" srcset=\"https:\/\/www.radiopiu.net\/wordpress\/wp-content\/uploads\/2023\/01\/Schermata-2023-01-22-alle-17.11.46-300x221.png 300w, https:\/\/www.radiopiu.net\/wordpress\/wp-content\/uploads\/2023\/01\/Schermata-2023-01-22-alle-17.11.46-1024x756.png 1024w, https:\/\/www.radiopiu.net\/wordpress\/wp-content\/uploads\/2023\/01\/Schermata-2023-01-22-alle-17.11.46-768x567.png 768w, https:\/\/www.radiopiu.net\/wordpress\/wp-content\/uploads\/2023\/01\/Schermata-2023-01-22-alle-17.11.46.png 1442w\" sizes=\"auto, (max-width: 300px) 100vw, 300px\" \/><\/a>\n\t\t\t\t<\/dt><\/dl><br style=\"clear: both\" \/>\n\t\t\t<\/div>\n\n<p>&nbsp;<\/p>\n<hr \/>\n<p>&nbsp;<\/p>\n<div class=\"column\">\n<h1><span style=\"color: #ff00ff;\">AGORDINO IN FERMENTO&#8230;AGORDINO IN MOVIMENTO\u00a0\u00a0<\/span><\/h1>\n<blockquote>\n<h3>4 FEBBRAIO 2023: LA CASPARETHA&#8230; IL CASPERITIVO. SPORT E FESTA.<\/h3>\n<\/blockquote>\n<p><strong>di Gianni Santomaso<\/strong><\/p>\n<audio class=\"wp-audio-shortcode\" id=\"audio-317917-6\" preload=\"none\" style=\"width: 100%;\" controls=\"controls\"><source type=\"audio\/mpeg\" src=\"https:\/\/www.radiopiu.net\/wordpress\/wp-content\/uploads\/2023\/01\/GIANNI-CASPARETHA.mp3?_=6\" \/><a href=\"https:\/\/www.radiopiu.net\/wordpress\/wp-content\/uploads\/2023\/01\/GIANNI-CASPARETHA.mp3\">https:\/\/www.radiopiu.net\/wordpress\/wp-content\/uploads\/2023\/01\/GIANNI-CASPARETHA.mp3<\/a><\/audio>\n<blockquote><p>&nbsp;<\/p>\n<p><strong><span style=\"color: #ff0000;\">ALLA RADIO, L&#8217;INTERVISTA A MIRCO E EMIL TANCON<\/span><\/strong><\/p><\/blockquote>\n<div class=\"column\">\n<p><strong><a class=\"dt-pswp-item\" href=\"https:\/\/www.radiopiu.net\/wordpress\/wp-content\/uploads\/2023\/01\/CASPARETHA_page-0001.jpg\" data-dt-img-description=\"\" data-large_image_width=\"886\" data-large_image_height=\"632\"><img loading=\"lazy\" decoding=\"async\" class=\" wp-image-315112 alignleft\" src=\"https:\/\/www.radiopiu.net\/wordpress\/wp-content\/uploads\/2023\/01\/CASPARETHA_page-0001-300x214.jpg\" alt=\"\" width=\"243\" height=\"173\" srcset=\"https:\/\/www.radiopiu.net\/wordpress\/wp-content\/uploads\/2023\/01\/CASPARETHA_page-0001-300x214.jpg 300w, https:\/\/www.radiopiu.net\/wordpress\/wp-content\/uploads\/2023\/01\/CASPARETHA_page-0001-768x548.jpg 768w, https:\/\/www.radiopiu.net\/wordpress\/wp-content\/uploads\/2023\/01\/CASPARETHA_page-0001.jpg 886w\" sizes=\"auto, (max-width: 243px) 100vw, 243px\" \/><\/a>CANALE D&#8217;AGORDO <\/strong>Sabato 4 febbraio \u00e8 in programma la Casparetha 2023, camminata competitiva e non in notturna con racchette da neve su tracciato di circa 5 km.<\/p>\n<p><strong>di Mirko Mezzacasa<\/strong><\/p>\n<p>OSPITI: Emil Tancon e Mirko Tancon<\/p>\n<audio class=\"wp-audio-shortcode\" id=\"audio-317917-7\" preload=\"none\" style=\"width: 100%;\" controls=\"controls\"><source type=\"audio\/mpeg\" src=\"https:\/\/www.radiopiu.net\/wordpress\/wp-content\/uploads\/2023\/01\/casparetha-mirco-emil.mp3?_=7\" \/><a href=\"https:\/\/www.radiopiu.net\/wordpress\/wp-content\/uploads\/2023\/01\/casparetha-mirco-emil.mp3\">https:\/\/www.radiopiu.net\/wordpress\/wp-content\/uploads\/2023\/01\/casparetha-mirco-emil.mp3<\/a><\/audio>\n<\/div>\n<\/div>\n<p>&nbsp;<\/p>\n<p>&nbsp;<\/p>\n<hr \/>\n<p>&nbsp;<\/p>\n<blockquote>\n<h3>TEMPESTA VAIA-CRONACA DI UNA TRAGEDIA<\/h3>\n<\/blockquote>\n<p><strong>di Renato Bona<\/strong><\/p>\n<p>Ho avuto la fortuna di leggere ed ammirare come merita l\u2019ottimo volume dal titolo: \u201cTempesta Vaia, Cronaca di una tragedia\u201d, che a cura di Federica Broglio e con la collaborazione dell\u2019Ufficio stampa di Veneto Strade, \u00e8 stato realizzato (stampa di Artegrafica di Casale sul Sile, progetto grafico e impaginazione di Giulia Frezzato per Giulia fotostudio) &#8211; con quasi trecento pagine, la bellezza di 404 fotografie, numerose tabelle &#8211; ad iniziativa di Regione Veneto e Veneto Strade. Anticipato che il libro fornisce spunti per altri servizi, diciamo in apertura che sotto il titolo \u201cVaia non ha scalfito la centralit\u00e0 del territorio montano\u201d il presidente della Regione, Luca Zaia, spiega: \u201cLa centralit\u00e0 di interventi sistemici sul piano del dissesto idrogeologico costituisce una voce capitale nell\u2019agenda della Regione del Veneto, comprensorio territoriale che, proprio nel suo reticolo fluviale vanta un rapporto simbiotico: i fiumi veneti rappresentano storicamente una grande importanza, tanto sul piano economico quanto sociale\u201d e ricorda: \u201cSono ancora vive, nella memoria di molti veneti, le drammatiche immagini del Bacchiglione che esonda a Vicenza a Ponte degli Angeli, nel 2010: quel 1. novembre, la forza delle acque fu tale che gli unici mezzi capaci di affrontarne la furia furono i blindati delle forze dell\u2019ordine. Successivamente, la crisi, oltre ad interessare tutto il Vicentino, si estese anche in ampie porzioni delle finitime province di Verona e Padova: mezzo veneto venne sommerso e 500 mila Veneti furono costretti a sfollare\u201d. Per poi sottolineare: Da quella triste esperienza, la Regione del Veneto ha intrapreso una decisa azione di messa in sicurezza del territorio regionale, che in breve tempo si concretizz\u00f2 grazie all\u2019ausilio dei massimi esperti del settore, nel \u2018Piano D\u2019Alpaos\u2019, programma operativo regionale di ampio respiro che ha visto lo stanziamento di 3 miliardi di euro\u201d. Zaia non trascura di evidenziare come \u201cLa bont\u00e0 delle progettualit\u00e0 ebbe modo di dimostrarsi nella resistenza delle opere idrauliche nelle successive emergenze che colpirono il Veneto: n\u00e9 la Tempesta Vaia e n\u00e9 l\u2019emergenza del dicembre 2020 registrarono, infatti, la triste messe di morti della grande alluvione del Polesine o gli allagamenti del 2010. \u2018Vaia\u2019, tempesta perfetta\u2019 e resa tale per una molteplicit\u00e0 di fattori e congiunture difficilmente ripetibili, \u00e8 stata tuttavia un vero e proprio banco di prova per il \u2018sistema\u2019 veneto: dalla Protezione civile, ai tanti volontari mobilitati in pochissimo tempo. I veneti hanno dimostrato quell\u2019appassionata dedizione alla cultura del fare che, a poco meno di 4 anni da quei tragici giorni si pu\u00f2 definire benchmark nazionale\u201d. Il presidente della Regione Veneto con giusto orgoglio richiama il fatto che \u201cIl Veneto non si \u00e8 pianto addosso: ha ricostruito in fretta e soprattutto ha impiegato le risorse a disposizione per evitare che eventi simili abbiano, in futuro, i medesimi impatti\u201d. E non trascura una menzione meritoria alla gestione del patrimonio boschivo (persi pi\u00f9 di 15 milioni di alberi) spiegando che \u201ccirca l\u201985% del legname, gi\u00e0 nell\u2019ottobre 2020 era stato venduto; di questo, circa il 50% era portato via fisicamente\u201d. Avviandosi a conclusione Zaia evidenzia come: \u201cNella formulazione di questa grande risposta, un ruolo di spessore l\u2019hanno certamente rivestito i \u2018soggetti attuatori\u2019 coinvolti\u201d. Con Veneto Strade che \u201cha svolto una funzione fondamentale ed encomiabile nel ripristinare a tempo di record la percorribilit\u00e0 delle reti viarie e nel realizzare opere strutturali che le rendono pi\u00f9 sicure e capaci di resistere a eventi estremi, sempre pi\u00f9 frequenti a causa dei cambiamenti climatici in atto\u201d. Chiude affermando: \u201cLa comunit\u00e0 veneta ha, pertanto, reagito con grandissimo orgoglio e altrettanta determinazione; grazie all\u2019impegno corale di tutti, dal singolo cittadino agli enti coinvolti, in soli 3 anni sono stati contrattualizzati ed avviati oltre 2.000 cantieri per circa un miliardo di euro. Si tratta di numeri davvero straordinari, che certificano il punto di partenza di un lavoro che proseguir\u00e0, sul solco tracciato a beneficio delle popolazioni colpite da Vaia; l\u2019obiettivo, oltre a ristabilire quanto \u00e8 andato perso, \u00e8 di donare una meritata centralit\u00e0 al territorio montano, che sempre pi\u00f9 sar\u00e0 sotto i riflettori nazionali e internazionali, in vista delle Olimpiadi invernali Milano Cortina 2026\u201d.<\/p>\n\n\t\t\t<style type='text\/css'>\n\t\t\t\t#gallery-6 {\n\t\t\t\t\tmargin: auto;\n\t\t\t\t}\n\t\t\t\t#gallery-6 .gallery-item {\n\t\t\t\t\tfloat: left;\n\t\t\t\t\tmargin-top: 10px;\n\t\t\t\t\ttext-align: center;\n\t\t\t\t\twidth: 16%;\n\t\t\t\t}\n\t\t\t\t#gallery-6 img {\n\t\t\t\t\tborder: 2px solid #cfcfcf;\n\t\t\t\t}\n\t\t\t\t#gallery-6 .gallery-caption {\n\t\t\t\t\tmargin-left: 0;\n\t\t\t\t}\n\t\t\t\t\/* see gallery_shortcode() in wp-includes\/media.php *\/\n\t\t\t<\/style>\n\t\t<div id='gallery-6' class='dt-gallery-container gallery galleryid-317917 gallery-columns-6 gallery-size-thumbnail'><dl class='gallery-item'>\n\t\t\t\t<dt class='gallery-icon landscape'>\n\t\t\t\t\t<a class=\"rollover rollover-zoom dt-pswp-item\" title=\"321668300_1344701906088739_8374532808495561965_n\" data-dt-img-description=\"\" data-large_image_width=\"513\" data-large_image_height=\"403\"href='https:\/\/www.radiopiu.net\/wordpress\/wp-content\/uploads\/2023\/01\/321668300_1344701906088739_8374532808495561965_n.jpg'><img loading=\"lazy\" decoding=\"async\" width=\"150\" height=\"150\" src=\"https:\/\/www.radiopiu.net\/wordpress\/wp-content\/uploads\/2023\/01\/321668300_1344701906088739_8374532808495561965_n-150x150.jpg\" class=\"attachment-thumbnail size-thumbnail\" alt=\"\" \/><\/a>\n\t\t\t\t<\/dt><\/dl><dl class='gallery-item'>\n\t\t\t\t<dt class='gallery-icon landscape'>\n\t\t\t\t\t<a class=\"rollover rollover-zoom dt-pswp-item\" title=\"324941559_1542123626268935_2728264449351654841_n\" data-dt-img-description=\"\" data-large_image_width=\"499\" data-large_image_height=\"403\"href='https:\/\/www.radiopiu.net\/wordpress\/wp-content\/uploads\/2023\/01\/324941559_1542123626268935_2728264449351654841_n.jpg'><img loading=\"lazy\" decoding=\"async\" width=\"150\" height=\"150\" src=\"https:\/\/www.radiopiu.net\/wordpress\/wp-content\/uploads\/2023\/01\/324941559_1542123626268935_2728264449351654841_n-150x150.jpg\" class=\"attachment-thumbnail size-thumbnail\" alt=\"\" \/><\/a>\n\t\t\t\t<\/dt><\/dl><dl class='gallery-item'>\n\t\t\t\t<dt class='gallery-icon portrait'>\n\t\t\t\t\t<a class=\"rollover rollover-zoom dt-pswp-item\" title=\"325088386_708657857333798_4932469050760592884_n\" data-dt-img-description=\"\" data-large_image_width=\"320\" data-large_image_height=\"461\"href='https:\/\/www.radiopiu.net\/wordpress\/wp-content\/uploads\/2023\/01\/325088386_708657857333798_4932469050760592884_n.jpg'><img loading=\"lazy\" decoding=\"async\" width=\"150\" height=\"150\" src=\"https:\/\/www.radiopiu.net\/wordpress\/wp-content\/uploads\/2023\/01\/325088386_708657857333798_4932469050760592884_n-150x150.jpg\" class=\"attachment-thumbnail size-thumbnail\" alt=\"\" \/><\/a>\n\t\t\t\t<\/dt><\/dl><dl class='gallery-item'>\n\t\t\t\t<dt class='gallery-icon landscape'>\n\t\t\t\t\t<a class=\"rollover rollover-zoom dt-pswp-item\" title=\"325031315_845779110059068_568102025199414073_n\" data-dt-img-description=\"\" data-large_image_width=\"575\" data-large_image_height=\"403\"href='https:\/\/www.radiopiu.net\/wordpress\/wp-content\/uploads\/2023\/01\/325031315_845779110059068_568102025199414073_n.jpg'><img loading=\"lazy\" decoding=\"async\" width=\"150\" height=\"150\" src=\"https:\/\/www.radiopiu.net\/wordpress\/wp-content\/uploads\/2023\/01\/325031315_845779110059068_568102025199414073_n-150x150.jpg\" class=\"attachment-thumbnail size-thumbnail\" alt=\"\" \/><\/a>\n\t\t\t\t<\/dt><\/dl><dl class='gallery-item'>\n\t\t\t\t<dt class='gallery-icon portrait'>\n\t\t\t\t\t<a class=\"rollover rollover-zoom dt-pswp-item\" title=\"326227404_533798948814567_4703338430386204952_n\" data-dt-img-description=\"\" data-large_image_width=\"336\" data-large_image_height=\"403\"href='https:\/\/www.radiopiu.net\/wordpress\/wp-content\/uploads\/2023\/01\/326227404_533798948814567_4703338430386204952_n.jpg'><img loading=\"lazy\" decoding=\"async\" width=\"150\" height=\"150\" src=\"https:\/\/www.radiopiu.net\/wordpress\/wp-content\/uploads\/2023\/01\/326227404_533798948814567_4703338430386204952_n-150x150.jpg\" class=\"attachment-thumbnail size-thumbnail\" alt=\"\" \/><\/a>\n\t\t\t\t<\/dt><\/dl><dl class='gallery-item'>\n\t\t\t\t<dt class='gallery-icon landscape'>\n\t\t\t\t\t<a class=\"rollover rollover-zoom dt-pswp-item\" title=\"324802641_5979716022108398_8875314772323209054_n\" data-dt-img-description=\"\" data-large_image_width=\"595\" data-large_image_height=\"403\"href='https:\/\/www.radiopiu.net\/wordpress\/wp-content\/uploads\/2023\/01\/324802641_5979716022108398_8875314772323209054_n.jpg'><img loading=\"lazy\" decoding=\"async\" width=\"150\" height=\"150\" src=\"https:\/\/www.radiopiu.net\/wordpress\/wp-content\/uploads\/2023\/01\/324802641_5979716022108398_8875314772323209054_n-150x150.jpg\" class=\"attachment-thumbnail size-thumbnail\" alt=\"\" \/><\/a>\n\t\t\t\t<\/dt><\/dl><br style=\"clear: both\" \/><dl class='gallery-item'>\n\t\t\t\t<dt class='gallery-icon landscape'>\n\t\t\t\t\t<a class=\"rollover rollover-zoom dt-pswp-item\" title=\"326161383_715800110078044_3182660888699834746_n\" data-dt-img-description=\"\" data-large_image_width=\"788\" data-large_image_height=\"403\"href='https:\/\/www.radiopiu.net\/wordpress\/wp-content\/uploads\/2023\/01\/326161383_715800110078044_3182660888699834746_n.jpg'><img loading=\"lazy\" decoding=\"async\" width=\"150\" height=\"150\" src=\"https:\/\/www.radiopiu.net\/wordpress\/wp-content\/uploads\/2023\/01\/326161383_715800110078044_3182660888699834746_n-150x150.jpg\" class=\"attachment-thumbnail size-thumbnail\" alt=\"\" \/><\/a>\n\t\t\t\t<\/dt><\/dl><dl class='gallery-item'>\n\t\t\t\t<dt class='gallery-icon landscape'>\n\t\t\t\t\t<a class=\"rollover rollover-zoom dt-pswp-item\" title=\"324982010_759365391733658_400264113353231264_n\" data-dt-img-description=\"\" data-large_image_width=\"801\" data-large_image_height=\"403\"href='https:\/\/www.radiopiu.net\/wordpress\/wp-content\/uploads\/2023\/01\/324982010_759365391733658_400264113353231264_n.jpg'><img loading=\"lazy\" decoding=\"async\" width=\"150\" height=\"150\" src=\"https:\/\/www.radiopiu.net\/wordpress\/wp-content\/uploads\/2023\/01\/324982010_759365391733658_400264113353231264_n-150x150.jpg\" class=\"attachment-thumbnail size-thumbnail\" alt=\"\" \/><\/a>\n\t\t\t\t<\/dt><\/dl><dl class='gallery-item'>\n\t\t\t\t<dt class='gallery-icon landscape'>\n\t\t\t\t\t<a class=\"rollover rollover-zoom dt-pswp-item\" title=\"326094782_1351514882056392_2824459860363017611_n\" data-dt-img-description=\"\" data-large_image_width=\"720\" data-large_image_height=\"400\"href='https:\/\/www.radiopiu.net\/wordpress\/wp-content\/uploads\/2023\/01\/326094782_1351514882056392_2824459860363017611_n.jpg'><img loading=\"lazy\" decoding=\"async\" width=\"150\" height=\"150\" src=\"https:\/\/www.radiopiu.net\/wordpress\/wp-content\/uploads\/2023\/01\/326094782_1351514882056392_2824459860363017611_n-150x150.jpg\" class=\"attachment-thumbnail size-thumbnail\" alt=\"\" \/><\/a>\n\t\t\t\t<\/dt><\/dl><dl class='gallery-item'>\n\t\t\t\t<dt class='gallery-icon landscape'>\n\t\t\t\t\t<a class=\"rollover rollover-zoom dt-pswp-item\" title=\"324921590_6231204523598070_2321959904878506817_n\" data-dt-img-description=\"\" data-large_image_width=\"458\" data-large_image_height=\"403\"href='https:\/\/www.radiopiu.net\/wordpress\/wp-content\/uploads\/2023\/01\/324921590_6231204523598070_2321959904878506817_n.jpg'><img loading=\"lazy\" decoding=\"async\" width=\"150\" height=\"150\" src=\"https:\/\/www.radiopiu.net\/wordpress\/wp-content\/uploads\/2023\/01\/324921590_6231204523598070_2321959904878506817_n-150x150.jpg\" class=\"attachment-thumbnail size-thumbnail\" alt=\"\" \/><\/a>\n\t\t\t\t<\/dt><\/dl><dl class='gallery-item'>\n\t\t\t\t<dt class='gallery-icon landscape'>\n\t\t\t\t\t<a class=\"rollover rollover-zoom dt-pswp-item\" title=\"324809532_727026605433778_5025468985619036358_n\" data-dt-img-description=\"\" data-large_image_width=\"563\" data-large_image_height=\"403\"href='https:\/\/www.radiopiu.net\/wordpress\/wp-content\/uploads\/2023\/01\/324809532_727026605433778_5025468985619036358_n.jpg'><img loading=\"lazy\" decoding=\"async\" width=\"150\" height=\"150\" src=\"https:\/\/www.radiopiu.net\/wordpress\/wp-content\/uploads\/2023\/01\/324809532_727026605433778_5025468985619036358_n-150x150.jpg\" class=\"attachment-thumbnail size-thumbnail\" alt=\"\" \/><\/a>\n\t\t\t\t<\/dt><\/dl><dl class='gallery-item'>\n\t\t\t\t<dt class='gallery-icon portrait'>\n\t\t\t\t\t<a class=\"rollover rollover-zoom dt-pswp-item\" title=\"325967633_691959912413791_6363268359218052680_n\" data-dt-img-description=\"\" data-large_image_width=\"305\" data-large_image_height=\"480\"href='https:\/\/www.radiopiu.net\/wordpress\/wp-content\/uploads\/2023\/01\/325967633_691959912413791_6363268359218052680_n.jpg'><img loading=\"lazy\" decoding=\"async\" width=\"150\" height=\"150\" src=\"https:\/\/www.radiopiu.net\/wordpress\/wp-content\/uploads\/2023\/01\/325967633_691959912413791_6363268359218052680_n-150x150.jpg\" class=\"attachment-thumbnail size-thumbnail\" alt=\"\" \/><\/a>\n\t\t\t\t<\/dt><\/dl><br style=\"clear: both\" \/><dl class='gallery-item'>\n\t\t\t\t<dt class='gallery-icon landscape'>\n\t\t\t\t\t<a class=\"rollover rollover-zoom dt-pswp-item\" title=\"326539297_3623433904551425_4485575528727864013_n\" data-dt-img-description=\"\" data-large_image_width=\"851\" data-large_image_height=\"400\"href='https:\/\/www.radiopiu.net\/wordpress\/wp-content\/uploads\/2023\/01\/326539297_3623433904551425_4485575528727864013_n.jpg'><img loading=\"lazy\" decoding=\"async\" width=\"150\" height=\"150\" src=\"https:\/\/www.radiopiu.net\/wordpress\/wp-content\/uploads\/2023\/01\/326539297_3623433904551425_4485575528727864013_n-150x150.jpg\" class=\"attachment-thumbnail size-thumbnail\" alt=\"\" \/><\/a>\n\t\t\t\t<\/dt><\/dl><dl class='gallery-item'>\n\t\t\t\t<dt class='gallery-icon portrait'>\n\t\t\t\t\t<a class=\"rollover rollover-zoom dt-pswp-item\" title=\"326449488_863883651392456_3935456779460459040_n\" data-dt-img-description=\"\" data-large_image_width=\"320\" data-large_image_height=\"514\"href='https:\/\/www.radiopiu.net\/wordpress\/wp-content\/uploads\/2023\/01\/326449488_863883651392456_3935456779460459040_n.jpg'><img loading=\"lazy\" decoding=\"async\" width=\"150\" height=\"150\" src=\"https:\/\/www.radiopiu.net\/wordpress\/wp-content\/uploads\/2023\/01\/326449488_863883651392456_3935456779460459040_n-150x150.jpg\" class=\"attachment-thumbnail size-thumbnail\" alt=\"\" \/><\/a>\n\t\t\t\t<\/dt><\/dl><dl class='gallery-item'>\n\t\t\t\t<dt class='gallery-icon landscape'>\n\t\t\t\t\t<a class=\"rollover rollover-zoom dt-pswp-item\" title=\"326567591_1312735812837284_8863532596411820103_n\" data-dt-img-description=\"\" data-large_image_width=\"565\" data-large_image_height=\"403\"href='https:\/\/www.radiopiu.net\/wordpress\/wp-content\/uploads\/2023\/01\/326567591_1312735812837284_8863532596411820103_n.jpg'><img loading=\"lazy\" decoding=\"async\" width=\"150\" height=\"150\" src=\"https:\/\/www.radiopiu.net\/wordpress\/wp-content\/uploads\/2023\/01\/326567591_1312735812837284_8863532596411820103_n-150x150.jpg\" class=\"attachment-thumbnail size-thumbnail\" alt=\"\" \/><\/a>\n\t\t\t\t<\/dt><\/dl><dl class='gallery-item'>\n\t\t\t\t<dt class='gallery-icon landscape'>\n\t\t\t\t\t<a class=\"rollover rollover-zoom dt-pswp-item\" title=\"325617039_645408510690486_2740486443291870606_n\" data-dt-img-description=\"\" data-large_image_width=\"567\" data-large_image_height=\"403\"href='https:\/\/www.radiopiu.net\/wordpress\/wp-content\/uploads\/2023\/01\/325617039_645408510690486_2740486443291870606_n.jpg'><img loading=\"lazy\" decoding=\"async\" width=\"150\" height=\"150\" src=\"https:\/\/www.radiopiu.net\/wordpress\/wp-content\/uploads\/2023\/01\/325617039_645408510690486_2740486443291870606_n-150x150.jpg\" class=\"attachment-thumbnail size-thumbnail\" alt=\"\" \/><\/a>\n\t\t\t\t<\/dt><\/dl><dl class='gallery-item'>\n\t\t\t\t<dt class='gallery-icon landscape'>\n\t\t\t\t\t<a class=\"rollover rollover-zoom dt-pswp-item\" title=\"326119130_702107454628361_937832684705174859_n\" data-dt-img-description=\"\" data-large_image_width=\"571\" data-large_image_height=\"403\"href='https:\/\/www.radiopiu.net\/wordpress\/wp-content\/uploads\/2023\/01\/326119130_702107454628361_937832684705174859_n.jpg'><img loading=\"lazy\" decoding=\"async\" width=\"150\" height=\"150\" src=\"https:\/\/www.radiopiu.net\/wordpress\/wp-content\/uploads\/2023\/01\/326119130_702107454628361_937832684705174859_n-150x150.jpg\" class=\"attachment-thumbnail size-thumbnail\" alt=\"\" \/><\/a>\n\t\t\t\t<\/dt><\/dl>\n\t\t\t\t<br style='clear: both' \/>\n\t\t\t<\/div>\n\n<p>&nbsp;<\/p>\n<p>NELLE FOTO (riproduzioni dal libro\u201dTempesta Vaia. Cronaca di una tragedia\u201d, di Federica Broglio): la copertina dello splendido volume; ultima di copertina; il presidente della Regione Veneto, Luca Zaia; gravi danni al patrimonio boschivo e alla viabilit\u00e0; partono i lavori di somma urgenza.<\/p>\n<p>&nbsp;<\/p>\n<p>&nbsp;<\/p>\n<hr \/>\n<p>&nbsp;<\/p>\n<p><iframe loading=\"lazy\" title=\"Radio Pi\u00f9 festeggia i suoi primi 40 anni di attivit\u00e0\" width=\"1200\" height=\"675\" src=\"https:\/\/www.youtube.com\/embed\/6ptB04FauBE?feature=oembed\" frameborder=\"0\" allow=\"accelerometer; autoplay; clipboard-write; encrypted-media; gyroscope; picture-in-picture; web-share\" allowfullscreen><\/iframe><\/p>\n<p>&nbsp;<\/p>\n<p>&nbsp;<\/p>\n<p>&nbsp;<\/p>\n<hr \/>\n<div id=\"title\" class=\"style-scope ytd-watch-metadata\"><\/div>\n<p>&nbsp;<\/p>\n<blockquote>\n<blockquote>\n<h2>APPUNTAMENTI &#8211; EVENTI<\/h2>\n<\/blockquote>\n\n\t\t\t<style type='text\/css'>\n\t\t\t\t#gallery-7 {\n\t\t\t\t\tmargin: auto;\n\t\t\t\t}\n\t\t\t\t#gallery-7 .gallery-item {\n\t\t\t\t\tfloat: left;\n\t\t\t\t\tmargin-top: 10px;\n\t\t\t\t\ttext-align: center;\n\t\t\t\t\twidth: 33%;\n\t\t\t\t}\n\t\t\t\t#gallery-7 img {\n\t\t\t\t\tborder: 2px solid #cfcfcf;\n\t\t\t\t}\n\t\t\t\t#gallery-7 .gallery-caption {\n\t\t\t\t\tmargin-left: 0;\n\t\t\t\t}\n\t\t\t\t\/* see gallery_shortcode() in wp-includes\/media.php *\/\n\t\t\t<\/style>\n\t\t<div id='gallery-7' class='dt-gallery-container gallery galleryid-317917 gallery-columns-3 gallery-size-medium'><dl class='gallery-item'>\n\t\t\t\t<dt class='gallery-icon portrait'>\n\t\t\t\t\t<a class=\"rollover rollover-zoom dt-pswp-item\" title=\"34712c4d-1310-4db5-a620-fe6ede9a0848\" data-dt-img-description=\"\" data-large_image_width=\"1131\" data-large_image_height=\"1600\"href='https:\/\/www.radiopiu.net\/wordpress\/wp-content\/uploads\/2023\/01\/34712c4d-1310-4db5-a620-fe6ede9a0848.jpg'><img loading=\"lazy\" decoding=\"async\" width=\"212\" height=\"300\" src=\"https:\/\/www.radiopiu.net\/wordpress\/wp-content\/uploads\/2023\/01\/34712c4d-1310-4db5-a620-fe6ede9a0848-212x300.jpg\" class=\"attachment-medium size-medium\" alt=\"\" aria-describedby=\"gallery-7-316092\" srcset=\"https:\/\/www.radiopiu.net\/wordpress\/wp-content\/uploads\/2023\/01\/34712c4d-1310-4db5-a620-fe6ede9a0848-212x300.jpg 212w, https:\/\/www.radiopiu.net\/wordpress\/wp-content\/uploads\/2023\/01\/34712c4d-1310-4db5-a620-fe6ede9a0848-724x1024.jpg 724w, https:\/\/www.radiopiu.net\/wordpress\/wp-content\/uploads\/2023\/01\/34712c4d-1310-4db5-a620-fe6ede9a0848-768x1086.jpg 768w, https:\/\/www.radiopiu.net\/wordpress\/wp-content\/uploads\/2023\/01\/34712c4d-1310-4db5-a620-fe6ede9a0848-1086x1536.jpg 1086w, https:\/\/www.radiopiu.net\/wordpress\/wp-content\/uploads\/2023\/01\/34712c4d-1310-4db5-a620-fe6ede9a0848.jpg 1131w\" sizes=\"auto, (max-width: 212px) 100vw, 212px\" \/><\/a>\n\t\t\t\t<\/dt>\n\t\t\t\t\t<dd class='wp-caption-text gallery-caption' id='gallery-7-316092'>\n\t\t\t\t\tDAL FARRA E BAND IN CONCERTO A LONGARONE\n\t\t\t\t\t<\/dd><\/dl><dl class='gallery-item'>\n\t\t\t\t<dt class='gallery-icon portrait'>\n\t\t\t\t\t<a class=\"rollover rollover-zoom dt-pswp-item\" title=\"323705541_1631039457354113_1450674556092689641_n\" data-dt-img-description=\"\" data-large_image_width=\"1546\" data-large_image_height=\"2048\"href='https:\/\/www.radiopiu.net\/wordpress\/wp-content\/uploads\/2023\/01\/323705541_1631039457354113_1450674556092689641_n-1.jpg'><img loading=\"lazy\" decoding=\"async\" width=\"226\" height=\"300\" src=\"https:\/\/www.radiopiu.net\/wordpress\/wp-content\/uploads\/2023\/01\/323705541_1631039457354113_1450674556092689641_n-1-226x300.jpg\" class=\"attachment-medium size-medium\" alt=\"\" aria-describedby=\"gallery-7-316096\" srcset=\"https:\/\/www.radiopiu.net\/wordpress\/wp-content\/uploads\/2023\/01\/323705541_1631039457354113_1450674556092689641_n-1-226x300.jpg 226w, https:\/\/www.radiopiu.net\/wordpress\/wp-content\/uploads\/2023\/01\/323705541_1631039457354113_1450674556092689641_n-1-773x1024.jpg 773w, https:\/\/www.radiopiu.net\/wordpress\/wp-content\/uploads\/2023\/01\/323705541_1631039457354113_1450674556092689641_n-1-768x1017.jpg 768w, https:\/\/www.radiopiu.net\/wordpress\/wp-content\/uploads\/2023\/01\/323705541_1631039457354113_1450674556092689641_n-1-1160x1536.jpg 1160w, https:\/\/www.radiopiu.net\/wordpress\/wp-content\/uploads\/2023\/01\/323705541_1631039457354113_1450674556092689641_n-1.jpg 1546w\" sizes=\"auto, (max-width: 226px) 100vw, 226px\" \/><\/a>\n\t\t\t\t<\/dt>\n\t\t\t\t\t<dd class='wp-caption-text gallery-caption' id='gallery-7-316096'>\n\t\t\t\t\tLE IMMAGINI D&#8217;EPOCA\n\t\t\t\t\t<\/dd><\/dl><dl class='gallery-item'>\n\t\t\t\t<dt class='gallery-icon portrait'>\n\t\t\t\t\t<a class=\"rollover rollover-zoom dt-pswp-item\" title=\"e77519b2-cab4-47fd-a5a3-8ecb7c6453ab\" data-dt-img-description=\"\" data-large_image_width=\"1080\" data-large_image_height=\"1350\"href='https:\/\/www.radiopiu.net\/wordpress\/wp-content\/uploads\/2023\/01\/e77519b2-cab4-47fd-a5a3-8ecb7c6453ab.jpg'><img loading=\"lazy\" decoding=\"async\" width=\"240\" height=\"300\" src=\"https:\/\/www.radiopiu.net\/wordpress\/wp-content\/uploads\/2023\/01\/e77519b2-cab4-47fd-a5a3-8ecb7c6453ab-240x300.jpg\" class=\"attachment-medium size-medium\" alt=\"\" aria-describedby=\"gallery-7-317089\" srcset=\"https:\/\/www.radiopiu.net\/wordpress\/wp-content\/uploads\/2023\/01\/e77519b2-cab4-47fd-a5a3-8ecb7c6453ab-240x300.jpg 240w, https:\/\/www.radiopiu.net\/wordpress\/wp-content\/uploads\/2023\/01\/e77519b2-cab4-47fd-a5a3-8ecb7c6453ab-819x1024.jpg 819w, https:\/\/www.radiopiu.net\/wordpress\/wp-content\/uploads\/2023\/01\/e77519b2-cab4-47fd-a5a3-8ecb7c6453ab-768x960.jpg 768w, https:\/\/www.radiopiu.net\/wordpress\/wp-content\/uploads\/2023\/01\/e77519b2-cab4-47fd-a5a3-8ecb7c6453ab.jpg 1080w\" sizes=\"auto, (max-width: 240px) 100vw, 240px\" \/><\/a>\n\t\t\t\t<\/dt>\n\t\t\t\t\t<dd class='wp-caption-text gallery-caption' id='gallery-7-317089'>\n\t\t\t\t\tLA MAMMA DI ARLECCHINO NON DORME MAI\n\t\t\t\t\t<\/dd><\/dl><br style=\"clear: both\" \/>\n\t\t\t<\/div>\n<\/blockquote>\n<p>&nbsp;<\/p>\n<hr \/>\n<p>&nbsp;<\/p>\n<blockquote>\n<h3>L&#8217;OPINIONE&#8230;DI ILIANA COMINA<\/h3>\n<\/blockquote>\n<p><em><a class=\"dt-pswp-item\" href=\"https:\/\/www.radiopiu.net\/wordpress\/wp-content\/uploads\/2023\/01\/iphone-gd7b9ed1f0_1920.jpg\" data-dt-img-description=\"\" data-large_image_width=\"1920\" data-large_image_height=\"1280\"><img loading=\"lazy\" decoding=\"async\" class=\" wp-image-317937 alignleft\" src=\"https:\/\/www.radiopiu.net\/wordpress\/wp-content\/uploads\/2023\/01\/iphone-gd7b9ed1f0_1920-300x200.jpg\" alt=\"\" width=\"233\" height=\"155\" srcset=\"https:\/\/www.radiopiu.net\/wordpress\/wp-content\/uploads\/2023\/01\/iphone-gd7b9ed1f0_1920-300x200.jpg 300w, https:\/\/www.radiopiu.net\/wordpress\/wp-content\/uploads\/2023\/01\/iphone-gd7b9ed1f0_1920-1024x683.jpg 1024w, https:\/\/www.radiopiu.net\/wordpress\/wp-content\/uploads\/2023\/01\/iphone-gd7b9ed1f0_1920-768x512.jpg 768w, https:\/\/www.radiopiu.net\/wordpress\/wp-content\/uploads\/2023\/01\/iphone-gd7b9ed1f0_1920-1536x1024.jpg 1536w, https:\/\/www.radiopiu.net\/wordpress\/wp-content\/uploads\/2023\/01\/iphone-gd7b9ed1f0_1920.jpg 1920w\" sizes=\"auto, (max-width: 233px) 100vw, 233px\" \/><\/a>Le notizie, la radio, gli esperti, le opinioni e tutto il resto\u2026Stamane ho discusso un po\u2019 col Mezza, per due righe che non trovavo consone a una notizia. <\/em><em>Abbiamo parlato un po\u2019 e si \u00e8 formata nella mia testa una riflessione pi\u00f9 ampia che mi sento di buttare gi\u00f9 di pancia come uso fare io. Spesso mi trovo \u201ctra\u201d chi da la notizia e chi la riceve, ovvero vedo e so cosa \u00e8 un comunicato stampa, vedo e so come si cerca di verificare una notizia, vedo e so che le persone coinvolte a volte parlano a volte no. Vedo poi chi le riceve con il suo carico di opinioni (lecite) e commenti a volte imbarazzanti. Le notizie non sono facili da dare sono composte da \u201ccose\u201d che arrivano \u201cconfezionate\u201d in parte per cui per quanto imparziali contengono sempre una linea di pensiero pare ovvio no? E invece no, a volte non lo \u00e8 perch\u00e9 chi riceve la notizia e la pensa in modo diverso, accusa chi la notizia la da (la da, la veicola, non \u00e8 PARTE dei fatti) di essere tendenzioso o parziale. Poco conta ribadire che se si ha una idea contraria c\u2019\u00e8 spazio per tutti, vale pi\u00f9 la polemica che la voglia o il coraggio di esporsi per esprimere opinioni diverse (non due righe di commento ilare o maleducato o offensivo) OPINIONI DIVERSE circostanziate, responsabili, composte. Piace soprattutto sui social questo sottobosco di critiche, commenti sprezzanti, maleducati, aggressivi, alla ricerca di un like o del sostegno di un gruppetto di persone che fomentino una discussione il pi\u00f9 delle volte inutile, con un meccanismo davvero tribale e primitivo. Quanto sarebbe utile avere un dialogo costruttivo soprattutto da parte delle persone pi\u00f9 mature per costruire un perfezionamento della notizia o un dibattito serio che apporti qualcosa di utile. <\/em><em>Impossibile. Dare le notizie implica anche una responsabilit\u00e0 e un rischio che io francamente non mi prenderei, vuole dire anche fidarsi delle persone, l\u2019errore \u00e8 sempre dietro l\u2019angolo, chi ti dice che c\u2019era raccontando un fatto e poi invece scopri che non \u00e8 vero ma lo ha sentito dire (spiegalo poi tu a chi legge\u2026) chi ti manda una foto assicurandoti che puoi pubblicarla per poi trovarti multato perch\u00e9 si vede l\u2019orecchio riconoscibile di una persona (!!). Arrivano poi le critiche perch\u00e9 puoi aver scritto una cosa sbagliata, un nome, una localit\u00e0, una misura, un peso, le dimensioni di un\u2019area ecc. Beh signori non solo esistono i refusi ma se chi da le notizie fosse esperto del 100% della conoscenza umana probabilmente non farebbe quello che fa ma starebbe col culo al sole sorseggiando spriz (perch\u00e9 ci piacciono le tradizioni) su un\u2019isola di sua propriet\u00e0 vi pare? Che poi gli esperti\u2026in questi anni c\u2019\u00e8 la guerra degli esperti lo vediamo in tv tutti i giorni\u2026.c\u2019\u00e8 da chiedersi se i veri esperti alla fine stiano zitti proprio perch\u00e9 ne sanno pi\u00f9 di altri ma non vogliono certo entrare in certi gironi infernali\u2026Ecco, dare le notizie \u00e8 un casino, a volte c\u2019\u00e8 tanta di quella polemica di ritorno che a me passerebbe la voglia, a volte mi chiedo se le persone si dimentichino totalmente di battaglie fatte per la comunit\u00e0, di sofferenze passate del territorio scritte, raccontate e guarite anche grazie alla parola e alla condivisione che ha portato aiuto e coraggio per tutti. A volte diamo il peggio di noi per mettere inutili puntini sulle i o non abbiamo la banale buona educazione di correggere il lavoro di altri ma abbiamo solo voglia di imbrattarlo perch\u00e8 \u201cnoi ne sappiamo di pi\u00f9\u201d. Che in certe situazioni \u00e8 anche vero, ma svalutiamo anche la nostra di conoscenza buttandola li senza un briciolo di educazione e gentilezza rendendo il nostro contributo inutile, senza valore. La gentilezza, questa sconosciuta\u2026 il Treccani la definisce come \u201camabilit\u00e0, garbo, cortesia nel trattare con altri\u201d. Quando abbiamo perso questo saper fare e avvicinarsi al prossimo? ma soprattutto perch\u00e8 lo abbiamo perso? In nome e guadagno di cosa? Di una schiacciante maleducata imposizione delle nostre opinioni che valgono quanto quelle di chiunque altro per cui va da se non siano risolutive di nessuna discussione n\u00e9 portatrici di reali soluzioni a qualsivoglia problema? E\u2019 difficile non farsi prendere la mano quando i commenti si sprecano, \u00e8 imbarazzante e fa soffrire leggere certe parole rivolte magari a chi ha perso qualcuno, non si riesce a limitare o far rientrare nei binari un confronto sui social, non resta che chiudere i commenti\u2026alla faccia del dialogo e del confronto. In una piccola comunit\u00e0 mi aspetterei questo, un po\u2019 pi\u00f9 di gentilezza. Le persone che scrivono poi le ritrovi per strada, al supermercato, al bar, se ci comportassimo \u201cdi persona\u201d come succede su certe pagine social il PS sarebbe gremito ogni giorno\u2026e allora perch\u00e8 lo facciamo? Quanto idiota \u00e8 questa cosa? Pare che non stiamo imparando, non ci stiamo evolvendo\u2026forse ci penser\u00e0 l\u2019intelligenza artificiale ad essere pi\u00f9 intelligente ed empatica di noi e a quel punto caler\u00e0 il silenzio, per tutti.<\/em><\/p>\n<p><em><strong>Iliana Comina<\/strong><\/em><\/p>\n<p>&nbsp;<\/p>\n<hr \/>\n<p>&nbsp;<\/p>\n<blockquote>\n<h3>IN ROTAZIONE ALLA RADIO I RAGAZZI DELLA SECONDA MEDIA DI SEDICO<\/h3>\n<\/blockquote>\n<p><a class=\"dt-pswp-item\" href=\"https:\/\/www.radiopiu.net\/wordpress\/wp-content\/uploads\/2023\/01\/download-8.jpg\" data-dt-img-description=\"\" data-large_image_width=\"236\" data-large_image_height=\"214\"><img loading=\"lazy\" decoding=\"async\" class=\"size-full wp-image-317820 aligncenter\" src=\"https:\/\/www.radiopiu.net\/wordpress\/wp-content\/uploads\/2023\/01\/download-8.jpg\" alt=\"\" width=\"236\" height=\"214\" \/><\/a><\/p>\n<p>&nbsp;<\/p>\n<p><strong>REDAZIONE<\/strong> Applausi, per i ragazzi e le ragazze delle seconde della scuola media di Sedico, sabato 28\u00a0 e domenica 29 saranno impegnati nella vendita delle arance della salute a favore dell&#8217;Airc, l&#8217;associazione per la ricerca sul cancro. Gli studenti hanno autoprodotto gli spot che ascolteremo\u00a0 alla radio attendendo l&#8217;appuntamento di Sedico.<\/p>\n<p>&nbsp;<\/p>\n<p><strong>1<\/strong><\/p>\n<audio class=\"wp-audio-shortcode\" id=\"audio-317917-8\" preload=\"none\" style=\"width: 100%;\" controls=\"controls\"><source type=\"audio\/mpeg\" src=\"https:\/\/www.radiopiu.net\/wordpress\/wp-content\/uploads\/2023\/01\/aric1.mp3?_=8\" \/><a href=\"https:\/\/www.radiopiu.net\/wordpress\/wp-content\/uploads\/2023\/01\/aric1.mp3\">https:\/\/www.radiopiu.net\/wordpress\/wp-content\/uploads\/2023\/01\/aric1.mp3<\/a><\/audio>\n<p><strong>2<\/strong><\/p>\n<audio class=\"wp-audio-shortcode\" id=\"audio-317917-9\" preload=\"none\" style=\"width: 100%;\" controls=\"controls\"><source type=\"audio\/mpeg\" src=\"https:\/\/www.radiopiu.net\/wordpress\/wp-content\/uploads\/2023\/01\/airc2.mp3?_=9\" \/><a href=\"https:\/\/www.radiopiu.net\/wordpress\/wp-content\/uploads\/2023\/01\/airc2.mp3\">https:\/\/www.radiopiu.net\/wordpress\/wp-content\/uploads\/2023\/01\/airc2.mp3<\/a><\/audio>\n<p><strong>3<\/strong><\/p>\n<audio class=\"wp-audio-shortcode\" id=\"audio-317917-10\" preload=\"none\" style=\"width: 100%;\" controls=\"controls\"><source type=\"audio\/mpeg\" src=\"https:\/\/www.radiopiu.net\/wordpress\/wp-content\/uploads\/2023\/01\/airc3.mp3?_=10\" \/><a href=\"https:\/\/www.radiopiu.net\/wordpress\/wp-content\/uploads\/2023\/01\/airc3.mp3\">https:\/\/www.radiopiu.net\/wordpress\/wp-content\/uploads\/2023\/01\/airc3.mp3<\/a><\/audio>\n<p><strong>4<\/strong><\/p>\n<audio class=\"wp-audio-shortcode\" id=\"audio-317917-11\" preload=\"none\" style=\"width: 100%;\" controls=\"controls\"><source type=\"audio\/mpeg\" src=\"https:\/\/www.radiopiu.net\/wordpress\/wp-content\/uploads\/2023\/01\/airc4.mp3?_=11\" \/><a href=\"https:\/\/www.radiopiu.net\/wordpress\/wp-content\/uploads\/2023\/01\/airc4.mp3\">https:\/\/www.radiopiu.net\/wordpress\/wp-content\/uploads\/2023\/01\/airc4.mp3<\/a><\/audio>\n<p><strong>5<\/strong><\/p>\n<audio class=\"wp-audio-shortcode\" id=\"audio-317917-12\" preload=\"none\" style=\"width: 100%;\" controls=\"controls\"><source type=\"audio\/mpeg\" src=\"https:\/\/www.radiopiu.net\/wordpress\/wp-content\/uploads\/2023\/01\/airc5.mp3?_=12\" \/><a href=\"https:\/\/www.radiopiu.net\/wordpress\/wp-content\/uploads\/2023\/01\/airc5.mp3\">https:\/\/www.radiopiu.net\/wordpress\/wp-content\/uploads\/2023\/01\/airc5.mp3<\/a><\/audio>\n<p>&nbsp;<\/p>\n<p>&nbsp;<\/p>\n<p>&nbsp;<\/p>\n<p>&nbsp;<\/p>\n<p>&nbsp;<\/p>\n<hr \/>\n<p>&nbsp;<\/p>\n<h2><strong><a class=\"dt-pswp-item\" href=\"https:\/\/www.radiopiu.net\/wordpress\/wp-content\/uploads\/2020\/12\/DON-GIORGIO-LISE.jpg\" data-dt-img-description=\"\" data-large_image_width=\"1600\" data-large_image_height=\"901\"><img loading=\"lazy\" decoding=\"async\" class=\" wp-image-177420 alignleft\" src=\"https:\/\/www.radiopiu.net\/wordpress\/wp-content\/uploads\/2020\/12\/DON-GIORGIO-LISE-300x169.jpg\" alt=\"\" width=\"211\" height=\"119\" srcset=\"https:\/\/www.radiopiu.net\/wordpress\/wp-content\/uploads\/2020\/12\/DON-GIORGIO-LISE-300x169.jpg 300w, https:\/\/www.radiopiu.net\/wordpress\/wp-content\/uploads\/2020\/12\/DON-GIORGIO-LISE-1024x577.jpg 1024w, https:\/\/www.radiopiu.net\/wordpress\/wp-content\/uploads\/2020\/12\/DON-GIORGIO-LISE-768x432.jpg 768w, https:\/\/www.radiopiu.net\/wordpress\/wp-content\/uploads\/2020\/12\/DON-GIORGIO-LISE-1536x865.jpg 1536w, https:\/\/www.radiopiu.net\/wordpress\/wp-content\/uploads\/2020\/12\/DON-GIORGIO-LISE.jpg 1600w\" sizes=\"auto, (max-width: 211px) 100vw, 211px\" \/><\/a><\/strong><span style=\"color: #0000ff;\">DUE MINUTI PER TE<\/span><\/h2>\n<p><strong>APPUNTAMENTO DELLA DOMENICA CON IL PENSIERO DI MONSIGNOR GIORGIO LISE<\/strong><\/p>\n<audio class=\"wp-audio-shortcode\" id=\"audio-317917-13\" preload=\"none\" style=\"width: 100%;\" controls=\"controls\"><source type=\"audio\/mpeg\" src=\"https:\/\/www.radiopiu.net\/wordpress\/wp-content\/uploads\/2023\/01\/DON-GIORGIO-2.mp3?_=13\" \/><a href=\"https:\/\/www.radiopiu.net\/wordpress\/wp-content\/uploads\/2023\/01\/DON-GIORGIO-2.mp3\">https:\/\/www.radiopiu.net\/wordpress\/wp-content\/uploads\/2023\/01\/DON-GIORGIO-2.mp3<\/a><\/audio>\n<p>&nbsp;<\/p>\n<hr \/>\n<p>&nbsp;<\/p>\n<div>\n<div class=\"b654a4as d2edcug0\">\n<div class=\"rq0escxv hkbzh7o3 jwdofwj8 n8tt0mok r8blr3vg hyh9befq\">\n<p><a class=\"dt-pswp-item\" href=\"https:\/\/www.radiopiu.net\/wordpress\/wp-content\/uploads\/2020\/10\/pp.jpg\" data-dt-img-description=\"\" data-large_image_width=\"640\" data-large_image_height=\"640\"><img loading=\"lazy\" decoding=\"async\" class=\"wp-image-163678 alignleft\" src=\"https:\/\/www.radiopiu.net\/wordpress\/wp-content\/uploads\/2020\/10\/pp-300x300.jpg\" alt=\"\" width=\"106\" height=\"106\" srcset=\"https:\/\/www.radiopiu.net\/wordpress\/wp-content\/uploads\/2020\/10\/pp-300x300.jpg 300w, https:\/\/www.radiopiu.net\/wordpress\/wp-content\/uploads\/2020\/10\/pp-150x150.jpg 150w, https:\/\/www.radiopiu.net\/wordpress\/wp-content\/uploads\/2020\/10\/pp-125x125.jpg 125w, https:\/\/www.radiopiu.net\/wordpress\/wp-content\/uploads\/2020\/10\/pp-200x200.jpg 200w, https:\/\/www.radiopiu.net\/wordpress\/wp-content\/uploads\/2020\/10\/pp-80x80.jpg 80w, https:\/\/www.radiopiu.net\/wordpress\/wp-content\/uploads\/2020\/10\/pp-480x480.jpg 480w, https:\/\/www.radiopiu.net\/wordpress\/wp-content\/uploads\/2020\/10\/pp.jpg 640w\" sizes=\"auto, (max-width: 106px) 100vw, 106px\" \/><\/a><\/p>\n<\/div>\n<\/div>\n<\/div>\n<div>\n<div class=\"page-title-head hgroup\">\n<div class=\"page-title-head hgroup\">\n<div class=\"b654a4as d2edcug0\">\n<div class=\"j83agx80 btwxx1t3 lhclo0ds hop8lmos nkwizq5d scwd0bx6 roh60bw9\">\n<div class=\"rq0escxv hkbzh7o3 jwdofwj8 n8tt0mok r8blr3vg hyh9befq\">\n<div class=\"do00u71z l9j0dhe7 k4urcfbm\" style=\"text-align: left;\">\n<h2><span style=\"color: #000080;\">DON CESARE, IL PENSIERO DEL GIORNO. ALLA RADIO ALLE 7 DEL MATTINO E ALLE 19.30 DELLA SERA\u00a0<\/span><\/h2>\n<audio class=\"wp-audio-shortcode\" id=\"audio-317917-14\" preload=\"none\" style=\"width: 100%;\" controls=\"controls\"><source type=\"audio\/mpeg\" src=\"https:\/\/www.radiopiu.net\/wordpress\/wp-content\/uploads\/2023\/01\/CESARE-15.mp3?_=14\" \/><a href=\"https:\/\/www.radiopiu.net\/wordpress\/wp-content\/uploads\/2023\/01\/CESARE-15.mp3\">https:\/\/www.radiopiu.net\/wordpress\/wp-content\/uploads\/2023\/01\/CESARE-15.mp3<\/a><\/audio>\n<\/div>\n<\/div>\n<\/div>\n<\/div>\n<\/div>\n<\/div>\n<\/div>\n<p>&nbsp;<\/p>\n<p>&nbsp;<\/p>\n<hr \/>\n<p>&nbsp;<\/p>\n<h2><span style=\"color: #ff00ff;\">IN VIVO VERSO\u00a0<\/span><\/h2>\n<div dir=\"auto\">\n<div dir=\"auto\">\n<div dir=\"auto\">\n<p><strong>LA RACCOLTA COMPLETA<\/strong><\/p>\n<blockquote class=\"wp-embedded-content\" data-secret=\"eme1pd1pSN\"><p><a href=\"https:\/\/www.radiopiu.net\/wordpress\/in-vivo-verso\/\">In Vivo Verso<\/a><\/p><\/blockquote>\n<p><iframe loading=\"lazy\" class=\"wp-embedded-content\" sandbox=\"allow-scripts\" security=\"restricted\" style=\"position: absolute; clip: rect(1px, 1px, 1px, 1px);\" title=\"&#8220;In Vivo Verso&#8221; &#8212; Radio Pi\u00f9\" src=\"https:\/\/www.radiopiu.net\/wordpress\/in-vivo-verso\/embed\/#?secret=8Dzb5pKbHf#?secret=eme1pd1pSN\" data-secret=\"eme1pd1pSN\" width=\"600\" height=\"338\" frameborder=\"0\" marginwidth=\"0\" marginheight=\"0\" scrolling=\"no\"><\/iframe><\/p>\n<\/div>\n<div dir=\"auto\"><\/div>\n<div dir=\"auto\">\n<hr \/>\n<\/div>\n<\/div>\n<\/div>\n<p>&nbsp;<\/p>\n<blockquote>\n<h3>GOCCE DI FILOSOFIA<\/h3>\n<\/blockquote>\n<p>LA RACCOLTA COMPLETA<\/p>\n<blockquote class=\"wp-embedded-content\" data-secret=\"9EuVXqBo9R\"><p><a href=\"https:\/\/www.radiopiu.net\/wordpress\/gocce-filosofia\/\">Gocce di filosofia,  LA TERZA STAGIONE&#8230; 2023<\/a><\/p><\/blockquote>\n<p><iframe loading=\"lazy\" class=\"wp-embedded-content\" sandbox=\"allow-scripts\" security=\"restricted\" style=\"position: absolute; clip: rect(1px, 1px, 1px, 1px);\" title=\"&#8220;Gocce di filosofia,  LA TERZA STAGIONE&#8230; 2023&#8221; &#8212; Radio Pi\u00f9\" src=\"https:\/\/www.radiopiu.net\/wordpress\/gocce-filosofia\/embed\/#?secret=XVnPxfgP7U#?secret=9EuVXqBo9R\" data-secret=\"9EuVXqBo9R\" width=\"600\" height=\"338\" frameborder=\"0\" marginwidth=\"0\" marginheight=\"0\" scrolling=\"no\"><\/iframe><\/p>\n<p>&nbsp;<\/p>\n<p>&nbsp;<\/p>\n<hr \/>\n<p>&nbsp;<\/p>\n<div class=\"column\">\n<p><img loading=\"lazy\" decoding=\"async\" class=\"aligncenter wp-image-61954 size-full\" src=\"https:\/\/www.radiopiu.net\/wordpress\/wp-content\/uploads\/2018\/09\/viabilita.jpeg\" sizes=\"auto, (max-width: 800px) 100vw, 800px\" srcset=\"https:\/\/www.radiopiu.net\/wordpress\/wp-content\/uploads\/2018\/09\/viabilita.jpeg 800w, https:\/\/www.radiopiu.net\/wordpress\/wp-content\/uploads\/2018\/09\/viabilita-300x38.jpeg 300w, https:\/\/www.radiopiu.net\/wordpress\/wp-content\/uploads\/2018\/09\/viabilita-768x96.jpeg 768w\" alt=\"\" width=\"800\" height=\"100\" \/><\/p>\n<p>&nbsp;<\/p>\n<p>&nbsp;<\/p>\n<p><strong>AGGIORNAMENTO VENETO STRADE, AGGIORNAMENTO CONTINUO H 24<\/strong><\/p>\n<blockquote class=\"wp-embedded-content\" data-secret=\"DPDaYRhQsb\"><p><a href=\"https:\/\/www.radiopiu.net\/wordpress\/viabilita\/\">viabilita<\/a><\/p><\/blockquote>\n<p><iframe loading=\"lazy\" class=\"wp-embedded-content\" sandbox=\"allow-scripts\" security=\"restricted\" style=\"position: absolute; clip: rect(1px, 1px, 1px, 1px);\" title=\"&#8220;viabilita&#8221; &#8212; Radio Pi\u00f9\" src=\"https:\/\/www.radiopiu.net\/wordpress\/viabilita\/embed\/#?secret=hk3oklm1wx#?secret=DPDaYRhQsb\" data-secret=\"DPDaYRhQsb\" width=\"600\" height=\"338\" frameborder=\"0\" marginwidth=\"0\" marginheight=\"0\" scrolling=\"no\"><\/iframe><\/p>\n<p>&nbsp;<\/p>\n<p>&nbsp;<\/p>\n<hr \/>\n<p>&nbsp;<\/p>\n<p><a class=\"dt-pswp-item\" href=\"https:\/\/www.radiopiu.net\/wordpress\/wp-content\/uploads\/2018\/09\/WhatsApp-Image-2018-09-20-at-16.04.06.jpeg\" data-dt-img-description=\"\" data-large_image_width=\"800\" data-large_image_height=\"100\"><img loading=\"lazy\" decoding=\"async\" class=\"wp-image-61378 size-full aligncenter\" src=\"https:\/\/www.radiopiu.net\/wordpress\/wp-content\/uploads\/2018\/09\/WhatsApp-Image-2018-09-20-at-16.04.06.jpeg\" alt=\"\" width=\"800\" height=\"100\" srcset=\"https:\/\/www.radiopiu.net\/wordpress\/wp-content\/uploads\/2018\/09\/WhatsApp-Image-2018-09-20-at-16.04.06.jpeg 800w, https:\/\/www.radiopiu.net\/wordpress\/wp-content\/uploads\/2018\/09\/WhatsApp-Image-2018-09-20-at-16.04.06-300x38.jpeg 300w, https:\/\/www.radiopiu.net\/wordpress\/wp-content\/uploads\/2018\/09\/WhatsApp-Image-2018-09-20-at-16.04.06-768x96.jpeg 768w\" sizes=\"auto, (max-width: 800px) 100vw, 800px\" \/><\/a><\/p>\n<p><center><\/center>&nbsp;<\/p>\n<p><center><b>OGGI<\/b><\/center><b>Tempo atteso: <\/b>Nelle prime ore generalmente nuvoloso o parzialmente nuvoloso, con locali nubi basse in alcune valli; in seguito intensificazione della nuvolosit\u00e0 con cielo molto nuvoloso o coperto.<br \/>\n<b>Precipitazioni: <\/b>Nelle prime ore generalmente assenti (0%), poco prima dell&#8217;alba probabilit\u00e0 in aumento fino a medio-alta dalla mattinata (75-100%) per precipitazioni inizialmente deboli e sparse, poi diffuse di intensit\u00e0 anche moderata. Le precipitazioni insisteranno per gran parte della giornata; quota neve al mattino fino a fondovalle, nel corso del pomeriggio in lieve aumento sulle Prealpi fino a 400-700 m alla sera. Sono previsti a fine giornata quantitativi in media compresi tra i 20 e i 35 mm, con altrettanti cm di neve fresa oltre i 1000 m. Non escluso qualche fiocco anche a tratti in Valbelluna, specie verso il feltrino.<br \/>\n<b>Temperature: <\/b>In quota in lieve aumento, nelle valli senza apprezzabili variazioni, salvo dei locali aumenti delle minime e locali diminuzioni delle massime.<\/p>\n<hr \/>\n<p><center><b>DOMANI<\/b><\/center><b>Tempo atteso: <\/b>Tempo ancora lievemente perturbato con fenomeni a tratti diffusi ma, rispetto a luned\u00ec, pi\u00f9 modesti e intermittenti con quota neve intorno ai 700-1000 m; generale attenuazione dei fenomeni verso sera con qualche parziale schiarita.<br \/>\n<b>Precipitazioni: <\/b>Probabilit\u00e0 medio-alta (75-100%) di precipitazioni sparse a tratti diffuse in prevalenza deboli e intermittenti con quantitativi giornalieri complessivamente modesti; quota neve intorno ai 700-1000 m. Gli ulteriori apporti previsti saranno compresi tra i 5 e i 15 mm, con altrettanti cm di neve fresca oltre i 1000-1200 m.<br \/>\n<b>Temperature: <\/b>In temporaneo aumento, anche marcato le minime soprattutto nelle valli.<\/p>\n<hr \/>\n<p><center><b>MERCOLEDI<\/b><\/center>Ancora cielo nuvoloso al mattino con modesti fenomeni sparsi eventualmente nevosi oltre i 700-1000 m; locali formazioni di temporanee nubi basse in alcuni fondovalle prealpini nelle ore fredde; ampi tratti soleggiati da pomeriggio con cielo poco nuvoloso, aria asciutta e ottima visibilit\u00e0. Temperature minime in lieve o contenuto calo, massime stazionarie o in lieve aumento.<\/p>\n<hr \/>\n<p><center><b>GIOVEDI<\/b><\/center>Tempo abbastanza soleggiato con cielo poco nuvoloso per nubi alte, aria asciutta e ottima visibilit\u00e0; fenomeni assenti. Temperature in calo, specie le minime. Clima invernale<\/p>\n<p>&nbsp;<\/p>\n<hr \/>\n<p>&nbsp;<\/p>\n<p><a class=\"dt-pswp-item\" href=\"https:\/\/www.radiopiu.net\/wordpress\/wp-content\/uploads\/2018\/09\/sport.jpg\" data-dt-img-description=\"\" data-large_image_width=\"800\" data-large_image_height=\"100\"><img loading=\"lazy\" decoding=\"async\" class=\"aligncenter wp-image-60761 size-full\" src=\"https:\/\/www.radiopiu.net\/wordpress\/wp-content\/uploads\/2018\/09\/sport.jpg\" alt=\"\" width=\"800\" height=\"100\" srcset=\"https:\/\/www.radiopiu.net\/wordpress\/wp-content\/uploads\/2018\/09\/sport.jpg 800w, https:\/\/www.radiopiu.net\/wordpress\/wp-content\/uploads\/2018\/09\/sport-300x38.jpg 300w, https:\/\/www.radiopiu.net\/wordpress\/wp-content\/uploads\/2018\/09\/sport-768x96.jpg 768w\" sizes=\"auto, (max-width: 800px) 100vw, 800px\" \/><\/a><\/p>\n<p>&nbsp;<\/p>\n<p><span style=\"color: #0000ff;\"><strong>CALCIO<\/strong><\/span><\/p>\n<blockquote>\n<h3>L&#8217;ITLAS SANTA GIUSTINA SERRAVALLE RIFILA TRE GOL ALL&#8217;AGORDINA<\/h3>\n<\/blockquote>\n<p><strong><a class=\"dt-pswp-item\" href=\"https:\/\/www.radiopiu.net\/wordpress\/wp-content\/uploads\/2021\/11\/CALCIO-2021.jpg\" data-dt-img-description=\"\" data-large_image_width=\"2560\" data-large_image_height=\"1707\"><img loading=\"lazy\" decoding=\"async\" class=\" wp-image-242798 alignleft\" src=\"https:\/\/www.radiopiu.net\/wordpress\/wp-content\/uploads\/2021\/11\/CALCIO-2021-300x200.jpg\" alt=\"\" width=\"177\" height=\"118\" srcset=\"https:\/\/www.radiopiu.net\/wordpress\/wp-content\/uploads\/2021\/11\/CALCIO-2021-300x200.jpg 300w, https:\/\/www.radiopiu.net\/wordpress\/wp-content\/uploads\/2021\/11\/CALCIO-2021-1024x683.jpg 1024w, https:\/\/www.radiopiu.net\/wordpress\/wp-content\/uploads\/2021\/11\/CALCIO-2021-768x512.jpg 768w, https:\/\/www.radiopiu.net\/wordpress\/wp-content\/uploads\/2021\/11\/CALCIO-2021-1536x1024.jpg 1536w, https:\/\/www.radiopiu.net\/wordpress\/wp-content\/uploads\/2021\/11\/CALCIO-2021-2048x1366.jpg 2048w\" sizes=\"auto, (max-width: 177px) 100vw, 177px\" \/><\/a>di Marco Gaz<\/strong><\/p>\n<p><strong>SECONDA CATEGORIA GIR. T \/ ITLAS SANTA GIUSTINA SERRAVALLE \u2013 AGORDINA 3-0<\/strong><\/p>\n<p>Prima sconfitta del girone di ritorno del campionato di Seconda Categoria girone T del veneto per l\u2019Agordina di Marco Lorenzi. La squadra di Agordo paga caro i tanti errori sotto porta e i pochi in fase difensiva. L\u2019Itlas Santa giustina Serravalle conquista i tre punti con il minimo sforzo e gli agordini tornano a casa a bocca asciutta. Una sconfitta che fa male al morale e alla classifica. Squadra di Agordo che deve tenere alta l\u2019attenzione nelle prossime partite e cercare di fare punti per evitare i playout. Subito in vantaggio i padroni di casa. Alla prima vera azione da gol i trevigiani si portano in vantaggio. Papera del portiere agordino e colpo vincente di Bona che indisturbato gonfia la rete. La partita \u00e8 equilibrata e le occasioni non mancano. Del Chin e Zannoni ci provano ma le conclusioni della formazione allenata da Lorenzi non centrano i pali. L\u2019Agordina dimostra di essere in partita ma l\u2019Itlas si difende bene. Nella ripresa la storia non cambia. Troppa confusione sotto porta per gli uomini di Lorenzi che non sanno essere cinici per pareggiare i conti. I trevigiani sembrano accontentarsi del risultato e si chiudono in difesa. La difesa ballerina della squadra di Agordo concede il secondo gol alla formazione trevigiana. Sembra in bambola l\u2019Agordina che non riesce pi\u00f9 a reagire concedendo troppo alla squadra di Vittorio Veneto. In pieno recupero arriva il terzo gol dei padroni di casa che chiude definitivamente la contesa.<\/p>\n<p>&nbsp;<\/p>\n<p><strong>GIOVANISSIMI PROVINCIALI \/ AGORDINA RIPOSO INVERNALE<\/strong><\/p>\n<p>&nbsp;<\/p>\n<p><strong>ALLIEVI REGIONALI \/ INDOMITA TREVISO \u2013 AGORDINA 2-0<\/strong><\/p>\n<p>Ancora una sconfitta per gli allievi regionali di Orzetti che tornano dalla trasferta in terra trevigina senza punti. Nonostante una partita equilibrata, l\u2019Agordina non riesce ad evitare di subire gol. Nel primo tempo non mancano le occasioni da entrambi i lati ma il punteggio non si sblocca. Nella ripresa la squadra di Agordo rimane in dieci per l\u2019espulsione di Roni. Anche il Treviso rimane con l\u2019uomo in meno e a sbloccare la sfida \u00e8 un rigore. Trevigiani che raddoppiano in pieno recupero. Agordina ancora in fondo alla classifica del torneo regionale.<\/p>\n<p>&nbsp;<\/p>\n<p><strong>JUNIORES PROVINCIALI \/ AGORDINA RIPOSO INVERNALE<\/strong><\/p>\n<p>&nbsp;<\/p>\n<p><strong>JUNIORES REGIONALI \/ UNION QDP \u2013 FIORI BARP 3-2 <\/strong><\/p>\n<p>Dopo lo zero a zero di luned\u00ec scorso nel recupero contro il Vittsangiacomo, il Fiori Barp Juniores di Alessandro De Lazzer cade in provincia di Treviso. L\u2019Union QDP vince di misura dopo una partita giocata alla pari. Una buona prova dei sedicensi che per\u00f2 tornano a casa a bocca asciutta. Per la cronaca, i due gol della squadra di Mas sono di Sinani. Fiori Barp in fondo alla classifica del campionato Juniores Regionale con 8 punti.<\/p>\n<p>&nbsp;<\/p>\n<p>&nbsp;<\/p>\n<hr \/>\n<p>&nbsp;<\/p>\n<p><span style=\"color: #0000ff;\"><strong>SCI ALPINO<\/strong><\/span><\/p>\n<blockquote>\n<h3>MARTA BASSINO SUL TERZO GRADINO DEL PODIO NEL SUPERG DI CORTINA<\/h3>\n<\/blockquote>\n<p><strong>CORTINA<\/strong><\/p>\n<p>di Roberto Bona<\/p>\n<p>(foto: Pentaphoto)<\/p>\n<audio class=\"wp-audio-shortcode\" id=\"audio-317917-15\" preload=\"none\" style=\"width: 100%;\" controls=\"controls\"><source type=\"audio\/mpeg\" src=\"https:\/\/www.radiopiu.net\/wordpress\/wp-content\/uploads\/2023\/01\/BassinoTerza.mp3?_=15\" \/><a href=\"https:\/\/www.radiopiu.net\/wordpress\/wp-content\/uploads\/2023\/01\/BassinoTerza.mp3\">https:\/\/www.radiopiu.net\/wordpress\/wp-content\/uploads\/2023\/01\/BassinoTerza.mp3<\/a><\/audio>\n\n\t\t\t<style type='text\/css'>\n\t\t\t\t#gallery-8 {\n\t\t\t\t\tmargin: auto;\n\t\t\t\t}\n\t\t\t\t#gallery-8 .gallery-item {\n\t\t\t\t\tfloat: left;\n\t\t\t\t\tmargin-top: 10px;\n\t\t\t\t\ttext-align: center;\n\t\t\t\t\twidth: 25%;\n\t\t\t\t}\n\t\t\t\t#gallery-8 img {\n\t\t\t\t\tborder: 2px solid #cfcfcf;\n\t\t\t\t}\n\t\t\t\t#gallery-8 .gallery-caption {\n\t\t\t\t\tmargin-left: 0;\n\t\t\t\t}\n\t\t\t\t\/* see gallery_shortcode() in wp-includes\/media.php *\/\n\t\t\t<\/style>\n\t\t<div id='gallery-8' class='dt-gallery-container gallery galleryid-317917 gallery-columns-4 gallery-size-medium'><dl class='gallery-item'>\n\t\t\t\t<dt class='gallery-icon landscape'>\n\t\t\t\t\t<a class=\"rollover rollover-zoom dt-pswp-item\" title=\"da630042-bdc0-4d03-8ef8-65a9fedf4ea1\" data-dt-img-description=\"\" data-large_image_width=\"1600\" data-large_image_height=\"1116\"href='https:\/\/www.radiopiu.net\/wordpress\/wp-content\/uploads\/2023\/01\/da630042-bdc0-4d03-8ef8-65a9fedf4ea1.jpg'><img loading=\"lazy\" decoding=\"async\" width=\"300\" height=\"209\" src=\"https:\/\/www.radiopiu.net\/wordpress\/wp-content\/uploads\/2023\/01\/da630042-bdc0-4d03-8ef8-65a9fedf4ea1-300x209.jpg\" class=\"attachment-medium size-medium\" alt=\"\" srcset=\"https:\/\/www.radiopiu.net\/wordpress\/wp-content\/uploads\/2023\/01\/da630042-bdc0-4d03-8ef8-65a9fedf4ea1-300x209.jpg 300w, https:\/\/www.radiopiu.net\/wordpress\/wp-content\/uploads\/2023\/01\/da630042-bdc0-4d03-8ef8-65a9fedf4ea1-1024x714.jpg 1024w, https:\/\/www.radiopiu.net\/wordpress\/wp-content\/uploads\/2023\/01\/da630042-bdc0-4d03-8ef8-65a9fedf4ea1-768x536.jpg 768w, https:\/\/www.radiopiu.net\/wordpress\/wp-content\/uploads\/2023\/01\/da630042-bdc0-4d03-8ef8-65a9fedf4ea1-1536x1071.jpg 1536w, https:\/\/www.radiopiu.net\/wordpress\/wp-content\/uploads\/2023\/01\/da630042-bdc0-4d03-8ef8-65a9fedf4ea1.jpg 1600w\" sizes=\"auto, (max-width: 300px) 100vw, 300px\" \/><\/a>\n\t\t\t\t<\/dt><\/dl><dl class='gallery-item'>\n\t\t\t\t<dt class='gallery-icon landscape'>\n\t\t\t\t\t<a class=\"rollover rollover-zoom dt-pswp-item\" title=\"84943a3a-1f17-4075-918e-10cf53c223e7\" data-dt-img-description=\"\" data-large_image_width=\"1600\" data-large_image_height=\"1066\"href='https:\/\/www.radiopiu.net\/wordpress\/wp-content\/uploads\/2023\/01\/84943a3a-1f17-4075-918e-10cf53c223e7.jpg'><img loading=\"lazy\" decoding=\"async\" width=\"300\" height=\"200\" src=\"https:\/\/www.radiopiu.net\/wordpress\/wp-content\/uploads\/2023\/01\/84943a3a-1f17-4075-918e-10cf53c223e7-300x200.jpg\" class=\"attachment-medium size-medium\" alt=\"\" srcset=\"https:\/\/www.radiopiu.net\/wordpress\/wp-content\/uploads\/2023\/01\/84943a3a-1f17-4075-918e-10cf53c223e7-300x200.jpg 300w, https:\/\/www.radiopiu.net\/wordpress\/wp-content\/uploads\/2023\/01\/84943a3a-1f17-4075-918e-10cf53c223e7-1024x682.jpg 1024w, https:\/\/www.radiopiu.net\/wordpress\/wp-content\/uploads\/2023\/01\/84943a3a-1f17-4075-918e-10cf53c223e7-768x512.jpg 768w, https:\/\/www.radiopiu.net\/wordpress\/wp-content\/uploads\/2023\/01\/84943a3a-1f17-4075-918e-10cf53c223e7-1536x1023.jpg 1536w, https:\/\/www.radiopiu.net\/wordpress\/wp-content\/uploads\/2023\/01\/84943a3a-1f17-4075-918e-10cf53c223e7.jpg 1600w\" sizes=\"auto, (max-width: 300px) 100vw, 300px\" \/><\/a>\n\t\t\t\t<\/dt><\/dl><dl class='gallery-item'>\n\t\t\t\t<dt class='gallery-icon landscape'>\n\t\t\t\t\t<a class=\"rollover rollover-zoom dt-pswp-item\" title=\"747e89d8-a0b1-4a22-a018-2909b381b1ee\" data-dt-img-description=\"\" data-large_image_width=\"1600\" data-large_image_height=\"1032\"href='https:\/\/www.radiopiu.net\/wordpress\/wp-content\/uploads\/2023\/01\/747e89d8-a0b1-4a22-a018-2909b381b1ee.jpg'><img loading=\"lazy\" decoding=\"async\" width=\"300\" height=\"194\" src=\"https:\/\/www.radiopiu.net\/wordpress\/wp-content\/uploads\/2023\/01\/747e89d8-a0b1-4a22-a018-2909b381b1ee-300x194.jpg\" class=\"attachment-medium size-medium\" alt=\"\" srcset=\"https:\/\/www.radiopiu.net\/wordpress\/wp-content\/uploads\/2023\/01\/747e89d8-a0b1-4a22-a018-2909b381b1ee-300x194.jpg 300w, https:\/\/www.radiopiu.net\/wordpress\/wp-content\/uploads\/2023\/01\/747e89d8-a0b1-4a22-a018-2909b381b1ee-1024x660.jpg 1024w, https:\/\/www.radiopiu.net\/wordpress\/wp-content\/uploads\/2023\/01\/747e89d8-a0b1-4a22-a018-2909b381b1ee-768x495.jpg 768w, https:\/\/www.radiopiu.net\/wordpress\/wp-content\/uploads\/2023\/01\/747e89d8-a0b1-4a22-a018-2909b381b1ee-1536x991.jpg 1536w, https:\/\/www.radiopiu.net\/wordpress\/wp-content\/uploads\/2023\/01\/747e89d8-a0b1-4a22-a018-2909b381b1ee.jpg 1600w\" sizes=\"auto, (max-width: 300px) 100vw, 300px\" \/><\/a>\n\t\t\t\t<\/dt><\/dl><dl class='gallery-item'>\n\t\t\t\t<dt class='gallery-icon landscape'>\n\t\t\t\t\t<a class=\"rollover rollover-zoom dt-pswp-item\" title=\"92fb31f5-9fc7-46d9-a9c4-a8bb43e7049e\" data-dt-img-description=\"\" data-large_image_width=\"1600\" data-large_image_height=\"1089\"href='https:\/\/www.radiopiu.net\/wordpress\/wp-content\/uploads\/2023\/01\/92fb31f5-9fc7-46d9-a9c4-a8bb43e7049e.jpg'><img loading=\"lazy\" decoding=\"async\" width=\"300\" height=\"204\" src=\"https:\/\/www.radiopiu.net\/wordpress\/wp-content\/uploads\/2023\/01\/92fb31f5-9fc7-46d9-a9c4-a8bb43e7049e-300x204.jpg\" class=\"attachment-medium size-medium\" alt=\"\" srcset=\"https:\/\/www.radiopiu.net\/wordpress\/wp-content\/uploads\/2023\/01\/92fb31f5-9fc7-46d9-a9c4-a8bb43e7049e-300x204.jpg 300w, https:\/\/www.radiopiu.net\/wordpress\/wp-content\/uploads\/2023\/01\/92fb31f5-9fc7-46d9-a9c4-a8bb43e7049e-1024x697.jpg 1024w, https:\/\/www.radiopiu.net\/wordpress\/wp-content\/uploads\/2023\/01\/92fb31f5-9fc7-46d9-a9c4-a8bb43e7049e-768x523.jpg 768w, https:\/\/www.radiopiu.net\/wordpress\/wp-content\/uploads\/2023\/01\/92fb31f5-9fc7-46d9-a9c4-a8bb43e7049e-1536x1045.jpg 1536w, https:\/\/www.radiopiu.net\/wordpress\/wp-content\/uploads\/2023\/01\/92fb31f5-9fc7-46d9-a9c4-a8bb43e7049e.jpg 1600w\" sizes=\"auto, (max-width: 300px) 100vw, 300px\" \/><\/a>\n\t\t\t\t<\/dt><\/dl><br style=\"clear: both\" \/>\n\t\t\t<\/div>\n\n<p>&nbsp;<\/p>\n<hr \/>\n<p>&nbsp;<\/p>\n<p>&nbsp;<\/p>\n<p><span style=\"color: #0000ff;\"><strong>SCI DI FONDO<\/strong><\/span><\/p>\n<blockquote>\n<h3>VANESSA CAGNATI ED EDOARDO TROMBETTA I VINCITORI DELLA SKIRI TROPHY XCOUNTRY<\/h3>\n<\/blockquote>\n<p><strong><a class=\"dt-pswp-item\" href=\"https:\/\/www.radiopiu.net\/wordpress\/wp-content\/uploads\/2023\/01\/Schermata-2023-01-22-alle-13.28.22.png\" data-dt-img-description=\"\" data-large_image_width=\"1432\" data-large_image_height=\"860\"><img loading=\"lazy\" decoding=\"async\" class=\" wp-image-318059 alignleft\" src=\"https:\/\/www.radiopiu.net\/wordpress\/wp-content\/uploads\/2023\/01\/Schermata-2023-01-22-alle-13.28.22-300x180.png\" alt=\"\" width=\"150\" height=\"90\" srcset=\"https:\/\/www.radiopiu.net\/wordpress\/wp-content\/uploads\/2023\/01\/Schermata-2023-01-22-alle-13.28.22-300x180.png 300w, https:\/\/www.radiopiu.net\/wordpress\/wp-content\/uploads\/2023\/01\/Schermata-2023-01-22-alle-13.28.22-1024x615.png 1024w, https:\/\/www.radiopiu.net\/wordpress\/wp-content\/uploads\/2023\/01\/Schermata-2023-01-22-alle-13.28.22-768x461.png 768w, https:\/\/www.radiopiu.net\/wordpress\/wp-content\/uploads\/2023\/01\/Schermata-2023-01-22-alle-13.28.22.png 1432w\" sizes=\"auto, (max-width: 150px) 100vw, 150px\" \/><\/a>di Marco Gaz<\/strong><\/p>\n<p><strong>FIEMME (TN)<\/strong> Una giornata da incorniciare per Vanessa Cagnati ed Edoardo Trombetta. La falcadina dello Sci Club Val Biois ha vinto la Skiri Trophy XCountry in Val di Fiemme rifilando 4 secondi alla diretta avversaria. Edoardo Trombetta dello Ski College Falaced si \u00e8 imposto nella gara maschile dopo un testa a testa con il valtellinese Pietro Zanolli con una vittoria al fotofinish.<\/p>\n<p><strong>LE CLASSIFICHE<\/strong><\/p>\n<p><strong>FEMMINILE <a href=\"https:\/\/www.radiopiu.net\/wordpress\/wp-content\/uploads\/2023\/01\/396281_5E8E09H3GS.pdf\">CLICCA QUI<\/a><\/strong><\/p>\n<p><strong>MASCHILE <a href=\"https:\/\/www.radiopiu.net\/wordpress\/wp-content\/uploads\/2023\/01\/396274_92SPW9X630.pdf\">CLICCA QUI<\/a><\/strong><\/p>\n<p>&nbsp;<\/p>\n<hr \/>\n<p>&nbsp;<\/p>\n<p><span style=\"color: #0000ff;\"><strong>SPORT PARALIMPICI<\/strong><\/span><\/p>\n<blockquote>\n<h3>PARA ICE HOCKEY: UN CORSO PER ALLENATORI IN VISTA DELLE OLIMPIADI 2026<\/h3>\n<\/blockquote>\n<p><strong><a class=\"dt-pswp-item\" href=\"https:\/\/www.radiopiu.net\/wordpress\/wp-content\/uploads\/2023\/01\/f447a7e4-c592-470a-a682-4ee4832edc65.jpg\" data-dt-img-description=\"\" data-large_image_width=\"1600\" data-large_image_height=\"1065\"><img loading=\"lazy\" decoding=\"async\" class=\" wp-image-317965 alignleft\" src=\"https:\/\/www.radiopiu.net\/wordpress\/wp-content\/uploads\/2023\/01\/f447a7e4-c592-470a-a682-4ee4832edc65-300x200.jpg\" alt=\"\" width=\"189\" height=\"126\" srcset=\"https:\/\/www.radiopiu.net\/wordpress\/wp-content\/uploads\/2023\/01\/f447a7e4-c592-470a-a682-4ee4832edc65-300x200.jpg 300w, https:\/\/www.radiopiu.net\/wordpress\/wp-content\/uploads\/2023\/01\/f447a7e4-c592-470a-a682-4ee4832edc65-1024x682.jpg 1024w, https:\/\/www.radiopiu.net\/wordpress\/wp-content\/uploads\/2023\/01\/f447a7e4-c592-470a-a682-4ee4832edc65-768x511.jpg 768w, https:\/\/www.radiopiu.net\/wordpress\/wp-content\/uploads\/2023\/01\/f447a7e4-c592-470a-a682-4ee4832edc65-1536x1022.jpg 1536w, https:\/\/www.radiopiu.net\/wordpress\/wp-content\/uploads\/2023\/01\/f447a7e4-c592-470a-a682-4ee4832edc65.jpg 1600w\" sizes=\"auto, (max-width: 189px) 100vw, 189px\" \/><\/a>VARESE<\/strong><\/p>\n<p>di Roberto Bona<\/p>\n<audio class=\"wp-audio-shortcode\" id=\"audio-317917-16\" preload=\"none\" style=\"width: 100%;\" controls=\"controls\"><source type=\"audio\/mpeg\" src=\"https:\/\/www.radiopiu.net\/wordpress\/wp-content\/uploads\/2023\/01\/ParaIceHockey.mp3?_=16\" \/><a href=\"https:\/\/www.radiopiu.net\/wordpress\/wp-content\/uploads\/2023\/01\/ParaIceHockey.mp3\">https:\/\/www.radiopiu.net\/wordpress\/wp-content\/uploads\/2023\/01\/ParaIceHockey.mp3<\/a><\/audio>\n<p>&nbsp;<\/p>\n<p>&nbsp;<\/p>\n<hr \/>\n<p>&nbsp;<\/p>\n<p><span style=\"color: #0000ff;\"><strong>CALCIO A 5<\/strong><\/span><\/p>\n<blockquote>\n<h3>LA CANOTTIERI CONQUISTA UN OTTIMO PUNTO A PADOVA<\/h3>\n<\/blockquote>\n<p><strong><a class=\"dt-pswp-item\" href=\"https:\/\/www.radiopiu.net\/wordpress\/wp-content\/uploads\/2023\/01\/CANOTTIERI-FOTO-UFF-2023.jpg\" data-dt-img-description=\"\" data-large_image_width=\"2048\" data-large_image_height=\"1152\"><img loading=\"lazy\" decoding=\"async\" class=\" wp-image-317997 alignleft\" src=\"https:\/\/www.radiopiu.net\/wordpress\/wp-content\/uploads\/2023\/01\/CANOTTIERI-FOTO-UFF-2023-300x169.jpg\" alt=\"\" width=\"217\" height=\"122\" srcset=\"https:\/\/www.radiopiu.net\/wordpress\/wp-content\/uploads\/2023\/01\/CANOTTIERI-FOTO-UFF-2023-300x169.jpg 300w, https:\/\/www.radiopiu.net\/wordpress\/wp-content\/uploads\/2023\/01\/CANOTTIERI-FOTO-UFF-2023-1024x576.jpg 1024w, https:\/\/www.radiopiu.net\/wordpress\/wp-content\/uploads\/2023\/01\/CANOTTIERI-FOTO-UFF-2023-768x432.jpg 768w, https:\/\/www.radiopiu.net\/wordpress\/wp-content\/uploads\/2023\/01\/CANOTTIERI-FOTO-UFF-2023-1536x864.jpg 1536w, https:\/\/www.radiopiu.net\/wordpress\/wp-content\/uploads\/2023\/01\/CANOTTIERI-FOTO-UFF-2023.jpg 2048w\" sizes=\"auto, (max-width: 217px) 100vw, 217px\" \/><\/a>SERIE B &#8211; GIRONE B<\/strong><\/p>\n<p><strong>PADOVA &#8211; CANOTTIERI BELLUNO 4-4<\/strong><\/p>\n<p>Dal PalaCamin, porta via un punto buono, buonissimo, il quintetto di Bortolini. Segna Storti, ribalta 3 a 1 il Padova, poi Robinho 2 a 3. Ripresa: ancora Storti, ancora Padova, il 4 a 4 lo firma un inesauribile Reolon.<\/p>\n<p><strong>IL SERVIZIO DI ANTONIO FIABANE, PORTAVOCE DELLA CANOTTIERI BELLUNO<\/strong><\/p>\n<audio class=\"wp-audio-shortcode\" id=\"audio-317917-17\" preload=\"none\" style=\"width: 100%;\" controls=\"controls\"><source type=\"audio\/mpeg\" src=\"https:\/\/www.radiopiu.net\/wordpress\/wp-content\/uploads\/2023\/01\/CANOTTIERI-SITO-2.mp3?_=17\" \/><a href=\"https:\/\/www.radiopiu.net\/wordpress\/wp-content\/uploads\/2023\/01\/CANOTTIERI-SITO-2.mp3\">https:\/\/www.radiopiu.net\/wordpress\/wp-content\/uploads\/2023\/01\/CANOTTIERI-SITO-2.mp3<\/a><\/audio>\n<p>&nbsp;<\/p>\n<hr \/>\n<p>&nbsp;<\/p>\n<p><span style=\"color: #0000ff;\"><strong>PALLAVOLO<\/strong><\/span><\/p>\n<blockquote>\n<h3>VITTORIA SCHIACCIANTE PER IL VOLLEY CLUB AGORDINO<\/h3>\n<\/blockquote>\n<p><strong><a class=\"dt-pswp-item\" href=\"https:\/\/www.radiopiu.net\/wordpress\/wp-content\/uploads\/2022\/04\/VOLLEY-CLUB-AGORDINO.jpg\" data-dt-img-description=\"\" data-large_image_width=\"500\" data-large_image_height=\"512\"><img loading=\"lazy\" decoding=\"async\" class=\" wp-image-268787 alignleft\" src=\"https:\/\/www.radiopiu.net\/wordpress\/wp-content\/uploads\/2022\/04\/VOLLEY-CLUB-AGORDINO-293x300.jpg\" alt=\"\" width=\"136\" height=\"139\" srcset=\"https:\/\/www.radiopiu.net\/wordpress\/wp-content\/uploads\/2022\/04\/VOLLEY-CLUB-AGORDINO-293x300.jpg 293w, https:\/\/www.radiopiu.net\/wordpress\/wp-content\/uploads\/2022\/04\/VOLLEY-CLUB-AGORDINO.jpg 500w\" sizes=\"auto, (max-width: 136px) 100vw, 136px\" \/><\/a>di Marco Gaz<\/strong><\/p>\n<p><strong>PRIMA DIVISIONE BELLUNO-TREVISO<\/strong><\/p>\n<p><strong>VOLLEY CLUB AGORDINO &#8211; MOGLIANO 3-0 (25-16, 25-12, 25-21)<\/strong><\/p>\n<p>Il Volley Club Agordino stende Mogliano nel match valido per il campionato di Prima Divisione. Dopo la sconfitta della scorsa settimana, le ragazze di De Nardin ingranano fin da subito la marcia giusta e chiudono in tre set la sfida con le trevigiane. Una bella prova delle agordine che con i tre punti messi a segno fanno un balzo in avanti in classifica conquistando il terzo gradino del podio. Primo parziale con una vittoria netta della squadra di Agordo e secondo set fotocopia del primo. Calano il ritmo le ragazze di De Nardin che concedono qualche punto al Mogliano nella terza frazione ma la vittoria \u00e8 netta e i tre punti in palio sono del Volley Club Agordino.<\/p>\n<p><strong>ALEXANDRA PUGLIA, GIOCATRICE DEL VOLLEY CLUB AGORDINO<\/strong><\/p>\n<audio class=\"wp-audio-shortcode\" id=\"audio-317917-18\" preload=\"none\" style=\"width: 100%;\" controls=\"controls\"><source type=\"audio\/mpeg\" src=\"https:\/\/www.radiopiu.net\/wordpress\/wp-content\/uploads\/2023\/01\/ALEXANDRA-PUGLIA-1.mp3?_=18\" \/><a href=\"https:\/\/www.radiopiu.net\/wordpress\/wp-content\/uploads\/2023\/01\/ALEXANDRA-PUGLIA-1.mp3\">https:\/\/www.radiopiu.net\/wordpress\/wp-content\/uploads\/2023\/01\/ALEXANDRA-PUGLIA-1.mp3<\/a><\/audio>\n<p>&nbsp;<\/p>\n<hr \/>\n<p>&nbsp;<\/p>\n<blockquote>\n<h3>PALLAVOLO BELLUNO VINCE AL TIE BREAK<\/h3>\n<\/blockquote>\n<p>&nbsp;<\/p>\n<h3><a class=\"dt-pswp-item\" href=\"https:\/\/www.radiopiu.net\/wordpress\/wp-content\/uploads\/2023\/01\/drl-mirandola-21.jpg\" data-dt-img-description=\"\" data-large_image_width=\"1500\" data-large_image_height=\"1000\"><img loading=\"lazy\" decoding=\"async\" class=\"size-medium wp-image-318158 alignleft\" src=\"https:\/\/www.radiopiu.net\/wordpress\/wp-content\/uploads\/2023\/01\/drl-mirandola-21-300x200.jpg\" alt=\"\" width=\"300\" height=\"200\" srcset=\"https:\/\/www.radiopiu.net\/wordpress\/wp-content\/uploads\/2023\/01\/drl-mirandola-21-300x200.jpg 300w, https:\/\/www.radiopiu.net\/wordpress\/wp-content\/uploads\/2023\/01\/drl-mirandola-21-1024x683.jpg 1024w, https:\/\/www.radiopiu.net\/wordpress\/wp-content\/uploads\/2023\/01\/drl-mirandola-21-768x512.jpg 768w, https:\/\/www.radiopiu.net\/wordpress\/wp-content\/uploads\/2023\/01\/drl-mirandola-21.jpg 1500w\" sizes=\"auto, (max-width: 300px) 100vw, 300px\" \/><\/a><\/h3>\n<p><strong>BELLUNO<\/strong> La Pallavolo Belluno \u00a0torna a vincere davanti ai proprio tifosi. Anche se non \u00e8 mancata la sofferenza. E, a un certo punto, sono riemersi i fantasmi di Santo Stefano, quando i rinoceronti, in vantaggio 2-0 sul Volley Team San Don\u00e0, si erano fatti rimontare e superare al tie-break. Ebbene, contro lo Stadium Mirandola il copione ha rischiato di essere il medesimo: primi due set celestiali, poi il buio. Ma, rispetto al match post natalizio,\u00a0 i bellunesi si regalano\u00a0 il lieto fine\u00a0 e il quinto posto in graduatoria \u00e8 cementato.<\/p>\n<div class=\"moz-text-html\" lang=\"x-unicode\">\n<div dir=\"ltr\">\n<div>\n<blockquote><p><b><\/b><em>\u00abLa nostra doppia faccia? \u00c8 di natura mentale &#8211; analizza Gian Luca Colussi nel post gara -. La pallavolo \u00e8 uno sport con una rete in mezzo e la mente fa tantissimo: non c\u2019\u00e8 contatto fisico, non si pu\u00f2 \u201cliberare\u201d quanto hai accumulato. E nel momento in cui perdi alcune sicurezze, diventa tutto pi\u00f9 complicato. S\u00ec, \u00e8 la seconda volta che capita: quindi dobbiamo migliorare. Ma era fondamentale vincere e ci siamo riusciti\u00bb.<span class=\"gmail-Apple-converted-space\">\u00a0<\/span><\/em><\/p><\/blockquote>\n<\/div>\n<\/div>\n<\/div>\n<p>&nbsp;<\/p>\n<p>&nbsp;<\/p>\n<p>&nbsp;<\/p>\n<hr \/>\n<p>&nbsp;<\/p>\n<p>&nbsp;<\/p>\n<\/div>\n","protected":false},"excerpt":{"rendered":"<p>RADIO PIU INFORMAZIONE il canale su TELEGRAM informazione di prima\u00a0 mano e in tempo reale. iscriviti ed aiutaci a farlo conoscere\u00a0 ISCRIVITI AL NOSTRO CANALE YOUTUBE PER SEGUIRE IN DIRETTA I PRINCIPALI PROGRAMMI DI RADIO PIU&#8217; E LE FUTURE DIRETTE IN ESTERNA. PER ISCRIVERTI CLICCA QUI E PREMI IL TASTO &#8220;Iscriviti&#8221;\u00a0 &nbsp; PRUDENZA IN PROSSIMITA\u2019&hellip;<\/p>\n","protected":false},"author":4,"featured_media":318085,"comment_status":"closed","ping_status":"closed","sticky":false,"template":"","format":"standard","meta":{"_monsterinsights_skip_tracking":false,"_monsterinsights_sitenote_active":false,"_monsterinsights_sitenote_note":"","_monsterinsights_sitenote_category":0,"footnotes":""},"categories":[51,86,49],"tags":[],"class_list":["post-317917","post","type-post","status-publish","format-standard","has-post-thumbnail","hentry","category-evidenza-top","category-gr","category-news-18","category-51","category-86","category-49","description-off"],"img_url":"https:\/\/www.radiopiu.net\/wordpress\/wp-content\/uploads\/2023\/01\/ea372346-8487-4a25-9780-7e8cc948b032.jpg","_links":{"self":[{"href":"https:\/\/www.radiopiu.net\/wordpress\/wp-json\/wp\/v2\/posts\/317917","targetHints":{"allow":["GET"]}}],"collection":[{"href":"https:\/\/www.radiopiu.net\/wordpress\/wp-json\/wp\/v2\/posts"}],"about":[{"href":"https:\/\/www.radiopiu.net\/wordpress\/wp-json\/wp\/v2\/types\/post"}],"author":[{"embeddable":true,"href":"https:\/\/www.radiopiu.net\/wordpress\/wp-json\/wp\/v2\/users\/4"}],"replies":[{"embeddable":true,"href":"https:\/\/www.radiopiu.net\/wordpress\/wp-json\/wp\/v2\/comments?post=317917"}],"version-history":[{"count":0,"href":"https:\/\/www.radiopiu.net\/wordpress\/wp-json\/wp\/v2\/posts\/317917\/revisions"}],"wp:featuredmedia":[{"embeddable":true,"href":"https:\/\/www.radiopiu.net\/wordpress\/wp-json\/wp\/v2\/media\/318085"}],"wp:attachment":[{"href":"https:\/\/www.radiopiu.net\/wordpress\/wp-json\/wp\/v2\/media?parent=317917"}],"wp:term":[{"taxonomy":"category","embeddable":true,"href":"https:\/\/www.radiopiu.net\/wordpress\/wp-json\/wp\/v2\/categories?post=317917"},{"taxonomy":"post_tag","embeddable":true,"href":"https:\/\/www.radiopiu.net\/wordpress\/wp-json\/wp\/v2\/tags?post=317917"}],"curies":[{"name":"wp","href":"https:\/\/api.w.org\/{rel}","templated":true}]}}