{"id":317936,"date":"2023-01-21T12:19:33","date_gmt":"2023-01-21T11:19:33","guid":{"rendered":"https:\/\/www.radiopiu.net\/wordpress\/?p=317936"},"modified":"2023-01-22T12:15:00","modified_gmt":"2023-01-22T11:15:00","slug":"lopinione-di-iliana-comina","status":"publish","type":"post","link":"https:\/\/www.radiopiu.net\/wordpress\/lopinione-di-iliana-comina\/","title":{"rendered":"L&#8217;OPINIONE&#8230;DI ILIANA COMINA"},"content":{"rendered":"<p><em><a class=\"dt-pswp-item\" href=\"https:\/\/www.radiopiu.net\/wordpress\/wp-content\/uploads\/2023\/01\/iphone-gd7b9ed1f0_1920.jpg\" data-dt-img-description=\"\" data-large_image_width=\"1920\" data-large_image_height=\"1280\"><img loading=\"lazy\" decoding=\"async\" class=\" wp-image-317937 alignleft\" src=\"https:\/\/www.radiopiu.net\/wordpress\/wp-content\/uploads\/2023\/01\/iphone-gd7b9ed1f0_1920-300x200.jpg\" alt=\"\" width=\"233\" height=\"155\" srcset=\"https:\/\/www.radiopiu.net\/wordpress\/wp-content\/uploads\/2023\/01\/iphone-gd7b9ed1f0_1920-300x200.jpg 300w, https:\/\/www.radiopiu.net\/wordpress\/wp-content\/uploads\/2023\/01\/iphone-gd7b9ed1f0_1920-1024x683.jpg 1024w, https:\/\/www.radiopiu.net\/wordpress\/wp-content\/uploads\/2023\/01\/iphone-gd7b9ed1f0_1920-768x512.jpg 768w, https:\/\/www.radiopiu.net\/wordpress\/wp-content\/uploads\/2023\/01\/iphone-gd7b9ed1f0_1920-1536x1024.jpg 1536w, https:\/\/www.radiopiu.net\/wordpress\/wp-content\/uploads\/2023\/01\/iphone-gd7b9ed1f0_1920.jpg 1920w\" sizes=\"auto, (max-width: 233px) 100vw, 233px\" \/><\/a>Le notizie, la radio, gli esperti, le opinioni e tutto il resto\u2026Stamane ho discusso un po\u2019 col Mezza, per due righe che non trovavo consone a una notizia. <\/em><em>Abbiamo parlato un po\u2019 e si \u00e8 formata nella mia testa una riflessione pi\u00f9 ampia che mi sento di buttare gi\u00f9 di pancia come uso fare io. Spesso mi trovo \u201ctra\u201d chi da la notizia e chi la riceve, ovvero vedo e so cosa \u00e8 un comunicato stampa, vedo e so come si cerca di verificare una notizia, vedo e so che le persone coinvolte a volte parlano a volte no. Vedo poi chi le riceve con il suo carico di opinioni (lecite) e commenti a volte imbarazzanti. Le notizie non sono facili da dare sono composte da \u201ccose\u201d che arrivano \u201cconfezionate\u201d in parte per cui per quanto imparziali contengono sempre una linea di pensiero pare ovvio no? E invece no, a volte non lo \u00e8 perch\u00e9 chi riceve la notizia e la pensa in modo diverso, accusa chi la notizia la da (la da, la veicola, non \u00e8 PARTE dei fatti) di essere tendenzioso o parziale. Poco conta ribadire che se si ha una idea contraria c\u2019\u00e8 spazio per tutti, vale pi\u00f9 la polemica che la voglia o il coraggio di esporsi per esprimere opinioni diverse (non due righe di commento ilare o maleducato o offensivo) OPINIONI DIVERSE circostanziate, responsabili, composte. Piace soprattutto sui social questo sottobosco di critiche, commenti sprezzanti, maleducati, aggressivi, alla ricerca di un like o del sostegno di un gruppetto di persone che fomentino una discussione il pi\u00f9 delle volte inutile, con un meccanismo davvero tribale e primitivo. Quanto sarebbe utile avere un dialogo costruttivo soprattutto da parte delle persone pi\u00f9 mature per costruire un perfezionamento della notizia o un dibattito serio che apporti qualcosa di utile. <\/em><em>Impossibile. Dare le notizie implica anche una responsabilit\u00e0 e un rischio che io francamente non mi prenderei, vuole dire anche fidarsi delle persone, l\u2019errore \u00e8 sempre dietro l\u2019angolo, chi ti dice che c\u2019era raccontando un fatto e poi invece scopri che non \u00e8 vero ma lo ha sentito dire (spiegalo poi tu a chi legge\u2026) chi ti manda una foto assicurandoti che puoi pubblicarla per poi trovarti multato perch\u00e9 si vede l\u2019orecchio riconoscibile di una persona (!!). Arrivano poi le critiche perch\u00e9 puoi aver scritto una cosa sbagliata, un nome, una localit\u00e0, una misura, un peso, le dimensioni di un\u2019area ecc. Beh signori non solo esistono i refusi ma se chi da le notizie fosse esperto del 100% della conoscenza umana probabilmente non farebbe quello che fa ma starebbe col culo al sole sorseggiando spriz (perch\u00e9 ci piacciono le tradizioni) su un\u2019isola di sua propriet\u00e0 vi pare? Che poi gli esperti\u2026in questi anni c\u2019\u00e8 la guerra degli esperti lo vediamo in tv tutti i giorni\u2026.c\u2019\u00e8 da chiedersi se i veri esperti alla fine stiano zitti proprio perch\u00e9 ne sanno pi\u00f9 di altri ma non vogliono certo entrare in certi gironi infernali\u2026Ecco, dare le notizie \u00e8 un casino, a volte c\u2019\u00e8 tanta di quella polemica di ritorno che a me passerebbe la voglia, a volte mi chiedo se le persone si dimentichino totalmente di battaglie fatte per la comunit\u00e0, di sofferenze passate del territorio scritte, raccontate e guarite anche grazie alla parola e alla condivisione che ha portato aiuto e coraggio per tutti. A volte diamo il peggio di noi per mettere inutili puntini sulle i o non abbiamo la banale buona educazione di correggere il lavoro di altri ma abbiamo solo voglia di imbrattarlo perch\u00e8 \u201cnoi ne sappiamo di pi\u00f9\u201d. Che in certe situazioni \u00e8 anche vero, ma svalutiamo anche la nostra di conoscenza buttandola li senza un briciolo di educazione e gentilezza rendendo il nostro contributo inutile, senza valore. La gentilezza, questa sconosciuta\u2026 il Treccani la definisce come \u201camabilit\u00e0, garbo, cortesia nel trattare con altri\u201d. Quando abbiamo perso questo saper fare e avvicinarsi al prossimo? ma soprattutto perch\u00e8 lo abbiamo perso? In nome e guadagno di cosa? Di una schiacciante maleducata imposizione delle nostre opinioni che valgono quanto quelle di chiunque altro per cui va da se non siano risolutive di nessuna discussione n\u00e9 portatrici di reali soluzioni a qualsivoglia problema? E\u2019 difficile non farsi prendere la mano quando i commenti si sprecano, \u00e8 imbarazzante e fa soffrire leggere certe parole rivolte magari a chi ha perso qualcuno, non si riesce a limitare o far rientrare nei binari un confronto sui social, non resta che chiudere i commenti\u2026alla faccia del dialogo e del confronto. In una piccola comunit\u00e0 mi aspetterei questo, un po\u2019 pi\u00f9 di gentilezza. Le persone che scrivono poi le ritrovi per strada, al supermercato, al bar, se ci comportassimo \u201cdi persona\u201d come succede su certe pagine social il PS sarebbe gremito ogni giorno\u2026e allora perch\u00e8 lo facciamo? Quanto idiota \u00e8 questa cosa? Pare che non stiamo imparando, non ci stiamo evolvendo\u2026forse ci penser\u00e0 l\u2019intelligenza artificiale ad essere pi\u00f9 intelligente ed empatica di noi e a quel punto caler\u00e0 il silenzio, per tutti.<\/em><\/p>\n<p><em><strong>Iliana Comina<\/strong><\/em><\/p>\n<p>&nbsp;<\/p>\n<p>&nbsp;<\/p>\n<p>******<\/p>\n","protected":false},"excerpt":{"rendered":"<p>Le notizie, la radio, gli esperti, le opinioni e tutto il resto\u2026Stamane ho discusso un po\u2019 col Mezza, per due righe che non trovavo consone a una notizia. Abbiamo parlato un po\u2019 e si \u00e8 formata nella mia testa una riflessione pi\u00f9 ampia che mi sento di buttare gi\u00f9 di pancia come uso fare io.&hellip;<\/p>\n","protected":false},"author":4,"featured_media":317937,"comment_status":"closed","ping_status":"closed","sticky":false,"template":"","format":"standard","meta":{"_monsterinsights_skip_tracking":false,"_monsterinsights_sitenote_active":false,"_monsterinsights_sitenote_note":"","_monsterinsights_sitenote_category":0,"footnotes":""},"categories":[51,49],"tags":[],"class_list":["post-317936","post","type-post","status-publish","format-standard","has-post-thumbnail","hentry","category-evidenza-top","category-news-18","category-51","category-49","description-off"],"img_url":"https:\/\/www.radiopiu.net\/wordpress\/wp-content\/uploads\/2023\/01\/iphone-gd7b9ed1f0_1920.jpg","_links":{"self":[{"href":"https:\/\/www.radiopiu.net\/wordpress\/wp-json\/wp\/v2\/posts\/317936","targetHints":{"allow":["GET"]}}],"collection":[{"href":"https:\/\/www.radiopiu.net\/wordpress\/wp-json\/wp\/v2\/posts"}],"about":[{"href":"https:\/\/www.radiopiu.net\/wordpress\/wp-json\/wp\/v2\/types\/post"}],"author":[{"embeddable":true,"href":"https:\/\/www.radiopiu.net\/wordpress\/wp-json\/wp\/v2\/users\/4"}],"replies":[{"embeddable":true,"href":"https:\/\/www.radiopiu.net\/wordpress\/wp-json\/wp\/v2\/comments?post=317936"}],"version-history":[{"count":0,"href":"https:\/\/www.radiopiu.net\/wordpress\/wp-json\/wp\/v2\/posts\/317936\/revisions"}],"wp:featuredmedia":[{"embeddable":true,"href":"https:\/\/www.radiopiu.net\/wordpress\/wp-json\/wp\/v2\/media\/317937"}],"wp:attachment":[{"href":"https:\/\/www.radiopiu.net\/wordpress\/wp-json\/wp\/v2\/media?parent=317936"}],"wp:term":[{"taxonomy":"category","embeddable":true,"href":"https:\/\/www.radiopiu.net\/wordpress\/wp-json\/wp\/v2\/categories?post=317936"},{"taxonomy":"post_tag","embeddable":true,"href":"https:\/\/www.radiopiu.net\/wordpress\/wp-json\/wp\/v2\/tags?post=317936"}],"curies":[{"name":"wp","href":"https:\/\/api.w.org\/{rel}","templated":true}]}}