{"id":318164,"date":"2023-01-23T06:18:40","date_gmt":"2023-01-23T05:18:40","guid":{"rendered":"https:\/\/www.radiopiu.net\/wordpress\/?p=318164"},"modified":"2023-01-23T06:21:18","modified_gmt":"2023-01-23T05:21:18","slug":"hockey-ghiaccio-la-coppa-italia-al-varese","status":"publish","type":"post","link":"https:\/\/www.radiopiu.net\/wordpress\/hockey-ghiaccio-la-coppa-italia-al-varese\/","title":{"rendered":"HOCKEY GHIACCIO, LA COPPA ITALIA AL VARESE"},"content":{"rendered":"<p style=\"font-weight: 400;\"><strong>di Roberto Miana<\/strong><\/p>\n<p style=\"font-weight: 400;\">Varese &#8211; Caldaro 3-1<\/p>\n<p style=\"font-weight: 400;\">Parziali: 0-0, 1-0, 2-1<\/p>\n<p style=\"font-weight: 400;\">Reti: 25\u201905\u201d Franchini (V), 41\u201917\u201d Drolet (V), 48\u201908\u201d Virtala Teemu (C), 59\u201957\u201d Franchini (V)<\/p>\n<p style=\"font-weight: 400;\"><strong>VARESE<\/strong> Davanti al proprio pubblico, in una Acinque Ice Arena sold out, il Varese vince per la prima volta nella sua storia la Coppa Italia, sconfiggendo 3-1 il Caldaro in una dura e combattutissima partita di finale, valevole per la 27^ edizione della coppa nazionale. Nelle semifinali di sabato i Mastini avevano regolato 3-0 i Pirati di Appiano mentre i Lucci 4-1 i lupi del Valdifiemme. La finale si gioca davanti 1200 spettatori che colorano di giallonero l\u2019impianto varesino. Il primo tempo scivola via equilibrato con le due squadre che non si scoprono pi\u00f9 di tanto, sentendo il peso della posta in palio. I Mastini esercitano maggiore pressione dalle parti del goalie Andergassen, mentre i Lucci si affidano principalmente al contropiede. Le maggiori emozioni arrivano nel finale di drittel con il Caldaro che alla prima superiorit\u00e0 numerica metta paura ai gialloneri, che in penalty killing costruiscono per\u00f2 una delle pi\u00f9 ghiotte occasioni da rete con Schina che solo davanti ad Andergassen si fa ipnotizzare dall\u2019estremo difensore altoatesino. Al 5\u00b0 minuto del secondo parziale il Varese sblocca la gara con un forte e preciso tiro ad incrociare di Franchini, che si insacca nell\u2019angolino alto alla destra dell\u2019incolpevole estremo altoatesino. A met\u00e0 partita un bruttissimo fallo di Erschbamer, sul goalie varesino Perla, gli costa la penalit\u00e0 partita e 5\u2019 di inferiorit\u00e0 numerica alla propria squadra. Il match si infiamma e le panche puniti si affollano di giocatori penalizzati. La gara \u00e8 combattutissima, le occasioni si sprecano su entrambi i fronti ed un monumentale goalie bosino Rocco Perla (MVP della finale) permette ai gialloneri padroni di casa di andare al secondo riposo avanti uno a zero.<\/p>\n<p style=\"font-weight: 400;\">In apertura dell\u2019ultimo periodo il Varese raddoppia con una magistrale azione di contropiede finalizzata dal canadese Drolet che mette in rete sotto misura a seguito di una respinta del portiere ospite. A 12\u2019 dal termine il Caldaro, dopo aver colpito la traversa, accorcia le distanze con Teemu Virtala. Nel finale i Lucci stringono d\u2019assedio i Mastini e chiedono il time out per organizzare l\u2019ultimo assalto senza il portiere e giocare con l\u2019uomo di movimento in pi\u00f9. A 30 secondi dal termine il Caldaro ha sulla stecca il puck del pareggio ma ancora Perla chiude la saracinesca. A tre secondi dal termine Franchini segna la terza marcatura a porta vuota che suggella la vittoria tra il tripudio della marea di tifosi gialloneri sugli spalti, portando sotto al Sacro Monte di Varese la prima storica Coppa Italia per i Mastini<strong>.<\/strong><\/p>\n\n\t\t\t<style type='text\/css'>\n\t\t\t\t#gallery-1 {\n\t\t\t\t\tmargin: auto;\n\t\t\t\t}\n\t\t\t\t#gallery-1 .gallery-item {\n\t\t\t\t\tfloat: left;\n\t\t\t\t\tmargin-top: 10px;\n\t\t\t\t\ttext-align: center;\n\t\t\t\t\twidth: 33%;\n\t\t\t\t}\n\t\t\t\t#gallery-1 img {\n\t\t\t\t\tborder: 2px solid #cfcfcf;\n\t\t\t\t}\n\t\t\t\t#gallery-1 .gallery-caption {\n\t\t\t\t\tmargin-left: 0;\n\t\t\t\t}\n\t\t\t\t\/* see gallery_shortcode() in wp-includes\/media.php *\/\n\t\t\t<\/style>\n\t\t<div id='gallery-1' class='dt-gallery-container gallery galleryid-318164 gallery-columns-3 gallery-size-thumbnail'><dl class='gallery-item'>\n\t\t\t\t<dt class='gallery-icon landscape'>\n\t\t\t\t\t<a class=\"rollover\" href='https:\/\/www.radiopiu.net\/wordpress\/hockey-ghiaccio-la-coppa-italia-al-varese\/56b21495-c059-400c-b95a-486b908a222d\/'><img loading=\"lazy\" decoding=\"async\" width=\"150\" height=\"150\" src=\"https:\/\/www.radiopiu.net\/wordpress\/wp-content\/uploads\/2023\/01\/56B21495-C059-400C-B95A-486B908A222D-150x150.jpeg\" class=\"attachment-thumbnail size-thumbnail\" alt=\"\" \/><\/a>\n\t\t\t\t<\/dt><\/dl><dl class='gallery-item'>\n\t\t\t\t<dt class='gallery-icon landscape'>\n\t\t\t\t\t<a class=\"rollover\" href='https:\/\/www.radiopiu.net\/wordpress\/hockey-ghiaccio-la-coppa-italia-al-varese\/da821bc8-602f-4ad7-81d6-24dabd3aec44\/'><img loading=\"lazy\" decoding=\"async\" width=\"150\" height=\"150\" src=\"https:\/\/www.radiopiu.net\/wordpress\/wp-content\/uploads\/2023\/01\/DA821BC8-602F-4AD7-81D6-24DABD3AEC44-150x150.jpeg\" class=\"attachment-thumbnail size-thumbnail\" alt=\"\" \/><\/a>\n\t\t\t\t<\/dt><\/dl><dl class='gallery-item'>\n\t\t\t\t<dt class='gallery-icon landscape'>\n\t\t\t\t\t<a class=\"rollover\" href='https:\/\/www.radiopiu.net\/wordpress\/hockey-ghiaccio-la-coppa-italia-al-varese\/36fcaf45-acd6-4cc7-b3b0-075438030e92\/'><img loading=\"lazy\" decoding=\"async\" width=\"150\" height=\"150\" src=\"https:\/\/www.radiopiu.net\/wordpress\/wp-content\/uploads\/2023\/01\/36FCAF45-ACD6-4CC7-B3B0-075438030E92-150x150.jpeg\" class=\"attachment-thumbnail size-thumbnail\" alt=\"\" \/><\/a>\n\t\t\t\t<\/dt><\/dl><br style=\"clear: both\" \/><dl class='gallery-item'>\n\t\t\t\t<dt class='gallery-icon portrait'>\n\t\t\t\t\t<a class=\"rollover\" href='https:\/\/www.radiopiu.net\/wordpress\/hockey-ghiaccio-la-coppa-italia-al-varese\/6c96c92e-5197-40d3-91e2-19cfeab15ec7\/'><img loading=\"lazy\" decoding=\"async\" width=\"150\" height=\"150\" src=\"https:\/\/www.radiopiu.net\/wordpress\/wp-content\/uploads\/2023\/01\/6C96C92E-5197-40D3-91E2-19CFEAB15EC7-150x150.jpeg\" class=\"attachment-thumbnail size-thumbnail\" alt=\"\" \/><\/a>\n\t\t\t\t<\/dt><\/dl><dl class='gallery-item'>\n\t\t\t\t<dt class='gallery-icon portrait'>\n\t\t\t\t\t<a class=\"rollover\" href='https:\/\/www.radiopiu.net\/wordpress\/hockey-ghiaccio-la-coppa-italia-al-varese\/c9eb67c2-0984-4b12-8c82-a82e0de9d5c1\/'><img loading=\"lazy\" decoding=\"async\" width=\"150\" height=\"150\" src=\"https:\/\/www.radiopiu.net\/wordpress\/wp-content\/uploads\/2023\/01\/C9EB67C2-0984-4B12-8C82-A82E0DE9D5C1-150x150.jpeg\" class=\"attachment-thumbnail size-thumbnail\" alt=\"\" \/><\/a>\n\t\t\t\t<\/dt><\/dl><dl class='gallery-item'>\n\t\t\t\t<dt class='gallery-icon landscape'>\n\t\t\t\t\t<a class=\"rollover\" href='https:\/\/www.radiopiu.net\/wordpress\/hockey-ghiaccio-la-coppa-italia-al-varese\/34f30055-e26b-4364-9c75-7bb4ef66f11c\/'><img loading=\"lazy\" decoding=\"async\" width=\"150\" height=\"150\" src=\"https:\/\/www.radiopiu.net\/wordpress\/wp-content\/uploads\/2023\/01\/34F30055-E26B-4364-9C75-7BB4EF66F11C-150x150.jpeg\" class=\"attachment-thumbnail size-thumbnail\" alt=\"\" \/><\/a>\n\t\t\t\t<\/dt><\/dl><br style=\"clear: both\" \/>\n\t\t\t<\/div>\n\n","protected":false},"excerpt":{"rendered":"<p>di Roberto Miana Varese &#8211; Caldaro 3-1 Parziali: 0-0, 1-0, 2-1 Reti: 25\u201905\u201d Franchini (V), 41\u201917\u201d Drolet (V), 48\u201908\u201d Virtala Teemu (C), 59\u201957\u201d Franchini (V) VARESE Davanti al proprio pubblico, in una Acinque Ice Arena sold out, il Varese vince per la prima volta nella sua storia la Coppa Italia, sconfiggendo 3-1 il Caldaro in&hellip;<\/p>\n","protected":false},"author":4,"featured_media":318167,"comment_status":"closed","ping_status":"closed","sticky":false,"template":"","format":"standard","meta":{"_monsterinsights_skip_tracking":false,"_monsterinsights_sitenote_active":false,"_monsterinsights_sitenote_note":"","_monsterinsights_sitenote_category":0,"footnotes":""},"categories":[49],"tags":[],"class_list":["post-318164","post","type-post","status-publish","format-standard","has-post-thumbnail","hentry","category-news-18","category-49","description-off"],"img_url":"https:\/\/www.radiopiu.net\/wordpress\/wp-content\/uploads\/2023\/01\/56B21495-C059-400C-B95A-486B908A222D.jpeg","_links":{"self":[{"href":"https:\/\/www.radiopiu.net\/wordpress\/wp-json\/wp\/v2\/posts\/318164","targetHints":{"allow":["GET"]}}],"collection":[{"href":"https:\/\/www.radiopiu.net\/wordpress\/wp-json\/wp\/v2\/posts"}],"about":[{"href":"https:\/\/www.radiopiu.net\/wordpress\/wp-json\/wp\/v2\/types\/post"}],"author":[{"embeddable":true,"href":"https:\/\/www.radiopiu.net\/wordpress\/wp-json\/wp\/v2\/users\/4"}],"replies":[{"embeddable":true,"href":"https:\/\/www.radiopiu.net\/wordpress\/wp-json\/wp\/v2\/comments?post=318164"}],"version-history":[{"count":0,"href":"https:\/\/www.radiopiu.net\/wordpress\/wp-json\/wp\/v2\/posts\/318164\/revisions"}],"wp:featuredmedia":[{"embeddable":true,"href":"https:\/\/www.radiopiu.net\/wordpress\/wp-json\/wp\/v2\/media\/318167"}],"wp:attachment":[{"href":"https:\/\/www.radiopiu.net\/wordpress\/wp-json\/wp\/v2\/media?parent=318164"}],"wp:term":[{"taxonomy":"category","embeddable":true,"href":"https:\/\/www.radiopiu.net\/wordpress\/wp-json\/wp\/v2\/categories?post=318164"},{"taxonomy":"post_tag","embeddable":true,"href":"https:\/\/www.radiopiu.net\/wordpress\/wp-json\/wp\/v2\/tags?post=318164"}],"curies":[{"name":"wp","href":"https:\/\/api.w.org\/{rel}","templated":true}]}}