{"id":318181,"date":"2023-01-23T07:45:03","date_gmt":"2023-01-23T06:45:03","guid":{"rendered":"https:\/\/www.radiopiu.net\/wordpress\/?p=318181"},"modified":"2023-01-23T08:45:30","modified_gmt":"2023-01-23T07:45:30","slug":"ascolta-la-rassegna-stampa-di-radiopiu-dal-1983-alle-otto-del-mattino","status":"publish","type":"post","link":"https:\/\/www.radiopiu.net\/wordpress\/ascolta-la-rassegna-stampa-di-radiopiu-dal-1983-alle-otto-del-mattino\/","title":{"rendered":"ASCOLTA LA RASSEGNA STAMPA DI RADIOPIU. DAL 1983 ALLE OTTO DEL MATTINO"},"content":{"rendered":"<p><strong>BELLUNO<\/strong> Dramma in centro a Belluno, cade dal terzo piano, la diciannovenne ritrovata ieri mattina riversa a terra in una pozza di sangue, a pochi centimetri di distanza le cuffie per ascoltare musica e il cellulare. La polizia scientifica lavora su due ipotesi, incidente o gesto volontario, eclusa la responsabilit\u00e0 di persone terze.<br \/>\n<strong>VOLTAGO<\/strong> Come ad Agordo un mese fa, danneggia un&#8217;auto in parcheggio e scompare. Cercasi l&#8217;automobilista che ha causato seri danni a Voltago Agordino.<br \/>\n<strong>BELLUNO<\/strong> Andrea De Bernardin batte Luciano Da Pian ma per pochi voti, solo cinque. E&#8217; comunque il nuovo referente provinciale del partito leghista.<br \/>\n<strong>ALANO DI PIAVE<\/strong> La dispersione delle ceneri dei defunti ora si pu\u00f2 fare anche nel territorio di Alano di Piave dove l&#8217;amministrazione ha individuato in localit\u00e0 Doch, sul monte Tomba, l&#8217;area comunale per questa ritualit\u00e0.<br \/>\n<strong>VENEZIA<\/strong>\u00a0Il Centro Funzionale Decentrato della Protezione Civile della Regione del Veneto ha emesso oggi un avviso in cui dichiara uno stato di attenzione per oggi e domani per nevicate. Sono previste precipitazioni nevose fino a quote collinari<br \/>\n<strong>BELLUNO<\/strong> Nel 2023, i Centri Sollievo saranno 13, diffusi in tutti il territorio provinciale. Sono stati finanziati, infatti, anche per il 2023 i \u201c Centri Sollievo\u201d a favore delle persone affette da decadimento cognitivo e malattia di Parkinson, per un importo complessivo di 93.000 euro: rispetto all\u2019anno precedente, sono aumentati i Centri che hanno presentato progettualit\u00e0.<br \/>\n<strong>LAMON<\/strong> E\u2019 andata a buon fine l\u2019operazione di raccolta, trasporto e consegna dei beni raccolti in favore delle popolazioni dell\u2019Ucraina martoriate della guerra e dalle conseguenze che comporta. Iniziativa congiunta dai volontari di Lamon, Santa Giustina, San Gregorio delle Alpi e Milano. La partenza dei mezzi \u00e8 stata dai rispettivi comuni<br \/>\n<strong>CANALE D&#8217;AGORDO<\/strong> Domenica 29 gennaio lungo la pista di Colmean di Canale d&#8217;Agordo ritorna la gara di slittino aperta a tutti per bambini e adulti con il gruppo Crodaioli dell&#8217;Auta.<br \/>\n<strong>SELVA DI CADORE<\/strong> Successo per la prima tappa del Carnevai de le Vai, ieri a Pescul e L&#8217;Andria di Selva di Cadore. Video nel <strong>GIORNALE RADIOPIU<\/strong> il quotidiano di RADIOPIU dalle 6 del mattino sul canale Telegram<br \/>\n<strong>REDAZIONE<\/strong> Applausi, per i ragazzi e le ragazze delle seconde della scuola media di Sedico, sabato 28\u00a0 e domenica 29 saranno impegnati nella vendita delle arance della salute a favore dell&#8217;Airc, l&#8217;associazione per la ricerca sul cancro. Gli studenti hanno autoprodotto gli spot che ascolteremo\u00a0 alla radio attendendo l&#8217;appuntamento di Sedico.<br \/>\n<span style=\"color: #ff0000;\"><strong>S P O R T DEL LUNEDI, ALLA RADIO NELLO SPECIALE DELLE 16.30 <\/strong><\/span><br \/>\n<strong>CALCIO<\/strong> L&#8217;ITLAS SANTA GIUSTINA SERRAVALLE RIFILA TRE GOL ALL&#8217;AGORDINA<br \/>\n<strong>SCI ALPINO<\/strong> MARTA BASSINO SUL TERZO GRADINO DEL PODIO NEL SUPERG DI CORTINA<br \/>\n<strong>SCI DI FONDO<\/strong> VANESSA CAGNATI ED EDOARDO TROMBETTA I VINCITORI DELLA SKIRI TROPHY XCOUNTRY<br \/>\n<strong>SPORT PARALIMPICI<\/strong> PARA ICE HOCKEY: UN CORSO PER ALLENATORI IN VISTA DELLE OLIMPIADI 2026<br \/>\n<strong>CALCIO A 5<\/strong> LA CANOTTIERI CONQUISTA UN OTTIMO PUNTO A PADOVA<br \/>\n<strong>PALLAVOLO<\/strong> VITTORIA SCHIACCIANTE PER IL VOLLEY CLUB AGORDINO<\/p>\n<p>&nbsp;<\/p>\n<p>&nbsp;<\/p>\n<p><iframe loading=\"lazy\" title=\"RASSEGNA STAMPA LOCALE\" width=\"1200\" height=\"675\" src=\"https:\/\/www.youtube.com\/embed\/6yZ8IneHoIw?feature=oembed\" frameborder=\"0\" allow=\"accelerometer; autoplay; clipboard-write; encrypted-media; gyroscope; picture-in-picture; web-share\" allowfullscreen><\/iframe><\/p>\n<hr \/>\n<p>&nbsp;<\/p>\n","protected":false},"excerpt":{"rendered":"<p>BELLUNO Dramma in centro a Belluno, cade dal terzo piano, la diciannovenne ritrovata ieri mattina riversa a terra in una pozza di sangue, a pochi centimetri di distanza le cuffie per ascoltare musica e il cellulare. La polizia scientifica lavora su due ipotesi, incidente o gesto volontario, eclusa la responsabilit\u00e0 di persone terze. VOLTAGO Come&hellip;<\/p>\n","protected":false},"author":4,"featured_media":318182,"comment_status":"closed","ping_status":"closed","sticky":false,"template":"","format":"standard","meta":{"_monsterinsights_skip_tracking":false,"_monsterinsights_sitenote_active":false,"_monsterinsights_sitenote_note":"","_monsterinsights_sitenote_category":0,"footnotes":""},"categories":[104,49,142],"tags":[],"class_list":["post-318181","post","type-post","status-publish","format-standard","has-post-thumbnail","hentry","category-evidenza_3","category-news-18","category-rassegna-stampa","category-104","category-49","category-142","description-off"],"img_url":"https:\/\/www.radiopiu.net\/wordpress\/wp-content\/uploads\/2023\/01\/COPERTA-2.jpg","_links":{"self":[{"href":"https:\/\/www.radiopiu.net\/wordpress\/wp-json\/wp\/v2\/posts\/318181","targetHints":{"allow":["GET"]}}],"collection":[{"href":"https:\/\/www.radiopiu.net\/wordpress\/wp-json\/wp\/v2\/posts"}],"about":[{"href":"https:\/\/www.radiopiu.net\/wordpress\/wp-json\/wp\/v2\/types\/post"}],"author":[{"embeddable":true,"href":"https:\/\/www.radiopiu.net\/wordpress\/wp-json\/wp\/v2\/users\/4"}],"replies":[{"embeddable":true,"href":"https:\/\/www.radiopiu.net\/wordpress\/wp-json\/wp\/v2\/comments?post=318181"}],"version-history":[{"count":0,"href":"https:\/\/www.radiopiu.net\/wordpress\/wp-json\/wp\/v2\/posts\/318181\/revisions"}],"wp:featuredmedia":[{"embeddable":true,"href":"https:\/\/www.radiopiu.net\/wordpress\/wp-json\/wp\/v2\/media\/318182"}],"wp:attachment":[{"href":"https:\/\/www.radiopiu.net\/wordpress\/wp-json\/wp\/v2\/media?parent=318181"}],"wp:term":[{"taxonomy":"category","embeddable":true,"href":"https:\/\/www.radiopiu.net\/wordpress\/wp-json\/wp\/v2\/categories?post=318181"},{"taxonomy":"post_tag","embeddable":true,"href":"https:\/\/www.radiopiu.net\/wordpress\/wp-json\/wp\/v2\/tags?post=318181"}],"curies":[{"name":"wp","href":"https:\/\/api.w.org\/{rel}","templated":true}]}}