{"id":318451,"date":"2023-01-25T05:57:53","date_gmt":"2023-01-25T04:57:53","guid":{"rendered":"https:\/\/www.radiopiu.net\/wordpress\/?p=318451"},"modified":"2023-01-25T11:44:22","modified_gmt":"2023-01-25T10:44:22","slug":"giornale-radiopiu-25-gennaio-2023-direttore-mirko-mezzacasa-verso-i-40-anni-25-giugno-1983-25-giugno-2023","status":"publish","type":"post","link":"https:\/\/www.radiopiu.net\/wordpress\/giornale-radiopiu-25-gennaio-2023-direttore-mirko-mezzacasa-verso-i-40-anni-25-giugno-1983-25-giugno-2023\/","title":{"rendered":"GIORNALE RADIOPIU 25 GENNAIO 2023 DIRETTORE MIRKO MEZZACASA&#8230;verso i 40 anni 25 giugno 1983-25 giugno 2023"},"content":{"rendered":"<h3><img loading=\"lazy\" decoding=\"async\" class=\"alignleft\" src=\"https:\/\/www.radiopiu.net\/wordpress\/wp-content\/uploads\/2023\/01\/d069cc25-507a-48df-8361-d8552522510b.jpg\" width=\"213\" height=\"160\" \/>SONO STATE TOLTE LE TRANSENNE ANCHE A LA VALLE E DON DI ZOLDO, DA IERI RIAPERTO\u00a0 PASSO DURAN OLTRE A GIAU E VALPAROLA PRECEDENTEMENTE SBARRATI IN SEGUITO ALLE BUFERE DI NEVE CHE AVEVANO PROVOCATO ACCUMULI SULLA SEDE STRADALE<\/h3>\n<h3>SEGNALAZIONE AL PERON, BUONA TAVOLA &#8220;FEDAIA, CHIUSO&#8221;\u00a0 semaforo rosso<\/h3>\n<p>&nbsp;<\/p>\n<h3><\/h3>\n<p>&nbsp;<\/p>\n<h3 class=\"kvgmc6g5 cxmmr5t8 oygrvhab hcukyx3x c1et5uql\"><span style=\"color: #0000ff;\"><strong>RADIO PIU INFORMAZIONE il canale su TELEGRAM informazione di prima\u00a0 <\/strong><strong>mano e in tempo reale. iscriviti ed aiutaci a farlo conoscere\u00a0<\/strong><\/span><\/h3>\n<h2 style=\"text-align: left;\"><span style=\"color: #ff0000;\">ISCRIVITI AL NOSTRO CANALE YOUTUBE PER SEGUIRE IN DIRETTA I PRINCIPALI PROGRAMMI DI RADIO PIU&#8217; E LE FUTURE DIRETTE IN ESTERNA. PER ISCRIVERTI <a style=\"color: #ff0000;\" href=\"https:\/\/youtube.com\/@radiopiu1527\">CLICCA QUI<\/a> E PREMI IL TASTO &#8220;Iscriviti&#8221;\u00a0<\/span><\/h2>\n<p>&nbsp;<\/p>\n<hr \/>\n<p>&nbsp;<\/p>\n<blockquote>\n<h3>BLOCCATO NELLA NEVE, PORTATO AL SICURO DAI VIGILI DEL FUOCO<\/h3>\n<\/blockquote>\n<p><strong>CORTINA<\/strong> \u00c8 stato portato in salvo dai vigili del fuoco\u00a0 nella serata tra lunedi e martedi, l\u2019automobilista rimasto bloccato a causa degli accumuli di neve in prossimit\u00e0 del ventiduesimo tornante verso passo Giau. L\u2019uomo voleva raggiungere la propria abitazione posta poco distante quando \u00e8 rimasto bloccato. I vigili del fuoco di Cortina hanno raggiunto l\u2019uomo, intanto rimasto all\u2019interno dell\u2019auto e con una fresa hanno aperto la strada e trainato l\u2019auto fino all\u2019abitazione poco distante.<\/p>\n<div style=\"width: 1200px;\" class=\"wp-video\"><video class=\"wp-video-shortcode\" id=\"video-318451-1\" width=\"1200\" height=\"675\" preload=\"metadata\" controls=\"controls\"><source type=\"video\/mp4\" src=\"https:\/\/www.radiopiu.net\/wordpress\/wp-content\/uploads\/2023\/01\/WhatsApp-Video-2023-01-24-at-10.38.01.mp4?_=1\" \/><a href=\"https:\/\/www.radiopiu.net\/wordpress\/wp-content\/uploads\/2023\/01\/WhatsApp-Video-2023-01-24-at-10.38.01.mp4\">https:\/\/www.radiopiu.net\/wordpress\/wp-content\/uploads\/2023\/01\/WhatsApp-Video-2023-01-24-at-10.38.01.mp4<\/a><\/video><\/div>\n<p>&nbsp;<\/p>\n<p>&nbsp;<\/p>\n<hr \/>\n<p>&nbsp;<\/p>\n<blockquote>\n<h3>STABILIMENTO LUXOTTICA DI AGORDO CHIUSO DUE GIORNI A FEBBRAIO<\/h3>\n<\/blockquote>\n<p><strong><a class=\"dt-pswp-item\" href=\"https:\/\/www.radiopiu.net\/wordpress\/wp-content\/uploads\/2022\/06\/LUXOTTICA-12.jpg\" data-dt-img-description=\"\" data-large_image_width=\"800\" data-large_image_height=\"600\"><img loading=\"lazy\" decoding=\"async\" class=\" wp-image-284019 alignleft\" src=\"https:\/\/www.radiopiu.net\/wordpress\/wp-content\/uploads\/2022\/06\/LUXOTTICA-12-300x225.jpg\" alt=\"\" width=\"200\" height=\"150\" srcset=\"https:\/\/www.radiopiu.net\/wordpress\/wp-content\/uploads\/2022\/06\/LUXOTTICA-12-300x225.jpg 300w, https:\/\/www.radiopiu.net\/wordpress\/wp-content\/uploads\/2022\/06\/LUXOTTICA-12-768x576.jpg 768w, https:\/\/www.radiopiu.net\/wordpress\/wp-content\/uploads\/2022\/06\/LUXOTTICA-12.jpg 800w\" sizes=\"auto, (max-width: 200px) 100vw, 200px\" \/><\/a><\/strong><strong>AGORDO<\/strong> Nelle ultime ore la dirigenza di Luxottica dello stabilimento di Agordo ha incontrato la RSU e sono state concordate due giornate di chiusura dello stabilimento di Agordo nelle giornate del 20 e 21 febbraio.<\/p>\n<p>Se da una parte la motivazione viene additata ad un segnale di avvicinamento all&#8217;operaio in giorni in cui sono chiuse anche le scuole, dall&#8217;altra si fa riferimento alla mancanza di materia prima.<\/p>\n<p>Luned\u00ec 20 febbraio la giornata verr\u00e0 coperta con una giornata di flessibilit\u00e0 negativa mentre il giorno successivo son 5,33 ore di ferie di avanzo del 2022 e 2,67 ore di permesso individuale. Nel frattempo sono uscite le percentuali di partecipazione agli straordinari incentivato che hanno interessato i reparti produttivi nelle giornate del 14 e 21 gennaio. Il primo sabato incentivato \u00e8 stato un successo con Stamperia Metallo, Saldatura e trattamenti superficiali che hanno raggiunto il 100% di maggiorazione di straordinario. Il 90% per il reparto taglio lenti. Non \u00e8 stato raggiunto l&#8217;obbiettivo in Magazzino centrale con una maggiorazione del 50% sulla presenza. Nel sabato successivo l&#8217;adesione \u00e8 stata minore con una maggiorazione del 90% in Stamperia Metallo, Saldatura e trattamenti superficiali. Unico reparto a raggiungere la maggiorazione massima delle ore lavorate il Taglio lenti. Sempre 50% in Magazzino Centrale. Nel turno notturno del 22 gennaio raggiungono la maggiorazione del 100% Trattamenti Superficiali e Taglio Lenti. In Stamperia Metallo il 90 %. Intanto nei prossimi due fine settimana le maestranze sono chiamate al lavoro per due giornate di flessibilit\u00e0 positiva che riguarda solo coloro che lavorano il turno mattino.<\/p>\n<p><strong>PROTESTA COLLETTIVA A PEDEROBBA<\/strong><\/p>\n<p>Le rappresentanze sindacali Cgil Cisl e Uil hanno proclamato una modalit\u00e0 di protesta collettiva contro il servizio mensa. Uno &#8220;sciopero&#8221; della mensa in corso, iniziato ieri terminer\u00e0 venerdi. Le Rsu hanno invitato i lavoratori a consumare solo i cibi confezionati, prenotare i cestini notturni evitando preparazione fatte in loco. Tanti i commenti pro e contro anche da Agordo sulla pagina facebook Lux Italia. A fare ordine e chiarezza c&#8217;ha pensato Annalisa Dal Mas facendo capire che non si tratta di un protesta contro l&#8217;azienda, ma per un servizio non consono alle aspettative e pagato all&#8217;azienda.<\/p>\n<div dir=\"auto\"><em>&#8220;Provo a spiegare con parole mie il concetto &#8211; scrive Annalisa Dal Mas-\u00a0 il discorso non \u00e8 legato all\u2019esser viziati o meno ma al servizio che Luxottica paga e non \u00e8 adeguato a quanto effettivamente offerto. Io lavoro a Sedico e di notte usufruisco del cestino per cui parlo per quanto mi viene riferito dai colleghi dei turni diurni\u2026 nessuno si lamenta del fatto che ci \u201cviene offerto\u201d il pasto ma piuttosto che il servizio viene retribuito ad un costo che non restituisce le aspettative pagate. Chiunque sia a sborsare l\u2019onere. Per Sedico 1 la situazione \u00e8 in fase di adeguamento dei locali mensa a seguito dei traslochi della produzione e se le sigle sindacali di Pederobba sono arrivate a questa iniziativa evidentemente ci sono dei disservizi che devono essere risolti con un\u2019azione collettiva di protesta&#8221;.<\/em><\/div>\n<p>&nbsp;<\/p>\n<hr \/>\n<p>&nbsp;<\/p>\n<p>&nbsp;<\/p>\n<blockquote>\n<h2>LA VALLE DEL BIOIS PIANGE GRAZIELLA, ESEMPIO DI IMPEGNO PER IL TURISMO LOCALE<\/h2>\n<\/blockquote>\n<p><strong>FALCADE<\/strong>\u00a0 E&#8217; mancata, a 82 anni, Graziella Busin, il volto noto, sorridente, affabile del \u00a0Bar Busin di Caviola. Donna solare, che non ha mancato di impegnarsi per lo sviluppo del proprio paese, dell&#8217;importante frazione di Caviola nel quale credeva con tutte le sue forze.\u00a0 E&#8217; stata colonna della Proloco Caviola e in veste di presidente ha creduto nel rilancio del turismo, cultura e\u00a0 dello sport. In consiglio comunale \u00e8 stata consigliere con il sindaco Bepi Pellegrinon.\u00a0 Lascia il figlio Mauro la nuora Daniela con i nipoti pronipoti e il fratello Fabio. I funerali oggi alle 14.30 nella chiesa di Caviola. La famiglia ha ringraziato la dottoressa Corazzin e il personale Adimed.<\/p>\n<div class=\"testoArticolo\"><img decoding=\"async\" src=\"https:\/\/www.radiopiu.net\/wordpress\/wp-content\/uploads\/2023\/01\/rrrrrr.jpg\" \/><\/div>\n<p>&nbsp;<\/p>\n<p>&nbsp;<\/p>\n<p><strong>\u00a0<\/strong><\/p>\n<hr \/>\n<p>&nbsp;<\/p>\n<blockquote>\n<h3>UN REGOLAMENTO PER L&#8217;UTILIZZO DELLE BAITE NEL COMUNE DI CANALE D&#8217;AGORDO<\/h3>\n<\/blockquote>\n<p><strong><a class=\"dt-pswp-item\" href=\"https:\/\/www.radiopiu.net\/wordpress\/wp-content\/uploads\/2020\/06\/CANALE-DAGORDO-6.jpg\" data-dt-img-description=\"\" data-large_image_width=\"960\" data-large_image_height=\"720\"><img loading=\"lazy\" decoding=\"async\" class=\" wp-image-142143 alignleft\" src=\"https:\/\/www.radiopiu.net\/wordpress\/wp-content\/uploads\/2020\/06\/CANALE-DAGORDO-6-300x225.jpg\" alt=\"\" width=\"200\" height=\"150\" srcset=\"https:\/\/www.radiopiu.net\/wordpress\/wp-content\/uploads\/2020\/06\/CANALE-DAGORDO-6-300x225.jpg 300w, https:\/\/www.radiopiu.net\/wordpress\/wp-content\/uploads\/2020\/06\/CANALE-DAGORDO-6-768x576.jpg 768w, https:\/\/www.radiopiu.net\/wordpress\/wp-content\/uploads\/2020\/06\/CANALE-DAGORDO-6.jpg 960w\" sizes=\"auto, (max-width: 200px) 100vw, 200px\" \/><\/a>CANALE D&#8217;AGORDO<\/strong><\/p>\n<p>di Gianni Santomaso<\/p>\n<audio class=\"wp-audio-shortcode\" id=\"audio-318451-1\" preload=\"none\" style=\"width: 100%;\" controls=\"controls\"><source type=\"audio\/mpeg\" src=\"https:\/\/www.radiopiu.net\/wordpress\/wp-content\/uploads\/2023\/01\/GIANNI-UN-REGOLAMNETO-PER-LUTILIZZO-DELLE-BAITE-NEL-COMUNE-DI-CANALE-DAGORDO.mp3?_=1\" \/><a href=\"https:\/\/www.radiopiu.net\/wordpress\/wp-content\/uploads\/2023\/01\/GIANNI-UN-REGOLAMNETO-PER-LUTILIZZO-DELLE-BAITE-NEL-COMUNE-DI-CANALE-DAGORDO.mp3\">https:\/\/www.radiopiu.net\/wordpress\/wp-content\/uploads\/2023\/01\/GIANNI-UN-REGOLAMNETO-PER-LUTILIZZO-DELLE-BAITE-NEL-COMUNE-DI-CANALE-DAGORDO.mp3<\/a><\/audio>\n<p>&nbsp;<\/p>\n<hr \/>\n<p>&nbsp;<\/p>\n<blockquote>\n<h3>RIQUALIFICAZIONE DELL\u2019ISTITUTO SEGATO, LAVORI IN PARTENZA ENTRO L\u2019ANNO<\/h3>\n<\/blockquote>\n<p><strong><a class=\"dt-pswp-item\" href=\"https:\/\/www.radiopiu.net\/wordpress\/wp-content\/uploads\/2022\/02\/ITIS-SEGATO.png\" data-dt-img-description=\"\" data-large_image_width=\"1742\" data-large_image_height=\"1344\"><img loading=\"lazy\" decoding=\"async\" class=\" wp-image-259852 alignleft\" src=\"https:\/\/www.radiopiu.net\/wordpress\/wp-content\/uploads\/2022\/02\/ITIS-SEGATO-300x231.png\" alt=\"\" width=\"162\" height=\"125\" srcset=\"https:\/\/www.radiopiu.net\/wordpress\/wp-content\/uploads\/2022\/02\/ITIS-SEGATO-300x231.png 300w, https:\/\/www.radiopiu.net\/wordpress\/wp-content\/uploads\/2022\/02\/ITIS-SEGATO-1024x790.png 1024w, https:\/\/www.radiopiu.net\/wordpress\/wp-content\/uploads\/2022\/02\/ITIS-SEGATO-768x593.png 768w, https:\/\/www.radiopiu.net\/wordpress\/wp-content\/uploads\/2022\/02\/ITIS-SEGATO-1536x1185.png 1536w, https:\/\/www.radiopiu.net\/wordpress\/wp-content\/uploads\/2022\/02\/ITIS-SEGATO.png 1742w\" sizes=\"auto, (max-width: 162px) 100vw, 162px\" \/><\/a>BELLUNO<\/strong> \u00abRestituiremo una scuola rinnovata, pi\u00f9 bella, con spazi di qualit\u00e0 maggiore rispetto a quelli odierni. Serviranno tempo e pazienza, ma i lavori non incideranno sulla didattica, perch\u00e9 non saranno richiesti traslochi di massa\u00bb.\u00a0 La vice presidente della Provincia, Lucia Da Rold, ha presentato cos\u00ec i lavori di prossima partenza al Segato. Ier mattina, infatti, l\u2019amministrazione provinciale &#8211; insieme ai tecnici del servizio Edilizia scolastica &#8211; ha incontrato la dirigente scolastica dell\u2019istituto, per spiegare gli interventi in programma. Lavori di riqualificazione e di adeguamento sismico e antincendio che partiranno entro l\u2019anno.\u00a0 \u00c8 prevista la demolizione e ricostruzione di alcune parti del complesso di edifici. Il cantiere sar\u00e0 modulare, per cui saranno interessati dai lavori solo porzioni limitate. Nei prossimi mesi sar\u00e0 abbattuto e ricostruito il blocco che si affaccia su Piazza Piloni, che contiene sostanzialmente gli uffici amministrativi. L\u2019operazione dovrebbe richiedere un cronoprogramma di almeno 18-20 mesi. \u00abCon il cantiere che procede per step, si limitano al massimo i disagi alla didattica\u00bb spiega Lucia Da Rold, delegata all\u2019edilizia scolastica. \u00abSolo una volta completato il primo blocco, si avanzer\u00e0 con gli altri. Questo allunga inevitabilmente i tempi di intervento, ma permette di evitare traslochi di massa degli studenti. Il bando stesso di gara valuter\u00e0 come premiante la miglior gestione dei lavori\u00bb.<\/p>\n<p>&nbsp;<\/p>\n<p>&nbsp;<\/p>\n<hr \/>\n<p>&nbsp;<\/p>\n<blockquote>\n<h3>TEMPO DI BILANCI PER MONICA LOTTO, SEGRETARIO PROVINCIALE USCENTE DEL PD<\/h3>\n<\/blockquote>\n<p><strong><a class=\"dt-pswp-item\" href=\"https:\/\/www.radiopiu.net\/wordpress\/wp-content\/uploads\/2020\/06\/download-26.jpg\" data-dt-img-description=\"\" data-large_image_width=\"225\" data-large_image_height=\"225\"><img loading=\"lazy\" decoding=\"async\" class=\" wp-image-146218 alignleft\" src=\"https:\/\/www.radiopiu.net\/wordpress\/wp-content\/uploads\/2020\/06\/download-26.jpg\" alt=\"\" width=\"146\" height=\"146\" srcset=\"https:\/\/www.radiopiu.net\/wordpress\/wp-content\/uploads\/2020\/06\/download-26.jpg 225w, https:\/\/www.radiopiu.net\/wordpress\/wp-content\/uploads\/2020\/06\/download-26-150x150.jpg 150w\" sizes=\"auto, (max-width: 146px) 100vw, 146px\" \/><\/a>BELLUNO<\/strong> Con l&#8217;unica candidatura a segretario provinciale del Partito Democratico di Alessandro Del Bianco, si avvia a conclusione il mandato di Monica Lotto: tempo di bilanci per la segretaria uscente, che guarda comunque al futuro del partito.<\/p>\n<p><strong>di Daniele Dalvit<\/strong><\/p>\n<audio class=\"wp-audio-shortcode\" id=\"audio-318451-2\" preload=\"none\" style=\"width: 100%;\" controls=\"controls\"><source type=\"audio\/mpeg\" src=\"https:\/\/www.radiopiu.net\/wordpress\/wp-content\/uploads\/2023\/01\/DALVIT-MONICA-LOTTO-PD.mp3?_=2\" \/><a href=\"https:\/\/www.radiopiu.net\/wordpress\/wp-content\/uploads\/2023\/01\/DALVIT-MONICA-LOTTO-PD.mp3\">https:\/\/www.radiopiu.net\/wordpress\/wp-content\/uploads\/2023\/01\/DALVIT-MONICA-LOTTO-PD.mp3<\/a><\/audio>\n<p>&nbsp;<\/p>\n<hr \/>\n<p>&nbsp;<\/p>\n<blockquote>\n<h3>LA SOLIDARIETA&#8217; DELLA LEGA AL BAR TORREFAZIONE DI FELTRE DOPO IL FURTO DEL FINE SETTIMANA<\/h3>\n<\/blockquote>\n<p><strong><a class=\"dt-pswp-item\" href=\"https:\/\/www.radiopiu.net\/wordpress\/wp-content\/uploads\/2023\/01\/Schermata-2023-01-21-alle-16.38.53.png\" data-dt-img-description=\"\" data-large_image_width=\"1436\" data-large_image_height=\"856\"><img loading=\"lazy\" decoding=\"async\" class=\" wp-image-317954 alignleft\" src=\"https:\/\/www.radiopiu.net\/wordpress\/wp-content\/uploads\/2023\/01\/Schermata-2023-01-21-alle-16.38.53-300x179.png\" alt=\"\" width=\"164\" height=\"98\" srcset=\"https:\/\/www.radiopiu.net\/wordpress\/wp-content\/uploads\/2023\/01\/Schermata-2023-01-21-alle-16.38.53-300x179.png 300w, https:\/\/www.radiopiu.net\/wordpress\/wp-content\/uploads\/2023\/01\/Schermata-2023-01-21-alle-16.38.53-1024x610.png 1024w, https:\/\/www.radiopiu.net\/wordpress\/wp-content\/uploads\/2023\/01\/Schermata-2023-01-21-alle-16.38.53-768x458.png 768w, https:\/\/www.radiopiu.net\/wordpress\/wp-content\/uploads\/2023\/01\/Schermata-2023-01-21-alle-16.38.53.png 1436w\" sizes=\"auto, (max-width: 164px) 100vw, 164px\" \/><\/a>FELTRE <\/strong>\u201c<em>Pieno appoggio all\u2019amministrazione Fusaro. Rafforzeremo le politiche per la sicurezza. Ai titolari della Torrefazione, tutta la nostra solidariet\u00e0<\/em>\u201d.\u00a0 \u00a0Sono le parole del segretario della Lega sezione di Feltre, Franco Stien, a commento di quanto accaduto lo scorso fine settimana in centro storico, dove la Torrefazione in Largo Castaldi \u00e8 stata vittima di furto con scasso.<\/p>\n<p><strong>FRANCO STIEN<\/strong><\/p>\n<audio class=\"wp-audio-shortcode\" id=\"audio-318451-3\" preload=\"none\" style=\"width: 100%;\" controls=\"controls\"><source type=\"audio\/mpeg\" src=\"https:\/\/www.radiopiu.net\/wordpress\/wp-content\/uploads\/2023\/01\/Stien_segretario_Feltre_-_Sicurezza.mp3?_=3\" \/><a href=\"https:\/\/www.radiopiu.net\/wordpress\/wp-content\/uploads\/2023\/01\/Stien_segretario_Feltre_-_Sicurezza.mp3\">https:\/\/www.radiopiu.net\/wordpress\/wp-content\/uploads\/2023\/01\/Stien_segretario_Feltre_-_Sicurezza.mp3<\/a><\/audio>\n<p>&nbsp;<\/p>\n<hr \/>\n<p>&nbsp;<\/p>\n<blockquote>\n<h3>L&#8217;IMPRESA FOLLE DI AARON LAZZARO ED ENRICO TRICHES IN ARGENTINA. OLTRE 1200 KM IN BICICLETTA E 38 A PIEDI IN 100 ORE<\/h3>\n<\/blockquote>\n<p><strong><a class=\"dt-pswp-item\" href=\"https:\/\/www.radiopiu.net\/wordpress\/wp-content\/uploads\/2023\/01\/a4f20a4f-9838-4988-b53e-787afda611bc.jpg\" data-dt-img-description=\"\" data-large_image_width=\"2000\" data-large_image_height=\"1500\"><img loading=\"lazy\" decoding=\"async\" class=\" wp-image-318548 alignleft\" src=\"https:\/\/www.radiopiu.net\/wordpress\/wp-content\/uploads\/2023\/01\/a4f20a4f-9838-4988-b53e-787afda611bc-300x225.jpg\" alt=\"\" width=\"184\" height=\"138\" srcset=\"https:\/\/www.radiopiu.net\/wordpress\/wp-content\/uploads\/2023\/01\/a4f20a4f-9838-4988-b53e-787afda611bc-300x225.jpg 300w, https:\/\/www.radiopiu.net\/wordpress\/wp-content\/uploads\/2023\/01\/a4f20a4f-9838-4988-b53e-787afda611bc-1024x768.jpg 1024w, https:\/\/www.radiopiu.net\/wordpress\/wp-content\/uploads\/2023\/01\/a4f20a4f-9838-4988-b53e-787afda611bc-768x576.jpg 768w, https:\/\/www.radiopiu.net\/wordpress\/wp-content\/uploads\/2023\/01\/a4f20a4f-9838-4988-b53e-787afda611bc-1536x1152.jpg 1536w, https:\/\/www.radiopiu.net\/wordpress\/wp-content\/uploads\/2023\/01\/a4f20a4f-9838-4988-b53e-787afda611bc.jpg 2000w\" sizes=\"auto, (max-width: 184px) 100vw, 184px\" \/><\/a>BELLUNO<\/strong><\/p>\n<p>di Moreno Gioli<\/p>\n<audio class=\"wp-audio-shortcode\" id=\"audio-318451-4\" preload=\"none\" style=\"width: 100%;\" controls=\"controls\"><source type=\"audio\/mpeg\" src=\"https:\/\/www.radiopiu.net\/wordpress\/wp-content\/uploads\/2023\/01\/GIOLI-Baires-aconcagua.mp3?_=4\" \/><a href=\"https:\/\/www.radiopiu.net\/wordpress\/wp-content\/uploads\/2023\/01\/GIOLI-Baires-aconcagua.mp3\">https:\/\/www.radiopiu.net\/wordpress\/wp-content\/uploads\/2023\/01\/GIOLI-Baires-aconcagua.mp3<\/a><\/audio>\n<p>&nbsp;<\/p>\n<hr \/>\n<p>&nbsp;<\/p>\n<blockquote>\n<h3>IL RITORNO DEL LUPO IN PROVINCIA, A FALCADE PARLANO GLI ESPERTI<\/h3>\n<\/blockquote>\n<p><strong>LA DIRETTA RADIO PIU&#8217;<\/strong><\/p>\n<p>https:\/\/www.facebook.com\/marco.baghy.1\/videos\/699374151722305<\/p>\n<p>&nbsp;<\/p>\n<p><strong><a class=\"dt-pswp-item\" href=\"https:\/\/www.radiopiu.net\/wordpress\/wp-content\/uploads\/2023\/01\/23c3f23d-2367-4eb3-a5a4-c96fbb46d9dc.jpg\" data-dt-img-description=\"\" data-large_image_width=\"1127\" data-large_image_height=\"1600\"><img loading=\"lazy\" decoding=\"async\" class=\" wp-image-318561 alignleft\" src=\"https:\/\/www.radiopiu.net\/wordpress\/wp-content\/uploads\/2023\/01\/23c3f23d-2367-4eb3-a5a4-c96fbb46d9dc-211x300.jpg\" alt=\"\" width=\"105\" height=\"149\" srcset=\"https:\/\/www.radiopiu.net\/wordpress\/wp-content\/uploads\/2023\/01\/23c3f23d-2367-4eb3-a5a4-c96fbb46d9dc-211x300.jpg 211w, https:\/\/www.radiopiu.net\/wordpress\/wp-content\/uploads\/2023\/01\/23c3f23d-2367-4eb3-a5a4-c96fbb46d9dc-721x1024.jpg 721w, https:\/\/www.radiopiu.net\/wordpress\/wp-content\/uploads\/2023\/01\/23c3f23d-2367-4eb3-a5a4-c96fbb46d9dc-768x1090.jpg 768w, https:\/\/www.radiopiu.net\/wordpress\/wp-content\/uploads\/2023\/01\/23c3f23d-2367-4eb3-a5a4-c96fbb46d9dc-1082x1536.jpg 1082w, https:\/\/www.radiopiu.net\/wordpress\/wp-content\/uploads\/2023\/01\/23c3f23d-2367-4eb3-a5a4-c96fbb46d9dc.jpg 1127w\" sizes=\"auto, (max-width: 105px) 100vw, 105px\" \/><\/a>A CANALE IL PROSSIMO APPUNTAMENTO<\/strong><\/p>\n<p>Si parler\u00e0 del lupo anche a Canale D&#8217;Agordo sabato prossimo. In sala Ex Emigranti di Via Lotta \u00e8 in programma un incontro dal titolo &#8220;Con il lupo si pu\u00f2 convivere&#8221;. Relatore: Cristiano Fant<\/p>\n<p>&nbsp;<\/p>\n<p>&nbsp;<\/p>\n<p>&nbsp;<\/p>\n<p>&nbsp;<\/p>\n<hr \/>\n<p>&nbsp;<\/p>\n<p><strong>DI TIZIANO DE COL<\/strong><\/p>\n\n\t\t\t<style type='text\/css'>\n\t\t\t\t#gallery-1 {\n\t\t\t\t\tmargin: auto;\n\t\t\t\t}\n\t\t\t\t#gallery-1 .gallery-item {\n\t\t\t\t\tfloat: left;\n\t\t\t\t\tmargin-top: 10px;\n\t\t\t\t\ttext-align: center;\n\t\t\t\t\twidth: 20%;\n\t\t\t\t}\n\t\t\t\t#gallery-1 img {\n\t\t\t\t\tborder: 2px solid #cfcfcf;\n\t\t\t\t}\n\t\t\t\t#gallery-1 .gallery-caption {\n\t\t\t\t\tmargin-left: 0;\n\t\t\t\t}\n\t\t\t\t\/* see gallery_shortcode() in wp-includes\/media.php *\/\n\t\t\t<\/style>\n\t\t<div id='gallery-1' class='dt-gallery-container gallery galleryid-318451 gallery-columns-5 gallery-size-thumbnail'><dl class='gallery-item'>\n\t\t\t\t<dt class='gallery-icon landscape'>\n\t\t\t\t\t<a class=\"rollover rollover-zoom dt-pswp-item\" title=\"f853da71-1c9e-4e3a-9793-31ac4bf78ca5\" data-dt-img-description=\"\" data-large_image_width=\"612\" data-large_image_height=\"374\"href='https:\/\/www.radiopiu.net\/wordpress\/wp-content\/uploads\/2023\/01\/f853da71-1c9e-4e3a-9793-31ac4bf78ca5.jpg'><img loading=\"lazy\" decoding=\"async\" width=\"150\" height=\"150\" src=\"https:\/\/www.radiopiu.net\/wordpress\/wp-content\/uploads\/2023\/01\/f853da71-1c9e-4e3a-9793-31ac4bf78ca5-150x150.jpg\" class=\"attachment-thumbnail size-thumbnail\" alt=\"\" \/><\/a>\n\t\t\t\t<\/dt><\/dl><dl class='gallery-item'>\n\t\t\t\t<dt class='gallery-icon landscape'>\n\t\t\t\t\t<a class=\"rollover rollover-zoom dt-pswp-item\" title=\"a204b985-e374-42e1-ac91-d3bcf5a9fa86\" data-dt-img-description=\"\" data-large_image_width=\"605\" data-large_image_height=\"362\"href='https:\/\/www.radiopiu.net\/wordpress\/wp-content\/uploads\/2023\/01\/a204b985-e374-42e1-ac91-d3bcf5a9fa86.jpg'><img loading=\"lazy\" decoding=\"async\" width=\"150\" height=\"150\" src=\"https:\/\/www.radiopiu.net\/wordpress\/wp-content\/uploads\/2023\/01\/a204b985-e374-42e1-ac91-d3bcf5a9fa86-150x150.jpg\" class=\"attachment-thumbnail size-thumbnail\" alt=\"\" \/><\/a>\n\t\t\t\t<\/dt><\/dl><dl class='gallery-item'>\n\t\t\t\t<dt class='gallery-icon landscape'>\n\t\t\t\t\t<a class=\"rollover rollover-zoom dt-pswp-item\" title=\"952a8efb-946e-4665-9e47-3c50c9320258\" data-dt-img-description=\"\" data-large_image_width=\"604\" data-large_image_height=\"353\"href='https:\/\/www.radiopiu.net\/wordpress\/wp-content\/uploads\/2023\/01\/952a8efb-946e-4665-9e47-3c50c9320258.jpg'><img loading=\"lazy\" decoding=\"async\" width=\"150\" height=\"150\" src=\"https:\/\/www.radiopiu.net\/wordpress\/wp-content\/uploads\/2023\/01\/952a8efb-946e-4665-9e47-3c50c9320258-150x150.jpg\" class=\"attachment-thumbnail size-thumbnail\" alt=\"\" \/><\/a>\n\t\t\t\t<\/dt><\/dl><dl class='gallery-item'>\n\t\t\t\t<dt class='gallery-icon landscape'>\n\t\t\t\t\t<a class=\"rollover rollover-zoom dt-pswp-item\" title=\"f5f332c7-c90e-4313-9d82-7c834ecc994d\" data-dt-img-description=\"\" data-large_image_width=\"604\" data-large_image_height=\"351\"href='https:\/\/www.radiopiu.net\/wordpress\/wp-content\/uploads\/2023\/01\/f5f332c7-c90e-4313-9d82-7c834ecc994d.jpg'><img loading=\"lazy\" decoding=\"async\" width=\"150\" height=\"150\" src=\"https:\/\/www.radiopiu.net\/wordpress\/wp-content\/uploads\/2023\/01\/f5f332c7-c90e-4313-9d82-7c834ecc994d-150x150.jpg\" class=\"attachment-thumbnail size-thumbnail\" alt=\"\" \/><\/a>\n\t\t\t\t<\/dt><\/dl><dl class='gallery-item'>\n\t\t\t\t<dt class='gallery-icon landscape'>\n\t\t\t\t\t<a class=\"rollover rollover-zoom dt-pswp-item\" title=\"513f00f8-3ebd-4b8a-8f34-1ec3fb9ce75e\" data-dt-img-description=\"\" data-large_image_width=\"612\" data-large_image_height=\"358\"href='https:\/\/www.radiopiu.net\/wordpress\/wp-content\/uploads\/2023\/01\/513f00f8-3ebd-4b8a-8f34-1ec3fb9ce75e.jpg'><img loading=\"lazy\" decoding=\"async\" width=\"150\" height=\"150\" src=\"https:\/\/www.radiopiu.net\/wordpress\/wp-content\/uploads\/2023\/01\/513f00f8-3ebd-4b8a-8f34-1ec3fb9ce75e-150x150.jpg\" class=\"attachment-thumbnail size-thumbnail\" alt=\"\" \/><\/a>\n\t\t\t\t<\/dt><\/dl><br style=\"clear: both\" \/>\n\t\t\t<\/div>\n\n<p>&nbsp;<\/p>\n<hr \/>\n<p>&nbsp;<\/p>\n<blockquote>\n<h3>TRAPIANTI: IN VENETO SONO 522 NELL&#8217;ULTIMO ANNO<\/h3>\n<\/blockquote>\n<p><strong><a class=\"dt-pswp-item\" href=\"https:\/\/www.radiopiu.net\/wordpress\/wp-content\/uploads\/2023\/01\/TRAPIANTI.jpg\" data-dt-img-description=\"\" data-large_image_width=\"1920\" data-large_image_height=\"1280\"><img loading=\"lazy\" decoding=\"async\" class=\" wp-image-318539 alignleft\" src=\"https:\/\/www.radiopiu.net\/wordpress\/wp-content\/uploads\/2023\/01\/TRAPIANTI-300x200.jpg\" alt=\"\" width=\"151\" height=\"100\" srcset=\"https:\/\/www.radiopiu.net\/wordpress\/wp-content\/uploads\/2023\/01\/TRAPIANTI-300x200.jpg 300w, https:\/\/www.radiopiu.net\/wordpress\/wp-content\/uploads\/2023\/01\/TRAPIANTI-1024x683.jpg 1024w, https:\/\/www.radiopiu.net\/wordpress\/wp-content\/uploads\/2023\/01\/TRAPIANTI-768x512.jpg 768w, https:\/\/www.radiopiu.net\/wordpress\/wp-content\/uploads\/2023\/01\/TRAPIANTI-1536x1024.jpg 1536w, https:\/\/www.radiopiu.net\/wordpress\/wp-content\/uploads\/2023\/01\/TRAPIANTI.jpg 1920w\" sizes=\"auto, (max-width: 151px) 100vw, 151px\" \/><\/a>VENEZIA <\/strong>\u201cCon 522 trapianti nel 2022, il Veneto ha contribuito al 15% dei trapianti da donatore deceduto eseguiti a livello nazionale. Anche sul fronte della donazione raggiungiamo la miglior performance non solo dopo la pandemia, ma in assoluto nella storia, con 295 potenziali donatori valutati tra gennaio e dicembre 2022 contro i 285 del 2019. In forte crescita anche la donazione di tessuti, in particolare oculari, che nel 2022 si \u00e8 attestata a 2441 contro i 2299 dell\u2019anno precedente. Il 2022 \u00e8 stato il miglior anno in assoluto per il Coordinamento Regionale Trapianti del Veneto e siamo orgogliosi di aver dato un contributo cos\u00ec cospicuo agli ottimi risultati diffusi oggi dal Centro Nazionale Trapianti\u201d. Lo fa notare il Presidente della Regione del Veneto, Luca Zaia, nel giorno in cui il CNT ha diffuso i risultati di un anno di donazioni e trapianti in Italia. \u201cIl risultato veneto e quello nazionale \u2013 sottolinea il Governatore \u2013 scaturiscono da un importante gioco di squadra tra sanit\u00e0 e Istituzioni, ma anche da una sensibilit\u00e0 nei confronti del dono, che nella nostra regione \u00e8 molto sentita. Siamo orgogliosi e grati verso i nostri sanitari, protagonisti di un\u2019organizzazione efficace e moderna, ma ancor prima alle famiglie che hanno deciso di donare\u201d.<\/p>\n<p>&nbsp;<\/p>\n<p>&nbsp;<\/p>\n<hr \/>\n<p>&nbsp;<\/p>\n<blockquote>\n<h3>CON CAMPAGNA DI COMUNICAZIONE BOLLO AUTO E PORTALE REGIONALE AL 31 DICEMBRE SFIORATI I 3,5 MLN DI PAGAMENTI<\/h3>\n<\/blockquote>\n<p><a class=\"dt-pswp-item\" href=\"https:\/\/www.radiopiu.net\/wordpress\/wp-content\/uploads\/2022\/05\/Rc-auto_cSpectrumblue_lr.jpg\" data-dt-img-description=\"A general metaphor for car finance, sale ,debt and costs.\" data-large_image_width=\"679\" data-large_image_height=\"453\"><img loading=\"lazy\" decoding=\"async\" class=\"wp-image-277854 alignleft\" src=\"https:\/\/www.radiopiu.net\/wordpress\/wp-content\/uploads\/2022\/05\/Rc-auto_cSpectrumblue_lr-300x200.jpg\" alt=\"\" width=\"144\" height=\"96\" srcset=\"https:\/\/www.radiopiu.net\/wordpress\/wp-content\/uploads\/2022\/05\/Rc-auto_cSpectrumblue_lr-300x200.jpg 300w, https:\/\/www.radiopiu.net\/wordpress\/wp-content\/uploads\/2022\/05\/Rc-auto_cSpectrumblue_lr.jpg 679w\" sizes=\"auto, (max-width: 144px) 100vw, 144px\" \/><\/a><strong>VENEZIA <\/strong>\u201cLe parole chiave sono semplificazione, sburocratizzazione, efficienza ed efficacia. Con oltre 375mila accessi e SPID registrati e un accesso pi\u00f9 facile e veloce ai servizi tributari regionali, il portale regionale dedicato al bollo auto dimostra quanto sia importante offrire ai cittadini soluzioni tecnologiche e digitali per dialogare con la pubblica amministrazione. I cittadini perdono meno tempo in adempimenti burocratici, in code allo sportello, o al telefono in attesa al call center specializzato per ottenere le informazioni necessarie. Negli uffici regionali nei capoluoghi di Provincia e nelle 258 agenzie convenzionate presenti sul territorio regionale abbiamo registrato 3700 accessi fisici, dando supporto anche a tutte quelle persone che non hanno dimestichezza con gli strumenti online. La presenza fisica sul territorio completa l\u2019assistenza online e nasce per dare un servizio diffuso e presidiato anche nelle zone meno servite\u201d. Lo dice l\u2019assessore regionale ai Bilancio e ai Tributi, Francesco Calzavara, commentando i risultati raggiunti ad un anno dall\u2019attivazione del nuovo portale regionale del bollo auto che ha contribuito in maniera significativa a semplificare il rapporto con i cittadini<\/p>\n<p>&nbsp;<\/p>\n<p>&nbsp;<\/p>\n<hr \/>\n<p>&nbsp;<\/p>\n<blockquote>\n<h3><b>ATTENZIONE ALLE PERSONE E ALL\u2019AMBIENTE, TECHNOWRAPP OTTIENE LA CERTIFICAZIONE BCORP<\/b><\/h3>\n<\/blockquote>\n<p><strong><a class=\"dt-pswp-item\" href=\"https:\/\/www.radiopiu.net\/wordpress\/wp-content\/uploads\/2023\/01\/BCorp_Technowrapp-scaled.jpg\" data-dt-img-description=\"\" data-large_image_width=\"2560\" data-large_image_height=\"1529\"><img loading=\"lazy\" decoding=\"async\" class=\"size-medium wp-image-318516 alignleft\" src=\"https:\/\/www.radiopiu.net\/wordpress\/wp-content\/uploads\/2023\/01\/BCorp_Technowrapp-300x179.jpg\" alt=\"\" width=\"300\" height=\"179\" srcset=\"https:\/\/www.radiopiu.net\/wordpress\/wp-content\/uploads\/2023\/01\/BCorp_Technowrapp-300x179.jpg 300w, https:\/\/www.radiopiu.net\/wordpress\/wp-content\/uploads\/2023\/01\/BCorp_Technowrapp-1024x611.jpg 1024w, https:\/\/www.radiopiu.net\/wordpress\/wp-content\/uploads\/2023\/01\/BCorp_Technowrapp-768x459.jpg 768w, https:\/\/www.radiopiu.net\/wordpress\/wp-content\/uploads\/2023\/01\/BCorp_Technowrapp-1536x917.jpg 1536w, https:\/\/www.radiopiu.net\/wordpress\/wp-content\/uploads\/2023\/01\/BCorp_Technowrapp-2048x1223.jpg 2048w\" sizes=\"auto, (max-width: 300px) 100vw, 300px\" \/><\/a>FONZASO <\/strong>Technowrapp diventa cos\u00ec la prima azienda italiana di produzione di impianti nel settore dell\u2019automazione &#8211; e la prima in assoluto in provincia di Belluno &#8211; ad ottenere la certificazione BCorp assegnata alle aziende che si impegnano per produrre benefici sociali ed ambientali che vanno oltre al mero profitto economico. Pi\u00f9 in generale, con la certificazione BCorp, l&#8217;azienda di Fonzaso fa propri anche gli obiettivi ambientali e di sostenibilit\u00e0 fissati dall&#8217;Agenda 2030 dell&#8217;Onu. \u201cSiamo orgogliosi, grazie a BCorp, di essere annoverati tra le aziende che affiancano alla sostenibilit\u00e0 economica anc<em>he una responsabilit\u00e0 sociale, che crea valore tangibile e intangibile, per tutto ci\u00f2 che sta intorno all\u2019azienda.\u00a0 Valore per le persone, per il territorio, per l\u2019ambiente e per l\u2019impresa.\u201d, <\/em>conclude l\u2019amministratore delegato Davide Ceccarelli. Le peculiarit\u00e0: pause caff\u00e8 pi\u00f9 lunghe purch\u00e9 il tempo trascorra dialogando tra colleghi e non guardando il telefono, incontro mensile con un coach che aiuta a stare meglio insieme, orario flessibile, ore di formazione rivolte a tutti, servizio biblioteca e incoraggiamento all&#8217;attivit\u00e0 all&#8217;aperto.<\/p>\n<p>&nbsp;<\/p>\n<p>&nbsp;<\/p>\n<hr \/>\n<p>&nbsp;<\/p>\n<blockquote>\n<h3><a class=\"dt-pswp-item\" href=\"https:\/\/www.radiopiu.net\/wordpress\/wp-content\/uploads\/2023\/01\/train-6819539__340.jpg\" data-dt-img-description=\"\" data-large_image_width=\"604\" data-large_image_height=\"340\"><img loading=\"lazy\" decoding=\"async\" class=\"wp-image-318256 alignleft\" src=\"https:\/\/www.radiopiu.net\/wordpress\/wp-content\/uploads\/2023\/01\/train-6819539__340-300x169.jpg\" alt=\"\" width=\"170\" height=\"96\" srcset=\"https:\/\/www.radiopiu.net\/wordpress\/wp-content\/uploads\/2023\/01\/train-6819539__340-300x169.jpg 300w, https:\/\/www.radiopiu.net\/wordpress\/wp-content\/uploads\/2023\/01\/train-6819539__340.jpg 604w\" sizes=\"auto, (max-width: 170px) 100vw, 170px\" \/><\/a>&#8220;L&#8217;OMBRA DEL SILENZIO&#8221; IN OCCASIONE DELLA GIORNATA DELLA MEMORIA<\/h3>\n<\/blockquote>\n<p><strong>LIMANA <\/strong>E&#8217; in programma per domani alle 20:30 in sala Luigi Nocivelli di Limana &#8220;L&#8217;Ombra Del Silenzio&#8221;. Una serata dedicata a parole, immagini, suoni e riflessioni sulla Shoah. In collaborazione con il comune di Limana, la biblioteca civica e Gruppo Panta Rei<\/p>\n<p>&nbsp;<\/p>\n<hr \/>\n<blockquote>\n<h3><\/h3>\n<h3>OGNI COSA E&#8217; ILLUMINATA, CANALE D&#8217;AGORDO RICORDA<\/h3>\n<\/blockquote>\n<p><strong> <a class=\"dt-pswp-item\" href=\"https:\/\/www.radiopiu.net\/wordpress\/wp-content\/uploads\/2023\/01\/nazi-5294734__340.jpg\" data-dt-img-description=\"\" data-large_image_width=\"510\" data-large_image_height=\"340\"><img loading=\"lazy\" decoding=\"async\" class=\" wp-image-318255 alignleft\" src=\"https:\/\/www.radiopiu.net\/wordpress\/wp-content\/uploads\/2023\/01\/nazi-5294734__340-300x200.jpg\" alt=\"\" width=\"252\" height=\"168\" srcset=\"https:\/\/www.radiopiu.net\/wordpress\/wp-content\/uploads\/2023\/01\/nazi-5294734__340-300x200.jpg 300w, https:\/\/www.radiopiu.net\/wordpress\/wp-content\/uploads\/2023\/01\/nazi-5294734__340.jpg 510w\" sizes=\"auto, (max-width: 252px) 100vw, 252px\" \/><\/a>CANALE D&#8217;AGORDO<\/strong> In occasione della Giornata della Memoria le Biblioteche della Valle del Biois, con il patrocinio del Comune di Canale d\u2019Agordo e del Presidio Agordino di Libera e con il supporto della Pro Loco di Canale organizzano per domani, alle ore 20,45, nella sala Emigranti di via Lotta a Canale, lo spettacolo \u201cOGNI COSA E\u2019 ILLUMINATA\u201d. Il racconto \u00e8 tratto dal libro di Jonathan Safran Foer, libro da cui \u00e8 stato tratto anche l\u2019omonimo film. La riduzione, ad opera dell\u2019attore, regista e drammaturgo Marco Artusi, \u00e8 attenta a collegare tutti i fili narrativi e di memoria, permettendo alla storia di svolgersi nei suoi aspettio esilaranti e a tratti strazianti. Le musiche del compositore Giovanni Frison, eseguite dal vivo, tra sonorit\u00e0 acustiche popolari e sperimentali, accompagnano gli spettatori in un viagggio sonoro immersivo ed evocativo. Jonathan, giovane studente ebreo americano, intraprende un viaggio in Ucraina alla ricerca di una donna che, forse, ha salvato suo nonno dai nazisti, un viaggio aggrappato ai fili della memoria che fa capire come il passato non \u00e8 tutto passato e fa emergere la consapevolezza delle proprie radici. Un\u2019idea del tempo per la quale \u201cogni cosa \u00e8 illuminata dalla luce del passato\u201d. Ingresso libero, spettacolo adatto a tutti.<\/p>\n<p>&nbsp;<\/p>\n<hr \/>\n<p>&nbsp;<\/p>\n<blockquote>\n<h3>LE INIZIATIVE DEL COMUNE DI FELTRE PER LA GIORNATA DELLA MEMORIA<\/h3>\n<\/blockquote>\n<p><strong><a class=\"dt-pswp-item\" href=\"https:\/\/www.radiopiu.net\/wordpress\/wp-content\/uploads\/2023\/01\/kz-2063348__340.jpg\" data-dt-img-description=\"\" data-large_image_width=\"508\" data-large_image_height=\"340\"><img loading=\"lazy\" decoding=\"async\" class=\"wp-image-318249 alignleft\" src=\"https:\/\/www.radiopiu.net\/wordpress\/wp-content\/uploads\/2023\/01\/kz-2063348__340-300x201.jpg\" alt=\"\" width=\"196\" height=\"131\" srcset=\"https:\/\/www.radiopiu.net\/wordpress\/wp-content\/uploads\/2023\/01\/kz-2063348__340-300x201.jpg 300w, https:\/\/www.radiopiu.net\/wordpress\/wp-content\/uploads\/2023\/01\/kz-2063348__340.jpg 508w\" sizes=\"auto, (max-width: 196px) 100vw, 196px\" \/><\/a>FELTRE\u00a0<\/strong> Sono due gli appuntamenti che il Comune di Feltre promuove per venerd\u00ec. Il primo incontro sar\u00e0 dedicato alle classi seconde e terze delle scuole secondarie di primo grado\u00a0 e alle classi prime degli Istituti Scolastici di secondo grado. L\u2019auditorium dell\u2019Istituto Canossiano ospiter\u00e0 lo spettacolo \u201cVivere ancora. Voci dal filo spinato\u201d, un racconto a due voci che si rafforza con intensi momenti musicali dal vivo. L\u2019Aula Magna del Colotti di Feltre ospiter\u00e0 invece alle 20.30 l\u2019appuntamento aperto alla cittadinanza, organizzato dal Comune in collaborazione con la sezione di Feltre dell\u2019Associazione Nazionale Partigiani d\u2019Italia e l\u2019Istituto Storico per la Resistenza e l\u2019Et\u00e0 contemporanea; qui sar\u00e0 presentato il film-documentario \u201cGli ultimi mesi. Il lager di Bolzano\u201d.<\/p>\n<p>&nbsp;<\/p>\n<hr \/>\n<p>&nbsp;<\/p>\n<blockquote>\n<h3>LA MONGOLFIERA DI GIORGIA, INTERVENTI PER OLTRE 15MILA EURO CON IL DECIMO BANDO<\/h3>\n<\/blockquote>\n<p><a class=\"dt-pswp-item\" href=\"https:\/\/www.radiopiu.net\/wordpress\/wp-content\/uploads\/2022\/03\/giorgia.jpg\" data-dt-img-description=\"\" data-large_image_width=\"292\" data-large_image_height=\"235\"><img loading=\"lazy\" decoding=\"async\" class=\" wp-image-266213 alignleft\" src=\"https:\/\/www.radiopiu.net\/wordpress\/wp-content\/uploads\/2022\/03\/giorgia.jpg\" alt=\"\" width=\"280\" height=\"225\" \/><\/a>Il 2023 inizia al meglio per l&#8217;associazione &#8220;La Mongolfiera di Giorgia&#8221; che \u00e8 riuscita a\u00a0 finanziare cinque importanti progetti: la riparazione di un&#8217;automobile adibita al trasporto di un giovane con disabilit\u00e0 &#8211; beneficiario R.T. di 16 anni &#8211;\u00a0 9.000,00 euro;\u00a0 un corso per corso per puericultrici &#8211; beneficiario S.S. di 21 anni &#8211; 1.600,00 euro; la partecipazione ad un summer camp &#8211; beneficiario A.C. di 13 anni &#8211; 990,00 euro;\u00a0 sedute di ginnastica posturale &#8211; beneficiario K.M. di 24 anni &#8211; 3.000,00 euro; uno scambio didattico all\u2019estero &#8211; beneficiario D.T. di 16 anni &#8211; 1.173,42 euro\u00a0 Tutti i beneficiari\u00a0 sono residenti in provincia di Belluno. <em>&#8220;La variet\u00e0 dei progetti presentati &#8211; spiega Manuela Francescon dell&#8217;associazione Onlus &#8211;\u00a0 ci conferma davvero che i bisogni e le passioni dei &#8220;nostri ragazzi&#8221; sono i pi\u00f9 diversi e che la formula scelta per i bandi ci d\u00e0 la possibilit\u00e0 di centrare quei bisogni nel modo pi\u00f9 efficace possibile. Lavoreremo dunque con ancora maggiore convinzione per rendere possibile l&#8217;uscita del prossimo bando e non smetteremo mai di ringraziare tutti per l&#8217;aiuto&#8221;<\/em><\/p>\n<p>&nbsp;<\/p>\n<p>&nbsp;<\/p>\n<p>&nbsp;<\/p>\n<p>&nbsp;<\/p>\n<hr \/>\n<p>&nbsp;<\/p>\n<blockquote>\n<h3>QUATTRO EVENTI IN OCCASIONE DELLA GIORNATA DELLA MEMORIA<\/h3>\n<\/blockquote>\n<p><strong>BELLUNO<\/strong><\/p>\n<p>di Roberto Bona<\/p>\n<audio class=\"wp-audio-shortcode\" id=\"audio-318451-5\" preload=\"none\" style=\"width: 100%;\" controls=\"controls\"><source type=\"audio\/mpeg\" src=\"https:\/\/www.radiopiu.net\/wordpress\/wp-content\/uploads\/2023\/01\/BONA-QUATTRO-EVENTI-PER-LA-GIORNATA-DELLA-MEMORIA.mp3?_=5\" \/><a href=\"https:\/\/www.radiopiu.net\/wordpress\/wp-content\/uploads\/2023\/01\/BONA-QUATTRO-EVENTI-PER-LA-GIORNATA-DELLA-MEMORIA.mp3\">https:\/\/www.radiopiu.net\/wordpress\/wp-content\/uploads\/2023\/01\/BONA-QUATTRO-EVENTI-PER-LA-GIORNATA-DELLA-MEMORIA.mp3<\/a><\/audio>\n<p>&nbsp;<\/p>\n\n\t\t\t<style type='text\/css'>\n\t\t\t\t#gallery-2 {\n\t\t\t\t\tmargin: auto;\n\t\t\t\t}\n\t\t\t\t#gallery-2 .gallery-item {\n\t\t\t\t\tfloat: left;\n\t\t\t\t\tmargin-top: 10px;\n\t\t\t\t\ttext-align: center;\n\t\t\t\t\twidth: 25%;\n\t\t\t\t}\n\t\t\t\t#gallery-2 img {\n\t\t\t\t\tborder: 2px solid #cfcfcf;\n\t\t\t\t}\n\t\t\t\t#gallery-2 .gallery-caption {\n\t\t\t\t\tmargin-left: 0;\n\t\t\t\t}\n\t\t\t\t\/* see gallery_shortcode() in wp-includes\/media.php *\/\n\t\t\t<\/style>\n\t\t<div id='gallery-2' class='dt-gallery-container gallery galleryid-318451 gallery-columns-4 gallery-size-thumbnail'><dl class='gallery-item'>\n\t\t\t\t<dt class='gallery-icon portrait'>\n\t\t\t\t\t<a class=\"rollover rollover-zoom dt-pswp-item\" title=\"412d5259-2721-41d5-a8ae-5c1311ca7f07\" data-dt-img-description=\"\" data-large_image_width=\"618\" data-large_image_height=\"840\"href='https:\/\/www.radiopiu.net\/wordpress\/wp-content\/uploads\/2023\/01\/412d5259-2721-41d5-a8ae-5c1311ca7f07.jpg'><img loading=\"lazy\" decoding=\"async\" width=\"150\" height=\"150\" src=\"https:\/\/www.radiopiu.net\/wordpress\/wp-content\/uploads\/2023\/01\/412d5259-2721-41d5-a8ae-5c1311ca7f07-150x150.jpg\" class=\"attachment-thumbnail size-thumbnail\" alt=\"\" \/><\/a>\n\t\t\t\t<\/dt><\/dl><dl class='gallery-item'>\n\t\t\t\t<dt class='gallery-icon portrait'>\n\t\t\t\t\t<a class=\"rollover rollover-zoom dt-pswp-item\" title=\"a35d5695-847c-4e32-a6db-24d76d026279\" data-dt-img-description=\"\" data-large_image_width=\"1523\" data-large_image_height=\"1600\"href='https:\/\/www.radiopiu.net\/wordpress\/wp-content\/uploads\/2023\/01\/a35d5695-847c-4e32-a6db-24d76d026279.jpg'><img loading=\"lazy\" decoding=\"async\" width=\"150\" height=\"150\" src=\"https:\/\/www.radiopiu.net\/wordpress\/wp-content\/uploads\/2023\/01\/a35d5695-847c-4e32-a6db-24d76d026279-150x150.jpg\" class=\"attachment-thumbnail size-thumbnail\" alt=\"\" \/><\/a>\n\t\t\t\t<\/dt><\/dl><dl class='gallery-item'>\n\t\t\t\t<dt class='gallery-icon portrait'>\n\t\t\t\t\t<a class=\"rollover rollover-zoom dt-pswp-item\" title=\"8cabbe12-10b1-4ca9-91e1-0db7fb1087e0\" data-dt-img-description=\"\" data-large_image_width=\"491\" data-large_image_height=\"1080\"href='https:\/\/www.radiopiu.net\/wordpress\/wp-content\/uploads\/2023\/01\/8cabbe12-10b1-4ca9-91e1-0db7fb1087e0.jpg'><img loading=\"lazy\" decoding=\"async\" width=\"150\" height=\"150\" src=\"https:\/\/www.radiopiu.net\/wordpress\/wp-content\/uploads\/2023\/01\/8cabbe12-10b1-4ca9-91e1-0db7fb1087e0-150x150.jpg\" class=\"attachment-thumbnail size-thumbnail\" alt=\"\" \/><\/a>\n\t\t\t\t<\/dt><\/dl><dl class='gallery-item'>\n\t\t\t\t<dt class='gallery-icon portrait'>\n\t\t\t\t\t<a class=\"rollover rollover-zoom dt-pswp-item\" title=\"dc9f5cb9-4df0-4fcf-b15a-53775abb3ed0\" data-dt-img-description=\"\" data-large_image_width=\"1131\" data-large_image_height=\"1600\"href='https:\/\/www.radiopiu.net\/wordpress\/wp-content\/uploads\/2023\/01\/dc9f5cb9-4df0-4fcf-b15a-53775abb3ed0.jpg'><img loading=\"lazy\" decoding=\"async\" width=\"150\" height=\"150\" src=\"https:\/\/www.radiopiu.net\/wordpress\/wp-content\/uploads\/2023\/01\/dc9f5cb9-4df0-4fcf-b15a-53775abb3ed0-150x150.jpg\" class=\"attachment-thumbnail size-thumbnail\" alt=\"\" \/><\/a>\n\t\t\t\t<\/dt><\/dl><br style=\"clear: both\" \/>\n\t\t\t<\/div>\n\n<p>&nbsp;<\/p>\n<hr \/>\n<p>&nbsp;<\/p>\n<blockquote>\n<h3><a class=\"dt-pswp-item\" href=\"https:\/\/www.radiopiu.net\/wordpress\/wp-content\/uploads\/2023\/01\/La-Musica-Miracolosa.jpg\" data-dt-img-description=\"\" data-large_image_width=\"1082\" data-large_image_height=\"717\"><img loading=\"lazy\" decoding=\"async\" class=\" wp-image-318532 alignleft\" src=\"https:\/\/www.radiopiu.net\/wordpress\/wp-content\/uploads\/2023\/01\/La-Musica-Miracolosa-300x199.jpg\" alt=\"\" width=\"171\" height=\"114\" srcset=\"https:\/\/www.radiopiu.net\/wordpress\/wp-content\/uploads\/2023\/01\/La-Musica-Miracolosa-300x199.jpg 300w, https:\/\/www.radiopiu.net\/wordpress\/wp-content\/uploads\/2023\/01\/La-Musica-Miracolosa-1024x679.jpg 1024w, https:\/\/www.radiopiu.net\/wordpress\/wp-content\/uploads\/2023\/01\/La-Musica-Miracolosa-768x509.jpg 768w, https:\/\/www.radiopiu.net\/wordpress\/wp-content\/uploads\/2023\/01\/La-Musica-Miracolosa.jpg 1082w\" sizes=\"auto, (max-width: 171px) 100vw, 171px\" \/><\/a>LA MUSICA MIRACOLOSA CON IL CIRCOLO CULTURALE BELLUNESE<\/h3>\n<\/blockquote>\n<p><strong>BELLUNO<\/strong> Il secondo appuntamento di <em>Intrecci musicali<\/em>, 70a Stagione del Circolo Culturale Bellunese, porta a Belluno, Teatro Comunale, un evento nazionale dedicato alla Giornata della Memoria: La Musica Miracolosa, <em>Storia del pianista del ghetto di Varsavia<\/em>, racconto e musica con Stefano Valanzuolo, testo e voce narrante, accompagnato da Francesco Nicolosi al pianoforte. Appuntamento al Teatro Comunale per marted\u00ec alle 20:30. Biglietti in vendita nella sede del concerto, mezz\u2019ora prima del suo inizio, o presso la biglietteria di Palazzo Fulcis, nei giorni e negli orari di apertura, fino a 45 minuti prima della chiusura del Museo.<\/p>\n<p>&nbsp;<\/p>\n<p>&nbsp;<\/p>\n<hr \/>\n<p>&nbsp;<\/p>\n<h2><span style=\"color: #008080;\">&#8220;DINTORN E FORA VIA&#8221;\u00a0<\/span><span style=\"color: #008080;\"> IL PROGRAMMA\u00a0 <\/span><span style=\"color: #008080;\">A CURA DEL MUSLA\u00a0\u00a0<\/span><\/h2>\n<h1 style=\"text-align: center;\"><\/h1>\n<h1 style=\"text-align: center;\"><strong><span style=\"color: #ff0000;\">SECONDO ANNO<\/span><\/strong><\/h1>\n<p><strong><a class=\"dt-pswp-item\" href=\"https:\/\/www.radiopiu.net\/wordpress\/wp-content\/uploads\/2023\/01\/a874a544-f6d6-4912-8e8d-ec7da6410c78.jpg\" data-dt-img-description=\"\" data-large_image_width=\"710\" data-large_image_height=\"402\"><img loading=\"lazy\" decoding=\"async\" class=\"wp-image-318286 alignleft\" src=\"https:\/\/www.radiopiu.net\/wordpress\/wp-content\/uploads\/2023\/01\/a874a544-f6d6-4912-8e8d-ec7da6410c78-300x170.jpg\" alt=\"\" width=\"136\" height=\"77\" srcset=\"https:\/\/www.radiopiu.net\/wordpress\/wp-content\/uploads\/2023\/01\/a874a544-f6d6-4912-8e8d-ec7da6410c78-300x170.jpg 300w, https:\/\/www.radiopiu.net\/wordpress\/wp-content\/uploads\/2023\/01\/a874a544-f6d6-4912-8e8d-ec7da6410c78.jpg 710w\" sizes=\"auto, (max-width: 136px) 100vw, 136px\" \/><\/a>PUNTATA DEL 24 GENNAIO, BEATRICE COLCUC<\/strong><\/p>\n<audio class=\"wp-audio-shortcode\" id=\"audio-318451-6\" preload=\"none\" style=\"width: 100%;\" controls=\"controls\"><source type=\"audio\/mpeg\" src=\"https:\/\/www.radiopiu.net\/wordpress\/wp-content\/uploads\/2023\/01\/MUSLA-5.mp3?_=6\" \/><a href=\"https:\/\/www.radiopiu.net\/wordpress\/wp-content\/uploads\/2023\/01\/MUSLA-5.mp3\">https:\/\/www.radiopiu.net\/wordpress\/wp-content\/uploads\/2023\/01\/MUSLA-5.mp3<\/a><\/audio>\n<p>LA RACCOLTA COMPLETA<\/p>\n<blockquote class=\"wp-embedded-content\" data-secret=\"co1S0WyrBN\"><p><a href=\"https:\/\/www.radiopiu.net\/wordpress\/musla\/\">MUSLA<\/a><\/p><\/blockquote>\n<p><iframe loading=\"lazy\" class=\"wp-embedded-content\" sandbox=\"allow-scripts\" security=\"restricted\" style=\"position: absolute; clip: rect(1px, 1px, 1px, 1px);\" title=\"&#8220;MUSLA&#8221; &#8212; Radio Pi\u00f9\" src=\"https:\/\/www.radiopiu.net\/wordpress\/musla\/embed\/#?secret=2ux2Ld2Ttm#?secret=co1S0WyrBN\" data-secret=\"co1S0WyrBN\" width=\"600\" height=\"338\" frameborder=\"0\" marginwidth=\"0\" marginheight=\"0\" scrolling=\"no\"><\/iframe><\/p>\n<p>&nbsp;<\/p>\n<hr \/>\n<p>&nbsp;<\/p>\n<blockquote>\n<h2>Indagine sociolinguistica sulle lingue minoritarie del Veneto<\/h2>\n<\/blockquote>\n<p>&nbsp;<\/p>\n<p><a class=\"dt-pswp-item\" href=\"https:\/\/www.radiopiu.net\/wordpress\/wp-content\/uploads\/2023\/01\/WhatsApp-Image-2023-01-22-at-21.14.13.jpeg\" data-dt-img-description=\"\" data-large_image_width=\"1184\" data-large_image_height=\"760\"><img loading=\"lazy\" decoding=\"async\" class=\"wp-image-318189 alignleft\" src=\"https:\/\/www.radiopiu.net\/wordpress\/wp-content\/uploads\/2023\/01\/WhatsApp-Image-2023-01-22-at-21.14.13-300x193.jpeg\" alt=\"\" width=\"152\" height=\"98\" srcset=\"https:\/\/www.radiopiu.net\/wordpress\/wp-content\/uploads\/2023\/01\/WhatsApp-Image-2023-01-22-at-21.14.13-300x193.jpeg 300w, https:\/\/www.radiopiu.net\/wordpress\/wp-content\/uploads\/2023\/01\/WhatsApp-Image-2023-01-22-at-21.14.13-1024x657.jpeg 1024w, https:\/\/www.radiopiu.net\/wordpress\/wp-content\/uploads\/2023\/01\/WhatsApp-Image-2023-01-22-at-21.14.13-768x493.jpeg 768w, https:\/\/www.radiopiu.net\/wordpress\/wp-content\/uploads\/2023\/01\/WhatsApp-Image-2023-01-22-at-21.14.13.jpeg 1184w\" sizes=\"auto, (max-width: 152px) 100vw, 152px\" \/><\/a>La Regione Veneto ha avviato un\u2019importante inchiesta sociolinguistica sullo stato di salute delle minoranze linguistiche del proprio territorio (ladini, cimbri e friulani). Michela dell\u2019Osbel ed Eleonora Troi ci spiegano perch\u00e9 partecipare e diffondere \u00e8 essenziale.<\/p>\n<p>&nbsp;<\/p>\n<p>&nbsp;<\/p>\n<p>&nbsp;<\/p>\n<p>LINK,<span style=\"color: #0000ff;\"><strong> <a style=\"color: #0000ff;\" href=\"https:\/\/ec.europa.eu\/eusurvey\/runner\/QuestionarioVenetoL\">CLICCA QUI<\/a><\/strong><\/span><\/p>\n<p>&nbsp;<\/p>\n<p><strong>MICHELA DELL&#8217;OSBEL<\/strong><\/p>\n<audio class=\"wp-audio-shortcode\" id=\"audio-318451-7\" preload=\"none\" style=\"width: 100%;\" controls=\"controls\"><source type=\"audio\/mpeg\" src=\"https:\/\/www.radiopiu.net\/wordpress\/wp-content\/uploads\/2023\/01\/michela-dellosbel.mp3?_=7\" \/><a href=\"https:\/\/www.radiopiu.net\/wordpress\/wp-content\/uploads\/2023\/01\/michela-dellosbel.mp3\">https:\/\/www.radiopiu.net\/wordpress\/wp-content\/uploads\/2023\/01\/michela-dellosbel.mp3<\/a><\/audio>\n<p><strong>ELEONORA TROI<\/strong><\/p>\n<audio class=\"wp-audio-shortcode\" id=\"audio-318451-8\" preload=\"none\" style=\"width: 100%;\" controls=\"controls\"><source type=\"audio\/mpeg\" src=\"https:\/\/www.radiopiu.net\/wordpress\/wp-content\/uploads\/2023\/01\/eleonora.mp3?_=8\" \/><a href=\"https:\/\/www.radiopiu.net\/wordpress\/wp-content\/uploads\/2023\/01\/eleonora.mp3\">https:\/\/www.radiopiu.net\/wordpress\/wp-content\/uploads\/2023\/01\/eleonora.mp3<\/a><\/audio>\n<p>&nbsp;<\/p>\n<p>&nbsp;<\/p>\n<hr \/>\n<p>&nbsp;<\/p>\n<blockquote>\n<h3><a class=\"dt-pswp-item\" href=\"https:\/\/www.radiopiu.net\/wordpress\/wp-content\/uploads\/2023\/01\/Senza-nome-50.jpg\" data-dt-img-description=\"\" data-large_image_width=\"300\" data-large_image_height=\"279\"><img loading=\"lazy\" decoding=\"async\" class=\"wp-image-317797 alignleft\" src=\"https:\/\/www.radiopiu.net\/wordpress\/wp-content\/uploads\/2023\/01\/Senza-nome-50.jpg\" alt=\"\" width=\"116\" height=\"108\" \/><\/a>LA PARTITA DEL SORRISO<\/h3>\n<\/blockquote>\n<p><strong>BELLUNO<\/strong>\u00a0 Sabato 28 gennaio alle 17.30 al Palasport De Mas partita di calcio a 5 tra amministratori comunali e forze dell&#8217;ordine. Ingresso ad offerta libera, devoluto al Comitato d&#8217;Intesa per il progetto Stacco.<\/p>\n<p>&nbsp;<\/p>\n<p>&nbsp;<\/p>\n<p>&nbsp;<\/p>\n<hr \/>\n<blockquote>\n<h3><\/h3>\n<blockquote>\n<h3>TORNA LA GARA DI SLITTINO A COLMEAN<\/h3>\n<\/blockquote>\n<p><strong>CANALE D&#8217;AGORDO <\/strong>Domenica 29 gennaio lungo la pista di Colmean di Canale d&#8217;Agordo ritorna la gara di slittino aperta a tutti per bambini e adulti con il gruppo Crodaioli dell&#8217;Auta. Categorie maschili e femminili (per et\u00e0), ma anche accompagnati maschili e femminili, per i pi\u00f9 piccoli anche due per slitta. Iscrizioni al Bar Colmean il giorno della gara al traguardo fino alle 13.30. Premi per tutti. Informazioni allo 0437 592078.<\/p>\n<p><strong>FOTO D&#8217;ARCHIVIO<\/strong><\/p>\n\n\t\t\t<style type='text\/css'>\n\t\t\t\t#gallery-3 {\n\t\t\t\t\tmargin: auto;\n\t\t\t\t}\n\t\t\t\t#gallery-3 .gallery-item {\n\t\t\t\t\tfloat: left;\n\t\t\t\t\tmargin-top: 10px;\n\t\t\t\t\ttext-align: center;\n\t\t\t\t\twidth: 33%;\n\t\t\t\t}\n\t\t\t\t#gallery-3 img {\n\t\t\t\t\tborder: 2px solid #cfcfcf;\n\t\t\t\t}\n\t\t\t\t#gallery-3 .gallery-caption {\n\t\t\t\t\tmargin-left: 0;\n\t\t\t\t}\n\t\t\t\t\/* see gallery_shortcode() in wp-includes\/media.php *\/\n\t\t\t<\/style>\n\t\t<div id='gallery-3' class='dt-gallery-container gallery galleryid-318451 gallery-columns-3 gallery-size-medium'><dl class='gallery-item'>\n\t\t\t\t<dt class='gallery-icon landscape'>\n\t\t\t\t\t<a class=\"rollover rollover-zoom dt-pswp-item\" title=\"Schermata 2023-01-22 alle 17.11.30\" data-dt-img-description=\"\" data-large_image_width=\"1368\" data-large_image_height=\"930\"href='https:\/\/www.radiopiu.net\/wordpress\/wp-content\/uploads\/2023\/01\/Schermata-2023-01-22-alle-17.11.30.png'><img loading=\"lazy\" decoding=\"async\" width=\"300\" height=\"204\" src=\"https:\/\/www.radiopiu.net\/wordpress\/wp-content\/uploads\/2023\/01\/Schermata-2023-01-22-alle-17.11.30-300x204.png\" class=\"attachment-medium size-medium\" alt=\"\" srcset=\"https:\/\/www.radiopiu.net\/wordpress\/wp-content\/uploads\/2023\/01\/Schermata-2023-01-22-alle-17.11.30-300x204.png 300w, https:\/\/www.radiopiu.net\/wordpress\/wp-content\/uploads\/2023\/01\/Schermata-2023-01-22-alle-17.11.30-1024x696.png 1024w, https:\/\/www.radiopiu.net\/wordpress\/wp-content\/uploads\/2023\/01\/Schermata-2023-01-22-alle-17.11.30-768x522.png 768w, https:\/\/www.radiopiu.net\/wordpress\/wp-content\/uploads\/2023\/01\/Schermata-2023-01-22-alle-17.11.30.png 1368w\" sizes=\"auto, (max-width: 300px) 100vw, 300px\" \/><\/a>\n\t\t\t\t<\/dt><\/dl><dl class='gallery-item'>\n\t\t\t\t<dt class='gallery-icon landscape'>\n\t\t\t\t\t<a class=\"rollover rollover-zoom dt-pswp-item\" title=\"Schermata 2023-01-22 alle 17.11.46\" data-dt-img-description=\"\" data-large_image_width=\"1442\" data-large_image_height=\"1064\"href='https:\/\/www.radiopiu.net\/wordpress\/wp-content\/uploads\/2023\/01\/Schermata-2023-01-22-alle-17.11.46.png'><img loading=\"lazy\" decoding=\"async\" width=\"300\" height=\"221\" src=\"https:\/\/www.radiopiu.net\/wordpress\/wp-content\/uploads\/2023\/01\/Schermata-2023-01-22-alle-17.11.46-300x221.png\" class=\"attachment-medium size-medium\" alt=\"\" srcset=\"https:\/\/www.radiopiu.net\/wordpress\/wp-content\/uploads\/2023\/01\/Schermata-2023-01-22-alle-17.11.46-300x221.png 300w, https:\/\/www.radiopiu.net\/wordpress\/wp-content\/uploads\/2023\/01\/Schermata-2023-01-22-alle-17.11.46-1024x756.png 1024w, https:\/\/www.radiopiu.net\/wordpress\/wp-content\/uploads\/2023\/01\/Schermata-2023-01-22-alle-17.11.46-768x567.png 768w, https:\/\/www.radiopiu.net\/wordpress\/wp-content\/uploads\/2023\/01\/Schermata-2023-01-22-alle-17.11.46.png 1442w\" sizes=\"auto, (max-width: 300px) 100vw, 300px\" \/><\/a>\n\t\t\t\t<\/dt><\/dl><dl class='gallery-item'>\n\t\t\t\t<dt class='gallery-icon landscape'>\n\t\t\t\t\t<a class=\"rollover rollover-zoom dt-pswp-item\" title=\"c1c0f422-e2e8-4fb5-84ff-8839f59f80cd\" data-dt-img-description=\"\" data-large_image_width=\"1600\" data-large_image_height=\"721\"href='https:\/\/www.radiopiu.net\/wordpress\/wp-content\/uploads\/2023\/01\/c1c0f422-e2e8-4fb5-84ff-8839f59f80cd-e1674535647733.jpg'><img loading=\"lazy\" decoding=\"async\" width=\"300\" height=\"135\" src=\"https:\/\/www.radiopiu.net\/wordpress\/wp-content\/uploads\/2023\/01\/c1c0f422-e2e8-4fb5-84ff-8839f59f80cd-e1674535647733-300x135.jpg\" class=\"attachment-medium size-medium\" alt=\"\" srcset=\"https:\/\/www.radiopiu.net\/wordpress\/wp-content\/uploads\/2023\/01\/c1c0f422-e2e8-4fb5-84ff-8839f59f80cd-e1674535647733-300x135.jpg 300w, https:\/\/www.radiopiu.net\/wordpress\/wp-content\/uploads\/2023\/01\/c1c0f422-e2e8-4fb5-84ff-8839f59f80cd-e1674535647733-1024x461.jpg 1024w, https:\/\/www.radiopiu.net\/wordpress\/wp-content\/uploads\/2023\/01\/c1c0f422-e2e8-4fb5-84ff-8839f59f80cd-e1674535647733-1536x692.jpg 1536w, https:\/\/www.radiopiu.net\/wordpress\/wp-content\/uploads\/2023\/01\/c1c0f422-e2e8-4fb5-84ff-8839f59f80cd-e1674535647733-768x346.jpg 768w, https:\/\/www.radiopiu.net\/wordpress\/wp-content\/uploads\/2023\/01\/c1c0f422-e2e8-4fb5-84ff-8839f59f80cd-e1674535647733.jpg 1600w\" sizes=\"auto, (max-width: 300px) 100vw, 300px\" \/><\/a>\n\t\t\t\t<\/dt><\/dl><br style=\"clear: both\" \/>\n\t\t\t<\/div>\n\n<p>&nbsp;<\/p>\n<p>&nbsp;<\/p><\/blockquote>\n<p>&nbsp;<\/p>\n<hr \/>\n<p>&nbsp;<\/p>\n<blockquote>\n<h3>CICLO DI INCONTRI CON LA BIBLIOTECA DI BELLUNO<\/h3>\n<\/blockquote>\n<p><strong>BELLUNO <\/strong>Con Treno di notte per Lisbona la Biblioteca civica di Belluno inaugura un ciclo di incontri che hanno l\u2019obiettivo di approfondire questa tematica, mettendo a confronto i contenuti degli oggetti che ne costituiscono la principale ragion d\u2019essere: libri e film. Le due modalit\u00e0 narrative saranno esaminate con un lavoro di gruppo, cercando di comprendere quanto le vite narrate in film e romanzi siano in grado di rapportarsi alle nostre: un gruppo di cinelettura, il primo in una biblioteca. Possono partecipare tutti: chi conosce libro e film, chi solo il libro o solo il film, chi n\u00e9 l\u2019uno n\u00e9 l\u2019altro, ma \u00e8 curioso. Gli incontri saranno coordinati da Mauro Martinelli, grande appassionato di cinema e lettore, e si terranno presso la Biblioteca civica in Palazzo Bembo dalle 17.00 alle 18.00 per tre gioved\u00ec, a partire dal 26 gennaio, e poi il 2 e il 9 febbraio. I posti sono limitati a 20 e \u00e8 obbligatoria la prenotazione al numero 0437 948093 o scrivendo a biblioteca@comune.belluno.it, specificando il nominativo e un cellulare di riferimento.<\/p>\n<p>&nbsp;<\/p>\n<p>&nbsp;<\/p>\n<hr \/>\n<p>&nbsp;<\/p>\n<blockquote>\n<h3>L&#8217;UNIVERSITA&#8217; DEGLI ANZIANI DI AGORDO TORNA CON UN RICCO PROGRAMMA<\/h3>\n<\/blockquote>\n<p><strong>AGORDO<\/strong> L&#8217;universit\u00e0 degli anziani di Agordo \u00e8 pronta per tornare con le lezioni in presenza. \u00c8 stato stilato il calendario degli eventi in programma dal 7 febbraio al 2 maggio. Ogni marted\u00ec gli incontri si svolgeranno in sala Don Tamis dalle 15 alle 17.<\/p>\n<p><strong>IL PROGRAMMA (2 PAGINE)<\/strong><\/p>\n<a href=\"https:\/\/www.radiopiu.net\/wordpress\/wp-content\/uploads\/2023\/01\/UAA-Programma-2022-23_2\u00b0trimestreok.pdf\" class=\"pdfemb-viewer\" style=\"\" data-width=\"max\" data-height=\"max\" data-toolbar=\"top\" data-toolbar-fixed=\"on\">UAA-Programma 2022-23_2\u00b0trimestreok<\/a>\n<p>&nbsp;<\/p>\n<hr \/>\n<p>&nbsp;<\/p>\n<blockquote>\n<h3><a class=\"dt-pswp-item\" href=\"https:\/\/www.radiopiu.net\/wordpress\/wp-content\/uploads\/2023\/01\/Dialoghi-POP-1.jpg\" data-dt-img-description=\"\" data-large_image_width=\"1165\" data-large_image_height=\"780\"><img loading=\"lazy\" decoding=\"async\" class=\" wp-image-318537 alignleft\" src=\"https:\/\/www.radiopiu.net\/wordpress\/wp-content\/uploads\/2023\/01\/Dialoghi-POP-1-300x201.jpg\" alt=\"\" width=\"155\" height=\"104\" srcset=\"https:\/\/www.radiopiu.net\/wordpress\/wp-content\/uploads\/2023\/01\/Dialoghi-POP-1-300x201.jpg 300w, https:\/\/www.radiopiu.net\/wordpress\/wp-content\/uploads\/2023\/01\/Dialoghi-POP-1-1024x686.jpg 1024w, https:\/\/www.radiopiu.net\/wordpress\/wp-content\/uploads\/2023\/01\/Dialoghi-POP-1-768x514.jpg 768w, https:\/\/www.radiopiu.net\/wordpress\/wp-content\/uploads\/2023\/01\/Dialoghi-POP-1.jpg 1165w\" sizes=\"auto, (max-width: 155px) 100vw, 155px\" \/><\/a>IL SECONDO APPUNTAMENTO DI DIALOGHI POP A BELLUNO<\/h3>\n<\/blockquote>\n<p><strong>BELLUNO <\/strong>Dopo l\u2019incontro del 13 gennaio scorso, la Biblioteca civica di Belluno \u00e8 pronta per il secondo appuntamento del gruppo di discussione, condotto da Rachele Corcione, 23 anni, volontaria del servizio civile, e Eric Dal Piva, 23 anni, volontario, rivolto ai giovani dai 15 ai 35 anni, per dare loro l\u2019opportunit\u00e0 di esprimere la propria opinione su un contenuto e esercitandosi ad argomentarla. L\u2019incontro di venerd\u00ec sar\u00e0 dedicato al tema \u201cIl domani che verr\u00e0: utopie e distopie del futuro\u201d e si terr\u00e0 presso la sede provvisoria della Biblioteca Civica di Belluno, a palazzo Bembo, dalle 16.00 alle 17.00.<\/p>\n<p>&nbsp;<\/p>\n<p>&nbsp;<\/p>\n<hr \/>\n<p>&nbsp;<\/p>\n<blockquote>\n<h3>UN SEMINARIO SU SOSTENIBILITA&#8217; E BENESSERE AZIENDALE<\/h3>\n<\/blockquote>\n<p><strong>FONZASO<\/strong> Luned\u00ec mattina le imprese del territorio sono inviate a Dolomiti per parlare di sostenibilit\u00e0 e benessere aziendale. A partire dalle 9.00 sar\u00e0 possibile confrontarsi tra imprese e docenti su due temi importanti: le B Corp e il benessere aziendale.\u00a0 Le aziende del territorio bellunesi sono in un continuo dinamismo e attenzione al mondo dell\u2019innovazione dentro la propria attivit\u00e0. Per questo Dolomiti hub, in cordata con Reviviscar, il Fondo Sociale e di Coesione, la Regione Veneto e il Piano Sviluppo e Coesione &#8211; Veneto, propone due relatori, due esperienze provenienti dal padovano e dal\u00a0 trentino per dialogare con il territorio. L\u2019evento sar\u00e0 moderato dall\u2019amministratore di Dolomiti Hub e imprenditore Walter Moretto.<\/p>\n<p>&nbsp;<\/p>\n<p>&nbsp;<\/p>\n<hr \/>\n<p>&nbsp;<\/p>\n<blockquote>\n<h3>AVVICINAMENTO ALL&#8217;HOCKEY A LA VALLE<\/h3>\n<\/blockquote>\n<p><strong>LA VALLE<\/strong> Alleghe Hockey e Unione Sportiva Ghiaccio La Valle invitano tutti i bambini dai 4 anni in su allo stadio del ghiaccio in localit\u00e0 Conaggia a La Valle per una serata di avvicinamento all&#8217;hockey. L&#8217;appuntamento \u00e8 per venerd\u00ec alle 18:30. Attivit\u00e0 e noleggio pattini gratuiti. Info 388 1866668<\/p>\n<p>&nbsp;<\/p>\n<p>&nbsp;<\/p>\n<hr \/>\n<p>&nbsp;<\/p>\n<blockquote>\n<h3>PATTINAGGIO LIBERO ALL&#8217;ALVISE DE TONI DI ALLEGHE<\/h3>\n<\/blockquote>\n<p><strong>ALLEGHE<\/strong> Sabato e domenica lo stadio Alvise De Toni di Alleghe sar\u00e0 aperto al pubblico per il pattinaggio libero. Sabato dalle 16:30 alle 18:30 e domenica dalle 14:30 alle 16:30. Info 388 1866668<\/p>\n<p>&nbsp;<\/p>\n<p>&nbsp;<\/p>\n<hr \/>\n<p>&nbsp;<\/p>\n<div class=\"column\">\n<h1><span style=\"color: #ff00ff;\">AGORDINO IN FERMENTO&#8230;AGORDINO IN MOVIMENTO\u00a0\u00a0<\/span><\/h1>\n<blockquote>\n<h3>4 FEBBRAIO 2023: LA CASPARETHA&#8230; IL CASPERITIVO. SPORT E FESTA.<\/h3>\n<\/blockquote>\n<p><strong>di Gianni Santomaso<\/strong><\/p>\n<audio class=\"wp-audio-shortcode\" id=\"audio-318451-9\" preload=\"none\" style=\"width: 100%;\" controls=\"controls\"><source type=\"audio\/mpeg\" src=\"https:\/\/www.radiopiu.net\/wordpress\/wp-content\/uploads\/2023\/01\/GIANNI-CASPARETHA.mp3?_=9\" \/><a href=\"https:\/\/www.radiopiu.net\/wordpress\/wp-content\/uploads\/2023\/01\/GIANNI-CASPARETHA.mp3\">https:\/\/www.radiopiu.net\/wordpress\/wp-content\/uploads\/2023\/01\/GIANNI-CASPARETHA.mp3<\/a><\/audio>\n<blockquote><p>&nbsp;<\/p>\n<p><strong><span style=\"color: #ff0000;\">ALLA RADIO, L&#8217;INTERVISTA A MIRCO E EMIL TANCON<\/span><\/strong><\/p><\/blockquote>\n<div class=\"column\">\n<p><strong><a class=\"dt-pswp-item\" href=\"https:\/\/www.radiopiu.net\/wordpress\/wp-content\/uploads\/2023\/01\/CASPARETHA_page-0001.jpg\" data-dt-img-description=\"\" data-large_image_width=\"886\" data-large_image_height=\"632\"><img loading=\"lazy\" decoding=\"async\" class=\" wp-image-315112 alignleft\" src=\"https:\/\/www.radiopiu.net\/wordpress\/wp-content\/uploads\/2023\/01\/CASPARETHA_page-0001-300x214.jpg\" alt=\"\" width=\"243\" height=\"173\" srcset=\"https:\/\/www.radiopiu.net\/wordpress\/wp-content\/uploads\/2023\/01\/CASPARETHA_page-0001-300x214.jpg 300w, https:\/\/www.radiopiu.net\/wordpress\/wp-content\/uploads\/2023\/01\/CASPARETHA_page-0001-768x548.jpg 768w, https:\/\/www.radiopiu.net\/wordpress\/wp-content\/uploads\/2023\/01\/CASPARETHA_page-0001.jpg 886w\" sizes=\"auto, (max-width: 243px) 100vw, 243px\" \/><\/a>CANALE D&#8217;AGORDO <\/strong>Sabato 4 febbraio \u00e8 in programma la Casparetha 2023, camminata competitiva e non in notturna con racchette da neve su tracciato di circa 5 km.<\/p>\n<p><strong>di Mirko Mezzacasa<\/strong><\/p>\n<p>OSPITI: Emil Tancon e Mirko Tancon<\/p>\n<audio class=\"wp-audio-shortcode\" id=\"audio-318451-10\" preload=\"none\" style=\"width: 100%;\" controls=\"controls\"><source type=\"audio\/mpeg\" src=\"https:\/\/www.radiopiu.net\/wordpress\/wp-content\/uploads\/2023\/01\/casparetha-mirco-emil.mp3?_=10\" \/><a href=\"https:\/\/www.radiopiu.net\/wordpress\/wp-content\/uploads\/2023\/01\/casparetha-mirco-emil.mp3\">https:\/\/www.radiopiu.net\/wordpress\/wp-content\/uploads\/2023\/01\/casparetha-mirco-emil.mp3<\/a><\/audio>\n<\/div>\n<\/div>\n<p>&nbsp;<\/p>\n<p>&nbsp;<\/p>\n<hr \/>\n<p>&nbsp;<\/p>\n<p>&nbsp;<\/p>\n<p class=\"photoswipe-wrapper\"><a class=\"dt-pswp-item pspw-wrap-ready\" href=\"https:\/\/www.radiopiu.net\/wordpress\/wp-content\/uploads\/2023\/01\/f357cc9c-828e-4d9b-9ff4-ec3efed24d74.jpg\" data-dt-img-description=\"\" data-large_image_width=\"724\" data-large_image_height=\"1024\"><img loading=\"lazy\" decoding=\"async\" class=\"wp-image-315069 alignleft\" src=\"https:\/\/www.radiopiu.net\/wordpress\/wp-content\/uploads\/2023\/01\/f357cc9c-828e-4d9b-9ff4-ec3efed24d74.jpg\" sizes=\"auto, (max-width: 140px) 100vw, 140px\" srcset=\"https:\/\/www.radiopiu.net\/wordpress\/wp-content\/uploads\/2023\/01\/f357cc9c-828e-4d9b-9ff4-ec3efed24d74.jpg 724w, https:\/\/www.radiopiu.net\/wordpress\/wp-content\/uploads\/2023\/01\/f357cc9c-828e-4d9b-9ff4-ec3efed24d74-212x300.jpg 212w\" alt=\"\" width=\"79\" height=\"112\" \/><\/a><\/p>\n<h1><span style=\"color: #ff00ff;\">AGORDINO IN FERMENTO\u2026AGORDINO IN MOVIMENTO<\/span><\/h1>\n<blockquote><p><strong>A CARNEVALE\u2026 EL CARNEVAL DE LE VAI\u2026DA SELVA DI CADORE A CANALE D\u2019AGORDO, DA RIVAMONTE A LASTE E SOTTOGUDA. TRADIZIONE, CULTUR E SPETTACOLO\u00a0\u00a0<\/strong><\/p><\/blockquote>\n<p><iframe loading=\"lazy\" title=\"CARNEVAI DE LE VAI L&#039;INTERVISTA AI PROTAGONISTI\" width=\"1200\" height=\"675\" src=\"https:\/\/www.youtube.com\/embed\/w-vtgGV1TuM?start=198&#038;feature=oembed\" frameborder=\"0\" allow=\"accelerometer; autoplay; clipboard-write; encrypted-media; gyroscope; picture-in-picture; web-share\" allowfullscreen><\/iframe><\/p>\n<p>&nbsp;<\/p>\n<p>&nbsp;<\/p>\n<hr \/>\n<p>&nbsp;<\/p>\n<p>&nbsp;<\/p>\n<p><iframe loading=\"lazy\" title=\"Radio Pi\u00f9 festeggia i suoi primi 40 anni di attivit\u00e0\" width=\"1200\" height=\"675\" src=\"https:\/\/www.youtube.com\/embed\/6ptB04FauBE?feature=oembed\" frameborder=\"0\" allow=\"accelerometer; autoplay; clipboard-write; encrypted-media; gyroscope; picture-in-picture; web-share\" allowfullscreen><\/iframe><\/p>\n<p>&nbsp;<\/p>\n<p>&nbsp;<\/p>\n<hr \/>\n<blockquote>\n<h3><\/h3>\n<h3>IN ROTAZIONE ALLA RADIO I RAGAZZI DELLA SECONDA MEDIA DI SEDICO<\/h3>\n<\/blockquote>\n<p><a class=\"dt-pswp-item\" href=\"https:\/\/www.radiopiu.net\/wordpress\/wp-content\/uploads\/2023\/01\/download-8.jpg\" data-dt-img-description=\"\" data-large_image_width=\"236\" data-large_image_height=\"214\"><img loading=\"lazy\" decoding=\"async\" class=\"size-full wp-image-317820 aligncenter\" src=\"https:\/\/www.radiopiu.net\/wordpress\/wp-content\/uploads\/2023\/01\/download-8.jpg\" alt=\"\" width=\"236\" height=\"214\" \/><\/a><\/p>\n<p>&nbsp;<\/p>\n<p><strong>REDAZIONE<\/strong> Applausi, per i ragazzi e le ragazze delle seconde della scuola media di Sedico, sabato 28\u00a0 e domenica 29 saranno impegnati nella vendita delle arance della salute a favore dell&#8217;Airc, l&#8217;associazione per la ricerca sul cancro. Gli studenti hanno autoprodotto gli spot che ascolteremo\u00a0 alla radio attendendo l&#8217;appuntamento di Sedico.<\/p>\n<p>&nbsp;<\/p>\n<div id=\"title\" class=\"style-scope ytd-watch-metadata\"><\/div>\n<p>&nbsp;<\/p>\n<hr \/>\n<p>&nbsp;<\/p>\n<blockquote>\n<blockquote>\n<h2><\/h2>\n<\/blockquote>\n\n\t\t\t<style type='text\/css'>\n\t\t\t\t#gallery-4 {\n\t\t\t\t\tmargin: auto;\n\t\t\t\t}\n\t\t\t\t#gallery-4 .gallery-item {\n\t\t\t\t\tfloat: left;\n\t\t\t\t\tmargin-top: 10px;\n\t\t\t\t\ttext-align: center;\n\t\t\t\t\twidth: 100%;\n\t\t\t\t}\n\t\t\t\t#gallery-4 img {\n\t\t\t\t\tborder: 2px solid #cfcfcf;\n\t\t\t\t}\n\t\t\t\t#gallery-4 .gallery-caption {\n\t\t\t\t\tmargin-left: 0;\n\t\t\t\t}\n\t\t\t\t\/* see gallery_shortcode() in wp-includes\/media.php *\/\n\t\t\t<\/style>\n\t\t<div id='gallery-4' class='dt-gallery-container gallery galleryid-318451 gallery-columns-1 gallery-size-medium'><dl class='gallery-item'>\n\t\t\t\t<dt class='gallery-icon portrait'>\n\t\t\t\t\t<a class=\"rollover rollover-zoom dt-pswp-item\" title=\"34712c4d-1310-4db5-a620-fe6ede9a0848\" data-dt-img-description=\"\" data-large_image_width=\"1131\" data-large_image_height=\"1600\"href='https:\/\/www.radiopiu.net\/wordpress\/wp-content\/uploads\/2023\/01\/34712c4d-1310-4db5-a620-fe6ede9a0848.jpg'><img loading=\"lazy\" decoding=\"async\" width=\"212\" height=\"300\" src=\"https:\/\/www.radiopiu.net\/wordpress\/wp-content\/uploads\/2023\/01\/34712c4d-1310-4db5-a620-fe6ede9a0848-212x300.jpg\" class=\"attachment-medium size-medium\" alt=\"\" aria-describedby=\"gallery-4-316092\" srcset=\"https:\/\/www.radiopiu.net\/wordpress\/wp-content\/uploads\/2023\/01\/34712c4d-1310-4db5-a620-fe6ede9a0848-212x300.jpg 212w, https:\/\/www.radiopiu.net\/wordpress\/wp-content\/uploads\/2023\/01\/34712c4d-1310-4db5-a620-fe6ede9a0848-724x1024.jpg 724w, https:\/\/www.radiopiu.net\/wordpress\/wp-content\/uploads\/2023\/01\/34712c4d-1310-4db5-a620-fe6ede9a0848-768x1086.jpg 768w, https:\/\/www.radiopiu.net\/wordpress\/wp-content\/uploads\/2023\/01\/34712c4d-1310-4db5-a620-fe6ede9a0848-1086x1536.jpg 1086w, https:\/\/www.radiopiu.net\/wordpress\/wp-content\/uploads\/2023\/01\/34712c4d-1310-4db5-a620-fe6ede9a0848.jpg 1131w\" sizes=\"auto, (max-width: 212px) 100vw, 212px\" \/><\/a>\n\t\t\t\t<\/dt>\n\t\t\t\t\t<dd class='wp-caption-text gallery-caption' id='gallery-4-316092'>\n\t\t\t\t\tDAL FARRA E BAND IN CONCERTO A LONGARONE\n\t\t\t\t\t<\/dd><\/dl><br style=\"clear: both\" \/>\n\t\t\t<\/div>\n<\/blockquote>\n<p>&nbsp;<\/p>\n<hr \/>\n<p>&nbsp;<\/p>\n<blockquote>\n<h3>ISTITUTO INDUSTRIALE \u201cSEGATO\u201d: SCOPI E ORDINAMENTO DEGLI STUDI NEL PREZIOSO VOLUME CURATO (2005) DA LUIGI RIVIS<\/h3>\n<\/blockquote>\n<p><strong>di Renato Bona<\/strong><\/p>\n<p>Decisamente prezioso il libro dell\u2019ex allievo e poi docente Luigi Rivis, intitolato \u201cBelluno 1905-2005: un secolo dell\u2019Istituto tecnico industriale \u2018Girolamo Segato\u201d edito a cura di Assindustria Belluno nell\u2019ottobre 2005 (stampa tipografia Piave), con le preziose collaborazioni di Dino Bridda e Paolo Conte ed il sostegno anche di: Elettromeccanica Cuprum snc, Gruppo Acc, Ideal Standard Industriale srl, Luxottica Group. Meccanostampi srl, Opel di Rova srl, Umana spa. Prezioso perch\u00e9 fornisce un sacco di notizie sulla realt\u00e0 di una scuola che \u00e8 molto cara ai bellunesi, e su persone, enti, situazioni e realizzazioni che l\u2019hanno in qualche modo interessata. In questa occasione ci soffermiamo sul capitolo cui l\u2019amico Luigi Rivis ha dato il titolo: \u201cGli indirizzi di studio\u201d e dove esordisce ricordando che: \u201cQuando nel 1905 la Regia Scuola Industriale di Belluno inizi\u00f2 l\u2019attivit\u00e0 didattica, nel suo ordinamento tecnico aveva previsto, e attuava, due distinte tipologie di studi: una di pi\u00f9 elevato contenuto tecnologico che, dopo 4 anni di studi teorici e pratici, avrebbe portato al rilascio dell\u2019attestato di \u2018Licenziati\u2019; l\u2019altra, di durata biennale con corsi serali e domenicali, destinata alle maestranze\u201d. Rammenta quindi che nel primo anno scolastico che prese il via il 6 novembre 1906, l\u2019attivit\u00e0 didattica part\u00ec con due sezioni dette \u201cdiurne\u201d per licenziati elettromeccanici e lavori in legno (falegnami, modellisti e intagliatori), e specifica che \u201cQuesto ordinamento di studi, pur evolvendosi sia nella denominazione (da licenziati a diplomati) che negli indirizzi di studio, \u00e8 tuttora sostanzialmente in essere\u201d. Si legge poi che nel prosieguo della sua centenaria esistenza, dalla seconda met\u00e0 degli anni \u201820 in poi all\u2019Istituto vennero annesse le Scuole tecniche che successivamente furono trasformate, nei primi anni \u201850, in Istituti professionali, Tale tipologia di studi, intermedia tra il perito industriale e quella delle maestranze, per parecchi decenni prepar\u00f2 al mondo dell\u2019industria e dell\u2019artigianato valenti e ricercati tecnici\u201d. Ancora Rivis a ricordare che l\u2019anno scolastico durava 10 mesi, da ottobre a luglio; per i corsi diurni l\u2019orario era dalle 8 alle 12 e dalle 14 alle 18 dei giorni feriali. Gli esami di promozione a luglio, quelli di riparazione in ottobre; agli alunni che superavano gli esami di licenza su tutte le materie prescritte e che avevano dato lodevole prova nelle officine veniva rilasciato un diploma di licenza\u201d. Sottolineava quindi che \u201ctutti gli allievi che lavorano alle macchine (circa 70) sono assicurati a cura della Scuola contro gli infortuni del lavoro\u201d. Concludiamo la rilettura di questo capitolo del prezioso lavoro di Luigi Rivis riportando questa sua considerazione: \u201cSe il numero chiuso selezionava gli ammessi al primo corso, altrettanto selettivo era il corso di studi specialmente al primo anno, come dimostrano gli esiti dei corsi diurni dell\u2019anno scolastico 1906-7 conclusosi il 27 luglio. Va rilevato che la severit\u00e0 della Scuola era condivisa dagli studenti, perch\u00e9 i responsabili riscontravano comunque una singolare attitudine agli studi professionali da parte degli allievi: lo ha dimostrato il grande amore con cui essi frequentano i nostri corsi e il vivo interesse col quale la cittadinanza tutta segue le sorti della Scuola\u201d.<\/p>\n\n\t\t\t<style type='text\/css'>\n\t\t\t\t#gallery-5 {\n\t\t\t\t\tmargin: auto;\n\t\t\t\t}\n\t\t\t\t#gallery-5 .gallery-item {\n\t\t\t\t\tfloat: left;\n\t\t\t\t\tmargin-top: 10px;\n\t\t\t\t\ttext-align: center;\n\t\t\t\t\twidth: 16%;\n\t\t\t\t}\n\t\t\t\t#gallery-5 img {\n\t\t\t\t\tborder: 2px solid #cfcfcf;\n\t\t\t\t}\n\t\t\t\t#gallery-5 .gallery-caption {\n\t\t\t\t\tmargin-left: 0;\n\t\t\t\t}\n\t\t\t\t\/* see gallery_shortcode() in wp-includes\/media.php *\/\n\t\t\t<\/style>\n\t\t<div id='gallery-5' class='dt-gallery-container gallery galleryid-318451 gallery-columns-6 gallery-size-thumbnail'><dl class='gallery-item'>\n\t\t\t\t<dt class='gallery-icon portrait'>\n\t\t\t\t\t<a class=\"rollover rollover-zoom dt-pswp-item\" title=\"324449012_1133955993845843_5033284691100343639_n\" data-dt-img-description=\"\" data-large_image_width=\"307\" data-large_image_height=\"540\"href='https:\/\/www.radiopiu.net\/wordpress\/wp-content\/uploads\/2023\/01\/324449012_1133955993845843_5033284691100343639_n.jpg'><img loading=\"lazy\" decoding=\"async\" width=\"150\" height=\"150\" src=\"https:\/\/www.radiopiu.net\/wordpress\/wp-content\/uploads\/2023\/01\/324449012_1133955993845843_5033284691100343639_n-150x150.jpg\" class=\"attachment-thumbnail size-thumbnail\" alt=\"\" \/><\/a>\n\t\t\t\t<\/dt><\/dl><dl class='gallery-item'>\n\t\t\t\t<dt class='gallery-icon landscape'>\n\t\t\t\t\t<a class=\"rollover rollover-zoom dt-pswp-item\" title=\"320938449_1359819014764191_9207665641731910754_n\" data-dt-img-description=\"\" data-large_image_width=\"584\" data-large_image_height=\"403\"href='https:\/\/www.radiopiu.net\/wordpress\/wp-content\/uploads\/2023\/01\/320938449_1359819014764191_9207665641731910754_n.jpg'><img loading=\"lazy\" decoding=\"async\" width=\"150\" height=\"150\" src=\"https:\/\/www.radiopiu.net\/wordpress\/wp-content\/uploads\/2023\/01\/320938449_1359819014764191_9207665641731910754_n-150x150.jpg\" class=\"attachment-thumbnail size-thumbnail\" alt=\"\" \/><\/a>\n\t\t\t\t<\/dt><\/dl><dl class='gallery-item'>\n\t\t\t\t<dt class='gallery-icon landscape'>\n\t\t\t\t\t<a class=\"rollover rollover-zoom dt-pswp-item\" title=\"324041908_571393111521161_6339633872233378827_n\" data-dt-img-description=\"\" data-large_image_width=\"520\" data-large_image_height=\"403\"href='https:\/\/www.radiopiu.net\/wordpress\/wp-content\/uploads\/2023\/01\/324041908_571393111521161_6339633872233378827_n.jpg'><img loading=\"lazy\" decoding=\"async\" width=\"150\" height=\"150\" src=\"https:\/\/www.radiopiu.net\/wordpress\/wp-content\/uploads\/2023\/01\/324041908_571393111521161_6339633872233378827_n-150x150.jpg\" class=\"attachment-thumbnail size-thumbnail\" alt=\"\" \/><\/a>\n\t\t\t\t<\/dt><\/dl><dl class='gallery-item'>\n\t\t\t\t<dt class='gallery-icon landscape'>\n\t\t\t\t\t<a class=\"rollover rollover-zoom dt-pswp-item\" title=\"322534200_728793841978634_8343930573762418284_n\" data-dt-img-description=\"\" data-large_image_width=\"565\" data-large_image_height=\"403\"href='https:\/\/www.radiopiu.net\/wordpress\/wp-content\/uploads\/2023\/01\/322534200_728793841978634_8343930573762418284_n.jpg'><img loading=\"lazy\" decoding=\"async\" width=\"150\" height=\"150\" src=\"https:\/\/www.radiopiu.net\/wordpress\/wp-content\/uploads\/2023\/01\/322534200_728793841978634_8343930573762418284_n-150x150.jpg\" class=\"attachment-thumbnail size-thumbnail\" alt=\"\" \/><\/a>\n\t\t\t\t<\/dt><\/dl><dl class='gallery-item'>\n\t\t\t\t<dt class='gallery-icon landscape'>\n\t\t\t\t\t<a class=\"rollover rollover-zoom dt-pswp-item\" title=\"324957012_2194406454093712_5497337112369690012_n\" data-dt-img-description=\"\" data-large_image_width=\"636\" data-large_image_height=\"403\"href='https:\/\/www.radiopiu.net\/wordpress\/wp-content\/uploads\/2023\/01\/324957012_2194406454093712_5497337112369690012_n.jpg'><img loading=\"lazy\" decoding=\"async\" width=\"150\" height=\"150\" src=\"https:\/\/www.radiopiu.net\/wordpress\/wp-content\/uploads\/2023\/01\/324957012_2194406454093712_5497337112369690012_n-150x150.jpg\" class=\"attachment-thumbnail size-thumbnail\" alt=\"\" \/><\/a>\n\t\t\t\t<\/dt><\/dl><dl class='gallery-item'>\n\t\t\t\t<dt class='gallery-icon landscape'>\n\t\t\t\t\t<a class=\"rollover rollover-zoom dt-pswp-item\" title=\"322147197_1167861710524820_3731293997749543330_n\" data-dt-img-description=\"\" data-large_image_width=\"666\" data-large_image_height=\"403\"href='https:\/\/www.radiopiu.net\/wordpress\/wp-content\/uploads\/2023\/01\/322147197_1167861710524820_3731293997749543330_n.jpg'><img loading=\"lazy\" decoding=\"async\" width=\"150\" height=\"150\" src=\"https:\/\/www.radiopiu.net\/wordpress\/wp-content\/uploads\/2023\/01\/322147197_1167861710524820_3731293997749543330_n-150x150.jpg\" class=\"attachment-thumbnail size-thumbnail\" alt=\"\" \/><\/a>\n\t\t\t\t<\/dt><\/dl><br style=\"clear: both\" \/><dl class='gallery-item'>\n\t\t\t\t<dt class='gallery-icon landscape'>\n\t\t\t\t\t<a class=\"rollover rollover-zoom dt-pswp-item\" title=\"322964088_573549781052494_5684963711542812193_n\" data-dt-img-description=\"\" data-large_image_width=\"776\" data-large_image_height=\"403\"href='https:\/\/www.radiopiu.net\/wordpress\/wp-content\/uploads\/2023\/01\/322964088_573549781052494_5684963711542812193_n.jpg'><img loading=\"lazy\" decoding=\"async\" width=\"150\" height=\"150\" src=\"https:\/\/www.radiopiu.net\/wordpress\/wp-content\/uploads\/2023\/01\/322964088_573549781052494_5684963711542812193_n-150x150.jpg\" class=\"attachment-thumbnail size-thumbnail\" alt=\"\" \/><\/a>\n\t\t\t\t<\/dt><\/dl><dl class='gallery-item'>\n\t\t\t\t<dt class='gallery-icon landscape'>\n\t\t\t\t\t<a class=\"rollover rollover-zoom dt-pswp-item\" title=\"324097150_535024951940745_5356800484868811787_n\" data-dt-img-description=\"\" data-large_image_width=\"526\" data-large_image_height=\"399\"href='https:\/\/www.radiopiu.net\/wordpress\/wp-content\/uploads\/2023\/01\/324097150_535024951940745_5356800484868811787_n.jpg'><img loading=\"lazy\" decoding=\"async\" width=\"150\" height=\"150\" src=\"https:\/\/www.radiopiu.net\/wordpress\/wp-content\/uploads\/2023\/01\/324097150_535024951940745_5356800484868811787_n-150x150.jpg\" class=\"attachment-thumbnail size-thumbnail\" alt=\"\" \/><\/a>\n\t\t\t\t<\/dt><\/dl><dl class='gallery-item'>\n\t\t\t\t<dt class='gallery-icon landscape'>\n\t\t\t\t\t<a class=\"rollover rollover-zoom dt-pswp-item\" title=\"320522622_587024826123949_7331976320249240083_n\" data-dt-img-description=\"\" data-large_image_width=\"588\" data-large_image_height=\"403\"href='https:\/\/www.radiopiu.net\/wordpress\/wp-content\/uploads\/2023\/01\/320522622_587024826123949_7331976320249240083_n.jpg'><img loading=\"lazy\" decoding=\"async\" width=\"150\" height=\"150\" src=\"https:\/\/www.radiopiu.net\/wordpress\/wp-content\/uploads\/2023\/01\/320522622_587024826123949_7331976320249240083_n-150x150.jpg\" class=\"attachment-thumbnail size-thumbnail\" alt=\"\" \/><\/a>\n\t\t\t\t<\/dt><\/dl><dl class='gallery-item'>\n\t\t\t\t<dt class='gallery-icon landscape'>\n\t\t\t\t\t<a class=\"rollover rollover-zoom dt-pswp-item\" title=\"323580328_1361702231331965_8586868487440481022_n\" data-dt-img-description=\"\" data-large_image_width=\"589\" data-large_image_height=\"403\"href='https:\/\/www.radiopiu.net\/wordpress\/wp-content\/uploads\/2023\/01\/323580328_1361702231331965_8586868487440481022_n.jpg'><img loading=\"lazy\" decoding=\"async\" width=\"150\" height=\"150\" src=\"https:\/\/www.radiopiu.net\/wordpress\/wp-content\/uploads\/2023\/01\/323580328_1361702231331965_8586868487440481022_n-150x150.jpg\" class=\"attachment-thumbnail size-thumbnail\" alt=\"\" \/><\/a>\n\t\t\t\t<\/dt><\/dl><dl class='gallery-item'>\n\t\t\t\t<dt class='gallery-icon landscape'>\n\t\t\t\t\t<a class=\"rollover rollover-zoom dt-pswp-item\" title=\"324367523_726229265696611_8830472059345189119_n\" data-dt-img-description=\"\" data-large_image_width=\"616\" data-large_image_height=\"403\"href='https:\/\/www.radiopiu.net\/wordpress\/wp-content\/uploads\/2023\/01\/324367523_726229265696611_8830472059345189119_n.jpg'><img loading=\"lazy\" decoding=\"async\" width=\"150\" height=\"150\" src=\"https:\/\/www.radiopiu.net\/wordpress\/wp-content\/uploads\/2023\/01\/324367523_726229265696611_8830472059345189119_n-150x150.jpg\" class=\"attachment-thumbnail size-thumbnail\" alt=\"\" \/><\/a>\n\t\t\t\t<\/dt><\/dl><dl class='gallery-item'>\n\t\t\t\t<dt class='gallery-icon landscape'>\n\t\t\t\t\t<a class=\"rollover rollover-zoom dt-pswp-item\" title=\"324621830_875743703466567_8264362724051296381_n\" data-dt-img-description=\"\" data-large_image_width=\"650\" data-large_image_height=\"403\"href='https:\/\/www.radiopiu.net\/wordpress\/wp-content\/uploads\/2023\/01\/324621830_875743703466567_8264362724051296381_n.jpg'><img loading=\"lazy\" decoding=\"async\" width=\"150\" height=\"150\" src=\"https:\/\/www.radiopiu.net\/wordpress\/wp-content\/uploads\/2023\/01\/324621830_875743703466567_8264362724051296381_n-150x150.jpg\" class=\"attachment-thumbnail size-thumbnail\" alt=\"\" \/><\/a>\n\t\t\t\t<\/dt><\/dl><br style=\"clear: both\" \/><dl class='gallery-item'>\n\t\t\t\t<dt class='gallery-icon landscape'>\n\t\t\t\t\t<a class=\"rollover rollover-zoom dt-pswp-item\" title=\"324378822_1219887465607350_2622919114907596503_n\" data-dt-img-description=\"\" data-large_image_width=\"654\" data-large_image_height=\"403\"href='https:\/\/www.radiopiu.net\/wordpress\/wp-content\/uploads\/2023\/01\/324378822_1219887465607350_2622919114907596503_n.jpg'><img loading=\"lazy\" decoding=\"async\" width=\"150\" height=\"150\" src=\"https:\/\/www.radiopiu.net\/wordpress\/wp-content\/uploads\/2023\/01\/324378822_1219887465607350_2622919114907596503_n-150x150.jpg\" class=\"attachment-thumbnail size-thumbnail\" alt=\"\" \/><\/a>\n\t\t\t\t<\/dt><\/dl><dl class='gallery-item'>\n\t\t\t\t<dt class='gallery-icon landscape'>\n\t\t\t\t\t<a class=\"rollover rollover-zoom dt-pswp-item\" title=\"323118294_856817155592264_1629365364344713659_n\" data-dt-img-description=\"\" data-large_image_width=\"480\" data-large_image_height=\"399\"href='https:\/\/www.radiopiu.net\/wordpress\/wp-content\/uploads\/2023\/01\/323118294_856817155592264_1629365364344713659_n.jpg'><img loading=\"lazy\" decoding=\"async\" width=\"150\" height=\"150\" src=\"https:\/\/www.radiopiu.net\/wordpress\/wp-content\/uploads\/2023\/01\/323118294_856817155592264_1629365364344713659_n-150x150.jpg\" class=\"attachment-thumbnail size-thumbnail\" alt=\"\" \/><\/a>\n\t\t\t\t<\/dt><\/dl><dl class='gallery-item'>\n\t\t\t\t<dt class='gallery-icon landscape'>\n\t\t\t\t\t<a class=\"rollover rollover-zoom dt-pswp-item\" title=\"323577078_3034807963482345_4676753983742838170_n\" data-dt-img-description=\"\" data-large_image_width=\"897\" data-large_image_height=\"403\"href='https:\/\/www.radiopiu.net\/wordpress\/wp-content\/uploads\/2023\/01\/323577078_3034807963482345_4676753983742838170_n.jpg'><img loading=\"lazy\" decoding=\"async\" width=\"150\" height=\"150\" src=\"https:\/\/www.radiopiu.net\/wordpress\/wp-content\/uploads\/2023\/01\/323577078_3034807963482345_4676753983742838170_n-150x150.jpg\" class=\"attachment-thumbnail size-thumbnail\" alt=\"\" \/><\/a>\n\t\t\t\t<\/dt><\/dl><dl class='gallery-item'>\n\t\t\t\t<dt class='gallery-icon landscape'>\n\t\t\t\t\t<a class=\"rollover rollover-zoom dt-pswp-item\" title=\"324809741_572764924391404_5365673381065001514_n\" data-dt-img-description=\"\" data-large_image_width=\"579\" data-large_image_height=\"403\"href='https:\/\/www.radiopiu.net\/wordpress\/wp-content\/uploads\/2023\/01\/324809741_572764924391404_5365673381065001514_n.jpg'><img loading=\"lazy\" decoding=\"async\" width=\"150\" height=\"150\" src=\"https:\/\/www.radiopiu.net\/wordpress\/wp-content\/uploads\/2023\/01\/324809741_572764924391404_5365673381065001514_n-150x150.jpg\" class=\"attachment-thumbnail size-thumbnail\" alt=\"\" \/><\/a>\n\t\t\t\t<\/dt><\/dl><dl class='gallery-item'>\n\t\t\t\t<dt class='gallery-icon landscape'>\n\t\t\t\t\t<a class=\"rollover rollover-zoom dt-pswp-item\" title=\"326443184_575400020778975_6031961693000550584_n\" data-dt-img-description=\"\" data-large_image_width=\"682\" data-large_image_height=\"403\"href='https:\/\/www.radiopiu.net\/wordpress\/wp-content\/uploads\/2023\/01\/326443184_575400020778975_6031961693000550584_n.jpg'><img loading=\"lazy\" decoding=\"async\" width=\"150\" height=\"150\" src=\"https:\/\/www.radiopiu.net\/wordpress\/wp-content\/uploads\/2023\/01\/326443184_575400020778975_6031961693000550584_n-150x150.jpg\" class=\"attachment-thumbnail size-thumbnail\" alt=\"\" \/><\/a>\n\t\t\t\t<\/dt><\/dl>\n\t\t\t\t<br style='clear: both' \/>\n\t\t\t<\/div>\n\n<p>&nbsp;<\/p>\n<p>NELLE FOTO (riproduzioni dal libro di Luigi Rivis): anno 1912: tessera di riconoscimento degli allievi; il primo quadro coi licenziati dalla Regia Scuola Industriale di Belluno nel 1913 (archivio Paolo Conte); esercitazioni di topografia nei primi anni \u201920; telaio di aliante in costruzione nelle officine dell\u2019Istituto nell\u2019anno scolastico 1929-30; apparecchi per il volo a vela realizzati nella scuola bellunese sfilano nell\u2019allora Piazza Campitello davanti al ministro per l\u2019educazione nazionale on. Ercole nell\u2019ottobre 1934; allievi motoristi d\u2019aviazione con l\u2019insegnante Giovanni Fornasier attorno all\u2019aeroplano da caccia; certificato di idoneit\u00e0 rilasciato al licenziato elettromeccanico Giovanni D\u2019Inc\u00e0, studente del corso di specializzazione per aeronautica; aula di disegno primi anni \u201920; si usa il pc nel 2005; evoluzione del laboratorio di prova delle macchine elettriche; il laboratorio oggi; fresa per il controllo numerico di tipo didattico; lezione di canto al professionale femminile col maestro Nino Prosdocimi; laboratorio di informatica; i \u201ccapolavori\u201d eseguiti nel 1939 dalla prima classe della Regia scuola di Belluno; il preside Bracalenti accompagna autorit\u00e0 in visita; lezione di disegno al professionale femminile anni \u201850.<\/p>\n<p>&nbsp;<\/p>\n<p>&nbsp;<\/p>\n<hr \/>\n<p>&nbsp;<\/p>\n<div>\n<div class=\"b654a4as d2edcug0\">\n<div class=\"rq0escxv hkbzh7o3 jwdofwj8 n8tt0mok r8blr3vg hyh9befq\">\n<p><a class=\"dt-pswp-item\" href=\"https:\/\/www.radiopiu.net\/wordpress\/wp-content\/uploads\/2020\/10\/pp.jpg\" data-dt-img-description=\"\" data-large_image_width=\"640\" data-large_image_height=\"640\"><img loading=\"lazy\" decoding=\"async\" class=\"wp-image-163678 alignleft\" src=\"https:\/\/www.radiopiu.net\/wordpress\/wp-content\/uploads\/2020\/10\/pp-300x300.jpg\" alt=\"\" width=\"106\" height=\"106\" srcset=\"https:\/\/www.radiopiu.net\/wordpress\/wp-content\/uploads\/2020\/10\/pp-300x300.jpg 300w, https:\/\/www.radiopiu.net\/wordpress\/wp-content\/uploads\/2020\/10\/pp-150x150.jpg 150w, https:\/\/www.radiopiu.net\/wordpress\/wp-content\/uploads\/2020\/10\/pp-125x125.jpg 125w, https:\/\/www.radiopiu.net\/wordpress\/wp-content\/uploads\/2020\/10\/pp-200x200.jpg 200w, https:\/\/www.radiopiu.net\/wordpress\/wp-content\/uploads\/2020\/10\/pp-80x80.jpg 80w, https:\/\/www.radiopiu.net\/wordpress\/wp-content\/uploads\/2020\/10\/pp-480x480.jpg 480w, https:\/\/www.radiopiu.net\/wordpress\/wp-content\/uploads\/2020\/10\/pp.jpg 640w\" sizes=\"auto, (max-width: 106px) 100vw, 106px\" \/><\/a><\/p>\n<\/div>\n<\/div>\n<\/div>\n<div>\n<div class=\"page-title-head hgroup\">\n<div class=\"page-title-head hgroup\">\n<div class=\"b654a4as d2edcug0\">\n<div class=\"j83agx80 btwxx1t3 lhclo0ds hop8lmos nkwizq5d scwd0bx6 roh60bw9\">\n<div class=\"rq0escxv hkbzh7o3 jwdofwj8 n8tt0mok r8blr3vg hyh9befq\">\n<div class=\"do00u71z l9j0dhe7 k4urcfbm\" style=\"text-align: left;\">\n<h2><span style=\"color: #000080;\">DON CESARE, IL PENSIERO DEL GIORNO. ALLA RADIO ALLE 7 DEL MATTINO E ALLE 19.30 DELLA SERA\u00a0<\/span><\/h2>\n<audio class=\"wp-audio-shortcode\" id=\"audio-318451-11\" preload=\"none\" style=\"width: 100%;\" controls=\"controls\"><source type=\"audio\/mpeg\" src=\"https:\/\/www.radiopiu.net\/wordpress\/wp-content\/uploads\/2023\/01\/CESARE-18.mp3?_=11\" \/><a href=\"https:\/\/www.radiopiu.net\/wordpress\/wp-content\/uploads\/2023\/01\/CESARE-18.mp3\">https:\/\/www.radiopiu.net\/wordpress\/wp-content\/uploads\/2023\/01\/CESARE-18.mp3<\/a><\/audio>\n<\/div>\n<\/div>\n<\/div>\n<\/div>\n<\/div>\n<\/div>\n<\/div>\n<p>&nbsp;<\/p>\n<p>&nbsp;<\/p>\n<hr \/>\n<p>&nbsp;<\/p>\n<h2><span style=\"color: #ff00ff;\">IN VIVO VERSO\u00a0<\/span><\/h2>\n<p>AUDIO<\/p>\n<audio class=\"wp-audio-shortcode\" id=\"audio-318451-12\" preload=\"none\" style=\"width: 100%;\" controls=\"controls\"><source type=\"audio\/mpeg\" src=\"https:\/\/www.radiopiu.net\/wordpress\/wp-content\/uploads\/2023\/01\/02-massimo-anania-inverno.mp3?_=12\" \/><a href=\"https:\/\/www.radiopiu.net\/wordpress\/wp-content\/uploads\/2023\/01\/02-massimo-anania-inverno.mp3\">https:\/\/www.radiopiu.net\/wordpress\/wp-content\/uploads\/2023\/01\/02-massimo-anania-inverno.mp3<\/a><\/audio>\n<p>&nbsp;<\/p>\n<p><a class=\"dt-pswp-item\" href=\"https:\/\/www.radiopiu.net\/wordpress\/wp-content\/uploads\/2023\/01\/MASSIMO-ANANIA-FOTO.jpg\" data-dt-img-description=\"\" data-large_image_width=\"960\" data-large_image_height=\"955\"><img loading=\"lazy\" decoding=\"async\" class=\"wp-image-318504 alignleft\" src=\"https:\/\/www.radiopiu.net\/wordpress\/wp-content\/uploads\/2023\/01\/MASSIMO-ANANIA-FOTO-300x298.jpg\" alt=\"\" width=\"140\" height=\"139\" srcset=\"https:\/\/www.radiopiu.net\/wordpress\/wp-content\/uploads\/2023\/01\/MASSIMO-ANANIA-FOTO-300x298.jpg 300w, https:\/\/www.radiopiu.net\/wordpress\/wp-content\/uploads\/2023\/01\/MASSIMO-ANANIA-FOTO-150x150.jpg 150w, https:\/\/www.radiopiu.net\/wordpress\/wp-content\/uploads\/2023\/01\/MASSIMO-ANANIA-FOTO-768x764.jpg 768w, https:\/\/www.radiopiu.net\/wordpress\/wp-content\/uploads\/2023\/01\/MASSIMO-ANANIA-FOTO.jpg 960w\" sizes=\"auto, (max-width: 140px) 100vw, 140px\" \/><\/a>Massimo Anania<br \/>\nINVERNO<\/p>\n<p>\u00c8 l\u2019inverno, dici distratta,<br \/>\nTu che mi guardi e non sorridi<br \/>\nEd indietreggi ad ogni passo mio.<br \/>\n\u00c8 l\u2019inverno, hai ragione.<\/p>\n<p>&nbsp;<\/p>\n<p>&nbsp;<\/p>\n<p>&nbsp;<\/p>\n<div dir=\"auto\">\n<div dir=\"auto\">\n<div dir=\"auto\">\n<p><strong>LA RACCOLTA COMPLETA<\/strong><\/p>\n<blockquote class=\"wp-embedded-content\" data-secret=\"RTfDecirlg\"><p><a href=\"https:\/\/www.radiopiu.net\/wordpress\/in-vivo-verso\/\">In Vivo Verso<\/a><\/p><\/blockquote>\n<p><iframe loading=\"lazy\" class=\"wp-embedded-content\" sandbox=\"allow-scripts\" security=\"restricted\" style=\"position: absolute; clip: rect(1px, 1px, 1px, 1px);\" title=\"&#8220;In Vivo Verso&#8221; &#8212; Radio Pi\u00f9\" src=\"https:\/\/www.radiopiu.net\/wordpress\/in-vivo-verso\/embed\/#?secret=hjydtEO5HL#?secret=RTfDecirlg\" data-secret=\"RTfDecirlg\" width=\"600\" height=\"338\" frameborder=\"0\" marginwidth=\"0\" marginheight=\"0\" scrolling=\"no\"><\/iframe><\/p>\n<\/div>\n<\/div>\n<\/div>\n<hr \/>\n<p>&nbsp;<\/p>\n<blockquote>\n<h3>GOCCE DI FILOSOFIA \u2013 PUNTATA 232 \u2013 LISA DE LUCA, TERZA STAGIONE<\/h3>\n<\/blockquote>\n<audio class=\"wp-audio-shortcode\" id=\"audio-318451-13\" preload=\"none\" style=\"width: 100%;\" controls=\"controls\"><source type=\"audio\/mpeg\" src=\"https:\/\/www.radiopiu.net\/wordpress\/wp-content\/uploads\/2023\/01\/FI2-3.mp3?_=13\" \/><a href=\"https:\/\/www.radiopiu.net\/wordpress\/wp-content\/uploads\/2023\/01\/FI2-3.mp3\">https:\/\/www.radiopiu.net\/wordpress\/wp-content\/uploads\/2023\/01\/FI2-3.mp3<\/a><\/audio>\n<p>&nbsp;<\/p>\n<p>LA RACCOLTA COMPLETA<\/p>\n<blockquote class=\"wp-embedded-content\" data-secret=\"B31SBwhWFT\"><p><a href=\"https:\/\/www.radiopiu.net\/wordpress\/gocce-filosofia\/\">Gocce di filosofia,  LA TERZA STAGIONE&#8230; 2023<\/a><\/p><\/blockquote>\n<p><iframe loading=\"lazy\" class=\"wp-embedded-content\" sandbox=\"allow-scripts\" security=\"restricted\" style=\"position: absolute; clip: rect(1px, 1px, 1px, 1px);\" title=\"&#8220;Gocce di filosofia,  LA TERZA STAGIONE&#8230; 2023&#8221; &#8212; Radio Pi\u00f9\" src=\"https:\/\/www.radiopiu.net\/wordpress\/gocce-filosofia\/embed\/#?secret=nvJ6ustpH6#?secret=B31SBwhWFT\" data-secret=\"B31SBwhWFT\" width=\"600\" height=\"338\" frameborder=\"0\" marginwidth=\"0\" marginheight=\"0\" scrolling=\"no\"><\/iframe><\/p>\n<p>&nbsp;<\/p>\n<p>&nbsp;<\/p>\n<hr \/>\n<p>&nbsp;<\/p>\n<div class=\"column\">\n<p><img loading=\"lazy\" decoding=\"async\" class=\"aligncenter wp-image-61954 size-full\" src=\"https:\/\/www.radiopiu.net\/wordpress\/wp-content\/uploads\/2018\/09\/viabilita.jpeg\" sizes=\"auto, (max-width: 800px) 100vw, 800px\" srcset=\"https:\/\/www.radiopiu.net\/wordpress\/wp-content\/uploads\/2018\/09\/viabilita.jpeg 800w, https:\/\/www.radiopiu.net\/wordpress\/wp-content\/uploads\/2018\/09\/viabilita-300x38.jpeg 300w, https:\/\/www.radiopiu.net\/wordpress\/wp-content\/uploads\/2018\/09\/viabilita-768x96.jpeg 768w\" alt=\"\" width=\"800\" height=\"100\" \/><\/p>\n<p>&nbsp;<\/p>\n<p>&nbsp;<\/p>\n<p><strong>AGGIORNAMENTO VENETO STRADE, AGGIORNAMENTO CONTINUO H 24<\/strong><\/p>\n<blockquote class=\"wp-embedded-content\" data-secret=\"uNIJ5GJzBM\"><p><a href=\"https:\/\/www.radiopiu.net\/wordpress\/viabilita\/\">viabilita<\/a><\/p><\/blockquote>\n<p><iframe loading=\"lazy\" class=\"wp-embedded-content\" sandbox=\"allow-scripts\" security=\"restricted\" style=\"position: absolute; clip: rect(1px, 1px, 1px, 1px);\" title=\"&#8220;viabilita&#8221; &#8212; Radio Pi\u00f9\" src=\"https:\/\/www.radiopiu.net\/wordpress\/viabilita\/embed\/#?secret=4AT6i1VNOx#?secret=uNIJ5GJzBM\" data-secret=\"uNIJ5GJzBM\" width=\"600\" height=\"338\" frameborder=\"0\" marginwidth=\"0\" marginheight=\"0\" scrolling=\"no\"><\/iframe><\/p>\n<hr \/>\n<p>&nbsp;<\/p>\n<p>&nbsp;<\/p>\n<blockquote class=\"wp-embedded-content\" data-secret=\"aCKqoy9trY\"><p><a href=\"https:\/\/www.radiopiu.net\/wordpress\/aggiornamento-neve-al-suolo-23-gennaio-ore-9\/\">NEVE: ALLEGHE, ORNELLA, MALGA LOSCH, SUPERATO IL METRO<\/a><\/p><\/blockquote>\n<p><iframe loading=\"lazy\" class=\"wp-embedded-content\" sandbox=\"allow-scripts\" security=\"restricted\" style=\"position: absolute; clip: rect(1px, 1px, 1px, 1px);\" title=\"&#8220;NEVE: ALLEGHE, ORNELLA, MALGA LOSCH, SUPERATO IL METRO&#8221; &#8212; Radio Pi\u00f9\" src=\"https:\/\/www.radiopiu.net\/wordpress\/aggiornamento-neve-al-suolo-23-gennaio-ore-9\/embed\/#?secret=7xsmoeO8Ni#?secret=aCKqoy9trY\" data-secret=\"aCKqoy9trY\" width=\"600\" height=\"338\" frameborder=\"0\" marginwidth=\"0\" marginheight=\"0\" scrolling=\"no\"><\/iframe><\/p>\n<p>&nbsp;<\/p>\n<hr \/>\n<p>&nbsp;<\/p>\n<p><a class=\"dt-pswp-item\" href=\"https:\/\/www.radiopiu.net\/wordpress\/wp-content\/uploads\/2018\/09\/WhatsApp-Image-2018-09-20-at-16.04.06.jpeg\" data-dt-img-description=\"\" data-large_image_width=\"800\" data-large_image_height=\"100\"><img loading=\"lazy\" decoding=\"async\" class=\"wp-image-61378 size-full aligncenter\" src=\"https:\/\/www.radiopiu.net\/wordpress\/wp-content\/uploads\/2018\/09\/WhatsApp-Image-2018-09-20-at-16.04.06.jpeg\" alt=\"\" width=\"800\" height=\"100\" srcset=\"https:\/\/www.radiopiu.net\/wordpress\/wp-content\/uploads\/2018\/09\/WhatsApp-Image-2018-09-20-at-16.04.06.jpeg 800w, https:\/\/www.radiopiu.net\/wordpress\/wp-content\/uploads\/2018\/09\/WhatsApp-Image-2018-09-20-at-16.04.06-300x38.jpeg 300w, https:\/\/www.radiopiu.net\/wordpress\/wp-content\/uploads\/2018\/09\/WhatsApp-Image-2018-09-20-at-16.04.06-768x96.jpeg 768w\" sizes=\"auto, (max-width: 800px) 100vw, 800px\" \/><\/a><\/p>\n<p><center><\/center>&nbsp;<\/p>\n<p><center><\/center><b>OGGI <\/b>Nottetempo ancora cielo molto nuvoloso\/coperto con residui fenomeni. Al mattino nuvolosit\u00e0 ancora assai estesa sulle Prealpi, mentre ci saranno rasserenamenti sulle Dolomiti. Al pomeriggio alternanza di schiarite e di nubi medio-alte in transito da est verso ovest. Alla sera cielo sereno su gran parte dei monti veneti, eccetto nubi medio-alte sui Lessini. <b>Precipitazioni: <\/b>Nottetempo residue precipitazioni un po&#8217; ovunque (50-70%) nevose oltre i 700-900 m; al primo mattino ancora sulle Prealpi centro-occidentali (10-20%). In giornata ovunque assenti (0%). <b>Temperature: <\/b>Pressoch\u00e9 stazionarie<\/p>\n<p>&nbsp;<\/p>\n<hr \/>\n<p><center><\/center><b>DOMANI <\/b>Al mattino in prevalenza soleggiato con cielo perlopi\u00f9 sereno; non escluse nebbie radiative in alcune conche prealpine durante le ore pi\u00f9 fredde. Al pomeriggio il cielo rimarr\u00e0 spesso sereno sulle Prealpi, mentre nubi medio-alte potranno ridurre il soleggiamento sulle Dolomiti. Il freddo torner\u00e0 a interessare la montagna veneta, gi\u00e0 per il forte irraggiamento notturno, ma anche per l&#8217;inizio di una nuova avvezione di aria pi\u00f9 fredda. <b>Precipitazioni: <\/b>Assenti.<br \/>\n<b>Temperature: <\/b>In generale calo, specie le minime per irraggiamento notturno, in particolar modo nei settori innevati.<\/p>\n<p>&nbsp;<\/p>\n<hr \/>\n<p><center><\/center><strong>VENERDI<\/strong> Sole e cielo sereno sulle Dolomiti, pressoch\u00e9 sereno sulle Prealpi per temporanea presenza di sottili nubi alte in grado di velare leggermente il cielo. Aria limpida e ottima visibilit\u00e0 ovunque. Lieve accentuazione del freddo a tutte le quote, con intense gelate notturne nei settori innevati.<\/p>\n<p>&nbsp;<\/p>\n<hr \/>\n<p><center><b>Sabato 28<\/b><\/center>Tempo ben soleggiato con cielo sereno, aria tersa e ottima visibilit\u00e0. Ulteriore lieve calo termico con ritorno dell&#8217;inverno a tutte le quote sui monti.<\/p>\n<p>&nbsp;<\/p>\n<div>\n<hr \/>\n<\/div>\n<p>&nbsp;<\/p>\n<p>&nbsp;<\/p>\n<p><a class=\"dt-pswp-item\" href=\"https:\/\/www.radiopiu.net\/wordpress\/wp-content\/uploads\/2018\/09\/sport.jpg\" data-dt-img-description=\"\" data-large_image_width=\"800\" data-large_image_height=\"100\"><img loading=\"lazy\" decoding=\"async\" class=\"aligncenter wp-image-60761 size-full\" src=\"https:\/\/www.radiopiu.net\/wordpress\/wp-content\/uploads\/2018\/09\/sport.jpg\" alt=\"\" width=\"800\" height=\"100\" srcset=\"https:\/\/www.radiopiu.net\/wordpress\/wp-content\/uploads\/2018\/09\/sport.jpg 800w, https:\/\/www.radiopiu.net\/wordpress\/wp-content\/uploads\/2018\/09\/sport-300x38.jpg 300w, https:\/\/www.radiopiu.net\/wordpress\/wp-content\/uploads\/2018\/09\/sport-768x96.jpg 768w\" sizes=\"auto, (max-width: 800px) 100vw, 800px\" \/><\/a><\/p>\n<p>&nbsp;<\/p>\n<p><span style=\"color: #0000ff;\"><strong>CALCIO<\/strong><\/span><\/p>\n<blockquote>\n<h3>AGORDINA ALLA RICERCA DI PUNTI PER RAGGIUNGERE LA ZONA SALVEZZA<\/h3>\n<\/blockquote>\n<p><strong><a class=\"dt-pswp-item\" href=\"https:\/\/www.radiopiu.net\/wordpress\/wp-content\/uploads\/2022\/09\/PRIMA-SQUADRA-AGORDINA-2022.jpg\" data-dt-img-description=\"\" data-large_image_width=\"2040\" data-large_image_height=\"1530\"><img loading=\"lazy\" decoding=\"async\" class=\" wp-image-297690 alignleft\" src=\"https:\/\/www.radiopiu.net\/wordpress\/wp-content\/uploads\/2022\/09\/PRIMA-SQUADRA-AGORDINA-2022-300x225.jpg\" alt=\"\" width=\"173\" height=\"130\" srcset=\"https:\/\/www.radiopiu.net\/wordpress\/wp-content\/uploads\/2022\/09\/PRIMA-SQUADRA-AGORDINA-2022-300x225.jpg 300w, https:\/\/www.radiopiu.net\/wordpress\/wp-content\/uploads\/2022\/09\/PRIMA-SQUADRA-AGORDINA-2022-1024x768.jpg 1024w, https:\/\/www.radiopiu.net\/wordpress\/wp-content\/uploads\/2022\/09\/PRIMA-SQUADRA-AGORDINA-2022-768x576.jpg 768w, https:\/\/www.radiopiu.net\/wordpress\/wp-content\/uploads\/2022\/09\/PRIMA-SQUADRA-AGORDINA-2022-1536x1152.jpg 1536w, https:\/\/www.radiopiu.net\/wordpress\/wp-content\/uploads\/2022\/09\/PRIMA-SQUADRA-AGORDINA-2022.jpg 2040w\" sizes=\"auto, (max-width: 173px) 100vw, 173px\" \/><\/a>di Marco Gaz<\/strong><\/p>\n<p><strong>REDAZIONE<\/strong> Una vittoria e una sconfitta per l&#8217;Agordina nelle prime due partite del girone di ritorno della Seconda Categoria girone T del Veneto. Dopo la bella vittoria contro il fanalino di coda Alpes Cesio, la squadra di Lorenzi si \u00e8 dovuta arrendere la scorsa domenica con l&#8217;Itlas Santa Giustina Serravalle. Una partita che ha visto la squadra di Agordo giocare bene ma subire tre gol su altrettanti svarioni difensivi. Per gli agordini le occasioni non sono mancate ma la scarsa precisione sotto porta non ha permesso all&#8217;Agordina di recuperare lo svantaggio avvenuto dopo appena un minuto di gioco. Una sfida iniziata male e finita senza punti per la compagine di Agordo che continua a lottare per raggiungere la salvezza matematica il prima possibile. Domenica pomeriggio ancora una trasferta per la squadra di Marco Lorenzi che scender\u00e0 in Valbelluna per affrontare il Ponte Nelle Alpi, una squadra ostica che si sta ben comportando in questo campionato.<\/p>\n<p><strong>MATTEO CHISSALE&#8217;, GIOCATORE DELL&#8217;AGORDINA<\/strong><\/p>\n<audio class=\"wp-audio-shortcode\" id=\"audio-318451-14\" preload=\"none\" style=\"width: 100%;\" controls=\"controls\"><source type=\"audio\/mpeg\" src=\"https:\/\/www.radiopiu.net\/wordpress\/wp-content\/uploads\/2023\/01\/MATTEO-CHISSA-ITLAS.mp3?_=14\" \/><a href=\"https:\/\/www.radiopiu.net\/wordpress\/wp-content\/uploads\/2023\/01\/MATTEO-CHISSA-ITLAS.mp3\">https:\/\/www.radiopiu.net\/wordpress\/wp-content\/uploads\/2023\/01\/MATTEO-CHISSA-ITLAS.mp3<\/a><\/audio>\n<p>&nbsp;<\/p>\n<hr \/>\n<p>&nbsp;<\/p>\n<p><span style=\"color: #0000ff;\"><strong>NUOTO<\/strong><\/span><\/p>\n<blockquote>\n<h3>SPORTIVAMENTE BELLUNO: TUTTI IN VASCA<\/h3>\n<\/blockquote>\n<p><strong><a class=\"dt-pswp-item\" href=\"https:\/\/www.radiopiu.net\/wordpress\/wp-content\/uploads\/2023\/01\/Esordienti_A.jpg\" data-dt-img-description=\"\" data-large_image_width=\"640\" data-large_image_height=\"480\"><img loading=\"lazy\" decoding=\"async\" class=\"size-medium wp-image-318495 alignleft\" src=\"https:\/\/www.radiopiu.net\/wordpress\/wp-content\/uploads\/2023\/01\/Esordienti_A-300x225.jpg\" alt=\"\" width=\"300\" height=\"225\" srcset=\"https:\/\/www.radiopiu.net\/wordpress\/wp-content\/uploads\/2023\/01\/Esordienti_A-300x225.jpg 300w, https:\/\/www.radiopiu.net\/wordpress\/wp-content\/uploads\/2023\/01\/Esordienti_A.jpg 640w\" sizes=\"auto, (max-width: 300px) 100vw, 300px\" \/><\/a>BELLUNO<\/strong> La Sportivamente Belluno manda in archivio un weekend intensissimo e ricco di soddisfazioni. <strong>ESORDIENTI<\/strong> &#8211; Due podi a Treviso per \u00a0Alessandro Morra\u00a0 (3\u00b0) e Greta Galanti (2^), entrambi nei 50 stile libero Gli atleti di fascia A hanno gareggiato a Oderzo: \u00a0settima Beatrice Mezzacasa, \u00a0nei 100 dorso Camposeo e Frisaldi migliorano di oltre 6 secondi il personale, nei 400 stile Alex Brianti chiude ottavo,\u00a0 la staffetta 4&#215;50 mista maschile<br \/>\n(Longi, Iuliano, Nerviani, Brianti) sfiora il record di societ\u00e0 e si piazza quinta. <strong>CATEGORIA <\/strong>Filippo Monestier, nei 200 misti\u00a0 \u00e8 terzo nella categoria Ragazzi. Prova maiuscola, infine, di Alessandro Nerviani, che nei 100 stile tocca la piastra dopo 55\u201d89: 3 secondi in meno rispetto al precedente personale e a un solo decimo dalla qualificazione<br \/>\nagli Italiani.\u00a0 <strong>MASTER<\/strong> &#8211; undicesimo posto nella classifica generale (su un totale di oltre 50 squadre) al Trofeo delle Dolomiti, a Bolzano. Primi posti di Laura Etzi nei 200 misti e 100 dorso, di Giulia De Bona nei 400 misti e<br \/>\n100 dorso, e di Marta Rossa nei 400 misti. Argento per la stessa Rossa nei 100 rana, Marco Sommacal nei 50 rana, Sandro Zambito nei 400 stile e Gianni Edotti nei 100 delfino, il bronzo conquistato da Edotti nei 50 delfino. Bene pure le staffette: quinta la 4&#215;50 mista mista (De Bona, Sommacal, Rossa, Donatucci) e sesta la 4&#215;50 stile maschile (Donatucci,<br \/>\nZambito, Sommacal, Edotti).<\/p>\n<p>&nbsp;<\/p>\n<\/div>\n","protected":false},"excerpt":{"rendered":"<p>SONO STATE TOLTE LE TRANSENNE ANCHE A LA VALLE E DON DI ZOLDO, DA IERI RIAPERTO\u00a0 PASSO DURAN OLTRE A GIAU E VALPAROLA PRECEDENTEMENTE SBARRATI IN SEGUITO ALLE BUFERE DI NEVE CHE AVEVANO PROVOCATO ACCUMULI SULLA SEDE STRADALE SEGNALAZIONE AL PERON, BUONA TAVOLA &#8220;FEDAIA, CHIUSO&#8221;\u00a0 semaforo rosso &nbsp; &nbsp; RADIO PIU INFORMAZIONE il canale su&hellip;<\/p>\n","protected":false},"author":4,"featured_media":318502,"comment_status":"closed","ping_status":"closed","sticky":false,"template":"","format":"standard","meta":{"_monsterinsights_skip_tracking":false,"_monsterinsights_sitenote_active":false,"_monsterinsights_sitenote_note":"","_monsterinsights_sitenote_category":0,"footnotes":""},"categories":[51,86,49],"tags":[],"class_list":["post-318451","post","type-post","status-publish","format-standard","has-post-thumbnail","hentry","category-evidenza-top","category-gr","category-news-18","category-51","category-86","category-49","description-off"],"img_url":"https:\/\/www.radiopiu.net\/wordpress\/wp-content\/uploads\/2023\/01\/d069cc25-507a-48df-8361-d8552522510b.jpg","_links":{"self":[{"href":"https:\/\/www.radiopiu.net\/wordpress\/wp-json\/wp\/v2\/posts\/318451","targetHints":{"allow":["GET"]}}],"collection":[{"href":"https:\/\/www.radiopiu.net\/wordpress\/wp-json\/wp\/v2\/posts"}],"about":[{"href":"https:\/\/www.radiopiu.net\/wordpress\/wp-json\/wp\/v2\/types\/post"}],"author":[{"embeddable":true,"href":"https:\/\/www.radiopiu.net\/wordpress\/wp-json\/wp\/v2\/users\/4"}],"replies":[{"embeddable":true,"href":"https:\/\/www.radiopiu.net\/wordpress\/wp-json\/wp\/v2\/comments?post=318451"}],"version-history":[{"count":0,"href":"https:\/\/www.radiopiu.net\/wordpress\/wp-json\/wp\/v2\/posts\/318451\/revisions"}],"wp:featuredmedia":[{"embeddable":true,"href":"https:\/\/www.radiopiu.net\/wordpress\/wp-json\/wp\/v2\/media\/318502"}],"wp:attachment":[{"href":"https:\/\/www.radiopiu.net\/wordpress\/wp-json\/wp\/v2\/media?parent=318451"}],"wp:term":[{"taxonomy":"category","embeddable":true,"href":"https:\/\/www.radiopiu.net\/wordpress\/wp-json\/wp\/v2\/categories?post=318451"},{"taxonomy":"post_tag","embeddable":true,"href":"https:\/\/www.radiopiu.net\/wordpress\/wp-json\/wp\/v2\/tags?post=318451"}],"curies":[{"name":"wp","href":"https:\/\/api.w.org\/{rel}","templated":true}]}}