{"id":318519,"date":"2023-01-25T05:54:30","date_gmt":"2023-01-25T04:54:30","guid":{"rendered":"https:\/\/www.radiopiu.net\/wordpress\/?p=318519"},"modified":"2023-01-25T06:03:30","modified_gmt":"2023-01-25T05:03:30","slug":"luxottica-2-giorni-di-chiusura-il-20-e-21-febbraio","status":"publish","type":"post","link":"https:\/\/www.radiopiu.net\/wordpress\/luxottica-2-giorni-di-chiusura-il-20-e-21-febbraio\/","title":{"rendered":"LUXOTTICA: 2 GIORNI DI CHIUSURA IL 20 E 21 FEBBRAIO"},"content":{"rendered":"<p><strong><a class=\"dt-pswp-item\" href=\"https:\/\/www.radiopiu.net\/wordpress\/wp-content\/uploads\/2022\/06\/LUXOTTICA-12.jpg\" data-dt-img-description=\"\" data-large_image_width=\"800\" data-large_image_height=\"600\"><img loading=\"lazy\" decoding=\"async\" class=\" wp-image-284019 alignleft\" src=\"https:\/\/www.radiopiu.net\/wordpress\/wp-content\/uploads\/2022\/06\/LUXOTTICA-12-300x225.jpg\" alt=\"\" width=\"200\" height=\"150\" srcset=\"https:\/\/www.radiopiu.net\/wordpress\/wp-content\/uploads\/2022\/06\/LUXOTTICA-12-300x225.jpg 300w, https:\/\/www.radiopiu.net\/wordpress\/wp-content\/uploads\/2022\/06\/LUXOTTICA-12-768x576.jpg 768w, https:\/\/www.radiopiu.net\/wordpress\/wp-content\/uploads\/2022\/06\/LUXOTTICA-12.jpg 800w\" sizes=\"auto, (max-width: 200px) 100vw, 200px\" \/><\/a><\/strong><strong>AGORDO<\/strong> Nelle ultime ore la dirigenza di Luxottica dello stabilimento di Agordo ha incontrato la RSU e sono state concordate due giornate di chiusura dello stabilimento di Agordo nelle giornate del 20 e 21 febbraio.<\/p>\n<p>Se da una parte la motivazione viene additata ad un segnale di avvicinamento all&#8217;operaio in giorni in cui sono chiuse anche le scuole, dall&#8217;altra si fa riferimento alla mancanza di materia prima.<\/p>\n<p>Luned\u00ec 20 febbraio la giornata verr\u00e0 coperta con una giornata di flessibilit\u00e0 negativa mentre il giorno successivo son 5,33 ore di ferie di avanzo del 2022 e 2,67 ore di permesso individuale. Nel frattempo sono uscite le percentuali di partecipazione agli straordinari incentivato che hanno interessato i reparti produttivi nelle giornate del 14 e 21 gennaio. Il primo sabato incentivato \u00e8 stato un successo con Stamperia Metallo, Saldatura e trattamenti superficiali che hanno raggiunto il 100% di maggiorazione di straordinario. Il 90% per il reparto taglio lenti. Non \u00e8 stato raggiunto l&#8217;obbiettivo in Magazzino centrale con una maggiorazione del 50% sulla presenza. Nel sabato successivo l&#8217;adesione \u00e8 stata minore con una maggiorazione del 90% in Stamperia Metallo, Saldatura e trattamenti superficiali. Unico reparto a raggiungere la maggiorazione massima delle ore lavorate il Taglio lenti. Sempre 50% in Magazzino Centrale. Nel turno notturno del 22 gennaio raggiungono la maggiorazione del 100% Trattamenti Superficiali e Taglio Lenti. In Stamperia Metallo il 90 %. Intanto nei prossimi due fine settimana le maestranze sono chiamate al lavoro per due giornate di flessibilit\u00e0 positiva che riguarda solo coloro che lavorano il turno mattino.<\/p>\n<p><strong>PROTESTA COLLETTIVA A PEDEROBBA<\/strong><\/p>\n<p>Le rappresentanze sindacali Cgil Cisl e Uil hanno proclamato una modalit\u00e0 di protesta collettiva contro il servizio mensa. Uno &#8220;sciopero&#8221; della mensa in corso, iniziato ieri terminer\u00e0 venerdi. Le Rsu hanno invitato i lavoratori a consumare solo i cibi confezionati, prenotare i cestini notturni evitando preparazione fatte in loco. Tanti i commenti pro e contro anche da Agordo sulla pagina facebook Lux Italia. A fare ordine e chiarezza c&#8217;ha pensato Annalisa Dal Mas facendo capire che non si tratta di un protesta contro l&#8217;azienda, ma per un servizio non consono alle aspettative e pagato all&#8217;azienda.<\/p>\n<div dir=\"auto\"><em>&#8220;Provo a spiegare con parole mie il concetto &#8211; scrive Annalisa Dal Mas-\u00a0 il discorso non \u00e8 legato all\u2019esser viziati o meno ma al servizio che Luxottica paga e non \u00e8 adeguato a quanto effettivamente offerto. Io lavoro a Sedico e di notte usufruisco del cestino per cui parlo per quanto mi viene riferito dai colleghi dei turni diurni\u2026 nessuno si lamenta del fatto che ci \u201cviene offerto\u201d il pasto ma piuttosto che il servizio viene retribuito ad un costo che non restituisce le aspettative pagate. Chiunque sia a sborsare l\u2019onere. Per Sedico 1 la situazione \u00e8 in fase di adeguamento dei locali mensa a seguito dei traslochi della produzione e se le sigle sindacali di Pederobba sono arrivate a questa iniziativa evidentemente ci sono dei disservizi che devono essere risolti con un\u2019azione collettiva di protesta&#8221;.<\/em><\/div>\n<div dir=\"auto\"><\/div>\n<div dir=\"auto\">\n<hr \/>\n<\/div>\n<p>&nbsp;<\/p>\n<p>&nbsp;<\/p>\n<p>******<\/p>\n","protected":false},"excerpt":{"rendered":"<p>AGORDO Nelle ultime ore la dirigenza di Luxottica dello stabilimento di Agordo ha incontrato la RSU e sono state concordate due giornate di chiusura dello stabilimento di Agordo nelle giornate del 20 e 21 febbraio. Se da una parte la motivazione viene additata ad un segnale di avvicinamento all&#8217;operaio in giorni in cui sono chiuse&hellip;<\/p>\n","protected":false},"author":4,"featured_media":284019,"comment_status":"closed","ping_status":"closed","sticky":false,"template":"","format":"standard","meta":{"_monsterinsights_skip_tracking":false,"_monsterinsights_sitenote_active":false,"_monsterinsights_sitenote_note":"","_monsterinsights_sitenote_category":0,"footnotes":""},"categories":[51,49],"tags":[],"class_list":["post-318519","post","type-post","status-publish","format-standard","has-post-thumbnail","hentry","category-evidenza-top","category-news-18","category-51","category-49","description-off"],"img_url":"https:\/\/www.radiopiu.net\/wordpress\/wp-content\/uploads\/2022\/06\/LUXOTTICA-12.jpg","_links":{"self":[{"href":"https:\/\/www.radiopiu.net\/wordpress\/wp-json\/wp\/v2\/posts\/318519","targetHints":{"allow":["GET"]}}],"collection":[{"href":"https:\/\/www.radiopiu.net\/wordpress\/wp-json\/wp\/v2\/posts"}],"about":[{"href":"https:\/\/www.radiopiu.net\/wordpress\/wp-json\/wp\/v2\/types\/post"}],"author":[{"embeddable":true,"href":"https:\/\/www.radiopiu.net\/wordpress\/wp-json\/wp\/v2\/users\/4"}],"replies":[{"embeddable":true,"href":"https:\/\/www.radiopiu.net\/wordpress\/wp-json\/wp\/v2\/comments?post=318519"}],"version-history":[{"count":0,"href":"https:\/\/www.radiopiu.net\/wordpress\/wp-json\/wp\/v2\/posts\/318519\/revisions"}],"wp:featuredmedia":[{"embeddable":true,"href":"https:\/\/www.radiopiu.net\/wordpress\/wp-json\/wp\/v2\/media\/284019"}],"wp:attachment":[{"href":"https:\/\/www.radiopiu.net\/wordpress\/wp-json\/wp\/v2\/media?parent=318519"}],"wp:term":[{"taxonomy":"category","embeddable":true,"href":"https:\/\/www.radiopiu.net\/wordpress\/wp-json\/wp\/v2\/categories?post=318519"},{"taxonomy":"post_tag","embeddable":true,"href":"https:\/\/www.radiopiu.net\/wordpress\/wp-json\/wp\/v2\/tags?post=318519"}],"curies":[{"name":"wp","href":"https:\/\/api.w.org\/{rel}","templated":true}]}}