{"id":318591,"date":"2023-01-26T05:48:49","date_gmt":"2023-01-26T04:48:49","guid":{"rendered":"https:\/\/www.radiopiu.net\/wordpress\/?p=318591"},"modified":"2023-01-26T08:52:17","modified_gmt":"2023-01-26T07:52:17","slug":"giornale-radiopiu-26-gennaio-2023-direttore-mirko-mezzacasa-verso-i-40-anni-25-giugno-1983-25-giugno-2023","status":"publish","type":"post","link":"https:\/\/www.radiopiu.net\/wordpress\/giornale-radiopiu-26-gennaio-2023-direttore-mirko-mezzacasa-verso-i-40-anni-25-giugno-1983-25-giugno-2023\/","title":{"rendered":"GIORNALE RADIOPIU 26 GENNAIO 2023 DIRETTORE MIRKO MEZZACASA&#8230;verso i 40 anni 25 giugno 1983-25 giugno 2023"},"content":{"rendered":"<h3 class=\"kvgmc6g5 cxmmr5t8 oygrvhab hcukyx3x c1et5uql\"><span style=\"color: #0000ff;\"><strong>RADIO PIU INFORMAZIONE il canale su TELEGRAM informazione di prima\u00a0 <\/strong><strong>mano e in tempo reale. iscriviti ed aiutaci a farlo conoscere\u00a0<\/strong><\/span><\/h3>\n<h2 style=\"text-align: left;\"><span style=\"color: #ff0000;\">ISCRIVITI AL NOSTRO CANALE YOUTUBE PER SEGUIRE IN DIRETTA I PRINCIPALI PROGRAMMI DI RADIO PIU&#8217; E LE FUTURE DIRETTE IN ESTERNA. PER ISCRIVERTI <a style=\"color: #ff0000;\" href=\"https:\/\/youtube.com\/@radiopiu1527\">CLICCA QUI<\/a> E PREMI IL TASTO &#8220;Iscriviti&#8221;\u00a0<\/span><\/h2>\n<p>&nbsp;<\/p>\n<hr \/>\n<p>&nbsp;<\/p>\n<blockquote>\n<h3>TRAVOLTO DALLA VALANGA, MUORE IL PATRON DEL CARAVAN PARK<\/h3>\n<\/blockquote>\n<p><strong><a class=\"dt-pswp-item\" href=\"https:\/\/www.radiopiu.net\/wordpress\/wp-content\/uploads\/2023\/01\/cara.jpg\" data-dt-img-description=\"\" data-large_image_width=\"102\" data-large_image_height=\"117\"><img loading=\"lazy\" decoding=\"async\" class=\"size-full wp-image-318763 alignleft\" src=\"https:\/\/www.radiopiu.net\/wordpress\/wp-content\/uploads\/2023\/01\/cara.jpg\" alt=\"\" width=\"102\" height=\"117\" \/><\/a>COMELICO<\/strong>\u00a0 E&#8217; morto \u00a0Hans Happacher, 63 anni, proprietario del Caravan Park che aveva recentemente investito anche a Domegge. L&#8217;uomo \u00e8 stato travolto dalla valanga sul Monte Elmo. L&#8217;allarme\u00a0 \u00e8 partito dall&#8217;Artva di Happacher, sotto la vetta, a una quota fra i 2000 e il 2200 metri. Pi\u00f9 di un&#8217;ora di tentativi di rianimare Happacher non \u00e8 purtroppo servita a salvargli la vita. Troppo gravi le sue condizioni.\u00a0 Era salito al Monte Elmo con le pelli di foca e poi aveva cominciato la discesa nella neve fresca, verso le 16 di ieri pomeriggio il\u00a0 grosso distacco di neve, almeno cento metri di fronte per altre centinaia di metri,\u00a0 l&#8217;escursionista sepolto da un metro e mezzo di neve.<\/p>\n<p>&nbsp;<\/p>\n<hr \/>\n<blockquote>\n<h3><\/h3>\n<h3>VALANGA SUL PADON, DONNA TRAVOLTA<\/h3>\n<\/blockquote>\n<p><strong><a class=\"dt-pswp-item\" href=\"https:\/\/www.radiopiu.net\/wordpress\/wp-content\/uploads\/2023\/01\/Comunicato-stampa-SAGF-Intervento-valanga.jpg\" data-dt-img-description=\"\" data-large_image_width=\"1600\" data-large_image_height=\"1200\"><img loading=\"lazy\" decoding=\"async\" class=\" wp-image-318716 alignleft\" src=\"https:\/\/www.radiopiu.net\/wordpress\/wp-content\/uploads\/2023\/01\/Comunicato-stampa-SAGF-Intervento-valanga-300x225.jpg\" alt=\"\" width=\"172\" height=\"129\" srcset=\"https:\/\/www.radiopiu.net\/wordpress\/wp-content\/uploads\/2023\/01\/Comunicato-stampa-SAGF-Intervento-valanga-300x225.jpg 300w, https:\/\/www.radiopiu.net\/wordpress\/wp-content\/uploads\/2023\/01\/Comunicato-stampa-SAGF-Intervento-valanga-1024x768.jpg 1024w, https:\/\/www.radiopiu.net\/wordpress\/wp-content\/uploads\/2023\/01\/Comunicato-stampa-SAGF-Intervento-valanga-768x576.jpg 768w, https:\/\/www.radiopiu.net\/wordpress\/wp-content\/uploads\/2023\/01\/Comunicato-stampa-SAGF-Intervento-valanga-1536x1152.jpg 1536w, https:\/\/www.radiopiu.net\/wordpress\/wp-content\/uploads\/2023\/01\/Comunicato-stampa-SAGF-Intervento-valanga.jpg 1600w\" sizes=\"auto, (max-width: 172px) 100vw, 172px\" \/><\/a>CORTINA\/ROCCA PIETORE<\/strong>Travolta dalla neve a Passo Padon (in cima a Passo Fedaia), estratta dal Soccorso Alpino e dagli sciatori presenti. Sul posto l\u2019elisoccorso di Trento, non Falco, ma l\u2019elicottero dell\u2019Air service center con equipe sanitaria e unit\u00e0 cinofila, impegnati gli uomini del\u00a0 Soccorso alpino della Val Pettorina. Un\u2019altra valanga ha interessato la pista Fedare sul Nuvolau, dove \u00e8 intervenuto l\u2019elicottero dell\u2019Air service center trasportando equipaggio sanitario e unit\u00e0 cinofila che hanno escluso il coinvolgimento di persone.<\/p>\n<p>&nbsp;<\/p>\n<p><span style=\"color: #ff0000;\"><strong><a class=\"dt-pswp-item\" href=\"https:\/\/www.radiopiu.net\/wordpress\/wp-content\/uploads\/2023\/01\/Watermark_20230125_162035_435.jpg\" data-dt-img-description=\"\" data-large_image_width=\"1773\" data-large_image_height=\"2364\"><img loading=\"lazy\" decoding=\"async\" class=\" wp-image-318731 alignright\" src=\"https:\/\/www.radiopiu.net\/wordpress\/wp-content\/uploads\/2023\/01\/Watermark_20230125_162035_435-225x300.jpg\" alt=\"\" width=\"188\" height=\"251\" srcset=\"https:\/\/www.radiopiu.net\/wordpress\/wp-content\/uploads\/2023\/01\/Watermark_20230125_162035_435-225x300.jpg 225w, https:\/\/www.radiopiu.net\/wordpress\/wp-content\/uploads\/2023\/01\/Watermark_20230125_162035_435-768x1024.jpg 768w, https:\/\/www.radiopiu.net\/wordpress\/wp-content\/uploads\/2023\/01\/Watermark_20230125_162035_435-1152x1536.jpg 1152w, https:\/\/www.radiopiu.net\/wordpress\/wp-content\/uploads\/2023\/01\/Watermark_20230125_162035_435-1536x2048.jpg 1536w, https:\/\/www.radiopiu.net\/wordpress\/wp-content\/uploads\/2023\/01\/Watermark_20230125_162035_435.jpg 1773w\" sizes=\"auto, (max-width: 188px) 100vw, 188px\" \/><\/a><br \/>\n<\/strong><\/span><\/p>\n<p><strong>ROCCA PIETORE<\/strong> \u00c8 una sciatrice veneziana la persona travolta da una valanga non distante dalla pista Padon 2, comprensorio Arabba\/Marmolada. La donna, una 52enne di Mestre (VE), \u00e8 uscita in fuoripista ed \u00e8 stata travolta da una valanga, sommersa da oltre un metro di neve. Ieri attorno a mezzogiorno e mezzo il 118 era stato attivato per un primo distacco di piccole dimensioni, finito sulla pista Fedare, sul Nuvolau. Sulla prima valanga il Soccorso piste della Guardia di finanza aveva subito provveduto alla bonifica, escludendo la presenza di coinvolti. Mentre stava atterrando in supporto alle operazioni l&#8217;elicottero dell&#8217;Air service center con a bordo equipe medica, tecnico di elisoccorso e unit\u00e0 cinofila, l&#8217;equipaggio e stato immediatamente dirottato sulla seconda valanga non distante dalla pista sul Padon. La sciatrice, individuata ed estratta dalla neve da altri sciatori, \u00e8 stata subito presa in carico dal personale medico, sbarcato nelle vicinanze, per i possibili traumi riportati e per la probabile ipotermia. La donna \u00e8 stata poi recuperata dall&#8217;eliambulanza di Trento sopraggiunta nel frattempo con un verricello di 20 metri e trasportata in ospedale.<\/p>\n<p>&nbsp;<\/p>\n<blockquote>\n<h3>ARIANNA SITTONI LA VITTIMA DELLA VALANGA SUL LAGORAI. SI ERA SALVATA SULLA MARMOLADA<\/h3>\n<\/blockquote>\n<p><strong>TRENTO<\/strong> E&#8217; Arianna Sittoni la ragazza travolta da una valanga sul Lagorai assieme a Guido Trevisan, ex gestore del Rifugio Pian Dei Fiacconi distrutto da una valanga tre anni fa. La trentenne di Pergine non ce l&#8217;ha fatta ed \u00e8 morta. I due erano saliti per controllare il Rifugio Caldenave, di cui Trevisan ne \u00e8 il gestore, dopo la nevicata delle ultime ore. Dopo aver controllato la struttura, in questo periodo chiusa, hanno pensato di salire pi\u00f9 in alto e sono stati travolti da una valanga. L&#8217;uomo \u00e8 stato trovato cosciente con un possibile trauma ad una gamba. Per la ragazza invece non c&#8217;\u00e8 stato nulla da fare. Arianna si era salvata dalla tragedia della Marmolada della scorsa estate.<\/p>\n\n\t\t\t<style type='text\/css'>\n\t\t\t\t#gallery-1 {\n\t\t\t\t\tmargin: auto;\n\t\t\t\t}\n\t\t\t\t#gallery-1 .gallery-item {\n\t\t\t\t\tfloat: left;\n\t\t\t\t\tmargin-top: 10px;\n\t\t\t\t\ttext-align: center;\n\t\t\t\t\twidth: 50%;\n\t\t\t\t}\n\t\t\t\t#gallery-1 img {\n\t\t\t\t\tborder: 2px solid #cfcfcf;\n\t\t\t\t}\n\t\t\t\t#gallery-1 .gallery-caption {\n\t\t\t\t\tmargin-left: 0;\n\t\t\t\t}\n\t\t\t\t\/* see gallery_shortcode() in wp-includes\/media.php *\/\n\t\t\t<\/style>\n\t\t<div id='gallery-1' class='dt-gallery-container gallery galleryid-318591 gallery-columns-2 gallery-size-medium'><dl class='gallery-item'>\n\t\t\t\t<dt class='gallery-icon landscape'>\n\t\t\t\t\t<a class=\"rollover rollover-zoom dt-pswp-item\" title=\"AAAA\" data-dt-img-description=\"\" data-large_image_width=\"468\" data-large_image_height=\"291\"href='https:\/\/www.radiopiu.net\/wordpress\/wp-content\/uploads\/2023\/01\/AAAA-1.jpg'><img loading=\"lazy\" decoding=\"async\" width=\"300\" height=\"187\" src=\"https:\/\/www.radiopiu.net\/wordpress\/wp-content\/uploads\/2023\/01\/AAAA-1-300x187.jpg\" class=\"attachment-medium size-medium\" alt=\"\" srcset=\"https:\/\/www.radiopiu.net\/wordpress\/wp-content\/uploads\/2023\/01\/AAAA-1-300x187.jpg 300w, https:\/\/www.radiopiu.net\/wordpress\/wp-content\/uploads\/2023\/01\/AAAA-1.jpg 468w\" sizes=\"auto, (max-width: 300px) 100vw, 300px\" \/><\/a>\n\t\t\t\t<\/dt><\/dl><dl class='gallery-item'>\n\t\t\t\t<dt class='gallery-icon landscape'>\n\t\t\t\t\t<a class=\"rollover rollover-zoom dt-pswp-item\" title=\"trev\" data-dt-img-description=\"\" data-large_image_width=\"526\" data-large_image_height=\"382\"href='https:\/\/www.radiopiu.net\/wordpress\/wp-content\/uploads\/2023\/01\/trev.jpg'><img loading=\"lazy\" decoding=\"async\" width=\"300\" height=\"218\" src=\"https:\/\/www.radiopiu.net\/wordpress\/wp-content\/uploads\/2023\/01\/trev-300x218.jpg\" class=\"attachment-medium size-medium\" alt=\"\" srcset=\"https:\/\/www.radiopiu.net\/wordpress\/wp-content\/uploads\/2023\/01\/trev-300x218.jpg 300w, https:\/\/www.radiopiu.net\/wordpress\/wp-content\/uploads\/2023\/01\/trev.jpg 526w\" sizes=\"auto, (max-width: 300px) 100vw, 300px\" \/><\/a>\n\t\t\t\t<\/dt><\/dl><br style=\"clear: both\" \/>\n\t\t\t<\/div>\n\n<p>&nbsp;<\/p>\n<hr \/>\n<p>&nbsp;<\/p>\n<p>&nbsp;<\/p>\n<blockquote>\n<h3>UN FERITO NEL TAMPONAMENTO DI ARSIE&#8217;<\/h3>\n<\/blockquote>\n<p><strong>ARSIE<\/strong> Il sinistro ieri mattina alla rotatoria di Anz\u00f9 con ferito lieve trasportato al pronto soccorso dell&#8217;ospedale di Feltre.\u00a0 In auto\u00a0 una giovane donna padovana alla guida di una Mart che ha tamponato un ragazzo siciliano al volante di Volkswagen Touran, quest&#8217;ultimo ha dovuto ricorrere alle cure dei sanitari.<\/p>\n<p>&nbsp;<\/p>\n<hr \/>\n<p>&nbsp;<\/p>\n<blockquote>\n<h3>RICATTO AL PRETE, CHE VERSA OLTRE 36 MILA EURO<\/h3>\n<\/blockquote>\n<p><strong>OGGI SUL CORRIERE DELLE ALPI<\/strong><\/p>\n<p><strong>DI GIGI SOSSO<\/strong><\/p>\n<p><strong><img loading=\"lazy\" decoding=\"async\" class=\"alignleft\" src=\"https:\/\/www.radiopiu.net\/wordpress\/wp-content\/uploads\/2023\/01\/images-2.jpg\" width=\"215\" height=\"129\" \/>FELTRINO\u00a0 <\/strong>Oltre 36 mila euro versati nell&#8217;arco di alcuni mesi del 2019 per un presunto ricatto a luci rosse ai danni di un prete. Un uomo di 32 anni \u00e8 accusato di estorsione e tentata estorsione aggravate dall&#8217;et\u00e0 avanzata della parte offesa. Ieri il collegio giudicante ha ascoltato le testimonianze dei carabinieri che hanno potuto accertare che tra l&#8217;imputato e il prete i contatti sono stati numerosissimi. L&#8217;indagine ha anche collegato temporalmente i messaggi ai versamenti fatti dal prete sulla carta Postepay dell&#8217;imputato. Nell&#8217;udienza di ieri, per\u00f2, \u00e8 stato ascoltato anche il prete. L&#8217;imputato lo aveva avvicinato spiegandogli di essere in difficolt\u00e0 dal punto di vista economico e chiedendogli aiuto per la sua famiglia, sostegno che il prete aveva deciso di accordargli. Le richieste economiche poi erano proseguite e, secondo l&#8217;accusa, a convincere il prete ad ulteriori versamenti era stata la minaccia di divulgare pubblicamente una presunta relazione tra i due. Di fatto il religioso ha spiegato di essersi sentito imbrogliato e di temere che il suo nome venisse infangato, tanto da non riuscire a smettere di versare il denaro richiest. Nelle prossime udienze spiegher\u00e0 la sua versione anche l&#8217;imputato.<\/p>\n<p>&nbsp;<\/p>\n<p>&nbsp;<\/p>\n<hr \/>\n<p>&nbsp;<\/p>\n<blockquote>\n<h3>FALCO DI NUOVO A TERRA, IN AVARIA IL COMPUTER DI BORDO<\/h3>\n<\/blockquote>\n<p><span style=\"font-family: Calibri, serif;\"><span style=\"font-size: medium;\"><strong><img loading=\"lazy\" decoding=\"async\" class=\"alignleft\" src=\"https:\/\/www.radiopiu.net\/wordpress\/wp-content\/uploads\/2023\/01\/a5046597-3979-43fe-9ab3-7b28ba732022-1.jpg\" width=\"236\" height=\"177\" \/>BELLUNO<\/strong> Ieri mattina alle 11.00 l\u2019elicottero di Pieve di Cadore ha manifestato una grave avaria al computer di bordo. Il pezzo di ricambio necessario \u00e8 in arrivo da Milano e sta raggiungendo Pieve di Cadore anche un tecnico specializzato per la soluzione del problema da Bolzano. Il problema dovrebbe essere risolto in giornata. <\/span><\/span><span style=\"font-family: Calibri, serif;\"><span style=\"font-size: medium;\">Le emergenze che necessitano di elisoccorso sono comunque garantite dalla rete SUEM<\/span><\/span><span style=\"font-family: Calibri, serif;\"><span style=\"font-size: medium;\">.\u00a0\u00a0<\/span><\/span><span style=\"font-family: Calibri, serif;\"><span style=\"font-size: medium;\">Per massima trasparenza, si precisa che i fermi tecnici dell\u2019elicottero di Babcock assegnato all\u2019Ulss Dolomiti delle ultime settimane hanno cause diverse: il fermo di inizio gennaio era dovuto ad un problema della pompa di rifornimento della base HEMS, il fermo della scorsa settimana a un allarme avvenuto in fase di atterraggio generato da una manovra brusca, e quello odierno per un problema al computer di bordo. <\/span><\/span><span style=\"font-family: Calibri, serif;\"><span style=\"font-size: medium;\">In tutti i casi che coinvolgono allarmi o segnalazioni dei sistemi di monitoraggio di bordo, la priorit\u00e0 \u00e8 quella relativa all\u2019equipaggio imbarcato, e pertanto se indicato l\u2019elicottero viene posto fuori servizio per il tempo necessario alle verifiche.<\/span><\/span><\/p>\n<p><strong>AGGIORNAMENTO DALL&#8217;ULSS 1 DOLOMITI<\/strong><\/p>\n<p>Arrivato alla base HEMS di Pieve di Cadore il tecnico specializzato di Babcock e il computer di bordo di ricambio. Sono in corso il montaggio e la configurazione. Da oggi Falco sar\u00e0 di nuovo operativo<\/p>\n<p><a class=\"dt-pswp-item\" href=\"https:\/\/www.radiopiu.net\/wordpress\/wp-content\/uploads\/2023\/01\/IMG-20230125-WA0011.jpg\" data-dt-img-description=\"\" data-large_image_width=\"1536\" data-large_image_height=\"2048\"><img loading=\"lazy\" decoding=\"async\" class=\"alignnone size-medium wp-image-318755\" src=\"https:\/\/www.radiopiu.net\/wordpress\/wp-content\/uploads\/2023\/01\/IMG-20230125-WA0011-225x300.jpg\" alt=\"\" width=\"225\" height=\"300\" srcset=\"https:\/\/www.radiopiu.net\/wordpress\/wp-content\/uploads\/2023\/01\/IMG-20230125-WA0011-225x300.jpg 225w, https:\/\/www.radiopiu.net\/wordpress\/wp-content\/uploads\/2023\/01\/IMG-20230125-WA0011-768x1024.jpg 768w, https:\/\/www.radiopiu.net\/wordpress\/wp-content\/uploads\/2023\/01\/IMG-20230125-WA0011-1152x1536.jpg 1152w, https:\/\/www.radiopiu.net\/wordpress\/wp-content\/uploads\/2023\/01\/IMG-20230125-WA0011.jpg 1536w\" sizes=\"auto, (max-width: 225px) 100vw, 225px\" \/><\/a><\/p>\n<p>&nbsp;<\/p>\n<hr \/>\n<p>&nbsp;<\/p>\n<blockquote>\n<h3>E&#8217; MORTO LIVIO DE PRA&#8217;, FONDATORE DELL&#8217;ISTITUTO LEONARDO DA VINCI<\/h3>\n<\/blockquote>\n<p><strong><a class=\"dt-pswp-item\" href=\"https:\/\/www.radiopiu.net\/wordpress\/wp-content\/uploads\/2023\/01\/Screenshot-13.png\" data-dt-img-description=\"\" data-large_image_width=\"529\" data-large_image_height=\"387\"><img loading=\"lazy\" decoding=\"async\" class=\" wp-image-318736 alignleft\" src=\"https:\/\/www.radiopiu.net\/wordpress\/wp-content\/uploads\/2023\/01\/Screenshot-13-300x219.png\" alt=\"\" width=\"148\" height=\"108\" srcset=\"https:\/\/www.radiopiu.net\/wordpress\/wp-content\/uploads\/2023\/01\/Screenshot-13-300x219.png 300w, https:\/\/www.radiopiu.net\/wordpress\/wp-content\/uploads\/2023\/01\/Screenshot-13.png 529w\" sizes=\"auto, (max-width: 148px) 100vw, 148px\" \/><\/a>BELLUNO<\/strong> E&#8217; morto Livio De Pr\u00e0, fondatore dell&#8217;Istituto Leonardo Da Vinci e figura molto conosciuta nello sport. Aveva 83 anni e aveva portato a Belluno anche il liceo scientifico sportivo. E&#8217; stato anche presidente della societ\u00e0 Ghiaccio Club Lambioi. Fino a qualche settimana fa continuava a lavorare all&#8217;istituto Da Vinci dove andava ogni giorno. Livio De Pra\u2019 lascia la moglie Ivana, i figli Ruben, David e Evita, tutti i nipoti e i parenti. La cerimonia funebre verr\u00e0 celebrata sabato alle 9 nella chiesa di Santo Stefano a Belluno.<\/p>\n<p><strong>LA NOTA DI CORDOGLIO DEL PRESIDENTE DELLA PROVINCIA DI BELLUNO ROBERTO PADRIN<\/strong><\/p>\n<div>\n<p>\u201cUn uomo che sapeva lavorare lontano dal clamore. Che aveva un\u2019autentica passione per quello che faceva\u00bb. Cos\u00ec il presidente della Provincia Roberto Padrin, in una nota di cordoglio per la scomparsa di Livio De Pr\u00e0, fondatore dell\u2019istituto Da Vinci a Belluno. \u00abLivio De Pr\u00e0 ha dato tanto alle nostre comunit\u00e0, sia in ambito sportivo, in cui aveva messo a disposizione le sue competenze, sia in ambito formativo. L\u2019istituto da lui fondato e diretto ha sempre rappresentato un\u2019alternativa alle scuole statali della provincia. Ai suoi familiari, alla moglie e ai figli, un pensiero affettuoso mio e dell\u2019intera amministrazione provinciale\u201d<\/p>\n<\/div>\n<p>&nbsp;<\/p>\n<hr \/>\n<p>&nbsp;<\/p>\n<blockquote>\n<h3>VALANGHE, LA REGIONE INCONTRA GLI AMMINISTRATORI<\/h3>\n<\/blockquote>\n<p><strong>SEDICO<\/strong> Si \u00e8 svolto a Villa Patt, un incontro per fare il punto sullo stato di avanzamento dei lavori di difesa dalle valanghe e i connessi piani di Protezione Civile.\u00a0 Alla riunione, svoltasi con le strutture regionali competenti in materia e i bracci operativi di Veneto Strade, che ha curato gli interventi, e Arpav, hanno preso parte i sindaci delle amministrazioni interessate. Ad oggi sono 29 i cantieri avviati dal 2019, alcuni interventi gi\u00e0 completati, altri in fase avanzata e altri ancora in itinere. La maggior parte degli interventi (22)\u00a0 \u00e8 concentrata in Agordino, 2 sono previsti in Cadore e 5 nel vicentino.<\/p>\n<p><strong>L&#8217;ASSESSORE REGIONALE GIANPAOLO BOTTACIN<\/strong><\/p>\n<div style=\"width: 352px;\" class=\"wp-video\"><video class=\"wp-video-shortcode\" id=\"video-318591-1\" width=\"352\" height=\"640\" preload=\"metadata\" controls=\"controls\"><source type=\"video\/mp4\" src=\"https:\/\/www.radiopiu.net\/wordpress\/wp-content\/uploads\/2023\/01\/WhatsApp-Video-2023-01-25-at-13.13.26.mp4?_=1\" \/><a href=\"https:\/\/www.radiopiu.net\/wordpress\/wp-content\/uploads\/2023\/01\/WhatsApp-Video-2023-01-25-at-13.13.26.mp4\">https:\/\/www.radiopiu.net\/wordpress\/wp-content\/uploads\/2023\/01\/WhatsApp-Video-2023-01-25-at-13.13.26.mp4<\/a><\/video><\/div>\n<p>&nbsp;<\/p>\n<p>&nbsp;<\/p>\n<p>&nbsp;<\/p>\n<hr \/>\n<p>&nbsp;<\/p>\n<blockquote>\n<h3>LA PROVINCIA SOSTIENE GLI AGRITURISMI<\/h3>\n<\/blockquote>\n<p><strong> <a class=\"dt-pswp-item\" href=\"https:\/\/www.radiopiu.net\/wordpress\/wp-content\/uploads\/2023\/01\/garlic-2556022__340.jpg\" data-dt-img-description=\"\" data-large_image_width=\"510\" data-large_image_height=\"340\"><img loading=\"lazy\" decoding=\"async\" class=\" wp-image-318647 alignleft\" src=\"https:\/\/www.radiopiu.net\/wordpress\/wp-content\/uploads\/2023\/01\/garlic-2556022__340-300x200.jpg\" alt=\"\" width=\"194\" height=\"129\" srcset=\"https:\/\/www.radiopiu.net\/wordpress\/wp-content\/uploads\/2023\/01\/garlic-2556022__340-300x200.jpg 300w, https:\/\/www.radiopiu.net\/wordpress\/wp-content\/uploads\/2023\/01\/garlic-2556022__340.jpg 510w\" sizes=\"auto, (max-width: 194px) 100vw, 194px\" \/><\/a>BELLUNO<\/strong>\u00a0\u00c8 attivo il bando di sostegno agli agriturismi bellunesi. Si tratta di una misura varata dalla Provincia all\u2019interno della cosiddetta \u201cmanovra Covid\u201d, finanziata dal Fondo Comuni confinanti. E prevede il finanziamento degli investimenti degli agriturismi situati nei Comuni che rientrano nell\u2019ambito di applicazione del Fondo. Il plafond \u00e8 di 221mila euro, le agevolazioni sono accordate sotto forma di contributi a fondo perduto. Rientrano negli interventi ammissibili le ristrutturazioni e gli ammodernamenti; l\u2019acquisto di macchinari, attrezzature e arredi nuovi, di hardware e di programmi informatici, nonch\u00e9 l\u2019innovazione digitale. Saranno possibili contributi massimi di 15mila euro (per una spesa pari o superiore a 25mila euro) e minimi di 3mila euro (per una spesa pari a 5mila euro). Per presentare la domanda c\u2019\u00e8 tempo fino al 10 marzo.<\/p>\n<p>&nbsp;<\/p>\n<hr \/>\n<p>&nbsp;<\/p>\n<blockquote>\n<h3><strong>CARO-BENZINA E PEDAGGI, OLTRE 2 MILIONI DI EURO DI RINCARI<\/strong><\/h3>\n<\/blockquote>\n<p><em>La preoccupazione di Appia Cna Belluno: \u201cColpo mortale per le PMI\u201d<\/em><\/p>\n<p><strong><a class=\"dt-pswp-item\" href=\"https:\/\/www.radiopiu.net\/wordpress\/wp-content\/uploads\/2023\/01\/istockphoto-1183087605-170667a-e1674640008851.jpg\" data-dt-img-description=\"Side view of confident young independent delivery expert sitting in driver\u2019s seat of van ready to begin transport.\" data-large_image_width=\"509\" data-large_image_height=\"339\"><img loading=\"lazy\" decoding=\"async\" class=\" wp-image-318648 alignleft\" src=\"https:\/\/www.radiopiu.net\/wordpress\/wp-content\/uploads\/2023\/01\/istockphoto-1183087605-170667a-e1674640008851-300x200.jpg\" alt=\"\" width=\"221\" height=\"147\" srcset=\"https:\/\/www.radiopiu.net\/wordpress\/wp-content\/uploads\/2023\/01\/istockphoto-1183087605-170667a-e1674640008851-300x200.jpg 300w, https:\/\/www.radiopiu.net\/wordpress\/wp-content\/uploads\/2023\/01\/istockphoto-1183087605-170667a-e1674640008851.jpg 509w\" sizes=\"auto, (max-width: 221px) 100vw, 221px\" \/><\/a>BELLUNO<\/strong> Oltre 10mila euro di maggiori costi per ogni singolo mezzo, pi\u00f9 di due milioni di euro di rincari totali per le casse degli autotrasportatori bellunesi: il caro-carburanti e la revisione al rialzo dei pedaggi autostradali pesano in maniera importante sul settore, soprattutto dopo il mancato rinnovo del taglio delle accise nel nuovo anno. Ad esprimere la propria preoccupazione per il settore \u00e8 l&#8217;Appia Cna Belluno ricordando che\u00a0 in provincia ci sono realt\u00e0 molto piccole con un solo mezzo, ma anche aziende con 10 o 20 camion. I maggiori costi\u00a0 possono trasformarsi in un colpo mortale. Al caro-carburanti si \u00e8 poi sommato anche il rincaro dei pedaggi autostradali sull&#8217;A27: + 2% dal 1 gennaio 2023 e +1,34% a partire da luglio.\u00a0<b> <\/b>La proposta, lanciata con convinzione da Appia Cna nei giorni scorsi, \u00e8 quella di un intervento in grado di riportare il prezzo del gasolio alla pompa al livello medio europeo; ad inizio 2023, l&#8217;Italia si era gi\u00e0 guadagnata il \u2013 poco onorevole &#8211; terzo posto nella graduatoria dei prezzi del gasolio alla pompa pi\u00f9 alti d\u2019Europa.<\/p>\n<p><strong>CRISTIAN SACCHET, DIRETTORE APPIA CNA -BELLUNO<\/strong><\/p>\n<div style=\"width: 1200px;\" class=\"wp-video\"><video class=\"wp-video-shortcode\" id=\"video-318591-2\" width=\"1200\" height=\"675\" preload=\"metadata\" controls=\"controls\"><source type=\"video\/mp4\" src=\"https:\/\/www.radiopiu.net\/wordpress\/wp-content\/uploads\/2023\/01\/Cristian-Sacchet-Direttore-Appia-Cna-Belluno-Rincari-autotrasporto.mp4?_=2\" \/><a href=\"https:\/\/www.radiopiu.net\/wordpress\/wp-content\/uploads\/2023\/01\/Cristian-Sacchet-Direttore-Appia-Cna-Belluno-Rincari-autotrasporto.mp4\">https:\/\/www.radiopiu.net\/wordpress\/wp-content\/uploads\/2023\/01\/Cristian-Sacchet-Direttore-Appia-Cna-Belluno-Rincari-autotrasporto.mp4<\/a><\/video><\/div>\n<p>&nbsp;<\/p>\n<p>&nbsp;<\/p>\n<hr \/>\n<p>&nbsp;<\/p>\n<blockquote>\n<h3>A FELTRE UN PIANO OPERE PUBBLICHE DA QUASI 27 MILIONI DI EURO<\/h3>\n<\/blockquote>\n<p><strong><a class=\"dt-pswp-item\" href=\"https:\/\/www.radiopiu.net\/wordpress\/wp-content\/uploads\/2023\/01\/4d152500-c626-4ddc-8804-3ed83dbb08f5.jpg\" data-dt-img-description=\"\" data-large_image_width=\"2048\" data-large_image_height=\"1152\"><img loading=\"lazy\" decoding=\"async\" class=\" wp-image-318747 alignleft\" src=\"https:\/\/www.radiopiu.net\/wordpress\/wp-content\/uploads\/2023\/01\/4d152500-c626-4ddc-8804-3ed83dbb08f5-300x169.jpg\" alt=\"\" width=\"193\" height=\"109\" srcset=\"https:\/\/www.radiopiu.net\/wordpress\/wp-content\/uploads\/2023\/01\/4d152500-c626-4ddc-8804-3ed83dbb08f5-300x169.jpg 300w, https:\/\/www.radiopiu.net\/wordpress\/wp-content\/uploads\/2023\/01\/4d152500-c626-4ddc-8804-3ed83dbb08f5-1024x576.jpg 1024w, https:\/\/www.radiopiu.net\/wordpress\/wp-content\/uploads\/2023\/01\/4d152500-c626-4ddc-8804-3ed83dbb08f5-768x432.jpg 768w, https:\/\/www.radiopiu.net\/wordpress\/wp-content\/uploads\/2023\/01\/4d152500-c626-4ddc-8804-3ed83dbb08f5-1536x864.jpg 1536w, https:\/\/www.radiopiu.net\/wordpress\/wp-content\/uploads\/2023\/01\/4d152500-c626-4ddc-8804-3ed83dbb08f5.jpg 2048w\" sizes=\"auto, (max-width: 193px) 100vw, 193px\" \/><\/a>FELTRE <\/strong>Presentato a Feltre il piano triennale delle opere pubbliche, quasi 27 milioni di euro che prevedono importanti interventi dalla viabilit\u00e0 agli impianti sportivi, fino ai lavori all&#8217;ex Caserma Zannettelli.<\/p>\n<p><strong>di Daniele Dalvit<\/strong><\/p>\n<audio class=\"wp-audio-shortcode\" id=\"audio-318591-1\" preload=\"none\" style=\"width: 100%;\" controls=\"controls\"><source type=\"audio\/mpeg\" src=\"https:\/\/www.radiopiu.net\/wordpress\/wp-content\/uploads\/2023\/01\/DALVIT-PIANO-OPERE-PUBBLICHE-FELTRE.mp3?_=1\" \/><a href=\"https:\/\/www.radiopiu.net\/wordpress\/wp-content\/uploads\/2023\/01\/DALVIT-PIANO-OPERE-PUBBLICHE-FELTRE.mp3\">https:\/\/www.radiopiu.net\/wordpress\/wp-content\/uploads\/2023\/01\/DALVIT-PIANO-OPERE-PUBBLICHE-FELTRE.mp3<\/a><\/audio>\n<p>&nbsp;<\/p>\n<p>&nbsp;<\/p>\n<p>&nbsp;<\/p>\n<hr \/>\n<p>&nbsp;<\/p>\n<blockquote>\n<h3>FABIO &#8220;RUFUS&#8221; BRISTOT TORNA IN UN PARTITO E LO FA CON IL PD DEL CAPOLUOGO<\/h3>\n<\/blockquote>\n<p><strong><a class=\"dt-pswp-item\" href=\"https:\/\/www.radiopiu.net\/wordpress\/wp-content\/uploads\/2023\/01\/FABIO-RUFUS-BRISTOT.jpg\" data-dt-img-description=\"\" data-large_image_width=\"724\" data-large_image_height=\"504\"><img loading=\"lazy\" decoding=\"async\" class=\" wp-image-318725 alignleft\" src=\"https:\/\/www.radiopiu.net\/wordpress\/wp-content\/uploads\/2023\/01\/FABIO-RUFUS-BRISTOT-300x209.jpg\" alt=\"\" width=\"220\" height=\"153\" srcset=\"https:\/\/www.radiopiu.net\/wordpress\/wp-content\/uploads\/2023\/01\/FABIO-RUFUS-BRISTOT-300x209.jpg 300w, https:\/\/www.radiopiu.net\/wordpress\/wp-content\/uploads\/2023\/01\/FABIO-RUFUS-BRISTOT.jpg 724w\" sizes=\"auto, (max-width: 220px) 100vw, 220px\" \/><\/a>BELLUNO<\/strong> Torna in un partito, dopo oltre 15 anni, Fabio \u201cRufus\u201d Bristot, e lo fa partecipando all&#8217;Unione Comunale del Partito Democratico del capoluogo. \u201cRester\u00f2 una voce critica fino a quando non vedr\u00f2 una vera svolta\u201d, il suo impegno.<\/p>\n<p><strong>di Daniele Dalvit<\/strong><\/p>\n<audio class=\"wp-audio-shortcode\" id=\"audio-318591-2\" preload=\"none\" style=\"width: 100%;\" controls=\"controls\"><source type=\"audio\/mpeg\" src=\"https:\/\/www.radiopiu.net\/wordpress\/wp-content\/uploads\/2023\/01\/DALVIT-RUFUS-BRISTOT.mp3?_=2\" \/><a href=\"https:\/\/www.radiopiu.net\/wordpress\/wp-content\/uploads\/2023\/01\/DALVIT-RUFUS-BRISTOT.mp3\">https:\/\/www.radiopiu.net\/wordpress\/wp-content\/uploads\/2023\/01\/DALVIT-RUFUS-BRISTOT.mp3<\/a><\/audio>\n<p>&nbsp;<\/p>\n<hr \/>\n<p>&nbsp;<\/p>\n<blockquote>\n<h3>DILLO A RADIO PIU &#8230;.NUOVI E VECCHI PARCHEGGI IN LOCALITA&#8217; VALCOZZENA<\/h3>\n<\/blockquote>\n<p><strong><a class=\"dt-pswp-item\" href=\"https:\/\/www.radiopiu.net\/wordpress\/wp-content\/uploads\/2023\/01\/Schermata-2023-01-25-alle-19.35.16.png\" data-dt-img-description=\"\" data-large_image_width=\"1184\" data-large_image_height=\"874\"><img loading=\"lazy\" decoding=\"async\" class=\" wp-image-318751 alignleft\" src=\"https:\/\/www.radiopiu.net\/wordpress\/wp-content\/uploads\/2023\/01\/Schermata-2023-01-25-alle-19.35.16-300x221.png\" alt=\"\" width=\"164\" height=\"121\" srcset=\"https:\/\/www.radiopiu.net\/wordpress\/wp-content\/uploads\/2023\/01\/Schermata-2023-01-25-alle-19.35.16-300x221.png 300w, https:\/\/www.radiopiu.net\/wordpress\/wp-content\/uploads\/2023\/01\/Schermata-2023-01-25-alle-19.35.16-1024x756.png 1024w, https:\/\/www.radiopiu.net\/wordpress\/wp-content\/uploads\/2023\/01\/Schermata-2023-01-25-alle-19.35.16-768x567.png 768w, https:\/\/www.radiopiu.net\/wordpress\/wp-content\/uploads\/2023\/01\/Schermata-2023-01-25-alle-19.35.16.png 1184w\" sizes=\"auto, (max-width: 164px) 100vw, 164px\" \/><\/a>REDAZIONE<\/strong> Riceviamo e pubblichiamo una segnalazione che arriva da Valcozzena dove un nostro ascoltatore mette in evidenza il problema parcheggi a ridosso dello stabilimento Luxottica.<\/p>\n<p><em>Cara Radio Pi\u00f9 pensavo che con la nuova viabilit\u00e0 e i parcheggi che indicano la quantit\u00e0 di posti liberi non si sarebbe pi\u00f9 verificato quanto invece si vede nella foto. Sperando che non servano mezzi di soccorso mi sento di ringraziare il signore che, nonostante tutte le nuove infrastrutture, continua a fregarsene e parcheggia tranquillamente ostruendo la carreggiata. Auto gi\u00e0 in sosta alle 14:30&#8230;foto delle 19:15 circa.<\/em><\/p>\n<p>&nbsp;<\/p>\n<p>&nbsp;<\/p>\n<hr \/>\n<p>&nbsp;<\/p>\n<p><strong>DI TIZIANO DE COL<\/strong><\/p>\n\n\t\t\t<style type='text\/css'>\n\t\t\t\t#gallery-2 {\n\t\t\t\t\tmargin: auto;\n\t\t\t\t}\n\t\t\t\t#gallery-2 .gallery-item {\n\t\t\t\t\tfloat: left;\n\t\t\t\t\tmargin-top: 10px;\n\t\t\t\t\ttext-align: center;\n\t\t\t\t\twidth: 20%;\n\t\t\t\t}\n\t\t\t\t#gallery-2 img {\n\t\t\t\t\tborder: 2px solid #cfcfcf;\n\t\t\t\t}\n\t\t\t\t#gallery-2 .gallery-caption {\n\t\t\t\t\tmargin-left: 0;\n\t\t\t\t}\n\t\t\t\t\/* see gallery_shortcode() in wp-includes\/media.php *\/\n\t\t\t<\/style>\n\t\t<div id='gallery-2' class='dt-gallery-container gallery galleryid-318591 gallery-columns-5 gallery-size-thumbnail'><dl class='gallery-item'>\n\t\t\t\t<dt class='gallery-icon landscape'>\n\t\t\t\t\t<a class=\"rollover\" href='https:\/\/www.radiopiu.net\/wordpress\/giornale-radiopiu-26-gennaio-2023-direttore-mirko-mezzacasa-verso-i-40-anni-25-giugno-1983-25-giugno-2023\/693c0b75-5b8f-4ff8-9d41-546644401df1\/'><img loading=\"lazy\" decoding=\"async\" width=\"150\" height=\"150\" src=\"https:\/\/www.radiopiu.net\/wordpress\/wp-content\/uploads\/2023\/01\/693c0b75-5b8f-4ff8-9d41-546644401df1-150x150.jpg\" class=\"attachment-thumbnail size-thumbnail\" alt=\"\" \/><\/a>\n\t\t\t\t<\/dt><\/dl><dl class='gallery-item'>\n\t\t\t\t<dt class='gallery-icon landscape'>\n\t\t\t\t\t<a class=\"rollover\" href='https:\/\/www.radiopiu.net\/wordpress\/giornale-radiopiu-26-gennaio-2023-direttore-mirko-mezzacasa-verso-i-40-anni-25-giugno-1983-25-giugno-2023\/f1972144-9b5b-4190-8a46-d49a5f80bffd\/'><img loading=\"lazy\" decoding=\"async\" width=\"150\" height=\"150\" src=\"https:\/\/www.radiopiu.net\/wordpress\/wp-content\/uploads\/2023\/01\/f1972144-9b5b-4190-8a46-d49a5f80bffd-150x150.jpg\" class=\"attachment-thumbnail size-thumbnail\" alt=\"\" \/><\/a>\n\t\t\t\t<\/dt><\/dl><dl class='gallery-item'>\n\t\t\t\t<dt class='gallery-icon landscape'>\n\t\t\t\t\t<a class=\"rollover\" href='https:\/\/www.radiopiu.net\/wordpress\/giornale-radiopiu-26-gennaio-2023-direttore-mirko-mezzacasa-verso-i-40-anni-25-giugno-1983-25-giugno-2023\/867e7f12-e5b0-4166-83d9-1458b3c40bb6\/'><img loading=\"lazy\" decoding=\"async\" width=\"150\" height=\"150\" src=\"https:\/\/www.radiopiu.net\/wordpress\/wp-content\/uploads\/2023\/01\/867e7f12-e5b0-4166-83d9-1458b3c40bb6-150x150.jpg\" class=\"attachment-thumbnail size-thumbnail\" alt=\"\" \/><\/a>\n\t\t\t\t<\/dt><\/dl><dl class='gallery-item'>\n\t\t\t\t<dt class='gallery-icon landscape'>\n\t\t\t\t\t<a class=\"rollover\" href='https:\/\/www.radiopiu.net\/wordpress\/giornale-radiopiu-26-gennaio-2023-direttore-mirko-mezzacasa-verso-i-40-anni-25-giugno-1983-25-giugno-2023\/b06650ec-65ff-4eb1-8256-b697872bc74b\/'><img loading=\"lazy\" decoding=\"async\" width=\"150\" height=\"150\" src=\"https:\/\/www.radiopiu.net\/wordpress\/wp-content\/uploads\/2023\/01\/b06650ec-65ff-4eb1-8256-b697872bc74b-150x150.jpg\" class=\"attachment-thumbnail size-thumbnail\" alt=\"\" \/><\/a>\n\t\t\t\t<\/dt><\/dl><dl class='gallery-item'>\n\t\t\t\t<dt class='gallery-icon landscape'>\n\t\t\t\t\t<a class=\"rollover\" href='https:\/\/www.radiopiu.net\/wordpress\/giornale-radiopiu-26-gennaio-2023-direttore-mirko-mezzacasa-verso-i-40-anni-25-giugno-1983-25-giugno-2023\/760beb44-8bd9-4898-b0e3-aaa191a25609\/'><img loading=\"lazy\" decoding=\"async\" width=\"150\" height=\"150\" src=\"https:\/\/www.radiopiu.net\/wordpress\/wp-content\/uploads\/2023\/01\/760beb44-8bd9-4898-b0e3-aaa191a25609-150x150.jpg\" class=\"attachment-thumbnail size-thumbnail\" alt=\"\" \/><\/a>\n\t\t\t\t<\/dt><\/dl><br style=\"clear: both\" \/>\n\t\t\t<\/div>\n\n<p>&nbsp;<\/p>\n<hr \/>\n<p>&nbsp;<\/p>\n<blockquote>\n<h3>IL FONDO WELFARE CON LE CATEGORIE PER UN PERCORSO DI FORMAZIONE AGLI ESERCENTI<\/h3>\n<\/blockquote>\n<p><strong><a class=\"dt-pswp-item\" href=\"https:\/\/www.radiopiu.net\/wordpress\/wp-content\/uploads\/2023\/01\/Senza-nome-62.jpg\" data-dt-img-description=\"\" data-large_image_width=\"355\" data-large_image_height=\"248\"><img loading=\"lazy\" decoding=\"async\" class=\"size-medium wp-image-318671 alignleft\" src=\"https:\/\/www.radiopiu.net\/wordpress\/wp-content\/uploads\/2023\/01\/Senza-nome-62-300x210.jpg\" alt=\"\" width=\"300\" height=\"210\" srcset=\"https:\/\/www.radiopiu.net\/wordpress\/wp-content\/uploads\/2023\/01\/Senza-nome-62-300x210.jpg 300w, https:\/\/www.radiopiu.net\/wordpress\/wp-content\/uploads\/2023\/01\/Senza-nome-62.jpg 355w\" sizes=\"auto, (max-width: 300px) 100vw, 300px\" \/><\/a>BELLUNO<\/strong> Riconoscere i segnali di disagio. Individuare sintomi di violenza di genere. E soprattutto aiutare le donne vittime di maltrattamenti. Sono questi gli obiettivi dell\u2019ultima iniziativa del Fondo Welfare, insieme alla Provincia, in programma il 30 gennaio, alle 17.30 nella sala convegni \u201cPiero Rossi\u201d di Ascom Belluno. Un evento formativo rivolto agli esercenti a maggior contatto con il mondo femminile, vale a dire parrucchieri, estetisti, commercianti. Il pomeriggio formativo si intitola \u201cI segnali della violenza contro le donne. Cosa sapere, dove indirizzare\u201d. Interverr\u00e0 Roberta Gallego (vice Procuratore della Repubblica) per tracciare un profilo giurisprudenziale relativo alla violenza di genere. Quindi le relazioni di Valentina Benvegn\u00f9 (commissario della Polizia di Stato), Erika Leone (medico legale dell\u2019Ulss 1 Dolomiti) e Francesca Quaglia (responsabile del Centro antiviolenza di \u201cBelluno Donna\u201d). Coinvolte attivamente anche\u00a0 le associazioni di categoria, che si sono messe a disposizione.\u00a0 <em>\u00abIl connotato pi\u00f9 allarmante dell\u2019intollerabile fenomeno della violenza sulle donne \u00e8 la sua cronicit\u00e0. I dati e le statistiche ci impongono di constatare che il fenomeno della repressione delle donne, in quanto donne, \u00e8 ancora molto presente nel nostro contesto sociale\u00bb<\/em> sottolineano Appia Cna, Ascom Confcommercio e Confartigianato Belluno.<\/p>\n<p>&nbsp;<\/p>\n<p>&nbsp;<\/p>\n<hr \/>\n<p>&nbsp;<\/p>\n<blockquote>\n<h3>AL VIA IL PRIMO MASTER IN SOSTENIBILITA&#8217; AMBIENTALE<\/h3>\n<\/blockquote>\n<p><strong><a class=\"dt-pswp-item\" href=\"https:\/\/www.radiopiu.net\/wordpress\/wp-content\/uploads\/2023\/01\/Elisa-Corra-e1674655188783.jpeg\" data-dt-img-description=\"\" data-large_image_width=\"768\" data-large_image_height=\"1335\"><img loading=\"lazy\" decoding=\"async\" class=\"wp-image-318694 alignleft\" src=\"https:\/\/www.radiopiu.net\/wordpress\/wp-content\/uploads\/2023\/01\/Elisa-Corra-e1674655188783-173x300.jpeg\" alt=\"\" width=\"87\" height=\"151\" srcset=\"https:\/\/www.radiopiu.net\/wordpress\/wp-content\/uploads\/2023\/01\/Elisa-Corra-e1674655188783-173x300.jpeg 173w, https:\/\/www.radiopiu.net\/wordpress\/wp-content\/uploads\/2023\/01\/Elisa-Corra-e1674655188783-589x1024.jpeg 589w, https:\/\/www.radiopiu.net\/wordpress\/wp-content\/uploads\/2023\/01\/Elisa-Corra-e1674655188783.jpeg 768w\" sizes=\"auto, (max-width: 87px) 100vw, 87px\" \/><\/a>BELLUNO<\/strong>\u00a0 Il primo Master in sostenibilit\u00e0 ambientale per il Terzo Settore \u00e8 promosso dalla rete delle Universit\u00e0 del Volontariato d\u2019Italia che e\u00a0 Csv Belluno Treviso. Si avvale inoltre della collaborazione di Prestigiose Universit\u00e0\u00a0 italiane.\u00a0 L\u2019iniziativa verr\u00e0 presentata online marted\u00ec 31 gennaio dalle 17.30. Trecento i posti disponibili, destinati prioritariamente ad iscritti provenienti dai territori dei Csv di riferimento. Il percorso di 38 ore complessive, dopo una prima lezione introduttiva (15 febbraio), prevede 5 moduli per un totale di 14 appuntamenti.<\/p>\n<blockquote><p><em>\u00abSi tratta della prima esperienza di co-progettazione della rete di Universit\u00e0 del Volontariato d\u2019Italia\u00bb illustra la presidente del Csv Belluno Treviso Elisa Corr\u00e0 (foto) \u00abQuesta unione d\u2019intenti ha dato vita a un Master innovativo che mette in luce il ruolo del Terzo Settore in un periodo caratterizzato da profonde trasformazioni. Venti i relatori esperti\u00a0 coinvolgi:\u00a0 professori universitari, ricercatori, giornalisti.<\/em><\/p><\/blockquote>\n<p>&nbsp;<\/p>\n<hr \/>\n<p>&nbsp;<\/p>\n<blockquote>\n<h3>L&#8217;ASSEMBLEA DEL GAMP<\/h3>\n<p>DI GIANNI SANTOMASO<\/p><\/blockquote>\n<p><strong><a class=\"dt-pswp-item\" href=\"https:\/\/www.radiopiu.net\/wordpress\/wp-content\/uploads\/2020\/02\/Manuel_Conedera.jpg\" data-dt-img-description=\"\" data-large_image_width=\"512\" data-large_image_height=\"512\"><img loading=\"lazy\" decoding=\"async\" class=\"wp-image-119145 alignleft\" src=\"https:\/\/www.radiopiu.net\/wordpress\/wp-content\/uploads\/2020\/02\/Manuel_Conedera-300x300.jpg\" alt=\"\" width=\"135\" height=\"135\" srcset=\"https:\/\/www.radiopiu.net\/wordpress\/wp-content\/uploads\/2020\/02\/Manuel_Conedera-300x300.jpg 300w, https:\/\/www.radiopiu.net\/wordpress\/wp-content\/uploads\/2020\/02\/Manuel_Conedera-150x150.jpg 150w, https:\/\/www.radiopiu.net\/wordpress\/wp-content\/uploads\/2020\/02\/Manuel_Conedera.jpg 512w\" sizes=\"auto, (max-width: 135px) 100vw, 135px\" \/><\/a>AGORDO <\/strong>Il presidente del Gamp &#8211; Gruppo agordino mineralogico e paleontologico, Manuel Conedera (FOTO), ha convocato l&#8217;assemblea annuale per sabato 4 febbraio alle 16.30 in sala don Tamis. All&#8217;ordine del giorno la relazione del presidente sull&#8217;attivit\u00e0 2022, la discussione e l&#8217;approvazione del bilancio 2022, le votazioni per il rinnovo del consiglio direttivo e del presidente per il biennio 2023-24. Possono votare i soci in regola con la quota associativa 2023 che ammonta a 15 euro e che potr\u00e0 essere versata a inizio assemblea, o all&#8217;ufficio turistico (aperto il luned\u00ec, il mercoled\u00ec, il gioved\u00ec, il venerd\u00ec e il sabato dalle 9 alle 12 e dalle 15 alle 18 e la domenica dalle 9 alle 12), oppure con un bonifico prima della data dell&#8217;assemblea. Per informazioni scrivere a info@agordogampdolomiti.it, contattare il segretario Davide Conedera al 388 495 5756 o il presidente Manuel Conedera al 3400 890 160, consultare il sito www.agordogampdolomiti.it.<\/p>\n<p>&nbsp;<\/p>\n<hr \/>\n<blockquote>\n<h3><\/h3>\n<h3>CISL LA VOCE PER I LAVORATORI &#8211; 25 GENNAIO 2023<\/h3>\n<\/blockquote>\n<p><strong><img loading=\"lazy\" decoding=\"async\" class=\"alignleft\" src=\"https:\/\/www.radiopiu.net\/wordpress\/wp-content\/uploads\/2023\/01\/55920929_580806679076869_8338279740729196544_n-300x300.jpg\" width=\"116\" height=\"116\" \/>di Mirko Mezzacasa<\/strong><\/p>\n<p>OSPITE:\u00a0 Davide Montagner, Femca_Cisl. RSU Luxottica Pederobba<\/p>\n<p>&nbsp;<\/p>\n<p>&nbsp;<\/p>\n<p>&nbsp;<\/p>\n<audio class=\"wp-audio-shortcode\" id=\"audio-318591-3\" preload=\"none\" style=\"width: 100%;\" controls=\"controls\"><source type=\"audio\/mpeg\" src=\"https:\/\/www.radiopiu.net\/wordpress\/wp-content\/uploads\/2023\/01\/FEMCA-CISL-1.mp3?_=3\" \/><a href=\"https:\/\/www.radiopiu.net\/wordpress\/wp-content\/uploads\/2023\/01\/FEMCA-CISL-1.mp3\">https:\/\/www.radiopiu.net\/wordpress\/wp-content\/uploads\/2023\/01\/FEMCA-CISL-1.mp3<\/a><\/audio>\n<p>LA RACCOLTA COMPLETA<\/p>\n<blockquote class=\"wp-embedded-content\" data-secret=\"fz4GjnXf9m\"><p><a href=\"https:\/\/www.radiopiu.net\/wordpress\/cisl-e-femca-cisl-la-voce-per-i-lavoratori\/\">CISL E FEMCA CISL  LA VOCE PER I LAVORATORI<\/a><\/p><\/blockquote>\n<p><iframe loading=\"lazy\" class=\"wp-embedded-content\" sandbox=\"allow-scripts\" security=\"restricted\" style=\"position: absolute; clip: rect(1px, 1px, 1px, 1px);\" title=\"&#8220;CISL E FEMCA CISL  LA VOCE PER I LAVORATORI&#8221; &#8212; Radio Pi\u00f9\" src=\"https:\/\/www.radiopiu.net\/wordpress\/cisl-e-femca-cisl-la-voce-per-i-lavoratori\/embed\/#?secret=9n7vbjKyl1#?secret=fz4GjnXf9m\" data-secret=\"fz4GjnXf9m\" width=\"600\" height=\"338\" frameborder=\"0\" marginwidth=\"0\" marginheight=\"0\" scrolling=\"no\"><\/iframe><\/p>\n<p>&nbsp;<\/p>\n<hr \/>\n<p>&nbsp;<\/p>\n<p><span style=\"color: #ff0000;\"><strong>IL DOVERE DELLA MEMORIA &#8220;Quello che \u00e8 accaduto non si puo&#8217; cancellare, ma si deve impedire accada di nuovo&#8221;<\/strong><\/span><\/p>\n<blockquote>\n<h2>IN 250 PER IL MONOLOGO DI BUZZATI<\/h2>\n<\/blockquote>\n<p><a class=\"dt-pswp-item\" href=\"https:\/\/www.radiopiu.net\/wordpress\/wp-content\/uploads\/2021\/12\/ADDAMIANO.png\" data-dt-img-description=\"RAFFAELE ADDAMIANO\" data-large_image_width=\"1406\" data-large_image_height=\"1136\"><img loading=\"lazy\" decoding=\"async\" class=\" wp-image-250847\" src=\"https:\/\/www.radiopiu.net\/wordpress\/wp-content\/uploads\/2021\/12\/ADDAMIANO-300x242.png\" alt=\"\" width=\"117\" height=\"94\" srcset=\"https:\/\/www.radiopiu.net\/wordpress\/wp-content\/uploads\/2021\/12\/ADDAMIANO-300x242.png 300w, https:\/\/www.radiopiu.net\/wordpress\/wp-content\/uploads\/2021\/12\/ADDAMIANO-1024x827.png 1024w, https:\/\/www.radiopiu.net\/wordpress\/wp-content\/uploads\/2021\/12\/ADDAMIANO-768x621.png 768w, https:\/\/www.radiopiu.net\/wordpress\/wp-content\/uploads\/2021\/12\/ADDAMIANO.png 1406w\" sizes=\"auto, (max-width: 117px) 100vw, 117px\" \/><\/a><\/p>\n<p><strong>BELLUNO<\/strong><\/p>\n<p><strong>L&#8217;ASSESSORE RAFFAELE ADDAMIANO<\/strong><\/p>\n<audio class=\"wp-audio-shortcode\" id=\"audio-318591-4\" preload=\"none\" style=\"width: 100%;\" controls=\"controls\"><source type=\"audio\/mpeg\" src=\"https:\/\/www.radiopiu.net\/wordpress\/wp-content\/uploads\/2023\/01\/ADDAMIANO-2.mp3?_=4\" \/><a href=\"https:\/\/www.radiopiu.net\/wordpress\/wp-content\/uploads\/2023\/01\/ADDAMIANO-2.mp3\">https:\/\/www.radiopiu.net\/wordpress\/wp-content\/uploads\/2023\/01\/ADDAMIANO-2.mp3<\/a><\/audio>\n<p>&nbsp;<\/p>\n<p>&nbsp;<\/p>\n<hr \/>\n<p>&nbsp;<\/p>\n<blockquote>\n<h3><a class=\"dt-pswp-item\" href=\"https:\/\/www.radiopiu.net\/wordpress\/wp-content\/uploads\/2023\/01\/train-6819539__340.jpg\" data-dt-img-description=\"\" data-large_image_width=\"604\" data-large_image_height=\"340\"><img loading=\"lazy\" decoding=\"async\" class=\"wp-image-318256 alignleft\" src=\"https:\/\/www.radiopiu.net\/wordpress\/wp-content\/uploads\/2023\/01\/train-6819539__340-300x169.jpg\" alt=\"\" width=\"170\" height=\"96\" srcset=\"https:\/\/www.radiopiu.net\/wordpress\/wp-content\/uploads\/2023\/01\/train-6819539__340-300x169.jpg 300w, https:\/\/www.radiopiu.net\/wordpress\/wp-content\/uploads\/2023\/01\/train-6819539__340.jpg 604w\" sizes=\"auto, (max-width: 170px) 100vw, 170px\" \/><\/a>&#8220;L&#8217;OMBRA DEL SILENZIO&#8221; IN OCCASIONE DELLA GIORNATA DELLA MEMORIA<\/h3>\n<\/blockquote>\n<p><strong>LIMANA <\/strong>E&#8217; in programma per oggi alle 20:30 in sala Luigi Nocivelli di Limana &#8220;L&#8217;Ombra Del Silenzio&#8221;. Una serata dedicata a parole, immagini, suoni e riflessioni sulla Shoah. In collaborazione con il comune di Limana, la biblioteca civica e Gruppo Panta Rei<\/p>\n<p>&nbsp;<\/p>\n<hr \/>\n<blockquote>\n<h3><\/h3>\n<h3>OGNI COSA E&#8217; ILLUMINATA, CANALE D&#8217;AGORDO RICORDA<\/h3>\n<\/blockquote>\n<p><strong> <a class=\"dt-pswp-item\" href=\"https:\/\/www.radiopiu.net\/wordpress\/wp-content\/uploads\/2023\/01\/nazi-5294734__340.jpg\" data-dt-img-description=\"\" data-large_image_width=\"510\" data-large_image_height=\"340\"><img loading=\"lazy\" decoding=\"async\" class=\" wp-image-318255 alignleft\" src=\"https:\/\/www.radiopiu.net\/wordpress\/wp-content\/uploads\/2023\/01\/nazi-5294734__340-300x200.jpg\" alt=\"\" width=\"252\" height=\"168\" srcset=\"https:\/\/www.radiopiu.net\/wordpress\/wp-content\/uploads\/2023\/01\/nazi-5294734__340-300x200.jpg 300w, https:\/\/www.radiopiu.net\/wordpress\/wp-content\/uploads\/2023\/01\/nazi-5294734__340.jpg 510w\" sizes=\"auto, (max-width: 252px) 100vw, 252px\" \/><\/a>CANALE D&#8217;AGORDO<\/strong> In occasione della Giornata della Memoria le Biblioteche della Valle del Biois, con il patrocinio del Comune di Canale d\u2019Agordo e del Presidio Agordino di Libera e con il supporto della Pro Loco di Canale organizzano per oggi, alle ore 20,45, nella sala Emigranti di via Lotta a Canale, lo spettacolo \u201cOGNI COSA E\u2019 ILLUMINATA\u201d. Il racconto \u00e8 tratto dal libro di Jonathan Safran Foer, libro da cui \u00e8 stato tratto anche l\u2019omonimo film. La riduzione, ad opera dell\u2019attore, regista e drammaturgo Marco Artusi, \u00e8 attenta a collegare tutti i fili narrativi e di memoria, permettendo alla storia di svolgersi nei suoi aspetti esilaranti e a tratti strazianti. Le musiche del compositore Giovanni Frison, eseguite dal vivo, tra sonorit\u00e0 acustiche popolari e sperimentali, accompagnano gli spettatori in un viaggio sonoro immersivo ed evocativo. Jonathan, giovane studente ebreo americano, intraprende un viaggio in Ucraina alla ricerca di una donna che, forse, ha salvato suo nonno dai nazisti, un viaggio aggrappato ai fili della memoria che fa capire come il passato non \u00e8 tutto passato e fa emergere la consapevolezza delle proprie radici. Un\u2019idea del tempo per la quale \u201cogni cosa \u00e8 illuminata dalla luce del passato\u201d. Ingresso libero, spettacolo adatto a tutti.<\/p>\n<p>&nbsp;<\/p>\n<hr \/>\n<p>&nbsp;<\/p>\n<blockquote>\n<h3>LE INIZIATIVE DEL COMUNE DI FELTRE PER LA GIORNATA DELLA MEMORIA<\/h3>\n<\/blockquote>\n<p><strong><a class=\"dt-pswp-item\" href=\"https:\/\/www.radiopiu.net\/wordpress\/wp-content\/uploads\/2023\/01\/kz-2063348__340.jpg\" data-dt-img-description=\"\" data-large_image_width=\"508\" data-large_image_height=\"340\"><img loading=\"lazy\" decoding=\"async\" class=\"wp-image-318249 alignleft\" src=\"https:\/\/www.radiopiu.net\/wordpress\/wp-content\/uploads\/2023\/01\/kz-2063348__340-300x201.jpg\" alt=\"\" width=\"196\" height=\"131\" srcset=\"https:\/\/www.radiopiu.net\/wordpress\/wp-content\/uploads\/2023\/01\/kz-2063348__340-300x201.jpg 300w, https:\/\/www.radiopiu.net\/wordpress\/wp-content\/uploads\/2023\/01\/kz-2063348__340.jpg 508w\" sizes=\"auto, (max-width: 196px) 100vw, 196px\" \/><\/a>FELTRE\u00a0<\/strong> Sono due gli appuntamenti che il Comune di Feltre promuove per domani. Il primo incontro sar\u00e0 dedicato alle classi seconde e terze delle scuole secondarie di primo grado\u00a0 e alle classi prime degli Istituti Scolastici di secondo grado. L\u2019auditorium dell\u2019Istituto Canossiano ospiter\u00e0 lo spettacolo \u201cVivere ancora. Voci dal filo spinato\u201d, un racconto a due voci che si rafforza con intensi momenti musicali dal vivo. L\u2019Aula Magna del Colotti di Feltre ospiter\u00e0 invece alle 20.30 l\u2019appuntamento aperto alla cittadinanza, organizzato dal Comune in collaborazione con la sezione di Feltre dell\u2019Associazione Nazionale Partigiani d\u2019Italia e l\u2019Istituto Storico per la Resistenza e l\u2019Et\u00e0 contemporanea; qui sar\u00e0 presentato il film-documentario \u201cGli ultimi mesi. Il lager di Bolzano\u201d.<\/p>\n<p>&nbsp;<\/p>\n<p>&nbsp;<\/p>\n<hr \/>\n<p>&nbsp;<\/p>\n<blockquote>\n<h3>QUATTRO EVENTI IN OCCASIONE DELLA GIORNATA DELLA MEMORIA<\/h3>\n<\/blockquote>\n<p><strong>BELLUNO<\/strong><\/p>\n<p>di Roberto Bona<\/p>\n<audio class=\"wp-audio-shortcode\" id=\"audio-318591-5\" preload=\"none\" style=\"width: 100%;\" controls=\"controls\"><source type=\"audio\/mpeg\" src=\"https:\/\/www.radiopiu.net\/wordpress\/wp-content\/uploads\/2023\/01\/BONA-QUATTRO-EVENTI-PER-LA-GIORNATA-DELLA-MEMORIA.mp3?_=5\" \/><a href=\"https:\/\/www.radiopiu.net\/wordpress\/wp-content\/uploads\/2023\/01\/BONA-QUATTRO-EVENTI-PER-LA-GIORNATA-DELLA-MEMORIA.mp3\">https:\/\/www.radiopiu.net\/wordpress\/wp-content\/uploads\/2023\/01\/BONA-QUATTRO-EVENTI-PER-LA-GIORNATA-DELLA-MEMORIA.mp3<\/a><\/audio>\n<p>&nbsp;<\/p>\n\n\t\t\t<style type='text\/css'>\n\t\t\t\t#gallery-3 {\n\t\t\t\t\tmargin: auto;\n\t\t\t\t}\n\t\t\t\t#gallery-3 .gallery-item {\n\t\t\t\t\tfloat: left;\n\t\t\t\t\tmargin-top: 10px;\n\t\t\t\t\ttext-align: center;\n\t\t\t\t\twidth: 25%;\n\t\t\t\t}\n\t\t\t\t#gallery-3 img {\n\t\t\t\t\tborder: 2px solid #cfcfcf;\n\t\t\t\t}\n\t\t\t\t#gallery-3 .gallery-caption {\n\t\t\t\t\tmargin-left: 0;\n\t\t\t\t}\n\t\t\t\t\/* see gallery_shortcode() in wp-includes\/media.php *\/\n\t\t\t<\/style>\n\t\t<div id='gallery-3' class='dt-gallery-container gallery galleryid-318591 gallery-columns-4 gallery-size-thumbnail'><dl class='gallery-item'>\n\t\t\t\t<dt class='gallery-icon portrait'>\n\t\t\t\t\t<a class=\"rollover rollover-zoom dt-pswp-item\" title=\"412d5259-2721-41d5-a8ae-5c1311ca7f07\" data-dt-img-description=\"\" data-large_image_width=\"618\" data-large_image_height=\"840\"href='https:\/\/www.radiopiu.net\/wordpress\/wp-content\/uploads\/2023\/01\/412d5259-2721-41d5-a8ae-5c1311ca7f07.jpg'><img loading=\"lazy\" decoding=\"async\" width=\"150\" height=\"150\" src=\"https:\/\/www.radiopiu.net\/wordpress\/wp-content\/uploads\/2023\/01\/412d5259-2721-41d5-a8ae-5c1311ca7f07-150x150.jpg\" class=\"attachment-thumbnail size-thumbnail\" alt=\"\" \/><\/a>\n\t\t\t\t<\/dt><\/dl><dl class='gallery-item'>\n\t\t\t\t<dt class='gallery-icon portrait'>\n\t\t\t\t\t<a class=\"rollover rollover-zoom dt-pswp-item\" title=\"a35d5695-847c-4e32-a6db-24d76d026279\" data-dt-img-description=\"\" data-large_image_width=\"1523\" data-large_image_height=\"1600\"href='https:\/\/www.radiopiu.net\/wordpress\/wp-content\/uploads\/2023\/01\/a35d5695-847c-4e32-a6db-24d76d026279.jpg'><img loading=\"lazy\" decoding=\"async\" width=\"150\" height=\"150\" src=\"https:\/\/www.radiopiu.net\/wordpress\/wp-content\/uploads\/2023\/01\/a35d5695-847c-4e32-a6db-24d76d026279-150x150.jpg\" class=\"attachment-thumbnail size-thumbnail\" alt=\"\" \/><\/a>\n\t\t\t\t<\/dt><\/dl><dl class='gallery-item'>\n\t\t\t\t<dt class='gallery-icon portrait'>\n\t\t\t\t\t<a class=\"rollover rollover-zoom dt-pswp-item\" title=\"8cabbe12-10b1-4ca9-91e1-0db7fb1087e0\" data-dt-img-description=\"\" data-large_image_width=\"491\" data-large_image_height=\"1080\"href='https:\/\/www.radiopiu.net\/wordpress\/wp-content\/uploads\/2023\/01\/8cabbe12-10b1-4ca9-91e1-0db7fb1087e0.jpg'><img loading=\"lazy\" decoding=\"async\" width=\"150\" height=\"150\" src=\"https:\/\/www.radiopiu.net\/wordpress\/wp-content\/uploads\/2023\/01\/8cabbe12-10b1-4ca9-91e1-0db7fb1087e0-150x150.jpg\" class=\"attachment-thumbnail size-thumbnail\" alt=\"\" \/><\/a>\n\t\t\t\t<\/dt><\/dl><dl class='gallery-item'>\n\t\t\t\t<dt class='gallery-icon portrait'>\n\t\t\t\t\t<a class=\"rollover rollover-zoom dt-pswp-item\" title=\"dc9f5cb9-4df0-4fcf-b15a-53775abb3ed0\" data-dt-img-description=\"\" data-large_image_width=\"1131\" data-large_image_height=\"1600\"href='https:\/\/www.radiopiu.net\/wordpress\/wp-content\/uploads\/2023\/01\/dc9f5cb9-4df0-4fcf-b15a-53775abb3ed0.jpg'><img loading=\"lazy\" decoding=\"async\" width=\"150\" height=\"150\" src=\"https:\/\/www.radiopiu.net\/wordpress\/wp-content\/uploads\/2023\/01\/dc9f5cb9-4df0-4fcf-b15a-53775abb3ed0-150x150.jpg\" class=\"attachment-thumbnail size-thumbnail\" alt=\"\" \/><\/a>\n\t\t\t\t<\/dt><\/dl><br style=\"clear: both\" \/>\n\t\t\t<\/div>\n\n<p>&nbsp;<\/p>\n<hr \/>\n<p>&nbsp;<\/p>\n<p>&nbsp;<\/p>\n<blockquote>\n<h3>ESCA PER LUPI A BORDO STRADA<\/h3>\n<\/blockquote>\n<p><strong><a class=\"dt-pswp-item\" href=\"https:\/\/www.radiopiu.net\/wordpress\/wp-content\/uploads\/2023\/01\/esa.jpg\" data-dt-img-description=\"\" data-large_image_width=\"445\" data-large_image_height=\"328\"><img loading=\"lazy\" decoding=\"async\" class=\"wp-image-318678 alignleft\" src=\"https:\/\/www.radiopiu.net\/wordpress\/wp-content\/uploads\/2023\/01\/esa-300x221.jpg\" alt=\"\" width=\"189\" height=\"139\" srcset=\"https:\/\/www.radiopiu.net\/wordpress\/wp-content\/uploads\/2023\/01\/esa-300x221.jpg 300w, https:\/\/www.radiopiu.net\/wordpress\/wp-content\/uploads\/2023\/01\/esa.jpg 445w\" sizes=\"auto, (max-width: 189px) 100vw, 189px\" \/><\/a><\/strong><b>AGORDO <\/b>Marted\u00ec sera alla Casa della Giovent\u00f9 di Caviola, nell&#8217;ambito dell&#8217;incontro sul ritorno del lupo, Christian Losso, ispettore di Polizia Provinciale ha spiegato che per una sorta di convivenza con il lupo sono necessarie alcune attenzioni, ad esempio non lasciare cibi per cani e gatti nel giardino, o rifiuto umido facilmente raggiungibile, una calamita per il predatore. C&#8217;\u00e8 chi segue l&#8217;invito e chi\u00a0 abbandona i resti della &#8220;becaria&#8221; (salami e insaccati di casa) nei pressi del Ponte del Felice, tra Agordo e La Valle.<\/p>\n<p>&nbsp;<\/p>\n<p>&nbsp;<\/p>\n<hr \/>\n<blockquote>\n<h3><\/h3>\n<h3>IL RITORNO DEL LUPO IN PROVINCIA, A FALCADE PARLANO GLI ESPERTI<\/h3>\n<\/blockquote>\n<p><strong>LA DIRETTA RADIO PIU&#8217;<\/strong><\/p>\n<p>https:\/\/www.facebook.com\/marco.baghy.1\/videos\/699374151722305<\/p>\n<p>&nbsp;<\/p>\n<p><strong><a class=\"dt-pswp-item\" href=\"https:\/\/www.radiopiu.net\/wordpress\/wp-content\/uploads\/2023\/01\/23c3f23d-2367-4eb3-a5a4-c96fbb46d9dc.jpg\" data-dt-img-description=\"\" data-large_image_width=\"1127\" data-large_image_height=\"1600\"><img loading=\"lazy\" decoding=\"async\" class=\" wp-image-318561 alignleft\" src=\"https:\/\/www.radiopiu.net\/wordpress\/wp-content\/uploads\/2023\/01\/23c3f23d-2367-4eb3-a5a4-c96fbb46d9dc-211x300.jpg\" alt=\"\" width=\"105\" height=\"149\" srcset=\"https:\/\/www.radiopiu.net\/wordpress\/wp-content\/uploads\/2023\/01\/23c3f23d-2367-4eb3-a5a4-c96fbb46d9dc-211x300.jpg 211w, https:\/\/www.radiopiu.net\/wordpress\/wp-content\/uploads\/2023\/01\/23c3f23d-2367-4eb3-a5a4-c96fbb46d9dc-721x1024.jpg 721w, https:\/\/www.radiopiu.net\/wordpress\/wp-content\/uploads\/2023\/01\/23c3f23d-2367-4eb3-a5a4-c96fbb46d9dc-768x1090.jpg 768w, https:\/\/www.radiopiu.net\/wordpress\/wp-content\/uploads\/2023\/01\/23c3f23d-2367-4eb3-a5a4-c96fbb46d9dc-1082x1536.jpg 1082w, https:\/\/www.radiopiu.net\/wordpress\/wp-content\/uploads\/2023\/01\/23c3f23d-2367-4eb3-a5a4-c96fbb46d9dc.jpg 1127w\" sizes=\"auto, (max-width: 105px) 100vw, 105px\" \/><\/a>A CANALE IL PROSSIMO APPUNTAMENTO<\/strong><\/p>\n<p>Si parler\u00e0 del lupo anche a Canale D&#8217;Agordo sabato alle 20.30 in sala Ex Emigranti di Via Lotta \u00e8 in programma un incontro dal titolo &#8220;Con il lupo si pu\u00f2 convivere&#8221;. Relatore: Cristiano Fant<\/p>\n<p>&nbsp;<\/p>\n<p>&nbsp;<\/p>\n<p>&nbsp;<\/p>\n<p>&nbsp;<\/p>\n<p>&nbsp;<\/p>\n<hr \/>\n<p>&nbsp;<\/p>\n<blockquote>\n<h2>Indagine sociolinguistica sulle lingue minoritarie del Veneto<\/h2>\n<\/blockquote>\n<p>&nbsp;<\/p>\n<p><a class=\"dt-pswp-item\" href=\"https:\/\/www.radiopiu.net\/wordpress\/wp-content\/uploads\/2023\/01\/WhatsApp-Image-2023-01-22-at-21.14.13.jpeg\" data-dt-img-description=\"\" data-large_image_width=\"1184\" data-large_image_height=\"760\"><img loading=\"lazy\" decoding=\"async\" class=\"wp-image-318189 alignleft\" src=\"https:\/\/www.radiopiu.net\/wordpress\/wp-content\/uploads\/2023\/01\/WhatsApp-Image-2023-01-22-at-21.14.13-300x193.jpeg\" alt=\"\" width=\"152\" height=\"98\" srcset=\"https:\/\/www.radiopiu.net\/wordpress\/wp-content\/uploads\/2023\/01\/WhatsApp-Image-2023-01-22-at-21.14.13-300x193.jpeg 300w, https:\/\/www.radiopiu.net\/wordpress\/wp-content\/uploads\/2023\/01\/WhatsApp-Image-2023-01-22-at-21.14.13-1024x657.jpeg 1024w, https:\/\/www.radiopiu.net\/wordpress\/wp-content\/uploads\/2023\/01\/WhatsApp-Image-2023-01-22-at-21.14.13-768x493.jpeg 768w, https:\/\/www.radiopiu.net\/wordpress\/wp-content\/uploads\/2023\/01\/WhatsApp-Image-2023-01-22-at-21.14.13.jpeg 1184w\" sizes=\"auto, (max-width: 152px) 100vw, 152px\" \/><\/a>La Regione Veneto ha avviato un\u2019importante inchiesta sociolinguistica sullo stato di salute delle minoranze linguistiche del proprio territorio (ladini, cimbri e friulani). Michela dell\u2019Osbel ed Eleonora Troi ci spiegano perch\u00e9 partecipare e diffondere \u00e8 essenziale.<\/p>\n<p>&nbsp;<\/p>\n<p>&nbsp;<\/p>\n<p>&nbsp;<\/p>\n<p>LINK,<span style=\"color: #0000ff;\"><strong> <a style=\"color: #0000ff;\" href=\"https:\/\/ec.europa.eu\/eusurvey\/runner\/QuestionarioVenetoL\">CLICCA QUI<\/a><\/strong><\/span><\/p>\n<p>&nbsp;<\/p>\n<p><strong>MICHELA DELL&#8217;OSBEL<\/strong><\/p>\n<audio class=\"wp-audio-shortcode\" id=\"audio-318591-6\" preload=\"none\" style=\"width: 100%;\" controls=\"controls\"><source type=\"audio\/mpeg\" src=\"https:\/\/www.radiopiu.net\/wordpress\/wp-content\/uploads\/2023\/01\/michela-dellosbel.mp3?_=6\" \/><a href=\"https:\/\/www.radiopiu.net\/wordpress\/wp-content\/uploads\/2023\/01\/michela-dellosbel.mp3\">https:\/\/www.radiopiu.net\/wordpress\/wp-content\/uploads\/2023\/01\/michela-dellosbel.mp3<\/a><\/audio>\n<p><strong>ELEONORA TROI<\/strong><\/p>\n<audio class=\"wp-audio-shortcode\" id=\"audio-318591-7\" preload=\"none\" style=\"width: 100%;\" controls=\"controls\"><source type=\"audio\/mpeg\" src=\"https:\/\/www.radiopiu.net\/wordpress\/wp-content\/uploads\/2023\/01\/eleonora.mp3?_=7\" \/><a href=\"https:\/\/www.radiopiu.net\/wordpress\/wp-content\/uploads\/2023\/01\/eleonora.mp3\">https:\/\/www.radiopiu.net\/wordpress\/wp-content\/uploads\/2023\/01\/eleonora.mp3<\/a><\/audio>\n<p>&nbsp;<\/p>\n<hr \/>\n<p>&nbsp;<\/p>\n<blockquote>\n<h3>CONCORSO MUSICALE CITTA&#8217; DI BELLUNO, APERTI I BANDI<\/h3>\n<\/blockquote>\n<h3><a class=\"dt-pswp-item\" href=\"https:\/\/www.radiopiu.net\/wordpress\/wp-content\/uploads\/2023\/01\/Senza-nome-63.jpg\" data-dt-img-description=\"\" data-large_image_width=\"368\" data-large_image_height=\"251\"><img loading=\"lazy\" decoding=\"async\" class=\"wp-image-318693 alignleft\" src=\"https:\/\/www.radiopiu.net\/wordpress\/wp-content\/uploads\/2023\/01\/Senza-nome-63-300x205.jpg\" alt=\"\" width=\"154\" height=\"105\" srcset=\"https:\/\/www.radiopiu.net\/wordpress\/wp-content\/uploads\/2023\/01\/Senza-nome-63-300x205.jpg 300w, https:\/\/www.radiopiu.net\/wordpress\/wp-content\/uploads\/2023\/01\/Senza-nome-63.jpg 368w\" sizes=\"auto, (max-width: 154px) 100vw, 154px\" \/><\/a><\/h3>\n<p><strong>BELLUNO<\/strong> Si sono aperte le iscrizioni per la V edizione del Concorso Musicale Nazionale Citt\u00e0 di Belluno e la III del Concorso internazionale di Canto Lirico Citt\u00e0 di Belluno (<a class=\"external\" tabindex=\"-1\" href=\"http:\/\/www.concorsomusicalebelluno.eu\/\" target=\"_blank\" rel=\"external noopener\">www.concorsomusicalebelluno.eu<\/a>), assieme alla Rassegna Piccoli Talenti e al Concorso Canto Moderno. Le iniziative sono realizzate dall\u2019Associazione Gocce di Sole, in collaborazione con il Comune di Belluno e\u00a0la Fondazione Teatri delle Dolomiti. Il Concorso si svolger\u00e0 dal 2 aprile al 21 maggio 2023 presso il Teatro Comunale di Belluno e Palazzo Fulcis,\u00a0 il Concorso internazionale di Canto Lirico avr\u00e0 luogo il 19 e il 20 maggio e gli appuntamenti dedicati alla Rassegna Piccoli Talenti e al Concorso Canto Moderno, rispettivamente, il 2 aprile e il 13 maggio.<\/p>\n<p>&nbsp;<\/p>\n<hr \/>\n<p>&nbsp;<\/p>\n<blockquote>\n<h3><a class=\"dt-pswp-item\" href=\"https:\/\/www.radiopiu.net\/wordpress\/wp-content\/uploads\/2023\/01\/Senza-nome-50.jpg\" data-dt-img-description=\"\" data-large_image_width=\"300\" data-large_image_height=\"279\"><img loading=\"lazy\" decoding=\"async\" class=\"wp-image-317797 alignleft\" src=\"https:\/\/www.radiopiu.net\/wordpress\/wp-content\/uploads\/2023\/01\/Senza-nome-50.jpg\" alt=\"\" width=\"116\" height=\"108\" \/><\/a>LA PARTITA DEL SORRISO<\/h3>\n<\/blockquote>\n<p><strong>BELLUNO<\/strong>\u00a0 Sabato 28 gennaio alle 17.30 al Palasport De Mas partita di calcio a 5 tra amministratori comunali e forze dell&#8217;ordine. Ingresso ad offerta libera, devoluto al Comitato d&#8217;Intesa per il progetto Stacco.<\/p>\n<p>&nbsp;<\/p>\n<p>&nbsp;<\/p>\n<p>&nbsp;<\/p>\n<hr \/>\n<blockquote>\n<h3><\/h3>\n<blockquote>\n<h3>TORNA LA GARA DI SLITTINO A COLMEAN<\/h3>\n<\/blockquote>\n<p><strong>CANALE D&#8217;AGORDO <\/strong>Domenica 29 gennaio lungo la pista di Colmean di Canale d&#8217;Agordo ritorna la gara di slittino aperta a tutti per bambini e adulti con il gruppo Crodaioli dell&#8217;Auta. Categorie maschili e femminili (per et\u00e0), ma anche accompagnati maschili e femminili, per i pi\u00f9 piccoli anche due per slitta. Iscrizioni al Bar Colmean il giorno della gara al traguardo fino alle 13.30. Premi per tutti. Informazioni allo 0437 592078.<\/p>\n<p><strong>FOTO D&#8217;ARCHIVIO<\/strong><\/p>\n\n\t\t\t<style type='text\/css'>\n\t\t\t\t#gallery-4 {\n\t\t\t\t\tmargin: auto;\n\t\t\t\t}\n\t\t\t\t#gallery-4 .gallery-item {\n\t\t\t\t\tfloat: left;\n\t\t\t\t\tmargin-top: 10px;\n\t\t\t\t\ttext-align: center;\n\t\t\t\t\twidth: 33%;\n\t\t\t\t}\n\t\t\t\t#gallery-4 img {\n\t\t\t\t\tborder: 2px solid #cfcfcf;\n\t\t\t\t}\n\t\t\t\t#gallery-4 .gallery-caption {\n\t\t\t\t\tmargin-left: 0;\n\t\t\t\t}\n\t\t\t\t\/* see gallery_shortcode() in wp-includes\/media.php *\/\n\t\t\t<\/style>\n\t\t<div id='gallery-4' class='dt-gallery-container gallery galleryid-318591 gallery-columns-3 gallery-size-medium'><dl class='gallery-item'>\n\t\t\t\t<dt class='gallery-icon landscape'>\n\t\t\t\t\t<a class=\"rollover rollover-zoom dt-pswp-item\" title=\"Schermata 2023-01-22 alle 17.11.30\" data-dt-img-description=\"\" data-large_image_width=\"1368\" data-large_image_height=\"930\"href='https:\/\/www.radiopiu.net\/wordpress\/wp-content\/uploads\/2023\/01\/Schermata-2023-01-22-alle-17.11.30.png'><img loading=\"lazy\" decoding=\"async\" width=\"300\" height=\"204\" src=\"https:\/\/www.radiopiu.net\/wordpress\/wp-content\/uploads\/2023\/01\/Schermata-2023-01-22-alle-17.11.30-300x204.png\" class=\"attachment-medium size-medium\" alt=\"\" srcset=\"https:\/\/www.radiopiu.net\/wordpress\/wp-content\/uploads\/2023\/01\/Schermata-2023-01-22-alle-17.11.30-300x204.png 300w, https:\/\/www.radiopiu.net\/wordpress\/wp-content\/uploads\/2023\/01\/Schermata-2023-01-22-alle-17.11.30-1024x696.png 1024w, https:\/\/www.radiopiu.net\/wordpress\/wp-content\/uploads\/2023\/01\/Schermata-2023-01-22-alle-17.11.30-768x522.png 768w, https:\/\/www.radiopiu.net\/wordpress\/wp-content\/uploads\/2023\/01\/Schermata-2023-01-22-alle-17.11.30.png 1368w\" sizes=\"auto, (max-width: 300px) 100vw, 300px\" \/><\/a>\n\t\t\t\t<\/dt><\/dl><dl class='gallery-item'>\n\t\t\t\t<dt class='gallery-icon landscape'>\n\t\t\t\t\t<a class=\"rollover rollover-zoom dt-pswp-item\" title=\"Schermata 2023-01-22 alle 17.11.46\" data-dt-img-description=\"\" data-large_image_width=\"1442\" data-large_image_height=\"1064\"href='https:\/\/www.radiopiu.net\/wordpress\/wp-content\/uploads\/2023\/01\/Schermata-2023-01-22-alle-17.11.46.png'><img loading=\"lazy\" decoding=\"async\" width=\"300\" height=\"221\" src=\"https:\/\/www.radiopiu.net\/wordpress\/wp-content\/uploads\/2023\/01\/Schermata-2023-01-22-alle-17.11.46-300x221.png\" class=\"attachment-medium size-medium\" alt=\"\" srcset=\"https:\/\/www.radiopiu.net\/wordpress\/wp-content\/uploads\/2023\/01\/Schermata-2023-01-22-alle-17.11.46-300x221.png 300w, https:\/\/www.radiopiu.net\/wordpress\/wp-content\/uploads\/2023\/01\/Schermata-2023-01-22-alle-17.11.46-1024x756.png 1024w, https:\/\/www.radiopiu.net\/wordpress\/wp-content\/uploads\/2023\/01\/Schermata-2023-01-22-alle-17.11.46-768x567.png 768w, https:\/\/www.radiopiu.net\/wordpress\/wp-content\/uploads\/2023\/01\/Schermata-2023-01-22-alle-17.11.46.png 1442w\" sizes=\"auto, (max-width: 300px) 100vw, 300px\" \/><\/a>\n\t\t\t\t<\/dt><\/dl><dl class='gallery-item'>\n\t\t\t\t<dt class='gallery-icon landscape'>\n\t\t\t\t\t<a class=\"rollover rollover-zoom dt-pswp-item\" title=\"c1c0f422-e2e8-4fb5-84ff-8839f59f80cd\" data-dt-img-description=\"\" data-large_image_width=\"1600\" data-large_image_height=\"721\"href='https:\/\/www.radiopiu.net\/wordpress\/wp-content\/uploads\/2023\/01\/c1c0f422-e2e8-4fb5-84ff-8839f59f80cd-e1674535647733.jpg'><img loading=\"lazy\" decoding=\"async\" width=\"300\" height=\"135\" src=\"https:\/\/www.radiopiu.net\/wordpress\/wp-content\/uploads\/2023\/01\/c1c0f422-e2e8-4fb5-84ff-8839f59f80cd-e1674535647733-300x135.jpg\" class=\"attachment-medium size-medium\" alt=\"\" srcset=\"https:\/\/www.radiopiu.net\/wordpress\/wp-content\/uploads\/2023\/01\/c1c0f422-e2e8-4fb5-84ff-8839f59f80cd-e1674535647733-300x135.jpg 300w, https:\/\/www.radiopiu.net\/wordpress\/wp-content\/uploads\/2023\/01\/c1c0f422-e2e8-4fb5-84ff-8839f59f80cd-e1674535647733-1024x461.jpg 1024w, https:\/\/www.radiopiu.net\/wordpress\/wp-content\/uploads\/2023\/01\/c1c0f422-e2e8-4fb5-84ff-8839f59f80cd-e1674535647733-1536x692.jpg 1536w, https:\/\/www.radiopiu.net\/wordpress\/wp-content\/uploads\/2023\/01\/c1c0f422-e2e8-4fb5-84ff-8839f59f80cd-e1674535647733-768x346.jpg 768w, https:\/\/www.radiopiu.net\/wordpress\/wp-content\/uploads\/2023\/01\/c1c0f422-e2e8-4fb5-84ff-8839f59f80cd-e1674535647733.jpg 1600w\" sizes=\"auto, (max-width: 300px) 100vw, 300px\" \/><\/a>\n\t\t\t\t<\/dt><\/dl><br style=\"clear: both\" \/>\n\t\t\t<\/div>\n\n<p>&nbsp;<\/p>\n<p>&nbsp;<\/p><\/blockquote>\n<p>&nbsp;<\/p>\n<hr \/>\n<p>&nbsp;<\/p>\n<blockquote>\n<h3>L&#8217;UNIVERSITA&#8217; DEGLI ANZIANI DI AGORDO TORNA CON UN RICCO PROGRAMMA<\/h3>\n<\/blockquote>\n<p><strong>AGORDO<\/strong> L&#8217;universit\u00e0 degli anziani di Agordo \u00e8 pronta per tornare con le lezioni in presenza. \u00c8 stato stilato il calendario degli eventi in programma dal 7 febbraio al 2 maggio. Ogni marted\u00ec gli incontri si svolgeranno in sala Don Tamis dalle 15 alle 17.<\/p>\n<p><strong>IL PROGRAMMA (2 PAGINE)<\/strong><\/p>\n<a href=\"https:\/\/www.radiopiu.net\/wordpress\/wp-content\/uploads\/2023\/01\/UAA-Programma-2022-23_2\u00b0trimestreok.pdf\" class=\"pdfemb-viewer\" style=\"\" data-width=\"max\" data-height=\"max\" data-toolbar=\"top\" data-toolbar-fixed=\"on\">UAA-Programma 2022-23_2\u00b0trimestreok<\/a>\n<p>&nbsp;<\/p>\n<hr \/>\n<p>&nbsp;<\/p>\n<blockquote>\n<h3><a class=\"dt-pswp-item\" href=\"https:\/\/www.radiopiu.net\/wordpress\/wp-content\/uploads\/2023\/01\/Dialoghi-POP-1.jpg\" data-dt-img-description=\"\" data-large_image_width=\"1165\" data-large_image_height=\"780\"><img loading=\"lazy\" decoding=\"async\" class=\" wp-image-318537 alignleft\" src=\"https:\/\/www.radiopiu.net\/wordpress\/wp-content\/uploads\/2023\/01\/Dialoghi-POP-1-300x201.jpg\" alt=\"\" width=\"155\" height=\"104\" srcset=\"https:\/\/www.radiopiu.net\/wordpress\/wp-content\/uploads\/2023\/01\/Dialoghi-POP-1-300x201.jpg 300w, https:\/\/www.radiopiu.net\/wordpress\/wp-content\/uploads\/2023\/01\/Dialoghi-POP-1-1024x686.jpg 1024w, https:\/\/www.radiopiu.net\/wordpress\/wp-content\/uploads\/2023\/01\/Dialoghi-POP-1-768x514.jpg 768w, https:\/\/www.radiopiu.net\/wordpress\/wp-content\/uploads\/2023\/01\/Dialoghi-POP-1.jpg 1165w\" sizes=\"auto, (max-width: 155px) 100vw, 155px\" \/><\/a>IL SECONDO APPUNTAMENTO DI DIALOGHI POP A BELLUNO<\/h3>\n<\/blockquote>\n<p><strong>BELLUNO <\/strong>Dopo l\u2019incontro del 13 gennaio scorso, la Biblioteca civica di Belluno \u00e8 pronta per il secondo appuntamento del gruppo di discussione, condotto da Rachele Corcione, 23 anni, volontaria del servizio civile, e Eric Dal Piva, 23 anni, volontario, rivolto ai giovani dai 15 ai 35 anni, per dare loro l\u2019opportunit\u00e0 di esprimere la propria opinione su un contenuto e esercitandosi ad argomentarla. L\u2019incontro di domani sar\u00e0 dedicato al tema \u201cIl domani che verr\u00e0: utopie e distopie del futuro\u201d e si terr\u00e0 presso la sede provvisoria della Biblioteca Civica di Belluno, a palazzo Bembo, dalle 16.00 alle 17.00.<\/p>\n<p>&nbsp;<\/p>\n<p>&nbsp;<\/p>\n<hr \/>\n<p>&nbsp;<\/p>\n<blockquote>\n<h3>UN SEMINARIO SU SOSTENIBILITA&#8217; E BENESSERE AZIENDALE<\/h3>\n<\/blockquote>\n<p><strong>FONZASO<\/strong> Luned\u00ec mattina le imprese del territorio sono inviate a Dolomiti per parlare di sostenibilit\u00e0 e benessere aziendale. A partire dalle 9.00 sar\u00e0 possibile confrontarsi tra imprese e docenti su due temi importanti: le B Corp e il benessere aziendale.\u00a0 Le aziende del territorio bellunesi sono in un continuo dinamismo e attenzione al mondo dell\u2019innovazione dentro la propria attivit\u00e0. Per questo Dolomiti hub, in cordata con Reviviscar, il Fondo Sociale e di Coesione, la Regione Veneto e il Piano Sviluppo e Coesione &#8211; Veneto, propone due relatori, due esperienze provenienti dal padovano e dal\u00a0 trentino per dialogare con il territorio. L\u2019evento sar\u00e0 moderato dall\u2019amministratore di Dolomiti Hub e imprenditore Walter Moretto.<\/p>\n<p>&nbsp;<\/p>\n<p>&nbsp;<\/p>\n<hr \/>\n<p>&nbsp;<\/p>\n<blockquote>\n<h3>AVVICINAMENTO ALL&#8217;HOCKEY A LA VALLE<\/h3>\n<\/blockquote>\n<p><strong>LA VALLE<\/strong> Alleghe Hockey e Unione Sportiva Ghiaccio La Valle invitano tutti i bambini dai 4 anni in su allo stadio del ghiaccio in localit\u00e0 Conaggia a La Valle per una serata di avvicinamento all&#8217;hockey. L&#8217;appuntamento \u00e8 per domani alle 18:30. Attivit\u00e0 e noleggio pattini gratuiti. Info 388 1866668<\/p>\n<p>&nbsp;<\/p>\n<hr \/>\n<p>&nbsp;<\/p>\n<blockquote>\n<h2>1990 &#8211; IL BELLO DELLA DIRETTA, puntata01 &#8220;ODIO ANCORA LA RADIO&#8221;.<\/h2>\n<\/blockquote>\n<p>&nbsp;<\/p>\n<p><strong>Un articolo al mese che racconta gli episodi pi\u00f9 divertenti, importanti, ricorda fatti e persone che hanno fatto la storia di Radio Pi\u00f9.<\/strong><\/p>\n<p>Il 25 giugno saranno 40 anni di informazione, musica, storia. In quattro decenni di storie ne abbiamo raccontate tante, e in attesa del taglio della torta abbiamo pensato \u201cPerch\u00e9 non ricordarle come abbiamo fatto 10 anni fa con \u201cOdio La Radio\u201d. Ma abbiamo anche pensato\u2026 \u201cE se ne raccontassimo qualcuna anche degli ultimi 10 anni? Ogni 25 del mese un nuovo articolo, vi aspettiamo!<\/p>\n<p><strong>PRIMA PUNTATA, DAL LIBRO &#8220;ODIO LA RADIO&#8221;, 2013 di Mirko Mezzacasa<\/strong><\/p>\n<p><a href=\"https:\/\/www.radiopiu.net\/wordpress\/wp-content\/uploads\/2023\/01\/WhatsApp-Image-2023-01-18-at-14.31.26.jpeg\" data-dt-img-description=\"Bruno Zanetti\" data-large_image_width=\"1600\" data-large_image_height=\"1066\"><img loading=\"lazy\" decoding=\"async\" class=\"wp-image-317469 size-medium alignleft\" src=\"https:\/\/www.radiopiu.net\/wordpress\/wp-content\/uploads\/2023\/01\/WhatsApp-Image-2023-01-18-at-14.31.26-300x200.jpeg\" alt=\"\" width=\"300\" height=\"200\" srcset=\"https:\/\/www.radiopiu.net\/wordpress\/wp-content\/uploads\/2023\/01\/WhatsApp-Image-2023-01-18-at-14.31.26-300x200.jpeg 300w, https:\/\/www.radiopiu.net\/wordpress\/wp-content\/uploads\/2023\/01\/WhatsApp-Image-2023-01-18-at-14.31.26-1024x682.jpeg 1024w, https:\/\/www.radiopiu.net\/wordpress\/wp-content\/uploads\/2023\/01\/WhatsApp-Image-2023-01-18-at-14.31.26-768x512.jpeg 768w, https:\/\/www.radiopiu.net\/wordpress\/wp-content\/uploads\/2023\/01\/WhatsApp-Image-2023-01-18-at-14.31.26-1536x1023.jpeg 1536w, https:\/\/www.radiopiu.net\/wordpress\/wp-content\/uploads\/2023\/01\/WhatsApp-Image-2023-01-18-at-14.31.26.jpeg 1600w\" sizes=\"auto, (max-width: 300px) 100vw, 300px\" \/><\/a>Indimenticabile quel notiziario, quell&#8217;incredibile errore dovuto a diverse situazioni. In studio ero solo, come sempre. Ma il notiziario a Radio Pi\u00f9, alle 12.30 o alle 12.45 a seconda dei blocchi pubblicitari \u00e8 pur sempre andato in onda. Come? Questo ha dell&#8217;incredibile. Era il periodo caldo, la sera in giro per il nord Italia a seguire l&#8217;Alleghe Hockey, di giorno chiuso in uno studio di produzione. Ma il notiziario alle 12.30 era un rito importante, guai non esserci, guai se non era e, se non \u00e8 interessante. Si chiama colonna della radio, lo sapevo nel 1983, lo riconosco oggi. Quel notiziario, il GR principale delle 12.30 (non ha mai cambiato nome in 22 anni) era di difficile realizzazione, solo in studio con due linee telefoniche aperte. <em>&#8220;Attenzione la metto in diretta, mi raccomando ascolti bene il servizio che precede la sua intervista. Poi una volta al termine sar\u00e0 mia premura introdurla per la messa in onda. Lei stia li&#8217;, fermo, aspetti il mio segnale e non respiri perch\u00e9 avr\u00f2 tutti i microfoni ambientali aperti&#8221;.<\/em> Secondo me era chiaro, il fuori onda era stato preciso almeno per me, ma non per il commendator Bruno Zanetti, al tempo presidente provinciale dell&#8217;Associazione Nazionale Alpini, un gran Presidete e uomo che ha combattuto fino all&#8217;ultimo giorno per i suoi alpini, strenuo difensore della Caserma degli Alpini di Agordo, e quando in tempi non sospetti anticipo&#8217; la possibile chiusura. Ma quella votla&#8230; non mi aveva seguito nel notiziario. Colpa mia, non avevo considerato che alle 12.30 era ritornato a casa da pochi minuti, prima del pranzo, dopo il giro di aperitivi e l&#8217;aperitivo con Zanetti era sempre un gran momento.\u00a0 Il servizio precedente verteva sulla statale del San Pellegrino. In particolare l&#8217;allora Anas aveva sostituito i gardrail metallici con palizzate in legno, ancor oggi visibili. Il mio servizio era secco, polemico senza respiro. Il concetto: <em>&#8220;Come si fa a sostituire una barriera sicura con dei pezzi di legno? Si \u00e8 pensato ai pullman, ai mezzi pesanti, ai camper, alle auto che potrebbero abbattere quella barriera e rotolare per mezzo Passo ove tra l&#8217;altro la pendenza si attesta attorno al 18 per cento?&#8221;<\/em> La boutade per me era chiara. Per il commendator Zanetti no. Finisce il servizio, stacco la prima linea telefonica,\u00a0 ospite\u00a0 Enzo Salton\u00a0 sindaco di Canale d&#8217;Agordo e responsabile del tratto stradale &#8220;incriminato&#8221;. Stacco la linea e su quella rimasta accesa\u00a0 mi propongo a Bruno Zanetti, che nel frattempo aveva ascoltato il servizio sul San Pellegrino. <em>\u00a0&#8220;Commendator Zanetti, parliamo degli alpini agordini, ex penne nere quindi in congedo, partiti per il Piemonte per prestare soccorso alle persone coinvolte nell&#8217;alluvione. Quale il suo pensiero?&#8221;.<\/em> Domanda chiara, liquidabile in poche parole, non pi\u00f9 di 2 minuti. Il taglio giornalistico era perfetto, la domanda chiara, la risposta alluncinante. La ripropongo, la ricordo come fosse ieri. <em>&#8220;Quasi non ci credo &#8211; tuon\u00f2 Zanetti dall&#8217;alto della sua presidenza &#8211; come si permettono i miei uomini di andare in Piemonte e sostiture i gardrail metallici con quelli in legno? E&#8217; una vergogna non possiamo mettere a repentaglio la vita altrui. Siamo li&#8217; per aiutare non per fare danni. Mezzacasa non si preoccupi appena torneranno sar\u00e0 mia cura farli ripartire con un camion colmo di gard rail metallici, rifaranno il lavoro, riporteranno la situazione come prima&#8221;. <\/em>Rimasi totalmente interdetto. Non sapevo come riprendere.\u00a0 <em>&#8220;Presidente, certo. Questo con riferimento a Falcade e al lavoro dell&#8217;Anas che nulla ha di che condividere con i suoi alpini. Le ripongo la domanda, cosa fanno i suoi uomini nel Piemonte alluvionato?&#8221;<\/em> Sconcertante la ripresa, peggio di prima.<em> &#8220;Mezzacasa &#8211; tuon\u00f2 di nuovo Zanetti &#8211; le ho detto che sar\u00e0 mia cura riportare la situazione nella normalit\u00e0, con o senza la presenza degli uomini dell&#8217;Anas&#8221;.<\/em> Non me la sono sentita di continuare, ho chiuso la parte di attualit\u00e0 del notiziario per buttarmi a capofitto nello sport. Per molti giorni ho sentito i commenti su quel notiziario. Io, ad esempio, avevo la registrazione in musicassetta, tutto si registrava in musicassetta in quegli anni. Me la sono tenuta in macchina per qualche anno. Nei momenti tristi mi divertivo tra il play ed il rewind ad ascoltare lo Zanetti show. Ed era un notiziario.<\/p>\n<p><strong>LA RACCOLTA COMPLETA<\/strong><\/p>\n<blockquote class=\"wp-embedded-content\" data-secret=\"cPThYdO4ke\"><p><a href=\"https:\/\/www.radiopiu.net\/wordpress\/negli-ultimi-10anni\/\">NEGLI ULTIMI 10 ANNI<\/a><\/p><\/blockquote>\n<p><iframe loading=\"lazy\" class=\"wp-embedded-content\" sandbox=\"allow-scripts\" security=\"restricted\" style=\"position: absolute; clip: rect(1px, 1px, 1px, 1px);\" title=\"&#8220;NEGLI ULTIMI 10 ANNI&#8221; &#8212; Radio Pi\u00f9\" src=\"https:\/\/www.radiopiu.net\/wordpress\/negli-ultimi-10anni\/embed\/#?secret=WLqU7duDMn#?secret=cPThYdO4ke\" data-secret=\"cPThYdO4ke\" width=\"600\" height=\"338\" frameborder=\"0\" marginwidth=\"0\" marginheight=\"0\" scrolling=\"no\"><\/iframe><\/p>\n<p>&nbsp;<\/p>\n<p>&nbsp;<\/p>\n<p>&nbsp;<\/p>\n<hr \/>\n<blockquote>\n<h3>BELLUNO. IL LIBRO DI VINCENZO CAPUTO DEL 2017 ILLUSTRA RELIQUIE DI SANTI, STORIE E LEGGENDE<\/h3>\n<\/blockquote>\n<p><strong>di RENATO BONA<\/strong><\/p>\n<p>\u201cBelluno. Reliquie di Santi &#8211; Storie e leggende\u201d \u00e8 il titolo di una pubblicazione (febbraio 2017) di Vincenzo Caputo stampata da Bcs media di Roma per la Edizioni Farsiunlibro. In copertina disegno dell\u2019architetto Roberto Reolon che da lustri collabora con Caputo la cui ricerca &#8211; come si specifica nell\u2019introduzione &#8211; pur limitata al Comune di Belluno \u201cha fatto emergere come nel passato fossero considerate e venerate con attenzione le numerose reliquie di santi esistenti nelle chiese sia parrocchiali che frazionali\u201d. Si tratta di un interessante itinerario illustrato anche fotograficamente e accompagnato da brevi cenni storici. Un percorso che parte dalla basilica-cattedrale di san Martino di Tours (Duomo) di Belluno e prosegue per la vicina chiesa di San Pietro snodandosi quindi verso il Seminario gregoriano, la parrocchiale dei santi Biagio e Stefano, la chiesa di San Rocco, la parrocchiale di san Nicol\u00f2 a Borgo Piave, quella salesiana di san Giovanni Bosco, quindi: parrocchiale dei santi Gervasio e Protasio, parrocchiale di santa Maria di Loreto e quella di santa Maria Immacolata di Mussoi. Ancora: santissimi Giorgio e Sebastiano di Travazzoi, parrocchiale di santa Maria assunta Antole-Sois, parrocchiale di san Martino a Bes; parrocchiale dei santi Pietro e Paolo apostoli di Bolzano Bellunese, arcipretale di santa Maria assunta di Castion, chiesa di san Tiziano a Cirvoi, dei santi Giustina e Zenone di Sossai, di san Mamante di Caleipo, della parrocchiale della Visitazione della beata vergine Maria di Cavarzano, della chiesa dei santi Quirico e Giulitta pure di Cavarzano, parrocchiale di sant\u2019Aronne di Cusighe; prosegue con: chiesa di san Matteo apostolo ed evangelista di Sala, parrocchiale dei santi Tomaso apostolo e Brigida di Levego e Sagrogna, chiesa di santa Brigida a Sagrogna, parrocchiale di san Michele arcangelo ad Orzes, parrocchiale di san Bartolomeo a Col di Salce, chiesa di san Fermo e Rustico a San Fermo, chiesa di sant\u2019Antonio da Padova nella localit\u00e0 Giamosa, parrocchiale di san Pietro apostolo a Sargnano, parrocchiale dei santi Severo e Brigida a Tisoi, parrocchiale della beata vergine di Caravaggio a Visome, chiesa di san Pellegrino nella localit\u00e0 omonima, infine: chiesa di Santa Lucia a Cet. La parte del leone la fa quello che Caputo definisce il pi\u00f9 imponente e vistoso monumento della citt\u00e0, vale a dire la basilica-cattedrale del capoluogo che \u201ccustodisce molte testimonianze della storia del Cristianesimo e in particolare molte reliquie\u201d, la maggior parte delle quali \u00e8 conservata nell\u2019antica \u201cArca\u201d oggi adattata come altare della cripta. La pi\u00f9 insigne delle reliquie -diverse decine &#8211; \u00e8 una delle spine della corona posta sul capo di Cristo durante la sua passione. In San Pietro vi \u00e8 fra l\u2019altro in un tabernacolo realizzato dal Brustolon, un \u201cex ligno della Santa Croce\u201d, donato dal primo papa bellunese: Gregorio XVI. Sotto la mensa dell\u2019altare di destra \u00e8 custodito in un\u2019arca di vetro il corpo di San Fortunato. Molto importante anche quanto \u201caccolto\u201d nel vicino Seminario Gregoriano dove vi sono molte reliquie oltre &#8211; come puntualizza Caputo &#8211; ad \u201cun documento del 9 gennaio1801 relativo all\u2019autentica delle 345 reliquie ivi elencate, racchiuse in un reliquiario ligneo con cristallo e cornice dorata, dei Luoghi Santi, Apostoli, Martiri e di altri Santi, a firma del prelato Antonio Maria Odescalchi. Due ricognizioni effettuate successivamente dai vescovi dell\u2019epoca, rispettivamente il 30 agosto 1805 e il 26 novembre 1927 (quest\u2019ultima da parte del vescovo Giosu\u00e8 Cattarossi) ne attestano l\u2019esistenza\u201d. E siamo alla parrocchiale dei santi Biagio e Stefano che, fra le altre reliquie, ospita una pietra di dove fu lapidato santo Stefano. Quanto alle reliquie della chiesa di san Rocco, l\u2019autore del libro cita una benda del beato Pio da Pietralcina ed un abito di papa Giovanni Paolo II, santo dal 27 aprile 2014. Nella parrocchiale di Borgo Piave non vi sono reliquie, del santo titolare della chiesa che fu uno dei pi\u00f9 popolari del Cristianesimo. Viene specificato che nel 1807 \u201cmercanti italiani rubarono le presunte reliquie del santo e le portarono a Bari, in Puglia, dove sono tuttora\u201d. La parrocchiale di San Giovanni Bosco a Baldenich \u201cvanta\u201d invece numerose reliquie: di sant\u2019Antonio da Padova, santa Maria Goretti, san Pio V papa, santa Lucia e, con molte altre, di san Giovanni Bosco. Quanto alla parrocchiale dei santi Gervasio e Protasio si evidenzia che non vi sono reliquie forse perch\u00e9 le suore benedettine, circestensi o camaldolesi, lasciando il convento nel 1909 si portarono a San Giacomo di Veglia il loro archivio e forse anche le reliquie\u201d. Di nuovo in centro per dire della parrocchiale di santa Maria di Loreto che in un reliquiario d\u2019argento di fine secolo XVII conserva una reliquia di san Filippo Neri; la custodia in legno dorato \u00e8 opera di Andrera Brustolon. La ricognizione sulle chiese della citt\u00e0 di Belluno si conclude con la parrocchiale di santa Maria Immacolata di Mussoi per la quale l\u2019autore scrive: \u201cNel 1883 il papa bellunese Gregorio XVI fa dono di un\u2019artistica teca d\u2019argento contenente le reliquie dei santi Filippo e Giacomo, consegnata dall\u2019incaricato speciale del Papa, il dott. Giovanni Pagani Cesa, alla Fabbriceria di Bolzano con la severa ingiunzione di custodirla in sicurezza a Mussoi\u201d.<\/p>\n\n\t\t\t<style type='text\/css'>\n\t\t\t\t#gallery-5 {\n\t\t\t\t\tmargin: auto;\n\t\t\t\t}\n\t\t\t\t#gallery-5 .gallery-item {\n\t\t\t\t\tfloat: left;\n\t\t\t\t\tmargin-top: 10px;\n\t\t\t\t\ttext-align: center;\n\t\t\t\t\twidth: 14%;\n\t\t\t\t}\n\t\t\t\t#gallery-5 img {\n\t\t\t\t\tborder: 2px solid #cfcfcf;\n\t\t\t\t}\n\t\t\t\t#gallery-5 .gallery-caption {\n\t\t\t\t\tmargin-left: 0;\n\t\t\t\t}\n\t\t\t\t\/* see gallery_shortcode() in wp-includes\/media.php *\/\n\t\t\t<\/style>\n\t\t<div id='gallery-5' class='dt-gallery-container gallery galleryid-318591 gallery-columns-7 gallery-size-thumbnail'><dl class='gallery-item'>\n\t\t\t\t<dt class='gallery-icon landscape'>\n\t\t\t\t\t<a class=\"rollover rollover-zoom dt-pswp-item\" title=\"321745192_691700245772808_931287368003839846_n\" data-dt-img-description=\"\" data-large_image_width=\"216\" data-large_image_height=\"206\"href='https:\/\/www.radiopiu.net\/wordpress\/wp-content\/uploads\/2023\/01\/321745192_691700245772808_931287368003839846_n.jpg'><img loading=\"lazy\" decoding=\"async\" width=\"150\" height=\"150\" src=\"https:\/\/www.radiopiu.net\/wordpress\/wp-content\/uploads\/2023\/01\/321745192_691700245772808_931287368003839846_n-150x150.jpg\" class=\"attachment-thumbnail size-thumbnail\" alt=\"\" \/><\/a>\n\t\t\t\t<\/dt><\/dl><dl class='gallery-item'>\n\t\t\t\t<dt class='gallery-icon portrait'>\n\t\t\t\t\t<a class=\"rollover rollover-zoom dt-pswp-item\" title=\"324636670_593099712148086_6969635240908810385_n\" data-dt-img-description=\"\" data-large_image_width=\"180\" data-large_image_height=\"200\"href='https:\/\/www.radiopiu.net\/wordpress\/wp-content\/uploads\/2023\/01\/324636670_593099712148086_6969635240908810385_n.jpg'><img loading=\"lazy\" decoding=\"async\" width=\"150\" height=\"150\" src=\"https:\/\/www.radiopiu.net\/wordpress\/wp-content\/uploads\/2023\/01\/324636670_593099712148086_6969635240908810385_n-150x150.jpg\" class=\"attachment-thumbnail size-thumbnail\" alt=\"\" \/><\/a>\n\t\t\t\t<\/dt><\/dl><dl class='gallery-item'>\n\t\t\t\t<dt class='gallery-icon portrait'>\n\t\t\t\t\t<a class=\"rollover rollover-zoom dt-pswp-item\" title=\"326127720_738199577674390_5483992211001471712_n\" data-dt-img-description=\"\" data-large_image_width=\"155\" data-large_image_height=\"225\"href='https:\/\/www.radiopiu.net\/wordpress\/wp-content\/uploads\/2023\/01\/326127720_738199577674390_5483992211001471712_n.jpg'><img loading=\"lazy\" decoding=\"async\" width=\"150\" height=\"150\" src=\"https:\/\/www.radiopiu.net\/wordpress\/wp-content\/uploads\/2023\/01\/326127720_738199577674390_5483992211001471712_n-150x150.jpg\" class=\"attachment-thumbnail size-thumbnail\" alt=\"\" \/><\/a>\n\t\t\t\t<\/dt><\/dl><dl class='gallery-item'>\n\t\t\t\t<dt class='gallery-icon portrait'>\n\t\t\t\t\t<a class=\"rollover rollover-zoom dt-pswp-item\" title=\"325899112_517981690323954_4332263740374414295_n\" data-dt-img-description=\"\" data-large_image_width=\"155\" data-large_image_height=\"206\"href='https:\/\/www.radiopiu.net\/wordpress\/wp-content\/uploads\/2023\/01\/325899112_517981690323954_4332263740374414295_n.jpg'><img loading=\"lazy\" decoding=\"async\" width=\"150\" height=\"150\" src=\"https:\/\/www.radiopiu.net\/wordpress\/wp-content\/uploads\/2023\/01\/325899112_517981690323954_4332263740374414295_n-150x150.jpg\" class=\"attachment-thumbnail size-thumbnail\" alt=\"\" \/><\/a>\n\t\t\t\t<\/dt><\/dl><dl class='gallery-item'>\n\t\t\t\t<dt class='gallery-icon portrait'>\n\t\t\t\t\t<a class=\"rollover rollover-zoom dt-pswp-item\" title=\"324374880_930993098071697_7865862897307219383_n\" data-dt-img-description=\"\" data-large_image_width=\"157\" data-large_image_height=\"240\"href='https:\/\/www.radiopiu.net\/wordpress\/wp-content\/uploads\/2023\/01\/324374880_930993098071697_7865862897307219383_n.jpg'><img loading=\"lazy\" decoding=\"async\" width=\"150\" height=\"150\" src=\"https:\/\/www.radiopiu.net\/wordpress\/wp-content\/uploads\/2023\/01\/324374880_930993098071697_7865862897307219383_n-150x150.jpg\" class=\"attachment-thumbnail size-thumbnail\" alt=\"\" \/><\/a>\n\t\t\t\t<\/dt><\/dl><dl class='gallery-item'>\n\t\t\t\t<dt class='gallery-icon landscape'>\n\t\t\t\t\t<a class=\"rollover rollover-zoom dt-pswp-item\" title=\"323683193_502023461848171_4631191351225863211_n\" data-dt-img-description=\"\" data-large_image_width=\"336\" data-large_image_height=\"206\"href='https:\/\/www.radiopiu.net\/wordpress\/wp-content\/uploads\/2023\/01\/323683193_502023461848171_4631191351225863211_n.jpg'><img loading=\"lazy\" decoding=\"async\" width=\"150\" height=\"150\" src=\"https:\/\/www.radiopiu.net\/wordpress\/wp-content\/uploads\/2023\/01\/323683193_502023461848171_4631191351225863211_n-150x150.jpg\" class=\"attachment-thumbnail size-thumbnail\" alt=\"\" \/><\/a>\n\t\t\t\t<\/dt><\/dl><dl class='gallery-item'>\n\t\t\t\t<dt class='gallery-icon portrait'>\n\t\t\t\t\t<a class=\"rollover rollover-zoom dt-pswp-item\" title=\"326121521_1697642124020942_3456233277477488922_n\" data-dt-img-description=\"\" data-large_image_width=\"160\" data-large_image_height=\"221\"href='https:\/\/www.radiopiu.net\/wordpress\/wp-content\/uploads\/2023\/01\/326121521_1697642124020942_3456233277477488922_n.jpg'><img loading=\"lazy\" decoding=\"async\" width=\"150\" height=\"150\" src=\"https:\/\/www.radiopiu.net\/wordpress\/wp-content\/uploads\/2023\/01\/326121521_1697642124020942_3456233277477488922_n-150x150.jpg\" class=\"attachment-thumbnail size-thumbnail\" alt=\"\" \/><\/a>\n\t\t\t\t<\/dt><\/dl><br style=\"clear: both\" \/><dl class='gallery-item'>\n\t\t\t\t<dt class='gallery-icon portrait'>\n\t\t\t\t\t<a class=\"rollover rollover-zoom dt-pswp-item\" title=\"324428685_707575374190998_1797515723061405960_n\" data-dt-img-description=\"\" data-large_image_width=\"155\" data-large_image_height=\"225\"href='https:\/\/www.radiopiu.net\/wordpress\/wp-content\/uploads\/2023\/01\/324428685_707575374190998_1797515723061405960_n.jpg'><img loading=\"lazy\" decoding=\"async\" width=\"150\" height=\"150\" src=\"https:\/\/www.radiopiu.net\/wordpress\/wp-content\/uploads\/2023\/01\/324428685_707575374190998_1797515723061405960_n-150x150.jpg\" class=\"attachment-thumbnail size-thumbnail\" alt=\"\" \/><\/a>\n\t\t\t\t<\/dt><\/dl><dl class='gallery-item'>\n\t\t\t\t<dt class='gallery-icon portrait'>\n\t\t\t\t\t<a class=\"rollover rollover-zoom dt-pswp-item\" title=\"324517591_553990809987996_2560059947980545028_n\" data-dt-img-description=\"\" data-large_image_width=\"168\" data-large_image_height=\"206\"href='https:\/\/www.radiopiu.net\/wordpress\/wp-content\/uploads\/2023\/01\/324517591_553990809987996_2560059947980545028_n.jpg'><img loading=\"lazy\" decoding=\"async\" width=\"150\" height=\"150\" src=\"https:\/\/www.radiopiu.net\/wordpress\/wp-content\/uploads\/2023\/01\/324517591_553990809987996_2560059947980545028_n-150x150.jpg\" class=\"attachment-thumbnail size-thumbnail\" alt=\"\" \/><\/a>\n\t\t\t\t<\/dt><\/dl><dl class='gallery-item'>\n\t\t\t\t<dt class='gallery-icon portrait'>\n\t\t\t\t\t<a class=\"rollover rollover-zoom dt-pswp-item\" title=\"325380745_2996559717318395_7880671258265995563_n\" data-dt-img-description=\"\" data-large_image_width=\"160\" data-large_image_height=\"206\"href='https:\/\/www.radiopiu.net\/wordpress\/wp-content\/uploads\/2023\/01\/325380745_2996559717318395_7880671258265995563_n.jpg'><img loading=\"lazy\" decoding=\"async\" width=\"150\" height=\"150\" src=\"https:\/\/www.radiopiu.net\/wordpress\/wp-content\/uploads\/2023\/01\/325380745_2996559717318395_7880671258265995563_n-150x150.jpg\" class=\"attachment-thumbnail size-thumbnail\" alt=\"\" \/><\/a>\n\t\t\t\t<\/dt><\/dl><dl class='gallery-item'>\n\t\t\t\t<dt class='gallery-icon portrait'>\n\t\t\t\t\t<a class=\"rollover rollover-zoom dt-pswp-item\" title=\"324811255_521346800097500_1562206255161737577_n\" data-dt-img-description=\"\" data-large_image_width=\"160\" data-large_image_height=\"224\"href='https:\/\/www.radiopiu.net\/wordpress\/wp-content\/uploads\/2023\/01\/324811255_521346800097500_1562206255161737577_n.jpg'><img loading=\"lazy\" decoding=\"async\" width=\"150\" height=\"150\" src=\"https:\/\/www.radiopiu.net\/wordpress\/wp-content\/uploads\/2023\/01\/324811255_521346800097500_1562206255161737577_n-150x150.jpg\" class=\"attachment-thumbnail size-thumbnail\" alt=\"\" \/><\/a>\n\t\t\t\t<\/dt><\/dl><dl class='gallery-item'>\n\t\t\t\t<dt class='gallery-icon portrait'>\n\t\t\t\t\t<a class=\"rollover rollover-zoom dt-pswp-item\" title=\"323701790_1440256556379307_7230004399050498821_n\" data-dt-img-description=\"\" data-large_image_width=\"150\" data-large_image_height=\"225\"href='https:\/\/www.radiopiu.net\/wordpress\/wp-content\/uploads\/2023\/01\/323701790_1440256556379307_7230004399050498821_n.jpg'><img loading=\"lazy\" decoding=\"async\" width=\"150\" height=\"150\" src=\"https:\/\/www.radiopiu.net\/wordpress\/wp-content\/uploads\/2023\/01\/323701790_1440256556379307_7230004399050498821_n-150x150.jpg\" class=\"attachment-thumbnail size-thumbnail\" alt=\"\" \/><\/a>\n\t\t\t\t<\/dt><\/dl><dl class='gallery-item'>\n\t\t\t\t<dt class='gallery-icon portrait'>\n\t\t\t\t\t<a class=\"rollover rollover-zoom dt-pswp-item\" title=\"323814678_894745828609844_4699375165702507598_n\" data-dt-img-description=\"\" data-large_image_width=\"202\" data-large_image_height=\"206\"href='https:\/\/www.radiopiu.net\/wordpress\/wp-content\/uploads\/2023\/01\/323814678_894745828609844_4699375165702507598_n.jpg'><img loading=\"lazy\" decoding=\"async\" width=\"150\" height=\"150\" src=\"https:\/\/www.radiopiu.net\/wordpress\/wp-content\/uploads\/2023\/01\/323814678_894745828609844_4699375165702507598_n-150x150.jpg\" class=\"attachment-thumbnail size-thumbnail\" alt=\"\" \/><\/a>\n\t\t\t\t<\/dt><\/dl>\n\t\t\t\t<br style='clear: both' \/>\n\t\t\t<\/div>\n\n<p>NELLE FOTO (riproduzioni dal libro di Vincenzo Caputo): la copertina del volume; l\u2019autore; la basilica-cattedrale di Belluno; la chiesa di San Pietro; facciata del Seminario Gregoriano; documento del 1801 con l\u2019autentica delle 345 reliquie; parrocchiale di Santo Stefano; chiesa di san Rocco; parrocchiale di San Nicol\u00f2 a Borgo Piave; quella salesiana di Don Bosco a Baldenich; parrocchiale dei santi Gervasio e Protasio; e quella di santa Maria di Loreto; la parrocchiale di santa Maria immacolata di Mussoi.<\/p>\n<p>&nbsp;<\/p>\n<p>&nbsp;<\/p>\n<hr \/>\n<p>&nbsp;<\/p>\n<h1><span style=\"color: #ff0000;\"><a class=\"dt-pswp-item\" href=\"https:\/\/www.radiopiu.net\/wordpress\/wp-content\/uploads\/2022\/11\/scuola-zaino.jpeg\" data-dt-img-description=\"\" data-large_image_width=\"626\" data-large_image_height=\"417\"><img loading=\"lazy\" decoding=\"async\" class=\"wp-image-306830 alignleft\" src=\"https:\/\/www.radiopiu.net\/wordpress\/wp-content\/uploads\/2022\/11\/scuola-zaino-300x200.jpeg\" alt=\"\" width=\"140\" height=\"93\" srcset=\"https:\/\/www.radiopiu.net\/wordpress\/wp-content\/uploads\/2022\/11\/scuola-zaino-300x200.jpeg 300w, https:\/\/www.radiopiu.net\/wordpress\/wp-content\/uploads\/2022\/11\/scuola-zaino.jpeg 626w\" sizes=\"auto, (max-width: 140px) 100vw, 140px\" \/><\/a>IERI ALLA RADIO<\/span><\/h1>\n<p><strong>SE NON LA SMETTI DI MANDO DAL PRESIDE, 13ESIMA PUNTATA<\/strong><\/p>\n<audio class=\"wp-audio-shortcode\" id=\"audio-318591-8\" preload=\"none\" style=\"width: 100%;\" controls=\"controls\"><source type=\"audio\/mpeg\" src=\"https:\/\/www.radiopiu.net\/wordpress\/wp-content\/uploads\/2023\/01\/se-non-la-smetti-ti-mando-dal-preside-13-puntata.mp3?_=8\" \/><a href=\"https:\/\/www.radiopiu.net\/wordpress\/wp-content\/uploads\/2023\/01\/se-non-la-smetti-ti-mando-dal-preside-13-puntata.mp3\">https:\/\/www.radiopiu.net\/wordpress\/wp-content\/uploads\/2023\/01\/se-non-la-smetti-ti-mando-dal-preside-13-puntata.mp3<\/a><\/audio>\n<p>&nbsp;<\/p>\n<p>&nbsp;<\/p>\n<hr \/>\n<p>&nbsp;<\/p>\n<div class=\"column\">\n<h1><span style=\"color: #ff00ff;\">AGORDINO IN FERMENTO&#8230;AGORDINO IN MOVIMENTO\u00a0\u00a0<\/span><\/h1>\n<blockquote>\n<h3>4 FEBBRAIO 2023: LA CASPARETHA&#8230; IL CASPERITIVO. SPORT E FESTA.<\/h3>\n<\/blockquote>\n<p><strong>di Gianni Santomaso<\/strong><\/p>\n<audio class=\"wp-audio-shortcode\" id=\"audio-318591-9\" preload=\"none\" style=\"width: 100%;\" controls=\"controls\"><source type=\"audio\/mpeg\" src=\"https:\/\/www.radiopiu.net\/wordpress\/wp-content\/uploads\/2023\/01\/GIANNI-CASPARETHA.mp3?_=9\" \/><a href=\"https:\/\/www.radiopiu.net\/wordpress\/wp-content\/uploads\/2023\/01\/GIANNI-CASPARETHA.mp3\">https:\/\/www.radiopiu.net\/wordpress\/wp-content\/uploads\/2023\/01\/GIANNI-CASPARETHA.mp3<\/a><\/audio>\n<blockquote><p>&nbsp;<\/p>\n<p><strong><span style=\"color: #ff0000;\">ALLA RADIO, L&#8217;INTERVISTA A MIRCO E EMIL TANCON<\/span><\/strong><\/p><\/blockquote>\n<div class=\"column\">\n<p><strong><a class=\"dt-pswp-item\" href=\"https:\/\/www.radiopiu.net\/wordpress\/wp-content\/uploads\/2023\/01\/CASPARETHA_page-0001.jpg\" data-dt-img-description=\"\" data-large_image_width=\"886\" data-large_image_height=\"632\"><img loading=\"lazy\" decoding=\"async\" class=\" wp-image-315112 alignleft\" src=\"https:\/\/www.radiopiu.net\/wordpress\/wp-content\/uploads\/2023\/01\/CASPARETHA_page-0001-300x214.jpg\" alt=\"\" width=\"243\" height=\"173\" srcset=\"https:\/\/www.radiopiu.net\/wordpress\/wp-content\/uploads\/2023\/01\/CASPARETHA_page-0001-300x214.jpg 300w, https:\/\/www.radiopiu.net\/wordpress\/wp-content\/uploads\/2023\/01\/CASPARETHA_page-0001-768x548.jpg 768w, https:\/\/www.radiopiu.net\/wordpress\/wp-content\/uploads\/2023\/01\/CASPARETHA_page-0001.jpg 886w\" sizes=\"auto, (max-width: 243px) 100vw, 243px\" \/><\/a>CANALE D&#8217;AGORDO <\/strong>Sabato 4 febbraio \u00e8 in programma la Casparetha 2023, camminata competitiva e non in notturna con racchette da neve su tracciato di circa 5 km.<\/p>\n<p><strong>di Mirko Mezzacasa<\/strong><\/p>\n<p>OSPITI: Emil Tancon e Mirko Tancon<\/p>\n<audio class=\"wp-audio-shortcode\" id=\"audio-318591-10\" preload=\"none\" style=\"width: 100%;\" controls=\"controls\"><source type=\"audio\/mpeg\" src=\"https:\/\/www.radiopiu.net\/wordpress\/wp-content\/uploads\/2023\/01\/casparetha-mirco-emil.mp3?_=10\" \/><a href=\"https:\/\/www.radiopiu.net\/wordpress\/wp-content\/uploads\/2023\/01\/casparetha-mirco-emil.mp3\">https:\/\/www.radiopiu.net\/wordpress\/wp-content\/uploads\/2023\/01\/casparetha-mirco-emil.mp3<\/a><\/audio>\n<\/div>\n<\/div>\n<p>&nbsp;<\/p>\n<p>&nbsp;<\/p>\n<hr \/>\n<p>&nbsp;<\/p>\n<p>&nbsp;<\/p>\n<p class=\"photoswipe-wrapper\"><a class=\"dt-pswp-item pspw-wrap-ready\" href=\"https:\/\/www.radiopiu.net\/wordpress\/wp-content\/uploads\/2023\/01\/f357cc9c-828e-4d9b-9ff4-ec3efed24d74.jpg\" data-dt-img-description=\"\" data-large_image_width=\"724\" data-large_image_height=\"1024\"><img loading=\"lazy\" decoding=\"async\" class=\"wp-image-315069 alignleft\" src=\"https:\/\/www.radiopiu.net\/wordpress\/wp-content\/uploads\/2023\/01\/f357cc9c-828e-4d9b-9ff4-ec3efed24d74.jpg\" sizes=\"auto, (max-width: 140px) 100vw, 140px\" srcset=\"https:\/\/www.radiopiu.net\/wordpress\/wp-content\/uploads\/2023\/01\/f357cc9c-828e-4d9b-9ff4-ec3efed24d74.jpg 724w, https:\/\/www.radiopiu.net\/wordpress\/wp-content\/uploads\/2023\/01\/f357cc9c-828e-4d9b-9ff4-ec3efed24d74-212x300.jpg 212w\" alt=\"\" width=\"79\" height=\"112\" \/><\/a><\/p>\n<h1><span style=\"color: #ff00ff;\">AGORDINO IN FERMENTO\u2026AGORDINO IN MOVIMENTO<\/span><\/h1>\n<blockquote><p><strong>A CARNEVALE\u2026 EL CARNEVAL DE LE VAI\u2026DA SELVA DI CADORE A CANALE D\u2019AGORDO, DA RIVAMONTE A LASTE E SOTTOGUDA. TRADIZIONE, CULTUR E SPETTACOLO\u00a0\u00a0<\/strong><\/p><\/blockquote>\n<p><iframe loading=\"lazy\" title=\"CARNEVAI DE LE VAI L&#039;INTERVISTA AI PROTAGONISTI\" width=\"1200\" height=\"675\" src=\"https:\/\/www.youtube.com\/embed\/w-vtgGV1TuM?start=198&#038;feature=oembed\" frameborder=\"0\" allow=\"accelerometer; autoplay; clipboard-write; encrypted-media; gyroscope; picture-in-picture; web-share\" allowfullscreen><\/iframe><\/p>\n<p>&nbsp;<\/p>\n<p>&nbsp;<\/p>\n<hr \/>\n<p>&nbsp;<\/p>\n<p>&nbsp;<\/p>\n<p><iframe loading=\"lazy\" title=\"Radio Pi\u00f9 festeggia i suoi primi 40 anni di attivit\u00e0\" width=\"1200\" height=\"675\" src=\"https:\/\/www.youtube.com\/embed\/6ptB04FauBE?feature=oembed\" frameborder=\"0\" allow=\"accelerometer; autoplay; clipboard-write; encrypted-media; gyroscope; picture-in-picture; web-share\" allowfullscreen><\/iframe><\/p>\n<p>&nbsp;<\/p>\n<p>&nbsp;<\/p>\n<hr \/>\n<blockquote>\n<h3><\/h3>\n<h3>IN ROTAZIONE ALLA RADIO I RAGAZZI DELLA SECONDA MEDIA DI SEDICO<\/h3>\n<\/blockquote>\n<p><a class=\"dt-pswp-item\" href=\"https:\/\/www.radiopiu.net\/wordpress\/wp-content\/uploads\/2023\/01\/download-8.jpg\" data-dt-img-description=\"\" data-large_image_width=\"236\" data-large_image_height=\"214\"><img loading=\"lazy\" decoding=\"async\" class=\"size-full wp-image-317820 aligncenter\" src=\"https:\/\/www.radiopiu.net\/wordpress\/wp-content\/uploads\/2023\/01\/download-8.jpg\" alt=\"\" width=\"236\" height=\"214\" \/><\/a><\/p>\n<p>&nbsp;<\/p>\n<p><strong>REDAZIONE<\/strong> Applausi, per i ragazzi e le ragazze delle seconde della scuola media di Sedico, sabato 28\u00a0 e domenica 29 saranno impegnati nella vendita delle arance della salute a favore dell&#8217;Airc, l&#8217;associazione per la ricerca sul cancro. Gli studenti hanno autoprodotto gli spot che ascolteremo\u00a0 alla radio attendendo l&#8217;appuntamento di Sedico.<\/p>\n<p>&nbsp;<\/p>\n<div id=\"title\" class=\"style-scope ytd-watch-metadata\"><\/div>\n<p>&nbsp;<\/p>\n<hr \/>\n<p>&nbsp;<\/p>\n<blockquote>\n<blockquote>\n<h2><\/h2>\n<\/blockquote>\n\n\t\t\t<style type='text\/css'>\n\t\t\t\t#gallery-6 {\n\t\t\t\t\tmargin: auto;\n\t\t\t\t}\n\t\t\t\t#gallery-6 .gallery-item {\n\t\t\t\t\tfloat: left;\n\t\t\t\t\tmargin-top: 10px;\n\t\t\t\t\ttext-align: center;\n\t\t\t\t\twidth: 100%;\n\t\t\t\t}\n\t\t\t\t#gallery-6 img {\n\t\t\t\t\tborder: 2px solid #cfcfcf;\n\t\t\t\t}\n\t\t\t\t#gallery-6 .gallery-caption {\n\t\t\t\t\tmargin-left: 0;\n\t\t\t\t}\n\t\t\t\t\/* see gallery_shortcode() in wp-includes\/media.php *\/\n\t\t\t<\/style>\n\t\t<div id='gallery-6' class='dt-gallery-container gallery galleryid-318591 gallery-columns-1 gallery-size-medium'><dl class='gallery-item'>\n\t\t\t\t<dt class='gallery-icon portrait'>\n\t\t\t\t\t<a class=\"rollover rollover-zoom dt-pswp-item\" title=\"34712c4d-1310-4db5-a620-fe6ede9a0848\" data-dt-img-description=\"\" data-large_image_width=\"1131\" data-large_image_height=\"1600\"href='https:\/\/www.radiopiu.net\/wordpress\/wp-content\/uploads\/2023\/01\/34712c4d-1310-4db5-a620-fe6ede9a0848.jpg'><img loading=\"lazy\" decoding=\"async\" width=\"212\" height=\"300\" src=\"https:\/\/www.radiopiu.net\/wordpress\/wp-content\/uploads\/2023\/01\/34712c4d-1310-4db5-a620-fe6ede9a0848-212x300.jpg\" class=\"attachment-medium size-medium\" alt=\"\" aria-describedby=\"gallery-6-316092\" srcset=\"https:\/\/www.radiopiu.net\/wordpress\/wp-content\/uploads\/2023\/01\/34712c4d-1310-4db5-a620-fe6ede9a0848-212x300.jpg 212w, https:\/\/www.radiopiu.net\/wordpress\/wp-content\/uploads\/2023\/01\/34712c4d-1310-4db5-a620-fe6ede9a0848-724x1024.jpg 724w, https:\/\/www.radiopiu.net\/wordpress\/wp-content\/uploads\/2023\/01\/34712c4d-1310-4db5-a620-fe6ede9a0848-768x1086.jpg 768w, https:\/\/www.radiopiu.net\/wordpress\/wp-content\/uploads\/2023\/01\/34712c4d-1310-4db5-a620-fe6ede9a0848-1086x1536.jpg 1086w, https:\/\/www.radiopiu.net\/wordpress\/wp-content\/uploads\/2023\/01\/34712c4d-1310-4db5-a620-fe6ede9a0848.jpg 1131w\" sizes=\"auto, (max-width: 212px) 100vw, 212px\" \/><\/a>\n\t\t\t\t<\/dt>\n\t\t\t\t\t<dd class='wp-caption-text gallery-caption' id='gallery-6-316092'>\n\t\t\t\t\tDAL FARRA E BAND IN CONCERTO A LONGARONE\n\t\t\t\t\t<\/dd><\/dl><br style=\"clear: both\" \/>\n\t\t\t<\/div>\n<\/blockquote>\n<p>&nbsp;<\/p>\n<hr \/>\n<p>&nbsp;<\/p>\n<div>\n<div class=\"b654a4as d2edcug0\">\n<div class=\"rq0escxv hkbzh7o3 jwdofwj8 n8tt0mok r8blr3vg hyh9befq\">\n<p><a class=\"dt-pswp-item\" href=\"https:\/\/www.radiopiu.net\/wordpress\/wp-content\/uploads\/2020\/10\/pp.jpg\" data-dt-img-description=\"\" data-large_image_width=\"640\" data-large_image_height=\"640\"><img loading=\"lazy\" decoding=\"async\" class=\"wp-image-163678 alignleft\" src=\"https:\/\/www.radiopiu.net\/wordpress\/wp-content\/uploads\/2020\/10\/pp-300x300.jpg\" alt=\"\" width=\"106\" height=\"106\" srcset=\"https:\/\/www.radiopiu.net\/wordpress\/wp-content\/uploads\/2020\/10\/pp-300x300.jpg 300w, https:\/\/www.radiopiu.net\/wordpress\/wp-content\/uploads\/2020\/10\/pp-150x150.jpg 150w, https:\/\/www.radiopiu.net\/wordpress\/wp-content\/uploads\/2020\/10\/pp-125x125.jpg 125w, https:\/\/www.radiopiu.net\/wordpress\/wp-content\/uploads\/2020\/10\/pp-200x200.jpg 200w, https:\/\/www.radiopiu.net\/wordpress\/wp-content\/uploads\/2020\/10\/pp-80x80.jpg 80w, https:\/\/www.radiopiu.net\/wordpress\/wp-content\/uploads\/2020\/10\/pp-480x480.jpg 480w, https:\/\/www.radiopiu.net\/wordpress\/wp-content\/uploads\/2020\/10\/pp.jpg 640w\" sizes=\"auto, (max-width: 106px) 100vw, 106px\" \/><\/a><\/p>\n<\/div>\n<\/div>\n<\/div>\n<div>\n<div class=\"page-title-head hgroup\">\n<div class=\"page-title-head hgroup\">\n<div class=\"b654a4as d2edcug0\">\n<div class=\"j83agx80 btwxx1t3 lhclo0ds hop8lmos nkwizq5d scwd0bx6 roh60bw9\">\n<div class=\"rq0escxv hkbzh7o3 jwdofwj8 n8tt0mok r8blr3vg hyh9befq\">\n<div class=\"do00u71z l9j0dhe7 k4urcfbm\" style=\"text-align: left;\">\n<h2><span style=\"color: #000080;\">DON CESARE, IL PENSIERO DEL GIORNO. ALLA RADIO ALLE 7 DEL MATTINO E ALLE 19.30 DELLA SERA\u00a0<\/span><\/h2>\n<audio class=\"wp-audio-shortcode\" id=\"audio-318591-11\" preload=\"none\" style=\"width: 100%;\" controls=\"controls\"><source type=\"audio\/mpeg\" src=\"https:\/\/www.radiopiu.net\/wordpress\/wp-content\/uploads\/2023\/01\/CESARE-19.mp3?_=11\" \/><a href=\"https:\/\/www.radiopiu.net\/wordpress\/wp-content\/uploads\/2023\/01\/CESARE-19.mp3\">https:\/\/www.radiopiu.net\/wordpress\/wp-content\/uploads\/2023\/01\/CESARE-19.mp3<\/a><\/audio>\n<\/div>\n<\/div>\n<\/div>\n<\/div>\n<\/div>\n<\/div>\n<\/div>\n<p>&nbsp;<\/p>\n<p>&nbsp;<\/p>\n<hr \/>\n<p>&nbsp;<\/p>\n<h2><span style=\"color: #ff00ff;\">IN VIVO VERSO\u00a0\u00a0<\/span><\/h2>\n<h1><strong>VOLAVANO I TUOI BACI DI MARIANO GROSSI<\/strong><\/h1>\n<p><strong>AUDIO<\/strong><\/p>\n<audio class=\"wp-audio-shortcode\" id=\"audio-318591-12\" preload=\"none\" style=\"width: 100%;\" controls=\"controls\"><source type=\"audio\/mpeg\" src=\"https:\/\/www.radiopiu.net\/wordpress\/wp-content\/uploads\/2023\/01\/03-mariano-grossi-volavano-i-tuoi-baci.mp3?_=12\" \/><a href=\"https:\/\/www.radiopiu.net\/wordpress\/wp-content\/uploads\/2023\/01\/03-mariano-grossi-volavano-i-tuoi-baci.mp3\">https:\/\/www.radiopiu.net\/wordpress\/wp-content\/uploads\/2023\/01\/03-mariano-grossi-volavano-i-tuoi-baci.mp3<\/a><\/audio>\n<p>&nbsp;<\/p>\n<blockquote>\n<h1><\/h1>\n<\/blockquote>\n<p><img loading=\"lazy\" decoding=\"async\" class=\"alignleft\" src=\"https:\/\/www.radiopiu.net\/wordpress\/wp-content\/uploads\/2023\/01\/man-1853532__340.jpg\" width=\"230\" height=\"153\" \/>Volavano i tuoi baci sotto quel cielo terso<br \/>\ned io vivevo altrove, di certo pi\u00f9 introverso<br \/>\ne mai esternavo gioia, turbato fino all&#8217;osso,<br \/>\nchiedendomi: &#8220;Ma \u00e8 vero che m&#8217;ama a pi\u00f9 non posso?&#8221;<br \/>\nE nell&#8217;azzurro chiaro volavano i gabbiani<br \/>\nmentre ti trattenevo, stringendoti le mani,<br \/>\ncome se presagissi la fine dell&#8217;incanto,<br \/>\nbagnati avevo gli occhi dall&#8217;umido del pianto.<br \/>\nCos\u00ec le tue promesse, come triste canzone,<br \/>\nsvanirono sembrando nuvole di cotone.<\/p>\n<p>&nbsp;<\/p>\n<p>&nbsp;<\/p>\n<div dir=\"auto\">\n<div dir=\"auto\">\n<div dir=\"auto\">\n<p><strong>LA RACCOLTA COMPLETA<\/strong><\/p>\n<blockquote class=\"wp-embedded-content\" data-secret=\"CzcmkloxSw\"><p><a href=\"https:\/\/www.radiopiu.net\/wordpress\/in-vivo-verso\/\">In Vivo Verso<\/a><\/p><\/blockquote>\n<p><iframe loading=\"lazy\" class=\"wp-embedded-content\" sandbox=\"allow-scripts\" security=\"restricted\" style=\"position: absolute; clip: rect(1px, 1px, 1px, 1px);\" title=\"&#8220;In Vivo Verso&#8221; &#8212; Radio Pi\u00f9\" src=\"https:\/\/www.radiopiu.net\/wordpress\/in-vivo-verso\/embed\/#?secret=dGbGgdObTl#?secret=CzcmkloxSw\" data-secret=\"CzcmkloxSw\" width=\"600\" height=\"338\" frameborder=\"0\" marginwidth=\"0\" marginheight=\"0\" scrolling=\"no\"><\/iframe><\/p>\n<\/div>\n<\/div>\n<\/div>\n<hr \/>\n<p>&nbsp;<\/p>\n<blockquote>\n<h3>GOCCE DI FILOSOFIA \u2013 PUNTATA 233 \u2013 LISA DE LUCA, TERZA STAGIONE<\/h3>\n<\/blockquote>\n<audio class=\"wp-audio-shortcode\" id=\"audio-318591-13\" preload=\"none\" style=\"width: 100%;\" controls=\"controls\"><source type=\"audio\/mpeg\" src=\"https:\/\/www.radiopiu.net\/wordpress\/wp-content\/uploads\/2023\/01\/FI3-3.mp3?_=13\" \/><a href=\"https:\/\/www.radiopiu.net\/wordpress\/wp-content\/uploads\/2023\/01\/FI3-3.mp3\">https:\/\/www.radiopiu.net\/wordpress\/wp-content\/uploads\/2023\/01\/FI3-3.mp3<\/a><\/audio>\n<p>&nbsp;<\/p>\n<p>LA RACCOLTA COMPLETA<\/p>\n<blockquote class=\"wp-embedded-content\" data-secret=\"Xm0Yrji97H\"><p><a href=\"https:\/\/www.radiopiu.net\/wordpress\/gocce-filosofia\/\">Gocce di filosofia,  LA TERZA STAGIONE&#8230; 2023<\/a><\/p><\/blockquote>\n<p><iframe loading=\"lazy\" class=\"wp-embedded-content\" sandbox=\"allow-scripts\" security=\"restricted\" style=\"position: absolute; clip: rect(1px, 1px, 1px, 1px);\" title=\"&#8220;Gocce di filosofia,  LA TERZA STAGIONE&#8230; 2023&#8221; &#8212; Radio Pi\u00f9\" src=\"https:\/\/www.radiopiu.net\/wordpress\/gocce-filosofia\/embed\/#?secret=edDTD4tv7n#?secret=Xm0Yrji97H\" data-secret=\"Xm0Yrji97H\" width=\"600\" height=\"338\" frameborder=\"0\" marginwidth=\"0\" marginheight=\"0\" scrolling=\"no\"><\/iframe><\/p>\n<p>&nbsp;<\/p>\n<p>&nbsp;<\/p>\n<hr \/>\n<p>&nbsp;<\/p>\n<div class=\"column\">\n<p><img loading=\"lazy\" decoding=\"async\" class=\"aligncenter wp-image-61954 size-full\" src=\"https:\/\/www.radiopiu.net\/wordpress\/wp-content\/uploads\/2018\/09\/viabilita.jpeg\" sizes=\"auto, (max-width: 800px) 100vw, 800px\" srcset=\"https:\/\/www.radiopiu.net\/wordpress\/wp-content\/uploads\/2018\/09\/viabilita.jpeg 800w, https:\/\/www.radiopiu.net\/wordpress\/wp-content\/uploads\/2018\/09\/viabilita-300x38.jpeg 300w, https:\/\/www.radiopiu.net\/wordpress\/wp-content\/uploads\/2018\/09\/viabilita-768x96.jpeg 768w\" alt=\"\" width=\"800\" height=\"100\" \/><\/p>\n<p>&nbsp;<\/p>\n<p>&nbsp;<\/p>\n<p><strong>AGGIORNAMENTO VENETO STRADE, AGGIORNAMENTO CONTINUO H 24<\/strong><\/p>\n<blockquote class=\"wp-embedded-content\" data-secret=\"IRG0cBudYl\"><p><a href=\"https:\/\/www.radiopiu.net\/wordpress\/viabilita\/\">viabilita<\/a><\/p><\/blockquote>\n<p><iframe loading=\"lazy\" class=\"wp-embedded-content\" sandbox=\"allow-scripts\" security=\"restricted\" style=\"position: absolute; clip: rect(1px, 1px, 1px, 1px);\" title=\"&#8220;viabilita&#8221; &#8212; Radio Pi\u00f9\" src=\"https:\/\/www.radiopiu.net\/wordpress\/viabilita\/embed\/#?secret=hyeX30rCzQ#?secret=IRG0cBudYl\" data-secret=\"IRG0cBudYl\" width=\"600\" height=\"338\" frameborder=\"0\" marginwidth=\"0\" marginheight=\"0\" scrolling=\"no\"><\/iframe><\/p>\n<p>&nbsp;<\/p>\n<hr \/>\n<p>&nbsp;<\/p>\n<p><a class=\"dt-pswp-item\" href=\"https:\/\/www.radiopiu.net\/wordpress\/wp-content\/uploads\/2018\/09\/WhatsApp-Image-2018-09-20-at-16.04.06.jpeg\" data-dt-img-description=\"\" data-large_image_width=\"800\" data-large_image_height=\"100\"><img loading=\"lazy\" decoding=\"async\" class=\"wp-image-61378 size-full aligncenter\" src=\"https:\/\/www.radiopiu.net\/wordpress\/wp-content\/uploads\/2018\/09\/WhatsApp-Image-2018-09-20-at-16.04.06.jpeg\" alt=\"\" width=\"800\" height=\"100\" srcset=\"https:\/\/www.radiopiu.net\/wordpress\/wp-content\/uploads\/2018\/09\/WhatsApp-Image-2018-09-20-at-16.04.06.jpeg 800w, https:\/\/www.radiopiu.net\/wordpress\/wp-content\/uploads\/2018\/09\/WhatsApp-Image-2018-09-20-at-16.04.06-300x38.jpeg 300w, https:\/\/www.radiopiu.net\/wordpress\/wp-content\/uploads\/2018\/09\/WhatsApp-Image-2018-09-20-at-16.04.06-768x96.jpeg 768w\" sizes=\"auto, (max-width: 800px) 100vw, 800px\" \/><\/a><\/p>\n<p><center><\/center>&nbsp;<\/p>\n<p><center><\/center><center><\/center><b>OGGI: <\/b>Al mattino in prevalenza soleggiato con cielo perlopi\u00f9 sereno; non escluse nebbie\u00a0 o locali nubi basse in alcune conche prealpine durante le ore pi\u00f9 fredde. Al pomeriggio il cielo rimarr\u00e0 spesso sereno sulle Dolomiti, mentre nubi medio-basse potranno ridurre il soleggiamento sulle Prealpi. Il freddo torner\u00e0 a interessare la montagna veneta, gi\u00e0 per il forte irraggiamento notturno, ma anche per l&#8217;inizio di una nuova avvezione di aria pi\u00f9 fredda. Temperature: In generale calo, specie le minime<\/p>\n<p>&nbsp;<\/p>\n<hr \/>\n<p><center><\/center><b>DOMANI: <\/b>Sole e cielo sereno sulle Dolomiti, pressoch\u00e9 sereno sulle Prealpi per temporanea presenza di sottili nubi alte in grado di velare leggermente il cielo. Aria limpida e ottima visibilit\u00e0 ovunque. Lieve accentuazione del freddo a tutte le quote. Temperature: In ulteriore leggera flessione, con probabile intensificazione delle gelate notturne<\/p>\n<p>&nbsp;<\/p>\n<hr \/>\n<p><center><\/center><strong>SABATO<\/strong> Nella prima parte del giorno estese nubi medie stratiformi per nubi di sottovento (lee clouds) con qualche breve schiarita. Al pomeriggio diradamento della nuvolosit\u00e0 e rasserenamenti man mano pi\u00f9 ampi fino a cielo sereno. Temperature in generale rialzo, specie le minime<\/p>\n<p>&nbsp;<\/p>\n<hr \/>\n<p><center><\/center><strong>DOMENICA<\/strong> Stupenda giornata invernale con sole, cielo sereno, aria tersa e ottima visibilit\u00e0. Lieve insidia nebbia nelle ore pi\u00f9 fredde in alcune conche e depressioni prealpine. Verso sera arrivo di nubi alte. Temperature in generale lieve diminuzione nelle valli e in rialzo in alta quota.<\/p>\n<p>&nbsp;<\/p>\n<div>\n<hr \/>\n<\/div>\n<p>&nbsp;<\/p>\n<p>&nbsp;<\/p>\n<p><a class=\"dt-pswp-item\" href=\"https:\/\/www.radiopiu.net\/wordpress\/wp-content\/uploads\/2018\/09\/sport.jpg\" data-dt-img-description=\"\" data-large_image_width=\"800\" data-large_image_height=\"100\"><img loading=\"lazy\" decoding=\"async\" class=\"aligncenter wp-image-60761 size-full\" src=\"https:\/\/www.radiopiu.net\/wordpress\/wp-content\/uploads\/2018\/09\/sport.jpg\" alt=\"\" width=\"800\" height=\"100\" srcset=\"https:\/\/www.radiopiu.net\/wordpress\/wp-content\/uploads\/2018\/09\/sport.jpg 800w, https:\/\/www.radiopiu.net\/wordpress\/wp-content\/uploads\/2018\/09\/sport-300x38.jpg 300w, https:\/\/www.radiopiu.net\/wordpress\/wp-content\/uploads\/2018\/09\/sport-768x96.jpg 768w\" sizes=\"auto, (max-width: 800px) 100vw, 800px\" \/><\/a><\/p>\n<p>&nbsp;<\/p>\n<p><span style=\"color: #0000ff;\"><strong>CALCIO<\/strong><\/span><\/p>\n<blockquote>\n<h3>ALLIEVI REGIONALI DELL&#8217;AGORDINA ANCORA IN FONDO ALLA CLASSIFICA<\/h3>\n<\/blockquote>\n<p><a class=\"dt-pswp-item\" href=\"https:\/\/www.radiopiu.net\/wordpress\/wp-content\/uploads\/2022\/09\/ALLIEVI-AGORDINA-2022.jpg\" data-dt-img-description=\"ALLIEVI\" data-large_image_width=\"1600\" data-large_image_height=\"1200\"><img loading=\"lazy\" decoding=\"async\" class=\"wp-image-297694 alignleft\" src=\"https:\/\/www.radiopiu.net\/wordpress\/wp-content\/uploads\/2022\/09\/ALLIEVI-AGORDINA-2022-300x225.jpg\" alt=\"\" width=\"167\" height=\"125\" srcset=\"https:\/\/www.radiopiu.net\/wordpress\/wp-content\/uploads\/2022\/09\/ALLIEVI-AGORDINA-2022-300x225.jpg 300w, https:\/\/www.radiopiu.net\/wordpress\/wp-content\/uploads\/2022\/09\/ALLIEVI-AGORDINA-2022-1024x768.jpg 1024w, https:\/\/www.radiopiu.net\/wordpress\/wp-content\/uploads\/2022\/09\/ALLIEVI-AGORDINA-2022-768x576.jpg 768w, https:\/\/www.radiopiu.net\/wordpress\/wp-content\/uploads\/2022\/09\/ALLIEVI-AGORDINA-2022-1536x1152.jpg 1536w, https:\/\/www.radiopiu.net\/wordpress\/wp-content\/uploads\/2022\/09\/ALLIEVI-AGORDINA-2022.jpg 1600w\" sizes=\"auto, (max-width: 167px) 100vw, 167px\" \/><\/a><strong>di Marco Gaz<\/strong><\/p>\n<p><strong>REDAZIONE\u00a0<\/strong>Che la stagione sia stata impegnativa lo si sapeva fin dalla vigilia, ma gli Allievi Regionali dell&#8217;Agordina stanno faticando e non poco a macinare punti nel campionato under 18. La formazione di Orzetti \u00e8 in fondo alla classifica del torneo con un solo punto messo a segno, un pareggio contro l&#8217;Eclisse, la quarta forza del campionato. Per il resto una stagione al momento da dimenticare. I ragazzi agordini in questo momento hanno racimolato 14 sconfitte oltre al pareggio gi\u00e0 citato. Una squadra che ha subito 51 reti e ne ha segnate solo 5, un segnale che i giovani di Orzetti devono migliorare sia in fase difensiva che offensiva. Mancano 12 partite alla fine della stagione e tutto ancora pu\u00f2 succedere. Basterebbe una serie di risultati positivi per la squadra di Agordo e lo spauracchio della retrocessione sarebbe un miraggio. Domenica di nuovo in campo e l&#8217;Agordina giocher\u00e0 contro il Ponte nelle Alpi, una compagine di met\u00e0 classifica.<\/p>\n<p>&nbsp;<\/p>\n<p>&nbsp;<\/p>\n<hr \/>\n<p>&nbsp;<\/p>\n<p><span style=\"color: #0000ff;\"><strong>\u00a0BIATHLON\u00a0\u00a0<\/strong><\/span><\/p>\n<h3>I TRICOLORI IN VAL DI ZOLDO<\/h3>\n<p><strong>\u00a0<\/strong><\/p>\n<p><strong><a class=\"dt-pswp-item\" href=\"https:\/\/www.radiopiu.net\/wordpress\/wp-content\/uploads\/2023\/01\/val-di-zoldo-2015-biathlon-camp-ita-2.jpg\" data-dt-img-description=\"\" data-large_image_width=\"1476\" data-large_image_height=\"980\"><img loading=\"lazy\" decoding=\"async\" class=\" wp-image-318673 alignleft\" src=\"https:\/\/www.radiopiu.net\/wordpress\/wp-content\/uploads\/2023\/01\/val-di-zoldo-2015-biathlon-camp-ita-2-300x199.jpg\" alt=\"\" width=\"256\" height=\"170\" srcset=\"https:\/\/www.radiopiu.net\/wordpress\/wp-content\/uploads\/2023\/01\/val-di-zoldo-2015-biathlon-camp-ita-2-300x199.jpg 300w, https:\/\/www.radiopiu.net\/wordpress\/wp-content\/uploads\/2023\/01\/val-di-zoldo-2015-biathlon-camp-ita-2-1024x680.jpg 1024w, https:\/\/www.radiopiu.net\/wordpress\/wp-content\/uploads\/2023\/01\/val-di-zoldo-2015-biathlon-camp-ita-2-768x510.jpg 768w, https:\/\/www.radiopiu.net\/wordpress\/wp-content\/uploads\/2023\/01\/val-di-zoldo-2015-biathlon-camp-ita-2.jpg 1476w\" sizes=\"auto, (max-width: 256px) 100vw, 256px\" \/><\/a>VAL DI ZOLDO<\/strong> Nel fine settimana\u00a0 il centro di Palafav\u00e8ra ospiter\u00e0 i Campionati italiani delle categorie Ragazzi (Under 13) e Allievi (Under 15) di Biathlon. \u00a0L\u2019organizzazione \u00e8 affidata allo Sci club Valzoldana, presieduto da Arcangelo Panciera. In palio\u00a0 il Trofeo Fiamme Oro e il memorial Arduino Costantin. Domani gli allenamenti, sabato \u00e8 in programma la Sprint, le gar per le categorie allievi e ragazzi. Premiazioni\u00a0 dalle 17 alla sala polifunzionale di Fusine. Domenica verranno assegnati i tricolori della specialit\u00e0 Inseguimento. <em>\u00abAttendiamo 250 giovanissimi biathleti\u00bb <\/em>sottolinea Arcangelo Panciera, presidente dello Sci club Valzoldana.<em> \u00abIn queste ore stiamo sistemando la pista che si presenta nella sua veste migliore. Sono una cinquantina i volontari che stanno operando\u00bb. \u00a0<\/em><\/p>\n<p>&nbsp;<\/p>\n<hr \/>\n<p>&nbsp;<\/p>\n<p><span style=\"color: #0000ff;\"><strong>PALLAVOLO\u00a0<\/strong><\/span><br \/>\n<b>BELLUNO- SEDICO 1-3 <\/b><b>PARZIALI:\u00a0<\/b>23-25, 22-25, 25-23, 29-31.<span class=\"gmail-Apple-converted-space\">\u00a0<\/span><\/p>\n<p><a class=\"dt-pswp-item\" href=\"https:\/\/www.radiopiu.net\/wordpress\/wp-content\/uploads\/2023\/01\/Test_infrasettimanale_al_De_Mas.jpg\" data-dt-img-description=\"\" data-large_image_width=\"800\" data-large_image_height=\"400\"><img loading=\"lazy\" decoding=\"async\" class=\" wp-image-318760 alignleft\" src=\"https:\/\/www.radiopiu.net\/wordpress\/wp-content\/uploads\/2023\/01\/Test_infrasettimanale_al_De_Mas-300x150.jpg\" alt=\"\" width=\"274\" height=\"137\" srcset=\"https:\/\/www.radiopiu.net\/wordpress\/wp-content\/uploads\/2023\/01\/Test_infrasettimanale_al_De_Mas-300x150.jpg 300w, https:\/\/www.radiopiu.net\/wordpress\/wp-content\/uploads\/2023\/01\/Test_infrasettimanale_al_De_Mas-768x384.jpg 768w, https:\/\/www.radiopiu.net\/wordpress\/wp-content\/uploads\/2023\/01\/Test_infrasettimanale_al_De_Mas.jpg 800w\" sizes=\"auto, (max-width: 274px) 100vw, 274px\" \/><\/a>Il campionato femminile di serie C \u00e8 fermo. E riprender\u00e0 solo a inizio febbraio (sabato 4, quando le lupe riceveranno l\u2019Inglesina Altavilla). Ma le ragazze del Belluno oltre a portare avanti con impegno e costanza gli allenamenti, hanno dato vita\u00a0 a un test infrasettimanale contro un avversario di pari categoria. Come accaduto in Coppa Veneto, lo scorso 8 ottobre, \u00e8 la formazione sedicense a spuntarla.\u00a0 Coach Lorenzo Nesello \u00e8 soddisfatto a met\u00e0: <em>\u00abAvevo avanzato alcune richieste specifiche alla squadra e non sempre sono state rispettate. Cosa che ho fatto puntualmente notare. Dal punto di vista tecnico, le ragazze si sono espresse su buoni livelli, ma dobbiamo aumentare l\u2019intensit\u00e0 di gioco. D\u2019accordo, non era una gara ufficiale, per\u00f2 certe occasioni di confronto sono importanti: bisogna spingere sull\u2019acceleratore per arrivare poi pronti alle sfide di campionato\u00bb. <span class=\"gmail-Apple-converted-space\">\u00a0<\/span><\/em>Da evidenziare l\u2019assenza della palleggiatrice Gloria Vendramini (alle prese con l\u2019influenza), ben rimpiazzata comunque da una Dana D\u2019Isep brillante in regia e al servizio, come testimoniano le cinque battute vincenti. Positiva pure la prova delle centrali, entrambe in doppia cifra: Elena Zago (14 con 4 muri) e Claudia Fiabane (10 arricchiti da 2 ace e 2 muri).<\/p>\n<p>&nbsp;<\/p>\n<p>&nbsp;<\/p>\n<\/div>\n","protected":false},"excerpt":{"rendered":"<p>RADIO PIU INFORMAZIONE il canale su TELEGRAM informazione di prima\u00a0 mano e in tempo reale. iscriviti ed aiutaci a farlo conoscere\u00a0 ISCRIVITI AL NOSTRO CANALE YOUTUBE PER SEGUIRE IN DIRETTA I PRINCIPALI PROGRAMMI DI RADIO PIU&#8217; E LE FUTURE DIRETTE IN ESTERNA. PER ISCRIVERTI CLICCA QUI E PREMI IL TASTO &#8220;Iscriviti&#8221;\u00a0 &nbsp; &nbsp; TRAVOLTO DALLA&hellip;<\/p>\n","protected":false},"author":4,"featured_media":318775,"comment_status":"closed","ping_status":"closed","sticky":false,"template":"","format":"standard","meta":{"_monsterinsights_skip_tracking":false,"_monsterinsights_sitenote_active":false,"_monsterinsights_sitenote_note":"","_monsterinsights_sitenote_category":0,"footnotes":""},"categories":[51,86,49],"tags":[],"class_list":["post-318591","post","type-post","status-publish","format-standard","has-post-thumbnail","hentry","category-evidenza-top","category-gr","category-news-18","category-51","category-86","category-49","description-off"],"img_url":"https:\/\/www.radiopiu.net\/wordpress\/wp-content\/uploads\/2023\/01\/AAAA-1.jpg","_links":{"self":[{"href":"https:\/\/www.radiopiu.net\/wordpress\/wp-json\/wp\/v2\/posts\/318591","targetHints":{"allow":["GET"]}}],"collection":[{"href":"https:\/\/www.radiopiu.net\/wordpress\/wp-json\/wp\/v2\/posts"}],"about":[{"href":"https:\/\/www.radiopiu.net\/wordpress\/wp-json\/wp\/v2\/types\/post"}],"author":[{"embeddable":true,"href":"https:\/\/www.radiopiu.net\/wordpress\/wp-json\/wp\/v2\/users\/4"}],"replies":[{"embeddable":true,"href":"https:\/\/www.radiopiu.net\/wordpress\/wp-json\/wp\/v2\/comments?post=318591"}],"version-history":[{"count":0,"href":"https:\/\/www.radiopiu.net\/wordpress\/wp-json\/wp\/v2\/posts\/318591\/revisions"}],"wp:featuredmedia":[{"embeddable":true,"href":"https:\/\/www.radiopiu.net\/wordpress\/wp-json\/wp\/v2\/media\/318775"}],"wp:attachment":[{"href":"https:\/\/www.radiopiu.net\/wordpress\/wp-json\/wp\/v2\/media?parent=318591"}],"wp:term":[{"taxonomy":"category","embeddable":true,"href":"https:\/\/www.radiopiu.net\/wordpress\/wp-json\/wp\/v2\/categories?post=318591"},{"taxonomy":"post_tag","embeddable":true,"href":"https:\/\/www.radiopiu.net\/wordpress\/wp-json\/wp\/v2\/tags?post=318591"}],"curies":[{"name":"wp","href":"https:\/\/api.w.org\/{rel}","templated":true}]}}