{"id":318652,"date":"2023-01-25T11:31:01","date_gmt":"2023-01-25T10:31:01","guid":{"rendered":"https:\/\/www.radiopiu.net\/wordpress\/?p=318652"},"modified":"2023-01-25T11:34:02","modified_gmt":"2023-01-25T10:34:02","slug":"volavano-i-tuoi-baci-di-mariano-grossi","status":"publish","type":"post","link":"https:\/\/www.radiopiu.net\/wordpress\/volavano-i-tuoi-baci-di-mariano-grossi\/","title":{"rendered":"VOLAVANO I TUOI BACI di  MARIANO GROSSI"},"content":{"rendered":"<p>AUDIO<\/p>\n<audio class=\"wp-audio-shortcode\" id=\"audio-318652-1\" preload=\"none\" style=\"width: 100%;\" controls=\"controls\"><source type=\"audio\/mpeg\" src=\"https:\/\/www.radiopiu.net\/wordpress\/wp-content\/uploads\/2023\/01\/03-mariano-grossi-volavano-i-tuoi-baci.mp3?_=1\" \/><a href=\"https:\/\/www.radiopiu.net\/wordpress\/wp-content\/uploads\/2023\/01\/03-mariano-grossi-volavano-i-tuoi-baci.mp3\">https:\/\/www.radiopiu.net\/wordpress\/wp-content\/uploads\/2023\/01\/03-mariano-grossi-volavano-i-tuoi-baci.mp3<\/a><\/audio>\n<p>&nbsp;<\/p>\n<p><img loading=\"lazy\" decoding=\"async\" class=\"alignleft\" src=\"https:\/\/www.radiopiu.net\/wordpress\/wp-content\/uploads\/2023\/01\/man-1853532__340.jpg\" width=\"230\" height=\"153\" \/><strong>Mariano Grossi<\/strong><br \/>\n<strong>VOLAVANO I TUOI BACI<\/strong><br \/>\nVolavano i tuoi baci sotto quel cielo terso<br \/>\ned io vivevo altrove, di certo pi\u00f9 introverso<br \/>\ne mai esternavo gioia, turbato fino all&#8217;osso,<br \/>\nchiedendomi: &#8220;Ma \u00e8 vero che m&#8217;ama a pi\u00f9 non posso?&#8221;<br \/>\nE nell&#8217;azzurro chiaro volavano i gabbiani<br \/>\nmentre ti trattenevo, stringendoti le mani,<br \/>\ncome se presagissi la fine dell&#8217;incanto,<br \/>\nbagnati avevo gli occhi dall&#8217;umido del pianto.<br \/>\nCos\u00ec le tue promesse, come triste canzone,<br \/>\nsvanirono sembrando nuvole di cotone.<\/p>\n<p>&nbsp;<\/p>\n<p>&nbsp;<\/p>\n<p>&nbsp;<\/p>\n<div dir=\"auto\">\n<div dir=\"auto\">\n<div dir=\"auto\">\n<p><strong>LA RACCOLTA COMPLETA<\/strong><\/p>\n<blockquote class=\"wp-embedded-content\" data-secret=\"I6rHMFj6oA\"><p><a href=\"https:\/\/www.radiopiu.net\/wordpress\/in-vivo-verso\/\">In Vivo Verso<\/a><\/p><\/blockquote>\n<p><iframe loading=\"lazy\" class=\"wp-embedded-content\" sandbox=\"allow-scripts\" security=\"restricted\" style=\"position: absolute; clip: rect(1px, 1px, 1px, 1px);\" title=\"&#8220;In Vivo Verso&#8221; &#8212; Radio Pi\u00f9\" src=\"https:\/\/www.radiopiu.net\/wordpress\/in-vivo-verso\/embed\/#?secret=kDS6ZJuviy#?secret=I6rHMFj6oA\" data-secret=\"I6rHMFj6oA\" width=\"600\" height=\"338\" frameborder=\"0\" marginwidth=\"0\" marginheight=\"0\" scrolling=\"no\"><\/iframe><\/p>\n<\/div>\n<\/div>\n<\/div>\n<hr \/>\n<p>&nbsp;<\/p>\n","protected":false},"excerpt":{"rendered":"<p>AUDIO &nbsp; Mariano Grossi VOLAVANO I TUOI BACI Volavano i tuoi baci sotto quel cielo terso ed io vivevo altrove, di certo pi\u00f9 introverso e mai esternavo gioia, turbato fino all&#8217;osso, chiedendomi: &#8220;Ma \u00e8 vero che m&#8217;ama a pi\u00f9 non posso?&#8221; E nell&#8217;azzurro chiaro volavano i gabbiani mentre ti trattenevo, stringendoti le mani, come se&hellip;<\/p>\n","protected":false},"author":4,"featured_media":318657,"comment_status":"closed","ping_status":"closed","sticky":false,"template":"","format":"standard","meta":{"_monsterinsights_skip_tracking":false,"_monsterinsights_sitenote_active":false,"_monsterinsights_sitenote_note":"","_monsterinsights_sitenote_category":0,"footnotes":""},"categories":[22,49],"tags":[],"class_list":["post-318652","post","type-post","status-publish","format-standard","has-post-thumbnail","hentry","category-invivoverso","category-news-18","category-22","category-49","description-off"],"img_url":"https:\/\/www.radiopiu.net\/wordpress\/wp-content\/uploads\/2023\/01\/man-1853532__340.jpg","_links":{"self":[{"href":"https:\/\/www.radiopiu.net\/wordpress\/wp-json\/wp\/v2\/posts\/318652","targetHints":{"allow":["GET"]}}],"collection":[{"href":"https:\/\/www.radiopiu.net\/wordpress\/wp-json\/wp\/v2\/posts"}],"about":[{"href":"https:\/\/www.radiopiu.net\/wordpress\/wp-json\/wp\/v2\/types\/post"}],"author":[{"embeddable":true,"href":"https:\/\/www.radiopiu.net\/wordpress\/wp-json\/wp\/v2\/users\/4"}],"replies":[{"embeddable":true,"href":"https:\/\/www.radiopiu.net\/wordpress\/wp-json\/wp\/v2\/comments?post=318652"}],"version-history":[{"count":0,"href":"https:\/\/www.radiopiu.net\/wordpress\/wp-json\/wp\/v2\/posts\/318652\/revisions"}],"wp:featuredmedia":[{"embeddable":true,"href":"https:\/\/www.radiopiu.net\/wordpress\/wp-json\/wp\/v2\/media\/318657"}],"wp:attachment":[{"href":"https:\/\/www.radiopiu.net\/wordpress\/wp-json\/wp\/v2\/media?parent=318652"}],"wp:term":[{"taxonomy":"category","embeddable":true,"href":"https:\/\/www.radiopiu.net\/wordpress\/wp-json\/wp\/v2\/categories?post=318652"},{"taxonomy":"post_tag","embeddable":true,"href":"https:\/\/www.radiopiu.net\/wordpress\/wp-json\/wp\/v2\/tags?post=318652"}],"curies":[{"name":"wp","href":"https:\/\/api.w.org\/{rel}","templated":true}]}}