{"id":318670,"date":"2023-01-26T05:37:34","date_gmt":"2023-01-26T04:37:34","guid":{"rendered":"https:\/\/www.radiopiu.net\/wordpress\/?p=318670"},"modified":"2023-01-26T06:13:33","modified_gmt":"2023-01-26T05:13:33","slug":"il-fondo-welfare-con-le-categorie-per-un-percorso-di-formazione-agli-esercenti","status":"publish","type":"post","link":"https:\/\/www.radiopiu.net\/wordpress\/il-fondo-welfare-con-le-categorie-per-un-percorso-di-formazione-agli-esercenti\/","title":{"rendered":"IL FONDO WELFARE CON LE CATEGORIE PER UN PERCORSO DI FORMAZIONE AGLI ESERCENTI"},"content":{"rendered":"<p>&nbsp;<\/p>\n<p><strong><a class=\"dt-pswp-item\" href=\"https:\/\/www.radiopiu.net\/wordpress\/wp-content\/uploads\/2023\/01\/Senza-nome-62.jpg\" data-dt-img-description=\"\" data-large_image_width=\"355\" data-large_image_height=\"248\"><img loading=\"lazy\" decoding=\"async\" class=\"size-medium wp-image-318671 alignleft\" src=\"https:\/\/www.radiopiu.net\/wordpress\/wp-content\/uploads\/2023\/01\/Senza-nome-62-300x210.jpg\" alt=\"\" width=\"300\" height=\"210\" srcset=\"https:\/\/www.radiopiu.net\/wordpress\/wp-content\/uploads\/2023\/01\/Senza-nome-62-300x210.jpg 300w, https:\/\/www.radiopiu.net\/wordpress\/wp-content\/uploads\/2023\/01\/Senza-nome-62.jpg 355w\" sizes=\"auto, (max-width: 300px) 100vw, 300px\" \/><\/a>BELLUNO<\/strong> Riconoscere i segnali di disagio. Individuare sintomi di violenza di genere. E soprattutto aiutare le donne vittime di maltrattamenti. Sono questi gli obiettivi dell\u2019ultima iniziativa del Fondo Welfare, insieme alla Provincia, in programma il 30 gennaio, alle 17.30 nella sala convegni \u201cPiero Rossi\u201d di Ascom Belluno. Un evento formativo rivolto agli esercenti a maggior contatto con il mondo femminile, vale a dire parrucchieri, estetisti, commercianti. Il pomeriggio formativo si intitola \u201cI segnali della violenza contro le donne. Cosa sapere, dove indirizzare\u201d. Interverr\u00e0 Roberta Gallego (vice Procuratore della Repubblica) per tracciare un profilo giurisprudenziale relativo alla violenza di genere. Quindi le relazioni di Valentina Benvegn\u00f9 (commissario della Polizia di Stato), Erika Leone (medico legale dell\u2019Ulss 1 Dolomiti) e Francesca Quaglia (responsabile del Centro antiviolenza di \u201cBelluno Donna\u201d). Coinvolte attivamente anche\u00a0 le associazioni di categoria, che si sono messe a disposizione.\u00a0 <em>\u00abIl connotato pi\u00f9 allarmante dell\u2019intollerabile fenomeno della violenza sulle donne \u00e8 la sua cronicit\u00e0. I dati e le statistiche ci impongono di constatare che il fenomeno della repressione delle donne, in quanto donne, \u00e8 ancora molto presente nel nostro contesto sociale\u00bb<\/em> sottolineano Appia Cna, Ascom Confcommercio e Confartigianato Belluno.<\/p>\n<p>___<\/p>\n","protected":false},"excerpt":{"rendered":"<p>&nbsp; BELLUNO Riconoscere i segnali di disagio. Individuare sintomi di violenza di genere. E soprattutto aiutare le donne vittime di maltrattamenti. Sono questi gli obiettivi dell\u2019ultima iniziativa del Fondo Welfare, insieme alla Provincia, in programma il 30 gennaio, alle 17.30 nella sala convegni \u201cPiero Rossi\u201d di Ascom Belluno. Un evento formativo rivolto agli esercenti a&hellip;<\/p>\n","protected":false},"author":4,"featured_media":318671,"comment_status":"closed","ping_status":"closed","sticky":false,"template":"","format":"standard","meta":{"_monsterinsights_skip_tracking":false,"_monsterinsights_sitenote_active":false,"_monsterinsights_sitenote_note":"","_monsterinsights_sitenote_category":0,"footnotes":""},"categories":[49],"tags":[],"class_list":["post-318670","post","type-post","status-publish","format-standard","has-post-thumbnail","hentry","category-news-18","category-49","description-off"],"img_url":"https:\/\/www.radiopiu.net\/wordpress\/wp-content\/uploads\/2023\/01\/Senza-nome-62.jpg","_links":{"self":[{"href":"https:\/\/www.radiopiu.net\/wordpress\/wp-json\/wp\/v2\/posts\/318670","targetHints":{"allow":["GET"]}}],"collection":[{"href":"https:\/\/www.radiopiu.net\/wordpress\/wp-json\/wp\/v2\/posts"}],"about":[{"href":"https:\/\/www.radiopiu.net\/wordpress\/wp-json\/wp\/v2\/types\/post"}],"author":[{"embeddable":true,"href":"https:\/\/www.radiopiu.net\/wordpress\/wp-json\/wp\/v2\/users\/4"}],"replies":[{"embeddable":true,"href":"https:\/\/www.radiopiu.net\/wordpress\/wp-json\/wp\/v2\/comments?post=318670"}],"version-history":[{"count":0,"href":"https:\/\/www.radiopiu.net\/wordpress\/wp-json\/wp\/v2\/posts\/318670\/revisions"}],"wp:featuredmedia":[{"embeddable":true,"href":"https:\/\/www.radiopiu.net\/wordpress\/wp-json\/wp\/v2\/media\/318671"}],"wp:attachment":[{"href":"https:\/\/www.radiopiu.net\/wordpress\/wp-json\/wp\/v2\/media?parent=318670"}],"wp:term":[{"taxonomy":"category","embeddable":true,"href":"https:\/\/www.radiopiu.net\/wordpress\/wp-json\/wp\/v2\/categories?post=318670"},{"taxonomy":"post_tag","embeddable":true,"href":"https:\/\/www.radiopiu.net\/wordpress\/wp-json\/wp\/v2\/tags?post=318670"}],"curies":[{"name":"wp","href":"https:\/\/api.w.org\/{rel}","templated":true}]}}