{"id":318750,"date":"2023-01-26T05:40:08","date_gmt":"2023-01-26T04:40:08","guid":{"rendered":"https:\/\/www.radiopiu.net\/wordpress\/?p=318750"},"modified":"2023-01-26T06:12:20","modified_gmt":"2023-01-26T05:12:20","slug":"dillo-a-radio-piu-nuovi-e-vecchi-parcheggi-in-localita-valcozzena","status":"publish","type":"post","link":"https:\/\/www.radiopiu.net\/wordpress\/dillo-a-radio-piu-nuovi-e-vecchi-parcheggi-in-localita-valcozzena\/","title":{"rendered":"DILLO A RADIO PIU &#8230;.NUOVI E VECCHI PARCHEGGI IN LOCALITA&#8217; VALCOZZENA"},"content":{"rendered":"<p><strong><a class=\"dt-pswp-item\" href=\"https:\/\/www.radiopiu.net\/wordpress\/wp-content\/uploads\/2023\/01\/Schermata-2023-01-25-alle-19.35.16.png\" data-dt-img-description=\"\" data-large_image_width=\"1184\" data-large_image_height=\"874\"><img loading=\"lazy\" decoding=\"async\" class=\" wp-image-318751 alignleft\" src=\"https:\/\/www.radiopiu.net\/wordpress\/wp-content\/uploads\/2023\/01\/Schermata-2023-01-25-alle-19.35.16-300x221.png\" alt=\"\" width=\"164\" height=\"121\" srcset=\"https:\/\/www.radiopiu.net\/wordpress\/wp-content\/uploads\/2023\/01\/Schermata-2023-01-25-alle-19.35.16-300x221.png 300w, https:\/\/www.radiopiu.net\/wordpress\/wp-content\/uploads\/2023\/01\/Schermata-2023-01-25-alle-19.35.16-1024x756.png 1024w, https:\/\/www.radiopiu.net\/wordpress\/wp-content\/uploads\/2023\/01\/Schermata-2023-01-25-alle-19.35.16-768x567.png 768w, https:\/\/www.radiopiu.net\/wordpress\/wp-content\/uploads\/2023\/01\/Schermata-2023-01-25-alle-19.35.16.png 1184w\" sizes=\"auto, (max-width: 164px) 100vw, 164px\" \/><\/a>REDAZIONE<\/strong> Riceviamo e pubblichiamo una segnalazione che arriva da Valcozzena dove un nostro ascoltatore mette in evidenza il problema parcheggi a ridosso dello stabilimento Luxottica.<\/p>\n<p><em>Cara Radio Pi\u00f9 pensavo che con la nuova viabilit\u00e0 e i parcheggi che indicano la quantit\u00e0 di posti liberi non si sarebbe pi\u00f9 verificato quanto invece si vede nella foto. Sperando che non servano mezzi di soccorso mi sento di ringraziare il signore che, nonostante tutte le nuove infrastrutture, continua a fregarsene e parcheggia tranquillamente ostruendo la carreggiata. Auto gi\u00e0 in sosta alle 14:30&#8230;foto delle 19:15 circa.<\/em><\/p>\n<p>&nbsp;<\/p>\n<p>&nbsp;<\/p>\n<p>******<\/p>\n","protected":false},"excerpt":{"rendered":"<p>REDAZIONE Riceviamo e pubblichiamo una segnalazione che arriva da Valcozzena dove un nostro ascoltatore mette in evidenza il problema parcheggi a ridosso dello stabilimento Luxottica. Cara Radio Pi\u00f9 pensavo che con la nuova viabilit\u00e0 e i parcheggi che indicano la quantit\u00e0 di posti liberi non si sarebbe pi\u00f9 verificato quanto invece si vede nella foto.&hellip;<\/p>\n","protected":false},"author":4,"featured_media":318751,"comment_status":"closed","ping_status":"closed","sticky":false,"template":"","format":"standard","meta":{"_monsterinsights_skip_tracking":false,"_monsterinsights_sitenote_active":false,"_monsterinsights_sitenote_note":"","_monsterinsights_sitenote_category":0,"footnotes":""},"categories":[51,49],"tags":[],"class_list":["post-318750","post","type-post","status-publish","format-standard","has-post-thumbnail","hentry","category-evidenza-top","category-news-18","category-51","category-49","description-off"],"img_url":"https:\/\/www.radiopiu.net\/wordpress\/wp-content\/uploads\/2023\/01\/Schermata-2023-01-25-alle-19.35.16.png","_links":{"self":[{"href":"https:\/\/www.radiopiu.net\/wordpress\/wp-json\/wp\/v2\/posts\/318750","targetHints":{"allow":["GET"]}}],"collection":[{"href":"https:\/\/www.radiopiu.net\/wordpress\/wp-json\/wp\/v2\/posts"}],"about":[{"href":"https:\/\/www.radiopiu.net\/wordpress\/wp-json\/wp\/v2\/types\/post"}],"author":[{"embeddable":true,"href":"https:\/\/www.radiopiu.net\/wordpress\/wp-json\/wp\/v2\/users\/4"}],"replies":[{"embeddable":true,"href":"https:\/\/www.radiopiu.net\/wordpress\/wp-json\/wp\/v2\/comments?post=318750"}],"version-history":[{"count":0,"href":"https:\/\/www.radiopiu.net\/wordpress\/wp-json\/wp\/v2\/posts\/318750\/revisions"}],"wp:featuredmedia":[{"embeddable":true,"href":"https:\/\/www.radiopiu.net\/wordpress\/wp-json\/wp\/v2\/media\/318751"}],"wp:attachment":[{"href":"https:\/\/www.radiopiu.net\/wordpress\/wp-json\/wp\/v2\/media?parent=318750"}],"wp:term":[{"taxonomy":"category","embeddable":true,"href":"https:\/\/www.radiopiu.net\/wordpress\/wp-json\/wp\/v2\/categories?post=318750"},{"taxonomy":"post_tag","embeddable":true,"href":"https:\/\/www.radiopiu.net\/wordpress\/wp-json\/wp\/v2\/tags?post=318750"}],"curies":[{"name":"wp","href":"https:\/\/api.w.org\/{rel}","templated":true}]}}