{"id":318754,"date":"2023-01-27T05:23:25","date_gmt":"2023-01-27T04:23:25","guid":{"rendered":"https:\/\/www.radiopiu.net\/wordpress\/?p=318754"},"modified":"2023-01-27T09:00:17","modified_gmt":"2023-01-27T08:00:17","slug":"giornale-radiopiu-27-gennaio-2023-direttore-mirko-mezzacasa-verso-i-40-anni-25-giugno-1983-25-giugno-2023","status":"publish","type":"post","link":"https:\/\/www.radiopiu.net\/wordpress\/giornale-radiopiu-27-gennaio-2023-direttore-mirko-mezzacasa-verso-i-40-anni-25-giugno-1983-25-giugno-2023\/","title":{"rendered":"GIORNALE RADIOPIU 27 GENNAIO 2023 DIRETTORE MIRKO MEZZACASA&#8230;verso i 40 anni 25 giugno 1983-25 giugno 2023"},"content":{"rendered":"<h3 class=\"kvgmc6g5 cxmmr5t8 oygrvhab hcukyx3x c1et5uql\"><span style=\"color: #0000ff;\"><strong>RADIO PIU INFORMAZIONE il canale su TELEGRAM informazione di prima\u00a0 <\/strong><strong>mano e in tempo reale. iscriviti ed aiutaci a farlo conoscere\u00a0<\/strong><\/span><\/h3>\n<h2 style=\"text-align: left;\"><span style=\"color: #ff0000;\">ISCRIVITI AL NOSTRO CANALE YOUTUBE PER SEGUIRE IN DIRETTA I PRINCIPALI PROGRAMMI DI RADIO PIU&#8217; E LE FUTURE DIRETTE IN ESTERNA. PER ISCRIVERTI <a style=\"color: #ff0000;\" href=\"https:\/\/youtube.com\/@radiopiu1527\">CLICCA QUI<\/a> E PREMI IL TASTO &#8220;Iscriviti&#8221;\u00a0<\/span><\/h2>\n<blockquote>\n<h3><\/h3>\n<h3>RIAPERTO PASSO FEDAIA<\/h3>\n<\/blockquote>\n<p>&nbsp;<\/p>\n<p><strong>ROCCA PIETORE<\/strong> Passo Fedaia riaperto, ma necessitano gomme da neve buone, e\/o catene, gi\u00e0 molti i mezzi in strada alle prese con il montaggio delle catene di intralcio al traffico.<\/p>\n\n\t\t\t<style type='text\/css'>\n\t\t\t\t#gallery-1 {\n\t\t\t\t\tmargin: auto;\n\t\t\t\t}\n\t\t\t\t#gallery-1 .gallery-item {\n\t\t\t\t\tfloat: left;\n\t\t\t\t\tmargin-top: 10px;\n\t\t\t\t\ttext-align: center;\n\t\t\t\t\twidth: 50%;\n\t\t\t\t}\n\t\t\t\t#gallery-1 img {\n\t\t\t\t\tborder: 2px solid #cfcfcf;\n\t\t\t\t}\n\t\t\t\t#gallery-1 .gallery-caption {\n\t\t\t\t\tmargin-left: 0;\n\t\t\t\t}\n\t\t\t\t\/* see gallery_shortcode() in wp-includes\/media.php *\/\n\t\t\t<\/style>\n\t\t<div id='gallery-1' class='dt-gallery-container gallery galleryid-318754 gallery-columns-2 gallery-size-thumbnail'><dl class='gallery-item'>\n\t\t\t\t<dt class='gallery-icon portrait'>\n\t\t\t\t\t<a class=\"rollover rollover-zoom dt-pswp-item\" title=\"c5332f8f-51b9-469a-ad40-c79fa8c71890\" data-dt-img-description=\"\" data-large_image_width=\"1200\" data-large_image_height=\"1600\"href='https:\/\/www.radiopiu.net\/wordpress\/wp-content\/uploads\/2023\/01\/c5332f8f-51b9-469a-ad40-c79fa8c71890.jpg'><img loading=\"lazy\" decoding=\"async\" width=\"150\" height=\"150\" src=\"https:\/\/www.radiopiu.net\/wordpress\/wp-content\/uploads\/2023\/01\/c5332f8f-51b9-469a-ad40-c79fa8c71890-150x150.jpg\" class=\"attachment-thumbnail size-thumbnail\" alt=\"\" \/><\/a>\n\t\t\t\t<\/dt><\/dl><dl class='gallery-item'>\n\t\t\t\t<dt class='gallery-icon portrait'>\n\t\t\t\t\t<a class=\"rollover rollover-zoom dt-pswp-item\" title=\"bdfcea0b-cd99-4a0c-962c-ff18d6cb47d7\" data-dt-img-description=\"\" data-large_image_width=\"1200\" data-large_image_height=\"1600\"href='https:\/\/www.radiopiu.net\/wordpress\/wp-content\/uploads\/2023\/01\/bdfcea0b-cd99-4a0c-962c-ff18d6cb47d7.jpg'><img loading=\"lazy\" decoding=\"async\" width=\"150\" height=\"150\" src=\"https:\/\/www.radiopiu.net\/wordpress\/wp-content\/uploads\/2023\/01\/bdfcea0b-cd99-4a0c-962c-ff18d6cb47d7-150x150.jpg\" class=\"attachment-thumbnail size-thumbnail\" alt=\"\" \/><\/a>\n\t\t\t\t<\/dt><\/dl><br style=\"clear: both\" \/>\n\t\t\t<\/div>\n\n<p>&nbsp;<\/p>\n<p>&nbsp;<\/p>\n<p>&nbsp;<\/p>\n<hr \/>\n<p>&nbsp;<\/p>\n<blockquote>\n<h3>RIVAMONTE PIANGE GIOVANNI GNECH<\/h3>\n<\/blockquote>\n<p><strong><a class=\"dt-pswp-item\" href=\"https:\/\/www.radiopiu.net\/wordpress\/wp-content\/uploads\/2023\/01\/ea9c8b7f-6a77-4d8e-85fe-009c6ed3a0f0.jpg\" data-dt-img-description=\"\" data-large_image_width=\"149\" data-large_image_height=\"225\"><img loading=\"lazy\" decoding=\"async\" class=\" wp-image-318891 alignleft\" src=\"https:\/\/www.radiopiu.net\/wordpress\/wp-content\/uploads\/2023\/01\/ea9c8b7f-6a77-4d8e-85fe-009c6ed3a0f0.jpg\" alt=\"\" width=\"75\" height=\"113\" \/><\/a>RIVAMONTE<\/strong><\/p>\n<p>di Gianni Santomaso<\/p>\n<audio class=\"wp-audio-shortcode\" id=\"audio-318754-1\" preload=\"none\" style=\"width: 100%;\" controls=\"controls\"><source type=\"audio\/mpeg\" src=\"https:\/\/www.radiopiu.net\/wordpress\/wp-content\/uploads\/2023\/01\/GIANNI-RIVAMONTE-PIANGE-GIOVANNI-GNECH.mp3?_=1\" \/><a href=\"https:\/\/www.radiopiu.net\/wordpress\/wp-content\/uploads\/2023\/01\/GIANNI-RIVAMONTE-PIANGE-GIOVANNI-GNECH.mp3\">https:\/\/www.radiopiu.net\/wordpress\/wp-content\/uploads\/2023\/01\/GIANNI-RIVAMONTE-PIANGE-GIOVANNI-GNECH.mp3<\/a><\/audio>\n<p>&nbsp;<\/p>\n<hr \/>\n<p>&nbsp;<\/p>\n<blockquote>\n<h3>E&#8217; MANCATO IL PADRE DELLA CARTARIA<\/h3>\n<\/blockquote>\n<p><strong><a class=\"dt-pswp-item\" href=\"https:\/\/www.radiopiu.net\/wordpress\/wp-content\/uploads\/2023\/01\/Senza-nome-65.jpg\" data-dt-img-description=\"\" data-large_image_width=\"283\" data-large_image_height=\"291\"><img loading=\"lazy\" decoding=\"async\" class=\"wp-image-318913 alignleft\" src=\"https:\/\/www.radiopiu.net\/wordpress\/wp-content\/uploads\/2023\/01\/Senza-nome-65.jpg\" alt=\"\" width=\"116\" height=\"119\" \/><\/a>BELLUNO<\/strong> Addio a Mauro Kirsten,\u00a0 storico titolare della Cartaria Bellunese,\u00a0 aveva 63 anni e soffriva di un male incurabile. L&#8217;ultimo saluto \u00e8 stato fissato per domani, alle 11, nella chiesa parrocchiale di Cavarzano. Mauro Kirsten lascia la compagna Daniela, i figli Stefania e Fabio con i rispettivi compagni Federico e Antonella, il fratello Glauco e i nipoti Michela e Luigi. La famiglia Kirsten ringrazia fin da ora l&#8217;intero personale di Casa Tua 2, che si \u00e8 occupato con grandissima cura e professionalit\u00e0 di Mauro.<\/p>\n<p>&nbsp;<\/p>\n<hr \/>\n<p>&nbsp;<\/p>\n<blockquote>\n<h3>LO STRAZIANTE ULTIMO SALUTO ALLA STUDENTESSA<\/h3>\n<\/blockquote>\n<p><strong>BELLUNO<\/strong> Fiori sotto casa, per ricordarla con amore e affetto.\u00a0 Domani alle 14.30 nella casa funeraria una breve cerimonia laica per l&#8217;addio alla studentessa del Catullo morta domenica mattina.<\/p>\n<p>&nbsp;<\/p>\n<hr \/>\n<p>&nbsp;<\/p>\n<blockquote>\n<h2>AGORDO &#8220;PESTATEMI COME CUCCHI&#8221;, FARA&#8217; VOLONTARIATO<\/h2>\n<\/blockquote>\n<p><strong>OGGI SUL CORRIERE DELLE ALPI<\/strong><\/p>\n<p><strong>DI GIGI SOSSO<\/strong><\/p>\n<p><strong><img loading=\"lazy\" decoding=\"async\" class=\"alignleft\" src=\"https:\/\/www.radiopiu.net\/wordpress\/wp-content\/uploads\/2021\/10\/275c9413-e555-445d-9853-07cd7457b20a.jpg\" width=\"233\" height=\"131\" \/>BELLUNO\u00a0<\/strong> <em>\u00abDatemi botte come a Stefano Cucchi\u00bb.<\/em> William Wiesner sfidava carabinieri e polizia, brandendo un bicchiere, fuori da un locale notturno cittadino. Una serata di eccessi, chiusa con le manette ai polsi e degli sputi, in segno di disprezzo, nella sala d&#8217;aspetto del Comando dei carabinieri di viale Europa. I reati di resistenza e oltraggio a pubblico ufficiale e deturpamento e imbrattamento di cose altrui gli sono costati otto mesi di lavori di pubblica utilit\u00e0 per il Comune di Agordo. Tutto \u00e8 stato fatto per bene e i reati sono dichiarati estinti dal giudice Federico Montalto, con l&#8217;approvazione del pubblico ministero Sandra Rossi.Quella sera l&#8217;uomo aveva bevuto parecchio e, in evidente stato di ubriachezza, disturbava di continuo gli altri clienti del locale. Il suo atteggiamento aveva provocato l&#8217;intervento di polizia e carabinieri per un controllo di ordine pubblico. <em>\u00abVi ammazzo, non ho paura. Datemi botte come a Stefano Cucchi\u00bb.<\/em>Gli operatori e un addetto alla sicurezza del locale notturno hanno cercato di farlo ragionare e sono stati investiti da una serie di male parole, minacciandone uno che gli avrebbe sputato addosso, se soltanto si fosse avvicinato.\u00a0 Wiesner era difeso dall&#8217;avvocato Valentina Mazzucco, che ha scelto la via della messa alla prova, cio\u00e8 dei lavori di pubblica utilit\u00e0, dopo un risarcimento danni.<\/p>\n<p>&nbsp;<\/p>\n<hr \/>\n<p>&nbsp;<\/p>\n<blockquote>\n<h3>SAFILO DI LONGARONE VERSO LA CHIUSURA, DIPENDENTI IN ASSEMBLEA<\/h3>\n<\/blockquote>\n<p><strong><a class=\"dt-pswp-item\" href=\"https:\/\/www.radiopiu.net\/wordpress\/wp-content\/uploads\/2023\/01\/Senza-nome-67.jpg\" data-dt-img-description=\"\" data-large_image_width=\"219\" data-large_image_height=\"172\"><img loading=\"lazy\" decoding=\"async\" class=\"size-full wp-image-318921 alignleft\" src=\"https:\/\/www.radiopiu.net\/wordpress\/wp-content\/uploads\/2023\/01\/Senza-nome-67.jpg\" alt=\"\" width=\"219\" height=\"172\" \/><\/a>LONGARONE<\/strong> Safilo verso la chiusura e i lavoratori proclamano lo sciopero. Sono 472 i dipendenti rimasti nello stabilimento, quattro anni fa erano il doppio.\u00a0 L&#8217;azienda ha comunicato la decisione, annuncio inatteso visto che fino a ieri la prospettiva\u00a0 era\u00a0 quella di un ridimensionamento. Da questa mattina i lavoratori si riuniranno in assemblea. Per il sindaco Roberto Padrin \u00e8 una situazione devastante. In un passaggio della nota del gruppo sui risultati 2022 si legge che \u00abin relazione all&#8217;analisi strategica in corso, vista l&#8217;evoluzione del portafoglio prodotto, il contesto economico, le dinamiche competitive nell&#8217;industry e una persistente sovraccapacit\u00e0 produttiva, il Consiglio di amministrazione di Safilo, nel ribadire l&#8217;importanza dei siti produttivi di Santa Maria di Sala (Venezia) e Bergamo, del centro logistico di Padova, e delle capacit\u00e0 creative del Gruppo, ha dato mandato al management di esplorare delle soluzioni alternative per lo stabilimento di Longarone (Belluno), il cui contenuto si delineer\u00e0 meglio nelle prossime settimane\u00bb (foto CorrieredelleAlpi)<\/p>\n<p>&nbsp;<\/p>\n<hr \/>\n<p>&nbsp;<\/p>\n<blockquote>\n<h3 dir=\"auto\">NOMINATI I NUOVI MEMBRI DEL CDA ALL&#8217;ISTITUTO CARENZONI<\/h3>\n<\/blockquote>\n<div dir=\"auto\">\n<p><strong>FELTRE<\/strong> Sono stati nominati con decreto del sindaco Viviana Fusaro i due membri che\u00a0 andranno a comporre il nuovo consiglio di amministrazione dell&#8217;Istituto \u201cCarenzoni Monego\u201d in rappresentanza del Comune di Feltre: si tratta di Nunzio Gorza e di Maurizio Da Col.La Diocesi di Belluno-Feltre, dal canto suo, ha individuato in Maria Teresa De Bortoli (gi\u00e0 presidente del CdA uscente) la rappresentante di propria competenza.Nei prossimi giorni il nuovo Consiglio di Amministrazione si riunir\u00e0 per l&#8217;elezione del presidente e l&#8217;individuazione delle priorit\u00e0 operative per il nuovo mandato. La Diocesi di Belluno-Feltre, dal canto suo, ha individuato in Maria Teresa De Bortoli (gi\u00e0 presidente del CdA uscente) la rappresentante di propria competenza. Nei prossimi giorni il nuovo Consiglio di Amministrazione si riunir\u00e0 per l&#8217;elezione del presidente e l&#8217;individuazione delle priorit\u00e0 operative per il nuovo mandato.<\/p>\n<p><strong>IL SINDACO DI FELTRE VIVIANA FUSARO<\/strong><\/p>\n<audio class=\"wp-audio-shortcode\" id=\"audio-318754-2\" preload=\"none\" style=\"width: 100%;\" controls=\"controls\"><source type=\"audio\/mpeg\" src=\"https:\/\/www.radiopiu.net\/wordpress\/wp-content\/uploads\/2023\/01\/FUSARO-ISTITUTO.mp3?_=2\" \/><a href=\"https:\/\/www.radiopiu.net\/wordpress\/wp-content\/uploads\/2023\/01\/FUSARO-ISTITUTO.mp3\">https:\/\/www.radiopiu.net\/wordpress\/wp-content\/uploads\/2023\/01\/FUSARO-ISTITUTO.mp3<\/a><\/audio>\n<p>&nbsp;<\/p>\n<p>(<em>Nella foto da sinistra: don Diego Bardin, Maurizio Da Col, Maria Teresa De Bortoli, Nunzio Gorza e il sindaco di Feltre Viviana Fusaro). <\/em><\/p>\n<p><a class=\"dt-pswp-item\" href=\"https:\/\/www.radiopiu.net\/wordpress\/wp-content\/uploads\/2023\/01\/Carenzoni-scaled.jpg\" data-dt-img-description=\"\" data-large_image_width=\"2560\" data-large_image_height=\"1440\"><img loading=\"lazy\" decoding=\"async\" class=\"size-medium wp-image-318806 aligncenter\" src=\"https:\/\/www.radiopiu.net\/wordpress\/wp-content\/uploads\/2023\/01\/Carenzoni-300x169.jpg\" alt=\"\" width=\"300\" height=\"169\" srcset=\"https:\/\/www.radiopiu.net\/wordpress\/wp-content\/uploads\/2023\/01\/Carenzoni-300x169.jpg 300w, https:\/\/www.radiopiu.net\/wordpress\/wp-content\/uploads\/2023\/01\/Carenzoni-1024x576.jpg 1024w, https:\/\/www.radiopiu.net\/wordpress\/wp-content\/uploads\/2023\/01\/Carenzoni-768x432.jpg 768w, https:\/\/www.radiopiu.net\/wordpress\/wp-content\/uploads\/2023\/01\/Carenzoni-1536x864.jpg 1536w, https:\/\/www.radiopiu.net\/wordpress\/wp-content\/uploads\/2023\/01\/Carenzoni-2048x1152.jpg 2048w\" sizes=\"auto, (max-width: 300px) 100vw, 300px\" \/><\/a><\/p>\n<\/div>\n<p>&nbsp;<\/p>\n<hr \/>\n<p>&nbsp;<\/p>\n<blockquote>\n<h3>LA GIUNTA COMUNALE DI SAN TOMASO VUOLE FINIRE LE OPERE AGLI IMPIANTI SPORTIVI<\/h3>\n<\/blockquote>\n<p><strong><a class=\"dt-pswp-item\" href=\"https:\/\/www.radiopiu.net\/wordpress\/wp-content\/uploads\/2021\/11\/81aa72cc-d66b-44fa-afd5-7103ae531a24.jpg\" data-dt-img-description=\"\" data-large_image_width=\"512\" data-large_image_height=\"376\"><img loading=\"lazy\" decoding=\"async\" class=\" wp-image-243762 alignleft\" src=\"https:\/\/www.radiopiu.net\/wordpress\/wp-content\/uploads\/2021\/11\/81aa72cc-d66b-44fa-afd5-7103ae531a24-300x220.jpg\" alt=\"\" width=\"179\" height=\"131\" srcset=\"https:\/\/www.radiopiu.net\/wordpress\/wp-content\/uploads\/2021\/11\/81aa72cc-d66b-44fa-afd5-7103ae531a24-300x220.jpg 300w, https:\/\/www.radiopiu.net\/wordpress\/wp-content\/uploads\/2021\/11\/81aa72cc-d66b-44fa-afd5-7103ae531a24.jpg 512w\" sizes=\"auto, (max-width: 179px) 100vw, 179px\" \/><\/a>SAN TOMASO<\/strong><\/p>\n<p>di Gianni Santomaso<\/p>\n<audio class=\"wp-audio-shortcode\" id=\"audio-318754-3\" preload=\"none\" style=\"width: 100%;\" controls=\"controls\"><source type=\"audio\/mpeg\" src=\"https:\/\/www.radiopiu.net\/wordpress\/wp-content\/uploads\/2023\/01\/GIANNI-LA-GIUNTA-COMUNALE-DI-SAN-TOMASO-VUOLE-FINIRE-LE-OPERE-AGLI-IMPIANTI-SPORTIVI.mp3?_=3\" \/><a href=\"https:\/\/www.radiopiu.net\/wordpress\/wp-content\/uploads\/2023\/01\/GIANNI-LA-GIUNTA-COMUNALE-DI-SAN-TOMASO-VUOLE-FINIRE-LE-OPERE-AGLI-IMPIANTI-SPORTIVI.mp3\">https:\/\/www.radiopiu.net\/wordpress\/wp-content\/uploads\/2023\/01\/GIANNI-LA-GIUNTA-COMUNALE-DI-SAN-TOMASO-VUOLE-FINIRE-LE-OPERE-AGLI-IMPIANTI-SPORTIVI.mp3<\/a><\/audio>\n<p>&nbsp;<\/p>\n<hr \/>\n<p>&nbsp;<\/p>\n<blockquote>\n<h3>INSTALLATI I RILEVATORI DI VELOCITA&#8217; A BELLUNO<\/h3>\n<\/blockquote>\n<p><strong><a class=\"dt-pswp-item\" href=\"https:\/\/www.radiopiu.net\/wordpress\/wp-content\/uploads\/2023\/01\/f980a59f-f565-4c9d-bc90-3b9583bb5128.jpg\" data-dt-img-description=\"\" data-large_image_width=\"2048\" data-large_image_height=\"1536\"><img loading=\"lazy\" decoding=\"async\" class=\" wp-image-318881 alignleft\" src=\"https:\/\/www.radiopiu.net\/wordpress\/wp-content\/uploads\/2023\/01\/f980a59f-f565-4c9d-bc90-3b9583bb5128-300x225.jpg\" alt=\"\" width=\"167\" height=\"125\" srcset=\"https:\/\/www.radiopiu.net\/wordpress\/wp-content\/uploads\/2023\/01\/f980a59f-f565-4c9d-bc90-3b9583bb5128-300x225.jpg 300w, https:\/\/www.radiopiu.net\/wordpress\/wp-content\/uploads\/2023\/01\/f980a59f-f565-4c9d-bc90-3b9583bb5128-1024x768.jpg 1024w, https:\/\/www.radiopiu.net\/wordpress\/wp-content\/uploads\/2023\/01\/f980a59f-f565-4c9d-bc90-3b9583bb5128-768x576.jpg 768w, https:\/\/www.radiopiu.net\/wordpress\/wp-content\/uploads\/2023\/01\/f980a59f-f565-4c9d-bc90-3b9583bb5128-1536x1152.jpg 1536w, https:\/\/www.radiopiu.net\/wordpress\/wp-content\/uploads\/2023\/01\/f980a59f-f565-4c9d-bc90-3b9583bb5128.jpg 2048w\" sizes=\"auto, (max-width: 167px) 100vw, 167px\" \/><\/a>BELLUNO<\/strong> Sono comparsi ieri a Belluno i nuovi rilevatori di velocit\u00e0 tra Mussoi e Chiesurazza, voluti dall&#8217;amministrazione comunale per spingere gli automobilisti a rallentare la velocit\u00e0.<\/p>\n<p><strong>di Daniele Dalvit<\/strong><\/p>\n<audio class=\"wp-audio-shortcode\" id=\"audio-318754-4\" preload=\"none\" style=\"width: 100%;\" controls=\"controls\"><source type=\"audio\/mpeg\" src=\"https:\/\/www.radiopiu.net\/wordpress\/wp-content\/uploads\/2023\/01\/DALVIT-RILEVATORI-VELOCITA.mp3?_=4\" \/><a href=\"https:\/\/www.radiopiu.net\/wordpress\/wp-content\/uploads\/2023\/01\/DALVIT-RILEVATORI-VELOCITA.mp3\">https:\/\/www.radiopiu.net\/wordpress\/wp-content\/uploads\/2023\/01\/DALVIT-RILEVATORI-VELOCITA.mp3<\/a><\/audio>\n<p>&nbsp;<\/p>\n<hr \/>\n<p>&nbsp;<\/p>\n<blockquote>\n<h3>ACCOGLIENZA UCRAINI. I NUCLEI FAMIGLIARI SARANNO RICOSTITUITI E VIVRANNO INSIEME<\/h3>\n<\/blockquote>\n<p><strong><a class=\"dt-pswp-item\" href=\"https:\/\/www.radiopiu.net\/wordpress\/wp-content\/uploads\/2023\/01\/082633535-e19a50bd-500f-49e7-bbac-a5cd793b6c67.jpg\" data-dt-img-description=\"\" data-large_image_width=\"775\" data-large_image_height=\"482\"><img loading=\"lazy\" decoding=\"async\" class=\" wp-image-318827 alignleft\" src=\"https:\/\/www.radiopiu.net\/wordpress\/wp-content\/uploads\/2023\/01\/082633535-e19a50bd-500f-49e7-bbac-a5cd793b6c67-300x187.jpg\" alt=\"\" width=\"178\" height=\"111\" srcset=\"https:\/\/www.radiopiu.net\/wordpress\/wp-content\/uploads\/2023\/01\/082633535-e19a50bd-500f-49e7-bbac-a5cd793b6c67-300x187.jpg 300w, https:\/\/www.radiopiu.net\/wordpress\/wp-content\/uploads\/2023\/01\/082633535-e19a50bd-500f-49e7-bbac-a5cd793b6c67-768x478.jpg 768w, https:\/\/www.radiopiu.net\/wordpress\/wp-content\/uploads\/2023\/01\/082633535-e19a50bd-500f-49e7-bbac-a5cd793b6c67.jpg 775w\" sizes=\"auto, (max-width: 178px) 100vw, 178px\" \/><\/a>BELLUNO <\/strong>Avviati i lavori all\u2019asilo Cairoli: la struttura sar\u00e0 adattata, ospiter\u00e0 i civili ucraini.\u00a0 Anche le ultime richieste di fermarsi sul territorio hanno trovato risposta positiva: l\u2019amministrazione assicurer\u00e0 l\u2019ospitalit\u00e0 a 47 persone, vale a dire donne, ragazzi, bambini ospitati finora nell\u2019ex caserma dei Vigili del fuoco di Mussoi e gli uomini accolti invece, in questi mesi, dai frati. Nelle ultime ore, infatti, \u00e8 cresciuto il numero di persone decise a non lasciare la provincia e a restare all\u2019interno del sistema di accoglienza del Comune capoluogo, per valutare un futuro nel Bellunese e cercare lavoro qui. \u201c<em>E\u2019 una bella notizia per noi, ci speravamo \u2013 commenta il sindaco, Oscar De Pellegrin -, per questo ci siamo preparati a dare sistemazione ad un numero pi\u00f9 alto di persone rispetto a quelle che gi\u00e0 settimane fa ci avevano espresso il loro desiderio di non partire. Donne, uomini, ragazzi e bambini si sono trovati bene qui, hanno scoperto una comunit\u00e0 accogliente e ben disposta ad aiutarli tanto da voler pensare ad un futuro nel nostro territorio. Cercheranno impiego, qualcuno gi\u00e0 l\u2019ha trovato, i bambini e i giovani continueranno il percorso scolastico. Nel cercare una sistemazione abbiamo posto attenzione a riunire i nuclei: genitori e figli ora torneranno a vivere insieme, a ogni famiglia sar\u00e0 affidato uno spazio proprio<\/em>\u201d. Operai e tecnici comunali sono al lavoro principalmente all\u2019asilo Cairoli per adattare gli spazi nei servizi igienici, dove verranno montate delle docce e creata maggior privacy, come nelle aule che fungeranno da camere.\u00a0 In tutto, saranno ricavate undici stanze da letto, alle quali si aggiungeranno\u00a0\u00a0 il refettorio, la cucina e altri spazi comuni. Saranno portate lavatrici in grado di dare servizio a tutti, i pasti continueranno ad essere portati da Sersa e la presenza di una cucina perfettamente allestita dar\u00e0 modo di potersi gestire, in parte, in autonomia. Sono 47 i civili ucraini a cui sar\u00e0 assicurata l\u2019ospitalit\u00e0 in citt\u00e0, perch\u00e8 17\u00a0 hanno trovato soluzioni alternative in modo autonomo e 2 si sposteranno a Vicenza.<\/p>\n<p>&nbsp;<\/p>\n<hr \/>\n<p>&nbsp;<\/p>\n<blockquote>\n<h3>116 MILA EURO PER IL BOSCO DI ARABBA, PAGA IL MINISTERO<\/h3>\n<\/blockquote>\n<p><strong><img loading=\"lazy\" decoding=\"async\" class=\"alignleft\" src=\"https:\/\/www.radiopiu.net\/wordpress\/wp-content\/uploads\/2022\/10\/310122743_498244062313104_3169098356255353643_n.jpg\" width=\"150\" height=\"113\" \/>LIVINALLONGO<\/strong><\/p>\n<p><strong>DI LORENZO SORATROI<\/strong><\/p>\n<audio class=\"wp-audio-shortcode\" id=\"audio-318754-5\" preload=\"none\" style=\"width: 100%;\" controls=\"controls\"><source type=\"audio\/mpeg\" src=\"https:\/\/www.radiopiu.net\/wordpress\/wp-content\/uploads\/2023\/01\/LORENZO.mp3?_=5\" \/><a href=\"https:\/\/www.radiopiu.net\/wordpress\/wp-content\/uploads\/2023\/01\/LORENZO.mp3\">https:\/\/www.radiopiu.net\/wordpress\/wp-content\/uploads\/2023\/01\/LORENZO.mp3<\/a><\/audio>\n<p>&nbsp;<\/p>\n<p>&nbsp;<\/p>\n<hr \/>\n<p>&nbsp;<\/p>\n<blockquote>\n<h3>AUMENTO DEI PREZZI DELLE MATERIE PRIME. A LIMANA SI CONTINUA A LAVORARE SULL&#8217;EFFICIENTAMENTO ENERGETICO<\/h3>\n<\/blockquote>\n<p><strong><a class=\"dt-pswp-item\" href=\"https:\/\/www.radiopiu.net\/wordpress\/wp-content\/uploads\/2023\/01\/MUNICIPIO-LIMANA.png\" data-dt-img-description=\"\" data-large_image_width=\"1940\" data-large_image_height=\"1032\"><img loading=\"lazy\" decoding=\"async\" class=\" wp-image-318876 alignleft\" src=\"https:\/\/www.radiopiu.net\/wordpress\/wp-content\/uploads\/2023\/01\/MUNICIPIO-LIMANA-300x160.png\" alt=\"\" width=\"225\" height=\"120\" srcset=\"https:\/\/www.radiopiu.net\/wordpress\/wp-content\/uploads\/2023\/01\/MUNICIPIO-LIMANA-300x160.png 300w, https:\/\/www.radiopiu.net\/wordpress\/wp-content\/uploads\/2023\/01\/MUNICIPIO-LIMANA-1024x545.png 1024w, https:\/\/www.radiopiu.net\/wordpress\/wp-content\/uploads\/2023\/01\/MUNICIPIO-LIMANA-768x409.png 768w, https:\/\/www.radiopiu.net\/wordpress\/wp-content\/uploads\/2023\/01\/MUNICIPIO-LIMANA-1536x817.png 1536w, https:\/\/www.radiopiu.net\/wordpress\/wp-content\/uploads\/2023\/01\/MUNICIPIO-LIMANA.png 1940w\" sizes=\"auto, (max-width: 225px) 100vw, 225px\" \/><\/a>LIMANA<\/strong> Crescono le difficolt\u00e0 per i comuni per eseguire lavori anche sui propri stabili, a causa dell&#8217;aumento delle materie prime: l&#8217;ultimo caso a Limana, dove per\u00f2 si continua a lavorare per l&#8217;efficientamento energetico del municipio.<\/p>\n<p><strong>di Daniele Dalvit<\/strong><\/p>\n<audio class=\"wp-audio-shortcode\" id=\"audio-318754-6\" preload=\"none\" style=\"width: 100%;\" controls=\"controls\"><source type=\"audio\/mpeg\" src=\"https:\/\/www.radiopiu.net\/wordpress\/wp-content\/uploads\/2023\/01\/DALVIT-LIMANA.mp3?_=6\" \/><a href=\"https:\/\/www.radiopiu.net\/wordpress\/wp-content\/uploads\/2023\/01\/DALVIT-LIMANA.mp3\">https:\/\/www.radiopiu.net\/wordpress\/wp-content\/uploads\/2023\/01\/DALVIT-LIMANA.mp3<\/a><\/audio>\n<p>&nbsp;<\/p>\n<hr \/>\n<p>&nbsp;<\/p>\n<blockquote>\n<h3>LAMPIONI SPENTI A RIVAMONTE PER IL CARO ENERGIA<\/h3>\n<\/blockquote>\n<p><strong><a class=\"dt-pswp-item\" href=\"https:\/\/www.radiopiu.net\/wordpress\/wp-content\/uploads\/2021\/09\/DJI_0033-scaled.jpg\" data-dt-img-description=\"\" data-large_image_width=\"2560\" data-large_image_height=\"1920\"><img loading=\"lazy\" decoding=\"async\" class=\" wp-image-232650 alignleft\" src=\"https:\/\/www.radiopiu.net\/wordpress\/wp-content\/uploads\/2021\/09\/DJI_0033-300x225.jpg\" alt=\"\" width=\"185\" height=\"139\" srcset=\"https:\/\/www.radiopiu.net\/wordpress\/wp-content\/uploads\/2021\/09\/DJI_0033-300x225.jpg 300w, https:\/\/www.radiopiu.net\/wordpress\/wp-content\/uploads\/2021\/09\/DJI_0033-1024x768.jpg 1024w, https:\/\/www.radiopiu.net\/wordpress\/wp-content\/uploads\/2021\/09\/DJI_0033-768x576.jpg 768w, https:\/\/www.radiopiu.net\/wordpress\/wp-content\/uploads\/2021\/09\/DJI_0033-1536x1152.jpg 1536w, https:\/\/www.radiopiu.net\/wordpress\/wp-content\/uploads\/2021\/09\/DJI_0033-2048x1536.jpg 2048w\" sizes=\"auto, (max-width: 185px) 100vw, 185px\" \/><\/a>RIVAMONTE<\/strong><\/p>\n<p>di Gianni Santomaso<\/p>\n<audio class=\"wp-audio-shortcode\" id=\"audio-318754-7\" preload=\"none\" style=\"width: 100%;\" controls=\"controls\"><source type=\"audio\/mpeg\" src=\"https:\/\/www.radiopiu.net\/wordpress\/wp-content\/uploads\/2023\/01\/GIANNI-LAMPIONI-SPENTI-A-RIVAMONTE-PER-IL-CARO-ENERGIA.mp3?_=7\" \/><a href=\"https:\/\/www.radiopiu.net\/wordpress\/wp-content\/uploads\/2023\/01\/GIANNI-LAMPIONI-SPENTI-A-RIVAMONTE-PER-IL-CARO-ENERGIA.mp3\">https:\/\/www.radiopiu.net\/wordpress\/wp-content\/uploads\/2023\/01\/GIANNI-LAMPIONI-SPENTI-A-RIVAMONTE-PER-IL-CARO-ENERGIA.mp3<\/a><\/audio>\n<p>&nbsp;<\/p>\n<hr \/>\n<p>&nbsp;<\/p>\n<blockquote>\n<h3>L&#8217;ENTE NAZIONALE GUIDE CANYONING CHIEDE LA MODIFICA DEL REGOLAMENTO ALL&#8217;ENTE PARCO DOLOMITI BELLUNESI DOPO LA DECISIONE DI VIETARE LA PRATICA<\/h3>\n<\/blockquote>\n<p><strong><a class=\"dt-pswp-item\" href=\"https:\/\/www.radiopiu.net\/wordpress\/wp-content\/uploads\/2023\/01\/throats-1522755_1920.jpg\" data-dt-img-description=\"\" data-large_image_width=\"1920\" data-large_image_height=\"1275\"><img loading=\"lazy\" decoding=\"async\" class=\" wp-image-318845 alignleft\" src=\"https:\/\/www.radiopiu.net\/wordpress\/wp-content\/uploads\/2023\/01\/throats-1522755_1920-300x199.jpg\" alt=\"\" width=\"180\" height=\"119\" srcset=\"https:\/\/www.radiopiu.net\/wordpress\/wp-content\/uploads\/2023\/01\/throats-1522755_1920-300x199.jpg 300w, https:\/\/www.radiopiu.net\/wordpress\/wp-content\/uploads\/2023\/01\/throats-1522755_1920-1024x680.jpg 1024w, https:\/\/www.radiopiu.net\/wordpress\/wp-content\/uploads\/2023\/01\/throats-1522755_1920-768x510.jpg 768w, https:\/\/www.radiopiu.net\/wordpress\/wp-content\/uploads\/2023\/01\/throats-1522755_1920-1536x1020.jpg 1536w, https:\/\/www.radiopiu.net\/wordpress\/wp-content\/uploads\/2023\/01\/throats-1522755_1920.jpg 1920w\" sizes=\"auto, (max-width: 180px) 100vw, 180px\" \/><\/a>ROMA\u00a0<\/strong>Nelle acque del Parco Nazionale Dolomiti Bellunesi \u00e8 stato imposto il divieto di praticare canyoning. Con l&#8217;introduzione del regolamento del parco \u00e8 stato vietato agli amanti di questo sport di continuare a praticare la disciplina sulle acque interessate. Il Parco Nazionale delle Dolomiti Bellunesi racchiude al suo interno alcuni tra i percorsi di torrentismo pi\u00f9 importanti e belli d\u2019Europa per bellezza, caratteristiche tecniche e l\u2019unicit\u00e0 dell\u2019ambiente. Alcune di queste forre possono essere annoverate tra i percorsi di torrentismo di interesse internazionale e rappresentano un fiore all\u2019occhiello del nostro paese dal punto di vista naturalistico. Se da un lato un divieto assoluto \u00e8 ingiustificato rispetto all\u2019opportunit\u00e0 di godere di una ricchezza naturalistica di tale importanza, la possibilit\u00e0 di accedere liberamente, secondo le regole dettate da uno specifico disciplinare, potrebbe garantire lo sviluppo di progetti di \u201cslow tourism\u201d incentrati su modalit\u00e0 alternative di fruizione del territorio e, al tempo stesso, adeguate forme di tutela, monitoraggio e pulizia dell\u2019area. La fondatezza della richiesta che ENGC ha presentato al Parco nazionale Dolomiti Bellunesi \u00e8 supportata e validata da una importante nota del Ministero della Transizione Ecologica che, nei confronti dei parchi nazionali, esercita la funzione di indirizzo e vigilanza sul loro operato. &#8220;La nostra associazione professionale si \u00e8 messa a disposizione del Parco per lavorare su un protocollo d\u2019intesa e\/o sulla costruzione di un disciplinare che permetta una fruizione turistica rispettosa delle esigenze di tutela. Allo stesso modo, l\u2019associazione, attraverso i suoi soci presenti sul territorio bellunese, auspica a diventare parte attiva in progetti di monitoraggio, pulizia, sviluppo e conoscenza dell\u2019ambiente canyon. Siamo certi che questo storico momento di apertura da parte del parco rappresenta un&#8217;importante opportunit\u00e0 di sviluppo per il Parco Nazionale delle Dolomiti Bellunesi e per i portatori di interesse che a vario titolo possono contribuire alla crescita del territorio Bellunese&#8221; dice Roberto Locatelli, Presidente ENGC.<\/p>\n<p>&nbsp;<\/p>\n<p>&nbsp;<\/p>\n<hr \/>\n<p>&nbsp;<\/p>\n<p><strong>DI TIZIANO DE COL<\/strong><\/p>\n\n\t\t\t<style type='text\/css'>\n\t\t\t\t#gallery-2 {\n\t\t\t\t\tmargin: auto;\n\t\t\t\t}\n\t\t\t\t#gallery-2 .gallery-item {\n\t\t\t\t\tfloat: left;\n\t\t\t\t\tmargin-top: 10px;\n\t\t\t\t\ttext-align: center;\n\t\t\t\t\twidth: 20%;\n\t\t\t\t}\n\t\t\t\t#gallery-2 img {\n\t\t\t\t\tborder: 2px solid #cfcfcf;\n\t\t\t\t}\n\t\t\t\t#gallery-2 .gallery-caption {\n\t\t\t\t\tmargin-left: 0;\n\t\t\t\t}\n\t\t\t\t\/* see gallery_shortcode() in wp-includes\/media.php *\/\n\t\t\t<\/style>\n\t\t<div id='gallery-2' class='dt-gallery-container gallery galleryid-318754 gallery-columns-5 gallery-size-medium'><dl class='gallery-item'>\n\t\t\t\t<dt class='gallery-icon landscape'>\n\t\t\t\t\t<a class=\"rollover rollover-zoom dt-pswp-item\" title=\"579ac2a7-ab15-4909-adc4-5514a7b26359\" data-dt-img-description=\"\" data-large_image_width=\"603\" data-large_image_height=\"361\"href='https:\/\/www.radiopiu.net\/wordpress\/wp-content\/uploads\/2023\/01\/579ac2a7-ab15-4909-adc4-5514a7b26359.jpg'><img loading=\"lazy\" decoding=\"async\" width=\"300\" height=\"180\" src=\"https:\/\/www.radiopiu.net\/wordpress\/wp-content\/uploads\/2023\/01\/579ac2a7-ab15-4909-adc4-5514a7b26359-300x180.jpg\" class=\"attachment-medium size-medium\" alt=\"\" srcset=\"https:\/\/www.radiopiu.net\/wordpress\/wp-content\/uploads\/2023\/01\/579ac2a7-ab15-4909-adc4-5514a7b26359-300x180.jpg 300w, https:\/\/www.radiopiu.net\/wordpress\/wp-content\/uploads\/2023\/01\/579ac2a7-ab15-4909-adc4-5514a7b26359.jpg 603w\" sizes=\"auto, (max-width: 300px) 100vw, 300px\" \/><\/a>\n\t\t\t\t<\/dt><\/dl><dl class='gallery-item'>\n\t\t\t\t<dt class='gallery-icon landscape'>\n\t\t\t\t\t<a class=\"rollover rollover-zoom dt-pswp-item\" title=\"412bba08-858b-4631-acb7-241716938893\" data-dt-img-description=\"\" data-large_image_width=\"616\" data-large_image_height=\"357\"href='https:\/\/www.radiopiu.net\/wordpress\/wp-content\/uploads\/2023\/01\/412bba08-858b-4631-acb7-241716938893.jpg'><img loading=\"lazy\" decoding=\"async\" width=\"300\" height=\"174\" src=\"https:\/\/www.radiopiu.net\/wordpress\/wp-content\/uploads\/2023\/01\/412bba08-858b-4631-acb7-241716938893-300x174.jpg\" class=\"attachment-medium size-medium\" alt=\"\" srcset=\"https:\/\/www.radiopiu.net\/wordpress\/wp-content\/uploads\/2023\/01\/412bba08-858b-4631-acb7-241716938893-300x174.jpg 300w, https:\/\/www.radiopiu.net\/wordpress\/wp-content\/uploads\/2023\/01\/412bba08-858b-4631-acb7-241716938893.jpg 616w\" sizes=\"auto, (max-width: 300px) 100vw, 300px\" \/><\/a>\n\t\t\t\t<\/dt><\/dl><dl class='gallery-item'>\n\t\t\t\t<dt class='gallery-icon landscape'>\n\t\t\t\t\t<a class=\"rollover rollover-zoom dt-pswp-item\" title=\"91318d8d-cc38-4dd3-b68d-056b0bbfed70\" data-dt-img-description=\"\" data-large_image_width=\"602\" data-large_image_height=\"356\"href='https:\/\/www.radiopiu.net\/wordpress\/wp-content\/uploads\/2023\/01\/91318d8d-cc38-4dd3-b68d-056b0bbfed70.jpg'><img loading=\"lazy\" decoding=\"async\" width=\"300\" height=\"177\" src=\"https:\/\/www.radiopiu.net\/wordpress\/wp-content\/uploads\/2023\/01\/91318d8d-cc38-4dd3-b68d-056b0bbfed70-300x177.jpg\" class=\"attachment-medium size-medium\" alt=\"\" srcset=\"https:\/\/www.radiopiu.net\/wordpress\/wp-content\/uploads\/2023\/01\/91318d8d-cc38-4dd3-b68d-056b0bbfed70-300x177.jpg 300w, https:\/\/www.radiopiu.net\/wordpress\/wp-content\/uploads\/2023\/01\/91318d8d-cc38-4dd3-b68d-056b0bbfed70.jpg 602w\" sizes=\"auto, (max-width: 300px) 100vw, 300px\" \/><\/a>\n\t\t\t\t<\/dt><\/dl><dl class='gallery-item'>\n\t\t\t\t<dt class='gallery-icon landscape'>\n\t\t\t\t\t<a class=\"rollover rollover-zoom dt-pswp-item\" title=\"b075e7ee-854a-4319-9d10-073554e30cb3\" data-dt-img-description=\"\" data-large_image_width=\"604\" data-large_image_height=\"350\"href='https:\/\/www.radiopiu.net\/wordpress\/wp-content\/uploads\/2023\/01\/b075e7ee-854a-4319-9d10-073554e30cb3.jpg'><img loading=\"lazy\" decoding=\"async\" width=\"300\" height=\"174\" src=\"https:\/\/www.radiopiu.net\/wordpress\/wp-content\/uploads\/2023\/01\/b075e7ee-854a-4319-9d10-073554e30cb3-300x174.jpg\" class=\"attachment-medium size-medium\" alt=\"\" srcset=\"https:\/\/www.radiopiu.net\/wordpress\/wp-content\/uploads\/2023\/01\/b075e7ee-854a-4319-9d10-073554e30cb3-300x174.jpg 300w, https:\/\/www.radiopiu.net\/wordpress\/wp-content\/uploads\/2023\/01\/b075e7ee-854a-4319-9d10-073554e30cb3.jpg 604w\" sizes=\"auto, (max-width: 300px) 100vw, 300px\" \/><\/a>\n\t\t\t\t<\/dt><\/dl><dl class='gallery-item'>\n\t\t\t\t<dt class='gallery-icon landscape'>\n\t\t\t\t\t<a class=\"rollover rollover-zoom dt-pswp-item\" title=\"6e3bace8-ba73-4277-a699-c621c7b86776\" data-dt-img-description=\"\" data-large_image_width=\"612\" data-large_image_height=\"357\"href='https:\/\/www.radiopiu.net\/wordpress\/wp-content\/uploads\/2023\/01\/6e3bace8-ba73-4277-a699-c621c7b86776.jpg'><img loading=\"lazy\" decoding=\"async\" width=\"300\" height=\"175\" src=\"https:\/\/www.radiopiu.net\/wordpress\/wp-content\/uploads\/2023\/01\/6e3bace8-ba73-4277-a699-c621c7b86776-300x175.jpg\" class=\"attachment-medium size-medium\" alt=\"\" srcset=\"https:\/\/www.radiopiu.net\/wordpress\/wp-content\/uploads\/2023\/01\/6e3bace8-ba73-4277-a699-c621c7b86776-300x175.jpg 300w, https:\/\/www.radiopiu.net\/wordpress\/wp-content\/uploads\/2023\/01\/6e3bace8-ba73-4277-a699-c621c7b86776.jpg 612w\" sizes=\"auto, (max-width: 300px) 100vw, 300px\" \/><\/a>\n\t\t\t\t<\/dt><\/dl><br style=\"clear: both\" \/>\n\t\t\t<\/div>\n\n<p>&nbsp;<\/p>\n<hr \/>\n<p>&nbsp;<\/p>\n<blockquote>\n<h3>LABORATORI ANALISI: IN ARRIVO NUOVI SISTEMI DIAGNOSTICI<\/h3>\n<\/blockquote>\n<p><strong><a class=\"dt-pswp-item\" href=\"https:\/\/www.radiopiu.net\/wordpress\/wp-content\/uploads\/2021\/11\/sangue-laboratorio-analisi.jpg\" data-dt-img-description=\"\" data-large_image_width=\"1920\" data-large_image_height=\"1285\"><img loading=\"lazy\" decoding=\"async\" class=\" wp-image-245333 alignleft\" src=\"https:\/\/www.radiopiu.net\/wordpress\/wp-content\/uploads\/2021\/11\/sangue-laboratorio-analisi-300x201.jpg\" alt=\"\" width=\"160\" height=\"107\" srcset=\"https:\/\/www.radiopiu.net\/wordpress\/wp-content\/uploads\/2021\/11\/sangue-laboratorio-analisi-300x201.jpg 300w, https:\/\/www.radiopiu.net\/wordpress\/wp-content\/uploads\/2021\/11\/sangue-laboratorio-analisi-1024x685.jpg 1024w, https:\/\/www.radiopiu.net\/wordpress\/wp-content\/uploads\/2021\/11\/sangue-laboratorio-analisi-768x514.jpg 768w, https:\/\/www.radiopiu.net\/wordpress\/wp-content\/uploads\/2021\/11\/sangue-laboratorio-analisi-1536x1028.jpg 1536w, https:\/\/www.radiopiu.net\/wordpress\/wp-content\/uploads\/2021\/11\/sangue-laboratorio-analisi.jpg 1920w\" sizes=\"auto, (max-width: 160px) 100vw, 160px\" \/><\/a>BELLUNO <\/strong>I Laboratori analisi dell\u2019Ulss Dolomiti saranno presto dotati di nuovi sistemi di diagnostica. In esito alla procedura di gara espletata in questi mesi, infatti, \u00e8 stata aggiudicata la fornitura dei nuovi sistemi per 7 anni, per un valore complessivo di oltre 16 milioni di euro. Un investimento importante, che vedr\u00e0 completamente rinnovata la diagnostica di laboratorio al servizio del cittadino. I nuovi sistemi, aggiudicati per lotti e individuati dopo un\u2019attenta valutazione tecnica ed economica, consentono un significativo miglioramento delle soluzioni strumentali e tecnologiche, comprensive di automazione pre e post analitica e di trasporto dei campioni. Inoltre, le nuove condizioni economiche ottenute, sono migliorative rispetto all\u2019attuale contratto. L\u2019aggiornamento tecnologico, che si realizzer\u00e0 in tutti i laboratori dell\u2019Ulss, ha tra i suoi principali obiettivi quello di armonizzare le attivit\u00e0, al fine di attuare una logica di laboratorio geograficamente distribuito in pi\u00f9 sedi ma funzionalmente integrato. Ci\u00f2 consentir\u00e0 la perfetta sovrapposizione degli esiti tra i diversi laboratori grazie all\u2019introduzione di una uniformit\u00e0 tecnologica (stesse tipologie di strumenti, stessi reagenti, stessi metodi, stessi valori di riferimento in tutti i laboratori) e all\u2019adozione di un sistema informatico unico che consenta l&#8217;integrazione dei processi pre-analitici, analitici e post-analitici sia tra le diverse aree diagnostiche che tra le diverse sedi operative. La nuova organizzazione, permettendo la visualizzazione da remoto dei preparati ematologici, consentir\u00e0 la consulenza a distanza e il confronto tra laboratoristi operanti in sedi diverse, realizzando in tal modo la telemedicina in laboratorio. Oltre alla nuova strumentazione, presso il Laboratorio di Belluno \u00e8 prevista la realizzazione di una nuova ampia area (Core-Lab) dove si concentrer\u00e0 la maggior parte dell&#8217;attivit\u00e0 analitica e dove la realizzazione dell\u2019automazione di alcune fasi pre-analitiche, quali identificazione, centrifugazione, stappatura e trasporto dei campioni, consentiranno al personale di liberarsi di attivit\u00e0 ripetitive e di poco valore per concentrarsi in compiti a maggior contenuto professionale. La nuova organizzazione nel Core-Lab consentir\u00e0 inoltre di incrementare la sicurezza e la qualit\u00e0 nel luogo di lavoro, e di migliorare ulteriormente la tracciabilit\u00e0 dei campioni durante tutto il percorso di analisi.<\/p>\n<p>&nbsp;<\/p>\n<p>&nbsp;<\/p>\n<hr \/>\n<p>&nbsp;<\/p>\n<blockquote>\n<h3>OPEN DAY EMICRANIA: UN PUNTO INFORMATIVO ALL&#8217;OSPEDALE DI FELTRE<\/h3>\n<\/blockquote>\n<p><strong>FELTRE<\/strong>\u00a0 Anche l\u2019Ulss Dolomiti aderisce all\u2019H-Open Day per la prevenzione e la cura dell\u2019emicrania promosso quest\u2019anno per la prima volta dalla Fondazione Onda, Osservatorio nazionale sulla salute della donna e di genere. Marted\u00ec dalle 15 alle 17\u00a0all\u2019Ospedale, presso il nuovo ingresso Padiglione Dalla Palma, sar\u00e0 allestito un punto informativo con il medico neurologo, Gessica Canal,\u00a0 fornir\u00e0 informazioni sulla prevenzione e cura dell\u2019emicrania. L\u2019iniziativa si colloca nell\u2019ambito del network Bollini Rosa \u2013 riconoscimento per gli ospedali che offrono servizi dedicati alla prevenzione, diagnosi e cura delle principali patologie che riguardano non solo l\u2019universo femminile, ma anche quelle che interessano trasversalmente uomini e donne in ottica di genere.<\/p>\n<p>&nbsp;<\/p>\n<hr \/>\n<p>&nbsp;<\/p>\n<blockquote>\n<h3>ALLEANZA VERDI A SINISTRA CONTRO LA PISTA DA BOB<strong style=\"font-size: 14px;\">\u00a0<\/strong><\/h3>\n<\/blockquote>\n<p><strong><a class=\"dt-pswp-item\" href=\"https:\/\/www.radiopiu.net\/wordpress\/wp-content\/uploads\/2021\/04\/cortina_guide_bob.jpg\" data-dt-img-description=\"\" data-large_image_width=\"600\" data-large_image_height=\"300\"><img loading=\"lazy\" decoding=\"async\" class=\"wp-image-204666 alignleft\" src=\"https:\/\/www.radiopiu.net\/wordpress\/wp-content\/uploads\/2021\/04\/cortina_guide_bob-300x150.jpg\" alt=\"\" width=\"166\" height=\"83\" srcset=\"https:\/\/www.radiopiu.net\/wordpress\/wp-content\/uploads\/2021\/04\/cortina_guide_bob-300x150.jpg 300w, https:\/\/www.radiopiu.net\/wordpress\/wp-content\/uploads\/2021\/04\/cortina_guide_bob.jpg 600w\" sizes=\"auto, (max-width: 166px) 100vw, 166px\" \/><\/a>CORTINA<\/strong> La senatrice Aurora Floridia -e colleghi &#8211; ha invitato il Ministro delle Infrastrutture e Trasporti a riferire in Senato sulla pista da Bob Eugenio Monti, \u00a0sia sulle risorse finanziarie necessarie al progetto di ristrutturazione,\u00a0 ma anche sul perch\u00e9 siano state ritenute non idonee le piste da bob gi\u00e0 esistenti, come ad esempio quella di Innsbruck in Austria. <em>&#8220;Attualmente &#8211; insiste la Senatrice &#8211; i costi previsti per la sola pista da bob si aggirano attorno alla cifra spaventosa di 93 milioni di euro; non proprio spiccioli in un periodo di austerity a causa del caro energia, considerando che si tratta di una disciplina olimpica praticata da un numero limitato di atleti&#8221;<\/em><\/p>\n<p>&nbsp;<\/p>\n<p>&nbsp;<\/p>\n<hr \/>\n<p>&nbsp;<\/p>\n<blockquote>\n<h2>LA COMETA&#8230;VICINA ALLA TERRA<\/h2>\n<\/blockquote>\n<p><strong>AUDIO<\/strong><\/p>\n<audio class=\"wp-audio-shortcode\" id=\"audio-318754-8\" preload=\"none\" style=\"width: 100%;\" controls=\"controls\"><source type=\"audio\/mpeg\" src=\"https:\/\/www.radiopiu.net\/wordpress\/wp-content\/uploads\/2023\/01\/CLAUDIO-PRA.mp3?_=8\" \/><a href=\"https:\/\/www.radiopiu.net\/wordpress\/wp-content\/uploads\/2023\/01\/CLAUDIO-PRA.mp3\">https:\/\/www.radiopiu.net\/wordpress\/wp-content\/uploads\/2023\/01\/CLAUDIO-PRA.mp3<\/a><\/audio>\n<p>&nbsp;<\/p>\n<p><strong><a class=\"dt-pswp-item\" href=\"https:\/\/www.radiopiu.net\/wordpress\/wp-content\/uploads\/2023\/01\/6cb8c9ff-bacd-45ff-8ead-5f67300dc06a.jpg\" data-dt-img-description=\"\" data-large_image_width=\"1468\" data-large_image_height=\"1588\"><img loading=\"lazy\" decoding=\"async\" class=\" wp-image-318808 alignleft\" src=\"https:\/\/www.radiopiu.net\/wordpress\/wp-content\/uploads\/2023\/01\/6cb8c9ff-bacd-45ff-8ead-5f67300dc06a-277x300.jpg\" alt=\"\" width=\"194\" height=\"210\" srcset=\"https:\/\/www.radiopiu.net\/wordpress\/wp-content\/uploads\/2023\/01\/6cb8c9ff-bacd-45ff-8ead-5f67300dc06a-277x300.jpg 277w, https:\/\/www.radiopiu.net\/wordpress\/wp-content\/uploads\/2023\/01\/6cb8c9ff-bacd-45ff-8ead-5f67300dc06a-947x1024.jpg 947w, https:\/\/www.radiopiu.net\/wordpress\/wp-content\/uploads\/2023\/01\/6cb8c9ff-bacd-45ff-8ead-5f67300dc06a-768x831.jpg 768w, https:\/\/www.radiopiu.net\/wordpress\/wp-content\/uploads\/2023\/01\/6cb8c9ff-bacd-45ff-8ead-5f67300dc06a-1420x1536.jpg 1420w, https:\/\/www.radiopiu.net\/wordpress\/wp-content\/uploads\/2023\/01\/6cb8c9ff-bacd-45ff-8ead-5f67300dc06a.jpg 1468w\" sizes=\"auto, (max-width: 194px) 100vw, 194px\" \/><\/a>REDAZIONE\u00a0<\/strong> Una bella cometa luminosa sta mettendo in fibrillazione in questi giorni astronomi ed astrofili, ma anche i semplici curiosi allertati dai mezzi di comunicazione. L&#8217; &#8220;astro chiomato&#8221; battezzato da molti media &#8220;la cometa dei Neanderthal&#8221;, perch\u00e9 forse transitata 50.000 anni fa ai tempi dell&#8217;uomo di Neanderthal, in realt\u00e0 si chiama C\/2022 E3 ZTF, un nome poco romantico ma pi\u00f9 concreto, che nella sua formula riporta una serie di dati tra cui, per ultimo, il sistema automatizzato che l\u2019ha individuata, ovvero il Zwicky Transient Facility, appunto ZTF. Dopo essere passata il 12 gennaio nel punto pi\u00f9 vicino al Sole chiamato perielio, l&#8217;oggetto celeste sta ora avvicinandosi al nostro pianeta. Transiter\u00e0 alla minima distanza dalla Terra, circa 42 milioni di chilometri, il primo febbraio. Saranno quindi gli ultimi giorni di gennaio e i primi di febbraio quelli di maggior interesse, con la ZTF che raggiunger\u00e1 il suo massimo splendore. Non \u00e8 facile stimare quale sar\u00e0 la reale luminosit\u00e0 di una cometa e proprio per questo alcune previsioni indicano che sar\u00e0 visibile in un piccolo binocolo, mentre per altre pi\u00f9 ottimistiche sar\u00e0 percepibile ad occhio nudo. Ed a occhio nudo si comincia a percepire, sia pure al limite, come posso testimoniare dalle mie ultime osservazioni. La raccomandazione per chi vuole osservarla \u00e8 in ogni caso di scegliere un luogo buio, lontano dal dilagante inquinamento luminoso. Le ricerche <strong><a class=\"dt-pswp-item\" href=\"https:\/\/www.radiopiu.net\/wordpress\/wp-content\/uploads\/2023\/01\/91bd8ba4-3897-4b8d-99be-621426bf9edf.jpg\" data-dt-img-description=\"\" data-large_image_width=\"1490\" data-large_image_height=\"1118\"><img loading=\"lazy\" decoding=\"async\" class=\"size-medium wp-image-318809 alignright\" src=\"https:\/\/www.radiopiu.net\/wordpress\/wp-content\/uploads\/2023\/01\/91bd8ba4-3897-4b8d-99be-621426bf9edf-300x225.jpg\" alt=\"\" width=\"300\" height=\"225\" srcset=\"https:\/\/www.radiopiu.net\/wordpress\/wp-content\/uploads\/2023\/01\/91bd8ba4-3897-4b8d-99be-621426bf9edf-300x225.jpg 300w, https:\/\/www.radiopiu.net\/wordpress\/wp-content\/uploads\/2023\/01\/91bd8ba4-3897-4b8d-99be-621426bf9edf-1024x768.jpg 1024w, https:\/\/www.radiopiu.net\/wordpress\/wp-content\/uploads\/2023\/01\/91bd8ba4-3897-4b8d-99be-621426bf9edf-768x576.jpg 768w, https:\/\/www.radiopiu.net\/wordpress\/wp-content\/uploads\/2023\/01\/91bd8ba4-3897-4b8d-99be-621426bf9edf.jpg 1490w\" sizes=\"auto, (max-width: 300px) 100vw, 300px\" \/><\/a><\/strong>potrebbero cominciare comodamente dopo cena, ma la Luna, con la sua intensa luce, disturber\u00e0 parecchio nei prossimi giorni, tanto che converr\u00e0 cercarla a ridosso dell\u2019alba, attorno alle 6.00, indirizzando lo sguardo verso nord, tra le stelle della Giraffa e in seguito dell\u2019Auriga. Un piccolo binocolo, come gi\u00e0 ricordato, permetter\u00e0 ottime osservazioni. Se poi si vedr\u00e0 anche a occhio nudo lo spettacolo sar\u00e0 ancora maggiore. Ricordo infine, per una maggior comprensione del fenomeno, che una cometa non ha niente a che fare con una stella ed infatti il termine &#8220;stella cometa&#8221; non \u00e8 corretto. Stiamo invece parlando di un aggregato poco coeso di gas, ghiaccio e polveri tenuti insieme da una crosta rocciosa. Una montagna di qualche chilometro\u00a0molto poco compatta che, avvicinandosi al Sole, si sgretola sotto la pressione della nostra stella. Il materiale che fuoriesce va a formare intorno al nucleo la chioma e in direzione opposta al Sole le code di gas e polveri. Tante meteore, le conosciutissime stelle cadenti, altro non sono che granelli di polvere dispersi dalle comete.<\/p>\n<p>&nbsp;<\/p>\n<hr \/>\n<p>&nbsp;<\/p>\n<blockquote>\n<h2>GLI SCATTI DI MARIO DE MARCO, VOLTAGO &gt;<\/h2>\n<h2><em>.. La cometa C\/2022 E3 (ZTF) detta dei Neanderthal inizia ad essere visibile anche con piccoli teleobiettivi.. Questi scatti eseguiti nei <\/em><br \/>\n<em>cieli di Voltago verso Larion<\/em><\/h2>\n<\/blockquote>\n\n\t\t\t<style type='text\/css'>\n\t\t\t\t#gallery-3 {\n\t\t\t\t\tmargin: auto;\n\t\t\t\t}\n\t\t\t\t#gallery-3 .gallery-item {\n\t\t\t\t\tfloat: left;\n\t\t\t\t\tmargin-top: 10px;\n\t\t\t\t\ttext-align: center;\n\t\t\t\t\twidth: 50%;\n\t\t\t\t}\n\t\t\t\t#gallery-3 img {\n\t\t\t\t\tborder: 2px solid #cfcfcf;\n\t\t\t\t}\n\t\t\t\t#gallery-3 .gallery-caption {\n\t\t\t\t\tmargin-left: 0;\n\t\t\t\t}\n\t\t\t\t\/* see gallery_shortcode() in wp-includes\/media.php *\/\n\t\t\t<\/style>\n\t\t<div id='gallery-3' class='dt-gallery-container gallery galleryid-318754 gallery-columns-2 gallery-size-medium'><dl class='gallery-item'>\n\t\t\t\t<dt class='gallery-icon landscape'>\n\t\t\t\t\t<a class=\"rollover rollover-zoom dt-pswp-item\" title=\"41d1d141-de1f-4487-b3e1-08ff87fe2f26\" data-dt-img-description=\"\" data-large_image_width=\"843\" data-large_image_height=\"474\"href='https:\/\/www.radiopiu.net\/wordpress\/wp-content\/uploads\/2023\/01\/41d1d141-de1f-4487-b3e1-08ff87fe2f26.jpg'><img loading=\"lazy\" decoding=\"async\" width=\"300\" height=\"169\" src=\"https:\/\/www.radiopiu.net\/wordpress\/wp-content\/uploads\/2023\/01\/41d1d141-de1f-4487-b3e1-08ff87fe2f26-300x169.jpg\" class=\"attachment-medium size-medium\" alt=\"\" srcset=\"https:\/\/www.radiopiu.net\/wordpress\/wp-content\/uploads\/2023\/01\/41d1d141-de1f-4487-b3e1-08ff87fe2f26-300x169.jpg 300w, https:\/\/www.radiopiu.net\/wordpress\/wp-content\/uploads\/2023\/01\/41d1d141-de1f-4487-b3e1-08ff87fe2f26-768x432.jpg 768w, https:\/\/www.radiopiu.net\/wordpress\/wp-content\/uploads\/2023\/01\/41d1d141-de1f-4487-b3e1-08ff87fe2f26.jpg 843w\" sizes=\"auto, (max-width: 300px) 100vw, 300px\" \/><\/a>\n\t\t\t\t<\/dt><\/dl><dl class='gallery-item'>\n\t\t\t\t<dt class='gallery-icon landscape'>\n\t\t\t\t\t<a class=\"rollover rollover-zoom dt-pswp-item\" title=\"a64ac431-90db-40aa-af89-0b611806f944\" data-dt-img-description=\"\" data-large_image_width=\"1475\" data-large_image_height=\"750\"href='https:\/\/www.radiopiu.net\/wordpress\/wp-content\/uploads\/2023\/01\/a64ac431-90db-40aa-af89-0b611806f944.jpg'><img loading=\"lazy\" decoding=\"async\" width=\"300\" height=\"153\" src=\"https:\/\/www.radiopiu.net\/wordpress\/wp-content\/uploads\/2023\/01\/a64ac431-90db-40aa-af89-0b611806f944-300x153.jpg\" class=\"attachment-medium size-medium\" alt=\"\" srcset=\"https:\/\/www.radiopiu.net\/wordpress\/wp-content\/uploads\/2023\/01\/a64ac431-90db-40aa-af89-0b611806f944-300x153.jpg 300w, https:\/\/www.radiopiu.net\/wordpress\/wp-content\/uploads\/2023\/01\/a64ac431-90db-40aa-af89-0b611806f944-1024x521.jpg 1024w, https:\/\/www.radiopiu.net\/wordpress\/wp-content\/uploads\/2023\/01\/a64ac431-90db-40aa-af89-0b611806f944-768x391.jpg 768w, https:\/\/www.radiopiu.net\/wordpress\/wp-content\/uploads\/2023\/01\/a64ac431-90db-40aa-af89-0b611806f944.jpg 1475w\" sizes=\"auto, (max-width: 300px) 100vw, 300px\" \/><\/a>\n\t\t\t\t<\/dt><\/dl><br style=\"clear: both\" \/>\n\t\t\t<\/div>\n\n<p>&nbsp;<\/p>\n<hr \/>\n<p>&nbsp;<\/p>\n<blockquote>\n<h2>INCIAMPARE&#8230; PER NON DIMENTICARE<\/h2>\n<\/blockquote>\n<p><strong>DI FRANCO PIACENTINI<\/strong><\/p>\n<blockquote>\n<div dir=\"auto\"><em><strong>Sul marciapiede d&#8217;entrata all&#8217;Universit\u00e0 di Padova (Palazzo Bo con i suoi 800 anni di storia) ci sono sette pietre d&#8217;inciampo per non dimenticare gli oltre sei milioni di ebrei, barbaramente ammazzati dai nazisti con la complicit\u00e0 (anche) dei fascisti. Il ricordo indelebile nella giornata del 27 gennaio.\u00a0<\/strong><\/em><\/div>\n<\/blockquote>\n<div dir=\"auto\"><a class=\"dt-pswp-item\" href=\"https:\/\/www.radiopiu.net\/wordpress\/wp-content\/uploads\/2023\/01\/IMG_20230126_083730-scaled.jpg\" data-dt-img-description=\"\" data-large_image_width=\"2560\" data-large_image_height=\"1920\"><img loading=\"lazy\" decoding=\"async\" class=\"size-medium wp-image-318805 aligncenter\" src=\"https:\/\/www.radiopiu.net\/wordpress\/wp-content\/uploads\/2023\/01\/IMG_20230126_083730-300x225.jpg\" alt=\"\" width=\"300\" height=\"225\" srcset=\"https:\/\/www.radiopiu.net\/wordpress\/wp-content\/uploads\/2023\/01\/IMG_20230126_083730-300x225.jpg 300w, https:\/\/www.radiopiu.net\/wordpress\/wp-content\/uploads\/2023\/01\/IMG_20230126_083730-1024x768.jpg 1024w, https:\/\/www.radiopiu.net\/wordpress\/wp-content\/uploads\/2023\/01\/IMG_20230126_083730-768x576.jpg 768w, https:\/\/www.radiopiu.net\/wordpress\/wp-content\/uploads\/2023\/01\/IMG_20230126_083730-1536x1152.jpg 1536w, https:\/\/www.radiopiu.net\/wordpress\/wp-content\/uploads\/2023\/01\/IMG_20230126_083730-2048x1536.jpg 2048w\" sizes=\"auto, (max-width: 300px) 100vw, 300px\" \/><\/a><\/div>\n<p>&nbsp;<\/p>\n<hr \/>\n<blockquote>\n<h3>LE INIZIATIVE DEL COMUNE DI FELTRE PER LA GIORNATA DELLA MEMORIA<\/h3>\n<\/blockquote>\n<p><strong><a class=\"dt-pswp-item\" href=\"https:\/\/www.radiopiu.net\/wordpress\/wp-content\/uploads\/2023\/01\/kz-2063348__340.jpg\" data-dt-img-description=\"\" data-large_image_width=\"508\" data-large_image_height=\"340\"><img loading=\"lazy\" decoding=\"async\" class=\"wp-image-318249 alignleft\" src=\"https:\/\/www.radiopiu.net\/wordpress\/wp-content\/uploads\/2023\/01\/kz-2063348__340-300x201.jpg\" alt=\"\" width=\"196\" height=\"131\" srcset=\"https:\/\/www.radiopiu.net\/wordpress\/wp-content\/uploads\/2023\/01\/kz-2063348__340-300x201.jpg 300w, https:\/\/www.radiopiu.net\/wordpress\/wp-content\/uploads\/2023\/01\/kz-2063348__340.jpg 508w\" sizes=\"auto, (max-width: 196px) 100vw, 196px\" \/><\/a>FELTRE\u00a0<\/strong> Sono due gli appuntamenti che il Comune di Feltre promuove per oggi. Il primo incontro sar\u00e0 dedicato alle classi seconde e terze delle scuole secondarie di primo grado\u00a0 e alle classi prime degli Istituti Scolastici di secondo grado. L\u2019auditorium dell\u2019Istituto Canossiano ospiter\u00e0 lo spettacolo \u201cVivere ancora. Voci dal filo spinato\u201d, un racconto a due voci che si rafforza con intensi momenti musicali dal vivo. L\u2019Aula Magna del Colotti di Feltre ospiter\u00e0 invece alle 20.30 l\u2019appuntamento aperto alla cittadinanza, organizzato dal Comune in collaborazione con la sezione di Feltre dell\u2019Associazione Nazionale Partigiani d\u2019Italia e l\u2019Istituto Storico per la Resistenza e l\u2019Et\u00e0 contemporanea; qui sar\u00e0 presentato il film-documentario \u201cGli ultimi mesi. Il lager di Bolzano\u201d.<\/p>\n<p>&nbsp;<\/p>\n<p>&nbsp;<\/p>\n<hr \/>\n<p>&nbsp;<\/p>\n<blockquote>\n<h3><a class=\"dt-pswp-item\" href=\"https:\/\/www.radiopiu.net\/wordpress\/wp-content\/uploads\/2023\/01\/SPI-BL-Giorno-memoria-2023.jpg\" data-dt-img-description=\"\" data-large_image_width=\"1576\" data-large_image_height=\"1655\"><img loading=\"lazy\" decoding=\"async\" class=\"wp-image-318847 alignleft\" src=\"https:\/\/www.radiopiu.net\/wordpress\/wp-content\/uploads\/2023\/01\/SPI-BL-Giorno-memoria-2023-286x300.jpg\" alt=\"\" width=\"144\" height=\"151\" srcset=\"https:\/\/www.radiopiu.net\/wordpress\/wp-content\/uploads\/2023\/01\/SPI-BL-Giorno-memoria-2023-286x300.jpg 286w, https:\/\/www.radiopiu.net\/wordpress\/wp-content\/uploads\/2023\/01\/SPI-BL-Giorno-memoria-2023-975x1024.jpg 975w, https:\/\/www.radiopiu.net\/wordpress\/wp-content\/uploads\/2023\/01\/SPI-BL-Giorno-memoria-2023-768x806.jpg 768w, https:\/\/www.radiopiu.net\/wordpress\/wp-content\/uploads\/2023\/01\/SPI-BL-Giorno-memoria-2023-1463x1536.jpg 1463w, https:\/\/www.radiopiu.net\/wordpress\/wp-content\/uploads\/2023\/01\/SPI-BL-Giorno-memoria-2023.jpg 1576w\" sizes=\"auto, (max-width: 144px) 100vw, 144px\" \/><\/a>LE DEPORTAZIONI IN PROVINCIA DI BELLUNO<\/h3>\n<\/blockquote>\n<p><strong>BELLUNO <\/strong>Come ogni anno lo Spi CGIL commemora la giornata per non dimenticare cos\u2019\u00e8 stato l\u2019Olucausto. \u201cLe Deportazioni in provincia di Belluno\u201d il titolo dell&#8217;incontro in programma oggi alle 15:30 nella sala del Parco, ex Casa Rossa, a Ponte Nelle Alpi. Deportati, internati militari, lavoratori civili e coatti.\u00a0 \u00a0Una riflessione sulla deportazione della provincia di Belluno nella relazione della professoressa Adriana Lotto ricercatrice e storica dell\u2019Istituto storico della resistenza e dell\u2019et\u00e0 contemporanea. Interverranno inoltre \u00a0il Sindaco di Ponte nelle Alpi Paolo Vendramini e\u00a0Gabriele\u00a0Ganz di Storia e Memoria dello Spi Cgil Belluno.<\/p>\n<p>&nbsp;<\/p>\n<p>&nbsp;<\/p>\n<hr \/>\n<p>&nbsp;<\/p>\n<blockquote>\n<h3>IL RITORNO DEL LUPO IN PROVINCIA, A FALCADE PARLANO GLI ESPERTI<\/h3>\n<\/blockquote>\n<p><strong>LA DIRETTA RADIO PIU&#8217;<\/strong><\/p>\n<p>https:\/\/www.facebook.com\/marco.baghy.1\/videos\/699374151722305<\/p>\n<p>&nbsp;<\/p>\n<p><strong><a class=\"dt-pswp-item\" href=\"https:\/\/www.radiopiu.net\/wordpress\/wp-content\/uploads\/2023\/01\/23c3f23d-2367-4eb3-a5a4-c96fbb46d9dc.jpg\" data-dt-img-description=\"\" data-large_image_width=\"1127\" data-large_image_height=\"1600\"><img loading=\"lazy\" decoding=\"async\" class=\" wp-image-318561 alignleft\" src=\"https:\/\/www.radiopiu.net\/wordpress\/wp-content\/uploads\/2023\/01\/23c3f23d-2367-4eb3-a5a4-c96fbb46d9dc-211x300.jpg\" alt=\"\" width=\"105\" height=\"149\" srcset=\"https:\/\/www.radiopiu.net\/wordpress\/wp-content\/uploads\/2023\/01\/23c3f23d-2367-4eb3-a5a4-c96fbb46d9dc-211x300.jpg 211w, https:\/\/www.radiopiu.net\/wordpress\/wp-content\/uploads\/2023\/01\/23c3f23d-2367-4eb3-a5a4-c96fbb46d9dc-721x1024.jpg 721w, https:\/\/www.radiopiu.net\/wordpress\/wp-content\/uploads\/2023\/01\/23c3f23d-2367-4eb3-a5a4-c96fbb46d9dc-768x1090.jpg 768w, https:\/\/www.radiopiu.net\/wordpress\/wp-content\/uploads\/2023\/01\/23c3f23d-2367-4eb3-a5a4-c96fbb46d9dc-1082x1536.jpg 1082w, https:\/\/www.radiopiu.net\/wordpress\/wp-content\/uploads\/2023\/01\/23c3f23d-2367-4eb3-a5a4-c96fbb46d9dc.jpg 1127w\" sizes=\"auto, (max-width: 105px) 100vw, 105px\" \/><\/a>A CANALE IL PROSSIMO APPUNTAMENTO<\/strong><\/p>\n<p>Si parler\u00e0 del lupo anche a Canale D&#8217;Agordo domani alle 20.30, in sala Ex Emigranti di Via Lotta \u00e8 in programma un incontro dal titolo &#8220;Con il lupo si pu\u00f2 convivere&#8221;. Relatore: Cristiano Fant<\/p>\n<p>&nbsp;<\/p>\n<p>&nbsp;<\/p>\n<p>&nbsp;<\/p>\n<p>&nbsp;<\/p>\n<hr \/>\n<p>&nbsp;<\/p>\n<blockquote>\n<h2>Indagine sociolinguistica sulle lingue minoritarie del Veneto<\/h2>\n<\/blockquote>\n<p>&nbsp;<\/p>\n<p><a class=\"dt-pswp-item\" href=\"https:\/\/www.radiopiu.net\/wordpress\/wp-content\/uploads\/2023\/01\/WhatsApp-Image-2023-01-22-at-21.14.13.jpeg\" data-dt-img-description=\"\" data-large_image_width=\"1184\" data-large_image_height=\"760\"><img loading=\"lazy\" decoding=\"async\" class=\"wp-image-318189 alignleft\" src=\"https:\/\/www.radiopiu.net\/wordpress\/wp-content\/uploads\/2023\/01\/WhatsApp-Image-2023-01-22-at-21.14.13-300x193.jpeg\" alt=\"\" width=\"152\" height=\"98\" srcset=\"https:\/\/www.radiopiu.net\/wordpress\/wp-content\/uploads\/2023\/01\/WhatsApp-Image-2023-01-22-at-21.14.13-300x193.jpeg 300w, https:\/\/www.radiopiu.net\/wordpress\/wp-content\/uploads\/2023\/01\/WhatsApp-Image-2023-01-22-at-21.14.13-1024x657.jpeg 1024w, https:\/\/www.radiopiu.net\/wordpress\/wp-content\/uploads\/2023\/01\/WhatsApp-Image-2023-01-22-at-21.14.13-768x493.jpeg 768w, https:\/\/www.radiopiu.net\/wordpress\/wp-content\/uploads\/2023\/01\/WhatsApp-Image-2023-01-22-at-21.14.13.jpeg 1184w\" sizes=\"auto, (max-width: 152px) 100vw, 152px\" \/><\/a>La Regione Veneto ha avviato un\u2019importante inchiesta sociolinguistica sullo stato di salute delle minoranze linguistiche del proprio territorio (ladini, cimbri e friulani). Michela dell\u2019Osbel ed Eleonora Troi ci spiegano perch\u00e9 partecipare e diffondere \u00e8 essenziale.<\/p>\n<p>&nbsp;<\/p>\n<p>&nbsp;<\/p>\n<p>&nbsp;<\/p>\n<p>LINK,<span style=\"color: #0000ff;\"><strong> <a style=\"color: #0000ff;\" href=\"https:\/\/ec.europa.eu\/eusurvey\/runner\/QuestionarioVenetoL\">CLICCA QUI<\/a><\/strong><\/span><\/p>\n<p>&nbsp;<\/p>\n<p><strong>MICHELA DELL&#8217;OSBEL<\/strong><\/p>\n<audio class=\"wp-audio-shortcode\" id=\"audio-318754-9\" preload=\"none\" style=\"width: 100%;\" controls=\"controls\"><source type=\"audio\/mpeg\" src=\"https:\/\/www.radiopiu.net\/wordpress\/wp-content\/uploads\/2023\/01\/michela-dellosbel.mp3?_=9\" \/><a href=\"https:\/\/www.radiopiu.net\/wordpress\/wp-content\/uploads\/2023\/01\/michela-dellosbel.mp3\">https:\/\/www.radiopiu.net\/wordpress\/wp-content\/uploads\/2023\/01\/michela-dellosbel.mp3<\/a><\/audio>\n<p><strong>ELEONORA TROI<\/strong><\/p>\n<audio class=\"wp-audio-shortcode\" id=\"audio-318754-10\" preload=\"none\" style=\"width: 100%;\" controls=\"controls\"><source type=\"audio\/mpeg\" src=\"https:\/\/www.radiopiu.net\/wordpress\/wp-content\/uploads\/2023\/01\/eleonora.mp3?_=10\" \/><a href=\"https:\/\/www.radiopiu.net\/wordpress\/wp-content\/uploads\/2023\/01\/eleonora.mp3\">https:\/\/www.radiopiu.net\/wordpress\/wp-content\/uploads\/2023\/01\/eleonora.mp3<\/a><\/audio>\n<p>&nbsp;<\/p>\n<hr \/>\n<p>&nbsp;<\/p>\n<blockquote>\n<h3>DILLO A RADIO PIU&#8217;&#8230;I PARCHEGGI VALCOZZENA, LA STORIA NON CAMBIA<\/h3>\n<\/blockquote>\n<p><strong><a class=\"dt-pswp-item\" href=\"https:\/\/www.radiopiu.net\/wordpress\/wp-content\/uploads\/2023\/01\/Schermata-2023-01-26-alle-20.10.20.png\" data-dt-img-description=\"\" data-large_image_width=\"1310\" data-large_image_height=\"880\"><img loading=\"lazy\" decoding=\"async\" class=\" wp-image-318898 alignleft\" src=\"https:\/\/www.radiopiu.net\/wordpress\/wp-content\/uploads\/2023\/01\/Schermata-2023-01-26-alle-20.10.20-300x202.png\" alt=\"\" width=\"187\" height=\"126\" srcset=\"https:\/\/www.radiopiu.net\/wordpress\/wp-content\/uploads\/2023\/01\/Schermata-2023-01-26-alle-20.10.20-300x202.png 300w, https:\/\/www.radiopiu.net\/wordpress\/wp-content\/uploads\/2023\/01\/Schermata-2023-01-26-alle-20.10.20-1024x688.png 1024w, https:\/\/www.radiopiu.net\/wordpress\/wp-content\/uploads\/2023\/01\/Schermata-2023-01-26-alle-20.10.20-768x516.png 768w, https:\/\/www.radiopiu.net\/wordpress\/wp-content\/uploads\/2023\/01\/Schermata-2023-01-26-alle-20.10.20.png 1310w\" sizes=\"auto, (max-width: 187px) 100vw, 187px\" \/><\/a>REDAZIONE<\/strong> Riceviamo e pubblichiamo l&#8217;ennesima foto da localit\u00e0 Valcozzena dove, nonostante la segnalazione di ieri, si continua a parcheggiare dove capita.<\/p>\n<p><em>Cara Radio Pi\u00f9 anche oggi tornando a casa ho trovato questa auto parcheggiata sulla strada che porta alla frazione di Valcozzena. Ma oggi addirittura in contro mano. E pensare che in questa strada non ci sono accessi ai parcheggi e quindi si suppone che ci sia la volont\u00e0 di parcheggiare proprio cos\u00ec e qui. Di nuovo complimenti!<\/em><\/p>\n<p>&nbsp;<\/p>\n<p>&nbsp;<\/p>\n<hr \/>\n<p>&nbsp;<\/p>\n<blockquote>\n<h3><img loading=\"lazy\" decoding=\"async\" class=\"alignleft\" src=\"https:\/\/www.radiopiu.net\/wordpress\/wp-content\/uploads\/2019\/02\/Logo_Spi-CGIL-800x445.jpg\" width=\"108\" height=\"60\" \/>DAL CONVEGNO DI QUINTO, AI MICROFONI DI RADIOPIU<\/h3>\n<p>SPI CGIL, CON MARIA RITA GENTILIN<\/p>\n<p><strong>DI MIRKO MEZZACASA\u00a0<\/strong><\/p><\/blockquote>\n<audio class=\"wp-audio-shortcode\" id=\"audio-318754-11\" preload=\"none\" style=\"width: 100%;\" controls=\"controls\"><source type=\"audio\/mpeg\" src=\"https:\/\/www.radiopiu.net\/wordpress\/wp-content\/uploads\/2023\/01\/spi-maria-rita-gentiin.mp3?_=11\" \/><a href=\"https:\/\/www.radiopiu.net\/wordpress\/wp-content\/uploads\/2023\/01\/spi-maria-rita-gentiin.mp3\">https:\/\/www.radiopiu.net\/wordpress\/wp-content\/uploads\/2023\/01\/spi-maria-rita-gentiin.mp3<\/a><\/audio>\n<p>&nbsp;<\/p>\n<hr \/>\n<p>&nbsp;<\/p>\n<blockquote>\n<h3><a class=\"dt-pswp-item\" href=\"https:\/\/www.radiopiu.net\/wordpress\/wp-content\/uploads\/2023\/01\/Senza-nome-50.jpg\" data-dt-img-description=\"\" data-large_image_width=\"300\" data-large_image_height=\"279\"><img loading=\"lazy\" decoding=\"async\" class=\"wp-image-317797 alignleft\" src=\"https:\/\/www.radiopiu.net\/wordpress\/wp-content\/uploads\/2023\/01\/Senza-nome-50.jpg\" alt=\"\" width=\"116\" height=\"108\" \/><\/a>LA PARTITA DEL SORRISO<\/h3>\n<\/blockquote>\n<p><strong>BELLUNO<\/strong>\u00a0 Domani alle 17.30 al Palasport De Mas partita di calcio a 5 tra amministratori comunali e forze dell&#8217;ordine. Ingresso ad offerta libera, devoluto al Comitato d&#8217;Intesa per il progetto Stacco.<\/p>\n<p>&nbsp;<\/p>\n<p>&nbsp;<\/p>\n<hr \/>\n<p>&nbsp;<\/p>\n<blockquote>\n<h3>POEMA RITROVATO, POETA SCONOSCIUTO <a class=\"dt-pswp-item\" href=\"https:\/\/www.radiopiu.net\/wordpress\/wp-content\/uploads\/2023\/01\/Das-Magische-Auge_copertina-libro.jpg\" data-dt-img-description=\"\" data-large_image_width=\"1131\" data-large_image_height=\"1600\"><img loading=\"lazy\" decoding=\"async\" class=\"wp-image-318804 alignleft\" src=\"https:\/\/www.radiopiu.net\/wordpress\/wp-content\/uploads\/2023\/01\/Das-Magische-Auge_copertina-libro-212x300.jpg\" alt=\"\" width=\"116\" height=\"164\" srcset=\"https:\/\/www.radiopiu.net\/wordpress\/wp-content\/uploads\/2023\/01\/Das-Magische-Auge_copertina-libro-212x300.jpg 212w, https:\/\/www.radiopiu.net\/wordpress\/wp-content\/uploads\/2023\/01\/Das-Magische-Auge_copertina-libro-724x1024.jpg 724w, https:\/\/www.radiopiu.net\/wordpress\/wp-content\/uploads\/2023\/01\/Das-Magische-Auge_copertina-libro-768x1086.jpg 768w, https:\/\/www.radiopiu.net\/wordpress\/wp-content\/uploads\/2023\/01\/Das-Magische-Auge_copertina-libro-1086x1536.jpg 1086w, https:\/\/www.radiopiu.net\/wordpress\/wp-content\/uploads\/2023\/01\/Das-Magische-Auge_copertina-libro.jpg 1131w\" sizes=\"auto, (max-width: 116px) 100vw, 116px\" \/><\/a><\/h3>\n<\/blockquote>\n<p><strong>BELLUNO<\/strong> <span style=\"font-family: Times New Roman, serif;\"><span style=\"font-size: medium;\">Marted\u00ec, alle 18, alla Libreria Tarantola di Belluno, verr\u00e0 presentato il libro \u201cDas Magische Auge\u201d, un poema del 1927 scritto dal misterioso e sconosciuto Claudio Giuseppe De Don\u00e0, testo ritrovato nel 2019 in una soffitta a Belluno. Nella serata interverranno l\u2019autore del fortuito ritrovamento, il poliedrico artista bellunese Gianni Carlin, che ha trascritto e pubblicato il manoscritto, e lo storico Jacopo De Pasquale, al quale si deve una contestualizzazione storica sulla citt\u00e0 di Belluno tra le due guerre mondiali in apertura del volume. <\/span><\/span><\/p>\n<p>&nbsp;<\/p>\n<hr \/>\n<p>&nbsp;<\/p>\n<blockquote>\n<h3>LE IMMAGINI RACCONTANO LA STORIA.<\/h3>\n<\/blockquote>\n<p><strong>FELTRE<\/strong> La Polisportiva Feltrese, dopo la rassegna dedicata a &#8220;L&#8217;utilizzo del Piave a scopo idroelettrico 1902 &#8211; 1962&#8221;, ora al Fondaco Delle Biade espone le immagini. La mostra\u00a0 rimarr\u00e0 aperta fino al 5 febbraio 2023 anche\u00a0 il sabato e la domenica<\/p>\n<p>&nbsp;<\/p>\n<hr \/>\n<blockquote>\n<h3><\/h3>\n<blockquote>\n<h3>TORNA LA GARA DI SLITTINO A COLMEAN<\/h3>\n<\/blockquote>\n<p><strong>CANALE D&#8217;AGORDO <\/strong>Domenica 29 gennaio lungo la pista di Colmean di Canale d&#8217;Agordo ritorna la gara di slittino aperta a tutti per bambini e adulti con il gruppo Crodaioli dell&#8217;Auta. Categorie maschili e femminili (per et\u00e0), ma anche accompagnati maschili e femminili, per i pi\u00f9 piccoli anche due per slitta. Iscrizioni al Bar Colmean il giorno della gara al traguardo fino alle 13.30. Premi per tutti. Informazioni allo 0437 592078.<\/p>\n<p><strong>FOTO D&#8217;ARCHIVIO<\/strong><\/p>\n\n\t\t\t<style type='text\/css'>\n\t\t\t\t#gallery-4 {\n\t\t\t\t\tmargin: auto;\n\t\t\t\t}\n\t\t\t\t#gallery-4 .gallery-item {\n\t\t\t\t\tfloat: left;\n\t\t\t\t\tmargin-top: 10px;\n\t\t\t\t\ttext-align: center;\n\t\t\t\t\twidth: 33%;\n\t\t\t\t}\n\t\t\t\t#gallery-4 img {\n\t\t\t\t\tborder: 2px solid #cfcfcf;\n\t\t\t\t}\n\t\t\t\t#gallery-4 .gallery-caption {\n\t\t\t\t\tmargin-left: 0;\n\t\t\t\t}\n\t\t\t\t\/* see gallery_shortcode() in wp-includes\/media.php *\/\n\t\t\t<\/style>\n\t\t<div id='gallery-4' class='dt-gallery-container gallery galleryid-318754 gallery-columns-3 gallery-size-medium'><dl class='gallery-item'>\n\t\t\t\t<dt class='gallery-icon landscape'>\n\t\t\t\t\t<a class=\"rollover rollover-zoom dt-pswp-item\" title=\"Schermata 2023-01-22 alle 17.11.30\" data-dt-img-description=\"\" data-large_image_width=\"1368\" data-large_image_height=\"930\"href='https:\/\/www.radiopiu.net\/wordpress\/wp-content\/uploads\/2023\/01\/Schermata-2023-01-22-alle-17.11.30.png'><img loading=\"lazy\" decoding=\"async\" width=\"300\" height=\"204\" src=\"https:\/\/www.radiopiu.net\/wordpress\/wp-content\/uploads\/2023\/01\/Schermata-2023-01-22-alle-17.11.30-300x204.png\" class=\"attachment-medium size-medium\" alt=\"\" srcset=\"https:\/\/www.radiopiu.net\/wordpress\/wp-content\/uploads\/2023\/01\/Schermata-2023-01-22-alle-17.11.30-300x204.png 300w, https:\/\/www.radiopiu.net\/wordpress\/wp-content\/uploads\/2023\/01\/Schermata-2023-01-22-alle-17.11.30-1024x696.png 1024w, https:\/\/www.radiopiu.net\/wordpress\/wp-content\/uploads\/2023\/01\/Schermata-2023-01-22-alle-17.11.30-768x522.png 768w, https:\/\/www.radiopiu.net\/wordpress\/wp-content\/uploads\/2023\/01\/Schermata-2023-01-22-alle-17.11.30.png 1368w\" sizes=\"auto, (max-width: 300px) 100vw, 300px\" \/><\/a>\n\t\t\t\t<\/dt><\/dl><dl class='gallery-item'>\n\t\t\t\t<dt class='gallery-icon landscape'>\n\t\t\t\t\t<a class=\"rollover rollover-zoom dt-pswp-item\" title=\"Schermata 2023-01-22 alle 17.11.46\" data-dt-img-description=\"\" data-large_image_width=\"1442\" data-large_image_height=\"1064\"href='https:\/\/www.radiopiu.net\/wordpress\/wp-content\/uploads\/2023\/01\/Schermata-2023-01-22-alle-17.11.46.png'><img loading=\"lazy\" decoding=\"async\" width=\"300\" height=\"221\" src=\"https:\/\/www.radiopiu.net\/wordpress\/wp-content\/uploads\/2023\/01\/Schermata-2023-01-22-alle-17.11.46-300x221.png\" class=\"attachment-medium size-medium\" alt=\"\" srcset=\"https:\/\/www.radiopiu.net\/wordpress\/wp-content\/uploads\/2023\/01\/Schermata-2023-01-22-alle-17.11.46-300x221.png 300w, https:\/\/www.radiopiu.net\/wordpress\/wp-content\/uploads\/2023\/01\/Schermata-2023-01-22-alle-17.11.46-1024x756.png 1024w, https:\/\/www.radiopiu.net\/wordpress\/wp-content\/uploads\/2023\/01\/Schermata-2023-01-22-alle-17.11.46-768x567.png 768w, https:\/\/www.radiopiu.net\/wordpress\/wp-content\/uploads\/2023\/01\/Schermata-2023-01-22-alle-17.11.46.png 1442w\" sizes=\"auto, (max-width: 300px) 100vw, 300px\" \/><\/a>\n\t\t\t\t<\/dt><\/dl><dl class='gallery-item'>\n\t\t\t\t<dt class='gallery-icon landscape'>\n\t\t\t\t\t<a class=\"rollover rollover-zoom dt-pswp-item\" title=\"c1c0f422-e2e8-4fb5-84ff-8839f59f80cd\" data-dt-img-description=\"\" data-large_image_width=\"1600\" data-large_image_height=\"721\"href='https:\/\/www.radiopiu.net\/wordpress\/wp-content\/uploads\/2023\/01\/c1c0f422-e2e8-4fb5-84ff-8839f59f80cd-e1674535647733.jpg'><img loading=\"lazy\" decoding=\"async\" width=\"300\" height=\"135\" src=\"https:\/\/www.radiopiu.net\/wordpress\/wp-content\/uploads\/2023\/01\/c1c0f422-e2e8-4fb5-84ff-8839f59f80cd-e1674535647733-300x135.jpg\" class=\"attachment-medium size-medium\" alt=\"\" srcset=\"https:\/\/www.radiopiu.net\/wordpress\/wp-content\/uploads\/2023\/01\/c1c0f422-e2e8-4fb5-84ff-8839f59f80cd-e1674535647733-300x135.jpg 300w, https:\/\/www.radiopiu.net\/wordpress\/wp-content\/uploads\/2023\/01\/c1c0f422-e2e8-4fb5-84ff-8839f59f80cd-e1674535647733-1024x461.jpg 1024w, https:\/\/www.radiopiu.net\/wordpress\/wp-content\/uploads\/2023\/01\/c1c0f422-e2e8-4fb5-84ff-8839f59f80cd-e1674535647733-1536x692.jpg 1536w, https:\/\/www.radiopiu.net\/wordpress\/wp-content\/uploads\/2023\/01\/c1c0f422-e2e8-4fb5-84ff-8839f59f80cd-e1674535647733-768x346.jpg 768w, https:\/\/www.radiopiu.net\/wordpress\/wp-content\/uploads\/2023\/01\/c1c0f422-e2e8-4fb5-84ff-8839f59f80cd-e1674535647733.jpg 1600w\" sizes=\"auto, (max-width: 300px) 100vw, 300px\" \/><\/a>\n\t\t\t\t<\/dt><\/dl><br style=\"clear: both\" \/>\n\t\t\t<\/div>\n\n<p>&nbsp;<\/p>\n<p>&nbsp;<\/p><\/blockquote>\n<p>&nbsp;<\/p>\n<hr \/>\n<p>&nbsp;<\/p>\n<blockquote>\n<h3>L&#8217;UNIVERSITA&#8217; DEGLI ANZIANI DI AGORDO TORNA CON UN RICCO PROGRAMMA<\/h3>\n<\/blockquote>\n<p><strong>AGORDO<\/strong> L&#8217;universit\u00e0 degli anziani di Agordo \u00e8 pronta per tornare con le lezioni in presenza. \u00c8 stato stilato il calendario degli eventi in programma dal 7 febbraio al 2 maggio. Ogni marted\u00ec gli incontri si svolgeranno in sala Don Tamis dalle 15 alle 17.<\/p>\n<p><strong>IL PROGRAMMA (2 PAGINE)<\/strong><\/p>\n<a href=\"https:\/\/www.radiopiu.net\/wordpress\/wp-content\/uploads\/2023\/01\/UAA-Programma-2022-23_2\u00b0trimestreok.pdf\" class=\"pdfemb-viewer\" style=\"\" data-width=\"max\" data-height=\"max\" data-toolbar=\"top\" data-toolbar-fixed=\"on\">UAA-Programma 2022-23_2\u00b0trimestreok<\/a>\n<p>&nbsp;<\/p>\n<hr \/>\n<p>&nbsp;<\/p>\n<blockquote>\n<h3><a class=\"dt-pswp-item\" href=\"https:\/\/www.radiopiu.net\/wordpress\/wp-content\/uploads\/2023\/01\/Dialoghi-POP-1.jpg\" data-dt-img-description=\"\" data-large_image_width=\"1165\" data-large_image_height=\"780\"><img loading=\"lazy\" decoding=\"async\" class=\" wp-image-318537 alignleft\" src=\"https:\/\/www.radiopiu.net\/wordpress\/wp-content\/uploads\/2023\/01\/Dialoghi-POP-1-300x201.jpg\" alt=\"\" width=\"155\" height=\"104\" srcset=\"https:\/\/www.radiopiu.net\/wordpress\/wp-content\/uploads\/2023\/01\/Dialoghi-POP-1-300x201.jpg 300w, https:\/\/www.radiopiu.net\/wordpress\/wp-content\/uploads\/2023\/01\/Dialoghi-POP-1-1024x686.jpg 1024w, https:\/\/www.radiopiu.net\/wordpress\/wp-content\/uploads\/2023\/01\/Dialoghi-POP-1-768x514.jpg 768w, https:\/\/www.radiopiu.net\/wordpress\/wp-content\/uploads\/2023\/01\/Dialoghi-POP-1.jpg 1165w\" sizes=\"auto, (max-width: 155px) 100vw, 155px\" \/><\/a>IL SECONDO APPUNTAMENTO DI DIALOGHI POP A BELLUNO<\/h3>\n<\/blockquote>\n<p><strong>BELLUNO <\/strong>Dopo l\u2019incontro del 13 gennaio scorso, la Biblioteca civica di Belluno \u00e8 pronta per il secondo appuntamento del gruppo di discussione, condotto da Rachele Corcione, 23 anni, volontaria del servizio civile, e Eric Dal Piva, 23 anni, volontario, rivolto ai giovani dai 15 ai 35 anni, per dare loro l\u2019opportunit\u00e0 di esprimere la propria opinione su un contenuto e esercitandosi ad argomentarla. L\u2019incontro di oggi sar\u00e0 dedicato al tema \u201cIl domani che verr\u00e0: utopie e distopie del futuro\u201d e si terr\u00e0 presso la sede provvisoria della Biblioteca Civica di Belluno, a palazzo Bembo, dalle 16.00 alle 17.00.<\/p>\n<p>&nbsp;<\/p>\n<p>&nbsp;<\/p>\n<hr \/>\n<p>&nbsp;<\/p>\n<blockquote>\n<h3>UN SEMINARIO SU SOSTENIBILITA&#8217; E BENESSERE AZIENDALE<\/h3>\n<\/blockquote>\n<p><strong>FONZASO<\/strong> Luned\u00ec mattina le imprese del territorio sono inviate a Dolomiti per parlare di sostenibilit\u00e0 e benessere aziendale. A partire dalle 9.00 sar\u00e0 possibile confrontarsi tra imprese e docenti su due temi importanti: le B Corp e il benessere aziendale.\u00a0 Le aziende del territorio bellunesi sono in un continuo dinamismo e attenzione al mondo dell\u2019innovazione dentro la propria attivit\u00e0. Per questo Dolomiti hub, in cordata con Reviviscar, il Fondo Sociale e di Coesione, la Regione Veneto e il Piano Sviluppo e Coesione &#8211; Veneto, propone due relatori, due esperienze provenienti dal padovano e dal\u00a0 trentino per dialogare con il territorio. L\u2019evento sar\u00e0 moderato dall\u2019amministratore di Dolomiti Hub e imprenditore Walter Moretto.<\/p>\n<p>&nbsp;<\/p>\n<p>&nbsp;<\/p>\n<hr \/>\n<p>&nbsp;<\/p>\n<blockquote>\n<h3>AVVICINAMENTO ALL&#8217;HOCKEY A LA VALLE<\/h3>\n<\/blockquote>\n<p><strong>LA VALLE<\/strong> Alleghe Hockey e Unione Sportiva Ghiaccio La Valle invitano tutti i bambini dai 4 anni in su allo stadio del ghiaccio in localit\u00e0 Conaggia a La Valle per una serata di avvicinamento all&#8217;hockey. L&#8217;appuntamento \u00e8 per oggi alle 18:30. Attivit\u00e0 e noleggio pattini gratuiti. Info 388 1866668<\/p>\n<p>&nbsp;<\/p>\n<p>&nbsp;<\/p>\n<hr \/>\n<p>&nbsp;<\/p>\n<blockquote>\n<h3>JAZZERSICE IN AGORDINO A CENCENIGHE E CANALE<\/h3>\n<\/blockquote>\n<p><strong>CENCENIGHE<\/strong> Jazzercise-Dance Mix Nell&#8217;Agordino alla palestra delle Scuole Medie Di Cencenighe ogni marted\u00ec e gioved\u00ec dalle 19 alle 20, in sala ex emigranti di Canale d\u2019Agordo il mercoled\u00ec dalle 19.30 alle 20.30 e il venerd\u00ec dalle 18.45 alle 19.45<\/p>\n\n\t\t\t<style type='text\/css'>\n\t\t\t\t#gallery-5 {\n\t\t\t\t\tmargin: auto;\n\t\t\t\t}\n\t\t\t\t#gallery-5 .gallery-item {\n\t\t\t\t\tfloat: left;\n\t\t\t\t\tmargin-top: 10px;\n\t\t\t\t\ttext-align: center;\n\t\t\t\t\twidth: 50%;\n\t\t\t\t}\n\t\t\t\t#gallery-5 img {\n\t\t\t\t\tborder: 2px solid #cfcfcf;\n\t\t\t\t}\n\t\t\t\t#gallery-5 .gallery-caption {\n\t\t\t\t\tmargin-left: 0;\n\t\t\t\t}\n\t\t\t\t\/* see gallery_shortcode() in wp-includes\/media.php *\/\n\t\t\t<\/style>\n\t\t<div id='gallery-5' class='dt-gallery-container gallery galleryid-318754 gallery-columns-2 gallery-size-medium'><dl class='gallery-item'>\n\t\t\t\t<dt class='gallery-icon landscape'>\n\t\t\t\t\t<a class=\"rollover rollover-zoom dt-pswp-item\" title=\"b2d8a43a-36e6-4b9b-8263-018afcc4df14\" data-dt-img-description=\"\" data-large_image_width=\"716\" data-large_image_height=\"502\"href='https:\/\/www.radiopiu.net\/wordpress\/wp-content\/uploads\/2023\/01\/b2d8a43a-36e6-4b9b-8263-018afcc4df14.jpg'><img loading=\"lazy\" decoding=\"async\" width=\"300\" height=\"210\" src=\"https:\/\/www.radiopiu.net\/wordpress\/wp-content\/uploads\/2023\/01\/b2d8a43a-36e6-4b9b-8263-018afcc4df14-300x210.jpg\" class=\"attachment-medium size-medium\" alt=\"\" srcset=\"https:\/\/www.radiopiu.net\/wordpress\/wp-content\/uploads\/2023\/01\/b2d8a43a-36e6-4b9b-8263-018afcc4df14-300x210.jpg 300w, https:\/\/www.radiopiu.net\/wordpress\/wp-content\/uploads\/2023\/01\/b2d8a43a-36e6-4b9b-8263-018afcc4df14.jpg 716w\" sizes=\"auto, (max-width: 300px) 100vw, 300px\" \/><\/a>\n\t\t\t\t<\/dt><\/dl><dl class='gallery-item'>\n\t\t\t\t<dt class='gallery-icon portrait'>\n\t\t\t\t\t<a class=\"rollover rollover-zoom dt-pswp-item\" title=\"8ed2269c-d382-49a5-b595-a754aec85762\" data-dt-img-description=\"\" data-large_image_width=\"747\" data-large_image_height=\"1047\"href='https:\/\/www.radiopiu.net\/wordpress\/wp-content\/uploads\/2023\/01\/8ed2269c-d382-49a5-b595-a754aec85762.jpg'><img loading=\"lazy\" decoding=\"async\" width=\"214\" height=\"300\" src=\"https:\/\/www.radiopiu.net\/wordpress\/wp-content\/uploads\/2023\/01\/8ed2269c-d382-49a5-b595-a754aec85762-214x300.jpg\" class=\"attachment-medium size-medium\" alt=\"\" srcset=\"https:\/\/www.radiopiu.net\/wordpress\/wp-content\/uploads\/2023\/01\/8ed2269c-d382-49a5-b595-a754aec85762-214x300.jpg 214w, https:\/\/www.radiopiu.net\/wordpress\/wp-content\/uploads\/2023\/01\/8ed2269c-d382-49a5-b595-a754aec85762-731x1024.jpg 731w, https:\/\/www.radiopiu.net\/wordpress\/wp-content\/uploads\/2023\/01\/8ed2269c-d382-49a5-b595-a754aec85762.jpg 747w\" sizes=\"auto, (max-width: 214px) 100vw, 214px\" \/><\/a>\n\t\t\t\t<\/dt><\/dl><br style=\"clear: both\" \/>\n\t\t\t<\/div>\n\n<p>&nbsp;<\/p>\n<hr \/>\n<p>&nbsp;<\/p>\n<div class=\"column\">\n<h1><span style=\"color: #ff00ff;\">AGORDINO IN FERMENTO&#8230;AGORDINO IN MOVIMENTO\u00a0\u00a0<\/span><\/h1>\n<blockquote>\n<h3>4 FEBBRAIO 2023: LA CASPARETHA&#8230; IL CASPERITIVO. SPORT E FESTA.<\/h3>\n<\/blockquote>\n<p><strong>di Gianni Santomaso<\/strong><\/p>\n<audio class=\"wp-audio-shortcode\" id=\"audio-318754-12\" preload=\"none\" style=\"width: 100%;\" controls=\"controls\"><source type=\"audio\/mpeg\" src=\"https:\/\/www.radiopiu.net\/wordpress\/wp-content\/uploads\/2023\/01\/GIANNI-CASPARETHA.mp3?_=12\" \/><a href=\"https:\/\/www.radiopiu.net\/wordpress\/wp-content\/uploads\/2023\/01\/GIANNI-CASPARETHA.mp3\">https:\/\/www.radiopiu.net\/wordpress\/wp-content\/uploads\/2023\/01\/GIANNI-CASPARETHA.mp3<\/a><\/audio>\n<blockquote><p>&nbsp;<\/p>\n<p><strong><span style=\"color: #ff0000;\">ALLA RADIO, L&#8217;INTERVISTA A MIRCO E EMIL TANCON<\/span><\/strong><\/p><\/blockquote>\n<div class=\"column\">\n<p><strong><a class=\"dt-pswp-item\" href=\"https:\/\/www.radiopiu.net\/wordpress\/wp-content\/uploads\/2023\/01\/CASPARETHA_page-0001.jpg\" data-dt-img-description=\"\" data-large_image_width=\"886\" data-large_image_height=\"632\"><img loading=\"lazy\" decoding=\"async\" class=\" wp-image-315112 alignleft\" src=\"https:\/\/www.radiopiu.net\/wordpress\/wp-content\/uploads\/2023\/01\/CASPARETHA_page-0001-300x214.jpg\" alt=\"\" width=\"243\" height=\"173\" srcset=\"https:\/\/www.radiopiu.net\/wordpress\/wp-content\/uploads\/2023\/01\/CASPARETHA_page-0001-300x214.jpg 300w, https:\/\/www.radiopiu.net\/wordpress\/wp-content\/uploads\/2023\/01\/CASPARETHA_page-0001-768x548.jpg 768w, https:\/\/www.radiopiu.net\/wordpress\/wp-content\/uploads\/2023\/01\/CASPARETHA_page-0001.jpg 886w\" sizes=\"auto, (max-width: 243px) 100vw, 243px\" \/><\/a>CANALE D&#8217;AGORDO <\/strong>Sabato 4 febbraio \u00e8 in programma la Casparetha 2023, camminata competitiva e non in notturna con racchette da neve su tracciato di circa 5 km.<\/p>\n<p><strong>di Mirko Mezzacasa<\/strong><\/p>\n<p>OSPITI: Emil Tancon e Mirko Tancon<\/p>\n<audio class=\"wp-audio-shortcode\" id=\"audio-318754-13\" preload=\"none\" style=\"width: 100%;\" controls=\"controls\"><source type=\"audio\/mpeg\" src=\"https:\/\/www.radiopiu.net\/wordpress\/wp-content\/uploads\/2023\/01\/casparetha-mirco-emil.mp3?_=13\" \/><a href=\"https:\/\/www.radiopiu.net\/wordpress\/wp-content\/uploads\/2023\/01\/casparetha-mirco-emil.mp3\">https:\/\/www.radiopiu.net\/wordpress\/wp-content\/uploads\/2023\/01\/casparetha-mirco-emil.mp3<\/a><\/audio>\n<\/div>\n<\/div>\n<p>&nbsp;<\/p>\n<p>&nbsp;<\/p>\n<hr \/>\n<p>&nbsp;<\/p>\n<p>&nbsp;<\/p>\n<p class=\"photoswipe-wrapper\"><a class=\"dt-pswp-item pspw-wrap-ready\" href=\"https:\/\/www.radiopiu.net\/wordpress\/wp-content\/uploads\/2023\/01\/f357cc9c-828e-4d9b-9ff4-ec3efed24d74.jpg\" data-dt-img-description=\"\" data-large_image_width=\"724\" data-large_image_height=\"1024\"><img loading=\"lazy\" decoding=\"async\" class=\"wp-image-315069 alignleft\" src=\"https:\/\/www.radiopiu.net\/wordpress\/wp-content\/uploads\/2023\/01\/f357cc9c-828e-4d9b-9ff4-ec3efed24d74.jpg\" sizes=\"auto, (max-width: 140px) 100vw, 140px\" srcset=\"https:\/\/www.radiopiu.net\/wordpress\/wp-content\/uploads\/2023\/01\/f357cc9c-828e-4d9b-9ff4-ec3efed24d74.jpg 724w, https:\/\/www.radiopiu.net\/wordpress\/wp-content\/uploads\/2023\/01\/f357cc9c-828e-4d9b-9ff4-ec3efed24d74-212x300.jpg 212w\" alt=\"\" width=\"79\" height=\"112\" \/><\/a><\/p>\n<h1><span style=\"color: #ff00ff;\">AGORDINO IN FERMENTO\u2026AGORDINO IN MOVIMENTO<\/span><\/h1>\n<blockquote><p><strong>A CARNEVALE\u2026 EL CARNEVAL DE LE VAI\u2026DA SELVA DI CADORE A CANALE D\u2019AGORDO, DA RIVAMONTE A LASTE E SOTTOGUDA. TRADIZIONE, CULTUR E SPETTACOLO\u00a0\u00a0<\/strong><\/p><\/blockquote>\n<p><iframe loading=\"lazy\" title=\"CARNEVAI DE LE VAI L&#039;INTERVISTA AI PROTAGONISTI\" width=\"1200\" height=\"675\" src=\"https:\/\/www.youtube.com\/embed\/w-vtgGV1TuM?start=198&#038;feature=oembed\" frameborder=\"0\" allow=\"accelerometer; autoplay; clipboard-write; encrypted-media; gyroscope; picture-in-picture; web-share\" allowfullscreen><\/iframe><\/p>\n<p>&nbsp;<\/p>\n<p>&nbsp;<\/p>\n<hr \/>\n<p>&nbsp;<\/p>\n<blockquote>\n<h3>\u201cDOLOMITIBUS SPA\u201d MODERNA AZIENDA BELLUNESE AL SERVIZIO DEI CITTADINI DAL 30 SETTEMBRE 1982<\/h3>\n<\/blockquote>\n<p><strong>di Renato Bona<\/strong><\/p>\n<p>Dopo vari servizi sulle diverse realt\u00e0 dell\u2019importante settore, concludiamo oggi la \u201crilettura\u201d dell\u2019ottimo libro che Dolomitibus ha realizzato nel luglio 2000 con i valenti Renato Fiabane e Lionello Fiori (preziosa la collaborazione, fra gli altri, di Gianni De Vecchi) \u201cUn secolo in corriera nella provincia di Belluno\u201d, soffermandoci sul capitolo intitolato\u201dDolomitiBus spa. Una moderna azienda al servizio dei cittadini\u201d. Gli autori ricordano che fin dal termine dell\u2019Ottocento e pi\u00f9 precisamente dal 18986, anno in cui arriv\u00f2 la ferrovia nella provincia di Belluno portando un nuovo impulso all\u2019economia locale, esisteva un servizio per trasporto passeggeri e merci effettuato per lo pi\u00f9 con traino a cavalli\u201d. Ancora: \u201cAlla fine della prima guerra mondiale (1915-18), la provincia di Belluno venne interessata da un insieme di iniziative a carattere imprenditoriale, miranti a costruire quel tessuto industriale che non era presente, ma che si rendeva necessario proporre a fianco di una economia prevalentemente agricola, non pi\u00f9 sufficiente a soddisfare le nuove esigenze della collettivit\u00e0\u201d. Segue l\u2019esposizione di iniziative di \u201calcune preveggenti e attive famiglie di imprenditori per una nuova configurazione di trasporto pubblico, collocata in zone ben precise: nell\u2019Agordino e nella fascia pedemontana fino a Feltre, compresa l\u2019area tra Belluno e Sedico operava la famiglia Buzzatti che dopo la Grande Guerra pass\u00f2 dalle vetture trainate a cavalli alle prime vetture dotate di motore: Fiat 18P-18Bl. E\u2019 del 1914 la prima iscrizione della Buzzatti alla Camera di commercio bellunese, Quanto alla zona della Sinistra Piave, se ne occupava la ditta di Pietro Zasio (che si iscrisse all\u2019ente camerale nel 1929. Conca dell\u2019Alpago: servizio curato dalla famiglia Da Rolt che garantiva anche i collegamenti con Belluno e Venezia, mentre la famiglia Conz garantiva quello da Feltre a Seren del Grappa; a Ponte nelle Alpi operava la Andreella ed il territorio della Val Zoldana era seguito dai fratelli Alfonso e Primo Molin Pradel fino al disastro del Vajont (9 ottobre 1963) e poi dalla Fap con sede a San Don\u00f2 di Piave, poi divenuta Atvo spa. Fiabane-Fiori puntualizzano quindi: \u201cAltre parti della nostra provincia erano interessate da societ\u00e0 provenienti da province limitrofe come ad esempio la zona del Cadore e la zona del Feltrino occidentale, che venivano servite dalla ditta Sad di Bolzano\u201d. Avanti nel tempo e sul finire degli anni \u201870 si manifestarono i primi sintomi di crisi del settore dato che gli introiti derivanti dai passeggeri ed i contributi statali prima e regionali poi non bastavano a coprire i costi. L\u2019ente Provincia avvi\u00f2 dunque il graduale processo di acquisizione delle societ\u00e0 di trasporto disposto con legge regionale ed il Comune di Belluno, era il 1979, costitu\u00ec la Societ\u00e0 autoservizio urbano di Belluno, Saub, per gestire il proprio servizio urbano, con acquisizione del parco autobus e le linee gestite dalle societ\u00e0 Buzzatti Giovanni e F.lli spa, e Saab, Societ\u00e0 autoservizi Alpago-Belluno dei fratelli Da Rolt. trasformandosi quindi nel 1982 nella Belluno bus spa. Mentre DolomitiBus spa \u201c\u00e8 nata con l\u2019acquisizione della Buzzatti Giovanni e F.lli spa, con atto del 30 settembre 1982 data dalla quale gli uffici furono spostati nella nuova sede di Belluno presso il palazzo della Provincia; ulteriori acquisizioni per pervenire a questa situazione quanto alla propriet\u00e0 che il 15 aprile 1999, con un aumento di capitale, vedeva attribuito l\u201983,47 per cento all\u2019Ente Provincia, ed il rimanente 16,53 per cento al Comune di Belluno.<\/p>\n\n\t\t\t<style type='text\/css'>\n\t\t\t\t#gallery-6 {\n\t\t\t\t\tmargin: auto;\n\t\t\t\t}\n\t\t\t\t#gallery-6 .gallery-item {\n\t\t\t\t\tfloat: left;\n\t\t\t\t\tmargin-top: 10px;\n\t\t\t\t\ttext-align: center;\n\t\t\t\t\twidth: 33%;\n\t\t\t\t}\n\t\t\t\t#gallery-6 img {\n\t\t\t\t\tborder: 2px solid #cfcfcf;\n\t\t\t\t}\n\t\t\t\t#gallery-6 .gallery-caption {\n\t\t\t\t\tmargin-left: 0;\n\t\t\t\t}\n\t\t\t\t\/* see gallery_shortcode() in wp-includes\/media.php *\/\n\t\t\t<\/style>\n\t\t<div id='gallery-6' class='dt-gallery-container gallery galleryid-318754 gallery-columns-3 gallery-size-thumbnail'><dl class='gallery-item'>\n\t\t\t\t<dt class='gallery-icon landscape'>\n\t\t\t\t\t<a class=\"rollover rollover-zoom dt-pswp-item\" title=\"324388142_716841376611200_7708944617083807552_n\" data-dt-img-description=\"\" data-large_image_width=\"473\" data-large_image_height=\"403\"href='https:\/\/www.radiopiu.net\/wordpress\/wp-content\/uploads\/2023\/01\/324388142_716841376611200_7708944617083807552_n.jpg'><img loading=\"lazy\" decoding=\"async\" width=\"150\" height=\"150\" src=\"https:\/\/www.radiopiu.net\/wordpress\/wp-content\/uploads\/2023\/01\/324388142_716841376611200_7708944617083807552_n-150x150.jpg\" class=\"attachment-thumbnail size-thumbnail\" alt=\"\" \/><\/a>\n\t\t\t\t<\/dt><\/dl><dl class='gallery-item'>\n\t\t\t\t<dt class='gallery-icon landscape'>\n\t\t\t\t\t<a class=\"rollover rollover-zoom dt-pswp-item\" title=\"322443612_970594953921995_6155616303841842067_n\" data-dt-img-description=\"\" data-large_image_width=\"506\" data-large_image_height=\"403\"href='https:\/\/www.radiopiu.net\/wordpress\/wp-content\/uploads\/2023\/01\/322443612_970594953921995_6155616303841842067_n.jpg'><img loading=\"lazy\" decoding=\"async\" width=\"150\" height=\"150\" src=\"https:\/\/www.radiopiu.net\/wordpress\/wp-content\/uploads\/2023\/01\/322443612_970594953921995_6155616303841842067_n-150x150.jpg\" class=\"attachment-thumbnail size-thumbnail\" alt=\"\" \/><\/a>\n\t\t\t\t<\/dt><\/dl><dl class='gallery-item'>\n\t\t\t\t<dt class='gallery-icon landscape'>\n\t\t\t\t\t<a class=\"rollover rollover-zoom dt-pswp-item\" title=\"324348841_891604305491537_7397037175791086675_n\" data-dt-img-description=\"\" data-large_image_width=\"609\" data-large_image_height=\"403\"href='https:\/\/www.radiopiu.net\/wordpress\/wp-content\/uploads\/2023\/01\/324348841_891604305491537_7397037175791086675_n.jpg'><img loading=\"lazy\" decoding=\"async\" width=\"150\" height=\"150\" src=\"https:\/\/www.radiopiu.net\/wordpress\/wp-content\/uploads\/2023\/01\/324348841_891604305491537_7397037175791086675_n-150x150.jpg\" class=\"attachment-thumbnail size-thumbnail\" alt=\"\" \/><\/a>\n\t\t\t\t<\/dt><\/dl><br style=\"clear: both\" \/><dl class='gallery-item'>\n\t\t\t\t<dt class='gallery-icon landscape'>\n\t\t\t\t\t<a class=\"rollover rollover-zoom dt-pswp-item\" title=\"323368147_854044572371174_6652115094972134708_n\" data-dt-img-description=\"\" data-large_image_width=\"532\" data-large_image_height=\"403\"href='https:\/\/www.radiopiu.net\/wordpress\/wp-content\/uploads\/2023\/01\/323368147_854044572371174_6652115094972134708_n.jpg'><img loading=\"lazy\" decoding=\"async\" width=\"150\" height=\"150\" src=\"https:\/\/www.radiopiu.net\/wordpress\/wp-content\/uploads\/2023\/01\/323368147_854044572371174_6652115094972134708_n-150x150.jpg\" class=\"attachment-thumbnail size-thumbnail\" alt=\"\" \/><\/a>\n\t\t\t\t<\/dt><\/dl><dl class='gallery-item'>\n\t\t\t\t<dt class='gallery-icon landscape'>\n\t\t\t\t\t<a class=\"rollover rollover-zoom dt-pswp-item\" title=\"323578817_1861271807542755_7191519513130492135_n\" data-dt-img-description=\"\" data-large_image_width=\"499\" data-large_image_height=\"403\"href='https:\/\/www.radiopiu.net\/wordpress\/wp-content\/uploads\/2023\/01\/323578817_1861271807542755_7191519513130492135_n.jpg'><img loading=\"lazy\" decoding=\"async\" width=\"150\" height=\"150\" src=\"https:\/\/www.radiopiu.net\/wordpress\/wp-content\/uploads\/2023\/01\/323578817_1861271807542755_7191519513130492135_n-150x150.jpg\" class=\"attachment-thumbnail size-thumbnail\" alt=\"\" \/><\/a>\n\t\t\t\t<\/dt><\/dl><dl class='gallery-item'>\n\t\t\t\t<dt class='gallery-icon landscape'>\n\t\t\t\t\t<a class=\"rollover rollover-zoom dt-pswp-item\" title=\"326368930_716085383323177_3876187897978396062_n\" data-dt-img-description=\"\" data-large_image_width=\"683\" data-large_image_height=\"403\"href='https:\/\/www.radiopiu.net\/wordpress\/wp-content\/uploads\/2023\/01\/326368930_716085383323177_3876187897978396062_n.jpg'><img loading=\"lazy\" decoding=\"async\" width=\"150\" height=\"150\" src=\"https:\/\/www.radiopiu.net\/wordpress\/wp-content\/uploads\/2023\/01\/326368930_716085383323177_3876187897978396062_n-150x150.jpg\" class=\"attachment-thumbnail size-thumbnail\" alt=\"\" \/><\/a>\n\t\t\t\t<\/dt><\/dl><br style=\"clear: both\" \/><dl class='gallery-item'>\n\t\t\t\t<dt class='gallery-icon landscape'>\n\t\t\t\t\t<a class=\"rollover rollover-zoom dt-pswp-item\" title=\"327015557_5893578957429169_1198522328340343847_n\" data-dt-img-description=\"\" data-large_image_width=\"574\" data-large_image_height=\"403\"href='https:\/\/www.radiopiu.net\/wordpress\/wp-content\/uploads\/2023\/01\/327015557_5893578957429169_1198522328340343847_n.jpg'><img loading=\"lazy\" decoding=\"async\" width=\"150\" height=\"150\" src=\"https:\/\/www.radiopiu.net\/wordpress\/wp-content\/uploads\/2023\/01\/327015557_5893578957429169_1198522328340343847_n-150x150.jpg\" class=\"attachment-thumbnail size-thumbnail\" alt=\"\" \/><\/a>\n\t\t\t\t<\/dt><\/dl><dl class='gallery-item'>\n\t\t\t\t<dt class='gallery-icon landscape'>\n\t\t\t\t\t<a class=\"rollover rollover-zoom dt-pswp-item\" title=\"325062026_901852604498460_5826769261737571062_n\" data-dt-img-description=\"\" data-large_image_width=\"526\" data-large_image_height=\"403\"href='https:\/\/www.radiopiu.net\/wordpress\/wp-content\/uploads\/2023\/01\/325062026_901852604498460_5826769261737571062_n.jpg'><img loading=\"lazy\" decoding=\"async\" width=\"150\" height=\"150\" src=\"https:\/\/www.radiopiu.net\/wordpress\/wp-content\/uploads\/2023\/01\/325062026_901852604498460_5826769261737571062_n-150x150.jpg\" class=\"attachment-thumbnail size-thumbnail\" alt=\"\" \/><\/a>\n\t\t\t\t<\/dt><\/dl><dl class='gallery-item'>\n\t\t\t\t<dt class='gallery-icon landscape'>\n\t\t\t\t\t<a class=\"rollover rollover-zoom dt-pswp-item\" title=\"324800192_885539419453081_8131600504535566557_n\" data-dt-img-description=\"\" data-large_image_width=\"582\" data-large_image_height=\"403\"href='https:\/\/www.radiopiu.net\/wordpress\/wp-content\/uploads\/2023\/01\/324800192_885539419453081_8131600504535566557_n.jpg'><img loading=\"lazy\" decoding=\"async\" width=\"150\" height=\"150\" src=\"https:\/\/www.radiopiu.net\/wordpress\/wp-content\/uploads\/2023\/01\/324800192_885539419453081_8131600504535566557_n-150x150.jpg\" class=\"attachment-thumbnail size-thumbnail\" alt=\"\" \/><\/a>\n\t\t\t\t<\/dt><\/dl><br style=\"clear: both\" \/>\n\t\t\t<\/div>\n\n<p>&nbsp;<\/p>\n<p>NELLE FOTO (riproduzioni dal libro \u201cUn secolo in corriera nella provincia di Belluno\u201d di Renato Fiabane e Lionello Fiori): la copertina del volume; la sede centrale della DolomitiBus nella bellunese via Col da Ren; l\u2019autovettura Spa del \u201cGarage Marconi\u201d di Mestre in servizio postale e viaggiatori sulla linea Belluno-San Vito di Cadore davanti alla vecchia stazione ferroviaria bellunese nell\u2019anno 1911; anno 2000: pullman a due piani Ayats Bravo 1 della Dolomitibus; anno 1999: pullman Setra S 315 con pianale ribassato e pedana per disabili della DolomitiBus davanti a Villa Montalban di Safforze; pullman Granturismo Mercedes 0 404 \u201cfiore all\u2019occhiello\u201d dell\u2019azienda bellunese, \u00e8 l\u2019anno 1996; siamo nel 1995: pullman Iveco 380 Euroclasss in servizio su varie linee della provincia di Belluno; 1977: autobus urbano Fiat 418 in servizio sulla linea numero 4: Tisoi-Belluno-Borgo Pra; siamo nell\u2019anno 1997: autobus urbano Iveco 491Cityclass in servizio sulla Bes-Safforze.<\/p>\n<p>&nbsp;<\/p>\n<p>&nbsp;<\/p>\n<hr \/>\n<p>&nbsp;<\/p>\n<p>&nbsp;<\/p>\n<p><iframe loading=\"lazy\" title=\"Radio Pi\u00f9 festeggia i suoi primi 40 anni di attivit\u00e0\" width=\"1200\" height=\"675\" src=\"https:\/\/www.youtube.com\/embed\/6ptB04FauBE?feature=oembed\" frameborder=\"0\" allow=\"accelerometer; autoplay; clipboard-write; encrypted-media; gyroscope; picture-in-picture; web-share\" allowfullscreen><\/iframe><\/p>\n<p>&nbsp;<\/p>\n<p>&nbsp;<\/p>\n<hr \/>\n<blockquote>\n<h3><\/h3>\n<h3>IN ROTAZIONE ALLA RADIO I RAGAZZI DELLA SECONDA MEDIA DI SEDICO<\/h3>\n<\/blockquote>\n<p><a class=\"dt-pswp-item\" href=\"https:\/\/www.radiopiu.net\/wordpress\/wp-content\/uploads\/2023\/01\/download-8.jpg\" data-dt-img-description=\"\" data-large_image_width=\"236\" data-large_image_height=\"214\"><img loading=\"lazy\" decoding=\"async\" class=\"size-full wp-image-317820 aligncenter\" src=\"https:\/\/www.radiopiu.net\/wordpress\/wp-content\/uploads\/2023\/01\/download-8.jpg\" alt=\"\" width=\"236\" height=\"214\" \/><\/a><\/p>\n<p>&nbsp;<\/p>\n<p><strong>REDAZIONE<\/strong> Applausi, per i ragazzi e le ragazze delle seconde della scuola media di Sedico, sabato 28\u00a0 e domenica 29 saranno impegnati nella vendita delle arance della salute a favore dell&#8217;Airc, l&#8217;associazione per la ricerca sul cancro. Gli studenti hanno autoprodotto gli spot che ascolteremo\u00a0 alla radio attendendo l&#8217;appuntamento di Sedico.<\/p>\n<p>&nbsp;<\/p>\n<p><strong>IL MESSAGGIO DEGLI ALUNNI<\/strong><\/p>\n<p>\u00abLo facciamo perch\u00e9 ci siamo presi una responsabilit\u00e0\u00bb. Lo dicono gli alunni delle seconde della scuola media di Sedico che parteciperanno alla campagna \u201cLe arance della salute\u201d in collaborazione con la fondazione Airc-Associazione italiana per la ricerca sul cancro.\u00a0 Sabato 28 gennaio dalle 14:30 alle 18:30 al Kanguro di Sedico e domenica 29 gennaio dalle 9 alle 13 in piazza a Sedico davanti alla chiesa gli alunni delle seconde saranno impegnati nella raccolta fondi per la ricerca contro il cancro. \u00abSecondo i dati che abbiamo raccolto dal sito dell\u2019Airc \u2013 dicono i ragazzi delle classi seconde della Ugo Foscolo di Sedico \u2013 ogni anno vengono diagnosticati circa 377.000 casi di tumore di cui 195.000 fra gli uomini e 182.000 fra le donne. Nel corso della vita circa un uomo su due e una donna su tre si ammaler\u00e0 di tumore. Grazie alla ricerca, per\u00f2, i dati migliorano e mostrano che il 65% delle donne e il 59,4% degli uomini \u00e8 ancora vivo a cinque anni dalla diagnosi\u00bb. Per questo gli alunni delle seconde della scuola media di Sedico hanno deciso di aiutare la ricerca sul cancro, vendendo le arance dell\u2019Airc. \u00abLe arance della salute, coltivate dai contadini e trasportate dai corrieri, costeranno un po&#8217; di pi\u00f9 di quelle normali \u2013 sottolineano i ragazzi &#8211; perch\u00e9 una parte dei soldi servir\u00e0 a finanziare circa 5 mila ricercatori che ogni giorno lavorano per combattere il cancro\u00bb. La battaglia contro questa malattia pu\u00f2 essere combattuta anche attraverso la prevenzione. \u00abLe arance \u2013 dicono i ragazzi \u2013 sono state scelte perch\u00e9 sono un cibo salutare e sappiamo che seguire una dieta sana e svolgere attivit\u00e0 fisica pu\u00f2 aiutare a prevenire un tumore su tre\u00bb. Oltre che un&#8217;esperienza di solidariet\u00e0, per i ragazzi \u00e8 anche un\u2019occasione per imparare a rispettare gli impegni presi.\u00a0 \u00abNoi volontari \u2013 concludono gli alunni &#8211; ci siamo messi a disposizione dell\u2019Airc per fare nuove esperienze, per passare del tempo assieme, per imparare a collaborare e per aiutare la ricerca sul cancro. Ci teniamo a fare del bene: vivere con la consapevolezza di aver aiutato qualcuno \u00e8 bellissimo. Il giorno che i nostri insegnanti ci hanno proposto di contribuire a questo progetto abbiamo accettato, ci siamo assunti una responsabilit\u00e0, abbiamo fatto una promessa a noi stessi, una promessa che dobbiamo mantenere. Noi ci responsabilizziamo e voi vi responsabilizzate con un semplice \u201cS\u00ec\u201d. Aiutateci ad aiutare\u00bb.<\/p>\n<div id=\"title\" class=\"style-scope ytd-watch-metadata\"><\/div>\n<p>&nbsp;<\/p>\n<hr \/>\n<p>&nbsp;<\/p>\n<blockquote>\n<blockquote>\n<h2><\/h2>\n<\/blockquote>\n\n\t\t\t<style type='text\/css'>\n\t\t\t\t#gallery-7 {\n\t\t\t\t\tmargin: auto;\n\t\t\t\t}\n\t\t\t\t#gallery-7 .gallery-item {\n\t\t\t\t\tfloat: left;\n\t\t\t\t\tmargin-top: 10px;\n\t\t\t\t\ttext-align: center;\n\t\t\t\t\twidth: 100%;\n\t\t\t\t}\n\t\t\t\t#gallery-7 img {\n\t\t\t\t\tborder: 2px solid #cfcfcf;\n\t\t\t\t}\n\t\t\t\t#gallery-7 .gallery-caption {\n\t\t\t\t\tmargin-left: 0;\n\t\t\t\t}\n\t\t\t\t\/* see gallery_shortcode() in wp-includes\/media.php *\/\n\t\t\t<\/style>\n\t\t<div id='gallery-7' class='dt-gallery-container gallery galleryid-318754 gallery-columns-1 gallery-size-medium'><dl class='gallery-item'>\n\t\t\t\t<dt class='gallery-icon portrait'>\n\t\t\t\t\t<a class=\"rollover rollover-zoom dt-pswp-item\" title=\"34712c4d-1310-4db5-a620-fe6ede9a0848\" data-dt-img-description=\"\" data-large_image_width=\"1131\" data-large_image_height=\"1600\"href='https:\/\/www.radiopiu.net\/wordpress\/wp-content\/uploads\/2023\/01\/34712c4d-1310-4db5-a620-fe6ede9a0848.jpg'><img loading=\"lazy\" decoding=\"async\" width=\"212\" height=\"300\" src=\"https:\/\/www.radiopiu.net\/wordpress\/wp-content\/uploads\/2023\/01\/34712c4d-1310-4db5-a620-fe6ede9a0848-212x300.jpg\" class=\"attachment-medium size-medium\" alt=\"\" aria-describedby=\"gallery-7-316092\" srcset=\"https:\/\/www.radiopiu.net\/wordpress\/wp-content\/uploads\/2023\/01\/34712c4d-1310-4db5-a620-fe6ede9a0848-212x300.jpg 212w, https:\/\/www.radiopiu.net\/wordpress\/wp-content\/uploads\/2023\/01\/34712c4d-1310-4db5-a620-fe6ede9a0848-724x1024.jpg 724w, https:\/\/www.radiopiu.net\/wordpress\/wp-content\/uploads\/2023\/01\/34712c4d-1310-4db5-a620-fe6ede9a0848-768x1086.jpg 768w, https:\/\/www.radiopiu.net\/wordpress\/wp-content\/uploads\/2023\/01\/34712c4d-1310-4db5-a620-fe6ede9a0848-1086x1536.jpg 1086w, https:\/\/www.radiopiu.net\/wordpress\/wp-content\/uploads\/2023\/01\/34712c4d-1310-4db5-a620-fe6ede9a0848.jpg 1131w\" sizes=\"auto, (max-width: 212px) 100vw, 212px\" \/><\/a>\n\t\t\t\t<\/dt>\n\t\t\t\t\t<dd class='wp-caption-text gallery-caption' id='gallery-7-316092'>\n\t\t\t\t\tDAL FARRA E BAND IN CONCERTO A LONGARONE\n\t\t\t\t\t<\/dd><\/dl><br style=\"clear: both\" \/>\n\t\t\t<\/div>\n<\/blockquote>\n<p>&nbsp;<\/p>\n<hr \/>\n<p>&nbsp;<\/p>\n<div>\n<div class=\"b654a4as d2edcug0\">\n<div class=\"rq0escxv hkbzh7o3 jwdofwj8 n8tt0mok r8blr3vg hyh9befq\">\n<p><a class=\"dt-pswp-item\" href=\"https:\/\/www.radiopiu.net\/wordpress\/wp-content\/uploads\/2020\/10\/pp.jpg\" data-dt-img-description=\"\" data-large_image_width=\"640\" data-large_image_height=\"640\"><img loading=\"lazy\" decoding=\"async\" class=\"wp-image-163678 alignleft\" src=\"https:\/\/www.radiopiu.net\/wordpress\/wp-content\/uploads\/2020\/10\/pp-300x300.jpg\" alt=\"\" width=\"106\" height=\"106\" srcset=\"https:\/\/www.radiopiu.net\/wordpress\/wp-content\/uploads\/2020\/10\/pp-300x300.jpg 300w, https:\/\/www.radiopiu.net\/wordpress\/wp-content\/uploads\/2020\/10\/pp-150x150.jpg 150w, https:\/\/www.radiopiu.net\/wordpress\/wp-content\/uploads\/2020\/10\/pp-125x125.jpg 125w, https:\/\/www.radiopiu.net\/wordpress\/wp-content\/uploads\/2020\/10\/pp-200x200.jpg 200w, https:\/\/www.radiopiu.net\/wordpress\/wp-content\/uploads\/2020\/10\/pp-80x80.jpg 80w, https:\/\/www.radiopiu.net\/wordpress\/wp-content\/uploads\/2020\/10\/pp-480x480.jpg 480w, https:\/\/www.radiopiu.net\/wordpress\/wp-content\/uploads\/2020\/10\/pp.jpg 640w\" sizes=\"auto, (max-width: 106px) 100vw, 106px\" \/><\/a><\/p>\n<\/div>\n<\/div>\n<\/div>\n<div>\n<div class=\"page-title-head hgroup\">\n<div class=\"page-title-head hgroup\">\n<div class=\"b654a4as d2edcug0\">\n<div class=\"j83agx80 btwxx1t3 lhclo0ds hop8lmos nkwizq5d scwd0bx6 roh60bw9\">\n<div class=\"rq0escxv hkbzh7o3 jwdofwj8 n8tt0mok r8blr3vg hyh9befq\">\n<div class=\"do00u71z l9j0dhe7 k4urcfbm\" style=\"text-align: left;\">\n<h2><span style=\"color: #000080;\">DON CESARE, IL PENSIERO DEL GIORNO. ALLA RADIO ALLE 7 DEL MATTINO E ALLE 19.30 DELLA SERA\u00a0<\/span><\/h2>\n<audio class=\"wp-audio-shortcode\" id=\"audio-318754-14\" preload=\"none\" style=\"width: 100%;\" controls=\"controls\"><source type=\"audio\/mpeg\" src=\"https:\/\/www.radiopiu.net\/wordpress\/wp-content\/uploads\/2023\/01\/CESARE-20.mp3?_=14\" \/><a href=\"https:\/\/www.radiopiu.net\/wordpress\/wp-content\/uploads\/2023\/01\/CESARE-20.mp3\">https:\/\/www.radiopiu.net\/wordpress\/wp-content\/uploads\/2023\/01\/CESARE-20.mp3<\/a><\/audio>\n<\/div>\n<\/div>\n<\/div>\n<\/div>\n<\/div>\n<\/div>\n<\/div>\n<hr \/>\n<p>&nbsp;<\/p>\n<h2>1990 &#8211; IL BELLO DELLA DIRETTA, puntata01 &#8220;ODIO ANCORA LA RADIO&#8221;.<\/h2>\n<p><strong>Un articolo al mese che racconta gli episodi pi\u00f9 divertenti, importanti, ricorda fatti e persone che hanno fatto la storia di Radio Pi\u00f9.<\/strong><\/p>\n<p>Il 25 giugno saranno 40 anni di informazione, musica, storia. In quattro decenni di storie ne abbiamo raccontate tante, e in attesa del taglio della torta abbiamo pensato \u201cPerch\u00e9 non ricordarle come abbiamo fatto 10 anni fa con \u201cOdio La Radio\u201d. Ma abbiamo anche pensato\u2026 \u201cE se ne raccontassimo qualcuna anche degli ultimi 10 anni? Ogni 25 del mese un nuovo articolo, vi aspettiamo!<\/p>\n<p><strong>PRIMA PUNTATA, DAL LIBRO &#8220;ODIO LA RADIO&#8221;, 2013 di Mirko Mezzacasa<\/strong><\/p>\n<p><a href=\"https:\/\/www.radiopiu.net\/wordpress\/wp-content\/uploads\/2023\/01\/WhatsApp-Image-2023-01-18-at-14.31.26.jpeg\" data-dt-img-description=\"Bruno Zanetti\" data-large_image_width=\"1600\" data-large_image_height=\"1066\"><img loading=\"lazy\" decoding=\"async\" class=\"wp-image-317469 size-medium alignleft\" src=\"https:\/\/www.radiopiu.net\/wordpress\/wp-content\/uploads\/2023\/01\/WhatsApp-Image-2023-01-18-at-14.31.26-300x200.jpeg\" alt=\"\" width=\"300\" height=\"200\" srcset=\"https:\/\/www.radiopiu.net\/wordpress\/wp-content\/uploads\/2023\/01\/WhatsApp-Image-2023-01-18-at-14.31.26-300x200.jpeg 300w, https:\/\/www.radiopiu.net\/wordpress\/wp-content\/uploads\/2023\/01\/WhatsApp-Image-2023-01-18-at-14.31.26-1024x682.jpeg 1024w, https:\/\/www.radiopiu.net\/wordpress\/wp-content\/uploads\/2023\/01\/WhatsApp-Image-2023-01-18-at-14.31.26-768x512.jpeg 768w, https:\/\/www.radiopiu.net\/wordpress\/wp-content\/uploads\/2023\/01\/WhatsApp-Image-2023-01-18-at-14.31.26-1536x1023.jpeg 1536w, https:\/\/www.radiopiu.net\/wordpress\/wp-content\/uploads\/2023\/01\/WhatsApp-Image-2023-01-18-at-14.31.26.jpeg 1600w\" sizes=\"auto, (max-width: 300px) 100vw, 300px\" \/><\/a>Indimenticabile quel notiziario, quell&#8217;incredibile errore dovuto a diverse situazioni. In studio ero solo, come sempre. Ma il notiziario a Radio Pi\u00f9, alle 12.30 o alle 12.45 a seconda dei blocchi pubblicitari \u00e8 pur sempre andato in onda. Come? Questo ha dell&#8217;incredibile. Era il periodo caldo, la sera in giro per il nord Italia a seguire l&#8217;Alleghe Hockey, di giorno chiuso in uno studio di produzione. Ma il notiziario alle 12.30 era un rito importante, guai non esserci, guai se non era e, se non \u00e8 interessante. Si chiama colonna della radio, lo sapevo nel 1983, lo riconosco oggi. Quel notiziario, il GR principale delle 12.30 (non ha mai cambiato nome in 22 anni) era di difficile realizzazione, solo in studio con due linee telefoniche aperte. <em>&#8220;Attenzione la metto in diretta, mi raccomando ascolti bene il servizio che precede la sua intervista. Poi una volta al termine sar\u00e0 mia premura introdurla per la messa in onda. Lei stia li&#8217;, fermo, aspetti il mio segnale e non respiri perch\u00e9 avr\u00f2 tutti i microfoni ambientali aperti&#8221;.<\/em> Secondo me era chiaro, il fuori onda era stato preciso almeno per me, ma non per il commendator Bruno Zanetti, al tempo presidente provinciale dell&#8217;Associazione Nazionale Alpini, un gran Presidete e uomo che ha combattuto fino all&#8217;ultimo giorno per i suoi alpini, strenuo difensore della Caserma degli Alpini di Agordo, e quando in tempi non sospetti anticipo&#8217; la possibile chiusura. Ma quella votla&#8230; non mi aveva seguito nel notiziario. Colpa mia, non avevo considerato che alle 12.30 era ritornato a casa da pochi minuti, prima del pranzo, dopo il giro di aperitivi e l&#8217;aperitivo con Zanetti era sempre un gran momento.\u00a0 Il servizio precedente verteva sulla statale del San Pellegrino. In particolare l&#8217;allora Anas aveva sostituito i gardrail metallici con palizzate in legno, ancor oggi visibili. Il mio servizio era secco, polemico senza respiro. Il concetto: <em>&#8220;Come si fa a sostituire una barriera sicura con dei pezzi di legno? Si \u00e8 pensato ai pullman, ai mezzi pesanti, ai camper, alle auto che potrebbero abbattere quella barriera e rotolare per mezzo Passo ove tra l&#8217;altro la pendenza si attesta attorno al 18 per cento?&#8221;<\/em> La boutade per me era chiara. Per il commendator Zanetti no. Finisce il servizio, stacco la prima linea telefonica,\u00a0 ospite\u00a0 Enzo Salton\u00a0 sindaco di Canale d&#8217;Agordo e responsabile del tratto stradale &#8220;incriminato&#8221;. Stacco la linea e su quella rimasta accesa\u00a0 mi propongo a Bruno Zanetti, che nel frattempo aveva ascoltato il servizio sul San Pellegrino. <em>\u00a0&#8220;Commendator Zanetti, parliamo degli alpini agordini, ex penne nere quindi in congedo, partiti per il Piemonte per prestare soccorso alle persone coinvolte nell&#8217;alluvione. Quale il suo pensiero?&#8221;.<\/em> Domanda chiara, liquidabile in poche parole, non pi\u00f9 di 2 minuti. Il taglio giornalistico era perfetto, la domanda chiara, la risposta alluncinante. La ripropongo, la ricordo come fosse ieri. <em>&#8220;Quasi non ci credo &#8211; tuon\u00f2 Zanetti dall&#8217;alto della sua presidenza &#8211; come si permettono i miei uomini di andare in Piemonte e sostiture i gardrail metallici con quelli in legno? E&#8217; una vergogna non possiamo mettere a repentaglio la vita altrui. Siamo li&#8217; per aiutare non per fare danni. Mezzacasa non si preoccupi appena torneranno sar\u00e0 mia cura farli ripartire con un camion colmo di gard rail metallici, rifaranno il lavoro, riporteranno la situazione come prima&#8221;. <\/em>Rimasi totalmente interdetto. Non sapevo come riprendere.\u00a0 <em>&#8220;Presidente, certo. Questo con riferimento a Falcade e al lavoro dell&#8217;Anas che nulla ha di che condividere con i suoi alpini. Le ripongo la domanda, cosa fanno i suoi uomini nel Piemonte alluvionato?&#8221;<\/em> Sconcertante la ripresa, peggio di prima.<em> &#8220;Mezzacasa &#8211; tuon\u00f2 di nuovo Zanetti &#8211; le ho detto che sar\u00e0 mia cura riportare la situazione nella normalit\u00e0, con o senza la presenza degli uomini dell&#8217;Anas&#8221;.<\/em> Non me la sono sentita di continuare, ho chiuso la parte di attualit\u00e0 del notiziario per buttarmi a capofitto nello sport. Per molti giorni ho sentito i commenti su quel notiziario. Io, ad esempio, avevo la registrazione in musicassetta, tutto si registrava in musicassetta in quegli anni. Me la sono tenuta in macchina per qualche anno. Nei momenti tristi mi divertivo tra il play ed il rewind ad ascoltare lo Zanetti show. Ed era un notiziario.<\/p>\n<p><strong>LA RACCOLTA COMPLETA<\/strong><\/p>\n<blockquote class=\"wp-embedded-content\" data-secret=\"fLyvEamivS\"><p><a href=\"https:\/\/www.radiopiu.net\/wordpress\/negli-ultimi-10anni\/\">NEGLI ULTIMI 10 ANNI<\/a><\/p><\/blockquote>\n<p><iframe loading=\"lazy\" class=\"wp-embedded-content\" sandbox=\"allow-scripts\" security=\"restricted\" style=\"position: absolute; clip: rect(1px, 1px, 1px, 1px);\" title=\"&#8220;NEGLI ULTIMI 10 ANNI&#8221; &#8212; Radio Pi\u00f9\" src=\"https:\/\/www.radiopiu.net\/wordpress\/negli-ultimi-10anni\/embed\/#?secret=dCg2Efzwra#?secret=fLyvEamivS\" data-secret=\"fLyvEamivS\" width=\"600\" height=\"338\" frameborder=\"0\" marginwidth=\"0\" marginheight=\"0\" scrolling=\"no\"><\/iframe><\/p>\n<p>&nbsp;<\/p>\n<hr \/>\n<p>&nbsp;<\/p>\n<h2><span style=\"color: #ff00ff;\">IN VIVO VERSO\u00a0 \u00a0<\/span><\/h2>\n<blockquote>\n<h3>C&#8217;E&#8217; UN POSTO di\u00a0 JESSICA CREMONESI<\/h3>\n<\/blockquote>\n<p>AUDIO<\/p>\n<audio class=\"wp-audio-shortcode\" id=\"audio-318754-15\" preload=\"none\" style=\"width: 100%;\" controls=\"controls\"><source type=\"audio\/mpeg\" src=\"https:\/\/www.radiopiu.net\/wordpress\/wp-content\/uploads\/2023\/01\/04-jessica-cremonesi-ce-un-posto.mp3?_=15\" \/><a href=\"https:\/\/www.radiopiu.net\/wordpress\/wp-content\/uploads\/2023\/01\/04-jessica-cremonesi-ce-un-posto.mp3\">https:\/\/www.radiopiu.net\/wordpress\/wp-content\/uploads\/2023\/01\/04-jessica-cremonesi-ce-un-posto.mp3<\/a><\/audio>\n<p>&nbsp;<\/p>\n<p><img loading=\"lazy\" decoding=\"async\" class=\"alignleft\" src=\"https:\/\/www.radiopiu.net\/wordpress\/wp-content\/uploads\/2023\/01\/JESSICA-CREMONESI-FOTO.jpg\" width=\"113\" height=\"122\" \/>C&#8217;\u00e8 un posto dove il ghiaccio e il mare si fondono.<br \/>\nDove piume di cigni e becchi di cupidi d&#8217;amore sopravvivono.<br \/>\nDove le nubi modellate ad acquerelli fanno invidia ai pittori.<br \/>\nC&#8217;\u00e9 un posto dove la neve si impietrisce di cuori&#8221;<\/p>\n<div dir=\"auto\">\n<div dir=\"auto\">\n<div dir=\"auto\">\n<p><strong>LA RACCOLTA COMPLETA<\/strong><\/p>\n<blockquote class=\"wp-embedded-content\" data-secret=\"XcoAIYwbRS\"><p><a href=\"https:\/\/www.radiopiu.net\/wordpress\/in-vivo-verso\/\">In Vivo Verso<\/a><\/p><\/blockquote>\n<p><iframe loading=\"lazy\" class=\"wp-embedded-content\" sandbox=\"allow-scripts\" security=\"restricted\" style=\"position: absolute; clip: rect(1px, 1px, 1px, 1px);\" title=\"&#8220;In Vivo Verso&#8221; &#8212; Radio Pi\u00f9\" src=\"https:\/\/www.radiopiu.net\/wordpress\/in-vivo-verso\/embed\/#?secret=jdcGNjGeYo#?secret=XcoAIYwbRS\" data-secret=\"XcoAIYwbRS\" width=\"600\" height=\"338\" frameborder=\"0\" marginwidth=\"0\" marginheight=\"0\" scrolling=\"no\"><\/iframe><\/p>\n<\/div>\n<\/div>\n<\/div>\n<hr \/>\n<p>&nbsp;<\/p>\n<blockquote>\n<h3>GOCCE DI FILOSOFIA \u2013 PUNTATA 234 \u2013 LISA DE LUCA, TERZA STAGIONE<\/h3>\n<\/blockquote>\n<audio class=\"wp-audio-shortcode\" id=\"audio-318754-16\" preload=\"none\" style=\"width: 100%;\" controls=\"controls\"><source type=\"audio\/mpeg\" src=\"https:\/\/www.radiopiu.net\/wordpress\/wp-content\/uploads\/2023\/01\/FI4-3.mp3?_=16\" \/><a href=\"https:\/\/www.radiopiu.net\/wordpress\/wp-content\/uploads\/2023\/01\/FI4-3.mp3\">https:\/\/www.radiopiu.net\/wordpress\/wp-content\/uploads\/2023\/01\/FI4-3.mp3<\/a><\/audio>\n<p>&nbsp;<\/p>\n<p>LA RACCOLTA COMPLETA<\/p>\n<blockquote class=\"wp-embedded-content\" data-secret=\"ZpmNxdBOA6\"><p><a href=\"https:\/\/www.radiopiu.net\/wordpress\/gocce-filosofia\/\">Gocce di filosofia,  LA TERZA STAGIONE&#8230; 2023<\/a><\/p><\/blockquote>\n<p><iframe loading=\"lazy\" class=\"wp-embedded-content\" sandbox=\"allow-scripts\" security=\"restricted\" style=\"position: absolute; clip: rect(1px, 1px, 1px, 1px);\" title=\"&#8220;Gocce di filosofia,  LA TERZA STAGIONE&#8230; 2023&#8221; &#8212; Radio Pi\u00f9\" src=\"https:\/\/www.radiopiu.net\/wordpress\/gocce-filosofia\/embed\/#?secret=LSn9F7pgob#?secret=ZpmNxdBOA6\" data-secret=\"ZpmNxdBOA6\" width=\"600\" height=\"338\" frameborder=\"0\" marginwidth=\"0\" marginheight=\"0\" scrolling=\"no\"><\/iframe><\/p>\n<p>&nbsp;<\/p>\n<p>&nbsp;<\/p>\n<hr \/>\n<p>&nbsp;<\/p>\n<div class=\"column\">\n<p><img loading=\"lazy\" decoding=\"async\" class=\"aligncenter wp-image-61954 size-full\" src=\"https:\/\/www.radiopiu.net\/wordpress\/wp-content\/uploads\/2018\/09\/viabilita.jpeg\" sizes=\"auto, (max-width: 800px) 100vw, 800px\" srcset=\"https:\/\/www.radiopiu.net\/wordpress\/wp-content\/uploads\/2018\/09\/viabilita.jpeg 800w, https:\/\/www.radiopiu.net\/wordpress\/wp-content\/uploads\/2018\/09\/viabilita-300x38.jpeg 300w, https:\/\/www.radiopiu.net\/wordpress\/wp-content\/uploads\/2018\/09\/viabilita-768x96.jpeg 768w\" alt=\"\" width=\"800\" height=\"100\" \/><\/p>\n<p>&nbsp;<\/p>\n<p>&nbsp;<\/p>\n<p><strong>AGGIORNAMENTO VENETO STRADE, AGGIORNAMENTO CONTINUO H 24<\/strong><\/p>\n<blockquote class=\"wp-embedded-content\" data-secret=\"tPjS46L2RN\"><p><a href=\"https:\/\/www.radiopiu.net\/wordpress\/viabilita\/\">viabilita<\/a><\/p><\/blockquote>\n<p><iframe loading=\"lazy\" class=\"wp-embedded-content\" sandbox=\"allow-scripts\" security=\"restricted\" style=\"position: absolute; clip: rect(1px, 1px, 1px, 1px);\" title=\"&#8220;viabilita&#8221; &#8212; Radio Pi\u00f9\" src=\"https:\/\/www.radiopiu.net\/wordpress\/viabilita\/embed\/#?secret=xKyIaPW2F5#?secret=tPjS46L2RN\" data-secret=\"tPjS46L2RN\" width=\"600\" height=\"338\" frameborder=\"0\" marginwidth=\"0\" marginheight=\"0\" scrolling=\"no\"><\/iframe><\/p>\n<p>&nbsp;<\/p>\n<hr \/>\n<p>&nbsp;<\/p>\n<p><a class=\"dt-pswp-item\" href=\"https:\/\/www.radiopiu.net\/wordpress\/wp-content\/uploads\/2018\/09\/WhatsApp-Image-2018-09-20-at-16.04.06.jpeg\" data-dt-img-description=\"\" data-large_image_width=\"800\" data-large_image_height=\"100\"><img loading=\"lazy\" decoding=\"async\" class=\"wp-image-61378 size-full aligncenter\" src=\"https:\/\/www.radiopiu.net\/wordpress\/wp-content\/uploads\/2018\/09\/WhatsApp-Image-2018-09-20-at-16.04.06.jpeg\" alt=\"\" width=\"800\" height=\"100\" srcset=\"https:\/\/www.radiopiu.net\/wordpress\/wp-content\/uploads\/2018\/09\/WhatsApp-Image-2018-09-20-at-16.04.06.jpeg 800w, https:\/\/www.radiopiu.net\/wordpress\/wp-content\/uploads\/2018\/09\/WhatsApp-Image-2018-09-20-at-16.04.06-300x38.jpeg 300w, https:\/\/www.radiopiu.net\/wordpress\/wp-content\/uploads\/2018\/09\/WhatsApp-Image-2018-09-20-at-16.04.06-768x96.jpeg 768w\" sizes=\"auto, (max-width: 800px) 100vw, 800px\" \/><\/a><\/p>\n<p><center><\/center>&nbsp;<\/p>\n<p><center><\/center><center><\/center><center><\/center><b>OGGI: <\/b>Al mattino sole e cielo sereno sulle Dolomiti, anche sulle Prealpi, ma con lieve insidia nebbie radiative in alcune conche prealpine. Al pomeriggio annuvolamenti irregolari in arrivo da nord-est, dapprima sulle Dolomiti, in successiva estensione alle Prealpi. Alla sera cielo in prevalenza nuvoloso quasi ovunque. Lieve accentuazione del freddo a tutte le quote. <b>Precipitazioni: <\/b>Assenti.\u00a0 <b>Temperature: <\/b>In ulteriore generale diminuzione, con minime raggiunte alla sera in alta quota.<\/p>\n<p>&nbsp;<\/p>\n<hr \/>\n<p><center><b>Sabato 28<\/b><\/center><b>DOMANI: <\/b>La nuvolosit\u00e0 medio-alta tender\u00e0 a persistere. Si tratter\u00e0 di nubi di sottovento di tipo lenticolari, con qualche tratto soleggiato. Dalle ore centrali ritorno del sole con cielo sempre pi\u00f9 sereno, dapprima sulle Dolomiti, poi sulle Prealpi. Il freddo si smorzer\u00e0 un po&#8217; di notte<\/p>\n<p>&nbsp;<\/p>\n<hr \/>\n<p><center><\/center><strong>DOMENICA<\/strong> Stupenda giornata invernale con sole, cielo sereno, aria tersa e ottima visibilit\u00e0. Lieve insidia nebbia nelle ore pi\u00f9 fredde in alcune conche e depressioni prealpine. Verso sera arrivo di nubi alte provenienti da nord. Temperature in generale lieve rialzo in quota e in diminuzione nelle valli.<\/p>\n<p>&nbsp;<\/p>\n<hr \/>\n<p><center><b>Lunedi 30<\/b><\/center>Al mattino sole e cielo sereno, eventuali nebbie nelle conche prealpine durante le ore pi\u00f9 fredde. Al pomeriggio aumento della nuvolosit\u00e0, assieme al rischio di neve burrascosa in quota sulle Dolomiti centro-settentrionali, altrove minore riduzione del soleggiamento e parziale nuvolosit\u00e0 alta. Temperature in sensibile rialzo, anche per Foehn nelle valli alla sera.<\/p>\n<p>&nbsp;<\/p>\n<div>\n<hr \/>\n<\/div>\n<p>&nbsp;<\/p>\n<p>&nbsp;<\/p>\n<p><a class=\"dt-pswp-item\" href=\"https:\/\/www.radiopiu.net\/wordpress\/wp-content\/uploads\/2018\/09\/sport.jpg\" data-dt-img-description=\"\" data-large_image_width=\"800\" data-large_image_height=\"100\"><img loading=\"lazy\" decoding=\"async\" class=\"aligncenter wp-image-60761 size-full\" src=\"https:\/\/www.radiopiu.net\/wordpress\/wp-content\/uploads\/2018\/09\/sport.jpg\" alt=\"\" width=\"800\" height=\"100\" srcset=\"https:\/\/www.radiopiu.net\/wordpress\/wp-content\/uploads\/2018\/09\/sport.jpg 800w, https:\/\/www.radiopiu.net\/wordpress\/wp-content\/uploads\/2018\/09\/sport-300x38.jpg 300w, https:\/\/www.radiopiu.net\/wordpress\/wp-content\/uploads\/2018\/09\/sport-768x96.jpg 768w\" sizes=\"auto, (max-width: 800px) 100vw, 800px\" \/><\/a><\/p>\n<p>&nbsp;<\/p>\n<p><span style=\"color: #0000ff;\"><strong>RICORDI<\/strong><\/span><\/p>\n<blockquote>\n<h2><a class=\"dt-pswp-item\" href=\"https:\/\/www.radiopiu.net\/wordpress\/wp-content\/uploads\/2023\/01\/d0677a9c-9134-41e8-ab05-e25f95188a87.jpg\" data-dt-img-description=\"\" data-large_image_width=\"300\" data-large_image_height=\"400\"><img loading=\"lazy\" decoding=\"async\" class=\"wp-image-318816 alignleft\" src=\"https:\/\/www.radiopiu.net\/wordpress\/wp-content\/uploads\/2023\/01\/d0677a9c-9134-41e8-ab05-e25f95188a87-225x300.jpg\" alt=\"\" width=\"139\" height=\"185\" srcset=\"https:\/\/www.radiopiu.net\/wordpress\/wp-content\/uploads\/2023\/01\/d0677a9c-9134-41e8-ab05-e25f95188a87-225x300.jpg 225w, https:\/\/www.radiopiu.net\/wordpress\/wp-content\/uploads\/2023\/01\/d0677a9c-9134-41e8-ab05-e25f95188a87.jpg 300w\" sizes=\"auto, (max-width: 139px) 100vw, 139px\" \/><\/a>A MAGDA E FULVIO, ANCHE 14 ANNI DOPO: GRAZIE<\/h2>\n<\/blockquote>\n<p><strong>DI WILLIAM DA ROIT<\/strong><\/p>\n<p>&nbsp;<\/p>\n<blockquote><p><em>14 anni fa Fulvio Scola e Magda Genuin entravano nella storia dello sci di fondo riuscendo a vincere lo stesso giorno il Campionato Italiano sprint a Madonna di Campiglio. Fu una giornata meravigliosa per Falcade, per tutto l&#8217;Agordino e per l&#8217;intera provincia di Belluno!<\/em><\/p>\n<p>&nbsp;<\/p>\n<p>&nbsp;<\/p><\/blockquote>\n<hr \/>\n<p>&nbsp;<\/p>\n<p><span style=\"color: #0000ff;\"><strong>SNOWBOARD<\/strong><\/span><\/p>\n<blockquote>\n<h3>LUCIA DALMASSO SECONDA NELLA TAPPA CANADESE DELLA COPPA DEL MONDO DI SNOWBOARD<\/h3>\n<\/blockquote>\n<p><strong><a class=\"dt-pswp-item\" href=\"https:\/\/www.radiopiu.net\/wordpress\/wp-content\/uploads\/2023\/01\/DALMASSO-AUSTRIA.jpg\" data-dt-img-description=\"\" data-large_image_width=\"1024\" data-large_image_height=\"674\"><img loading=\"lazy\" decoding=\"async\" class=\" wp-image-316212 alignleft\" src=\"https:\/\/www.radiopiu.net\/wordpress\/wp-content\/uploads\/2023\/01\/DALMASSO-AUSTRIA-300x197.jpg\" alt=\"\" width=\"171\" height=\"112\" srcset=\"https:\/\/www.radiopiu.net\/wordpress\/wp-content\/uploads\/2023\/01\/DALMASSO-AUSTRIA-300x197.jpg 300w, https:\/\/www.radiopiu.net\/wordpress\/wp-content\/uploads\/2023\/01\/DALMASSO-AUSTRIA-768x506.jpg 768w, https:\/\/www.radiopiu.net\/wordpress\/wp-content\/uploads\/2023\/01\/DALMASSO-AUSTRIA.jpg 1024w\" sizes=\"auto, (max-width: 171px) 100vw, 171px\" \/><\/a>di Marco Gaz<\/strong><\/p>\n<p><strong>REDAZIONE<\/strong> Dopo il quarto posto a Cortina di met\u00e0 dicembre, Lucia Dalmasso conquista il primo podio stagionale in Coppa Del Mondo di Snowboard e lo fa nel gigante parallelo andato in scena a Blue Mountain in Canada, Per la falcadina il miglior risultato di sempre sulle nevi nord americane. Qualificatasi all&#8217;ottava posizione, la ragazza delle Fiamme Gialle ha raggiunto la fase finale della gara con delle splendide prestazioni. In semifinale ha battuto l&#8217;austriaca Claudia Rieger e nella finalissima non \u00e8 riuscita a battere la svizzera Ladina Jenny anche a causa di un errore che l&#8217;ha fatta cadere. Resta comunque l&#8217;ottimo risultato ottenuto, un secondo posto che per\u00f2 lascia l&#8217;amaro in bocca all&#8217;agordina che si sarebbe giocata la vittoria. Oggi di nuovo in pista per la seconda tappa canadese.<\/p>\n<p><iframe loading=\"lazy\" title=\"Highlights | Lucia Dalmasso festeggia il primo podio della carriera a Blue Mountain | FISI TV\" width=\"1200\" height=\"675\" src=\"https:\/\/www.youtube.com\/embed\/FjdpMg7jhvY?feature=oembed\" frameborder=\"0\" allow=\"accelerometer; autoplay; clipboard-write; encrypted-media; gyroscope; picture-in-picture; web-share\" allowfullscreen><\/iframe><\/p>\n<p>&nbsp;<\/p>\n<hr \/>\n<p>&nbsp;<\/p>\n<p><span style=\"color: #0000ff;\"><strong>SCI ALPINO<\/strong><\/span><\/p>\n<blockquote>\n<h3>TUTTO PRONTO A CORTINA PER I SUPER G MASCHILI SULL&#8217;OLYMPIA<\/h3>\n<\/blockquote>\n<p><strong>CORTINA<\/strong><\/p>\n<p>di Roberto Bona<\/p>\n<p>(foto: Giuseppe Di Mauro)<\/p>\n<audio class=\"wp-audio-shortcode\" id=\"audio-318754-17\" preload=\"none\" style=\"width: 100%;\" controls=\"controls\"><source type=\"audio\/mpeg\" src=\"https:\/\/www.radiopiu.net\/wordpress\/wp-content\/uploads\/2023\/01\/SkiWorldCupUomini.mp3?_=17\" \/><a href=\"https:\/\/www.radiopiu.net\/wordpress\/wp-content\/uploads\/2023\/01\/SkiWorldCupUomini.mp3\">https:\/\/www.radiopiu.net\/wordpress\/wp-content\/uploads\/2023\/01\/SkiWorldCupUomini.mp3<\/a><\/audio>\n<p>&nbsp;<\/p>\n\n\t\t\t<style type='text\/css'>\n\t\t\t\t#gallery-8 {\n\t\t\t\t\tmargin: auto;\n\t\t\t\t}\n\t\t\t\t#gallery-8 .gallery-item {\n\t\t\t\t\tfloat: left;\n\t\t\t\t\tmargin-top: 10px;\n\t\t\t\t\ttext-align: center;\n\t\t\t\t\twidth: 50%;\n\t\t\t\t}\n\t\t\t\t#gallery-8 img {\n\t\t\t\t\tborder: 2px solid #cfcfcf;\n\t\t\t\t}\n\t\t\t\t#gallery-8 .gallery-caption {\n\t\t\t\t\tmargin-left: 0;\n\t\t\t\t}\n\t\t\t\t\/* see gallery_shortcode() in wp-includes\/media.php *\/\n\t\t\t<\/style>\n\t\t<div id='gallery-8' class='dt-gallery-container gallery galleryid-318754 gallery-columns-2 gallery-size-medium'><dl class='gallery-item'>\n\t\t\t\t<dt class='gallery-icon landscape'>\n\t\t\t\t\t<a class=\"rollover rollover-zoom dt-pswp-item\" title=\"9c0a5b9f-b9d3-4260-8664-e7476412bbc2\" data-dt-img-description=\"\" data-large_image_width=\"1600\" data-large_image_height=\"1067\"href='https:\/\/www.radiopiu.net\/wordpress\/wp-content\/uploads\/2023\/01\/9c0a5b9f-b9d3-4260-8664-e7476412bbc2.jpg'><img loading=\"lazy\" decoding=\"async\" width=\"300\" height=\"200\" src=\"https:\/\/www.radiopiu.net\/wordpress\/wp-content\/uploads\/2023\/01\/9c0a5b9f-b9d3-4260-8664-e7476412bbc2-300x200.jpg\" class=\"attachment-medium size-medium\" alt=\"\" srcset=\"https:\/\/www.radiopiu.net\/wordpress\/wp-content\/uploads\/2023\/01\/9c0a5b9f-b9d3-4260-8664-e7476412bbc2-300x200.jpg 300w, https:\/\/www.radiopiu.net\/wordpress\/wp-content\/uploads\/2023\/01\/9c0a5b9f-b9d3-4260-8664-e7476412bbc2-1024x683.jpg 1024w, https:\/\/www.radiopiu.net\/wordpress\/wp-content\/uploads\/2023\/01\/9c0a5b9f-b9d3-4260-8664-e7476412bbc2-768x512.jpg 768w, https:\/\/www.radiopiu.net\/wordpress\/wp-content\/uploads\/2023\/01\/9c0a5b9f-b9d3-4260-8664-e7476412bbc2-1536x1024.jpg 1536w, https:\/\/www.radiopiu.net\/wordpress\/wp-content\/uploads\/2023\/01\/9c0a5b9f-b9d3-4260-8664-e7476412bbc2.jpg 1600w\" sizes=\"auto, (max-width: 300px) 100vw, 300px\" \/><\/a>\n\t\t\t\t<\/dt><\/dl>\n\t\t\t\t<br style='clear: both' \/>\n\t\t\t<\/div>\n\n<p>&nbsp;<\/p>\n<\/div>\n","protected":false},"excerpt":{"rendered":"<p>RADIO PIU INFORMAZIONE il canale su TELEGRAM informazione di prima\u00a0 mano e in tempo reale. iscriviti ed aiutaci a farlo conoscere\u00a0 ISCRIVITI AL NOSTRO CANALE YOUTUBE PER SEGUIRE IN DIRETTA I PRINCIPALI PROGRAMMI DI RADIO PIU&#8217; E LE FUTURE DIRETTE IN ESTERNA. PER ISCRIVERTI CLICCA QUI E PREMI IL TASTO &#8220;Iscriviti&#8221;\u00a0 RIAPERTO PASSO FEDAIA &nbsp;&hellip;<\/p>\n","protected":false},"author":4,"featured_media":318920,"comment_status":"closed","ping_status":"closed","sticky":false,"template":"","format":"standard","meta":{"_monsterinsights_skip_tracking":false,"_monsterinsights_sitenote_active":false,"_monsterinsights_sitenote_note":"","_monsterinsights_sitenote_category":0,"footnotes":""},"categories":[51,86,49],"tags":[],"class_list":["post-318754","post","type-post","status-publish","format-standard","has-post-thumbnail","hentry","category-evidenza-top","category-gr","category-news-18","category-51","category-86","category-49","description-off"],"img_url":"https:\/\/www.radiopiu.net\/wordpress\/wp-content\/uploads\/2023\/01\/Senza-nome-66.jpg","_links":{"self":[{"href":"https:\/\/www.radiopiu.net\/wordpress\/wp-json\/wp\/v2\/posts\/318754","targetHints":{"allow":["GET"]}}],"collection":[{"href":"https:\/\/www.radiopiu.net\/wordpress\/wp-json\/wp\/v2\/posts"}],"about":[{"href":"https:\/\/www.radiopiu.net\/wordpress\/wp-json\/wp\/v2\/types\/post"}],"author":[{"embeddable":true,"href":"https:\/\/www.radiopiu.net\/wordpress\/wp-json\/wp\/v2\/users\/4"}],"replies":[{"embeddable":true,"href":"https:\/\/www.radiopiu.net\/wordpress\/wp-json\/wp\/v2\/comments?post=318754"}],"version-history":[{"count":0,"href":"https:\/\/www.radiopiu.net\/wordpress\/wp-json\/wp\/v2\/posts\/318754\/revisions"}],"wp:featuredmedia":[{"embeddable":true,"href":"https:\/\/www.radiopiu.net\/wordpress\/wp-json\/wp\/v2\/media\/318920"}],"wp:attachment":[{"href":"https:\/\/www.radiopiu.net\/wordpress\/wp-json\/wp\/v2\/media?parent=318754"}],"wp:term":[{"taxonomy":"category","embeddable":true,"href":"https:\/\/www.radiopiu.net\/wordpress\/wp-json\/wp\/v2\/categories?post=318754"},{"taxonomy":"post_tag","embeddable":true,"href":"https:\/\/www.radiopiu.net\/wordpress\/wp-json\/wp\/v2\/tags?post=318754"}],"curies":[{"name":"wp","href":"https:\/\/api.w.org\/{rel}","templated":true}]}}